{"id":261801,"date":"2025-10-27T15:39:42","date_gmt":"2025-10-27T18:39:42","guid":{"rendered":"https:\/\/franciscanos.org.br\/noticias\/?p=261801"},"modified":"2025-10-27T15:39:42","modified_gmt":"2025-10-27T18:39:42","slug":"encerramento-da-festa-de-frei-galvao-reune-multidao-em-clima-de-fe-e-devocao","status":"publish","type":"post","link":"https:\/\/franciscanos.org.br\/noticias\/encerramento-da-festa-de-frei-galvao-reune-multidao-em-clima-de-fe-e-devocao.html","title":{"rendered":"Encerramento da Festa de Frei Galv\u00e3o re\u00fane multid\u00e3o em clima de f\u00e9 e devo\u00e7\u00e3o"},"content":{"rendered":"<p><img loading=\"lazy\" class=\"aligncenter wp-image-261805 size-full\" src=\"https:\/\/franciscanos.org.br\/noticias\/wp-content\/uploads\/2025\/10\/materia1-15.jpg\" alt=\"\" width=\"1280\" height=\"720\" srcset=\"https:\/\/franciscanos.org.br\/noticias\/wp-content\/uploads\/2025\/10\/materia1-15.jpg 1280w, https:\/\/franciscanos.org.br\/noticias\/wp-content\/uploads\/2025\/10\/materia1-15-450x253.jpg 450w, https:\/\/franciscanos.org.br\/noticias\/wp-content\/uploads\/2025\/10\/materia1-15-1024x576.jpg 1024w, https:\/\/franciscanos.org.br\/noticias\/wp-content\/uploads\/2025\/10\/materia1-15-768x432.jpg 768w, https:\/\/franciscanos.org.br\/noticias\/wp-content\/uploads\/2025\/10\/materia1-15-150x84.jpg 150w\" sizes=\"(max-width: 1280px) 100vw, 1280px\" \/><\/p>\n<p>O Santu\u00e1rio Frei Galv\u00e3o, em Guaratinguet\u00e1 (SP), foi tomado por manifesta\u00e7\u00f5es de f\u00e9 e grande presen\u00e7a dos devotos no \u00faltimo dia 25 de outubro, data dedicada a Santo Ant\u00f4nio de Sant\u2019Anna Galv\u00e3o. Ao longo da novena e das demais atividades dos festejos, cerca de um milh\u00e3o de fi\u00e9is passaram pelo espa\u00e7o sagrado dedicado ao primeiro Santo brasileiro. Inspirados pelo tema \u201cCom Frei Galv\u00e3o cultivemos a paz com toda a cria\u00e7\u00e3o\u201d e pelo lema \u201cFelizes os que promovem a paz, porque ser\u00e3o chamados filhos do Alt\u00edssimo\u201d (Mt 5,9), os filhos e filhas de Deus refletiram sobre a vida e os exemplos deixados pelo Santo, com a orienta\u00e7\u00e3o dos presb\u00edteros convidados para os dias de celebra\u00e7\u00e3o.<\/p>\n<p>As celebra\u00e7\u00f5es come\u00e7aram logo cedo: \u00e0s 7h, a Santa Missa foi presidida por Frei Paulo Roberto Pereira, Ministro provincial; \u00e0s 9h, Frei Valdir Laurentino conduziu a celebra\u00e7\u00e3o; \u00e0s 11h, Frei Roberto Ishara esteve com os devotos, levando a Palavra de Deus; e, \u00e0s 13h, Frei Leandro Costa refletiu sobre a vida de Frei Galv\u00e3o e os exemplos do santo franciscano.<\/p>\n<h3><strong>Celebra\u00e7\u00e3o marcada por emo\u00e7\u00e3o e f\u00e9<\/strong><\/h3>\n<p>No \u00faltimo s\u00e1bado, dia da mem\u00f3ria lit\u00fargica de S\u00e3o Frei Galv\u00e3o, centenas de fi\u00e9is participaram da Missa das 15h, presidida por Dom Luiz Fl\u00e1vio Cappio, OFM, bispo em\u00e9rito da Diocese de Barra (BA) e natural da cidade.<\/p>\n<p>Em sua homilia, Dom Cappio destacou o exemplo de santidade e dedica\u00e7\u00e3o de Frei Galv\u00e3o, \u201chomem de Deus, amigo de Jesus, que dedicou toda a sua vida num servi\u00e7o humilde e generoso\u201d. Recordando o lema evang\u00e9lico \u201cEu vim para que todos tenham vida e a tenham em abund\u00e2ncia\u201d, convidou os fi\u00e9is a refletirem sobre o valor da vida e a import\u00e2ncia de viv\u00ea-la com amor, respeito e dignidade.<\/p>\n<p>\u201cVoc\u00ea ama a sua vida? Voc\u00ea a vive com amor e respeito?\u201d, questionou o bispo, ressaltando que a vida \u00e9 o maior dom de Deus, manifestada em todas as formas da cria\u00e7\u00e3o, do ser humano \u00e0 natureza. Inspirado na espiritualidade de S\u00e3o Francisco de Assis e na Enc\u00edclica Laudato si\u2019, do Papa Francisco, Dom Cappio lembrou que a vida na Terra deve ser cuidada como a Casa Comum. Ele destacou ainda o papel de Frei Galv\u00e3o como exemplo de f\u00e9 e defensor da vida em todas as suas dimens\u00f5es.<\/p>\n<p>\u201cS\u00e3o Frei Galv\u00e3o nos ensina a sermos amigos e defensores da vida e, assim, construtores de um mundo melhor, um mundo de paz para todos\u201d, afirmou.<\/p>\n<p>Ap\u00f3s a Missa, os fi\u00e9is foram convidados a participar da prociss\u00e3o pelas ruas do bairro, reunindo pastorais, movimentos e centenas de devotos.<\/p>\n<h3><strong>Encerramento das festividades repleto de f\u00e9 e emo\u00e7\u00e3o<\/strong><\/h3>\n<p><img loading=\"lazy\" class=\"size-medium wp-image-261803 alignright\" src=\"https:\/\/franciscanos.org.br\/noticias\/wp-content\/uploads\/2025\/10\/ncerramento-450x300.jpg\" alt=\"\" width=\"450\" height=\"300\" srcset=\"https:\/\/franciscanos.org.br\/noticias\/wp-content\/uploads\/2025\/10\/ncerramento-450x300.jpg 450w, https:\/\/franciscanos.org.br\/noticias\/wp-content\/uploads\/2025\/10\/ncerramento-1024x683.jpg 1024w, https:\/\/franciscanos.org.br\/noticias\/wp-content\/uploads\/2025\/10\/ncerramento-768x512.jpg 768w, https:\/\/franciscanos.org.br\/noticias\/wp-content\/uploads\/2025\/10\/ncerramento-1536x1024.jpg 1536w, https:\/\/franciscanos.org.br\/noticias\/wp-content\/uploads\/2025\/10\/ncerramento-2048x1365.jpg 2048w, https:\/\/franciscanos.org.br\/noticias\/wp-content\/uploads\/2025\/10\/ncerramento-150x100.jpg 150w, https:\/\/franciscanos.org.br\/noticias\/wp-content\/uploads\/2025\/10\/ncerramento-scaled.jpg 1620w\" sizes=\"(max-width: 450px) 100vw, 450px\" \/>A celebra\u00e7\u00e3o que encerrou as festividades em honra ao primeiro santo brasileiro reuniu centenas de devotos no Santu\u00e1rio Frei Galv\u00e3o. Unidos em preces e repletos da alegria do reencontro com Deus, os fi\u00e9is elevaram ora\u00e7\u00f5es e c\u00e2nticos em louvor e gratid\u00e3o a Frei Galv\u00e3o.<\/p>\n<p>A Santa Missa de encerramento foi presidida pelo Reitor do Santu\u00e1rio, Frei Diego Atalino de Melo, e concelebrada pelos frades franciscanos. O momento foi marcado por profunda emo\u00e7\u00e3o, f\u00e9 e religiosidade, encerrando com grande devo\u00e7\u00e3o os onze dias de festividades.<\/p>\n<p>Durante a homilia, o sacerdote refor\u00e7ou o tema da novena: \u201cCom Frei Galv\u00e3o cultivemos a paz com toda a cria\u00e7\u00e3o\u201d, destacando a import\u00e2ncia da humildade e da sabedoria presentes no sagrado.<\/p>\n<p>\u201cN\u00e3o existe paz quando a Casa Comum \u00e9 ferida. Para estar em paz, \u00e9 necess\u00e1rio reconhecer que tudo est\u00e1 interligado: o ser humano, a natureza e o Criador\u201d, afirmou o reitor.<\/p>\n<h3><strong>Exemplo de humildade e servi\u00e7o<\/strong><\/h3>\n<p>Segundo Frei Diego, Frei Galv\u00e3o foi exemplo de humildade no cuidado com os doentes, especialmente com as gestantes. Em sua vida, transparecia a sabedoria do simples e um cora\u00e7\u00e3o atento \u00e0 vontade do Senhor. Tornou-se promotor da paz e da caridade com os mais necessitados, dever que todo crist\u00e3o \u00e9 chamado a seguir.<\/p>\n<p>\u201cQuem \u00e9 humilde pede perd\u00e3o e tamb\u00e9m perdoa; n\u00e3o se vangloria dos feitos, mas permanece atento ao prop\u00f3sito do Pai\u201d, recordou.<\/p>\n<p><strong>A sabedoria que nasce da f\u00e9<\/strong><\/p>\n<p>O reitor explicou que o livro do Eclesi\u00e1stico nos ensina a \u201cdar ouvidos e acolher as palavras de sabedoria, n\u00e3o se perturbando na infelicidade, mas confiando em Deus\u201d. Para Frei Diego, essa mensagem traduz a empatia e o amor vividos por Frei Ant\u00f4nio de Sant\u2019Anna Galv\u00e3o, sin\u00f4nimo de paz e presen\u00e7a viva do amor divino.<\/p>\n<p>\u201cCanonizado fora do Vaticano, Frei Galv\u00e3o segue irradiando f\u00e9 na vida de seus devotos, que encontram paz por meio de suas b\u00ean\u00e7\u00e3os e das p\u00edlulas, canais de consolo e miseric\u00f3rdia de Deus\u201d, exaltou.<\/p>\n<p>Santu\u00e1rio: um espa\u00e7o de miss\u00e3o e cuidado<\/p>\n<p>Durante a celebra\u00e7\u00e3o, Frei Diego ressaltou que o Santu\u00e1rio possui uma vida mission\u00e1ria compar\u00e1vel \u00e0 de um hospital, onde a dor encontra cuidado, a f\u00e9 encontra rito e o peregrino descobre sua miss\u00e3o. Assim, o crist\u00e3o \u00e9 chamado a ser pacificador, aquele que se inclina, n\u00e3o acrescenta peso \u00e0 cruz do outro, mas ajuda a carregar o fardo.<\/p>\n<h3><strong>Gratid\u00e3o e comunh\u00e3o<\/strong><\/h3>\n<p>Encerrando a celebra\u00e7\u00e3o, o frade agradeceu aos mais de 400 volunt\u00e1rios que se doaram e assumiram a miss\u00e3o de acolher e levar o Evangelho adiante. Destacou tamb\u00e9m a diversidade de carismas manifestada pelos frades, padres e pregadores durante toda a novena, formando uma Igreja em comunh\u00e3o e sa\u00edda.<\/p>\n<p>O gesto concreto, segundo ele, refor\u00e7a um carisma solid\u00e1rio, am\u00e1vel e atento ao cuidado, deixando um ensinamento essencial para a vida crist\u00e3: \u201cA paz come\u00e7a nas pequenas atitudes: ouvir mais, julgar menos\u201d.<\/p>\n<h3><strong>Mensagem final<\/strong><\/h3>\n<p>\u201cQue cada fiel que passou pelo Santu\u00e1rio, ou acompanhou as celebra\u00e7\u00f5es pelos meios de comunica\u00e7\u00e3o, leve consigo o perfume da paz e a humildade vivida por Frei Galv\u00e3o. Que esta festa os inspire a serem pessoas melhores, pac\u00edficas e promotoras do bem\u201d, concluiu o reitor do Santu\u00e1rio Frei Galv\u00e3o.<\/p>\n<hr \/>\n<p><em>Texto: Alan Toledo\/ Fotos: Jo\u00e3o Paulo (Pascom)<\/em><\/p>\n","protected":false},"excerpt":{"rendered":"<p>Festa de Frei Galv\u00e3o 2025<\/p>\n","protected":false},"author":11,"featured_media":261802,"comment_status":"open","ping_status":"open","sticky":false,"template":"","format":"standard","meta":[],"categories":[1],"tags":[2396,1821],"acf":[],"yoast_head":"<!-- This site is optimized with the Yoast SEO plugin v19.2 - https:\/\/yoast.com\/wordpress\/plugins\/seo\/ -->\n<title>Encerramento da Festa de Frei Galv\u00e3o re\u00fane multid\u00e3o em clima de f\u00e9 e devo\u00e7\u00e3o - Not\u00edcias - Franciscanos<\/title>\n<meta name=\"robots\" content=\"index, follow, max-snippet:-1, max-image-preview:large, max-video-preview:-1\" \/>\n<link rel=\"canonical\" href=\"https:\/\/franciscanos.org.br\/noticias\/encerramento-da-festa-de-frei-galvao-reune-multidao-em-clima-de-fe-e-devocao.html\" \/>\n<meta property=\"og:locale\" content=\"pt_BR\" \/>\n<meta property=\"og:type\" content=\"article\" \/>\n<meta property=\"og:title\" content=\"Encerramento da Festa de Frei Galv\u00e3o re\u00fane multid\u00e3o em clima de f\u00e9 e devo\u00e7\u00e3o - Not\u00edcias - Franciscanos\" \/>\n<meta property=\"og:description\" content=\"Festa de Frei Galv\u00e3o 2025\" \/>\n<meta property=\"og:url\" content=\"https:\/\/franciscanos.org.br\/noticias\/encerramento-da-festa-de-frei-galvao-reune-multidao-em-clima-de-fe-e-devocao.html\" \/>\n<meta property=\"og:site_name\" content=\"Not\u00edcias - Franciscanos\" \/>\n<meta property=\"article:published_time\" content=\"2025-10-27T18:39:42+00:00\" \/>\n<meta property=\"og:image\" content=\"https:\/\/franciscanos.org.br\/noticias\/wp-content\/uploads\/2025\/10\/chamada-51.jpg\" \/>\n\t<meta property=\"og:image:width\" content=\"800\" \/>\n\t<meta property=\"og:image:height\" content=\"550\" \/>\n\t<meta property=\"og:image:type\" content=\"image\/jpeg\" \/>\n<meta name=\"author\" content=\"Adriana Rabelo\" \/>\n<meta name=\"twitter:card\" content=\"summary_large_image\" \/>\n<meta name=\"twitter:label1\" content=\"Escrito por\" \/>\n\t<meta name=\"twitter:data1\" content=\"Adriana Rabelo\" \/>\n\t<meta name=\"twitter:label2\" content=\"Est. tempo de leitura\" \/>\n\t<meta name=\"twitter:data2\" content=\"5 minutos\" \/>\n<script type=\"application\/ld+json\" class=\"yoast-schema-graph\">{\"@context\":\"https:\/\/schema.org\",\"@graph\":[{\"@type\":\"WebSite\",\"@id\":\"https:\/\/franciscanos.org.br\/noticias\/#website\",\"url\":\"https:\/\/franciscanos.org.br\/noticias\/\",\"name\":\"Not\u00edcias - Franciscanos\",\"description\":\"Prov\u00edncia Franciscana da Imaculada Concei\u00e7\u00e3o do Brasil - Ordem dos Frades Menores - OFM\",\"potentialAction\":[{\"@type\":\"SearchAction\",\"target\":{\"@type\":\"EntryPoint\",\"urlTemplate\":\"https:\/\/franciscanos.org.br\/noticias\/?s={search_term_string}\"},\"query-input\":\"required name=search_term_string\"}],\"inLanguage\":\"pt-BR\"},{\"@type\":\"ImageObject\",\"inLanguage\":\"pt-BR\",\"@id\":\"https:\/\/franciscanos.org.br\/noticias\/encerramento-da-festa-de-frei-galvao-reune-multidao-em-clima-de-fe-e-devocao.html#primaryimage\",\"url\":\"https:\/\/franciscanos.org.br\/noticias\/wp-content\/uploads\/2025\/10\/chamada-51.jpg\",\"contentUrl\":\"https:\/\/franciscanos.org.br\/noticias\/wp-content\/uploads\/2025\/10\/chamada-51.jpg\",\"width\":800,\"height\":550},{\"@type\":\"WebPage\",\"@id\":\"https:\/\/franciscanos.org.br\/noticias\/encerramento-da-festa-de-frei-galvao-reune-multidao-em-clima-de-fe-e-devocao.html#webpage\",\"url\":\"https:\/\/franciscanos.org.br\/noticias\/encerramento-da-festa-de-frei-galvao-reune-multidao-em-clima-de-fe-e-devocao.html\",\"name\":\"Encerramento da Festa de Frei Galv\u00e3o re\u00fane multid\u00e3o em clima de f\u00e9 e devo\u00e7\u00e3o - Not\u00edcias - Franciscanos\",\"isPartOf\":{\"@id\":\"https:\/\/franciscanos.org.br\/noticias\/#website\"},\"primaryImageOfPage\":{\"@id\":\"https:\/\/franciscanos.org.br\/noticias\/encerramento-da-festa-de-frei-galvao-reune-multidao-em-clima-de-fe-e-devocao.html#primaryimage\"},\"datePublished\":\"2025-10-27T18:39:42+00:00\",\"dateModified\":\"2025-10-27T18:39:42+00:00\",\"author\":{\"@id\":\"https:\/\/franciscanos.org.br\/noticias\/#\/schema\/person\/d9422e83121c3ad3b0f423d195f5bb25\"},\"breadcrumb\":{\"@id\":\"https:\/\/franciscanos.org.br\/noticias\/encerramento-da-festa-de-frei-galvao-reune-multidao-em-clima-de-fe-e-devocao.html#breadcrumb\"},\"inLanguage\":\"pt-BR\",\"potentialAction\":[{\"@type\":\"ReadAction\",\"target\":[\"https:\/\/franciscanos.org.br\/noticias\/encerramento-da-festa-de-frei-galvao-reune-multidao-em-clima-de-fe-e-devocao.html\"]}]},{\"@type\":\"BreadcrumbList\",\"@id\":\"https:\/\/franciscanos.org.br\/noticias\/encerramento-da-festa-de-frei-galvao-reune-multidao-em-clima-de-fe-e-devocao.html#breadcrumb\",\"itemListElement\":[{\"@type\":\"ListItem\",\"position\":1,\"name\":\"Home\",\"item\":\"https:\/\/franciscanos.org.br\/noticias\"},{\"@type\":\"ListItem\",\"position\":2,\"name\":\"Encerramento da Festa de Frei Galv\u00e3o re\u00fane multid\u00e3o em clima de f\u00e9 e devo\u00e7\u00e3o\"}]},{\"@type\":\"Person\",\"@id\":\"https:\/\/franciscanos.org.br\/noticias\/#\/schema\/person\/d9422e83121c3ad3b0f423d195f5bb25\",\"name\":\"Adriana Rabelo\",\"image\":{\"@type\":\"ImageObject\",\"inLanguage\":\"pt-BR\",\"@id\":\"https:\/\/franciscanos.org.br\/noticias\/#\/schema\/person\/image\/\",\"url\":\"https:\/\/secure.gravatar.com\/avatar\/0a937b7500cd7df77540cfb8bede877d?s=96&d=mm&r=g\",\"contentUrl\":\"https:\/\/secure.gravatar.com\/avatar\/0a937b7500cd7df77540cfb8bede877d?s=96&d=mm&r=g\",\"caption\":\"Adriana Rabelo\"},\"url\":\"https:\/\/franciscanos.org.br\/noticias\/author\/adrianarabelo\"}]}<\/script>\n<!-- \/ Yoast SEO plugin. -->","yoast_head_json":{"title":"Encerramento da Festa de Frei Galv\u00e3o re\u00fane multid\u00e3o em clima de f\u00e9 e devo\u00e7\u00e3o - Not\u00edcias - Franciscanos","robots":{"index":"index","follow":"follow","max-snippet":"max-snippet:-1","max-image-preview":"max-image-preview:large","max-video-preview":"max-video-preview:-1"},"canonical":"https:\/\/franciscanos.org.br\/noticias\/encerramento-da-festa-de-frei-galvao-reune-multidao-em-clima-de-fe-e-devocao.html","og_locale":"pt_BR","og_type":"article","og_title":"Encerramento da Festa de Frei Galv\u00e3o re\u00fane multid\u00e3o em clima de f\u00e9 e devo\u00e7\u00e3o - Not\u00edcias - Franciscanos","og_description":"Festa de Frei Galv\u00e3o 2025","og_url":"https:\/\/franciscanos.org.br\/noticias\/encerramento-da-festa-de-frei-galvao-reune-multidao-em-clima-de-fe-e-devocao.html","og_site_name":"Not\u00edcias - Franciscanos","article_published_time":"2025-10-27T18:39:42+00:00","og_image":[{"width":800,"height":550,"url":"https:\/\/franciscanos.org.br\/noticias\/wp-content\/uploads\/2025\/10\/chamada-51.jpg","type":"image\/jpeg"}],"author":"Adriana Rabelo","twitter_card":"summary_large_image","twitter_misc":{"Escrito por":"Adriana Rabelo","Est. tempo de leitura":"5 minutos"},"schema":{"@context":"https:\/\/schema.org","@graph":[{"@type":"WebSite","@id":"https:\/\/franciscanos.org.br\/noticias\/#website","url":"https:\/\/franciscanos.org.br\/noticias\/","name":"Not\u00edcias - Franciscanos","description":"Prov\u00edncia Franciscana da Imaculada Concei\u00e7\u00e3o do Brasil - Ordem dos Frades Menores - OFM","potentialAction":[{"@type":"SearchAction","target":{"@type":"EntryPoint","urlTemplate":"https:\/\/franciscanos.org.br\/noticias\/?s={search_term_string}"},"query-input":"required name=search_term_string"}],"inLanguage":"pt-BR"},{"@type":"ImageObject","inLanguage":"pt-BR","@id":"https:\/\/franciscanos.org.br\/noticias\/encerramento-da-festa-de-frei-galvao-reune-multidao-em-clima-de-fe-e-devocao.html#primaryimage","url":"https:\/\/franciscanos.org.br\/noticias\/wp-content\/uploads\/2025\/10\/chamada-51.jpg","contentUrl":"https:\/\/franciscanos.org.br\/noticias\/wp-content\/uploads\/2025\/10\/chamada-51.jpg","width":800,"height":550},{"@type":"WebPage","@id":"https:\/\/franciscanos.org.br\/noticias\/encerramento-da-festa-de-frei-galvao-reune-multidao-em-clima-de-fe-e-devocao.html#webpage","url":"https:\/\/franciscanos.org.br\/noticias\/encerramento-da-festa-de-frei-galvao-reune-multidao-em-clima-de-fe-e-devocao.html","name":"Encerramento da Festa de Frei Galv\u00e3o re\u00fane multid\u00e3o em clima de f\u00e9 e devo\u00e7\u00e3o - Not\u00edcias - Franciscanos","isPartOf":{"@id":"https:\/\/franciscanos.org.br\/noticias\/#website"},"primaryImageOfPage":{"@id":"https:\/\/franciscanos.org.br\/noticias\/encerramento-da-festa-de-frei-galvao-reune-multidao-em-clima-de-fe-e-devocao.html#primaryimage"},"datePublished":"2025-10-27T18:39:42+00:00","dateModified":"2025-10-27T18:39:42+00:00","author":{"@id":"https:\/\/franciscanos.org.br\/noticias\/#\/schema\/person\/d9422e83121c3ad3b0f423d195f5bb25"},"breadcrumb":{"@id":"https:\/\/franciscanos.org.br\/noticias\/encerramento-da-festa-de-frei-galvao-reune-multidao-em-clima-de-fe-e-devocao.html#breadcrumb"},"inLanguage":"pt-BR","potentialAction":[{"@type":"ReadAction","target":["https:\/\/franciscanos.org.br\/noticias\/encerramento-da-festa-de-frei-galvao-reune-multidao-em-clima-de-fe-e-devocao.html"]}]},{"@type":"BreadcrumbList","@id":"https:\/\/franciscanos.org.br\/noticias\/encerramento-da-festa-de-frei-galvao-reune-multidao-em-clima-de-fe-e-devocao.html#breadcrumb","itemListElement":[{"@type":"ListItem","position":1,"name":"Home","item":"https:\/\/franciscanos.org.br\/noticias"},{"@type":"ListItem","position":2,"name":"Encerramento da Festa de Frei Galv\u00e3o re\u00fane multid\u00e3o em clima de f\u00e9 e devo\u00e7\u00e3o"}]},{"@type":"Person","@id":"https:\/\/franciscanos.org.br\/noticias\/#\/schema\/person\/d9422e83121c3ad3b0f423d195f5bb25","name":"Adriana Rabelo","image":{"@type":"ImageObject","inLanguage":"pt-BR","@id":"https:\/\/franciscanos.org.br\/noticias\/#\/schema\/person\/image\/","url":"https:\/\/secure.gravatar.com\/avatar\/0a937b7500cd7df77540cfb8bede877d?s=96&d=mm&r=g","contentUrl":"https:\/\/secure.gravatar.com\/avatar\/0a937b7500cd7df77540cfb8bede877d?s=96&d=mm&r=g","caption":"Adriana Rabelo"},"url":"https:\/\/franciscanos.org.br\/noticias\/author\/adrianarabelo"}]}},"_links":{"self":[{"href":"https:\/\/franciscanos.org.br\/noticias\/wp-json\/wp\/v2\/posts\/261801"}],"collection":[{"href":"https:\/\/franciscanos.org.br\/noticias\/wp-json\/wp\/v2\/posts"}],"about":[{"href":"https:\/\/franciscanos.org.br\/noticias\/wp-json\/wp\/v2\/types\/post"}],"author":[{"embeddable":true,"href":"https:\/\/franciscanos.org.br\/noticias\/wp-json\/wp\/v2\/users\/11"}],"replies":[{"embeddable":true,"href":"https:\/\/franciscanos.org.br\/noticias\/wp-json\/wp\/v2\/comments?post=261801"}],"version-history":[{"count":1,"href":"https:\/\/franciscanos.org.br\/noticias\/wp-json\/wp\/v2\/posts\/261801\/revisions"}],"predecessor-version":[{"id":261806,"href":"https:\/\/franciscanos.org.br\/noticias\/wp-json\/wp\/v2\/posts\/261801\/revisions\/261806"}],"wp:featuredmedia":[{"embeddable":true,"href":"https:\/\/franciscanos.org.br\/noticias\/wp-json\/wp\/v2\/media\/261802"}],"wp:attachment":[{"href":"https:\/\/franciscanos.org.br\/noticias\/wp-json\/wp\/v2\/media?parent=261801"}],"wp:term":[{"taxonomy":"category","embeddable":true,"href":"https:\/\/franciscanos.org.br\/noticias\/wp-json\/wp\/v2\/categories?post=261801"},{"taxonomy":"post_tag","embeddable":true,"href":"https:\/\/franciscanos.org.br\/noticias\/wp-json\/wp\/v2\/tags?post=261801"}],"curies":[{"name":"wp","href":"https:\/\/api.w.org\/{rel}","templated":true}]}}