{"id":261795,"date":"2025-10-27T08:00:15","date_gmt":"2025-10-27T11:00:15","guid":{"rendered":"https:\/\/franciscanos.org.br\/noticias\/?p=261795"},"modified":"2025-10-27T14:11:02","modified_gmt":"2025-10-27T17:11:02","slug":"frei-galvao-nos-mostra-o-caminho-da-santidade","status":"publish","type":"post","link":"https:\/\/franciscanos.org.br\/noticias\/frei-galvao-nos-mostra-o-caminho-da-santidade.html","title":{"rendered":"Frei Galv\u00e3o nos mostra o caminho da santidade"},"content":{"rendered":"<p><img loading=\"lazy\" class=\"aligncenter wp-image-261797 size-full\" src=\"https:\/\/franciscanos.org.br\/noticias\/wp-content\/uploads\/2025\/10\/materia-1-23.jpg\" alt=\"\" width=\"1280\" height=\"720\" srcset=\"https:\/\/franciscanos.org.br\/noticias\/wp-content\/uploads\/2025\/10\/materia-1-23.jpg 1280w, https:\/\/franciscanos.org.br\/noticias\/wp-content\/uploads\/2025\/10\/materia-1-23-450x253.jpg 450w, https:\/\/franciscanos.org.br\/noticias\/wp-content\/uploads\/2025\/10\/materia-1-23-1024x576.jpg 1024w, https:\/\/franciscanos.org.br\/noticias\/wp-content\/uploads\/2025\/10\/materia-1-23-768x432.jpg 768w, https:\/\/franciscanos.org.br\/noticias\/wp-content\/uploads\/2025\/10\/materia-1-23-150x84.jpg 150w\" sizes=\"(max-width: 1280px) 100vw, 1280px\" \/><\/p>\n<p>No <strong>\u00faltimo dia da novena<\/strong> em honra a S\u00e3o Frei Galv\u00e3o, <strong>na Missa das 15h<\/strong>, o <strong>Padre Fernando Sampaio<\/strong>, do Santu\u00e1rio de S\u00e3o Miguel, em Piquete (SP), refletiu sobre o caminho que devemos seguir para buscar a santidade, espelhados no modelo de S\u00e3o Frei Galv\u00e3o e no seguimento do Senhor, inspirado pelo tema do dia: <strong>\u201cFrei Galv\u00e3o, sinal da presen\u00e7a de Deus\u201d<\/strong>.<\/p>\n<p>\u201cS\u00e3o Frei Galv\u00e3o \u00e9 entendido como um farol que ilumina o caminho para Cristo e que ensina a fazer a vontade de Deus, porque n\u00e3o somos capazes de fazer a vontade de Deus. O homem deve fazer muita ora\u00e7\u00e3o para vencer as vontades do homem carnal, alimentando a sua f\u00e9\u201d, disse o presidente da celebra\u00e7\u00e3o.<\/p>\n<p>Mais uma vez, o Santu\u00e1rio de Frei Galv\u00e3o, em Guaratinguet\u00e1 (SP), estava repleto de devotos que acompanharam atentamente a reflex\u00e3o do sacerdote, que trouxe para a atualidade os exemplos do Santo, modelo de obedi\u00eancia, caridade e doa\u00e7\u00e3o.<\/p>\n<p>Segundo o presb\u00edtero, Frei Galv\u00e3o, por seguir o exemplo de Cristo de modo mais profundo, alcan\u00e7ou a santidade e colhe os frutos do c\u00e9u. \u201cAdmiramo-lo por seguir t\u00e3o profundamente o caminho de Deus\u201d, afirmou. Ele ainda explicou que o primeiro santo brasileiro seguiu com alegria a vontade de Deus, sendo chamado \u00e0 santidade por seu testemunho e exemplo, aprendendo a peregrinar na terra como modelo de vida crist\u00e3. \u201cTodo dia \u00e9 dia de gra\u00e7a por meio dos sacramentos da Igreja, de modo que precisamos estar sempre reconciliados com Deus e seguir o farol que S\u00e3o Frei Galv\u00e3o deixou e, desta forma, nos convertendo, ao exemplo que Jesus deixou por meio de seu santo filho de Guaratinguet\u00e1\u201d, concluiu o Padre Fernando.<\/p>\n<p><img loading=\"lazy\" class=\"aligncenter wp-image-261798 size-full\" src=\"https:\/\/franciscanos.org.br\/noticias\/wp-content\/uploads\/2025\/10\/materia2-21.jpg\" alt=\"\" width=\"1280\" height=\"720\" srcset=\"https:\/\/franciscanos.org.br\/noticias\/wp-content\/uploads\/2025\/10\/materia2-21.jpg 1280w, https:\/\/franciscanos.org.br\/noticias\/wp-content\/uploads\/2025\/10\/materia2-21-450x253.jpg 450w, https:\/\/franciscanos.org.br\/noticias\/wp-content\/uploads\/2025\/10\/materia2-21-1024x576.jpg 1024w, https:\/\/franciscanos.org.br\/noticias\/wp-content\/uploads\/2025\/10\/materia2-21-768x432.jpg 768w, https:\/\/franciscanos.org.br\/noticias\/wp-content\/uploads\/2025\/10\/materia2-21-150x84.jpg 150w\" sizes=\"(max-width: 1280px) 100vw, 1280px\" \/><\/p>\n<p>Na <strong>Santa Missa das 19h<\/strong>, Frei Galv\u00e3o, <strong>Frei Augusto Luiz Gabriel<\/strong> lembrou dos sinais de Deus em nossas vidas. \u201cAssim como S\u00e3o Frei Galv\u00e3o nos mostra, precisamos ficar atentos \u00e0 presen\u00e7a de Deus em nosso dia a dia.\u201d<\/p>\n<p>De acordo com ele, n\u00e3o \u00e9 dif\u00edcil percebermos, atrav\u00e9s da observa\u00e7\u00e3o, como ser\u00e1 o tempo e o clima. \u201cNossas sensa\u00e7\u00f5es, como tato, vis\u00e3o, olfato etc., tamb\u00e9m nos auxiliam na interpreta\u00e7\u00e3o das coisas ao nosso redor. Neste Evangelho de Lucas (Lc 12,54-59), Jesus nos dizia: \u2018Quando vedes uma nuvem vinda do ocidente, logo dizeis que vem chuva. E assim acontece\u2019. Isso significa reconhecer o tempo das coisas, o que \u00e9 ter sabedoria crist\u00e3. Tamb\u00e9m significa reconhecer as mudan\u00e7as e os sinais que o tempo nos d\u00e1\u201d, esclareceu.<\/p>\n<p>Frei Augusto ainda salientou que, ao reconhecermos as coisas, faz-se necess\u00e1rio praticarmos o bem sem medo e com liberdade, pois Deus est\u00e1 em n\u00f3s. \u201cTemos, muitas vezes, dificuldade em deixar o Senhor agir em n\u00f3s, mesmo sabendo que d\u2019Ele \u00e9 o tempo e a verdade, e que a Ele pertencem nosso presente e futuro\u201d.<\/p>\n<p>Para entender os ind\u00edcios do tempo, segundo o presb\u00edtero, precisamos fazer introspec\u00e7\u00e3o e favorecer o sil\u00eancio. Em seguida, devemos olhar para os nossos atos e refletir. Ele argumentou que, nos tempos atuais, podemos pensar na gan\u00e2ncia dos homens, que favorece as guerras, e no ego\u00edsmo daqueles que cultuam os bens materiais em vez da f\u00e9. E indagou os presentes: \u201cDesse modo, como estamos nos posicionando frente a isso? Omitir-se \u00e9 tamb\u00e9m favorecer que as coisas m\u00e1s se perpetuem\u201d.<\/p>\n<p>\u201cJesus sempre nos diz que precisamos permanecer firmes em nossa f\u00e9, na verdade do Evangelho e no poder da ora\u00e7\u00e3o. Al\u00e9m disso, nossas atitudes precisam se mover continuamente no caminho da santidade, assim como fez e viveu Santo Ant\u00f4nio de Sant\u2019Anna Galv\u00e3o. N\u00e3o obstante, nosso primeiro santo brasileiro nos ofereceu ferramentas para renovarmos a nossa devo\u00e7\u00e3o em Cristo\u201d, salientou o frade.<\/p>\n<p>Por fim, o frade encerrou sua fala refor\u00e7ando a import\u00e2ncia do amor ao pr\u00f3ximo e a Deus. \u201cN\u00e3o deixemos de olhar para o nosso cotidiano ao voltarmos nossa aten\u00e7\u00e3o a Cristo, pois a mensagem que o Messias nos deixou fala da f\u00e9 e do amor a Deus e ao pr\u00f3ximo. Isso envolve tamb\u00e9m a mudan\u00e7a de vida, quando necess\u00e1rio. \u00c9 estudar a Palavra de Deus, mas tamb\u00e9m viv\u00ea-la para alcan\u00e7ar o Reino dos C\u00e9us. Devemos nos esfor\u00e7ar para sermos santos, pois Deus nos deu essa gra\u00e7a, por exemplo, e santos s\u00e3o os verdadeiros far\u00f3is que nos levam a buscar o caminho do Cristo pobre e crucificado, mas ressuscitado entre n\u00f3s\u201d, concluiu.<\/p>\n<hr \/>\n<p><em>Texto: Frei Filipo Carpi Gir\u00e3o, Ta\u00edse Marques\/ Fotos: Jo\u00e3o Paulo ( Pascom)<\/em><\/p>\n","protected":false},"excerpt":{"rendered":"<p>Festa de Frei Galv\u00e3o 2025<\/p>\n","protected":false},"author":11,"featured_media":261796,"comment_status":"open","ping_status":"open","sticky":false,"template":"","format":"standard","meta":[],"categories":[1],"tags":[2396,1821],"acf":[],"yoast_head":"<!-- This site is optimized with the Yoast SEO plugin v19.2 - https:\/\/yoast.com\/wordpress\/plugins\/seo\/ -->\n<title>Frei Galv\u00e3o nos mostra o caminho da santidade - Not\u00edcias - Franciscanos<\/title>\n<meta name=\"robots\" content=\"index, follow, max-snippet:-1, max-image-preview:large, max-video-preview:-1\" \/>\n<link rel=\"canonical\" href=\"https:\/\/franciscanos.org.br\/noticias\/frei-galvao-nos-mostra-o-caminho-da-santidade.html\" \/>\n<meta property=\"og:locale\" content=\"pt_BR\" \/>\n<meta property=\"og:type\" content=\"article\" \/>\n<meta property=\"og:title\" content=\"Frei Galv\u00e3o nos mostra o caminho da santidade - Not\u00edcias - Franciscanos\" \/>\n<meta property=\"og:description\" content=\"Festa de Frei Galv\u00e3o 2025\" \/>\n<meta property=\"og:url\" content=\"https:\/\/franciscanos.org.br\/noticias\/frei-galvao-nos-mostra-o-caminho-da-santidade.html\" \/>\n<meta property=\"og:site_name\" content=\"Not\u00edcias - Franciscanos\" \/>\n<meta property=\"article:published_time\" content=\"2025-10-27T11:00:15+00:00\" \/>\n<meta property=\"article:modified_time\" content=\"2025-10-27T17:11:02+00:00\" \/>\n<meta property=\"og:image\" content=\"https:\/\/franciscanos.org.br\/noticias\/wp-content\/uploads\/2025\/10\/chamada-50.jpg\" \/>\n\t<meta property=\"og:image:width\" content=\"800\" \/>\n\t<meta property=\"og:image:height\" content=\"550\" \/>\n\t<meta property=\"og:image:type\" content=\"image\/jpeg\" \/>\n<meta name=\"author\" content=\"Adriana Rabelo\" \/>\n<meta name=\"twitter:card\" content=\"summary_large_image\" \/>\n<meta name=\"twitter:label1\" content=\"Escrito por\" \/>\n\t<meta name=\"twitter:data1\" content=\"Adriana Rabelo\" \/>\n\t<meta name=\"twitter:label2\" content=\"Est. tempo de leitura\" \/>\n\t<meta name=\"twitter:data2\" content=\"4 minutos\" \/>\n<script type=\"application\/ld+json\" class=\"yoast-schema-graph\">{\"@context\":\"https:\/\/schema.org\",\"@graph\":[{\"@type\":\"WebSite\",\"@id\":\"https:\/\/franciscanos.org.br\/noticias\/#website\",\"url\":\"https:\/\/franciscanos.org.br\/noticias\/\",\"name\":\"Not\u00edcias - Franciscanos\",\"description\":\"Prov\u00edncia Franciscana da Imaculada Concei\u00e7\u00e3o do Brasil - Ordem dos Frades Menores - OFM\",\"potentialAction\":[{\"@type\":\"SearchAction\",\"target\":{\"@type\":\"EntryPoint\",\"urlTemplate\":\"https:\/\/franciscanos.org.br\/noticias\/?s={search_term_string}\"},\"query-input\":\"required name=search_term_string\"}],\"inLanguage\":\"pt-BR\"},{\"@type\":\"ImageObject\",\"inLanguage\":\"pt-BR\",\"@id\":\"https:\/\/franciscanos.org.br\/noticias\/frei-galvao-nos-mostra-o-caminho-da-santidade.html#primaryimage\",\"url\":\"https:\/\/franciscanos.org.br\/noticias\/wp-content\/uploads\/2025\/10\/chamada-50.jpg\",\"contentUrl\":\"https:\/\/franciscanos.org.br\/noticias\/wp-content\/uploads\/2025\/10\/chamada-50.jpg\",\"width\":800,\"height\":550},{\"@type\":\"WebPage\",\"@id\":\"https:\/\/franciscanos.org.br\/noticias\/frei-galvao-nos-mostra-o-caminho-da-santidade.html#webpage\",\"url\":\"https:\/\/franciscanos.org.br\/noticias\/frei-galvao-nos-mostra-o-caminho-da-santidade.html\",\"name\":\"Frei Galv\u00e3o nos mostra o caminho da santidade - Not\u00edcias - Franciscanos\",\"isPartOf\":{\"@id\":\"https:\/\/franciscanos.org.br\/noticias\/#website\"},\"primaryImageOfPage\":{\"@id\":\"https:\/\/franciscanos.org.br\/noticias\/frei-galvao-nos-mostra-o-caminho-da-santidade.html#primaryimage\"},\"datePublished\":\"2025-10-27T11:00:15+00:00\",\"dateModified\":\"2025-10-27T17:11:02+00:00\",\"author\":{\"@id\":\"https:\/\/franciscanos.org.br\/noticias\/#\/schema\/person\/d9422e83121c3ad3b0f423d195f5bb25\"},\"breadcrumb\":{\"@id\":\"https:\/\/franciscanos.org.br\/noticias\/frei-galvao-nos-mostra-o-caminho-da-santidade.html#breadcrumb\"},\"inLanguage\":\"pt-BR\",\"potentialAction\":[{\"@type\":\"ReadAction\",\"target\":[\"https:\/\/franciscanos.org.br\/noticias\/frei-galvao-nos-mostra-o-caminho-da-santidade.html\"]}]},{\"@type\":\"BreadcrumbList\",\"@id\":\"https:\/\/franciscanos.org.br\/noticias\/frei-galvao-nos-mostra-o-caminho-da-santidade.html#breadcrumb\",\"itemListElement\":[{\"@type\":\"ListItem\",\"position\":1,\"name\":\"Home\",\"item\":\"https:\/\/franciscanos.org.br\/noticias\"},{\"@type\":\"ListItem\",\"position\":2,\"name\":\"Frei Galv\u00e3o nos mostra o caminho da santidade\"}]},{\"@type\":\"Person\",\"@id\":\"https:\/\/franciscanos.org.br\/noticias\/#\/schema\/person\/d9422e83121c3ad3b0f423d195f5bb25\",\"name\":\"Adriana Rabelo\",\"image\":{\"@type\":\"ImageObject\",\"inLanguage\":\"pt-BR\",\"@id\":\"https:\/\/franciscanos.org.br\/noticias\/#\/schema\/person\/image\/\",\"url\":\"https:\/\/secure.gravatar.com\/avatar\/0a937b7500cd7df77540cfb8bede877d?s=96&d=mm&r=g\",\"contentUrl\":\"https:\/\/secure.gravatar.com\/avatar\/0a937b7500cd7df77540cfb8bede877d?s=96&d=mm&r=g\",\"caption\":\"Adriana Rabelo\"},\"url\":\"https:\/\/franciscanos.org.br\/noticias\/author\/adrianarabelo\"}]}<\/script>\n<!-- \/ Yoast SEO plugin. -->","yoast_head_json":{"title":"Frei Galv\u00e3o nos mostra o caminho da santidade - Not\u00edcias - Franciscanos","robots":{"index":"index","follow":"follow","max-snippet":"max-snippet:-1","max-image-preview":"max-image-preview:large","max-video-preview":"max-video-preview:-1"},"canonical":"https:\/\/franciscanos.org.br\/noticias\/frei-galvao-nos-mostra-o-caminho-da-santidade.html","og_locale":"pt_BR","og_type":"article","og_title":"Frei Galv\u00e3o nos mostra o caminho da santidade - Not\u00edcias - Franciscanos","og_description":"Festa de Frei Galv\u00e3o 2025","og_url":"https:\/\/franciscanos.org.br\/noticias\/frei-galvao-nos-mostra-o-caminho-da-santidade.html","og_site_name":"Not\u00edcias - Franciscanos","article_published_time":"2025-10-27T11:00:15+00:00","article_modified_time":"2025-10-27T17:11:02+00:00","og_image":[{"width":800,"height":550,"url":"https:\/\/franciscanos.org.br\/noticias\/wp-content\/uploads\/2025\/10\/chamada-50.jpg","type":"image\/jpeg"}],"author":"Adriana Rabelo","twitter_card":"summary_large_image","twitter_misc":{"Escrito por":"Adriana Rabelo","Est. tempo de leitura":"4 minutos"},"schema":{"@context":"https:\/\/schema.org","@graph":[{"@type":"WebSite","@id":"https:\/\/franciscanos.org.br\/noticias\/#website","url":"https:\/\/franciscanos.org.br\/noticias\/","name":"Not\u00edcias - Franciscanos","description":"Prov\u00edncia Franciscana da Imaculada Concei\u00e7\u00e3o do Brasil - Ordem dos Frades Menores - OFM","potentialAction":[{"@type":"SearchAction","target":{"@type":"EntryPoint","urlTemplate":"https:\/\/franciscanos.org.br\/noticias\/?s={search_term_string}"},"query-input":"required name=search_term_string"}],"inLanguage":"pt-BR"},{"@type":"ImageObject","inLanguage":"pt-BR","@id":"https:\/\/franciscanos.org.br\/noticias\/frei-galvao-nos-mostra-o-caminho-da-santidade.html#primaryimage","url":"https:\/\/franciscanos.org.br\/noticias\/wp-content\/uploads\/2025\/10\/chamada-50.jpg","contentUrl":"https:\/\/franciscanos.org.br\/noticias\/wp-content\/uploads\/2025\/10\/chamada-50.jpg","width":800,"height":550},{"@type":"WebPage","@id":"https:\/\/franciscanos.org.br\/noticias\/frei-galvao-nos-mostra-o-caminho-da-santidade.html#webpage","url":"https:\/\/franciscanos.org.br\/noticias\/frei-galvao-nos-mostra-o-caminho-da-santidade.html","name":"Frei Galv\u00e3o nos mostra o caminho da santidade - Not\u00edcias - Franciscanos","isPartOf":{"@id":"https:\/\/franciscanos.org.br\/noticias\/#website"},"primaryImageOfPage":{"@id":"https:\/\/franciscanos.org.br\/noticias\/frei-galvao-nos-mostra-o-caminho-da-santidade.html#primaryimage"},"datePublished":"2025-10-27T11:00:15+00:00","dateModified":"2025-10-27T17:11:02+00:00","author":{"@id":"https:\/\/franciscanos.org.br\/noticias\/#\/schema\/person\/d9422e83121c3ad3b0f423d195f5bb25"},"breadcrumb":{"@id":"https:\/\/franciscanos.org.br\/noticias\/frei-galvao-nos-mostra-o-caminho-da-santidade.html#breadcrumb"},"inLanguage":"pt-BR","potentialAction":[{"@type":"ReadAction","target":["https:\/\/franciscanos.org.br\/noticias\/frei-galvao-nos-mostra-o-caminho-da-santidade.html"]}]},{"@type":"BreadcrumbList","@id":"https:\/\/franciscanos.org.br\/noticias\/frei-galvao-nos-mostra-o-caminho-da-santidade.html#breadcrumb","itemListElement":[{"@type":"ListItem","position":1,"name":"Home","item":"https:\/\/franciscanos.org.br\/noticias"},{"@type":"ListItem","position":2,"name":"Frei Galv\u00e3o nos mostra o caminho da santidade"}]},{"@type":"Person","@id":"https:\/\/franciscanos.org.br\/noticias\/#\/schema\/person\/d9422e83121c3ad3b0f423d195f5bb25","name":"Adriana Rabelo","image":{"@type":"ImageObject","inLanguage":"pt-BR","@id":"https:\/\/franciscanos.org.br\/noticias\/#\/schema\/person\/image\/","url":"https:\/\/secure.gravatar.com\/avatar\/0a937b7500cd7df77540cfb8bede877d?s=96&d=mm&r=g","contentUrl":"https:\/\/secure.gravatar.com\/avatar\/0a937b7500cd7df77540cfb8bede877d?s=96&d=mm&r=g","caption":"Adriana Rabelo"},"url":"https:\/\/franciscanos.org.br\/noticias\/author\/adrianarabelo"}]}},"_links":{"self":[{"href":"https:\/\/franciscanos.org.br\/noticias\/wp-json\/wp\/v2\/posts\/261795"}],"collection":[{"href":"https:\/\/franciscanos.org.br\/noticias\/wp-json\/wp\/v2\/posts"}],"about":[{"href":"https:\/\/franciscanos.org.br\/noticias\/wp-json\/wp\/v2\/types\/post"}],"author":[{"embeddable":true,"href":"https:\/\/franciscanos.org.br\/noticias\/wp-json\/wp\/v2\/users\/11"}],"replies":[{"embeddable":true,"href":"https:\/\/franciscanos.org.br\/noticias\/wp-json\/wp\/v2\/comments?post=261795"}],"version-history":[{"count":2,"href":"https:\/\/franciscanos.org.br\/noticias\/wp-json\/wp\/v2\/posts\/261795\/revisions"}],"predecessor-version":[{"id":261800,"href":"https:\/\/franciscanos.org.br\/noticias\/wp-json\/wp\/v2\/posts\/261795\/revisions\/261800"}],"wp:featuredmedia":[{"embeddable":true,"href":"https:\/\/franciscanos.org.br\/noticias\/wp-json\/wp\/v2\/media\/261796"}],"wp:attachment":[{"href":"https:\/\/franciscanos.org.br\/noticias\/wp-json\/wp\/v2\/media?parent=261795"}],"wp:term":[{"taxonomy":"category","embeddable":true,"href":"https:\/\/franciscanos.org.br\/noticias\/wp-json\/wp\/v2\/categories?post=261795"},{"taxonomy":"post_tag","embeddable":true,"href":"https:\/\/franciscanos.org.br\/noticias\/wp-json\/wp\/v2\/tags?post=261795"}],"curies":[{"name":"wp","href":"https:\/\/api.w.org\/{rel}","templated":true}]}}