{"id":261785,"date":"2025-10-24T09:06:16","date_gmt":"2025-10-24T12:06:16","guid":{"rendered":"https:\/\/franciscanos.org.br\/noticias\/?p=261785"},"modified":"2025-10-24T19:57:54","modified_gmt":"2025-10-24T22:57:54","slug":"fraternidade-nossa-senhora-da-penha-reune-coordenadores-de-equipes-e-servicos","status":"publish","type":"post","link":"https:\/\/franciscanos.org.br\/noticias\/fraternidade-nossa-senhora-da-penha-reune-coordenadores-de-equipes-e-servicos.html","title":{"rendered":"Fraternidade Nossa Senhora da Penha re\u00fane coordenadores de equipes e servi\u00e7os"},"content":{"rendered":"<p><img loading=\"lazy\" class=\"aligncenter wp-image-261787 size-full\" src=\"https:\/\/franciscanos.org.br\/noticias\/wp-content\/uploads\/2025\/10\/Materia-1-22.jpg\" alt=\"\" width=\"1280\" height=\"720\" srcset=\"https:\/\/franciscanos.org.br\/noticias\/wp-content\/uploads\/2025\/10\/Materia-1-22.jpg 1280w, https:\/\/franciscanos.org.br\/noticias\/wp-content\/uploads\/2025\/10\/Materia-1-22-450x253.jpg 450w, https:\/\/franciscanos.org.br\/noticias\/wp-content\/uploads\/2025\/10\/Materia-1-22-1024x576.jpg 1024w, https:\/\/franciscanos.org.br\/noticias\/wp-content\/uploads\/2025\/10\/Materia-1-22-768x432.jpg 768w, https:\/\/franciscanos.org.br\/noticias\/wp-content\/uploads\/2025\/10\/Materia-1-22-150x84.jpg 150w\" sizes=\"(max-width: 1280px) 100vw, 1280px\" \/><\/p>\n<p>A Fraternidade Nossa Senhora da Penha realizou, neste in\u00edcio de semana, um encontro formativo com coordenadores de equipes e servi\u00e7os. Volunt\u00e1rios e colaboradores que atuam nas diversas frentes de trabalho, como comunica\u00e7\u00e3o, transporte, Associa\u00e7\u00e3o dos Amigos do Convento, manuten\u00e7\u00e3o, acolhida, liturgia, ministros da Sagrada Eucaristia, entre outros grupos, conheceram mais sobre reestrutura\u00e7\u00e3o administrativa que o Santu\u00e1rio est\u00e1 passando.<\/p>\n<p>Essa nova etapa do Convento envolve sobretudo o estabelecimento de diretrizes e o fortalecimento de uma comunica\u00e7\u00e3o eficiente, de modo que a acolhida, a evangeliza\u00e7\u00e3o e as iniciativas que propagam a devo\u00e7\u00e3o \u00e0 Virgem da Penha, possam ser ainda mais profissionais. Na pr\u00e1tica, os agentes que trabalham no Convento, seja trabalho volunt\u00e1rio ou remunerado, entendem que o local \u00e9, por excel\u00eancia, um Santu\u00e1rio de peregrina\u00e7\u00e3o, de ora\u00e7\u00e3o e de f\u00e9. Assim, com sua miss\u00e3o de evangelizar, \u00e9 onde duas realidades se encontram: a realidade humana com a maternidade divina.<\/p>\n<p>\u201cQuando o romeiro, o devoto ou mesmo o peregrino chega ao Convento ele se encontra com o pr\u00f3prio Deus e com a sua Sant\u00edssima M\u00e3e, ou seja, \u00e9 uma experi\u00eancia de f\u00e9. \u00c9 verdade que o Convento recebe pessoas que n\u00e3o visitam pela f\u00e9, querem apenas uma foto ou v\u00e3o pelo turismo, por exemplo, mas a primeira dimens\u00e3o do Convento \u00e9 a religiosa. O Convento \u00e9 um ref\u00fagio de f\u00e9\u201d, destaca Frei Gabriel Dellandrea.<\/p>\n<p><img loading=\"lazy\" class=\"aligncenter wp-image-261789 size-full\" src=\"https:\/\/franciscanos.org.br\/noticias\/wp-content\/uploads\/2025\/10\/Materia-13.jpg\" alt=\"\" width=\"1280\" height=\"720\" srcset=\"https:\/\/franciscanos.org.br\/noticias\/wp-content\/uploads\/2025\/10\/Materia-13.jpg 1280w, https:\/\/franciscanos.org.br\/noticias\/wp-content\/uploads\/2025\/10\/Materia-13-450x253.jpg 450w, https:\/\/franciscanos.org.br\/noticias\/wp-content\/uploads\/2025\/10\/Materia-13-1024x576.jpg 1024w, https:\/\/franciscanos.org.br\/noticias\/wp-content\/uploads\/2025\/10\/Materia-13-768x432.jpg 768w, https:\/\/franciscanos.org.br\/noticias\/wp-content\/uploads\/2025\/10\/Materia-13-150x84.jpg 150w\" sizes=\"(max-width: 1280px) 100vw, 1280px\" \/><\/p>\n<p>Para o Guardi\u00e3o e Reitor do Convento, o encontro com os coordenadores \u00e9 reflexo de uma gest\u00e3o preocupada com cada detalhe que faz a diferen\u00e7a, pois \u201cem cada sorriso, na palavra de acolhida, na informa\u00e7\u00e3o dada, na liturgia celebrada, no cuidado com os espa\u00e7os e em tantas outras a\u00e7\u00f5es, atrav\u00e9s das pessoas, o Convento reflete a espiritualidade franciscana\u201d.<\/p>\n<p>Os Freis Paulo C\u00e9sar Ferreira, Vig\u00e1rio do Convento e Jorge L\u00e1zaro, Ec\u00f4nomo, tamb\u00e9m participaram da conversa. O encontro foi dividido em quatro momentos. O primeiro, resgatou um pouco da hist\u00f3ria do Convento desde a chegada de Frei Pedro Pal\u00e1cios em 1558 e recordou a identidade da presen\u00e7a franciscana no Santu\u00e1rio, ressaltando que o Convento n\u00e3o \u00e9 apenas um destino tur\u00edstico ou de peregrina\u00e7\u00e3o, mas sim \u00e9 uma casa de ora\u00e7\u00e3o, um ref\u00fagio, um local de mem\u00f3ria viva, de hist\u00f3ria preservada.<\/p>\n<p>O segundo momento tratou da defini\u00e7\u00e3o da \u201cmiss\u00e3o\u201d, \u201cvis\u00e3o\u201d e \u201cvalores\u201d do Convento, isso possibilita uma organiza\u00e7\u00e3o institucional interna e principalmente possibilita a todos a experi\u00eancia da f\u00e9 que acolhe, da esperan\u00e7a que renova e do amor que transforma. Nesse sentido, a \u201cmiss\u00e3o\u201d consiste em solidificar a devo\u00e7\u00e3o \u00e0 Nossa Senhora da Penha, sendo ref\u00fagio de f\u00e9, ora\u00e7\u00e3o e acolhimento \u00e0 luz da espiritualidade franciscana. J\u00e1 a \u201cvis\u00e3o\u201d, busca fazer com que o Convento se mantenha como patrim\u00f4nio espiritual e cultural. E os \u201cvalores\u201d, destacam a Solidariedade; Organiza\u00e7\u00e3o e Ora\u00e7\u00e3o; Miss\u00e3o; Obedi\u00eancia e Ousadia; e Simplicidade.<\/p>\n<p><img loading=\"lazy\" class=\"aligncenter wp-image-261790 size-full\" src=\"https:\/\/franciscanos.org.br\/noticias\/wp-content\/uploads\/2025\/10\/materia4-8.jpg\" alt=\"\" width=\"1280\" height=\"720\" srcset=\"https:\/\/franciscanos.org.br\/noticias\/wp-content\/uploads\/2025\/10\/materia4-8.jpg 1280w, https:\/\/franciscanos.org.br\/noticias\/wp-content\/uploads\/2025\/10\/materia4-8-450x253.jpg 450w, https:\/\/franciscanos.org.br\/noticias\/wp-content\/uploads\/2025\/10\/materia4-8-1024x576.jpg 1024w, https:\/\/franciscanos.org.br\/noticias\/wp-content\/uploads\/2025\/10\/materia4-8-768x432.jpg 768w, https:\/\/franciscanos.org.br\/noticias\/wp-content\/uploads\/2025\/10\/materia4-8-150x84.jpg 150w\" sizes=\"(max-width: 1280px) 100vw, 1280px\" \/><\/p>\n<p>A apresenta\u00e7\u00e3o da nova identidade visual do Convento foi a grande novidade da terceira etapa da reuni\u00e3o. Os coordenadores conheceram o conceito da escolha das cores e a explica\u00e7\u00e3o de cada elemento da nova marca (que ser\u00e1 apresentada ao p\u00fablico em breve), al\u00e9m da aplica\u00e7\u00e3o em toda comunica\u00e7\u00e3o, placas, ambientes e informativos digitais ou impressos do Santu\u00e1rio.<\/p>\n<p>Por fim, a \u00faltima etapa trouxe o planejamento estrat\u00e9gico que nasceu depois de uma \u201cescuta\u201d. A partir dele, o Convento passa a promover uma reuni\u00e3o mensal para \u201cpensar o pr\u00f3ximo m\u00eas\u201d, ou seja, todas as atividades previstas e agendadas ser\u00e3o elaboradas e pensadas em conjunto. Uma romaria, por exemplo, ser\u00e1 levada para a reuni\u00e3o de pauta afim de que todos os agentes necess\u00e1rios para tal demanda saibam e preparem seus servi\u00e7os para atender.\u00a0 O planejamento estrat\u00e9gico \u00e9 fundamental para definir os objetivos e organizar as a\u00e7\u00f5es para garantir assertividade.<\/p>\n<p>\u201cEscuta\u201d \u00e9 sin\u00f4nimo de sinodalidade, ou seja, em tudo h\u00e1 presente uma moral crist\u00e3, teol\u00f3gica e eclesial. A fraternidade do Convento sempre quer primeiro ouvir, escutar, dialogar e compreender quais melhores caminhos a seguir, por isso tra\u00e7ar um planejamento, uma estrat\u00e9gia garante \u00eaxito no futuro.<\/p>\n<p><iframe loading=\"lazy\" title=\"YouTube video player\" src=\"https:\/\/www.youtube.com\/embed\/fP74yxRsjqg?si=-C5h-ToAKMOgZAlz\" width=\"100%\" height=\"480\" frameborder=\"0\" allowfullscreen=\"allowfullscreen\"><span data-mce-type=\"bookmark\" style=\"display: inline-block; width: 0px; overflow: hidden; line-height: 0;\" class=\"mce_SELRES_start\">\ufeff<\/span><\/iframe><\/p>\n<p>Ao final da reuni\u00e3o, o superintendente do IPHAN Joubert Jantorno Filho, falou sobre a import\u00e2ncia do Convento agora ter \u201cdiretrizes\u201d que definem um foco. \u201cPara o IPHAN \u00e9 fundamental esse processo de organiza\u00e7\u00e3o institucional, a defini\u00e7\u00e3o da miss\u00e3o, valores, a vis\u00e3o do Convento. Isso \u00e9 importante porque muitas atividades que s\u00e3o constru\u00eddas e que chegam at\u00e9 o IPHAN, como a\u00e7\u00f5es que querem ser constru\u00eddas no entorno desse Convento, precisam ser analisadas, considerando a ambi\u00eancia, considerando a finalidade do Convento, considerando aquilo que o Convento quer transmitir para a sociedade. O objetivo do IPHAN, primeiro, \u00e9 preservar a mem\u00f3ria, a hist\u00f3ria e o patrim\u00f4nio e as a\u00e7\u00f5es dentro do Convento e ao entorno do Convento devem se comunicar com os objetivos desse monumento. Ent\u00e3o, ter\u00e3o a\u00e7\u00f5es e atividades que n\u00e3o se comunicam com o patrim\u00f4nio ou o que acontece nesse entorno\u201d, comentou.<\/p>\n<hr \/>\n<p><em>Cristian Oliveira (ASCOM)<\/em><\/p>\n","protected":false},"excerpt":{"rendered":"<p>Vida e partilha em fraternidade<\/p>\n","protected":false},"author":11,"featured_media":261786,"comment_status":"open","ping_status":"open","sticky":false,"template":"","format":"standard","meta":[],"categories":[1],"tags":[248,2445,231],"acf":[],"yoast_head":"<!-- This site is optimized with the Yoast SEO plugin v19.2 - https:\/\/yoast.com\/wordpress\/plugins\/seo\/ -->\n<title>Fraternidade Nossa Senhora da Penha re\u00fane coordenadores de equipes e servi\u00e7os - Not\u00edcias - Franciscanos<\/title>\n<meta name=\"robots\" content=\"index, follow, max-snippet:-1, max-image-preview:large, max-video-preview:-1\" \/>\n<link rel=\"canonical\" href=\"https:\/\/franciscanos.org.br\/noticias\/fraternidade-nossa-senhora-da-penha-reune-coordenadores-de-equipes-e-servicos.html\" \/>\n<meta property=\"og:locale\" content=\"pt_BR\" \/>\n<meta property=\"og:type\" content=\"article\" \/>\n<meta property=\"og:title\" content=\"Fraternidade Nossa Senhora da Penha re\u00fane coordenadores de equipes e servi\u00e7os - Not\u00edcias - Franciscanos\" \/>\n<meta property=\"og:description\" content=\"Vida e partilha em fraternidade\" \/>\n<meta property=\"og:url\" content=\"https:\/\/franciscanos.org.br\/noticias\/fraternidade-nossa-senhora-da-penha-reune-coordenadores-de-equipes-e-servicos.html\" \/>\n<meta property=\"og:site_name\" content=\"Not\u00edcias - Franciscanos\" \/>\n<meta property=\"article:published_time\" content=\"2025-10-24T12:06:16+00:00\" \/>\n<meta property=\"article:modified_time\" content=\"2025-10-24T22:57:54+00:00\" \/>\n<meta property=\"og:image\" content=\"https:\/\/franciscanos.org.br\/noticias\/wp-content\/uploads\/2025\/10\/chamada-49.jpg\" \/>\n\t<meta property=\"og:image:width\" content=\"800\" \/>\n\t<meta property=\"og:image:height\" content=\"550\" \/>\n\t<meta property=\"og:image:type\" content=\"image\/jpeg\" \/>\n<meta name=\"author\" content=\"Adriana Rabelo\" \/>\n<meta name=\"twitter:card\" content=\"summary_large_image\" \/>\n<meta name=\"twitter:label1\" content=\"Escrito por\" \/>\n\t<meta name=\"twitter:data1\" content=\"Adriana Rabelo\" \/>\n\t<meta name=\"twitter:label2\" content=\"Est. tempo de leitura\" \/>\n\t<meta name=\"twitter:data2\" content=\"4 minutos\" \/>\n<script type=\"application\/ld+json\" class=\"yoast-schema-graph\">{\"@context\":\"https:\/\/schema.org\",\"@graph\":[{\"@type\":\"WebSite\",\"@id\":\"https:\/\/franciscanos.org.br\/noticias\/#website\",\"url\":\"https:\/\/franciscanos.org.br\/noticias\/\",\"name\":\"Not\u00edcias - Franciscanos\",\"description\":\"Prov\u00edncia Franciscana da Imaculada Concei\u00e7\u00e3o do Brasil - Ordem dos Frades Menores - OFM\",\"potentialAction\":[{\"@type\":\"SearchAction\",\"target\":{\"@type\":\"EntryPoint\",\"urlTemplate\":\"https:\/\/franciscanos.org.br\/noticias\/?s={search_term_string}\"},\"query-input\":\"required name=search_term_string\"}],\"inLanguage\":\"pt-BR\"},{\"@type\":\"ImageObject\",\"inLanguage\":\"pt-BR\",\"@id\":\"https:\/\/franciscanos.org.br\/noticias\/fraternidade-nossa-senhora-da-penha-reune-coordenadores-de-equipes-e-servicos.html#primaryimage\",\"url\":\"https:\/\/franciscanos.org.br\/noticias\/wp-content\/uploads\/2025\/10\/chamada-49.jpg\",\"contentUrl\":\"https:\/\/franciscanos.org.br\/noticias\/wp-content\/uploads\/2025\/10\/chamada-49.jpg\",\"width\":800,\"height\":550},{\"@type\":\"WebPage\",\"@id\":\"https:\/\/franciscanos.org.br\/noticias\/fraternidade-nossa-senhora-da-penha-reune-coordenadores-de-equipes-e-servicos.html#webpage\",\"url\":\"https:\/\/franciscanos.org.br\/noticias\/fraternidade-nossa-senhora-da-penha-reune-coordenadores-de-equipes-e-servicos.html\",\"name\":\"Fraternidade Nossa Senhora da Penha re\u00fane coordenadores de equipes e servi\u00e7os - Not\u00edcias - Franciscanos\",\"isPartOf\":{\"@id\":\"https:\/\/franciscanos.org.br\/noticias\/#website\"},\"primaryImageOfPage\":{\"@id\":\"https:\/\/franciscanos.org.br\/noticias\/fraternidade-nossa-senhora-da-penha-reune-coordenadores-de-equipes-e-servicos.html#primaryimage\"},\"datePublished\":\"2025-10-24T12:06:16+00:00\",\"dateModified\":\"2025-10-24T22:57:54+00:00\",\"author\":{\"@id\":\"https:\/\/franciscanos.org.br\/noticias\/#\/schema\/person\/d9422e83121c3ad3b0f423d195f5bb25\"},\"breadcrumb\":{\"@id\":\"https:\/\/franciscanos.org.br\/noticias\/fraternidade-nossa-senhora-da-penha-reune-coordenadores-de-equipes-e-servicos.html#breadcrumb\"},\"inLanguage\":\"pt-BR\",\"potentialAction\":[{\"@type\":\"ReadAction\",\"target\":[\"https:\/\/franciscanos.org.br\/noticias\/fraternidade-nossa-senhora-da-penha-reune-coordenadores-de-equipes-e-servicos.html\"]}]},{\"@type\":\"BreadcrumbList\",\"@id\":\"https:\/\/franciscanos.org.br\/noticias\/fraternidade-nossa-senhora-da-penha-reune-coordenadores-de-equipes-e-servicos.html#breadcrumb\",\"itemListElement\":[{\"@type\":\"ListItem\",\"position\":1,\"name\":\"Home\",\"item\":\"https:\/\/franciscanos.org.br\/noticias\"},{\"@type\":\"ListItem\",\"position\":2,\"name\":\"Fraternidade Nossa Senhora da Penha re\u00fane coordenadores de equipes e servi\u00e7os\"}]},{\"@type\":\"Person\",\"@id\":\"https:\/\/franciscanos.org.br\/noticias\/#\/schema\/person\/d9422e83121c3ad3b0f423d195f5bb25\",\"name\":\"Adriana Rabelo\",\"image\":{\"@type\":\"ImageObject\",\"inLanguage\":\"pt-BR\",\"@id\":\"https:\/\/franciscanos.org.br\/noticias\/#\/schema\/person\/image\/\",\"url\":\"https:\/\/secure.gravatar.com\/avatar\/0a937b7500cd7df77540cfb8bede877d?s=96&d=mm&r=g\",\"contentUrl\":\"https:\/\/secure.gravatar.com\/avatar\/0a937b7500cd7df77540cfb8bede877d?s=96&d=mm&r=g\",\"caption\":\"Adriana Rabelo\"},\"url\":\"https:\/\/franciscanos.org.br\/noticias\/author\/adrianarabelo\"}]}<\/script>\n<!-- \/ Yoast SEO plugin. -->","yoast_head_json":{"title":"Fraternidade Nossa Senhora da Penha re\u00fane coordenadores de equipes e servi\u00e7os - Not\u00edcias - Franciscanos","robots":{"index":"index","follow":"follow","max-snippet":"max-snippet:-1","max-image-preview":"max-image-preview:large","max-video-preview":"max-video-preview:-1"},"canonical":"https:\/\/franciscanos.org.br\/noticias\/fraternidade-nossa-senhora-da-penha-reune-coordenadores-de-equipes-e-servicos.html","og_locale":"pt_BR","og_type":"article","og_title":"Fraternidade Nossa Senhora da Penha re\u00fane coordenadores de equipes e servi\u00e7os - Not\u00edcias - Franciscanos","og_description":"Vida e partilha em fraternidade","og_url":"https:\/\/franciscanos.org.br\/noticias\/fraternidade-nossa-senhora-da-penha-reune-coordenadores-de-equipes-e-servicos.html","og_site_name":"Not\u00edcias - Franciscanos","article_published_time":"2025-10-24T12:06:16+00:00","article_modified_time":"2025-10-24T22:57:54+00:00","og_image":[{"width":800,"height":550,"url":"https:\/\/franciscanos.org.br\/noticias\/wp-content\/uploads\/2025\/10\/chamada-49.jpg","type":"image\/jpeg"}],"author":"Adriana Rabelo","twitter_card":"summary_large_image","twitter_misc":{"Escrito por":"Adriana Rabelo","Est. tempo de leitura":"4 minutos"},"schema":{"@context":"https:\/\/schema.org","@graph":[{"@type":"WebSite","@id":"https:\/\/franciscanos.org.br\/noticias\/#website","url":"https:\/\/franciscanos.org.br\/noticias\/","name":"Not\u00edcias - Franciscanos","description":"Prov\u00edncia Franciscana da Imaculada Concei\u00e7\u00e3o do Brasil - Ordem dos Frades Menores - OFM","potentialAction":[{"@type":"SearchAction","target":{"@type":"EntryPoint","urlTemplate":"https:\/\/franciscanos.org.br\/noticias\/?s={search_term_string}"},"query-input":"required name=search_term_string"}],"inLanguage":"pt-BR"},{"@type":"ImageObject","inLanguage":"pt-BR","@id":"https:\/\/franciscanos.org.br\/noticias\/fraternidade-nossa-senhora-da-penha-reune-coordenadores-de-equipes-e-servicos.html#primaryimage","url":"https:\/\/franciscanos.org.br\/noticias\/wp-content\/uploads\/2025\/10\/chamada-49.jpg","contentUrl":"https:\/\/franciscanos.org.br\/noticias\/wp-content\/uploads\/2025\/10\/chamada-49.jpg","width":800,"height":550},{"@type":"WebPage","@id":"https:\/\/franciscanos.org.br\/noticias\/fraternidade-nossa-senhora-da-penha-reune-coordenadores-de-equipes-e-servicos.html#webpage","url":"https:\/\/franciscanos.org.br\/noticias\/fraternidade-nossa-senhora-da-penha-reune-coordenadores-de-equipes-e-servicos.html","name":"Fraternidade Nossa Senhora da Penha re\u00fane coordenadores de equipes e servi\u00e7os - Not\u00edcias - Franciscanos","isPartOf":{"@id":"https:\/\/franciscanos.org.br\/noticias\/#website"},"primaryImageOfPage":{"@id":"https:\/\/franciscanos.org.br\/noticias\/fraternidade-nossa-senhora-da-penha-reune-coordenadores-de-equipes-e-servicos.html#primaryimage"},"datePublished":"2025-10-24T12:06:16+00:00","dateModified":"2025-10-24T22:57:54+00:00","author":{"@id":"https:\/\/franciscanos.org.br\/noticias\/#\/schema\/person\/d9422e83121c3ad3b0f423d195f5bb25"},"breadcrumb":{"@id":"https:\/\/franciscanos.org.br\/noticias\/fraternidade-nossa-senhora-da-penha-reune-coordenadores-de-equipes-e-servicos.html#breadcrumb"},"inLanguage":"pt-BR","potentialAction":[{"@type":"ReadAction","target":["https:\/\/franciscanos.org.br\/noticias\/fraternidade-nossa-senhora-da-penha-reune-coordenadores-de-equipes-e-servicos.html"]}]},{"@type":"BreadcrumbList","@id":"https:\/\/franciscanos.org.br\/noticias\/fraternidade-nossa-senhora-da-penha-reune-coordenadores-de-equipes-e-servicos.html#breadcrumb","itemListElement":[{"@type":"ListItem","position":1,"name":"Home","item":"https:\/\/franciscanos.org.br\/noticias"},{"@type":"ListItem","position":2,"name":"Fraternidade Nossa Senhora da Penha re\u00fane coordenadores de equipes e servi\u00e7os"}]},{"@type":"Person","@id":"https:\/\/franciscanos.org.br\/noticias\/#\/schema\/person\/d9422e83121c3ad3b0f423d195f5bb25","name":"Adriana Rabelo","image":{"@type":"ImageObject","inLanguage":"pt-BR","@id":"https:\/\/franciscanos.org.br\/noticias\/#\/schema\/person\/image\/","url":"https:\/\/secure.gravatar.com\/avatar\/0a937b7500cd7df77540cfb8bede877d?s=96&d=mm&r=g","contentUrl":"https:\/\/secure.gravatar.com\/avatar\/0a937b7500cd7df77540cfb8bede877d?s=96&d=mm&r=g","caption":"Adriana Rabelo"},"url":"https:\/\/franciscanos.org.br\/noticias\/author\/adrianarabelo"}]}},"_links":{"self":[{"href":"https:\/\/franciscanos.org.br\/noticias\/wp-json\/wp\/v2\/posts\/261785"}],"collection":[{"href":"https:\/\/franciscanos.org.br\/noticias\/wp-json\/wp\/v2\/posts"}],"about":[{"href":"https:\/\/franciscanos.org.br\/noticias\/wp-json\/wp\/v2\/types\/post"}],"author":[{"embeddable":true,"href":"https:\/\/franciscanos.org.br\/noticias\/wp-json\/wp\/v2\/users\/11"}],"replies":[{"embeddable":true,"href":"https:\/\/franciscanos.org.br\/noticias\/wp-json\/wp\/v2\/comments?post=261785"}],"version-history":[{"count":3,"href":"https:\/\/franciscanos.org.br\/noticias\/wp-json\/wp\/v2\/posts\/261785\/revisions"}],"predecessor-version":[{"id":261793,"href":"https:\/\/franciscanos.org.br\/noticias\/wp-json\/wp\/v2\/posts\/261785\/revisions\/261793"}],"wp:featuredmedia":[{"embeddable":true,"href":"https:\/\/franciscanos.org.br\/noticias\/wp-json\/wp\/v2\/media\/261786"}],"wp:attachment":[{"href":"https:\/\/franciscanos.org.br\/noticias\/wp-json\/wp\/v2\/media?parent=261785"}],"wp:term":[{"taxonomy":"category","embeddable":true,"href":"https:\/\/franciscanos.org.br\/noticias\/wp-json\/wp\/v2\/categories?post=261785"},{"taxonomy":"post_tag","embeddable":true,"href":"https:\/\/franciscanos.org.br\/noticias\/wp-json\/wp\/v2\/tags?post=261785"}],"curies":[{"name":"wp","href":"https:\/\/api.w.org\/{rel}","templated":true}]}}