{"id":261772,"date":"2025-10-24T10:45:24","date_gmt":"2025-10-24T13:45:24","guid":{"rendered":"https:\/\/franciscanos.org.br\/noticias\/?p=261772"},"modified":"2025-10-24T17:58:10","modified_gmt":"2025-10-24T20:58:10","slug":"usf-leva-experiencia-franciscana-a-reflexao-global-sobre-o-cuidado-da-casa-comum","status":"publish","type":"post","link":"https:\/\/franciscanos.org.br\/noticias\/usf-leva-experiencia-franciscana-a-reflexao-global-sobre-o-cuidado-da-casa-comum.html","title":{"rendered":"USF leva experi\u00eancia franciscana \u00e0 reflex\u00e3o global sobre o cuidado da Casa Comum"},"content":{"rendered":"<p><img loading=\"lazy\" class=\"aligncenter wp-image-261774 size-full\" src=\"https:\/\/franciscanos.org.br\/noticias\/wp-content\/uploads\/2025\/10\/materia-1-21.jpg\" alt=\"\" width=\"1280\" height=\"720\" srcset=\"https:\/\/franciscanos.org.br\/noticias\/wp-content\/uploads\/2025\/10\/materia-1-21.jpg 1280w, https:\/\/franciscanos.org.br\/noticias\/wp-content\/uploads\/2025\/10\/materia-1-21-450x253.jpg 450w, https:\/\/franciscanos.org.br\/noticias\/wp-content\/uploads\/2025\/10\/materia-1-21-1024x576.jpg 1024w, https:\/\/franciscanos.org.br\/noticias\/wp-content\/uploads\/2025\/10\/materia-1-21-768x432.jpg 768w, https:\/\/franciscanos.org.br\/noticias\/wp-content\/uploads\/2025\/10\/materia-1-21-150x84.jpg 150w\" sizes=\"(max-width: 1280px) 100vw, 1280px\" \/><\/p>\n<p data-start=\"187\" data-end=\"743\">Em sintonia com as celebra\u00e7\u00f5es dos dez anos da Enc\u00edclica <em data-start=\"172\" data-end=\"185\">Laudato si\u2019<\/em>, do Papa Francisco, a Universidade S\u00e3o Francisco (USF) esteve representada em Paris, pelo professor Lucas da Silveira Andrade, no \u00faltimo dia 20 de outubro. O docente participou de uma jornada internacional de estudos dedicada aos desafios da crise clim\u00e1tica e ao futuro da ecologia integral, promovida pelo Institut Catholique de Paris (ICP) em parceria com o Coll\u00e8ge des Bernardins e as Faculdades Loyola Paris. O evento reuniu fil\u00f3sofos, te\u00f3logos, economistas e historiadores. A presen\u00e7a da USF na jornada reafirmou seu compromisso com a forma\u00e7\u00e3o human\u00edstica e com o cuidado da Casa Comum.<\/p>\n<p>O debate recordou que, por muito tempo, o mundo n\u00e3o humano foi compreendido na experi\u00eancia crist\u00e3 apenas como cen\u00e1rio da hist\u00f3ria da salva\u00e7\u00e3o humana. A enc\u00edclica, no entanto, reposiciona essa vis\u00e3o ao afirmar que \u201ccom todas as criaturas n\u00f3s caminhamos sobre esta terra em busca de Deus\u201d (Laudato si\u2019, 244), desafiando universidades e comunidades de f\u00e9 a repensarem suas pr\u00e1ticas, valores e estilos de vida.<\/p>\n<p>Para a Universidade S\u00e3o Francisco, que vive um ciclo de intensifica\u00e7\u00e3o das pautas ligadas \u00e0 ecologia integral iniciado pela Jornada Laudato si\u2019, a presen\u00e7a em espa\u00e7os internacionais de debate como o do ICP representa um chamado a reafirmar seu compromisso com a forma\u00e7\u00e3o human\u00edstica. Mais do que um desafio acad\u00eamico, trata-se de construir um horizonte em que a educa\u00e7\u00e3o se coloque a servi\u00e7o do cuidado da Casa Comum, da justi\u00e7a social e da dignidade de todos os povos.<\/p>\n<p><img loading=\"lazy\" class=\"aligncenter wp-image-261779 size-full\" src=\"https:\/\/franciscanos.org.br\/noticias\/wp-content\/uploads\/2025\/10\/materia2-20.jpg\" alt=\"\" width=\"1280\" height=\"720\" srcset=\"https:\/\/franciscanos.org.br\/noticias\/wp-content\/uploads\/2025\/10\/materia2-20.jpg 1280w, https:\/\/franciscanos.org.br\/noticias\/wp-content\/uploads\/2025\/10\/materia2-20-450x253.jpg 450w, https:\/\/franciscanos.org.br\/noticias\/wp-content\/uploads\/2025\/10\/materia2-20-1024x576.jpg 1024w, https:\/\/franciscanos.org.br\/noticias\/wp-content\/uploads\/2025\/10\/materia2-20-768x432.jpg 768w, https:\/\/franciscanos.org.br\/noticias\/wp-content\/uploads\/2025\/10\/materia2-20-150x84.jpg 150w\" sizes=\"(max-width: 1280px) 100vw, 1280px\" \/><\/p>\n<h3><strong>Sobre a participa\u00e7\u00e3o da USF na Declara\u00e7\u00e3o Final da Jornada Laudato si\u2019 2025<\/strong><\/h3>\n<p>A Universidade S\u00e3o Francisco participou da Jornada Laudato si\u2019, iniciativa da Pastoral da Ecologia Integral do Regional Sul 1 da Confer\u00eancia Nacional dos Bispos do Brasil (CNBB), realizada em comemora\u00e7\u00e3o aos dez anos da Enc\u00edclica do Papa Francisco.<\/p>\n<p>Ao longo deste ano, a institui\u00e7\u00e3o integrou diversas atividades, como o semin\u00e1rio interuniversit\u00e1rio, celebra\u00e7\u00f5es e a\u00e7\u00f5es comunit\u00e1rias. A Jornada teve como prop\u00f3sito mobilizar a sociedade por meio do debate cient\u00edfico sobre as causas dos problemas socioambientais, em escala global e local. Al\u00e9m disso, promoveu reflex\u00f5es sobre iniciativas comunit\u00e1rias e pastorais capazes de transformar a realidade, com aten\u00e7\u00e3o especial aos temas da \u00e1gua e da ecologia integral.<\/p>\n<p>O semin\u00e1rio, realizado em maio, foi organizado em conjunto com representantes de diferentes Institui\u00e7\u00f5es de Ensino Superior , confessionais, comunit\u00e1rias, p\u00fablicas e privadas.<\/p>\n<p>Participaram: Universidade S\u00e3o Francisco (USF); Universidade Cat\u00f3lica de Santos (UNISANTOS); Centro Universit\u00e1rio Sagrado Cora\u00e7\u00e3o (UNISAGRADO); Pontif\u00edcia Universidade Cat\u00f3lica de Campinas (PUC-Campinas); Centro Nacional de Monitoramento e Alertas de Desastres Naturais (CEMADEN); Faculdade Jo\u00e3o Paulo II (FAJOPA); Faculdade Jesu\u00edta de Filosofia e Teologia (FAJE); FEI \u2013 Funda\u00e7\u00e3o Educacional Inaciana \u201cPe. Sab\u00f3ia de Medeiros\u201d; USP\/Esalq \u2013 OCA \u2013 Laborat\u00f3rio de Pol\u00edtica e Educa\u00e7\u00e3o Ambiental; USP\/ECA \u2013 Escola de Comunica\u00e7\u00e3o e Artes \u2013 Projeto Educom &amp; Clima; Universidade Federal de S\u00e3o Carlos (UFSCar); Centro Universit\u00e1rio Salesiano de S\u00e3o Paulo (UNISAL); Centro Universit\u00e1rio Claretiano; Centro Universit\u00e1rio S\u00e3o Camilo; e Pontif\u00edcia Universidade Cat\u00f3lica do Paran\u00e1 (PUCPR) \u2013 PPG Teologia; al\u00e9m da Universidade Estadual de Feira de Santana (UEFS). As atividades contaram com o apoio da Associa\u00e7\u00e3o Nacional de Educa\u00e7\u00e3o Cat\u00f3lica do Brasil (ANEC).<\/p>\n<p>Em entrevista ao site Franciscanos, o professor Lucas, coordenador do N\u00facleo de Rela\u00e7\u00f5es Internacionais da USF, falou sobre a import\u00e2ncia da presen\u00e7a da universidade na Jornada Laudato si\u2019 e na elabora\u00e7\u00e3o do documento final, bem como sobre o impacto da participa\u00e7\u00e3o da institui\u00e7\u00e3o no meio acad\u00eamico.<\/p>\n<p>\u201cA participa\u00e7\u00e3o da Universidade S\u00e3o Francisco na Jornada Laudato si\u2019 representa um marco significativo para a institui\u00e7\u00e3o, pois reafirma sua identidade enquanto universidade confessional de inspira\u00e7\u00e3o franciscana, ao mesmo tempo em que a insere em um di\u00e1logo amplo com o mundo, a hist\u00f3ria e os problemas de nosso tempo\u201d.<\/p>\n<p>Segundo ele, do ponto de vista institucional, essa ades\u00e3o demonstra que a Universidade S\u00e3o Francisco n\u00e3o se limita a formar profissionais t\u00e9cnicos, mas promove uma forma\u00e7\u00e3o human\u00edstica integral, voltada para o encontro com o outro, o cuidado com a vida e a constru\u00e7\u00e3o de uma sociedade mais justa. O professor ressaltou que a presen\u00e7a da institui\u00e7\u00e3o nas atividades promovidas pelo Regional Sul 1 da CNBB demonstra seu compromisso com a sociedade.<\/p>\n<p>\u201cTrata-se de assumir publicamente que a universidade tem um papel essencial no desenvolvimento das ci\u00eancias, colocando o conhecimento a servi\u00e7o da vida. \u201cEm sintonia com a Economia de Francisco e Clara, impulsionada pelo Papa Francisco, a presen\u00e7a da USF nessa jornada indica uma abertura para pensar novos paradigmas econ\u00f4micos e sociais, que superem l\u00f3gicas excludentes e destrutivas e que favore\u00e7am a solidariedade, a sustentabilidade e a coopera\u00e7\u00e3o entre povos e na\u00e7\u00f5es\u201d, salientou o pesquisador.<\/p>\n<p>O docente explicou que, nesse sentido, a universidade se coloca como espa\u00e7o privilegiado para redes de coopera\u00e7\u00e3o acad\u00eamica e social, em que o di\u00e1logo entre f\u00e9, ci\u00eancia e sociedade gera respostas inovadoras aos desafios atuais, como a quest\u00e3o da \u00e1gua, tema central da jornada.<\/p>\n<p>\u201cNa perspectiva da miss\u00e3o franciscana, participar da Jornada Laudato si\u2019 \u00e9 atualizar o carisma de S\u00e3o Francisco de Assis em nosso tempo: o cuidado com os pobres, a aten\u00e7\u00e3o aos vulner\u00e1veis e a defesa da cria\u00e7\u00e3o. Isso significa compreender a ecologia integral como horizonte formativo, no qual a educa\u00e7\u00e3o franciscana se mostra profundamente aberta ao di\u00e1logo com outras tradi\u00e7\u00f5es, saberes e culturas\u201d, salientou o professor Lucas.<\/p>\n<p>Quanto ao impacto que a USF gerou do ponto de vista acad\u00eamico com a participa\u00e7\u00e3o nas atividades, o professor destacou que esse engajamento se reflete em diferentes dimens\u00f5es:<\/p>\n<ul>\n<li>No ensino e na extens\u00e3o, ao integrar a ecologia integral e a \u00e9tica socioambiental em atividades extensionistas, considerando os desafios propostos pelos ODS da ONU, como o desenvolvimento sustent\u00e1vel;<\/li>\n<li>Na pesquisa, ao fomentar projetos interdisciplinares que unam ci\u00eancia, humanismo e sustentabilidade;<\/li>\n<li>Na gest\u00e3o universit\u00e1ria, ao implementar pr\u00e1ticas concretas de cuidado ambiental e responsabilidade social.<\/li>\n<\/ul>\n<p>\u201cFinalmente, essa participa\u00e7\u00e3o projeta a USF para al\u00e9m de seus limites regionais, refor\u00e7ando sua imagem institucional como universidade comprometida com a vida, com o futuro e com a Casa Comum. \u00c9 um testemunho de coer\u00eancia entre miss\u00e3o e pr\u00e1tica, que coloca a institui\u00e7\u00e3o em di\u00e1logo com os grandes temas da contemporaneidade e com a vis\u00e3o de mundo proposta pelo Papa Francisco, e que continua diante do chamado para uma convers\u00e3o ecol\u00f3gica\u201d, afirmou.<\/p>\n<p>O professor Lucas ainda falou sobre a participa\u00e7\u00e3o da institui\u00e7\u00e3o franciscana na jornada educacional que ser\u00e1 realizada em Roma na pr\u00f3xima semana. \u201cSer\u00e1 um momento oportuno para pensar os desafios da educa\u00e7\u00e3o cat\u00f3lica e refletir sobre os projetos educacionais desenvolvidos por toda a Prov\u00edncia\u201d.<\/p>\n<p>A agenda inclui uma reuni\u00e3o junto \u00e0 Pontif\u00edcia Comiss\u00e3o para a Am\u00e9rica Latina, na qual o docente apresentar\u00e1 os projetos desenvolvidos.<\/p>\n<p>Na ocasi\u00e3o, os representantes da USF, que tamb\u00e9m integra a Organiza\u00e7\u00e3o das Universidades Cat\u00f3licas da Am\u00e9rica Latina e do Caribe (ODUCAL), juntamente com outras institui\u00e7\u00f5es e organiza\u00e7\u00f5es de ensino, ter\u00e3o quatro momentos com o Papa Le\u00e3o XIV. Essa oportunidade de encontro com o Pont\u00edfice ocorre no contexto do Jubileu do Mundo Educacional, que ser\u00e1 celebrado de 27 de outubro a 2 de novembro.<\/p>\n<p>\u201cA semana ser\u00e1 dedicada \u00e0s escolas e universidades, incluindo as faculdades eclesi\u00e1sticas: uma verdadeira constela\u00e7\u00e3o de esperan\u00e7a, para guiar e iluminar a jornada educacional das novas gera\u00e7\u00f5es\u201d, conforme explica texto publicado no site da ODUCAL.<\/p>\n<p>No pr\u00f3ximo dia 30 de outubro, os membros da Organiza\u00e7\u00e3o das Universidades Cat\u00f3licas da Am\u00e9rica Latina e do Caribe, incluindo o professor Lucas, ter\u00e3o um encontro privado com o Papa Le\u00e3o XIV.<\/p>\n<p>\u201cA presen\u00e7a da USF na Jornada Laudato Si\u2019 deve ser compreendida como express\u00e3o de sua voca\u00e7\u00e3o human\u00edstica, franciscana e cat\u00f3lica, que assume seu papel fundamental na forma\u00e7\u00e3o de sujeitos cr\u00edticos, no desenvolvimento cient\u00edfico e na constru\u00e7\u00e3o de uma sociedade mais justa e solid\u00e1ria\u201d, concluiu.<\/p>\n<p>A Frente de Evangeliza\u00e7\u00e3o para a Educa\u00e7\u00e3o da Prov\u00edncia Franciscana da Imaculada Concei\u00e7\u00e3o do Brasil acompanha essas a\u00e7\u00f5es das institui\u00e7\u00f5es de ensino vinculadas ao territ\u00f3rio provincial, com olhar atento aos caminhos percorridos para a difus\u00e3o do carisma e da espiritualidade franciscana. \u201cProcedei como filhos da luz. E o fruto da luz \u00e9 toda esp\u00e9cie de bondade, de justi\u00e7a e de verdade\u201d (Ef 5,9).<\/p>\n<hr \/>\n<p><em>Adriana Rabelo Rodrigues\u00a0<\/em><\/p>\n","protected":false},"excerpt":{"rendered":"<p>Cuidado da Casa Comum<\/p>\n","protected":false},"author":11,"featured_media":261773,"comment_status":"open","ping_status":"open","sticky":false,"template":"","format":"standard","meta":[],"categories":[1],"tags":[2444,354],"acf":[],"yoast_head":"<!-- This site is optimized with the Yoast SEO plugin v19.2 - https:\/\/yoast.com\/wordpress\/plugins\/seo\/ -->\n<title>USF leva experi\u00eancia franciscana \u00e0 reflex\u00e3o global sobre o cuidado da Casa Comum - Not\u00edcias - Franciscanos<\/title>\n<meta name=\"robots\" content=\"index, follow, max-snippet:-1, max-image-preview:large, max-video-preview:-1\" \/>\n<link rel=\"canonical\" href=\"https:\/\/franciscanos.org.br\/noticias\/usf-leva-experiencia-franciscana-a-reflexao-global-sobre-o-cuidado-da-casa-comum.html\" \/>\n<meta property=\"og:locale\" content=\"pt_BR\" \/>\n<meta property=\"og:type\" content=\"article\" \/>\n<meta property=\"og:title\" content=\"USF leva experi\u00eancia franciscana \u00e0 reflex\u00e3o global sobre o cuidado da Casa Comum - Not\u00edcias - Franciscanos\" \/>\n<meta property=\"og:description\" content=\"Cuidado da Casa Comum\" \/>\n<meta property=\"og:url\" content=\"https:\/\/franciscanos.org.br\/noticias\/usf-leva-experiencia-franciscana-a-reflexao-global-sobre-o-cuidado-da-casa-comum.html\" \/>\n<meta property=\"og:site_name\" content=\"Not\u00edcias - Franciscanos\" \/>\n<meta property=\"article:published_time\" content=\"2025-10-24T13:45:24+00:00\" \/>\n<meta property=\"article:modified_time\" content=\"2025-10-24T20:58:10+00:00\" \/>\n<meta property=\"og:image\" content=\"https:\/\/franciscanos.org.br\/noticias\/wp-content\/uploads\/2025\/10\/chamada-48.jpg\" \/>\n\t<meta property=\"og:image:width\" content=\"800\" \/>\n\t<meta property=\"og:image:height\" content=\"550\" \/>\n\t<meta property=\"og:image:type\" content=\"image\/jpeg\" \/>\n<meta name=\"author\" content=\"Adriana Rabelo\" \/>\n<meta name=\"twitter:card\" content=\"summary_large_image\" \/>\n<meta name=\"twitter:label1\" content=\"Escrito por\" \/>\n\t<meta name=\"twitter:data1\" content=\"Adriana Rabelo\" \/>\n\t<meta name=\"twitter:label2\" content=\"Est. tempo de leitura\" \/>\n\t<meta name=\"twitter:data2\" content=\"7 minutos\" \/>\n<script type=\"application\/ld+json\" class=\"yoast-schema-graph\">{\"@context\":\"https:\/\/schema.org\",\"@graph\":[{\"@type\":\"WebSite\",\"@id\":\"https:\/\/franciscanos.org.br\/noticias\/#website\",\"url\":\"https:\/\/franciscanos.org.br\/noticias\/\",\"name\":\"Not\u00edcias - Franciscanos\",\"description\":\"Prov\u00edncia Franciscana da Imaculada Concei\u00e7\u00e3o do Brasil - Ordem dos Frades Menores - OFM\",\"potentialAction\":[{\"@type\":\"SearchAction\",\"target\":{\"@type\":\"EntryPoint\",\"urlTemplate\":\"https:\/\/franciscanos.org.br\/noticias\/?s={search_term_string}\"},\"query-input\":\"required name=search_term_string\"}],\"inLanguage\":\"pt-BR\"},{\"@type\":\"ImageObject\",\"inLanguage\":\"pt-BR\",\"@id\":\"https:\/\/franciscanos.org.br\/noticias\/usf-leva-experiencia-franciscana-a-reflexao-global-sobre-o-cuidado-da-casa-comum.html#primaryimage\",\"url\":\"https:\/\/franciscanos.org.br\/noticias\/wp-content\/uploads\/2025\/10\/chamada-48.jpg\",\"contentUrl\":\"https:\/\/franciscanos.org.br\/noticias\/wp-content\/uploads\/2025\/10\/chamada-48.jpg\",\"width\":800,\"height\":550},{\"@type\":\"WebPage\",\"@id\":\"https:\/\/franciscanos.org.br\/noticias\/usf-leva-experiencia-franciscana-a-reflexao-global-sobre-o-cuidado-da-casa-comum.html#webpage\",\"url\":\"https:\/\/franciscanos.org.br\/noticias\/usf-leva-experiencia-franciscana-a-reflexao-global-sobre-o-cuidado-da-casa-comum.html\",\"name\":\"USF leva experi\u00eancia franciscana \u00e0 reflex\u00e3o global sobre o cuidado da Casa Comum - Not\u00edcias - Franciscanos\",\"isPartOf\":{\"@id\":\"https:\/\/franciscanos.org.br\/noticias\/#website\"},\"primaryImageOfPage\":{\"@id\":\"https:\/\/franciscanos.org.br\/noticias\/usf-leva-experiencia-franciscana-a-reflexao-global-sobre-o-cuidado-da-casa-comum.html#primaryimage\"},\"datePublished\":\"2025-10-24T13:45:24+00:00\",\"dateModified\":\"2025-10-24T20:58:10+00:00\",\"author\":{\"@id\":\"https:\/\/franciscanos.org.br\/noticias\/#\/schema\/person\/d9422e83121c3ad3b0f423d195f5bb25\"},\"breadcrumb\":{\"@id\":\"https:\/\/franciscanos.org.br\/noticias\/usf-leva-experiencia-franciscana-a-reflexao-global-sobre-o-cuidado-da-casa-comum.html#breadcrumb\"},\"inLanguage\":\"pt-BR\",\"potentialAction\":[{\"@type\":\"ReadAction\",\"target\":[\"https:\/\/franciscanos.org.br\/noticias\/usf-leva-experiencia-franciscana-a-reflexao-global-sobre-o-cuidado-da-casa-comum.html\"]}]},{\"@type\":\"BreadcrumbList\",\"@id\":\"https:\/\/franciscanos.org.br\/noticias\/usf-leva-experiencia-franciscana-a-reflexao-global-sobre-o-cuidado-da-casa-comum.html#breadcrumb\",\"itemListElement\":[{\"@type\":\"ListItem\",\"position\":1,\"name\":\"Home\",\"item\":\"https:\/\/franciscanos.org.br\/noticias\"},{\"@type\":\"ListItem\",\"position\":2,\"name\":\"USF leva experi\u00eancia franciscana \u00e0 reflex\u00e3o global sobre o cuidado da Casa Comum\"}]},{\"@type\":\"Person\",\"@id\":\"https:\/\/franciscanos.org.br\/noticias\/#\/schema\/person\/d9422e83121c3ad3b0f423d195f5bb25\",\"name\":\"Adriana Rabelo\",\"image\":{\"@type\":\"ImageObject\",\"inLanguage\":\"pt-BR\",\"@id\":\"https:\/\/franciscanos.org.br\/noticias\/#\/schema\/person\/image\/\",\"url\":\"https:\/\/secure.gravatar.com\/avatar\/0a937b7500cd7df77540cfb8bede877d?s=96&d=mm&r=g\",\"contentUrl\":\"https:\/\/secure.gravatar.com\/avatar\/0a937b7500cd7df77540cfb8bede877d?s=96&d=mm&r=g\",\"caption\":\"Adriana Rabelo\"},\"url\":\"https:\/\/franciscanos.org.br\/noticias\/author\/adrianarabelo\"}]}<\/script>\n<!-- \/ Yoast SEO plugin. -->","yoast_head_json":{"title":"USF leva experi\u00eancia franciscana \u00e0 reflex\u00e3o global sobre o cuidado da Casa Comum - Not\u00edcias - Franciscanos","robots":{"index":"index","follow":"follow","max-snippet":"max-snippet:-1","max-image-preview":"max-image-preview:large","max-video-preview":"max-video-preview:-1"},"canonical":"https:\/\/franciscanos.org.br\/noticias\/usf-leva-experiencia-franciscana-a-reflexao-global-sobre-o-cuidado-da-casa-comum.html","og_locale":"pt_BR","og_type":"article","og_title":"USF leva experi\u00eancia franciscana \u00e0 reflex\u00e3o global sobre o cuidado da Casa Comum - Not\u00edcias - Franciscanos","og_description":"Cuidado da Casa Comum","og_url":"https:\/\/franciscanos.org.br\/noticias\/usf-leva-experiencia-franciscana-a-reflexao-global-sobre-o-cuidado-da-casa-comum.html","og_site_name":"Not\u00edcias - Franciscanos","article_published_time":"2025-10-24T13:45:24+00:00","article_modified_time":"2025-10-24T20:58:10+00:00","og_image":[{"width":800,"height":550,"url":"https:\/\/franciscanos.org.br\/noticias\/wp-content\/uploads\/2025\/10\/chamada-48.jpg","type":"image\/jpeg"}],"author":"Adriana Rabelo","twitter_card":"summary_large_image","twitter_misc":{"Escrito por":"Adriana Rabelo","Est. tempo de leitura":"7 minutos"},"schema":{"@context":"https:\/\/schema.org","@graph":[{"@type":"WebSite","@id":"https:\/\/franciscanos.org.br\/noticias\/#website","url":"https:\/\/franciscanos.org.br\/noticias\/","name":"Not\u00edcias - Franciscanos","description":"Prov\u00edncia Franciscana da Imaculada Concei\u00e7\u00e3o do Brasil - Ordem dos Frades Menores - OFM","potentialAction":[{"@type":"SearchAction","target":{"@type":"EntryPoint","urlTemplate":"https:\/\/franciscanos.org.br\/noticias\/?s={search_term_string}"},"query-input":"required name=search_term_string"}],"inLanguage":"pt-BR"},{"@type":"ImageObject","inLanguage":"pt-BR","@id":"https:\/\/franciscanos.org.br\/noticias\/usf-leva-experiencia-franciscana-a-reflexao-global-sobre-o-cuidado-da-casa-comum.html#primaryimage","url":"https:\/\/franciscanos.org.br\/noticias\/wp-content\/uploads\/2025\/10\/chamada-48.jpg","contentUrl":"https:\/\/franciscanos.org.br\/noticias\/wp-content\/uploads\/2025\/10\/chamada-48.jpg","width":800,"height":550},{"@type":"WebPage","@id":"https:\/\/franciscanos.org.br\/noticias\/usf-leva-experiencia-franciscana-a-reflexao-global-sobre-o-cuidado-da-casa-comum.html#webpage","url":"https:\/\/franciscanos.org.br\/noticias\/usf-leva-experiencia-franciscana-a-reflexao-global-sobre-o-cuidado-da-casa-comum.html","name":"USF leva experi\u00eancia franciscana \u00e0 reflex\u00e3o global sobre o cuidado da Casa Comum - Not\u00edcias - Franciscanos","isPartOf":{"@id":"https:\/\/franciscanos.org.br\/noticias\/#website"},"primaryImageOfPage":{"@id":"https:\/\/franciscanos.org.br\/noticias\/usf-leva-experiencia-franciscana-a-reflexao-global-sobre-o-cuidado-da-casa-comum.html#primaryimage"},"datePublished":"2025-10-24T13:45:24+00:00","dateModified":"2025-10-24T20:58:10+00:00","author":{"@id":"https:\/\/franciscanos.org.br\/noticias\/#\/schema\/person\/d9422e83121c3ad3b0f423d195f5bb25"},"breadcrumb":{"@id":"https:\/\/franciscanos.org.br\/noticias\/usf-leva-experiencia-franciscana-a-reflexao-global-sobre-o-cuidado-da-casa-comum.html#breadcrumb"},"inLanguage":"pt-BR","potentialAction":[{"@type":"ReadAction","target":["https:\/\/franciscanos.org.br\/noticias\/usf-leva-experiencia-franciscana-a-reflexao-global-sobre-o-cuidado-da-casa-comum.html"]}]},{"@type":"BreadcrumbList","@id":"https:\/\/franciscanos.org.br\/noticias\/usf-leva-experiencia-franciscana-a-reflexao-global-sobre-o-cuidado-da-casa-comum.html#breadcrumb","itemListElement":[{"@type":"ListItem","position":1,"name":"Home","item":"https:\/\/franciscanos.org.br\/noticias"},{"@type":"ListItem","position":2,"name":"USF leva experi\u00eancia franciscana \u00e0 reflex\u00e3o global sobre o cuidado da Casa Comum"}]},{"@type":"Person","@id":"https:\/\/franciscanos.org.br\/noticias\/#\/schema\/person\/d9422e83121c3ad3b0f423d195f5bb25","name":"Adriana Rabelo","image":{"@type":"ImageObject","inLanguage":"pt-BR","@id":"https:\/\/franciscanos.org.br\/noticias\/#\/schema\/person\/image\/","url":"https:\/\/secure.gravatar.com\/avatar\/0a937b7500cd7df77540cfb8bede877d?s=96&d=mm&r=g","contentUrl":"https:\/\/secure.gravatar.com\/avatar\/0a937b7500cd7df77540cfb8bede877d?s=96&d=mm&r=g","caption":"Adriana Rabelo"},"url":"https:\/\/franciscanos.org.br\/noticias\/author\/adrianarabelo"}]}},"_links":{"self":[{"href":"https:\/\/franciscanos.org.br\/noticias\/wp-json\/wp\/v2\/posts\/261772"}],"collection":[{"href":"https:\/\/franciscanos.org.br\/noticias\/wp-json\/wp\/v2\/posts"}],"about":[{"href":"https:\/\/franciscanos.org.br\/noticias\/wp-json\/wp\/v2\/types\/post"}],"author":[{"embeddable":true,"href":"https:\/\/franciscanos.org.br\/noticias\/wp-json\/wp\/v2\/users\/11"}],"replies":[{"embeddable":true,"href":"https:\/\/franciscanos.org.br\/noticias\/wp-json\/wp\/v2\/comments?post=261772"}],"version-history":[{"count":8,"href":"https:\/\/franciscanos.org.br\/noticias\/wp-json\/wp\/v2\/posts\/261772\/revisions"}],"predecessor-version":[{"id":261784,"href":"https:\/\/franciscanos.org.br\/noticias\/wp-json\/wp\/v2\/posts\/261772\/revisions\/261784"}],"wp:featuredmedia":[{"embeddable":true,"href":"https:\/\/franciscanos.org.br\/noticias\/wp-json\/wp\/v2\/media\/261773"}],"wp:attachment":[{"href":"https:\/\/franciscanos.org.br\/noticias\/wp-json\/wp\/v2\/media?parent=261772"}],"wp:term":[{"taxonomy":"category","embeddable":true,"href":"https:\/\/franciscanos.org.br\/noticias\/wp-json\/wp\/v2\/categories?post=261772"},{"taxonomy":"post_tag","embeddable":true,"href":"https:\/\/franciscanos.org.br\/noticias\/wp-json\/wp\/v2\/tags?post=261772"}],"curies":[{"name":"wp","href":"https:\/\/api.w.org\/{rel}","templated":true}]}}