{"id":261755,"date":"2025-10-24T13:38:40","date_gmt":"2025-10-24T16:38:40","guid":{"rendered":"https:\/\/franciscanos.org.br\/noticias\/?p=261755"},"modified":"2025-10-24T14:50:12","modified_gmt":"2025-10-24T17:50:12","slug":"frei-galvao-nos-ensina-que-o-amor-e-a-caridade-sao-como-fogo-que-ilumina-os-coracoes","status":"publish","type":"post","link":"https:\/\/franciscanos.org.br\/noticias\/frei-galvao-nos-ensina-que-o-amor-e-a-caridade-sao-como-fogo-que-ilumina-os-coracoes.html","title":{"rendered":"Frei Galv\u00e3o nos ensina que o amor e a caridade s\u00e3o como fogo que ilumina os cora\u00e7\u00f5es"},"content":{"rendered":"<p><img loading=\"lazy\" class=\"aligncenter wp-image-261756 size-full\" src=\"https:\/\/franciscanos.org.br\/noticias\/wp-content\/uploads\/2025\/10\/materia1-14.jpg\" alt=\"\" width=\"1280\" height=\"720\" srcset=\"https:\/\/franciscanos.org.br\/noticias\/wp-content\/uploads\/2025\/10\/materia1-14.jpg 1280w, https:\/\/franciscanos.org.br\/noticias\/wp-content\/uploads\/2025\/10\/materia1-14-450x253.jpg 450w, https:\/\/franciscanos.org.br\/noticias\/wp-content\/uploads\/2025\/10\/materia1-14-1024x576.jpg 1024w, https:\/\/franciscanos.org.br\/noticias\/wp-content\/uploads\/2025\/10\/materia1-14-768x432.jpg 768w, https:\/\/franciscanos.org.br\/noticias\/wp-content\/uploads\/2025\/10\/materia1-14-150x84.jpg 150w\" sizes=\"(max-width: 1280px) 100vw, 1280px\" \/><\/p>\n<p>O <strong>8\u00ba dia da novena em louvor a S\u00e3o Frei Galv\u00e3o<\/strong>, celebrado no dia 23 de outubro, teve como tema \u201cFrei Galv\u00e3o, fogo aceso da caridade\u201d, e foi marcado por duas celebra\u00e7\u00f5es profundamente inspiradoras, que convidaram os fi\u00e9is a renovar o compromisso com o Evangelho do amor e do servi\u00e7o.<\/p>\n<p>Ao longo do dia, o Santu\u00e1rio acolheu devotos nas Missas das 15h e das 19h, cada uma trazendo reflex\u00f5es distintas, mas unidas pelo mesmo esp\u00edrito de caridade e compaix\u00e3o que caracterizou a vida do primeiro santo brasileiro.<\/p>\n<p>A celebra\u00e7\u00e3o do per\u00eddo da tarde foi presidida pelo <strong>Padre J\u00falio Lancellotti<\/strong>, da Par\u00f3quia S\u00e3o Miguel Arcanjo, na capital paulista. Muito conhecido por sua atua\u00e7\u00e3o junto \u00e0 popula\u00e7\u00e3o em situa\u00e7\u00e3o de rua, o presb\u00edtero refletiu, em sua homilia, sobre a miss\u00e3o de Cristo e de S\u00e3o Frei Galv\u00e3o entre os pobres e os menos favorecidos.<\/p>\n<p>Ele lembrou que a op\u00e7\u00e3o de Jesus n\u00e3o \u00e9 por aqueles que det\u00eam grandes poderes na Terra, mas pelos que vivem em vulnerabilidade e pobreza. Segundo ele, quem se ocupa em reprimir os pequenos n\u00e3o est\u00e1 em unidade com Cristo nem com o Reino de Deus, pois se fecha em interesses pessoais que n\u00e3o refletem o Evangelho.<\/p>\n\n\t\t<style type=\"text\/css\">\n\t\t\t#gallery-1 {\n\t\t\t\tmargin: auto;\n\t\t\t}\n\t\t\t#gallery-1 .gallery-item {\n\t\t\t\tfloat: left;\n\t\t\t\tmargin-top: 10px;\n\t\t\t\ttext-align: center;\n\t\t\t\twidth: 33%;\n\t\t\t}\n\t\t\t#gallery-1 img {\n\t\t\t\tborder: 2px solid #cfcfcf;\n\t\t\t}\n\t\t\t#gallery-1 .gallery-caption {\n\t\t\t\tmargin-left: 0;\n\t\t\t}\n\t\t\t\/* see gallery_shortcode() in wp-includes\/media.php *\/\n\t\t<\/style>\n\t\t<div id='gallery-1' class='gallery galleryid-261755 gallery-columns-3 gallery-size-thumbnail'><dl class='gallery-item'>\n\t\t\t<dt class='gallery-icon portrait'>\n\t\t\t\t<a href='https:\/\/franciscanos.org.br\/noticias\/wp-content\/uploads\/2025\/10\/julio-1_68fae8037a0e9.jpg'><img width=\"300\" height=\"300\" src=\"https:\/\/franciscanos.org.br\/noticias\/wp-content\/uploads\/2025\/10\/julio-1_68fae8037a0e9-300x300.jpg\" class=\"attachment-thumbnail size-thumbnail\" alt=\"\" loading=\"lazy\" srcset=\"https:\/\/franciscanos.org.br\/noticias\/wp-content\/uploads\/2025\/10\/julio-1_68fae8037a0e9-300x300.jpg 300w, https:\/\/franciscanos.org.br\/noticias\/wp-content\/uploads\/2025\/10\/julio-1_68fae8037a0e9-100x100.jpg 100w\" sizes=\"(max-width: 300px) 100vw, 300px\" \/><\/a>\n\t\t\t<\/dt><\/dl><dl class='gallery-item'>\n\t\t\t<dt class='gallery-icon portrait'>\n\t\t\t\t<a href='https:\/\/franciscanos.org.br\/noticias\/wp-content\/uploads\/2025\/10\/julio-2_68fae8186f174.jpg'><img width=\"300\" height=\"300\" src=\"https:\/\/franciscanos.org.br\/noticias\/wp-content\/uploads\/2025\/10\/julio-2_68fae8186f174-300x300.jpg\" class=\"attachment-thumbnail size-thumbnail\" alt=\"\" loading=\"lazy\" srcset=\"https:\/\/franciscanos.org.br\/noticias\/wp-content\/uploads\/2025\/10\/julio-2_68fae8186f174-300x300.jpg 300w, https:\/\/franciscanos.org.br\/noticias\/wp-content\/uploads\/2025\/10\/julio-2_68fae8186f174-100x100.jpg 100w\" sizes=\"(max-width: 300px) 100vw, 300px\" \/><\/a>\n\t\t\t<\/dt><\/dl><dl class='gallery-item'>\n\t\t\t<dt class='gallery-icon portrait'>\n\t\t\t\t<a href='https:\/\/franciscanos.org.br\/noticias\/wp-content\/uploads\/2025\/10\/julio-4_68fae82bc8770.jpg'><img width=\"300\" height=\"300\" src=\"https:\/\/franciscanos.org.br\/noticias\/wp-content\/uploads\/2025\/10\/julio-4_68fae82bc8770-300x300.jpg\" class=\"attachment-thumbnail size-thumbnail\" alt=\"\" loading=\"lazy\" srcset=\"https:\/\/franciscanos.org.br\/noticias\/wp-content\/uploads\/2025\/10\/julio-4_68fae82bc8770-300x300.jpg 300w, https:\/\/franciscanos.org.br\/noticias\/wp-content\/uploads\/2025\/10\/julio-4_68fae82bc8770-100x100.jpg 100w\" sizes=\"(max-width: 300px) 100vw, 300px\" \/><\/a>\n\t\t\t<\/dt><\/dl><br style=\"clear: both\" \/>\n\t\t<\/div>\n\n<p>Padre J\u00falio tamb\u00e9m destacou que o crist\u00e3o n\u00e3o pode ser sin\u00f4nimo de divis\u00e3o, nem se associar a causas que ferem a justi\u00e7a e o amor. \u201cDevemos ser profetas e n\u00e3o promotores da divis\u00e3o em nossa sociedade. Devemos olhar com amor para todos os exclu\u00eddos e acolher, tal como S\u00e3o Frei Galv\u00e3o, que pagava as d\u00edvidas daqueles que necessitavam, sendo um verdadeiro testemunho de Paz e Bem\u201d, afirmou.<\/p>\n<p><img loading=\"lazy\" class=\"aligncenter wp-image-261760 size-full\" src=\"https:\/\/franciscanos.org.br\/noticias\/wp-content\/uploads\/2025\/10\/materia-2-8.jpg\" alt=\"\" width=\"1280\" height=\"720\" srcset=\"https:\/\/franciscanos.org.br\/noticias\/wp-content\/uploads\/2025\/10\/materia-2-8.jpg 1280w, https:\/\/franciscanos.org.br\/noticias\/wp-content\/uploads\/2025\/10\/materia-2-8-450x253.jpg 450w, https:\/\/franciscanos.org.br\/noticias\/wp-content\/uploads\/2025\/10\/materia-2-8-1024x576.jpg 1024w, https:\/\/franciscanos.org.br\/noticias\/wp-content\/uploads\/2025\/10\/materia-2-8-768x432.jpg 768w, https:\/\/franciscanos.org.br\/noticias\/wp-content\/uploads\/2025\/10\/materia-2-8-150x84.jpg 150w\" sizes=\"(max-width: 1280px) 100vw, 1280px\" \/><\/p>\n<h3><strong>\u00a0\u201cO mundo est\u00e1 carente de pessoas viciadas em amar\u201d, afirma Frei Gustavo Medella<\/strong><\/h3>\n<p>\u00c0 noite, o Santu\u00e1rio permaneceu repleto para a Santa Missa das 19h, presidida por <strong>Frei Gustavo Wayand Medella<\/strong>, Vig\u00e1rio provincial da Prov\u00edncia da Imaculada Concei\u00e7\u00e3o do Brasil. Inspirado pelo tema do dia e tendo como paraninfos as pastorais sociais, pastoral de rua, Secretaria de Assist\u00eancia Social, Projeto Perfeita Alegria (do Semin\u00e1rio e do Santu\u00e1rio Frei Galv\u00e3o) e os Vicentinos, o frade convidou os fi\u00e9is a refletirem sobre as escravid\u00f5es modernas que aprisionam o ser humano: o apego ao dinheiro, \u00e0 fama, ao poder e ao \u00f3dio, \u00e0 reclama\u00e7\u00e3o.\u00a0 Ele convidou os fi\u00e9is a se tornarem \u201cviciados em amar\u201d.<\/p>\n<p><strong>\u201cSe formos viciados, que sejamos viciados em amar. O mundo est\u00e1 carente de pessoas viciadas em amar\u201d<\/strong>, afirmou o frade que atualmente reside no Convento Santo Ant\u00f4nio, na cidade do Rio de Janeiro. Em seguida, apresentou tr\u00eas caminhos para cultivar esse \u201cv\u00edcio do amor\u201d: fazer o bem sem olhar a quem; alegrar-se com a alegria do outro, superando sentimentos de inveja e competi\u00e7\u00e3o; perdoar sempre, como forma de manter o cora\u00e7\u00e3o leve e a chama do amor acesa. &#8220;Perdoar n\u00e3o \u00e9 f\u00e1cil, mas \u00e9 o caminho para termos um cora\u00e7\u00e3o leve, para que a chama do amor n\u00e3o se apague em n\u00f3s\u201d, enfatizou.<\/p>\n\n\t\t<style type=\"text\/css\">\n\t\t\t#gallery-2 {\n\t\t\t\tmargin: auto;\n\t\t\t}\n\t\t\t#gallery-2 .gallery-item {\n\t\t\t\tfloat: left;\n\t\t\t\tmargin-top: 10px;\n\t\t\t\ttext-align: center;\n\t\t\t\twidth: 33%;\n\t\t\t}\n\t\t\t#gallery-2 img {\n\t\t\t\tborder: 2px solid #cfcfcf;\n\t\t\t}\n\t\t\t#gallery-2 .gallery-caption {\n\t\t\t\tmargin-left: 0;\n\t\t\t}\n\t\t\t\/* see gallery_shortcode() in wp-includes\/media.php *\/\n\t\t<\/style>\n\t\t<div id='gallery-2' class='gallery galleryid-261755 gallery-columns-3 gallery-size-thumbnail'><dl class='gallery-item'>\n\t\t\t<dt class='gallery-icon portrait'>\n\t\t\t\t<a href='https:\/\/franciscanos.org.br\/noticias\/wp-content\/uploads\/2025\/10\/novena-5_68fae5f6c0fc4.jpg'><img width=\"300\" height=\"300\" src=\"https:\/\/franciscanos.org.br\/noticias\/wp-content\/uploads\/2025\/10\/novena-5_68fae5f6c0fc4-300x300.jpg\" class=\"attachment-thumbnail size-thumbnail\" alt=\"\" loading=\"lazy\" srcset=\"https:\/\/franciscanos.org.br\/noticias\/wp-content\/uploads\/2025\/10\/novena-5_68fae5f6c0fc4-300x300.jpg 300w, https:\/\/franciscanos.org.br\/noticias\/wp-content\/uploads\/2025\/10\/novena-5_68fae5f6c0fc4-100x100.jpg 100w\" sizes=\"(max-width: 300px) 100vw, 300px\" \/><\/a>\n\t\t\t<\/dt><\/dl><dl class='gallery-item'>\n\t\t\t<dt class='gallery-icon portrait'>\n\t\t\t\t<a href='https:\/\/franciscanos.org.br\/noticias\/wp-content\/uploads\/2025\/10\/novena-7_68fae62f26a20.jpg'><img width=\"300\" height=\"300\" src=\"https:\/\/franciscanos.org.br\/noticias\/wp-content\/uploads\/2025\/10\/novena-7_68fae62f26a20-300x300.jpg\" class=\"attachment-thumbnail size-thumbnail\" alt=\"\" loading=\"lazy\" srcset=\"https:\/\/franciscanos.org.br\/noticias\/wp-content\/uploads\/2025\/10\/novena-7_68fae62f26a20-300x300.jpg 300w, https:\/\/franciscanos.org.br\/noticias\/wp-content\/uploads\/2025\/10\/novena-7_68fae62f26a20-100x100.jpg 100w\" sizes=\"(max-width: 300px) 100vw, 300px\" \/><\/a>\n\t\t\t<\/dt><\/dl><dl class='gallery-item'>\n\t\t\t<dt class='gallery-icon portrait'>\n\t\t\t\t<a href='https:\/\/franciscanos.org.br\/noticias\/wp-content\/uploads\/2025\/10\/novena-8_68fae61b71e44.jpg'><img width=\"300\" height=\"300\" src=\"https:\/\/franciscanos.org.br\/noticias\/wp-content\/uploads\/2025\/10\/novena-8_68fae61b71e44-300x300.jpg\" class=\"attachment-thumbnail size-thumbnail\" alt=\"\" loading=\"lazy\" srcset=\"https:\/\/franciscanos.org.br\/noticias\/wp-content\/uploads\/2025\/10\/novena-8_68fae61b71e44-300x300.jpg 300w, https:\/\/franciscanos.org.br\/noticias\/wp-content\/uploads\/2025\/10\/novena-8_68fae61b71e44-100x100.jpg 100w\" sizes=\"(max-width: 300px) 100vw, 300px\" \/><\/a>\n\t\t\t<\/dt><\/dl><br style=\"clear: both\" \/>\n\t\t<\/div>\n\n<h3><strong>Testemunho de Dulcelina comoveu os presentes<\/strong><\/h3>\n<p>Antes da ora\u00e7\u00e3o diante da imagem de Frei Galv\u00e3o, os presentes acompanharam o testemunho de Dulcelina, que relatou sua hist\u00f3ria de f\u00e9 e cura atrav\u00e9s da intercess\u00e3o de Frei Galv\u00e3o. Diagnosticada com um c\u00e2ncer maligno na faringe, em janeiro de 2022, durante o tratamento, ela manteve-se sempre confiante, apegada em Deus, Nossa Senhora Aparecida e Frei Galv\u00e3o. Mesmo debilitada, ela foi acompanhada de uma amiga na Novena de Frei Galv\u00e3o e, durante a prociss\u00e3o, caminhou ao lado do andor com a imagem do Santo.<\/p>\n<p>Hoje, curada do c\u00e2ncer, ela agradeceu a gra\u00e7a alcan\u00e7ada e deu seu testemunho diante da assembleia: \u201cHoje eu n\u00e3o tenho nada. Minha garganta est\u00e1 limpa. Agrade\u00e7o a Deus e a Frei Galv\u00e3o por intercederem por mim\u201d, relatou.<\/p>\n<p>Frei Gustavo encerrou a noite convidando todos a rezarem diante da imagem de Frei Galv\u00e3o, em agradecimento pelas b\u00ean\u00e7\u00e3os alcan\u00e7adas.<\/p>\n<hr \/>\n<p><em>Texto: Frei Filipo Carpi Gir\u00e3o e\u00a0 \u00c9rika Augusto\/\u00a0 Fotos: Rafa Marins e Felipe Nogueira\u00a0(Pascom Santu\u00e1rio Frei Galv\u00e3o)<\/em><\/p>\n","protected":false},"excerpt":{"rendered":"<p>Festa de Frei Galv\u00e3o 2025<\/p>\n","protected":false},"author":11,"featured_media":261764,"comment_status":"open","ping_status":"open","sticky":false,"template":"","format":"standard","meta":[],"categories":[1],"tags":[2396,1821],"acf":[],"yoast_head":"<!-- This site is optimized with the Yoast SEO plugin v19.2 - https:\/\/yoast.com\/wordpress\/plugins\/seo\/ -->\n<title>Frei Galv\u00e3o nos ensina que o amor e a caridade s\u00e3o como fogo que ilumina os cora\u00e7\u00f5es - Not\u00edcias - Franciscanos<\/title>\n<meta name=\"robots\" content=\"index, follow, max-snippet:-1, max-image-preview:large, max-video-preview:-1\" \/>\n<link rel=\"canonical\" href=\"https:\/\/franciscanos.org.br\/noticias\/frei-galvao-nos-ensina-que-o-amor-e-a-caridade-sao-como-fogo-que-ilumina-os-coracoes.html\" \/>\n<meta property=\"og:locale\" content=\"pt_BR\" \/>\n<meta property=\"og:type\" content=\"article\" \/>\n<meta property=\"og:title\" content=\"Frei Galv\u00e3o nos ensina que o amor e a caridade s\u00e3o como fogo que ilumina os cora\u00e7\u00f5es - Not\u00edcias - Franciscanos\" \/>\n<meta property=\"og:description\" content=\"Festa de Frei Galv\u00e3o 2025\" \/>\n<meta property=\"og:url\" content=\"https:\/\/franciscanos.org.br\/noticias\/frei-galvao-nos-ensina-que-o-amor-e-a-caridade-sao-como-fogo-que-ilumina-os-coracoes.html\" \/>\n<meta property=\"og:site_name\" content=\"Not\u00edcias - Franciscanos\" \/>\n<meta property=\"article:published_time\" content=\"2025-10-24T16:38:40+00:00\" \/>\n<meta property=\"article:modified_time\" content=\"2025-10-24T17:50:12+00:00\" \/>\n<meta property=\"og:image\" content=\"https:\/\/franciscanos.org.br\/noticias\/wp-content\/uploads\/2025\/10\/chamada-47.jpg\" \/>\n\t<meta property=\"og:image:width\" content=\"800\" \/>\n\t<meta property=\"og:image:height\" content=\"550\" \/>\n\t<meta property=\"og:image:type\" content=\"image\/jpeg\" \/>\n<meta name=\"author\" content=\"Adriana Rabelo\" \/>\n<meta name=\"twitter:card\" content=\"summary_large_image\" \/>\n<meta name=\"twitter:label1\" content=\"Escrito por\" \/>\n\t<meta name=\"twitter:data1\" content=\"Adriana Rabelo\" \/>\n\t<meta name=\"twitter:label2\" content=\"Est. tempo de leitura\" \/>\n\t<meta name=\"twitter:data2\" content=\"4 minutos\" \/>\n<script type=\"application\/ld+json\" class=\"yoast-schema-graph\">{\"@context\":\"https:\/\/schema.org\",\"@graph\":[{\"@type\":\"WebSite\",\"@id\":\"https:\/\/franciscanos.org.br\/noticias\/#website\",\"url\":\"https:\/\/franciscanos.org.br\/noticias\/\",\"name\":\"Not\u00edcias - Franciscanos\",\"description\":\"Prov\u00edncia Franciscana da Imaculada Concei\u00e7\u00e3o do Brasil - Ordem dos Frades Menores - OFM\",\"potentialAction\":[{\"@type\":\"SearchAction\",\"target\":{\"@type\":\"EntryPoint\",\"urlTemplate\":\"https:\/\/franciscanos.org.br\/noticias\/?s={search_term_string}\"},\"query-input\":\"required name=search_term_string\"}],\"inLanguage\":\"pt-BR\"},{\"@type\":\"ImageObject\",\"inLanguage\":\"pt-BR\",\"@id\":\"https:\/\/franciscanos.org.br\/noticias\/frei-galvao-nos-ensina-que-o-amor-e-a-caridade-sao-como-fogo-que-ilumina-os-coracoes.html#primaryimage\",\"url\":\"https:\/\/franciscanos.org.br\/noticias\/wp-content\/uploads\/2025\/10\/chamada-47.jpg\",\"contentUrl\":\"https:\/\/franciscanos.org.br\/noticias\/wp-content\/uploads\/2025\/10\/chamada-47.jpg\",\"width\":800,\"height\":550},{\"@type\":\"WebPage\",\"@id\":\"https:\/\/franciscanos.org.br\/noticias\/frei-galvao-nos-ensina-que-o-amor-e-a-caridade-sao-como-fogo-que-ilumina-os-coracoes.html#webpage\",\"url\":\"https:\/\/franciscanos.org.br\/noticias\/frei-galvao-nos-ensina-que-o-amor-e-a-caridade-sao-como-fogo-que-ilumina-os-coracoes.html\",\"name\":\"Frei Galv\u00e3o nos ensina que o amor e a caridade s\u00e3o como fogo que ilumina os cora\u00e7\u00f5es - Not\u00edcias - Franciscanos\",\"isPartOf\":{\"@id\":\"https:\/\/franciscanos.org.br\/noticias\/#website\"},\"primaryImageOfPage\":{\"@id\":\"https:\/\/franciscanos.org.br\/noticias\/frei-galvao-nos-ensina-que-o-amor-e-a-caridade-sao-como-fogo-que-ilumina-os-coracoes.html#primaryimage\"},\"datePublished\":\"2025-10-24T16:38:40+00:00\",\"dateModified\":\"2025-10-24T17:50:12+00:00\",\"author\":{\"@id\":\"https:\/\/franciscanos.org.br\/noticias\/#\/schema\/person\/d9422e83121c3ad3b0f423d195f5bb25\"},\"breadcrumb\":{\"@id\":\"https:\/\/franciscanos.org.br\/noticias\/frei-galvao-nos-ensina-que-o-amor-e-a-caridade-sao-como-fogo-que-ilumina-os-coracoes.html#breadcrumb\"},\"inLanguage\":\"pt-BR\",\"potentialAction\":[{\"@type\":\"ReadAction\",\"target\":[\"https:\/\/franciscanos.org.br\/noticias\/frei-galvao-nos-ensina-que-o-amor-e-a-caridade-sao-como-fogo-que-ilumina-os-coracoes.html\"]}]},{\"@type\":\"BreadcrumbList\",\"@id\":\"https:\/\/franciscanos.org.br\/noticias\/frei-galvao-nos-ensina-que-o-amor-e-a-caridade-sao-como-fogo-que-ilumina-os-coracoes.html#breadcrumb\",\"itemListElement\":[{\"@type\":\"ListItem\",\"position\":1,\"name\":\"Home\",\"item\":\"https:\/\/franciscanos.org.br\/noticias\"},{\"@type\":\"ListItem\",\"position\":2,\"name\":\"Frei Galv\u00e3o nos ensina que o amor e a caridade s\u00e3o como fogo que ilumina os cora\u00e7\u00f5es\"}]},{\"@type\":\"Person\",\"@id\":\"https:\/\/franciscanos.org.br\/noticias\/#\/schema\/person\/d9422e83121c3ad3b0f423d195f5bb25\",\"name\":\"Adriana Rabelo\",\"image\":{\"@type\":\"ImageObject\",\"inLanguage\":\"pt-BR\",\"@id\":\"https:\/\/franciscanos.org.br\/noticias\/#\/schema\/person\/image\/\",\"url\":\"https:\/\/secure.gravatar.com\/avatar\/0a937b7500cd7df77540cfb8bede877d?s=96&d=mm&r=g\",\"contentUrl\":\"https:\/\/secure.gravatar.com\/avatar\/0a937b7500cd7df77540cfb8bede877d?s=96&d=mm&r=g\",\"caption\":\"Adriana Rabelo\"},\"url\":\"https:\/\/franciscanos.org.br\/noticias\/author\/adrianarabelo\"}]}<\/script>\n<!-- \/ Yoast SEO plugin. -->","yoast_head_json":{"title":"Frei Galv\u00e3o nos ensina que o amor e a caridade s\u00e3o como fogo que ilumina os cora\u00e7\u00f5es - Not\u00edcias - Franciscanos","robots":{"index":"index","follow":"follow","max-snippet":"max-snippet:-1","max-image-preview":"max-image-preview:large","max-video-preview":"max-video-preview:-1"},"canonical":"https:\/\/franciscanos.org.br\/noticias\/frei-galvao-nos-ensina-que-o-amor-e-a-caridade-sao-como-fogo-que-ilumina-os-coracoes.html","og_locale":"pt_BR","og_type":"article","og_title":"Frei Galv\u00e3o nos ensina que o amor e a caridade s\u00e3o como fogo que ilumina os cora\u00e7\u00f5es - Not\u00edcias - Franciscanos","og_description":"Festa de Frei Galv\u00e3o 2025","og_url":"https:\/\/franciscanos.org.br\/noticias\/frei-galvao-nos-ensina-que-o-amor-e-a-caridade-sao-como-fogo-que-ilumina-os-coracoes.html","og_site_name":"Not\u00edcias - Franciscanos","article_published_time":"2025-10-24T16:38:40+00:00","article_modified_time":"2025-10-24T17:50:12+00:00","og_image":[{"width":800,"height":550,"url":"https:\/\/franciscanos.org.br\/noticias\/wp-content\/uploads\/2025\/10\/chamada-47.jpg","type":"image\/jpeg"}],"author":"Adriana Rabelo","twitter_card":"summary_large_image","twitter_misc":{"Escrito por":"Adriana Rabelo","Est. tempo de leitura":"4 minutos"},"schema":{"@context":"https:\/\/schema.org","@graph":[{"@type":"WebSite","@id":"https:\/\/franciscanos.org.br\/noticias\/#website","url":"https:\/\/franciscanos.org.br\/noticias\/","name":"Not\u00edcias - Franciscanos","description":"Prov\u00edncia Franciscana da Imaculada Concei\u00e7\u00e3o do Brasil - Ordem dos Frades Menores - OFM","potentialAction":[{"@type":"SearchAction","target":{"@type":"EntryPoint","urlTemplate":"https:\/\/franciscanos.org.br\/noticias\/?s={search_term_string}"},"query-input":"required name=search_term_string"}],"inLanguage":"pt-BR"},{"@type":"ImageObject","inLanguage":"pt-BR","@id":"https:\/\/franciscanos.org.br\/noticias\/frei-galvao-nos-ensina-que-o-amor-e-a-caridade-sao-como-fogo-que-ilumina-os-coracoes.html#primaryimage","url":"https:\/\/franciscanos.org.br\/noticias\/wp-content\/uploads\/2025\/10\/chamada-47.jpg","contentUrl":"https:\/\/franciscanos.org.br\/noticias\/wp-content\/uploads\/2025\/10\/chamada-47.jpg","width":800,"height":550},{"@type":"WebPage","@id":"https:\/\/franciscanos.org.br\/noticias\/frei-galvao-nos-ensina-que-o-amor-e-a-caridade-sao-como-fogo-que-ilumina-os-coracoes.html#webpage","url":"https:\/\/franciscanos.org.br\/noticias\/frei-galvao-nos-ensina-que-o-amor-e-a-caridade-sao-como-fogo-que-ilumina-os-coracoes.html","name":"Frei Galv\u00e3o nos ensina que o amor e a caridade s\u00e3o como fogo que ilumina os cora\u00e7\u00f5es - Not\u00edcias - Franciscanos","isPartOf":{"@id":"https:\/\/franciscanos.org.br\/noticias\/#website"},"primaryImageOfPage":{"@id":"https:\/\/franciscanos.org.br\/noticias\/frei-galvao-nos-ensina-que-o-amor-e-a-caridade-sao-como-fogo-que-ilumina-os-coracoes.html#primaryimage"},"datePublished":"2025-10-24T16:38:40+00:00","dateModified":"2025-10-24T17:50:12+00:00","author":{"@id":"https:\/\/franciscanos.org.br\/noticias\/#\/schema\/person\/d9422e83121c3ad3b0f423d195f5bb25"},"breadcrumb":{"@id":"https:\/\/franciscanos.org.br\/noticias\/frei-galvao-nos-ensina-que-o-amor-e-a-caridade-sao-como-fogo-que-ilumina-os-coracoes.html#breadcrumb"},"inLanguage":"pt-BR","potentialAction":[{"@type":"ReadAction","target":["https:\/\/franciscanos.org.br\/noticias\/frei-galvao-nos-ensina-que-o-amor-e-a-caridade-sao-como-fogo-que-ilumina-os-coracoes.html"]}]},{"@type":"BreadcrumbList","@id":"https:\/\/franciscanos.org.br\/noticias\/frei-galvao-nos-ensina-que-o-amor-e-a-caridade-sao-como-fogo-que-ilumina-os-coracoes.html#breadcrumb","itemListElement":[{"@type":"ListItem","position":1,"name":"Home","item":"https:\/\/franciscanos.org.br\/noticias"},{"@type":"ListItem","position":2,"name":"Frei Galv\u00e3o nos ensina que o amor e a caridade s\u00e3o como fogo que ilumina os cora\u00e7\u00f5es"}]},{"@type":"Person","@id":"https:\/\/franciscanos.org.br\/noticias\/#\/schema\/person\/d9422e83121c3ad3b0f423d195f5bb25","name":"Adriana Rabelo","image":{"@type":"ImageObject","inLanguage":"pt-BR","@id":"https:\/\/franciscanos.org.br\/noticias\/#\/schema\/person\/image\/","url":"https:\/\/secure.gravatar.com\/avatar\/0a937b7500cd7df77540cfb8bede877d?s=96&d=mm&r=g","contentUrl":"https:\/\/secure.gravatar.com\/avatar\/0a937b7500cd7df77540cfb8bede877d?s=96&d=mm&r=g","caption":"Adriana Rabelo"},"url":"https:\/\/franciscanos.org.br\/noticias\/author\/adrianarabelo"}]}},"_links":{"self":[{"href":"https:\/\/franciscanos.org.br\/noticias\/wp-json\/wp\/v2\/posts\/261755"}],"collection":[{"href":"https:\/\/franciscanos.org.br\/noticias\/wp-json\/wp\/v2\/posts"}],"about":[{"href":"https:\/\/franciscanos.org.br\/noticias\/wp-json\/wp\/v2\/types\/post"}],"author":[{"embeddable":true,"href":"https:\/\/franciscanos.org.br\/noticias\/wp-json\/wp\/v2\/users\/11"}],"replies":[{"embeddable":true,"href":"https:\/\/franciscanos.org.br\/noticias\/wp-json\/wp\/v2\/comments?post=261755"}],"version-history":[{"count":7,"href":"https:\/\/franciscanos.org.br\/noticias\/wp-json\/wp\/v2\/posts\/261755\/revisions"}],"predecessor-version":[{"id":261771,"href":"https:\/\/franciscanos.org.br\/noticias\/wp-json\/wp\/v2\/posts\/261755\/revisions\/261771"}],"wp:featuredmedia":[{"embeddable":true,"href":"https:\/\/franciscanos.org.br\/noticias\/wp-json\/wp\/v2\/media\/261764"}],"wp:attachment":[{"href":"https:\/\/franciscanos.org.br\/noticias\/wp-json\/wp\/v2\/media?parent=261755"}],"wp:term":[{"taxonomy":"category","embeddable":true,"href":"https:\/\/franciscanos.org.br\/noticias\/wp-json\/wp\/v2\/categories?post=261755"},{"taxonomy":"post_tag","embeddable":true,"href":"https:\/\/franciscanos.org.br\/noticias\/wp-json\/wp\/v2\/tags?post=261755"}],"curies":[{"name":"wp","href":"https:\/\/api.w.org\/{rel}","templated":true}]}}