{"id":261750,"date":"2025-10-23T16:20:45","date_gmt":"2025-10-23T19:20:45","guid":{"rendered":"https:\/\/franciscanos.org.br\/noticias\/?p=261750"},"modified":"2025-10-23T16:20:45","modified_gmt":"2025-10-23T19:20:45","slug":"com-frei-galvao-a-paz-nasce-da-caridade-e-da-fe-viva","status":"publish","type":"post","link":"https:\/\/franciscanos.org.br\/noticias\/com-frei-galvao-a-paz-nasce-da-caridade-e-da-fe-viva.html","title":{"rendered":"Com Frei Galv\u00e3o, a paz nasce da caridade e da f\u00e9 viva"},"content":{"rendered":"<p><img loading=\"lazy\" class=\"aligncenter wp-image-261751 size-full\" src=\"https:\/\/franciscanos.org.br\/noticias\/wp-content\/uploads\/2025\/10\/materia1-13.jpg\" alt=\"\" width=\"1280\" height=\"720\" srcset=\"https:\/\/franciscanos.org.br\/noticias\/wp-content\/uploads\/2025\/10\/materia1-13.jpg 1280w, https:\/\/franciscanos.org.br\/noticias\/wp-content\/uploads\/2025\/10\/materia1-13-450x253.jpg 450w, https:\/\/franciscanos.org.br\/noticias\/wp-content\/uploads\/2025\/10\/materia1-13-1024x576.jpg 1024w, https:\/\/franciscanos.org.br\/noticias\/wp-content\/uploads\/2025\/10\/materia1-13-768x432.jpg 768w, https:\/\/franciscanos.org.br\/noticias\/wp-content\/uploads\/2025\/10\/materia1-13-150x84.jpg 150w\" sizes=\"(max-width: 1280px) 100vw, 1280px\" \/><\/p>\n<p>A Santa Missa da novena de Frei Galv\u00e3o desta quarta-feira, \u00e0s 15h, foi altar de mais uma acolhida de um novo sacerdote da Prov\u00edncia da Imaculada. Frei Jo\u00e3o Manoel Zechinatto presidiu a celebra\u00e7\u00e3o, que foi um momento de profundo louvor a Deus, em um dia tamb\u00e9m simb\u00f3lico, no qual a Igreja celebra a mem\u00f3ria lit\u00fargica de S\u00e3o Jo\u00e3o Paulo II, um construtor de pontes para o seu tempo.<\/p>\n<p>Em sua homilia, Frei Jo\u00e3o, inspirado pelo Evangelho de Lucas e pelo tema do s\u00e9timo dia da novena \u201c Frei Galv\u00e3o, o administrador fiel que promove a paz que vem da caridade e da f\u00e9 viva\u201d, refletiu sobre o mau administrador e as suas consequ\u00eancias para a humanidade, bem como os reflexos que essa par\u00e1bola traz para n\u00f3s. A sociedade, quando busca coisas grandes, acaba se desviando do caminho de Deus.<\/p>\n<p>Segundo o presb\u00edtero, muitos tentaram, com o passar dos s\u00e9culos, criar um grande imp\u00e9rio que dominasse todos os povos e todos os pa\u00edses. Contudo, o que alguns tentaram com a espada e com a riqueza terrena, Cristo conseguiu com o amor, a caridade e a partilha. Jesus Cristo e sua mensagem n\u00e3o acabaram na cruz nem no sepulcro.<\/p>\n<p>Frei Jo\u00e3o ainda salientou que Deus \u00e9 vida e seu ensinamento ecoar\u00e1 por toda a eternidade. \u201cTodo aquele que vive profundamente seu Evangelho \u2018ressuscita\u2019 junto com Ele, e a prova disso \u00e9 a vida dos santos da Igreja, que s\u00e3o como \u2018tradutores\u2019 de Cristo para n\u00f3s. Frei Galv\u00e3o foi um desses grandes administradores dos bens e da gra\u00e7a de Deus. Ele n\u00e3o fechou seu cora\u00e7\u00e3o, sendo d\u00f3cil \u00e0 a\u00e7\u00e3o do Senhor. Este santo permitiu que a gra\u00e7a transbordasse em seus feitos, de tal maneira que sua P\u00e1scoa n\u00e3o \u00e9 sinal de um fim, porque ele continua vivo em harmonia com os fi\u00e9is no c\u00e9u e na terra\u201d.<\/p>\n<p>Motivando os devotos de Frei Galv\u00e3o, disse: \u201cNa Celebra\u00e7\u00e3o Eucar\u00edstica permanecemos de p\u00e9 como o Ressuscitado, e se estamos participando desse mist\u00e9rio, \u00e9 porque faz parte do prop\u00f3sito de Deus para n\u00f3s\u201d.<\/p>\n<p>O frade tamb\u00e9m lembrou que, no dia de S\u00e3o Jo\u00e3o Paulo II \u2014 o Papa que beatificou S\u00e3o Frei Galv\u00e3o \u2014 era importante recordar uma de suas belas frases: \u201cN\u00e3o tenhais medo, escancarai vossos cora\u00e7\u00f5es a Cristo!\u201d<\/p>\n<p>\u201cSeguindo o exemplo desses grandes santos, reconhe\u00e7amos que o Senhor \u00e9 o Deus da vida. Se l\u00e1 fora h\u00e1 algo da vida que nos derruba, aqui dentro tem um Deus que nos levanta e nos quer de p\u00e9\u201d.<\/p>\n<p>Frei Jo\u00e3o fez quest\u00e3o de expressar sua felicidade em celebrar pela primeira vez em um Santu\u00e1rio, especialmente na Festa de S\u00e3o Frei Galv\u00e3o.<\/p>\n<p><img loading=\"lazy\" class=\"aligncenter wp-image-261753 size-full\" src=\"https:\/\/franciscanos.org.br\/noticias\/wp-content\/uploads\/2025\/10\/materia2-19.jpg\" alt=\"\" width=\"1280\" height=\"720\" srcset=\"https:\/\/franciscanos.org.br\/noticias\/wp-content\/uploads\/2025\/10\/materia2-19.jpg 1280w, https:\/\/franciscanos.org.br\/noticias\/wp-content\/uploads\/2025\/10\/materia2-19-450x253.jpg 450w, https:\/\/franciscanos.org.br\/noticias\/wp-content\/uploads\/2025\/10\/materia2-19-1024x576.jpg 1024w, https:\/\/franciscanos.org.br\/noticias\/wp-content\/uploads\/2025\/10\/materia2-19-768x432.jpg 768w, https:\/\/franciscanos.org.br\/noticias\/wp-content\/uploads\/2025\/10\/materia2-19-150x84.jpg 150w\" sizes=\"(max-width: 1280px) 100vw, 1280px\" \/><\/p>\n<p>As qualidades e os dons de S\u00e3o Frei Galv\u00e3o foram destacados pelo Padre Ant\u00f4nio Maria durante a Celebra\u00e7\u00e3o Eucar\u00edstica do per\u00edodo da noite. O presb\u00edtero, muito conhecido por suas can\u00e7\u00f5es e momentos oracionais do ter\u00e7o, marcou a noite da novena em louvor a Frei Galv\u00e3o. Lembrando do cuidado do primeiro santo brasileiro com os enfermos, o padre cantou a m\u00fasica \u201cCura, Senhor\u201d, que foi o ponto de partida para um momento de profunda reflex\u00e3o e interioriza\u00e7\u00e3o.<\/p>\n<p>Durante toda a sua reflex\u00e3o, Padre Ant\u00f4nio Maria mostrou como S\u00e3o Frei Galv\u00e3o \u00e9 um sinal de Deus para n\u00f3s aqui na terra.<\/p>\n<p>\u201cDeus confiou muitas almas a Frei Galv\u00e3o, por isso estamos comemorando esta novena. N\u00e3o nos preocupemos com coisas que n\u00e3o nos edificam no caminho de santidade, mas foquemos em Jesus Crucificado. Frei Galv\u00e3o foi um servo fiel de Nosso Senhor. N\u00e3o s\u00e3o os milagres extraordin\u00e1rios que mostram a santidade; cada pessoa tem seus dons. S\u00e3o Frei Galv\u00e3o bilocava e levitava, por\u00e9m, sua santidade estava na pr\u00e1tica da bondade e, principalmente, da caridade, virtude muito presente na cria\u00e7\u00e3o das p\u00edlulas\u201d.<\/p>\n<p>Segundo o presb\u00edtero, esse grande santo morreu no mesmo ano da proclama\u00e7\u00e3o da Rep\u00fablica. \u201cInspirados por isso, devemos gritar \u2018Independ\u00eancia!\u2019 do pecado. Essa \u00e9 a verdadeira santidade. Paz \u00e9 fazer a vontade de Deus no cotidiano, como Maria, a Rainha da Paz. Promover a paz como os santos n\u00e3o \u00e9 f\u00e1cil, mas vale a pena. S\u00f3 sentiremos a verdadeira paz se vivermos a caridade e o amor. Paz \u00e9 amar; n\u00e3o s\u00f3 dentro da Igreja, mas vivendo cada missa no dia a dia, com f\u00e9. Deus quer nos amar, e Ele muito nos ama. Por isso, entendamos que as dificuldades da vida n\u00e3o representam a aus\u00eancia do amor divino\u201d.<\/p>\n<p>Padre Ant\u00f4nio Maria afirmou que devemos agradecer pelas coisas da vida. \u201cMuitas vezes s\u00f3 percebemos o quanto Deus nos agraciou quando perdemos o que t\u00ednhamos. Um exemplo disso \u00e9 percebermos o quanto s\u00e3o importantes nossos joelhos apenas depois de eles terem se danificado. Com eles quebrados, n\u00e3o se pode mais ajoelhar, e esse gesto simboliza o ato de nos fazermos pequeninos diante de Deus\u201d.<\/p>\n<p>\u201cDeus muito nos ama; pe\u00e7amos que Ele nos d\u00ea esperan\u00e7a. S\u00e3o Frei Galv\u00e3o \u00e9 o caminho, o canal da gra\u00e7a com que Deus nos agracia. Tenhamos e sigamos o exemplo que esse santo nos deixou de seguimento a Deus em sua totalidade, onde nenhuma dificuldade f\u00edsica ou espiritual se tornar\u00e1 um problema\u201d, finalizou.<\/p>\n<hr \/>\n<p><em>Frei Filipo Carpi Gir\u00e3o, OFM<\/em><\/p>\n","protected":false},"excerpt":{"rendered":"<p>Festa de Frei Galv\u00e3o 2025<\/p>\n","protected":false},"author":11,"featured_media":261752,"comment_status":"open","ping_status":"open","sticky":false,"template":"","format":"standard","meta":[],"categories":[1],"tags":[2396,1821],"acf":[],"yoast_head":"<!-- This site is optimized with the Yoast SEO plugin v19.2 - https:\/\/yoast.com\/wordpress\/plugins\/seo\/ -->\n<title>Com Frei Galv\u00e3o, a paz nasce da caridade e da f\u00e9 viva - Not\u00edcias - Franciscanos<\/title>\n<meta name=\"robots\" content=\"index, follow, max-snippet:-1, max-image-preview:large, max-video-preview:-1\" \/>\n<link rel=\"canonical\" href=\"https:\/\/franciscanos.org.br\/noticias\/com-frei-galvao-a-paz-nasce-da-caridade-e-da-fe-viva.html\" \/>\n<meta property=\"og:locale\" content=\"pt_BR\" \/>\n<meta property=\"og:type\" content=\"article\" \/>\n<meta property=\"og:title\" content=\"Com Frei Galv\u00e3o, a paz nasce da caridade e da f\u00e9 viva - Not\u00edcias - Franciscanos\" \/>\n<meta property=\"og:description\" content=\"Festa de Frei Galv\u00e3o 2025\" \/>\n<meta property=\"og:url\" content=\"https:\/\/franciscanos.org.br\/noticias\/com-frei-galvao-a-paz-nasce-da-caridade-e-da-fe-viva.html\" \/>\n<meta property=\"og:site_name\" content=\"Not\u00edcias - Franciscanos\" \/>\n<meta property=\"article:published_time\" content=\"2025-10-23T19:20:45+00:00\" \/>\n<meta property=\"og:image\" content=\"https:\/\/franciscanos.org.br\/noticias\/wp-content\/uploads\/2025\/10\/chamada-46.jpg\" \/>\n\t<meta property=\"og:image:width\" content=\"800\" \/>\n\t<meta property=\"og:image:height\" content=\"550\" \/>\n\t<meta property=\"og:image:type\" content=\"image\/jpeg\" \/>\n<meta name=\"author\" content=\"Adriana Rabelo\" \/>\n<meta name=\"twitter:card\" content=\"summary_large_image\" \/>\n<meta name=\"twitter:label1\" content=\"Escrito por\" \/>\n\t<meta name=\"twitter:data1\" content=\"Adriana Rabelo\" \/>\n\t<meta name=\"twitter:label2\" content=\"Est. tempo de leitura\" \/>\n\t<meta name=\"twitter:data2\" content=\"5 minutos\" \/>\n<script type=\"application\/ld+json\" class=\"yoast-schema-graph\">{\"@context\":\"https:\/\/schema.org\",\"@graph\":[{\"@type\":\"WebSite\",\"@id\":\"https:\/\/franciscanos.org.br\/noticias\/#website\",\"url\":\"https:\/\/franciscanos.org.br\/noticias\/\",\"name\":\"Not\u00edcias - Franciscanos\",\"description\":\"Prov\u00edncia Franciscana da Imaculada Concei\u00e7\u00e3o do Brasil - Ordem dos Frades Menores - OFM\",\"potentialAction\":[{\"@type\":\"SearchAction\",\"target\":{\"@type\":\"EntryPoint\",\"urlTemplate\":\"https:\/\/franciscanos.org.br\/noticias\/?s={search_term_string}\"},\"query-input\":\"required name=search_term_string\"}],\"inLanguage\":\"pt-BR\"},{\"@type\":\"ImageObject\",\"inLanguage\":\"pt-BR\",\"@id\":\"https:\/\/franciscanos.org.br\/noticias\/com-frei-galvao-a-paz-nasce-da-caridade-e-da-fe-viva.html#primaryimage\",\"url\":\"https:\/\/franciscanos.org.br\/noticias\/wp-content\/uploads\/2025\/10\/chamada-46.jpg\",\"contentUrl\":\"https:\/\/franciscanos.org.br\/noticias\/wp-content\/uploads\/2025\/10\/chamada-46.jpg\",\"width\":800,\"height\":550},{\"@type\":\"WebPage\",\"@id\":\"https:\/\/franciscanos.org.br\/noticias\/com-frei-galvao-a-paz-nasce-da-caridade-e-da-fe-viva.html#webpage\",\"url\":\"https:\/\/franciscanos.org.br\/noticias\/com-frei-galvao-a-paz-nasce-da-caridade-e-da-fe-viva.html\",\"name\":\"Com Frei Galv\u00e3o, a paz nasce da caridade e da f\u00e9 viva - Not\u00edcias - Franciscanos\",\"isPartOf\":{\"@id\":\"https:\/\/franciscanos.org.br\/noticias\/#website\"},\"primaryImageOfPage\":{\"@id\":\"https:\/\/franciscanos.org.br\/noticias\/com-frei-galvao-a-paz-nasce-da-caridade-e-da-fe-viva.html#primaryimage\"},\"datePublished\":\"2025-10-23T19:20:45+00:00\",\"dateModified\":\"2025-10-23T19:20:45+00:00\",\"author\":{\"@id\":\"https:\/\/franciscanos.org.br\/noticias\/#\/schema\/person\/d9422e83121c3ad3b0f423d195f5bb25\"},\"breadcrumb\":{\"@id\":\"https:\/\/franciscanos.org.br\/noticias\/com-frei-galvao-a-paz-nasce-da-caridade-e-da-fe-viva.html#breadcrumb\"},\"inLanguage\":\"pt-BR\",\"potentialAction\":[{\"@type\":\"ReadAction\",\"target\":[\"https:\/\/franciscanos.org.br\/noticias\/com-frei-galvao-a-paz-nasce-da-caridade-e-da-fe-viva.html\"]}]},{\"@type\":\"BreadcrumbList\",\"@id\":\"https:\/\/franciscanos.org.br\/noticias\/com-frei-galvao-a-paz-nasce-da-caridade-e-da-fe-viva.html#breadcrumb\",\"itemListElement\":[{\"@type\":\"ListItem\",\"position\":1,\"name\":\"Home\",\"item\":\"https:\/\/franciscanos.org.br\/noticias\"},{\"@type\":\"ListItem\",\"position\":2,\"name\":\"Com Frei Galv\u00e3o, a paz nasce da caridade e da f\u00e9 viva\"}]},{\"@type\":\"Person\",\"@id\":\"https:\/\/franciscanos.org.br\/noticias\/#\/schema\/person\/d9422e83121c3ad3b0f423d195f5bb25\",\"name\":\"Adriana Rabelo\",\"image\":{\"@type\":\"ImageObject\",\"inLanguage\":\"pt-BR\",\"@id\":\"https:\/\/franciscanos.org.br\/noticias\/#\/schema\/person\/image\/\",\"url\":\"https:\/\/secure.gravatar.com\/avatar\/0a937b7500cd7df77540cfb8bede877d?s=96&d=mm&r=g\",\"contentUrl\":\"https:\/\/secure.gravatar.com\/avatar\/0a937b7500cd7df77540cfb8bede877d?s=96&d=mm&r=g\",\"caption\":\"Adriana Rabelo\"},\"url\":\"https:\/\/franciscanos.org.br\/noticias\/author\/adrianarabelo\"}]}<\/script>\n<!-- \/ Yoast SEO plugin. -->","yoast_head_json":{"title":"Com Frei Galv\u00e3o, a paz nasce da caridade e da f\u00e9 viva - Not\u00edcias - Franciscanos","robots":{"index":"index","follow":"follow","max-snippet":"max-snippet:-1","max-image-preview":"max-image-preview:large","max-video-preview":"max-video-preview:-1"},"canonical":"https:\/\/franciscanos.org.br\/noticias\/com-frei-galvao-a-paz-nasce-da-caridade-e-da-fe-viva.html","og_locale":"pt_BR","og_type":"article","og_title":"Com Frei Galv\u00e3o, a paz nasce da caridade e da f\u00e9 viva - Not\u00edcias - Franciscanos","og_description":"Festa de Frei Galv\u00e3o 2025","og_url":"https:\/\/franciscanos.org.br\/noticias\/com-frei-galvao-a-paz-nasce-da-caridade-e-da-fe-viva.html","og_site_name":"Not\u00edcias - Franciscanos","article_published_time":"2025-10-23T19:20:45+00:00","og_image":[{"width":800,"height":550,"url":"https:\/\/franciscanos.org.br\/noticias\/wp-content\/uploads\/2025\/10\/chamada-46.jpg","type":"image\/jpeg"}],"author":"Adriana Rabelo","twitter_card":"summary_large_image","twitter_misc":{"Escrito por":"Adriana Rabelo","Est. tempo de leitura":"5 minutos"},"schema":{"@context":"https:\/\/schema.org","@graph":[{"@type":"WebSite","@id":"https:\/\/franciscanos.org.br\/noticias\/#website","url":"https:\/\/franciscanos.org.br\/noticias\/","name":"Not\u00edcias - Franciscanos","description":"Prov\u00edncia Franciscana da Imaculada Concei\u00e7\u00e3o do Brasil - Ordem dos Frades Menores - OFM","potentialAction":[{"@type":"SearchAction","target":{"@type":"EntryPoint","urlTemplate":"https:\/\/franciscanos.org.br\/noticias\/?s={search_term_string}"},"query-input":"required name=search_term_string"}],"inLanguage":"pt-BR"},{"@type":"ImageObject","inLanguage":"pt-BR","@id":"https:\/\/franciscanos.org.br\/noticias\/com-frei-galvao-a-paz-nasce-da-caridade-e-da-fe-viva.html#primaryimage","url":"https:\/\/franciscanos.org.br\/noticias\/wp-content\/uploads\/2025\/10\/chamada-46.jpg","contentUrl":"https:\/\/franciscanos.org.br\/noticias\/wp-content\/uploads\/2025\/10\/chamada-46.jpg","width":800,"height":550},{"@type":"WebPage","@id":"https:\/\/franciscanos.org.br\/noticias\/com-frei-galvao-a-paz-nasce-da-caridade-e-da-fe-viva.html#webpage","url":"https:\/\/franciscanos.org.br\/noticias\/com-frei-galvao-a-paz-nasce-da-caridade-e-da-fe-viva.html","name":"Com Frei Galv\u00e3o, a paz nasce da caridade e da f\u00e9 viva - Not\u00edcias - Franciscanos","isPartOf":{"@id":"https:\/\/franciscanos.org.br\/noticias\/#website"},"primaryImageOfPage":{"@id":"https:\/\/franciscanos.org.br\/noticias\/com-frei-galvao-a-paz-nasce-da-caridade-e-da-fe-viva.html#primaryimage"},"datePublished":"2025-10-23T19:20:45+00:00","dateModified":"2025-10-23T19:20:45+00:00","author":{"@id":"https:\/\/franciscanos.org.br\/noticias\/#\/schema\/person\/d9422e83121c3ad3b0f423d195f5bb25"},"breadcrumb":{"@id":"https:\/\/franciscanos.org.br\/noticias\/com-frei-galvao-a-paz-nasce-da-caridade-e-da-fe-viva.html#breadcrumb"},"inLanguage":"pt-BR","potentialAction":[{"@type":"ReadAction","target":["https:\/\/franciscanos.org.br\/noticias\/com-frei-galvao-a-paz-nasce-da-caridade-e-da-fe-viva.html"]}]},{"@type":"BreadcrumbList","@id":"https:\/\/franciscanos.org.br\/noticias\/com-frei-galvao-a-paz-nasce-da-caridade-e-da-fe-viva.html#breadcrumb","itemListElement":[{"@type":"ListItem","position":1,"name":"Home","item":"https:\/\/franciscanos.org.br\/noticias"},{"@type":"ListItem","position":2,"name":"Com Frei Galv\u00e3o, a paz nasce da caridade e da f\u00e9 viva"}]},{"@type":"Person","@id":"https:\/\/franciscanos.org.br\/noticias\/#\/schema\/person\/d9422e83121c3ad3b0f423d195f5bb25","name":"Adriana Rabelo","image":{"@type":"ImageObject","inLanguage":"pt-BR","@id":"https:\/\/franciscanos.org.br\/noticias\/#\/schema\/person\/image\/","url":"https:\/\/secure.gravatar.com\/avatar\/0a937b7500cd7df77540cfb8bede877d?s=96&d=mm&r=g","contentUrl":"https:\/\/secure.gravatar.com\/avatar\/0a937b7500cd7df77540cfb8bede877d?s=96&d=mm&r=g","caption":"Adriana Rabelo"},"url":"https:\/\/franciscanos.org.br\/noticias\/author\/adrianarabelo"}]}},"_links":{"self":[{"href":"https:\/\/franciscanos.org.br\/noticias\/wp-json\/wp\/v2\/posts\/261750"}],"collection":[{"href":"https:\/\/franciscanos.org.br\/noticias\/wp-json\/wp\/v2\/posts"}],"about":[{"href":"https:\/\/franciscanos.org.br\/noticias\/wp-json\/wp\/v2\/types\/post"}],"author":[{"embeddable":true,"href":"https:\/\/franciscanos.org.br\/noticias\/wp-json\/wp\/v2\/users\/11"}],"replies":[{"embeddable":true,"href":"https:\/\/franciscanos.org.br\/noticias\/wp-json\/wp\/v2\/comments?post=261750"}],"version-history":[{"count":1,"href":"https:\/\/franciscanos.org.br\/noticias\/wp-json\/wp\/v2\/posts\/261750\/revisions"}],"predecessor-version":[{"id":261754,"href":"https:\/\/franciscanos.org.br\/noticias\/wp-json\/wp\/v2\/posts\/261750\/revisions\/261754"}],"wp:featuredmedia":[{"embeddable":true,"href":"https:\/\/franciscanos.org.br\/noticias\/wp-json\/wp\/v2\/media\/261752"}],"wp:attachment":[{"href":"https:\/\/franciscanos.org.br\/noticias\/wp-json\/wp\/v2\/media?parent=261750"}],"wp:term":[{"taxonomy":"category","embeddable":true,"href":"https:\/\/franciscanos.org.br\/noticias\/wp-json\/wp\/v2\/categories?post=261750"},{"taxonomy":"post_tag","embeddable":true,"href":"https:\/\/franciscanos.org.br\/noticias\/wp-json\/wp\/v2\/tags?post=261750"}],"curies":[{"name":"wp","href":"https:\/\/api.w.org\/{rel}","templated":true}]}}