{"id":261727,"date":"2025-10-23T12:08:40","date_gmt":"2025-10-23T15:08:40","guid":{"rendered":"https:\/\/franciscanos.org.br\/noticias\/?p=261727"},"modified":"2025-10-23T12:23:56","modified_gmt":"2025-10-23T15:23:56","slug":"4a-caminhada-da-fe-reune-milhares-de-peregrinos-em-agudos","status":"publish","type":"post","link":"https:\/\/franciscanos.org.br\/noticias\/4a-caminhada-da-fe-reune-milhares-de-peregrinos-em-agudos.html","title":{"rendered":"4\u00aa Caminhada da f\u00e9 re\u00fane milhares de peregrinos em Agudos"},"content":{"rendered":"<p><img loading=\"lazy\" class=\"aligncenter wp-image-261730 size-full\" src=\"https:\/\/franciscanos.org.br\/noticias\/wp-content\/uploads\/2025\/10\/materia-3-5.jpg\" alt=\"\" width=\"1280\" height=\"720\" srcset=\"https:\/\/franciscanos.org.br\/noticias\/wp-content\/uploads\/2025\/10\/materia-3-5.jpg 1280w, https:\/\/franciscanos.org.br\/noticias\/wp-content\/uploads\/2025\/10\/materia-3-5-450x253.jpg 450w, https:\/\/franciscanos.org.br\/noticias\/wp-content\/uploads\/2025\/10\/materia-3-5-1024x576.jpg 1024w, https:\/\/franciscanos.org.br\/noticias\/wp-content\/uploads\/2025\/10\/materia-3-5-768x432.jpg 768w, https:\/\/franciscanos.org.br\/noticias\/wp-content\/uploads\/2025\/10\/materia-3-5-150x84.jpg 150w\" sizes=\"(max-width: 1280px) 100vw, 1280px\" \/><\/p>\n<p>O Semin\u00e1rio Santo Ant\u00f4nio, em Agudos (SP), foi o destino final de uma multid\u00e3o de fi\u00e9is que participou, no \u00faltimo domingo, 19 de outubro, da <strong>4\u00aa Caminhada da F\u00e9<\/strong>. O evento superou as expectativas e <strong>reuniu mais de dois mil e setecentos peregrinos vindos de 37 cidades de tr\u00eas Estados diferentes<\/strong>, reafirmando-se como uma das maiores manifesta\u00e7\u00f5es de f\u00e9 da regi\u00e3o.<\/p>\n<p>Com in\u00edcio na F\u00e1brica de Barbantes, em Piratininga (SP), os participantes percorreram 22 quil\u00f4metros at\u00e9 o Semin\u00e1rio Santo Ant\u00f4nio. A jornada, marcada por ora\u00e7\u00f5es, c\u00e2nticos e momentos de partilha, foi acompanhada por carros de apoio, ambul\u00e2ncia, defesa civil e equipe policial, garantindo seguran\u00e7a e tranquilidade a todos os caminhantes.<\/p>\n<h3><strong>Uma caminhada que cresce a cada ano<\/strong><\/h3>\n<p>Desde sua primeira edi\u00e7\u00e3o, em 2022, quando cerca de 150 pessoas participaram, a Caminhada da F\u00e9 vem crescendo de forma impressionante. Em 2023, foram 500 peregrinos, em 2024, mais de 1.200. Agora, em 2025, o evento alcan\u00e7ou um p\u00fablico recorde, com 2.700 inscri\u00e7\u00f5es, consolidando-se como uma tradi\u00e7\u00e3o de f\u00e9, uni\u00e3o e gratid\u00e3o.<\/p>\n<p>Os padroeiros Nossa Senhora Aparecida e S\u00e3o Francisco de Assis, ambos celebrados em outubro, inspiram o tema e o esp\u00edrito da caminhada, que busca promover valores como solidariedade, caridade e cuidado com a cria\u00e7\u00e3o.<\/p>\n\n\t\t<style type=\"text\/css\">\n\t\t\t#gallery-1 {\n\t\t\t\tmargin: auto;\n\t\t\t}\n\t\t\t#gallery-1 .gallery-item {\n\t\t\t\tfloat: left;\n\t\t\t\tmargin-top: 10px;\n\t\t\t\ttext-align: center;\n\t\t\t\twidth: 33%;\n\t\t\t}\n\t\t\t#gallery-1 img {\n\t\t\t\tborder: 2px solid #cfcfcf;\n\t\t\t}\n\t\t\t#gallery-1 .gallery-caption {\n\t\t\t\tmargin-left: 0;\n\t\t\t}\n\t\t\t\/* see gallery_shortcode() in wp-includes\/media.php *\/\n\t\t<\/style>\n\t\t<div id='gallery-1' class='gallery galleryid-261727 gallery-columns-3 gallery-size-thumbnail'><dl class='gallery-item'>\n\t\t\t<dt class='gallery-icon portrait'>\n\t\t\t\t<a href='https:\/\/franciscanos.org.br\/noticias\/wp-content\/uploads\/2025\/10\/IMG-20251021-WA0017.jpg'><img width=\"300\" height=\"300\" src=\"https:\/\/franciscanos.org.br\/noticias\/wp-content\/uploads\/2025\/10\/IMG-20251021-WA0017-300x300.jpg\" class=\"attachment-thumbnail size-thumbnail\" alt=\"\" loading=\"lazy\" srcset=\"https:\/\/franciscanos.org.br\/noticias\/wp-content\/uploads\/2025\/10\/IMG-20251021-WA0017-300x300.jpg 300w, https:\/\/franciscanos.org.br\/noticias\/wp-content\/uploads\/2025\/10\/IMG-20251021-WA0017-100x100.jpg 100w\" sizes=\"(max-width: 300px) 100vw, 300px\" \/><\/a>\n\t\t\t<\/dt><\/dl><dl class='gallery-item'>\n\t\t\t<dt class='gallery-icon portrait'>\n\t\t\t\t<a href='https:\/\/franciscanos.org.br\/noticias\/wp-content\/uploads\/2025\/10\/IMG-20251021-WA0028.jpg'><img width=\"300\" height=\"300\" src=\"https:\/\/franciscanos.org.br\/noticias\/wp-content\/uploads\/2025\/10\/IMG-20251021-WA0028-300x300.jpg\" class=\"attachment-thumbnail size-thumbnail\" alt=\"\" loading=\"lazy\" srcset=\"https:\/\/franciscanos.org.br\/noticias\/wp-content\/uploads\/2025\/10\/IMG-20251021-WA0028-300x300.jpg 300w, https:\/\/franciscanos.org.br\/noticias\/wp-content\/uploads\/2025\/10\/IMG-20251021-WA0028-100x100.jpg 100w\" sizes=\"(max-width: 300px) 100vw, 300px\" \/><\/a>\n\t\t\t<\/dt><\/dl><dl class='gallery-item'>\n\t\t\t<dt class='gallery-icon portrait'>\n\t\t\t\t<a href='https:\/\/franciscanos.org.br\/noticias\/wp-content\/uploads\/2025\/10\/IMG-20251021-WA0027.jpg'><img width=\"300\" height=\"300\" src=\"https:\/\/franciscanos.org.br\/noticias\/wp-content\/uploads\/2025\/10\/IMG-20251021-WA0027-300x300.jpg\" class=\"attachment-thumbnail size-thumbnail\" alt=\"\" loading=\"lazy\" srcset=\"https:\/\/franciscanos.org.br\/noticias\/wp-content\/uploads\/2025\/10\/IMG-20251021-WA0027-300x300.jpg 300w, https:\/\/franciscanos.org.br\/noticias\/wp-content\/uploads\/2025\/10\/IMG-20251021-WA0027-100x100.jpg 100w\" sizes=\"(max-width: 300px) 100vw, 300px\" \/><\/a>\n\t\t\t<\/dt><\/dl><br style=\"clear: both\" \/>\n\t\t<\/div>\n\n<p>Frei Ademir, diretor espiritual da Caminhada da F\u00e9, compartilhou um depoimento tocante sobre a jornada:<\/p>\n<p>&#8220;Quarta Caminhada da F\u00e9, S\u00e3o Francisco e Nossa Senhora. Tivemos, para este ano, no dia 19 de outubro de 2025, um momento muito especial, n\u00e3o somente para o nosso Semin\u00e1rio Santo Ant\u00f4nio de Agudos, mas para toda a regi\u00e3o, podemos dizer assim. Foram 45 cidades que participaram, mais de 2.514 pessoas. Tivemos momentos emocionantes, porque a vis\u00e3o franciscana traz uma espiritualidade muito forte: o caminhar, o estar ao lado da natureza, o estar ao lado das pessoas, e foi muita gente de f\u00e9, muita gente de devo\u00e7\u00e3o. Tivemos momentos espec\u00edficos de ora\u00e7\u00e3o no in\u00edcio da nossa caminhada, uma motiva\u00e7\u00e3o para que fosse de fato a caminhada da f\u00e9 passo a passo, com S\u00e3o Francisco e Nossa Senhora. Tivemos momentos, durante o percurso, que as pessoas dos s\u00edtios, fazendas, organizaram altares \u00e0s margens da estrada. Foi muito emocionante em cada parada, em cada momento de ora\u00e7\u00e3o, nesses, nesses lugares.<\/p>\n<p>O frade relatou que, ao chegar ao Semin\u00e1rio, os peregrinos que seguiam ao encontro com a Santa M\u00e3e de Deus, ao passarem pelo portal, visivelmente emocionados, se ajoelhavam diante da imagem de Nossa Senhora, em ora\u00e7\u00e3o e contempla\u00e7\u00e3o. Em seguida, dirigiam-se \u00e0 Igreja do Semin\u00e1rio, uma bel\u00edssima igreja, onde vivenciavam um momento de devo\u00e7\u00e3o e ora\u00e7\u00e3o diante da exposi\u00e7\u00e3o do Sant\u00edssimo. Cada um fazia ali sua prece, expressando novamente seus agradecimentos e pedidos.<\/p>\n\n\t\t<style type=\"text\/css\">\n\t\t\t#gallery-2 {\n\t\t\t\tmargin: auto;\n\t\t\t}\n\t\t\t#gallery-2 .gallery-item {\n\t\t\t\tfloat: left;\n\t\t\t\tmargin-top: 10px;\n\t\t\t\ttext-align: center;\n\t\t\t\twidth: 33%;\n\t\t\t}\n\t\t\t#gallery-2 img {\n\t\t\t\tborder: 2px solid #cfcfcf;\n\t\t\t}\n\t\t\t#gallery-2 .gallery-caption {\n\t\t\t\tmargin-left: 0;\n\t\t\t}\n\t\t\t\/* see gallery_shortcode() in wp-includes\/media.php *\/\n\t\t<\/style>\n\t\t<div id='gallery-2' class='gallery galleryid-261727 gallery-columns-3 gallery-size-thumbnail'><dl class='gallery-item'>\n\t\t\t<dt class='gallery-icon portrait'>\n\t\t\t\t<a href='https:\/\/franciscanos.org.br\/noticias\/wp-content\/uploads\/2025\/10\/Imagem-do-WhatsApp-de-2025-10-21-as-22.02.04_ac024673.jpg'><img width=\"300\" height=\"300\" src=\"https:\/\/franciscanos.org.br\/noticias\/wp-content\/uploads\/2025\/10\/Imagem-do-WhatsApp-de-2025-10-21-as-22.02.04_ac024673-300x300.jpg\" class=\"attachment-thumbnail size-thumbnail\" alt=\"\" loading=\"lazy\" srcset=\"https:\/\/franciscanos.org.br\/noticias\/wp-content\/uploads\/2025\/10\/Imagem-do-WhatsApp-de-2025-10-21-as-22.02.04_ac024673-300x300.jpg 300w, https:\/\/franciscanos.org.br\/noticias\/wp-content\/uploads\/2025\/10\/Imagem-do-WhatsApp-de-2025-10-21-as-22.02.04_ac024673-100x100.jpg 100w\" sizes=\"(max-width: 300px) 100vw, 300px\" \/><\/a>\n\t\t\t<\/dt><\/dl><dl class='gallery-item'>\n\t\t\t<dt class='gallery-icon portrait'>\n\t\t\t\t<a href='https:\/\/franciscanos.org.br\/noticias\/wp-content\/uploads\/2025\/10\/Imagem-do-WhatsApp-de-2025-10-21-as-22.02.05_768dfade.jpg'><img width=\"300\" height=\"300\" src=\"https:\/\/franciscanos.org.br\/noticias\/wp-content\/uploads\/2025\/10\/Imagem-do-WhatsApp-de-2025-10-21-as-22.02.05_768dfade-300x300.jpg\" class=\"attachment-thumbnail size-thumbnail\" alt=\"\" loading=\"lazy\" srcset=\"https:\/\/franciscanos.org.br\/noticias\/wp-content\/uploads\/2025\/10\/Imagem-do-WhatsApp-de-2025-10-21-as-22.02.05_768dfade-300x300.jpg 300w, https:\/\/franciscanos.org.br\/noticias\/wp-content\/uploads\/2025\/10\/Imagem-do-WhatsApp-de-2025-10-21-as-22.02.05_768dfade-100x100.jpg 100w\" sizes=\"(max-width: 300px) 100vw, 300px\" \/><\/a>\n\t\t\t<\/dt><\/dl><dl class='gallery-item'>\n\t\t\t<dt class='gallery-icon portrait'>\n\t\t\t\t<a href='https:\/\/franciscanos.org.br\/noticias\/wp-content\/uploads\/2025\/10\/IMG-20251021-WA0012.jpg'><img width=\"300\" height=\"300\" src=\"https:\/\/franciscanos.org.br\/noticias\/wp-content\/uploads\/2025\/10\/IMG-20251021-WA0012-300x300.jpg\" class=\"attachment-thumbnail size-thumbnail\" alt=\"\" loading=\"lazy\" srcset=\"https:\/\/franciscanos.org.br\/noticias\/wp-content\/uploads\/2025\/10\/IMG-20251021-WA0012-300x300.jpg 300w, https:\/\/franciscanos.org.br\/noticias\/wp-content\/uploads\/2025\/10\/IMG-20251021-WA0012-100x100.jpg 100w\" sizes=\"(max-width: 300px) 100vw, 300px\" \/><\/a>\n\t\t\t<\/dt><\/dl><br style=\"clear: both\" \/>\n\t\t<\/div>\n\n<p>\u201cEnfim, para dizer que foi um sucesso a nossa caminhada. Demoramos tr\u00eas meses para preparar cada detalhe, cada sugest\u00e3o dos pr\u00f3prios caminhantes, das caminhadas passadas. E j\u00e1 temos, ent\u00e3o, uma previs\u00e3o para o ano 2026. J\u00e1 ali no dia 18 de outubro de 2026, a nossa quinta Caminhada da F\u00e9. Meu agradecimento a todos aqueles que vieram de todos os lugares aqui da nossa regi\u00e3o, 45 cidades. Agradecimento a todos, mas especialmente \u00e0 equipe composta por mais de 30 pessoas na organiza\u00e7\u00e3o. Cada um ajudou da forma que p\u00f4de. Ent\u00e3o, muito obrigado a todos. A Prov\u00edncia, que sempre tamb\u00e9m est\u00e1 apoiando essas iniciativas, na manifesta\u00e7\u00e3o ali do, da espiritualidade, de acordo com a devo\u00e7\u00e3o e a espiritualidade franciscana. Grande abra\u00e7o a todos. Que Deus aben\u00e7oe a todos. Paz e Bem&#8221;, exaltou.<\/p>\n<p><img loading=\"lazy\" class=\"aligncenter wp-image-261739 size-full\" src=\"https:\/\/franciscanos.org.br\/noticias\/wp-content\/uploads\/2025\/10\/materia1-12.jpg\" alt=\"\" width=\"1280\" height=\"720\" srcset=\"https:\/\/franciscanos.org.br\/noticias\/wp-content\/uploads\/2025\/10\/materia1-12.jpg 1280w, https:\/\/franciscanos.org.br\/noticias\/wp-content\/uploads\/2025\/10\/materia1-12-450x253.jpg 450w, https:\/\/franciscanos.org.br\/noticias\/wp-content\/uploads\/2025\/10\/materia1-12-1024x576.jpg 1024w, https:\/\/franciscanos.org.br\/noticias\/wp-content\/uploads\/2025\/10\/materia1-12-768x432.jpg 768w, https:\/\/franciscanos.org.br\/noticias\/wp-content\/uploads\/2025\/10\/materia1-12-150x84.jpg 150w\" sizes=\"(max-width: 1280px) 100vw, 1280px\" \/><\/p>\n<h3><strong>Testemunhos que tocam o cora\u00e7\u00e3o<\/strong><\/h3>\n<p>Ao longo das edi\u00e7\u00f5es, in\u00fameros peregrinos t\u00eam compartilhado relatos de f\u00e9 e supera\u00e7\u00e3o vividos durante o percurso. S\u00e3o hist\u00f3rias de gra\u00e7as alcan\u00e7adas, promessas cumpridas e reencontros espirituais que d\u00e3o ainda mais sentido a cada passo dado.<\/p>\n<p>Um desses relatos \u00e9 o da <strong>Aline Azevedo Sacola<\/strong>, que descreveu sua experi\u00eancia com emo\u00e7\u00e3o:<\/p>\n<p>\u201cDeus \u00e9 maravilhoso, fico at\u00e9 emocionada. Era um desejo que Ele colocou no meu cora\u00e7\u00e3o participar da caminhada, e depois fui encontrando \u2014 e convidando \u2014 pessoas que tamb\u00e9m queriam viver esse momento. No come\u00e7o, n\u00e3o sabia como iria, pensei em uma van para que mais pessoas pudessem viver essa experi\u00eancia. E hoje, com a gra\u00e7a de Deus e a intercess\u00e3o da Virgem Maria, fomos com um \u00f4nibus \u2014 e at\u00e9 outro \u00f4nibus foi disponibilizado pela prefeitura. Obrigada \u00e0 Monique pelo empenho, e fomos 48 pessoas, quando no in\u00edcio \u00e9ramos apenas duas\u201d.<\/p>\n\n\t\t<style type=\"text\/css\">\n\t\t\t#gallery-3 {\n\t\t\t\tmargin: auto;\n\t\t\t}\n\t\t\t#gallery-3 .gallery-item {\n\t\t\t\tfloat: left;\n\t\t\t\tmargin-top: 10px;\n\t\t\t\ttext-align: center;\n\t\t\t\twidth: 33%;\n\t\t\t}\n\t\t\t#gallery-3 img {\n\t\t\t\tborder: 2px solid #cfcfcf;\n\t\t\t}\n\t\t\t#gallery-3 .gallery-caption {\n\t\t\t\tmargin-left: 0;\n\t\t\t}\n\t\t\t\/* see gallery_shortcode() in wp-includes\/media.php *\/\n\t\t<\/style>\n\t\t<div id='gallery-3' class='gallery galleryid-261727 gallery-columns-3 gallery-size-thumbnail'><dl class='gallery-item'>\n\t\t\t<dt class='gallery-icon portrait'>\n\t\t\t\t<a href='https:\/\/franciscanos.org.br\/noticias\/wp-content\/uploads\/2025\/10\/IMG-20251021-WA0008.jpg'><img width=\"300\" height=\"300\" src=\"https:\/\/franciscanos.org.br\/noticias\/wp-content\/uploads\/2025\/10\/IMG-20251021-WA0008-300x300.jpg\" class=\"attachment-thumbnail size-thumbnail\" alt=\"\" loading=\"lazy\" srcset=\"https:\/\/franciscanos.org.br\/noticias\/wp-content\/uploads\/2025\/10\/IMG-20251021-WA0008-300x300.jpg 300w, https:\/\/franciscanos.org.br\/noticias\/wp-content\/uploads\/2025\/10\/IMG-20251021-WA0008-100x100.jpg 100w\" sizes=\"(max-width: 300px) 100vw, 300px\" \/><\/a>\n\t\t\t<\/dt><\/dl><dl class='gallery-item'>\n\t\t\t<dt class='gallery-icon portrait'>\n\t\t\t\t<a href='https:\/\/franciscanos.org.br\/noticias\/wp-content\/uploads\/2025\/10\/IMG-20251021-WA0026.jpg'><img width=\"300\" height=\"300\" src=\"https:\/\/franciscanos.org.br\/noticias\/wp-content\/uploads\/2025\/10\/IMG-20251021-WA0026-300x300.jpg\" class=\"attachment-thumbnail size-thumbnail\" alt=\"\" loading=\"lazy\" srcset=\"https:\/\/franciscanos.org.br\/noticias\/wp-content\/uploads\/2025\/10\/IMG-20251021-WA0026-300x300.jpg 300w, https:\/\/franciscanos.org.br\/noticias\/wp-content\/uploads\/2025\/10\/IMG-20251021-WA0026-100x100.jpg 100w\" sizes=\"(max-width: 300px) 100vw, 300px\" \/><\/a>\n\t\t\t<\/dt><\/dl><dl class='gallery-item'>\n\t\t\t<dt class='gallery-icon portrait'>\n\t\t\t\t<a href='https:\/\/franciscanos.org.br\/noticias\/wp-content\/uploads\/2025\/10\/IMG-20251021-WA0010-1.jpg'><img width=\"300\" height=\"300\" src=\"https:\/\/franciscanos.org.br\/noticias\/wp-content\/uploads\/2025\/10\/IMG-20251021-WA0010-1-300x300.jpg\" class=\"attachment-thumbnail size-thumbnail\" alt=\"\" loading=\"lazy\" srcset=\"https:\/\/franciscanos.org.br\/noticias\/wp-content\/uploads\/2025\/10\/IMG-20251021-WA0010-1-300x300.jpg 300w, https:\/\/franciscanos.org.br\/noticias\/wp-content\/uploads\/2025\/10\/IMG-20251021-WA0010-1-100x100.jpg 100w\" sizes=\"(max-width: 300px) 100vw, 300px\" \/><\/a>\n\t\t\t<\/dt><\/dl><br style=\"clear: both\" \/>\n\t\t<\/div>\n\n<p>Outro testemunho marcante \u00e9 o da <strong>Amanda Cruz<\/strong>, que viveu uma experi\u00eancia de f\u00e9 e cuidado ao longo do caminho:<\/p>\n<p>\u201cQuero agradecer a todos, mas em especial \u00e0 Renata, que acolheu minha av\u00f3 de 72 anos com tanto amor e paci\u00eancia num momento dif\u00edcil. Ela conversou, acalmou, instruiu e, na chegada, estava l\u00e1 nos esperando. Foram momentos muito dif\u00edceis, nunca tinha percorrido algo t\u00e3o longo, e quando cheguei aos 18 km achei que n\u00e3o aguentaria mais. Fiquei em sil\u00eancio e pedi \u00e0 Nossa Senhora que me ajudasse \u2014 e logo comecei a sentir um cheiro de rosas (detalhe: eu n\u00e3o sinto cheiro algum). O perfume invadiu meu corpo e me deu for\u00e7as para terminar. Minha gratid\u00e3o a todo o pessoal de apoio, t\u00e3o sol\u00edcitos e carinhosos. Fomos acolhidos por todos, mesmo sem nos conhecer. A f\u00e9 realmente re\u00fane multid\u00f5es.\u201d<\/p>\n<p><strong>Silvia Pinheiro<\/strong> tamb\u00e9m compartilhou sua viv\u00eancia, marcada pela presen\u00e7a de Deus e pelo amor que a acompanhou no caminho:<\/p>\n<p>\u201cHoje vivi uma experi\u00eancia que vai ficar guardada para sempre no meu cora\u00e7\u00e3o. A Caminhada da F\u00e9 foi muito mais do que alguns quil\u00f4metros percorridos \u2014 foi um encontro com Deus, comigo mesma e com tudo o que acredito. A cada passo, senti a presen\u00e7a de Nossa Senhora Aparecida me conduzindo e de Jesus fortalecendo meu cora\u00e7\u00e3o. Houve momentos de cansa\u00e7o, sim\u2026 mas tamb\u00e9m momentos de profunda paz, onde parecia que o c\u00e9u se abria s\u00f3 pra nos aben\u00e7oar. Tive ao meu lado o meu amor e companheiro de vida, Rafael, que caminhou comigo com o mesmo prop\u00f3sito: agradecer, confiar e seguir firmes na f\u00e9. Porque quando Deus \u00e9 o centro, cada passo se torna uma ora\u00e7\u00e3o. Cheguei ao fim com o cora\u00e7\u00e3o cheio de gratid\u00e3o, l\u00e1grimas nos olhos e a certeza de que a f\u00e9 realmente move montanhas. Hoje posso dizer: eu venci, porque Deus caminhou comigo!\u201d<\/p>\n<p>Relatos como esses expressam o verdadeiro significado da Caminhada da F\u00e9: cada passo \u00e9 uma ora\u00e7\u00e3o, e cada chegada, um recome\u00e7o.<\/p>\n\n\t\t<style type=\"text\/css\">\n\t\t\t#gallery-4 {\n\t\t\t\tmargin: auto;\n\t\t\t}\n\t\t\t#gallery-4 .gallery-item {\n\t\t\t\tfloat: left;\n\t\t\t\tmargin-top: 10px;\n\t\t\t\ttext-align: center;\n\t\t\t\twidth: 33%;\n\t\t\t}\n\t\t\t#gallery-4 img {\n\t\t\t\tborder: 2px solid #cfcfcf;\n\t\t\t}\n\t\t\t#gallery-4 .gallery-caption {\n\t\t\t\tmargin-left: 0;\n\t\t\t}\n\t\t\t\/* see gallery_shortcode() in wp-includes\/media.php *\/\n\t\t<\/style>\n\t\t<div id='gallery-4' class='gallery galleryid-261727 gallery-columns-3 gallery-size-thumbnail'><dl class='gallery-item'>\n\t\t\t<dt class='gallery-icon portrait'>\n\t\t\t\t<a href='https:\/\/franciscanos.org.br\/noticias\/wp-content\/uploads\/2025\/10\/IMG-20251021-WA0015.jpg'><img width=\"300\" height=\"300\" src=\"https:\/\/franciscanos.org.br\/noticias\/wp-content\/uploads\/2025\/10\/IMG-20251021-WA0015-300x300.jpg\" class=\"attachment-thumbnail size-thumbnail\" alt=\"\" loading=\"lazy\" srcset=\"https:\/\/franciscanos.org.br\/noticias\/wp-content\/uploads\/2025\/10\/IMG-20251021-WA0015-300x300.jpg 300w, https:\/\/franciscanos.org.br\/noticias\/wp-content\/uploads\/2025\/10\/IMG-20251021-WA0015-100x100.jpg 100w\" sizes=\"(max-width: 300px) 100vw, 300px\" \/><\/a>\n\t\t\t<\/dt><\/dl><dl class='gallery-item'>\n\t\t\t<dt class='gallery-icon portrait'>\n\t\t\t\t<a href='https:\/\/franciscanos.org.br\/noticias\/wp-content\/uploads\/2025\/10\/IMG-20251021-WA0018.jpg'><img width=\"300\" height=\"300\" src=\"https:\/\/franciscanos.org.br\/noticias\/wp-content\/uploads\/2025\/10\/IMG-20251021-WA0018-300x300.jpg\" class=\"attachment-thumbnail size-thumbnail\" alt=\"\" loading=\"lazy\" srcset=\"https:\/\/franciscanos.org.br\/noticias\/wp-content\/uploads\/2025\/10\/IMG-20251021-WA0018-300x300.jpg 300w, https:\/\/franciscanos.org.br\/noticias\/wp-content\/uploads\/2025\/10\/IMG-20251021-WA0018-100x100.jpg 100w\" sizes=\"(max-width: 300px) 100vw, 300px\" \/><\/a>\n\t\t\t<\/dt><\/dl><dl class='gallery-item'>\n\t\t\t<dt class='gallery-icon portrait'>\n\t\t\t\t<a href='https:\/\/franciscanos.org.br\/noticias\/wp-content\/uploads\/2025\/10\/IMG-20251021-WA0022.jpg'><img width=\"300\" height=\"300\" src=\"https:\/\/franciscanos.org.br\/noticias\/wp-content\/uploads\/2025\/10\/IMG-20251021-WA0022-300x300.jpg\" class=\"attachment-thumbnail size-thumbnail\" alt=\"\" loading=\"lazy\" srcset=\"https:\/\/franciscanos.org.br\/noticias\/wp-content\/uploads\/2025\/10\/IMG-20251021-WA0022-300x300.jpg 300w, https:\/\/franciscanos.org.br\/noticias\/wp-content\/uploads\/2025\/10\/IMG-20251021-WA0022-100x100.jpg 100w\" sizes=\"(max-width: 300px) 100vw, 300px\" \/><\/a>\n\t\t\t<\/dt><\/dl><br style=\"clear: both\" \/>\n\t\t<\/div>\n\n<h3><strong>Chegada ao Semin\u00e1rio: f\u00e9, emo\u00e7\u00e3o e adora\u00e7\u00e3o<\/strong><\/h3>\n<p>A chegada dos peregrinos ao Semin\u00e1rio Santo Ant\u00f4nio foi marcada por um profundo clima de espiritualidade e emo\u00e7\u00e3o. Frei Ademir acolheu os fi\u00e9is junto \u00e0 imagem de Nossa Senhora Aparecida, conduzindo um momento de b\u00ean\u00e7\u00e3o e gratid\u00e3o pela jornada conclu\u00edda.<\/p>\n<p>Enquanto isso, Frei Ladi recepcionava os peregrinos com a Adora\u00e7\u00e3o ao Sant\u00edssimo Sacramento, proporcionando um ambiente de ora\u00e7\u00e3o e sil\u00eancio, onde muitos puderam agradecer pelas gra\u00e7as recebidas e renovar sua f\u00e9. O encontro encerrou a caminhada com grande rever\u00eancia e sentimento de comunh\u00e3o com Deus.<\/p>\n<h3><strong>Mais do que um evento, um encontro com Deus<\/strong><\/h3>\n<p>A Caminhada da F\u00e9 j\u00e1 n\u00e3o \u00e9 apenas uma atividade anual, tornou-se um marco espiritual para toda a comunidade. A cada ano, o evento renova o compromisso dos fi\u00e9is com a f\u00e9 e com a vida em comunidade, mostrando que quando se caminha com Deus, nenhum percurso \u00e9 dif\u00edcil demais.<\/p>\n<p>A f\u00e9 \u00e9 o que nos move, e cada peregrino que chega ao Semin\u00e1rio traz consigo uma hist\u00f3ria, uma inten\u00e7\u00e3o e um cora\u00e7\u00e3o transformado.<\/p>\n<hr \/>\n<p><em>Maria Clara Andreotti \/ Comunica\u00e7\u00e3o do Semin\u00e1rio Santo Ant\u00f4nio<\/em><\/p>\n","protected":false},"excerpt":{"rendered":"<p>Espiritualidade franciscana<\/p>\n","protected":false},"author":11,"featured_media":261728,"comment_status":"open","ping_status":"open","sticky":false,"template":"","format":"standard","meta":[],"categories":[1],"tags":[2235,2031],"acf":[],"yoast_head":"<!-- This site is optimized with the Yoast SEO plugin v19.2 - https:\/\/yoast.com\/wordpress\/plugins\/seo\/ -->\n<title>4\u00aa Caminhada da f\u00e9 re\u00fane milhares de peregrinos em Agudos - Not\u00edcias - Franciscanos<\/title>\n<meta name=\"robots\" content=\"index, follow, max-snippet:-1, max-image-preview:large, max-video-preview:-1\" \/>\n<link rel=\"canonical\" href=\"https:\/\/franciscanos.org.br\/noticias\/4a-caminhada-da-fe-reune-milhares-de-peregrinos-em-agudos.html\" \/>\n<meta property=\"og:locale\" content=\"pt_BR\" \/>\n<meta property=\"og:type\" content=\"article\" \/>\n<meta property=\"og:title\" content=\"4\u00aa Caminhada da f\u00e9 re\u00fane milhares de peregrinos em Agudos - Not\u00edcias - Franciscanos\" \/>\n<meta property=\"og:description\" content=\"Espiritualidade franciscana\" \/>\n<meta property=\"og:url\" content=\"https:\/\/franciscanos.org.br\/noticias\/4a-caminhada-da-fe-reune-milhares-de-peregrinos-em-agudos.html\" \/>\n<meta property=\"og:site_name\" content=\"Not\u00edcias - Franciscanos\" \/>\n<meta property=\"article:published_time\" content=\"2025-10-23T15:08:40+00:00\" \/>\n<meta property=\"article:modified_time\" content=\"2025-10-23T15:23:56+00:00\" \/>\n<meta property=\"og:image\" content=\"https:\/\/franciscanos.org.br\/noticias\/wp-content\/uploads\/2025\/10\/chamada-45.jpg\" \/>\n\t<meta property=\"og:image:width\" content=\"800\" \/>\n\t<meta property=\"og:image:height\" content=\"550\" \/>\n\t<meta property=\"og:image:type\" content=\"image\/jpeg\" \/>\n<meta name=\"author\" content=\"Adriana Rabelo\" \/>\n<meta name=\"twitter:card\" content=\"summary_large_image\" \/>\n<meta name=\"twitter:label1\" content=\"Escrito por\" \/>\n\t<meta name=\"twitter:data1\" content=\"Adriana Rabelo\" \/>\n\t<meta name=\"twitter:label2\" content=\"Est. tempo de leitura\" \/>\n\t<meta name=\"twitter:data2\" content=\"7 minutos\" \/>\n<script type=\"application\/ld+json\" class=\"yoast-schema-graph\">{\"@context\":\"https:\/\/schema.org\",\"@graph\":[{\"@type\":\"WebSite\",\"@id\":\"https:\/\/franciscanos.org.br\/noticias\/#website\",\"url\":\"https:\/\/franciscanos.org.br\/noticias\/\",\"name\":\"Not\u00edcias - Franciscanos\",\"description\":\"Prov\u00edncia Franciscana da Imaculada Concei\u00e7\u00e3o do Brasil - Ordem dos Frades Menores - OFM\",\"potentialAction\":[{\"@type\":\"SearchAction\",\"target\":{\"@type\":\"EntryPoint\",\"urlTemplate\":\"https:\/\/franciscanos.org.br\/noticias\/?s={search_term_string}\"},\"query-input\":\"required name=search_term_string\"}],\"inLanguage\":\"pt-BR\"},{\"@type\":\"ImageObject\",\"inLanguage\":\"pt-BR\",\"@id\":\"https:\/\/franciscanos.org.br\/noticias\/4a-caminhada-da-fe-reune-milhares-de-peregrinos-em-agudos.html#primaryimage\",\"url\":\"https:\/\/franciscanos.org.br\/noticias\/wp-content\/uploads\/2025\/10\/chamada-45.jpg\",\"contentUrl\":\"https:\/\/franciscanos.org.br\/noticias\/wp-content\/uploads\/2025\/10\/chamada-45.jpg\",\"width\":800,\"height\":550},{\"@type\":\"WebPage\",\"@id\":\"https:\/\/franciscanos.org.br\/noticias\/4a-caminhada-da-fe-reune-milhares-de-peregrinos-em-agudos.html#webpage\",\"url\":\"https:\/\/franciscanos.org.br\/noticias\/4a-caminhada-da-fe-reune-milhares-de-peregrinos-em-agudos.html\",\"name\":\"4\u00aa Caminhada da f\u00e9 re\u00fane milhares de peregrinos em Agudos - Not\u00edcias - Franciscanos\",\"isPartOf\":{\"@id\":\"https:\/\/franciscanos.org.br\/noticias\/#website\"},\"primaryImageOfPage\":{\"@id\":\"https:\/\/franciscanos.org.br\/noticias\/4a-caminhada-da-fe-reune-milhares-de-peregrinos-em-agudos.html#primaryimage\"},\"datePublished\":\"2025-10-23T15:08:40+00:00\",\"dateModified\":\"2025-10-23T15:23:56+00:00\",\"author\":{\"@id\":\"https:\/\/franciscanos.org.br\/noticias\/#\/schema\/person\/d9422e83121c3ad3b0f423d195f5bb25\"},\"breadcrumb\":{\"@id\":\"https:\/\/franciscanos.org.br\/noticias\/4a-caminhada-da-fe-reune-milhares-de-peregrinos-em-agudos.html#breadcrumb\"},\"inLanguage\":\"pt-BR\",\"potentialAction\":[{\"@type\":\"ReadAction\",\"target\":[\"https:\/\/franciscanos.org.br\/noticias\/4a-caminhada-da-fe-reune-milhares-de-peregrinos-em-agudos.html\"]}]},{\"@type\":\"BreadcrumbList\",\"@id\":\"https:\/\/franciscanos.org.br\/noticias\/4a-caminhada-da-fe-reune-milhares-de-peregrinos-em-agudos.html#breadcrumb\",\"itemListElement\":[{\"@type\":\"ListItem\",\"position\":1,\"name\":\"Home\",\"item\":\"https:\/\/franciscanos.org.br\/noticias\"},{\"@type\":\"ListItem\",\"position\":2,\"name\":\"4\u00aa Caminhada da f\u00e9 re\u00fane milhares de peregrinos em Agudos\"}]},{\"@type\":\"Person\",\"@id\":\"https:\/\/franciscanos.org.br\/noticias\/#\/schema\/person\/d9422e83121c3ad3b0f423d195f5bb25\",\"name\":\"Adriana Rabelo\",\"image\":{\"@type\":\"ImageObject\",\"inLanguage\":\"pt-BR\",\"@id\":\"https:\/\/franciscanos.org.br\/noticias\/#\/schema\/person\/image\/\",\"url\":\"https:\/\/secure.gravatar.com\/avatar\/0a937b7500cd7df77540cfb8bede877d?s=96&d=mm&r=g\",\"contentUrl\":\"https:\/\/secure.gravatar.com\/avatar\/0a937b7500cd7df77540cfb8bede877d?s=96&d=mm&r=g\",\"caption\":\"Adriana Rabelo\"},\"url\":\"https:\/\/franciscanos.org.br\/noticias\/author\/adrianarabelo\"}]}<\/script>\n<!-- \/ Yoast SEO plugin. -->","yoast_head_json":{"title":"4\u00aa Caminhada da f\u00e9 re\u00fane milhares de peregrinos em Agudos - Not\u00edcias - Franciscanos","robots":{"index":"index","follow":"follow","max-snippet":"max-snippet:-1","max-image-preview":"max-image-preview:large","max-video-preview":"max-video-preview:-1"},"canonical":"https:\/\/franciscanos.org.br\/noticias\/4a-caminhada-da-fe-reune-milhares-de-peregrinos-em-agudos.html","og_locale":"pt_BR","og_type":"article","og_title":"4\u00aa Caminhada da f\u00e9 re\u00fane milhares de peregrinos em Agudos - Not\u00edcias - Franciscanos","og_description":"Espiritualidade franciscana","og_url":"https:\/\/franciscanos.org.br\/noticias\/4a-caminhada-da-fe-reune-milhares-de-peregrinos-em-agudos.html","og_site_name":"Not\u00edcias - Franciscanos","article_published_time":"2025-10-23T15:08:40+00:00","article_modified_time":"2025-10-23T15:23:56+00:00","og_image":[{"width":800,"height":550,"url":"https:\/\/franciscanos.org.br\/noticias\/wp-content\/uploads\/2025\/10\/chamada-45.jpg","type":"image\/jpeg"}],"author":"Adriana Rabelo","twitter_card":"summary_large_image","twitter_misc":{"Escrito por":"Adriana Rabelo","Est. tempo de leitura":"7 minutos"},"schema":{"@context":"https:\/\/schema.org","@graph":[{"@type":"WebSite","@id":"https:\/\/franciscanos.org.br\/noticias\/#website","url":"https:\/\/franciscanos.org.br\/noticias\/","name":"Not\u00edcias - Franciscanos","description":"Prov\u00edncia Franciscana da Imaculada Concei\u00e7\u00e3o do Brasil - Ordem dos Frades Menores - OFM","potentialAction":[{"@type":"SearchAction","target":{"@type":"EntryPoint","urlTemplate":"https:\/\/franciscanos.org.br\/noticias\/?s={search_term_string}"},"query-input":"required name=search_term_string"}],"inLanguage":"pt-BR"},{"@type":"ImageObject","inLanguage":"pt-BR","@id":"https:\/\/franciscanos.org.br\/noticias\/4a-caminhada-da-fe-reune-milhares-de-peregrinos-em-agudos.html#primaryimage","url":"https:\/\/franciscanos.org.br\/noticias\/wp-content\/uploads\/2025\/10\/chamada-45.jpg","contentUrl":"https:\/\/franciscanos.org.br\/noticias\/wp-content\/uploads\/2025\/10\/chamada-45.jpg","width":800,"height":550},{"@type":"WebPage","@id":"https:\/\/franciscanos.org.br\/noticias\/4a-caminhada-da-fe-reune-milhares-de-peregrinos-em-agudos.html#webpage","url":"https:\/\/franciscanos.org.br\/noticias\/4a-caminhada-da-fe-reune-milhares-de-peregrinos-em-agudos.html","name":"4\u00aa Caminhada da f\u00e9 re\u00fane milhares de peregrinos em Agudos - Not\u00edcias - Franciscanos","isPartOf":{"@id":"https:\/\/franciscanos.org.br\/noticias\/#website"},"primaryImageOfPage":{"@id":"https:\/\/franciscanos.org.br\/noticias\/4a-caminhada-da-fe-reune-milhares-de-peregrinos-em-agudos.html#primaryimage"},"datePublished":"2025-10-23T15:08:40+00:00","dateModified":"2025-10-23T15:23:56+00:00","author":{"@id":"https:\/\/franciscanos.org.br\/noticias\/#\/schema\/person\/d9422e83121c3ad3b0f423d195f5bb25"},"breadcrumb":{"@id":"https:\/\/franciscanos.org.br\/noticias\/4a-caminhada-da-fe-reune-milhares-de-peregrinos-em-agudos.html#breadcrumb"},"inLanguage":"pt-BR","potentialAction":[{"@type":"ReadAction","target":["https:\/\/franciscanos.org.br\/noticias\/4a-caminhada-da-fe-reune-milhares-de-peregrinos-em-agudos.html"]}]},{"@type":"BreadcrumbList","@id":"https:\/\/franciscanos.org.br\/noticias\/4a-caminhada-da-fe-reune-milhares-de-peregrinos-em-agudos.html#breadcrumb","itemListElement":[{"@type":"ListItem","position":1,"name":"Home","item":"https:\/\/franciscanos.org.br\/noticias"},{"@type":"ListItem","position":2,"name":"4\u00aa Caminhada da f\u00e9 re\u00fane milhares de peregrinos em Agudos"}]},{"@type":"Person","@id":"https:\/\/franciscanos.org.br\/noticias\/#\/schema\/person\/d9422e83121c3ad3b0f423d195f5bb25","name":"Adriana Rabelo","image":{"@type":"ImageObject","inLanguage":"pt-BR","@id":"https:\/\/franciscanos.org.br\/noticias\/#\/schema\/person\/image\/","url":"https:\/\/secure.gravatar.com\/avatar\/0a937b7500cd7df77540cfb8bede877d?s=96&d=mm&r=g","contentUrl":"https:\/\/secure.gravatar.com\/avatar\/0a937b7500cd7df77540cfb8bede877d?s=96&d=mm&r=g","caption":"Adriana Rabelo"},"url":"https:\/\/franciscanos.org.br\/noticias\/author\/adrianarabelo"}]}},"_links":{"self":[{"href":"https:\/\/franciscanos.org.br\/noticias\/wp-json\/wp\/v2\/posts\/261727"}],"collection":[{"href":"https:\/\/franciscanos.org.br\/noticias\/wp-json\/wp\/v2\/posts"}],"about":[{"href":"https:\/\/franciscanos.org.br\/noticias\/wp-json\/wp\/v2\/types\/post"}],"author":[{"embeddable":true,"href":"https:\/\/franciscanos.org.br\/noticias\/wp-json\/wp\/v2\/users\/11"}],"replies":[{"embeddable":true,"href":"https:\/\/franciscanos.org.br\/noticias\/wp-json\/wp\/v2\/comments?post=261727"}],"version-history":[{"count":4,"href":"https:\/\/franciscanos.org.br\/noticias\/wp-json\/wp\/v2\/posts\/261727\/revisions"}],"predecessor-version":[{"id":261749,"href":"https:\/\/franciscanos.org.br\/noticias\/wp-json\/wp\/v2\/posts\/261727\/revisions\/261749"}],"wp:featuredmedia":[{"embeddable":true,"href":"https:\/\/franciscanos.org.br\/noticias\/wp-json\/wp\/v2\/media\/261728"}],"wp:attachment":[{"href":"https:\/\/franciscanos.org.br\/noticias\/wp-json\/wp\/v2\/media?parent=261727"}],"wp:term":[{"taxonomy":"category","embeddable":true,"href":"https:\/\/franciscanos.org.br\/noticias\/wp-json\/wp\/v2\/categories?post=261727"},{"taxonomy":"post_tag","embeddable":true,"href":"https:\/\/franciscanos.org.br\/noticias\/wp-json\/wp\/v2\/tags?post=261727"}],"curies":[{"name":"wp","href":"https:\/\/api.w.org\/{rel}","templated":true}]}}