{"id":261718,"date":"2025-10-22T15:40:46","date_gmt":"2025-10-22T18:40:46","guid":{"rendered":"https:\/\/franciscanos.org.br\/noticias\/?p=261718"},"modified":"2025-10-22T15:47:20","modified_gmt":"2025-10-22T18:47:20","slug":"frei-galvao-aquele-que-ilumina-nossos-caminhos-para-a-santidade","status":"publish","type":"post","link":"https:\/\/franciscanos.org.br\/noticias\/frei-galvao-aquele-que-ilumina-nossos-caminhos-para-a-santidade.html","title":{"rendered":"Frei Galv\u00e3o: Aquele que ilumina nossos caminhos para a santidade"},"content":{"rendered":"<p><img loading=\"lazy\" class=\"aligncenter wp-image-261719 size-full\" src=\"https:\/\/franciscanos.org.br\/noticias\/wp-content\/uploads\/2025\/10\/materia1-11.jpg\" alt=\"\" width=\"1280\" height=\"720\" srcset=\"https:\/\/franciscanos.org.br\/noticias\/wp-content\/uploads\/2025\/10\/materia1-11.jpg 1280w, https:\/\/franciscanos.org.br\/noticias\/wp-content\/uploads\/2025\/10\/materia1-11-450x253.jpg 450w, https:\/\/franciscanos.org.br\/noticias\/wp-content\/uploads\/2025\/10\/materia1-11-1024x576.jpg 1024w, https:\/\/franciscanos.org.br\/noticias\/wp-content\/uploads\/2025\/10\/materia1-11-768x432.jpg 768w, https:\/\/franciscanos.org.br\/noticias\/wp-content\/uploads\/2025\/10\/materia1-11-150x84.jpg 150w\" sizes=\"(max-width: 1280px) 100vw, 1280px\" \/><\/p>\n<p>No caminho da Novena em honra a S\u00e3o Frei Galv\u00e3o, os fi\u00e9is s\u00e3o convidados, a cada dia, a refletir sobre uma virtude que conduz \u00e0 santidade. No 6\u00ba dia, 21 de outubro, o tema prop\u00f4s contemplar a luz da f\u00e9 que guia e fortalece o cora\u00e7\u00e3o crist\u00e3o, inspirando-se no exemplo do Santo franciscano, cuja vida foi um testemunho de obedi\u00eancia e amor a Deus.<\/p>\n<p>Inspirado pelo tema do dia \u201c Frei Galv\u00e3o, a l\u00e2mpada da caridade e da mansid\u00e3o evang\u00e9lica\u201d, Frei Florival Mariano de Toledo, da Par\u00f3quia S\u00e3o Francisco, em S\u00e3o Paulo (SP), presidiu a celebra\u00e7\u00e3o do per\u00edodo da tarde.<\/p>\n<p>\u201cEis que venho fazer, com prazer, a vossa vontade, Senhor\u201d, assim nos lembra o Salmo de hoje. S\u00e3o Frei Galv\u00e3o n\u00e3o fez diferente. Em toda a sua vida, procurou servir ao Reino de Deus com alegria e caridade. Seus ensinamentos nos orientam a promover a paz e a santidade, para alcan\u00e7armos o Reino dos C\u00e9us. Assim como preparamos a nossa casa para receber visitantes, tamb\u00e9m devemos preparar o nosso cora\u00e7\u00e3o para acolher Deus em nossas vidas. \u00c9 necess\u00e1rio desejar a presen\u00e7a de Jesus Cristo, pois felizes ser\u00e3o aqueles que O encontrarem.<\/p>\n<p>Na primeira leitura, da Carta de S\u00e3o Paulo aos Romanos, aprendemos que o pecado entrou no mundo por meio de um homem e, com o pecado, veio a morte. A transgress\u00e3o de um s\u00f3 acarretou a condena\u00e7\u00e3o para todos os homens; por\u00e9m, tamb\u00e9m pela obedi\u00eancia de um s\u00f3, toda a humanidade passou a ter acesso \u00e0 justifica\u00e7\u00e3o. Nossa f\u00e9 se abala quando cedemos ao pecado, e a forma de corrigirmos isso \u00e9 conhecendo a Palavra e nos inspirando nos santos, que mostraram em seus atos o caminho para a santidade. Frei Galv\u00e3o, em seus ensinamentos, nos mostra como nos apresentarmos com o cora\u00e7\u00e3o dispon\u00edvel e sempre prontos a servir, pois, em nosso Ju\u00edzo Final, nossas a\u00e7\u00f5es ser\u00e3o consideradas.<\/p>\n<p>Frei Florival recordou a import\u00e2ncia de cultivar a paz e o amor \u00e0 cria\u00e7\u00e3o: \u201cOnde est\u00e1 o meu Senhor, ali estar\u00e1 o meu cora\u00e7\u00e3o\u201d. Conectar-se com Deus e com todas as Suas virtudes \u00e9 essencial, pois \u00e9 n\u2019Ele que o nosso cora\u00e7\u00e3o encontra paz. Jesus prepara o cora\u00e7\u00e3o de seus ouvintes. O Evangelho de Lc 12,35-38 nos convida \u00e0 vigil\u00e2ncia e \u00e0 prontid\u00e3o, e tamb\u00e9m a amar com aten\u00e7\u00e3o, de corpo e alma, sem deixar a f\u00e9 adormecer. Fazemos isso por meio de atos de bondade e for\u00e7a interior, sendo verdadeiros homens e mulheres de Deus. Por fim, vemos que felizes s\u00e3o os que promovem a paz, pois estes alcan\u00e7ar\u00e3o a eternidade.<\/p>\n<p><img loading=\"lazy\" class=\"aligncenter wp-image-261721 size-full\" src=\"https:\/\/franciscanos.org.br\/noticias\/wp-content\/uploads\/2025\/10\/Materia-2-6.jpg\" alt=\"\" width=\"1280\" height=\"720\" srcset=\"https:\/\/franciscanos.org.br\/noticias\/wp-content\/uploads\/2025\/10\/Materia-2-6.jpg 1280w, https:\/\/franciscanos.org.br\/noticias\/wp-content\/uploads\/2025\/10\/Materia-2-6-450x253.jpg 450w, https:\/\/franciscanos.org.br\/noticias\/wp-content\/uploads\/2025\/10\/Materia-2-6-1024x576.jpg 1024w, https:\/\/franciscanos.org.br\/noticias\/wp-content\/uploads\/2025\/10\/Materia-2-6-768x432.jpg 768w, https:\/\/franciscanos.org.br\/noticias\/wp-content\/uploads\/2025\/10\/Materia-2-6-150x84.jpg 150w\" sizes=\"(max-width: 1280px) 100vw, 1280px\" \/><\/p>\n<h3><\/h3>\n<h3><strong>Dom Carlos Silva: \u201cSer crist\u00e3o \u00e9 manter aceso o fogo do amor de Deus nos pequenos gestos\u201d<\/strong><\/h3>\n<p>Dom Frei Carlos Silva, Bispo Auxiliar de S\u00e3o Paulo e respons\u00e1vel pela Regi\u00e3o Episcopal da Brasil\u00e2ndia, presidiu a celebra\u00e7\u00e3o da noite de forma festiva e alegre. Sua presen\u00e7a cativou a assembleia e deixou mem\u00f3rias que permanecer\u00e3o vivas no cora\u00e7\u00e3o do Santu\u00e1rio.<\/p>\n<p>Durante a homilia, o bispo promoveu uma reflex\u00e3o sobre a \u201cl\u00e2mpada\u201d que simboliza a nossa f\u00e9, apagando as velas do altar e motivando todos a voltarem seus cora\u00e7\u00f5es para o projeto de Deus, que n\u00e3o depende de n\u00f3s, mas da vontade divina que nos conduz.<\/p>\n<p>O Salmo responsorial tamb\u00e9m convidou os presentes a se abrirem \u00e0 vontade de Deus, atitude refor\u00e7ada pelas reflex\u00f5es did\u00e1ticas de Dom Frei Carlos. Foram momentos marcantes, em que os devotos de Frei Galv\u00e3o buscaram um encontro mais profundo com Deus, por meio da entrega confiante, tal como viveu S\u00e3o Frei Galv\u00e3o.<\/p>\n<p>Segundo o celebrante, Jesus usa a imagem da l\u00e2mpada para mostrar que a f\u00e9 n\u00e3o pode se apagar, mas deve ser viva e perseverante. A esperan\u00e7a dentro de n\u00f3s deve ser a primeira a nascer. A l\u00e2mpada n\u00e3o ilumina apenas a si mesma, mas tamb\u00e9m aqueles que est\u00e3o ao seu redor, assim deve ser a nossa vida. Frei Galv\u00e3o foi essa l\u00e2mpada acesa, irradiando luz atrav\u00e9s de seus gestos bondosos.<\/p>\n<p>\u201cComo est\u00e1 a sua l\u00e2mpada?\u201d, perguntou Dom Frei Carlos aos devotos. \u201cSer crist\u00e3o \u00e9 manter aceso o fogo do amor de Deus nos pequenos gestos. Mansid\u00e3o \u00e9 n\u00e3o pagar o mal com o mal, mas cultivar a paz com toda a cria\u00e7\u00e3o\u201d, concluiu.<\/p>\n<hr \/>\n<div class=\"referencias\"><em>Texto: Frei Filipo Carpi Gir\u00e3o e Ta\u00edse Marques\/ Fotos: \u00c9rika Augusto &#8211; PASCOM<\/em><\/div>\n","protected":false},"excerpt":{"rendered":"<p>Festa de Frei Galv\u00e3o 2025<\/p>\n","protected":false},"author":11,"featured_media":261720,"comment_status":"open","ping_status":"open","sticky":false,"template":"","format":"standard","meta":[],"categories":[1],"tags":[2396],"acf":[],"yoast_head":"<!-- This site is optimized with the Yoast SEO plugin v19.2 - https:\/\/yoast.com\/wordpress\/plugins\/seo\/ -->\n<title>Frei Galv\u00e3o: Aquele que ilumina nossos caminhos para a santidade - Not\u00edcias - Franciscanos<\/title>\n<meta name=\"robots\" content=\"index, follow, max-snippet:-1, max-image-preview:large, max-video-preview:-1\" \/>\n<link rel=\"canonical\" href=\"https:\/\/franciscanos.org.br\/noticias\/frei-galvao-aquele-que-ilumina-nossos-caminhos-para-a-santidade.html\" \/>\n<meta property=\"og:locale\" content=\"pt_BR\" \/>\n<meta property=\"og:type\" content=\"article\" \/>\n<meta property=\"og:title\" content=\"Frei Galv\u00e3o: Aquele que ilumina nossos caminhos para a santidade - Not\u00edcias - Franciscanos\" \/>\n<meta property=\"og:description\" content=\"Festa de Frei Galv\u00e3o 2025\" \/>\n<meta property=\"og:url\" content=\"https:\/\/franciscanos.org.br\/noticias\/frei-galvao-aquele-que-ilumina-nossos-caminhos-para-a-santidade.html\" \/>\n<meta property=\"og:site_name\" content=\"Not\u00edcias - Franciscanos\" \/>\n<meta property=\"article:published_time\" content=\"2025-10-22T18:40:46+00:00\" \/>\n<meta property=\"article:modified_time\" content=\"2025-10-22T18:47:20+00:00\" \/>\n<meta property=\"og:image\" content=\"https:\/\/franciscanos.org.br\/noticias\/wp-content\/uploads\/2025\/10\/chamada-44.jpg\" \/>\n\t<meta property=\"og:image:width\" content=\"800\" \/>\n\t<meta property=\"og:image:height\" content=\"550\" \/>\n\t<meta property=\"og:image:type\" content=\"image\/jpeg\" \/>\n<meta name=\"author\" content=\"Adriana Rabelo\" \/>\n<meta name=\"twitter:card\" content=\"summary_large_image\" \/>\n<meta name=\"twitter:label1\" content=\"Escrito por\" \/>\n\t<meta name=\"twitter:data1\" content=\"Adriana Rabelo\" \/>\n\t<meta name=\"twitter:label2\" content=\"Est. tempo de leitura\" \/>\n\t<meta name=\"twitter:data2\" content=\"4 minutos\" \/>\n<script type=\"application\/ld+json\" class=\"yoast-schema-graph\">{\"@context\":\"https:\/\/schema.org\",\"@graph\":[{\"@type\":\"WebSite\",\"@id\":\"https:\/\/franciscanos.org.br\/noticias\/#website\",\"url\":\"https:\/\/franciscanos.org.br\/noticias\/\",\"name\":\"Not\u00edcias - Franciscanos\",\"description\":\"Prov\u00edncia Franciscana da Imaculada Concei\u00e7\u00e3o do Brasil - Ordem dos Frades Menores - OFM\",\"potentialAction\":[{\"@type\":\"SearchAction\",\"target\":{\"@type\":\"EntryPoint\",\"urlTemplate\":\"https:\/\/franciscanos.org.br\/noticias\/?s={search_term_string}\"},\"query-input\":\"required name=search_term_string\"}],\"inLanguage\":\"pt-BR\"},{\"@type\":\"ImageObject\",\"inLanguage\":\"pt-BR\",\"@id\":\"https:\/\/franciscanos.org.br\/noticias\/frei-galvao-aquele-que-ilumina-nossos-caminhos-para-a-santidade.html#primaryimage\",\"url\":\"https:\/\/franciscanos.org.br\/noticias\/wp-content\/uploads\/2025\/10\/chamada-44.jpg\",\"contentUrl\":\"https:\/\/franciscanos.org.br\/noticias\/wp-content\/uploads\/2025\/10\/chamada-44.jpg\",\"width\":800,\"height\":550},{\"@type\":\"WebPage\",\"@id\":\"https:\/\/franciscanos.org.br\/noticias\/frei-galvao-aquele-que-ilumina-nossos-caminhos-para-a-santidade.html#webpage\",\"url\":\"https:\/\/franciscanos.org.br\/noticias\/frei-galvao-aquele-que-ilumina-nossos-caminhos-para-a-santidade.html\",\"name\":\"Frei Galv\u00e3o: Aquele que ilumina nossos caminhos para a santidade - Not\u00edcias - Franciscanos\",\"isPartOf\":{\"@id\":\"https:\/\/franciscanos.org.br\/noticias\/#website\"},\"primaryImageOfPage\":{\"@id\":\"https:\/\/franciscanos.org.br\/noticias\/frei-galvao-aquele-que-ilumina-nossos-caminhos-para-a-santidade.html#primaryimage\"},\"datePublished\":\"2025-10-22T18:40:46+00:00\",\"dateModified\":\"2025-10-22T18:47:20+00:00\",\"author\":{\"@id\":\"https:\/\/franciscanos.org.br\/noticias\/#\/schema\/person\/d9422e83121c3ad3b0f423d195f5bb25\"},\"breadcrumb\":{\"@id\":\"https:\/\/franciscanos.org.br\/noticias\/frei-galvao-aquele-que-ilumina-nossos-caminhos-para-a-santidade.html#breadcrumb\"},\"inLanguage\":\"pt-BR\",\"potentialAction\":[{\"@type\":\"ReadAction\",\"target\":[\"https:\/\/franciscanos.org.br\/noticias\/frei-galvao-aquele-que-ilumina-nossos-caminhos-para-a-santidade.html\"]}]},{\"@type\":\"BreadcrumbList\",\"@id\":\"https:\/\/franciscanos.org.br\/noticias\/frei-galvao-aquele-que-ilumina-nossos-caminhos-para-a-santidade.html#breadcrumb\",\"itemListElement\":[{\"@type\":\"ListItem\",\"position\":1,\"name\":\"Home\",\"item\":\"https:\/\/franciscanos.org.br\/noticias\"},{\"@type\":\"ListItem\",\"position\":2,\"name\":\"Frei Galv\u00e3o: Aquele que ilumina nossos caminhos para a santidade\"}]},{\"@type\":\"Person\",\"@id\":\"https:\/\/franciscanos.org.br\/noticias\/#\/schema\/person\/d9422e83121c3ad3b0f423d195f5bb25\",\"name\":\"Adriana Rabelo\",\"image\":{\"@type\":\"ImageObject\",\"inLanguage\":\"pt-BR\",\"@id\":\"https:\/\/franciscanos.org.br\/noticias\/#\/schema\/person\/image\/\",\"url\":\"https:\/\/secure.gravatar.com\/avatar\/0a937b7500cd7df77540cfb8bede877d?s=96&d=mm&r=g\",\"contentUrl\":\"https:\/\/secure.gravatar.com\/avatar\/0a937b7500cd7df77540cfb8bede877d?s=96&d=mm&r=g\",\"caption\":\"Adriana Rabelo\"},\"url\":\"https:\/\/franciscanos.org.br\/noticias\/author\/adrianarabelo\"}]}<\/script>\n<!-- \/ Yoast SEO plugin. -->","yoast_head_json":{"title":"Frei Galv\u00e3o: Aquele que ilumina nossos caminhos para a santidade - Not\u00edcias - Franciscanos","robots":{"index":"index","follow":"follow","max-snippet":"max-snippet:-1","max-image-preview":"max-image-preview:large","max-video-preview":"max-video-preview:-1"},"canonical":"https:\/\/franciscanos.org.br\/noticias\/frei-galvao-aquele-que-ilumina-nossos-caminhos-para-a-santidade.html","og_locale":"pt_BR","og_type":"article","og_title":"Frei Galv\u00e3o: Aquele que ilumina nossos caminhos para a santidade - Not\u00edcias - Franciscanos","og_description":"Festa de Frei Galv\u00e3o 2025","og_url":"https:\/\/franciscanos.org.br\/noticias\/frei-galvao-aquele-que-ilumina-nossos-caminhos-para-a-santidade.html","og_site_name":"Not\u00edcias - Franciscanos","article_published_time":"2025-10-22T18:40:46+00:00","article_modified_time":"2025-10-22T18:47:20+00:00","og_image":[{"width":800,"height":550,"url":"https:\/\/franciscanos.org.br\/noticias\/wp-content\/uploads\/2025\/10\/chamada-44.jpg","type":"image\/jpeg"}],"author":"Adriana Rabelo","twitter_card":"summary_large_image","twitter_misc":{"Escrito por":"Adriana Rabelo","Est. tempo de leitura":"4 minutos"},"schema":{"@context":"https:\/\/schema.org","@graph":[{"@type":"WebSite","@id":"https:\/\/franciscanos.org.br\/noticias\/#website","url":"https:\/\/franciscanos.org.br\/noticias\/","name":"Not\u00edcias - Franciscanos","description":"Prov\u00edncia Franciscana da Imaculada Concei\u00e7\u00e3o do Brasil - Ordem dos Frades Menores - OFM","potentialAction":[{"@type":"SearchAction","target":{"@type":"EntryPoint","urlTemplate":"https:\/\/franciscanos.org.br\/noticias\/?s={search_term_string}"},"query-input":"required name=search_term_string"}],"inLanguage":"pt-BR"},{"@type":"ImageObject","inLanguage":"pt-BR","@id":"https:\/\/franciscanos.org.br\/noticias\/frei-galvao-aquele-que-ilumina-nossos-caminhos-para-a-santidade.html#primaryimage","url":"https:\/\/franciscanos.org.br\/noticias\/wp-content\/uploads\/2025\/10\/chamada-44.jpg","contentUrl":"https:\/\/franciscanos.org.br\/noticias\/wp-content\/uploads\/2025\/10\/chamada-44.jpg","width":800,"height":550},{"@type":"WebPage","@id":"https:\/\/franciscanos.org.br\/noticias\/frei-galvao-aquele-que-ilumina-nossos-caminhos-para-a-santidade.html#webpage","url":"https:\/\/franciscanos.org.br\/noticias\/frei-galvao-aquele-que-ilumina-nossos-caminhos-para-a-santidade.html","name":"Frei Galv\u00e3o: Aquele que ilumina nossos caminhos para a santidade - Not\u00edcias - Franciscanos","isPartOf":{"@id":"https:\/\/franciscanos.org.br\/noticias\/#website"},"primaryImageOfPage":{"@id":"https:\/\/franciscanos.org.br\/noticias\/frei-galvao-aquele-que-ilumina-nossos-caminhos-para-a-santidade.html#primaryimage"},"datePublished":"2025-10-22T18:40:46+00:00","dateModified":"2025-10-22T18:47:20+00:00","author":{"@id":"https:\/\/franciscanos.org.br\/noticias\/#\/schema\/person\/d9422e83121c3ad3b0f423d195f5bb25"},"breadcrumb":{"@id":"https:\/\/franciscanos.org.br\/noticias\/frei-galvao-aquele-que-ilumina-nossos-caminhos-para-a-santidade.html#breadcrumb"},"inLanguage":"pt-BR","potentialAction":[{"@type":"ReadAction","target":["https:\/\/franciscanos.org.br\/noticias\/frei-galvao-aquele-que-ilumina-nossos-caminhos-para-a-santidade.html"]}]},{"@type":"BreadcrumbList","@id":"https:\/\/franciscanos.org.br\/noticias\/frei-galvao-aquele-que-ilumina-nossos-caminhos-para-a-santidade.html#breadcrumb","itemListElement":[{"@type":"ListItem","position":1,"name":"Home","item":"https:\/\/franciscanos.org.br\/noticias"},{"@type":"ListItem","position":2,"name":"Frei Galv\u00e3o: Aquele que ilumina nossos caminhos para a santidade"}]},{"@type":"Person","@id":"https:\/\/franciscanos.org.br\/noticias\/#\/schema\/person\/d9422e83121c3ad3b0f423d195f5bb25","name":"Adriana Rabelo","image":{"@type":"ImageObject","inLanguage":"pt-BR","@id":"https:\/\/franciscanos.org.br\/noticias\/#\/schema\/person\/image\/","url":"https:\/\/secure.gravatar.com\/avatar\/0a937b7500cd7df77540cfb8bede877d?s=96&d=mm&r=g","contentUrl":"https:\/\/secure.gravatar.com\/avatar\/0a937b7500cd7df77540cfb8bede877d?s=96&d=mm&r=g","caption":"Adriana Rabelo"},"url":"https:\/\/franciscanos.org.br\/noticias\/author\/adrianarabelo"}]}},"_links":{"self":[{"href":"https:\/\/franciscanos.org.br\/noticias\/wp-json\/wp\/v2\/posts\/261718"}],"collection":[{"href":"https:\/\/franciscanos.org.br\/noticias\/wp-json\/wp\/v2\/posts"}],"about":[{"href":"https:\/\/franciscanos.org.br\/noticias\/wp-json\/wp\/v2\/types\/post"}],"author":[{"embeddable":true,"href":"https:\/\/franciscanos.org.br\/noticias\/wp-json\/wp\/v2\/users\/11"}],"replies":[{"embeddable":true,"href":"https:\/\/franciscanos.org.br\/noticias\/wp-json\/wp\/v2\/comments?post=261718"}],"version-history":[{"count":4,"href":"https:\/\/franciscanos.org.br\/noticias\/wp-json\/wp\/v2\/posts\/261718\/revisions"}],"predecessor-version":[{"id":261726,"href":"https:\/\/franciscanos.org.br\/noticias\/wp-json\/wp\/v2\/posts\/261718\/revisions\/261726"}],"wp:featuredmedia":[{"embeddable":true,"href":"https:\/\/franciscanos.org.br\/noticias\/wp-json\/wp\/v2\/media\/261720"}],"wp:attachment":[{"href":"https:\/\/franciscanos.org.br\/noticias\/wp-json\/wp\/v2\/media?parent=261718"}],"wp:term":[{"taxonomy":"category","embeddable":true,"href":"https:\/\/franciscanos.org.br\/noticias\/wp-json\/wp\/v2\/categories?post=261718"},{"taxonomy":"post_tag","embeddable":true,"href":"https:\/\/franciscanos.org.br\/noticias\/wp-json\/wp\/v2\/tags?post=261718"}],"curies":[{"name":"wp","href":"https:\/\/api.w.org\/{rel}","templated":true}]}}