{"id":261702,"date":"2025-10-21T15:22:32","date_gmt":"2025-10-21T18:22:32","guid":{"rendered":"https:\/\/franciscanos.org.br\/noticias\/?p=261702"},"modified":"2025-10-22T15:02:18","modified_gmt":"2025-10-22T18:02:18","slug":"oracao-justica-e-cuidado-com-a-criacao-licoes-de-frei-galvao","status":"publish","type":"post","link":"https:\/\/franciscanos.org.br\/noticias\/oracao-justica-e-cuidado-com-a-criacao-licoes-de-frei-galvao.html","title":{"rendered":"Ora\u00e7\u00e3o, Justi\u00e7a e Cuidado com a Cria\u00e7\u00e3o: Li\u00e7\u00f5es de Frei Galv\u00e3o"},"content":{"rendered":"<p><img loading=\"lazy\" class=\"aligncenter wp-image-261704 size-full\" src=\"https:\/\/franciscanos.org.br\/noticias\/wp-content\/uploads\/2025\/10\/Novena-Frei-Galvao-19_10.jpg\" alt=\"\" width=\"1280\" height=\"720\" srcset=\"https:\/\/franciscanos.org.br\/noticias\/wp-content\/uploads\/2025\/10\/Novena-Frei-Galvao-19_10.jpg 1280w, https:\/\/franciscanos.org.br\/noticias\/wp-content\/uploads\/2025\/10\/Novena-Frei-Galvao-19_10-450x253.jpg 450w, https:\/\/franciscanos.org.br\/noticias\/wp-content\/uploads\/2025\/10\/Novena-Frei-Galvao-19_10-1024x576.jpg 1024w, https:\/\/franciscanos.org.br\/noticias\/wp-content\/uploads\/2025\/10\/Novena-Frei-Galvao-19_10-768x432.jpg 768w, https:\/\/franciscanos.org.br\/noticias\/wp-content\/uploads\/2025\/10\/Novena-Frei-Galvao-19_10-150x84.jpg 150w\" sizes=\"(max-width: 1280px) 100vw, 1280px\" \/><\/p>\n<p>O site Franciscanos est\u00e1 acompanhando as celebra\u00e7\u00f5es em louvor a Frei Galv\u00e3o, em Guaratinguet\u00e1 (SP), trazendo os principais destaques da novena e das atividades que aproximam devotos e visitantes da espiritualidade e do carisma franciscano, bem como da hist\u00f3ria e dos exemplos deixados pelo primeiro santo brasileiro.<\/p>\n<p><img loading=\"lazy\" class=\"aligncenter wp-image-261705 size-full\" src=\"https:\/\/franciscanos.org.br\/noticias\/wp-content\/uploads\/2025\/10\/Novena-de-Frei-Galvao-19_10-Frei-Gentil.jpg\" alt=\"\" width=\"1280\" height=\"720\" srcset=\"https:\/\/franciscanos.org.br\/noticias\/wp-content\/uploads\/2025\/10\/Novena-de-Frei-Galvao-19_10-Frei-Gentil.jpg 1280w, https:\/\/franciscanos.org.br\/noticias\/wp-content\/uploads\/2025\/10\/Novena-de-Frei-Galvao-19_10-Frei-Gentil-450x253.jpg 450w, https:\/\/franciscanos.org.br\/noticias\/wp-content\/uploads\/2025\/10\/Novena-de-Frei-Galvao-19_10-Frei-Gentil-1024x576.jpg 1024w, https:\/\/franciscanos.org.br\/noticias\/wp-content\/uploads\/2025\/10\/Novena-de-Frei-Galvao-19_10-Frei-Gentil-768x432.jpg 768w, https:\/\/franciscanos.org.br\/noticias\/wp-content\/uploads\/2025\/10\/Novena-de-Frei-Galvao-19_10-Frei-Gentil-150x84.jpg 150w\" sizes=\"(max-width: 1280px) 100vw, 1280px\" \/><\/p>\n<h3><strong>4\u00ba dia: &#8220;Frei Galv\u00e3o, homem de ora\u00e7\u00e3o e justi\u00e7a, que ainda hoje fortalece e reconcilia as fam\u00edlias&#8221;<\/strong><\/h3>\n<p>O Santu\u00e1rio Frei Galv\u00e3o realizou, no \u00faltimo domingo, 19 de outubro, a celebra\u00e7\u00e3o do 4\u00ba dia da Novena de Santo Ant\u00f4nio de Sant\u2019Anna Galv\u00e3o. A Santa Missa das 15h foi presidida por Frei Gentil de Lima Branco, Guardi\u00e3o do Semin\u00e1rio Frei Galv\u00e3o, e teve como tema: \u201cFrei Galv\u00e3o, homem de ora\u00e7\u00e3o e justi\u00e7a, que ainda hoje fortalece e reconcilia as fam\u00edlias\u201d.<\/p>\n<p>Logo no in\u00edcio da celebra\u00e7\u00e3o, Frei Gentil acolheu com alegria os fi\u00e9is das comunidades da regi\u00e3o, os romeiros vindos de outros estados e os representantes de entidades como a APAE, j\u00e1 que a Missa do dia foi em homenagem ao trabalho de inclus\u00e3o das pessoas com defici\u00eancia.<\/p>\n<p>Durante a homilia, o frade lembrou que outubro \u00e9 o m\u00eas mission\u00e1rio e o m\u00eas de Nossa Senhora Aparecida, convidando os fi\u00e9is a viverem sua f\u00e9 de forma ativa. \u201cOs mission\u00e1rios somos todos n\u00f3s, batizados, que anunciamos Jesus com nossas palavras, mas, sobretudo, com nosso testemunho de vida\u201d, afirmou.<\/p>\n<p><img loading=\"lazy\" class=\"aligncenter wp-image-261707 size-full\" src=\"https:\/\/franciscanos.org.br\/noticias\/wp-content\/uploads\/2025\/10\/Novena-Frei-Galvao-19_10-APAE.jpg\" alt=\"\" width=\"1280\" height=\"720\" srcset=\"https:\/\/franciscanos.org.br\/noticias\/wp-content\/uploads\/2025\/10\/Novena-Frei-Galvao-19_10-APAE.jpg 1280w, https:\/\/franciscanos.org.br\/noticias\/wp-content\/uploads\/2025\/10\/Novena-Frei-Galvao-19_10-APAE-450x253.jpg 450w, https:\/\/franciscanos.org.br\/noticias\/wp-content\/uploads\/2025\/10\/Novena-Frei-Galvao-19_10-APAE-1024x576.jpg 1024w, https:\/\/franciscanos.org.br\/noticias\/wp-content\/uploads\/2025\/10\/Novena-Frei-Galvao-19_10-APAE-768x432.jpg 768w, https:\/\/franciscanos.org.br\/noticias\/wp-content\/uploads\/2025\/10\/Novena-Frei-Galvao-19_10-APAE-150x84.jpg 150w\" sizes=\"(max-width: 1280px) 100vw, 1280px\" \/><\/p>\n<p>Inspirado pelo Evangelho do dia e pelo exemplo de Frei Galv\u00e3o, Frei Gentil refletiu sobre o verdadeiro sentido da paz e da justi\u00e7a. \u201cA paz n\u00e3o \u00e9 aus\u00eancia de conflitos, mas a capacidade, pela f\u00e9 e pela ora\u00e7\u00e3o, de vencer os obst\u00e1culos sem desanimar\u201d, explicou. O frade recordou tamb\u00e9m um epis\u00f3dio da vida de Frei Galv\u00e3o, quando ele foi perseguido por defender um soldado injustamente condenado \u00e0 morte, enfatizando seu papel como \u201cap\u00f3stolo da paz e da caridade\u201d.<\/p>\n<p>\u201cQuando promovemos a justi\u00e7a, estamos promovendo tamb\u00e9m uma paz duradoura e verdadeira\u201d, destacou. Ao final da celebra\u00e7\u00e3o, Frei Gentil convidou os fi\u00e9is a seguirem o exemplo de S\u00e3o Francisco de Assis e de Frei Galv\u00e3o, sendo \u201chomens e mulheres de paz e do bem\u201d em suas comunidades.<\/p>\n<h3><strong>Visitas mission\u00e1rias<\/strong><\/h3>\n<p>Nesta segunda-feira, 20 de outubro, os frades e volunt\u00e1rios do Santu\u00e1rio estiveram em miss\u00e3o pela cidade de Guaratinguet\u00e1, visitando os hospitais Frei Galv\u00e3o e Santa Casa de Miseric\u00f3rdia, com o objetivo de levar as b\u00ean\u00e7\u00e3os de Deus por intercess\u00e3o de S\u00e3o Frei Galv\u00e3o. Pela manh\u00e3, duas equipes partiram em miss\u00e3o com as capelinhas do santo de Guaratinguet\u00e1.<\/p>\n<p>A atividade foi inspirada pelo esp\u00edrito mission\u00e1rio de S\u00e3o Frei Galv\u00e3o, que ia ao encontro dos enfermos para levar o consolo que Deus transmite.<\/p>\n<p><img loading=\"lazy\" class=\"aligncenter wp-image-261706 size-full\" src=\"https:\/\/franciscanos.org.br\/noticias\/wp-content\/uploads\/2025\/10\/Novena-Frei-Galvao-19_10-materia.jpg\" alt=\"\" width=\"1280\" height=\"720\" srcset=\"https:\/\/franciscanos.org.br\/noticias\/wp-content\/uploads\/2025\/10\/Novena-Frei-Galvao-19_10-materia.jpg 1280w, https:\/\/franciscanos.org.br\/noticias\/wp-content\/uploads\/2025\/10\/Novena-Frei-Galvao-19_10-materia-450x253.jpg 450w, https:\/\/franciscanos.org.br\/noticias\/wp-content\/uploads\/2025\/10\/Novena-Frei-Galvao-19_10-materia-1024x576.jpg 1024w, https:\/\/franciscanos.org.br\/noticias\/wp-content\/uploads\/2025\/10\/Novena-Frei-Galvao-19_10-materia-768x432.jpg 768w, https:\/\/franciscanos.org.br\/noticias\/wp-content\/uploads\/2025\/10\/Novena-Frei-Galvao-19_10-materia-150x84.jpg 150w\" sizes=\"(max-width: 1280px) 100vw, 1280px\" \/><\/p>\n<h3><strong>5\u00ba dia: Frei Galv\u00e3o, rico dos tesouros celestes, nos ensina a conservar a beleza da natureza<\/strong><\/h3>\n<p>\u201c\u2018Felizes os humildes de esp\u00edrito, porque deles \u00e9 o Reino de Deus\u2019. Assim viveu e ensinou S\u00e3o Frei Galv\u00e3o\u201d. Foi inspirado pelo evangelista Mateus (5,3) que <strong>Padre Rodrigo Carneiro, Reitor da Par\u00f3quia de Nossa Senhora da Agonia, em Itajub\u00e1 (MG)<\/strong>, presidente da celebra\u00e7\u00e3o das 15h desta segunda-feira, fez refer\u00eancia ao primeiro santo brasileiro.<\/p>\n<p>Neste dia, a celebra\u00e7\u00e3o foi guiada pelo Evangelho de Lucas (12,13-21), que deu suporte \u00e0s reflex\u00f5es sobre como devemos buscar o Reino dos C\u00e9us por meio da fraternidade. O celebrante refor\u00e7ou a import\u00e2ncia de n\u00e3o explorar o meio ambiente, de dividir o que colhemos e de sermos ricos diante dos olhos do Senhor, e n\u00e3o dos homens. Segundo ele, o que fazemos com o que temos n\u00e3o condena nossa prosperidade, desde que isso seja usado para as obras do Senhor, para construir novos reinos.<\/p>\n<p>\u201cPodemos dizer que S\u00e3o Frei Galv\u00e3o, com seu exemplo de vida, abre os caminhos para que possamos refletir e, assim, nos aproximar de Deus. Nosso primeiro santo brasileiro nos convida a rever nossas posi\u00e7\u00f5es perante a vida. A vida n\u00e3o \u00e9 medida pelas nossas posses, e sim por nossas atitudes. A Palavra de Deus \u00e9 uma oportunidade para repensar. Nesta leitura do Evangelho, observamos que o problema n\u00e3o est\u00e1 em possuir, mas sim em n\u00e3o compartilhar e semear a palavra de Cristo\u201d, afirmou o presb\u00edtero.<\/p>\n<p><img loading=\"lazy\" class=\"aligncenter wp-image-261715 size-full\" src=\"https:\/\/franciscanos.org.br\/noticias\/wp-content\/uploads\/2025\/10\/padre-Rodrigo-Carneiro.jpg\" alt=\"\" width=\"1280\" height=\"720\" srcset=\"https:\/\/franciscanos.org.br\/noticias\/wp-content\/uploads\/2025\/10\/padre-Rodrigo-Carneiro.jpg 1280w, https:\/\/franciscanos.org.br\/noticias\/wp-content\/uploads\/2025\/10\/padre-Rodrigo-Carneiro-450x253.jpg 450w, https:\/\/franciscanos.org.br\/noticias\/wp-content\/uploads\/2025\/10\/padre-Rodrigo-Carneiro-1024x576.jpg 1024w, https:\/\/franciscanos.org.br\/noticias\/wp-content\/uploads\/2025\/10\/padre-Rodrigo-Carneiro-768x432.jpg 768w, https:\/\/franciscanos.org.br\/noticias\/wp-content\/uploads\/2025\/10\/padre-Rodrigo-Carneiro-150x84.jpg 150w\" sizes=\"(max-width: 1280px) 100vw, 1280px\" \/><\/p>\n<p>Padre Rodrigo ainda salientou que vivemos numa cultura que nos incentiva a acumular. Esquecemos de sentir, da simplicidade e do essencial. Cultivamos o ter e nos esquecemos de que riqueza material alguma entra no Reino dos C\u00e9us. O apelo ao material nos destr\u00f3i e confunde o nosso cora\u00e7\u00e3o, mas quem serve a Deus n\u00e3o se confunde, pois sabe que Jesus \u00e9 a nossa esperan\u00e7a e n\u00e3o nos decepciona. \u00c9 necess\u00e1rio viver em equil\u00edbrio e renovar o jeito de encarar a vida. A gan\u00e2ncia nos impede de sermos bons, pois a vida n\u00e3o se mede pelas nossas posses, mas sim pelo que fazemos dela.<\/p>\n<p>Sua homilia nos levou a refletir sobre o quanto \u00e9 importante cuidarmos do que o nosso Criador fez, pois tudo o que Ele criou foi feito para n\u00f3s, a servi\u00e7o do bem. Somos seres que naturalmente precisam viver em comunidade. Ningu\u00e9m consegue viver sozinho; precisamos uns dos outros. N\u00e3o faz sentido acumularmos riquezas se n\u00e3o pudermos viver ao lado de ningu\u00e9m. Aquele que investe a sua vida em acumular esquece-se de viver com seus pares e n\u00e3o se importa com a vida dos outros. Promovem guerras, o individualismo e as disputas. Destroem a natureza e os animais, e nada disso est\u00e1 nas palavras de Deus. \u00c9 importante investir em plantar sementes que promovam o bem. O ego\u00edsmo nos impede de louvar o nosso Criador. Muitas vezes n\u00e3o nos recordamos de que a nossa vida \u00e9 passageira e que estamos aqui apenas para administrar o que Deus nos deu. O C\u00e9u \u00e9 a nossa casa definitiva, e \u00e9 l\u00e1 que se encontra a vida eterna.<\/p>\n<p>\u201cVemos a colheita como uma oportunidade de compartilhar, de exercer a caridade, e assim \u00e9 o objetivo desta festa e novena em homenagem a S\u00e3o Frei Galv\u00e3o. A novena nos chama a repensar nossas atitudes. Como local de convers\u00e3o, a reforma pela qual o Santu\u00e1rio passa neste momento \u00e9 para celebrar os valores crist\u00e3os e, assim, receber mais peregrinos, para que estes possam vivenciar sua f\u00e9 por onde passarem. Por fim, que pe\u00e7amos sabedoria e coragem para amar, nutridos pela Eucaristia e, junto da natureza, louvar nosso Criador\u201d, refor\u00e7ou.<\/p>\n<p><img loading=\"lazy\" class=\"aligncenter wp-image-261716 size-full\" src=\"https:\/\/franciscanos.org.br\/noticias\/wp-content\/uploads\/2025\/10\/Padre-Anderson.jpg\" alt=\"\" width=\"1280\" height=\"720\" srcset=\"https:\/\/franciscanos.org.br\/noticias\/wp-content\/uploads\/2025\/10\/Padre-Anderson.jpg 1280w, https:\/\/franciscanos.org.br\/noticias\/wp-content\/uploads\/2025\/10\/Padre-Anderson-450x253.jpg 450w, https:\/\/franciscanos.org.br\/noticias\/wp-content\/uploads\/2025\/10\/Padre-Anderson-1024x576.jpg 1024w, https:\/\/franciscanos.org.br\/noticias\/wp-content\/uploads\/2025\/10\/Padre-Anderson-768x432.jpg 768w, https:\/\/franciscanos.org.br\/noticias\/wp-content\/uploads\/2025\/10\/Padre-Anderson-150x84.jpg 150w\" sizes=\"(max-width: 1280px) 100vw, 1280px\" \/><\/p>\n<p>A <strong>celebra\u00e7\u00e3o da noite<\/strong> foi presidida pelo Padre Anderson Gomes, Reitor do Santu\u00e1rio Bom Pastor, no munic\u00edpio de Cariacica, em Vit\u00f3ria (ES). Em sua homilia, refletiu como a gan\u00e2ncia e o ego\u00edsmo podem levar o homem a um caminho n\u00e3o t\u00e3o eficaz. Segundo ele, a gan\u00e2ncia \u2014 o desejo excessivo e ego\u00edsta de acumular riquezas ou bens materiais \u2014 \u00e9 uma quest\u00e3o condenada na Sagrada Escritura, sendo retratada como um obst\u00e1culo s\u00e9rio \u00e0 vida de f\u00e9 e \u00e0 rela\u00e7\u00e3o com Deus e o pr\u00f3ximo.<\/p>\n<p>De acordo com o presb\u00edtero, a gan\u00e2ncia \u00e9 um pecado mortal que tira o foco do essencial, o Reino de Deus e a justi\u00e7a, fechando o indiv\u00edduo \u00e0s necessidades do pr\u00f3ximo e culminando em ru\u00edna espiritual e, muitas vezes, terrena. Padre Anderson enfatizou que devemos nos contentar com aquilo que \u00e9 essencial para a vida, para que possamos buscar pelos \u201ctesouros no C\u00e9u\u201d, onde o valor \u00e9 eterno e inalter\u00e1vel.<\/p>\n<p>\u201cCuidado! Fiquem de sobreaviso contra todo tipo de gan\u00e2ncia; a vida de um homem n\u00e3o consiste na quantidade dos seus bens\u201d, frisou.<\/p>\n<hr \/>\n<p><em>Texto e fotos: Frei Filipo Carpi Gir\u00e3o\/ \u00c9rika Augusto\/Ta\u00edse Marques (Pascom)<\/em><\/p>\n","protected":false},"excerpt":{"rendered":"<p>Festa de Frei Galv\u00e3o 2025<\/p>\n","protected":false},"author":11,"featured_media":261703,"comment_status":"open","ping_status":"open","sticky":false,"template":"","format":"standard","meta":[],"categories":[1],"tags":[2396,1821],"acf":[],"yoast_head":"<!-- This site is optimized with the Yoast SEO plugin v19.2 - https:\/\/yoast.com\/wordpress\/plugins\/seo\/ -->\n<title>Ora\u00e7\u00e3o, Justi\u00e7a e Cuidado com a Cria\u00e7\u00e3o: Li\u00e7\u00f5es de Frei Galv\u00e3o - Not\u00edcias - Franciscanos<\/title>\n<meta name=\"robots\" content=\"index, follow, max-snippet:-1, max-image-preview:large, max-video-preview:-1\" \/>\n<link rel=\"canonical\" href=\"https:\/\/franciscanos.org.br\/noticias\/oracao-justica-e-cuidado-com-a-criacao-licoes-de-frei-galvao.html\" \/>\n<meta property=\"og:locale\" content=\"pt_BR\" \/>\n<meta property=\"og:type\" content=\"article\" \/>\n<meta property=\"og:title\" content=\"Ora\u00e7\u00e3o, Justi\u00e7a e Cuidado com a Cria\u00e7\u00e3o: Li\u00e7\u00f5es de Frei Galv\u00e3o - Not\u00edcias - Franciscanos\" \/>\n<meta property=\"og:description\" content=\"Festa de Frei Galv\u00e3o 2025\" \/>\n<meta property=\"og:url\" content=\"https:\/\/franciscanos.org.br\/noticias\/oracao-justica-e-cuidado-com-a-criacao-licoes-de-frei-galvao.html\" \/>\n<meta property=\"og:site_name\" content=\"Not\u00edcias - Franciscanos\" \/>\n<meta property=\"article:published_time\" content=\"2025-10-21T18:22:32+00:00\" \/>\n<meta property=\"article:modified_time\" content=\"2025-10-22T18:02:18+00:00\" \/>\n<meta property=\"og:image\" content=\"https:\/\/franciscanos.org.br\/noticias\/wp-content\/uploads\/2025\/10\/chamada-43.jpg\" \/>\n\t<meta property=\"og:image:width\" content=\"800\" \/>\n\t<meta property=\"og:image:height\" content=\"550\" \/>\n\t<meta property=\"og:image:type\" content=\"image\/jpeg\" \/>\n<meta name=\"author\" content=\"Adriana Rabelo\" \/>\n<meta name=\"twitter:card\" content=\"summary_large_image\" \/>\n<meta name=\"twitter:label1\" content=\"Escrito por\" \/>\n\t<meta name=\"twitter:data1\" content=\"Adriana Rabelo\" \/>\n\t<meta name=\"twitter:label2\" content=\"Est. tempo de leitura\" \/>\n\t<meta name=\"twitter:data2\" content=\"7 minutos\" \/>\n<script type=\"application\/ld+json\" class=\"yoast-schema-graph\">{\"@context\":\"https:\/\/schema.org\",\"@graph\":[{\"@type\":\"WebSite\",\"@id\":\"https:\/\/franciscanos.org.br\/noticias\/#website\",\"url\":\"https:\/\/franciscanos.org.br\/noticias\/\",\"name\":\"Not\u00edcias - Franciscanos\",\"description\":\"Prov\u00edncia Franciscana da Imaculada Concei\u00e7\u00e3o do Brasil - Ordem dos Frades Menores - OFM\",\"potentialAction\":[{\"@type\":\"SearchAction\",\"target\":{\"@type\":\"EntryPoint\",\"urlTemplate\":\"https:\/\/franciscanos.org.br\/noticias\/?s={search_term_string}\"},\"query-input\":\"required name=search_term_string\"}],\"inLanguage\":\"pt-BR\"},{\"@type\":\"ImageObject\",\"inLanguage\":\"pt-BR\",\"@id\":\"https:\/\/franciscanos.org.br\/noticias\/oracao-justica-e-cuidado-com-a-criacao-licoes-de-frei-galvao.html#primaryimage\",\"url\":\"https:\/\/franciscanos.org.br\/noticias\/wp-content\/uploads\/2025\/10\/chamada-43.jpg\",\"contentUrl\":\"https:\/\/franciscanos.org.br\/noticias\/wp-content\/uploads\/2025\/10\/chamada-43.jpg\",\"width\":800,\"height\":550},{\"@type\":\"WebPage\",\"@id\":\"https:\/\/franciscanos.org.br\/noticias\/oracao-justica-e-cuidado-com-a-criacao-licoes-de-frei-galvao.html#webpage\",\"url\":\"https:\/\/franciscanos.org.br\/noticias\/oracao-justica-e-cuidado-com-a-criacao-licoes-de-frei-galvao.html\",\"name\":\"Ora\u00e7\u00e3o, Justi\u00e7a e Cuidado com a Cria\u00e7\u00e3o: Li\u00e7\u00f5es de Frei Galv\u00e3o - Not\u00edcias - Franciscanos\",\"isPartOf\":{\"@id\":\"https:\/\/franciscanos.org.br\/noticias\/#website\"},\"primaryImageOfPage\":{\"@id\":\"https:\/\/franciscanos.org.br\/noticias\/oracao-justica-e-cuidado-com-a-criacao-licoes-de-frei-galvao.html#primaryimage\"},\"datePublished\":\"2025-10-21T18:22:32+00:00\",\"dateModified\":\"2025-10-22T18:02:18+00:00\",\"author\":{\"@id\":\"https:\/\/franciscanos.org.br\/noticias\/#\/schema\/person\/d9422e83121c3ad3b0f423d195f5bb25\"},\"breadcrumb\":{\"@id\":\"https:\/\/franciscanos.org.br\/noticias\/oracao-justica-e-cuidado-com-a-criacao-licoes-de-frei-galvao.html#breadcrumb\"},\"inLanguage\":\"pt-BR\",\"potentialAction\":[{\"@type\":\"ReadAction\",\"target\":[\"https:\/\/franciscanos.org.br\/noticias\/oracao-justica-e-cuidado-com-a-criacao-licoes-de-frei-galvao.html\"]}]},{\"@type\":\"BreadcrumbList\",\"@id\":\"https:\/\/franciscanos.org.br\/noticias\/oracao-justica-e-cuidado-com-a-criacao-licoes-de-frei-galvao.html#breadcrumb\",\"itemListElement\":[{\"@type\":\"ListItem\",\"position\":1,\"name\":\"Home\",\"item\":\"https:\/\/franciscanos.org.br\/noticias\"},{\"@type\":\"ListItem\",\"position\":2,\"name\":\"Ora\u00e7\u00e3o, Justi\u00e7a e Cuidado com a Cria\u00e7\u00e3o: Li\u00e7\u00f5es de Frei Galv\u00e3o\"}]},{\"@type\":\"Person\",\"@id\":\"https:\/\/franciscanos.org.br\/noticias\/#\/schema\/person\/d9422e83121c3ad3b0f423d195f5bb25\",\"name\":\"Adriana Rabelo\",\"image\":{\"@type\":\"ImageObject\",\"inLanguage\":\"pt-BR\",\"@id\":\"https:\/\/franciscanos.org.br\/noticias\/#\/schema\/person\/image\/\",\"url\":\"https:\/\/secure.gravatar.com\/avatar\/0a937b7500cd7df77540cfb8bede877d?s=96&d=mm&r=g\",\"contentUrl\":\"https:\/\/secure.gravatar.com\/avatar\/0a937b7500cd7df77540cfb8bede877d?s=96&d=mm&r=g\",\"caption\":\"Adriana Rabelo\"},\"url\":\"https:\/\/franciscanos.org.br\/noticias\/author\/adrianarabelo\"}]}<\/script>\n<!-- \/ Yoast SEO plugin. -->","yoast_head_json":{"title":"Ora\u00e7\u00e3o, Justi\u00e7a e Cuidado com a Cria\u00e7\u00e3o: Li\u00e7\u00f5es de Frei Galv\u00e3o - Not\u00edcias - Franciscanos","robots":{"index":"index","follow":"follow","max-snippet":"max-snippet:-1","max-image-preview":"max-image-preview:large","max-video-preview":"max-video-preview:-1"},"canonical":"https:\/\/franciscanos.org.br\/noticias\/oracao-justica-e-cuidado-com-a-criacao-licoes-de-frei-galvao.html","og_locale":"pt_BR","og_type":"article","og_title":"Ora\u00e7\u00e3o, Justi\u00e7a e Cuidado com a Cria\u00e7\u00e3o: Li\u00e7\u00f5es de Frei Galv\u00e3o - Not\u00edcias - Franciscanos","og_description":"Festa de Frei Galv\u00e3o 2025","og_url":"https:\/\/franciscanos.org.br\/noticias\/oracao-justica-e-cuidado-com-a-criacao-licoes-de-frei-galvao.html","og_site_name":"Not\u00edcias - Franciscanos","article_published_time":"2025-10-21T18:22:32+00:00","article_modified_time":"2025-10-22T18:02:18+00:00","og_image":[{"width":800,"height":550,"url":"https:\/\/franciscanos.org.br\/noticias\/wp-content\/uploads\/2025\/10\/chamada-43.jpg","type":"image\/jpeg"}],"author":"Adriana Rabelo","twitter_card":"summary_large_image","twitter_misc":{"Escrito por":"Adriana Rabelo","Est. tempo de leitura":"7 minutos"},"schema":{"@context":"https:\/\/schema.org","@graph":[{"@type":"WebSite","@id":"https:\/\/franciscanos.org.br\/noticias\/#website","url":"https:\/\/franciscanos.org.br\/noticias\/","name":"Not\u00edcias - Franciscanos","description":"Prov\u00edncia Franciscana da Imaculada Concei\u00e7\u00e3o do Brasil - Ordem dos Frades Menores - OFM","potentialAction":[{"@type":"SearchAction","target":{"@type":"EntryPoint","urlTemplate":"https:\/\/franciscanos.org.br\/noticias\/?s={search_term_string}"},"query-input":"required name=search_term_string"}],"inLanguage":"pt-BR"},{"@type":"ImageObject","inLanguage":"pt-BR","@id":"https:\/\/franciscanos.org.br\/noticias\/oracao-justica-e-cuidado-com-a-criacao-licoes-de-frei-galvao.html#primaryimage","url":"https:\/\/franciscanos.org.br\/noticias\/wp-content\/uploads\/2025\/10\/chamada-43.jpg","contentUrl":"https:\/\/franciscanos.org.br\/noticias\/wp-content\/uploads\/2025\/10\/chamada-43.jpg","width":800,"height":550},{"@type":"WebPage","@id":"https:\/\/franciscanos.org.br\/noticias\/oracao-justica-e-cuidado-com-a-criacao-licoes-de-frei-galvao.html#webpage","url":"https:\/\/franciscanos.org.br\/noticias\/oracao-justica-e-cuidado-com-a-criacao-licoes-de-frei-galvao.html","name":"Ora\u00e7\u00e3o, Justi\u00e7a e Cuidado com a Cria\u00e7\u00e3o: Li\u00e7\u00f5es de Frei Galv\u00e3o - Not\u00edcias - Franciscanos","isPartOf":{"@id":"https:\/\/franciscanos.org.br\/noticias\/#website"},"primaryImageOfPage":{"@id":"https:\/\/franciscanos.org.br\/noticias\/oracao-justica-e-cuidado-com-a-criacao-licoes-de-frei-galvao.html#primaryimage"},"datePublished":"2025-10-21T18:22:32+00:00","dateModified":"2025-10-22T18:02:18+00:00","author":{"@id":"https:\/\/franciscanos.org.br\/noticias\/#\/schema\/person\/d9422e83121c3ad3b0f423d195f5bb25"},"breadcrumb":{"@id":"https:\/\/franciscanos.org.br\/noticias\/oracao-justica-e-cuidado-com-a-criacao-licoes-de-frei-galvao.html#breadcrumb"},"inLanguage":"pt-BR","potentialAction":[{"@type":"ReadAction","target":["https:\/\/franciscanos.org.br\/noticias\/oracao-justica-e-cuidado-com-a-criacao-licoes-de-frei-galvao.html"]}]},{"@type":"BreadcrumbList","@id":"https:\/\/franciscanos.org.br\/noticias\/oracao-justica-e-cuidado-com-a-criacao-licoes-de-frei-galvao.html#breadcrumb","itemListElement":[{"@type":"ListItem","position":1,"name":"Home","item":"https:\/\/franciscanos.org.br\/noticias"},{"@type":"ListItem","position":2,"name":"Ora\u00e7\u00e3o, Justi\u00e7a e Cuidado com a Cria\u00e7\u00e3o: Li\u00e7\u00f5es de Frei Galv\u00e3o"}]},{"@type":"Person","@id":"https:\/\/franciscanos.org.br\/noticias\/#\/schema\/person\/d9422e83121c3ad3b0f423d195f5bb25","name":"Adriana Rabelo","image":{"@type":"ImageObject","inLanguage":"pt-BR","@id":"https:\/\/franciscanos.org.br\/noticias\/#\/schema\/person\/image\/","url":"https:\/\/secure.gravatar.com\/avatar\/0a937b7500cd7df77540cfb8bede877d?s=96&d=mm&r=g","contentUrl":"https:\/\/secure.gravatar.com\/avatar\/0a937b7500cd7df77540cfb8bede877d?s=96&d=mm&r=g","caption":"Adriana Rabelo"},"url":"https:\/\/franciscanos.org.br\/noticias\/author\/adrianarabelo"}]}},"_links":{"self":[{"href":"https:\/\/franciscanos.org.br\/noticias\/wp-json\/wp\/v2\/posts\/261702"}],"collection":[{"href":"https:\/\/franciscanos.org.br\/noticias\/wp-json\/wp\/v2\/posts"}],"about":[{"href":"https:\/\/franciscanos.org.br\/noticias\/wp-json\/wp\/v2\/types\/post"}],"author":[{"embeddable":true,"href":"https:\/\/franciscanos.org.br\/noticias\/wp-json\/wp\/v2\/users\/11"}],"replies":[{"embeddable":true,"href":"https:\/\/franciscanos.org.br\/noticias\/wp-json\/wp\/v2\/comments?post=261702"}],"version-history":[{"count":7,"href":"https:\/\/franciscanos.org.br\/noticias\/wp-json\/wp\/v2\/posts\/261702\/revisions"}],"predecessor-version":[{"id":261717,"href":"https:\/\/franciscanos.org.br\/noticias\/wp-json\/wp\/v2\/posts\/261702\/revisions\/261717"}],"wp:featuredmedia":[{"embeddable":true,"href":"https:\/\/franciscanos.org.br\/noticias\/wp-json\/wp\/v2\/media\/261703"}],"wp:attachment":[{"href":"https:\/\/franciscanos.org.br\/noticias\/wp-json\/wp\/v2\/media?parent=261702"}],"wp:term":[{"taxonomy":"category","embeddable":true,"href":"https:\/\/franciscanos.org.br\/noticias\/wp-json\/wp\/v2\/categories?post=261702"},{"taxonomy":"post_tag","embeddable":true,"href":"https:\/\/franciscanos.org.br\/noticias\/wp-json\/wp\/v2\/tags?post=261702"}],"curies":[{"name":"wp","href":"https:\/\/api.w.org\/{rel}","templated":true}]}}