{"id":261688,"date":"2025-10-21T11:43:46","date_gmt":"2025-10-21T14:43:46","guid":{"rendered":"https:\/\/franciscanos.org.br\/noticias\/?p=261688"},"modified":"2025-10-21T11:44:23","modified_gmt":"2025-10-21T14:44:23","slug":"encontro-de-irmaos-que-trabalham-com-povos-originarios-tem-sua-primeira-edicao-na-guatemala","status":"publish","type":"post","link":"https:\/\/franciscanos.org.br\/noticias\/encontro-de-irmaos-que-trabalham-com-povos-originarios-tem-sua-primeira-edicao-na-guatemala.html","title":{"rendered":"Encontro de irm\u00e3os que trabalham com povos origin\u00e1rios tem sua primeira edi\u00e7\u00e3o na Guatemala"},"content":{"rendered":"<p><img loading=\"lazy\" class=\"aligncenter wp-image-261690 size-full\" src=\"https:\/\/franciscanos.org.br\/noticias\/wp-content\/uploads\/2025\/10\/materia1-10.jpg\" alt=\"\" width=\"1280\" height=\"720\" srcset=\"https:\/\/franciscanos.org.br\/noticias\/wp-content\/uploads\/2025\/10\/materia1-10.jpg 1280w, https:\/\/franciscanos.org.br\/noticias\/wp-content\/uploads\/2025\/10\/materia1-10-450x253.jpg 450w, https:\/\/franciscanos.org.br\/noticias\/wp-content\/uploads\/2025\/10\/materia1-10-1024x576.jpg 1024w, https:\/\/franciscanos.org.br\/noticias\/wp-content\/uploads\/2025\/10\/materia1-10-768x432.jpg 768w, https:\/\/franciscanos.org.br\/noticias\/wp-content\/uploads\/2025\/10\/materia1-10-150x84.jpg 150w\" sizes=\"(max-width: 1280px) 100vw, 1280px\" \/><\/p>\n<p>O <strong>primeiro encontro de frades que trabalham com povos ancestrais<\/strong> se realizou, entre os dias 15 e 19 de outubro, na Cidade da Guatemala, acolhido por fraternidades franciscanas deste pa\u00eds da Am\u00e9rica Central, territ\u00f3rio da Prov\u00edncia Franciscana de Nossa Senhora de Guadalupe. O encontro acolheu irm\u00e3os das tr\u00eas confer\u00eancias que comp\u00f5em a Uni\u00e3o das Confer\u00eancias Latino-Americanas Franciscanas (UCLAF) e envolveu participantes da Argentina, Brasil, Col\u00f4mbia, Peru, M\u00e9xico, Guatemala e El Salvador, contando tamb\u00e9m com a presen\u00e7a do Secret\u00e1rio Geral para a Evangeliza\u00e7\u00e3o, Frei Francisco G\u00f3mez; o Animador das Miss\u00f5es, Frei Denis Tayo; e do Definidor Geral para a Am\u00e9rica Latina, Frei Joaquin Echeverry. Os dois primeiros dias de atividades foram na Casa de Retiros Monte S\u00e3o Francisco,\u00a0 localizada no mesmo lugar onde est\u00e1 a C\u00faria Provincial.<\/p>\n<p>A primeira palavra de sauda\u00e7\u00e3o dirigida aos participantes foi do Presidente do CELAM, o Cardeal Dom Jaime Spengler, Arcebispo de Porto Alegre, Brasil que, falando ao vivo por videoconfer\u00eancia, agradeceu \u00e0 Ordem por dispensar especial aten\u00e7\u00e3o aos povos ind\u00edgenas que, conforme recorda o Papa Le\u00e3o XIV, em sua primeira Exorta\u00e7\u00e3o Apost\u00f3lica, <em>Dilexit te<\/em>, \u201cest\u00e3o dentre os mais pobres entre os pobres\u201d. Tamb\u00e9m incentivou os participantes a conservarem a alegria franciscana, marcada pelo bom humor, sendo esta uma forma de tornar a miss\u00e3o mais leve e cheia de entusiasmo. Tamb\u00e9m o Secret\u00e1rio Geral para a Evangeliza\u00e7\u00e3o, Frei Francisco G\u00f3mez, e o Presidente da UCLAF, Frei Fernando Aparecido dos Santos, deram palavras de boas-vindas. \u201cQue voc\u00eas possam deixar que Luz do Esp\u00edrito Santo reacenda no cora\u00e7\u00e3o de voc\u00eas o desejo de ler os sinais dos tempos, de se fazerem presentes aonde o Esp\u00edrito assim os enviar\u201d, desejou Frei Fernando.<\/p>\n\n\t\t<style type=\"text\/css\">\n\t\t\t#gallery-1 {\n\t\t\t\tmargin: auto;\n\t\t\t}\n\t\t\t#gallery-1 .gallery-item {\n\t\t\t\tfloat: left;\n\t\t\t\tmargin-top: 10px;\n\t\t\t\ttext-align: center;\n\t\t\t\twidth: 25%;\n\t\t\t}\n\t\t\t#gallery-1 img {\n\t\t\t\tborder: 2px solid #cfcfcf;\n\t\t\t}\n\t\t\t#gallery-1 .gallery-caption {\n\t\t\t\tmargin-left: 0;\n\t\t\t}\n\t\t\t\/* see gallery_shortcode() in wp-includes\/media.php *\/\n\t\t<\/style>\n\t\t<div id='gallery-1' class='gallery galleryid-261688 gallery-columns-4 gallery-size-thumbnail'><dl class='gallery-item'>\n\t\t\t<dt class='gallery-icon portrait'>\n\t\t\t\t<a href='https:\/\/franciscanos.org.br\/noticias\/wp-content\/uploads\/2025\/10\/IMG-20251020-WA0021-scaled.jpg'><img width=\"300\" height=\"300\" src=\"https:\/\/franciscanos.org.br\/noticias\/wp-content\/uploads\/2025\/10\/IMG-20251020-WA0021-300x300.jpg\" class=\"attachment-thumbnail size-thumbnail\" alt=\"\" loading=\"lazy\" srcset=\"https:\/\/franciscanos.org.br\/noticias\/wp-content\/uploads\/2025\/10\/IMG-20251020-WA0021-300x300.jpg 300w, https:\/\/franciscanos.org.br\/noticias\/wp-content\/uploads\/2025\/10\/IMG-20251020-WA0021-100x100.jpg 100w\" sizes=\"(max-width: 300px) 100vw, 300px\" \/><\/a>\n\t\t\t<\/dt><\/dl><dl class='gallery-item'>\n\t\t\t<dt class='gallery-icon landscape'>\n\t\t\t\t<a href='https:\/\/franciscanos.org.br\/noticias\/wp-content\/uploads\/2025\/10\/IMG-20251020-WA0023.jpg'><img width=\"300\" height=\"300\" src=\"https:\/\/franciscanos.org.br\/noticias\/wp-content\/uploads\/2025\/10\/IMG-20251020-WA0023-300x300.jpg\" class=\"attachment-thumbnail size-thumbnail\" alt=\"\" loading=\"lazy\" srcset=\"https:\/\/franciscanos.org.br\/noticias\/wp-content\/uploads\/2025\/10\/IMG-20251020-WA0023-300x300.jpg 300w, https:\/\/franciscanos.org.br\/noticias\/wp-content\/uploads\/2025\/10\/IMG-20251020-WA0023-100x100.jpg 100w\" sizes=\"(max-width: 300px) 100vw, 300px\" \/><\/a>\n\t\t\t<\/dt><\/dl><dl class='gallery-item'>\n\t\t\t<dt class='gallery-icon landscape'>\n\t\t\t\t<a href='https:\/\/franciscanos.org.br\/noticias\/wp-content\/uploads\/2025\/10\/IMG-20251020-WA0020.jpg'><img width=\"300\" height=\"300\" src=\"https:\/\/franciscanos.org.br\/noticias\/wp-content\/uploads\/2025\/10\/IMG-20251020-WA0020-300x300.jpg\" class=\"attachment-thumbnail size-thumbnail\" alt=\"\" loading=\"lazy\" srcset=\"https:\/\/franciscanos.org.br\/noticias\/wp-content\/uploads\/2025\/10\/IMG-20251020-WA0020-300x300.jpg 300w, https:\/\/franciscanos.org.br\/noticias\/wp-content\/uploads\/2025\/10\/IMG-20251020-WA0020-100x100.jpg 100w\" sizes=\"(max-width: 300px) 100vw, 300px\" \/><\/a>\n\t\t\t<\/dt><\/dl><dl class='gallery-item'>\n\t\t\t<dt class='gallery-icon portrait'>\n\t\t\t\t<a href='https:\/\/franciscanos.org.br\/noticias\/wp-content\/uploads\/2025\/10\/IMG-20251020-WA0022.jpg'><img width=\"300\" height=\"300\" src=\"https:\/\/franciscanos.org.br\/noticias\/wp-content\/uploads\/2025\/10\/IMG-20251020-WA0022-300x300.jpg\" class=\"attachment-thumbnail size-thumbnail\" alt=\"\" loading=\"lazy\" srcset=\"https:\/\/franciscanos.org.br\/noticias\/wp-content\/uploads\/2025\/10\/IMG-20251020-WA0022-300x300.jpg 300w, https:\/\/franciscanos.org.br\/noticias\/wp-content\/uploads\/2025\/10\/IMG-20251020-WA0022-100x100.jpg 100w\" sizes=\"(max-width: 300px) 100vw, 300px\" \/><\/a>\n\t\t\t<\/dt><\/dl><br style=\"clear: both\" \/>\n\t\t<\/div>\n\n<p>O encontro contou tamb\u00e9m com a assessoria de Padre Ricardo Falla, sacerdote jesu\u00edta nascido na Guatemala, com 93 anos, que, al\u00e9m de mission\u00e1rio, \u00e9 antrop\u00f3logo e te\u00f3logo, dedicando grande parte de sua vida na conviv\u00eancia, no estudo e na evangeliza\u00e7\u00e3o com os povos origin\u00e1rios. Primeiramente, Padre Ricardo partilhou brevemente sua trajet\u00f3ria. Depois, foi fazendo interven\u00e7\u00f5es durante a apresenta\u00e7\u00e3o das presen\u00e7as, sempre provocando-as ao cultivo da proximidade com os povos dos quais se colocam a servi\u00e7o.<\/p>\n<p>Na segunda parte da manh\u00e3 e na primeira da tarde do primeiro dia, os frades tiveram a oportunidade de apresentar suas experi\u00eancias, colocando-se em di\u00e1logo com o assessor, Padre Ricardo, e os demais participante. Foram apresentadas ao todo nove presen\u00e7as em cinco pa\u00edses (Argentina, Brasil, Col\u00f4mbia, Guatemala, M\u00e9xico e Peru), com variados tipos de servi\u00e7o, desde o trabalho paroquial, o aux\u00edlio na articula\u00e7\u00e3o para luta por direitos e preserva\u00e7\u00e3o da mem\u00f3ria dos povos, a defesa dos territ\u00f3rios e do cuidado com a Comum, a partilha da vida ordin\u00e1ria, o aux\u00edlio na recupera\u00e7\u00e3o de pr\u00e1ticas e ritos tradicionais, entre outros.<\/p>\n<p><img loading=\"lazy\" class=\"aligncenter wp-image-261692 size-full\" src=\"https:\/\/franciscanos.org.br\/noticias\/wp-content\/uploads\/2025\/10\/materia-3-4.jpg\" alt=\"\" width=\"1280\" height=\"720\" srcset=\"https:\/\/franciscanos.org.br\/noticias\/wp-content\/uploads\/2025\/10\/materia-3-4.jpg 1280w, https:\/\/franciscanos.org.br\/noticias\/wp-content\/uploads\/2025\/10\/materia-3-4-450x253.jpg 450w, https:\/\/franciscanos.org.br\/noticias\/wp-content\/uploads\/2025\/10\/materia-3-4-1024x576.jpg 1024w, https:\/\/franciscanos.org.br\/noticias\/wp-content\/uploads\/2025\/10\/materia-3-4-768x432.jpg 768w, https:\/\/franciscanos.org.br\/noticias\/wp-content\/uploads\/2025\/10\/materia-3-4-150x84.jpg 150w\" sizes=\"(max-width: 1280px) 100vw, 1280px\" \/><\/p>\n<p>No<strong> segundo dia<\/strong>, os participantes foram saudados pelo Ministro geral, Frei Massimo Fusarelli que, direto de Angola, na \u00c1frica, via on-line, refor\u00e7ou os quatros eixos <strong>(1. Sinodalidade e participa\u00e7\u00e3o; 2. Solidariedade e partilha de vida com os menores de cada tempo; 3. An\u00fancio da Justi\u00e7a e Constru\u00e7\u00e3o da Paz; 4. Nova Contempla\u00e7\u00e3o)<\/strong> e tr\u00eas linhas de a\u00e7\u00e3o <strong>(1. A Amaz\u00f4nia nos convoca; 2. Fragilizados com os fragilizados; 3. Ouvir a voz do Senhor hoje)<\/strong> apresentados pela Comiss\u00e3o para as Novas Formas de Vida presen\u00e7a e anima\u00e7\u00e3o na Am\u00e9rica Latina como importante referencial para animar a presen\u00e7a junto aos povos origin\u00e1rios. Frei C\u00e9sar K\u00fclkamp, tamb\u00e9m Definidor para a Am\u00e9rica Latina, acompanhando Frei Massimo na \u00c1frica, teve a oportunidade de enviar sua sauda\u00e7\u00e3o aos participantes.<\/p>\n<p>A partir de todas as realidades apresentadas e das provoca\u00e7\u00f5es trazidas nos di\u00e1logos e debates, os irm\u00e3os puderam apresentar algumas conclus\u00f5es e desejos que dizem respeito \u00e0 anima\u00e7\u00e3o das presen\u00e7as junto aos povos origin\u00e1rios, entre eles:<\/p>\n<p><strong>1.<\/strong>\u00a0 A presen\u00e7a e partilha de vida com os povos ind\u00edgenas \u00e9 um modo de evangelizar muito pr\u00f3prio da identidade franciscana e precisa ser estimulado entre os irm\u00e3os e as fraternidades; pois a cultura do descarte, a preval\u00eancia do mercado, a acumula\u00e7\u00e3o das riquezas e o consumo predat\u00f3rio t\u00eam colocado em grave risco tanto o planeta quanto a sobreviv\u00eancia digna dos povos origin\u00e1rios, lan\u00e7ando-os entre mais pobres dos empobrecidos.<\/p>\n<p><strong>2.<\/strong> A dificuldade de se encontrar irm\u00e3os com idoneidade e desejo de trabalhar com os povos origin\u00e1rios e aprender com seu modo de vida segue como grande desafio;<\/p>\n<p><strong>3.<\/strong> A organiza\u00e7\u00e3o de um projeto para esta forma de presen\u00e7a e evangeliza\u00e7\u00e3o que envolvesse as diferentes inst\u00e2ncias poderia garantir mais seguran\u00e7a na condu\u00e7\u00e3o e na continuidade dos processos;<\/p>\n<p><strong>4.<\/strong> Seria necess\u00e1rio divulgar de forma mais ostensiva e extensiva este tipo de presen\u00e7a para que haja o conhecimento dos irm\u00e3os em toda Ordem e para al\u00e9m dela.<\/p>\n<p><strong>5.<\/strong> Dedicar-se com empenho ao aprendizado da l\u00edngua do povo ao qual se serve \u00e9 tarefa important\u00edssima a ser abra\u00e7ada pelo frade que se disp\u00f5e a este servi\u00e7o.<\/p>\n<p><strong>6.<\/strong> Os irm\u00e3os que s\u00e3o escolhidos ou que se apresentam para este servi\u00e7o devem ser acompanhados e tamb\u00e9m receber uma cuidadosa prepara\u00e7\u00e3o;<\/p>\n<p><strong>7.<\/strong> As presen\u00e7as que j\u00e1 existem, especialmente na Amaz\u00f4nia, devem ser refor\u00e7adas com urg\u00eancia, buscando os meios necess\u00e1rios para tal, em termos de irm\u00e3os e outros aux\u00edlios e recursos;<\/p>\n<p><strong>8.<\/strong> O trabalho junto a uma realidade complexa, como a dos povos origin\u00e1rios, exige um intenso trabalho em rede, envolvendo agentes da Igreja e para al\u00e9m dela. O esfor\u00e7o nesta dire\u00e7\u00e3o \u00e9 indispens\u00e1vel.<\/p>\n<p><strong>9.<\/strong> Houve tamb\u00e9m a indica\u00e7\u00e3o de um Comit\u00ea Executivo, com um representante de cada Confer\u00eancia da UCLAF, seguiria trabalhando as indica\u00e7\u00f5es do encontro, em parceria com a Comiss\u00e3o para as Novas Formas e o Secretariado Geral para a Evangeliza\u00e7\u00e3o. Os irm\u00e3os indicados para compor este comit\u00ea foram: Frei Sebasti\u00e1n Robledo (CFBSC), Frei Antonio Vasquez (Confer\u00eancia Bolivariana), Frei Alfonso Barrientos (Confer\u00eancia Nossa Senhora de Guadalupe).<\/p>\n<p>Nos dias 16, 17 e 18 de outubro, os participantes fizeram uma peregrina\u00e7\u00e3o e uma experi\u00eancia de conv\u00edvio em regi\u00f5es de forte tradi\u00e7\u00e3o origin\u00e1ria, primeiramente na Regi\u00e3o de Chichicastenango. Em seguida, passaram dois dias em Zacualpa, regi\u00e3o da Guatemala na qual os frades est\u00e3o presentes h\u00e1 mais de 40 anos, local de fortes experi\u00eancias de mart\u00edrio e tamb\u00e9m marcada influenciada pela cultura maia. Foi uma intensa experi\u00eancia de inser\u00e7\u00e3o junto \u00e0 cultura e a vida destes povos e uma experi\u00eancia da constitui\u00e7\u00e3o de uma presen\u00e7a evangelizadora a partir do di\u00e1logo intercultural e a escuta atenda e comprometida com a realidade, as alegrias e as dores do povo.<\/p>\n<p><img loading=\"lazy\" class=\"aligncenter wp-image-261691 size-full\" src=\"https:\/\/franciscanos.org.br\/noticias\/wp-content\/uploads\/2025\/10\/materia2-18.jpg\" alt=\"\" width=\"1280\" height=\"720\" srcset=\"https:\/\/franciscanos.org.br\/noticias\/wp-content\/uploads\/2025\/10\/materia2-18.jpg 1280w, https:\/\/franciscanos.org.br\/noticias\/wp-content\/uploads\/2025\/10\/materia2-18-450x253.jpg 450w, https:\/\/franciscanos.org.br\/noticias\/wp-content\/uploads\/2025\/10\/materia2-18-1024x576.jpg 1024w, https:\/\/franciscanos.org.br\/noticias\/wp-content\/uploads\/2025\/10\/materia2-18-768x432.jpg 768w, https:\/\/franciscanos.org.br\/noticias\/wp-content\/uploads\/2025\/10\/materia2-18-150x84.jpg 150w\" sizes=\"(max-width: 1280px) 100vw, 1280px\" \/><\/p>\n<p>No dia 18, regressando \u00e0 cidade de Guatemala, os frades tiveram a oportunidade de conhecer o Santu\u00e1rio de S\u00e3o Francisco, o Grande, no munic\u00edpio de Ant\u00edgua, onde participaram da Celebra\u00e7\u00e3o Eucar\u00edstica. Foram acolhidos pela fraternidade local e receberam o \u201cCertificado de Peregrinos da Esperan\u00e7a\u201d, tendo em vista que o Santu\u00e1rio foi escolhido como Igreja Jubilar, recebendo, at\u00e9 o momento, cerca de 40 mil peregrinos.<\/p>\n<hr \/>\n<p><em>Frei Gustavo Wayand Medella, OFM\u00a0<\/em><\/p>\n","protected":false},"excerpt":{"rendered":"<p>Uni\u00e3o das Confer\u00eancias Latino-Americanas Franciscanas<\/p>\n","protected":false},"author":11,"featured_media":261689,"comment_status":"open","ping_status":"open","sticky":false,"template":"","format":"standard","meta":[],"categories":[1],"tags":[2443,310,652],"acf":[],"yoast_head":"<!-- This site is optimized with the Yoast SEO plugin v19.2 - https:\/\/yoast.com\/wordpress\/plugins\/seo\/ -->\n<title>Encontro de irm\u00e3os que trabalham com povos origin\u00e1rios tem sua primeira edi\u00e7\u00e3o na Guatemala - Not\u00edcias - Franciscanos<\/title>\n<meta name=\"robots\" content=\"index, follow, max-snippet:-1, max-image-preview:large, max-video-preview:-1\" \/>\n<link rel=\"canonical\" href=\"https:\/\/franciscanos.org.br\/noticias\/encontro-de-irmaos-que-trabalham-com-povos-originarios-tem-sua-primeira-edicao-na-guatemala.html\" \/>\n<meta property=\"og:locale\" content=\"pt_BR\" \/>\n<meta property=\"og:type\" content=\"article\" \/>\n<meta property=\"og:title\" content=\"Encontro de irm\u00e3os que trabalham com povos origin\u00e1rios tem sua primeira edi\u00e7\u00e3o na Guatemala - Not\u00edcias - Franciscanos\" \/>\n<meta property=\"og:description\" content=\"Uni\u00e3o das Confer\u00eancias Latino-Americanas Franciscanas\" \/>\n<meta property=\"og:url\" content=\"https:\/\/franciscanos.org.br\/noticias\/encontro-de-irmaos-que-trabalham-com-povos-originarios-tem-sua-primeira-edicao-na-guatemala.html\" \/>\n<meta property=\"og:site_name\" content=\"Not\u00edcias - Franciscanos\" \/>\n<meta property=\"article:published_time\" content=\"2025-10-21T14:43:46+00:00\" \/>\n<meta property=\"article:modified_time\" content=\"2025-10-21T14:44:23+00:00\" \/>\n<meta property=\"og:image\" content=\"https:\/\/franciscanos.org.br\/noticias\/wp-content\/uploads\/2025\/10\/chamada-42.jpg\" \/>\n\t<meta property=\"og:image:width\" content=\"800\" \/>\n\t<meta property=\"og:image:height\" content=\"550\" \/>\n\t<meta property=\"og:image:type\" content=\"image\/jpeg\" \/>\n<meta name=\"author\" content=\"Adriana Rabelo\" \/>\n<meta name=\"twitter:card\" content=\"summary_large_image\" \/>\n<meta name=\"twitter:label1\" content=\"Escrito por\" \/>\n\t<meta name=\"twitter:data1\" content=\"Adriana Rabelo\" \/>\n\t<meta name=\"twitter:label2\" content=\"Est. tempo de leitura\" \/>\n\t<meta name=\"twitter:data2\" content=\"6 minutos\" \/>\n<script type=\"application\/ld+json\" class=\"yoast-schema-graph\">{\"@context\":\"https:\/\/schema.org\",\"@graph\":[{\"@type\":\"WebSite\",\"@id\":\"https:\/\/franciscanos.org.br\/noticias\/#website\",\"url\":\"https:\/\/franciscanos.org.br\/noticias\/\",\"name\":\"Not\u00edcias - Franciscanos\",\"description\":\"Prov\u00edncia Franciscana da Imaculada Concei\u00e7\u00e3o do Brasil - Ordem dos Frades Menores - OFM\",\"potentialAction\":[{\"@type\":\"SearchAction\",\"target\":{\"@type\":\"EntryPoint\",\"urlTemplate\":\"https:\/\/franciscanos.org.br\/noticias\/?s={search_term_string}\"},\"query-input\":\"required name=search_term_string\"}],\"inLanguage\":\"pt-BR\"},{\"@type\":\"ImageObject\",\"inLanguage\":\"pt-BR\",\"@id\":\"https:\/\/franciscanos.org.br\/noticias\/encontro-de-irmaos-que-trabalham-com-povos-originarios-tem-sua-primeira-edicao-na-guatemala.html#primaryimage\",\"url\":\"https:\/\/franciscanos.org.br\/noticias\/wp-content\/uploads\/2025\/10\/chamada-42.jpg\",\"contentUrl\":\"https:\/\/franciscanos.org.br\/noticias\/wp-content\/uploads\/2025\/10\/chamada-42.jpg\",\"width\":800,\"height\":550},{\"@type\":\"WebPage\",\"@id\":\"https:\/\/franciscanos.org.br\/noticias\/encontro-de-irmaos-que-trabalham-com-povos-originarios-tem-sua-primeira-edicao-na-guatemala.html#webpage\",\"url\":\"https:\/\/franciscanos.org.br\/noticias\/encontro-de-irmaos-que-trabalham-com-povos-originarios-tem-sua-primeira-edicao-na-guatemala.html\",\"name\":\"Encontro de irm\u00e3os que trabalham com povos origin\u00e1rios tem sua primeira edi\u00e7\u00e3o na Guatemala - Not\u00edcias - Franciscanos\",\"isPartOf\":{\"@id\":\"https:\/\/franciscanos.org.br\/noticias\/#website\"},\"primaryImageOfPage\":{\"@id\":\"https:\/\/franciscanos.org.br\/noticias\/encontro-de-irmaos-que-trabalham-com-povos-originarios-tem-sua-primeira-edicao-na-guatemala.html#primaryimage\"},\"datePublished\":\"2025-10-21T14:43:46+00:00\",\"dateModified\":\"2025-10-21T14:44:23+00:00\",\"author\":{\"@id\":\"https:\/\/franciscanos.org.br\/noticias\/#\/schema\/person\/d9422e83121c3ad3b0f423d195f5bb25\"},\"breadcrumb\":{\"@id\":\"https:\/\/franciscanos.org.br\/noticias\/encontro-de-irmaos-que-trabalham-com-povos-originarios-tem-sua-primeira-edicao-na-guatemala.html#breadcrumb\"},\"inLanguage\":\"pt-BR\",\"potentialAction\":[{\"@type\":\"ReadAction\",\"target\":[\"https:\/\/franciscanos.org.br\/noticias\/encontro-de-irmaos-que-trabalham-com-povos-originarios-tem-sua-primeira-edicao-na-guatemala.html\"]}]},{\"@type\":\"BreadcrumbList\",\"@id\":\"https:\/\/franciscanos.org.br\/noticias\/encontro-de-irmaos-que-trabalham-com-povos-originarios-tem-sua-primeira-edicao-na-guatemala.html#breadcrumb\",\"itemListElement\":[{\"@type\":\"ListItem\",\"position\":1,\"name\":\"Home\",\"item\":\"https:\/\/franciscanos.org.br\/noticias\"},{\"@type\":\"ListItem\",\"position\":2,\"name\":\"Encontro de irm\u00e3os que trabalham com povos origin\u00e1rios tem sua primeira edi\u00e7\u00e3o na Guatemala\"}]},{\"@type\":\"Person\",\"@id\":\"https:\/\/franciscanos.org.br\/noticias\/#\/schema\/person\/d9422e83121c3ad3b0f423d195f5bb25\",\"name\":\"Adriana Rabelo\",\"image\":{\"@type\":\"ImageObject\",\"inLanguage\":\"pt-BR\",\"@id\":\"https:\/\/franciscanos.org.br\/noticias\/#\/schema\/person\/image\/\",\"url\":\"https:\/\/secure.gravatar.com\/avatar\/0a937b7500cd7df77540cfb8bede877d?s=96&d=mm&r=g\",\"contentUrl\":\"https:\/\/secure.gravatar.com\/avatar\/0a937b7500cd7df77540cfb8bede877d?s=96&d=mm&r=g\",\"caption\":\"Adriana Rabelo\"},\"url\":\"https:\/\/franciscanos.org.br\/noticias\/author\/adrianarabelo\"}]}<\/script>\n<!-- \/ Yoast SEO plugin. -->","yoast_head_json":{"title":"Encontro de irm\u00e3os que trabalham com povos origin\u00e1rios tem sua primeira edi\u00e7\u00e3o na Guatemala - Not\u00edcias - Franciscanos","robots":{"index":"index","follow":"follow","max-snippet":"max-snippet:-1","max-image-preview":"max-image-preview:large","max-video-preview":"max-video-preview:-1"},"canonical":"https:\/\/franciscanos.org.br\/noticias\/encontro-de-irmaos-que-trabalham-com-povos-originarios-tem-sua-primeira-edicao-na-guatemala.html","og_locale":"pt_BR","og_type":"article","og_title":"Encontro de irm\u00e3os que trabalham com povos origin\u00e1rios tem sua primeira edi\u00e7\u00e3o na Guatemala - Not\u00edcias - Franciscanos","og_description":"Uni\u00e3o das Confer\u00eancias Latino-Americanas Franciscanas","og_url":"https:\/\/franciscanos.org.br\/noticias\/encontro-de-irmaos-que-trabalham-com-povos-originarios-tem-sua-primeira-edicao-na-guatemala.html","og_site_name":"Not\u00edcias - Franciscanos","article_published_time":"2025-10-21T14:43:46+00:00","article_modified_time":"2025-10-21T14:44:23+00:00","og_image":[{"width":800,"height":550,"url":"https:\/\/franciscanos.org.br\/noticias\/wp-content\/uploads\/2025\/10\/chamada-42.jpg","type":"image\/jpeg"}],"author":"Adriana Rabelo","twitter_card":"summary_large_image","twitter_misc":{"Escrito por":"Adriana Rabelo","Est. tempo de leitura":"6 minutos"},"schema":{"@context":"https:\/\/schema.org","@graph":[{"@type":"WebSite","@id":"https:\/\/franciscanos.org.br\/noticias\/#website","url":"https:\/\/franciscanos.org.br\/noticias\/","name":"Not\u00edcias - Franciscanos","description":"Prov\u00edncia Franciscana da Imaculada Concei\u00e7\u00e3o do Brasil - Ordem dos Frades Menores - OFM","potentialAction":[{"@type":"SearchAction","target":{"@type":"EntryPoint","urlTemplate":"https:\/\/franciscanos.org.br\/noticias\/?s={search_term_string}"},"query-input":"required name=search_term_string"}],"inLanguage":"pt-BR"},{"@type":"ImageObject","inLanguage":"pt-BR","@id":"https:\/\/franciscanos.org.br\/noticias\/encontro-de-irmaos-que-trabalham-com-povos-originarios-tem-sua-primeira-edicao-na-guatemala.html#primaryimage","url":"https:\/\/franciscanos.org.br\/noticias\/wp-content\/uploads\/2025\/10\/chamada-42.jpg","contentUrl":"https:\/\/franciscanos.org.br\/noticias\/wp-content\/uploads\/2025\/10\/chamada-42.jpg","width":800,"height":550},{"@type":"WebPage","@id":"https:\/\/franciscanos.org.br\/noticias\/encontro-de-irmaos-que-trabalham-com-povos-originarios-tem-sua-primeira-edicao-na-guatemala.html#webpage","url":"https:\/\/franciscanos.org.br\/noticias\/encontro-de-irmaos-que-trabalham-com-povos-originarios-tem-sua-primeira-edicao-na-guatemala.html","name":"Encontro de irm\u00e3os que trabalham com povos origin\u00e1rios tem sua primeira edi\u00e7\u00e3o na Guatemala - Not\u00edcias - Franciscanos","isPartOf":{"@id":"https:\/\/franciscanos.org.br\/noticias\/#website"},"primaryImageOfPage":{"@id":"https:\/\/franciscanos.org.br\/noticias\/encontro-de-irmaos-que-trabalham-com-povos-originarios-tem-sua-primeira-edicao-na-guatemala.html#primaryimage"},"datePublished":"2025-10-21T14:43:46+00:00","dateModified":"2025-10-21T14:44:23+00:00","author":{"@id":"https:\/\/franciscanos.org.br\/noticias\/#\/schema\/person\/d9422e83121c3ad3b0f423d195f5bb25"},"breadcrumb":{"@id":"https:\/\/franciscanos.org.br\/noticias\/encontro-de-irmaos-que-trabalham-com-povos-originarios-tem-sua-primeira-edicao-na-guatemala.html#breadcrumb"},"inLanguage":"pt-BR","potentialAction":[{"@type":"ReadAction","target":["https:\/\/franciscanos.org.br\/noticias\/encontro-de-irmaos-que-trabalham-com-povos-originarios-tem-sua-primeira-edicao-na-guatemala.html"]}]},{"@type":"BreadcrumbList","@id":"https:\/\/franciscanos.org.br\/noticias\/encontro-de-irmaos-que-trabalham-com-povos-originarios-tem-sua-primeira-edicao-na-guatemala.html#breadcrumb","itemListElement":[{"@type":"ListItem","position":1,"name":"Home","item":"https:\/\/franciscanos.org.br\/noticias"},{"@type":"ListItem","position":2,"name":"Encontro de irm\u00e3os que trabalham com povos origin\u00e1rios tem sua primeira edi\u00e7\u00e3o na Guatemala"}]},{"@type":"Person","@id":"https:\/\/franciscanos.org.br\/noticias\/#\/schema\/person\/d9422e83121c3ad3b0f423d195f5bb25","name":"Adriana Rabelo","image":{"@type":"ImageObject","inLanguage":"pt-BR","@id":"https:\/\/franciscanos.org.br\/noticias\/#\/schema\/person\/image\/","url":"https:\/\/secure.gravatar.com\/avatar\/0a937b7500cd7df77540cfb8bede877d?s=96&d=mm&r=g","contentUrl":"https:\/\/secure.gravatar.com\/avatar\/0a937b7500cd7df77540cfb8bede877d?s=96&d=mm&r=g","caption":"Adriana Rabelo"},"url":"https:\/\/franciscanos.org.br\/noticias\/author\/adrianarabelo"}]}},"_links":{"self":[{"href":"https:\/\/franciscanos.org.br\/noticias\/wp-json\/wp\/v2\/posts\/261688"}],"collection":[{"href":"https:\/\/franciscanos.org.br\/noticias\/wp-json\/wp\/v2\/posts"}],"about":[{"href":"https:\/\/franciscanos.org.br\/noticias\/wp-json\/wp\/v2\/types\/post"}],"author":[{"embeddable":true,"href":"https:\/\/franciscanos.org.br\/noticias\/wp-json\/wp\/v2\/users\/11"}],"replies":[{"embeddable":true,"href":"https:\/\/franciscanos.org.br\/noticias\/wp-json\/wp\/v2\/comments?post=261688"}],"version-history":[{"count":5,"href":"https:\/\/franciscanos.org.br\/noticias\/wp-json\/wp\/v2\/posts\/261688\/revisions"}],"predecessor-version":[{"id":261701,"href":"https:\/\/franciscanos.org.br\/noticias\/wp-json\/wp\/v2\/posts\/261688\/revisions\/261701"}],"wp:featuredmedia":[{"embeddable":true,"href":"https:\/\/franciscanos.org.br\/noticias\/wp-json\/wp\/v2\/media\/261689"}],"wp:attachment":[{"href":"https:\/\/franciscanos.org.br\/noticias\/wp-json\/wp\/v2\/media?parent=261688"}],"wp:term":[{"taxonomy":"category","embeddable":true,"href":"https:\/\/franciscanos.org.br\/noticias\/wp-json\/wp\/v2\/categories?post=261688"},{"taxonomy":"post_tag","embeddable":true,"href":"https:\/\/franciscanos.org.br\/noticias\/wp-json\/wp\/v2\/tags?post=261688"}],"curies":[{"name":"wp","href":"https:\/\/api.w.org\/{rel}","templated":true}]}}