{"id":261682,"date":"2025-10-18T11:04:48","date_gmt":"2025-10-18T14:04:48","guid":{"rendered":"https:\/\/franciscanos.org.br\/noticias\/?p=261682"},"modified":"2025-10-21T11:09:44","modified_gmt":"2025-10-21T14:09:44","slug":"comissao-para-novas-formas-de-evangelizacao-na-america-latina-se-reune-na-guatemala","status":"publish","type":"post","link":"https:\/\/franciscanos.org.br\/noticias\/comissao-para-novas-formas-de-evangelizacao-na-america-latina-se-reune-na-guatemala.html","title":{"rendered":"Comiss\u00e3o para Novas Formas de Evangeliza\u00e7\u00e3o na Am\u00e9rica Latina se re\u00fane na Guatemala"},"content":{"rendered":"<p><img loading=\"lazy\" class=\"aligncenter wp-image-261683 size-full\" src=\"https:\/\/franciscanos.org.br\/noticias\/wp-content\/uploads\/2025\/10\/materia-topo-6.jpg\" alt=\"\" width=\"1280\" height=\"720\" srcset=\"https:\/\/franciscanos.org.br\/noticias\/wp-content\/uploads\/2025\/10\/materia-topo-6.jpg 1280w, https:\/\/franciscanos.org.br\/noticias\/wp-content\/uploads\/2025\/10\/materia-topo-6-450x253.jpg 450w, https:\/\/franciscanos.org.br\/noticias\/wp-content\/uploads\/2025\/10\/materia-topo-6-1024x576.jpg 1024w, https:\/\/franciscanos.org.br\/noticias\/wp-content\/uploads\/2025\/10\/materia-topo-6-768x432.jpg 768w, https:\/\/franciscanos.org.br\/noticias\/wp-content\/uploads\/2025\/10\/materia-topo-6-150x84.jpg 150w\" sizes=\"(max-width: 1280px) 100vw, 1280px\" \/><\/p>\n<p>A 2\u00aa reuni\u00e3o presencial da Comiss\u00e3o ocorreu nos dias 13 e 14 e outubro, na C\u00faria da Prov\u00edncia Nossa Senhora de Guadalupe, na Guatemala. Desta vez participarem tamb\u00e9m os Secret\u00e1rios para Miss\u00e3o e Evangeliza\u00e7\u00e3o das Confer\u00eancias Brasil-ConoSur, Frei Eduardo Augusto Schiel, e Nossa Senhora de Guadalupe, Frei Maur\u00edcio Meza S\u00e1nches. Tamb\u00e9m estiveram presentes o Animador de Justi\u00e7a, Paz e Integridade da Ordem, Frei Daniel Blanco, o Secret\u00e1rio para Miss\u00e3o e Evangeliza\u00e7\u00e3o, Frei Francisco G\u00f3mez, o Animador para as Miss\u00f5es, Frei Denys Thayo, e o Definidor Geral para Am\u00e9rica Latina, Frei Joachim Echev\u00e9rry. Depois de realizar um percurso de partilha e conhecimento da caminhada evangelizadora nas confer\u00eancias, dos passos dados at\u00e9 ent\u00e3o pela comiss\u00e3o de novas formas, contando, em seguida, com a exposi\u00e7\u00e3o do Padre Francisco Henand\u00e9z, Te\u00f3logo do Celam, que abordou os desafios para Evangeliza\u00e7\u00e3o na Am\u00e9rica Latina, o grupo se deteve em identificar quatro eixos e tr\u00eas linhas de a\u00e7\u00e3o para os pr\u00f3ximos tr\u00eas anos.<\/p>\n<h3><strong>Eixos que formam a base das novas formas de presen\u00e7a<\/strong><\/h3>\n<p>Os eixos representam quatro dimens\u00f5es fundamentais do carisma e a maneira pela qual os tempos atuais as interpelam. Cabe destacar que n\u00e3o se trata propriamente de uma novidade, dito que v\u00eam contemplados em muitas Fontes e Documentos, mas de uma tentativa de apresent\u00e1-los de forma simplificada e sistem\u00e1tica, com objetivo de animar irm\u00e3os e fraternidades a serem cada vez mais efetivos na promo\u00e7\u00e3o e na pr\u00e1tica destes eixos: &#8211; Sinodalidade e Participa\u00e7\u00e3o; Solidariedade e partilha de vida com os menores de cada tempo; &#8211; An\u00fancio da Justi\u00e7a e Constru\u00e7\u00e3o da Paz; &#8211; Nova Contempla\u00e7\u00e3o.<\/p>\n<p><img loading=\"lazy\" class=\"aligncenter wp-image-261684 size-full\" src=\"https:\/\/franciscanos.org.br\/noticias\/wp-content\/uploads\/2025\/10\/materia1-9.jpg\" alt=\"\" width=\"1280\" height=\"720\" srcset=\"https:\/\/franciscanos.org.br\/noticias\/wp-content\/uploads\/2025\/10\/materia1-9.jpg 1280w, https:\/\/franciscanos.org.br\/noticias\/wp-content\/uploads\/2025\/10\/materia1-9-450x253.jpg 450w, https:\/\/franciscanos.org.br\/noticias\/wp-content\/uploads\/2025\/10\/materia1-9-1024x576.jpg 1024w, https:\/\/franciscanos.org.br\/noticias\/wp-content\/uploads\/2025\/10\/materia1-9-768x432.jpg 768w, https:\/\/franciscanos.org.br\/noticias\/wp-content\/uploads\/2025\/10\/materia1-9-150x84.jpg 150w\" sizes=\"(max-width: 1280px) 100vw, 1280px\" \/><\/p>\n<h3><strong>Linhas de a\u00e7\u00e3o<\/strong><\/h3>\n<p>A partir dos eixos identificados, a comiss\u00e3o elegeu tr\u00eas linhas de a\u00e7\u00e3o que, de acordo com os apelos da realidade e a situa\u00e7\u00e3o da Igreja e da Ordem na Am\u00e9rica Latina, poderiam concretizar respostas consistentes e relevantes \u00e0s situa\u00e7\u00f5es identificadas. As linhas foram nomeadas a partir de apelos e compromissos que devem ser ouvidos e assumidos pela Ordem no Continente. As linhas de a\u00e7\u00e3o tamb\u00e9m n\u00e3o trazem ineditismo, mas ajudam a organizar os empenhos que j\u00e1 s\u00e3o realizados, animar os irm\u00e3os, fraternidades e entidades a se engajarem nestas causas e tamb\u00e9m a suscitar a criatividade em vista de novas presen\u00e7as e a\u00e7\u00f5es que respondam \u00e0s respectivas linhas:<\/p>\n<p>1) A Amaz\u00f4nia nos convoca;<\/p>\n<p>2) Fragilizados com os fragilizados;<\/p>\n<p>3) Escutar a voz do Senhor hoje.<\/p>\n<p>Com a ilumina\u00e7\u00e3o das linhas, os irm\u00e3os tamb\u00e9m apresentaram algumas propostas de a\u00e7\u00e3o que podem ser iniciadas, retomadas ou refor\u00e7adas e que ir\u00e3o demandar a ades\u00e3o de m\u00faltiplos agentes. A Comiss\u00e3o tem consci\u00eancia que seu papel principal \u00e9 o de promover e animar as novas presen\u00e7as a partir do discernimento realizado e tamb\u00e9m acredita que todas as inst\u00e2ncias de implementa\u00e7\u00e3o destes passos estar\u00e3o d\u00f3ceis aos apelos do Esp\u00edrito que nascem deste trabalho em conjunto. Conclu\u00eddo o encontro da Comiss\u00e3o, deu-se in\u00edcio ao Encontro dos Irm\u00e3os que vivem e trabalham junto a povos origin\u00e1rios, que segue at\u00e9 o pr\u00f3ximo domingo, dia 19 de outubro, tamb\u00e9m na Guatemala.<\/p>\n<hr \/>\n<p><em>Frei Gustavo Wayand Medella, OFM \u2013 Prov\u00edncia da Imaculada Concei\u00e7\u00e3o do Brasil<\/em><\/p>\n","protected":false},"excerpt":{"rendered":"<p>Confer\u00eancia Franciscana Brasil e Cone Sul<\/p>\n","protected":false},"author":11,"featured_media":261685,"comment_status":"open","ping_status":"open","sticky":false,"template":"","format":"standard","meta":[],"categories":[1],"tags":[2318,2146],"acf":[],"yoast_head":"<!-- This site is optimized with the Yoast SEO plugin v19.2 - https:\/\/yoast.com\/wordpress\/plugins\/seo\/ -->\n<title>Comiss\u00e3o para Novas Formas de Evangeliza\u00e7\u00e3o na Am\u00e9rica Latina se re\u00fane na Guatemala - Not\u00edcias - Franciscanos<\/title>\n<meta name=\"robots\" content=\"index, follow, max-snippet:-1, max-image-preview:large, max-video-preview:-1\" \/>\n<link rel=\"canonical\" href=\"https:\/\/franciscanos.org.br\/noticias\/comissao-para-novas-formas-de-evangelizacao-na-america-latina-se-reune-na-guatemala.html\" \/>\n<meta property=\"og:locale\" content=\"pt_BR\" \/>\n<meta property=\"og:type\" content=\"article\" \/>\n<meta property=\"og:title\" content=\"Comiss\u00e3o para Novas Formas de Evangeliza\u00e7\u00e3o na Am\u00e9rica Latina se re\u00fane na Guatemala - Not\u00edcias - Franciscanos\" \/>\n<meta property=\"og:description\" content=\"Confer\u00eancia Franciscana Brasil e Cone Sul\" \/>\n<meta property=\"og:url\" content=\"https:\/\/franciscanos.org.br\/noticias\/comissao-para-novas-formas-de-evangelizacao-na-america-latina-se-reune-na-guatemala.html\" \/>\n<meta property=\"og:site_name\" content=\"Not\u00edcias - Franciscanos\" \/>\n<meta property=\"article:published_time\" content=\"2025-10-18T14:04:48+00:00\" \/>\n<meta property=\"article:modified_time\" content=\"2025-10-21T14:09:44+00:00\" \/>\n<meta property=\"og:image\" content=\"https:\/\/franciscanos.org.br\/noticias\/wp-content\/uploads\/2025\/10\/chamada-41.jpg\" \/>\n\t<meta property=\"og:image:width\" content=\"800\" \/>\n\t<meta property=\"og:image:height\" content=\"550\" \/>\n\t<meta property=\"og:image:type\" content=\"image\/jpeg\" \/>\n<meta name=\"author\" content=\"Adriana Rabelo\" \/>\n<meta name=\"twitter:card\" content=\"summary_large_image\" \/>\n<meta name=\"twitter:label1\" content=\"Escrito por\" \/>\n\t<meta name=\"twitter:data1\" content=\"Adriana Rabelo\" \/>\n\t<meta name=\"twitter:label2\" content=\"Est. tempo de leitura\" \/>\n\t<meta name=\"twitter:data2\" content=\"3 minutos\" \/>\n<script type=\"application\/ld+json\" class=\"yoast-schema-graph\">{\"@context\":\"https:\/\/schema.org\",\"@graph\":[{\"@type\":\"WebSite\",\"@id\":\"https:\/\/franciscanos.org.br\/noticias\/#website\",\"url\":\"https:\/\/franciscanos.org.br\/noticias\/\",\"name\":\"Not\u00edcias - Franciscanos\",\"description\":\"Prov\u00edncia Franciscana da Imaculada Concei\u00e7\u00e3o do Brasil - Ordem dos Frades Menores - OFM\",\"potentialAction\":[{\"@type\":\"SearchAction\",\"target\":{\"@type\":\"EntryPoint\",\"urlTemplate\":\"https:\/\/franciscanos.org.br\/noticias\/?s={search_term_string}\"},\"query-input\":\"required name=search_term_string\"}],\"inLanguage\":\"pt-BR\"},{\"@type\":\"ImageObject\",\"inLanguage\":\"pt-BR\",\"@id\":\"https:\/\/franciscanos.org.br\/noticias\/comissao-para-novas-formas-de-evangelizacao-na-america-latina-se-reune-na-guatemala.html#primaryimage\",\"url\":\"https:\/\/franciscanos.org.br\/noticias\/wp-content\/uploads\/2025\/10\/chamada-41.jpg\",\"contentUrl\":\"https:\/\/franciscanos.org.br\/noticias\/wp-content\/uploads\/2025\/10\/chamada-41.jpg\",\"width\":800,\"height\":550},{\"@type\":\"WebPage\",\"@id\":\"https:\/\/franciscanos.org.br\/noticias\/comissao-para-novas-formas-de-evangelizacao-na-america-latina-se-reune-na-guatemala.html#webpage\",\"url\":\"https:\/\/franciscanos.org.br\/noticias\/comissao-para-novas-formas-de-evangelizacao-na-america-latina-se-reune-na-guatemala.html\",\"name\":\"Comiss\u00e3o para Novas Formas de Evangeliza\u00e7\u00e3o na Am\u00e9rica Latina se re\u00fane na Guatemala - Not\u00edcias - Franciscanos\",\"isPartOf\":{\"@id\":\"https:\/\/franciscanos.org.br\/noticias\/#website\"},\"primaryImageOfPage\":{\"@id\":\"https:\/\/franciscanos.org.br\/noticias\/comissao-para-novas-formas-de-evangelizacao-na-america-latina-se-reune-na-guatemala.html#primaryimage\"},\"datePublished\":\"2025-10-18T14:04:48+00:00\",\"dateModified\":\"2025-10-21T14:09:44+00:00\",\"author\":{\"@id\":\"https:\/\/franciscanos.org.br\/noticias\/#\/schema\/person\/d9422e83121c3ad3b0f423d195f5bb25\"},\"breadcrumb\":{\"@id\":\"https:\/\/franciscanos.org.br\/noticias\/comissao-para-novas-formas-de-evangelizacao-na-america-latina-se-reune-na-guatemala.html#breadcrumb\"},\"inLanguage\":\"pt-BR\",\"potentialAction\":[{\"@type\":\"ReadAction\",\"target\":[\"https:\/\/franciscanos.org.br\/noticias\/comissao-para-novas-formas-de-evangelizacao-na-america-latina-se-reune-na-guatemala.html\"]}]},{\"@type\":\"BreadcrumbList\",\"@id\":\"https:\/\/franciscanos.org.br\/noticias\/comissao-para-novas-formas-de-evangelizacao-na-america-latina-se-reune-na-guatemala.html#breadcrumb\",\"itemListElement\":[{\"@type\":\"ListItem\",\"position\":1,\"name\":\"Home\",\"item\":\"https:\/\/franciscanos.org.br\/noticias\"},{\"@type\":\"ListItem\",\"position\":2,\"name\":\"Comiss\u00e3o para Novas Formas de Evangeliza\u00e7\u00e3o na Am\u00e9rica Latina se re\u00fane na Guatemala\"}]},{\"@type\":\"Person\",\"@id\":\"https:\/\/franciscanos.org.br\/noticias\/#\/schema\/person\/d9422e83121c3ad3b0f423d195f5bb25\",\"name\":\"Adriana Rabelo\",\"image\":{\"@type\":\"ImageObject\",\"inLanguage\":\"pt-BR\",\"@id\":\"https:\/\/franciscanos.org.br\/noticias\/#\/schema\/person\/image\/\",\"url\":\"https:\/\/secure.gravatar.com\/avatar\/0a937b7500cd7df77540cfb8bede877d?s=96&d=mm&r=g\",\"contentUrl\":\"https:\/\/secure.gravatar.com\/avatar\/0a937b7500cd7df77540cfb8bede877d?s=96&d=mm&r=g\",\"caption\":\"Adriana Rabelo\"},\"url\":\"https:\/\/franciscanos.org.br\/noticias\/author\/adrianarabelo\"}]}<\/script>\n<!-- \/ Yoast SEO plugin. -->","yoast_head_json":{"title":"Comiss\u00e3o para Novas Formas de Evangeliza\u00e7\u00e3o na Am\u00e9rica Latina se re\u00fane na Guatemala - Not\u00edcias - Franciscanos","robots":{"index":"index","follow":"follow","max-snippet":"max-snippet:-1","max-image-preview":"max-image-preview:large","max-video-preview":"max-video-preview:-1"},"canonical":"https:\/\/franciscanos.org.br\/noticias\/comissao-para-novas-formas-de-evangelizacao-na-america-latina-se-reune-na-guatemala.html","og_locale":"pt_BR","og_type":"article","og_title":"Comiss\u00e3o para Novas Formas de Evangeliza\u00e7\u00e3o na Am\u00e9rica Latina se re\u00fane na Guatemala - Not\u00edcias - Franciscanos","og_description":"Confer\u00eancia Franciscana Brasil e Cone Sul","og_url":"https:\/\/franciscanos.org.br\/noticias\/comissao-para-novas-formas-de-evangelizacao-na-america-latina-se-reune-na-guatemala.html","og_site_name":"Not\u00edcias - Franciscanos","article_published_time":"2025-10-18T14:04:48+00:00","article_modified_time":"2025-10-21T14:09:44+00:00","og_image":[{"width":800,"height":550,"url":"https:\/\/franciscanos.org.br\/noticias\/wp-content\/uploads\/2025\/10\/chamada-41.jpg","type":"image\/jpeg"}],"author":"Adriana Rabelo","twitter_card":"summary_large_image","twitter_misc":{"Escrito por":"Adriana Rabelo","Est. tempo de leitura":"3 minutos"},"schema":{"@context":"https:\/\/schema.org","@graph":[{"@type":"WebSite","@id":"https:\/\/franciscanos.org.br\/noticias\/#website","url":"https:\/\/franciscanos.org.br\/noticias\/","name":"Not\u00edcias - Franciscanos","description":"Prov\u00edncia Franciscana da Imaculada Concei\u00e7\u00e3o do Brasil - Ordem dos Frades Menores - OFM","potentialAction":[{"@type":"SearchAction","target":{"@type":"EntryPoint","urlTemplate":"https:\/\/franciscanos.org.br\/noticias\/?s={search_term_string}"},"query-input":"required name=search_term_string"}],"inLanguage":"pt-BR"},{"@type":"ImageObject","inLanguage":"pt-BR","@id":"https:\/\/franciscanos.org.br\/noticias\/comissao-para-novas-formas-de-evangelizacao-na-america-latina-se-reune-na-guatemala.html#primaryimage","url":"https:\/\/franciscanos.org.br\/noticias\/wp-content\/uploads\/2025\/10\/chamada-41.jpg","contentUrl":"https:\/\/franciscanos.org.br\/noticias\/wp-content\/uploads\/2025\/10\/chamada-41.jpg","width":800,"height":550},{"@type":"WebPage","@id":"https:\/\/franciscanos.org.br\/noticias\/comissao-para-novas-formas-de-evangelizacao-na-america-latina-se-reune-na-guatemala.html#webpage","url":"https:\/\/franciscanos.org.br\/noticias\/comissao-para-novas-formas-de-evangelizacao-na-america-latina-se-reune-na-guatemala.html","name":"Comiss\u00e3o para Novas Formas de Evangeliza\u00e7\u00e3o na Am\u00e9rica Latina se re\u00fane na Guatemala - Not\u00edcias - Franciscanos","isPartOf":{"@id":"https:\/\/franciscanos.org.br\/noticias\/#website"},"primaryImageOfPage":{"@id":"https:\/\/franciscanos.org.br\/noticias\/comissao-para-novas-formas-de-evangelizacao-na-america-latina-se-reune-na-guatemala.html#primaryimage"},"datePublished":"2025-10-18T14:04:48+00:00","dateModified":"2025-10-21T14:09:44+00:00","author":{"@id":"https:\/\/franciscanos.org.br\/noticias\/#\/schema\/person\/d9422e83121c3ad3b0f423d195f5bb25"},"breadcrumb":{"@id":"https:\/\/franciscanos.org.br\/noticias\/comissao-para-novas-formas-de-evangelizacao-na-america-latina-se-reune-na-guatemala.html#breadcrumb"},"inLanguage":"pt-BR","potentialAction":[{"@type":"ReadAction","target":["https:\/\/franciscanos.org.br\/noticias\/comissao-para-novas-formas-de-evangelizacao-na-america-latina-se-reune-na-guatemala.html"]}]},{"@type":"BreadcrumbList","@id":"https:\/\/franciscanos.org.br\/noticias\/comissao-para-novas-formas-de-evangelizacao-na-america-latina-se-reune-na-guatemala.html#breadcrumb","itemListElement":[{"@type":"ListItem","position":1,"name":"Home","item":"https:\/\/franciscanos.org.br\/noticias"},{"@type":"ListItem","position":2,"name":"Comiss\u00e3o para Novas Formas de Evangeliza\u00e7\u00e3o na Am\u00e9rica Latina se re\u00fane na Guatemala"}]},{"@type":"Person","@id":"https:\/\/franciscanos.org.br\/noticias\/#\/schema\/person\/d9422e83121c3ad3b0f423d195f5bb25","name":"Adriana Rabelo","image":{"@type":"ImageObject","inLanguage":"pt-BR","@id":"https:\/\/franciscanos.org.br\/noticias\/#\/schema\/person\/image\/","url":"https:\/\/secure.gravatar.com\/avatar\/0a937b7500cd7df77540cfb8bede877d?s=96&d=mm&r=g","contentUrl":"https:\/\/secure.gravatar.com\/avatar\/0a937b7500cd7df77540cfb8bede877d?s=96&d=mm&r=g","caption":"Adriana Rabelo"},"url":"https:\/\/franciscanos.org.br\/noticias\/author\/adrianarabelo"}]}},"_links":{"self":[{"href":"https:\/\/franciscanos.org.br\/noticias\/wp-json\/wp\/v2\/posts\/261682"}],"collection":[{"href":"https:\/\/franciscanos.org.br\/noticias\/wp-json\/wp\/v2\/posts"}],"about":[{"href":"https:\/\/franciscanos.org.br\/noticias\/wp-json\/wp\/v2\/types\/post"}],"author":[{"embeddable":true,"href":"https:\/\/franciscanos.org.br\/noticias\/wp-json\/wp\/v2\/users\/11"}],"replies":[{"embeddable":true,"href":"https:\/\/franciscanos.org.br\/noticias\/wp-json\/wp\/v2\/comments?post=261682"}],"version-history":[{"count":2,"href":"https:\/\/franciscanos.org.br\/noticias\/wp-json\/wp\/v2\/posts\/261682\/revisions"}],"predecessor-version":[{"id":261687,"href":"https:\/\/franciscanos.org.br\/noticias\/wp-json\/wp\/v2\/posts\/261682\/revisions\/261687"}],"wp:featuredmedia":[{"embeddable":true,"href":"https:\/\/franciscanos.org.br\/noticias\/wp-json\/wp\/v2\/media\/261685"}],"wp:attachment":[{"href":"https:\/\/franciscanos.org.br\/noticias\/wp-json\/wp\/v2\/media?parent=261682"}],"wp:term":[{"taxonomy":"category","embeddable":true,"href":"https:\/\/franciscanos.org.br\/noticias\/wp-json\/wp\/v2\/categories?post=261682"},{"taxonomy":"post_tag","embeddable":true,"href":"https:\/\/franciscanos.org.br\/noticias\/wp-json\/wp\/v2\/tags?post=261682"}],"curies":[{"name":"wp","href":"https:\/\/api.w.org\/{rel}","templated":true}]}}