{"id":261661,"date":"2025-10-21T08:11:43","date_gmt":"2025-10-21T11:11:43","guid":{"rendered":"https:\/\/franciscanos.org.br\/noticias\/?p=261661"},"modified":"2026-04-29T11:46:25","modified_gmt":"2026-04-29T14:46:25","slug":"paroquia-sao-pedro-apostolo-em-gaspar-sedia-a-1a-edicao-do-encontro-do-alverne","status":"publish","type":"post","link":"https:\/\/franciscanos.org.br\/noticias\/paroquia-sao-pedro-apostolo-em-gaspar-sedia-a-1a-edicao-do-encontro-do-alverne.html","title":{"rendered":"Par\u00f3quia S\u00e3o Pedro Ap\u00f3stolo, em Gaspar, sedia o Encontro do Alverne"},"content":{"rendered":"<p><img loading=\"lazy\" class=\"aligncenter wp-image-261663 size-full\" src=\"https:\/\/franciscanos.org.br\/noticias\/wp-content\/uploads\/2025\/10\/materia-topo2.jpg\" alt=\"\" width=\"1280\" height=\"720\" srcset=\"https:\/\/franciscanos.org.br\/noticias\/wp-content\/uploads\/2025\/10\/materia-topo2.jpg 1280w, https:\/\/franciscanos.org.br\/noticias\/wp-content\/uploads\/2025\/10\/materia-topo2-450x253.jpg 450w, https:\/\/franciscanos.org.br\/noticias\/wp-content\/uploads\/2025\/10\/materia-topo2-1024x576.jpg 1024w, https:\/\/franciscanos.org.br\/noticias\/wp-content\/uploads\/2025\/10\/materia-topo2-768x432.jpg 768w, https:\/\/franciscanos.org.br\/noticias\/wp-content\/uploads\/2025\/10\/materia-topo2-150x84.jpg 150w\" sizes=\"(max-width: 1280px) 100vw, 1280px\" \/><\/p>\n<p>Nos dias 18 e 19 de outubro, a cidade de Gaspar (SC) vivenciou um final de semana de profunda espiritualidade e fraternidade com a realiza\u00e7\u00e3o do <strong>Encontro do Alverne<\/strong>. O evento, voltado ao aprofundamento no carisma e na espiritualidade franciscana, reuniu jovens da comunidade local e de diversas cidades do estado que pertencem \u00e0 Prov\u00edncia Franciscana, como Blumenau, Xaxim, Conc\u00f3rdia, Benedito Novo e Marema, na Par\u00f3quia S\u00e3o Pedro Ap\u00f3stolo.<\/p>\n<p>Seguindo um dos mais belos exemplos de S\u00e3o Francisco de Assis, a hospitalidade, os jovens vindos de outras cidades foram calorosamente acolhidos por fam\u00edlias da comunidade gasparense, que abriram as portas de seus lares com imenso amor e alegria, proporcionando uma verdadeira experi\u00eancia de fraternidade. As atividades foram realizadas em espa\u00e7os significativos da par\u00f3quia, como a Igreja Matriz, o Audit\u00f3rio do Col\u00e9gio Madre Francisca Lampel, a Gruta e o sal\u00e3o Cristo Rei, que se tornaram palcos de f\u00e9 e partilha.<\/p>\n\n\t\t<style type=\"text\/css\">\n\t\t\t#gallery-1 {\n\t\t\t\tmargin: auto;\n\t\t\t}\n\t\t\t#gallery-1 .gallery-item {\n\t\t\t\tfloat: left;\n\t\t\t\tmargin-top: 10px;\n\t\t\t\ttext-align: center;\n\t\t\t\twidth: 25%;\n\t\t\t}\n\t\t\t#gallery-1 img {\n\t\t\t\tborder: 2px solid #cfcfcf;\n\t\t\t}\n\t\t\t#gallery-1 .gallery-caption {\n\t\t\t\tmargin-left: 0;\n\t\t\t}\n\t\t\t\/* see gallery_shortcode() in wp-includes\/media.php *\/\n\t\t<\/style>\n\t\t<div id='gallery-1' class='gallery galleryid-261661 gallery-columns-4 gallery-size-thumbnail'><dl class='gallery-item'>\n\t\t\t<dt class='gallery-icon landscape'>\n\t\t\t\t<a href='https:\/\/franciscanos.org.br\/noticias\/wp-content\/uploads\/2025\/10\/DSC00354-scaled.jpg'><img width=\"300\" height=\"300\" src=\"https:\/\/franciscanos.org.br\/noticias\/wp-content\/uploads\/2025\/10\/DSC00354-300x300.jpg\" class=\"attachment-thumbnail size-thumbnail\" alt=\"\" loading=\"lazy\" srcset=\"https:\/\/franciscanos.org.br\/noticias\/wp-content\/uploads\/2025\/10\/DSC00354-300x300.jpg 300w, https:\/\/franciscanos.org.br\/noticias\/wp-content\/uploads\/2025\/10\/DSC00354-100x100.jpg 100w\" sizes=\"(max-width: 300px) 100vw, 300px\" \/><\/a>\n\t\t\t<\/dt><\/dl><dl class='gallery-item'>\n\t\t\t<dt class='gallery-icon landscape'>\n\t\t\t\t<a href='https:\/\/franciscanos.org.br\/noticias\/wp-content\/uploads\/2025\/10\/DSC00355-scaled.jpg'><img width=\"300\" height=\"300\" src=\"https:\/\/franciscanos.org.br\/noticias\/wp-content\/uploads\/2025\/10\/DSC00355-300x300.jpg\" class=\"attachment-thumbnail size-thumbnail\" alt=\"\" loading=\"lazy\" srcset=\"https:\/\/franciscanos.org.br\/noticias\/wp-content\/uploads\/2025\/10\/DSC00355-300x300.jpg 300w, https:\/\/franciscanos.org.br\/noticias\/wp-content\/uploads\/2025\/10\/DSC00355-100x100.jpg 100w\" sizes=\"(max-width: 300px) 100vw, 300px\" \/><\/a>\n\t\t\t<\/dt><\/dl><dl class='gallery-item'>\n\t\t\t<dt class='gallery-icon landscape'>\n\t\t\t\t<a href='https:\/\/franciscanos.org.br\/noticias\/wp-content\/uploads\/2025\/10\/DSC00507-scaled.jpg'><img width=\"300\" height=\"300\" src=\"https:\/\/franciscanos.org.br\/noticias\/wp-content\/uploads\/2025\/10\/DSC00507-300x300.jpg\" class=\"attachment-thumbnail size-thumbnail\" alt=\"\" loading=\"lazy\" srcset=\"https:\/\/franciscanos.org.br\/noticias\/wp-content\/uploads\/2025\/10\/DSC00507-300x300.jpg 300w, https:\/\/franciscanos.org.br\/noticias\/wp-content\/uploads\/2025\/10\/DSC00507-100x100.jpg 100w\" sizes=\"(max-width: 300px) 100vw, 300px\" \/><\/a>\n\t\t\t<\/dt><\/dl><dl class='gallery-item'>\n\t\t\t<dt class='gallery-icon landscape'>\n\t\t\t\t<a href='https:\/\/franciscanos.org.br\/noticias\/wp-content\/uploads\/2025\/10\/DSC00496-scaled.jpg'><img width=\"300\" height=\"300\" src=\"https:\/\/franciscanos.org.br\/noticias\/wp-content\/uploads\/2025\/10\/DSC00496-300x300.jpg\" class=\"attachment-thumbnail size-thumbnail\" alt=\"\" loading=\"lazy\" srcset=\"https:\/\/franciscanos.org.br\/noticias\/wp-content\/uploads\/2025\/10\/DSC00496-300x300.jpg 300w, https:\/\/franciscanos.org.br\/noticias\/wp-content\/uploads\/2025\/10\/DSC00496-100x100.jpg 100w\" sizes=\"(max-width: 300px) 100vw, 300px\" \/><\/a>\n\t\t\t<\/dt><\/dl><br style=\"clear: both\" \/>\n\t\t<\/div>\n\n<p>A programa\u00e7\u00e3o teve in\u00edcio no <strong>s\u00e1bado (18\/10)<\/strong> com a acolhida e o credenciamento dos jovens. Frei Pedro e Frei Roberto, frades da par\u00f3quia, deram as boas-vindas aos participantes, iniciando o encontro com calorosa recep\u00e7\u00e3o. O dia foi marcado por intensos momentos de forma\u00e7\u00e3o conduzidos por Frei Vit\u00f3rio, que aprofundou os temas sobre o modo de vida franciscano e as virtudes de S\u00e3o Francisco, intercalados com din\u00e2micas de anima\u00e7\u00e3o e conviv\u00eancia.<\/p>\n<p><img loading=\"lazy\" class=\"aligncenter wp-image-261669 size-full\" src=\"https:\/\/franciscanos.org.br\/noticias\/wp-content\/uploads\/2025\/10\/materia1-8.jpg\" alt=\"\" width=\"1280\" height=\"720\" srcset=\"https:\/\/franciscanos.org.br\/noticias\/wp-content\/uploads\/2025\/10\/materia1-8.jpg 1280w, https:\/\/franciscanos.org.br\/noticias\/wp-content\/uploads\/2025\/10\/materia1-8-450x253.jpg 450w, https:\/\/franciscanos.org.br\/noticias\/wp-content\/uploads\/2025\/10\/materia1-8-1024x576.jpg 1024w, https:\/\/franciscanos.org.br\/noticias\/wp-content\/uploads\/2025\/10\/materia1-8-768x432.jpg 768w, https:\/\/franciscanos.org.br\/noticias\/wp-content\/uploads\/2025\/10\/materia1-8-150x84.jpg 150w\" sizes=\"(max-width: 1280px) 100vw, 1280px\" \/><\/p>\n<p><img loading=\"lazy\" class=\"size-medium wp-image-261673 alignright\" src=\"https:\/\/franciscanos.org.br\/noticias\/wp-content\/uploads\/2025\/10\/SAVE_20251020_193049-1-338x450.jpg\" alt=\"\" width=\"338\" height=\"450\" srcset=\"https:\/\/franciscanos.org.br\/noticias\/wp-content\/uploads\/2025\/10\/SAVE_20251020_193049-1-338x450.jpg 338w, https:\/\/franciscanos.org.br\/noticias\/wp-content\/uploads\/2025\/10\/SAVE_20251020_193049-1-768x1024.jpg 768w, https:\/\/franciscanos.org.br\/noticias\/wp-content\/uploads\/2025\/10\/SAVE_20251020_193049-1-1152x1536.jpg 1152w, https:\/\/franciscanos.org.br\/noticias\/wp-content\/uploads\/2025\/10\/SAVE_20251020_193049-1-1536x2048.jpg 1536w, https:\/\/franciscanos.org.br\/noticias\/wp-content\/uploads\/2025\/10\/SAVE_20251020_193049-1-150x200.jpg 150w, https:\/\/franciscanos.org.br\/noticias\/wp-content\/uploads\/2025\/10\/SAVE_20251020_193049-1-scaled.jpg 810w\" sizes=\"(max-width: 338px) 100vw, 338px\" \/>A espiritualidade foi o fio condutor de todo o encontro. Rafaela emocionou a todos com a leitura do C\u00e2ntico das Criaturas, seguida pela adora\u00e7\u00e3o ao Sant\u00edssimo Sacramento. Antes do Luau, os jovens prepararam, com base no tema e nas instru\u00e7\u00f5es de Frei Vit\u00f3rio, um momento de apresenta\u00e7\u00e3o do que haviam compreendido sobre as Virtudes. A partilha emocionou a todos os presentes e trouxe ainda mais inspira\u00e7\u00e3o em Francisco para a juventude. Em seguida, aconteceu o emocionante Luau realizado na Gruta ao entardecer, onde Frei Alexandre, que acompanhou todo o evento com muita alegria e entusiasmo, cantou e tocou viol\u00e3o, contagiando os jovens com sua alegria franciscana. Ao final do dia, os jovens foram encaminhados \u00e0s casas das fam\u00edlias acolhedoras, levando consigo a reflex\u00e3o e a partilha do dia.<\/p>\n<p>O <strong>domingo (19\/10)<\/strong> come\u00e7ou com um caf\u00e9 da manh\u00e3 fraterno, seguido por mais um momento de forma\u00e7\u00e3o com Frei Vit\u00f3rio. O ponto alto da manh\u00e3 foi a Santa Missa em A\u00e7\u00e3o de Gra\u00e7as na Igreja Matriz, celebrando a comunh\u00e3o e a experi\u00eancia vivida. O encontro foi encerrado ap\u00f3s o almo\u00e7o, com uma m\u00edstica de envio e despedida, contando novamente com a presen\u00e7a de Frei Pedro e Frei Roberto.<\/p>\n<p>A 1\u00aa edi\u00e7\u00e3o do Encontro do Alverne em Gaspar foi um profundo testemunho de f\u00e9 da juventude, que busca no caminho de Francisco um espelho para a vida crist\u00e3. Com os cora\u00e7\u00f5es repletos de gratid\u00e3o e o esp\u00edrito renovado, os participantes retornaram \u00e0s suas par\u00f3quias, mais fortalecidos no carisma franciscano e j\u00e1 na expectativa para as pr\u00f3ximas edi\u00e7\u00f5es.<\/p>\n<hr \/>\n<p><em>Texto e fotos: PASCOM da Par\u00f3quia S\u00e3o Pedro de Gaspar<\/em><\/p>\n","protected":false},"excerpt":{"rendered":"<p>Juventudes Franciscana<\/p>\n","protected":false},"author":11,"featured_media":261664,"comment_status":"open","ping_status":"open","sticky":false,"template":"","format":"standard","meta":[],"categories":[1],"tags":[923,1980],"acf":[],"yoast_head":"<!-- This site is optimized with the Yoast SEO plugin v19.2 - https:\/\/yoast.com\/wordpress\/plugins\/seo\/ -->\n<title>Par\u00f3quia S\u00e3o Pedro Ap\u00f3stolo, em Gaspar, sedia o Encontro do Alverne - Not\u00edcias - Franciscanos<\/title>\n<meta name=\"robots\" content=\"index, follow, max-snippet:-1, max-image-preview:large, max-video-preview:-1\" \/>\n<link rel=\"canonical\" href=\"https:\/\/franciscanos.org.br\/noticias\/paroquia-sao-pedro-apostolo-em-gaspar-sedia-a-1a-edicao-do-encontro-do-alverne.html\" \/>\n<meta property=\"og:locale\" content=\"pt_BR\" \/>\n<meta property=\"og:type\" content=\"article\" \/>\n<meta property=\"og:title\" content=\"Par\u00f3quia S\u00e3o Pedro Ap\u00f3stolo, em Gaspar, sedia o Encontro do Alverne - Not\u00edcias - Franciscanos\" \/>\n<meta property=\"og:description\" content=\"Juventudes Franciscana\" \/>\n<meta property=\"og:url\" content=\"https:\/\/franciscanos.org.br\/noticias\/paroquia-sao-pedro-apostolo-em-gaspar-sedia-a-1a-edicao-do-encontro-do-alverne.html\" \/>\n<meta property=\"og:site_name\" content=\"Not\u00edcias - Franciscanos\" \/>\n<meta property=\"article:published_time\" content=\"2025-10-21T11:11:43+00:00\" \/>\n<meta property=\"article:modified_time\" content=\"2026-04-29T14:46:25+00:00\" \/>\n<meta property=\"og:image\" content=\"https:\/\/franciscanos.org.br\/noticias\/wp-content\/uploads\/2025\/10\/chamada-40.jpg\" \/>\n\t<meta property=\"og:image:width\" content=\"800\" \/>\n\t<meta property=\"og:image:height\" content=\"550\" \/>\n\t<meta property=\"og:image:type\" content=\"image\/jpeg\" \/>\n<meta name=\"author\" content=\"Adriana Rabelo\" \/>\n<meta name=\"twitter:card\" content=\"summary_large_image\" \/>\n<meta name=\"twitter:label1\" content=\"Escrito por\" \/>\n\t<meta name=\"twitter:data1\" content=\"Adriana Rabelo\" \/>\n\t<meta name=\"twitter:label2\" content=\"Est. tempo de leitura\" \/>\n\t<meta name=\"twitter:data2\" content=\"3 minutos\" \/>\n<script type=\"application\/ld+json\" class=\"yoast-schema-graph\">{\"@context\":\"https:\/\/schema.org\",\"@graph\":[{\"@type\":\"WebSite\",\"@id\":\"https:\/\/franciscanos.org.br\/noticias\/#website\",\"url\":\"https:\/\/franciscanos.org.br\/noticias\/\",\"name\":\"Not\u00edcias - Franciscanos\",\"description\":\"Prov\u00edncia Franciscana da Imaculada Concei\u00e7\u00e3o do Brasil - Ordem dos Frades Menores - OFM\",\"potentialAction\":[{\"@type\":\"SearchAction\",\"target\":{\"@type\":\"EntryPoint\",\"urlTemplate\":\"https:\/\/franciscanos.org.br\/noticias\/?s={search_term_string}\"},\"query-input\":\"required name=search_term_string\"}],\"inLanguage\":\"pt-BR\"},{\"@type\":\"ImageObject\",\"inLanguage\":\"pt-BR\",\"@id\":\"https:\/\/franciscanos.org.br\/noticias\/paroquia-sao-pedro-apostolo-em-gaspar-sedia-a-1a-edicao-do-encontro-do-alverne.html#primaryimage\",\"url\":\"https:\/\/franciscanos.org.br\/noticias\/wp-content\/uploads\/2025\/10\/chamada-40.jpg\",\"contentUrl\":\"https:\/\/franciscanos.org.br\/noticias\/wp-content\/uploads\/2025\/10\/chamada-40.jpg\",\"width\":800,\"height\":550},{\"@type\":\"WebPage\",\"@id\":\"https:\/\/franciscanos.org.br\/noticias\/paroquia-sao-pedro-apostolo-em-gaspar-sedia-a-1a-edicao-do-encontro-do-alverne.html#webpage\",\"url\":\"https:\/\/franciscanos.org.br\/noticias\/paroquia-sao-pedro-apostolo-em-gaspar-sedia-a-1a-edicao-do-encontro-do-alverne.html\",\"name\":\"Par\u00f3quia S\u00e3o Pedro Ap\u00f3stolo, em Gaspar, sedia o Encontro do Alverne - Not\u00edcias - Franciscanos\",\"isPartOf\":{\"@id\":\"https:\/\/franciscanos.org.br\/noticias\/#website\"},\"primaryImageOfPage\":{\"@id\":\"https:\/\/franciscanos.org.br\/noticias\/paroquia-sao-pedro-apostolo-em-gaspar-sedia-a-1a-edicao-do-encontro-do-alverne.html#primaryimage\"},\"datePublished\":\"2025-10-21T11:11:43+00:00\",\"dateModified\":\"2026-04-29T14:46:25+00:00\",\"author\":{\"@id\":\"https:\/\/franciscanos.org.br\/noticias\/#\/schema\/person\/d9422e83121c3ad3b0f423d195f5bb25\"},\"breadcrumb\":{\"@id\":\"https:\/\/franciscanos.org.br\/noticias\/paroquia-sao-pedro-apostolo-em-gaspar-sedia-a-1a-edicao-do-encontro-do-alverne.html#breadcrumb\"},\"inLanguage\":\"pt-BR\",\"potentialAction\":[{\"@type\":\"ReadAction\",\"target\":[\"https:\/\/franciscanos.org.br\/noticias\/paroquia-sao-pedro-apostolo-em-gaspar-sedia-a-1a-edicao-do-encontro-do-alverne.html\"]}]},{\"@type\":\"BreadcrumbList\",\"@id\":\"https:\/\/franciscanos.org.br\/noticias\/paroquia-sao-pedro-apostolo-em-gaspar-sedia-a-1a-edicao-do-encontro-do-alverne.html#breadcrumb\",\"itemListElement\":[{\"@type\":\"ListItem\",\"position\":1,\"name\":\"Home\",\"item\":\"https:\/\/franciscanos.org.br\/noticias\"},{\"@type\":\"ListItem\",\"position\":2,\"name\":\"Par\u00f3quia S\u00e3o Pedro Ap\u00f3stolo, em Gaspar, sedia o Encontro do Alverne\"}]},{\"@type\":\"Person\",\"@id\":\"https:\/\/franciscanos.org.br\/noticias\/#\/schema\/person\/d9422e83121c3ad3b0f423d195f5bb25\",\"name\":\"Adriana Rabelo\",\"image\":{\"@type\":\"ImageObject\",\"inLanguage\":\"pt-BR\",\"@id\":\"https:\/\/franciscanos.org.br\/noticias\/#\/schema\/person\/image\/\",\"url\":\"https:\/\/secure.gravatar.com\/avatar\/0a937b7500cd7df77540cfb8bede877d?s=96&d=mm&r=g\",\"contentUrl\":\"https:\/\/secure.gravatar.com\/avatar\/0a937b7500cd7df77540cfb8bede877d?s=96&d=mm&r=g\",\"caption\":\"Adriana Rabelo\"},\"url\":\"https:\/\/franciscanos.org.br\/noticias\/author\/adrianarabelo\"}]}<\/script>\n<!-- \/ Yoast SEO plugin. -->","yoast_head_json":{"title":"Par\u00f3quia S\u00e3o Pedro Ap\u00f3stolo, em Gaspar, sedia o Encontro do Alverne - Not\u00edcias - Franciscanos","robots":{"index":"index","follow":"follow","max-snippet":"max-snippet:-1","max-image-preview":"max-image-preview:large","max-video-preview":"max-video-preview:-1"},"canonical":"https:\/\/franciscanos.org.br\/noticias\/paroquia-sao-pedro-apostolo-em-gaspar-sedia-a-1a-edicao-do-encontro-do-alverne.html","og_locale":"pt_BR","og_type":"article","og_title":"Par\u00f3quia S\u00e3o Pedro Ap\u00f3stolo, em Gaspar, sedia o Encontro do Alverne - Not\u00edcias - Franciscanos","og_description":"Juventudes Franciscana","og_url":"https:\/\/franciscanos.org.br\/noticias\/paroquia-sao-pedro-apostolo-em-gaspar-sedia-a-1a-edicao-do-encontro-do-alverne.html","og_site_name":"Not\u00edcias - Franciscanos","article_published_time":"2025-10-21T11:11:43+00:00","article_modified_time":"2026-04-29T14:46:25+00:00","og_image":[{"width":800,"height":550,"url":"https:\/\/franciscanos.org.br\/noticias\/wp-content\/uploads\/2025\/10\/chamada-40.jpg","type":"image\/jpeg"}],"author":"Adriana Rabelo","twitter_card":"summary_large_image","twitter_misc":{"Escrito por":"Adriana Rabelo","Est. tempo de leitura":"3 minutos"},"schema":{"@context":"https:\/\/schema.org","@graph":[{"@type":"WebSite","@id":"https:\/\/franciscanos.org.br\/noticias\/#website","url":"https:\/\/franciscanos.org.br\/noticias\/","name":"Not\u00edcias - Franciscanos","description":"Prov\u00edncia Franciscana da Imaculada Concei\u00e7\u00e3o do Brasil - Ordem dos Frades Menores - OFM","potentialAction":[{"@type":"SearchAction","target":{"@type":"EntryPoint","urlTemplate":"https:\/\/franciscanos.org.br\/noticias\/?s={search_term_string}"},"query-input":"required name=search_term_string"}],"inLanguage":"pt-BR"},{"@type":"ImageObject","inLanguage":"pt-BR","@id":"https:\/\/franciscanos.org.br\/noticias\/paroquia-sao-pedro-apostolo-em-gaspar-sedia-a-1a-edicao-do-encontro-do-alverne.html#primaryimage","url":"https:\/\/franciscanos.org.br\/noticias\/wp-content\/uploads\/2025\/10\/chamada-40.jpg","contentUrl":"https:\/\/franciscanos.org.br\/noticias\/wp-content\/uploads\/2025\/10\/chamada-40.jpg","width":800,"height":550},{"@type":"WebPage","@id":"https:\/\/franciscanos.org.br\/noticias\/paroquia-sao-pedro-apostolo-em-gaspar-sedia-a-1a-edicao-do-encontro-do-alverne.html#webpage","url":"https:\/\/franciscanos.org.br\/noticias\/paroquia-sao-pedro-apostolo-em-gaspar-sedia-a-1a-edicao-do-encontro-do-alverne.html","name":"Par\u00f3quia S\u00e3o Pedro Ap\u00f3stolo, em Gaspar, sedia o Encontro do Alverne - Not\u00edcias - Franciscanos","isPartOf":{"@id":"https:\/\/franciscanos.org.br\/noticias\/#website"},"primaryImageOfPage":{"@id":"https:\/\/franciscanos.org.br\/noticias\/paroquia-sao-pedro-apostolo-em-gaspar-sedia-a-1a-edicao-do-encontro-do-alverne.html#primaryimage"},"datePublished":"2025-10-21T11:11:43+00:00","dateModified":"2026-04-29T14:46:25+00:00","author":{"@id":"https:\/\/franciscanos.org.br\/noticias\/#\/schema\/person\/d9422e83121c3ad3b0f423d195f5bb25"},"breadcrumb":{"@id":"https:\/\/franciscanos.org.br\/noticias\/paroquia-sao-pedro-apostolo-em-gaspar-sedia-a-1a-edicao-do-encontro-do-alverne.html#breadcrumb"},"inLanguage":"pt-BR","potentialAction":[{"@type":"ReadAction","target":["https:\/\/franciscanos.org.br\/noticias\/paroquia-sao-pedro-apostolo-em-gaspar-sedia-a-1a-edicao-do-encontro-do-alverne.html"]}]},{"@type":"BreadcrumbList","@id":"https:\/\/franciscanos.org.br\/noticias\/paroquia-sao-pedro-apostolo-em-gaspar-sedia-a-1a-edicao-do-encontro-do-alverne.html#breadcrumb","itemListElement":[{"@type":"ListItem","position":1,"name":"Home","item":"https:\/\/franciscanos.org.br\/noticias"},{"@type":"ListItem","position":2,"name":"Par\u00f3quia S\u00e3o Pedro Ap\u00f3stolo, em Gaspar, sedia o Encontro do Alverne"}]},{"@type":"Person","@id":"https:\/\/franciscanos.org.br\/noticias\/#\/schema\/person\/d9422e83121c3ad3b0f423d195f5bb25","name":"Adriana Rabelo","image":{"@type":"ImageObject","inLanguage":"pt-BR","@id":"https:\/\/franciscanos.org.br\/noticias\/#\/schema\/person\/image\/","url":"https:\/\/secure.gravatar.com\/avatar\/0a937b7500cd7df77540cfb8bede877d?s=96&d=mm&r=g","contentUrl":"https:\/\/secure.gravatar.com\/avatar\/0a937b7500cd7df77540cfb8bede877d?s=96&d=mm&r=g","caption":"Adriana Rabelo"},"url":"https:\/\/franciscanos.org.br\/noticias\/author\/adrianarabelo"}]}},"_links":{"self":[{"href":"https:\/\/franciscanos.org.br\/noticias\/wp-json\/wp\/v2\/posts\/261661"}],"collection":[{"href":"https:\/\/franciscanos.org.br\/noticias\/wp-json\/wp\/v2\/posts"}],"about":[{"href":"https:\/\/franciscanos.org.br\/noticias\/wp-json\/wp\/v2\/types\/post"}],"author":[{"embeddable":true,"href":"https:\/\/franciscanos.org.br\/noticias\/wp-json\/wp\/v2\/users\/11"}],"replies":[{"embeddable":true,"href":"https:\/\/franciscanos.org.br\/noticias\/wp-json\/wp\/v2\/comments?post=261661"}],"version-history":[{"count":8,"href":"https:\/\/franciscanos.org.br\/noticias\/wp-json\/wp\/v2\/posts\/261661\/revisions"}],"predecessor-version":[{"id":261681,"href":"https:\/\/franciscanos.org.br\/noticias\/wp-json\/wp\/v2\/posts\/261661\/revisions\/261681"}],"wp:featuredmedia":[{"embeddable":true,"href":"https:\/\/franciscanos.org.br\/noticias\/wp-json\/wp\/v2\/media\/261664"}],"wp:attachment":[{"href":"https:\/\/franciscanos.org.br\/noticias\/wp-json\/wp\/v2\/media?parent=261661"}],"wp:term":[{"taxonomy":"category","embeddable":true,"href":"https:\/\/franciscanos.org.br\/noticias\/wp-json\/wp\/v2\/categories?post=261661"},{"taxonomy":"post_tag","embeddable":true,"href":"https:\/\/franciscanos.org.br\/noticias\/wp-json\/wp\/v2\/tags?post=261661"}],"curies":[{"name":"wp","href":"https:\/\/api.w.org\/{rel}","templated":true}]}}