{"id":261649,"date":"2025-10-20T15:57:04","date_gmt":"2025-10-20T18:57:04","guid":{"rendered":"https:\/\/franciscanos.org.br\/noticias\/?p=261649"},"modified":"2025-10-20T19:01:11","modified_gmt":"2025-10-20T22:01:11","slug":"retiro-do-apostolado-da-oracao-na-paroquia-sao-luiz-gonzaga","status":"publish","type":"post","link":"https:\/\/franciscanos.org.br\/noticias\/retiro-do-apostolado-da-oracao-na-paroquia-sao-luiz-gonzaga.html","title":{"rendered":"Retiro do Apostolado da Ora\u00e7\u00e3o na Par\u00f3quia S\u00e3o Luiz Gonzaga"},"content":{"rendered":"<p><img loading=\"lazy\" class=\"aligncenter wp-image-261650 size-full\" src=\"https:\/\/franciscanos.org.br\/noticias\/wp-content\/uploads\/2025\/10\/MATERIATOPO.jpg\" alt=\"\" width=\"1280\" height=\"720\" srcset=\"https:\/\/franciscanos.org.br\/noticias\/wp-content\/uploads\/2025\/10\/MATERIATOPO.jpg 1280w, https:\/\/franciscanos.org.br\/noticias\/wp-content\/uploads\/2025\/10\/MATERIATOPO-450x253.jpg 450w, https:\/\/franciscanos.org.br\/noticias\/wp-content\/uploads\/2025\/10\/MATERIATOPO-1024x576.jpg 1024w, https:\/\/franciscanos.org.br\/noticias\/wp-content\/uploads\/2025\/10\/MATERIATOPO-768x432.jpg 768w, https:\/\/franciscanos.org.br\/noticias\/wp-content\/uploads\/2025\/10\/MATERIATOPO-150x84.jpg 150w\" sizes=\"(max-width: 1280px) 100vw, 1280px\" \/><\/p>\n<p>No s\u00e1bado, 18 de outubro, o Apostolado da Ora\u00e7\u00e3o da Par\u00f3quia S\u00e3o Luiz Gonzaga, em Xaxim (SC), reuniu-se na Comunidade Lajeado Grande para o retiro anual. Cerca de 80 pessoas participaram desse momento de ora\u00e7\u00e3o, reflex\u00e3o, conviv\u00eancia e aprendizado.<\/p>\n<p>\u00c0s 9h, no sal\u00e3o ao lado da igreja, a recep\u00e7\u00e3o com o caf\u00e9; em seguida, todos foram direcionados para o interior da igreja, onde iniciou o retiro. Frei Jonas Ribeiro da Silva foi o assessor do retiro, iniciando com as boas-vindas e a Celebra\u00e7\u00e3o Penitencial. Em seguida, a forma\u00e7\u00e3o com base na Carta Enc\u00edclica Dilexit nos: sobre o amor humano e divino do Cora\u00e7\u00e3o de Jesus, quarta enc\u00edclica publicada pelo saudoso Santo Padre, Papa Francisco.<\/p>\n<p>Para este momento de reflex\u00e3o, Frei Jonas destacou os primeiros cap\u00edtulos da carta. \u201cDelexit nos\u201d \u00e9 a carta que convida para renovar a devo\u00e7\u00e3o pelo Cora\u00e7\u00e3o de Jesus, n\u00e3o esquecer a ternura da f\u00e9 e colocar-se sempre com alegria a servi\u00e7o da miss\u00e3o.<\/p>\n<p><img loading=\"lazy\" class=\"aligncenter wp-image-261652 size-full\" src=\"https:\/\/franciscanos.org.br\/noticias\/wp-content\/uploads\/2025\/10\/MATERIA1-7.jpg\" alt=\"\" width=\"1280\" height=\"720\" srcset=\"https:\/\/franciscanos.org.br\/noticias\/wp-content\/uploads\/2025\/10\/MATERIA1-7.jpg 1280w, https:\/\/franciscanos.org.br\/noticias\/wp-content\/uploads\/2025\/10\/MATERIA1-7-450x253.jpg 450w, https:\/\/franciscanos.org.br\/noticias\/wp-content\/uploads\/2025\/10\/MATERIA1-7-1024x576.jpg 1024w, https:\/\/franciscanos.org.br\/noticias\/wp-content\/uploads\/2025\/10\/MATERIA1-7-768x432.jpg 768w, https:\/\/franciscanos.org.br\/noticias\/wp-content\/uploads\/2025\/10\/MATERIA1-7-150x84.jpg 150w\" sizes=\"(max-width: 1280px) 100vw, 1280px\" \/><\/p>\n<p>O frade destacou a sinceridade que levamos em nosso cora\u00e7\u00e3o; ele n\u00e3o mente. \u201cA boca pode falar uma coisa, mas em nosso cora\u00e7\u00e3o sabemos a verdade, essa verdade que muitas vezes n\u00e3o dizemos, assim como o Santo Padre diz nesse documento. Nossa devo\u00e7\u00e3o passa por nosso cora\u00e7\u00e3o, pelo amor, na capacidade de sermos sinceros com n\u00f3s mesmos e com nosso cora\u00e7\u00e3o, desse amor humano e divino no cora\u00e7\u00e3o de Cristo. Devemos nos inspirar neste amor de Cristo para construir um mundo mais justo, solid\u00e1rio, fraterno. N\u00f3s, do Apostolado da Ora\u00e7\u00e3o, somos esse exemplo de levar Cristo a todos os lugares, de ter orgulho desta fita vermelha que usamos, de sermos testemunho do amor d&#8217;Ele\u201d, afirmou Frei Jonas.<\/p>\n\n\t\t<style type=\"text\/css\">\n\t\t\t#gallery-1 {\n\t\t\t\tmargin: auto;\n\t\t\t}\n\t\t\t#gallery-1 .gallery-item {\n\t\t\t\tfloat: left;\n\t\t\t\tmargin-top: 10px;\n\t\t\t\ttext-align: center;\n\t\t\t\twidth: 33%;\n\t\t\t}\n\t\t\t#gallery-1 img {\n\t\t\t\tborder: 2px solid #cfcfcf;\n\t\t\t}\n\t\t\t#gallery-1 .gallery-caption {\n\t\t\t\tmargin-left: 0;\n\t\t\t}\n\t\t\t\/* see gallery_shortcode() in wp-includes\/media.php *\/\n\t\t<\/style>\n\t\t<div id='gallery-1' class='gallery galleryid-261649 gallery-columns-3 gallery-size-thumbnail'><dl class='gallery-item'>\n\t\t\t<dt class='gallery-icon portrait'>\n\t\t\t\t<a href='https:\/\/franciscanos.org.br\/noticias\/wp-content\/uploads\/2025\/10\/Retiro-Apostolado-4-scaled.jpg'><img width=\"300\" height=\"300\" src=\"https:\/\/franciscanos.org.br\/noticias\/wp-content\/uploads\/2025\/10\/Retiro-Apostolado-4-300x300.jpg\" class=\"attachment-thumbnail size-thumbnail\" alt=\"\" loading=\"lazy\" srcset=\"https:\/\/franciscanos.org.br\/noticias\/wp-content\/uploads\/2025\/10\/Retiro-Apostolado-4-300x300.jpg 300w, https:\/\/franciscanos.org.br\/noticias\/wp-content\/uploads\/2025\/10\/Retiro-Apostolado-4-100x100.jpg 100w\" sizes=\"(max-width: 300px) 100vw, 300px\" \/><\/a>\n\t\t\t<\/dt><\/dl><dl class='gallery-item'>\n\t\t\t<dt class='gallery-icon portrait'>\n\t\t\t\t<a href='https:\/\/franciscanos.org.br\/noticias\/wp-content\/uploads\/2025\/10\/Retiro-Apostolado-5-scaled.jpg'><img width=\"300\" height=\"300\" src=\"https:\/\/franciscanos.org.br\/noticias\/wp-content\/uploads\/2025\/10\/Retiro-Apostolado-5-300x300.jpg\" class=\"attachment-thumbnail size-thumbnail\" alt=\"\" loading=\"lazy\" srcset=\"https:\/\/franciscanos.org.br\/noticias\/wp-content\/uploads\/2025\/10\/Retiro-Apostolado-5-300x300.jpg 300w, https:\/\/franciscanos.org.br\/noticias\/wp-content\/uploads\/2025\/10\/Retiro-Apostolado-5-100x100.jpg 100w\" sizes=\"(max-width: 300px) 100vw, 300px\" \/><\/a>\n\t\t\t<\/dt><\/dl><dl class='gallery-item'>\n\t\t\t<dt class='gallery-icon landscape'>\n\t\t\t\t<a href='https:\/\/franciscanos.org.br\/noticias\/wp-content\/uploads\/2025\/10\/Retiro-Apostolado-3-scaled.jpg'><img width=\"300\" height=\"300\" src=\"https:\/\/franciscanos.org.br\/noticias\/wp-content\/uploads\/2025\/10\/Retiro-Apostolado-3-300x300.jpg\" class=\"attachment-thumbnail size-thumbnail\" alt=\"\" loading=\"lazy\" srcset=\"https:\/\/franciscanos.org.br\/noticias\/wp-content\/uploads\/2025\/10\/Retiro-Apostolado-3-300x300.jpg 300w, https:\/\/franciscanos.org.br\/noticias\/wp-content\/uploads\/2025\/10\/Retiro-Apostolado-3-100x100.jpg 100w\" sizes=\"(max-width: 300px) 100vw, 300px\" \/><\/a>\n\t\t\t<\/dt><\/dl><br style=\"clear: both\" \/>\n\t\t<\/div>\n\n<p>Encerrando a manh\u00e3, momento de perguntas e d\u00favidas sobre a miss\u00e3o nas Comunidades do Apostolado da Ora\u00e7\u00e3o e o compartilhamento das atividades realizadas durante o ano em Marema, Lajeado Grande e Xaxim, na Comunidade Matriz e bairro Alvorada.<\/p>\n<p>A tarde as atividades retornaram \u00e0s 13h10, momento em que todos foram convidados a viver o \u201cDeserto\u201d. Cada participante recebeu um trecho da carta para refletir e pensar na sua miss\u00e3o individualmente, complementando a forma\u00e7\u00e3o que aconteceu durante a manh\u00e3. \u00c0s 14h, o retorno com a reza do ter\u00e7o do Sagrado Cora\u00e7\u00e3o de Jesus e a Adora\u00e7\u00e3o ao Sant\u00edssimo Sacramento.<\/p>\n<p><img loading=\"lazy\" class=\"aligncenter wp-image-261653 size-full\" src=\"https:\/\/franciscanos.org.br\/noticias\/wp-content\/uploads\/2025\/10\/MATERIA3-10.jpg\" alt=\"\" width=\"1280\" height=\"720\" srcset=\"https:\/\/franciscanos.org.br\/noticias\/wp-content\/uploads\/2025\/10\/MATERIA3-10.jpg 1280w, https:\/\/franciscanos.org.br\/noticias\/wp-content\/uploads\/2025\/10\/MATERIA3-10-450x253.jpg 450w, https:\/\/franciscanos.org.br\/noticias\/wp-content\/uploads\/2025\/10\/MATERIA3-10-1024x576.jpg 1024w, https:\/\/franciscanos.org.br\/noticias\/wp-content\/uploads\/2025\/10\/MATERIA3-10-768x432.jpg 768w, https:\/\/franciscanos.org.br\/noticias\/wp-content\/uploads\/2025\/10\/MATERIA3-10-150x84.jpg 150w\" sizes=\"(max-width: 1280px) 100vw, 1280px\" \/><\/p>\n<p>\u00c0s 15h, a Celebra\u00e7\u00e3o Eucar\u00edstica foi presidida por Frei Danilo Santos Oliveira. Na prociss\u00e3o de entrada, o estandarte do Sagrado Cora\u00e7\u00e3o de Jesus. No coment\u00e1rio e leituras, representantes das comunidades de Marema, Lajeado e Matriz. Nos cantos, a Comunidade anfitri\u00e3 de Lajeado Grande.<\/p>\n<p>Em sua homilia, Frei Danilo destacou o amor incondicional de Jesus, o amor que ele tem por cada um. \u201cJesus tem um amor incondicional por cada um de n\u00f3s, e n\u00f3s somos testemunhas desse amor, dessa gra\u00e7a\u201d, diz o sacerdote. O frade lembrou da import\u00e2ncia deste momento de ora\u00e7\u00e3o, de estarem reunidas como Apostolado da Ora\u00e7\u00e3o e tamb\u00e9m juntas pedir pelas mais idosas que n\u00e3o puderam estar presentes, mas que com certeza rezaram para que este momento acontecesse.<\/p>\n<p><img loading=\"lazy\" class=\"aligncenter wp-image-261657 size-full\" src=\"https:\/\/franciscanos.org.br\/noticias\/wp-content\/uploads\/2025\/10\/MATERIA4-7.jpg\" alt=\"\" width=\"1280\" height=\"720\" srcset=\"https:\/\/franciscanos.org.br\/noticias\/wp-content\/uploads\/2025\/10\/MATERIA4-7.jpg 1280w, https:\/\/franciscanos.org.br\/noticias\/wp-content\/uploads\/2025\/10\/MATERIA4-7-450x253.jpg 450w, https:\/\/franciscanos.org.br\/noticias\/wp-content\/uploads\/2025\/10\/MATERIA4-7-1024x576.jpg 1024w, https:\/\/franciscanos.org.br\/noticias\/wp-content\/uploads\/2025\/10\/MATERIA4-7-768x432.jpg 768w, https:\/\/franciscanos.org.br\/noticias\/wp-content\/uploads\/2025\/10\/MATERIA4-7-150x84.jpg 150w\" sizes=\"(max-width: 1280px) 100vw, 1280px\" \/><\/p>\n<p>No final da Santa Missa, os agradecimentos a todos que participaram do retiro, da Comunidade e os avisos de agenda para o pr\u00f3ximo ano e retiro anual, com data marcada para setembro de 2026 na Comunidade do Bairro Alvorada.<\/p>\n<hr \/>\n<p><em>Camila Mendo\/ Pascom Par\u00f3quia Sa\u00f5 Luiz Gonzaga<\/em><\/p>\n","protected":false},"excerpt":{"rendered":"<p>Cora\u00e7\u00e3o de Jesus sob o olhar franciscano<\/p>\n","protected":false},"author":11,"featured_media":261651,"comment_status":"open","ping_status":"open","sticky":false,"template":"","format":"standard","meta":[],"categories":[1],"tags":[1591],"acf":[],"yoast_head":"<!-- This site is optimized with the Yoast SEO plugin v19.2 - https:\/\/yoast.com\/wordpress\/plugins\/seo\/ -->\n<title>Retiro do Apostolado da Ora\u00e7\u00e3o na Par\u00f3quia S\u00e3o Luiz Gonzaga - Not\u00edcias - Franciscanos<\/title>\n<meta name=\"robots\" content=\"index, follow, max-snippet:-1, max-image-preview:large, max-video-preview:-1\" \/>\n<link rel=\"canonical\" href=\"https:\/\/franciscanos.org.br\/noticias\/retiro-do-apostolado-da-oracao-na-paroquia-sao-luiz-gonzaga.html\" \/>\n<meta property=\"og:locale\" content=\"pt_BR\" \/>\n<meta property=\"og:type\" content=\"article\" \/>\n<meta property=\"og:title\" content=\"Retiro do Apostolado da Ora\u00e7\u00e3o na Par\u00f3quia S\u00e3o Luiz Gonzaga - Not\u00edcias - Franciscanos\" \/>\n<meta property=\"og:description\" content=\"Cora\u00e7\u00e3o de Jesus sob o olhar franciscano\" \/>\n<meta property=\"og:url\" content=\"https:\/\/franciscanos.org.br\/noticias\/retiro-do-apostolado-da-oracao-na-paroquia-sao-luiz-gonzaga.html\" \/>\n<meta property=\"og:site_name\" content=\"Not\u00edcias - Franciscanos\" \/>\n<meta property=\"article:published_time\" content=\"2025-10-20T18:57:04+00:00\" \/>\n<meta property=\"article:modified_time\" content=\"2025-10-20T22:01:11+00:00\" \/>\n<meta property=\"og:image\" content=\"https:\/\/franciscanos.org.br\/noticias\/wp-content\/uploads\/2025\/10\/chamada-39.jpg\" \/>\n\t<meta property=\"og:image:width\" content=\"800\" \/>\n\t<meta property=\"og:image:height\" content=\"550\" \/>\n\t<meta property=\"og:image:type\" content=\"image\/jpeg\" \/>\n<meta name=\"author\" content=\"Adriana Rabelo\" \/>\n<meta name=\"twitter:card\" content=\"summary_large_image\" \/>\n<meta name=\"twitter:label1\" content=\"Escrito por\" \/>\n\t<meta name=\"twitter:data1\" content=\"Adriana Rabelo\" \/>\n\t<meta name=\"twitter:label2\" content=\"Est. tempo de leitura\" \/>\n\t<meta name=\"twitter:data2\" content=\"3 minutos\" \/>\n<script type=\"application\/ld+json\" class=\"yoast-schema-graph\">{\"@context\":\"https:\/\/schema.org\",\"@graph\":[{\"@type\":\"WebSite\",\"@id\":\"https:\/\/franciscanos.org.br\/noticias\/#website\",\"url\":\"https:\/\/franciscanos.org.br\/noticias\/\",\"name\":\"Not\u00edcias - Franciscanos\",\"description\":\"Prov\u00edncia Franciscana da Imaculada Concei\u00e7\u00e3o do Brasil - Ordem dos Frades Menores - OFM\",\"potentialAction\":[{\"@type\":\"SearchAction\",\"target\":{\"@type\":\"EntryPoint\",\"urlTemplate\":\"https:\/\/franciscanos.org.br\/noticias\/?s={search_term_string}\"},\"query-input\":\"required name=search_term_string\"}],\"inLanguage\":\"pt-BR\"},{\"@type\":\"ImageObject\",\"inLanguage\":\"pt-BR\",\"@id\":\"https:\/\/franciscanos.org.br\/noticias\/retiro-do-apostolado-da-oracao-na-paroquia-sao-luiz-gonzaga.html#primaryimage\",\"url\":\"https:\/\/franciscanos.org.br\/noticias\/wp-content\/uploads\/2025\/10\/chamada-39.jpg\",\"contentUrl\":\"https:\/\/franciscanos.org.br\/noticias\/wp-content\/uploads\/2025\/10\/chamada-39.jpg\",\"width\":800,\"height\":550},{\"@type\":\"WebPage\",\"@id\":\"https:\/\/franciscanos.org.br\/noticias\/retiro-do-apostolado-da-oracao-na-paroquia-sao-luiz-gonzaga.html#webpage\",\"url\":\"https:\/\/franciscanos.org.br\/noticias\/retiro-do-apostolado-da-oracao-na-paroquia-sao-luiz-gonzaga.html\",\"name\":\"Retiro do Apostolado da Ora\u00e7\u00e3o na Par\u00f3quia S\u00e3o Luiz Gonzaga - Not\u00edcias - Franciscanos\",\"isPartOf\":{\"@id\":\"https:\/\/franciscanos.org.br\/noticias\/#website\"},\"primaryImageOfPage\":{\"@id\":\"https:\/\/franciscanos.org.br\/noticias\/retiro-do-apostolado-da-oracao-na-paroquia-sao-luiz-gonzaga.html#primaryimage\"},\"datePublished\":\"2025-10-20T18:57:04+00:00\",\"dateModified\":\"2025-10-20T22:01:11+00:00\",\"author\":{\"@id\":\"https:\/\/franciscanos.org.br\/noticias\/#\/schema\/person\/d9422e83121c3ad3b0f423d195f5bb25\"},\"breadcrumb\":{\"@id\":\"https:\/\/franciscanos.org.br\/noticias\/retiro-do-apostolado-da-oracao-na-paroquia-sao-luiz-gonzaga.html#breadcrumb\"},\"inLanguage\":\"pt-BR\",\"potentialAction\":[{\"@type\":\"ReadAction\",\"target\":[\"https:\/\/franciscanos.org.br\/noticias\/retiro-do-apostolado-da-oracao-na-paroquia-sao-luiz-gonzaga.html\"]}]},{\"@type\":\"BreadcrumbList\",\"@id\":\"https:\/\/franciscanos.org.br\/noticias\/retiro-do-apostolado-da-oracao-na-paroquia-sao-luiz-gonzaga.html#breadcrumb\",\"itemListElement\":[{\"@type\":\"ListItem\",\"position\":1,\"name\":\"Home\",\"item\":\"https:\/\/franciscanos.org.br\/noticias\"},{\"@type\":\"ListItem\",\"position\":2,\"name\":\"Retiro do Apostolado da Ora\u00e7\u00e3o na Par\u00f3quia S\u00e3o Luiz Gonzaga\"}]},{\"@type\":\"Person\",\"@id\":\"https:\/\/franciscanos.org.br\/noticias\/#\/schema\/person\/d9422e83121c3ad3b0f423d195f5bb25\",\"name\":\"Adriana Rabelo\",\"image\":{\"@type\":\"ImageObject\",\"inLanguage\":\"pt-BR\",\"@id\":\"https:\/\/franciscanos.org.br\/noticias\/#\/schema\/person\/image\/\",\"url\":\"https:\/\/secure.gravatar.com\/avatar\/0a937b7500cd7df77540cfb8bede877d?s=96&d=mm&r=g\",\"contentUrl\":\"https:\/\/secure.gravatar.com\/avatar\/0a937b7500cd7df77540cfb8bede877d?s=96&d=mm&r=g\",\"caption\":\"Adriana Rabelo\"},\"url\":\"https:\/\/franciscanos.org.br\/noticias\/author\/adrianarabelo\"}]}<\/script>\n<!-- \/ Yoast SEO plugin. -->","yoast_head_json":{"title":"Retiro do Apostolado da Ora\u00e7\u00e3o na Par\u00f3quia S\u00e3o Luiz Gonzaga - Not\u00edcias - Franciscanos","robots":{"index":"index","follow":"follow","max-snippet":"max-snippet:-1","max-image-preview":"max-image-preview:large","max-video-preview":"max-video-preview:-1"},"canonical":"https:\/\/franciscanos.org.br\/noticias\/retiro-do-apostolado-da-oracao-na-paroquia-sao-luiz-gonzaga.html","og_locale":"pt_BR","og_type":"article","og_title":"Retiro do Apostolado da Ora\u00e7\u00e3o na Par\u00f3quia S\u00e3o Luiz Gonzaga - Not\u00edcias - Franciscanos","og_description":"Cora\u00e7\u00e3o de Jesus sob o olhar franciscano","og_url":"https:\/\/franciscanos.org.br\/noticias\/retiro-do-apostolado-da-oracao-na-paroquia-sao-luiz-gonzaga.html","og_site_name":"Not\u00edcias - Franciscanos","article_published_time":"2025-10-20T18:57:04+00:00","article_modified_time":"2025-10-20T22:01:11+00:00","og_image":[{"width":800,"height":550,"url":"https:\/\/franciscanos.org.br\/noticias\/wp-content\/uploads\/2025\/10\/chamada-39.jpg","type":"image\/jpeg"}],"author":"Adriana Rabelo","twitter_card":"summary_large_image","twitter_misc":{"Escrito por":"Adriana Rabelo","Est. tempo de leitura":"3 minutos"},"schema":{"@context":"https:\/\/schema.org","@graph":[{"@type":"WebSite","@id":"https:\/\/franciscanos.org.br\/noticias\/#website","url":"https:\/\/franciscanos.org.br\/noticias\/","name":"Not\u00edcias - Franciscanos","description":"Prov\u00edncia Franciscana da Imaculada Concei\u00e7\u00e3o do Brasil - Ordem dos Frades Menores - OFM","potentialAction":[{"@type":"SearchAction","target":{"@type":"EntryPoint","urlTemplate":"https:\/\/franciscanos.org.br\/noticias\/?s={search_term_string}"},"query-input":"required name=search_term_string"}],"inLanguage":"pt-BR"},{"@type":"ImageObject","inLanguage":"pt-BR","@id":"https:\/\/franciscanos.org.br\/noticias\/retiro-do-apostolado-da-oracao-na-paroquia-sao-luiz-gonzaga.html#primaryimage","url":"https:\/\/franciscanos.org.br\/noticias\/wp-content\/uploads\/2025\/10\/chamada-39.jpg","contentUrl":"https:\/\/franciscanos.org.br\/noticias\/wp-content\/uploads\/2025\/10\/chamada-39.jpg","width":800,"height":550},{"@type":"WebPage","@id":"https:\/\/franciscanos.org.br\/noticias\/retiro-do-apostolado-da-oracao-na-paroquia-sao-luiz-gonzaga.html#webpage","url":"https:\/\/franciscanos.org.br\/noticias\/retiro-do-apostolado-da-oracao-na-paroquia-sao-luiz-gonzaga.html","name":"Retiro do Apostolado da Ora\u00e7\u00e3o na Par\u00f3quia S\u00e3o Luiz Gonzaga - Not\u00edcias - Franciscanos","isPartOf":{"@id":"https:\/\/franciscanos.org.br\/noticias\/#website"},"primaryImageOfPage":{"@id":"https:\/\/franciscanos.org.br\/noticias\/retiro-do-apostolado-da-oracao-na-paroquia-sao-luiz-gonzaga.html#primaryimage"},"datePublished":"2025-10-20T18:57:04+00:00","dateModified":"2025-10-20T22:01:11+00:00","author":{"@id":"https:\/\/franciscanos.org.br\/noticias\/#\/schema\/person\/d9422e83121c3ad3b0f423d195f5bb25"},"breadcrumb":{"@id":"https:\/\/franciscanos.org.br\/noticias\/retiro-do-apostolado-da-oracao-na-paroquia-sao-luiz-gonzaga.html#breadcrumb"},"inLanguage":"pt-BR","potentialAction":[{"@type":"ReadAction","target":["https:\/\/franciscanos.org.br\/noticias\/retiro-do-apostolado-da-oracao-na-paroquia-sao-luiz-gonzaga.html"]}]},{"@type":"BreadcrumbList","@id":"https:\/\/franciscanos.org.br\/noticias\/retiro-do-apostolado-da-oracao-na-paroquia-sao-luiz-gonzaga.html#breadcrumb","itemListElement":[{"@type":"ListItem","position":1,"name":"Home","item":"https:\/\/franciscanos.org.br\/noticias"},{"@type":"ListItem","position":2,"name":"Retiro do Apostolado da Ora\u00e7\u00e3o na Par\u00f3quia S\u00e3o Luiz Gonzaga"}]},{"@type":"Person","@id":"https:\/\/franciscanos.org.br\/noticias\/#\/schema\/person\/d9422e83121c3ad3b0f423d195f5bb25","name":"Adriana Rabelo","image":{"@type":"ImageObject","inLanguage":"pt-BR","@id":"https:\/\/franciscanos.org.br\/noticias\/#\/schema\/person\/image\/","url":"https:\/\/secure.gravatar.com\/avatar\/0a937b7500cd7df77540cfb8bede877d?s=96&d=mm&r=g","contentUrl":"https:\/\/secure.gravatar.com\/avatar\/0a937b7500cd7df77540cfb8bede877d?s=96&d=mm&r=g","caption":"Adriana Rabelo"},"url":"https:\/\/franciscanos.org.br\/noticias\/author\/adrianarabelo"}]}},"_links":{"self":[{"href":"https:\/\/franciscanos.org.br\/noticias\/wp-json\/wp\/v2\/posts\/261649"}],"collection":[{"href":"https:\/\/franciscanos.org.br\/noticias\/wp-json\/wp\/v2\/posts"}],"about":[{"href":"https:\/\/franciscanos.org.br\/noticias\/wp-json\/wp\/v2\/types\/post"}],"author":[{"embeddable":true,"href":"https:\/\/franciscanos.org.br\/noticias\/wp-json\/wp\/v2\/users\/11"}],"replies":[{"embeddable":true,"href":"https:\/\/franciscanos.org.br\/noticias\/wp-json\/wp\/v2\/comments?post=261649"}],"version-history":[{"count":2,"href":"https:\/\/franciscanos.org.br\/noticias\/wp-json\/wp\/v2\/posts\/261649\/revisions"}],"predecessor-version":[{"id":261659,"href":"https:\/\/franciscanos.org.br\/noticias\/wp-json\/wp\/v2\/posts\/261649\/revisions\/261659"}],"wp:featuredmedia":[{"embeddable":true,"href":"https:\/\/franciscanos.org.br\/noticias\/wp-json\/wp\/v2\/media\/261651"}],"wp:attachment":[{"href":"https:\/\/franciscanos.org.br\/noticias\/wp-json\/wp\/v2\/media?parent=261649"}],"wp:term":[{"taxonomy":"category","embeddable":true,"href":"https:\/\/franciscanos.org.br\/noticias\/wp-json\/wp\/v2\/categories?post=261649"},{"taxonomy":"post_tag","embeddable":true,"href":"https:\/\/franciscanos.org.br\/noticias\/wp-json\/wp\/v2\/tags?post=261649"}],"curies":[{"name":"wp","href":"https:\/\/api.w.org\/{rel}","templated":true}]}}