{"id":261641,"date":"2025-10-20T15:18:57","date_gmt":"2025-10-20T18:18:57","guid":{"rendered":"https:\/\/franciscanos.org.br\/noticias\/?p=261641"},"modified":"2025-10-20T15:18:57","modified_gmt":"2025-10-20T18:18:57","slug":"reflexoes-sobre-fe-e-caridade-na-novena-de-frei-galvao","status":"publish","type":"post","link":"https:\/\/franciscanos.org.br\/noticias\/reflexoes-sobre-fe-e-caridade-na-novena-de-frei-galvao.html","title":{"rendered":"Reflex\u00f5es sobre f\u00e9 e caridade na novena de Frei Galv\u00e3o"},"content":{"rendered":"<p><img loading=\"lazy\" class=\"aligncenter wp-image-261646 size-full\" src=\"https:\/\/franciscanos.org.br\/noticias\/wp-content\/uploads\/2025\/10\/materia-topo-4.jpg\" alt=\"\" width=\"1280\" height=\"720\" srcset=\"https:\/\/franciscanos.org.br\/noticias\/wp-content\/uploads\/2025\/10\/materia-topo-4.jpg 1280w, https:\/\/franciscanos.org.br\/noticias\/wp-content\/uploads\/2025\/10\/materia-topo-4-450x253.jpg 450w, https:\/\/franciscanos.org.br\/noticias\/wp-content\/uploads\/2025\/10\/materia-topo-4-1024x576.jpg 1024w, https:\/\/franciscanos.org.br\/noticias\/wp-content\/uploads\/2025\/10\/materia-topo-4-768x432.jpg 768w, https:\/\/franciscanos.org.br\/noticias\/wp-content\/uploads\/2025\/10\/materia-topo-4-150x84.jpg 150w\" sizes=\"(max-width: 1280px) 100vw, 1280px\" \/><\/p>\n<p>Partilha, compromisso, uni\u00e3o e f\u00e9. Assim, a grande fraternidade composta por frades, devotos, volunt\u00e1rios e trabalhadores tem revelado a face da Festa de Frei Galv\u00e3o desde o primeiro dia da novena em louvor ao primeiro Santo brasileiro.<\/p>\n<p>Motivados pelo jeito franciscano de ser e pela forte caracter\u00edstica acolhedora do povo vale-paraibano, em especial de Guaratinguet\u00e1 (SP), a festa imprime seu DNA e encanta todos aqueles que chegam ao Santu\u00e1rio dedicado ao frade santo, que um dia tamb\u00e9m esteve no Semin\u00e1rio Frei Galv\u00e3o, assim como muitos jovens que responderam ao chamado vocacional e por l\u00e1 tamb\u00e9m passaram.<\/p>\n<p>No Santu\u00e1rio, \u00e9 n\u00edtida e contagiante a alegria do ambiente, no qual os devotos s\u00e3o acolhidos com sorrisos e respeito. Para participar da novena, \u00e9 necess\u00e1rio chegar cedo, pois, em pouco tempo, a Igreja fica lotada. S\u00e3o pessoas que n\u00e3o cabem mais do lado de dentro e de fora, debaixo das tendas com tel\u00f5es. Tudo preparado com carinho para que os filhos e filhas de Deus possam acompanhar a novena acomodados e seguros.<\/p>\n<p>O movimento dos volunt\u00e1rios \u00e9 intenso. Eles est\u00e3o em todos os lados, e ainda h\u00e1 os fi\u00e9is que chegam trazendo sua contribui\u00e7\u00e3o, com bolos e outros quitutes, para enriquecer o lanche de todos que trabalham intensamente para que a Festa de Frei Galv\u00e3o se realize.<\/p>\n<p><img loading=\"lazy\" class=\"aligncenter wp-image-261643 size-full\" src=\"https:\/\/franciscanos.org.br\/noticias\/wp-content\/uploads\/2025\/10\/materia-frei-felipe.jpg\" alt=\"\" width=\"1280\" height=\"720\" srcset=\"https:\/\/franciscanos.org.br\/noticias\/wp-content\/uploads\/2025\/10\/materia-frei-felipe.jpg 1280w, https:\/\/franciscanos.org.br\/noticias\/wp-content\/uploads\/2025\/10\/materia-frei-felipe-450x253.jpg 450w, https:\/\/franciscanos.org.br\/noticias\/wp-content\/uploads\/2025\/10\/materia-frei-felipe-1024x576.jpg 1024w, https:\/\/franciscanos.org.br\/noticias\/wp-content\/uploads\/2025\/10\/materia-frei-felipe-768x432.jpg 768w, https:\/\/franciscanos.org.br\/noticias\/wp-content\/uploads\/2025\/10\/materia-frei-felipe-150x84.jpg 150w\" sizes=\"(max-width: 1280px) 100vw, 1280px\" \/><\/p>\n<h3><strong>2\u00ba dia da Novena: \u201cFrei Galv\u00e3o, o fermento do bem que, silenciosamente, alivia os sofrimentos do povo\u201d<\/strong><\/h3>\n<p>No segundo dia da novena, 17 de outubro, \u00e0s 15h, o Santu\u00e1rio recebeu Frei Felipe Medeiros Carretta. O mais jovem presb\u00edtero da Prov\u00edncia Franciscana da Imaculada Concei\u00e7\u00e3o do Brasil foi ordenado, em Vila Velha (ES), no \u00faltimo dia 11 de outubro.<\/p>\n<p>Frei Felipe iniciou sua reflex\u00e3o mostrando como o Santu\u00e1rio \u00e9 um lugar da mem\u00f3ria da f\u00e9, onde aprendemos que S\u00e3o Frei Galv\u00e3o \u00e9 um fermento da f\u00e9 que alimenta o povo, mas o bom fermento, aquele que enriquece a massa. Muito positivo, diferente do fermento dos fariseus, pobre.<\/p>\n<p>Ainda em sua reflex\u00e3o, o frade ensinou que a f\u00e9 deve ser aberta, lugar para o bom fermento agir, tal como foi o fermento na a\u00e7\u00e3o de Deus na vida de S\u00e3o Frei Galv\u00e3o, e indagou: \u201cNa pr\u00e1tica, como fica a massa na nossa vida? A massa \u00e9 o reino de Deus, que deve ser cuidado\u201d.<\/p>\n<p>Segundo o frade, a forma de cuidar do povo de Deus escolhida por S\u00e3o Frei Galv\u00e3o foi por meio do sacramental de f\u00e9 das p\u00edlulas, que mant\u00e9m Deus no cora\u00e7\u00e3o do povo e \u00e9 o fermento do bem para o pr\u00f3ximo.<\/p>\n<p><strong>\u201cO fermento de Deus se chama Frei Galv\u00e3o\u201d<\/strong><\/p>\n<p>Ainda no dia 17, a celebra\u00e7\u00e3o das 19h30 foi presidida pelo Padre Chrystian Shankar, reitor do Santu\u00e1rio Frei Galv\u00e3o, em Divin\u00f3polis (MG).<\/p>\n<p>Inspirado pelo evangelho do dia (Lc. 12, 1-7): \u201cTomai cuidado com o fermento dos fariseus, que \u00e9 a hipocrisia, pois n\u00e3o h\u00e1 nada de escondido que n\u00e3o venha a ser revelado\u201d, o presb\u00edtero enfatizou o quanto, inspirados em S\u00e3o Frei Galv\u00e3o, precisamos ser fermento que oferece crescimento espiritual para si e para os outros. \u00c9 fazer nosso trabalho de evangeliza\u00e7\u00e3o, chamando nossos irm\u00e3os a viver em Cristo.<\/p>\n<p>De acordo com Padre Chrystian, ser fermento \u00e9 promover em n\u00f3s e nos outros os ensinamentos de Deus, ou seja, ser gigante na f\u00e9 e crescer aos olhos do Nosso Senhor. \u201cNesta data celebrativa, o fermento de Deus se chama Frei Galv\u00e3o. Aprendemos com ele o verbo da vida. Assim sendo, podemos dizer que a maneira como S\u00e3o Frei Galv\u00e3o viveu nos mostra que ele foi fermento do bem, de forma silenciosa, aquele que, pela intercess\u00e3o de Jesus Cristo, aliviava os sofrimentos do povo\u201d.<\/p>\n<p>Ele ainda lembrou que a santidade come\u00e7a na obedi\u00eancia \u00e0s leis de Cristo, sendo servo do Senhor assim como Maria. Viver a pureza \u00e9 for\u00e7a, e n\u00e3o fraqueza. \u00c9 servir com alegria, e santidade \u00e9 servi\u00e7o. \u201cNosso primeiro Santo brasileiro nos ensinou que a f\u00e9 caminha com a caridade e que a verdadeira santidade est\u00e1 em servir ao Senhor e dizer sim \u00e0 Sua vontade\u201d, salientou.<\/p>\n<p>O presidente da celebra\u00e7\u00e3o encerrou sua reflex\u00e3o ressaltando a import\u00e2ncia da postura crist\u00e3. \u201cPrecisamos ser presentes em Deus, n\u00e3o aos homens, pois aquele que serve ao Senhor n\u00e3o procura reconhecimento, e sim devo\u00e7\u00e3o. Por fim, nossa reflex\u00e3o de hoje \u00e9 que o fermento \u00e9 presen\u00e7a e sil\u00eancio. \u00c9 nossa devo\u00e7\u00e3o. Contudo, \u00e9 necess\u00e1rio que oremos e fa\u00e7amos boas obras em prol da caridade, pois Deus \u00e9 a nossa prote\u00e7\u00e3o e ref\u00fagio\u201d.<\/p>\n<p><img loading=\"lazy\" class=\"aligncenter wp-image-261644 size-full\" src=\"https:\/\/franciscanos.org.br\/noticias\/wp-content\/uploads\/2025\/10\/materia-cappio.jpg\" alt=\"\" width=\"1280\" height=\"720\" srcset=\"https:\/\/franciscanos.org.br\/noticias\/wp-content\/uploads\/2025\/10\/materia-cappio.jpg 1280w, https:\/\/franciscanos.org.br\/noticias\/wp-content\/uploads\/2025\/10\/materia-cappio-450x253.jpg 450w, https:\/\/franciscanos.org.br\/noticias\/wp-content\/uploads\/2025\/10\/materia-cappio-1024x576.jpg 1024w, https:\/\/franciscanos.org.br\/noticias\/wp-content\/uploads\/2025\/10\/materia-cappio-768x432.jpg 768w, https:\/\/franciscanos.org.br\/noticias\/wp-content\/uploads\/2025\/10\/materia-cappio-150x84.jpg 150w\" sizes=\"(max-width: 1280px) 100vw, 1280px\" \/><\/p>\n<h3><strong>3\u00ba dia da Novena: \u201cFrei Galv\u00e3o, sinal de paz e reconcilia\u00e7\u00e3o com toda a cria\u00e7\u00e3o\u201d<\/strong><\/h3>\n<p>No s\u00e1bado, 18 de outubro, \u00e0s 15h, a Santa Missa foi presidida por Dom Frei Luiz Fl\u00e1vio Cappio, OFM, bispo em\u00e9rito da diocese de Barra (BA) e filho bendito de Guaratinguet\u00e1.<\/p>\n<p>Durante sua medita\u00e7\u00e3o, recordou a mem\u00f3ria lit\u00fargica de S\u00e3o Lucas, e, no calend\u00e1rio civil, o dia dos m\u00e9dicos, mostrando como esse Santo Evangelista revela a dimens\u00e3o de Jesus como m\u00e9dico dos corpos e das almas.<\/p>\n<p>Dom Cappio ofereceu a celebra\u00e7\u00e3o aos m\u00e9dicos e a todos os profissionais que cuidam da sa\u00fade. Ap\u00f3s esse oferecimento, convidou a assembleia a, em um \u00fanico coro, cantar \u201ca n\u00f3s descei, divina luz\u201d, por todos os que precisam de ora\u00e7\u00f5es.<\/p>\n<p>S\u00e3o Lucas escreveu O Evangelho e o livro dos Atos dos Ap\u00f3stolos, mostrando como a Igreja se desenvolveu, sendo Lucas disc\u00edpulo de Paulo, aquele que apresentou Jesus Cristo em sua profundidade.<\/p>\n<p>Por fim, o frade terminou sua reflex\u00e3o ensinando que suplicar \u00e9 importante, por\u00e9m agradecer a b\u00ean\u00e7\u00e3o \u00e9 mais importante ainda; \u00e9 a concretiza\u00e7\u00e3o da gra\u00e7a.<\/p>\n<p><strong>Frei Galv\u00e3o: homem da itiner\u00e2ncia, da constru\u00e7\u00e3o, da entrega radical<\/strong><\/p>\n<p>A celebra\u00e7\u00e3o das 19h30 foi marcada pela presen\u00e7a de Padre Omar Raposo, reitor do Santu\u00e1rio Cristo Redentor, localizado na cidade do Rio de Janeiro (RJ). O presb\u00edtero destacou a import\u00e2ncia da perseveran\u00e7a na ora\u00e7\u00e3o, da disciplina espiritual e do cuidado com a cria\u00e7\u00e3o, unindo f\u00e9, trabalho e compromisso social.<\/p>\n<p>A Santa Missa foi concelebrada por Frei Diego Atalino de Melo, reitor do Santu\u00e1rio Frei Galv\u00e3o, e Dom Frei Luiz Cappio.<\/p>\n<p><img loading=\"lazy\" class=\"aligncenter wp-image-261642 size-full\" src=\"https:\/\/franciscanos.org.br\/noticias\/wp-content\/uploads\/2025\/10\/materia3-9.jpg\" alt=\"\" width=\"1280\" height=\"720\" srcset=\"https:\/\/franciscanos.org.br\/noticias\/wp-content\/uploads\/2025\/10\/materia3-9.jpg 1280w, https:\/\/franciscanos.org.br\/noticias\/wp-content\/uploads\/2025\/10\/materia3-9-450x253.jpg 450w, https:\/\/franciscanos.org.br\/noticias\/wp-content\/uploads\/2025\/10\/materia3-9-1024x576.jpg 1024w, https:\/\/franciscanos.org.br\/noticias\/wp-content\/uploads\/2025\/10\/materia3-9-768x432.jpg 768w, https:\/\/franciscanos.org.br\/noticias\/wp-content\/uploads\/2025\/10\/materia3-9-150x84.jpg 150w\" sizes=\"(max-width: 1280px) 100vw, 1280px\" \/><\/p>\n<p>Em sua homilia, Padre Omar refletiu sobre as leituras do dia, que exaltavam a insist\u00eancia e a confian\u00e7a em Deus. \u201cJesus ensina a necessidade de rezar sempre e nunca desistir\u201d, afirmou, ressaltando que a vida espiritual exige const\u00e2ncia. \u201cA pessoa que desiste da ora\u00e7\u00e3o, desiste da pr\u00f3pria vida. Quem n\u00e3o fala mais com Deus, n\u00e3o quer mais nada\u201d.<\/p>\n<p>Durante sua prega\u00e7\u00e3o, o reitor do Santu\u00e1rio Cristo Redentor destacou o exemplo de Frei Galv\u00e3o como um homem de a\u00e7\u00e3o e caridade. \u201cFrei Galv\u00e3o foi um homem da itiner\u00e2ncia, da constru\u00e7\u00e3o, da entrega radical. Quando olhamos para ele, percebemos que precisamos nos movimentar, viver com coragem e perseveran\u00e7a\u201d, disse.<\/p>\n<p>Ao final de sua fala, o presidente da celebra\u00e7\u00e3o compartilhou um testemunho pessoal de f\u00e9. Ele relatou um grave acidente de carro sofrido na Venezuela, ocorrido em julho deste ano. \u201cFiquei preso nas ferragens, com o pulm\u00e3o perfurado. Lembrei do salmo: \u2018De onde me vir\u00e1 o socorro? Do Senhor que fez o c\u00e9u e a terra\u2019. E Ele me socorreu. Estou aqui, de p\u00e9, com oito costelas quebradas, mas cheio de gratid\u00e3o\u201d, contou.<\/p>\n<p>Padre Omar encerrou a homilia com uma mensagem de esperan\u00e7a e confian\u00e7a em Deus. \u201cN\u00f3s n\u00e3o estamos sozinhos neste mundo. Deus est\u00e1 conosco. Vai dar tudo certo. Ele n\u00e3o nos abandona, mesmo quando somos fracos ou pecadores\u201d.<\/p>\n<hr \/>\n<p><em>Texto: Adriana Rabelo Rodrigues\/ Frei Filipo Carpi Gir\u00e3o<\/em><\/p>\n<p><em>Ta\u00edse Marquesm e \u00c9rika Augusto ( Santu\u00e1rio Frei Galv\u00e3o)<\/em><\/p>\n<p><em>Fotos: Karen Castro\/\u00c9rika Augusto<\/em><\/p>\n","protected":false},"excerpt":{"rendered":"<p>Festa de Frei Galv\u00e3o 2025<\/p>\n","protected":false},"author":11,"featured_media":261645,"comment_status":"open","ping_status":"open","sticky":false,"template":"","format":"standard","meta":[],"categories":[1],"tags":[2396,1821],"acf":[],"yoast_head":"<!-- This site is optimized with the Yoast SEO plugin v19.2 - https:\/\/yoast.com\/wordpress\/plugins\/seo\/ -->\n<title>Reflex\u00f5es sobre f\u00e9 e caridade na novena de Frei Galv\u00e3o - Not\u00edcias - Franciscanos<\/title>\n<meta name=\"robots\" content=\"index, follow, max-snippet:-1, max-image-preview:large, max-video-preview:-1\" \/>\n<link rel=\"canonical\" href=\"https:\/\/franciscanos.org.br\/noticias\/reflexoes-sobre-fe-e-caridade-na-novena-de-frei-galvao.html\" \/>\n<meta property=\"og:locale\" content=\"pt_BR\" \/>\n<meta property=\"og:type\" content=\"article\" \/>\n<meta property=\"og:title\" content=\"Reflex\u00f5es sobre f\u00e9 e caridade na novena de Frei Galv\u00e3o - Not\u00edcias - Franciscanos\" \/>\n<meta property=\"og:description\" content=\"Festa de Frei Galv\u00e3o 2025\" \/>\n<meta property=\"og:url\" content=\"https:\/\/franciscanos.org.br\/noticias\/reflexoes-sobre-fe-e-caridade-na-novena-de-frei-galvao.html\" \/>\n<meta property=\"og:site_name\" content=\"Not\u00edcias - Franciscanos\" \/>\n<meta property=\"article:published_time\" content=\"2025-10-20T18:18:57+00:00\" \/>\n<meta property=\"og:image\" content=\"https:\/\/franciscanos.org.br\/noticias\/wp-content\/uploads\/2025\/10\/chamada-38.jpg\" \/>\n\t<meta property=\"og:image:width\" content=\"800\" \/>\n\t<meta property=\"og:image:height\" content=\"550\" \/>\n\t<meta property=\"og:image:type\" content=\"image\/jpeg\" \/>\n<meta name=\"author\" content=\"Adriana Rabelo\" \/>\n<meta name=\"twitter:card\" content=\"summary_large_image\" \/>\n<meta name=\"twitter:label1\" content=\"Escrito por\" \/>\n\t<meta name=\"twitter:data1\" content=\"Adriana Rabelo\" \/>\n\t<meta name=\"twitter:label2\" content=\"Est. tempo de leitura\" \/>\n\t<meta name=\"twitter:data2\" content=\"7 minutos\" \/>\n<script type=\"application\/ld+json\" class=\"yoast-schema-graph\">{\"@context\":\"https:\/\/schema.org\",\"@graph\":[{\"@type\":\"WebSite\",\"@id\":\"https:\/\/franciscanos.org.br\/noticias\/#website\",\"url\":\"https:\/\/franciscanos.org.br\/noticias\/\",\"name\":\"Not\u00edcias - Franciscanos\",\"description\":\"Prov\u00edncia Franciscana da Imaculada Concei\u00e7\u00e3o do Brasil - Ordem dos Frades Menores - OFM\",\"potentialAction\":[{\"@type\":\"SearchAction\",\"target\":{\"@type\":\"EntryPoint\",\"urlTemplate\":\"https:\/\/franciscanos.org.br\/noticias\/?s={search_term_string}\"},\"query-input\":\"required name=search_term_string\"}],\"inLanguage\":\"pt-BR\"},{\"@type\":\"ImageObject\",\"inLanguage\":\"pt-BR\",\"@id\":\"https:\/\/franciscanos.org.br\/noticias\/reflexoes-sobre-fe-e-caridade-na-novena-de-frei-galvao.html#primaryimage\",\"url\":\"https:\/\/franciscanos.org.br\/noticias\/wp-content\/uploads\/2025\/10\/chamada-38.jpg\",\"contentUrl\":\"https:\/\/franciscanos.org.br\/noticias\/wp-content\/uploads\/2025\/10\/chamada-38.jpg\",\"width\":800,\"height\":550},{\"@type\":\"WebPage\",\"@id\":\"https:\/\/franciscanos.org.br\/noticias\/reflexoes-sobre-fe-e-caridade-na-novena-de-frei-galvao.html#webpage\",\"url\":\"https:\/\/franciscanos.org.br\/noticias\/reflexoes-sobre-fe-e-caridade-na-novena-de-frei-galvao.html\",\"name\":\"Reflex\u00f5es sobre f\u00e9 e caridade na novena de Frei Galv\u00e3o - Not\u00edcias - Franciscanos\",\"isPartOf\":{\"@id\":\"https:\/\/franciscanos.org.br\/noticias\/#website\"},\"primaryImageOfPage\":{\"@id\":\"https:\/\/franciscanos.org.br\/noticias\/reflexoes-sobre-fe-e-caridade-na-novena-de-frei-galvao.html#primaryimage\"},\"datePublished\":\"2025-10-20T18:18:57+00:00\",\"dateModified\":\"2025-10-20T18:18:57+00:00\",\"author\":{\"@id\":\"https:\/\/franciscanos.org.br\/noticias\/#\/schema\/person\/d9422e83121c3ad3b0f423d195f5bb25\"},\"breadcrumb\":{\"@id\":\"https:\/\/franciscanos.org.br\/noticias\/reflexoes-sobre-fe-e-caridade-na-novena-de-frei-galvao.html#breadcrumb\"},\"inLanguage\":\"pt-BR\",\"potentialAction\":[{\"@type\":\"ReadAction\",\"target\":[\"https:\/\/franciscanos.org.br\/noticias\/reflexoes-sobre-fe-e-caridade-na-novena-de-frei-galvao.html\"]}]},{\"@type\":\"BreadcrumbList\",\"@id\":\"https:\/\/franciscanos.org.br\/noticias\/reflexoes-sobre-fe-e-caridade-na-novena-de-frei-galvao.html#breadcrumb\",\"itemListElement\":[{\"@type\":\"ListItem\",\"position\":1,\"name\":\"Home\",\"item\":\"https:\/\/franciscanos.org.br\/noticias\"},{\"@type\":\"ListItem\",\"position\":2,\"name\":\"Reflex\u00f5es sobre f\u00e9 e caridade na novena de Frei Galv\u00e3o\"}]},{\"@type\":\"Person\",\"@id\":\"https:\/\/franciscanos.org.br\/noticias\/#\/schema\/person\/d9422e83121c3ad3b0f423d195f5bb25\",\"name\":\"Adriana Rabelo\",\"image\":{\"@type\":\"ImageObject\",\"inLanguage\":\"pt-BR\",\"@id\":\"https:\/\/franciscanos.org.br\/noticias\/#\/schema\/person\/image\/\",\"url\":\"https:\/\/secure.gravatar.com\/avatar\/0a937b7500cd7df77540cfb8bede877d?s=96&d=mm&r=g\",\"contentUrl\":\"https:\/\/secure.gravatar.com\/avatar\/0a937b7500cd7df77540cfb8bede877d?s=96&d=mm&r=g\",\"caption\":\"Adriana Rabelo\"},\"url\":\"https:\/\/franciscanos.org.br\/noticias\/author\/adrianarabelo\"}]}<\/script>\n<!-- \/ Yoast SEO plugin. -->","yoast_head_json":{"title":"Reflex\u00f5es sobre f\u00e9 e caridade na novena de Frei Galv\u00e3o - Not\u00edcias - Franciscanos","robots":{"index":"index","follow":"follow","max-snippet":"max-snippet:-1","max-image-preview":"max-image-preview:large","max-video-preview":"max-video-preview:-1"},"canonical":"https:\/\/franciscanos.org.br\/noticias\/reflexoes-sobre-fe-e-caridade-na-novena-de-frei-galvao.html","og_locale":"pt_BR","og_type":"article","og_title":"Reflex\u00f5es sobre f\u00e9 e caridade na novena de Frei Galv\u00e3o - Not\u00edcias - Franciscanos","og_description":"Festa de Frei Galv\u00e3o 2025","og_url":"https:\/\/franciscanos.org.br\/noticias\/reflexoes-sobre-fe-e-caridade-na-novena-de-frei-galvao.html","og_site_name":"Not\u00edcias - Franciscanos","article_published_time":"2025-10-20T18:18:57+00:00","og_image":[{"width":800,"height":550,"url":"https:\/\/franciscanos.org.br\/noticias\/wp-content\/uploads\/2025\/10\/chamada-38.jpg","type":"image\/jpeg"}],"author":"Adriana Rabelo","twitter_card":"summary_large_image","twitter_misc":{"Escrito por":"Adriana Rabelo","Est. tempo de leitura":"7 minutos"},"schema":{"@context":"https:\/\/schema.org","@graph":[{"@type":"WebSite","@id":"https:\/\/franciscanos.org.br\/noticias\/#website","url":"https:\/\/franciscanos.org.br\/noticias\/","name":"Not\u00edcias - Franciscanos","description":"Prov\u00edncia Franciscana da Imaculada Concei\u00e7\u00e3o do Brasil - Ordem dos Frades Menores - OFM","potentialAction":[{"@type":"SearchAction","target":{"@type":"EntryPoint","urlTemplate":"https:\/\/franciscanos.org.br\/noticias\/?s={search_term_string}"},"query-input":"required name=search_term_string"}],"inLanguage":"pt-BR"},{"@type":"ImageObject","inLanguage":"pt-BR","@id":"https:\/\/franciscanos.org.br\/noticias\/reflexoes-sobre-fe-e-caridade-na-novena-de-frei-galvao.html#primaryimage","url":"https:\/\/franciscanos.org.br\/noticias\/wp-content\/uploads\/2025\/10\/chamada-38.jpg","contentUrl":"https:\/\/franciscanos.org.br\/noticias\/wp-content\/uploads\/2025\/10\/chamada-38.jpg","width":800,"height":550},{"@type":"WebPage","@id":"https:\/\/franciscanos.org.br\/noticias\/reflexoes-sobre-fe-e-caridade-na-novena-de-frei-galvao.html#webpage","url":"https:\/\/franciscanos.org.br\/noticias\/reflexoes-sobre-fe-e-caridade-na-novena-de-frei-galvao.html","name":"Reflex\u00f5es sobre f\u00e9 e caridade na novena de Frei Galv\u00e3o - Not\u00edcias - Franciscanos","isPartOf":{"@id":"https:\/\/franciscanos.org.br\/noticias\/#website"},"primaryImageOfPage":{"@id":"https:\/\/franciscanos.org.br\/noticias\/reflexoes-sobre-fe-e-caridade-na-novena-de-frei-galvao.html#primaryimage"},"datePublished":"2025-10-20T18:18:57+00:00","dateModified":"2025-10-20T18:18:57+00:00","author":{"@id":"https:\/\/franciscanos.org.br\/noticias\/#\/schema\/person\/d9422e83121c3ad3b0f423d195f5bb25"},"breadcrumb":{"@id":"https:\/\/franciscanos.org.br\/noticias\/reflexoes-sobre-fe-e-caridade-na-novena-de-frei-galvao.html#breadcrumb"},"inLanguage":"pt-BR","potentialAction":[{"@type":"ReadAction","target":["https:\/\/franciscanos.org.br\/noticias\/reflexoes-sobre-fe-e-caridade-na-novena-de-frei-galvao.html"]}]},{"@type":"BreadcrumbList","@id":"https:\/\/franciscanos.org.br\/noticias\/reflexoes-sobre-fe-e-caridade-na-novena-de-frei-galvao.html#breadcrumb","itemListElement":[{"@type":"ListItem","position":1,"name":"Home","item":"https:\/\/franciscanos.org.br\/noticias"},{"@type":"ListItem","position":2,"name":"Reflex\u00f5es sobre f\u00e9 e caridade na novena de Frei Galv\u00e3o"}]},{"@type":"Person","@id":"https:\/\/franciscanos.org.br\/noticias\/#\/schema\/person\/d9422e83121c3ad3b0f423d195f5bb25","name":"Adriana Rabelo","image":{"@type":"ImageObject","inLanguage":"pt-BR","@id":"https:\/\/franciscanos.org.br\/noticias\/#\/schema\/person\/image\/","url":"https:\/\/secure.gravatar.com\/avatar\/0a937b7500cd7df77540cfb8bede877d?s=96&d=mm&r=g","contentUrl":"https:\/\/secure.gravatar.com\/avatar\/0a937b7500cd7df77540cfb8bede877d?s=96&d=mm&r=g","caption":"Adriana Rabelo"},"url":"https:\/\/franciscanos.org.br\/noticias\/author\/adrianarabelo"}]}},"_links":{"self":[{"href":"https:\/\/franciscanos.org.br\/noticias\/wp-json\/wp\/v2\/posts\/261641"}],"collection":[{"href":"https:\/\/franciscanos.org.br\/noticias\/wp-json\/wp\/v2\/posts"}],"about":[{"href":"https:\/\/franciscanos.org.br\/noticias\/wp-json\/wp\/v2\/types\/post"}],"author":[{"embeddable":true,"href":"https:\/\/franciscanos.org.br\/noticias\/wp-json\/wp\/v2\/users\/11"}],"replies":[{"embeddable":true,"href":"https:\/\/franciscanos.org.br\/noticias\/wp-json\/wp\/v2\/comments?post=261641"}],"version-history":[{"count":1,"href":"https:\/\/franciscanos.org.br\/noticias\/wp-json\/wp\/v2\/posts\/261641\/revisions"}],"predecessor-version":[{"id":261647,"href":"https:\/\/franciscanos.org.br\/noticias\/wp-json\/wp\/v2\/posts\/261641\/revisions\/261647"}],"wp:featuredmedia":[{"embeddable":true,"href":"https:\/\/franciscanos.org.br\/noticias\/wp-json\/wp\/v2\/media\/261645"}],"wp:attachment":[{"href":"https:\/\/franciscanos.org.br\/noticias\/wp-json\/wp\/v2\/media?parent=261641"}],"wp:term":[{"taxonomy":"category","embeddable":true,"href":"https:\/\/franciscanos.org.br\/noticias\/wp-json\/wp\/v2\/categories?post=261641"},{"taxonomy":"post_tag","embeddable":true,"href":"https:\/\/franciscanos.org.br\/noticias\/wp-json\/wp\/v2\/tags?post=261641"}],"curies":[{"name":"wp","href":"https:\/\/api.w.org\/{rel}","templated":true}]}}