{"id":261633,"date":"2025-10-20T12:04:58","date_gmt":"2025-10-20T15:04:58","guid":{"rendered":"https:\/\/franciscanos.org.br\/noticias\/?p=261633"},"modified":"2025-10-20T12:09:12","modified_gmt":"2025-10-20T15:09:12","slug":"frente-de-comunicacao-promove-dialogo-com-pascom-das-paroquiais","status":"publish","type":"post","link":"https:\/\/franciscanos.org.br\/noticias\/frente-de-comunicacao-promove-dialogo-com-pascom-das-paroquiais.html","title":{"rendered":"Frente de Comunica\u00e7\u00e3o promove di\u00e1logo com Pascom das paroquiais"},"content":{"rendered":"<p><img loading=\"lazy\" class=\"aligncenter wp-image-261634 size-full\" src=\"https:\/\/franciscanos.org.br\/noticias\/wp-content\/uploads\/2025\/10\/MATERIA-1-20.jpg\" alt=\"\" width=\"1280\" height=\"720\" srcset=\"https:\/\/franciscanos.org.br\/noticias\/wp-content\/uploads\/2025\/10\/MATERIA-1-20.jpg 1280w, https:\/\/franciscanos.org.br\/noticias\/wp-content\/uploads\/2025\/10\/MATERIA-1-20-450x253.jpg 450w, https:\/\/franciscanos.org.br\/noticias\/wp-content\/uploads\/2025\/10\/MATERIA-1-20-1024x576.jpg 1024w, https:\/\/franciscanos.org.br\/noticias\/wp-content\/uploads\/2025\/10\/MATERIA-1-20-768x432.jpg 768w, https:\/\/franciscanos.org.br\/noticias\/wp-content\/uploads\/2025\/10\/MATERIA-1-20-150x84.jpg 150w\" sizes=\"(max-width: 1280px) 100vw, 1280px\" \/><\/p>\n<p>Na \u00faltima quarta-feira, 15 de outubro, membros da Pastoral da Comunica\u00e7\u00e3o (Pascom) das par\u00f3quias ligadas \u00e0 Prov\u00edncia reuniram-se em um encontro on-line motivado por Frei Leandro Costa. A reuni\u00e3o foi articulada pela Frente de Comunica\u00e7\u00e3o em conjunto com a Frente das Par\u00f3quias e Santu\u00e1rios.<\/p>\n<p>Frei Leandro Costa, frade respons\u00e1vel pela Frente de Comunica\u00e7\u00e3o, conduzi o bate-papo com o objetivo de favorecer a integra\u00e7\u00e3o, a comunica\u00e7\u00e3o interna e a partilha entre n\u00f3s, membros deste vasto territ\u00f3rio provincial.<\/p>\n<p>\u201cUma das riquezas mais valorizadas em nossa Prov\u00edncia \u00e9 justamente a sua diversidade regional e eclesiol\u00f3gica, caracter\u00edsticas genu\u00ednas que muito contribui para o crescimento e a efic\u00e1cia de nossa a\u00e7\u00e3o pastoral\u201d, salientou o frade.<\/p>\n<p>Durante o encontro, houve uma retomada explicativa sobre as Frentes de Evangeliza\u00e7\u00e3o da Prov\u00edncia da Imaculada, que j\u00e1 ultrapassa tr\u00eas s\u00e9culos de hist\u00f3ria. Ap\u00f3s essa breve introdu\u00e7\u00e3o, foram apresentados alguns indicativos relacionados ao planejamento e \u00e0 produ\u00e7\u00e3o de conte\u00fado.<\/p>\n<p>Entre os pontos discutidos que levaram o grupo \u00e0 reflex\u00e3o, estavam os seguintes questionamentos:<\/p>\n<p><strong>Quais dificuldades nossa Pascom enfrenta?<\/strong><\/p>\n<p><strong>Temos um planejamento estruturado?<\/strong><\/p>\n<p><strong>O que esperamos da Frente de Comunica\u00e7\u00e3o e das Par\u00f3quias?<\/strong><\/p>\n<p><strong>Quais sugest\u00f5es gostar\u00edamos de oferecer para a atua\u00e7\u00e3o da Frente?<\/strong><\/p>\n<p>Diversos participantes responderam de forma propositiva, contribuindo com ideias e partilhas enriquecedoras.<\/p>\n<p>A partir desse primeiro contato, esperamos construir um planejamento de encontros formativos sobre Comunica\u00e7\u00e3o na Igreja, a serem realizados por meio das Pastorais da Comunica\u00e7\u00e3o ligadas \u00e0 Prov\u00edncia.<\/p>\n<hr \/>\n<p><em>Frei Leandro Costa<\/em><\/p>\n","protected":false},"excerpt":{"rendered":"<p>Comunica\u00e7\u00e3o franciscana<\/p>\n","protected":false},"author":11,"featured_media":261635,"comment_status":"open","ping_status":"open","sticky":false,"template":"","format":"standard","meta":[],"categories":[1],"tags":[2224,2442,647],"acf":[],"yoast_head":"<!-- This site is optimized with the Yoast SEO plugin v19.2 - https:\/\/yoast.com\/wordpress\/plugins\/seo\/ -->\n<title>Frente de Comunica\u00e7\u00e3o promove di\u00e1logo com Pascom das paroquiais - Not\u00edcias - Franciscanos<\/title>\n<meta name=\"robots\" content=\"index, follow, max-snippet:-1, max-image-preview:large, max-video-preview:-1\" \/>\n<link rel=\"canonical\" href=\"https:\/\/franciscanos.org.br\/noticias\/frente-de-comunicacao-promove-dialogo-com-pascom-das-paroquiais.html\" \/>\n<meta property=\"og:locale\" content=\"pt_BR\" \/>\n<meta property=\"og:type\" content=\"article\" \/>\n<meta property=\"og:title\" content=\"Frente de Comunica\u00e7\u00e3o promove di\u00e1logo com Pascom das paroquiais - Not\u00edcias - Franciscanos\" \/>\n<meta property=\"og:description\" content=\"Comunica\u00e7\u00e3o franciscana\" \/>\n<meta property=\"og:url\" content=\"https:\/\/franciscanos.org.br\/noticias\/frente-de-comunicacao-promove-dialogo-com-pascom-das-paroquiais.html\" \/>\n<meta property=\"og:site_name\" content=\"Not\u00edcias - Franciscanos\" \/>\n<meta property=\"article:published_time\" content=\"2025-10-20T15:04:58+00:00\" \/>\n<meta property=\"article:modified_time\" content=\"2025-10-20T15:09:12+00:00\" \/>\n<meta property=\"og:image\" content=\"https:\/\/franciscanos.org.br\/noticias\/wp-content\/uploads\/2025\/10\/CHAMADA-37.jpg\" \/>\n\t<meta property=\"og:image:width\" content=\"800\" \/>\n\t<meta property=\"og:image:height\" content=\"550\" \/>\n\t<meta property=\"og:image:type\" content=\"image\/jpeg\" \/>\n<meta name=\"author\" content=\"Adriana Rabelo\" \/>\n<meta name=\"twitter:card\" content=\"summary_large_image\" \/>\n<meta name=\"twitter:label1\" content=\"Escrito por\" \/>\n\t<meta name=\"twitter:data1\" content=\"Adriana Rabelo\" \/>\n\t<meta name=\"twitter:label2\" content=\"Est. tempo de leitura\" \/>\n\t<meta name=\"twitter:data2\" content=\"1 minuto\" \/>\n<script type=\"application\/ld+json\" class=\"yoast-schema-graph\">{\"@context\":\"https:\/\/schema.org\",\"@graph\":[{\"@type\":\"WebSite\",\"@id\":\"https:\/\/franciscanos.org.br\/noticias\/#website\",\"url\":\"https:\/\/franciscanos.org.br\/noticias\/\",\"name\":\"Not\u00edcias - Franciscanos\",\"description\":\"Prov\u00edncia Franciscana da Imaculada Concei\u00e7\u00e3o do Brasil - Ordem dos Frades Menores - OFM\",\"potentialAction\":[{\"@type\":\"SearchAction\",\"target\":{\"@type\":\"EntryPoint\",\"urlTemplate\":\"https:\/\/franciscanos.org.br\/noticias\/?s={search_term_string}\"},\"query-input\":\"required name=search_term_string\"}],\"inLanguage\":\"pt-BR\"},{\"@type\":\"ImageObject\",\"inLanguage\":\"pt-BR\",\"@id\":\"https:\/\/franciscanos.org.br\/noticias\/frente-de-comunicacao-promove-dialogo-com-pascom-das-paroquiais.html#primaryimage\",\"url\":\"https:\/\/franciscanos.org.br\/noticias\/wp-content\/uploads\/2025\/10\/CHAMADA-37.jpg\",\"contentUrl\":\"https:\/\/franciscanos.org.br\/noticias\/wp-content\/uploads\/2025\/10\/CHAMADA-37.jpg\",\"width\":800,\"height\":550},{\"@type\":\"WebPage\",\"@id\":\"https:\/\/franciscanos.org.br\/noticias\/frente-de-comunicacao-promove-dialogo-com-pascom-das-paroquiais.html#webpage\",\"url\":\"https:\/\/franciscanos.org.br\/noticias\/frente-de-comunicacao-promove-dialogo-com-pascom-das-paroquiais.html\",\"name\":\"Frente de Comunica\u00e7\u00e3o promove di\u00e1logo com Pascom das paroquiais - Not\u00edcias - Franciscanos\",\"isPartOf\":{\"@id\":\"https:\/\/franciscanos.org.br\/noticias\/#website\"},\"primaryImageOfPage\":{\"@id\":\"https:\/\/franciscanos.org.br\/noticias\/frente-de-comunicacao-promove-dialogo-com-pascom-das-paroquiais.html#primaryimage\"},\"datePublished\":\"2025-10-20T15:04:58+00:00\",\"dateModified\":\"2025-10-20T15:09:12+00:00\",\"author\":{\"@id\":\"https:\/\/franciscanos.org.br\/noticias\/#\/schema\/person\/d9422e83121c3ad3b0f423d195f5bb25\"},\"breadcrumb\":{\"@id\":\"https:\/\/franciscanos.org.br\/noticias\/frente-de-comunicacao-promove-dialogo-com-pascom-das-paroquiais.html#breadcrumb\"},\"inLanguage\":\"pt-BR\",\"potentialAction\":[{\"@type\":\"ReadAction\",\"target\":[\"https:\/\/franciscanos.org.br\/noticias\/frente-de-comunicacao-promove-dialogo-com-pascom-das-paroquiais.html\"]}]},{\"@type\":\"BreadcrumbList\",\"@id\":\"https:\/\/franciscanos.org.br\/noticias\/frente-de-comunicacao-promove-dialogo-com-pascom-das-paroquiais.html#breadcrumb\",\"itemListElement\":[{\"@type\":\"ListItem\",\"position\":1,\"name\":\"Home\",\"item\":\"https:\/\/franciscanos.org.br\/noticias\"},{\"@type\":\"ListItem\",\"position\":2,\"name\":\"Frente de Comunica\u00e7\u00e3o promove di\u00e1logo com Pascom das paroquiais\"}]},{\"@type\":\"Person\",\"@id\":\"https:\/\/franciscanos.org.br\/noticias\/#\/schema\/person\/d9422e83121c3ad3b0f423d195f5bb25\",\"name\":\"Adriana Rabelo\",\"image\":{\"@type\":\"ImageObject\",\"inLanguage\":\"pt-BR\",\"@id\":\"https:\/\/franciscanos.org.br\/noticias\/#\/schema\/person\/image\/\",\"url\":\"https:\/\/secure.gravatar.com\/avatar\/0a937b7500cd7df77540cfb8bede877d?s=96&d=mm&r=g\",\"contentUrl\":\"https:\/\/secure.gravatar.com\/avatar\/0a937b7500cd7df77540cfb8bede877d?s=96&d=mm&r=g\",\"caption\":\"Adriana Rabelo\"},\"url\":\"https:\/\/franciscanos.org.br\/noticias\/author\/adrianarabelo\"}]}<\/script>\n<!-- \/ Yoast SEO plugin. -->","yoast_head_json":{"title":"Frente de Comunica\u00e7\u00e3o promove di\u00e1logo com Pascom das paroquiais - Not\u00edcias - Franciscanos","robots":{"index":"index","follow":"follow","max-snippet":"max-snippet:-1","max-image-preview":"max-image-preview:large","max-video-preview":"max-video-preview:-1"},"canonical":"https:\/\/franciscanos.org.br\/noticias\/frente-de-comunicacao-promove-dialogo-com-pascom-das-paroquiais.html","og_locale":"pt_BR","og_type":"article","og_title":"Frente de Comunica\u00e7\u00e3o promove di\u00e1logo com Pascom das paroquiais - Not\u00edcias - Franciscanos","og_description":"Comunica\u00e7\u00e3o franciscana","og_url":"https:\/\/franciscanos.org.br\/noticias\/frente-de-comunicacao-promove-dialogo-com-pascom-das-paroquiais.html","og_site_name":"Not\u00edcias - Franciscanos","article_published_time":"2025-10-20T15:04:58+00:00","article_modified_time":"2025-10-20T15:09:12+00:00","og_image":[{"width":800,"height":550,"url":"https:\/\/franciscanos.org.br\/noticias\/wp-content\/uploads\/2025\/10\/CHAMADA-37.jpg","type":"image\/jpeg"}],"author":"Adriana Rabelo","twitter_card":"summary_large_image","twitter_misc":{"Escrito por":"Adriana Rabelo","Est. tempo de leitura":"1 minuto"},"schema":{"@context":"https:\/\/schema.org","@graph":[{"@type":"WebSite","@id":"https:\/\/franciscanos.org.br\/noticias\/#website","url":"https:\/\/franciscanos.org.br\/noticias\/","name":"Not\u00edcias - Franciscanos","description":"Prov\u00edncia Franciscana da Imaculada Concei\u00e7\u00e3o do Brasil - Ordem dos Frades Menores - OFM","potentialAction":[{"@type":"SearchAction","target":{"@type":"EntryPoint","urlTemplate":"https:\/\/franciscanos.org.br\/noticias\/?s={search_term_string}"},"query-input":"required name=search_term_string"}],"inLanguage":"pt-BR"},{"@type":"ImageObject","inLanguage":"pt-BR","@id":"https:\/\/franciscanos.org.br\/noticias\/frente-de-comunicacao-promove-dialogo-com-pascom-das-paroquiais.html#primaryimage","url":"https:\/\/franciscanos.org.br\/noticias\/wp-content\/uploads\/2025\/10\/CHAMADA-37.jpg","contentUrl":"https:\/\/franciscanos.org.br\/noticias\/wp-content\/uploads\/2025\/10\/CHAMADA-37.jpg","width":800,"height":550},{"@type":"WebPage","@id":"https:\/\/franciscanos.org.br\/noticias\/frente-de-comunicacao-promove-dialogo-com-pascom-das-paroquiais.html#webpage","url":"https:\/\/franciscanos.org.br\/noticias\/frente-de-comunicacao-promove-dialogo-com-pascom-das-paroquiais.html","name":"Frente de Comunica\u00e7\u00e3o promove di\u00e1logo com Pascom das paroquiais - Not\u00edcias - Franciscanos","isPartOf":{"@id":"https:\/\/franciscanos.org.br\/noticias\/#website"},"primaryImageOfPage":{"@id":"https:\/\/franciscanos.org.br\/noticias\/frente-de-comunicacao-promove-dialogo-com-pascom-das-paroquiais.html#primaryimage"},"datePublished":"2025-10-20T15:04:58+00:00","dateModified":"2025-10-20T15:09:12+00:00","author":{"@id":"https:\/\/franciscanos.org.br\/noticias\/#\/schema\/person\/d9422e83121c3ad3b0f423d195f5bb25"},"breadcrumb":{"@id":"https:\/\/franciscanos.org.br\/noticias\/frente-de-comunicacao-promove-dialogo-com-pascom-das-paroquiais.html#breadcrumb"},"inLanguage":"pt-BR","potentialAction":[{"@type":"ReadAction","target":["https:\/\/franciscanos.org.br\/noticias\/frente-de-comunicacao-promove-dialogo-com-pascom-das-paroquiais.html"]}]},{"@type":"BreadcrumbList","@id":"https:\/\/franciscanos.org.br\/noticias\/frente-de-comunicacao-promove-dialogo-com-pascom-das-paroquiais.html#breadcrumb","itemListElement":[{"@type":"ListItem","position":1,"name":"Home","item":"https:\/\/franciscanos.org.br\/noticias"},{"@type":"ListItem","position":2,"name":"Frente de Comunica\u00e7\u00e3o promove di\u00e1logo com Pascom das paroquiais"}]},{"@type":"Person","@id":"https:\/\/franciscanos.org.br\/noticias\/#\/schema\/person\/d9422e83121c3ad3b0f423d195f5bb25","name":"Adriana Rabelo","image":{"@type":"ImageObject","inLanguage":"pt-BR","@id":"https:\/\/franciscanos.org.br\/noticias\/#\/schema\/person\/image\/","url":"https:\/\/secure.gravatar.com\/avatar\/0a937b7500cd7df77540cfb8bede877d?s=96&d=mm&r=g","contentUrl":"https:\/\/secure.gravatar.com\/avatar\/0a937b7500cd7df77540cfb8bede877d?s=96&d=mm&r=g","caption":"Adriana Rabelo"},"url":"https:\/\/franciscanos.org.br\/noticias\/author\/adrianarabelo"}]}},"_links":{"self":[{"href":"https:\/\/franciscanos.org.br\/noticias\/wp-json\/wp\/v2\/posts\/261633"}],"collection":[{"href":"https:\/\/franciscanos.org.br\/noticias\/wp-json\/wp\/v2\/posts"}],"about":[{"href":"https:\/\/franciscanos.org.br\/noticias\/wp-json\/wp\/v2\/types\/post"}],"author":[{"embeddable":true,"href":"https:\/\/franciscanos.org.br\/noticias\/wp-json\/wp\/v2\/users\/11"}],"replies":[{"embeddable":true,"href":"https:\/\/franciscanos.org.br\/noticias\/wp-json\/wp\/v2\/comments?post=261633"}],"version-history":[{"count":4,"href":"https:\/\/franciscanos.org.br\/noticias\/wp-json\/wp\/v2\/posts\/261633\/revisions"}],"predecessor-version":[{"id":261640,"href":"https:\/\/franciscanos.org.br\/noticias\/wp-json\/wp\/v2\/posts\/261633\/revisions\/261640"}],"wp:featuredmedia":[{"embeddable":true,"href":"https:\/\/franciscanos.org.br\/noticias\/wp-json\/wp\/v2\/media\/261635"}],"wp:attachment":[{"href":"https:\/\/franciscanos.org.br\/noticias\/wp-json\/wp\/v2\/media?parent=261633"}],"wp:term":[{"taxonomy":"category","embeddable":true,"href":"https:\/\/franciscanos.org.br\/noticias\/wp-json\/wp\/v2\/categories?post=261633"},{"taxonomy":"post_tag","embeddable":true,"href":"https:\/\/franciscanos.org.br\/noticias\/wp-json\/wp\/v2\/tags?post=261633"}],"curies":[{"name":"wp","href":"https:\/\/api.w.org\/{rel}","templated":true}]}}