{"id":261619,"date":"2025-10-20T09:22:17","date_gmt":"2025-10-20T12:22:17","guid":{"rendered":"https:\/\/franciscanos.org.br\/noticias\/?p=261619"},"modified":"2025-10-20T09:22:17","modified_gmt":"2025-10-20T12:22:17","slug":"primeira-reuniao-marca-o-inicio-da-preparacao-para-a-caminhada-franciscana-da-juventude-2026-em-colatina","status":"publish","type":"post","link":"https:\/\/franciscanos.org.br\/noticias\/primeira-reuniao-marca-o-inicio-da-preparacao-para-a-caminhada-franciscana-da-juventude-2026-em-colatina.html","title":{"rendered":"Primeira reuni\u00e3o marca o in\u00edcio da prepara\u00e7\u00e3o para a Caminhada Franciscana da Juventude 2026 em Colatina"},"content":{"rendered":"<p><img loading=\"lazy\" class=\"aligncenter wp-image-261621 size-full\" src=\"https:\/\/franciscanos.org.br\/noticias\/wp-content\/uploads\/2025\/10\/materia-1-19.jpg\" alt=\"\" width=\"1280\" height=\"720\" srcset=\"https:\/\/franciscanos.org.br\/noticias\/wp-content\/uploads\/2025\/10\/materia-1-19.jpg 1280w, https:\/\/franciscanos.org.br\/noticias\/wp-content\/uploads\/2025\/10\/materia-1-19-450x253.jpg 450w, https:\/\/franciscanos.org.br\/noticias\/wp-content\/uploads\/2025\/10\/materia-1-19-1024x576.jpg 1024w, https:\/\/franciscanos.org.br\/noticias\/wp-content\/uploads\/2025\/10\/materia-1-19-768x432.jpg 768w, https:\/\/franciscanos.org.br\/noticias\/wp-content\/uploads\/2025\/10\/materia-1-19-150x84.jpg 150w\" sizes=\"(max-width: 1280px) 100vw, 1280px\" \/><\/p>\n<p>Situada na regi\u00e3o Noroeste do Esp\u00edrito Santo, Colatina ser\u00e1 o ponto de encontro da juventude franciscana em julho de 2026. A cidade capixaba sediar\u00e1 a <strong>14\u00aa edi\u00e7\u00e3o da Caminhada Franciscana da Juventude (CFJ)<\/strong>, que ser\u00e1 <strong>realizada nos dias 3, 4 e 5 de julho<\/strong>, reunindo jovens de diversas regi\u00f5es do Brasil para uma experi\u00eancia de f\u00e9, fraternidade e compromisso com a cria\u00e7\u00e3o.<\/p>\n<p>O evento foi oficialmente anunciado no dia 1\u00ba de agosto deste ano e, no \u00faltimo dia 14 de outubro, ocorreu a primeira reuni\u00e3o de prepara\u00e7\u00e3o na Par\u00f3quia Santa Clara de Assis, com a presen\u00e7a de representantes das juventudes franciscanas e de Frei Augusto Luiz Gabriel, da Equipe de Evangeliza\u00e7\u00e3o com as Juventudes da Prov\u00edncia. A CFJ \u00e9 uma iniciativa da Prov\u00edncia Franciscana da Imaculada Concei\u00e7\u00e3o do Brasil e, nesta edi\u00e7\u00e3o, se insere em um contexto hist\u00f3rico: o <strong>Jubileu de 350 anos da Prov\u00edncia e o oitavo centen\u00e1rio da morte de S\u00e3o Francisco de Assis<\/strong>.<\/p>\n<p>Durante a apresenta\u00e7\u00e3o, Frei Pedro de Oliveira Rodrigues, p\u00e1roco e guardi\u00e3o da fraternidade franciscana, acolheu com entusiasmo o desafio de sediar o evento. \u201c\u00c9 uma alegria para n\u00f3s receber essa caminhada em Colatina. Cada edi\u00e7\u00e3o \u00e9 \u00fanica, e queremos viv\u00ea-la como um verdadeiro encontro com Deus, com a natureza e com os irm\u00e3os\u201d, afirmou.<\/p>\n<p><img loading=\"lazy\" class=\"aligncenter wp-image-261622 size-full\" src=\"https:\/\/franciscanos.org.br\/noticias\/wp-content\/uploads\/2025\/10\/materia2-16.jpg\" alt=\"\" width=\"1280\" height=\"720\" srcset=\"https:\/\/franciscanos.org.br\/noticias\/wp-content\/uploads\/2025\/10\/materia2-16.jpg 1280w, https:\/\/franciscanos.org.br\/noticias\/wp-content\/uploads\/2025\/10\/materia2-16-450x253.jpg 450w, https:\/\/franciscanos.org.br\/noticias\/wp-content\/uploads\/2025\/10\/materia2-16-1024x576.jpg 1024w, https:\/\/franciscanos.org.br\/noticias\/wp-content\/uploads\/2025\/10\/materia2-16-768x432.jpg 768w, https:\/\/franciscanos.org.br\/noticias\/wp-content\/uploads\/2025\/10\/materia2-16-150x84.jpg 150w\" sizes=\"(max-width: 1280px) 100vw, 1280px\" \/><\/p>\n<p>A CFJ \u00e9 um retiro itinerante, em que os jovens caminham juntos por trajetos que simbolizam a busca espiritual e o cuidado com a \u201cCasa Comum\u201d. Mais do que resist\u00eancia f\u00edsica, \u00e9 uma viv\u00eancia comunit\u00e1ria marcada pela ora\u00e7\u00e3o, partilha e supera\u00e7\u00e3o de limites. \u201cN\u00e3o importa quem chega primeiro, mas que todos cheguem juntos. \u00c9 um caminho de f\u00e9, alegria e esperan\u00e7a, com os p\u00e9s no ch\u00e3o e o cora\u00e7\u00e3o no alto\u201d, frisou Frei Augusto.<\/p>\n<h3><strong><img loading=\"lazy\" class=\"size-medium wp-image-261624 alignright\" src=\"https:\/\/franciscanos.org.br\/noticias\/wp-content\/uploads\/2025\/10\/feed_caminhada-1-360x450.png\" alt=\"\" width=\"360\" height=\"450\" srcset=\"https:\/\/franciscanos.org.br\/noticias\/wp-content\/uploads\/2025\/10\/feed_caminhada-1-360x450.png 360w, https:\/\/franciscanos.org.br\/noticias\/wp-content\/uploads\/2025\/10\/feed_caminhada-1-819x1024.png 819w, https:\/\/franciscanos.org.br\/noticias\/wp-content\/uploads\/2025\/10\/feed_caminhada-1-768x960.png 768w, https:\/\/franciscanos.org.br\/noticias\/wp-content\/uploads\/2025\/10\/feed_caminhada-1-150x188.png 150w, https:\/\/franciscanos.org.br\/noticias\/wp-content\/uploads\/2025\/10\/feed_caminhada-1.png 864w\" sizes=\"(max-width: 360px) 100vw, 360px\" \/>Organiza\u00e7\u00e3o, inscri\u00e7\u00f5es e p\u00fablico esperado<\/strong><\/h3>\n<p>A reuni\u00e3o apresentou tamb\u00e9m a estrutura organizacional do evento. A Comiss\u00e3o Central ser\u00e1 composta por frades, lideran\u00e7as jovens das comunidades, colaboradores volunt\u00e1rios.<\/p>\n<p>Ser\u00e3o formadas equipes espec\u00edficas de secretaria e hospedagem, alimenta\u00e7\u00e3o, infraestrutura e log\u00edstica, liturgia e anima\u00e7\u00e3o, e comunica\u00e7\u00e3o, respons\u00e1veis por articular cada aspecto da prepara\u00e7\u00e3o. As fam\u00edlias colatinenses ter\u00e3o papel fundamental, acolhendo os jovens peregrinos em suas casas, como \u00e9 tradi\u00e7\u00e3o nas edi\u00e7\u00f5es anteriores.<\/p>\n<p>As <strong>inscri\u00e7\u00f5es ser\u00e3o entre 20 de abril e 31 de maio de 2026<\/strong>, com limite de participantes, seguindo a m\u00e9dia das \u00faltimas edi\u00e7\u00f5es realizadas em Guaratinguet\u00e1 (SP), Vila Velha (ES), Sorocaba (SP), Xaxim e Coronel Freitas (SC). <strong>O evento \u00e9 voltado para jovens de 16 a 45 anos<\/strong>, com boa sa\u00fade e disposi\u00e7\u00e3o para os desafios da caminhada.<\/p>\n<p>Para viabilizar o encontro, a equipe tamb\u00e9m promover\u00e1 campanhas de arrecada\u00e7\u00e3o e a venda de camisetas franciscanas, em parceria com o Convento da Penha e a Par\u00f3quia Santa Clara de Assis.<\/p>\n<h3><strong>Pr\u00f3ximos passos<\/strong><\/h3>\n<p>A pr\u00f3xima reuni\u00e3o da Comiss\u00e3o Central est\u00e1 marcada para mar\u00e7o de 2026, quando ser\u00e3o definidos o tema, o lema e o itiner\u00e1rio da caminhada. At\u00e9 l\u00e1, as equipes continuar\u00e3o mobilizadas na divulga\u00e7\u00e3o, organiza\u00e7\u00e3o e nas a\u00e7\u00f5es comunit\u00e1rias de arrecada\u00e7\u00e3o de fundos para custear o evento.<\/p>\n<p>A expectativa \u00e9 que a CFJ 2026 seja um marco de renova\u00e7\u00e3o e esperan\u00e7a, celebrando o carisma franciscano e a for\u00e7a da juventude que sonha e caminha com os p\u00e9s no ch\u00e3o e o cora\u00e7\u00e3o em Deus.<\/p>\n<hr \/>\n<p><em>Frei Augusto Luiz Gabriel<\/em><\/p>\n","protected":false},"excerpt":{"rendered":"<p>Juventude franciscana<\/p>\n","protected":false},"author":11,"featured_media":261620,"comment_status":"open","ping_status":"open","sticky":false,"template":"","format":"standard","meta":[],"categories":[1],"tags":[2441,699,1896],"acf":[],"yoast_head":"<!-- This site is optimized with the Yoast SEO plugin v19.2 - https:\/\/yoast.com\/wordpress\/plugins\/seo\/ -->\n<title>Primeira reuni\u00e3o marca o in\u00edcio da prepara\u00e7\u00e3o para a Caminhada Franciscana da Juventude 2026 em Colatina - Not\u00edcias - Franciscanos<\/title>\n<meta name=\"robots\" content=\"index, follow, max-snippet:-1, max-image-preview:large, max-video-preview:-1\" \/>\n<link rel=\"canonical\" href=\"https:\/\/franciscanos.org.br\/noticias\/primeira-reuniao-marca-o-inicio-da-preparacao-para-a-caminhada-franciscana-da-juventude-2026-em-colatina.html\" \/>\n<meta property=\"og:locale\" content=\"pt_BR\" \/>\n<meta property=\"og:type\" content=\"article\" \/>\n<meta property=\"og:title\" content=\"Primeira reuni\u00e3o marca o in\u00edcio da prepara\u00e7\u00e3o para a Caminhada Franciscana da Juventude 2026 em Colatina - Not\u00edcias - Franciscanos\" \/>\n<meta property=\"og:description\" content=\"Juventude franciscana\" \/>\n<meta property=\"og:url\" content=\"https:\/\/franciscanos.org.br\/noticias\/primeira-reuniao-marca-o-inicio-da-preparacao-para-a-caminhada-franciscana-da-juventude-2026-em-colatina.html\" \/>\n<meta property=\"og:site_name\" content=\"Not\u00edcias - Franciscanos\" \/>\n<meta property=\"article:published_time\" content=\"2025-10-20T12:22:17+00:00\" \/>\n<meta property=\"og:image\" content=\"https:\/\/franciscanos.org.br\/noticias\/wp-content\/uploads\/2025\/10\/chamada-36.jpg\" \/>\n\t<meta property=\"og:image:width\" content=\"800\" \/>\n\t<meta property=\"og:image:height\" content=\"550\" \/>\n\t<meta property=\"og:image:type\" content=\"image\/jpeg\" \/>\n<meta name=\"author\" content=\"Adriana Rabelo\" \/>\n<meta name=\"twitter:card\" content=\"summary_large_image\" \/>\n<meta name=\"twitter:label1\" content=\"Escrito por\" \/>\n\t<meta name=\"twitter:data1\" content=\"Adriana Rabelo\" \/>\n\t<meta name=\"twitter:label2\" content=\"Est. tempo de leitura\" \/>\n\t<meta name=\"twitter:data2\" content=\"3 minutos\" \/>\n<script type=\"application\/ld+json\" class=\"yoast-schema-graph\">{\"@context\":\"https:\/\/schema.org\",\"@graph\":[{\"@type\":\"WebSite\",\"@id\":\"https:\/\/franciscanos.org.br\/noticias\/#website\",\"url\":\"https:\/\/franciscanos.org.br\/noticias\/\",\"name\":\"Not\u00edcias - Franciscanos\",\"description\":\"Prov\u00edncia Franciscana da Imaculada Concei\u00e7\u00e3o do Brasil - Ordem dos Frades Menores - OFM\",\"potentialAction\":[{\"@type\":\"SearchAction\",\"target\":{\"@type\":\"EntryPoint\",\"urlTemplate\":\"https:\/\/franciscanos.org.br\/noticias\/?s={search_term_string}\"},\"query-input\":\"required name=search_term_string\"}],\"inLanguage\":\"pt-BR\"},{\"@type\":\"ImageObject\",\"inLanguage\":\"pt-BR\",\"@id\":\"https:\/\/franciscanos.org.br\/noticias\/primeira-reuniao-marca-o-inicio-da-preparacao-para-a-caminhada-franciscana-da-juventude-2026-em-colatina.html#primaryimage\",\"url\":\"https:\/\/franciscanos.org.br\/noticias\/wp-content\/uploads\/2025\/10\/chamada-36.jpg\",\"contentUrl\":\"https:\/\/franciscanos.org.br\/noticias\/wp-content\/uploads\/2025\/10\/chamada-36.jpg\",\"width\":800,\"height\":550},{\"@type\":\"WebPage\",\"@id\":\"https:\/\/franciscanos.org.br\/noticias\/primeira-reuniao-marca-o-inicio-da-preparacao-para-a-caminhada-franciscana-da-juventude-2026-em-colatina.html#webpage\",\"url\":\"https:\/\/franciscanos.org.br\/noticias\/primeira-reuniao-marca-o-inicio-da-preparacao-para-a-caminhada-franciscana-da-juventude-2026-em-colatina.html\",\"name\":\"Primeira reuni\u00e3o marca o in\u00edcio da prepara\u00e7\u00e3o para a Caminhada Franciscana da Juventude 2026 em Colatina - Not\u00edcias - Franciscanos\",\"isPartOf\":{\"@id\":\"https:\/\/franciscanos.org.br\/noticias\/#website\"},\"primaryImageOfPage\":{\"@id\":\"https:\/\/franciscanos.org.br\/noticias\/primeira-reuniao-marca-o-inicio-da-preparacao-para-a-caminhada-franciscana-da-juventude-2026-em-colatina.html#primaryimage\"},\"datePublished\":\"2025-10-20T12:22:17+00:00\",\"dateModified\":\"2025-10-20T12:22:17+00:00\",\"author\":{\"@id\":\"https:\/\/franciscanos.org.br\/noticias\/#\/schema\/person\/d9422e83121c3ad3b0f423d195f5bb25\"},\"breadcrumb\":{\"@id\":\"https:\/\/franciscanos.org.br\/noticias\/primeira-reuniao-marca-o-inicio-da-preparacao-para-a-caminhada-franciscana-da-juventude-2026-em-colatina.html#breadcrumb\"},\"inLanguage\":\"pt-BR\",\"potentialAction\":[{\"@type\":\"ReadAction\",\"target\":[\"https:\/\/franciscanos.org.br\/noticias\/primeira-reuniao-marca-o-inicio-da-preparacao-para-a-caminhada-franciscana-da-juventude-2026-em-colatina.html\"]}]},{\"@type\":\"BreadcrumbList\",\"@id\":\"https:\/\/franciscanos.org.br\/noticias\/primeira-reuniao-marca-o-inicio-da-preparacao-para-a-caminhada-franciscana-da-juventude-2026-em-colatina.html#breadcrumb\",\"itemListElement\":[{\"@type\":\"ListItem\",\"position\":1,\"name\":\"Home\",\"item\":\"https:\/\/franciscanos.org.br\/noticias\"},{\"@type\":\"ListItem\",\"position\":2,\"name\":\"Primeira reuni\u00e3o marca o in\u00edcio da prepara\u00e7\u00e3o para a Caminhada Franciscana da Juventude 2026 em Colatina\"}]},{\"@type\":\"Person\",\"@id\":\"https:\/\/franciscanos.org.br\/noticias\/#\/schema\/person\/d9422e83121c3ad3b0f423d195f5bb25\",\"name\":\"Adriana Rabelo\",\"image\":{\"@type\":\"ImageObject\",\"inLanguage\":\"pt-BR\",\"@id\":\"https:\/\/franciscanos.org.br\/noticias\/#\/schema\/person\/image\/\",\"url\":\"https:\/\/secure.gravatar.com\/avatar\/0a937b7500cd7df77540cfb8bede877d?s=96&d=mm&r=g\",\"contentUrl\":\"https:\/\/secure.gravatar.com\/avatar\/0a937b7500cd7df77540cfb8bede877d?s=96&d=mm&r=g\",\"caption\":\"Adriana Rabelo\"},\"url\":\"https:\/\/franciscanos.org.br\/noticias\/author\/adrianarabelo\"}]}<\/script>\n<!-- \/ Yoast SEO plugin. -->","yoast_head_json":{"title":"Primeira reuni\u00e3o marca o in\u00edcio da prepara\u00e7\u00e3o para a Caminhada Franciscana da Juventude 2026 em Colatina - Not\u00edcias - Franciscanos","robots":{"index":"index","follow":"follow","max-snippet":"max-snippet:-1","max-image-preview":"max-image-preview:large","max-video-preview":"max-video-preview:-1"},"canonical":"https:\/\/franciscanos.org.br\/noticias\/primeira-reuniao-marca-o-inicio-da-preparacao-para-a-caminhada-franciscana-da-juventude-2026-em-colatina.html","og_locale":"pt_BR","og_type":"article","og_title":"Primeira reuni\u00e3o marca o in\u00edcio da prepara\u00e7\u00e3o para a Caminhada Franciscana da Juventude 2026 em Colatina - Not\u00edcias - Franciscanos","og_description":"Juventude franciscana","og_url":"https:\/\/franciscanos.org.br\/noticias\/primeira-reuniao-marca-o-inicio-da-preparacao-para-a-caminhada-franciscana-da-juventude-2026-em-colatina.html","og_site_name":"Not\u00edcias - Franciscanos","article_published_time":"2025-10-20T12:22:17+00:00","og_image":[{"width":800,"height":550,"url":"https:\/\/franciscanos.org.br\/noticias\/wp-content\/uploads\/2025\/10\/chamada-36.jpg","type":"image\/jpeg"}],"author":"Adriana Rabelo","twitter_card":"summary_large_image","twitter_misc":{"Escrito por":"Adriana Rabelo","Est. tempo de leitura":"3 minutos"},"schema":{"@context":"https:\/\/schema.org","@graph":[{"@type":"WebSite","@id":"https:\/\/franciscanos.org.br\/noticias\/#website","url":"https:\/\/franciscanos.org.br\/noticias\/","name":"Not\u00edcias - Franciscanos","description":"Prov\u00edncia Franciscana da Imaculada Concei\u00e7\u00e3o do Brasil - Ordem dos Frades Menores - OFM","potentialAction":[{"@type":"SearchAction","target":{"@type":"EntryPoint","urlTemplate":"https:\/\/franciscanos.org.br\/noticias\/?s={search_term_string}"},"query-input":"required name=search_term_string"}],"inLanguage":"pt-BR"},{"@type":"ImageObject","inLanguage":"pt-BR","@id":"https:\/\/franciscanos.org.br\/noticias\/primeira-reuniao-marca-o-inicio-da-preparacao-para-a-caminhada-franciscana-da-juventude-2026-em-colatina.html#primaryimage","url":"https:\/\/franciscanos.org.br\/noticias\/wp-content\/uploads\/2025\/10\/chamada-36.jpg","contentUrl":"https:\/\/franciscanos.org.br\/noticias\/wp-content\/uploads\/2025\/10\/chamada-36.jpg","width":800,"height":550},{"@type":"WebPage","@id":"https:\/\/franciscanos.org.br\/noticias\/primeira-reuniao-marca-o-inicio-da-preparacao-para-a-caminhada-franciscana-da-juventude-2026-em-colatina.html#webpage","url":"https:\/\/franciscanos.org.br\/noticias\/primeira-reuniao-marca-o-inicio-da-preparacao-para-a-caminhada-franciscana-da-juventude-2026-em-colatina.html","name":"Primeira reuni\u00e3o marca o in\u00edcio da prepara\u00e7\u00e3o para a Caminhada Franciscana da Juventude 2026 em Colatina - Not\u00edcias - Franciscanos","isPartOf":{"@id":"https:\/\/franciscanos.org.br\/noticias\/#website"},"primaryImageOfPage":{"@id":"https:\/\/franciscanos.org.br\/noticias\/primeira-reuniao-marca-o-inicio-da-preparacao-para-a-caminhada-franciscana-da-juventude-2026-em-colatina.html#primaryimage"},"datePublished":"2025-10-20T12:22:17+00:00","dateModified":"2025-10-20T12:22:17+00:00","author":{"@id":"https:\/\/franciscanos.org.br\/noticias\/#\/schema\/person\/d9422e83121c3ad3b0f423d195f5bb25"},"breadcrumb":{"@id":"https:\/\/franciscanos.org.br\/noticias\/primeira-reuniao-marca-o-inicio-da-preparacao-para-a-caminhada-franciscana-da-juventude-2026-em-colatina.html#breadcrumb"},"inLanguage":"pt-BR","potentialAction":[{"@type":"ReadAction","target":["https:\/\/franciscanos.org.br\/noticias\/primeira-reuniao-marca-o-inicio-da-preparacao-para-a-caminhada-franciscana-da-juventude-2026-em-colatina.html"]}]},{"@type":"BreadcrumbList","@id":"https:\/\/franciscanos.org.br\/noticias\/primeira-reuniao-marca-o-inicio-da-preparacao-para-a-caminhada-franciscana-da-juventude-2026-em-colatina.html#breadcrumb","itemListElement":[{"@type":"ListItem","position":1,"name":"Home","item":"https:\/\/franciscanos.org.br\/noticias"},{"@type":"ListItem","position":2,"name":"Primeira reuni\u00e3o marca o in\u00edcio da prepara\u00e7\u00e3o para a Caminhada Franciscana da Juventude 2026 em Colatina"}]},{"@type":"Person","@id":"https:\/\/franciscanos.org.br\/noticias\/#\/schema\/person\/d9422e83121c3ad3b0f423d195f5bb25","name":"Adriana Rabelo","image":{"@type":"ImageObject","inLanguage":"pt-BR","@id":"https:\/\/franciscanos.org.br\/noticias\/#\/schema\/person\/image\/","url":"https:\/\/secure.gravatar.com\/avatar\/0a937b7500cd7df77540cfb8bede877d?s=96&d=mm&r=g","contentUrl":"https:\/\/secure.gravatar.com\/avatar\/0a937b7500cd7df77540cfb8bede877d?s=96&d=mm&r=g","caption":"Adriana Rabelo"},"url":"https:\/\/franciscanos.org.br\/noticias\/author\/adrianarabelo"}]}},"_links":{"self":[{"href":"https:\/\/franciscanos.org.br\/noticias\/wp-json\/wp\/v2\/posts\/261619"}],"collection":[{"href":"https:\/\/franciscanos.org.br\/noticias\/wp-json\/wp\/v2\/posts"}],"about":[{"href":"https:\/\/franciscanos.org.br\/noticias\/wp-json\/wp\/v2\/types\/post"}],"author":[{"embeddable":true,"href":"https:\/\/franciscanos.org.br\/noticias\/wp-json\/wp\/v2\/users\/11"}],"replies":[{"embeddable":true,"href":"https:\/\/franciscanos.org.br\/noticias\/wp-json\/wp\/v2\/comments?post=261619"}],"version-history":[{"count":9,"href":"https:\/\/franciscanos.org.br\/noticias\/wp-json\/wp\/v2\/posts\/261619\/revisions"}],"predecessor-version":[{"id":261632,"href":"https:\/\/franciscanos.org.br\/noticias\/wp-json\/wp\/v2\/posts\/261619\/revisions\/261632"}],"wp:featuredmedia":[{"embeddable":true,"href":"https:\/\/franciscanos.org.br\/noticias\/wp-json\/wp\/v2\/media\/261620"}],"wp:attachment":[{"href":"https:\/\/franciscanos.org.br\/noticias\/wp-json\/wp\/v2\/media?parent=261619"}],"wp:term":[{"taxonomy":"category","embeddable":true,"href":"https:\/\/franciscanos.org.br\/noticias\/wp-json\/wp\/v2\/categories?post=261619"},{"taxonomy":"post_tag","embeddable":true,"href":"https:\/\/franciscanos.org.br\/noticias\/wp-json\/wp\/v2\/tags?post=261619"}],"curies":[{"name":"wp","href":"https:\/\/api.w.org\/{rel}","templated":true}]}}