{"id":261605,"date":"2025-10-17T14:22:59","date_gmt":"2025-10-17T17:22:59","guid":{"rendered":"https:\/\/franciscanos.org.br\/noticias\/?p=261605"},"modified":"2025-10-17T15:47:52","modified_gmt":"2025-10-17T18:47:52","slug":"novena-de-frei-galvao-tem-inicio-com-celebracoes-e-peregrinacao-pelas-ruas-de-guaratingueta","status":"publish","type":"post","link":"https:\/\/franciscanos.org.br\/noticias\/novena-de-frei-galvao-tem-inicio-com-celebracoes-e-peregrinacao-pelas-ruas-de-guaratingueta.html","title":{"rendered":"Novena de Frei Galv\u00e3o come\u00e7a com celebra\u00e7\u00f5es e peregrina\u00e7\u00e3o pelas ruas de Guaratinguet\u00e1"},"content":{"rendered":"<p><img loading=\"lazy\" class=\"aligncenter wp-image-261607 size-full\" src=\"https:\/\/franciscanos.org.br\/noticias\/wp-content\/uploads\/2025\/10\/materia-1-18.jpg\" alt=\"\" width=\"1280\" height=\"720\" srcset=\"https:\/\/franciscanos.org.br\/noticias\/wp-content\/uploads\/2025\/10\/materia-1-18.jpg 1280w, https:\/\/franciscanos.org.br\/noticias\/wp-content\/uploads\/2025\/10\/materia-1-18-450x253.jpg 450w, https:\/\/franciscanos.org.br\/noticias\/wp-content\/uploads\/2025\/10\/materia-1-18-1024x576.jpg 1024w, https:\/\/franciscanos.org.br\/noticias\/wp-content\/uploads\/2025\/10\/materia-1-18-768x432.jpg 768w, https:\/\/franciscanos.org.br\/noticias\/wp-content\/uploads\/2025\/10\/materia-1-18-150x84.jpg 150w\" sizes=\"(max-width: 1280px) 100vw, 1280px\" \/><\/p>\n<p>A novena dedicada a Santo Ant\u00f4nio de Sant\u2019Anna Frei Galv\u00e3o come\u00e7ou nesta quinta-feira, 16 de outubro, em Guaratinguet\u00e1 (SP), com duas Celebra\u00e7\u00f5es Eucar\u00edsticas. Os presb\u00edteros convidados conduziram os devotos nas reflex\u00f5es sobre o mist\u00e9rio da Eucaristia, ponto culminante da f\u00e9 cat\u00f3lica, com homilias que inspiram a viver mais profundamente as festividades do primeiro santo brasileiro.<\/p>\n<p>A Santa Missa das 15h foi celebrada pelo Padre Mauro Villela, Mission\u00e1rio Redentorista, que abordou, em sua homilia, a import\u00e2ncia de escutar a Palavra de Deus, que nos ensina a levar a Sua presen\u00e7a por meio de gestos concretos, tal como S\u00e3o Frei Galv\u00e3o, que sempre se manteve unido aos prop\u00f3sitos do Pai, vivendo intensamente sua vida pautada pelo an\u00fancio da miseric\u00f3rdia \u2014 tema refletido no Jubileu da Esperan\u00e7a. Padre Mauro refor\u00e7ou que a paz chega \u00e0queles que evitam pequenas viol\u00eancias, para que estas n\u00e3o se transformem em grandes conflitos.<\/p>\n<p>Durante a celebra\u00e7\u00e3o das 19h30, o Padre Luciano Felipe, da Arquidiocese de Aparecida, destacou em sua homilia que Jesus chama a aten\u00e7\u00e3o para nossas atitudes por meio dos fariseus e doutores da Lei. Assim sendo, devemos obedecer e dar testemunho de convers\u00e3o, primeiro de n\u00f3s mesmos, para depois ensinar publicamente.<\/p>\n<h3><strong>Peregrina\u00e7\u00e3o e acolhida dos peregrinos<\/strong><\/h3>\n<p>No primeiro dia, a programa\u00e7\u00e3o j\u00e1 come\u00e7ou intensa, marcando o in\u00edcio dos festejos em honra a S\u00e3o Frei Galv\u00e3o. Logo \u00e0s 5h, os fi\u00e9is devotos, junto com os frades e a fam\u00edlia desse filho de Guaratinguet\u00e1, representada, em especial, pela historiadora Thereza Maia, sobrinha de sexta gera\u00e7\u00e3o do Santo e respons\u00e1vel pelo museu dedicado a Frei Galv\u00e3o, reuniram-se para um momento muito especial, que entrar\u00e1 para a mem\u00f3ria da cidade.<\/p>\n<p><img loading=\"lazy\" class=\"aligncenter wp-image-261608 size-full\" src=\"https:\/\/franciscanos.org.br\/noticias\/wp-content\/uploads\/2025\/10\/materia-4-4.jpg\" alt=\"\" width=\"1280\" height=\"720\" srcset=\"https:\/\/franciscanos.org.br\/noticias\/wp-content\/uploads\/2025\/10\/materia-4-4.jpg 1280w, https:\/\/franciscanos.org.br\/noticias\/wp-content\/uploads\/2025\/10\/materia-4-4-450x253.jpg 450w, https:\/\/franciscanos.org.br\/noticias\/wp-content\/uploads\/2025\/10\/materia-4-4-1024x576.jpg 1024w, https:\/\/franciscanos.org.br\/noticias\/wp-content\/uploads\/2025\/10\/materia-4-4-768x432.jpg 768w, https:\/\/franciscanos.org.br\/noticias\/wp-content\/uploads\/2025\/10\/materia-4-4-150x84.jpg 150w\" sizes=\"(max-width: 1280px) 100vw, 1280px\" \/><\/p>\n<p>Em grande esp\u00edrito de ora\u00e7\u00e3o, devo\u00e7\u00e3o e alegria franciscana, o cord\u00e3o do h\u00e1bito, uma rel\u00edquia de primeiro grau, foi transportado em prociss\u00e3o do museu e casa da fam\u00edlia, localizados no centro da cidade, at\u00e9 o Santu\u00e1rio. O grupo percorreu as ruas de Guaratinguet\u00e1, aben\u00e7oando a terra que \u00e9 o ber\u00e7o de S\u00e3o Frei Galv\u00e3o.<\/p>\n<p>Esse gesto, realizado pela primeira vez em 11 de abril de 2021, quando os frades franciscanos, antes de assumirem o Santu\u00e1rio, foram at\u00e9 a fam\u00edlia pedir uma b\u00ean\u00e7\u00e3o, foi repetido neste ano com o objetivo de implementar uma tradi\u00e7\u00e3o que simboliza respeito, harmonia e uni\u00e3o dos filhos e filhas de Deus na celebra\u00e7\u00e3o de S\u00e3o Frei Galv\u00e3o.<\/p>\n<p><img loading=\"lazy\" class=\"aligncenter wp-image-261609 size-full\" src=\"https:\/\/franciscanos.org.br\/noticias\/wp-content\/uploads\/2025\/10\/Imagem-do-WhatsApp-de-2025-10-16-as-14.50.10_4b6f383b.jpg\" alt=\"\" width=\"1600\" height=\"1066\" srcset=\"https:\/\/franciscanos.org.br\/noticias\/wp-content\/uploads\/2025\/10\/Imagem-do-WhatsApp-de-2025-10-16-as-14.50.10_4b6f383b.jpg 1600w, https:\/\/franciscanos.org.br\/noticias\/wp-content\/uploads\/2025\/10\/Imagem-do-WhatsApp-de-2025-10-16-as-14.50.10_4b6f383b-450x300.jpg 450w, https:\/\/franciscanos.org.br\/noticias\/wp-content\/uploads\/2025\/10\/Imagem-do-WhatsApp-de-2025-10-16-as-14.50.10_4b6f383b-1024x682.jpg 1024w, https:\/\/franciscanos.org.br\/noticias\/wp-content\/uploads\/2025\/10\/Imagem-do-WhatsApp-de-2025-10-16-as-14.50.10_4b6f383b-768x512.jpg 768w, https:\/\/franciscanos.org.br\/noticias\/wp-content\/uploads\/2025\/10\/Imagem-do-WhatsApp-de-2025-10-16-as-14.50.10_4b6f383b-1536x1023.jpg 1536w, https:\/\/franciscanos.org.br\/noticias\/wp-content\/uploads\/2025\/10\/Imagem-do-WhatsApp-de-2025-10-16-as-14.50.10_4b6f383b-150x100.jpg 150w\" sizes=\"(max-width: 1600px) 100vw, 1600px\" \/><\/p>\n<p>Os v\u00ednculos hist\u00f3ricos dos familiares de Frei Galv\u00e3o tamb\u00e9m d\u00e3o sentido \u00e0 proximidade desse Santo frade franciscano com o povo de Guaratinguet\u00e1, do Vale do Para\u00edba e de todo o Brasil. Por isso, sempre em ocasi\u00f5es especiais, os frades do Santu\u00e1rio retornar\u00e3o \u00e0 fam\u00edlia para pedir a b\u00ean\u00e7\u00e3o e continuar o legado deixado por S\u00e3o Frei Galv\u00e3o.<\/p>\n<p>Ap\u00f3s a fam\u00edlia ter enviado os frades e devotos reunidos, todos retornaram em prociss\u00e3o para o Santu\u00e1rio, rezando o Santo Ter\u00e7o, que alternava momentos de louvor e ora\u00e7\u00e3o. Ao chegarem, foi celebrada uma Missa presidida por Frei Valdir Laurentino, OFM, que, na ocasi\u00e3o, destacou o peregrinar como uma din\u00e2mica da vida em comunidade, abrindo oficialmente os festejos.<\/p>\n<p><img loading=\"lazy\" class=\"aligncenter wp-image-261610 size-full\" src=\"https:\/\/franciscanos.org.br\/noticias\/wp-content\/uploads\/2025\/10\/materia-2-5.jpg\" alt=\"\" width=\"1280\" height=\"720\" srcset=\"https:\/\/franciscanos.org.br\/noticias\/wp-content\/uploads\/2025\/10\/materia-2-5.jpg 1280w, https:\/\/franciscanos.org.br\/noticias\/wp-content\/uploads\/2025\/10\/materia-2-5-450x253.jpg 450w, https:\/\/franciscanos.org.br\/noticias\/wp-content\/uploads\/2025\/10\/materia-2-5-1024x576.jpg 1024w, https:\/\/franciscanos.org.br\/noticias\/wp-content\/uploads\/2025\/10\/materia-2-5-768x432.jpg 768w, https:\/\/franciscanos.org.br\/noticias\/wp-content\/uploads\/2025\/10\/materia-2-5-150x84.jpg 150w\" sizes=\"(max-width: 1280px) 100vw, 1280px\" \/><\/p>\n<p>Nesta sexta-feira, a celebra\u00e7\u00e3o das 15h ser\u00e1 presidida por Frei Felipe Carretta, p\u00e1roco da Par\u00f3quia Nossa Senhora da Boa Viagem (RJ). A Santa Missa das 19h30 ser\u00e1 celebrada pelo Padre Chrystian Shankar, reitor do Santu\u00e1rio Frei Galv\u00e3o, em Divin\u00f3polis (MG).<\/p>\n<p>As celebra\u00e7\u00f5es da Festa de Frei Galv\u00e3o tamb\u00e9m podem ser acompanhadas pela TV Web Frei Galv\u00e3o, no YouTube.<\/p>\n<p>Acesse: <a href=\"https:\/\/www.youtube.com\/c\/TVFREIGALV\u00c3O\">https:\/\/www.youtube.com\/c\/TVFREIGALV\u00c3O<\/a><\/p>\n<hr \/>\n<p><em>Texto: Frei Filipo Carpi Gir\u00e3o\/ Fotos: Felipe Nogueira e\u00a0 Jo\u00e3o Paulo- Pascom Santu\u00e1rio Frei Galv\u00e3o<\/em><\/p>\n","protected":false},"excerpt":{"rendered":"<p>Festa de Frei Galv\u00e3o 2025<\/p>\n","protected":false},"author":11,"featured_media":261606,"comment_status":"open","ping_status":"open","sticky":false,"template":"","format":"standard","meta":[],"categories":[1],"tags":[2396,1821],"acf":[],"yoast_head":"<!-- This site is optimized with the Yoast SEO plugin v19.2 - https:\/\/yoast.com\/wordpress\/plugins\/seo\/ -->\n<title>Novena de Frei Galv\u00e3o come\u00e7a com celebra\u00e7\u00f5es e peregrina\u00e7\u00e3o pelas ruas de Guaratinguet\u00e1 - Not\u00edcias - Franciscanos<\/title>\n<meta name=\"robots\" content=\"index, follow, max-snippet:-1, max-image-preview:large, max-video-preview:-1\" \/>\n<link rel=\"canonical\" href=\"https:\/\/franciscanos.org.br\/noticias\/novena-de-frei-galvao-tem-inicio-com-celebracoes-e-peregrinacao-pelas-ruas-de-guaratingueta.html\" \/>\n<meta property=\"og:locale\" content=\"pt_BR\" \/>\n<meta property=\"og:type\" content=\"article\" \/>\n<meta property=\"og:title\" content=\"Novena de Frei Galv\u00e3o come\u00e7a com celebra\u00e7\u00f5es e peregrina\u00e7\u00e3o pelas ruas de Guaratinguet\u00e1 - Not\u00edcias - Franciscanos\" \/>\n<meta property=\"og:description\" content=\"Festa de Frei Galv\u00e3o 2025\" \/>\n<meta property=\"og:url\" content=\"https:\/\/franciscanos.org.br\/noticias\/novena-de-frei-galvao-tem-inicio-com-celebracoes-e-peregrinacao-pelas-ruas-de-guaratingueta.html\" \/>\n<meta property=\"og:site_name\" content=\"Not\u00edcias - Franciscanos\" \/>\n<meta property=\"article:published_time\" content=\"2025-10-17T17:22:59+00:00\" \/>\n<meta property=\"article:modified_time\" content=\"2025-10-17T18:47:52+00:00\" \/>\n<meta property=\"og:image\" content=\"https:\/\/franciscanos.org.br\/noticias\/wp-content\/uploads\/2025\/10\/chamada-35.jpg\" \/>\n\t<meta property=\"og:image:width\" content=\"800\" \/>\n\t<meta property=\"og:image:height\" content=\"550\" \/>\n\t<meta property=\"og:image:type\" content=\"image\/jpeg\" \/>\n<meta name=\"author\" content=\"Adriana Rabelo\" \/>\n<meta name=\"twitter:card\" content=\"summary_large_image\" \/>\n<meta name=\"twitter:label1\" content=\"Escrito por\" \/>\n\t<meta name=\"twitter:data1\" content=\"Adriana Rabelo\" \/>\n\t<meta name=\"twitter:label2\" content=\"Est. tempo de leitura\" \/>\n\t<meta name=\"twitter:data2\" content=\"3 minutos\" \/>\n<script type=\"application\/ld+json\" class=\"yoast-schema-graph\">{\"@context\":\"https:\/\/schema.org\",\"@graph\":[{\"@type\":\"WebSite\",\"@id\":\"https:\/\/franciscanos.org.br\/noticias\/#website\",\"url\":\"https:\/\/franciscanos.org.br\/noticias\/\",\"name\":\"Not\u00edcias - Franciscanos\",\"description\":\"Prov\u00edncia Franciscana da Imaculada Concei\u00e7\u00e3o do Brasil - Ordem dos Frades Menores - OFM\",\"potentialAction\":[{\"@type\":\"SearchAction\",\"target\":{\"@type\":\"EntryPoint\",\"urlTemplate\":\"https:\/\/franciscanos.org.br\/noticias\/?s={search_term_string}\"},\"query-input\":\"required name=search_term_string\"}],\"inLanguage\":\"pt-BR\"},{\"@type\":\"ImageObject\",\"inLanguage\":\"pt-BR\",\"@id\":\"https:\/\/franciscanos.org.br\/noticias\/novena-de-frei-galvao-tem-inicio-com-celebracoes-e-peregrinacao-pelas-ruas-de-guaratingueta.html#primaryimage\",\"url\":\"https:\/\/franciscanos.org.br\/noticias\/wp-content\/uploads\/2025\/10\/chamada-35.jpg\",\"contentUrl\":\"https:\/\/franciscanos.org.br\/noticias\/wp-content\/uploads\/2025\/10\/chamada-35.jpg\",\"width\":800,\"height\":550},{\"@type\":\"WebPage\",\"@id\":\"https:\/\/franciscanos.org.br\/noticias\/novena-de-frei-galvao-tem-inicio-com-celebracoes-e-peregrinacao-pelas-ruas-de-guaratingueta.html#webpage\",\"url\":\"https:\/\/franciscanos.org.br\/noticias\/novena-de-frei-galvao-tem-inicio-com-celebracoes-e-peregrinacao-pelas-ruas-de-guaratingueta.html\",\"name\":\"Novena de Frei Galv\u00e3o come\u00e7a com celebra\u00e7\u00f5es e peregrina\u00e7\u00e3o pelas ruas de Guaratinguet\u00e1 - Not\u00edcias - Franciscanos\",\"isPartOf\":{\"@id\":\"https:\/\/franciscanos.org.br\/noticias\/#website\"},\"primaryImageOfPage\":{\"@id\":\"https:\/\/franciscanos.org.br\/noticias\/novena-de-frei-galvao-tem-inicio-com-celebracoes-e-peregrinacao-pelas-ruas-de-guaratingueta.html#primaryimage\"},\"datePublished\":\"2025-10-17T17:22:59+00:00\",\"dateModified\":\"2025-10-17T18:47:52+00:00\",\"author\":{\"@id\":\"https:\/\/franciscanos.org.br\/noticias\/#\/schema\/person\/d9422e83121c3ad3b0f423d195f5bb25\"},\"breadcrumb\":{\"@id\":\"https:\/\/franciscanos.org.br\/noticias\/novena-de-frei-galvao-tem-inicio-com-celebracoes-e-peregrinacao-pelas-ruas-de-guaratingueta.html#breadcrumb\"},\"inLanguage\":\"pt-BR\",\"potentialAction\":[{\"@type\":\"ReadAction\",\"target\":[\"https:\/\/franciscanos.org.br\/noticias\/novena-de-frei-galvao-tem-inicio-com-celebracoes-e-peregrinacao-pelas-ruas-de-guaratingueta.html\"]}]},{\"@type\":\"BreadcrumbList\",\"@id\":\"https:\/\/franciscanos.org.br\/noticias\/novena-de-frei-galvao-tem-inicio-com-celebracoes-e-peregrinacao-pelas-ruas-de-guaratingueta.html#breadcrumb\",\"itemListElement\":[{\"@type\":\"ListItem\",\"position\":1,\"name\":\"Home\",\"item\":\"https:\/\/franciscanos.org.br\/noticias\"},{\"@type\":\"ListItem\",\"position\":2,\"name\":\"Novena de Frei Galv\u00e3o come\u00e7a com celebra\u00e7\u00f5es e peregrina\u00e7\u00e3o pelas ruas de Guaratinguet\u00e1\"}]},{\"@type\":\"Person\",\"@id\":\"https:\/\/franciscanos.org.br\/noticias\/#\/schema\/person\/d9422e83121c3ad3b0f423d195f5bb25\",\"name\":\"Adriana Rabelo\",\"image\":{\"@type\":\"ImageObject\",\"inLanguage\":\"pt-BR\",\"@id\":\"https:\/\/franciscanos.org.br\/noticias\/#\/schema\/person\/image\/\",\"url\":\"https:\/\/secure.gravatar.com\/avatar\/0a937b7500cd7df77540cfb8bede877d?s=96&d=mm&r=g\",\"contentUrl\":\"https:\/\/secure.gravatar.com\/avatar\/0a937b7500cd7df77540cfb8bede877d?s=96&d=mm&r=g\",\"caption\":\"Adriana Rabelo\"},\"url\":\"https:\/\/franciscanos.org.br\/noticias\/author\/adrianarabelo\"}]}<\/script>\n<!-- \/ Yoast SEO plugin. -->","yoast_head_json":{"title":"Novena de Frei Galv\u00e3o come\u00e7a com celebra\u00e7\u00f5es e peregrina\u00e7\u00e3o pelas ruas de Guaratinguet\u00e1 - Not\u00edcias - Franciscanos","robots":{"index":"index","follow":"follow","max-snippet":"max-snippet:-1","max-image-preview":"max-image-preview:large","max-video-preview":"max-video-preview:-1"},"canonical":"https:\/\/franciscanos.org.br\/noticias\/novena-de-frei-galvao-tem-inicio-com-celebracoes-e-peregrinacao-pelas-ruas-de-guaratingueta.html","og_locale":"pt_BR","og_type":"article","og_title":"Novena de Frei Galv\u00e3o come\u00e7a com celebra\u00e7\u00f5es e peregrina\u00e7\u00e3o pelas ruas de Guaratinguet\u00e1 - Not\u00edcias - Franciscanos","og_description":"Festa de Frei Galv\u00e3o 2025","og_url":"https:\/\/franciscanos.org.br\/noticias\/novena-de-frei-galvao-tem-inicio-com-celebracoes-e-peregrinacao-pelas-ruas-de-guaratingueta.html","og_site_name":"Not\u00edcias - Franciscanos","article_published_time":"2025-10-17T17:22:59+00:00","article_modified_time":"2025-10-17T18:47:52+00:00","og_image":[{"width":800,"height":550,"url":"https:\/\/franciscanos.org.br\/noticias\/wp-content\/uploads\/2025\/10\/chamada-35.jpg","type":"image\/jpeg"}],"author":"Adriana Rabelo","twitter_card":"summary_large_image","twitter_misc":{"Escrito por":"Adriana Rabelo","Est. tempo de leitura":"3 minutos"},"schema":{"@context":"https:\/\/schema.org","@graph":[{"@type":"WebSite","@id":"https:\/\/franciscanos.org.br\/noticias\/#website","url":"https:\/\/franciscanos.org.br\/noticias\/","name":"Not\u00edcias - Franciscanos","description":"Prov\u00edncia Franciscana da Imaculada Concei\u00e7\u00e3o do Brasil - Ordem dos Frades Menores - OFM","potentialAction":[{"@type":"SearchAction","target":{"@type":"EntryPoint","urlTemplate":"https:\/\/franciscanos.org.br\/noticias\/?s={search_term_string}"},"query-input":"required name=search_term_string"}],"inLanguage":"pt-BR"},{"@type":"ImageObject","inLanguage":"pt-BR","@id":"https:\/\/franciscanos.org.br\/noticias\/novena-de-frei-galvao-tem-inicio-com-celebracoes-e-peregrinacao-pelas-ruas-de-guaratingueta.html#primaryimage","url":"https:\/\/franciscanos.org.br\/noticias\/wp-content\/uploads\/2025\/10\/chamada-35.jpg","contentUrl":"https:\/\/franciscanos.org.br\/noticias\/wp-content\/uploads\/2025\/10\/chamada-35.jpg","width":800,"height":550},{"@type":"WebPage","@id":"https:\/\/franciscanos.org.br\/noticias\/novena-de-frei-galvao-tem-inicio-com-celebracoes-e-peregrinacao-pelas-ruas-de-guaratingueta.html#webpage","url":"https:\/\/franciscanos.org.br\/noticias\/novena-de-frei-galvao-tem-inicio-com-celebracoes-e-peregrinacao-pelas-ruas-de-guaratingueta.html","name":"Novena de Frei Galv\u00e3o come\u00e7a com celebra\u00e7\u00f5es e peregrina\u00e7\u00e3o pelas ruas de Guaratinguet\u00e1 - Not\u00edcias - Franciscanos","isPartOf":{"@id":"https:\/\/franciscanos.org.br\/noticias\/#website"},"primaryImageOfPage":{"@id":"https:\/\/franciscanos.org.br\/noticias\/novena-de-frei-galvao-tem-inicio-com-celebracoes-e-peregrinacao-pelas-ruas-de-guaratingueta.html#primaryimage"},"datePublished":"2025-10-17T17:22:59+00:00","dateModified":"2025-10-17T18:47:52+00:00","author":{"@id":"https:\/\/franciscanos.org.br\/noticias\/#\/schema\/person\/d9422e83121c3ad3b0f423d195f5bb25"},"breadcrumb":{"@id":"https:\/\/franciscanos.org.br\/noticias\/novena-de-frei-galvao-tem-inicio-com-celebracoes-e-peregrinacao-pelas-ruas-de-guaratingueta.html#breadcrumb"},"inLanguage":"pt-BR","potentialAction":[{"@type":"ReadAction","target":["https:\/\/franciscanos.org.br\/noticias\/novena-de-frei-galvao-tem-inicio-com-celebracoes-e-peregrinacao-pelas-ruas-de-guaratingueta.html"]}]},{"@type":"BreadcrumbList","@id":"https:\/\/franciscanos.org.br\/noticias\/novena-de-frei-galvao-tem-inicio-com-celebracoes-e-peregrinacao-pelas-ruas-de-guaratingueta.html#breadcrumb","itemListElement":[{"@type":"ListItem","position":1,"name":"Home","item":"https:\/\/franciscanos.org.br\/noticias"},{"@type":"ListItem","position":2,"name":"Novena de Frei Galv\u00e3o come\u00e7a com celebra\u00e7\u00f5es e peregrina\u00e7\u00e3o pelas ruas de Guaratinguet\u00e1"}]},{"@type":"Person","@id":"https:\/\/franciscanos.org.br\/noticias\/#\/schema\/person\/d9422e83121c3ad3b0f423d195f5bb25","name":"Adriana Rabelo","image":{"@type":"ImageObject","inLanguage":"pt-BR","@id":"https:\/\/franciscanos.org.br\/noticias\/#\/schema\/person\/image\/","url":"https:\/\/secure.gravatar.com\/avatar\/0a937b7500cd7df77540cfb8bede877d?s=96&d=mm&r=g","contentUrl":"https:\/\/secure.gravatar.com\/avatar\/0a937b7500cd7df77540cfb8bede877d?s=96&d=mm&r=g","caption":"Adriana Rabelo"},"url":"https:\/\/franciscanos.org.br\/noticias\/author\/adrianarabelo"}]}},"_links":{"self":[{"href":"https:\/\/franciscanos.org.br\/noticias\/wp-json\/wp\/v2\/posts\/261605"}],"collection":[{"href":"https:\/\/franciscanos.org.br\/noticias\/wp-json\/wp\/v2\/posts"}],"about":[{"href":"https:\/\/franciscanos.org.br\/noticias\/wp-json\/wp\/v2\/types\/post"}],"author":[{"embeddable":true,"href":"https:\/\/franciscanos.org.br\/noticias\/wp-json\/wp\/v2\/users\/11"}],"replies":[{"embeddable":true,"href":"https:\/\/franciscanos.org.br\/noticias\/wp-json\/wp\/v2\/comments?post=261605"}],"version-history":[{"count":5,"href":"https:\/\/franciscanos.org.br\/noticias\/wp-json\/wp\/v2\/posts\/261605\/revisions"}],"predecessor-version":[{"id":261616,"href":"https:\/\/franciscanos.org.br\/noticias\/wp-json\/wp\/v2\/posts\/261605\/revisions\/261616"}],"wp:featuredmedia":[{"embeddable":true,"href":"https:\/\/franciscanos.org.br\/noticias\/wp-json\/wp\/v2\/media\/261606"}],"wp:attachment":[{"href":"https:\/\/franciscanos.org.br\/noticias\/wp-json\/wp\/v2\/media?parent=261605"}],"wp:term":[{"taxonomy":"category","embeddable":true,"href":"https:\/\/franciscanos.org.br\/noticias\/wp-json\/wp\/v2\/categories?post=261605"},{"taxonomy":"post_tag","embeddable":true,"href":"https:\/\/franciscanos.org.br\/noticias\/wp-json\/wp\/v2\/tags?post=261605"}],"curies":[{"name":"wp","href":"https:\/\/api.w.org\/{rel}","templated":true}]}}