{"id":261596,"date":"2025-10-17T07:44:03","date_gmt":"2025-10-17T10:44:03","guid":{"rendered":"https:\/\/franciscanos.org.br\/noticias\/?p=261596"},"modified":"2025-10-17T16:44:34","modified_gmt":"2025-10-17T19:44:34","slug":"tv-celinauta-exibe-documentario-especial-sobre-o-congresso-franciscano-realizado-no-rio-de-janeiro","status":"publish","type":"post","link":"https:\/\/franciscanos.org.br\/noticias\/tv-celinauta-exibe-documentario-especial-sobre-o-congresso-franciscano-realizado-no-rio-de-janeiro.html","title":{"rendered":"TV Celinauta exibe document\u00e1rio especial sobre o Congresso Franciscano realizado no Rio de Janeiro"},"content":{"rendered":"<p><img loading=\"lazy\" class=\"aligncenter wp-image-261598 size-full\" src=\"https:\/\/franciscanos.org.br\/noticias\/wp-content\/uploads\/2025\/10\/materia-topo-3.jpg\" alt=\"\" width=\"1280\" height=\"720\" srcset=\"https:\/\/franciscanos.org.br\/noticias\/wp-content\/uploads\/2025\/10\/materia-topo-3.jpg 1280w, https:\/\/franciscanos.org.br\/noticias\/wp-content\/uploads\/2025\/10\/materia-topo-3-450x253.jpg 450w, https:\/\/franciscanos.org.br\/noticias\/wp-content\/uploads\/2025\/10\/materia-topo-3-1024x576.jpg 1024w, https:\/\/franciscanos.org.br\/noticias\/wp-content\/uploads\/2025\/10\/materia-topo-3-768x432.jpg 768w, https:\/\/franciscanos.org.br\/noticias\/wp-content\/uploads\/2025\/10\/materia-topo-3-150x84.jpg 150w\" sizes=\"(max-width: 1280px) 100vw, 1280px\" \/><\/p>\n<p>A TV Celinauta, emissora da Rede Celinauta de Comunica\u00e7\u00e3o, com sede em Pato Branco (PR), exibe nesta\u00a0<strong>sexta-feira, 17 de outubro, \u00e0s 18h<\/strong>, um\u00a0<strong>document\u00e1rio especial <\/strong>sobre o\u00a0<strong>Congresso Franciscano realizado no Convento de Santo Ant\u00f4nio, no Rio de Janeiro<\/strong>, entre os dias\u00a0<strong>24 e 26 de setembro de 2025<\/strong>.<\/p>\n<p>A produ\u00e7\u00e3o dos profissionais Jonas Frozza e Marcos Souza mostra os principais momentos do encontro que reuniu\u00a0frades, leigos, pesquisadores, professores e doutores\u00a0em torno de um mesmo ideal: refletir sobre a\u00a0<strong>presen\u00e7a franciscana no Brasil<\/strong>\u00a0e celebrar os\u00a0<strong>350 anos da Prov\u00edncia da Imaculada Concei\u00e7\u00e3o do Brasil<\/strong>, uma das mais antigas das prov\u00edncias franciscanas em territ\u00f3rio nacional.<\/p>\n<p>Gravado no cora\u00e7\u00e3o do Rio de Janeiro, o document\u00e1rio conduz o telespectador ao\u00a0<strong>Convento de Santo Ant\u00f4nio<\/strong>, primeira sede da Prov\u00edncia, fundado em\u00a01675. Entre o vai e vem do Largo da Carioca, o espa\u00e7o hist\u00f3rico se transforma em cen\u00e1rio de\u00a0mem\u00f3ria, f\u00e9 e di\u00e1logo interdisciplinar, unindo temas como teologia, arte, cultura, hist\u00f3ria e educa\u00e7\u00e3o.<\/p>\n<div id=\"attachment_261599\" style=\"width: 1290px\" class=\"wp-caption alignnone\"><img aria-describedby=\"caption-attachment-261599\" loading=\"lazy\" class=\"wp-image-261599 size-full\" src=\"https:\/\/franciscanos.org.br\/noticias\/wp-content\/uploads\/2025\/10\/materia-1-17.jpg\" alt=\"\" width=\"1280\" height=\"720\" srcset=\"https:\/\/franciscanos.org.br\/noticias\/wp-content\/uploads\/2025\/10\/materia-1-17.jpg 1280w, https:\/\/franciscanos.org.br\/noticias\/wp-content\/uploads\/2025\/10\/materia-1-17-450x253.jpg 450w, https:\/\/franciscanos.org.br\/noticias\/wp-content\/uploads\/2025\/10\/materia-1-17-1024x576.jpg 1024w, https:\/\/franciscanos.org.br\/noticias\/wp-content\/uploads\/2025\/10\/materia-1-17-768x432.jpg 768w, https:\/\/franciscanos.org.br\/noticias\/wp-content\/uploads\/2025\/10\/materia-1-17-150x84.jpg 150w\" sizes=\"(max-width: 1280px) 100vw, 1280px\" \/><p id=\"caption-attachment-261599\" class=\"wp-caption-text\">Frei Paulo Roberto Pereira, Ministro provincial<\/p><\/div>\n<p>Com imagens, depoimentos e trechos das confer\u00eancias, o programa revela\u00a0<strong>a influ\u00eancia dos franciscanos na forma\u00e7\u00e3o cultural e espiritual do pa\u00eds<\/strong>, desde o per\u00edodo colonial at\u00e9 os desafios atuais, e destaca o papel de figuras marcantes, como\u00a0Frei Pedro Sinzig, cuja obra musical dialoga com a cultura brasileira, e\u00a0Frei Constantino Koser, o primeiro latino-americano a ocupar o cargo de Ministro Geral da Ordem dos Frades Menores em Roma, no per\u00edodo do Conc\u00edlio Vaticano II.<\/p>\n<div id=\"attachment_261600\" style=\"width: 1290px\" class=\"wp-caption alignnone\"><img aria-describedby=\"caption-attachment-261600\" loading=\"lazy\" class=\"wp-image-261600 size-full\" src=\"https:\/\/franciscanos.org.br\/noticias\/wp-content\/uploads\/2025\/10\/materia-2-4.jpg\" alt=\"\" width=\"1280\" height=\"720\" srcset=\"https:\/\/franciscanos.org.br\/noticias\/wp-content\/uploads\/2025\/10\/materia-2-4.jpg 1280w, https:\/\/franciscanos.org.br\/noticias\/wp-content\/uploads\/2025\/10\/materia-2-4-450x253.jpg 450w, https:\/\/franciscanos.org.br\/noticias\/wp-content\/uploads\/2025\/10\/materia-2-4-1024x576.jpg 1024w, https:\/\/franciscanos.org.br\/noticias\/wp-content\/uploads\/2025\/10\/materia-2-4-768x432.jpg 768w, https:\/\/franciscanos.org.br\/noticias\/wp-content\/uploads\/2025\/10\/materia-2-4-150x84.jpg 150w\" sizes=\"(max-width: 1280px) 100vw, 1280px\" \/><p id=\"caption-attachment-261600\" class=\"wp-caption-text\">Frei Alvaci Mendes da Luz, pesquisador e reitor da USF<\/p><\/div>\n<p>O congresso tamb\u00e9m abriu espa\u00e7o para o di\u00e1logo sobre\u00a0<strong>as devo\u00e7\u00f5es populares e o impacto franciscano nas express\u00f5es de f\u00e9 do povo brasileiro<\/strong>, como as irmandades de S\u00e3o Benedito e os cultos marianos. Al\u00e9m disso, pesquisadores apresentaram trabalhos sobre\u00a0<strong>franciscanismo medieval, espiritualidade e cultura contempor\u00e2nea<\/strong>, reafirmando a vitalidade do legado de S\u00e3o Francisco e Santa Clara.<\/p>\n<p>Em um dos trechos do document\u00e1rio, um dos participantes resume o esp\u00edrito do encontro: \u201cFoi extremamente inspirador, pensando o passado, mas nunca preso a ele. Celebrar 350 anos \u00e9 projetar o futuro, um futuro iluminado pela fraternidade e pelo Evangelho\u201d.<\/p>\n<div id=\"attachment_261601\" style=\"width: 1290px\" class=\"wp-caption alignnone\"><img aria-describedby=\"caption-attachment-261601\" loading=\"lazy\" class=\"wp-image-261601 size-full\" src=\"https:\/\/franciscanos.org.br\/noticias\/wp-content\/uploads\/2025\/10\/materia2-15.jpg\" alt=\"\" width=\"1280\" height=\"720\" srcset=\"https:\/\/franciscanos.org.br\/noticias\/wp-content\/uploads\/2025\/10\/materia2-15.jpg 1280w, https:\/\/franciscanos.org.br\/noticias\/wp-content\/uploads\/2025\/10\/materia2-15-450x253.jpg 450w, https:\/\/franciscanos.org.br\/noticias\/wp-content\/uploads\/2025\/10\/materia2-15-1024x576.jpg 1024w, https:\/\/franciscanos.org.br\/noticias\/wp-content\/uploads\/2025\/10\/materia2-15-768x432.jpg 768w, https:\/\/franciscanos.org.br\/noticias\/wp-content\/uploads\/2025\/10\/materia2-15-150x84.jpg 150w\" sizes=\"(max-width: 1280px) 100vw, 1280px\" \/><p id=\"caption-attachment-261601\" class=\"wp-caption-text\">Profa. Dra. Marta Castello Branco, pesquisadora da UFJF<\/p><\/div>\n<p>A exibi\u00e7\u00e3o do especial pela TV Celinauta \u00e9 uma\u00a0<strong>oportunidade de reviver a riqueza de um congresso que uniu gera\u00e7\u00f5es de franciscanos e estudiosos<\/strong>, reafirmando o compromisso da Ordem com a cultura, a educa\u00e7\u00e3o e o di\u00e1logo. Uma imers\u00e3o na hist\u00f3ria, na espiritualidade e na contribui\u00e7\u00e3o franciscana para o Brasil. Um legado vivo que continua a inspirar novas gera\u00e7\u00f5es.<\/p>\n<p><strong>Assista por aqui a partir das 18h desta sexta-feira (17\/10)<\/strong><\/p>\n<p><iframe loading=\"lazy\" title=\"YouTube video player\" src=\"https:\/\/www.youtube.com\/embed\/jzhBRPb7WF0?si=iYEjEfrL2v5MLv3W\" width=\"100%\" height=\"480\" frameborder=\"0\" allowfullscreen=\"allowfullscreen\"><\/iframe><\/p>\n<hr \/>\n<p><em>Frei Augusto Luiz Gabriel<\/em><\/p>\n","protected":false},"excerpt":{"rendered":"<p>Jubileu 350 anos<\/p>\n","protected":false},"author":11,"featured_media":261597,"comment_status":"open","ping_status":"open","sticky":false,"template":"","format":"standard","meta":[],"categories":[1],"tags":[2003,2278,2395],"acf":[],"yoast_head":"<!-- This site is optimized with the Yoast SEO plugin v19.2 - https:\/\/yoast.com\/wordpress\/plugins\/seo\/ -->\n<title>TV Celinauta exibe document\u00e1rio especial sobre o Congresso Franciscano realizado no Rio de Janeiro - Not\u00edcias - Franciscanos<\/title>\n<meta name=\"robots\" content=\"index, follow, max-snippet:-1, max-image-preview:large, max-video-preview:-1\" \/>\n<link rel=\"canonical\" href=\"https:\/\/franciscanos.org.br\/noticias\/tv-celinauta-exibe-documentario-especial-sobre-o-congresso-franciscano-realizado-no-rio-de-janeiro.html\" \/>\n<meta property=\"og:locale\" content=\"pt_BR\" \/>\n<meta property=\"og:type\" content=\"article\" \/>\n<meta property=\"og:title\" content=\"TV Celinauta exibe document\u00e1rio especial sobre o Congresso Franciscano realizado no Rio de Janeiro - Not\u00edcias - Franciscanos\" \/>\n<meta property=\"og:description\" content=\"Jubileu 350 anos\" \/>\n<meta property=\"og:url\" content=\"https:\/\/franciscanos.org.br\/noticias\/tv-celinauta-exibe-documentario-especial-sobre-o-congresso-franciscano-realizado-no-rio-de-janeiro.html\" \/>\n<meta property=\"og:site_name\" content=\"Not\u00edcias - Franciscanos\" \/>\n<meta property=\"article:published_time\" content=\"2025-10-17T10:44:03+00:00\" \/>\n<meta property=\"article:modified_time\" content=\"2025-10-17T19:44:34+00:00\" \/>\n<meta property=\"og:image\" content=\"https:\/\/franciscanos.org.br\/noticias\/wp-content\/uploads\/2025\/10\/chamada-34.jpg\" \/>\n\t<meta property=\"og:image:width\" content=\"800\" \/>\n\t<meta property=\"og:image:height\" content=\"550\" \/>\n\t<meta property=\"og:image:type\" content=\"image\/jpeg\" \/>\n<meta name=\"author\" content=\"Adriana Rabelo\" \/>\n<meta name=\"twitter:card\" content=\"summary_large_image\" \/>\n<meta name=\"twitter:label1\" content=\"Escrito por\" \/>\n\t<meta name=\"twitter:data1\" content=\"Adriana Rabelo\" \/>\n\t<meta name=\"twitter:label2\" content=\"Est. tempo de leitura\" \/>\n\t<meta name=\"twitter:data2\" content=\"4 minutos\" \/>\n<script type=\"application\/ld+json\" class=\"yoast-schema-graph\">{\"@context\":\"https:\/\/schema.org\",\"@graph\":[{\"@type\":\"WebSite\",\"@id\":\"https:\/\/franciscanos.org.br\/noticias\/#website\",\"url\":\"https:\/\/franciscanos.org.br\/noticias\/\",\"name\":\"Not\u00edcias - Franciscanos\",\"description\":\"Prov\u00edncia Franciscana da Imaculada Concei\u00e7\u00e3o do Brasil - Ordem dos Frades Menores - OFM\",\"potentialAction\":[{\"@type\":\"SearchAction\",\"target\":{\"@type\":\"EntryPoint\",\"urlTemplate\":\"https:\/\/franciscanos.org.br\/noticias\/?s={search_term_string}\"},\"query-input\":\"required name=search_term_string\"}],\"inLanguage\":\"pt-BR\"},{\"@type\":\"ImageObject\",\"inLanguage\":\"pt-BR\",\"@id\":\"https:\/\/franciscanos.org.br\/noticias\/tv-celinauta-exibe-documentario-especial-sobre-o-congresso-franciscano-realizado-no-rio-de-janeiro.html#primaryimage\",\"url\":\"https:\/\/franciscanos.org.br\/noticias\/wp-content\/uploads\/2025\/10\/chamada-34.jpg\",\"contentUrl\":\"https:\/\/franciscanos.org.br\/noticias\/wp-content\/uploads\/2025\/10\/chamada-34.jpg\",\"width\":800,\"height\":550},{\"@type\":\"WebPage\",\"@id\":\"https:\/\/franciscanos.org.br\/noticias\/tv-celinauta-exibe-documentario-especial-sobre-o-congresso-franciscano-realizado-no-rio-de-janeiro.html#webpage\",\"url\":\"https:\/\/franciscanos.org.br\/noticias\/tv-celinauta-exibe-documentario-especial-sobre-o-congresso-franciscano-realizado-no-rio-de-janeiro.html\",\"name\":\"TV Celinauta exibe document\u00e1rio especial sobre o Congresso Franciscano realizado no Rio de Janeiro - Not\u00edcias - Franciscanos\",\"isPartOf\":{\"@id\":\"https:\/\/franciscanos.org.br\/noticias\/#website\"},\"primaryImageOfPage\":{\"@id\":\"https:\/\/franciscanos.org.br\/noticias\/tv-celinauta-exibe-documentario-especial-sobre-o-congresso-franciscano-realizado-no-rio-de-janeiro.html#primaryimage\"},\"datePublished\":\"2025-10-17T10:44:03+00:00\",\"dateModified\":\"2025-10-17T19:44:34+00:00\",\"author\":{\"@id\":\"https:\/\/franciscanos.org.br\/noticias\/#\/schema\/person\/d9422e83121c3ad3b0f423d195f5bb25\"},\"breadcrumb\":{\"@id\":\"https:\/\/franciscanos.org.br\/noticias\/tv-celinauta-exibe-documentario-especial-sobre-o-congresso-franciscano-realizado-no-rio-de-janeiro.html#breadcrumb\"},\"inLanguage\":\"pt-BR\",\"potentialAction\":[{\"@type\":\"ReadAction\",\"target\":[\"https:\/\/franciscanos.org.br\/noticias\/tv-celinauta-exibe-documentario-especial-sobre-o-congresso-franciscano-realizado-no-rio-de-janeiro.html\"]}]},{\"@type\":\"BreadcrumbList\",\"@id\":\"https:\/\/franciscanos.org.br\/noticias\/tv-celinauta-exibe-documentario-especial-sobre-o-congresso-franciscano-realizado-no-rio-de-janeiro.html#breadcrumb\",\"itemListElement\":[{\"@type\":\"ListItem\",\"position\":1,\"name\":\"Home\",\"item\":\"https:\/\/franciscanos.org.br\/noticias\"},{\"@type\":\"ListItem\",\"position\":2,\"name\":\"TV Celinauta exibe document\u00e1rio especial sobre o Congresso Franciscano realizado no Rio de Janeiro\"}]},{\"@type\":\"Person\",\"@id\":\"https:\/\/franciscanos.org.br\/noticias\/#\/schema\/person\/d9422e83121c3ad3b0f423d195f5bb25\",\"name\":\"Adriana Rabelo\",\"image\":{\"@type\":\"ImageObject\",\"inLanguage\":\"pt-BR\",\"@id\":\"https:\/\/franciscanos.org.br\/noticias\/#\/schema\/person\/image\/\",\"url\":\"https:\/\/secure.gravatar.com\/avatar\/0a937b7500cd7df77540cfb8bede877d?s=96&d=mm&r=g\",\"contentUrl\":\"https:\/\/secure.gravatar.com\/avatar\/0a937b7500cd7df77540cfb8bede877d?s=96&d=mm&r=g\",\"caption\":\"Adriana Rabelo\"},\"url\":\"https:\/\/franciscanos.org.br\/noticias\/author\/adrianarabelo\"}]}<\/script>\n<!-- \/ Yoast SEO plugin. -->","yoast_head_json":{"title":"TV Celinauta exibe document\u00e1rio especial sobre o Congresso Franciscano realizado no Rio de Janeiro - Not\u00edcias - Franciscanos","robots":{"index":"index","follow":"follow","max-snippet":"max-snippet:-1","max-image-preview":"max-image-preview:large","max-video-preview":"max-video-preview:-1"},"canonical":"https:\/\/franciscanos.org.br\/noticias\/tv-celinauta-exibe-documentario-especial-sobre-o-congresso-franciscano-realizado-no-rio-de-janeiro.html","og_locale":"pt_BR","og_type":"article","og_title":"TV Celinauta exibe document\u00e1rio especial sobre o Congresso Franciscano realizado no Rio de Janeiro - Not\u00edcias - Franciscanos","og_description":"Jubileu 350 anos","og_url":"https:\/\/franciscanos.org.br\/noticias\/tv-celinauta-exibe-documentario-especial-sobre-o-congresso-franciscano-realizado-no-rio-de-janeiro.html","og_site_name":"Not\u00edcias - Franciscanos","article_published_time":"2025-10-17T10:44:03+00:00","article_modified_time":"2025-10-17T19:44:34+00:00","og_image":[{"width":800,"height":550,"url":"https:\/\/franciscanos.org.br\/noticias\/wp-content\/uploads\/2025\/10\/chamada-34.jpg","type":"image\/jpeg"}],"author":"Adriana Rabelo","twitter_card":"summary_large_image","twitter_misc":{"Escrito por":"Adriana Rabelo","Est. tempo de leitura":"4 minutos"},"schema":{"@context":"https:\/\/schema.org","@graph":[{"@type":"WebSite","@id":"https:\/\/franciscanos.org.br\/noticias\/#website","url":"https:\/\/franciscanos.org.br\/noticias\/","name":"Not\u00edcias - Franciscanos","description":"Prov\u00edncia Franciscana da Imaculada Concei\u00e7\u00e3o do Brasil - Ordem dos Frades Menores - OFM","potentialAction":[{"@type":"SearchAction","target":{"@type":"EntryPoint","urlTemplate":"https:\/\/franciscanos.org.br\/noticias\/?s={search_term_string}"},"query-input":"required name=search_term_string"}],"inLanguage":"pt-BR"},{"@type":"ImageObject","inLanguage":"pt-BR","@id":"https:\/\/franciscanos.org.br\/noticias\/tv-celinauta-exibe-documentario-especial-sobre-o-congresso-franciscano-realizado-no-rio-de-janeiro.html#primaryimage","url":"https:\/\/franciscanos.org.br\/noticias\/wp-content\/uploads\/2025\/10\/chamada-34.jpg","contentUrl":"https:\/\/franciscanos.org.br\/noticias\/wp-content\/uploads\/2025\/10\/chamada-34.jpg","width":800,"height":550},{"@type":"WebPage","@id":"https:\/\/franciscanos.org.br\/noticias\/tv-celinauta-exibe-documentario-especial-sobre-o-congresso-franciscano-realizado-no-rio-de-janeiro.html#webpage","url":"https:\/\/franciscanos.org.br\/noticias\/tv-celinauta-exibe-documentario-especial-sobre-o-congresso-franciscano-realizado-no-rio-de-janeiro.html","name":"TV Celinauta exibe document\u00e1rio especial sobre o Congresso Franciscano realizado no Rio de Janeiro - Not\u00edcias - Franciscanos","isPartOf":{"@id":"https:\/\/franciscanos.org.br\/noticias\/#website"},"primaryImageOfPage":{"@id":"https:\/\/franciscanos.org.br\/noticias\/tv-celinauta-exibe-documentario-especial-sobre-o-congresso-franciscano-realizado-no-rio-de-janeiro.html#primaryimage"},"datePublished":"2025-10-17T10:44:03+00:00","dateModified":"2025-10-17T19:44:34+00:00","author":{"@id":"https:\/\/franciscanos.org.br\/noticias\/#\/schema\/person\/d9422e83121c3ad3b0f423d195f5bb25"},"breadcrumb":{"@id":"https:\/\/franciscanos.org.br\/noticias\/tv-celinauta-exibe-documentario-especial-sobre-o-congresso-franciscano-realizado-no-rio-de-janeiro.html#breadcrumb"},"inLanguage":"pt-BR","potentialAction":[{"@type":"ReadAction","target":["https:\/\/franciscanos.org.br\/noticias\/tv-celinauta-exibe-documentario-especial-sobre-o-congresso-franciscano-realizado-no-rio-de-janeiro.html"]}]},{"@type":"BreadcrumbList","@id":"https:\/\/franciscanos.org.br\/noticias\/tv-celinauta-exibe-documentario-especial-sobre-o-congresso-franciscano-realizado-no-rio-de-janeiro.html#breadcrumb","itemListElement":[{"@type":"ListItem","position":1,"name":"Home","item":"https:\/\/franciscanos.org.br\/noticias"},{"@type":"ListItem","position":2,"name":"TV Celinauta exibe document\u00e1rio especial sobre o Congresso Franciscano realizado no Rio de Janeiro"}]},{"@type":"Person","@id":"https:\/\/franciscanos.org.br\/noticias\/#\/schema\/person\/d9422e83121c3ad3b0f423d195f5bb25","name":"Adriana Rabelo","image":{"@type":"ImageObject","inLanguage":"pt-BR","@id":"https:\/\/franciscanos.org.br\/noticias\/#\/schema\/person\/image\/","url":"https:\/\/secure.gravatar.com\/avatar\/0a937b7500cd7df77540cfb8bede877d?s=96&d=mm&r=g","contentUrl":"https:\/\/secure.gravatar.com\/avatar\/0a937b7500cd7df77540cfb8bede877d?s=96&d=mm&r=g","caption":"Adriana Rabelo"},"url":"https:\/\/franciscanos.org.br\/noticias\/author\/adrianarabelo"}]}},"_links":{"self":[{"href":"https:\/\/franciscanos.org.br\/noticias\/wp-json\/wp\/v2\/posts\/261596"}],"collection":[{"href":"https:\/\/franciscanos.org.br\/noticias\/wp-json\/wp\/v2\/posts"}],"about":[{"href":"https:\/\/franciscanos.org.br\/noticias\/wp-json\/wp\/v2\/types\/post"}],"author":[{"embeddable":true,"href":"https:\/\/franciscanos.org.br\/noticias\/wp-json\/wp\/v2\/users\/11"}],"replies":[{"embeddable":true,"href":"https:\/\/franciscanos.org.br\/noticias\/wp-json\/wp\/v2\/comments?post=261596"}],"version-history":[{"count":5,"href":"https:\/\/franciscanos.org.br\/noticias\/wp-json\/wp\/v2\/posts\/261596\/revisions"}],"predecessor-version":[{"id":261618,"href":"https:\/\/franciscanos.org.br\/noticias\/wp-json\/wp\/v2\/posts\/261596\/revisions\/261618"}],"wp:featuredmedia":[{"embeddable":true,"href":"https:\/\/franciscanos.org.br\/noticias\/wp-json\/wp\/v2\/media\/261597"}],"wp:attachment":[{"href":"https:\/\/franciscanos.org.br\/noticias\/wp-json\/wp\/v2\/media?parent=261596"}],"wp:term":[{"taxonomy":"category","embeddable":true,"href":"https:\/\/franciscanos.org.br\/noticias\/wp-json\/wp\/v2\/categories?post=261596"},{"taxonomy":"post_tag","embeddable":true,"href":"https:\/\/franciscanos.org.br\/noticias\/wp-json\/wp\/v2\/tags?post=261596"}],"curies":[{"name":"wp","href":"https:\/\/api.w.org\/{rel}","templated":true}]}}