{"id":261547,"date":"2025-10-16T07:30:05","date_gmt":"2025-10-16T10:30:05","guid":{"rendered":"https:\/\/franciscanos.org.br\/noticias\/?p=261547"},"modified":"2025-10-16T11:33:24","modified_gmt":"2025-10-16T14:33:24","slug":"conheca-o-novo-conselho-da-custodia-imaculada-mae-de-deus-de-angola","status":"publish","type":"post","link":"https:\/\/franciscanos.org.br\/noticias\/conheca-o-novo-conselho-da-custodia-imaculada-mae-de-deus-de-angola.html","title":{"rendered":"Conhe\u00e7a o Conselho da Cust\u00f3dia Imaculada M\u00e3e de Deus de Angola"},"content":{"rendered":"<p><img loading=\"lazy\" class=\"aligncenter wp-image-261549 size-full\" src=\"https:\/\/franciscanos.org.br\/noticias\/wp-content\/uploads\/2025\/10\/Topo-da-materia-2.png\" alt=\"\" width=\"1280\" height=\"720\" srcset=\"https:\/\/franciscanos.org.br\/noticias\/wp-content\/uploads\/2025\/10\/Topo-da-materia-2.png 1280w, https:\/\/franciscanos.org.br\/noticias\/wp-content\/uploads\/2025\/10\/Topo-da-materia-2-450x253.png 450w, https:\/\/franciscanos.org.br\/noticias\/wp-content\/uploads\/2025\/10\/Topo-da-materia-2-1024x576.png 1024w, https:\/\/franciscanos.org.br\/noticias\/wp-content\/uploads\/2025\/10\/Topo-da-materia-2-768x432.png 768w, https:\/\/franciscanos.org.br\/noticias\/wp-content\/uploads\/2025\/10\/Topo-da-materia-2-150x84.png 150w\" sizes=\"(max-width: 1280px) 100vw, 1280px\" \/><\/p>\n<p>O Cap\u00edtulo hist\u00f3rico realizado no Kimbo S\u00e3o Francisco, em Angola, entre os dias 13 e 15 de outubro, marcou o in\u00edcio de uma nova etapa da presen\u00e7a franciscana no continente africano, que culminou com o nascimento da Cust\u00f3dia Imaculada M\u00e3e de Deus de Angola neste dia 16 de outubro.<\/p>\n<p>Para acompanhar os passos da nova entidade, na tarde desta quarta-feira, 15 de outubro, os frades reunidos no Cap\u00edtulo da FIMDA, receberam do Ministro geral, Frei Massimo Fusarelli, o an\u00fancio da nomea\u00e7\u00e3o do Cust\u00f3dio e dos quatro novos Conselheiros que, nos pr\u00f3ximos tr\u00eas anos, ir\u00e3o acompanhar a miss\u00e3o da Cust\u00f3dia.<\/p>\n<p>A leitura do Decreto de Elei\u00e7\u00e3o foi feita pelo Ministro geral durante a Ora\u00e7\u00e3o das V\u00e9speras, \u00e0s 18h, hor\u00e1rio local (14h no Brasil).<\/p>\n<p>&nbsp;<\/p>\n<h3>Conhe\u00e7a o perfil dos Conselheiros:<\/h3>\n<p>&nbsp;<\/p>\n<h3><strong><img loading=\"lazy\" class=\"size-medium wp-image-261550 alignright\" src=\"https:\/\/franciscanos.org.br\/noticias\/wp-content\/uploads\/2025\/10\/Custodio-Frei-Ivair-1-450x450.png\" alt=\"\" width=\"450\" height=\"450\" srcset=\"https:\/\/franciscanos.org.br\/noticias\/wp-content\/uploads\/2025\/10\/Custodio-Frei-Ivair-1-450x450.png 450w, https:\/\/franciscanos.org.br\/noticias\/wp-content\/uploads\/2025\/10\/Custodio-Frei-Ivair-1-1024x1024.png 1024w, https:\/\/franciscanos.org.br\/noticias\/wp-content\/uploads\/2025\/10\/Custodio-Frei-Ivair-1-300x300.png 300w, https:\/\/franciscanos.org.br\/noticias\/wp-content\/uploads\/2025\/10\/Custodio-Frei-Ivair-1-768x768.png 768w, https:\/\/franciscanos.org.br\/noticias\/wp-content\/uploads\/2025\/10\/Custodio-Frei-Ivair-1-150x150.png 150w, https:\/\/franciscanos.org.br\/noticias\/wp-content\/uploads\/2025\/10\/Custodio-Frei-Ivair-1-100x100.png 100w, https:\/\/franciscanos.org.br\/noticias\/wp-content\/uploads\/2025\/10\/Custodio-Frei-Ivair-1.png 1080w\" sizes=\"(max-width: 450px) 100vw, 450px\" \/>Cust\u00f3dio<\/strong><\/h3>\n<p><strong>Frei Ivair Bueno de Carvalho, OFM<\/strong><\/p>\n<p>Nascimento: 31 de janeiro de 1973, em Sorocaba (S\u00e3o Paulo, Brasil) (52 anos)<\/p>\n<p>Admiss\u00e3o ao Noviciado: 10 de janeiro de 1997<\/p>\n<p>Primeira Profiss\u00e3o: 9 de janeiro de 1998 (27 anos de vida religiosa)<\/p>\n<p>Profiss\u00e3o Solene: 30 de julho de 2005<\/p>\n<p>Hist\u00f3rico: Frei Ivair foi a Angola pela primeira vez em 2001 e l\u00e1 permaneceu por tr\u00eas anos servindo \u00e0 miss\u00e3o. Retornou ao Brasil para realizar seus estudos teol\u00f3gicos e, ao conclu\u00ed-los, foi enviado \u00e0 Fraternidade S\u00e3o Jos\u00e9 (Guaratinguet\u00e1, SP), para, a partir dali, auxiliar nos tr\u00e2mites documentais dos irm\u00e3os que iam e voltavam de Angola. Em 2011 foi transferido para Angola e j\u00e1 pertenceu a diversas das fraternidades estando a servi\u00e7o, da anima\u00e7\u00e3o vocacional, da forma\u00e7\u00e3o e da evangeliza\u00e7\u00e3o. Em 2019 foi nomeado como Conselheiro e, em 2022, como Presidente da FIMDA, of\u00edcio que cumpria at\u00e9 agora.<\/p>\n<p>&nbsp;<\/p>\n<p>&nbsp;<\/p>\n<hr \/>\n<p>&nbsp;<\/p>\n<p>&nbsp;<\/p>\n<p><strong><img loading=\"lazy\" class=\"size-medium wp-image-261551 alignleft\" src=\"https:\/\/franciscanos.org.br\/noticias\/wp-content\/uploads\/2025\/10\/1-conselheiro-Frei-Ermelindo-1-450x450.png\" alt=\"\" width=\"450\" height=\"450\" srcset=\"https:\/\/franciscanos.org.br\/noticias\/wp-content\/uploads\/2025\/10\/1-conselheiro-Frei-Ermelindo-1-450x450.png 450w, https:\/\/franciscanos.org.br\/noticias\/wp-content\/uploads\/2025\/10\/1-conselheiro-Frei-Ermelindo-1-1024x1024.png 1024w, https:\/\/franciscanos.org.br\/noticias\/wp-content\/uploads\/2025\/10\/1-conselheiro-Frei-Ermelindo-1-300x300.png 300w, https:\/\/franciscanos.org.br\/noticias\/wp-content\/uploads\/2025\/10\/1-conselheiro-Frei-Ermelindo-1-768x768.png 768w, https:\/\/franciscanos.org.br\/noticias\/wp-content\/uploads\/2025\/10\/1-conselheiro-Frei-Ermelindo-1-150x150.png 150w, https:\/\/franciscanos.org.br\/noticias\/wp-content\/uploads\/2025\/10\/1-conselheiro-Frei-Ermelindo-1-100x100.png 100w, https:\/\/franciscanos.org.br\/noticias\/wp-content\/uploads\/2025\/10\/1-conselheiro-Frei-Ermelindo-1.png 1080w\" sizes=\"(max-width: 450px) 100vw, 450px\" \/><\/strong><\/p>\n<h3>1\u00ba Conselheiro<\/h3>\n<p><strong>Frei Ermelindo Francisco Bambi, OFM<\/strong><\/p>\n<p>Nascimento: 1\u00ba de mar\u00e7o de 1987, em Ingombotas (Luanda, Angola) (38 anos)<\/p>\n<p>Admiss\u00e3o ao Noviciado: 12 de janeiro de 2013<\/p>\n<p>Primeira Profiss\u00e3o: 3 de janeiro de 2014 (11 anos de vida religiosa)<\/p>\n<p>Profiss\u00e3o Solene: 24 de setembro de 2017<\/p>\n<p>Ordena\u00e7\u00e3o Presbiteral: 25 de novembro de 2018<\/p>\n<p><strong>Hist\u00f3rico:<\/strong> Frei Ermelindo concluiu seus estudos teol\u00f3gicos em 2016, cursados no Instituto Teol\u00f3gico Franciscano (Petr\u00f3polis, RJ). Ent\u00e3o, retornou \u00e0 Angola para integrar a Fraternidade do Semin\u00e1rio Monte Alverne (Catepa, Malange) onde atuou entre 2018 e 2022 como orientador dos seminaristas e vocacionados, reitor do semin\u00e1rio e colaborou com a anima\u00e7\u00e3o vocacional da FIMDA. A partir de 2022, foi transferido para a Fraternidade da Porci\u00fancula (Mulenvos, Luanda), onde continuou atuando na anima\u00e7\u00e3o vocacional, na forma\u00e7\u00e3o, assim como na coordena\u00e7\u00e3o da fraternidade como Guardi\u00e3o e, a partir de ent\u00e3o, foi nomeado para o of\u00edcio de Conselheiro, of\u00edcio que cumpria at\u00e9 agora.<\/p>\n<hr \/>\n<p>&nbsp;<\/p>\n<h3>2\u00ba Conselheiro<\/h3>\n<p><strong><img loading=\"lazy\" class=\"size-medium wp-image-261552 alignright\" src=\"https:\/\/franciscanos.org.br\/noticias\/wp-content\/uploads\/2025\/10\/2-conselheiro-Frei-Jose-Morais-1-450x450.png\" alt=\"\" width=\"450\" height=\"450\" srcset=\"https:\/\/franciscanos.org.br\/noticias\/wp-content\/uploads\/2025\/10\/2-conselheiro-Frei-Jose-Morais-1-450x450.png 450w, https:\/\/franciscanos.org.br\/noticias\/wp-content\/uploads\/2025\/10\/2-conselheiro-Frei-Jose-Morais-1-1024x1024.png 1024w, https:\/\/franciscanos.org.br\/noticias\/wp-content\/uploads\/2025\/10\/2-conselheiro-Frei-Jose-Morais-1-300x300.png 300w, https:\/\/franciscanos.org.br\/noticias\/wp-content\/uploads\/2025\/10\/2-conselheiro-Frei-Jose-Morais-1-768x768.png 768w, https:\/\/franciscanos.org.br\/noticias\/wp-content\/uploads\/2025\/10\/2-conselheiro-Frei-Jose-Morais-1-150x150.png 150w, https:\/\/franciscanos.org.br\/noticias\/wp-content\/uploads\/2025\/10\/2-conselheiro-Frei-Jose-Morais-1-100x100.png 100w, https:\/\/franciscanos.org.br\/noticias\/wp-content\/uploads\/2025\/10\/2-conselheiro-Frei-Jose-Morais-1.png 1080w\" sizes=\"(max-width: 450px) 100vw, 450px\" \/><\/strong><br \/>\n<strong>Frei Jos\u00e9 Morais Cambolo, OFM<\/strong><\/p>\n<p>Nascimento: 26 de janeiro de 1989, em Cazenga (Luanda, Angola) (36 anos)<\/p>\n<p>Admiss\u00e3o ao Noviciado: 12 de janeiro de 2010<\/p>\n<p>Primeira Profiss\u00e3o: 2 de janeiro de 2011 (14 anos de vida religiosa)<\/p>\n<p>Profiss\u00e3o Solene: 28 de agosto de 2016<\/p>\n<p>Ordena\u00e7\u00e3o Presbiteral: 18 de julho de 2020<\/p>\n<p><strong>Hist\u00f3rico:<\/strong> Frei Jos\u00e9 Morais concluiu seus estudos teol\u00f3gicos em 2019, cursados no Instituto Teol\u00f3gico Franciscano (Petr\u00f3polis, RJ). Ent\u00e3o, retornou \u00e0 Angola para integrar a Fraternidade da Porci\u00fancula (Mulenvos, Luanda), onde atuou entre 2019 e 2020, na forma\u00e7\u00e3o e anima\u00e7\u00e3o vocacional e na evangeliza\u00e7\u00e3o. A partir de 2020 foi transferido para a Fraternidade S\u00e3o Francisco de Assis (do Palanca, em Kilamba Kiaxi, Luanda), onde passou a atuar como respons\u00e1vel pelo Kimbo S\u00e3o Francisco de Assis, na forma\u00e7\u00e3o e anima\u00e7\u00e3o vocacional, assim como na coordena\u00e7\u00e3o da fraternidade como Guardi\u00e3o. Em 2022, e desde ent\u00e3o, foi nomeado como Delegado do Economato da FIMDA e Conselheiro, of\u00edcios que cumpria at\u00e9 agora.<\/p>\n<hr \/>\n<p><strong><img loading=\"lazy\" class=\"size-medium wp-image-261553 alignleft\" src=\"https:\/\/franciscanos.org.br\/noticias\/wp-content\/uploads\/2025\/10\/3-conselheiro-frei-mario-1-1-450x450.png\" alt=\"\" width=\"450\" height=\"450\" srcset=\"https:\/\/franciscanos.org.br\/noticias\/wp-content\/uploads\/2025\/10\/3-conselheiro-frei-mario-1-1-450x450.png 450w, https:\/\/franciscanos.org.br\/noticias\/wp-content\/uploads\/2025\/10\/3-conselheiro-frei-mario-1-1-1024x1024.png 1024w, https:\/\/franciscanos.org.br\/noticias\/wp-content\/uploads\/2025\/10\/3-conselheiro-frei-mario-1-1-300x300.png 300w, https:\/\/franciscanos.org.br\/noticias\/wp-content\/uploads\/2025\/10\/3-conselheiro-frei-mario-1-1-768x768.png 768w, https:\/\/franciscanos.org.br\/noticias\/wp-content\/uploads\/2025\/10\/3-conselheiro-frei-mario-1-1-150x150.png 150w, https:\/\/franciscanos.org.br\/noticias\/wp-content\/uploads\/2025\/10\/3-conselheiro-frei-mario-1-1-100x100.png 100w, https:\/\/franciscanos.org.br\/noticias\/wp-content\/uploads\/2025\/10\/3-conselheiro-frei-mario-1-1.png 1080w\" sizes=\"(max-width: 450px) 100vw, 450px\" \/><\/strong><\/p>\n<h3>3\u00ba Conselheiro<\/h3>\n<p><strong>Frei M\u00e1rio Sampaio Pelu, OFM <\/strong><\/p>\n<p>Nascimento: 20 de agosto de 1988, em Benguela (Benguela)<\/p>\n<p>Admiss\u00e3o ao Noviciado: 12 de janeiro de 2013<\/p>\n<p>Primeira Profiss\u00e3o: 3 de janeiro de 2014 (11 anos de vida religiosa)<\/p>\n<p>Profiss\u00e3o Solene: 15 de novembro de 2018<\/p>\n<p>Ordena\u00e7\u00e3o Presbiteral: 15 de janeiro de 2022<\/p>\n<p><strong>Hist\u00f3rico:<\/strong> Frei M\u00e1rio concluiu seus estudos teol\u00f3gicos em 2016, cursados no Instituto Teol\u00f3gico Franciscano (Petr\u00f3polis, RJ). Ent\u00e3o, em 2017 retornou \u00e0 Angola para integrar a Fraternidade Santo Ant\u00f3nio (Quibala, Cuanza Sul) onde permanece at\u00e9 hoje. Ali atuou na forma\u00e7\u00e3o e na evangeliza\u00e7\u00e3o e coordenou a fraternidade como Guardi\u00e3o, of\u00edcios que cumpre at\u00e9 agora.<\/p>\n<hr \/>\n<p>&nbsp;<\/p>\n<h3>4\u00ba Conselheiro<\/h3>\n<p><strong><img loading=\"lazy\" class=\"size-medium wp-image-261554 alignright\" src=\"https:\/\/franciscanos.org.br\/noticias\/wp-content\/uploads\/2025\/10\/4-conselheiro-frei-andre-1-450x450.png\" alt=\"\" width=\"450\" height=\"450\" srcset=\"https:\/\/franciscanos.org.br\/noticias\/wp-content\/uploads\/2025\/10\/4-conselheiro-frei-andre-1-450x450.png 450w, https:\/\/franciscanos.org.br\/noticias\/wp-content\/uploads\/2025\/10\/4-conselheiro-frei-andre-1-1024x1024.png 1024w, https:\/\/franciscanos.org.br\/noticias\/wp-content\/uploads\/2025\/10\/4-conselheiro-frei-andre-1-300x300.png 300w, https:\/\/franciscanos.org.br\/noticias\/wp-content\/uploads\/2025\/10\/4-conselheiro-frei-andre-1-768x768.png 768w, https:\/\/franciscanos.org.br\/noticias\/wp-content\/uploads\/2025\/10\/4-conselheiro-frei-andre-1-150x150.png 150w, https:\/\/franciscanos.org.br\/noticias\/wp-content\/uploads\/2025\/10\/4-conselheiro-frei-andre-1-100x100.png 100w, https:\/\/franciscanos.org.br\/noticias\/wp-content\/uploads\/2025\/10\/4-conselheiro-frei-andre-1.png 1080w\" sizes=\"(max-width: 450px) 100vw, 450px\" \/><\/strong><\/p>\n<p><strong>Frei Andr\u00e9 Luiz da Rocha Henriques, OFM<\/strong><\/p>\n<p>Nascimento: 5 de mar\u00e7o de 1984, em Pereira Barreto (S\u00e3o Paulo, Brasil) (41 anos)<\/p>\n<p>Admiss\u00e3o ao Noviciado: 8 de janeiro de 2005<\/p>\n<p>Primeira Profiss\u00e3o: 28 de dezembro de 2005 (19 anos de vida religiosa)<\/p>\n<p>Profiss\u00e3o Solene: 6 de agosto de 2011<\/p>\n<p>Ordena\u00e7\u00e3o Presbiteral: 27 de abril de 2013<\/p>\n<p><strong>Hist\u00f3rico:<\/strong> Frei Andr\u00e9 concluiu seus estudos teol\u00f3gicos em 2012, quando foi transferido, em 2013 para a Fraternidade Nossa Senhora Aparecida (Nil\u00f3polis, RJ), onde atuou na evangeliza\u00e7\u00e3o. Ainda em 2013 foi transferido para a Fraternidade Santo Ant\u00f4nio (Florian\u00f3polis, SC), onde tamb\u00e9m atuou na evangeliza\u00e7\u00e3o. Em 2016, foi transferido para Angola, integrando a Fraternidade S\u00e3o Francisco de Assis (no Palanca, em Kilamba Kiaxi, Luanda), onde atuou na forma\u00e7\u00e3o, na assist\u00eancia espiritual das Clarissas e na evangeliza\u00e7\u00e3o. Em 2019 integrou a Fraternidade do Semin\u00e1rio Monte Alverne (na Catepa, Malange), onde coordenou a fraternidade como Guardi\u00e3o e atuou na forma\u00e7\u00e3o dos seminaristas e aspirantes), al\u00e9m de ter sido nomeado Conselheiro. Em 2022 foi transferido para a Fraternidade S\u00e3o Francisco de Assis (no Palanca) novamente, para atuar na forma\u00e7\u00e3o e como P\u00e1roco da Par\u00f3quia S\u00e3o Lucas. Em 2025 foi transferido para a Fraternidade Santa Clara, no mesmo bairro, onde cumpre os mesmos of\u00edcios at\u00e9 agora.<\/p>\n<p>Que S\u00e3o Francisco de Assis, o Santo Ser\u00e1fico, ilumine e conduza a caminhada franciscana de itiner\u00e2ncia e altern\u00e2ncia dos frades conselheiros que agora assumem a miss\u00e3o hist\u00f3rica de orientar os rumos da Cust\u00f3dia Imaculada M\u00e3e de Deus de Angola. Que, no seguimento de Jesus Cristo, esses irm\u00e3os saibam contemplar o vasto celeiro de vidas presente em Angola, especialmente os mais pobres e os que sofrem, com o olhar de quem conhece o verdadeiro amor de Cristo e com o mesmo senso de acolhimento de Nossa Senhora, M\u00e3e e serva de Deus.<\/p>\n<hr \/>\n<p><em>Adriana Rabelo Rodrigues Marcelo<\/em><\/p>\n","protected":false},"excerpt":{"rendered":"<p>Cust\u00f3dia Imaculada M\u00e3e de Deus de Angola<\/p>\n","protected":false},"author":11,"featured_media":261548,"comment_status":"open","ping_status":"open","sticky":false,"template":"","format":"standard","meta":[],"categories":[1],"tags":[2439,2440],"acf":[],"yoast_head":"<!-- This site is optimized with the Yoast SEO plugin v19.2 - https:\/\/yoast.com\/wordpress\/plugins\/seo\/ -->\n<title>Conhe\u00e7a o Conselho da Cust\u00f3dia Imaculada M\u00e3e de Deus de Angola - Not\u00edcias - Franciscanos<\/title>\n<meta name=\"robots\" content=\"index, follow, max-snippet:-1, max-image-preview:large, max-video-preview:-1\" \/>\n<link rel=\"canonical\" href=\"https:\/\/franciscanos.org.br\/noticias\/conheca-o-novo-conselho-da-custodia-imaculada-mae-de-deus-de-angola.html\" \/>\n<meta property=\"og:locale\" content=\"pt_BR\" \/>\n<meta property=\"og:type\" content=\"article\" \/>\n<meta property=\"og:title\" content=\"Conhe\u00e7a o Conselho da Cust\u00f3dia Imaculada M\u00e3e de Deus de Angola - Not\u00edcias - Franciscanos\" \/>\n<meta property=\"og:description\" content=\"Cust\u00f3dia Imaculada M\u00e3e de Deus de Angola\" \/>\n<meta property=\"og:url\" content=\"https:\/\/franciscanos.org.br\/noticias\/conheca-o-novo-conselho-da-custodia-imaculada-mae-de-deus-de-angola.html\" \/>\n<meta property=\"og:site_name\" content=\"Not\u00edcias - Franciscanos\" \/>\n<meta property=\"article:published_time\" content=\"2025-10-16T10:30:05+00:00\" \/>\n<meta property=\"article:modified_time\" content=\"2025-10-16T14:33:24+00:00\" \/>\n<meta property=\"og:image\" content=\"https:\/\/franciscanos.org.br\/noticias\/wp-content\/uploads\/2025\/10\/chamada-800-x-550-px-1.png\" \/>\n\t<meta property=\"og:image:width\" content=\"800\" \/>\n\t<meta property=\"og:image:height\" content=\"550\" \/>\n\t<meta property=\"og:image:type\" content=\"image\/png\" \/>\n<meta name=\"author\" content=\"Adriana Rabelo\" \/>\n<meta name=\"twitter:card\" content=\"summary_large_image\" \/>\n<meta name=\"twitter:label1\" content=\"Escrito por\" \/>\n\t<meta name=\"twitter:data1\" content=\"Adriana Rabelo\" \/>\n\t<meta name=\"twitter:label2\" content=\"Est. tempo de leitura\" \/>\n\t<meta name=\"twitter:data2\" content=\"5 minutos\" \/>\n<script type=\"application\/ld+json\" class=\"yoast-schema-graph\">{\"@context\":\"https:\/\/schema.org\",\"@graph\":[{\"@type\":\"WebSite\",\"@id\":\"https:\/\/franciscanos.org.br\/noticias\/#website\",\"url\":\"https:\/\/franciscanos.org.br\/noticias\/\",\"name\":\"Not\u00edcias - Franciscanos\",\"description\":\"Prov\u00edncia Franciscana da Imaculada Concei\u00e7\u00e3o do Brasil - Ordem dos Frades Menores - OFM\",\"potentialAction\":[{\"@type\":\"SearchAction\",\"target\":{\"@type\":\"EntryPoint\",\"urlTemplate\":\"https:\/\/franciscanos.org.br\/noticias\/?s={search_term_string}\"},\"query-input\":\"required name=search_term_string\"}],\"inLanguage\":\"pt-BR\"},{\"@type\":\"ImageObject\",\"inLanguage\":\"pt-BR\",\"@id\":\"https:\/\/franciscanos.org.br\/noticias\/conheca-o-novo-conselho-da-custodia-imaculada-mae-de-deus-de-angola.html#primaryimage\",\"url\":\"https:\/\/franciscanos.org.br\/noticias\/wp-content\/uploads\/2025\/10\/chamada-800-x-550-px-1.png\",\"contentUrl\":\"https:\/\/franciscanos.org.br\/noticias\/wp-content\/uploads\/2025\/10\/chamada-800-x-550-px-1.png\",\"width\":800,\"height\":550},{\"@type\":\"WebPage\",\"@id\":\"https:\/\/franciscanos.org.br\/noticias\/conheca-o-novo-conselho-da-custodia-imaculada-mae-de-deus-de-angola.html#webpage\",\"url\":\"https:\/\/franciscanos.org.br\/noticias\/conheca-o-novo-conselho-da-custodia-imaculada-mae-de-deus-de-angola.html\",\"name\":\"Conhe\u00e7a o Conselho da Cust\u00f3dia Imaculada M\u00e3e de Deus de Angola - Not\u00edcias - Franciscanos\",\"isPartOf\":{\"@id\":\"https:\/\/franciscanos.org.br\/noticias\/#website\"},\"primaryImageOfPage\":{\"@id\":\"https:\/\/franciscanos.org.br\/noticias\/conheca-o-novo-conselho-da-custodia-imaculada-mae-de-deus-de-angola.html#primaryimage\"},\"datePublished\":\"2025-10-16T10:30:05+00:00\",\"dateModified\":\"2025-10-16T14:33:24+00:00\",\"author\":{\"@id\":\"https:\/\/franciscanos.org.br\/noticias\/#\/schema\/person\/d9422e83121c3ad3b0f423d195f5bb25\"},\"breadcrumb\":{\"@id\":\"https:\/\/franciscanos.org.br\/noticias\/conheca-o-novo-conselho-da-custodia-imaculada-mae-de-deus-de-angola.html#breadcrumb\"},\"inLanguage\":\"pt-BR\",\"potentialAction\":[{\"@type\":\"ReadAction\",\"target\":[\"https:\/\/franciscanos.org.br\/noticias\/conheca-o-novo-conselho-da-custodia-imaculada-mae-de-deus-de-angola.html\"]}]},{\"@type\":\"BreadcrumbList\",\"@id\":\"https:\/\/franciscanos.org.br\/noticias\/conheca-o-novo-conselho-da-custodia-imaculada-mae-de-deus-de-angola.html#breadcrumb\",\"itemListElement\":[{\"@type\":\"ListItem\",\"position\":1,\"name\":\"Home\",\"item\":\"https:\/\/franciscanos.org.br\/noticias\"},{\"@type\":\"ListItem\",\"position\":2,\"name\":\"Conhe\u00e7a o Conselho da Cust\u00f3dia Imaculada M\u00e3e de Deus de Angola\"}]},{\"@type\":\"Person\",\"@id\":\"https:\/\/franciscanos.org.br\/noticias\/#\/schema\/person\/d9422e83121c3ad3b0f423d195f5bb25\",\"name\":\"Adriana Rabelo\",\"image\":{\"@type\":\"ImageObject\",\"inLanguage\":\"pt-BR\",\"@id\":\"https:\/\/franciscanos.org.br\/noticias\/#\/schema\/person\/image\/\",\"url\":\"https:\/\/secure.gravatar.com\/avatar\/0a937b7500cd7df77540cfb8bede877d?s=96&d=mm&r=g\",\"contentUrl\":\"https:\/\/secure.gravatar.com\/avatar\/0a937b7500cd7df77540cfb8bede877d?s=96&d=mm&r=g\",\"caption\":\"Adriana Rabelo\"},\"url\":\"https:\/\/franciscanos.org.br\/noticias\/author\/adrianarabelo\"}]}<\/script>\n<!-- \/ Yoast SEO plugin. -->","yoast_head_json":{"title":"Conhe\u00e7a o Conselho da Cust\u00f3dia Imaculada M\u00e3e de Deus de Angola - Not\u00edcias - Franciscanos","robots":{"index":"index","follow":"follow","max-snippet":"max-snippet:-1","max-image-preview":"max-image-preview:large","max-video-preview":"max-video-preview:-1"},"canonical":"https:\/\/franciscanos.org.br\/noticias\/conheca-o-novo-conselho-da-custodia-imaculada-mae-de-deus-de-angola.html","og_locale":"pt_BR","og_type":"article","og_title":"Conhe\u00e7a o Conselho da Cust\u00f3dia Imaculada M\u00e3e de Deus de Angola - Not\u00edcias - Franciscanos","og_description":"Cust\u00f3dia Imaculada M\u00e3e de Deus de Angola","og_url":"https:\/\/franciscanos.org.br\/noticias\/conheca-o-novo-conselho-da-custodia-imaculada-mae-de-deus-de-angola.html","og_site_name":"Not\u00edcias - Franciscanos","article_published_time":"2025-10-16T10:30:05+00:00","article_modified_time":"2025-10-16T14:33:24+00:00","og_image":[{"width":800,"height":550,"url":"https:\/\/franciscanos.org.br\/noticias\/wp-content\/uploads\/2025\/10\/chamada-800-x-550-px-1.png","type":"image\/png"}],"author":"Adriana Rabelo","twitter_card":"summary_large_image","twitter_misc":{"Escrito por":"Adriana Rabelo","Est. tempo de leitura":"5 minutos"},"schema":{"@context":"https:\/\/schema.org","@graph":[{"@type":"WebSite","@id":"https:\/\/franciscanos.org.br\/noticias\/#website","url":"https:\/\/franciscanos.org.br\/noticias\/","name":"Not\u00edcias - Franciscanos","description":"Prov\u00edncia Franciscana da Imaculada Concei\u00e7\u00e3o do Brasil - Ordem dos Frades Menores - OFM","potentialAction":[{"@type":"SearchAction","target":{"@type":"EntryPoint","urlTemplate":"https:\/\/franciscanos.org.br\/noticias\/?s={search_term_string}"},"query-input":"required name=search_term_string"}],"inLanguage":"pt-BR"},{"@type":"ImageObject","inLanguage":"pt-BR","@id":"https:\/\/franciscanos.org.br\/noticias\/conheca-o-novo-conselho-da-custodia-imaculada-mae-de-deus-de-angola.html#primaryimage","url":"https:\/\/franciscanos.org.br\/noticias\/wp-content\/uploads\/2025\/10\/chamada-800-x-550-px-1.png","contentUrl":"https:\/\/franciscanos.org.br\/noticias\/wp-content\/uploads\/2025\/10\/chamada-800-x-550-px-1.png","width":800,"height":550},{"@type":"WebPage","@id":"https:\/\/franciscanos.org.br\/noticias\/conheca-o-novo-conselho-da-custodia-imaculada-mae-de-deus-de-angola.html#webpage","url":"https:\/\/franciscanos.org.br\/noticias\/conheca-o-novo-conselho-da-custodia-imaculada-mae-de-deus-de-angola.html","name":"Conhe\u00e7a o Conselho da Cust\u00f3dia Imaculada M\u00e3e de Deus de Angola - Not\u00edcias - Franciscanos","isPartOf":{"@id":"https:\/\/franciscanos.org.br\/noticias\/#website"},"primaryImageOfPage":{"@id":"https:\/\/franciscanos.org.br\/noticias\/conheca-o-novo-conselho-da-custodia-imaculada-mae-de-deus-de-angola.html#primaryimage"},"datePublished":"2025-10-16T10:30:05+00:00","dateModified":"2025-10-16T14:33:24+00:00","author":{"@id":"https:\/\/franciscanos.org.br\/noticias\/#\/schema\/person\/d9422e83121c3ad3b0f423d195f5bb25"},"breadcrumb":{"@id":"https:\/\/franciscanos.org.br\/noticias\/conheca-o-novo-conselho-da-custodia-imaculada-mae-de-deus-de-angola.html#breadcrumb"},"inLanguage":"pt-BR","potentialAction":[{"@type":"ReadAction","target":["https:\/\/franciscanos.org.br\/noticias\/conheca-o-novo-conselho-da-custodia-imaculada-mae-de-deus-de-angola.html"]}]},{"@type":"BreadcrumbList","@id":"https:\/\/franciscanos.org.br\/noticias\/conheca-o-novo-conselho-da-custodia-imaculada-mae-de-deus-de-angola.html#breadcrumb","itemListElement":[{"@type":"ListItem","position":1,"name":"Home","item":"https:\/\/franciscanos.org.br\/noticias"},{"@type":"ListItem","position":2,"name":"Conhe\u00e7a o Conselho da Cust\u00f3dia Imaculada M\u00e3e de Deus de Angola"}]},{"@type":"Person","@id":"https:\/\/franciscanos.org.br\/noticias\/#\/schema\/person\/d9422e83121c3ad3b0f423d195f5bb25","name":"Adriana Rabelo","image":{"@type":"ImageObject","inLanguage":"pt-BR","@id":"https:\/\/franciscanos.org.br\/noticias\/#\/schema\/person\/image\/","url":"https:\/\/secure.gravatar.com\/avatar\/0a937b7500cd7df77540cfb8bede877d?s=96&d=mm&r=g","contentUrl":"https:\/\/secure.gravatar.com\/avatar\/0a937b7500cd7df77540cfb8bede877d?s=96&d=mm&r=g","caption":"Adriana Rabelo"},"url":"https:\/\/franciscanos.org.br\/noticias\/author\/adrianarabelo"}]}},"_links":{"self":[{"href":"https:\/\/franciscanos.org.br\/noticias\/wp-json\/wp\/v2\/posts\/261547"}],"collection":[{"href":"https:\/\/franciscanos.org.br\/noticias\/wp-json\/wp\/v2\/posts"}],"about":[{"href":"https:\/\/franciscanos.org.br\/noticias\/wp-json\/wp\/v2\/types\/post"}],"author":[{"embeddable":true,"href":"https:\/\/franciscanos.org.br\/noticias\/wp-json\/wp\/v2\/users\/11"}],"replies":[{"embeddable":true,"href":"https:\/\/franciscanos.org.br\/noticias\/wp-json\/wp\/v2\/comments?post=261547"}],"version-history":[{"count":10,"href":"https:\/\/franciscanos.org.br\/noticias\/wp-json\/wp\/v2\/posts\/261547\/revisions"}],"predecessor-version":[{"id":261564,"href":"https:\/\/franciscanos.org.br\/noticias\/wp-json\/wp\/v2\/posts\/261547\/revisions\/261564"}],"wp:featuredmedia":[{"embeddable":true,"href":"https:\/\/franciscanos.org.br\/noticias\/wp-json\/wp\/v2\/media\/261548"}],"wp:attachment":[{"href":"https:\/\/franciscanos.org.br\/noticias\/wp-json\/wp\/v2\/media?parent=261547"}],"wp:term":[{"taxonomy":"category","embeddable":true,"href":"https:\/\/franciscanos.org.br\/noticias\/wp-json\/wp\/v2\/categories?post=261547"},{"taxonomy":"post_tag","embeddable":true,"href":"https:\/\/franciscanos.org.br\/noticias\/wp-json\/wp\/v2\/tags?post=261547"}],"curies":[{"name":"wp","href":"https:\/\/api.w.org\/{rel}","templated":true}]}}