{"id":261372,"date":"2025-10-15T16:30:30","date_gmt":"2025-10-15T19:30:30","guid":{"rendered":"https:\/\/franciscanos.org.br\/noticias\/?p=261372"},"modified":"2025-10-15T16:30:30","modified_gmt":"2025-10-15T19:30:30","slug":"historia-futuro-e-os-novos-tempos-da-missao-angola-sob-o-olhar-do-ministro-provincial","status":"publish","type":"post","link":"https:\/\/franciscanos.org.br\/noticias\/historia-futuro-e-os-novos-tempos-da-missao-angola-sob-o-olhar-do-ministro-provincial.html","title":{"rendered":"Hist\u00f3ria, futuro e os novos tempos da miss\u00e3o Angola sob o olhar do Ministro provincial"},"content":{"rendered":"<p><img loading=\"lazy\" class=\"aligncenter wp-image-261380 size-full\" src=\"https:\/\/franciscanos.org.br\/noticias\/wp-content\/uploads\/2025\/10\/chamada-.png\" alt=\"\" width=\"800\" height=\"550\" srcset=\"https:\/\/franciscanos.org.br\/noticias\/wp-content\/uploads\/2025\/10\/chamada-.png 800w, https:\/\/franciscanos.org.br\/noticias\/wp-content\/uploads\/2025\/10\/chamada--450x309.png 450w, https:\/\/franciscanos.org.br\/noticias\/wp-content\/uploads\/2025\/10\/chamada--768x528.png 768w, https:\/\/franciscanos.org.br\/noticias\/wp-content\/uploads\/2025\/10\/chamada--150x103.png 150w, https:\/\/franciscanos.org.br\/noticias\/wp-content\/uploads\/2025\/10\/chamada--320x220.png 320w\" sizes=\"(max-width: 800px) 100vw, 800px\" \/><\/p>\n<p><em>\u201cSe algu\u00e9m quiser vir ap\u00f3s mim, renuncie a si mesmo, tome a sua cruz, cada dia, e siga-me.\u201d (Lc 9, 23)<\/em><\/p>\n<p>Uma hist\u00f3ria constru\u00edda pela for\u00e7a mission\u00e1ria da f\u00e9 \u00e9 capaz de gerar sementes que se perpetuar\u00e3o ao longo do tempo, pois produzem \u00e1rvores frondosas e frutos que alimentam o corpo e a alma daqueles que creem.<\/p>\n<p>Na hist\u00f3ria da presen\u00e7a franciscana em Angola, as sementes lan\u00e7adas h\u00e1 35 anos foram plantadas no solo f\u00e9rtil dos cora\u00e7\u00f5es do povo. Regadas pelo Evangelho, pelo carisma e pela espiritualidade caracter\u00edsticas dos frades franciscanos, nasceu a Funda\u00e7\u00e3o Imaculada M\u00e3e de Deus de Angola (FIMDA), assim como germinaram novas voca\u00e7\u00f5es franciscanas.<\/p>\n<p>Em tr\u00eas d\u00e9cadas e meia, muitas foram as conquistas e desafios para que a Funda\u00e7\u00e3o, integrante da Prov\u00edncia Franciscana da Imaculada Concei\u00e7\u00e3o do Brasil, chegasse ao ponto de se tornar a Cust\u00f3dia Imaculada M\u00e3e de Deus de Angola. Naquele territ\u00f3rio, a miss\u00e3o franciscana cresceu, assim como o fruto de uma \u00e1rvore bem adubada ou como um filho bem cuidado e criado.<\/p>\n<p>A cerim\u00f4nia que ir\u00e1 oficializar esse importante passo na hist\u00f3ria da Prov\u00edncia e da Ordem dos Frades Menores ser\u00e1 nesta quinta-feira, 16 de outubro, no Kimbo S\u00e3o Francisco, localizado no bairro Palanca, em Luanda.<\/p>\n<p><img loading=\"lazy\" class=\"aligncenter wp-image-261373 size-full\" src=\"https:\/\/franciscanos.org.br\/noticias\/wp-content\/uploads\/2025\/10\/materia-1-14.jpg\" alt=\"\" width=\"1280\" height=\"720\" srcset=\"https:\/\/franciscanos.org.br\/noticias\/wp-content\/uploads\/2025\/10\/materia-1-14.jpg 1280w, https:\/\/franciscanos.org.br\/noticias\/wp-content\/uploads\/2025\/10\/materia-1-14-450x253.jpg 450w, https:\/\/franciscanos.org.br\/noticias\/wp-content\/uploads\/2025\/10\/materia-1-14-1024x576.jpg 1024w, https:\/\/franciscanos.org.br\/noticias\/wp-content\/uploads\/2025\/10\/materia-1-14-768x432.jpg 768w, https:\/\/franciscanos.org.br\/noticias\/wp-content\/uploads\/2025\/10\/materia-1-14-150x84.jpg 150w\" sizes=\"(max-width: 1280px) 100vw, 1280px\" \/><\/p>\n<p>Segundo o Ministro provincial, Frei Paulo Roberto Pereira, h\u00e1 35 anos a fraternidade provincial ouviu o apelo que a Ordem apresentava como convite \u2018A \u00c1frica nos chama\u2019. \u201cDevo lembrar que, embora tiv\u00e9ssemos um n\u00famero maior de irm\u00e3os, quando a Prov\u00edncia escolheu fazer fraternidade em Angola n\u00e3o havia \u2018frades sobrando\u2019 em nossas casas. Ao apresentar esta afirma\u00e7\u00e3o, ressalto que tal escolha foi uma op\u00e7\u00e3o movida pelo esp\u00edrito mission\u00e1rio que cobra de n\u00f3s generosidade, desprendimento e partilha da pr\u00f3pria pequenez. Al\u00e9m disso, a configura\u00e7\u00e3o das primeiras fraternidades em solo angolano foi um gesto de retribui\u00e7\u00e3o, afinal, no in\u00edcio da d\u00e9cada de 1990, est\u00e1vamos celebrando o centen\u00e1rio da chegada dos frades alem\u00e3es que vieram em socorro da Prov\u00edncia que, \u00e0 \u00e9poca, contava com um \u00fanico frade\u201d.<\/p>\n<p>Retomando a hist\u00f3ria e os momentos iniciais vividos pelos frades, Frei Paulo ressaltou a for\u00e7a mission\u00e1ria dos confrades. \u201cO primeiro grupo de irm\u00e3os enviados a Angola deixou-se mover pelo Esp\u00edrito do Senhor, partiu com generosidade e alegria e manifestou disposi\u00e7\u00e3o de servir e oferecer da sua pobreza; estas atitudes, marcadamente franciscanas, foram o bom come\u00e7o da obra mission\u00e1ria. O bom come\u00e7o garantiu o vigor dos primeiros passos. A continuidade desta marcha proporcionou uma experi\u00eancia frutuosa. Devemos recordar que os pioneiros chegaram a Angola num per\u00edodo bastante conturbado por conta da guerra civil que o pa\u00eds enfrentava. A presen\u00e7a solid\u00e1ria junto ao povo, sempre a maior v\u00edtima desses conflitos, marcou, com profundidade, a identidade dos franciscanos em Angola\u201d.<\/p>\n<p>Mesmo diante dos desafios, a caminhada prosseguiu e as obras come\u00e7aram a ganhar forma, banhadas pelo jeito franciscano de ser. \u201cNa medida em que foram sendo enviados novos irm\u00e3os, novas fraternidades foram criadas e houve a expans\u00e3o da presen\u00e7a franciscana em Angola. N\u00e3o tardou para que alguns jovens manifestassem o desejo de fazer parte da Ordem. O acolhimento dos vocacionados exigiu aten\u00e7\u00e3o e cuidado. Assim, al\u00e9m da tarefa mission\u00e1ria espec\u00edfica, com destaque ao atendimento das centenas de comunidades espalhadas pelos extensos territ\u00f3rios de miss\u00e3o, alguns irm\u00e3os assumiram tamb\u00e9m a tarefa formativa\u201d.<\/p>\n<p>Segundo ele, ao longo desses 35 anos, a dedica\u00e7\u00e3o, o esfor\u00e7o, a criatividade e a generosidade de tantos proporcionaram condi\u00e7\u00f5es para um saud\u00e1vel crescimento e o estabelecimento de uma institui\u00e7\u00e3o s\u00f3lida. \u201cInicialmente, o conjunto das Fraternidades em Angola foi reconhecido como Funda\u00e7\u00e3o e, agora, a Ordem acolheu o pedido de constitui\u00e7\u00e3o de uma Cust\u00f3dia\u201d.<\/p>\n\n\t\t<style type=\"text\/css\">\n\t\t\t#gallery-1 {\n\t\t\t\tmargin: auto;\n\t\t\t}\n\t\t\t#gallery-1 .gallery-item {\n\t\t\t\tfloat: left;\n\t\t\t\tmargin-top: 10px;\n\t\t\t\ttext-align: center;\n\t\t\t\twidth: 33%;\n\t\t\t}\n\t\t\t#gallery-1 img {\n\t\t\t\tborder: 2px solid #cfcfcf;\n\t\t\t}\n\t\t\t#gallery-1 .gallery-caption {\n\t\t\t\tmargin-left: 0;\n\t\t\t}\n\t\t\t\/* see gallery_shortcode() in wp-includes\/media.php *\/\n\t\t<\/style>\n\t\t<div id='gallery-1' class='gallery galleryid-261372 gallery-columns-3 gallery-size-thumbnail'><dl class='gallery-item'>\n\t\t\t<dt class='gallery-icon landscape'>\n\t\t\t\t<a href='https:\/\/franciscanos.org.br\/noticias\/wp-content\/uploads\/2025\/10\/FIMDA-FREI-PAULO-10.jpg'><img width=\"300\" height=\"300\" src=\"https:\/\/franciscanos.org.br\/noticias\/wp-content\/uploads\/2025\/10\/FIMDA-FREI-PAULO-10-300x300.jpg\" class=\"attachment-thumbnail size-thumbnail\" alt=\"\" loading=\"lazy\" srcset=\"https:\/\/franciscanos.org.br\/noticias\/wp-content\/uploads\/2025\/10\/FIMDA-FREI-PAULO-10-300x300.jpg 300w, https:\/\/franciscanos.org.br\/noticias\/wp-content\/uploads\/2025\/10\/FIMDA-FREI-PAULO-10-100x100.jpg 100w\" sizes=\"(max-width: 300px) 100vw, 300px\" \/><\/a>\n\t\t\t<\/dt><\/dl><dl class='gallery-item'>\n\t\t\t<dt class='gallery-icon landscape'>\n\t\t\t\t<a href='https:\/\/franciscanos.org.br\/noticias\/wp-content\/uploads\/2025\/10\/FIMDA-FREI-PAULO-5.jpg'><img width=\"300\" height=\"300\" src=\"https:\/\/franciscanos.org.br\/noticias\/wp-content\/uploads\/2025\/10\/FIMDA-FREI-PAULO-5-300x300.jpg\" class=\"attachment-thumbnail size-thumbnail\" alt=\"\" loading=\"lazy\" srcset=\"https:\/\/franciscanos.org.br\/noticias\/wp-content\/uploads\/2025\/10\/FIMDA-FREI-PAULO-5-300x300.jpg 300w, https:\/\/franciscanos.org.br\/noticias\/wp-content\/uploads\/2025\/10\/FIMDA-FREI-PAULO-5-100x100.jpg 100w\" sizes=\"(max-width: 300px) 100vw, 300px\" \/><\/a>\n\t\t\t<\/dt><\/dl><dl class='gallery-item'>\n\t\t\t<dt class='gallery-icon landscape'>\n\t\t\t\t<a href='https:\/\/franciscanos.org.br\/noticias\/wp-content\/uploads\/2025\/10\/FIMDA-FREI-PAULO-2.jpg'><img width=\"300\" height=\"300\" src=\"https:\/\/franciscanos.org.br\/noticias\/wp-content\/uploads\/2025\/10\/FIMDA-FREI-PAULO-2-300x300.jpg\" class=\"attachment-thumbnail size-thumbnail\" alt=\"\" loading=\"lazy\" srcset=\"https:\/\/franciscanos.org.br\/noticias\/wp-content\/uploads\/2025\/10\/FIMDA-FREI-PAULO-2-300x300.jpg 300w, https:\/\/franciscanos.org.br\/noticias\/wp-content\/uploads\/2025\/10\/FIMDA-FREI-PAULO-2-100x100.jpg 100w\" sizes=\"(max-width: 300px) 100vw, 300px\" \/><\/a>\n\t\t\t<\/dt><\/dl><br style=\"clear: both\" \/>\n\t\t<\/div>\n\n<p>Nesse ambiente, repleto de filhos e filhas de Deus que caminham determinados pela f\u00e9 e pela esperan\u00e7a, a presen\u00e7a franciscana chegou como um alento e, ao mesmo tempo, como uma ponte para a transforma\u00e7\u00e3o de realidades. O Ministro provincial ressaltou que a dedica\u00e7\u00e3o dos irm\u00e3os angolanos envolvidos na miss\u00e3o justificou o fortalecimento da presen\u00e7a franciscana e o nascimento da entidade.<\/p>\n<p>\u201cA constata\u00e7\u00e3o, por parte da Ordem, de que em Angola o carisma e a miss\u00e3o franciscana s\u00e3o conhecidos, cultivados e propagados com assertividade e criatividade fez nascer a Cust\u00f3dia. O reconhecimento de que a presen\u00e7a da Ordem em Angola \u00e9 sustentada pela boa vontade e dedica\u00e7\u00e3o dos irm\u00e3os e que a presen\u00e7a franciscana tem a garantia de um f\u00e9rtil futuro nos enche de gratid\u00e3o; ao mesmo tempo, nos convoca a um maior compromisso com a fidelidade ao ideal de Clara e Francisco de Assis. A cria\u00e7\u00e3o da Cust\u00f3dia insere os irm\u00e3os, com maior legitimidade, nas atividades e programas da Ordem e da Confer\u00eancia Africana. Al\u00e9m disso, a confirma\u00e7\u00e3o da identidade institucional pode qualificar o di\u00e1logo com outros organismos, tanto eclesi\u00e1sticos como civis\u201d.<\/p>\n<p>No entanto, a vida em fraternidade \u00e9 como uma fam\u00edlia que age coletivamente em benef\u00edcio de todos. Especialmente na Ordem dos Frades Menores, a minoridade e a humildade tamb\u00e9m se manifestam no amor e nos atos de igualdade, exigindo aten\u00e7\u00e3o e atendendo \u00e0s novas demandas dos tempos, que exigem uma reconfigura\u00e7\u00e3o do rosto institucional, como explicou Frei Paulo.<\/p>\n<p>\u201cAo mesmo tempo em que reflete sobre sua identidade carism\u00e1tica, a Ordem Franciscana tem discutido acerca da oportuna e necess\u00e1ria reconfigura\u00e7\u00e3o do seu rosto institucional. A diminui\u00e7\u00e3o num\u00e9rica nalguns continentes, o not\u00e1vel crescimento da presen\u00e7a dos irm\u00e3os em outras partes do mundo, t\u00eam apontado elementos novos que movimentam tal discuss\u00e3o. A uni\u00e3o de Prov\u00edncias, o estabelecimento de novas institui\u00e7\u00f5es e presen\u00e7as s\u00e3o caminhos apontados para que a Ordem se redefina. A redefini\u00e7\u00e3o n\u00e3o sup\u00f5e, necessariamente, a cria\u00e7\u00e3o de algo inaudito. Certamente, a redefini\u00e7\u00e3o se dar\u00e1 na medida em que a identidade carism\u00e1tica original se apresentar mais clara. O Movimento Franciscano, nascido h\u00e1 800 anos, tem a marca da fraternidade; carrega a pretens\u00e3o da fraternidade universal. Assim, as diferentes entidades, as m\u00faltiplas institui\u00e7\u00f5es franciscanas bebem de uma mesma fonte e apontam a mesma dire\u00e7\u00e3o\u201d.<\/p>\n<p><img loading=\"lazy\" class=\"aligncenter wp-image-261378 size-full\" src=\"https:\/\/franciscanos.org.br\/noticias\/wp-content\/uploads\/2025\/10\/materia5-5.jpg\" alt=\"\" width=\"1280\" height=\"720\" srcset=\"https:\/\/franciscanos.org.br\/noticias\/wp-content\/uploads\/2025\/10\/materia5-5.jpg 1280w, https:\/\/franciscanos.org.br\/noticias\/wp-content\/uploads\/2025\/10\/materia5-5-450x253.jpg 450w, https:\/\/franciscanos.org.br\/noticias\/wp-content\/uploads\/2025\/10\/materia5-5-1024x576.jpg 1024w, https:\/\/franciscanos.org.br\/noticias\/wp-content\/uploads\/2025\/10\/materia5-5-768x432.jpg 768w, https:\/\/franciscanos.org.br\/noticias\/wp-content\/uploads\/2025\/10\/materia5-5-150x84.jpg 150w\" sizes=\"(max-width: 1280px) 100vw, 1280px\" \/><\/p>\n<p>Ele ainda indagou: \u201cDiante desse argumento, n\u00e3o seria contradit\u00f3rio celebrar a cria\u00e7\u00e3o de uma nova entidade da Ordem, o que, aparentemente, sugere separa\u00e7\u00e3o?\u201d E a resposta foi contundente: \u201cN\u00e3o; exatamente porque a entidade que nasce em Angola nasce com o esp\u00edrito de converg\u00eancia, de comunh\u00e3o, de sinodalidade que tem sido buscado pela Ordem. Podemos ser institucionalmente distintos, mas antes de tudo, somos uma mesma Ordem, somos a mesma Fraternidade. Em uma Ordem sem fronteiras, uma Ordem universal, a m\u00fatua ajuda, a integra\u00e7\u00e3o das entidades, o interc\u00e2mbio e a partilha da miss\u00e3o s\u00e3o sinais eloquentes da forma escolhida para viver a inspira\u00e7\u00e3o franciscana\u201d.<\/p>\n<p>Olhando para o futuro, o Ministro provincial falou sobre os desafios e esperan\u00e7as que vislumbra para a futura Cust\u00f3dia Imaculada M\u00e3e de Deus de Angola, especialmente no que diz respeito \u00e0 consolida\u00e7\u00e3o da nova estrutura e \u00e0 continuidade da miss\u00e3o evangelizadora franciscana. Para isso, ele destacou o processo de nascimento da nova entidade, que ser\u00e1 consumado com a cerim\u00f4nia desta quinta-feira, 16 de outubro, que ir\u00e1 proclamar a nova entidade jur\u00eddica e fraterna dentro da Ordem.<\/p>\n<p>\u201cO processo de cria\u00e7\u00e3o da Cust\u00f3dia teve a indica\u00e7\u00e3o de um delegado do Definit\u00f3rio Geral que foi Frei C\u00e9sar K\u00fclkamp. Tendo sido Ministro da nossa Prov\u00edncia, ele conhece bem a caminhada e a realidade da Ordem em Angola. No desempenho da sua miss\u00e3o delegada, Frei C\u00e9sar devia reunir elementos para constatar se a presen\u00e7a da Ordem em solo angolano poderia vislumbrar um futuro promissor. A composi\u00e7\u00e3o das sete atuais Fraternidades revela o rosto jovem da futura Cust\u00f3dia. Al\u00e9m da faixa et\u00e1ria, a jovialidade se evidencia ainda na liberdade de ades\u00e3o aos novos projetos e na consolida\u00e7\u00e3o criativa das presen\u00e7as mais longevas\u201d.<\/p>\n<p>Frei Paulo tamb\u00e9m lembrou que, no in\u00edcio do tri\u00eanio passado, logo ap\u00f3s o Cap\u00edtulo Provincial de 2021, os irm\u00e3os em Angola foram convidados a construir propostas para efetivar o amadurecimento institucional da Funda\u00e7\u00e3o em vista da cria\u00e7\u00e3o da Cust\u00f3dia. O amadurecimento a ser buscado exigiu envolvimento dos irm\u00e3os e das Fraternidades. \u201cOs frutos come\u00e7aram a surgir, tais como o recolhimento de documenta\u00e7\u00e3o que garantia o reconhecimento do Estado; a legaliza\u00e7\u00e3o dos terrenos e das edifica\u00e7\u00f5es; a formaliza\u00e7\u00e3o dos processos administrativos, cont\u00e1beis e trabalhistas, entre outros. Al\u00e9m do amadurecimento institucional, os irm\u00e3os se deixaram envolver na elabora\u00e7\u00e3o de um projeto de evangeliza\u00e7\u00e3o que pudesse considerar a import\u00e2ncia da defini\u00e7\u00e3o do lugar da Ordem na Igreja e na sociedade angolana. Outra dimens\u00e3o trabalhada pelas inst\u00e2ncias da Funda\u00e7\u00e3o foi a Forma\u00e7\u00e3o. A defini\u00e7\u00e3o de um itiner\u00e1rio de Forma\u00e7\u00e3o Permanente, al\u00e9m de diretrizes para o acolhimento dos vocacionados e acompanhamento dos jovens frades, foram sendo constru\u00eddos e implementados de modo a proporcionar seguran\u00e7a nos processos formativos \u201d.<\/p>\n<p>Em seu relato, marcado pelo compromisso e pela sabedoria franciscana de unidade e fraternidade, o frade deixou claro o cuidado com os irm\u00e3os angolanos. \u201cAs bases de uma nova entidade da Ordem em Angola, desde a chegada dos primeiros frades brasileiros at\u00e9 hoje, est\u00e3o sendo cuidadosamente constru\u00eddas. A convic\u00e7\u00e3o de que a gra\u00e7a de Deus sustenta nossos passos, planos e projetos; a fidelidade \u00e0s propostas do Movimento Franciscano; o olhar atento aos apelos que a realidade nos apresenta servir\u00e3o de est\u00edmulo e sustento da miss\u00e3o em Angola\u201d.<\/p>\n<p><img loading=\"lazy\" class=\"aligncenter wp-image-261379 size-full\" src=\"https:\/\/franciscanos.org.br\/noticias\/wp-content\/uploads\/2025\/10\/materia8-2.jpg\" alt=\"\" width=\"1280\" height=\"720\" srcset=\"https:\/\/franciscanos.org.br\/noticias\/wp-content\/uploads\/2025\/10\/materia8-2.jpg 1280w, https:\/\/franciscanos.org.br\/noticias\/wp-content\/uploads\/2025\/10\/materia8-2-450x253.jpg 450w, https:\/\/franciscanos.org.br\/noticias\/wp-content\/uploads\/2025\/10\/materia8-2-1024x576.jpg 1024w, https:\/\/franciscanos.org.br\/noticias\/wp-content\/uploads\/2025\/10\/materia8-2-768x432.jpg 768w, https:\/\/franciscanos.org.br\/noticias\/wp-content\/uploads\/2025\/10\/materia8-2-150x84.jpg 150w\" sizes=\"(max-width: 1280px) 100vw, 1280px\" \/>Inspirado pelos exemplos de S\u00e3o Francisco de Assis, Frei Paulo compartilhou sua leitura fraterna sobre a miss\u00e3o franciscana, encerrando com palavras que ecoam como convite \u00e0 esperan\u00e7a e \u00e0 entrega. \u201cO povo angolano vive um momento de reencontro com sua identidade e com sua hist\u00f3ria. Nesta hora, a Gra\u00e7a do Senhor nos convoca a oferecer nosso quinh\u00e3o para que a alegria do Evangelho seja anunciada e experimentada por todos os que colocam sua esperan\u00e7a no Senhor\u2019\u201d.<\/p>\n<hr \/>\n<p><em>Adriana Rabelo Rodrigues Marcelo<\/em><\/p>\n","protected":false},"excerpt":{"rendered":"<p>Miss\u00e3o Franciscana<\/p>\n","protected":false},"author":11,"featured_media":261380,"comment_status":"open","ping_status":"open","sticky":false,"template":"","format":"standard","meta":[],"categories":[1],"tags":[2439,2440,195],"acf":[],"yoast_head":"<!-- This site is optimized with the Yoast SEO plugin v19.2 - https:\/\/yoast.com\/wordpress\/plugins\/seo\/ -->\n<title>Hist\u00f3ria, futuro e os novos tempos da miss\u00e3o Angola sob o olhar do Ministro provincial - Not\u00edcias - Franciscanos<\/title>\n<meta name=\"robots\" content=\"index, follow, max-snippet:-1, max-image-preview:large, max-video-preview:-1\" \/>\n<link rel=\"canonical\" href=\"https:\/\/franciscanos.org.br\/noticias\/historia-futuro-e-os-novos-tempos-da-missao-angola-sob-o-olhar-do-ministro-provincial.html\" \/>\n<meta property=\"og:locale\" content=\"pt_BR\" \/>\n<meta property=\"og:type\" content=\"article\" \/>\n<meta property=\"og:title\" content=\"Hist\u00f3ria, futuro e os novos tempos da miss\u00e3o Angola sob o olhar do Ministro provincial - Not\u00edcias - Franciscanos\" \/>\n<meta property=\"og:description\" content=\"Miss\u00e3o Franciscana\" \/>\n<meta property=\"og:url\" content=\"https:\/\/franciscanos.org.br\/noticias\/historia-futuro-e-os-novos-tempos-da-missao-angola-sob-o-olhar-do-ministro-provincial.html\" \/>\n<meta property=\"og:site_name\" content=\"Not\u00edcias - Franciscanos\" \/>\n<meta property=\"article:published_time\" content=\"2025-10-15T19:30:30+00:00\" \/>\n<meta property=\"og:image\" content=\"https:\/\/franciscanos.org.br\/noticias\/wp-content\/uploads\/2025\/10\/chamada-.png\" \/>\n\t<meta property=\"og:image:width\" content=\"800\" \/>\n\t<meta property=\"og:image:height\" content=\"550\" \/>\n\t<meta property=\"og:image:type\" content=\"image\/png\" \/>\n<meta name=\"author\" content=\"Adriana Rabelo\" \/>\n<meta name=\"twitter:card\" content=\"summary_large_image\" \/>\n<meta name=\"twitter:label1\" content=\"Escrito por\" \/>\n\t<meta name=\"twitter:data1\" content=\"Adriana Rabelo\" \/>\n\t<meta name=\"twitter:label2\" content=\"Est. tempo de leitura\" \/>\n\t<meta name=\"twitter:data2\" content=\"9 minutos\" \/>\n<script type=\"application\/ld+json\" class=\"yoast-schema-graph\">{\"@context\":\"https:\/\/schema.org\",\"@graph\":[{\"@type\":\"WebSite\",\"@id\":\"https:\/\/franciscanos.org.br\/noticias\/#website\",\"url\":\"https:\/\/franciscanos.org.br\/noticias\/\",\"name\":\"Not\u00edcias - Franciscanos\",\"description\":\"Prov\u00edncia Franciscana da Imaculada Concei\u00e7\u00e3o do Brasil - Ordem dos Frades Menores - OFM\",\"potentialAction\":[{\"@type\":\"SearchAction\",\"target\":{\"@type\":\"EntryPoint\",\"urlTemplate\":\"https:\/\/franciscanos.org.br\/noticias\/?s={search_term_string}\"},\"query-input\":\"required name=search_term_string\"}],\"inLanguage\":\"pt-BR\"},{\"@type\":\"ImageObject\",\"inLanguage\":\"pt-BR\",\"@id\":\"https:\/\/franciscanos.org.br\/noticias\/historia-futuro-e-os-novos-tempos-da-missao-angola-sob-o-olhar-do-ministro-provincial.html#primaryimage\",\"url\":\"https:\/\/franciscanos.org.br\/noticias\/wp-content\/uploads\/2025\/10\/chamada-.png\",\"contentUrl\":\"https:\/\/franciscanos.org.br\/noticias\/wp-content\/uploads\/2025\/10\/chamada-.png\",\"width\":800,\"height\":550},{\"@type\":\"WebPage\",\"@id\":\"https:\/\/franciscanos.org.br\/noticias\/historia-futuro-e-os-novos-tempos-da-missao-angola-sob-o-olhar-do-ministro-provincial.html#webpage\",\"url\":\"https:\/\/franciscanos.org.br\/noticias\/historia-futuro-e-os-novos-tempos-da-missao-angola-sob-o-olhar-do-ministro-provincial.html\",\"name\":\"Hist\u00f3ria, futuro e os novos tempos da miss\u00e3o Angola sob o olhar do Ministro provincial - Not\u00edcias - Franciscanos\",\"isPartOf\":{\"@id\":\"https:\/\/franciscanos.org.br\/noticias\/#website\"},\"primaryImageOfPage\":{\"@id\":\"https:\/\/franciscanos.org.br\/noticias\/historia-futuro-e-os-novos-tempos-da-missao-angola-sob-o-olhar-do-ministro-provincial.html#primaryimage\"},\"datePublished\":\"2025-10-15T19:30:30+00:00\",\"dateModified\":\"2025-10-15T19:30:30+00:00\",\"author\":{\"@id\":\"https:\/\/franciscanos.org.br\/noticias\/#\/schema\/person\/d9422e83121c3ad3b0f423d195f5bb25\"},\"breadcrumb\":{\"@id\":\"https:\/\/franciscanos.org.br\/noticias\/historia-futuro-e-os-novos-tempos-da-missao-angola-sob-o-olhar-do-ministro-provincial.html#breadcrumb\"},\"inLanguage\":\"pt-BR\",\"potentialAction\":[{\"@type\":\"ReadAction\",\"target\":[\"https:\/\/franciscanos.org.br\/noticias\/historia-futuro-e-os-novos-tempos-da-missao-angola-sob-o-olhar-do-ministro-provincial.html\"]}]},{\"@type\":\"BreadcrumbList\",\"@id\":\"https:\/\/franciscanos.org.br\/noticias\/historia-futuro-e-os-novos-tempos-da-missao-angola-sob-o-olhar-do-ministro-provincial.html#breadcrumb\",\"itemListElement\":[{\"@type\":\"ListItem\",\"position\":1,\"name\":\"Home\",\"item\":\"https:\/\/franciscanos.org.br\/noticias\"},{\"@type\":\"ListItem\",\"position\":2,\"name\":\"Hist\u00f3ria, futuro e os novos tempos da miss\u00e3o Angola sob o olhar do Ministro provincial\"}]},{\"@type\":\"Person\",\"@id\":\"https:\/\/franciscanos.org.br\/noticias\/#\/schema\/person\/d9422e83121c3ad3b0f423d195f5bb25\",\"name\":\"Adriana Rabelo\",\"image\":{\"@type\":\"ImageObject\",\"inLanguage\":\"pt-BR\",\"@id\":\"https:\/\/franciscanos.org.br\/noticias\/#\/schema\/person\/image\/\",\"url\":\"https:\/\/secure.gravatar.com\/avatar\/0a937b7500cd7df77540cfb8bede877d?s=96&d=mm&r=g\",\"contentUrl\":\"https:\/\/secure.gravatar.com\/avatar\/0a937b7500cd7df77540cfb8bede877d?s=96&d=mm&r=g\",\"caption\":\"Adriana Rabelo\"},\"url\":\"https:\/\/franciscanos.org.br\/noticias\/author\/adrianarabelo\"}]}<\/script>\n<!-- \/ Yoast SEO plugin. -->","yoast_head_json":{"title":"Hist\u00f3ria, futuro e os novos tempos da miss\u00e3o Angola sob o olhar do Ministro provincial - Not\u00edcias - Franciscanos","robots":{"index":"index","follow":"follow","max-snippet":"max-snippet:-1","max-image-preview":"max-image-preview:large","max-video-preview":"max-video-preview:-1"},"canonical":"https:\/\/franciscanos.org.br\/noticias\/historia-futuro-e-os-novos-tempos-da-missao-angola-sob-o-olhar-do-ministro-provincial.html","og_locale":"pt_BR","og_type":"article","og_title":"Hist\u00f3ria, futuro e os novos tempos da miss\u00e3o Angola sob o olhar do Ministro provincial - Not\u00edcias - Franciscanos","og_description":"Miss\u00e3o Franciscana","og_url":"https:\/\/franciscanos.org.br\/noticias\/historia-futuro-e-os-novos-tempos-da-missao-angola-sob-o-olhar-do-ministro-provincial.html","og_site_name":"Not\u00edcias - Franciscanos","article_published_time":"2025-10-15T19:30:30+00:00","og_image":[{"width":800,"height":550,"url":"https:\/\/franciscanos.org.br\/noticias\/wp-content\/uploads\/2025\/10\/chamada-.png","type":"image\/png"}],"author":"Adriana Rabelo","twitter_card":"summary_large_image","twitter_misc":{"Escrito por":"Adriana Rabelo","Est. tempo de leitura":"9 minutos"},"schema":{"@context":"https:\/\/schema.org","@graph":[{"@type":"WebSite","@id":"https:\/\/franciscanos.org.br\/noticias\/#website","url":"https:\/\/franciscanos.org.br\/noticias\/","name":"Not\u00edcias - Franciscanos","description":"Prov\u00edncia Franciscana da Imaculada Concei\u00e7\u00e3o do Brasil - Ordem dos Frades Menores - OFM","potentialAction":[{"@type":"SearchAction","target":{"@type":"EntryPoint","urlTemplate":"https:\/\/franciscanos.org.br\/noticias\/?s={search_term_string}"},"query-input":"required name=search_term_string"}],"inLanguage":"pt-BR"},{"@type":"ImageObject","inLanguage":"pt-BR","@id":"https:\/\/franciscanos.org.br\/noticias\/historia-futuro-e-os-novos-tempos-da-missao-angola-sob-o-olhar-do-ministro-provincial.html#primaryimage","url":"https:\/\/franciscanos.org.br\/noticias\/wp-content\/uploads\/2025\/10\/chamada-.png","contentUrl":"https:\/\/franciscanos.org.br\/noticias\/wp-content\/uploads\/2025\/10\/chamada-.png","width":800,"height":550},{"@type":"WebPage","@id":"https:\/\/franciscanos.org.br\/noticias\/historia-futuro-e-os-novos-tempos-da-missao-angola-sob-o-olhar-do-ministro-provincial.html#webpage","url":"https:\/\/franciscanos.org.br\/noticias\/historia-futuro-e-os-novos-tempos-da-missao-angola-sob-o-olhar-do-ministro-provincial.html","name":"Hist\u00f3ria, futuro e os novos tempos da miss\u00e3o Angola sob o olhar do Ministro provincial - Not\u00edcias - Franciscanos","isPartOf":{"@id":"https:\/\/franciscanos.org.br\/noticias\/#website"},"primaryImageOfPage":{"@id":"https:\/\/franciscanos.org.br\/noticias\/historia-futuro-e-os-novos-tempos-da-missao-angola-sob-o-olhar-do-ministro-provincial.html#primaryimage"},"datePublished":"2025-10-15T19:30:30+00:00","dateModified":"2025-10-15T19:30:30+00:00","author":{"@id":"https:\/\/franciscanos.org.br\/noticias\/#\/schema\/person\/d9422e83121c3ad3b0f423d195f5bb25"},"breadcrumb":{"@id":"https:\/\/franciscanos.org.br\/noticias\/historia-futuro-e-os-novos-tempos-da-missao-angola-sob-o-olhar-do-ministro-provincial.html#breadcrumb"},"inLanguage":"pt-BR","potentialAction":[{"@type":"ReadAction","target":["https:\/\/franciscanos.org.br\/noticias\/historia-futuro-e-os-novos-tempos-da-missao-angola-sob-o-olhar-do-ministro-provincial.html"]}]},{"@type":"BreadcrumbList","@id":"https:\/\/franciscanos.org.br\/noticias\/historia-futuro-e-os-novos-tempos-da-missao-angola-sob-o-olhar-do-ministro-provincial.html#breadcrumb","itemListElement":[{"@type":"ListItem","position":1,"name":"Home","item":"https:\/\/franciscanos.org.br\/noticias"},{"@type":"ListItem","position":2,"name":"Hist\u00f3ria, futuro e os novos tempos da miss\u00e3o Angola sob o olhar do Ministro provincial"}]},{"@type":"Person","@id":"https:\/\/franciscanos.org.br\/noticias\/#\/schema\/person\/d9422e83121c3ad3b0f423d195f5bb25","name":"Adriana Rabelo","image":{"@type":"ImageObject","inLanguage":"pt-BR","@id":"https:\/\/franciscanos.org.br\/noticias\/#\/schema\/person\/image\/","url":"https:\/\/secure.gravatar.com\/avatar\/0a937b7500cd7df77540cfb8bede877d?s=96&d=mm&r=g","contentUrl":"https:\/\/secure.gravatar.com\/avatar\/0a937b7500cd7df77540cfb8bede877d?s=96&d=mm&r=g","caption":"Adriana Rabelo"},"url":"https:\/\/franciscanos.org.br\/noticias\/author\/adrianarabelo"}]}},"_links":{"self":[{"href":"https:\/\/franciscanos.org.br\/noticias\/wp-json\/wp\/v2\/posts\/261372"}],"collection":[{"href":"https:\/\/franciscanos.org.br\/noticias\/wp-json\/wp\/v2\/posts"}],"about":[{"href":"https:\/\/franciscanos.org.br\/noticias\/wp-json\/wp\/v2\/types\/post"}],"author":[{"embeddable":true,"href":"https:\/\/franciscanos.org.br\/noticias\/wp-json\/wp\/v2\/users\/11"}],"replies":[{"embeddable":true,"href":"https:\/\/franciscanos.org.br\/noticias\/wp-json\/wp\/v2\/comments?post=261372"}],"version-history":[{"count":4,"href":"https:\/\/franciscanos.org.br\/noticias\/wp-json\/wp\/v2\/posts\/261372\/revisions"}],"predecessor-version":[{"id":261385,"href":"https:\/\/franciscanos.org.br\/noticias\/wp-json\/wp\/v2\/posts\/261372\/revisions\/261385"}],"wp:featuredmedia":[{"embeddable":true,"href":"https:\/\/franciscanos.org.br\/noticias\/wp-json\/wp\/v2\/media\/261380"}],"wp:attachment":[{"href":"https:\/\/franciscanos.org.br\/noticias\/wp-json\/wp\/v2\/media?parent=261372"}],"wp:term":[{"taxonomy":"category","embeddable":true,"href":"https:\/\/franciscanos.org.br\/noticias\/wp-json\/wp\/v2\/categories?post=261372"},{"taxonomy":"post_tag","embeddable":true,"href":"https:\/\/franciscanos.org.br\/noticias\/wp-json\/wp\/v2\/tags?post=261372"}],"curies":[{"name":"wp","href":"https:\/\/api.w.org\/{rel}","templated":true}]}}