{"id":261328,"date":"2025-10-14T15:54:56","date_gmt":"2025-10-14T18:54:56","guid":{"rendered":"https:\/\/franciscanos.org.br\/noticias\/?p=261328"},"modified":"2025-10-14T16:00:27","modified_gmt":"2025-10-14T19:00:27","slug":"segundo-dia-do-capitulo-da-fimda-e-marcado-por-reflexoes-historicas-prestacao-de-contas-e-presenca-do-ministro-geral","status":"publish","type":"post","link":"https:\/\/franciscanos.org.br\/noticias\/segundo-dia-do-capitulo-da-fimda-e-marcado-por-reflexoes-historicas-prestacao-de-contas-e-presenca-do-ministro-geral.html","title":{"rendered":"Segundo dia do Cap\u00edtulo da FIMDA \u00e9 marcado por reflex\u00f5es hist\u00f3ricas, presta\u00e7\u00e3o de contas e presen\u00e7a do Ministro geral"},"content":{"rendered":"<p><img loading=\"lazy\" class=\"aligncenter wp-image-261330 size-full\" src=\"https:\/\/franciscanos.org.br\/noticias\/wp-content\/uploads\/2025\/10\/materia-12-3.jpg\" alt=\"\" width=\"1280\" height=\"720\" srcset=\"https:\/\/franciscanos.org.br\/noticias\/wp-content\/uploads\/2025\/10\/materia-12-3.jpg 1280w, https:\/\/franciscanos.org.br\/noticias\/wp-content\/uploads\/2025\/10\/materia-12-3-450x253.jpg 450w, https:\/\/franciscanos.org.br\/noticias\/wp-content\/uploads\/2025\/10\/materia-12-3-1024x576.jpg 1024w, https:\/\/franciscanos.org.br\/noticias\/wp-content\/uploads\/2025\/10\/materia-12-3-768x432.jpg 768w, https:\/\/franciscanos.org.br\/noticias\/wp-content\/uploads\/2025\/10\/materia-12-3-150x84.jpg 150w\" sizes=\"(max-width: 1280px) 100vw, 1280px\" \/><\/p>\n<p>Nesta ter\u00e7a-feira, 14 de outubro, o segundo dia do Cap\u00edtulo da Funda\u00e7\u00e3o Franciscana da Imaculada M\u00e3e de Deus de Angola foi marcado por intensas atividades espirituais, administrativas e hist\u00f3ricas, contando com a chegada do Ministro geral da Ordem dos Frades Menores, Frei Massimo Fusarelli, ao pa\u00eds.<\/p>\n<p><img loading=\"lazy\" class=\"size-medium wp-image-261332 alignright\" src=\"https:\/\/franciscanos.org.br\/noticias\/wp-content\/uploads\/2025\/10\/IMG-20251014-WA0012-450x338.jpg\" alt=\"\" width=\"450\" height=\"338\" srcset=\"https:\/\/franciscanos.org.br\/noticias\/wp-content\/uploads\/2025\/10\/IMG-20251014-WA0012-450x338.jpg 450w, https:\/\/franciscanos.org.br\/noticias\/wp-content\/uploads\/2025\/10\/IMG-20251014-WA0012-1024x768.jpg 1024w, https:\/\/franciscanos.org.br\/noticias\/wp-content\/uploads\/2025\/10\/IMG-20251014-WA0012-768x576.jpg 768w, https:\/\/franciscanos.org.br\/noticias\/wp-content\/uploads\/2025\/10\/IMG-20251014-WA0012-150x113.jpg 150w, https:\/\/franciscanos.org.br\/noticias\/wp-content\/uploads\/2025\/10\/IMG-20251014-WA0012-600x450.jpg 600w, https:\/\/franciscanos.org.br\/noticias\/wp-content\/uploads\/2025\/10\/IMG-20251014-WA0012.jpg 1152w\" sizes=\"(max-width: 450px) 100vw, 450px\" \/>As atividades tiveram in\u00edcio \u00e0s 7h com a Celebra\u00e7\u00e3o Eucar\u00edstica presidida pelo Ministro provincial, Frei Paulo Roberto Pereira, e concelebrada por Frei Evaristo Seque Joaquim. Logo ap\u00f3s, os capitulares acolheram com alegria Frei Massimo Fusarelli, que foi recebido no Convento Franciscano S\u00e3o Francisco de Assis, em sua segunda visita \u00e0s terras angolanas.<\/p>\n<p>\u00c0s 10h, Frei Jos\u00e9 Morais Cambolo apresentou uma vis\u00e3o geral da contabilidade desde o \u00faltimo Cap\u00edtulo, destacando os pontos principais da Ratio Econ\u00f4mica. Em seguida, \u00e0s 11h, Frei Andr\u00e9 Luiz da Rocha Henriques moderou o momento de atualiza\u00e7\u00e3o dos Estatutos, encerrando-se com a deposi\u00e7\u00e3o dos of\u00edcios pelo Ministro Provincial.<\/p>\n<p>Ainda no per\u00edodo da manh\u00e3, o presidente da Funda\u00e7\u00e3o, Frei Ivair Bueno de Carvalho, apresentou a presta\u00e7\u00e3o de contas e os processos realizados at\u00e9 o momento. As atividades seguiram com um momento de confraterniza\u00e7\u00e3o com aperitivo \u00e0s 12h30, seguido do almo\u00e7o \u00e0s 13h.<\/p>\n<p><img loading=\"lazy\" class=\"aligncenter wp-image-261333 size-full\" src=\"https:\/\/franciscanos.org.br\/noticias\/wp-content\/uploads\/2025\/10\/materia1-6.jpg\" alt=\"\" width=\"1280\" height=\"720\" srcset=\"https:\/\/franciscanos.org.br\/noticias\/wp-content\/uploads\/2025\/10\/materia1-6.jpg 1280w, https:\/\/franciscanos.org.br\/noticias\/wp-content\/uploads\/2025\/10\/materia1-6-450x253.jpg 450w, https:\/\/franciscanos.org.br\/noticias\/wp-content\/uploads\/2025\/10\/materia1-6-1024x576.jpg 1024w, https:\/\/franciscanos.org.br\/noticias\/wp-content\/uploads\/2025\/10\/materia1-6-768x432.jpg 768w, https:\/\/franciscanos.org.br\/noticias\/wp-content\/uploads\/2025\/10\/materia1-6-150x84.jpg 150w\" sizes=\"(max-width: 1280px) 100vw, 1280px\" \/><\/p>\n<p>A tarde foi dedicada \u00e0 mem\u00f3ria e celebra\u00e7\u00e3o dos 35 anos da presen\u00e7a franciscana em Angola. A Irm\u00e3 Br\u00edgida Tchinhanga, das Irm\u00e3s Franciscanas Mission\u00e1rias de Maria, compartilhou um comovente testemunho sobre os primeiros anos da miss\u00e3o franciscana em Malange, especialmente com a chegada dos tr\u00eas primeiros frades: Frei Pedro Caron, Frei Pl\u00ednio Gande da Silva e Frei Jos\u00e9 Zanchet. Os dois \u00faltimos de feliz mem\u00f3ria. Tamb\u00e9m deram seus depoimentos Frei Santana Sebasti\u00e3o Cafunda, Frei Jos\u00e9 Morais Cambolo, Frei Val\u00f3dia Jo\u00e3o Manuel Baptista Domingos, Frei Valdemiro Wastchuk e Frei Jo\u00e3o Alberto Bunga.<\/p>\n<p><img loading=\"lazy\" class=\"aligncenter wp-image-261334 size-full\" src=\"https:\/\/franciscanos.org.br\/noticias\/wp-content\/uploads\/2025\/10\/materia2-13.jpg\" alt=\"\" width=\"1280\" height=\"720\" srcset=\"https:\/\/franciscanos.org.br\/noticias\/wp-content\/uploads\/2025\/10\/materia2-13.jpg 1280w, https:\/\/franciscanos.org.br\/noticias\/wp-content\/uploads\/2025\/10\/materia2-13-450x253.jpg 450w, https:\/\/franciscanos.org.br\/noticias\/wp-content\/uploads\/2025\/10\/materia2-13-1024x576.jpg 1024w, https:\/\/franciscanos.org.br\/noticias\/wp-content\/uploads\/2025\/10\/materia2-13-768x432.jpg 768w, https:\/\/franciscanos.org.br\/noticias\/wp-content\/uploads\/2025\/10\/materia2-13-150x84.jpg 150w\" sizes=\"(max-width: 1280px) 100vw, 1280px\" \/><\/p>\n<p>Ap\u00f3s um breve intervalo \u00e0s 15h40, Frei Paulo apresentou, \u00e0s 16h30, uma reflex\u00e3o sobre a rela\u00e7\u00e3o da Prov\u00edncia com a Funda\u00e7\u00e3o, destacando os desafios e perspectivas para a continuidade desse v\u00ednculo mission\u00e1rio.<\/p>\n<p>Os trabalhos do dia foram encerrados \u00e0s 17h30. \u00c0 noite, a programa\u00e7\u00e3o incluiu a ora\u00e7\u00e3o das V\u00e9speras \u00e0s 18h30 e, \u00e0s 19h, um momento de recrea\u00e7\u00e3o e confraterniza\u00e7\u00e3o com o jantar.<\/p>\n\n\t\t<style type=\"text\/css\">\n\t\t\t#gallery-1 {\n\t\t\t\tmargin: auto;\n\t\t\t}\n\t\t\t#gallery-1 .gallery-item {\n\t\t\t\tfloat: left;\n\t\t\t\tmargin-top: 10px;\n\t\t\t\ttext-align: center;\n\t\t\t\twidth: 25%;\n\t\t\t}\n\t\t\t#gallery-1 img {\n\t\t\t\tborder: 2px solid #cfcfcf;\n\t\t\t}\n\t\t\t#gallery-1 .gallery-caption {\n\t\t\t\tmargin-left: 0;\n\t\t\t}\n\t\t\t\/* see gallery_shortcode() in wp-includes\/media.php *\/\n\t\t<\/style>\n\t\t<div id='gallery-1' class='gallery galleryid-261328 gallery-columns-4 gallery-size-thumbnail'><dl class='gallery-item'>\n\t\t\t<dt class='gallery-icon portrait'>\n\t\t\t\t<a href='https:\/\/franciscanos.org.br\/noticias\/wp-content\/uploads\/2025\/10\/IMG_9642-scaled.jpg'><img width=\"300\" height=\"300\" src=\"https:\/\/franciscanos.org.br\/noticias\/wp-content\/uploads\/2025\/10\/IMG_9642-300x300.jpg\" class=\"attachment-thumbnail size-thumbnail\" alt=\"\" loading=\"lazy\" srcset=\"https:\/\/franciscanos.org.br\/noticias\/wp-content\/uploads\/2025\/10\/IMG_9642-300x300.jpg 300w, https:\/\/franciscanos.org.br\/noticias\/wp-content\/uploads\/2025\/10\/IMG_9642-100x100.jpg 100w\" sizes=\"(max-width: 300px) 100vw, 300px\" \/><\/a>\n\t\t\t<\/dt><\/dl><dl class='gallery-item'>\n\t\t\t<dt class='gallery-icon portrait'>\n\t\t\t\t<a href='https:\/\/franciscanos.org.br\/noticias\/wp-content\/uploads\/2025\/10\/IMG_9644-scaled.jpg'><img width=\"300\" height=\"300\" src=\"https:\/\/franciscanos.org.br\/noticias\/wp-content\/uploads\/2025\/10\/IMG_9644-300x300.jpg\" class=\"attachment-thumbnail size-thumbnail\" alt=\"\" loading=\"lazy\" srcset=\"https:\/\/franciscanos.org.br\/noticias\/wp-content\/uploads\/2025\/10\/IMG_9644-300x300.jpg 300w, https:\/\/franciscanos.org.br\/noticias\/wp-content\/uploads\/2025\/10\/IMG_9644-100x100.jpg 100w\" sizes=\"(max-width: 300px) 100vw, 300px\" \/><\/a>\n\t\t\t<\/dt><\/dl><dl class='gallery-item'>\n\t\t\t<dt class='gallery-icon portrait'>\n\t\t\t\t<a href='https:\/\/franciscanos.org.br\/noticias\/wp-content\/uploads\/2025\/10\/IMG_9645-scaled.jpg'><img width=\"300\" height=\"300\" src=\"https:\/\/franciscanos.org.br\/noticias\/wp-content\/uploads\/2025\/10\/IMG_9645-300x300.jpg\" class=\"attachment-thumbnail size-thumbnail\" alt=\"\" loading=\"lazy\" srcset=\"https:\/\/franciscanos.org.br\/noticias\/wp-content\/uploads\/2025\/10\/IMG_9645-300x300.jpg 300w, https:\/\/franciscanos.org.br\/noticias\/wp-content\/uploads\/2025\/10\/IMG_9645-100x100.jpg 100w\" sizes=\"(max-width: 300px) 100vw, 300px\" \/><\/a>\n\t\t\t<\/dt><\/dl><dl class='gallery-item'>\n\t\t\t<dt class='gallery-icon portrait'>\n\t\t\t\t<a href='https:\/\/franciscanos.org.br\/noticias\/wp-content\/uploads\/2025\/10\/IMG_9646-scaled.jpg'><img width=\"300\" height=\"300\" src=\"https:\/\/franciscanos.org.br\/noticias\/wp-content\/uploads\/2025\/10\/IMG_9646-300x300.jpg\" class=\"attachment-thumbnail size-thumbnail\" alt=\"\" loading=\"lazy\" srcset=\"https:\/\/franciscanos.org.br\/noticias\/wp-content\/uploads\/2025\/10\/IMG_9646-300x300.jpg 300w, https:\/\/franciscanos.org.br\/noticias\/wp-content\/uploads\/2025\/10\/IMG_9646-100x100.jpg 100w\" sizes=\"(max-width: 300px) 100vw, 300px\" \/><\/a>\n\t\t\t<\/dt><\/dl><br style=\"clear: both\" \/>\n\t\t<\/div>\n\n<p>O Cap\u00edtulo segue com esp\u00edrito fraterno, marcado pela escuta, partilha e renova\u00e7\u00e3o do compromisso com a miss\u00e3o franciscana em Angola.<\/p>\n<hr \/>\n<p><em>Frei Evaristo Seque Joaquim<\/em><\/p>\n","protected":false},"excerpt":{"rendered":"<p>Cap\u00edtulo da FIMDA<\/p>\n","protected":false},"author":11,"featured_media":261331,"comment_status":"open","ping_status":"open","sticky":false,"template":"","format":"standard","meta":[],"categories":[1],"tags":[109,2439],"acf":[],"yoast_head":"<!-- This site is optimized with the Yoast SEO plugin v19.2 - https:\/\/yoast.com\/wordpress\/plugins\/seo\/ -->\n<title>Segundo dia do Cap\u00edtulo da FIMDA \u00e9 marcado por reflex\u00f5es hist\u00f3ricas, presta\u00e7\u00e3o de contas e presen\u00e7a do Ministro geral - Not\u00edcias - Franciscanos<\/title>\n<meta name=\"robots\" content=\"index, follow, max-snippet:-1, max-image-preview:large, max-video-preview:-1\" \/>\n<link rel=\"canonical\" href=\"https:\/\/franciscanos.org.br\/noticias\/segundo-dia-do-capitulo-da-fimda-e-marcado-por-reflexoes-historicas-prestacao-de-contas-e-presenca-do-ministro-geral.html\" \/>\n<meta property=\"og:locale\" content=\"pt_BR\" \/>\n<meta property=\"og:type\" content=\"article\" \/>\n<meta property=\"og:title\" content=\"Segundo dia do Cap\u00edtulo da FIMDA \u00e9 marcado por reflex\u00f5es hist\u00f3ricas, presta\u00e7\u00e3o de contas e presen\u00e7a do Ministro geral - Not\u00edcias - Franciscanos\" \/>\n<meta property=\"og:description\" content=\"Cap\u00edtulo da FIMDA\" \/>\n<meta property=\"og:url\" content=\"https:\/\/franciscanos.org.br\/noticias\/segundo-dia-do-capitulo-da-fimda-e-marcado-por-reflexoes-historicas-prestacao-de-contas-e-presenca-do-ministro-geral.html\" \/>\n<meta property=\"og:site_name\" content=\"Not\u00edcias - Franciscanos\" \/>\n<meta property=\"article:published_time\" content=\"2025-10-14T18:54:56+00:00\" \/>\n<meta property=\"article:modified_time\" content=\"2025-10-14T19:00:27+00:00\" \/>\n<meta property=\"og:image\" content=\"https:\/\/franciscanos.org.br\/noticias\/wp-content\/uploads\/2025\/10\/chamada-31.jpg\" \/>\n\t<meta property=\"og:image:width\" content=\"800\" \/>\n\t<meta property=\"og:image:height\" content=\"550\" \/>\n\t<meta property=\"og:image:type\" content=\"image\/jpeg\" \/>\n<meta name=\"author\" content=\"Adriana Rabelo\" \/>\n<meta name=\"twitter:card\" content=\"summary_large_image\" \/>\n<meta name=\"twitter:label1\" content=\"Escrito por\" \/>\n\t<meta name=\"twitter:data1\" content=\"Adriana Rabelo\" \/>\n\t<meta name=\"twitter:label2\" content=\"Est. tempo de leitura\" \/>\n\t<meta name=\"twitter:data2\" content=\"2 minutos\" \/>\n<script type=\"application\/ld+json\" class=\"yoast-schema-graph\">{\"@context\":\"https:\/\/schema.org\",\"@graph\":[{\"@type\":\"WebSite\",\"@id\":\"https:\/\/franciscanos.org.br\/noticias\/#website\",\"url\":\"https:\/\/franciscanos.org.br\/noticias\/\",\"name\":\"Not\u00edcias - Franciscanos\",\"description\":\"Prov\u00edncia Franciscana da Imaculada Concei\u00e7\u00e3o do Brasil - Ordem dos Frades Menores - OFM\",\"potentialAction\":[{\"@type\":\"SearchAction\",\"target\":{\"@type\":\"EntryPoint\",\"urlTemplate\":\"https:\/\/franciscanos.org.br\/noticias\/?s={search_term_string}\"},\"query-input\":\"required name=search_term_string\"}],\"inLanguage\":\"pt-BR\"},{\"@type\":\"ImageObject\",\"inLanguage\":\"pt-BR\",\"@id\":\"https:\/\/franciscanos.org.br\/noticias\/segundo-dia-do-capitulo-da-fimda-e-marcado-por-reflexoes-historicas-prestacao-de-contas-e-presenca-do-ministro-geral.html#primaryimage\",\"url\":\"https:\/\/franciscanos.org.br\/noticias\/wp-content\/uploads\/2025\/10\/chamada-31.jpg\",\"contentUrl\":\"https:\/\/franciscanos.org.br\/noticias\/wp-content\/uploads\/2025\/10\/chamada-31.jpg\",\"width\":800,\"height\":550},{\"@type\":\"WebPage\",\"@id\":\"https:\/\/franciscanos.org.br\/noticias\/segundo-dia-do-capitulo-da-fimda-e-marcado-por-reflexoes-historicas-prestacao-de-contas-e-presenca-do-ministro-geral.html#webpage\",\"url\":\"https:\/\/franciscanos.org.br\/noticias\/segundo-dia-do-capitulo-da-fimda-e-marcado-por-reflexoes-historicas-prestacao-de-contas-e-presenca-do-ministro-geral.html\",\"name\":\"Segundo dia do Cap\u00edtulo da FIMDA \u00e9 marcado por reflex\u00f5es hist\u00f3ricas, presta\u00e7\u00e3o de contas e presen\u00e7a do Ministro geral - Not\u00edcias - Franciscanos\",\"isPartOf\":{\"@id\":\"https:\/\/franciscanos.org.br\/noticias\/#website\"},\"primaryImageOfPage\":{\"@id\":\"https:\/\/franciscanos.org.br\/noticias\/segundo-dia-do-capitulo-da-fimda-e-marcado-por-reflexoes-historicas-prestacao-de-contas-e-presenca-do-ministro-geral.html#primaryimage\"},\"datePublished\":\"2025-10-14T18:54:56+00:00\",\"dateModified\":\"2025-10-14T19:00:27+00:00\",\"author\":{\"@id\":\"https:\/\/franciscanos.org.br\/noticias\/#\/schema\/person\/d9422e83121c3ad3b0f423d195f5bb25\"},\"breadcrumb\":{\"@id\":\"https:\/\/franciscanos.org.br\/noticias\/segundo-dia-do-capitulo-da-fimda-e-marcado-por-reflexoes-historicas-prestacao-de-contas-e-presenca-do-ministro-geral.html#breadcrumb\"},\"inLanguage\":\"pt-BR\",\"potentialAction\":[{\"@type\":\"ReadAction\",\"target\":[\"https:\/\/franciscanos.org.br\/noticias\/segundo-dia-do-capitulo-da-fimda-e-marcado-por-reflexoes-historicas-prestacao-de-contas-e-presenca-do-ministro-geral.html\"]}]},{\"@type\":\"BreadcrumbList\",\"@id\":\"https:\/\/franciscanos.org.br\/noticias\/segundo-dia-do-capitulo-da-fimda-e-marcado-por-reflexoes-historicas-prestacao-de-contas-e-presenca-do-ministro-geral.html#breadcrumb\",\"itemListElement\":[{\"@type\":\"ListItem\",\"position\":1,\"name\":\"Home\",\"item\":\"https:\/\/franciscanos.org.br\/noticias\"},{\"@type\":\"ListItem\",\"position\":2,\"name\":\"Segundo dia do Cap\u00edtulo da FIMDA \u00e9 marcado por reflex\u00f5es hist\u00f3ricas, presta\u00e7\u00e3o de contas e presen\u00e7a do Ministro geral\"}]},{\"@type\":\"Person\",\"@id\":\"https:\/\/franciscanos.org.br\/noticias\/#\/schema\/person\/d9422e83121c3ad3b0f423d195f5bb25\",\"name\":\"Adriana Rabelo\",\"image\":{\"@type\":\"ImageObject\",\"inLanguage\":\"pt-BR\",\"@id\":\"https:\/\/franciscanos.org.br\/noticias\/#\/schema\/person\/image\/\",\"url\":\"https:\/\/secure.gravatar.com\/avatar\/0a937b7500cd7df77540cfb8bede877d?s=96&d=mm&r=g\",\"contentUrl\":\"https:\/\/secure.gravatar.com\/avatar\/0a937b7500cd7df77540cfb8bede877d?s=96&d=mm&r=g\",\"caption\":\"Adriana Rabelo\"},\"url\":\"https:\/\/franciscanos.org.br\/noticias\/author\/adrianarabelo\"}]}<\/script>\n<!-- \/ Yoast SEO plugin. -->","yoast_head_json":{"title":"Segundo dia do Cap\u00edtulo da FIMDA \u00e9 marcado por reflex\u00f5es hist\u00f3ricas, presta\u00e7\u00e3o de contas e presen\u00e7a do Ministro geral - Not\u00edcias - Franciscanos","robots":{"index":"index","follow":"follow","max-snippet":"max-snippet:-1","max-image-preview":"max-image-preview:large","max-video-preview":"max-video-preview:-1"},"canonical":"https:\/\/franciscanos.org.br\/noticias\/segundo-dia-do-capitulo-da-fimda-e-marcado-por-reflexoes-historicas-prestacao-de-contas-e-presenca-do-ministro-geral.html","og_locale":"pt_BR","og_type":"article","og_title":"Segundo dia do Cap\u00edtulo da FIMDA \u00e9 marcado por reflex\u00f5es hist\u00f3ricas, presta\u00e7\u00e3o de contas e presen\u00e7a do Ministro geral - Not\u00edcias - Franciscanos","og_description":"Cap\u00edtulo da FIMDA","og_url":"https:\/\/franciscanos.org.br\/noticias\/segundo-dia-do-capitulo-da-fimda-e-marcado-por-reflexoes-historicas-prestacao-de-contas-e-presenca-do-ministro-geral.html","og_site_name":"Not\u00edcias - Franciscanos","article_published_time":"2025-10-14T18:54:56+00:00","article_modified_time":"2025-10-14T19:00:27+00:00","og_image":[{"width":800,"height":550,"url":"https:\/\/franciscanos.org.br\/noticias\/wp-content\/uploads\/2025\/10\/chamada-31.jpg","type":"image\/jpeg"}],"author":"Adriana Rabelo","twitter_card":"summary_large_image","twitter_misc":{"Escrito por":"Adriana Rabelo","Est. tempo de leitura":"2 minutos"},"schema":{"@context":"https:\/\/schema.org","@graph":[{"@type":"WebSite","@id":"https:\/\/franciscanos.org.br\/noticias\/#website","url":"https:\/\/franciscanos.org.br\/noticias\/","name":"Not\u00edcias - Franciscanos","description":"Prov\u00edncia Franciscana da Imaculada Concei\u00e7\u00e3o do Brasil - Ordem dos Frades Menores - OFM","potentialAction":[{"@type":"SearchAction","target":{"@type":"EntryPoint","urlTemplate":"https:\/\/franciscanos.org.br\/noticias\/?s={search_term_string}"},"query-input":"required name=search_term_string"}],"inLanguage":"pt-BR"},{"@type":"ImageObject","inLanguage":"pt-BR","@id":"https:\/\/franciscanos.org.br\/noticias\/segundo-dia-do-capitulo-da-fimda-e-marcado-por-reflexoes-historicas-prestacao-de-contas-e-presenca-do-ministro-geral.html#primaryimage","url":"https:\/\/franciscanos.org.br\/noticias\/wp-content\/uploads\/2025\/10\/chamada-31.jpg","contentUrl":"https:\/\/franciscanos.org.br\/noticias\/wp-content\/uploads\/2025\/10\/chamada-31.jpg","width":800,"height":550},{"@type":"WebPage","@id":"https:\/\/franciscanos.org.br\/noticias\/segundo-dia-do-capitulo-da-fimda-e-marcado-por-reflexoes-historicas-prestacao-de-contas-e-presenca-do-ministro-geral.html#webpage","url":"https:\/\/franciscanos.org.br\/noticias\/segundo-dia-do-capitulo-da-fimda-e-marcado-por-reflexoes-historicas-prestacao-de-contas-e-presenca-do-ministro-geral.html","name":"Segundo dia do Cap\u00edtulo da FIMDA \u00e9 marcado por reflex\u00f5es hist\u00f3ricas, presta\u00e7\u00e3o de contas e presen\u00e7a do Ministro geral - Not\u00edcias - Franciscanos","isPartOf":{"@id":"https:\/\/franciscanos.org.br\/noticias\/#website"},"primaryImageOfPage":{"@id":"https:\/\/franciscanos.org.br\/noticias\/segundo-dia-do-capitulo-da-fimda-e-marcado-por-reflexoes-historicas-prestacao-de-contas-e-presenca-do-ministro-geral.html#primaryimage"},"datePublished":"2025-10-14T18:54:56+00:00","dateModified":"2025-10-14T19:00:27+00:00","author":{"@id":"https:\/\/franciscanos.org.br\/noticias\/#\/schema\/person\/d9422e83121c3ad3b0f423d195f5bb25"},"breadcrumb":{"@id":"https:\/\/franciscanos.org.br\/noticias\/segundo-dia-do-capitulo-da-fimda-e-marcado-por-reflexoes-historicas-prestacao-de-contas-e-presenca-do-ministro-geral.html#breadcrumb"},"inLanguage":"pt-BR","potentialAction":[{"@type":"ReadAction","target":["https:\/\/franciscanos.org.br\/noticias\/segundo-dia-do-capitulo-da-fimda-e-marcado-por-reflexoes-historicas-prestacao-de-contas-e-presenca-do-ministro-geral.html"]}]},{"@type":"BreadcrumbList","@id":"https:\/\/franciscanos.org.br\/noticias\/segundo-dia-do-capitulo-da-fimda-e-marcado-por-reflexoes-historicas-prestacao-de-contas-e-presenca-do-ministro-geral.html#breadcrumb","itemListElement":[{"@type":"ListItem","position":1,"name":"Home","item":"https:\/\/franciscanos.org.br\/noticias"},{"@type":"ListItem","position":2,"name":"Segundo dia do Cap\u00edtulo da FIMDA \u00e9 marcado por reflex\u00f5es hist\u00f3ricas, presta\u00e7\u00e3o de contas e presen\u00e7a do Ministro geral"}]},{"@type":"Person","@id":"https:\/\/franciscanos.org.br\/noticias\/#\/schema\/person\/d9422e83121c3ad3b0f423d195f5bb25","name":"Adriana Rabelo","image":{"@type":"ImageObject","inLanguage":"pt-BR","@id":"https:\/\/franciscanos.org.br\/noticias\/#\/schema\/person\/image\/","url":"https:\/\/secure.gravatar.com\/avatar\/0a937b7500cd7df77540cfb8bede877d?s=96&d=mm&r=g","contentUrl":"https:\/\/secure.gravatar.com\/avatar\/0a937b7500cd7df77540cfb8bede877d?s=96&d=mm&r=g","caption":"Adriana Rabelo"},"url":"https:\/\/franciscanos.org.br\/noticias\/author\/adrianarabelo"}]}},"_links":{"self":[{"href":"https:\/\/franciscanos.org.br\/noticias\/wp-json\/wp\/v2\/posts\/261328"}],"collection":[{"href":"https:\/\/franciscanos.org.br\/noticias\/wp-json\/wp\/v2\/posts"}],"about":[{"href":"https:\/\/franciscanos.org.br\/noticias\/wp-json\/wp\/v2\/types\/post"}],"author":[{"embeddable":true,"href":"https:\/\/franciscanos.org.br\/noticias\/wp-json\/wp\/v2\/users\/11"}],"replies":[{"embeddable":true,"href":"https:\/\/franciscanos.org.br\/noticias\/wp-json\/wp\/v2\/comments?post=261328"}],"version-history":[{"count":3,"href":"https:\/\/franciscanos.org.br\/noticias\/wp-json\/wp\/v2\/posts\/261328\/revisions"}],"predecessor-version":[{"id":261342,"href":"https:\/\/franciscanos.org.br\/noticias\/wp-json\/wp\/v2\/posts\/261328\/revisions\/261342"}],"wp:featuredmedia":[{"embeddable":true,"href":"https:\/\/franciscanos.org.br\/noticias\/wp-json\/wp\/v2\/media\/261331"}],"wp:attachment":[{"href":"https:\/\/franciscanos.org.br\/noticias\/wp-json\/wp\/v2\/media?parent=261328"}],"wp:term":[{"taxonomy":"category","embeddable":true,"href":"https:\/\/franciscanos.org.br\/noticias\/wp-json\/wp\/v2\/categories?post=261328"},{"taxonomy":"post_tag","embeddable":true,"href":"https:\/\/franciscanos.org.br\/noticias\/wp-json\/wp\/v2\/tags?post=261328"}],"curies":[{"name":"wp","href":"https:\/\/api.w.org\/{rel}","templated":true}]}}