{"id":261317,"date":"2025-10-14T09:00:08","date_gmt":"2025-10-14T12:00:08","guid":{"rendered":"https:\/\/franciscanos.org.br\/noticias\/?p=261317"},"modified":"2025-10-14T12:17:51","modified_gmt":"2025-10-14T15:17:51","slug":"coral-das-meninas-dos-canarinhos-de-petropolis-celebra-37-anos-com-missa-na-solenidade-de-nossa-senhora-aparecida","status":"publish","type":"post","link":"https:\/\/franciscanos.org.br\/noticias\/coral-das-meninas-dos-canarinhos-de-petropolis-celebra-37-anos-com-missa-na-solenidade-de-nossa-senhora-aparecida.html","title":{"rendered":"Coral das Meninas dos Canarinhos de Petr\u00f3polis celebra 37 anos com Missa na Solenidade de Nossa Senhora Aparecida"},"content":{"rendered":"<p><img loading=\"lazy\" class=\"aligncenter wp-image-261318 size-full\" src=\"https:\/\/franciscanos.org.br\/noticias\/wp-content\/uploads\/2025\/10\/MATERIA1-5.jpg\" alt=\"\" width=\"1280\" height=\"720\" srcset=\"https:\/\/franciscanos.org.br\/noticias\/wp-content\/uploads\/2025\/10\/MATERIA1-5.jpg 1280w, https:\/\/franciscanos.org.br\/noticias\/wp-content\/uploads\/2025\/10\/MATERIA1-5-450x253.jpg 450w, https:\/\/franciscanos.org.br\/noticias\/wp-content\/uploads\/2025\/10\/MATERIA1-5-1024x576.jpg 1024w, https:\/\/franciscanos.org.br\/noticias\/wp-content\/uploads\/2025\/10\/MATERIA1-5-768x432.jpg 768w, https:\/\/franciscanos.org.br\/noticias\/wp-content\/uploads\/2025\/10\/MATERIA1-5-150x84.jpg 150w\" sizes=\"(max-width: 1280px) 100vw, 1280px\" \/><\/p>\n<p>Em um domingo festivo que uniu a devo\u00e7\u00e3o \u00e0 Padroeira do Brasil e a celebra\u00e7\u00e3o da m\u00fasica, o Coral das Meninas dos Canarinhos de Petr\u00f3polis comemorou seus 37 anos de funda\u00e7\u00e3o. A celebra\u00e7\u00e3o, ocorrida no dia 12 de outubro, Solenidade de Nossa Senhora da Concei\u00e7\u00e3o Aparecida, teve como palco a hist\u00f3rica Igreja do Sagrado Cora\u00e7\u00e3o de Jesus, no centro de Petr\u00f3polis (RJ).<\/p>\n<p>A missa solene foi presidida por Frei Thiago Alexandre Hayakawa, que em sua homilia ressaltou a import\u00e2ncia da data para a f\u00e9 cat\u00f3lica e a alegria de celebrar a trajet\u00f3ria de um dos mais importantes coros da cidade. As vozes das jovens cantoras ecoaram pela nave da igreja, emocionando os fi\u00e9is presentes com um repert\u00f3rio que uniu a m\u00fasica sacra \u00e0 devo\u00e7\u00e3o mariana.<\/p>\n<p><img loading=\"lazy\" class=\"aligncenter wp-image-261319 size-full\" src=\"https:\/\/franciscanos.org.br\/noticias\/wp-content\/uploads\/2025\/10\/MATERIA-2-3.jpg\" alt=\"\" width=\"1280\" height=\"720\" srcset=\"https:\/\/franciscanos.org.br\/noticias\/wp-content\/uploads\/2025\/10\/MATERIA-2-3.jpg 1280w, https:\/\/franciscanos.org.br\/noticias\/wp-content\/uploads\/2025\/10\/MATERIA-2-3-450x253.jpg 450w, https:\/\/franciscanos.org.br\/noticias\/wp-content\/uploads\/2025\/10\/MATERIA-2-3-1024x576.jpg 1024w, https:\/\/franciscanos.org.br\/noticias\/wp-content\/uploads\/2025\/10\/MATERIA-2-3-768x432.jpg 768w, https:\/\/franciscanos.org.br\/noticias\/wp-content\/uploads\/2025\/10\/MATERIA-2-3-150x84.jpg 150w\" sizes=\"(max-width: 1280px) 100vw, 1280px\" \/>Ao final da celebra\u00e7\u00e3o, Frei Thiago dirigiu palavras de profundo agradecimento ao coro, destacando o papel fundamental do grupo na vida cultural e religiosa para a sociedade. Ao final da celebra\u00e7\u00e3o, o celebrante dirigiu-se ao coro, que contava com a presen\u00e7a de ex-coralistas e ao maestro, Marcelo Vizani Calazans, que h\u00e1 27 anos rege o Coral das Meninas dos Canarinhos. &#8220;Queremos expressar nossa imensa gratid\u00e3o e felicidade pelos 37 anos do Coral das Meninas. Agradecemos a cada uma de voc\u00eas por essa dedica\u00e7\u00e3o e por continuarem trabalhando pela educa\u00e7\u00e3o, arte e cultura, t\u00e3o necess\u00e1rias \u00e0 nossa sociedade&#8221;, afirmou Frei Thiago sob os aplausos dos presentes.<\/p>\n<p><img loading=\"lazy\" class=\"aligncenter wp-image-261320 size-full\" src=\"https:\/\/franciscanos.org.br\/noticias\/wp-content\/uploads\/2025\/10\/materia3-7.jpg\" alt=\"\" width=\"1280\" height=\"720\" srcset=\"https:\/\/franciscanos.org.br\/noticias\/wp-content\/uploads\/2025\/10\/materia3-7.jpg 1280w, https:\/\/franciscanos.org.br\/noticias\/wp-content\/uploads\/2025\/10\/materia3-7-450x253.jpg 450w, https:\/\/franciscanos.org.br\/noticias\/wp-content\/uploads\/2025\/10\/materia3-7-1024x576.jpg 1024w, https:\/\/franciscanos.org.br\/noticias\/wp-content\/uploads\/2025\/10\/materia3-7-768x432.jpg 768w, https:\/\/franciscanos.org.br\/noticias\/wp-content\/uploads\/2025\/10\/materia3-7-150x84.jpg 150w\" sizes=\"(max-width: 1280px) 100vw, 1280px\" \/>Ap\u00f3s a cerim\u00f4nia religiosa, as comemora\u00e7\u00f5es continuaram na sede do Instituto dos Meninos Cantores de Petr\u00f3polis. Em um ambiente de confraterniza\u00e7\u00e3o, as coralistas, seus familiares, amigos e a diretoria do instituto celebraram o anivers\u00e1rio com uma tradicional feijoada, brindando os 37 anos de m\u00fasica, amizade e dedica\u00e7\u00e3o que marcam a hist\u00f3ria do Coral das Meninas dos Canarinhos de Petr\u00f3polis.<\/p>\n<hr \/>\n<p><em>Texto e Fotos: Frei Bruno Cez\u00e1rio, OFM<\/em><\/p>\n","protected":false},"excerpt":{"rendered":"<p>M\u00fasica e Evangeliza\u00e7\u00e3o<\/p>\n","protected":false},"author":11,"featured_media":261321,"comment_status":"open","ping_status":"open","sticky":false,"template":"","format":"standard","meta":[],"categories":[1],"tags":[1531,2422],"acf":[],"yoast_head":"<!-- This site is optimized with the Yoast SEO plugin v19.2 - https:\/\/yoast.com\/wordpress\/plugins\/seo\/ -->\n<title>Coral das Meninas dos Canarinhos de Petr\u00f3polis celebra 37 anos com Missa na Solenidade de Nossa Senhora Aparecida - Not\u00edcias - Franciscanos<\/title>\n<meta name=\"robots\" content=\"index, follow, max-snippet:-1, max-image-preview:large, max-video-preview:-1\" \/>\n<link rel=\"canonical\" href=\"https:\/\/franciscanos.org.br\/noticias\/coral-das-meninas-dos-canarinhos-de-petropolis-celebra-37-anos-com-missa-na-solenidade-de-nossa-senhora-aparecida.html\" \/>\n<meta property=\"og:locale\" content=\"pt_BR\" \/>\n<meta property=\"og:type\" content=\"article\" \/>\n<meta property=\"og:title\" content=\"Coral das Meninas dos Canarinhos de Petr\u00f3polis celebra 37 anos com Missa na Solenidade de Nossa Senhora Aparecida - Not\u00edcias - Franciscanos\" \/>\n<meta property=\"og:description\" content=\"M\u00fasica e Evangeliza\u00e7\u00e3o\" \/>\n<meta property=\"og:url\" content=\"https:\/\/franciscanos.org.br\/noticias\/coral-das-meninas-dos-canarinhos-de-petropolis-celebra-37-anos-com-missa-na-solenidade-de-nossa-senhora-aparecida.html\" \/>\n<meta property=\"og:site_name\" content=\"Not\u00edcias - Franciscanos\" \/>\n<meta property=\"article:published_time\" content=\"2025-10-14T12:00:08+00:00\" \/>\n<meta property=\"article:modified_time\" content=\"2025-10-14T15:17:51+00:00\" \/>\n<meta property=\"og:image\" content=\"https:\/\/franciscanos.org.br\/noticias\/wp-content\/uploads\/2025\/10\/chamada-30.jpg\" \/>\n\t<meta property=\"og:image:width\" content=\"800\" \/>\n\t<meta property=\"og:image:height\" content=\"550\" \/>\n\t<meta property=\"og:image:type\" content=\"image\/jpeg\" \/>\n<meta name=\"author\" content=\"Adriana Rabelo\" \/>\n<meta name=\"twitter:card\" content=\"summary_large_image\" \/>\n<meta name=\"twitter:label1\" content=\"Escrito por\" \/>\n\t<meta name=\"twitter:data1\" content=\"Adriana Rabelo\" \/>\n\t<meta name=\"twitter:label2\" content=\"Est. tempo de leitura\" \/>\n\t<meta name=\"twitter:data2\" content=\"2 minutos\" \/>\n<script type=\"application\/ld+json\" class=\"yoast-schema-graph\">{\"@context\":\"https:\/\/schema.org\",\"@graph\":[{\"@type\":\"WebSite\",\"@id\":\"https:\/\/franciscanos.org.br\/noticias\/#website\",\"url\":\"https:\/\/franciscanos.org.br\/noticias\/\",\"name\":\"Not\u00edcias - Franciscanos\",\"description\":\"Prov\u00edncia Franciscana da Imaculada Concei\u00e7\u00e3o do Brasil - Ordem dos Frades Menores - OFM\",\"potentialAction\":[{\"@type\":\"SearchAction\",\"target\":{\"@type\":\"EntryPoint\",\"urlTemplate\":\"https:\/\/franciscanos.org.br\/noticias\/?s={search_term_string}\"},\"query-input\":\"required name=search_term_string\"}],\"inLanguage\":\"pt-BR\"},{\"@type\":\"ImageObject\",\"inLanguage\":\"pt-BR\",\"@id\":\"https:\/\/franciscanos.org.br\/noticias\/coral-das-meninas-dos-canarinhos-de-petropolis-celebra-37-anos-com-missa-na-solenidade-de-nossa-senhora-aparecida.html#primaryimage\",\"url\":\"https:\/\/franciscanos.org.br\/noticias\/wp-content\/uploads\/2025\/10\/chamada-30.jpg\",\"contentUrl\":\"https:\/\/franciscanos.org.br\/noticias\/wp-content\/uploads\/2025\/10\/chamada-30.jpg\",\"width\":800,\"height\":550},{\"@type\":\"WebPage\",\"@id\":\"https:\/\/franciscanos.org.br\/noticias\/coral-das-meninas-dos-canarinhos-de-petropolis-celebra-37-anos-com-missa-na-solenidade-de-nossa-senhora-aparecida.html#webpage\",\"url\":\"https:\/\/franciscanos.org.br\/noticias\/coral-das-meninas-dos-canarinhos-de-petropolis-celebra-37-anos-com-missa-na-solenidade-de-nossa-senhora-aparecida.html\",\"name\":\"Coral das Meninas dos Canarinhos de Petr\u00f3polis celebra 37 anos com Missa na Solenidade de Nossa Senhora Aparecida - Not\u00edcias - Franciscanos\",\"isPartOf\":{\"@id\":\"https:\/\/franciscanos.org.br\/noticias\/#website\"},\"primaryImageOfPage\":{\"@id\":\"https:\/\/franciscanos.org.br\/noticias\/coral-das-meninas-dos-canarinhos-de-petropolis-celebra-37-anos-com-missa-na-solenidade-de-nossa-senhora-aparecida.html#primaryimage\"},\"datePublished\":\"2025-10-14T12:00:08+00:00\",\"dateModified\":\"2025-10-14T15:17:51+00:00\",\"author\":{\"@id\":\"https:\/\/franciscanos.org.br\/noticias\/#\/schema\/person\/d9422e83121c3ad3b0f423d195f5bb25\"},\"breadcrumb\":{\"@id\":\"https:\/\/franciscanos.org.br\/noticias\/coral-das-meninas-dos-canarinhos-de-petropolis-celebra-37-anos-com-missa-na-solenidade-de-nossa-senhora-aparecida.html#breadcrumb\"},\"inLanguage\":\"pt-BR\",\"potentialAction\":[{\"@type\":\"ReadAction\",\"target\":[\"https:\/\/franciscanos.org.br\/noticias\/coral-das-meninas-dos-canarinhos-de-petropolis-celebra-37-anos-com-missa-na-solenidade-de-nossa-senhora-aparecida.html\"]}]},{\"@type\":\"BreadcrumbList\",\"@id\":\"https:\/\/franciscanos.org.br\/noticias\/coral-das-meninas-dos-canarinhos-de-petropolis-celebra-37-anos-com-missa-na-solenidade-de-nossa-senhora-aparecida.html#breadcrumb\",\"itemListElement\":[{\"@type\":\"ListItem\",\"position\":1,\"name\":\"Home\",\"item\":\"https:\/\/franciscanos.org.br\/noticias\"},{\"@type\":\"ListItem\",\"position\":2,\"name\":\"Coral das Meninas dos Canarinhos de Petr\u00f3polis celebra 37 anos com Missa na Solenidade de Nossa Senhora Aparecida\"}]},{\"@type\":\"Person\",\"@id\":\"https:\/\/franciscanos.org.br\/noticias\/#\/schema\/person\/d9422e83121c3ad3b0f423d195f5bb25\",\"name\":\"Adriana Rabelo\",\"image\":{\"@type\":\"ImageObject\",\"inLanguage\":\"pt-BR\",\"@id\":\"https:\/\/franciscanos.org.br\/noticias\/#\/schema\/person\/image\/\",\"url\":\"https:\/\/secure.gravatar.com\/avatar\/0a937b7500cd7df77540cfb8bede877d?s=96&d=mm&r=g\",\"contentUrl\":\"https:\/\/secure.gravatar.com\/avatar\/0a937b7500cd7df77540cfb8bede877d?s=96&d=mm&r=g\",\"caption\":\"Adriana Rabelo\"},\"url\":\"https:\/\/franciscanos.org.br\/noticias\/author\/adrianarabelo\"}]}<\/script>\n<!-- \/ Yoast SEO plugin. -->","yoast_head_json":{"title":"Coral das Meninas dos Canarinhos de Petr\u00f3polis celebra 37 anos com Missa na Solenidade de Nossa Senhora Aparecida - Not\u00edcias - Franciscanos","robots":{"index":"index","follow":"follow","max-snippet":"max-snippet:-1","max-image-preview":"max-image-preview:large","max-video-preview":"max-video-preview:-1"},"canonical":"https:\/\/franciscanos.org.br\/noticias\/coral-das-meninas-dos-canarinhos-de-petropolis-celebra-37-anos-com-missa-na-solenidade-de-nossa-senhora-aparecida.html","og_locale":"pt_BR","og_type":"article","og_title":"Coral das Meninas dos Canarinhos de Petr\u00f3polis celebra 37 anos com Missa na Solenidade de Nossa Senhora Aparecida - Not\u00edcias - Franciscanos","og_description":"M\u00fasica e Evangeliza\u00e7\u00e3o","og_url":"https:\/\/franciscanos.org.br\/noticias\/coral-das-meninas-dos-canarinhos-de-petropolis-celebra-37-anos-com-missa-na-solenidade-de-nossa-senhora-aparecida.html","og_site_name":"Not\u00edcias - Franciscanos","article_published_time":"2025-10-14T12:00:08+00:00","article_modified_time":"2025-10-14T15:17:51+00:00","og_image":[{"width":800,"height":550,"url":"https:\/\/franciscanos.org.br\/noticias\/wp-content\/uploads\/2025\/10\/chamada-30.jpg","type":"image\/jpeg"}],"author":"Adriana Rabelo","twitter_card":"summary_large_image","twitter_misc":{"Escrito por":"Adriana Rabelo","Est. tempo de leitura":"2 minutos"},"schema":{"@context":"https:\/\/schema.org","@graph":[{"@type":"WebSite","@id":"https:\/\/franciscanos.org.br\/noticias\/#website","url":"https:\/\/franciscanos.org.br\/noticias\/","name":"Not\u00edcias - Franciscanos","description":"Prov\u00edncia Franciscana da Imaculada Concei\u00e7\u00e3o do Brasil - Ordem dos Frades Menores - OFM","potentialAction":[{"@type":"SearchAction","target":{"@type":"EntryPoint","urlTemplate":"https:\/\/franciscanos.org.br\/noticias\/?s={search_term_string}"},"query-input":"required name=search_term_string"}],"inLanguage":"pt-BR"},{"@type":"ImageObject","inLanguage":"pt-BR","@id":"https:\/\/franciscanos.org.br\/noticias\/coral-das-meninas-dos-canarinhos-de-petropolis-celebra-37-anos-com-missa-na-solenidade-de-nossa-senhora-aparecida.html#primaryimage","url":"https:\/\/franciscanos.org.br\/noticias\/wp-content\/uploads\/2025\/10\/chamada-30.jpg","contentUrl":"https:\/\/franciscanos.org.br\/noticias\/wp-content\/uploads\/2025\/10\/chamada-30.jpg","width":800,"height":550},{"@type":"WebPage","@id":"https:\/\/franciscanos.org.br\/noticias\/coral-das-meninas-dos-canarinhos-de-petropolis-celebra-37-anos-com-missa-na-solenidade-de-nossa-senhora-aparecida.html#webpage","url":"https:\/\/franciscanos.org.br\/noticias\/coral-das-meninas-dos-canarinhos-de-petropolis-celebra-37-anos-com-missa-na-solenidade-de-nossa-senhora-aparecida.html","name":"Coral das Meninas dos Canarinhos de Petr\u00f3polis celebra 37 anos com Missa na Solenidade de Nossa Senhora Aparecida - Not\u00edcias - Franciscanos","isPartOf":{"@id":"https:\/\/franciscanos.org.br\/noticias\/#website"},"primaryImageOfPage":{"@id":"https:\/\/franciscanos.org.br\/noticias\/coral-das-meninas-dos-canarinhos-de-petropolis-celebra-37-anos-com-missa-na-solenidade-de-nossa-senhora-aparecida.html#primaryimage"},"datePublished":"2025-10-14T12:00:08+00:00","dateModified":"2025-10-14T15:17:51+00:00","author":{"@id":"https:\/\/franciscanos.org.br\/noticias\/#\/schema\/person\/d9422e83121c3ad3b0f423d195f5bb25"},"breadcrumb":{"@id":"https:\/\/franciscanos.org.br\/noticias\/coral-das-meninas-dos-canarinhos-de-petropolis-celebra-37-anos-com-missa-na-solenidade-de-nossa-senhora-aparecida.html#breadcrumb"},"inLanguage":"pt-BR","potentialAction":[{"@type":"ReadAction","target":["https:\/\/franciscanos.org.br\/noticias\/coral-das-meninas-dos-canarinhos-de-petropolis-celebra-37-anos-com-missa-na-solenidade-de-nossa-senhora-aparecida.html"]}]},{"@type":"BreadcrumbList","@id":"https:\/\/franciscanos.org.br\/noticias\/coral-das-meninas-dos-canarinhos-de-petropolis-celebra-37-anos-com-missa-na-solenidade-de-nossa-senhora-aparecida.html#breadcrumb","itemListElement":[{"@type":"ListItem","position":1,"name":"Home","item":"https:\/\/franciscanos.org.br\/noticias"},{"@type":"ListItem","position":2,"name":"Coral das Meninas dos Canarinhos de Petr\u00f3polis celebra 37 anos com Missa na Solenidade de Nossa Senhora Aparecida"}]},{"@type":"Person","@id":"https:\/\/franciscanos.org.br\/noticias\/#\/schema\/person\/d9422e83121c3ad3b0f423d195f5bb25","name":"Adriana Rabelo","image":{"@type":"ImageObject","inLanguage":"pt-BR","@id":"https:\/\/franciscanos.org.br\/noticias\/#\/schema\/person\/image\/","url":"https:\/\/secure.gravatar.com\/avatar\/0a937b7500cd7df77540cfb8bede877d?s=96&d=mm&r=g","contentUrl":"https:\/\/secure.gravatar.com\/avatar\/0a937b7500cd7df77540cfb8bede877d?s=96&d=mm&r=g","caption":"Adriana Rabelo"},"url":"https:\/\/franciscanos.org.br\/noticias\/author\/adrianarabelo"}]}},"_links":{"self":[{"href":"https:\/\/franciscanos.org.br\/noticias\/wp-json\/wp\/v2\/posts\/261317"}],"collection":[{"href":"https:\/\/franciscanos.org.br\/noticias\/wp-json\/wp\/v2\/posts"}],"about":[{"href":"https:\/\/franciscanos.org.br\/noticias\/wp-json\/wp\/v2\/types\/post"}],"author":[{"embeddable":true,"href":"https:\/\/franciscanos.org.br\/noticias\/wp-json\/wp\/v2\/users\/11"}],"replies":[{"embeddable":true,"href":"https:\/\/franciscanos.org.br\/noticias\/wp-json\/wp\/v2\/comments?post=261317"}],"version-history":[{"count":4,"href":"https:\/\/franciscanos.org.br\/noticias\/wp-json\/wp\/v2\/posts\/261317\/revisions"}],"predecessor-version":[{"id":261325,"href":"https:\/\/franciscanos.org.br\/noticias\/wp-json\/wp\/v2\/posts\/261317\/revisions\/261325"}],"wp:featuredmedia":[{"embeddable":true,"href":"https:\/\/franciscanos.org.br\/noticias\/wp-json\/wp\/v2\/media\/261321"}],"wp:attachment":[{"href":"https:\/\/franciscanos.org.br\/noticias\/wp-json\/wp\/v2\/media?parent=261317"}],"wp:term":[{"taxonomy":"category","embeddable":true,"href":"https:\/\/franciscanos.org.br\/noticias\/wp-json\/wp\/v2\/categories?post=261317"},{"taxonomy":"post_tag","embeddable":true,"href":"https:\/\/franciscanos.org.br\/noticias\/wp-json\/wp\/v2\/tags?post=261317"}],"curies":[{"name":"wp","href":"https:\/\/api.w.org\/{rel}","templated":true}]}}