{"id":261256,"date":"2025-10-14T09:15:53","date_gmt":"2025-10-14T12:15:53","guid":{"rendered":"https:\/\/franciscanos.org.br\/noticias\/?p=261256"},"modified":"2025-10-14T12:33:55","modified_gmt":"2025-10-14T15:33:55","slug":"do-chamado-a-missao-frei-felipe-celebra-a-primeira-missa-e-recebe-a-cruz-do-sacerdocio","status":"publish","type":"post","link":"https:\/\/franciscanos.org.br\/noticias\/do-chamado-a-missao-frei-felipe-celebra-a-primeira-missa-e-recebe-a-cruz-do-sacerdocio.html","title":{"rendered":"Do chamado \u00e0 miss\u00e3o: Frei Felipe celebra a Primeira Missa e recebe a cruz do sacerd\u00f3cio"},"content":{"rendered":"<p><img loading=\"lazy\" class=\"aligncenter wp-image-261259 size-full\" src=\"https:\/\/franciscanos.org.br\/noticias\/wp-content\/uploads\/2025\/10\/MATERIA-1-12.jpg\" alt=\"\" width=\"1280\" height=\"720\" srcset=\"https:\/\/franciscanos.org.br\/noticias\/wp-content\/uploads\/2025\/10\/MATERIA-1-12.jpg 1280w, https:\/\/franciscanos.org.br\/noticias\/wp-content\/uploads\/2025\/10\/MATERIA-1-12-450x253.jpg 450w, https:\/\/franciscanos.org.br\/noticias\/wp-content\/uploads\/2025\/10\/MATERIA-1-12-1024x576.jpg 1024w, https:\/\/franciscanos.org.br\/noticias\/wp-content\/uploads\/2025\/10\/MATERIA-1-12-768x432.jpg 768w, https:\/\/franciscanos.org.br\/noticias\/wp-content\/uploads\/2025\/10\/MATERIA-1-12-150x84.jpg 150w\" sizes=\"(max-width: 1280px) 100vw, 1280px\" \/><\/p>\n<p>Encerrando a homilia da Primeira Missa de Frei Felipe Medeiros Carretta, o pregador, Frei Clar\u00eancio Neotti, presenteou o neo-presb\u00edtero com um s\u00edmbolo profundamente pessoal: uma cruz que o acompanha desde a sua Primeira Missa, celebrada em 8 de janeiro de 1961. \u201cFelipe, \u00e9 a cruz que o pregador da minha Primeira Missa me deu. Ela me acompanhou at\u00e9 agora, ajudando-me a superar fragilidades, a perdoar e a ser perdoado, a evangelizar com alegria. Estando eu a terminar o bom combate, passo esta cruz aos seus cuidados, para que nunca se esque\u00e7a de completar a obra de Cristo crucificado na sua vida, na sua vida sacerdotal e na sua vida franciscana\u201d.<\/p>\n<p><img loading=\"lazy\" class=\"aligncenter wp-image-261261 size-full\" src=\"https:\/\/franciscanos.org.br\/noticias\/wp-content\/uploads\/2025\/10\/MATERIA-CLARENCIO.jpg\" alt=\"\" width=\"1280\" height=\"720\" srcset=\"https:\/\/franciscanos.org.br\/noticias\/wp-content\/uploads\/2025\/10\/MATERIA-CLARENCIO.jpg 1280w, https:\/\/franciscanos.org.br\/noticias\/wp-content\/uploads\/2025\/10\/MATERIA-CLARENCIO-450x253.jpg 450w, https:\/\/franciscanos.org.br\/noticias\/wp-content\/uploads\/2025\/10\/MATERIA-CLARENCIO-1024x576.jpg 1024w, https:\/\/franciscanos.org.br\/noticias\/wp-content\/uploads\/2025\/10\/MATERIA-CLARENCIO-768x432.jpg 768w, https:\/\/franciscanos.org.br\/noticias\/wp-content\/uploads\/2025\/10\/MATERIA-CLARENCIO-150x84.jpg 150w\" sizes=\"(max-width: 1280px) 100vw, 1280px\" \/><\/p>\n<p>Com este esp\u00edrito, na manh\u00e3 do dia\u00a012 de outubro de 2025, \u00e0s 11h, Frei Felipe presidiu sua\u00a0Primeira Missa no\u00a0Santu\u00e1rio do Divino Esp\u00edrito Santo, em Vila Velha (ES). A celebra\u00e7\u00e3o, que coincidiu com a\u00a0Solenidade de Nossa Senhora Aparecida, foi marcada pela alegria e pela gratid\u00e3o da comunidade reunida. Ordenado presb\u00edtero no s\u00e1bado (11\/10), Frei Felipe celebrou com serenidade e profunda devo\u00e7\u00e3o, tendo ao seu lado os concelebrantes\u00a0Frei Vanderlei Neves, p\u00e1roco da Par\u00f3quia Nossa Senhora do Ros\u00e1rio, e\u00a0Frei Augusto Luiz Gabriel.<\/p>\n<p>\u201cN\u00f3s nos reunimos aqui no Santu\u00e1rio Divino Esp\u00edrito Santo, para com muita alegria, neste domingo, dia do Senhor, celebrarmos tamb\u00e9m a solenidade de Nossa Senhora Aparecida, padroeira do Brasil. Para que possamos entrar em clima de ora\u00e7\u00e3o, vamos juntos entoar um canto muito conhecido desta solenidade, desta devo\u00e7\u00e3o:\u00a0<em>Santa M\u00e3e Maria, nesta travessia, cubra-nos com teu manto cor de anil. Guarda a nossa vida, M\u00e3e Aparecida, Santa Padroeira do Brasil<\/em>\u201d, introduziu Frei Gabriel Dellandrea, no coment\u00e1rio inicial.<\/p>\n<p>Antes da homilia, o guardi\u00e3o e reitor do Convento da Penha que tamb\u00e9m faz parte da equipe provincial do Servi\u00e7o de Anima\u00e7\u00e3o Vocacional (SAV), explicou aos fi\u00e9is uma tradi\u00e7\u00e3o entre os frades: \u201cExiste um costume de que o presb\u00edtero rec\u00e9m-ordenado, em sua primeira missa, convide outro irm\u00e3o presb\u00edtero para fazer a homilia. Frei Felipe escolheu Frei Clar\u00eancio Neotti, que trabalha nesta par\u00f3quia, pelo carinho que tem por este irm\u00e3o. Ent\u00e3o, Frei Clar\u00eancio far\u00e1 a homilia da primeira missa de Frei Felipe.<\/p>\n<p><strong>\u201cCompletai em mim a obra come\u00e7ada\u201d<\/strong><\/p>\n<p>Com 91 anos de vida e mais de seis d\u00e9cadas de sacerd\u00f3cio,\u00a0Frei Clar\u00eancio Neotti\u00a0emocionou a assembleia com uma homilia que entrela\u00e7ou a hist\u00f3ria vocacional de Frei Felipe \u00e0 pr\u00f3pria experi\u00eancia do seguimento de Cristo.<\/p>\n<p>\u201cMinhas irm\u00e3s e meus irm\u00e3os, Dona K\u00e1tia, que desde ontem \u00e9 m\u00e3e dos frades, tamb\u00e9m meus confrades concelebrantes e caro Frei Felipe, ontem, n\u00f3s tivemos a certeza, a certeza da repeti\u00e7\u00e3o de um fato contado pelo evangelista Jo\u00e3o. Um dia, depois de convidar o pr\u00f3prio Jo\u00e3o e os irm\u00e3os Sim\u00e3o e Andr\u00e9, Jesus encontrou Felipe e disse: \u2018Segue-me\u2019. E Felipe aceitou o convite. Ontem, tivemos a certeza de que, neste mesmo santu\u00e1rio, Jesus o chamou, Frei Felipe, e voc\u00ea o seguiu\u201d.<\/p>\n<p><img loading=\"lazy\" class=\"aligncenter wp-image-261263 size-full\" src=\"https:\/\/franciscanos.org.br\/noticias\/wp-content\/uploads\/2025\/10\/MATERIA2-12.jpg\" alt=\"\" width=\"1280\" height=\"720\" srcset=\"https:\/\/franciscanos.org.br\/noticias\/wp-content\/uploads\/2025\/10\/MATERIA2-12.jpg 1280w, https:\/\/franciscanos.org.br\/noticias\/wp-content\/uploads\/2025\/10\/MATERIA2-12-450x253.jpg 450w, https:\/\/franciscanos.org.br\/noticias\/wp-content\/uploads\/2025\/10\/MATERIA2-12-1024x576.jpg 1024w, https:\/\/franciscanos.org.br\/noticias\/wp-content\/uploads\/2025\/10\/MATERIA2-12-768x432.jpg 768w, https:\/\/franciscanos.org.br\/noticias\/wp-content\/uploads\/2025\/10\/MATERIA2-12-150x84.jpg 150w\" sizes=\"(max-width: 1280px) 100vw, 1280px\" \/>Em tom po\u00e9tico e com a for\u00e7a de quem fala da experi\u00eancia, Frei Clar\u00eancio recordou o chamado do jovem frade, ligando-o \u00e0 trajet\u00f3ria de perseveran\u00e7a e f\u00e9: \u201cVoc\u00ea quebrou pedras, subiu ladeiras, engoliu amarguras para que esse momento acontecesse. Em momento nenhum Jesus prometeu facilidades aos ap\u00f3stolos, mas pediu coragem para carregar a cruz, pediu f\u00e9 e supera\u00e7\u00e3o dos medos. Hoje, cheio de alegria, voc\u00ea celebra a primeira missa solene. Hoje, Dona K\u00e1tia, sua m\u00e3e, e Camila, sua irm\u00e3, est\u00e3o cheias de alegria. Hoje, seu pai, Lu\u00eds Carlos, cercado de anjos e santos, rejubila-se no para\u00edso\u201d.<\/p>\n<p>A homilia seguiu como um verdadeiro testamento espiritual, relacionando o lema de ordena\u00e7\u00e3o de Frei Felipe,\u00a0\u201cCompletai em mim a obra come\u00e7ada\u201d\u00a0(Sl 137,8), ao carisma franciscano: \u201cE voc\u00ea, Felipe, feito bom ladr\u00e3o, roubou de S\u00e3o Francisco o verso do Salmo 137:\u00a0Completai em mim a obra come\u00e7ada<em>.<\/em>\u00a0Que obra come\u00e7ada! O sacerd\u00f3cio, o dom sagrado de fazer, \u00e0s vezes, do Cristo. Voc\u00ea n\u00e3o pediu a realiza\u00e7\u00e3o pessoal, nem o ru\u00eddo dos aplausos, nem vida longa. Voc\u00ea pediu para completar a obra da crucifica\u00e7\u00e3o de Jesus. Voc\u00ea foi ousado no pedido, ouse tamb\u00e9m na coragem, ouse em permanecer no abra\u00e7o do Cristo crucificado\u201d, indicou o pregador.<\/p>\n\n\t\t<style type=\"text\/css\">\n\t\t\t#gallery-1 {\n\t\t\t\tmargin: auto;\n\t\t\t}\n\t\t\t#gallery-1 .gallery-item {\n\t\t\t\tfloat: left;\n\t\t\t\tmargin-top: 10px;\n\t\t\t\ttext-align: center;\n\t\t\t\twidth: 25%;\n\t\t\t}\n\t\t\t#gallery-1 img {\n\t\t\t\tborder: 2px solid #cfcfcf;\n\t\t\t}\n\t\t\t#gallery-1 .gallery-caption {\n\t\t\t\tmargin-left: 0;\n\t\t\t}\n\t\t\t\/* see gallery_shortcode() in wp-includes\/media.php *\/\n\t\t<\/style>\n\t\t<div id='gallery-1' class='gallery galleryid-261256 gallery-columns-4 gallery-size-thumbnail'><dl class='gallery-item'>\n\t\t\t<dt class='gallery-icon landscape'>\n\t\t\t\t<a href='https:\/\/franciscanos.org.br\/noticias\/wp-content\/uploads\/2025\/10\/1a-Missa-baixa-20.jpg'><img width=\"300\" height=\"300\" src=\"https:\/\/franciscanos.org.br\/noticias\/wp-content\/uploads\/2025\/10\/1a-Missa-baixa-20-300x300.jpg\" class=\"attachment-thumbnail size-thumbnail\" alt=\"\" loading=\"lazy\" srcset=\"https:\/\/franciscanos.org.br\/noticias\/wp-content\/uploads\/2025\/10\/1a-Missa-baixa-20-300x300.jpg 300w, https:\/\/franciscanos.org.br\/noticias\/wp-content\/uploads\/2025\/10\/1a-Missa-baixa-20-100x100.jpg 100w\" sizes=\"(max-width: 300px) 100vw, 300px\" \/><\/a>\n\t\t\t<\/dt><\/dl><dl class='gallery-item'>\n\t\t\t<dt class='gallery-icon landscape'>\n\t\t\t\t<a href='https:\/\/franciscanos.org.br\/noticias\/wp-content\/uploads\/2025\/10\/1a-Missa-baixa-19.jpg'><img width=\"300\" height=\"300\" src=\"https:\/\/franciscanos.org.br\/noticias\/wp-content\/uploads\/2025\/10\/1a-Missa-baixa-19-300x300.jpg\" class=\"attachment-thumbnail size-thumbnail\" alt=\"\" loading=\"lazy\" srcset=\"https:\/\/franciscanos.org.br\/noticias\/wp-content\/uploads\/2025\/10\/1a-Missa-baixa-19-300x300.jpg 300w, https:\/\/franciscanos.org.br\/noticias\/wp-content\/uploads\/2025\/10\/1a-Missa-baixa-19-100x100.jpg 100w\" sizes=\"(max-width: 300px) 100vw, 300px\" \/><\/a>\n\t\t\t<\/dt><\/dl><dl class='gallery-item'>\n\t\t\t<dt class='gallery-icon landscape'>\n\t\t\t\t<a href='https:\/\/franciscanos.org.br\/noticias\/wp-content\/uploads\/2025\/10\/1a-Missa-baixa-4.jpg'><img width=\"300\" height=\"300\" src=\"https:\/\/franciscanos.org.br\/noticias\/wp-content\/uploads\/2025\/10\/1a-Missa-baixa-4-300x300.jpg\" class=\"attachment-thumbnail size-thumbnail\" alt=\"\" loading=\"lazy\" srcset=\"https:\/\/franciscanos.org.br\/noticias\/wp-content\/uploads\/2025\/10\/1a-Missa-baixa-4-300x300.jpg 300w, https:\/\/franciscanos.org.br\/noticias\/wp-content\/uploads\/2025\/10\/1a-Missa-baixa-4-100x100.jpg 100w\" sizes=\"(max-width: 300px) 100vw, 300px\" \/><\/a>\n\t\t\t<\/dt><\/dl><dl class='gallery-item'>\n\t\t\t<dt class='gallery-icon landscape'>\n\t\t\t\t<a href='https:\/\/franciscanos.org.br\/noticias\/wp-content\/uploads\/2025\/10\/1a-Missa-baixa-3.jpg'><img width=\"300\" height=\"300\" src=\"https:\/\/franciscanos.org.br\/noticias\/wp-content\/uploads\/2025\/10\/1a-Missa-baixa-3-300x300.jpg\" class=\"attachment-thumbnail size-thumbnail\" alt=\"\" loading=\"lazy\" srcset=\"https:\/\/franciscanos.org.br\/noticias\/wp-content\/uploads\/2025\/10\/1a-Missa-baixa-3-300x300.jpg 300w, https:\/\/franciscanos.org.br\/noticias\/wp-content\/uploads\/2025\/10\/1a-Missa-baixa-3-100x100.jpg 100w\" sizes=\"(max-width: 300px) 100vw, 300px\" \/><\/a>\n\t\t\t<\/dt><\/dl><br style=\"clear: both\" \/>\n\t\t<\/div>\n\n<p>Com voz firme, Frei Clar\u00eancio partilhou conselhos profundos: \u201cO trabalho sacerdotal \u00e9 um trabalho embebido de f\u00e9, e a f\u00e9 se alimenta do amor e da ora\u00e7\u00e3o. Faltando o amor e a ora\u00e7\u00e3o, o trabalho sacerdotal vira profiss\u00e3o, gera cansa\u00e7o e cedo pode se anular. O Calv\u00e1rio e o Alverne, sem amor e sem ora\u00e7\u00e3o, se tornam palco de vaidade\u201d, ensinou.<\/p>\n<p>\u201cUm pregador deve sempre se fazer ouvir mais por seus atos do que por suas palavras, mais pelas pegadas que deixa no caminho do que por indicar com palavras por onde e para onde os ouvintes devem caminhar\u201d, recordou, citando o Papa S\u00e3o Greg\u00f3rio Magno.<\/p>\n<p>Encerrando sua homilia, Frei Clar\u00eancio selou o momento com um gesto simb\u00f3lico e comovente: entregou a Frei Felipe a cruz que o acompanhou desde sua Primeira Missa, em 8 de janeiro de 1961, como sinal de f\u00e9, fraternidade e continuidade na voca\u00e7\u00e3o franciscana.<\/p>\n<p>\u201cFelipe, \u00e9 a cruz que o pregador da minha primeira missa me deu. Ela me acompanhou at\u00e9 agora, me ajudou a superar fragilidades, a perdoar e ser perdoado, a evangelizar com alegria. Estando eu a terminar o bom combate, passo esta cruz a seus cuidados, para que nunca esque\u00e7a de completar a obra de Cristo crucificado na sua vida, na sua vida sacerdotal, na sua vida franciscana\u201d.<\/p>\n<p><img loading=\"lazy\" class=\"aligncenter wp-image-261273 size-full\" src=\"https:\/\/franciscanos.org.br\/noticias\/wp-content\/uploads\/2025\/10\/MATERIA4-5.jpg\" alt=\"\" width=\"1280\" height=\"720\" srcset=\"https:\/\/franciscanos.org.br\/noticias\/wp-content\/uploads\/2025\/10\/MATERIA4-5.jpg 1280w, https:\/\/franciscanos.org.br\/noticias\/wp-content\/uploads\/2025\/10\/MATERIA4-5-450x253.jpg 450w, https:\/\/franciscanos.org.br\/noticias\/wp-content\/uploads\/2025\/10\/MATERIA4-5-1024x576.jpg 1024w, https:\/\/franciscanos.org.br\/noticias\/wp-content\/uploads\/2025\/10\/MATERIA4-5-768x432.jpg 768w, https:\/\/franciscanos.org.br\/noticias\/wp-content\/uploads\/2025\/10\/MATERIA4-5-150x84.jpg 150w\" sizes=\"(max-width: 1280px) 100vw, 1280px\" \/><\/p>\n<p><strong>No altar de Maria, Frei Felipe celebra sua Primeira Missa e reafirma seu chamado franciscano<\/strong><\/p>\n<p>A Santa Missa teve continuidade com a profiss\u00e3o de f\u00e9, preces e liturgia eucar\u00edstica. Antes da b\u00ean\u00e7\u00e3o final, visivelmente emocionado, Frei Felipe dirigiu palavras de gratid\u00e3o:<\/p>\n<p>\u201cMais uma vez, gostaria de externar os meus agradecimentos a toda nossa Par\u00f3quia Nossa Senhora do Ros\u00e1rio, com todas as suas dez comunidades, que muito bem nos ajudaram a preparar estas celebra\u00e7\u00f5es desde a semana mission\u00e1ria. Ontem, ordena\u00e7\u00e3o. Hoje, a primeira missa. Agrade\u00e7o tamb\u00e9m \u00e0 fraternidade da Penha por come\u00e7armos juntos o servi\u00e7o mission\u00e1rio l\u00e1 no Convento da Penha. Que Deus vos aben\u00e7oe a todos. E mais uma vez, obrigado, Frei Clar\u00eancio, pelas s\u00e1bias palavras. Guardarei no cora\u00e7\u00e3o\u201d.<\/p>\n<p><img loading=\"lazy\" class=\"aligncenter wp-image-261262 size-full\" src=\"https:\/\/franciscanos.org.br\/noticias\/wp-content\/uploads\/2025\/10\/MATERIA-10-1.jpg\" alt=\"\" width=\"1280\" height=\"720\" srcset=\"https:\/\/franciscanos.org.br\/noticias\/wp-content\/uploads\/2025\/10\/MATERIA-10-1.jpg 1280w, https:\/\/franciscanos.org.br\/noticias\/wp-content\/uploads\/2025\/10\/MATERIA-10-1-450x253.jpg 450w, https:\/\/franciscanos.org.br\/noticias\/wp-content\/uploads\/2025\/10\/MATERIA-10-1-1024x576.jpg 1024w, https:\/\/franciscanos.org.br\/noticias\/wp-content\/uploads\/2025\/10\/MATERIA-10-1-768x432.jpg 768w, https:\/\/franciscanos.org.br\/noticias\/wp-content\/uploads\/2025\/10\/MATERIA-10-1-150x84.jpg 150w\" sizes=\"(max-width: 1280px) 100vw, 1280px\" \/><\/p>\n<p>Em seguida, Frei Felipe concedeu a b\u00ean\u00e7\u00e3o da Solenidade de Nossa Senhora Aparecida: \u201cO Deus de bondade, que pelo Filho da Virgem Maria salvou o g\u00eanero humano, vos enrique\u00e7a com a Sua b\u00ean\u00e7\u00e3o\u201d. Com a imagem de\u00a0Nossa Senhora Aparecida\u00a0erguida nas m\u00e3os, o novo presb\u00edtero aben\u00e7oou os fi\u00e9is e encerrou a celebra\u00e7\u00e3o ao som do c\u00e2ntico: \u201cViva a M\u00e3e de Deus e Nossa, sem pecado concebida! Viva a Virgem Imaculada, a Senhora Aparecida!\u201d<\/p>\n<p>E assim, a comunidade do Santu\u00e1rio do Divino Esp\u00edrito Santo despediu-se com o cora\u00e7\u00e3o repleto de alegria e f\u00e9, contemplando o in\u00edcio do minist\u00e9rio sacerdotal de Frei Felipe Medeiros Carretta, marcado pela entrega, pela cruz e pela esperan\u00e7a franciscana.<\/p>\n<p>&#8212;&#8212;&#8212;&#8212;&#8212;&#8212;&#8212;&#8212;&#8212;&#8212;&#8212;&#8212;&#8212;&#8212;&#8212;&#8212;&#8212;&#8212;&#8211;<\/p>\n<p><strong>Homilia proferida por Frei Clar\u00eancio Neotti<\/strong><\/p>\n<h3 style=\"text-align: center;\">Serm\u00e3o de Prim\u00edcias de Frei Felipe Medeiros Carretta<\/h3>\n<p>Ontem tivemos a certeza. A certeza da repeti\u00e7\u00e3o de um fato. De um fato contado pelo evangelista Jo\u00e3o j\u00e1 no primeiro cap\u00edtulo de seu Evangelho. Um dia depois de convidar o pr\u00f3prio Jo\u00e3o e os irm\u00e3os Sim\u00e3o e Andr\u00e9, Jesus encontrou Felipe e o chamou: \u201cSegue-me\u201d (<em>Jo<\/em> 1,43). E Felipe aceitou o convite.<\/p>\n<p>Ontem tivemos certeza de que, nesse mesmo Santu\u00e1rio, Jesus o chamou, Frei Felipe, e Voc\u00ea o seguiu. Andou com ele pelos caminhos da forma\u00e7\u00e3o teol\u00f3gica e no aprendizado do carisma franciscano e ontem ele lhe disse atrav\u00e9s da voz de Dom Andherson: \u201cRecebe o Esp\u00edrito Santo, o Esp\u00edrito do fogo que queima os pecados, acende o amor e ilumina a estrada que leva ao c\u00e9u. O Esp\u00edrito que \u00e9 testemunha de meu poder divino, que reparto com Voc\u00ea para que Voc\u00ea seja minha testemunha diante do meu povo\u201d.<\/p>\n<p>Voc\u00ea esperou por esse momento. Voc\u00ea rezou e n\u00f3s rezamos para que esse momento acontecesse. Voc\u00ea quebrou pedras, subiu ladeiras e engoliu amarguras para que isso acontecesse. Em momento nenhum Jesus prometeu facilidades aos ap\u00f3stolos. Mas pediu coragem para carregar a cruz. Pediu f\u00e9 e supera\u00e7\u00e3o dos medos. Nunca, por\u00e9m, deixou de dizer aos ap\u00f3stolos: Quero que minha alegria esteja em v\u00f3s e a vossa alegria seja plena comigo (cf. <em>Jo<\/em> 16,22).<\/p>\n<p>Hoje, cheio de alegria, Voc\u00ea celebra a Primeira Missa solene. Hoje dona K\u00e1tia, sua m\u00e3e, e Camilla, sua irm\u00e3, est\u00e3o cheias de alegria. Hoje seu pai Lu\u00eds Carlos, cercado de anjos e santos rejubila-se no Para\u00edso. Hoje a Par\u00f3quia Nossa Senhora do Ros\u00e1rio est\u00e1 inundada de j\u00fabilo. Hoje este Santu\u00e1rio, onde Voc\u00ea ouviu o chamado de Jesus, exulta em todos os rostos, em todas as luzes, em todo o seu largo espa\u00e7o. E a pr\u00f3pria liturgia da Missa, no introito, cantou feliz: \u201cExulto de alegria no Senhor e minha alma se regozija no meu Deus, porque ele me revestiu, me envolveu com veste preciosa\u201d.<\/p>\n<p>Falei do chamado. Falei da confirma\u00e7\u00e3o ontem do chamado. O Convite para sua Ordena\u00e7\u00e3o e Prim\u00edcias confirma o chamado. Confirma que Voc\u00ea aceitou conscientemente a miss\u00e3o. Voc\u00ea estampou no Convite a cena do Monte Alverne, que conta o momento em que Francisco foi transformado num segundo Cristo Redivivo (cf. Enc\u00edclica <em>Rite Expiatis<\/em>, 1926. DP n. 25, Editora Vozes). Francisco diante de Jesus Crucificado em forma de serafim, ou seja, em forma de amor personificado. Naquele momento um parece o outro, como t\u00e3o lindamente expressou o poeta franciscano (Frei Francisco de S\u00e3o Carlos):<\/p>\n<p style=\"text-align: center;\"><em>Quem n\u00e3o dir\u00e1, de assombro suspendido,<\/em><\/p>\n<p style=\"text-align: center;\"><em>Ao ver-vos, serafim crucificado,<\/em><\/p>\n<p style=\"text-align: center;\"><em>Que ou em v\u00f3s est\u00e1 Cristo convertido,<\/em><\/p>\n<p style=\"text-align: center;\"><em>Ou estais v\u00f3s em Cristo transformado!<\/em><\/p>\n<p style=\"text-align: center;\"><em>Se Cristo em cruz por n\u00f3s morreu ferido.<\/em><\/p>\n<p style=\"text-align: center;\"><em>Por Cristo em cruz morreis tamb\u00e9m chagado!<\/em><\/p>\n<p style=\"text-align: center;\"><em>Se em Cristo chagas fez o amor mais fino,<\/em><\/p>\n<p style=\"text-align: center;\"><em>Em v\u00f3s chagas abriu o amor divino.<\/em><\/p>\n<p>E Voc\u00ea, feito bom ladr\u00e3o, roubou de Francisco o verso do salmo 137: \u201cCompletai em mim a obra come\u00e7ada\u201d.<\/p>\n<p>Que obra come\u00e7ada? O sacerd\u00f3cio, o dom sagrado de fazer as vezes do Cristo, o sacerdote por excel\u00eancia.<\/p>\n<p>Voc\u00ea n\u00e3o pediu a realiza\u00e7\u00e3o pessoal. Gra\u00e7as a Deus que n\u00e3o a pediu e tomara que nunca a pe\u00e7a. Voc\u00ea n\u00e3o pediu a realiza\u00e7\u00e3o de seus sonhos humanos. Gra\u00e7as a Deus que n\u00e3o pediu e tomara que nunca pe\u00e7a. Voc\u00ea n\u00e3o pediu vida longa nem o ru\u00eddo dos aplausos das multid\u00f5es. Gra\u00e7as a Deus que n\u00e3o pediu e tomara que nunca pe\u00e7a.<\/p>\n<p>Voc\u00ea pediu completar a obra da crucifica\u00e7\u00e3o de Jesus, obra que significou salva\u00e7\u00e3o para a humanidade. Voc\u00ea pediu para completar a obra da Paix\u00e3o de Jesus, que implicou o suor de sangue, trai\u00e7\u00f5es, cinco chagas dolorosas. Voc\u00ea pediu para completar a obra do Calv\u00e1rio ou do Monte Alverne, onde o dem\u00f4nio do ego\u00edsmo lutou contra o Deus humilhado, o Deus desnudo de poder e majestade, o Deus tornado verme. Voc\u00ea foi ousado no pedido. Ouse na coragem! Ouse em permanecer no abra\u00e7o de Jesus Crucificado.<\/p>\n<p>\u201cCompletai em mim a obra come\u00e7ada\u201d. Que Voc\u00ea come\u00e7ou ontem, embora ansiada h\u00e1 muito tempo. A obra do seu sacerd\u00f3cio. A obra da crucifica\u00e7\u00e3o. A obra das Chagas redentoras. A obra do Calv\u00e1rio. A obra do Alverne. A obra, a partir de ontem de cada dia de sua vida. J\u00e1 n\u00e3o mais a obra do Sr. Felipe Medeiros Carreta, mas a obra do Sr. Jesus de Nazar\u00e9, atrav\u00e9s do padre franciscano Frei Felipe Medeiros Carreta.<\/p>\n<p>Ouso do alto dos meus quase 91 anos, da experi\u00eancia vivida de quase 71 anos de vida consagrada e de mais de 65 anos de padre, lhe deixar alguns conselhos.<\/p>\n<p><strong>Primeiro:<\/strong> N\u00e3o esque\u00e7a que o Monte Alverne s\u00f3 se tornou o monte sagrado de S\u00e3o Francisco, porque Francisco estava enxarcado de amor e ora\u00e7\u00e3o. O trabalho sacerdotal \u00e9 um trabalho embebido de f\u00e9 e a f\u00e9 se alimenta de amor e ora\u00e7\u00e3o. Faltando o amor e a ora\u00e7\u00e3o, o trabalho sacerdotal vira profiss\u00e3o, gera cansa\u00e7o e cedo pode se anular. O Calv\u00e1rio e o Alverne, sem o amor e a ora\u00e7\u00e3o, se tornam palco de vaidade e vanidades.<\/p>\n<p><strong>Segundo:<\/strong> Caracter\u00edstica essencial do trabalho sacerdotal \u00e9 a prega\u00e7\u00e3o, que sofre o perigo da esterilidade, quando n\u00e3o sustentada pelo amor e pela ora\u00e7\u00e3o, alimentos essenciais da f\u00e9. Da f\u00e9, sem a qual a prega\u00e7\u00e3o vira ret\u00f3rica, se rica, vira abobrinha, se pobre. E sobre este ponto busco e repasso o conselho do Papa S\u00e3o Greg\u00f3rio Magno, doutor da Igreja (+604): \u201cUm pregador deve sempre se fazer ouvir mais por seus atos do que por suas palavras; mais pelas pegadas que deixa no seu caminho do que por indicar, com palavras, por onde e para onde os ouvintes devem ir\u201d (<em>Regra Pastoral<\/em>, III, cap\u00edtulo 40).<\/p>\n<p><strong>Terceiro:<\/strong> Volto ao Calv\u00e1rio. Volto ao Alverne. Volto ao Cristo crucificado. A cruz estende um bra\u00e7o \u00e0 direita, outro \u00e0 esquerda, outro para baixo, outro para cima. Se tiro o bra\u00e7o esquerdo, ela deixa de ser cruz. Se tiro o bra\u00e7o direito, ela deixa de ser cruz. Se tiro a parte de baixo, ela nem se sustenta. O seu sacerd\u00f3cio, Frei Felipe, est\u00e1 pregado \u00e0 Cruz de Cristo. Se se separar da Cruz, deixa de ser o sacerd\u00f3cio de Cristo. N\u00e3o se separe da direita. N\u00e3o se separe da esquerda. N\u00e3o se separe dos que est\u00e3o mais perto do ch\u00e3o. N\u00e3o se separe dos santos, que j\u00e1 superaram seus pecados. Estas categorias de direita e esquerda, ricos e pobres, s\u00e3o categorias de divis\u00e3o, exatamente o contr\u00e1rio de comunh\u00e3o, da comum unidade, da comunidade que Jesus instituiu com sua Paix\u00e3o, Morte e Ressurrei\u00e7\u00e3o. Cristo o fez sacerdote da unidade, para fazer unidade. A divis\u00e3o \u00e9 t\u00e3o estranha \u00e0 hist\u00f3ria da fam\u00edlia de Deus, que Santo In\u00e1cio de Antioquia (+110) chegou a afirmar: \u201cDeus n\u00e3o mora na divis\u00e3o\u201d (<em>Carta aos filadelfienses<\/em>, 8). A divis\u00e3o \u00e9 diab\u00f3lica.<\/p>\n<p><strong>Quarto:<\/strong>\u00a0Espero n\u00e3o escandalizar ningu\u00e9m com esta minha afirma\u00e7\u00e3o e este meu conselho. Frei Felipe, n\u00e3o seja um padre de ritual. O ritual n\u00e3o salva. N\u00e3o seja um padre s\u00f3 de religi\u00e3o. A religi\u00e3o tamb\u00e9m n\u00e3o salva. \u00c9 f\u00e1cil ser um padre de rito e religi\u00e3o. E corremos o risco de sermos. A salva\u00e7\u00e3o n\u00e3o brota da religi\u00e3o e dos ritos, ainda que solenes e pontificais. A salva\u00e7\u00e3o brota da Cruz. Como voc\u00ea cantou na \u00faltima sexta-feira santa, aqui no Santu\u00e1rio, ao descobrir o corpo de Cristo na Cruz: \u201cEis o lenho da Cruz, do qual pendeu a salva\u00e7\u00e3o do mundo\u201d.<\/p>\n<p>E volto, para terminar, ao in\u00edcio do meu discurso. Diante do Cristo Crucificado, do qual e unicamente do qual nos veio e vem a salva\u00e7\u00e3o, Voc\u00ea rezou e escreveu no Convite de Ordena\u00e7\u00e3o: \u201cCompletai em mim a obra come\u00e7ada\u201d, ou seja, a obra da Paix\u00e3o, Morte e Ressurrei\u00e7\u00e3o, raz\u00e3o de ser do seu sacerd\u00f3cio. Que o Bom Jesus realize este seu desejo. E para que n\u00e3o esque\u00e7a, em momento nenhum, de completar a obra do Cristo crucificado na sua vida \u00edntima, na sua vida p\u00fablica, na sua vida sacerdotal, na sua vida franciscana, pe\u00e7o que aceite esta Cruz como lembran\u00e7a e mem\u00f3ria de ontem e de hoje.<\/p>\n<p>\u00c9 a Cruz que o pregador da minha Primeira Missa Solene, me deu no dia 8 de janeiro de 1961. Ela me acompanhou at\u00e9 agora. Me ajudou a superar as fragilidades; me ajudou a fortificar os compromissos; me ajudou a nunca perder o caminho certo; me ajudou a perdoar e a ser perdoado; me ajudou a evangelizar com alegria e a aben\u00e7oar com profus\u00e3o; me p\u00f4s firmeza nos meus passos e muitas vezes me aplaudiu por me ver feliz no meu sacerd\u00f3cio franciscano.<\/p>\n<p>Frei Felipe, estando eu a terminar, na express\u00e3o de S\u00e3o Paulo, \u201co bom combate\u201d (<em>2Tm<\/em> 4,7), passo a Cruz a seus cuidados e companhia, n\u00e3o sem antes completar a segunda parte do verso do salmo 137, do qual voc\u00ea copiou a primeira parte: \u201c\u00d3 Senhor, eu vos pe\u00e7o, n\u00e3o deixeis inacabada a obra que vossas m\u00e3os come\u00e7aram!\u201d. Am\u00e9m.<\/p>\n<p style=\"text-align: right;\"><em>Frei Clar\u00eancio Neotti, OFM<\/em><\/p>\n<p style=\"text-align: right;\"><em>Vila Velha, 12.10.25<\/em><\/p>\n<hr \/>\n<p><em>Frei Augusto Luiz Gabriel<\/em><\/p>\n\n\t\t<style type=\"text\/css\">\n\t\t\t#gallery-2 {\n\t\t\t\tmargin: auto;\n\t\t\t}\n\t\t\t#gallery-2 .gallery-item {\n\t\t\t\tfloat: left;\n\t\t\t\tmargin-top: 10px;\n\t\t\t\ttext-align: center;\n\t\t\t\twidth: 25%;\n\t\t\t}\n\t\t\t#gallery-2 img {\n\t\t\t\tborder: 2px solid #cfcfcf;\n\t\t\t}\n\t\t\t#gallery-2 .gallery-caption {\n\t\t\t\tmargin-left: 0;\n\t\t\t}\n\t\t\t\/* see gallery_shortcode() in wp-includes\/media.php *\/\n\t\t<\/style>\n\t\t<div id='gallery-2' class='gallery galleryid-261256 gallery-columns-4 gallery-size-thumbnail'><dl class='gallery-item'>\n\t\t\t<dt class='gallery-icon landscape'>\n\t\t\t\t<a href='https:\/\/franciscanos.org.br\/noticias\/wp-content\/uploads\/2025\/10\/1a-Missa-baixa.jpg'><img width=\"300\" height=\"300\" src=\"https:\/\/franciscanos.org.br\/noticias\/wp-content\/uploads\/2025\/10\/1a-Missa-baixa-300x300.jpg\" class=\"attachment-thumbnail size-thumbnail\" alt=\"\" loading=\"lazy\" srcset=\"https:\/\/franciscanos.org.br\/noticias\/wp-content\/uploads\/2025\/10\/1a-Missa-baixa-300x300.jpg 300w, https:\/\/franciscanos.org.br\/noticias\/wp-content\/uploads\/2025\/10\/1a-Missa-baixa-100x100.jpg 100w\" sizes=\"(max-width: 300px) 100vw, 300px\" \/><\/a>\n\t\t\t<\/dt><\/dl><dl class='gallery-item'>\n\t\t\t<dt class='gallery-icon landscape'>\n\t\t\t\t<a href='https:\/\/franciscanos.org.br\/noticias\/wp-content\/uploads\/2025\/10\/1a-Missa-baixa-47.jpg'><img width=\"300\" height=\"300\" src=\"https:\/\/franciscanos.org.br\/noticias\/wp-content\/uploads\/2025\/10\/1a-Missa-baixa-47-300x300.jpg\" class=\"attachment-thumbnail size-thumbnail\" alt=\"\" loading=\"lazy\" srcset=\"https:\/\/franciscanos.org.br\/noticias\/wp-content\/uploads\/2025\/10\/1a-Missa-baixa-47-300x300.jpg 300w, https:\/\/franciscanos.org.br\/noticias\/wp-content\/uploads\/2025\/10\/1a-Missa-baixa-47-100x100.jpg 100w\" sizes=\"(max-width: 300px) 100vw, 300px\" \/><\/a>\n\t\t\t<\/dt><\/dl><dl class='gallery-item'>\n\t\t\t<dt class='gallery-icon landscape'>\n\t\t\t\t<a href='https:\/\/franciscanos.org.br\/noticias\/wp-content\/uploads\/2025\/10\/1a-Missa-baixa-40.jpg'><img width=\"300\" height=\"300\" src=\"https:\/\/franciscanos.org.br\/noticias\/wp-content\/uploads\/2025\/10\/1a-Missa-baixa-40-300x300.jpg\" class=\"attachment-thumbnail size-thumbnail\" alt=\"\" loading=\"lazy\" srcset=\"https:\/\/franciscanos.org.br\/noticias\/wp-content\/uploads\/2025\/10\/1a-Missa-baixa-40-300x300.jpg 300w, https:\/\/franciscanos.org.br\/noticias\/wp-content\/uploads\/2025\/10\/1a-Missa-baixa-40-100x100.jpg 100w\" sizes=\"(max-width: 300px) 100vw, 300px\" \/><\/a>\n\t\t\t<\/dt><\/dl><dl class='gallery-item'>\n\t\t\t<dt class='gallery-icon landscape'>\n\t\t\t\t<a href='https:\/\/franciscanos.org.br\/noticias\/wp-content\/uploads\/2025\/10\/1a-Missa-baixa-44.jpg'><img width=\"300\" height=\"300\" src=\"https:\/\/franciscanos.org.br\/noticias\/wp-content\/uploads\/2025\/10\/1a-Missa-baixa-44-300x300.jpg\" class=\"attachment-thumbnail size-thumbnail\" alt=\"\" loading=\"lazy\" srcset=\"https:\/\/franciscanos.org.br\/noticias\/wp-content\/uploads\/2025\/10\/1a-Missa-baixa-44-300x300.jpg 300w, https:\/\/franciscanos.org.br\/noticias\/wp-content\/uploads\/2025\/10\/1a-Missa-baixa-44-100x100.jpg 100w\" sizes=\"(max-width: 300px) 100vw, 300px\" \/><\/a>\n\t\t\t<\/dt><\/dl><br style=\"clear: both\" \/><dl class='gallery-item'>\n\t\t\t<dt class='gallery-icon landscape'>\n\t\t\t\t<a href='https:\/\/franciscanos.org.br\/noticias\/wp-content\/uploads\/2025\/10\/1a-Missa-baixa-43.jpg'><img width=\"300\" height=\"300\" src=\"https:\/\/franciscanos.org.br\/noticias\/wp-content\/uploads\/2025\/10\/1a-Missa-baixa-43-300x300.jpg\" class=\"attachment-thumbnail size-thumbnail\" alt=\"\" loading=\"lazy\" srcset=\"https:\/\/franciscanos.org.br\/noticias\/wp-content\/uploads\/2025\/10\/1a-Missa-baixa-43-300x300.jpg 300w, https:\/\/franciscanos.org.br\/noticias\/wp-content\/uploads\/2025\/10\/1a-Missa-baixa-43-100x100.jpg 100w\" sizes=\"(max-width: 300px) 100vw, 300px\" \/><\/a>\n\t\t\t<\/dt><\/dl><dl class='gallery-item'>\n\t\t\t<dt class='gallery-icon landscape'>\n\t\t\t\t<a href='https:\/\/franciscanos.org.br\/noticias\/wp-content\/uploads\/2025\/10\/1a-Missa-baixa-42.jpg'><img width=\"300\" height=\"300\" src=\"https:\/\/franciscanos.org.br\/noticias\/wp-content\/uploads\/2025\/10\/1a-Missa-baixa-42-300x300.jpg\" class=\"attachment-thumbnail size-thumbnail\" alt=\"\" loading=\"lazy\" srcset=\"https:\/\/franciscanos.org.br\/noticias\/wp-content\/uploads\/2025\/10\/1a-Missa-baixa-42-300x300.jpg 300w, https:\/\/franciscanos.org.br\/noticias\/wp-content\/uploads\/2025\/10\/1a-Missa-baixa-42-100x100.jpg 100w\" sizes=\"(max-width: 300px) 100vw, 300px\" \/><\/a>\n\t\t\t<\/dt><\/dl><dl class='gallery-item'>\n\t\t\t<dt class='gallery-icon landscape'>\n\t\t\t\t<a href='https:\/\/franciscanos.org.br\/noticias\/wp-content\/uploads\/2025\/10\/1a-Missa-baixa-39.jpg'><img width=\"300\" height=\"300\" src=\"https:\/\/franciscanos.org.br\/noticias\/wp-content\/uploads\/2025\/10\/1a-Missa-baixa-39-300x300.jpg\" class=\"attachment-thumbnail size-thumbnail\" alt=\"\" loading=\"lazy\" srcset=\"https:\/\/franciscanos.org.br\/noticias\/wp-content\/uploads\/2025\/10\/1a-Missa-baixa-39-300x300.jpg 300w, https:\/\/franciscanos.org.br\/noticias\/wp-content\/uploads\/2025\/10\/1a-Missa-baixa-39-100x100.jpg 100w\" sizes=\"(max-width: 300px) 100vw, 300px\" \/><\/a>\n\t\t\t<\/dt><\/dl><dl class='gallery-item'>\n\t\t\t<dt class='gallery-icon landscape'>\n\t\t\t\t<a href='https:\/\/franciscanos.org.br\/noticias\/wp-content\/uploads\/2025\/10\/1a-Missa-baixa-35.jpg'><img width=\"300\" height=\"300\" src=\"https:\/\/franciscanos.org.br\/noticias\/wp-content\/uploads\/2025\/10\/1a-Missa-baixa-35-300x300.jpg\" class=\"attachment-thumbnail size-thumbnail\" alt=\"\" loading=\"lazy\" srcset=\"https:\/\/franciscanos.org.br\/noticias\/wp-content\/uploads\/2025\/10\/1a-Missa-baixa-35-300x300.jpg 300w, https:\/\/franciscanos.org.br\/noticias\/wp-content\/uploads\/2025\/10\/1a-Missa-baixa-35-100x100.jpg 100w\" sizes=\"(max-width: 300px) 100vw, 300px\" \/><\/a>\n\t\t\t<\/dt><\/dl><br style=\"clear: both\" \/><dl class='gallery-item'>\n\t\t\t<dt class='gallery-icon landscape'>\n\t\t\t\t<a href='https:\/\/franciscanos.org.br\/noticias\/wp-content\/uploads\/2025\/10\/1a-Missa-baixa-34.jpg'><img width=\"300\" height=\"300\" src=\"https:\/\/franciscanos.org.br\/noticias\/wp-content\/uploads\/2025\/10\/1a-Missa-baixa-34-300x300.jpg\" class=\"attachment-thumbnail size-thumbnail\" alt=\"\" loading=\"lazy\" srcset=\"https:\/\/franciscanos.org.br\/noticias\/wp-content\/uploads\/2025\/10\/1a-Missa-baixa-34-300x300.jpg 300w, https:\/\/franciscanos.org.br\/noticias\/wp-content\/uploads\/2025\/10\/1a-Missa-baixa-34-100x100.jpg 100w\" sizes=\"(max-width: 300px) 100vw, 300px\" \/><\/a>\n\t\t\t<\/dt><\/dl><dl class='gallery-item'>\n\t\t\t<dt class='gallery-icon landscape'>\n\t\t\t\t<a href='https:\/\/franciscanos.org.br\/noticias\/wp-content\/uploads\/2025\/10\/1a-Missa-baixa-33.jpg'><img width=\"300\" height=\"300\" src=\"https:\/\/franciscanos.org.br\/noticias\/wp-content\/uploads\/2025\/10\/1a-Missa-baixa-33-300x300.jpg\" class=\"attachment-thumbnail size-thumbnail\" alt=\"\" loading=\"lazy\" srcset=\"https:\/\/franciscanos.org.br\/noticias\/wp-content\/uploads\/2025\/10\/1a-Missa-baixa-33-300x300.jpg 300w, https:\/\/franciscanos.org.br\/noticias\/wp-content\/uploads\/2025\/10\/1a-Missa-baixa-33-100x100.jpg 100w\" sizes=\"(max-width: 300px) 100vw, 300px\" \/><\/a>\n\t\t\t<\/dt><\/dl><dl class='gallery-item'>\n\t\t\t<dt class='gallery-icon landscape'>\n\t\t\t\t<a href='https:\/\/franciscanos.org.br\/noticias\/wp-content\/uploads\/2025\/10\/1a-Missa-baixa-18-1.jpg'><img width=\"300\" height=\"300\" src=\"https:\/\/franciscanos.org.br\/noticias\/wp-content\/uploads\/2025\/10\/1a-Missa-baixa-18-1-300x300.jpg\" class=\"attachment-thumbnail size-thumbnail\" alt=\"\" loading=\"lazy\" srcset=\"https:\/\/franciscanos.org.br\/noticias\/wp-content\/uploads\/2025\/10\/1a-Missa-baixa-18-1-300x300.jpg 300w, https:\/\/franciscanos.org.br\/noticias\/wp-content\/uploads\/2025\/10\/1a-Missa-baixa-18-1-100x100.jpg 100w\" sizes=\"(max-width: 300px) 100vw, 300px\" \/><\/a>\n\t\t\t<\/dt><\/dl><dl class='gallery-item'>\n\t\t\t<dt class='gallery-icon landscape'>\n\t\t\t\t<a href='https:\/\/franciscanos.org.br\/noticias\/wp-content\/uploads\/2025\/10\/1a-Missa-baixa-17-1.jpg'><img width=\"300\" height=\"300\" src=\"https:\/\/franciscanos.org.br\/noticias\/wp-content\/uploads\/2025\/10\/1a-Missa-baixa-17-1-300x300.jpg\" class=\"attachment-thumbnail size-thumbnail\" alt=\"\" loading=\"lazy\" srcset=\"https:\/\/franciscanos.org.br\/noticias\/wp-content\/uploads\/2025\/10\/1a-Missa-baixa-17-1-300x300.jpg 300w, https:\/\/franciscanos.org.br\/noticias\/wp-content\/uploads\/2025\/10\/1a-Missa-baixa-17-1-100x100.jpg 100w\" sizes=\"(max-width: 300px) 100vw, 300px\" \/><\/a>\n\t\t\t<\/dt><\/dl><br style=\"clear: both\" \/><dl class='gallery-item'>\n\t\t\t<dt class='gallery-icon landscape'>\n\t\t\t\t<a href='https:\/\/franciscanos.org.br\/noticias\/wp-content\/uploads\/2025\/10\/1a-Missa-baixa-16-1.jpg'><img width=\"300\" height=\"300\" src=\"https:\/\/franciscanos.org.br\/noticias\/wp-content\/uploads\/2025\/10\/1a-Missa-baixa-16-1-300x300.jpg\" class=\"attachment-thumbnail size-thumbnail\" alt=\"\" loading=\"lazy\" srcset=\"https:\/\/franciscanos.org.br\/noticias\/wp-content\/uploads\/2025\/10\/1a-Missa-baixa-16-1-300x300.jpg 300w, https:\/\/franciscanos.org.br\/noticias\/wp-content\/uploads\/2025\/10\/1a-Missa-baixa-16-1-100x100.jpg 100w\" sizes=\"(max-width: 300px) 100vw, 300px\" \/><\/a>\n\t\t\t<\/dt><\/dl><dl class='gallery-item'>\n\t\t\t<dt class='gallery-icon landscape'>\n\t\t\t\t<a href='https:\/\/franciscanos.org.br\/noticias\/wp-content\/uploads\/2025\/10\/1a-Missa-baixa-15-1.jpg'><img width=\"300\" height=\"300\" src=\"https:\/\/franciscanos.org.br\/noticias\/wp-content\/uploads\/2025\/10\/1a-Missa-baixa-15-1-300x300.jpg\" class=\"attachment-thumbnail size-thumbnail\" alt=\"\" loading=\"lazy\" srcset=\"https:\/\/franciscanos.org.br\/noticias\/wp-content\/uploads\/2025\/10\/1a-Missa-baixa-15-1-300x300.jpg 300w, https:\/\/franciscanos.org.br\/noticias\/wp-content\/uploads\/2025\/10\/1a-Missa-baixa-15-1-100x100.jpg 100w\" sizes=\"(max-width: 300px) 100vw, 300px\" \/><\/a>\n\t\t\t<\/dt><\/dl><dl class='gallery-item'>\n\t\t\t<dt class='gallery-icon landscape'>\n\t\t\t\t<a href='https:\/\/franciscanos.org.br\/noticias\/wp-content\/uploads\/2025\/10\/1a-Missa-baixa-30.jpg'><img width=\"300\" height=\"300\" src=\"https:\/\/franciscanos.org.br\/noticias\/wp-content\/uploads\/2025\/10\/1a-Missa-baixa-30-300x300.jpg\" class=\"attachment-thumbnail size-thumbnail\" alt=\"\" loading=\"lazy\" srcset=\"https:\/\/franciscanos.org.br\/noticias\/wp-content\/uploads\/2025\/10\/1a-Missa-baixa-30-300x300.jpg 300w, https:\/\/franciscanos.org.br\/noticias\/wp-content\/uploads\/2025\/10\/1a-Missa-baixa-30-100x100.jpg 100w\" sizes=\"(max-width: 300px) 100vw, 300px\" \/><\/a>\n\t\t\t<\/dt><\/dl><dl class='gallery-item'>\n\t\t\t<dt class='gallery-icon landscape'>\n\t\t\t\t<a href='https:\/\/franciscanos.org.br\/noticias\/wp-content\/uploads\/2025\/10\/1a-Missa-baixa-29.jpg'><img width=\"300\" height=\"300\" src=\"https:\/\/franciscanos.org.br\/noticias\/wp-content\/uploads\/2025\/10\/1a-Missa-baixa-29-300x300.jpg\" class=\"attachment-thumbnail size-thumbnail\" alt=\"\" loading=\"lazy\" srcset=\"https:\/\/franciscanos.org.br\/noticias\/wp-content\/uploads\/2025\/10\/1a-Missa-baixa-29-300x300.jpg 300w, https:\/\/franciscanos.org.br\/noticias\/wp-content\/uploads\/2025\/10\/1a-Missa-baixa-29-100x100.jpg 100w\" sizes=\"(max-width: 300px) 100vw, 300px\" \/><\/a>\n\t\t\t<\/dt><\/dl><br style=\"clear: both\" \/><dl class='gallery-item'>\n\t\t\t<dt class='gallery-icon landscape'>\n\t\t\t\t<a href='https:\/\/franciscanos.org.br\/noticias\/wp-content\/uploads\/2025\/10\/1a-Missa-baixa-28.jpg'><img width=\"300\" height=\"300\" src=\"https:\/\/franciscanos.org.br\/noticias\/wp-content\/uploads\/2025\/10\/1a-Missa-baixa-28-300x300.jpg\" class=\"attachment-thumbnail size-thumbnail\" alt=\"\" loading=\"lazy\" srcset=\"https:\/\/franciscanos.org.br\/noticias\/wp-content\/uploads\/2025\/10\/1a-Missa-baixa-28-300x300.jpg 300w, https:\/\/franciscanos.org.br\/noticias\/wp-content\/uploads\/2025\/10\/1a-Missa-baixa-28-100x100.jpg 100w\" sizes=\"(max-width: 300px) 100vw, 300px\" \/><\/a>\n\t\t\t<\/dt><\/dl><dl class='gallery-item'>\n\t\t\t<dt class='gallery-icon landscape'>\n\t\t\t\t<a href='https:\/\/franciscanos.org.br\/noticias\/wp-content\/uploads\/2025\/10\/1a-Missa-baixa-27.jpg'><img width=\"300\" height=\"300\" src=\"https:\/\/franciscanos.org.br\/noticias\/wp-content\/uploads\/2025\/10\/1a-Missa-baixa-27-300x300.jpg\" class=\"attachment-thumbnail size-thumbnail\" alt=\"\" loading=\"lazy\" srcset=\"https:\/\/franciscanos.org.br\/noticias\/wp-content\/uploads\/2025\/10\/1a-Missa-baixa-27-300x300.jpg 300w, https:\/\/franciscanos.org.br\/noticias\/wp-content\/uploads\/2025\/10\/1a-Missa-baixa-27-100x100.jpg 100w\" sizes=\"(max-width: 300px) 100vw, 300px\" \/><\/a>\n\t\t\t<\/dt><\/dl><dl class='gallery-item'>\n\t\t\t<dt class='gallery-icon landscape'>\n\t\t\t\t<a href='https:\/\/franciscanos.org.br\/noticias\/wp-content\/uploads\/2025\/10\/1a-Missa-baixa-26.jpg'><img width=\"300\" height=\"300\" src=\"https:\/\/franciscanos.org.br\/noticias\/wp-content\/uploads\/2025\/10\/1a-Missa-baixa-26-300x300.jpg\" class=\"attachment-thumbnail size-thumbnail\" alt=\"\" loading=\"lazy\" srcset=\"https:\/\/franciscanos.org.br\/noticias\/wp-content\/uploads\/2025\/10\/1a-Missa-baixa-26-300x300.jpg 300w, https:\/\/franciscanos.org.br\/noticias\/wp-content\/uploads\/2025\/10\/1a-Missa-baixa-26-100x100.jpg 100w\" sizes=\"(max-width: 300px) 100vw, 300px\" \/><\/a>\n\t\t\t<\/dt><\/dl><dl class='gallery-item'>\n\t\t\t<dt class='gallery-icon landscape'>\n\t\t\t\t<a href='https:\/\/franciscanos.org.br\/noticias\/wp-content\/uploads\/2025\/10\/1a-Missa-baixa-25.jpg'><img width=\"300\" height=\"300\" src=\"https:\/\/franciscanos.org.br\/noticias\/wp-content\/uploads\/2025\/10\/1a-Missa-baixa-25-300x300.jpg\" class=\"attachment-thumbnail size-thumbnail\" alt=\"\" loading=\"lazy\" srcset=\"https:\/\/franciscanos.org.br\/noticias\/wp-content\/uploads\/2025\/10\/1a-Missa-baixa-25-300x300.jpg 300w, https:\/\/franciscanos.org.br\/noticias\/wp-content\/uploads\/2025\/10\/1a-Missa-baixa-25-100x100.jpg 100w\" sizes=\"(max-width: 300px) 100vw, 300px\" \/><\/a>\n\t\t\t<\/dt><\/dl><br style=\"clear: both\" \/><dl class='gallery-item'>\n\t\t\t<dt class='gallery-icon landscape'>\n\t\t\t\t<a href='https:\/\/franciscanos.org.br\/noticias\/wp-content\/uploads\/2025\/10\/1a-Missa-baixa-24.jpg'><img width=\"300\" height=\"300\" src=\"https:\/\/franciscanos.org.br\/noticias\/wp-content\/uploads\/2025\/10\/1a-Missa-baixa-24-300x300.jpg\" class=\"attachment-thumbnail size-thumbnail\" alt=\"\" loading=\"lazy\" srcset=\"https:\/\/franciscanos.org.br\/noticias\/wp-content\/uploads\/2025\/10\/1a-Missa-baixa-24-300x300.jpg 300w, https:\/\/franciscanos.org.br\/noticias\/wp-content\/uploads\/2025\/10\/1a-Missa-baixa-24-100x100.jpg 100w\" sizes=\"(max-width: 300px) 100vw, 300px\" \/><\/a>\n\t\t\t<\/dt><\/dl><dl class='gallery-item'>\n\t\t\t<dt class='gallery-icon landscape'>\n\t\t\t\t<a href='https:\/\/franciscanos.org.br\/noticias\/wp-content\/uploads\/2025\/10\/1a-Missa-baixa-17.jpg'><img width=\"300\" height=\"300\" src=\"https:\/\/franciscanos.org.br\/noticias\/wp-content\/uploads\/2025\/10\/1a-Missa-baixa-17-300x300.jpg\" class=\"attachment-thumbnail size-thumbnail\" alt=\"\" loading=\"lazy\" srcset=\"https:\/\/franciscanos.org.br\/noticias\/wp-content\/uploads\/2025\/10\/1a-Missa-baixa-17-300x300.jpg 300w, https:\/\/franciscanos.org.br\/noticias\/wp-content\/uploads\/2025\/10\/1a-Missa-baixa-17-100x100.jpg 100w\" sizes=\"(max-width: 300px) 100vw, 300px\" \/><\/a>\n\t\t\t<\/dt><\/dl><dl class='gallery-item'>\n\t\t\t<dt class='gallery-icon landscape'>\n\t\t\t\t<a href='https:\/\/franciscanos.org.br\/noticias\/wp-content\/uploads\/2025\/10\/1a-Missa-baixa-16.jpg'><img width=\"300\" height=\"300\" src=\"https:\/\/franciscanos.org.br\/noticias\/wp-content\/uploads\/2025\/10\/1a-Missa-baixa-16-300x300.jpg\" class=\"attachment-thumbnail size-thumbnail\" alt=\"\" loading=\"lazy\" srcset=\"https:\/\/franciscanos.org.br\/noticias\/wp-content\/uploads\/2025\/10\/1a-Missa-baixa-16-300x300.jpg 300w, https:\/\/franciscanos.org.br\/noticias\/wp-content\/uploads\/2025\/10\/1a-Missa-baixa-16-100x100.jpg 100w\" sizes=\"(max-width: 300px) 100vw, 300px\" \/><\/a>\n\t\t\t<\/dt><\/dl><dl class='gallery-item'>\n\t\t\t<dt class='gallery-icon landscape'>\n\t\t\t\t<a href='https:\/\/franciscanos.org.br\/noticias\/wp-content\/uploads\/2025\/10\/1a-Missa-baixa-15.jpg'><img width=\"300\" height=\"300\" src=\"https:\/\/franciscanos.org.br\/noticias\/wp-content\/uploads\/2025\/10\/1a-Missa-baixa-15-300x300.jpg\" class=\"attachment-thumbnail size-thumbnail\" alt=\"\" loading=\"lazy\" srcset=\"https:\/\/franciscanos.org.br\/noticias\/wp-content\/uploads\/2025\/10\/1a-Missa-baixa-15-300x300.jpg 300w, https:\/\/franciscanos.org.br\/noticias\/wp-content\/uploads\/2025\/10\/1a-Missa-baixa-15-100x100.jpg 100w\" sizes=\"(max-width: 300px) 100vw, 300px\" \/><\/a>\n\t\t\t<\/dt><\/dl><br style=\"clear: both\" \/><dl class='gallery-item'>\n\t\t\t<dt class='gallery-icon landscape'>\n\t\t\t\t<a href='https:\/\/franciscanos.org.br\/noticias\/wp-content\/uploads\/2025\/10\/1a-Missa-baixa-14.jpg'><img width=\"300\" height=\"300\" src=\"https:\/\/franciscanos.org.br\/noticias\/wp-content\/uploads\/2025\/10\/1a-Missa-baixa-14-300x300.jpg\" class=\"attachment-thumbnail size-thumbnail\" alt=\"\" loading=\"lazy\" srcset=\"https:\/\/franciscanos.org.br\/noticias\/wp-content\/uploads\/2025\/10\/1a-Missa-baixa-14-300x300.jpg 300w, https:\/\/franciscanos.org.br\/noticias\/wp-content\/uploads\/2025\/10\/1a-Missa-baixa-14-100x100.jpg 100w\" sizes=\"(max-width: 300px) 100vw, 300px\" \/><\/a>\n\t\t\t<\/dt><\/dl><dl class='gallery-item'>\n\t\t\t<dt class='gallery-icon landscape'>\n\t\t\t\t<a href='https:\/\/franciscanos.org.br\/noticias\/wp-content\/uploads\/2025\/10\/1a-Missa-baixa-11.jpg'><img width=\"300\" height=\"300\" src=\"https:\/\/franciscanos.org.br\/noticias\/wp-content\/uploads\/2025\/10\/1a-Missa-baixa-11-300x300.jpg\" class=\"attachment-thumbnail size-thumbnail\" alt=\"\" loading=\"lazy\" srcset=\"https:\/\/franciscanos.org.br\/noticias\/wp-content\/uploads\/2025\/10\/1a-Missa-baixa-11-300x300.jpg 300w, https:\/\/franciscanos.org.br\/noticias\/wp-content\/uploads\/2025\/10\/1a-Missa-baixa-11-100x100.jpg 100w\" sizes=\"(max-width: 300px) 100vw, 300px\" \/><\/a>\n\t\t\t<\/dt><\/dl><dl class='gallery-item'>\n\t\t\t<dt class='gallery-icon landscape'>\n\t\t\t\t<a href='https:\/\/franciscanos.org.br\/noticias\/wp-content\/uploads\/2025\/10\/1a-Missa-baixa-9.jpg'><img width=\"300\" height=\"300\" src=\"https:\/\/franciscanos.org.br\/noticias\/wp-content\/uploads\/2025\/10\/1a-Missa-baixa-9-300x300.jpg\" class=\"attachment-thumbnail size-thumbnail\" alt=\"\" loading=\"lazy\" srcset=\"https:\/\/franciscanos.org.br\/noticias\/wp-content\/uploads\/2025\/10\/1a-Missa-baixa-9-300x300.jpg 300w, https:\/\/franciscanos.org.br\/noticias\/wp-content\/uploads\/2025\/10\/1a-Missa-baixa-9-100x100.jpg 100w\" sizes=\"(max-width: 300px) 100vw, 300px\" \/><\/a>\n\t\t\t<\/dt><\/dl><dl class='gallery-item'>\n\t\t\t<dt class='gallery-icon landscape'>\n\t\t\t\t<a href='https:\/\/franciscanos.org.br\/noticias\/wp-content\/uploads\/2025\/10\/1a-Missa-baixa-6.jpg'><img width=\"300\" height=\"300\" src=\"https:\/\/franciscanos.org.br\/noticias\/wp-content\/uploads\/2025\/10\/1a-Missa-baixa-6-300x300.jpg\" class=\"attachment-thumbnail size-thumbnail\" alt=\"\" loading=\"lazy\" srcset=\"https:\/\/franciscanos.org.br\/noticias\/wp-content\/uploads\/2025\/10\/1a-Missa-baixa-6-300x300.jpg 300w, https:\/\/franciscanos.org.br\/noticias\/wp-content\/uploads\/2025\/10\/1a-Missa-baixa-6-100x100.jpg 100w\" sizes=\"(max-width: 300px) 100vw, 300px\" \/><\/a>\n\t\t\t<\/dt><\/dl><br style=\"clear: both\" \/>\n\t\t<\/div>\n\n","protected":false},"excerpt":{"rendered":"<p>1\u00aa Celebra\u00e7\u00e3o Eucar\u00edstica<\/p>\n","protected":false},"author":11,"featured_media":261258,"comment_status":"open","ping_status":"open","sticky":false,"template":"","format":"standard","meta":[],"categories":[1],"tags":[2431,2424,2273],"acf":[],"yoast_head":"<!-- This site is optimized with the Yoast SEO plugin v19.2 - https:\/\/yoast.com\/wordpress\/plugins\/seo\/ -->\n<title>Do chamado \u00e0 miss\u00e3o: Frei Felipe celebra a Primeira Missa e recebe a cruz do sacerd\u00f3cio - Not\u00edcias - Franciscanos<\/title>\n<meta name=\"robots\" content=\"index, follow, max-snippet:-1, max-image-preview:large, max-video-preview:-1\" \/>\n<link rel=\"canonical\" href=\"https:\/\/franciscanos.org.br\/noticias\/do-chamado-a-missao-frei-felipe-celebra-a-primeira-missa-e-recebe-a-cruz-do-sacerdocio.html\" \/>\n<meta property=\"og:locale\" content=\"pt_BR\" \/>\n<meta property=\"og:type\" content=\"article\" \/>\n<meta property=\"og:title\" content=\"Do chamado \u00e0 miss\u00e3o: Frei Felipe celebra a Primeira Missa e recebe a cruz do sacerd\u00f3cio - Not\u00edcias - Franciscanos\" \/>\n<meta property=\"og:description\" content=\"1\u00aa Celebra\u00e7\u00e3o Eucar\u00edstica\" \/>\n<meta property=\"og:url\" content=\"https:\/\/franciscanos.org.br\/noticias\/do-chamado-a-missao-frei-felipe-celebra-a-primeira-missa-e-recebe-a-cruz-do-sacerdocio.html\" \/>\n<meta property=\"og:site_name\" content=\"Not\u00edcias - Franciscanos\" \/>\n<meta property=\"article:published_time\" content=\"2025-10-14T12:15:53+00:00\" \/>\n<meta property=\"article:modified_time\" content=\"2025-10-14T15:33:55+00:00\" \/>\n<meta property=\"og:image\" content=\"https:\/\/franciscanos.org.br\/noticias\/wp-content\/uploads\/2025\/10\/CHAMADA-29.jpg\" \/>\n\t<meta property=\"og:image:width\" content=\"800\" \/>\n\t<meta property=\"og:image:height\" content=\"550\" \/>\n\t<meta property=\"og:image:type\" content=\"image\/jpeg\" \/>\n<meta name=\"author\" content=\"Adriana Rabelo\" \/>\n<meta name=\"twitter:card\" content=\"summary_large_image\" \/>\n<meta name=\"twitter:label1\" content=\"Escrito por\" \/>\n\t<meta name=\"twitter:data1\" content=\"Adriana Rabelo\" \/>\n\t<meta name=\"twitter:label2\" content=\"Est. tempo de leitura\" \/>\n\t<meta name=\"twitter:data2\" content=\"14 minutos\" \/>\n<script type=\"application\/ld+json\" class=\"yoast-schema-graph\">{\"@context\":\"https:\/\/schema.org\",\"@graph\":[{\"@type\":\"WebSite\",\"@id\":\"https:\/\/franciscanos.org.br\/noticias\/#website\",\"url\":\"https:\/\/franciscanos.org.br\/noticias\/\",\"name\":\"Not\u00edcias - Franciscanos\",\"description\":\"Prov\u00edncia Franciscana da Imaculada Concei\u00e7\u00e3o do Brasil - Ordem dos Frades Menores - OFM\",\"potentialAction\":[{\"@type\":\"SearchAction\",\"target\":{\"@type\":\"EntryPoint\",\"urlTemplate\":\"https:\/\/franciscanos.org.br\/noticias\/?s={search_term_string}\"},\"query-input\":\"required name=search_term_string\"}],\"inLanguage\":\"pt-BR\"},{\"@type\":\"ImageObject\",\"inLanguage\":\"pt-BR\",\"@id\":\"https:\/\/franciscanos.org.br\/noticias\/do-chamado-a-missao-frei-felipe-celebra-a-primeira-missa-e-recebe-a-cruz-do-sacerdocio.html#primaryimage\",\"url\":\"https:\/\/franciscanos.org.br\/noticias\/wp-content\/uploads\/2025\/10\/CHAMADA-29.jpg\",\"contentUrl\":\"https:\/\/franciscanos.org.br\/noticias\/wp-content\/uploads\/2025\/10\/CHAMADA-29.jpg\",\"width\":800,\"height\":550},{\"@type\":\"WebPage\",\"@id\":\"https:\/\/franciscanos.org.br\/noticias\/do-chamado-a-missao-frei-felipe-celebra-a-primeira-missa-e-recebe-a-cruz-do-sacerdocio.html#webpage\",\"url\":\"https:\/\/franciscanos.org.br\/noticias\/do-chamado-a-missao-frei-felipe-celebra-a-primeira-missa-e-recebe-a-cruz-do-sacerdocio.html\",\"name\":\"Do chamado \u00e0 miss\u00e3o: Frei Felipe celebra a Primeira Missa e recebe a cruz do sacerd\u00f3cio - Not\u00edcias - Franciscanos\",\"isPartOf\":{\"@id\":\"https:\/\/franciscanos.org.br\/noticias\/#website\"},\"primaryImageOfPage\":{\"@id\":\"https:\/\/franciscanos.org.br\/noticias\/do-chamado-a-missao-frei-felipe-celebra-a-primeira-missa-e-recebe-a-cruz-do-sacerdocio.html#primaryimage\"},\"datePublished\":\"2025-10-14T12:15:53+00:00\",\"dateModified\":\"2025-10-14T15:33:55+00:00\",\"author\":{\"@id\":\"https:\/\/franciscanos.org.br\/noticias\/#\/schema\/person\/d9422e83121c3ad3b0f423d195f5bb25\"},\"breadcrumb\":{\"@id\":\"https:\/\/franciscanos.org.br\/noticias\/do-chamado-a-missao-frei-felipe-celebra-a-primeira-missa-e-recebe-a-cruz-do-sacerdocio.html#breadcrumb\"},\"inLanguage\":\"pt-BR\",\"potentialAction\":[{\"@type\":\"ReadAction\",\"target\":[\"https:\/\/franciscanos.org.br\/noticias\/do-chamado-a-missao-frei-felipe-celebra-a-primeira-missa-e-recebe-a-cruz-do-sacerdocio.html\"]}]},{\"@type\":\"BreadcrumbList\",\"@id\":\"https:\/\/franciscanos.org.br\/noticias\/do-chamado-a-missao-frei-felipe-celebra-a-primeira-missa-e-recebe-a-cruz-do-sacerdocio.html#breadcrumb\",\"itemListElement\":[{\"@type\":\"ListItem\",\"position\":1,\"name\":\"Home\",\"item\":\"https:\/\/franciscanos.org.br\/noticias\"},{\"@type\":\"ListItem\",\"position\":2,\"name\":\"Do chamado \u00e0 miss\u00e3o: Frei Felipe celebra a Primeira Missa e recebe a cruz do sacerd\u00f3cio\"}]},{\"@type\":\"Person\",\"@id\":\"https:\/\/franciscanos.org.br\/noticias\/#\/schema\/person\/d9422e83121c3ad3b0f423d195f5bb25\",\"name\":\"Adriana Rabelo\",\"image\":{\"@type\":\"ImageObject\",\"inLanguage\":\"pt-BR\",\"@id\":\"https:\/\/franciscanos.org.br\/noticias\/#\/schema\/person\/image\/\",\"url\":\"https:\/\/secure.gravatar.com\/avatar\/0a937b7500cd7df77540cfb8bede877d?s=96&d=mm&r=g\",\"contentUrl\":\"https:\/\/secure.gravatar.com\/avatar\/0a937b7500cd7df77540cfb8bede877d?s=96&d=mm&r=g\",\"caption\":\"Adriana Rabelo\"},\"url\":\"https:\/\/franciscanos.org.br\/noticias\/author\/adrianarabelo\"}]}<\/script>\n<!-- \/ Yoast SEO plugin. -->","yoast_head_json":{"title":"Do chamado \u00e0 miss\u00e3o: Frei Felipe celebra a Primeira Missa e recebe a cruz do sacerd\u00f3cio - Not\u00edcias - Franciscanos","robots":{"index":"index","follow":"follow","max-snippet":"max-snippet:-1","max-image-preview":"max-image-preview:large","max-video-preview":"max-video-preview:-1"},"canonical":"https:\/\/franciscanos.org.br\/noticias\/do-chamado-a-missao-frei-felipe-celebra-a-primeira-missa-e-recebe-a-cruz-do-sacerdocio.html","og_locale":"pt_BR","og_type":"article","og_title":"Do chamado \u00e0 miss\u00e3o: Frei Felipe celebra a Primeira Missa e recebe a cruz do sacerd\u00f3cio - Not\u00edcias - Franciscanos","og_description":"1\u00aa Celebra\u00e7\u00e3o Eucar\u00edstica","og_url":"https:\/\/franciscanos.org.br\/noticias\/do-chamado-a-missao-frei-felipe-celebra-a-primeira-missa-e-recebe-a-cruz-do-sacerdocio.html","og_site_name":"Not\u00edcias - Franciscanos","article_published_time":"2025-10-14T12:15:53+00:00","article_modified_time":"2025-10-14T15:33:55+00:00","og_image":[{"width":800,"height":550,"url":"https:\/\/franciscanos.org.br\/noticias\/wp-content\/uploads\/2025\/10\/CHAMADA-29.jpg","type":"image\/jpeg"}],"author":"Adriana Rabelo","twitter_card":"summary_large_image","twitter_misc":{"Escrito por":"Adriana Rabelo","Est. tempo de leitura":"14 minutos"},"schema":{"@context":"https:\/\/schema.org","@graph":[{"@type":"WebSite","@id":"https:\/\/franciscanos.org.br\/noticias\/#website","url":"https:\/\/franciscanos.org.br\/noticias\/","name":"Not\u00edcias - Franciscanos","description":"Prov\u00edncia Franciscana da Imaculada Concei\u00e7\u00e3o do Brasil - Ordem dos Frades Menores - OFM","potentialAction":[{"@type":"SearchAction","target":{"@type":"EntryPoint","urlTemplate":"https:\/\/franciscanos.org.br\/noticias\/?s={search_term_string}"},"query-input":"required name=search_term_string"}],"inLanguage":"pt-BR"},{"@type":"ImageObject","inLanguage":"pt-BR","@id":"https:\/\/franciscanos.org.br\/noticias\/do-chamado-a-missao-frei-felipe-celebra-a-primeira-missa-e-recebe-a-cruz-do-sacerdocio.html#primaryimage","url":"https:\/\/franciscanos.org.br\/noticias\/wp-content\/uploads\/2025\/10\/CHAMADA-29.jpg","contentUrl":"https:\/\/franciscanos.org.br\/noticias\/wp-content\/uploads\/2025\/10\/CHAMADA-29.jpg","width":800,"height":550},{"@type":"WebPage","@id":"https:\/\/franciscanos.org.br\/noticias\/do-chamado-a-missao-frei-felipe-celebra-a-primeira-missa-e-recebe-a-cruz-do-sacerdocio.html#webpage","url":"https:\/\/franciscanos.org.br\/noticias\/do-chamado-a-missao-frei-felipe-celebra-a-primeira-missa-e-recebe-a-cruz-do-sacerdocio.html","name":"Do chamado \u00e0 miss\u00e3o: Frei Felipe celebra a Primeira Missa e recebe a cruz do sacerd\u00f3cio - Not\u00edcias - Franciscanos","isPartOf":{"@id":"https:\/\/franciscanos.org.br\/noticias\/#website"},"primaryImageOfPage":{"@id":"https:\/\/franciscanos.org.br\/noticias\/do-chamado-a-missao-frei-felipe-celebra-a-primeira-missa-e-recebe-a-cruz-do-sacerdocio.html#primaryimage"},"datePublished":"2025-10-14T12:15:53+00:00","dateModified":"2025-10-14T15:33:55+00:00","author":{"@id":"https:\/\/franciscanos.org.br\/noticias\/#\/schema\/person\/d9422e83121c3ad3b0f423d195f5bb25"},"breadcrumb":{"@id":"https:\/\/franciscanos.org.br\/noticias\/do-chamado-a-missao-frei-felipe-celebra-a-primeira-missa-e-recebe-a-cruz-do-sacerdocio.html#breadcrumb"},"inLanguage":"pt-BR","potentialAction":[{"@type":"ReadAction","target":["https:\/\/franciscanos.org.br\/noticias\/do-chamado-a-missao-frei-felipe-celebra-a-primeira-missa-e-recebe-a-cruz-do-sacerdocio.html"]}]},{"@type":"BreadcrumbList","@id":"https:\/\/franciscanos.org.br\/noticias\/do-chamado-a-missao-frei-felipe-celebra-a-primeira-missa-e-recebe-a-cruz-do-sacerdocio.html#breadcrumb","itemListElement":[{"@type":"ListItem","position":1,"name":"Home","item":"https:\/\/franciscanos.org.br\/noticias"},{"@type":"ListItem","position":2,"name":"Do chamado \u00e0 miss\u00e3o: Frei Felipe celebra a Primeira Missa e recebe a cruz do sacerd\u00f3cio"}]},{"@type":"Person","@id":"https:\/\/franciscanos.org.br\/noticias\/#\/schema\/person\/d9422e83121c3ad3b0f423d195f5bb25","name":"Adriana Rabelo","image":{"@type":"ImageObject","inLanguage":"pt-BR","@id":"https:\/\/franciscanos.org.br\/noticias\/#\/schema\/person\/image\/","url":"https:\/\/secure.gravatar.com\/avatar\/0a937b7500cd7df77540cfb8bede877d?s=96&d=mm&r=g","contentUrl":"https:\/\/secure.gravatar.com\/avatar\/0a937b7500cd7df77540cfb8bede877d?s=96&d=mm&r=g","caption":"Adriana Rabelo"},"url":"https:\/\/franciscanos.org.br\/noticias\/author\/adrianarabelo"}]}},"_links":{"self":[{"href":"https:\/\/franciscanos.org.br\/noticias\/wp-json\/wp\/v2\/posts\/261256"}],"collection":[{"href":"https:\/\/franciscanos.org.br\/noticias\/wp-json\/wp\/v2\/posts"}],"about":[{"href":"https:\/\/franciscanos.org.br\/noticias\/wp-json\/wp\/v2\/types\/post"}],"author":[{"embeddable":true,"href":"https:\/\/franciscanos.org.br\/noticias\/wp-json\/wp\/v2\/users\/11"}],"replies":[{"embeddable":true,"href":"https:\/\/franciscanos.org.br\/noticias\/wp-json\/wp\/v2\/comments?post=261256"}],"version-history":[{"count":6,"href":"https:\/\/franciscanos.org.br\/noticias\/wp-json\/wp\/v2\/posts\/261256\/revisions"}],"predecessor-version":[{"id":261327,"href":"https:\/\/franciscanos.org.br\/noticias\/wp-json\/wp\/v2\/posts\/261256\/revisions\/261327"}],"wp:featuredmedia":[{"embeddable":true,"href":"https:\/\/franciscanos.org.br\/noticias\/wp-json\/wp\/v2\/media\/261258"}],"wp:attachment":[{"href":"https:\/\/franciscanos.org.br\/noticias\/wp-json\/wp\/v2\/media?parent=261256"}],"wp:term":[{"taxonomy":"category","embeddable":true,"href":"https:\/\/franciscanos.org.br\/noticias\/wp-json\/wp\/v2\/categories?post=261256"},{"taxonomy":"post_tag","embeddable":true,"href":"https:\/\/franciscanos.org.br\/noticias\/wp-json\/wp\/v2\/tags?post=261256"}],"curies":[{"name":"wp","href":"https:\/\/api.w.org\/{rel}","templated":true}]}}