{"id":261181,"date":"2025-10-13T15:53:37","date_gmt":"2025-10-13T18:53:37","guid":{"rendered":"https:\/\/franciscanos.org.br\/noticias\/?p=261181"},"modified":"2025-10-13T15:58:44","modified_gmt":"2025-10-13T18:58:44","slug":"completai-em-mim-a-obra-comecada-frei-felipe-medeiros-carretta-e-ordenado-presbitero-em-vila-velha","status":"publish","type":"post","link":"https:\/\/franciscanos.org.br\/noticias\/completai-em-mim-a-obra-comecada-frei-felipe-medeiros-carretta-e-ordenado-presbitero-em-vila-velha.html","title":{"rendered":"\u201cCompletai em mim a obra come\u00e7ada\u201d: Frei Felipe Medeiros Carretta \u00e9 ordenado presb\u00edtero em Vila Velha"},"content":{"rendered":"<p><img loading=\"lazy\" class=\"aligncenter wp-image-261182 size-full\" src=\"https:\/\/franciscanos.org.br\/noticias\/wp-content\/uploads\/2025\/10\/materia-11.jpg\" alt=\"\" width=\"1280\" height=\"720\" srcset=\"https:\/\/franciscanos.org.br\/noticias\/wp-content\/uploads\/2025\/10\/materia-11.jpg 1280w, https:\/\/franciscanos.org.br\/noticias\/wp-content\/uploads\/2025\/10\/materia-11-450x253.jpg 450w, https:\/\/franciscanos.org.br\/noticias\/wp-content\/uploads\/2025\/10\/materia-11-1024x576.jpg 1024w, https:\/\/franciscanos.org.br\/noticias\/wp-content\/uploads\/2025\/10\/materia-11-768x432.jpg 768w, https:\/\/franciscanos.org.br\/noticias\/wp-content\/uploads\/2025\/10\/materia-11-150x84.jpg 150w\" sizes=\"(max-width: 1280px) 100vw, 1280px\" \/><\/p>\n<p>A emo\u00e7\u00e3o, a gratid\u00e3o e o esp\u00edrito franciscano marcaram a celebra\u00e7\u00e3o da Ordena\u00e7\u00e3o Presbiteral de\u00a0Frei Felipe Medeiros Carretta, OFM, realizada na noite do dia\u00a011 de outubro de 2025, \u00e0s 18h, no\u00a0Santu\u00e1rio do Divino Esp\u00edrito Santo, em Vila Velha (ES). A solene Eucaristia foi presidida por\u00a0Dom Andherson Franklin Lustoza de Souza, bispo auxiliar da Arquidiocese de Vit\u00f3ria, e concelebrada por diversos frades da\u00a0Prov\u00edncia Franciscana da Imaculada Concei\u00e7\u00e3o do Brasil. O coro dos\u00a0Canarinhos de Petr\u00f3polis\u00a0abrilhantou a liturgia com bel\u00edssimos c\u00e2nticos, elevando o esp\u00edrito dos fi\u00e9is.<\/p>\n<p>A liturgia, repleta de simbolismo, teve in\u00edcio com o\u00a0coment\u00e1rio introdut\u00f3rio\u00a0recordando o sentido do sacerd\u00f3cio como participa\u00e7\u00e3o na miss\u00e3o de Cristo, o Sumo Sacerdote. \u201cEste nosso irm\u00e3o se configura ao Cristo Senhor de nossas vidas, a fim de se tornar sacerdote para sempre, para o servi\u00e7o de Deus e da Igreja\u201d, disse o comentarista Frei Marx Rodrigues dos Reis, convidando a assembleia a participar ativamente da celebra\u00e7\u00e3o eucar\u00edstica.<\/p>\n\n\t\t<style type=\"text\/css\">\n\t\t\t#gallery-1 {\n\t\t\t\tmargin: auto;\n\t\t\t}\n\t\t\t#gallery-1 .gallery-item {\n\t\t\t\tfloat: left;\n\t\t\t\tmargin-top: 10px;\n\t\t\t\ttext-align: center;\n\t\t\t\twidth: 33%;\n\t\t\t}\n\t\t\t#gallery-1 img {\n\t\t\t\tborder: 2px solid #cfcfcf;\n\t\t\t}\n\t\t\t#gallery-1 .gallery-caption {\n\t\t\t\tmargin-left: 0;\n\t\t\t}\n\t\t\t\/* see gallery_shortcode() in wp-includes\/media.php *\/\n\t\t<\/style>\n\t\t<div id='gallery-1' class='gallery galleryid-261181 gallery-columns-3 gallery-size-thumbnail'><dl class='gallery-item'>\n\t\t\t<dt class='gallery-icon landscape'>\n\t\t\t\t<a href='https:\/\/franciscanos.org.br\/noticias\/wp-content\/uploads\/2025\/10\/ORDENACAO-2.jpg'><img width=\"300\" height=\"300\" src=\"https:\/\/franciscanos.org.br\/noticias\/wp-content\/uploads\/2025\/10\/ORDENACAO-2-300x300.jpg\" class=\"attachment-thumbnail size-thumbnail\" alt=\"\" loading=\"lazy\" srcset=\"https:\/\/franciscanos.org.br\/noticias\/wp-content\/uploads\/2025\/10\/ORDENACAO-2-300x300.jpg 300w, https:\/\/franciscanos.org.br\/noticias\/wp-content\/uploads\/2025\/10\/ORDENACAO-2-100x100.jpg 100w\" sizes=\"(max-width: 300px) 100vw, 300px\" \/><\/a>\n\t\t\t<\/dt><\/dl><dl class='gallery-item'>\n\t\t\t<dt class='gallery-icon landscape'>\n\t\t\t\t<a href='https:\/\/franciscanos.org.br\/noticias\/wp-content\/uploads\/2025\/10\/ORDENACAO-36.jpg'><img width=\"300\" height=\"300\" src=\"https:\/\/franciscanos.org.br\/noticias\/wp-content\/uploads\/2025\/10\/ORDENACAO-36-300x300.jpg\" class=\"attachment-thumbnail size-thumbnail\" alt=\"\" loading=\"lazy\" srcset=\"https:\/\/franciscanos.org.br\/noticias\/wp-content\/uploads\/2025\/10\/ORDENACAO-36-300x300.jpg 300w, https:\/\/franciscanos.org.br\/noticias\/wp-content\/uploads\/2025\/10\/ORDENACAO-36-100x100.jpg 100w\" sizes=\"(max-width: 300px) 100vw, 300px\" \/><\/a>\n\t\t\t<\/dt><\/dl><dl class='gallery-item'>\n\t\t\t<dt class='gallery-icon landscape'>\n\t\t\t\t<a href='https:\/\/franciscanos.org.br\/noticias\/wp-content\/uploads\/2025\/10\/ORDENACAO-43.jpg'><img width=\"300\" height=\"300\" src=\"https:\/\/franciscanos.org.br\/noticias\/wp-content\/uploads\/2025\/10\/ORDENACAO-43-300x300.jpg\" class=\"attachment-thumbnail size-thumbnail\" alt=\"\" loading=\"lazy\" srcset=\"https:\/\/franciscanos.org.br\/noticias\/wp-content\/uploads\/2025\/10\/ORDENACAO-43-300x300.jpg 300w, https:\/\/franciscanos.org.br\/noticias\/wp-content\/uploads\/2025\/10\/ORDENACAO-43-100x100.jpg 100w\" sizes=\"(max-width: 300px) 100vw, 300px\" \/><\/a>\n\t\t\t<\/dt><\/dl><br style=\"clear: both\" \/>\n\t\t<\/div>\n\n<p>Logo no in\u00edcio da celebra\u00e7\u00e3o, a assembleia recebeu com devo\u00e7\u00e3o a imagem de Nossa Senhora da Penha, padroeira do Estado e especial intercessora na vida de Frei Felipe. O gesto, marcado por grande emo\u00e7\u00e3o, traduziu a profunda liga\u00e7\u00e3o do novo presb\u00edtero com a M\u00e3e da Penha, a quem confia sua voca\u00e7\u00e3o e minist\u00e9rio. O tradicional e conhecido hino de Nossa Senhora da Penha \u201cVirgem da Penha\u201d, abrilhantou a celebra\u00e7\u00e3o e emocionou os presentes!<\/p>\n<p><a href=\"https:\/\/franciscanos.org.br\/noticias\/?attachment_id=261186\"><img loading=\"lazy\" class=\"aligncenter wp-image-261186 size-full\" src=\"https:\/\/franciscanos.org.br\/noticias\/wp-content\/uploads\/2025\/10\/MATERIA8-1.jpg\" alt=\"\" width=\"1280\" height=\"720\" srcset=\"https:\/\/franciscanos.org.br\/noticias\/wp-content\/uploads\/2025\/10\/MATERIA8-1.jpg 1280w, https:\/\/franciscanos.org.br\/noticias\/wp-content\/uploads\/2025\/10\/MATERIA8-1-450x253.jpg 450w, https:\/\/franciscanos.org.br\/noticias\/wp-content\/uploads\/2025\/10\/MATERIA8-1-1024x576.jpg 1024w, https:\/\/franciscanos.org.br\/noticias\/wp-content\/uploads\/2025\/10\/MATERIA8-1-768x432.jpg 768w, https:\/\/franciscanos.org.br\/noticias\/wp-content\/uploads\/2025\/10\/MATERIA8-1-150x84.jpg 150w\" sizes=\"(max-width: 1280px) 100vw, 1280px\" \/><\/a><\/p>\n<h3><strong>\u201cCompletar em mim a obra come\u00e7ada\u201d<\/strong><\/h3>\n<p>A participa\u00e7\u00e3o na Eucaristia contou com a participa\u00e7\u00e3o de muitas pessoas. A primeira leitura foi proclamada por Dr. K\u00e1ssio Bauer, seu cunhado; o salmo foi belamente interpretado pelo Coral dos Canarinhos de Petr\u00f3polis, que encantou a assembleia com sua presen\u00e7a, afina\u00e7\u00e3o e sensibilidade; e a segunda leitura foi proclamada por Maria Concei\u00e7\u00e3o Zampieri.<\/p>\n<p>O lema escolhido por Frei Felipe, extra\u00eddo do Salmo 137, foi tamb\u00e9m o fio condutor da homilia proferida por Dom Andherson, que se deu ap\u00f3s o interrogat\u00f3rio ritual sobre a idoneidade do candidato. O bispo iniciou suas palavras saudando os franciscanos, os familiares do ordenando e a comunidade paroquial, lembrando de modo comovido o pai de Frei Felipe, j\u00e1 falecido, e pedindo que \u201crepouse em paz nos bra\u00e7os amorosos do Senhor\u201d.<\/p>\n<p>Inspirando-se na imagem do\u00a0Bom Pastor, Dom Andherson refletiu sobre a miss\u00e3o sacerdotal como entrega e servi\u00e7o:<\/p>\n<p>\u201cQuerido irm\u00e3o, hoje queremos contigo pedir que as palavras do salmista ecoem sempre em teu cora\u00e7\u00e3o, pois a obra \u00e9 de Deus e n\u00f3s apenas respondemos a Ele. Que o minist\u00e9rio que voc\u00ea acolhe como dom da Igreja o configure ao Bom Pastor, que conhece suas ovelhas e d\u00e1 a vida por elas\u201d, afirmou.<\/p>\n\n\t\t<style type=\"text\/css\">\n\t\t\t#gallery-2 {\n\t\t\t\tmargin: auto;\n\t\t\t}\n\t\t\t#gallery-2 .gallery-item {\n\t\t\t\tfloat: left;\n\t\t\t\tmargin-top: 10px;\n\t\t\t\ttext-align: center;\n\t\t\t\twidth: 33%;\n\t\t\t}\n\t\t\t#gallery-2 img {\n\t\t\t\tborder: 2px solid #cfcfcf;\n\t\t\t}\n\t\t\t#gallery-2 .gallery-caption {\n\t\t\t\tmargin-left: 0;\n\t\t\t}\n\t\t\t\/* see gallery_shortcode() in wp-includes\/media.php *\/\n\t\t<\/style>\n\t\t<div id='gallery-2' class='gallery galleryid-261181 gallery-columns-3 gallery-size-thumbnail'><dl class='gallery-item'>\n\t\t\t<dt class='gallery-icon landscape'>\n\t\t\t\t<a href='https:\/\/franciscanos.org.br\/noticias\/wp-content\/uploads\/2025\/10\/ORDENACAO-32.jpg'><img width=\"300\" height=\"300\" src=\"https:\/\/franciscanos.org.br\/noticias\/wp-content\/uploads\/2025\/10\/ORDENACAO-32-300x300.jpg\" class=\"attachment-thumbnail size-thumbnail\" alt=\"\" loading=\"lazy\" srcset=\"https:\/\/franciscanos.org.br\/noticias\/wp-content\/uploads\/2025\/10\/ORDENACAO-32-300x300.jpg 300w, https:\/\/franciscanos.org.br\/noticias\/wp-content\/uploads\/2025\/10\/ORDENACAO-32-100x100.jpg 100w\" sizes=\"(max-width: 300px) 100vw, 300px\" \/><\/a>\n\t\t\t<\/dt><\/dl><dl class='gallery-item'>\n\t\t\t<dt class='gallery-icon portrait'>\n\t\t\t\t<a href='https:\/\/franciscanos.org.br\/noticias\/wp-content\/uploads\/2025\/10\/ORDENACAO-35.jpg'><img width=\"300\" height=\"300\" src=\"https:\/\/franciscanos.org.br\/noticias\/wp-content\/uploads\/2025\/10\/ORDENACAO-35-300x300.jpg\" class=\"attachment-thumbnail size-thumbnail\" alt=\"\" loading=\"lazy\" srcset=\"https:\/\/franciscanos.org.br\/noticias\/wp-content\/uploads\/2025\/10\/ORDENACAO-35-300x300.jpg 300w, https:\/\/franciscanos.org.br\/noticias\/wp-content\/uploads\/2025\/10\/ORDENACAO-35-100x100.jpg 100w\" sizes=\"(max-width: 300px) 100vw, 300px\" \/><\/a>\n\t\t\t<\/dt><\/dl><dl class='gallery-item'>\n\t\t\t<dt class='gallery-icon landscape'>\n\t\t\t\t<a href='https:\/\/franciscanos.org.br\/noticias\/wp-content\/uploads\/2025\/10\/ORDENACAO-41.jpg'><img width=\"300\" height=\"300\" src=\"https:\/\/franciscanos.org.br\/noticias\/wp-content\/uploads\/2025\/10\/ORDENACAO-41-300x300.jpg\" class=\"attachment-thumbnail size-thumbnail\" alt=\"\" loading=\"lazy\" srcset=\"https:\/\/franciscanos.org.br\/noticias\/wp-content\/uploads\/2025\/10\/ORDENACAO-41-300x300.jpg 300w, https:\/\/franciscanos.org.br\/noticias\/wp-content\/uploads\/2025\/10\/ORDENACAO-41-100x100.jpg 100w\" sizes=\"(max-width: 300px) 100vw, 300px\" \/><\/a>\n\t\t\t<\/dt><\/dl><br style=\"clear: both\" \/>\n\t\t<\/div>\n\n<p>O bispo destacou que o verdadeiro pastor \u00e9 aquele que permanece junto do rebanho, cuidando com ternura e compaix\u00e3o, ao contr\u00e1rio do mercen\u00e1rio que abandona diante do perigo.<\/p>\n<p>\u201cJesus \u00e9 o pastor que se coloca \u00e0 frente, no meio e atr\u00e1s do rebanho, para que nenhuma ovelha se perca. Assim deve ser o presb\u00edtero: algu\u00e9m movido por um amor profundo, capaz de escutar o clamor do povo e fazer da pr\u00f3pria vida uma entrega por amor\u201d, enfatizou.<\/p>\n<p>Falando diretamente ao novo presb\u00edtero, Dom Andherson o exortou: \u201cDeixe-se sempre guiar pelo Pastor que conhece as ovelhas. Seja um sinal fecundo da Igreja que vai ao encontro dos pequenos. Num tempo em que se multiplicam mercen\u00e1rios em todas as esferas da sociedade, somos chamados a ter olhos compassivos e cora\u00e7\u00f5es ardentes\u201d.<\/p>\n<p>\u201cO \u00fanico e verdadeiro sacerdote \u00e9 Jesus Cristo. N\u00f3s, como sacerdotes, somos representantes de Jesus Cristo; atrav\u00e9s de n\u00f3s \u00e9 Cristo que realiza o mist\u00e9rio da consagra\u00e7\u00e3o do p\u00e3o e do vinho, que perdoa os pecados. Que o minist\u00e9rio que voc\u00ea assume seja marcado pela compaix\u00e3o e por um amor que fa\u00e7a arder o cora\u00e7\u00e3o, de modo que nenhuma das ovelhas a ti confiadas sofra ou se perca nos caminhos da vida\u201d, destacou.<\/p>\n<p>O bispo insistiu na exig\u00eancia da proximidade aos pobres e perif\u00e9ricos: \u201cSeja um sinal l\u00edmpido e luminoso do amor do Pastor que te chamou\u201d, convocando Frei Felipe \u00e0 aten\u00e7\u00e3o pastoral cotidiana e \u00e0 escuta dos clamores do povo de Deus.<\/p>\n<p>\u201cO minist\u00e9rio que hoje voc\u00ea recebe, Frei Felipe, n\u00e3o \u00e9 um pr\u00eamio, mas um servi\u00e7o. Seja um padre da escuta, do perd\u00e3o e da ternura. Deixe que a alegria do Evangelho transborde de suas palavras e gestos, especialmente junto aos mais pobres e sofredores\u201d, ensinou.<\/p>\n<p>Ao final da homilia, o bispo confiou a voca\u00e7\u00e3o de Frei Felipe \u00e0 intercess\u00e3o da\u00a0Virgem da Penha, \u201cSenhora das Alegrias\u201d, pedindo que ela o acompanhe \u201cem todos os passos, a fim de que tenha um cora\u00e7\u00e3o semelhante ao de seu Filho Jesus\u201d.<\/p>\n<p><img loading=\"lazy\" class=\"aligncenter wp-image-261198 size-full\" src=\"https:\/\/franciscanos.org.br\/noticias\/wp-content\/uploads\/2025\/10\/materia13.jpg\" alt=\"\" width=\"1280\" height=\"720\" srcset=\"https:\/\/franciscanos.org.br\/noticias\/wp-content\/uploads\/2025\/10\/materia13.jpg 1280w, https:\/\/franciscanos.org.br\/noticias\/wp-content\/uploads\/2025\/10\/materia13-450x253.jpg 450w, https:\/\/franciscanos.org.br\/noticias\/wp-content\/uploads\/2025\/10\/materia13-1024x576.jpg 1024w, https:\/\/franciscanos.org.br\/noticias\/wp-content\/uploads\/2025\/10\/materia13-768x432.jpg 768w, https:\/\/franciscanos.org.br\/noticias\/wp-content\/uploads\/2025\/10\/materia13-150x84.jpg 150w\" sizes=\"(max-width: 1280px) 100vw, 1280px\" \/><\/p>\n<h3><strong>Um chamado confirmado no cora\u00e7\u00e3o da Igreja<\/strong><\/h3>\n<p>O rito de ordena\u00e7\u00e3o teve in\u00edcio ap\u00f3s a proclama\u00e7\u00e3o do Evangelho. O Ministro provincial,\u00a0Frei Paulo Roberto Pereira, apresentou o candidato e testemunhou sua idoneidade, recordando o percurso formativo e o servi\u00e7o prestado por Frei Felipe na Par\u00f3quia Nossa Senhora da Boa Viagem na Rocinha (RJ). \u201cEle serve como di\u00e1cono l\u00e1 na Rocinha e, com alegria, o apresentamos e consideramos digno de ser ordenado presb\u00edtero\u201d, declarou.<\/p>\n<p><img loading=\"lazy\" class=\"aligncenter wp-image-261190 size-full\" src=\"https:\/\/franciscanos.org.br\/noticias\/wp-content\/uploads\/2025\/10\/materia4-4.jpg\" alt=\"\" width=\"1280\" height=\"720\" srcset=\"https:\/\/franciscanos.org.br\/noticias\/wp-content\/uploads\/2025\/10\/materia4-4.jpg 1280w, https:\/\/franciscanos.org.br\/noticias\/wp-content\/uploads\/2025\/10\/materia4-4-450x253.jpg 450w, https:\/\/franciscanos.org.br\/noticias\/wp-content\/uploads\/2025\/10\/materia4-4-1024x576.jpg 1024w, https:\/\/franciscanos.org.br\/noticias\/wp-content\/uploads\/2025\/10\/materia4-4-768x432.jpg 768w, https:\/\/franciscanos.org.br\/noticias\/wp-content\/uploads\/2025\/10\/materia4-4-150x84.jpg 150w\" sizes=\"(max-width: 1280px) 100vw, 1280px\" \/><\/p>\n<p>No momento central, Frei Felipe prostrou-se enquanto a assembleia recitava a Ladainha. Em seguida, ajoelhado, recebeu a imposi\u00e7\u00e3o das m\u00e3os de Dom Andherson, gesto acompanhado pela imposi\u00e7\u00e3o das m\u00e3os de todos os presb\u00edteros presentes e a ora\u00e7\u00e3o consecrat\u00f3ria que confere o dom do Esp\u00edrito Santo.<\/p>\n<p>Ap\u00f3s a consagra\u00e7\u00e3o, Frei Felipe foi revestido com as vestes presbiterais: estola e casula foram colocadas por Frei Pedro Oliveira Rodrigues e Frei Paulo Roberto Pereira, gesto carregado de afeto e hist\u00f3ria. A un\u00e7\u00e3o das m\u00e3os com o \u00f3leo do santo Crisma tornou vis\u00edvel o envio sacramental ao minist\u00e9rio e, num instante de grande emo\u00e7\u00e3o, as m\u00e3os de Frei Felipe, anteriormente atadas pelo bispo, foram desatadas por seus familiares, para que estes recebessem a primeira b\u00ean\u00e7\u00e3o sacerdotal.<\/p>\n\n\t\t<style type=\"text\/css\">\n\t\t\t#gallery-3 {\n\t\t\t\tmargin: auto;\n\t\t\t}\n\t\t\t#gallery-3 .gallery-item {\n\t\t\t\tfloat: left;\n\t\t\t\tmargin-top: 10px;\n\t\t\t\ttext-align: center;\n\t\t\t\twidth: 33%;\n\t\t\t}\n\t\t\t#gallery-3 img {\n\t\t\t\tborder: 2px solid #cfcfcf;\n\t\t\t}\n\t\t\t#gallery-3 .gallery-caption {\n\t\t\t\tmargin-left: 0;\n\t\t\t}\n\t\t\t\/* see gallery_shortcode() in wp-includes\/media.php *\/\n\t\t<\/style>\n\t\t<div id='gallery-3' class='gallery galleryid-261181 gallery-columns-3 gallery-size-thumbnail'><dl class='gallery-item'>\n\t\t\t<dt class='gallery-icon portrait'>\n\t\t\t\t<a href='https:\/\/franciscanos.org.br\/noticias\/wp-content\/uploads\/2025\/10\/ORDENACAO-22.jpg'><img width=\"300\" height=\"300\" src=\"https:\/\/franciscanos.org.br\/noticias\/wp-content\/uploads\/2025\/10\/ORDENACAO-22-300x300.jpg\" class=\"attachment-thumbnail size-thumbnail\" alt=\"\" loading=\"lazy\" srcset=\"https:\/\/franciscanos.org.br\/noticias\/wp-content\/uploads\/2025\/10\/ORDENACAO-22-300x300.jpg 300w, https:\/\/franciscanos.org.br\/noticias\/wp-content\/uploads\/2025\/10\/ORDENACAO-22-100x100.jpg 100w\" sizes=\"(max-width: 300px) 100vw, 300px\" \/><\/a>\n\t\t\t<\/dt><\/dl><dl class='gallery-item'>\n\t\t\t<dt class='gallery-icon portrait'>\n\t\t\t\t<a href='https:\/\/franciscanos.org.br\/noticias\/wp-content\/uploads\/2025\/10\/ORDENACAO-26.jpg'><img width=\"300\" height=\"300\" src=\"https:\/\/franciscanos.org.br\/noticias\/wp-content\/uploads\/2025\/10\/ORDENACAO-26-300x300.jpg\" class=\"attachment-thumbnail size-thumbnail\" alt=\"\" loading=\"lazy\" srcset=\"https:\/\/franciscanos.org.br\/noticias\/wp-content\/uploads\/2025\/10\/ORDENACAO-26-300x300.jpg 300w, https:\/\/franciscanos.org.br\/noticias\/wp-content\/uploads\/2025\/10\/ORDENACAO-26-100x100.jpg 100w\" sizes=\"(max-width: 300px) 100vw, 300px\" \/><\/a>\n\t\t\t<\/dt><\/dl><dl class='gallery-item'>\n\t\t\t<dt class='gallery-icon portrait'>\n\t\t\t\t<a href='https:\/\/franciscanos.org.br\/noticias\/wp-content\/uploads\/2025\/10\/ORDENACAO-27.jpg'><img width=\"300\" height=\"300\" src=\"https:\/\/franciscanos.org.br\/noticias\/wp-content\/uploads\/2025\/10\/ORDENACAO-27-300x300.jpg\" class=\"attachment-thumbnail size-thumbnail\" alt=\"\" loading=\"lazy\" srcset=\"https:\/\/franciscanos.org.br\/noticias\/wp-content\/uploads\/2025\/10\/ORDENACAO-27-300x300.jpg 300w, https:\/\/franciscanos.org.br\/noticias\/wp-content\/uploads\/2025\/10\/ORDENACAO-27-100x100.jpg 100w\" sizes=\"(max-width: 300px) 100vw, 300px\" \/><\/a>\n\t\t\t<\/dt><\/dl><br style=\"clear: both\" \/>\n\t\t<\/div>\n\n<p>A apresenta\u00e7\u00e3o das ofertas tamb\u00e9m teve forte carga simb\u00f3lica: a patena e o c\u00e1lice foram trazidos ao altar por Val\u00e9ria Tanure e por Jacyl, catequista do ordenando, presen\u00e7a que destacou la\u00e7os comunit\u00e1rios. Em seguida, Dom Andherson entregou ao novo presb\u00edtero o c\u00e1lice e a patena, sinais de sua nova responsabilidade de presidir a Eucaristia em nome do povo: \u201cToma consci\u00eancia do que vais fazer\u201d, disse.<\/p>\n\n\t\t<style type=\"text\/css\">\n\t\t\t#gallery-4 {\n\t\t\t\tmargin: auto;\n\t\t\t}\n\t\t\t#gallery-4 .gallery-item {\n\t\t\t\tfloat: left;\n\t\t\t\tmargin-top: 10px;\n\t\t\t\ttext-align: center;\n\t\t\t\twidth: 25%;\n\t\t\t}\n\t\t\t#gallery-4 img {\n\t\t\t\tborder: 2px solid #cfcfcf;\n\t\t\t}\n\t\t\t#gallery-4 .gallery-caption {\n\t\t\t\tmargin-left: 0;\n\t\t\t}\n\t\t\t\/* see gallery_shortcode() in wp-includes\/media.php *\/\n\t\t<\/style>\n\t\t<div id='gallery-4' class='gallery galleryid-261181 gallery-columns-4 gallery-size-thumbnail'><dl class='gallery-item'>\n\t\t\t<dt class='gallery-icon portrait'>\n\t\t\t\t<a href='https:\/\/franciscanos.org.br\/noticias\/completai-em-mim-a-obra-comecada-frei-felipe-medeiros-carretta-e-ordenado-presbitero-em-vila-velha.html\/ordenacao-13-6'><img width=\"300\" height=\"300\" src=\"https:\/\/franciscanos.org.br\/noticias\/wp-content\/uploads\/2025\/10\/ORDENACAO-13-300x300.jpg\" class=\"attachment-thumbnail size-thumbnail\" alt=\"\" loading=\"lazy\" srcset=\"https:\/\/franciscanos.org.br\/noticias\/wp-content\/uploads\/2025\/10\/ORDENACAO-13-300x300.jpg 300w, https:\/\/franciscanos.org.br\/noticias\/wp-content\/uploads\/2025\/10\/ORDENACAO-13-100x100.jpg 100w\" sizes=\"(max-width: 300px) 100vw, 300px\" \/><\/a>\n\t\t\t<\/dt><\/dl><dl class='gallery-item'>\n\t\t\t<dt class='gallery-icon portrait'>\n\t\t\t\t<a href='https:\/\/franciscanos.org.br\/noticias\/completai-em-mim-a-obra-comecada-frei-felipe-medeiros-carretta-e-ordenado-presbitero-em-vila-velha.html\/ordenacao-15-6'><img width=\"300\" height=\"300\" src=\"https:\/\/franciscanos.org.br\/noticias\/wp-content\/uploads\/2025\/10\/ORDENACAO-15-300x300.jpg\" class=\"attachment-thumbnail size-thumbnail\" alt=\"\" loading=\"lazy\" srcset=\"https:\/\/franciscanos.org.br\/noticias\/wp-content\/uploads\/2025\/10\/ORDENACAO-15-300x300.jpg 300w, https:\/\/franciscanos.org.br\/noticias\/wp-content\/uploads\/2025\/10\/ORDENACAO-15-100x100.jpg 100w\" sizes=\"(max-width: 300px) 100vw, 300px\" \/><\/a>\n\t\t\t<\/dt><\/dl><dl class='gallery-item'>\n\t\t\t<dt class='gallery-icon portrait'>\n\t\t\t\t<a href='https:\/\/franciscanos.org.br\/noticias\/completai-em-mim-a-obra-comecada-frei-felipe-medeiros-carretta-e-ordenado-presbitero-em-vila-velha.html\/ordenacao-14-6'><img width=\"300\" height=\"300\" src=\"https:\/\/franciscanos.org.br\/noticias\/wp-content\/uploads\/2025\/10\/ORDENACAO-14-300x300.jpg\" class=\"attachment-thumbnail size-thumbnail\" alt=\"\" loading=\"lazy\" srcset=\"https:\/\/franciscanos.org.br\/noticias\/wp-content\/uploads\/2025\/10\/ORDENACAO-14-300x300.jpg 300w, https:\/\/franciscanos.org.br\/noticias\/wp-content\/uploads\/2025\/10\/ORDENACAO-14-100x100.jpg 100w\" sizes=\"(max-width: 300px) 100vw, 300px\" \/><\/a>\n\t\t\t<\/dt><\/dl><dl class='gallery-item'>\n\t\t\t<dt class='gallery-icon landscape'>\n\t\t\t\t<a href='https:\/\/franciscanos.org.br\/noticias\/completai-em-mim-a-obra-comecada-frei-felipe-medeiros-carretta-e-ordenado-presbitero-em-vila-velha.html\/ordenacao-16-6'><img width=\"300\" height=\"300\" src=\"https:\/\/franciscanos.org.br\/noticias\/wp-content\/uploads\/2025\/10\/ORDENACAO-16-300x300.jpg\" class=\"attachment-thumbnail size-thumbnail\" alt=\"\" loading=\"lazy\" srcset=\"https:\/\/franciscanos.org.br\/noticias\/wp-content\/uploads\/2025\/10\/ORDENACAO-16-300x300.jpg 300w, https:\/\/franciscanos.org.br\/noticias\/wp-content\/uploads\/2025\/10\/ORDENACAO-16-100x100.jpg 100w\" sizes=\"(max-width: 300px) 100vw, 300px\" \/><\/a>\n\t\t\t<\/dt><\/dl><br style=\"clear: both\" \/>\n\t\t<\/div>\n\n<p>&nbsp;<\/p>\n<h3><strong>A gratid\u00e3o franciscana<\/strong><\/h3>\n<p>Ap\u00f3s a comunh\u00e3o, Frei Paulo Roberto dirigiu-se \u00e0 assembleia para expressar, em nome da Prov\u00edncia, a gratid\u00e3o pela voca\u00e7\u00e3o de Frei Felipe. Inspirando-se da exorta\u00e7\u00e3o apost\u00f3lica\u00a0<em>\u201cEu Te Amei\u201d<\/em>, recentemente publicada pelo Papa Le\u00e3o XIV, afirmou: \u201cO minist\u00e9rio franciscano, como Dom Andherson lembrou, tem como ess\u00eancia amar os pobres. Felipe, \u00e9 isso: amar, amar os pobres. Que voc\u00ea seja o amor vivo do Senhor pelos pobres\u201d.<\/p>\n<p>Frei Paulo tamb\u00e9m recordou o momento em que o jovem frade decidiu pela voca\u00e7\u00e3o ministerial durante a ordena\u00e7\u00e3o de Frei Vanderlei Grassi, em 2012: \u201cFoi ali que ele disse: \u2018Eu quero\u2019. Que esta celebra\u00e7\u00e3o hoje tamb\u00e9m desperte novas voca\u00e7\u00f5es para o Reino de Deus\u201d, pediu.<\/p>\n<p><img loading=\"lazy\" class=\"aligncenter wp-image-261199 size-full\" src=\"https:\/\/franciscanos.org.br\/noticias\/wp-content\/uploads\/2025\/10\/materia14.jpg\" alt=\"\" width=\"1280\" height=\"720\" srcset=\"https:\/\/franciscanos.org.br\/noticias\/wp-content\/uploads\/2025\/10\/materia14.jpg 1280w, https:\/\/franciscanos.org.br\/noticias\/wp-content\/uploads\/2025\/10\/materia14-450x253.jpg 450w, https:\/\/franciscanos.org.br\/noticias\/wp-content\/uploads\/2025\/10\/materia14-1024x576.jpg 1024w, https:\/\/franciscanos.org.br\/noticias\/wp-content\/uploads\/2025\/10\/materia14-768x432.jpg 768w, https:\/\/franciscanos.org.br\/noticias\/wp-content\/uploads\/2025\/10\/materia14-150x84.jpg 150w\" sizes=\"(max-width: 1280px) 100vw, 1280px\" \/><\/p>\n<h3><strong>\u201cA obra quem completa \u00e9 Ele\u201d<\/strong><\/h3>\n<p>Por fim, j\u00e1 como presb\u00edtero,\u00a0Frei Felipe Medeiros Carretta\u00a0tomou a palavra. Em tom sereno e emocionado, iniciou com o vers\u00edculo que guiou toda a celebra\u00e7\u00e3o: \u201c\u2019Completai em mim a obra come\u00e7ada\u2019. Este vers\u00edculo revela a minha depend\u00eancia total de Nosso Senhor. A obra quem completa \u00e9 Ele; o m\u00e9rito \u00e9 d\u2019Ele. N\u00f3s somos apenas instrumentos em suas m\u00e3os\u201d.<\/p>\n<p>Em seguida, expressou sua gratid\u00e3o: \u201cElevo o meu cora\u00e7\u00e3o em gratid\u00e3o a Deus, que olhou para a minha pequenez e me chamou para segui-Lo mais de perto, configurando-me hoje a Seu Filho Jesus Cristo, Sumo e Eterno Sacerdote. Toda a honra e gl\u00f3ria pertencem a Ele\u201d.<\/p>\n<p><img loading=\"lazy\" class=\"aligncenter wp-image-261202 size-full\" src=\"https:\/\/franciscanos.org.br\/noticias\/wp-content\/uploads\/2025\/10\/materia-7-2.jpg\" alt=\"\" width=\"1280\" height=\"720\" srcset=\"https:\/\/franciscanos.org.br\/noticias\/wp-content\/uploads\/2025\/10\/materia-7-2.jpg 1280w, https:\/\/franciscanos.org.br\/noticias\/wp-content\/uploads\/2025\/10\/materia-7-2-450x253.jpg 450w, https:\/\/franciscanos.org.br\/noticias\/wp-content\/uploads\/2025\/10\/materia-7-2-1024x576.jpg 1024w, https:\/\/franciscanos.org.br\/noticias\/wp-content\/uploads\/2025\/10\/materia-7-2-768x432.jpg 768w, https:\/\/franciscanos.org.br\/noticias\/wp-content\/uploads\/2025\/10\/materia-7-2-150x84.jpg 150w\" sizes=\"(max-width: 1280px) 100vw, 1280px\" \/><\/p>\n<p>Frei Felipe agradeceu ao bispo ordenante, \u00e0 Igreja, \u00e0 Prov\u00edncia Franciscana da Imaculada Concei\u00e7\u00e3o e aos irm\u00e3os de caminhada. Mencionou com especial carinho o Ministro Provincial, dizendo: \u201cFrei Paulo, quero agradecer ao senhor por ter me chamado, por ter acreditado em mim e me ajudado a compreender o valor do servi\u00e7o simples, alegre e fiel\u201d.<\/p>\n<p>\u201cE para finalizar, n\u00e3o posso deixar de agradecer e mencionar a materna intercess\u00e3o da Virgem das Alegrias, a Senhora da Penha. Cuja imagem fiz quest\u00e3o de ter em nosso meio. Ela que foi minha companheira di\u00e1ria de tantas ora\u00e7\u00f5es e pedidos. Ela que nunca me abandonou nas minhas ang\u00fastias e alegrias. Gratid\u00e3o M\u00e3e da Penha por se fazer presente em todos os momentos de minha vida e caminhada vocacional. \u00c9 uma gra\u00e7a participar do n\u00famero dos filhos da M\u00e3e da Penha\u201d, disse.<\/p>\n<p>E, consagrando todo o seu minist\u00e9rio presbiteral, confiou na materna intercess\u00e3o da Virgem das Alegrias, ofertando rosas para a mais bela flor do jardim de Deus, enquanto isso, o Coral dos Canarinhos entoou mais uma vez o Hino \u201cVirgem da Penha\u201d.<\/p>\n<p>A celebra\u00e7\u00e3o terminou com o envio e a b\u00ean\u00e7\u00e3o final. A nova etapa do minist\u00e9rio de Frei Felipe come\u00e7a, assim, sob o signo da confian\u00e7a e da entrega:\u00a0\u201cA obra \u00e9 de Deus e Ele mesmo h\u00e1 de complet\u00e1-la\u201d.<\/p>\n<p><img loading=\"lazy\" class=\"aligncenter wp-image-261201 size-full\" src=\"https:\/\/franciscanos.org.br\/noticias\/wp-content\/uploads\/2025\/10\/materia-12-2.jpg\" alt=\"\" width=\"1280\" height=\"720\" srcset=\"https:\/\/franciscanos.org.br\/noticias\/wp-content\/uploads\/2025\/10\/materia-12-2.jpg 1280w, https:\/\/franciscanos.org.br\/noticias\/wp-content\/uploads\/2025\/10\/materia-12-2-450x253.jpg 450w, https:\/\/franciscanos.org.br\/noticias\/wp-content\/uploads\/2025\/10\/materia-12-2-1024x576.jpg 1024w, https:\/\/franciscanos.org.br\/noticias\/wp-content\/uploads\/2025\/10\/materia-12-2-768x432.jpg 768w, https:\/\/franciscanos.org.br\/noticias\/wp-content\/uploads\/2025\/10\/materia-12-2-150x84.jpg 150w\" sizes=\"(max-width: 1280px) 100vw, 1280px\" \/><\/p>\n<hr \/>\n<p><em>Frei Augusto Luiz Gabriel\/ Fotos: William Pereira Ramos e Cristian\u00a0Oliveira<\/em><\/p>\n<p>&nbsp;<\/p>\n\n\t\t<style type=\"text\/css\">\n\t\t\t#gallery-5 {\n\t\t\t\tmargin: auto;\n\t\t\t}\n\t\t\t#gallery-5 .gallery-item {\n\t\t\t\tfloat: left;\n\t\t\t\tmargin-top: 10px;\n\t\t\t\ttext-align: center;\n\t\t\t\twidth: 25%;\n\t\t\t}\n\t\t\t#gallery-5 img {\n\t\t\t\tborder: 2px solid #cfcfcf;\n\t\t\t}\n\t\t\t#gallery-5 .gallery-caption {\n\t\t\t\tmargin-left: 0;\n\t\t\t}\n\t\t\t\/* see gallery_shortcode() in wp-includes\/media.php *\/\n\t\t<\/style>\n\t\t<div id='gallery-5' class='gallery galleryid-261181 gallery-columns-4 gallery-size-thumbnail'><dl class='gallery-item'>\n\t\t\t<dt class='gallery-icon landscape'>\n\t\t\t\t<a href='https:\/\/franciscanos.org.br\/noticias\/wp-content\/uploads\/2025\/10\/IMG_0898-scaled.jpg'><img width=\"300\" height=\"300\" src=\"https:\/\/franciscanos.org.br\/noticias\/wp-content\/uploads\/2025\/10\/IMG_0898-300x300.jpg\" class=\"attachment-thumbnail size-thumbnail\" alt=\"\" loading=\"lazy\" srcset=\"https:\/\/franciscanos.org.br\/noticias\/wp-content\/uploads\/2025\/10\/IMG_0898-300x300.jpg 300w, https:\/\/franciscanos.org.br\/noticias\/wp-content\/uploads\/2025\/10\/IMG_0898-100x100.jpg 100w\" sizes=\"(max-width: 300px) 100vw, 300px\" \/><\/a>\n\t\t\t<\/dt><\/dl><dl class='gallery-item'>\n\t\t\t<dt class='gallery-icon portrait'>\n\t\t\t\t<a href='https:\/\/franciscanos.org.br\/noticias\/wp-content\/uploads\/2025\/10\/COMUNHAO2IMG_9555-scaled.jpg'><img width=\"300\" height=\"300\" src=\"https:\/\/franciscanos.org.br\/noticias\/wp-content\/uploads\/2025\/10\/COMUNHAO2IMG_9555-300x300.jpg\" class=\"attachment-thumbnail size-thumbnail\" alt=\"\" loading=\"lazy\" srcset=\"https:\/\/franciscanos.org.br\/noticias\/wp-content\/uploads\/2025\/10\/COMUNHAO2IMG_9555-300x300.jpg 300w, https:\/\/franciscanos.org.br\/noticias\/wp-content\/uploads\/2025\/10\/COMUNHAO2IMG_9555-100x100.jpg 100w\" sizes=\"(max-width: 300px) 100vw, 300px\" \/><\/a>\n\t\t\t<\/dt><\/dl><dl class='gallery-item'>\n\t\t\t<dt class='gallery-icon portrait'>\n\t\t\t\t<a href='https:\/\/franciscanos.org.br\/noticias\/wp-content\/uploads\/2025\/10\/CONSAGRACAOIMG_9464-scaled.jpg'><img width=\"300\" height=\"300\" src=\"https:\/\/franciscanos.org.br\/noticias\/wp-content\/uploads\/2025\/10\/CONSAGRACAOIMG_9464-300x300.jpg\" class=\"attachment-thumbnail size-thumbnail\" alt=\"\" loading=\"lazy\" srcset=\"https:\/\/franciscanos.org.br\/noticias\/wp-content\/uploads\/2025\/10\/CONSAGRACAOIMG_9464-300x300.jpg 300w, https:\/\/franciscanos.org.br\/noticias\/wp-content\/uploads\/2025\/10\/CONSAGRACAOIMG_9464-100x100.jpg 100w\" sizes=\"(max-width: 300px) 100vw, 300px\" \/><\/a>\n\t\t\t<\/dt><\/dl><dl class='gallery-item'>\n\t\t\t<dt class='gallery-icon portrait'>\n\t\t\t\t<a href='https:\/\/franciscanos.org.br\/noticias\/wp-content\/uploads\/2025\/10\/CONSAGRACAOMARIA1IMG_9653-scaled.jpg'><img width=\"300\" height=\"300\" src=\"https:\/\/franciscanos.org.br\/noticias\/wp-content\/uploads\/2025\/10\/CONSAGRACAOMARIA1IMG_9653-300x300.jpg\" class=\"attachment-thumbnail size-thumbnail\" alt=\"\" loading=\"lazy\" srcset=\"https:\/\/franciscanos.org.br\/noticias\/wp-content\/uploads\/2025\/10\/CONSAGRACAOMARIA1IMG_9653-300x300.jpg 300w, https:\/\/franciscanos.org.br\/noticias\/wp-content\/uploads\/2025\/10\/CONSAGRACAOMARIA1IMG_9653-100x100.jpg 100w\" sizes=\"(max-width: 300px) 100vw, 300px\" \/><\/a>\n\t\t\t<\/dt><\/dl><br style=\"clear: both\" \/><dl class='gallery-item'>\n\t\t\t<dt class='gallery-icon portrait'>\n\t\t\t\t<a href='https:\/\/franciscanos.org.br\/noticias\/wp-content\/uploads\/2025\/10\/CONSAGRACAOMARIA2IMG_9618-scaled.jpg'><img width=\"300\" height=\"300\" src=\"https:\/\/franciscanos.org.br\/noticias\/wp-content\/uploads\/2025\/10\/CONSAGRACAOMARIA2IMG_9618-300x300.jpg\" class=\"attachment-thumbnail size-thumbnail\" alt=\"\" loading=\"lazy\" srcset=\"https:\/\/franciscanos.org.br\/noticias\/wp-content\/uploads\/2025\/10\/CONSAGRACAOMARIA2IMG_9618-300x300.jpg 300w, https:\/\/franciscanos.org.br\/noticias\/wp-content\/uploads\/2025\/10\/CONSAGRACAOMARIA2IMG_9618-100x100.jpg 100w\" sizes=\"(max-width: 300px) 100vw, 300px\" \/><\/a>\n\t\t\t<\/dt><\/dl><dl class='gallery-item'>\n\t\t\t<dt class='gallery-icon portrait'>\n\t\t\t\t<a href='https:\/\/franciscanos.org.br\/noticias\/wp-content\/uploads\/2025\/10\/CONSAGRACAOIMG_9464-1-scaled.jpg'><img width=\"300\" height=\"300\" src=\"https:\/\/franciscanos.org.br\/noticias\/wp-content\/uploads\/2025\/10\/CONSAGRACAOIMG_9464-1-300x300.jpg\" class=\"attachment-thumbnail size-thumbnail\" alt=\"\" loading=\"lazy\" srcset=\"https:\/\/franciscanos.org.br\/noticias\/wp-content\/uploads\/2025\/10\/CONSAGRACAOIMG_9464-1-300x300.jpg 300w, https:\/\/franciscanos.org.br\/noticias\/wp-content\/uploads\/2025\/10\/CONSAGRACAOIMG_9464-1-100x100.jpg 100w\" sizes=\"(max-width: 300px) 100vw, 300px\" \/><\/a>\n\t\t\t<\/dt><\/dl><dl class='gallery-item'>\n\t\t\t<dt class='gallery-icon portrait'>\n\t\t\t\t<a href='https:\/\/franciscanos.org.br\/noticias\/wp-content\/uploads\/2025\/10\/COMUNHAO2IMG_9555-1-scaled.jpg'><img width=\"300\" height=\"300\" src=\"https:\/\/franciscanos.org.br\/noticias\/wp-content\/uploads\/2025\/10\/COMUNHAO2IMG_9555-1-300x300.jpg\" class=\"attachment-thumbnail size-thumbnail\" alt=\"\" loading=\"lazy\" srcset=\"https:\/\/franciscanos.org.br\/noticias\/wp-content\/uploads\/2025\/10\/COMUNHAO2IMG_9555-1-300x300.jpg 300w, https:\/\/franciscanos.org.br\/noticias\/wp-content\/uploads\/2025\/10\/COMUNHAO2IMG_9555-1-100x100.jpg 100w\" sizes=\"(max-width: 300px) 100vw, 300px\" \/><\/a>\n\t\t\t<\/dt><\/dl><dl class='gallery-item'>\n\t\t\t<dt class='gallery-icon portrait'>\n\t\t\t\t<a href='https:\/\/franciscanos.org.br\/noticias\/wp-content\/uploads\/2025\/10\/FAMILIAIMG_9679-scaled.jpg'><img width=\"300\" height=\"300\" src=\"https:\/\/franciscanos.org.br\/noticias\/wp-content\/uploads\/2025\/10\/FAMILIAIMG_9679-300x300.jpg\" class=\"attachment-thumbnail size-thumbnail\" alt=\"\" loading=\"lazy\" srcset=\"https:\/\/franciscanos.org.br\/noticias\/wp-content\/uploads\/2025\/10\/FAMILIAIMG_9679-300x300.jpg 300w, https:\/\/franciscanos.org.br\/noticias\/wp-content\/uploads\/2025\/10\/FAMILIAIMG_9679-100x100.jpg 100w\" sizes=\"(max-width: 300px) 100vw, 300px\" \/><\/a>\n\t\t\t<\/dt><\/dl><br style=\"clear: both\" \/><dl class='gallery-item'>\n\t\t\t<dt class='gallery-icon landscape'>\n\t\t\t\t<a href='https:\/\/franciscanos.org.br\/noticias\/wp-content\/uploads\/2025\/10\/FAMILIAIMG_9677-scaled.jpg'><img width=\"300\" height=\"300\" src=\"https:\/\/franciscanos.org.br\/noticias\/wp-content\/uploads\/2025\/10\/FAMILIAIMG_9677-300x300.jpg\" class=\"attachment-thumbnail size-thumbnail\" alt=\"\" loading=\"lazy\" srcset=\"https:\/\/franciscanos.org.br\/noticias\/wp-content\/uploads\/2025\/10\/FAMILIAIMG_9677-300x300.jpg 300w, https:\/\/franciscanos.org.br\/noticias\/wp-content\/uploads\/2025\/10\/FAMILIAIMG_9677-100x100.jpg 100w\" sizes=\"(max-width: 300px) 100vw, 300px\" \/><\/a>\n\t\t\t<\/dt><\/dl><dl class='gallery-item'>\n\t\t\t<dt class='gallery-icon portrait'>\n\t\t\t\t<a href='https:\/\/franciscanos.org.br\/noticias\/wp-content\/uploads\/2025\/10\/ORDENACAO-50.jpg'><img width=\"300\" height=\"300\" src=\"https:\/\/franciscanos.org.br\/noticias\/wp-content\/uploads\/2025\/10\/ORDENACAO-50-300x300.jpg\" class=\"attachment-thumbnail size-thumbnail\" alt=\"\" loading=\"lazy\" srcset=\"https:\/\/franciscanos.org.br\/noticias\/wp-content\/uploads\/2025\/10\/ORDENACAO-50-300x300.jpg 300w, https:\/\/franciscanos.org.br\/noticias\/wp-content\/uploads\/2025\/10\/ORDENACAO-50-100x100.jpg 100w\" sizes=\"(max-width: 300px) 100vw, 300px\" \/><\/a>\n\t\t\t<\/dt><\/dl><dl class='gallery-item'>\n\t\t\t<dt class='gallery-icon landscape'>\n\t\t\t\t<a href='https:\/\/franciscanos.org.br\/noticias\/wp-content\/uploads\/2025\/10\/ORDENACAO-51.jpg'><img width=\"300\" height=\"300\" src=\"https:\/\/franciscanos.org.br\/noticias\/wp-content\/uploads\/2025\/10\/ORDENACAO-51-300x300.jpg\" class=\"attachment-thumbnail size-thumbnail\" alt=\"\" loading=\"lazy\" srcset=\"https:\/\/franciscanos.org.br\/noticias\/wp-content\/uploads\/2025\/10\/ORDENACAO-51-300x300.jpg 300w, https:\/\/franciscanos.org.br\/noticias\/wp-content\/uploads\/2025\/10\/ORDENACAO-51-100x100.jpg 100w\" sizes=\"(max-width: 300px) 100vw, 300px\" \/><\/a>\n\t\t\t<\/dt><\/dl><dl class='gallery-item'>\n\t\t\t<dt class='gallery-icon landscape'>\n\t\t\t\t<a href='https:\/\/franciscanos.org.br\/noticias\/wp-content\/uploads\/2025\/10\/ORDENACAO-52.jpg'><img width=\"300\" height=\"300\" src=\"https:\/\/franciscanos.org.br\/noticias\/wp-content\/uploads\/2025\/10\/ORDENACAO-52-300x300.jpg\" class=\"attachment-thumbnail size-thumbnail\" alt=\"\" loading=\"lazy\" srcset=\"https:\/\/franciscanos.org.br\/noticias\/wp-content\/uploads\/2025\/10\/ORDENACAO-52-300x300.jpg 300w, https:\/\/franciscanos.org.br\/noticias\/wp-content\/uploads\/2025\/10\/ORDENACAO-52-100x100.jpg 100w\" sizes=\"(max-width: 300px) 100vw, 300px\" \/><\/a>\n\t\t\t<\/dt><\/dl><br style=\"clear: both\" \/><dl class='gallery-item'>\n\t\t\t<dt class='gallery-icon landscape'>\n\t\t\t\t<a href='https:\/\/franciscanos.org.br\/noticias\/wp-content\/uploads\/2025\/10\/ORDENACAO-53.jpg'><img width=\"300\" height=\"300\" src=\"https:\/\/franciscanos.org.br\/noticias\/wp-content\/uploads\/2025\/10\/ORDENACAO-53-300x300.jpg\" class=\"attachment-thumbnail size-thumbnail\" alt=\"\" loading=\"lazy\" srcset=\"https:\/\/franciscanos.org.br\/noticias\/wp-content\/uploads\/2025\/10\/ORDENACAO-53-300x300.jpg 300w, https:\/\/franciscanos.org.br\/noticias\/wp-content\/uploads\/2025\/10\/ORDENACAO-53-100x100.jpg 100w\" sizes=\"(max-width: 300px) 100vw, 300px\" \/><\/a>\n\t\t\t<\/dt><\/dl><dl class='gallery-item'>\n\t\t\t<dt class='gallery-icon landscape'>\n\t\t\t\t<a href='https:\/\/franciscanos.org.br\/noticias\/wp-content\/uploads\/2025\/10\/ORDENACAO-54.jpg'><img width=\"300\" height=\"300\" src=\"https:\/\/franciscanos.org.br\/noticias\/wp-content\/uploads\/2025\/10\/ORDENACAO-54-300x300.jpg\" class=\"attachment-thumbnail size-thumbnail\" alt=\"\" loading=\"lazy\" srcset=\"https:\/\/franciscanos.org.br\/noticias\/wp-content\/uploads\/2025\/10\/ORDENACAO-54-300x300.jpg 300w, https:\/\/franciscanos.org.br\/noticias\/wp-content\/uploads\/2025\/10\/ORDENACAO-54-100x100.jpg 100w\" sizes=\"(max-width: 300px) 100vw, 300px\" \/><\/a>\n\t\t\t<\/dt><\/dl><dl class='gallery-item'>\n\t\t\t<dt class='gallery-icon landscape'>\n\t\t\t\t<a href='https:\/\/franciscanos.org.br\/noticias\/wp-content\/uploads\/2025\/10\/ORDENACAO-55.jpg'><img width=\"300\" height=\"300\" src=\"https:\/\/franciscanos.org.br\/noticias\/wp-content\/uploads\/2025\/10\/ORDENACAO-55-300x300.jpg\" class=\"attachment-thumbnail size-thumbnail\" alt=\"\" loading=\"lazy\" srcset=\"https:\/\/franciscanos.org.br\/noticias\/wp-content\/uploads\/2025\/10\/ORDENACAO-55-300x300.jpg 300w, https:\/\/franciscanos.org.br\/noticias\/wp-content\/uploads\/2025\/10\/ORDENACAO-55-100x100.jpg 100w\" sizes=\"(max-width: 300px) 100vw, 300px\" \/><\/a>\n\t\t\t<\/dt><\/dl><dl class='gallery-item'>\n\t\t\t<dt class='gallery-icon landscape'>\n\t\t\t\t<a href='https:\/\/franciscanos.org.br\/noticias\/wp-content\/uploads\/2025\/10\/ORDENACAO-56.jpg'><img width=\"300\" height=\"300\" src=\"https:\/\/franciscanos.org.br\/noticias\/wp-content\/uploads\/2025\/10\/ORDENACAO-56-300x300.jpg\" class=\"attachment-thumbnail size-thumbnail\" alt=\"\" loading=\"lazy\" srcset=\"https:\/\/franciscanos.org.br\/noticias\/wp-content\/uploads\/2025\/10\/ORDENACAO-56-300x300.jpg 300w, https:\/\/franciscanos.org.br\/noticias\/wp-content\/uploads\/2025\/10\/ORDENACAO-56-100x100.jpg 100w\" sizes=\"(max-width: 300px) 100vw, 300px\" \/><\/a>\n\t\t\t<\/dt><\/dl><br style=\"clear: both\" \/><dl class='gallery-item'>\n\t\t\t<dt class='gallery-icon landscape'>\n\t\t\t\t<a href='https:\/\/franciscanos.org.br\/noticias\/wp-content\/uploads\/2025\/10\/ORDENACAO-57.jpg'><img width=\"300\" height=\"300\" src=\"https:\/\/franciscanos.org.br\/noticias\/wp-content\/uploads\/2025\/10\/ORDENACAO-57-300x300.jpg\" class=\"attachment-thumbnail size-thumbnail\" alt=\"\" loading=\"lazy\" srcset=\"https:\/\/franciscanos.org.br\/noticias\/wp-content\/uploads\/2025\/10\/ORDENACAO-57-300x300.jpg 300w, https:\/\/franciscanos.org.br\/noticias\/wp-content\/uploads\/2025\/10\/ORDENACAO-57-100x100.jpg 100w\" sizes=\"(max-width: 300px) 100vw, 300px\" \/><\/a>\n\t\t\t<\/dt><\/dl><dl class='gallery-item'>\n\t\t\t<dt class='gallery-icon landscape'>\n\t\t\t\t<a href='https:\/\/franciscanos.org.br\/noticias\/wp-content\/uploads\/2025\/10\/ORDENACAO-58.jpg'><img width=\"300\" height=\"300\" src=\"https:\/\/franciscanos.org.br\/noticias\/wp-content\/uploads\/2025\/10\/ORDENACAO-58-300x300.jpg\" class=\"attachment-thumbnail size-thumbnail\" alt=\"\" loading=\"lazy\" srcset=\"https:\/\/franciscanos.org.br\/noticias\/wp-content\/uploads\/2025\/10\/ORDENACAO-58-300x300.jpg 300w, https:\/\/franciscanos.org.br\/noticias\/wp-content\/uploads\/2025\/10\/ORDENACAO-58-100x100.jpg 100w\" sizes=\"(max-width: 300px) 100vw, 300px\" \/><\/a>\n\t\t\t<\/dt><\/dl><dl class='gallery-item'>\n\t\t\t<dt class='gallery-icon landscape'>\n\t\t\t\t<a href='https:\/\/franciscanos.org.br\/noticias\/wp-content\/uploads\/2025\/10\/ORDENACAO-62.jpg'><img width=\"300\" height=\"300\" src=\"https:\/\/franciscanos.org.br\/noticias\/wp-content\/uploads\/2025\/10\/ORDENACAO-62-300x300.jpg\" class=\"attachment-thumbnail size-thumbnail\" alt=\"\" loading=\"lazy\" srcset=\"https:\/\/franciscanos.org.br\/noticias\/wp-content\/uploads\/2025\/10\/ORDENACAO-62-300x300.jpg 300w, https:\/\/franciscanos.org.br\/noticias\/wp-content\/uploads\/2025\/10\/ORDENACAO-62-100x100.jpg 100w\" sizes=\"(max-width: 300px) 100vw, 300px\" \/><\/a>\n\t\t\t<\/dt><\/dl><dl class='gallery-item'>\n\t\t\t<dt class='gallery-icon landscape'>\n\t\t\t\t<a href='https:\/\/franciscanos.org.br\/noticias\/wp-content\/uploads\/2025\/10\/ORDENACAO-63.jpg'><img width=\"300\" height=\"300\" src=\"https:\/\/franciscanos.org.br\/noticias\/wp-content\/uploads\/2025\/10\/ORDENACAO-63-300x300.jpg\" class=\"attachment-thumbnail size-thumbnail\" alt=\"\" loading=\"lazy\" srcset=\"https:\/\/franciscanos.org.br\/noticias\/wp-content\/uploads\/2025\/10\/ORDENACAO-63-300x300.jpg 300w, https:\/\/franciscanos.org.br\/noticias\/wp-content\/uploads\/2025\/10\/ORDENACAO-63-100x100.jpg 100w\" sizes=\"(max-width: 300px) 100vw, 300px\" \/><\/a>\n\t\t\t<\/dt><\/dl><br style=\"clear: both\" \/><dl class='gallery-item'>\n\t\t\t<dt class='gallery-icon landscape'>\n\t\t\t\t<a href='https:\/\/franciscanos.org.br\/noticias\/wp-content\/uploads\/2025\/10\/ORDENACAO-69.jpg'><img width=\"300\" height=\"300\" src=\"https:\/\/franciscanos.org.br\/noticias\/wp-content\/uploads\/2025\/10\/ORDENACAO-69-300x300.jpg\" class=\"attachment-thumbnail size-thumbnail\" alt=\"\" loading=\"lazy\" srcset=\"https:\/\/franciscanos.org.br\/noticias\/wp-content\/uploads\/2025\/10\/ORDENACAO-69-300x300.jpg 300w, https:\/\/franciscanos.org.br\/noticias\/wp-content\/uploads\/2025\/10\/ORDENACAO-69-100x100.jpg 100w\" sizes=\"(max-width: 300px) 100vw, 300px\" \/><\/a>\n\t\t\t<\/dt><\/dl><dl class='gallery-item'>\n\t\t\t<dt class='gallery-icon landscape'>\n\t\t\t\t<a href='https:\/\/franciscanos.org.br\/noticias\/wp-content\/uploads\/2025\/10\/ORDENACAO-70.jpg'><img width=\"300\" height=\"300\" src=\"https:\/\/franciscanos.org.br\/noticias\/wp-content\/uploads\/2025\/10\/ORDENACAO-70-300x300.jpg\" class=\"attachment-thumbnail size-thumbnail\" alt=\"\" loading=\"lazy\" srcset=\"https:\/\/franciscanos.org.br\/noticias\/wp-content\/uploads\/2025\/10\/ORDENACAO-70-300x300.jpg 300w, https:\/\/franciscanos.org.br\/noticias\/wp-content\/uploads\/2025\/10\/ORDENACAO-70-100x100.jpg 100w\" sizes=\"(max-width: 300px) 100vw, 300px\" \/><\/a>\n\t\t\t<\/dt><\/dl><dl class='gallery-item'>\n\t\t\t<dt class='gallery-icon landscape'>\n\t\t\t\t<a href='https:\/\/franciscanos.org.br\/noticias\/wp-content\/uploads\/2025\/10\/ORDENACAO-71.jpg'><img width=\"300\" height=\"300\" src=\"https:\/\/franciscanos.org.br\/noticias\/wp-content\/uploads\/2025\/10\/ORDENACAO-71-300x300.jpg\" class=\"attachment-thumbnail size-thumbnail\" alt=\"\" loading=\"lazy\" srcset=\"https:\/\/franciscanos.org.br\/noticias\/wp-content\/uploads\/2025\/10\/ORDENACAO-71-300x300.jpg 300w, https:\/\/franciscanos.org.br\/noticias\/wp-content\/uploads\/2025\/10\/ORDENACAO-71-100x100.jpg 100w\" sizes=\"(max-width: 300px) 100vw, 300px\" \/><\/a>\n\t\t\t<\/dt><\/dl><dl class='gallery-item'>\n\t\t\t<dt class='gallery-icon landscape'>\n\t\t\t\t<a href='https:\/\/franciscanos.org.br\/noticias\/wp-content\/uploads\/2025\/10\/ORDENACAO-72.jpg'><img width=\"300\" height=\"300\" src=\"https:\/\/franciscanos.org.br\/noticias\/wp-content\/uploads\/2025\/10\/ORDENACAO-72-300x300.jpg\" class=\"attachment-thumbnail size-thumbnail\" alt=\"\" loading=\"lazy\" srcset=\"https:\/\/franciscanos.org.br\/noticias\/wp-content\/uploads\/2025\/10\/ORDENACAO-72-300x300.jpg 300w, https:\/\/franciscanos.org.br\/noticias\/wp-content\/uploads\/2025\/10\/ORDENACAO-72-100x100.jpg 100w\" sizes=\"(max-width: 300px) 100vw, 300px\" \/><\/a>\n\t\t\t<\/dt><\/dl><br style=\"clear: both\" \/><dl class='gallery-item'>\n\t\t\t<dt class='gallery-icon landscape'>\n\t\t\t\t<a href='https:\/\/franciscanos.org.br\/noticias\/wp-content\/uploads\/2025\/10\/ORDENACAO-73.jpg'><img width=\"300\" height=\"300\" src=\"https:\/\/franciscanos.org.br\/noticias\/wp-content\/uploads\/2025\/10\/ORDENACAO-73-300x300.jpg\" class=\"attachment-thumbnail size-thumbnail\" alt=\"\" loading=\"lazy\" srcset=\"https:\/\/franciscanos.org.br\/noticias\/wp-content\/uploads\/2025\/10\/ORDENACAO-73-300x300.jpg 300w, https:\/\/franciscanos.org.br\/noticias\/wp-content\/uploads\/2025\/10\/ORDENACAO-73-100x100.jpg 100w\" sizes=\"(max-width: 300px) 100vw, 300px\" \/><\/a>\n\t\t\t<\/dt><\/dl><dl class='gallery-item'>\n\t\t\t<dt class='gallery-icon landscape'>\n\t\t\t\t<a href='https:\/\/franciscanos.org.br\/noticias\/wp-content\/uploads\/2025\/10\/ORDENACAO-74.jpg'><img width=\"300\" height=\"300\" src=\"https:\/\/franciscanos.org.br\/noticias\/wp-content\/uploads\/2025\/10\/ORDENACAO-74-300x300.jpg\" class=\"attachment-thumbnail size-thumbnail\" alt=\"\" loading=\"lazy\" srcset=\"https:\/\/franciscanos.org.br\/noticias\/wp-content\/uploads\/2025\/10\/ORDENACAO-74-300x300.jpg 300w, https:\/\/franciscanos.org.br\/noticias\/wp-content\/uploads\/2025\/10\/ORDENACAO-74-100x100.jpg 100w\" sizes=\"(max-width: 300px) 100vw, 300px\" \/><\/a>\n\t\t\t<\/dt><\/dl><dl class='gallery-item'>\n\t\t\t<dt class='gallery-icon landscape'>\n\t\t\t\t<a href='https:\/\/franciscanos.org.br\/noticias\/wp-content\/uploads\/2025\/10\/ORDENACAO-75.jpg'><img width=\"300\" height=\"300\" src=\"https:\/\/franciscanos.org.br\/noticias\/wp-content\/uploads\/2025\/10\/ORDENACAO-75-300x300.jpg\" class=\"attachment-thumbnail size-thumbnail\" alt=\"\" loading=\"lazy\" srcset=\"https:\/\/franciscanos.org.br\/noticias\/wp-content\/uploads\/2025\/10\/ORDENACAO-75-300x300.jpg 300w, https:\/\/franciscanos.org.br\/noticias\/wp-content\/uploads\/2025\/10\/ORDENACAO-75-100x100.jpg 100w\" sizes=\"(max-width: 300px) 100vw, 300px\" \/><\/a>\n\t\t\t<\/dt><\/dl><dl class='gallery-item'>\n\t\t\t<dt class='gallery-icon landscape'>\n\t\t\t\t<a href='https:\/\/franciscanos.org.br\/noticias\/wp-content\/uploads\/2025\/10\/ORDENACAO-76.jpg'><img width=\"300\" height=\"300\" src=\"https:\/\/franciscanos.org.br\/noticias\/wp-content\/uploads\/2025\/10\/ORDENACAO-76-300x300.jpg\" class=\"attachment-thumbnail size-thumbnail\" alt=\"\" loading=\"lazy\" srcset=\"https:\/\/franciscanos.org.br\/noticias\/wp-content\/uploads\/2025\/10\/ORDENACAO-76-300x300.jpg 300w, https:\/\/franciscanos.org.br\/noticias\/wp-content\/uploads\/2025\/10\/ORDENACAO-76-100x100.jpg 100w\" sizes=\"(max-width: 300px) 100vw, 300px\" \/><\/a>\n\t\t\t<\/dt><\/dl><br style=\"clear: both\" \/><dl class='gallery-item'>\n\t\t\t<dt class='gallery-icon landscape'>\n\t\t\t\t<a href='https:\/\/franciscanos.org.br\/noticias\/wp-content\/uploads\/2025\/10\/ORDENACAO-77.jpg'><img width=\"300\" height=\"300\" src=\"https:\/\/franciscanos.org.br\/noticias\/wp-content\/uploads\/2025\/10\/ORDENACAO-77-300x300.jpg\" class=\"attachment-thumbnail size-thumbnail\" alt=\"\" loading=\"lazy\" srcset=\"https:\/\/franciscanos.org.br\/noticias\/wp-content\/uploads\/2025\/10\/ORDENACAO-77-300x300.jpg 300w, https:\/\/franciscanos.org.br\/noticias\/wp-content\/uploads\/2025\/10\/ORDENACAO-77-100x100.jpg 100w\" sizes=\"(max-width: 300px) 100vw, 300px\" \/><\/a>\n\t\t\t<\/dt><\/dl><dl class='gallery-item'>\n\t\t\t<dt class='gallery-icon landscape'>\n\t\t\t\t<a href='https:\/\/franciscanos.org.br\/noticias\/wp-content\/uploads\/2025\/10\/ORDENACAO-78.jpg'><img width=\"300\" height=\"300\" src=\"https:\/\/franciscanos.org.br\/noticias\/wp-content\/uploads\/2025\/10\/ORDENACAO-78-300x300.jpg\" class=\"attachment-thumbnail size-thumbnail\" alt=\"\" loading=\"lazy\" srcset=\"https:\/\/franciscanos.org.br\/noticias\/wp-content\/uploads\/2025\/10\/ORDENACAO-78-300x300.jpg 300w, https:\/\/franciscanos.org.br\/noticias\/wp-content\/uploads\/2025\/10\/ORDENACAO-78-100x100.jpg 100w\" sizes=\"(max-width: 300px) 100vw, 300px\" \/><\/a>\n\t\t\t<\/dt><\/dl><dl class='gallery-item'>\n\t\t\t<dt class='gallery-icon landscape'>\n\t\t\t\t<a href='https:\/\/franciscanos.org.br\/noticias\/wp-content\/uploads\/2025\/10\/ORDENACAO-79.jpg'><img width=\"300\" height=\"300\" src=\"https:\/\/franciscanos.org.br\/noticias\/wp-content\/uploads\/2025\/10\/ORDENACAO-79-300x300.jpg\" class=\"attachment-thumbnail size-thumbnail\" alt=\"\" loading=\"lazy\" srcset=\"https:\/\/franciscanos.org.br\/noticias\/wp-content\/uploads\/2025\/10\/ORDENACAO-79-300x300.jpg 300w, https:\/\/franciscanos.org.br\/noticias\/wp-content\/uploads\/2025\/10\/ORDENACAO-79-100x100.jpg 100w\" sizes=\"(max-width: 300px) 100vw, 300px\" \/><\/a>\n\t\t\t<\/dt><\/dl><dl class='gallery-item'>\n\t\t\t<dt class='gallery-icon landscape'>\n\t\t\t\t<a href='https:\/\/franciscanos.org.br\/noticias\/wp-content\/uploads\/2025\/10\/ORDENACAO-80.jpg'><img width=\"300\" height=\"300\" src=\"https:\/\/franciscanos.org.br\/noticias\/wp-content\/uploads\/2025\/10\/ORDENACAO-80-300x300.jpg\" class=\"attachment-thumbnail size-thumbnail\" alt=\"\" loading=\"lazy\" srcset=\"https:\/\/franciscanos.org.br\/noticias\/wp-content\/uploads\/2025\/10\/ORDENACAO-80-300x300.jpg 300w, https:\/\/franciscanos.org.br\/noticias\/wp-content\/uploads\/2025\/10\/ORDENACAO-80-100x100.jpg 100w\" sizes=\"(max-width: 300px) 100vw, 300px\" \/><\/a>\n\t\t\t<\/dt><\/dl><br style=\"clear: both\" \/><dl class='gallery-item'>\n\t\t\t<dt class='gallery-icon landscape'>\n\t\t\t\t<a href='https:\/\/franciscanos.org.br\/noticias\/wp-content\/uploads\/2025\/10\/ORDENACAO-81.jpg'><img width=\"300\" height=\"300\" src=\"https:\/\/franciscanos.org.br\/noticias\/wp-content\/uploads\/2025\/10\/ORDENACAO-81-300x300.jpg\" class=\"attachment-thumbnail size-thumbnail\" alt=\"\" loading=\"lazy\" srcset=\"https:\/\/franciscanos.org.br\/noticias\/wp-content\/uploads\/2025\/10\/ORDENACAO-81-300x300.jpg 300w, https:\/\/franciscanos.org.br\/noticias\/wp-content\/uploads\/2025\/10\/ORDENACAO-81-100x100.jpg 100w\" sizes=\"(max-width: 300px) 100vw, 300px\" \/><\/a>\n\t\t\t<\/dt><\/dl><dl class='gallery-item'>\n\t\t\t<dt class='gallery-icon landscape'>\n\t\t\t\t<a href='https:\/\/franciscanos.org.br\/noticias\/wp-content\/uploads\/2025\/10\/ORDENACAO-82.jpg'><img width=\"300\" height=\"300\" src=\"https:\/\/franciscanos.org.br\/noticias\/wp-content\/uploads\/2025\/10\/ORDENACAO-82-300x300.jpg\" class=\"attachment-thumbnail size-thumbnail\" alt=\"\" loading=\"lazy\" srcset=\"https:\/\/franciscanos.org.br\/noticias\/wp-content\/uploads\/2025\/10\/ORDENACAO-82-300x300.jpg 300w, https:\/\/franciscanos.org.br\/noticias\/wp-content\/uploads\/2025\/10\/ORDENACAO-82-100x100.jpg 100w\" sizes=\"(max-width: 300px) 100vw, 300px\" \/><\/a>\n\t\t\t<\/dt><\/dl><dl class='gallery-item'>\n\t\t\t<dt class='gallery-icon landscape'>\n\t\t\t\t<a href='https:\/\/franciscanos.org.br\/noticias\/wp-content\/uploads\/2025\/10\/ORDENACAO-83.jpg'><img width=\"300\" height=\"300\" src=\"https:\/\/franciscanos.org.br\/noticias\/wp-content\/uploads\/2025\/10\/ORDENACAO-83-300x300.jpg\" class=\"attachment-thumbnail size-thumbnail\" alt=\"\" loading=\"lazy\" srcset=\"https:\/\/franciscanos.org.br\/noticias\/wp-content\/uploads\/2025\/10\/ORDENACAO-83-300x300.jpg 300w, https:\/\/franciscanos.org.br\/noticias\/wp-content\/uploads\/2025\/10\/ORDENACAO-83-100x100.jpg 100w\" sizes=\"(max-width: 300px) 100vw, 300px\" \/><\/a>\n\t\t\t<\/dt><\/dl><dl class='gallery-item'>\n\t\t\t<dt class='gallery-icon landscape'>\n\t\t\t\t<a href='https:\/\/franciscanos.org.br\/noticias\/wp-content\/uploads\/2025\/10\/ORDENACAO-84.jpg'><img width=\"300\" height=\"300\" src=\"https:\/\/franciscanos.org.br\/noticias\/wp-content\/uploads\/2025\/10\/ORDENACAO-84-300x300.jpg\" class=\"attachment-thumbnail size-thumbnail\" alt=\"\" loading=\"lazy\" srcset=\"https:\/\/franciscanos.org.br\/noticias\/wp-content\/uploads\/2025\/10\/ORDENACAO-84-300x300.jpg 300w, https:\/\/franciscanos.org.br\/noticias\/wp-content\/uploads\/2025\/10\/ORDENACAO-84-100x100.jpg 100w\" sizes=\"(max-width: 300px) 100vw, 300px\" \/><\/a>\n\t\t\t<\/dt><\/dl><br style=\"clear: both\" \/>\n\t\t<\/div>\n\n","protected":false},"excerpt":{"rendered":"<p>Ordena\u00e7\u00e3o Presbiteral<\/p>\n","protected":false},"author":11,"featured_media":0,"comment_status":"open","ping_status":"open","sticky":false,"template":"","format":"standard","meta":[],"categories":[1],"tags":[2435,157,2273],"acf":[],"yoast_head":"<!-- This site is optimized with the Yoast SEO plugin v19.2 - https:\/\/yoast.com\/wordpress\/plugins\/seo\/ -->\n<title>\u201cCompletai em mim a obra come\u00e7ada\u201d: Frei Felipe Medeiros Carretta \u00e9 ordenado presb\u00edtero em Vila Velha - Not\u00edcias - Franciscanos<\/title>\n<meta name=\"robots\" content=\"index, follow, max-snippet:-1, max-image-preview:large, max-video-preview:-1\" \/>\n<link rel=\"canonical\" href=\"https:\/\/franciscanos.org.br\/noticias\/completai-em-mim-a-obra-comecada-frei-felipe-medeiros-carretta-e-ordenado-presbitero-em-vila-velha.html\" \/>\n<meta property=\"og:locale\" content=\"pt_BR\" \/>\n<meta property=\"og:type\" content=\"article\" \/>\n<meta property=\"og:title\" content=\"\u201cCompletai em mim a obra come\u00e7ada\u201d: Frei Felipe Medeiros Carretta \u00e9 ordenado presb\u00edtero em Vila Velha - Not\u00edcias - Franciscanos\" \/>\n<meta property=\"og:description\" content=\"Ordena\u00e7\u00e3o Presbiteral\" \/>\n<meta property=\"og:url\" content=\"https:\/\/franciscanos.org.br\/noticias\/completai-em-mim-a-obra-comecada-frei-felipe-medeiros-carretta-e-ordenado-presbitero-em-vila-velha.html\" \/>\n<meta property=\"og:site_name\" content=\"Not\u00edcias - Franciscanos\" \/>\n<meta property=\"article:published_time\" content=\"2025-10-13T18:53:37+00:00\" \/>\n<meta property=\"article:modified_time\" content=\"2025-10-13T18:58:44+00:00\" \/>\n<meta property=\"og:image\" content=\"https:\/\/franciscanos.org.br\/noticias\/wp-content\/uploads\/2025\/10\/ORDENACAO-2-300x300.jpg\" \/>\n<meta name=\"author\" content=\"Adriana Rabelo\" \/>\n<meta name=\"twitter:card\" content=\"summary_large_image\" \/>\n<meta name=\"twitter:label1\" content=\"Escrito por\" \/>\n\t<meta name=\"twitter:data1\" content=\"Adriana Rabelo\" \/>\n\t<meta name=\"twitter:label2\" content=\"Est. tempo de leitura\" \/>\n\t<meta name=\"twitter:data2\" content=\"8 minutos\" \/>\n<script type=\"application\/ld+json\" class=\"yoast-schema-graph\">{\"@context\":\"https:\/\/schema.org\",\"@graph\":[{\"@type\":\"WebSite\",\"@id\":\"https:\/\/franciscanos.org.br\/noticias\/#website\",\"url\":\"https:\/\/franciscanos.org.br\/noticias\/\",\"name\":\"Not\u00edcias - Franciscanos\",\"description\":\"Prov\u00edncia Franciscana da Imaculada Concei\u00e7\u00e3o do Brasil - Ordem dos Frades Menores - OFM\",\"potentialAction\":[{\"@type\":\"SearchAction\",\"target\":{\"@type\":\"EntryPoint\",\"urlTemplate\":\"https:\/\/franciscanos.org.br\/noticias\/?s={search_term_string}\"},\"query-input\":\"required name=search_term_string\"}],\"inLanguage\":\"pt-BR\"},{\"@type\":\"ImageObject\",\"inLanguage\":\"pt-BR\",\"@id\":\"https:\/\/franciscanos.org.br\/noticias\/completai-em-mim-a-obra-comecada-frei-felipe-medeiros-carretta-e-ordenado-presbitero-em-vila-velha.html#primaryimage\",\"url\":\"https:\/\/franciscanos.org.br\/noticias\/wp-content\/uploads\/2025\/10\/materia-11.jpg\",\"contentUrl\":\"https:\/\/franciscanos.org.br\/noticias\/wp-content\/uploads\/2025\/10\/materia-11.jpg\",\"width\":1280,\"height\":720},{\"@type\":\"WebPage\",\"@id\":\"https:\/\/franciscanos.org.br\/noticias\/completai-em-mim-a-obra-comecada-frei-felipe-medeiros-carretta-e-ordenado-presbitero-em-vila-velha.html#webpage\",\"url\":\"https:\/\/franciscanos.org.br\/noticias\/completai-em-mim-a-obra-comecada-frei-felipe-medeiros-carretta-e-ordenado-presbitero-em-vila-velha.html\",\"name\":\"\u201cCompletai em mim a obra come\u00e7ada\u201d: Frei Felipe Medeiros Carretta \u00e9 ordenado presb\u00edtero em Vila Velha - Not\u00edcias - Franciscanos\",\"isPartOf\":{\"@id\":\"https:\/\/franciscanos.org.br\/noticias\/#website\"},\"primaryImageOfPage\":{\"@id\":\"https:\/\/franciscanos.org.br\/noticias\/completai-em-mim-a-obra-comecada-frei-felipe-medeiros-carretta-e-ordenado-presbitero-em-vila-velha.html#primaryimage\"},\"datePublished\":\"2025-10-13T18:53:37+00:00\",\"dateModified\":\"2025-10-13T18:58:44+00:00\",\"author\":{\"@id\":\"https:\/\/franciscanos.org.br\/noticias\/#\/schema\/person\/d9422e83121c3ad3b0f423d195f5bb25\"},\"breadcrumb\":{\"@id\":\"https:\/\/franciscanos.org.br\/noticias\/completai-em-mim-a-obra-comecada-frei-felipe-medeiros-carretta-e-ordenado-presbitero-em-vila-velha.html#breadcrumb\"},\"inLanguage\":\"pt-BR\",\"potentialAction\":[{\"@type\":\"ReadAction\",\"target\":[\"https:\/\/franciscanos.org.br\/noticias\/completai-em-mim-a-obra-comecada-frei-felipe-medeiros-carretta-e-ordenado-presbitero-em-vila-velha.html\"]}]},{\"@type\":\"BreadcrumbList\",\"@id\":\"https:\/\/franciscanos.org.br\/noticias\/completai-em-mim-a-obra-comecada-frei-felipe-medeiros-carretta-e-ordenado-presbitero-em-vila-velha.html#breadcrumb\",\"itemListElement\":[{\"@type\":\"ListItem\",\"position\":1,\"name\":\"Home\",\"item\":\"https:\/\/franciscanos.org.br\/noticias\"},{\"@type\":\"ListItem\",\"position\":2,\"name\":\"\u201cCompletai em mim a obra come\u00e7ada\u201d: Frei Felipe Medeiros Carretta \u00e9 ordenado presb\u00edtero em Vila Velha\"}]},{\"@type\":\"Person\",\"@id\":\"https:\/\/franciscanos.org.br\/noticias\/#\/schema\/person\/d9422e83121c3ad3b0f423d195f5bb25\",\"name\":\"Adriana Rabelo\",\"image\":{\"@type\":\"ImageObject\",\"inLanguage\":\"pt-BR\",\"@id\":\"https:\/\/franciscanos.org.br\/noticias\/#\/schema\/person\/image\/\",\"url\":\"https:\/\/secure.gravatar.com\/avatar\/0a937b7500cd7df77540cfb8bede877d?s=96&d=mm&r=g\",\"contentUrl\":\"https:\/\/secure.gravatar.com\/avatar\/0a937b7500cd7df77540cfb8bede877d?s=96&d=mm&r=g\",\"caption\":\"Adriana Rabelo\"},\"url\":\"https:\/\/franciscanos.org.br\/noticias\/author\/adrianarabelo\"}]}<\/script>\n<!-- \/ Yoast SEO plugin. -->","yoast_head_json":{"title":"\u201cCompletai em mim a obra come\u00e7ada\u201d: Frei Felipe Medeiros Carretta \u00e9 ordenado presb\u00edtero em Vila Velha - Not\u00edcias - Franciscanos","robots":{"index":"index","follow":"follow","max-snippet":"max-snippet:-1","max-image-preview":"max-image-preview:large","max-video-preview":"max-video-preview:-1"},"canonical":"https:\/\/franciscanos.org.br\/noticias\/completai-em-mim-a-obra-comecada-frei-felipe-medeiros-carretta-e-ordenado-presbitero-em-vila-velha.html","og_locale":"pt_BR","og_type":"article","og_title":"\u201cCompletai em mim a obra come\u00e7ada\u201d: Frei Felipe Medeiros Carretta \u00e9 ordenado presb\u00edtero em Vila Velha - Not\u00edcias - Franciscanos","og_description":"Ordena\u00e7\u00e3o Presbiteral","og_url":"https:\/\/franciscanos.org.br\/noticias\/completai-em-mim-a-obra-comecada-frei-felipe-medeiros-carretta-e-ordenado-presbitero-em-vila-velha.html","og_site_name":"Not\u00edcias - Franciscanos","article_published_time":"2025-10-13T18:53:37+00:00","article_modified_time":"2025-10-13T18:58:44+00:00","og_image":[{"url":"https:\/\/franciscanos.org.br\/noticias\/wp-content\/uploads\/2025\/10\/ORDENACAO-2-300x300.jpg"}],"author":"Adriana Rabelo","twitter_card":"summary_large_image","twitter_misc":{"Escrito por":"Adriana Rabelo","Est. tempo de leitura":"8 minutos"},"schema":{"@context":"https:\/\/schema.org","@graph":[{"@type":"WebSite","@id":"https:\/\/franciscanos.org.br\/noticias\/#website","url":"https:\/\/franciscanos.org.br\/noticias\/","name":"Not\u00edcias - Franciscanos","description":"Prov\u00edncia Franciscana da Imaculada Concei\u00e7\u00e3o do Brasil - Ordem dos Frades Menores - OFM","potentialAction":[{"@type":"SearchAction","target":{"@type":"EntryPoint","urlTemplate":"https:\/\/franciscanos.org.br\/noticias\/?s={search_term_string}"},"query-input":"required name=search_term_string"}],"inLanguage":"pt-BR"},{"@type":"ImageObject","inLanguage":"pt-BR","@id":"https:\/\/franciscanos.org.br\/noticias\/completai-em-mim-a-obra-comecada-frei-felipe-medeiros-carretta-e-ordenado-presbitero-em-vila-velha.html#primaryimage","url":"https:\/\/franciscanos.org.br\/noticias\/wp-content\/uploads\/2025\/10\/materia-11.jpg","contentUrl":"https:\/\/franciscanos.org.br\/noticias\/wp-content\/uploads\/2025\/10\/materia-11.jpg","width":1280,"height":720},{"@type":"WebPage","@id":"https:\/\/franciscanos.org.br\/noticias\/completai-em-mim-a-obra-comecada-frei-felipe-medeiros-carretta-e-ordenado-presbitero-em-vila-velha.html#webpage","url":"https:\/\/franciscanos.org.br\/noticias\/completai-em-mim-a-obra-comecada-frei-felipe-medeiros-carretta-e-ordenado-presbitero-em-vila-velha.html","name":"\u201cCompletai em mim a obra come\u00e7ada\u201d: Frei Felipe Medeiros Carretta \u00e9 ordenado presb\u00edtero em Vila Velha - Not\u00edcias - Franciscanos","isPartOf":{"@id":"https:\/\/franciscanos.org.br\/noticias\/#website"},"primaryImageOfPage":{"@id":"https:\/\/franciscanos.org.br\/noticias\/completai-em-mim-a-obra-comecada-frei-felipe-medeiros-carretta-e-ordenado-presbitero-em-vila-velha.html#primaryimage"},"datePublished":"2025-10-13T18:53:37+00:00","dateModified":"2025-10-13T18:58:44+00:00","author":{"@id":"https:\/\/franciscanos.org.br\/noticias\/#\/schema\/person\/d9422e83121c3ad3b0f423d195f5bb25"},"breadcrumb":{"@id":"https:\/\/franciscanos.org.br\/noticias\/completai-em-mim-a-obra-comecada-frei-felipe-medeiros-carretta-e-ordenado-presbitero-em-vila-velha.html#breadcrumb"},"inLanguage":"pt-BR","potentialAction":[{"@type":"ReadAction","target":["https:\/\/franciscanos.org.br\/noticias\/completai-em-mim-a-obra-comecada-frei-felipe-medeiros-carretta-e-ordenado-presbitero-em-vila-velha.html"]}]},{"@type":"BreadcrumbList","@id":"https:\/\/franciscanos.org.br\/noticias\/completai-em-mim-a-obra-comecada-frei-felipe-medeiros-carretta-e-ordenado-presbitero-em-vila-velha.html#breadcrumb","itemListElement":[{"@type":"ListItem","position":1,"name":"Home","item":"https:\/\/franciscanos.org.br\/noticias"},{"@type":"ListItem","position":2,"name":"\u201cCompletai em mim a obra come\u00e7ada\u201d: Frei Felipe Medeiros Carretta \u00e9 ordenado presb\u00edtero em Vila Velha"}]},{"@type":"Person","@id":"https:\/\/franciscanos.org.br\/noticias\/#\/schema\/person\/d9422e83121c3ad3b0f423d195f5bb25","name":"Adriana Rabelo","image":{"@type":"ImageObject","inLanguage":"pt-BR","@id":"https:\/\/franciscanos.org.br\/noticias\/#\/schema\/person\/image\/","url":"https:\/\/secure.gravatar.com\/avatar\/0a937b7500cd7df77540cfb8bede877d?s=96&d=mm&r=g","contentUrl":"https:\/\/secure.gravatar.com\/avatar\/0a937b7500cd7df77540cfb8bede877d?s=96&d=mm&r=g","caption":"Adriana Rabelo"},"url":"https:\/\/franciscanos.org.br\/noticias\/author\/adrianarabelo"}]}},"_links":{"self":[{"href":"https:\/\/franciscanos.org.br\/noticias\/wp-json\/wp\/v2\/posts\/261181"}],"collection":[{"href":"https:\/\/franciscanos.org.br\/noticias\/wp-json\/wp\/v2\/posts"}],"about":[{"href":"https:\/\/franciscanos.org.br\/noticias\/wp-json\/wp\/v2\/types\/post"}],"author":[{"embeddable":true,"href":"https:\/\/franciscanos.org.br\/noticias\/wp-json\/wp\/v2\/users\/11"}],"replies":[{"embeddable":true,"href":"https:\/\/franciscanos.org.br\/noticias\/wp-json\/wp\/v2\/comments?post=261181"}],"version-history":[{"count":4,"href":"https:\/\/franciscanos.org.br\/noticias\/wp-json\/wp\/v2\/posts\/261181\/revisions"}],"predecessor-version":[{"id":261242,"href":"https:\/\/franciscanos.org.br\/noticias\/wp-json\/wp\/v2\/posts\/261181\/revisions\/261242"}],"wp:attachment":[{"href":"https:\/\/franciscanos.org.br\/noticias\/wp-json\/wp\/v2\/media?parent=261181"}],"wp:term":[{"taxonomy":"category","embeddable":true,"href":"https:\/\/franciscanos.org.br\/noticias\/wp-json\/wp\/v2\/categories?post=261181"},{"taxonomy":"post_tag","embeddable":true,"href":"https:\/\/franciscanos.org.br\/noticias\/wp-json\/wp\/v2\/tags?post=261181"}],"curies":[{"name":"wp","href":"https:\/\/api.w.org\/{rel}","templated":true}]}}