{"id":261161,"date":"2025-10-13T12:27:27","date_gmt":"2025-10-13T15:27:27","guid":{"rendered":"https:\/\/franciscanos.org.br\/noticias\/?p=261161"},"modified":"2026-03-25T16:37:21","modified_gmt":"2026-03-25T19:37:21","slug":"capitulo-historico-marca-novos-passos-franciscanos-em-angola","status":"publish","type":"post","link":"https:\/\/franciscanos.org.br\/noticias\/capitulo-historico-marca-novos-passos-franciscanos-em-angola.html","title":{"rendered":"Cap\u00edtulo hist\u00f3rico marca novos passos franciscanos em Angola"},"content":{"rendered":"<p><img loading=\"lazy\" class=\"aligncenter wp-image-261252 size-full\" src=\"https:\/\/franciscanos.org.br\/noticias\/wp-content\/uploads\/2025\/10\/materia-6-3.jpg\" alt=\"\" width=\"1280\" height=\"720\" srcset=\"https:\/\/franciscanos.org.br\/noticias\/wp-content\/uploads\/2025\/10\/materia-6-3.jpg 1280w, https:\/\/franciscanos.org.br\/noticias\/wp-content\/uploads\/2025\/10\/materia-6-3-450x253.jpg 450w, https:\/\/franciscanos.org.br\/noticias\/wp-content\/uploads\/2025\/10\/materia-6-3-1024x576.jpg 1024w, https:\/\/franciscanos.org.br\/noticias\/wp-content\/uploads\/2025\/10\/materia-6-3-768x432.jpg 768w, https:\/\/franciscanos.org.br\/noticias\/wp-content\/uploads\/2025\/10\/materia-6-3-150x84.jpg 150w\" sizes=\"(max-width: 1280px) 100vw, 1280px\" \/><\/p>\n<p>Com as b\u00ean\u00e7\u00e3os de Deus e de S\u00e3o Francisco de Assis, a for\u00e7a da f\u00e9 da Ordem dos Frades Menores, de toda a Fam\u00edlia Franciscana e do povo de Deus, as Fraternidades da Funda\u00e7\u00e3o Imaculada M\u00e3e de Deus de Angola est\u00e3o reunidas, a partir desta segunda-feira, 13 de outubro, para a realiza\u00e7\u00e3o de mais um Cap\u00edtulo da FIMDA.<\/p>\n<p>Diferentemente de outros momentos semelhantes j\u00e1 vividos pelos frades angolanos, com a presen\u00e7a dos confrades da Prov\u00edncia Franciscana da Imaculada Concei\u00e7\u00e3o do Brasil, este encontro \u00e9 um marco hist\u00f3rico nos 35 anos presen\u00e7a dos frades em Angola, que, na pr\u00f3xima quinta-feira, 16 de outubro, ser\u00e1 erigida como Cust\u00f3dia Imaculada M\u00e3e de Deus de Angola.<\/p>\n<p>A hist\u00f3ria, que come\u00e7ou com a determina\u00e7\u00e3o mission\u00e1ria de tr\u00eas frades \u2014 Frei Pl\u00ednio Gande da Silva, Frei Jos\u00e9 Zanchet e Frei Pedro Caron \u2014, hoje reflete o resultado das sementes lan\u00e7adas, que geraram frutos e j\u00e1 somam 90 franciscanos angolanos, semeadores da esperan\u00e7a, da f\u00e9 e da caridade.<\/p>\n<p>Est\u00e3o presentes neste Cap\u00edtulo o Ministro provincial, Frei Paulo Roberto Pereira; o Secret\u00e1rio geral, Frei C\u00e9sar K\u00fclkamp; e o Definidor Provincial referente aos assuntos da FIMDA, Frei Robson Luiz Scudela. O Ministro geral, Frei Massimo Fusarelli, e o Definidor geral referente \u00e0s Confer\u00eancias Africanas, Frei Siphelele Gwanisheni, participar\u00e3o pontualmente das atividades. Tamb\u00e9m est\u00e3o presentes outros frades brasileiros, bem como os 19 frades solenemente professos que integram as fraternidades em Angola.<\/p>\n\n\t\t<style type=\"text\/css\">\n\t\t\t#gallery-1 {\n\t\t\t\tmargin: auto;\n\t\t\t}\n\t\t\t#gallery-1 .gallery-item {\n\t\t\t\tfloat: left;\n\t\t\t\tmargin-top: 10px;\n\t\t\t\ttext-align: center;\n\t\t\t\twidth: 20%;\n\t\t\t}\n\t\t\t#gallery-1 img {\n\t\t\t\tborder: 2px solid #cfcfcf;\n\t\t\t}\n\t\t\t#gallery-1 .gallery-caption {\n\t\t\t\tmargin-left: 0;\n\t\t\t}\n\t\t\t\/* see gallery_shortcode() in wp-includes\/media.php *\/\n\t\t<\/style>\n\t\t<div id='gallery-1' class='gallery galleryid-261161 gallery-columns-5 gallery-size-thumbnail'><dl class='gallery-item'>\n\t\t\t<dt class='gallery-icon landscape'>\n\t\t\t\t<a href='https:\/\/franciscanos.org.br\/noticias\/wp-content\/uploads\/2025\/10\/IMG-20251013-WA0048-scaled.jpg'><img width=\"300\" height=\"300\" src=\"https:\/\/franciscanos.org.br\/noticias\/wp-content\/uploads\/2025\/10\/IMG-20251013-WA0048-300x300.jpg\" class=\"attachment-thumbnail size-thumbnail\" alt=\"\" loading=\"lazy\" srcset=\"https:\/\/franciscanos.org.br\/noticias\/wp-content\/uploads\/2025\/10\/IMG-20251013-WA0048-300x300.jpg 300w, https:\/\/franciscanos.org.br\/noticias\/wp-content\/uploads\/2025\/10\/IMG-20251013-WA0048-100x100.jpg 100w\" sizes=\"(max-width: 300px) 100vw, 300px\" \/><\/a>\n\t\t\t<\/dt><\/dl><dl class='gallery-item'>\n\t\t\t<dt class='gallery-icon landscape'>\n\t\t\t\t<a href='https:\/\/franciscanos.org.br\/noticias\/wp-content\/uploads\/2025\/10\/IMG-20251013-WA0049-scaled.jpg'><img width=\"300\" height=\"300\" src=\"https:\/\/franciscanos.org.br\/noticias\/wp-content\/uploads\/2025\/10\/IMG-20251013-WA0049-300x300.jpg\" class=\"attachment-thumbnail size-thumbnail\" alt=\"\" loading=\"lazy\" srcset=\"https:\/\/franciscanos.org.br\/noticias\/wp-content\/uploads\/2025\/10\/IMG-20251013-WA0049-300x300.jpg 300w, https:\/\/franciscanos.org.br\/noticias\/wp-content\/uploads\/2025\/10\/IMG-20251013-WA0049-100x100.jpg 100w\" sizes=\"(max-width: 300px) 100vw, 300px\" \/><\/a>\n\t\t\t<\/dt><\/dl><dl class='gallery-item'>\n\t\t\t<dt class='gallery-icon landscape'>\n\t\t\t\t<a href='https:\/\/franciscanos.org.br\/noticias\/wp-content\/uploads\/2025\/10\/IMG-20251013-WA0052-scaled.jpg'><img width=\"300\" height=\"300\" src=\"https:\/\/franciscanos.org.br\/noticias\/wp-content\/uploads\/2025\/10\/IMG-20251013-WA0052-300x300.jpg\" class=\"attachment-thumbnail size-thumbnail\" alt=\"\" loading=\"lazy\" srcset=\"https:\/\/franciscanos.org.br\/noticias\/wp-content\/uploads\/2025\/10\/IMG-20251013-WA0052-300x300.jpg 300w, https:\/\/franciscanos.org.br\/noticias\/wp-content\/uploads\/2025\/10\/IMG-20251013-WA0052-100x100.jpg 100w\" sizes=\"(max-width: 300px) 100vw, 300px\" \/><\/a>\n\t\t\t<\/dt><\/dl><dl class='gallery-item'>\n\t\t\t<dt class='gallery-icon landscape'>\n\t\t\t\t<a href='https:\/\/franciscanos.org.br\/noticias\/wp-content\/uploads\/2025\/10\/IMG-20251013-WA0053-scaled.jpg'><img width=\"300\" height=\"300\" src=\"https:\/\/franciscanos.org.br\/noticias\/wp-content\/uploads\/2025\/10\/IMG-20251013-WA0053-300x300.jpg\" class=\"attachment-thumbnail size-thumbnail\" alt=\"\" loading=\"lazy\" srcset=\"https:\/\/franciscanos.org.br\/noticias\/wp-content\/uploads\/2025\/10\/IMG-20251013-WA0053-300x300.jpg 300w, https:\/\/franciscanos.org.br\/noticias\/wp-content\/uploads\/2025\/10\/IMG-20251013-WA0053-100x100.jpg 100w\" sizes=\"(max-width: 300px) 100vw, 300px\" \/><\/a>\n\t\t\t<\/dt><\/dl><dl class='gallery-item'>\n\t\t\t<dt class='gallery-icon landscape'>\n\t\t\t\t<a href='https:\/\/franciscanos.org.br\/noticias\/wp-content\/uploads\/2025\/10\/IMG-20251013-WA0054-scaled.jpg'><img width=\"300\" height=\"300\" src=\"https:\/\/franciscanos.org.br\/noticias\/wp-content\/uploads\/2025\/10\/IMG-20251013-WA0054-300x300.jpg\" class=\"attachment-thumbnail size-thumbnail\" alt=\"\" loading=\"lazy\" srcset=\"https:\/\/franciscanos.org.br\/noticias\/wp-content\/uploads\/2025\/10\/IMG-20251013-WA0054-300x300.jpg 300w, https:\/\/franciscanos.org.br\/noticias\/wp-content\/uploads\/2025\/10\/IMG-20251013-WA0054-100x100.jpg 100w\" sizes=\"(max-width: 300px) 100vw, 300px\" \/><\/a>\n\t\t\t<\/dt><\/dl><br style=\"clear: both\" \/>\n\t\t<\/div>\n\n<p>Outros 40 frades temporariamente professos participam do encontro a convite do Ministro provincial; no entanto, esses n\u00e3o participam das vota\u00e7\u00f5es que eleger\u00e3o o conselho da futura Cust\u00f3dia. O atual conselho da Funda\u00e7\u00e3o \u00e9 composto por Frei Ivair Bueno de Carvalho (Presidente), Frei Ermelindo Francisco Bambi, Frei Jos\u00e9 Morais Cambolo e Frei Marco Ant\u00f4nio dos Santos (Conselheiros).<\/p>\n<p data-start=\"139\" data-end=\"368\">A abertura das atividades ocorreu nesta segunda-feira, \u00e0s 14h30, hor\u00e1rio local, na Capela Conventual da Fraternidade S\u00e3o Francisco de Assis, no Palanca (Kilamba Kiaxi, Luanda), ap\u00f3s a invoca\u00e7\u00e3o do Esp\u00edrito Santo conduzida por Frei Santana Sebasti\u00e3o Cafunda, membro da Comiss\u00e3o de Liturgia.<\/p>\n<p data-start=\"370\" data-end=\"762\">A cerim\u00f4nia contou com as palavras de boas-vindas do Presidente da Funda\u00e7\u00e3o, Frei Ivair, que acolheu os capitulares e incentivou a apresenta\u00e7\u00e3o dos frades por fraternidades. Em sua fala, o frade inspirou os presentes com uma cita\u00e7\u00e3o de S\u00e3o Francisco de Assis retirada da obra <em data-start=\"656\" data-end=\"670\">Vida Segunda<\/em>, de Tom\u00e1s de Celano (2Cel 191), destacando o esp\u00edrito fraterno e celebrativo do encontro.<\/p>\n<p data-start=\"764\" data-end=\"1175\">O momento inicial tamb\u00e9m teve interven\u00e7\u00f5es do Ministro provincial, Frei Paulo, e do Delegado do Ministro geral da Ordem, Frei C\u00e9sar. Durante sua fala, Frei Paulo ressaltou o car\u00e1ter singular do encontro, chamando-o de \u201cum Cap\u00edtulo hist\u00f3rico\u201d e refor\u00e7ando o valor do presente divino que representa a celebra\u00e7\u00e3o. \u201cGanhamos de presente, foi uma d\u00e1diva que recebemos de Deus,\u00a0 por isso celebramos\u201d.<\/p>\n<h3><strong>A presen\u00e7a franciscana em Angola (linha do tempo)<\/strong><\/h3>\n<p><strong>2025<\/strong> \u2013 35 anos da presen\u00e7a dos Frades Menores em Angola<\/p>\n<p><strong>1990<\/strong> \u2013 Chegada dos frades<\/p>\n<p><strong>1990<\/strong> \u2013 Funda\u00e7\u00e3o da Fraternidade S\u00e3o Dami\u00e3o (Catepa, Malanje)<\/p>\n<p><strong>1991<\/strong> \u2013 Funda\u00e7\u00e3o da Fraternidade Santo Ant\u00f4nio (Quibala)<\/p>\n<p><strong>1996<\/strong> \u2013 Funda\u00e7\u00e3o da Fraternidade S\u00e3o Francisco de Assis (Palanca, Kilamba Kiaxi)<\/p>\n<p><strong>1997<\/strong> \u2013 Ere\u00e7\u00e3o da FIMDA<\/p>\n<p><strong>2000<\/strong> \u2013 Funda\u00e7\u00e3o da Fraternidade da Porci\u00fancula (Mulenvos)<\/p>\n<p><strong>2005<\/strong> \u2013 Funda\u00e7\u00e3o da Fraternidade do Semin\u00e1rio Monte Alverne (Catepa, Malanje)<\/p>\n<p><strong>2025<\/strong> \u2013 Funda\u00e7\u00e3o da Fraternidade S\u00e3o Benedito (Cangandala)<\/p>\n<p><strong>2025<\/strong> \u2013 Funda\u00e7\u00e3o da Fraternidade Santa Clara (Palanca, Kilamba Kiaxi)<\/p>\n<p><img loading=\"lazy\" class=\"aligncenter wp-image-261249 size-full\" src=\"https:\/\/franciscanos.org.br\/noticias\/wp-content\/uploads\/2025\/10\/materia-3-3.jpg\" alt=\"\" width=\"1280\" height=\"720\" srcset=\"https:\/\/franciscanos.org.br\/noticias\/wp-content\/uploads\/2025\/10\/materia-3-3.jpg 1280w, https:\/\/franciscanos.org.br\/noticias\/wp-content\/uploads\/2025\/10\/materia-3-3-450x253.jpg 450w, https:\/\/franciscanos.org.br\/noticias\/wp-content\/uploads\/2025\/10\/materia-3-3-1024x576.jpg 1024w, https:\/\/franciscanos.org.br\/noticias\/wp-content\/uploads\/2025\/10\/materia-3-3-768x432.jpg 768w, https:\/\/franciscanos.org.br\/noticias\/wp-content\/uploads\/2025\/10\/materia-3-3-150x84.jpg 150w\" sizes=\"(max-width: 1280px) 100vw, 1280px\" \/><\/p>\n<h3><strong>Compreendendo o que \u00e9 uma Funda\u00e7\u00e3o<\/strong><\/h3>\n<p>Uma Funda\u00e7\u00e3o \u00e9 uma entidade legitimamente erigida, mas que n\u00e3o possui autonomia jur\u00eddica ou administrativa, por ser um agrupamento de fraternidades dentro de uma Prov\u00edncia. Sua principal refer\u00eancia \u00e9 o Presidente, nomeado pelo Ministro Provincial da Prov\u00edncia \u00e0 qual pertence, ainda que, no caso da FIMDA, essa nomea\u00e7\u00e3o fosse antecedida por uma elei\u00e7\u00e3o entre os irm\u00e3os participantes dos Cap\u00edtulos.<\/p>\n<p>Para auxili\u00e1-lo no servi\u00e7o de anima\u00e7\u00e3o da vida e miss\u00e3o das fraternidades, s\u00e3o nomeados tr\u00eas irm\u00e3os Conselheiros. O Presidente e seu conselho encaminham diversas indica\u00e7\u00f5es ao Ministro Provincial e ao seu Definit\u00f3rio, que delibera sobre cada uma delas, aprovando-as ou n\u00e3o, e dando os devidos encaminhamentos.<\/p>\n<p>Essa presen\u00e7a mission\u00e1ria inicial conta com Estatutos Particulares, que tratam de quest\u00f5es espec\u00edficas de sua organiza\u00e7\u00e3o. Contudo, toda a legisla\u00e7\u00e3o deve estar em conformidade com os documentos aprovados para a Prov\u00edncia da qual ela faz parte, e toda a estrutura organizativa provincial tamb\u00e9m se refere a ela.<\/p>\n<h3><strong>O sentido de uma Cust\u00f3dia Dependente na Ordem Franciscana<\/strong><\/h3>\n<p>A Cust\u00f3dia Imaculada M\u00e3e de Deus de Angola, que ser\u00e1 erigida na quinta-feira, 16 de outubro, ser\u00e1 uma Cust\u00f3dia dependente da Prov\u00edncia Franciscana da Imaculada Concei\u00e7\u00e3o do Brasil.<\/p>\n<p>Por ser o primeiro conselho da nascente entidade, seus membros ser\u00e3o nomeados diretamente pelo Ministro geral e seu Definit\u00f3rio. A Cust\u00f3dia contar\u00e1 com um Cust\u00f3dio e quatro Conselheiros, que exercer\u00e3o as mesmas fun\u00e7\u00f5es do conselho da Funda\u00e7\u00e3o: discutir e encaminhar indica\u00e7\u00f5es ao Ministro provincial e ao seu Definit\u00f3rio, para que deliberem e deem encaminhamento \u00e0s demandas da vida e miss\u00e3o da entidade.<\/p>\n<p>A Cust\u00f3dia iniciar\u00e1 regida pelos documentos da Ordem e por Normas Transit\u00f3rias, aprovadas pelo Ministro provincial e seu Definit\u00f3rio, at\u00e9 a elabora\u00e7\u00e3o de seus Estatutos Particulares. Com o tempo, novos documentos ser\u00e3o criados para definir as estruturas de anima\u00e7\u00e3o.<\/p>\n<p>Assim, enquanto Funda\u00e7\u00e3o, todos os documentos provinciais se referiam \u00e0s fraternidades angolanas por serem parte da Prov\u00edncia; agora, como Cust\u00f3dia dependente, a entidade passar\u00e1 a elaborar seus pr\u00f3prios documentos, que dever\u00e3o ser aprovados pelo Ministro provincial, podendo espelhar-se nos documentos da Prov\u00edncia ou adaptar-se \u00e0 realidade local da Ordem em Angola.<\/p>\n<p>A cerim\u00f4nia que elevar\u00e1 a Funda\u00e7\u00e3o \u00e0 Cust\u00f3dia Imaculada M\u00e3e de Deus de Angola ser\u00e1 celebrada nesta quinta-feira, no Kimbo S\u00e3o Francisco, em Angola. Este momento representa a fidelidade do povo de Deus angolano ao Evangelho e ao seguimento de Jesus Cristo, marcado pela presen\u00e7a viva do carisma e da espiritualidade franciscana.<\/p>\n<hr \/>\n<p><em>Adriana Rabelo Rodrigues Marcelo e Frei Evaristo Seque Joaquim<\/em><\/p>\n","protected":false},"excerpt":{"rendered":"<p>Cap\u00edtulo da FIMDA<\/p>\n","protected":false},"author":11,"featured_media":261162,"comment_status":"open","ping_status":"open","sticky":false,"template":"","format":"standard","meta":[],"categories":[1],"tags":[2439,195],"acf":[],"yoast_head":"<!-- This site is optimized with the Yoast SEO plugin v19.2 - https:\/\/yoast.com\/wordpress\/plugins\/seo\/ -->\n<title>Cap\u00edtulo hist\u00f3rico marca novos passos franciscanos em Angola - Not\u00edcias - Franciscanos<\/title>\n<meta name=\"robots\" content=\"index, follow, max-snippet:-1, max-image-preview:large, max-video-preview:-1\" \/>\n<link rel=\"canonical\" href=\"https:\/\/franciscanos.org.br\/noticias\/capitulo-historico-marca-novos-passos-franciscanos-em-angola.html\" \/>\n<meta property=\"og:locale\" content=\"pt_BR\" \/>\n<meta property=\"og:type\" content=\"article\" \/>\n<meta property=\"og:title\" content=\"Cap\u00edtulo hist\u00f3rico marca novos passos franciscanos em Angola - Not\u00edcias - Franciscanos\" \/>\n<meta property=\"og:description\" content=\"Cap\u00edtulo da FIMDA\" \/>\n<meta property=\"og:url\" content=\"https:\/\/franciscanos.org.br\/noticias\/capitulo-historico-marca-novos-passos-franciscanos-em-angola.html\" \/>\n<meta property=\"og:site_name\" content=\"Not\u00edcias - Franciscanos\" \/>\n<meta property=\"article:published_time\" content=\"2025-10-13T15:27:27+00:00\" \/>\n<meta property=\"article:modified_time\" content=\"2026-03-25T19:37:21+00:00\" \/>\n<meta property=\"og:image\" content=\"https:\/\/franciscanos.org.br\/noticias\/wp-content\/uploads\/2025\/10\/chamada-28.jpg\" \/>\n\t<meta property=\"og:image:width\" content=\"800\" \/>\n\t<meta property=\"og:image:height\" content=\"550\" \/>\n\t<meta property=\"og:image:type\" content=\"image\/jpeg\" \/>\n<meta name=\"author\" content=\"Adriana Rabelo\" \/>\n<meta name=\"twitter:card\" content=\"summary_large_image\" \/>\n<meta name=\"twitter:label1\" content=\"Escrito por\" \/>\n\t<meta name=\"twitter:data1\" content=\"Adriana Rabelo\" \/>\n\t<meta name=\"twitter:label2\" content=\"Est. tempo de leitura\" \/>\n\t<meta name=\"twitter:data2\" content=\"5 minutos\" \/>\n<script type=\"application\/ld+json\" class=\"yoast-schema-graph\">{\"@context\":\"https:\/\/schema.org\",\"@graph\":[{\"@type\":\"WebSite\",\"@id\":\"https:\/\/franciscanos.org.br\/noticias\/#website\",\"url\":\"https:\/\/franciscanos.org.br\/noticias\/\",\"name\":\"Not\u00edcias - Franciscanos\",\"description\":\"Prov\u00edncia Franciscana da Imaculada Concei\u00e7\u00e3o do Brasil - Ordem dos Frades Menores - OFM\",\"potentialAction\":[{\"@type\":\"SearchAction\",\"target\":{\"@type\":\"EntryPoint\",\"urlTemplate\":\"https:\/\/franciscanos.org.br\/noticias\/?s={search_term_string}\"},\"query-input\":\"required name=search_term_string\"}],\"inLanguage\":\"pt-BR\"},{\"@type\":\"ImageObject\",\"inLanguage\":\"pt-BR\",\"@id\":\"https:\/\/franciscanos.org.br\/noticias\/capitulo-historico-marca-novos-passos-franciscanos-em-angola.html#primaryimage\",\"url\":\"https:\/\/franciscanos.org.br\/noticias\/wp-content\/uploads\/2025\/10\/chamada-28.jpg\",\"contentUrl\":\"https:\/\/franciscanos.org.br\/noticias\/wp-content\/uploads\/2025\/10\/chamada-28.jpg\",\"width\":800,\"height\":550},{\"@type\":\"WebPage\",\"@id\":\"https:\/\/franciscanos.org.br\/noticias\/capitulo-historico-marca-novos-passos-franciscanos-em-angola.html#webpage\",\"url\":\"https:\/\/franciscanos.org.br\/noticias\/capitulo-historico-marca-novos-passos-franciscanos-em-angola.html\",\"name\":\"Cap\u00edtulo hist\u00f3rico marca novos passos franciscanos em Angola - Not\u00edcias - Franciscanos\",\"isPartOf\":{\"@id\":\"https:\/\/franciscanos.org.br\/noticias\/#website\"},\"primaryImageOfPage\":{\"@id\":\"https:\/\/franciscanos.org.br\/noticias\/capitulo-historico-marca-novos-passos-franciscanos-em-angola.html#primaryimage\"},\"datePublished\":\"2025-10-13T15:27:27+00:00\",\"dateModified\":\"2026-03-25T19:37:21+00:00\",\"author\":{\"@id\":\"https:\/\/franciscanos.org.br\/noticias\/#\/schema\/person\/d9422e83121c3ad3b0f423d195f5bb25\"},\"breadcrumb\":{\"@id\":\"https:\/\/franciscanos.org.br\/noticias\/capitulo-historico-marca-novos-passos-franciscanos-em-angola.html#breadcrumb\"},\"inLanguage\":\"pt-BR\",\"potentialAction\":[{\"@type\":\"ReadAction\",\"target\":[\"https:\/\/franciscanos.org.br\/noticias\/capitulo-historico-marca-novos-passos-franciscanos-em-angola.html\"]}]},{\"@type\":\"BreadcrumbList\",\"@id\":\"https:\/\/franciscanos.org.br\/noticias\/capitulo-historico-marca-novos-passos-franciscanos-em-angola.html#breadcrumb\",\"itemListElement\":[{\"@type\":\"ListItem\",\"position\":1,\"name\":\"Home\",\"item\":\"https:\/\/franciscanos.org.br\/noticias\"},{\"@type\":\"ListItem\",\"position\":2,\"name\":\"Cap\u00edtulo hist\u00f3rico marca novos passos franciscanos em Angola\"}]},{\"@type\":\"Person\",\"@id\":\"https:\/\/franciscanos.org.br\/noticias\/#\/schema\/person\/d9422e83121c3ad3b0f423d195f5bb25\",\"name\":\"Adriana Rabelo\",\"image\":{\"@type\":\"ImageObject\",\"inLanguage\":\"pt-BR\",\"@id\":\"https:\/\/franciscanos.org.br\/noticias\/#\/schema\/person\/image\/\",\"url\":\"https:\/\/secure.gravatar.com\/avatar\/0a937b7500cd7df77540cfb8bede877d?s=96&d=mm&r=g\",\"contentUrl\":\"https:\/\/secure.gravatar.com\/avatar\/0a937b7500cd7df77540cfb8bede877d?s=96&d=mm&r=g\",\"caption\":\"Adriana Rabelo\"},\"url\":\"https:\/\/franciscanos.org.br\/noticias\/author\/adrianarabelo\"}]}<\/script>\n<!-- \/ Yoast SEO plugin. -->","yoast_head_json":{"title":"Cap\u00edtulo hist\u00f3rico marca novos passos franciscanos em Angola - Not\u00edcias - Franciscanos","robots":{"index":"index","follow":"follow","max-snippet":"max-snippet:-1","max-image-preview":"max-image-preview:large","max-video-preview":"max-video-preview:-1"},"canonical":"https:\/\/franciscanos.org.br\/noticias\/capitulo-historico-marca-novos-passos-franciscanos-em-angola.html","og_locale":"pt_BR","og_type":"article","og_title":"Cap\u00edtulo hist\u00f3rico marca novos passos franciscanos em Angola - Not\u00edcias - Franciscanos","og_description":"Cap\u00edtulo da FIMDA","og_url":"https:\/\/franciscanos.org.br\/noticias\/capitulo-historico-marca-novos-passos-franciscanos-em-angola.html","og_site_name":"Not\u00edcias - Franciscanos","article_published_time":"2025-10-13T15:27:27+00:00","article_modified_time":"2026-03-25T19:37:21+00:00","og_image":[{"width":800,"height":550,"url":"https:\/\/franciscanos.org.br\/noticias\/wp-content\/uploads\/2025\/10\/chamada-28.jpg","type":"image\/jpeg"}],"author":"Adriana Rabelo","twitter_card":"summary_large_image","twitter_misc":{"Escrito por":"Adriana Rabelo","Est. tempo de leitura":"5 minutos"},"schema":{"@context":"https:\/\/schema.org","@graph":[{"@type":"WebSite","@id":"https:\/\/franciscanos.org.br\/noticias\/#website","url":"https:\/\/franciscanos.org.br\/noticias\/","name":"Not\u00edcias - Franciscanos","description":"Prov\u00edncia Franciscana da Imaculada Concei\u00e7\u00e3o do Brasil - Ordem dos Frades Menores - OFM","potentialAction":[{"@type":"SearchAction","target":{"@type":"EntryPoint","urlTemplate":"https:\/\/franciscanos.org.br\/noticias\/?s={search_term_string}"},"query-input":"required name=search_term_string"}],"inLanguage":"pt-BR"},{"@type":"ImageObject","inLanguage":"pt-BR","@id":"https:\/\/franciscanos.org.br\/noticias\/capitulo-historico-marca-novos-passos-franciscanos-em-angola.html#primaryimage","url":"https:\/\/franciscanos.org.br\/noticias\/wp-content\/uploads\/2025\/10\/chamada-28.jpg","contentUrl":"https:\/\/franciscanos.org.br\/noticias\/wp-content\/uploads\/2025\/10\/chamada-28.jpg","width":800,"height":550},{"@type":"WebPage","@id":"https:\/\/franciscanos.org.br\/noticias\/capitulo-historico-marca-novos-passos-franciscanos-em-angola.html#webpage","url":"https:\/\/franciscanos.org.br\/noticias\/capitulo-historico-marca-novos-passos-franciscanos-em-angola.html","name":"Cap\u00edtulo hist\u00f3rico marca novos passos franciscanos em Angola - Not\u00edcias - Franciscanos","isPartOf":{"@id":"https:\/\/franciscanos.org.br\/noticias\/#website"},"primaryImageOfPage":{"@id":"https:\/\/franciscanos.org.br\/noticias\/capitulo-historico-marca-novos-passos-franciscanos-em-angola.html#primaryimage"},"datePublished":"2025-10-13T15:27:27+00:00","dateModified":"2026-03-25T19:37:21+00:00","author":{"@id":"https:\/\/franciscanos.org.br\/noticias\/#\/schema\/person\/d9422e83121c3ad3b0f423d195f5bb25"},"breadcrumb":{"@id":"https:\/\/franciscanos.org.br\/noticias\/capitulo-historico-marca-novos-passos-franciscanos-em-angola.html#breadcrumb"},"inLanguage":"pt-BR","potentialAction":[{"@type":"ReadAction","target":["https:\/\/franciscanos.org.br\/noticias\/capitulo-historico-marca-novos-passos-franciscanos-em-angola.html"]}]},{"@type":"BreadcrumbList","@id":"https:\/\/franciscanos.org.br\/noticias\/capitulo-historico-marca-novos-passos-franciscanos-em-angola.html#breadcrumb","itemListElement":[{"@type":"ListItem","position":1,"name":"Home","item":"https:\/\/franciscanos.org.br\/noticias"},{"@type":"ListItem","position":2,"name":"Cap\u00edtulo hist\u00f3rico marca novos passos franciscanos em Angola"}]},{"@type":"Person","@id":"https:\/\/franciscanos.org.br\/noticias\/#\/schema\/person\/d9422e83121c3ad3b0f423d195f5bb25","name":"Adriana Rabelo","image":{"@type":"ImageObject","inLanguage":"pt-BR","@id":"https:\/\/franciscanos.org.br\/noticias\/#\/schema\/person\/image\/","url":"https:\/\/secure.gravatar.com\/avatar\/0a937b7500cd7df77540cfb8bede877d?s=96&d=mm&r=g","contentUrl":"https:\/\/secure.gravatar.com\/avatar\/0a937b7500cd7df77540cfb8bede877d?s=96&d=mm&r=g","caption":"Adriana Rabelo"},"url":"https:\/\/franciscanos.org.br\/noticias\/author\/adrianarabelo"}]}},"_links":{"self":[{"href":"https:\/\/franciscanos.org.br\/noticias\/wp-json\/wp\/v2\/posts\/261161"}],"collection":[{"href":"https:\/\/franciscanos.org.br\/noticias\/wp-json\/wp\/v2\/posts"}],"about":[{"href":"https:\/\/franciscanos.org.br\/noticias\/wp-json\/wp\/v2\/types\/post"}],"author":[{"embeddable":true,"href":"https:\/\/franciscanos.org.br\/noticias\/wp-json\/wp\/v2\/users\/11"}],"replies":[{"embeddable":true,"href":"https:\/\/franciscanos.org.br\/noticias\/wp-json\/wp\/v2\/comments?post=261161"}],"version-history":[{"count":12,"href":"https:\/\/franciscanos.org.br\/noticias\/wp-json\/wp\/v2\/posts\/261161\/revisions"}],"predecessor-version":[{"id":265226,"href":"https:\/\/franciscanos.org.br\/noticias\/wp-json\/wp\/v2\/posts\/261161\/revisions\/265226"}],"wp:featuredmedia":[{"embeddable":true,"href":"https:\/\/franciscanos.org.br\/noticias\/wp-json\/wp\/v2\/media\/261162"}],"wp:attachment":[{"href":"https:\/\/franciscanos.org.br\/noticias\/wp-json\/wp\/v2\/media?parent=261161"}],"wp:term":[{"taxonomy":"category","embeddable":true,"href":"https:\/\/franciscanos.org.br\/noticias\/wp-json\/wp\/v2\/categories?post=261161"},{"taxonomy":"post_tag","embeddable":true,"href":"https:\/\/franciscanos.org.br\/noticias\/wp-json\/wp\/v2\/tags?post=261161"}],"curies":[{"name":"wp","href":"https:\/\/api.w.org\/{rel}","templated":true}]}}