{"id":261148,"date":"2025-10-13T10:10:47","date_gmt":"2025-10-13T13:10:47","guid":{"rendered":"https:\/\/franciscanos.org.br\/noticias\/?p=261148"},"modified":"2025-10-13T11:49:54","modified_gmt":"2025-10-13T14:49:54","slug":"a-caridade-que-nos-transforma-benfeitores-participam-de-retiro-espiritual-em-angola","status":"publish","type":"post","link":"https:\/\/franciscanos.org.br\/noticias\/a-caridade-que-nos-transforma-benfeitores-participam-de-retiro-espiritual-em-angola.html","title":{"rendered":"A caridade que nos transforma: benfeitores participam de retiro espiritual em Angola"},"content":{"rendered":"<p><img loading=\"lazy\" class=\"aligncenter wp-image-261149 size-full\" src=\"https:\/\/franciscanos.org.br\/noticias\/wp-content\/uploads\/2025\/10\/materia-1-11.jpg\" alt=\"\" width=\"1280\" height=\"720\" srcset=\"https:\/\/franciscanos.org.br\/noticias\/wp-content\/uploads\/2025\/10\/materia-1-11.jpg 1280w, https:\/\/franciscanos.org.br\/noticias\/wp-content\/uploads\/2025\/10\/materia-1-11-450x253.jpg 450w, https:\/\/franciscanos.org.br\/noticias\/wp-content\/uploads\/2025\/10\/materia-1-11-1024x576.jpg 1024w, https:\/\/franciscanos.org.br\/noticias\/wp-content\/uploads\/2025\/10\/materia-1-11-768x432.jpg 768w, https:\/\/franciscanos.org.br\/noticias\/wp-content\/uploads\/2025\/10\/materia-1-11-150x84.jpg 150w\" sizes=\"(max-width: 1280px) 100vw, 1280px\" \/><\/p>\n<p>No \u00faltimo s\u00e1bado, 11 de outubro, no Kimbo S\u00e3o Francisco, em Angola, realizou-se um retiro especial dedicado aos benfeitores da Ordem dos Frades Menores em Angola. Um evento marcado pela espiritualidade, partilha e confraterniza\u00e7\u00e3o. O encontro teve como pregador Frei Jos\u00e9 Jo\u00e3o Ganga, respons\u00e1vel pelas Pr\u00f3-voca\u00e7\u00f5es franciscanas e contou tamb\u00e9m com a presen\u00e7a de Frei Andr\u00e9 Luiz da Rocha Henriques, Frei Andr\u00e9 dos Santos Sungo Mingas, al\u00e9m de diversos outros confrades.<\/p>\n<p>O retiro teve in\u00edcio \u00e0s 8h30, hor\u00e1rio local, e se estendeu at\u00e9 o final da tarde, culminando em um momento de confraterniza\u00e7\u00e3o entre os frades e os benfeitores. A programa\u00e7\u00e3o incluiu momentos de ora\u00e7\u00e3o e reflex\u00e3o, com destaque para a prega\u00e7\u00e3o de Frei Jos\u00e9 Jo\u00e3o Ganga que abordou o tema relacionado ao &#8220;O rosto da Miseric\u00f3rdia de Deus e a caridade que nos transforma&#8221;.<\/p>\n\n\t\t<style type=\"text\/css\">\n\t\t\t#gallery-1 {\n\t\t\t\tmargin: auto;\n\t\t\t}\n\t\t\t#gallery-1 .gallery-item {\n\t\t\t\tfloat: left;\n\t\t\t\tmargin-top: 10px;\n\t\t\t\ttext-align: center;\n\t\t\t\twidth: 25%;\n\t\t\t}\n\t\t\t#gallery-1 img {\n\t\t\t\tborder: 2px solid #cfcfcf;\n\t\t\t}\n\t\t\t#gallery-1 .gallery-caption {\n\t\t\t\tmargin-left: 0;\n\t\t\t}\n\t\t\t\/* see gallery_shortcode() in wp-includes\/media.php *\/\n\t\t<\/style>\n\t\t<div id='gallery-1' class='gallery galleryid-261148 gallery-columns-4 gallery-size-thumbnail'><dl class='gallery-item'>\n\t\t\t<dt class='gallery-icon portrait'>\n\t\t\t\t<a href='https:\/\/franciscanos.org.br\/noticias\/wp-content\/uploads\/2025\/10\/Imagem-do-WhatsApp-de-2025-10-13-as-08.15.21_9536e10e.jpg'><img width=\"300\" height=\"300\" src=\"https:\/\/franciscanos.org.br\/noticias\/wp-content\/uploads\/2025\/10\/Imagem-do-WhatsApp-de-2025-10-13-as-08.15.21_9536e10e-300x300.jpg\" class=\"attachment-thumbnail size-thumbnail\" alt=\"\" loading=\"lazy\" srcset=\"https:\/\/franciscanos.org.br\/noticias\/wp-content\/uploads\/2025\/10\/Imagem-do-WhatsApp-de-2025-10-13-as-08.15.21_9536e10e-300x300.jpg 300w, https:\/\/franciscanos.org.br\/noticias\/wp-content\/uploads\/2025\/10\/Imagem-do-WhatsApp-de-2025-10-13-as-08.15.21_9536e10e-100x100.jpg 100w\" sizes=\"(max-width: 300px) 100vw, 300px\" \/><\/a>\n\t\t\t<\/dt><\/dl><dl class='gallery-item'>\n\t\t\t<dt class='gallery-icon portrait'>\n\t\t\t\t<a href='https:\/\/franciscanos.org.br\/noticias\/wp-content\/uploads\/2025\/10\/Imagem-do-WhatsApp-de-2025-10-13-as-08.15.21_84975669.jpg'><img width=\"300\" height=\"300\" src=\"https:\/\/franciscanos.org.br\/noticias\/wp-content\/uploads\/2025\/10\/Imagem-do-WhatsApp-de-2025-10-13-as-08.15.21_84975669-300x300.jpg\" class=\"attachment-thumbnail size-thumbnail\" alt=\"\" loading=\"lazy\" srcset=\"https:\/\/franciscanos.org.br\/noticias\/wp-content\/uploads\/2025\/10\/Imagem-do-WhatsApp-de-2025-10-13-as-08.15.21_84975669-300x300.jpg 300w, https:\/\/franciscanos.org.br\/noticias\/wp-content\/uploads\/2025\/10\/Imagem-do-WhatsApp-de-2025-10-13-as-08.15.21_84975669-100x100.jpg 100w\" sizes=\"(max-width: 300px) 100vw, 300px\" \/><\/a>\n\t\t\t<\/dt><\/dl><dl class='gallery-item'>\n\t\t\t<dt class='gallery-icon portrait'>\n\t\t\t\t<a href='https:\/\/franciscanos.org.br\/noticias\/wp-content\/uploads\/2025\/10\/Imagem-do-WhatsApp-de-2025-10-13-as-08.15.22_1f61deb7.jpg'><img width=\"300\" height=\"300\" src=\"https:\/\/franciscanos.org.br\/noticias\/wp-content\/uploads\/2025\/10\/Imagem-do-WhatsApp-de-2025-10-13-as-08.15.22_1f61deb7-300x300.jpg\" class=\"attachment-thumbnail size-thumbnail\" alt=\"\" loading=\"lazy\" srcset=\"https:\/\/franciscanos.org.br\/noticias\/wp-content\/uploads\/2025\/10\/Imagem-do-WhatsApp-de-2025-10-13-as-08.15.22_1f61deb7-300x300.jpg 300w, https:\/\/franciscanos.org.br\/noticias\/wp-content\/uploads\/2025\/10\/Imagem-do-WhatsApp-de-2025-10-13-as-08.15.22_1f61deb7-100x100.jpg 100w\" sizes=\"(max-width: 300px) 100vw, 300px\" \/><\/a>\n\t\t\t<\/dt><\/dl><dl class='gallery-item'>\n\t\t\t<dt class='gallery-icon landscape'>\n\t\t\t\t<a href='https:\/\/franciscanos.org.br\/noticias\/wp-content\/uploads\/2025\/10\/Imagem-do-WhatsApp-de-2025-10-13-as-08.15.22_3b103af8.jpg'><img width=\"300\" height=\"300\" src=\"https:\/\/franciscanos.org.br\/noticias\/wp-content\/uploads\/2025\/10\/Imagem-do-WhatsApp-de-2025-10-13-as-08.15.22_3b103af8-300x300.jpg\" class=\"attachment-thumbnail size-thumbnail\" alt=\"\" loading=\"lazy\" srcset=\"https:\/\/franciscanos.org.br\/noticias\/wp-content\/uploads\/2025\/10\/Imagem-do-WhatsApp-de-2025-10-13-as-08.15.22_3b103af8-300x300.jpg 300w, https:\/\/franciscanos.org.br\/noticias\/wp-content\/uploads\/2025\/10\/Imagem-do-WhatsApp-de-2025-10-13-as-08.15.22_3b103af8-100x100.jpg 100w\" sizes=\"(max-width: 300px) 100vw, 300px\" \/><\/a>\n\t\t\t<\/dt><\/dl><br style=\"clear: both\" \/>\n\t\t<\/div>\n\n<p>Um dos pontos altos do dia foi a partilha sobre a caridade, que proporcionou um aprofundamento na espiritualidade franciscana. Os participantes tamb\u00e9m tiveram a oportunidade de participar de um momento de recolhimento e medita\u00e7\u00e3o seguido da celebra\u00e7\u00e3o da Santa Missa.<\/p>\n<p>Durante o retiro, os frades tamb\u00e9m se dedicaram \u00e0 escuta e confiss\u00e3o dos benfeitores, demonstrando a proximidade e o cuidado da ordem com eles. O evento foi marcado por um clima de alegria e fraternidade, fortalecendo os la\u00e7os entre os frades e os benfeitores.<\/p>\n\n\t\t<style type=\"text\/css\">\n\t\t\t#gallery-2 {\n\t\t\t\tmargin: auto;\n\t\t\t}\n\t\t\t#gallery-2 .gallery-item {\n\t\t\t\tfloat: left;\n\t\t\t\tmargin-top: 10px;\n\t\t\t\ttext-align: center;\n\t\t\t\twidth: 33%;\n\t\t\t}\n\t\t\t#gallery-2 img {\n\t\t\t\tborder: 2px solid #cfcfcf;\n\t\t\t}\n\t\t\t#gallery-2 .gallery-caption {\n\t\t\t\tmargin-left: 0;\n\t\t\t}\n\t\t\t\/* see gallery_shortcode() in wp-includes\/media.php *\/\n\t\t<\/style>\n\t\t<div id='gallery-2' class='gallery galleryid-261148 gallery-columns-3 gallery-size-thumbnail'><dl class='gallery-item'>\n\t\t\t<dt class='gallery-icon portrait'>\n\t\t\t\t<a href='https:\/\/franciscanos.org.br\/noticias\/wp-content\/uploads\/2025\/10\/Imagem-do-WhatsApp-de-2025-10-13-as-08.15.21_8cca2757.jpg'><img width=\"300\" height=\"300\" src=\"https:\/\/franciscanos.org.br\/noticias\/wp-content\/uploads\/2025\/10\/Imagem-do-WhatsApp-de-2025-10-13-as-08.15.21_8cca2757-300x300.jpg\" class=\"attachment-thumbnail size-thumbnail\" alt=\"\" loading=\"lazy\" srcset=\"https:\/\/franciscanos.org.br\/noticias\/wp-content\/uploads\/2025\/10\/Imagem-do-WhatsApp-de-2025-10-13-as-08.15.21_8cca2757-300x300.jpg 300w, https:\/\/franciscanos.org.br\/noticias\/wp-content\/uploads\/2025\/10\/Imagem-do-WhatsApp-de-2025-10-13-as-08.15.21_8cca2757-100x100.jpg 100w\" sizes=\"(max-width: 300px) 100vw, 300px\" \/><\/a>\n\t\t\t<\/dt><\/dl><dl class='gallery-item'>\n\t\t\t<dt class='gallery-icon portrait'>\n\t\t\t\t<a href='https:\/\/franciscanos.org.br\/noticias\/wp-content\/uploads\/2025\/10\/Imagem-do-WhatsApp-de-2025-10-13-as-08.15.22_60742b57.jpg'><img width=\"300\" height=\"300\" src=\"https:\/\/franciscanos.org.br\/noticias\/wp-content\/uploads\/2025\/10\/Imagem-do-WhatsApp-de-2025-10-13-as-08.15.22_60742b57-300x300.jpg\" class=\"attachment-thumbnail size-thumbnail\" alt=\"\" loading=\"lazy\" srcset=\"https:\/\/franciscanos.org.br\/noticias\/wp-content\/uploads\/2025\/10\/Imagem-do-WhatsApp-de-2025-10-13-as-08.15.22_60742b57-300x300.jpg 300w, https:\/\/franciscanos.org.br\/noticias\/wp-content\/uploads\/2025\/10\/Imagem-do-WhatsApp-de-2025-10-13-as-08.15.22_60742b57-100x100.jpg 100w\" sizes=\"(max-width: 300px) 100vw, 300px\" \/><\/a>\n\t\t\t<\/dt><\/dl><dl class='gallery-item'>\n\t\t\t<dt class='gallery-icon landscape'>\n\t\t\t\t<a href='https:\/\/franciscanos.org.br\/noticias\/wp-content\/uploads\/2025\/10\/IMG-20251013-WA0016.jpg'><img width=\"300\" height=\"300\" src=\"https:\/\/franciscanos.org.br\/noticias\/wp-content\/uploads\/2025\/10\/IMG-20251013-WA0016-300x300.jpg\" class=\"attachment-thumbnail size-thumbnail\" alt=\"\" loading=\"lazy\" srcset=\"https:\/\/franciscanos.org.br\/noticias\/wp-content\/uploads\/2025\/10\/IMG-20251013-WA0016-300x300.jpg 300w, https:\/\/franciscanos.org.br\/noticias\/wp-content\/uploads\/2025\/10\/IMG-20251013-WA0016-100x100.jpg 100w\" sizes=\"(max-width: 300px) 100vw, 300px\" \/><\/a>\n\t\t\t<\/dt><\/dl><br style=\"clear: both\" \/>\n\t\t<\/div>\n\n<p>O objetivo geral do encontro foi alcan\u00e7ado, proporcionando um espa\u00e7o de conv\u00edvio e conhecimento m\u00fatuo entre os frades e aqueles que apoiam a miss\u00e3o da Ordem dos Frades Menores em Angola. Foi um dia de renova\u00e7\u00e3o da f\u00e9 e de fortalecimento dos la\u00e7os fraternos.<\/p>\n<hr \/>\n<p><em>Texto: Frei Joaquim Ant\u00f3nio Torres de Assun\u00e7\u00e3o\/ Fotos: Frei Miguel Armindo Caquarta e\u00a0 Frei Manuel Sabino Anapaz Kassindula<\/em><\/p>\n","protected":false},"excerpt":{"rendered":"<p>Benfeitortes FIMDA<\/p>\n","protected":false},"author":11,"featured_media":261150,"comment_status":"open","ping_status":"open","sticky":false,"template":"","format":"standard","meta":[],"categories":[1],"tags":[195,2437,2438],"acf":[],"yoast_head":"<!-- This site is optimized with the Yoast SEO plugin v19.2 - https:\/\/yoast.com\/wordpress\/plugins\/seo\/ -->\n<title>A caridade que nos transforma: benfeitores participam de retiro espiritual em Angola - Not\u00edcias - Franciscanos<\/title>\n<meta name=\"robots\" content=\"index, follow, max-snippet:-1, max-image-preview:large, max-video-preview:-1\" \/>\n<link rel=\"canonical\" href=\"https:\/\/franciscanos.org.br\/noticias\/a-caridade-que-nos-transforma-benfeitores-participam-de-retiro-espiritual-em-angola.html\" \/>\n<meta property=\"og:locale\" content=\"pt_BR\" \/>\n<meta property=\"og:type\" content=\"article\" \/>\n<meta property=\"og:title\" content=\"A caridade que nos transforma: benfeitores participam de retiro espiritual em Angola - Not\u00edcias - Franciscanos\" \/>\n<meta property=\"og:description\" content=\"Benfeitortes FIMDA\" \/>\n<meta property=\"og:url\" content=\"https:\/\/franciscanos.org.br\/noticias\/a-caridade-que-nos-transforma-benfeitores-participam-de-retiro-espiritual-em-angola.html\" \/>\n<meta property=\"og:site_name\" content=\"Not\u00edcias - Franciscanos\" \/>\n<meta property=\"article:published_time\" content=\"2025-10-13T13:10:47+00:00\" \/>\n<meta property=\"article:modified_time\" content=\"2025-10-13T14:49:54+00:00\" \/>\n<meta property=\"og:image\" content=\"https:\/\/franciscanos.org.br\/noticias\/wp-content\/uploads\/2025\/10\/chamada-27.jpg\" \/>\n\t<meta property=\"og:image:width\" content=\"800\" \/>\n\t<meta property=\"og:image:height\" content=\"550\" \/>\n\t<meta property=\"og:image:type\" content=\"image\/jpeg\" \/>\n<meta name=\"author\" content=\"Adriana Rabelo\" \/>\n<meta name=\"twitter:card\" content=\"summary_large_image\" \/>\n<meta name=\"twitter:label1\" content=\"Escrito por\" \/>\n\t<meta name=\"twitter:data1\" content=\"Adriana Rabelo\" \/>\n\t<meta name=\"twitter:label2\" content=\"Est. tempo de leitura\" \/>\n\t<meta name=\"twitter:data2\" content=\"2 minutos\" \/>\n<script type=\"application\/ld+json\" class=\"yoast-schema-graph\">{\"@context\":\"https:\/\/schema.org\",\"@graph\":[{\"@type\":\"WebSite\",\"@id\":\"https:\/\/franciscanos.org.br\/noticias\/#website\",\"url\":\"https:\/\/franciscanos.org.br\/noticias\/\",\"name\":\"Not\u00edcias - Franciscanos\",\"description\":\"Prov\u00edncia Franciscana da Imaculada Concei\u00e7\u00e3o do Brasil - Ordem dos Frades Menores - OFM\",\"potentialAction\":[{\"@type\":\"SearchAction\",\"target\":{\"@type\":\"EntryPoint\",\"urlTemplate\":\"https:\/\/franciscanos.org.br\/noticias\/?s={search_term_string}\"},\"query-input\":\"required name=search_term_string\"}],\"inLanguage\":\"pt-BR\"},{\"@type\":\"ImageObject\",\"inLanguage\":\"pt-BR\",\"@id\":\"https:\/\/franciscanos.org.br\/noticias\/a-caridade-que-nos-transforma-benfeitores-participam-de-retiro-espiritual-em-angola.html#primaryimage\",\"url\":\"https:\/\/franciscanos.org.br\/noticias\/wp-content\/uploads\/2025\/10\/chamada-27.jpg\",\"contentUrl\":\"https:\/\/franciscanos.org.br\/noticias\/wp-content\/uploads\/2025\/10\/chamada-27.jpg\",\"width\":800,\"height\":550},{\"@type\":\"WebPage\",\"@id\":\"https:\/\/franciscanos.org.br\/noticias\/a-caridade-que-nos-transforma-benfeitores-participam-de-retiro-espiritual-em-angola.html#webpage\",\"url\":\"https:\/\/franciscanos.org.br\/noticias\/a-caridade-que-nos-transforma-benfeitores-participam-de-retiro-espiritual-em-angola.html\",\"name\":\"A caridade que nos transforma: benfeitores participam de retiro espiritual em Angola - Not\u00edcias - Franciscanos\",\"isPartOf\":{\"@id\":\"https:\/\/franciscanos.org.br\/noticias\/#website\"},\"primaryImageOfPage\":{\"@id\":\"https:\/\/franciscanos.org.br\/noticias\/a-caridade-que-nos-transforma-benfeitores-participam-de-retiro-espiritual-em-angola.html#primaryimage\"},\"datePublished\":\"2025-10-13T13:10:47+00:00\",\"dateModified\":\"2025-10-13T14:49:54+00:00\",\"author\":{\"@id\":\"https:\/\/franciscanos.org.br\/noticias\/#\/schema\/person\/d9422e83121c3ad3b0f423d195f5bb25\"},\"breadcrumb\":{\"@id\":\"https:\/\/franciscanos.org.br\/noticias\/a-caridade-que-nos-transforma-benfeitores-participam-de-retiro-espiritual-em-angola.html#breadcrumb\"},\"inLanguage\":\"pt-BR\",\"potentialAction\":[{\"@type\":\"ReadAction\",\"target\":[\"https:\/\/franciscanos.org.br\/noticias\/a-caridade-que-nos-transforma-benfeitores-participam-de-retiro-espiritual-em-angola.html\"]}]},{\"@type\":\"BreadcrumbList\",\"@id\":\"https:\/\/franciscanos.org.br\/noticias\/a-caridade-que-nos-transforma-benfeitores-participam-de-retiro-espiritual-em-angola.html#breadcrumb\",\"itemListElement\":[{\"@type\":\"ListItem\",\"position\":1,\"name\":\"Home\",\"item\":\"https:\/\/franciscanos.org.br\/noticias\"},{\"@type\":\"ListItem\",\"position\":2,\"name\":\"A caridade que nos transforma: benfeitores participam de retiro espiritual em Angola\"}]},{\"@type\":\"Person\",\"@id\":\"https:\/\/franciscanos.org.br\/noticias\/#\/schema\/person\/d9422e83121c3ad3b0f423d195f5bb25\",\"name\":\"Adriana Rabelo\",\"image\":{\"@type\":\"ImageObject\",\"inLanguage\":\"pt-BR\",\"@id\":\"https:\/\/franciscanos.org.br\/noticias\/#\/schema\/person\/image\/\",\"url\":\"https:\/\/secure.gravatar.com\/avatar\/0a937b7500cd7df77540cfb8bede877d?s=96&d=mm&r=g\",\"contentUrl\":\"https:\/\/secure.gravatar.com\/avatar\/0a937b7500cd7df77540cfb8bede877d?s=96&d=mm&r=g\",\"caption\":\"Adriana Rabelo\"},\"url\":\"https:\/\/franciscanos.org.br\/noticias\/author\/adrianarabelo\"}]}<\/script>\n<!-- \/ Yoast SEO plugin. -->","yoast_head_json":{"title":"A caridade que nos transforma: benfeitores participam de retiro espiritual em Angola - Not\u00edcias - Franciscanos","robots":{"index":"index","follow":"follow","max-snippet":"max-snippet:-1","max-image-preview":"max-image-preview:large","max-video-preview":"max-video-preview:-1"},"canonical":"https:\/\/franciscanos.org.br\/noticias\/a-caridade-que-nos-transforma-benfeitores-participam-de-retiro-espiritual-em-angola.html","og_locale":"pt_BR","og_type":"article","og_title":"A caridade que nos transforma: benfeitores participam de retiro espiritual em Angola - Not\u00edcias - Franciscanos","og_description":"Benfeitortes FIMDA","og_url":"https:\/\/franciscanos.org.br\/noticias\/a-caridade-que-nos-transforma-benfeitores-participam-de-retiro-espiritual-em-angola.html","og_site_name":"Not\u00edcias - Franciscanos","article_published_time":"2025-10-13T13:10:47+00:00","article_modified_time":"2025-10-13T14:49:54+00:00","og_image":[{"width":800,"height":550,"url":"https:\/\/franciscanos.org.br\/noticias\/wp-content\/uploads\/2025\/10\/chamada-27.jpg","type":"image\/jpeg"}],"author":"Adriana Rabelo","twitter_card":"summary_large_image","twitter_misc":{"Escrito por":"Adriana Rabelo","Est. tempo de leitura":"2 minutos"},"schema":{"@context":"https:\/\/schema.org","@graph":[{"@type":"WebSite","@id":"https:\/\/franciscanos.org.br\/noticias\/#website","url":"https:\/\/franciscanos.org.br\/noticias\/","name":"Not\u00edcias - Franciscanos","description":"Prov\u00edncia Franciscana da Imaculada Concei\u00e7\u00e3o do Brasil - Ordem dos Frades Menores - OFM","potentialAction":[{"@type":"SearchAction","target":{"@type":"EntryPoint","urlTemplate":"https:\/\/franciscanos.org.br\/noticias\/?s={search_term_string}"},"query-input":"required name=search_term_string"}],"inLanguage":"pt-BR"},{"@type":"ImageObject","inLanguage":"pt-BR","@id":"https:\/\/franciscanos.org.br\/noticias\/a-caridade-que-nos-transforma-benfeitores-participam-de-retiro-espiritual-em-angola.html#primaryimage","url":"https:\/\/franciscanos.org.br\/noticias\/wp-content\/uploads\/2025\/10\/chamada-27.jpg","contentUrl":"https:\/\/franciscanos.org.br\/noticias\/wp-content\/uploads\/2025\/10\/chamada-27.jpg","width":800,"height":550},{"@type":"WebPage","@id":"https:\/\/franciscanos.org.br\/noticias\/a-caridade-que-nos-transforma-benfeitores-participam-de-retiro-espiritual-em-angola.html#webpage","url":"https:\/\/franciscanos.org.br\/noticias\/a-caridade-que-nos-transforma-benfeitores-participam-de-retiro-espiritual-em-angola.html","name":"A caridade que nos transforma: benfeitores participam de retiro espiritual em Angola - Not\u00edcias - Franciscanos","isPartOf":{"@id":"https:\/\/franciscanos.org.br\/noticias\/#website"},"primaryImageOfPage":{"@id":"https:\/\/franciscanos.org.br\/noticias\/a-caridade-que-nos-transforma-benfeitores-participam-de-retiro-espiritual-em-angola.html#primaryimage"},"datePublished":"2025-10-13T13:10:47+00:00","dateModified":"2025-10-13T14:49:54+00:00","author":{"@id":"https:\/\/franciscanos.org.br\/noticias\/#\/schema\/person\/d9422e83121c3ad3b0f423d195f5bb25"},"breadcrumb":{"@id":"https:\/\/franciscanos.org.br\/noticias\/a-caridade-que-nos-transforma-benfeitores-participam-de-retiro-espiritual-em-angola.html#breadcrumb"},"inLanguage":"pt-BR","potentialAction":[{"@type":"ReadAction","target":["https:\/\/franciscanos.org.br\/noticias\/a-caridade-que-nos-transforma-benfeitores-participam-de-retiro-espiritual-em-angola.html"]}]},{"@type":"BreadcrumbList","@id":"https:\/\/franciscanos.org.br\/noticias\/a-caridade-que-nos-transforma-benfeitores-participam-de-retiro-espiritual-em-angola.html#breadcrumb","itemListElement":[{"@type":"ListItem","position":1,"name":"Home","item":"https:\/\/franciscanos.org.br\/noticias"},{"@type":"ListItem","position":2,"name":"A caridade que nos transforma: benfeitores participam de retiro espiritual em Angola"}]},{"@type":"Person","@id":"https:\/\/franciscanos.org.br\/noticias\/#\/schema\/person\/d9422e83121c3ad3b0f423d195f5bb25","name":"Adriana Rabelo","image":{"@type":"ImageObject","inLanguage":"pt-BR","@id":"https:\/\/franciscanos.org.br\/noticias\/#\/schema\/person\/image\/","url":"https:\/\/secure.gravatar.com\/avatar\/0a937b7500cd7df77540cfb8bede877d?s=96&d=mm&r=g","contentUrl":"https:\/\/secure.gravatar.com\/avatar\/0a937b7500cd7df77540cfb8bede877d?s=96&d=mm&r=g","caption":"Adriana Rabelo"},"url":"https:\/\/franciscanos.org.br\/noticias\/author\/adrianarabelo"}]}},"_links":{"self":[{"href":"https:\/\/franciscanos.org.br\/noticias\/wp-json\/wp\/v2\/posts\/261148"}],"collection":[{"href":"https:\/\/franciscanos.org.br\/noticias\/wp-json\/wp\/v2\/posts"}],"about":[{"href":"https:\/\/franciscanos.org.br\/noticias\/wp-json\/wp\/v2\/types\/post"}],"author":[{"embeddable":true,"href":"https:\/\/franciscanos.org.br\/noticias\/wp-json\/wp\/v2\/users\/11"}],"replies":[{"embeddable":true,"href":"https:\/\/franciscanos.org.br\/noticias\/wp-json\/wp\/v2\/comments?post=261148"}],"version-history":[{"count":2,"href":"https:\/\/franciscanos.org.br\/noticias\/wp-json\/wp\/v2\/posts\/261148\/revisions"}],"predecessor-version":[{"id":261160,"href":"https:\/\/franciscanos.org.br\/noticias\/wp-json\/wp\/v2\/posts\/261148\/revisions\/261160"}],"wp:featuredmedia":[{"embeddable":true,"href":"https:\/\/franciscanos.org.br\/noticias\/wp-json\/wp\/v2\/media\/261150"}],"wp:attachment":[{"href":"https:\/\/franciscanos.org.br\/noticias\/wp-json\/wp\/v2\/media?parent=261148"}],"wp:term":[{"taxonomy":"category","embeddable":true,"href":"https:\/\/franciscanos.org.br\/noticias\/wp-json\/wp\/v2\/categories?post=261148"},{"taxonomy":"post_tag","embeddable":true,"href":"https:\/\/franciscanos.org.br\/noticias\/wp-json\/wp\/v2\/tags?post=261148"}],"curies":[{"name":"wp","href":"https:\/\/api.w.org\/{rel}","templated":true}]}}