{"id":261113,"date":"2025-10-13T08:17:32","date_gmt":"2025-10-13T11:17:32","guid":{"rendered":"https:\/\/franciscanos.org.br\/noticias\/?p=261113"},"modified":"2025-10-13T08:17:32","modified_gmt":"2025-10-13T11:17:32","slug":"terceiro-dia-do-triduo-viver-a-missao-de-presbitero-e-optar-sempre-pela-simplicidade","status":"publish","type":"post","link":"https:\/\/franciscanos.org.br\/noticias\/terceiro-dia-do-triduo-viver-a-missao-de-presbitero-e-optar-sempre-pela-simplicidade.html","title":{"rendered":"Terceiro dia do Tr\u00edduo: \u201cViver a miss\u00e3o de presb\u00edtero \u00e9 optar sempre pela simplicidade\u201d"},"content":{"rendered":"<p><img loading=\"lazy\" class=\"aligncenter wp-image-261115 size-full\" src=\"https:\/\/franciscanos.org.br\/noticias\/wp-content\/uploads\/2025\/10\/materia-1-10.jpg\" alt=\"\" width=\"1280\" height=\"720\" srcset=\"https:\/\/franciscanos.org.br\/noticias\/wp-content\/uploads\/2025\/10\/materia-1-10.jpg 1280w, https:\/\/franciscanos.org.br\/noticias\/wp-content\/uploads\/2025\/10\/materia-1-10-450x253.jpg 450w, https:\/\/franciscanos.org.br\/noticias\/wp-content\/uploads\/2025\/10\/materia-1-10-1024x576.jpg 1024w, https:\/\/franciscanos.org.br\/noticias\/wp-content\/uploads\/2025\/10\/materia-1-10-768x432.jpg 768w, https:\/\/franciscanos.org.br\/noticias\/wp-content\/uploads\/2025\/10\/materia-1-10-150x84.jpg 150w\" sizes=\"(max-width: 1280px) 100vw, 1280px\" \/><\/p>\n<p>A Semana Mission\u00e1ria em prepara\u00e7\u00e3o para a Ordena\u00e7\u00e3o Presbiteral do Frei Felipe Medeiros Carretta chegou ao seu terceiro dia, na sexta-feira, 10 de setembro, com o encerramento do tr\u00edduo na hist\u00f3rica Igreja de Nossa Senhora do Ros\u00e1rio, localizada no s\u00edtio hist\u00f3rico da Prainha, em Vila Velha (ES). Mission\u00e1rios, frades, fi\u00e9is da comunidade paroquial e amigos do di\u00e1cono transit\u00f3rio, cantaram louvores de a\u00e7\u00e3o de gra\u00e7as pela vida e testemunho do filho da terra.<\/p>\n<p><img loading=\"lazy\" class=\"size-medium wp-image-261116 alignright\" src=\"https:\/\/franciscanos.org.br\/noticias\/wp-content\/uploads\/2025\/10\/3o-dia-do-Triduo-Frei-Felipe-Carretta-10-10-2025-1-1536x1024-1-450x300.jpg\" alt=\"\" width=\"450\" height=\"300\" srcset=\"https:\/\/franciscanos.org.br\/noticias\/wp-content\/uploads\/2025\/10\/3o-dia-do-Triduo-Frei-Felipe-Carretta-10-10-2025-1-1536x1024-1-450x300.jpg 450w, https:\/\/franciscanos.org.br\/noticias\/wp-content\/uploads\/2025\/10\/3o-dia-do-Triduo-Frei-Felipe-Carretta-10-10-2025-1-1536x1024-1-1024x683.jpg 1024w, https:\/\/franciscanos.org.br\/noticias\/wp-content\/uploads\/2025\/10\/3o-dia-do-Triduo-Frei-Felipe-Carretta-10-10-2025-1-1536x1024-1-768x512.jpg 768w, https:\/\/franciscanos.org.br\/noticias\/wp-content\/uploads\/2025\/10\/3o-dia-do-Triduo-Frei-Felipe-Carretta-10-10-2025-1-1536x1024-1-150x100.jpg 150w, https:\/\/franciscanos.org.br\/noticias\/wp-content\/uploads\/2025\/10\/3o-dia-do-Triduo-Frei-Felipe-Carretta-10-10-2025-1-1536x1024-1.jpg 1536w\" sizes=\"(max-width: 450px) 100vw, 450px\" \/>A Igreja do Ros\u00e1rio \u00e9 a mais antiga em funcionamento e em atividade lit\u00fargica no Brasil, com data de funda\u00e7\u00e3o de 1535. O local guarda in\u00fameras mem\u00f3rias e j\u00e1 testemunhou acontecimentos importantes na hist\u00f3ria da Prov\u00edncia Franciscana da Imaculada Concei\u00e7\u00e3o do Brasil, al\u00e9m de ser um marco importante para a identidade cultural, hist\u00f3rica, religiosa e geogr\u00e1fica do estado do Esp\u00edrito Santo. Agora ela tamb\u00e9m \u00e9 testemunha da fidelidade de um filho devoto, pois foi diante da Virgem do Ros\u00e1rio e dos fi\u00e9is que Frei Felipe reafirmou seu compromisso de ser fiel aos ensinamentos de Jesus Cristo e da Santa Igreja.<\/p>\n<p>\u201cTe amarei, Senhor! Te amarei, Senhor! Eu s\u00f3 encontro a paz e a alegria, bem perto de Ti\u201d. Foi entoando esse c\u00e2ntico de comprometimento com o Senhor, que teve in\u00edcio a Celebra\u00e7\u00e3o da Eucaristia. O tema da reflex\u00e3o foi a Voca\u00e7\u00e3o Presbiteral, um convite a confirmar a decis\u00e3o \u201cpara sempre seguir-Te, n\u00e3o voltar atr\u00e1s\u201d, parafraseando a can\u00e7\u00e3o. No \u201cjuramento de fidelidade\u201d, o jovem frade se compromete a seguir a Cristo com todas suas exig\u00eancias e necessidades.<\/p>\n<p><img loading=\"lazy\" class=\"aligncenter wp-image-261118 size-full\" src=\"https:\/\/franciscanos.org.br\/noticias\/wp-content\/uploads\/2025\/10\/materia2-11.jpg\" alt=\"\" width=\"1280\" height=\"720\" srcset=\"https:\/\/franciscanos.org.br\/noticias\/wp-content\/uploads\/2025\/10\/materia2-11.jpg 1280w, https:\/\/franciscanos.org.br\/noticias\/wp-content\/uploads\/2025\/10\/materia2-11-450x253.jpg 450w, https:\/\/franciscanos.org.br\/noticias\/wp-content\/uploads\/2025\/10\/materia2-11-1024x576.jpg 1024w, https:\/\/franciscanos.org.br\/noticias\/wp-content\/uploads\/2025\/10\/materia2-11-768x432.jpg 768w, https:\/\/franciscanos.org.br\/noticias\/wp-content\/uploads\/2025\/10\/materia2-11-150x84.jpg 150w\" sizes=\"(max-width: 1280px) 100vw, 1280px\" \/><\/p>\n<p>Frei F\u00e1bio Vasconcelos, OFM, da Cust\u00f3dia S\u00e3o Benedito da Amaz\u00f4nia (Santar\u00e9m, Par\u00e1), presidiu a Missa. Os frades da Prov\u00edncia tamb\u00e9m estiveram presentes, inclusive o Ministro provincial, Frei Paulo Roberto Pereira, que possui uma proximidade muito grande com a cidade canela-verde, j\u00e1 que foi p\u00e1roco da Par\u00f3quia do Ros\u00e1rio e Guardi\u00e3o do Convento da Penha. Al\u00e9m disso, ele tamb\u00e9m foi um dos frades que inspiraram Frei Felipe ao chamado da vida religiosa consagrada franciscana.<\/p>\n<p><img loading=\"lazy\" class=\"aligncenter wp-image-261119 size-full\" src=\"https:\/\/franciscanos.org.br\/noticias\/wp-content\/uploads\/2025\/10\/materia3-5.jpg\" alt=\"\" width=\"1280\" height=\"720\" srcset=\"https:\/\/franciscanos.org.br\/noticias\/wp-content\/uploads\/2025\/10\/materia3-5.jpg 1280w, https:\/\/franciscanos.org.br\/noticias\/wp-content\/uploads\/2025\/10\/materia3-5-450x253.jpg 450w, https:\/\/franciscanos.org.br\/noticias\/wp-content\/uploads\/2025\/10\/materia3-5-1024x576.jpg 1024w, https:\/\/franciscanos.org.br\/noticias\/wp-content\/uploads\/2025\/10\/materia3-5-768x432.jpg 768w, https:\/\/franciscanos.org.br\/noticias\/wp-content\/uploads\/2025\/10\/materia3-5-150x84.jpg 150w\" sizes=\"(max-width: 1280px) 100vw, 1280px\" \/><\/p>\n<p>Ao iniciar a homilia, o frade destacou que ao abra\u00e7ar a voca\u00e7\u00e3o presbiteral, Frei Felipe tamb\u00e9m abra\u00e7a a voca\u00e7\u00e3o de cada um, pois \u201c\u00e9 no cora\u00e7\u00e3o das comunidades onde nascem as voca\u00e7\u00f5es\u201d. E continuou: \u201cE nesses tr\u00eas dias n\u00f3s tivemos a oportunidade de percorrer todo esse itiner\u00e1rio, desde a voca\u00e7\u00e3o batismal, esse grande chamado ao seguimento de Cristo, a voca\u00e7\u00e3o \u00e0 vida religiosa e hoje a voca\u00e7\u00e3o presbiteral. N\u00f3s recordamos que seguir Cristo \u00e9 sempre colocar-se a caminho. Ent\u00e3o, um jovem que viu todo aquele movimento, corre ao encontro de Jesus, ele n\u00e3o quer perder a oportunidade, tem pressa e vai ao encontro do Senhor, porque sabe que nele pode encontrar uma proposta de vida, um itiner\u00e1rio mission\u00e1rio e vocacional, mas o Evangelho nos mostra que, ao serem apresentadas as exig\u00eancias desse caminho, o jovem n\u00e3o d\u00e1 o passo seguinte, n\u00e3o d\u00e1 o passo mais profundo de entregar-se totalmente, de deixar para tr\u00e1s suas certezas, suas seguran\u00e7as, as seguran\u00e7as que muitas das vezes n\u00f3s depositamos no dinheiro, no status, at\u00e9 mesmo, como ele pr\u00f3prio diz, nas boas a\u00e7\u00f5es que ele realizava. N\u00e3o basta as boas a\u00e7\u00f5es, n\u00e3o bastam as boas a\u00e7\u00f5es, n\u00e3o basta, n\u00f3s precisamos viver o caminho de Cristo, viver acompanhando o Senhor no seu discipulado. Esse caminho que fez tamb\u00e9m Francisco de Assis\u201d, explicou.<\/p>\n<p>\u201cEnt\u00e3o, viver a miss\u00e3o de presb\u00edtero, a voca\u00e7\u00e3o presbiteral, dentro de uma din\u00e2mica franciscana, \u00e9 optar sempre pela simplicidade, \u00e9 optar sempre pelo Cristo como a nossa refer\u00eancia. Quando n\u00f3s escutamos hoje tamb\u00e9m a Carta aos Hebreus, n\u00f3s vemos que Cristo \u00e9 o modelo por excel\u00eancia, a refer\u00eancia do sacerd\u00f3cio. Ele, como n\u00f3s rezamos na ora\u00e7\u00e3o eucar\u00edstica, \u00e9 o sacerdote verdadeiro, Ele \u00e9 que \u00e9 o sacerdote. E n\u00f3s, na nossa miss\u00e3o, na nossa caminhada, buscamos nos configurar a Ele, a ser sinais de esperan\u00e7a. E o pr\u00f3prio Cristo, em muitas das passagens, percorre os caminhos observando as pessoas, observando suas dores, tendo compaix\u00e3o de uma multid\u00e3o e convidando outros para esse seguimento do reino. Ele pr\u00f3prio sabe que a messe \u00e9 grande, que o trabalho \u00e9 enorme, mas poucos os trabalhadores, poucos os que se disp\u00f5em a seguir, a caminhar com Ele\u201d, comentou Frei F\u00e1bio.<\/p>\n\n\t\t<style type=\"text\/css\">\n\t\t\t#gallery-1 {\n\t\t\t\tmargin: auto;\n\t\t\t}\n\t\t\t#gallery-1 .gallery-item {\n\t\t\t\tfloat: left;\n\t\t\t\tmargin-top: 10px;\n\t\t\t\ttext-align: center;\n\t\t\t\twidth: 25%;\n\t\t\t}\n\t\t\t#gallery-1 img {\n\t\t\t\tborder: 2px solid #cfcfcf;\n\t\t\t}\n\t\t\t#gallery-1 .gallery-caption {\n\t\t\t\tmargin-left: 0;\n\t\t\t}\n\t\t\t\/* see gallery_shortcode() in wp-includes\/media.php *\/\n\t\t<\/style>\n\t\t<div id='gallery-1' class='gallery galleryid-261113 gallery-columns-4 gallery-size-thumbnail'><dl class='gallery-item'>\n\t\t\t<dt class='gallery-icon landscape'>\n\t\t\t\t<a href='https:\/\/franciscanos.org.br\/noticias\/wp-content\/uploads\/2025\/10\/3o-dia-do-Triduo-Frei-Felipe-Carretta-10-10-2025-10-1536x1024-1.jpg'><img width=\"300\" height=\"300\" src=\"https:\/\/franciscanos.org.br\/noticias\/wp-content\/uploads\/2025\/10\/3o-dia-do-Triduo-Frei-Felipe-Carretta-10-10-2025-10-1536x1024-1-300x300.jpg\" class=\"attachment-thumbnail size-thumbnail\" alt=\"\" loading=\"lazy\" srcset=\"https:\/\/franciscanos.org.br\/noticias\/wp-content\/uploads\/2025\/10\/3o-dia-do-Triduo-Frei-Felipe-Carretta-10-10-2025-10-1536x1024-1-300x300.jpg 300w, https:\/\/franciscanos.org.br\/noticias\/wp-content\/uploads\/2025\/10\/3o-dia-do-Triduo-Frei-Felipe-Carretta-10-10-2025-10-1536x1024-1-100x100.jpg 100w\" sizes=\"(max-width: 300px) 100vw, 300px\" \/><\/a>\n\t\t\t<\/dt><\/dl><dl class='gallery-item'>\n\t\t\t<dt class='gallery-icon landscape'>\n\t\t\t\t<a href='https:\/\/franciscanos.org.br\/noticias\/wp-content\/uploads\/2025\/10\/3o-dia-do-Triduo-Frei-Felipe-Carretta-10-10-2025-11-1536x1024-1.jpg'><img width=\"300\" height=\"300\" src=\"https:\/\/franciscanos.org.br\/noticias\/wp-content\/uploads\/2025\/10\/3o-dia-do-Triduo-Frei-Felipe-Carretta-10-10-2025-11-1536x1024-1-300x300.jpg\" class=\"attachment-thumbnail size-thumbnail\" alt=\"\" loading=\"lazy\" srcset=\"https:\/\/franciscanos.org.br\/noticias\/wp-content\/uploads\/2025\/10\/3o-dia-do-Triduo-Frei-Felipe-Carretta-10-10-2025-11-1536x1024-1-300x300.jpg 300w, https:\/\/franciscanos.org.br\/noticias\/wp-content\/uploads\/2025\/10\/3o-dia-do-Triduo-Frei-Felipe-Carretta-10-10-2025-11-1536x1024-1-100x100.jpg 100w\" sizes=\"(max-width: 300px) 100vw, 300px\" \/><\/a>\n\t\t\t<\/dt><\/dl><dl class='gallery-item'>\n\t\t\t<dt class='gallery-icon landscape'>\n\t\t\t\t<a href='https:\/\/franciscanos.org.br\/noticias\/wp-content\/uploads\/2025\/10\/3o-dia-do-Triduo-Frei-Felipe-Carretta-10-10-2025-12-1536x1024-1.jpg'><img width=\"300\" height=\"300\" src=\"https:\/\/franciscanos.org.br\/noticias\/wp-content\/uploads\/2025\/10\/3o-dia-do-Triduo-Frei-Felipe-Carretta-10-10-2025-12-1536x1024-1-300x300.jpg\" class=\"attachment-thumbnail size-thumbnail\" alt=\"\" loading=\"lazy\" srcset=\"https:\/\/franciscanos.org.br\/noticias\/wp-content\/uploads\/2025\/10\/3o-dia-do-Triduo-Frei-Felipe-Carretta-10-10-2025-12-1536x1024-1-300x300.jpg 300w, https:\/\/franciscanos.org.br\/noticias\/wp-content\/uploads\/2025\/10\/3o-dia-do-Triduo-Frei-Felipe-Carretta-10-10-2025-12-1536x1024-1-100x100.jpg 100w\" sizes=\"(max-width: 300px) 100vw, 300px\" \/><\/a>\n\t\t\t<\/dt><\/dl><dl class='gallery-item'>\n\t\t\t<dt class='gallery-icon landscape'>\n\t\t\t\t<a href='https:\/\/franciscanos.org.br\/noticias\/wp-content\/uploads\/2025\/10\/3o-dia-do-Triduo-Frei-Felipe-Carretta-10-10-2025-13-1536x1024-1.jpg'><img width=\"300\" height=\"300\" src=\"https:\/\/franciscanos.org.br\/noticias\/wp-content\/uploads\/2025\/10\/3o-dia-do-Triduo-Frei-Felipe-Carretta-10-10-2025-13-1536x1024-1-300x300.jpg\" class=\"attachment-thumbnail size-thumbnail\" alt=\"\" loading=\"lazy\" srcset=\"https:\/\/franciscanos.org.br\/noticias\/wp-content\/uploads\/2025\/10\/3o-dia-do-Triduo-Frei-Felipe-Carretta-10-10-2025-13-1536x1024-1-300x300.jpg 300w, https:\/\/franciscanos.org.br\/noticias\/wp-content\/uploads\/2025\/10\/3o-dia-do-Triduo-Frei-Felipe-Carretta-10-10-2025-13-1536x1024-1-100x100.jpg 100w\" sizes=\"(max-width: 300px) 100vw, 300px\" \/><\/a>\n\t\t\t<\/dt><\/dl><br style=\"clear: both\" \/>\n\t\t<\/div>\n\n<p>Ainda no contexto da Carta aos Hebreus, o frade lembrou que \u201co sacerd\u00f3cio de Cristo que n\u00e3o \u00e9 simplesmente um sacerd\u00f3cio ritual, ritual\u00edstico, cultural, n\u00e3o, \u00e9 um sacerd\u00f3cio vivencial. Cristo fez da sua pr\u00f3pria vida uma liturgia e Ele pr\u00f3prio se fez sacerdote na cruz, sendo tamb\u00e9m a v\u00edtima, a oferta, sendo tamb\u00e9m Ele o sacrif\u00edcio para os outros. Tantas vezes na celebra\u00e7\u00e3o, n\u00f3s dizemos o meu e o vosso sacrif\u00edcio e quantos s\u00e3o tamb\u00e9m os sacrif\u00edcios que n\u00f3s precisamos fazer, quantas abnega\u00e7\u00f5es precisamos realizar para o seguimento de Cristo, n\u00e3o s\u00f3 os ministros ordenados, mas todos n\u00f3s, nessa comunidade sinodal, nessa comunidade que quer caminhar junto com o Senhor, nessa comunidade toda ela vocacionada ao reino\u201d.<\/p>\n<p>Frei F\u00e1bio fez uma correla\u00e7\u00e3o entre o tema do primeiro dia do tr\u00edduo, ou seja, entre a voca\u00e7\u00e3o batismal com a voca\u00e7\u00e3o presbiteral. \u201cN\u00f3s precisamos abra\u00e7ar tamb\u00e9m esse sacerd\u00f3cio que \u00e9 comum de todos os fi\u00e9is, todo batizado, toda batizada \u00e9 um sacerdote tamb\u00e9m nesse reino, \u00e9 a pessoa que eleva a Deus preces, s\u00faplicas, como o pr\u00f3prio Cristo fez, como o pr\u00f3prio Cristo fez. Ent\u00e3o nos tornamos imagens desse Cristo orante, desse Cristo que se entrega para que uns aos outros nos ajudemos, tanto os ministros ordenados, quanto os fi\u00e9is leigos e leigas, que n\u00f3s possamos caminhar para o \u00fanico sacerd\u00f3cio, \u00e9 o Cristo que preside, que nos preside, \u00e9 Ele quem celebra, Ele que nos encaminha, Ele que \u00e9 o sentido do nosso viver. E tamb\u00e9m, n\u00f3s escutamos no Evangelho, Cristo que tem compaix\u00e3o, que olha para os sofredores\u201d, observou.<\/p>\n<p>\u201cA miss\u00e3o do presb\u00edtero \u00e9 tamb\u00e9m essa, de levar conforto, consola\u00e7\u00e3o, perceber da realidade. E a forma\u00e7\u00e3o vocacional com Jesus, n\u00e3o \u00e9 uma forma\u00e7\u00e3o simplesmente escolar, n\u00e3o \u00e9 uma forma\u00e7\u00e3o intelectual, n\u00e3o, \u00e9 uma forma\u00e7\u00e3o do fazer e do viver no meio do povo. \u00c9 nesse viver, \u00e9 nesse aproximar-se que n\u00f3s temos tantos crit\u00e9rios do discernimento do nosso servi\u00e7o ao povo, na forma como n\u00f3s dialogamos, na forma como n\u00f3s testemunhamos, como tamb\u00e9m n\u00f3s temos a apresenta\u00e7\u00e3o desse caminho, \u00e9 o caminho de servi\u00e7o\u201d, explanou.<\/p>\n\n\t\t<style type=\"text\/css\">\n\t\t\t#gallery-2 {\n\t\t\t\tmargin: auto;\n\t\t\t}\n\t\t\t#gallery-2 .gallery-item {\n\t\t\t\tfloat: left;\n\t\t\t\tmargin-top: 10px;\n\t\t\t\ttext-align: center;\n\t\t\t\twidth: 33%;\n\t\t\t}\n\t\t\t#gallery-2 img {\n\t\t\t\tborder: 2px solid #cfcfcf;\n\t\t\t}\n\t\t\t#gallery-2 .gallery-caption {\n\t\t\t\tmargin-left: 0;\n\t\t\t}\n\t\t\t\/* see gallery_shortcode() in wp-includes\/media.php *\/\n\t\t<\/style>\n\t\t<div id='gallery-2' class='gallery galleryid-261113 gallery-columns-3 gallery-size-thumbnail'><dl class='gallery-item'>\n\t\t\t<dt class='gallery-icon landscape'>\n\t\t\t\t<a href='https:\/\/franciscanos.org.br\/noticias\/wp-content\/uploads\/2025\/10\/3o-dia-do-Triduo-Frei-Felipe-Carretta-10-10-2025-25-1536x1024-1.jpg'><img width=\"300\" height=\"300\" src=\"https:\/\/franciscanos.org.br\/noticias\/wp-content\/uploads\/2025\/10\/3o-dia-do-Triduo-Frei-Felipe-Carretta-10-10-2025-25-1536x1024-1-300x300.jpg\" class=\"attachment-thumbnail size-thumbnail\" alt=\"\" loading=\"lazy\" srcset=\"https:\/\/franciscanos.org.br\/noticias\/wp-content\/uploads\/2025\/10\/3o-dia-do-Triduo-Frei-Felipe-Carretta-10-10-2025-25-1536x1024-1-300x300.jpg 300w, https:\/\/franciscanos.org.br\/noticias\/wp-content\/uploads\/2025\/10\/3o-dia-do-Triduo-Frei-Felipe-Carretta-10-10-2025-25-1536x1024-1-100x100.jpg 100w\" sizes=\"(max-width: 300px) 100vw, 300px\" \/><\/a>\n\t\t\t<\/dt><\/dl><dl class='gallery-item'>\n\t\t\t<dt class='gallery-icon landscape'>\n\t\t\t\t<a href='https:\/\/franciscanos.org.br\/noticias\/wp-content\/uploads\/2025\/10\/3o-dia-do-Triduo-Frei-Felipe-Carretta-10-10-2025-27-1536x1024-1.jpg'><img width=\"300\" height=\"300\" src=\"https:\/\/franciscanos.org.br\/noticias\/wp-content\/uploads\/2025\/10\/3o-dia-do-Triduo-Frei-Felipe-Carretta-10-10-2025-27-1536x1024-1-300x300.jpg\" class=\"attachment-thumbnail size-thumbnail\" alt=\"\" loading=\"lazy\" srcset=\"https:\/\/franciscanos.org.br\/noticias\/wp-content\/uploads\/2025\/10\/3o-dia-do-Triduo-Frei-Felipe-Carretta-10-10-2025-27-1536x1024-1-300x300.jpg 300w, https:\/\/franciscanos.org.br\/noticias\/wp-content\/uploads\/2025\/10\/3o-dia-do-Triduo-Frei-Felipe-Carretta-10-10-2025-27-1536x1024-1-100x100.jpg 100w\" sizes=\"(max-width: 300px) 100vw, 300px\" \/><\/a>\n\t\t\t<\/dt><\/dl><dl class='gallery-item'>\n\t\t\t<dt class='gallery-icon landscape'>\n\t\t\t\t<a href='https:\/\/franciscanos.org.br\/noticias\/wp-content\/uploads\/2025\/10\/3o-dia-do-Triduo-Frei-Felipe-Carretta-10-10-2025-35-1536x1024-1.jpg'><img width=\"300\" height=\"300\" src=\"https:\/\/franciscanos.org.br\/noticias\/wp-content\/uploads\/2025\/10\/3o-dia-do-Triduo-Frei-Felipe-Carretta-10-10-2025-35-1536x1024-1-300x300.jpg\" class=\"attachment-thumbnail size-thumbnail\" alt=\"\" loading=\"lazy\" srcset=\"https:\/\/franciscanos.org.br\/noticias\/wp-content\/uploads\/2025\/10\/3o-dia-do-Triduo-Frei-Felipe-Carretta-10-10-2025-35-1536x1024-1-300x300.jpg 300w, https:\/\/franciscanos.org.br\/noticias\/wp-content\/uploads\/2025\/10\/3o-dia-do-Triduo-Frei-Felipe-Carretta-10-10-2025-35-1536x1024-1-100x100.jpg 100w\" sizes=\"(max-width: 300px) 100vw, 300px\" \/><\/a>\n\t\t\t<\/dt><\/dl><br style=\"clear: both\" \/>\n\t\t<\/div>\n\n<p>Por fim, Frei F\u00e1bio afirmou que o presbiterato \u00e9 uma voca\u00e7\u00e3o de servi\u00e7o ao outro. \u201cN\u00e3o do servi\u00e7o a si pr\u00f3prio, n\u00e3o do servi\u00e7o aos pr\u00f3prios interesses. Um servi\u00e7o ao outro, um servi\u00e7o que nos arranca do \u2018autorreferencialismo\u2019, que nos arranca do desejo de vivermos em fun\u00e7\u00e3o de n\u00f3s mesmos, \u00e9 isso que Cristo nos apresenta. Ent\u00e3o, que n\u00f3s rezemos pelo Frei Felipe, rezemos pela sua fam\u00edlia, que nos doa, que doa a igreja esse irm\u00e3o, rezemos por todos n\u00f3s, para que n\u00f3s encontremos e vivamos essa voca\u00e7\u00e3o do bom mestre, do Senhor, com quem n\u00f3s queremos para sempre caminhar\u201d, concluiu.<\/p>\n<p><img loading=\"lazy\" class=\"aligncenter wp-image-261124 size-full\" src=\"https:\/\/franciscanos.org.br\/noticias\/wp-content\/uploads\/2025\/10\/materia4-2.jpg\" alt=\"\" width=\"1280\" height=\"720\" srcset=\"https:\/\/franciscanos.org.br\/noticias\/wp-content\/uploads\/2025\/10\/materia4-2.jpg 1280w, https:\/\/franciscanos.org.br\/noticias\/wp-content\/uploads\/2025\/10\/materia4-2-450x253.jpg 450w, https:\/\/franciscanos.org.br\/noticias\/wp-content\/uploads\/2025\/10\/materia4-2-1024x576.jpg 1024w, https:\/\/franciscanos.org.br\/noticias\/wp-content\/uploads\/2025\/10\/materia4-2-768x432.jpg 768w, https:\/\/franciscanos.org.br\/noticias\/wp-content\/uploads\/2025\/10\/materia4-2-150x84.jpg 150w\" sizes=\"(max-width: 1280px) 100vw, 1280px\" \/><\/p>\n<p>Ap\u00f3s a reflex\u00e3o, Frei Gabriel Dellandrea auxiliou no rito de \u201cjuramento de fidelidade\u201d, onde Frei Felipe colocou suas m\u00e3os na Sagrada Escritura, afirmando que \u201cao assumir a fun\u00e7\u00e3o de Presb\u00edtero, prometo conservar sempre a comunh\u00e3o com a Igreja Cat\u00f3lica, seja nas palavras, seja no modo de agir. Desempenharei, com grande dilig\u00eancia e fidelidade, os deveres a que estou obrigado para com a Igreja, tanto universal como particular, na qual, segundo as normas do direito, fui chamado a prestar o meu servi\u00e7o\u201d, diz o trecho inicial.<\/p>\n<p>Esse momento expressou a realidade em que a voca\u00e7\u00e3o presbiteral n\u00e3o se constr\u00f3i sozinho, mas com os fi\u00e9is, com a comunidade e principalmente com a fraternidade. Frei Felipe professou sua entrega total a Jesus Cristo e \u00e0 Igreja. Assim que fez a leitura confirmando seu juramento, Frei Felipe apresentou o documento \u00e0 assembleia e entregou para ser arquivado no centro de documenta\u00e7\u00e3o da Prov\u00edncia.<\/p>\n<p><img loading=\"lazy\" class=\"aligncenter wp-image-261125 size-full\" src=\"https:\/\/franciscanos.org.br\/noticias\/wp-content\/uploads\/2025\/10\/materia4-3.jpg\" alt=\"\" width=\"1280\" height=\"720\" srcset=\"https:\/\/franciscanos.org.br\/noticias\/wp-content\/uploads\/2025\/10\/materia4-3.jpg 1280w, https:\/\/franciscanos.org.br\/noticias\/wp-content\/uploads\/2025\/10\/materia4-3-450x253.jpg 450w, https:\/\/franciscanos.org.br\/noticias\/wp-content\/uploads\/2025\/10\/materia4-3-1024x576.jpg 1024w, https:\/\/franciscanos.org.br\/noticias\/wp-content\/uploads\/2025\/10\/materia4-3-768x432.jpg 768w, https:\/\/franciscanos.org.br\/noticias\/wp-content\/uploads\/2025\/10\/materia4-3-150x84.jpg 150w\" sizes=\"(max-width: 1280px) 100vw, 1280px\" \/><\/p>\n<p>Na sequ\u00eancia, com o Ritual de B\u00ean\u00e7\u00e3os, o presidente da Celebra\u00e7\u00e3o Frei F\u00e1bio, aben\u00e7oou as vestes do neossacerdote (estola e casula) e os objetos eucar\u00edsticos, patena e c\u00e1lice, onde Frei Felipe, a partir de sua ordena\u00e7\u00e3o, vai consagrar p\u00e3o e vinho, se tornando Corpo e Sangue de Cristo. O ato \u00e9 carregado de import\u00e2ncia, porque no momento da Ordena\u00e7\u00e3o, o bispo ordenante vai entregar nas m\u00e3os do di\u00e1cono dizendo-lhe: \u201cRecebe a oferenda do povo para apresent\u00e1-la a Deus. Toma consci\u00eancia do que vais fazer e p\u00f5e em pr\u00e1tica o que vais celebrar, conformando tua vida ao mist\u00e9rio da cruz do Senhor\u201d.<\/p>\n<p><img loading=\"lazy\" class=\"aligncenter wp-image-261126 size-full\" src=\"https:\/\/franciscanos.org.br\/noticias\/wp-content\/uploads\/2025\/10\/materia5-4.jpg\" alt=\"\" width=\"1280\" height=\"720\" srcset=\"https:\/\/franciscanos.org.br\/noticias\/wp-content\/uploads\/2025\/10\/materia5-4.jpg 1280w, https:\/\/franciscanos.org.br\/noticias\/wp-content\/uploads\/2025\/10\/materia5-4-450x253.jpg 450w, https:\/\/franciscanos.org.br\/noticias\/wp-content\/uploads\/2025\/10\/materia5-4-1024x576.jpg 1024w, https:\/\/franciscanos.org.br\/noticias\/wp-content\/uploads\/2025\/10\/materia5-4-768x432.jpg 768w, https:\/\/franciscanos.org.br\/noticias\/wp-content\/uploads\/2025\/10\/materia5-4-150x84.jpg 150w\" sizes=\"(max-width: 1280px) 100vw, 1280px\" \/><\/p>\n<p>Antes da B\u00ean\u00e7\u00e3o Final, os frades impuseram as m\u00e3os sobre Frei Felipe invocando b\u00ean\u00e7\u00e3os, rezando por sua vida e pedindo a intercess\u00e3o de Nossa Senhora. Depois, cantaram o refr\u00e3o do hino de Nossa Senhora da Penha. Os familiares do jovem frade capixaba participaram e tamb\u00e9m receberam as b\u00ean\u00e7\u00e3os no fim.<\/p>\n<p><img loading=\"lazy\" class=\"aligncenter wp-image-261131 size-full\" src=\"https:\/\/franciscanos.org.br\/noticias\/wp-content\/uploads\/2025\/10\/materia6-4.jpg\" alt=\"\" width=\"1280\" height=\"720\" srcset=\"https:\/\/franciscanos.org.br\/noticias\/wp-content\/uploads\/2025\/10\/materia6-4.jpg 1280w, https:\/\/franciscanos.org.br\/noticias\/wp-content\/uploads\/2025\/10\/materia6-4-450x253.jpg 450w, https:\/\/franciscanos.org.br\/noticias\/wp-content\/uploads\/2025\/10\/materia6-4-1024x576.jpg 1024w, https:\/\/franciscanos.org.br\/noticias\/wp-content\/uploads\/2025\/10\/materia6-4-768x432.jpg 768w, https:\/\/franciscanos.org.br\/noticias\/wp-content\/uploads\/2025\/10\/materia6-4-150x84.jpg 150w\" sizes=\"(max-width: 1280px) 100vw, 1280px\" \/><\/p>\n<p>Frei Felipe Carretta foi ordenado no s\u00e1bado, dia 11 de outubro, \u00e0s 18 horas, no Santu\u00e1rio Divino Esp\u00edrito Santo, Vila Velha, pela imposi\u00e7\u00e3o das m\u00e3os de Dom Andherson Franklin Lustoza de Souza, bispo auxiliar de Vit\u00f3ria. A Celebra\u00e7\u00e3o tamb\u00e9m foi transmitida pela Tv Franciscanos, no Youtube.<\/p>\n<hr \/>\n<p><em>Cristian Oliveira (ASCOM)<\/em><\/p>\n\n\t\t<style type=\"text\/css\">\n\t\t\t#gallery-3 {\n\t\t\t\tmargin: auto;\n\t\t\t}\n\t\t\t#gallery-3 .gallery-item {\n\t\t\t\tfloat: left;\n\t\t\t\tmargin-top: 10px;\n\t\t\t\ttext-align: center;\n\t\t\t\twidth: 25%;\n\t\t\t}\n\t\t\t#gallery-3 img {\n\t\t\t\tborder: 2px solid #cfcfcf;\n\t\t\t}\n\t\t\t#gallery-3 .gallery-caption {\n\t\t\t\tmargin-left: 0;\n\t\t\t}\n\t\t\t\/* see gallery_shortcode() in wp-includes\/media.php *\/\n\t\t<\/style>\n\t\t<div id='gallery-3' class='gallery galleryid-261113 gallery-columns-4 gallery-size-thumbnail'><dl class='gallery-item'>\n\t\t\t<dt class='gallery-icon landscape'>\n\t\t\t\t<a href='https:\/\/franciscanos.org.br\/noticias\/wp-content\/uploads\/2025\/10\/3o-dia-do-Triduo-Frei-Felipe-Carretta-10-10-2025-2-1536x1024-1.jpg'><img width=\"300\" height=\"300\" src=\"https:\/\/franciscanos.org.br\/noticias\/wp-content\/uploads\/2025\/10\/3o-dia-do-Triduo-Frei-Felipe-Carretta-10-10-2025-2-1536x1024-1-300x300.jpg\" class=\"attachment-thumbnail size-thumbnail\" alt=\"\" loading=\"lazy\" srcset=\"https:\/\/franciscanos.org.br\/noticias\/wp-content\/uploads\/2025\/10\/3o-dia-do-Triduo-Frei-Felipe-Carretta-10-10-2025-2-1536x1024-1-300x300.jpg 300w, https:\/\/franciscanos.org.br\/noticias\/wp-content\/uploads\/2025\/10\/3o-dia-do-Triduo-Frei-Felipe-Carretta-10-10-2025-2-1536x1024-1-100x100.jpg 100w\" sizes=\"(max-width: 300px) 100vw, 300px\" \/><\/a>\n\t\t\t<\/dt><\/dl><dl class='gallery-item'>\n\t\t\t<dt class='gallery-icon landscape'>\n\t\t\t\t<a href='https:\/\/franciscanos.org.br\/noticias\/wp-content\/uploads\/2025\/10\/3o-dia-do-Triduo-Frei-Felipe-Carretta-10-10-2025-7-1536x1024-1.jpg'><img width=\"300\" height=\"300\" src=\"https:\/\/franciscanos.org.br\/noticias\/wp-content\/uploads\/2025\/10\/3o-dia-do-Triduo-Frei-Felipe-Carretta-10-10-2025-7-1536x1024-1-300x300.jpg\" class=\"attachment-thumbnail size-thumbnail\" alt=\"\" loading=\"lazy\" srcset=\"https:\/\/franciscanos.org.br\/noticias\/wp-content\/uploads\/2025\/10\/3o-dia-do-Triduo-Frei-Felipe-Carretta-10-10-2025-7-1536x1024-1-300x300.jpg 300w, https:\/\/franciscanos.org.br\/noticias\/wp-content\/uploads\/2025\/10\/3o-dia-do-Triduo-Frei-Felipe-Carretta-10-10-2025-7-1536x1024-1-100x100.jpg 100w\" sizes=\"(max-width: 300px) 100vw, 300px\" \/><\/a>\n\t\t\t<\/dt><\/dl><dl class='gallery-item'>\n\t\t\t<dt class='gallery-icon landscape'>\n\t\t\t\t<a href='https:\/\/franciscanos.org.br\/noticias\/wp-content\/uploads\/2025\/10\/3o-dia-do-Triduo-Frei-Felipe-Carretta-10-10-2025-16-1536x1024-1.jpg'><img width=\"300\" height=\"300\" src=\"https:\/\/franciscanos.org.br\/noticias\/wp-content\/uploads\/2025\/10\/3o-dia-do-Triduo-Frei-Felipe-Carretta-10-10-2025-16-1536x1024-1-300x300.jpg\" class=\"attachment-thumbnail size-thumbnail\" alt=\"\" loading=\"lazy\" srcset=\"https:\/\/franciscanos.org.br\/noticias\/wp-content\/uploads\/2025\/10\/3o-dia-do-Triduo-Frei-Felipe-Carretta-10-10-2025-16-1536x1024-1-300x300.jpg 300w, https:\/\/franciscanos.org.br\/noticias\/wp-content\/uploads\/2025\/10\/3o-dia-do-Triduo-Frei-Felipe-Carretta-10-10-2025-16-1536x1024-1-100x100.jpg 100w\" sizes=\"(max-width: 300px) 100vw, 300px\" \/><\/a>\n\t\t\t<\/dt><\/dl><dl class='gallery-item'>\n\t\t\t<dt class='gallery-icon landscape'>\n\t\t\t\t<a href='https:\/\/franciscanos.org.br\/noticias\/wp-content\/uploads\/2025\/10\/3o-dia-do-Triduo-Frei-Felipe-Carretta-10-10-2025-17-1536x1024-1.jpg'><img width=\"300\" height=\"300\" src=\"https:\/\/franciscanos.org.br\/noticias\/wp-content\/uploads\/2025\/10\/3o-dia-do-Triduo-Frei-Felipe-Carretta-10-10-2025-17-1536x1024-1-300x300.jpg\" class=\"attachment-thumbnail size-thumbnail\" alt=\"\" loading=\"lazy\" srcset=\"https:\/\/franciscanos.org.br\/noticias\/wp-content\/uploads\/2025\/10\/3o-dia-do-Triduo-Frei-Felipe-Carretta-10-10-2025-17-1536x1024-1-300x300.jpg 300w, https:\/\/franciscanos.org.br\/noticias\/wp-content\/uploads\/2025\/10\/3o-dia-do-Triduo-Frei-Felipe-Carretta-10-10-2025-17-1536x1024-1-100x100.jpg 100w\" sizes=\"(max-width: 300px) 100vw, 300px\" \/><\/a>\n\t\t\t<\/dt><\/dl><br style=\"clear: both\" \/><dl class='gallery-item'>\n\t\t\t<dt class='gallery-icon landscape'>\n\t\t\t\t<a href='https:\/\/franciscanos.org.br\/noticias\/wp-content\/uploads\/2025\/10\/3o-dia-do-Triduo-Frei-Felipe-Carretta-10-10-2025-32-1536x1024-1.jpg'><img width=\"300\" height=\"300\" src=\"https:\/\/franciscanos.org.br\/noticias\/wp-content\/uploads\/2025\/10\/3o-dia-do-Triduo-Frei-Felipe-Carretta-10-10-2025-32-1536x1024-1-300x300.jpg\" class=\"attachment-thumbnail size-thumbnail\" alt=\"\" loading=\"lazy\" srcset=\"https:\/\/franciscanos.org.br\/noticias\/wp-content\/uploads\/2025\/10\/3o-dia-do-Triduo-Frei-Felipe-Carretta-10-10-2025-32-1536x1024-1-300x300.jpg 300w, https:\/\/franciscanos.org.br\/noticias\/wp-content\/uploads\/2025\/10\/3o-dia-do-Triduo-Frei-Felipe-Carretta-10-10-2025-32-1536x1024-1-100x100.jpg 100w\" sizes=\"(max-width: 300px) 100vw, 300px\" \/><\/a>\n\t\t\t<\/dt><\/dl><dl class='gallery-item'>\n\t\t\t<dt class='gallery-icon landscape'>\n\t\t\t\t<a href='https:\/\/franciscanos.org.br\/noticias\/wp-content\/uploads\/2025\/10\/3o-dia-do-Triduo-Frei-Felipe-Carretta-10-10-2025-37-1536x1-1.jpg'><img width=\"300\" height=\"300\" src=\"https:\/\/franciscanos.org.br\/noticias\/wp-content\/uploads\/2025\/10\/3o-dia-do-Triduo-Frei-Felipe-Carretta-10-10-2025-37-1536x1-1-300x300.jpg\" class=\"attachment-thumbnail size-thumbnail\" alt=\"\" loading=\"lazy\" srcset=\"https:\/\/franciscanos.org.br\/noticias\/wp-content\/uploads\/2025\/10\/3o-dia-do-Triduo-Frei-Felipe-Carretta-10-10-2025-37-1536x1-1-300x300.jpg 300w, https:\/\/franciscanos.org.br\/noticias\/wp-content\/uploads\/2025\/10\/3o-dia-do-Triduo-Frei-Felipe-Carretta-10-10-2025-37-1536x1-1-100x100.jpg 100w\" sizes=\"(max-width: 300px) 100vw, 300px\" \/><\/a>\n\t\t\t<\/dt><\/dl><dl class='gallery-item'>\n\t\t\t<dt class='gallery-icon landscape'>\n\t\t\t\t<a href='https:\/\/franciscanos.org.br\/noticias\/wp-content\/uploads\/2025\/10\/3o-dia-do-Triduo-Frei-Felipe-Carretta-10-10-2025-40-1536x1024-1.jpg'><img width=\"300\" height=\"300\" src=\"https:\/\/franciscanos.org.br\/noticias\/wp-content\/uploads\/2025\/10\/3o-dia-do-Triduo-Frei-Felipe-Carretta-10-10-2025-40-1536x1024-1-300x300.jpg\" class=\"attachment-thumbnail size-thumbnail\" alt=\"\" loading=\"lazy\" srcset=\"https:\/\/franciscanos.org.br\/noticias\/wp-content\/uploads\/2025\/10\/3o-dia-do-Triduo-Frei-Felipe-Carretta-10-10-2025-40-1536x1024-1-300x300.jpg 300w, https:\/\/franciscanos.org.br\/noticias\/wp-content\/uploads\/2025\/10\/3o-dia-do-Triduo-Frei-Felipe-Carretta-10-10-2025-40-1536x1024-1-100x100.jpg 100w\" sizes=\"(max-width: 300px) 100vw, 300px\" \/><\/a>\n\t\t\t<\/dt><\/dl><dl class='gallery-item'>\n\t\t\t<dt class='gallery-icon landscape'>\n\t\t\t\t<a href='https:\/\/franciscanos.org.br\/noticias\/wp-content\/uploads\/2025\/10\/3o-dia-do-Triduo-Frei-Felipe-Carretta-10-10-2025-28-1536x1024-1.jpg'><img width=\"300\" height=\"300\" src=\"https:\/\/franciscanos.org.br\/noticias\/wp-content\/uploads\/2025\/10\/3o-dia-do-Triduo-Frei-Felipe-Carretta-10-10-2025-28-1536x1024-1-300x300.jpg\" class=\"attachment-thumbnail size-thumbnail\" alt=\"\" loading=\"lazy\" srcset=\"https:\/\/franciscanos.org.br\/noticias\/wp-content\/uploads\/2025\/10\/3o-dia-do-Triduo-Frei-Felipe-Carretta-10-10-2025-28-1536x1024-1-300x300.jpg 300w, https:\/\/franciscanos.org.br\/noticias\/wp-content\/uploads\/2025\/10\/3o-dia-do-Triduo-Frei-Felipe-Carretta-10-10-2025-28-1536x1024-1-100x100.jpg 100w\" sizes=\"(max-width: 300px) 100vw, 300px\" \/><\/a>\n\t\t\t<\/dt><\/dl><br style=\"clear: both\" \/><dl class='gallery-item'>\n\t\t\t<dt class='gallery-icon landscape'>\n\t\t\t\t<a href='https:\/\/franciscanos.org.br\/noticias\/wp-content\/uploads\/2025\/10\/3o-dia-do-Triduo-Frei-Felipe-Carretta-10-10-2025-29-1536x1024-2.jpg'><img width=\"300\" height=\"300\" src=\"https:\/\/franciscanos.org.br\/noticias\/wp-content\/uploads\/2025\/10\/3o-dia-do-Triduo-Frei-Felipe-Carretta-10-10-2025-29-1536x1024-2-300x300.jpg\" class=\"attachment-thumbnail size-thumbnail\" alt=\"\" loading=\"lazy\" srcset=\"https:\/\/franciscanos.org.br\/noticias\/wp-content\/uploads\/2025\/10\/3o-dia-do-Triduo-Frei-Felipe-Carretta-10-10-2025-29-1536x1024-2-300x300.jpg 300w, https:\/\/franciscanos.org.br\/noticias\/wp-content\/uploads\/2025\/10\/3o-dia-do-Triduo-Frei-Felipe-Carretta-10-10-2025-29-1536x1024-2-100x100.jpg 100w\" sizes=\"(max-width: 300px) 100vw, 300px\" \/><\/a>\n\t\t\t<\/dt><\/dl><dl class='gallery-item'>\n\t\t\t<dt class='gallery-icon landscape'>\n\t\t\t\t<a href='https:\/\/franciscanos.org.br\/noticias\/wp-content\/uploads\/2025\/10\/3o-dia-do-Triduo-Frei-Felipe-Carretta-10-10-2025-32-1536x1024-2.jpg'><img width=\"300\" height=\"300\" src=\"https:\/\/franciscanos.org.br\/noticias\/wp-content\/uploads\/2025\/10\/3o-dia-do-Triduo-Frei-Felipe-Carretta-10-10-2025-32-1536x1024-2-300x300.jpg\" class=\"attachment-thumbnail size-thumbnail\" alt=\"\" loading=\"lazy\" srcset=\"https:\/\/franciscanos.org.br\/noticias\/wp-content\/uploads\/2025\/10\/3o-dia-do-Triduo-Frei-Felipe-Carretta-10-10-2025-32-1536x1024-2-300x300.jpg 300w, https:\/\/franciscanos.org.br\/noticias\/wp-content\/uploads\/2025\/10\/3o-dia-do-Triduo-Frei-Felipe-Carretta-10-10-2025-32-1536x1024-2-100x100.jpg 100w\" sizes=\"(max-width: 300px) 100vw, 300px\" \/><\/a>\n\t\t\t<\/dt><\/dl><dl class='gallery-item'>\n\t\t\t<dt class='gallery-icon landscape'>\n\t\t\t\t<a href='https:\/\/franciscanos.org.br\/noticias\/wp-content\/uploads\/2025\/10\/3o-dia-do-Triduo-Frei-Felipe-Carretta-10-10-2025-33-1536x1024-1.jpg'><img width=\"300\" height=\"300\" src=\"https:\/\/franciscanos.org.br\/noticias\/wp-content\/uploads\/2025\/10\/3o-dia-do-Triduo-Frei-Felipe-Carretta-10-10-2025-33-1536x1024-1-300x300.jpg\" class=\"attachment-thumbnail size-thumbnail\" alt=\"\" loading=\"lazy\" srcset=\"https:\/\/franciscanos.org.br\/noticias\/wp-content\/uploads\/2025\/10\/3o-dia-do-Triduo-Frei-Felipe-Carretta-10-10-2025-33-1536x1024-1-300x300.jpg 300w, https:\/\/franciscanos.org.br\/noticias\/wp-content\/uploads\/2025\/10\/3o-dia-do-Triduo-Frei-Felipe-Carretta-10-10-2025-33-1536x1024-1-100x100.jpg 100w\" sizes=\"(max-width: 300px) 100vw, 300px\" \/><\/a>\n\t\t\t<\/dt><\/dl><dl class='gallery-item'>\n\t\t\t<dt class='gallery-icon landscape'>\n\t\t\t\t<a href='https:\/\/franciscanos.org.br\/noticias\/wp-content\/uploads\/2025\/10\/3o-dia-do-Triduo-Frei-Felipe-Carretta-10-10-2025-35-1536x1-1.jpg'><img width=\"300\" height=\"300\" src=\"https:\/\/franciscanos.org.br\/noticias\/wp-content\/uploads\/2025\/10\/3o-dia-do-Triduo-Frei-Felipe-Carretta-10-10-2025-35-1536x1-1-300x300.jpg\" class=\"attachment-thumbnail size-thumbnail\" alt=\"\" loading=\"lazy\" srcset=\"https:\/\/franciscanos.org.br\/noticias\/wp-content\/uploads\/2025\/10\/3o-dia-do-Triduo-Frei-Felipe-Carretta-10-10-2025-35-1536x1-1-300x300.jpg 300w, https:\/\/franciscanos.org.br\/noticias\/wp-content\/uploads\/2025\/10\/3o-dia-do-Triduo-Frei-Felipe-Carretta-10-10-2025-35-1536x1-1-100x100.jpg 100w\" sizes=\"(max-width: 300px) 100vw, 300px\" \/><\/a>\n\t\t\t<\/dt><\/dl><br style=\"clear: both\" \/>\n\t\t<\/div>\n\n","protected":false},"excerpt":{"rendered":"<p>Semana Mission\u00e1ria e Tr\u00edduo<\/p>\n","protected":false},"author":11,"featured_media":261114,"comment_status":"open","ping_status":"open","sticky":false,"template":"","format":"standard","meta":[],"categories":[1],"tags":[2435,157],"acf":[],"yoast_head":"<!-- This site is optimized with the Yoast SEO plugin v19.2 - https:\/\/yoast.com\/wordpress\/plugins\/seo\/ -->\n<title>Terceiro dia do Tr\u00edduo: \u201cViver a miss\u00e3o de presb\u00edtero \u00e9 optar sempre pela simplicidade\u201d - Not\u00edcias - Franciscanos<\/title>\n<meta name=\"robots\" content=\"index, follow, max-snippet:-1, max-image-preview:large, max-video-preview:-1\" \/>\n<link rel=\"canonical\" href=\"https:\/\/franciscanos.org.br\/noticias\/terceiro-dia-do-triduo-viver-a-missao-de-presbitero-e-optar-sempre-pela-simplicidade.html\" \/>\n<meta property=\"og:locale\" content=\"pt_BR\" \/>\n<meta property=\"og:type\" content=\"article\" \/>\n<meta property=\"og:title\" content=\"Terceiro dia do Tr\u00edduo: \u201cViver a miss\u00e3o de presb\u00edtero \u00e9 optar sempre pela simplicidade\u201d - Not\u00edcias - Franciscanos\" \/>\n<meta property=\"og:description\" content=\"Semana Mission\u00e1ria e Tr\u00edduo\" \/>\n<meta property=\"og:url\" content=\"https:\/\/franciscanos.org.br\/noticias\/terceiro-dia-do-triduo-viver-a-missao-de-presbitero-e-optar-sempre-pela-simplicidade.html\" \/>\n<meta property=\"og:site_name\" content=\"Not\u00edcias - Franciscanos\" \/>\n<meta property=\"article:published_time\" content=\"2025-10-13T11:17:32+00:00\" \/>\n<meta property=\"og:image\" content=\"https:\/\/franciscanos.org.br\/noticias\/wp-content\/uploads\/2025\/10\/chamada-26.jpg\" \/>\n\t<meta property=\"og:image:width\" content=\"800\" \/>\n\t<meta property=\"og:image:height\" content=\"550\" \/>\n\t<meta property=\"og:image:type\" content=\"image\/jpeg\" \/>\n<meta name=\"author\" content=\"Adriana Rabelo\" \/>\n<meta name=\"twitter:card\" content=\"summary_large_image\" \/>\n<meta name=\"twitter:label1\" content=\"Escrito por\" \/>\n\t<meta name=\"twitter:data1\" content=\"Adriana Rabelo\" \/>\n\t<meta name=\"twitter:label2\" content=\"Est. tempo de leitura\" \/>\n\t<meta name=\"twitter:data2\" content=\"9 minutos\" \/>\n<script type=\"application\/ld+json\" class=\"yoast-schema-graph\">{\"@context\":\"https:\/\/schema.org\",\"@graph\":[{\"@type\":\"WebSite\",\"@id\":\"https:\/\/franciscanos.org.br\/noticias\/#website\",\"url\":\"https:\/\/franciscanos.org.br\/noticias\/\",\"name\":\"Not\u00edcias - Franciscanos\",\"description\":\"Prov\u00edncia Franciscana da Imaculada Concei\u00e7\u00e3o do Brasil - Ordem dos Frades Menores - OFM\",\"potentialAction\":[{\"@type\":\"SearchAction\",\"target\":{\"@type\":\"EntryPoint\",\"urlTemplate\":\"https:\/\/franciscanos.org.br\/noticias\/?s={search_term_string}\"},\"query-input\":\"required name=search_term_string\"}],\"inLanguage\":\"pt-BR\"},{\"@type\":\"ImageObject\",\"inLanguage\":\"pt-BR\",\"@id\":\"https:\/\/franciscanos.org.br\/noticias\/terceiro-dia-do-triduo-viver-a-missao-de-presbitero-e-optar-sempre-pela-simplicidade.html#primaryimage\",\"url\":\"https:\/\/franciscanos.org.br\/noticias\/wp-content\/uploads\/2025\/10\/chamada-26.jpg\",\"contentUrl\":\"https:\/\/franciscanos.org.br\/noticias\/wp-content\/uploads\/2025\/10\/chamada-26.jpg\",\"width\":800,\"height\":550},{\"@type\":\"WebPage\",\"@id\":\"https:\/\/franciscanos.org.br\/noticias\/terceiro-dia-do-triduo-viver-a-missao-de-presbitero-e-optar-sempre-pela-simplicidade.html#webpage\",\"url\":\"https:\/\/franciscanos.org.br\/noticias\/terceiro-dia-do-triduo-viver-a-missao-de-presbitero-e-optar-sempre-pela-simplicidade.html\",\"name\":\"Terceiro dia do Tr\u00edduo: \u201cViver a miss\u00e3o de presb\u00edtero \u00e9 optar sempre pela simplicidade\u201d - Not\u00edcias - Franciscanos\",\"isPartOf\":{\"@id\":\"https:\/\/franciscanos.org.br\/noticias\/#website\"},\"primaryImageOfPage\":{\"@id\":\"https:\/\/franciscanos.org.br\/noticias\/terceiro-dia-do-triduo-viver-a-missao-de-presbitero-e-optar-sempre-pela-simplicidade.html#primaryimage\"},\"datePublished\":\"2025-10-13T11:17:32+00:00\",\"dateModified\":\"2025-10-13T11:17:32+00:00\",\"author\":{\"@id\":\"https:\/\/franciscanos.org.br\/noticias\/#\/schema\/person\/d9422e83121c3ad3b0f423d195f5bb25\"},\"breadcrumb\":{\"@id\":\"https:\/\/franciscanos.org.br\/noticias\/terceiro-dia-do-triduo-viver-a-missao-de-presbitero-e-optar-sempre-pela-simplicidade.html#breadcrumb\"},\"inLanguage\":\"pt-BR\",\"potentialAction\":[{\"@type\":\"ReadAction\",\"target\":[\"https:\/\/franciscanos.org.br\/noticias\/terceiro-dia-do-triduo-viver-a-missao-de-presbitero-e-optar-sempre-pela-simplicidade.html\"]}]},{\"@type\":\"BreadcrumbList\",\"@id\":\"https:\/\/franciscanos.org.br\/noticias\/terceiro-dia-do-triduo-viver-a-missao-de-presbitero-e-optar-sempre-pela-simplicidade.html#breadcrumb\",\"itemListElement\":[{\"@type\":\"ListItem\",\"position\":1,\"name\":\"Home\",\"item\":\"https:\/\/franciscanos.org.br\/noticias\"},{\"@type\":\"ListItem\",\"position\":2,\"name\":\"Terceiro dia do Tr\u00edduo: \u201cViver a miss\u00e3o de presb\u00edtero \u00e9 optar sempre pela simplicidade\u201d\"}]},{\"@type\":\"Person\",\"@id\":\"https:\/\/franciscanos.org.br\/noticias\/#\/schema\/person\/d9422e83121c3ad3b0f423d195f5bb25\",\"name\":\"Adriana Rabelo\",\"image\":{\"@type\":\"ImageObject\",\"inLanguage\":\"pt-BR\",\"@id\":\"https:\/\/franciscanos.org.br\/noticias\/#\/schema\/person\/image\/\",\"url\":\"https:\/\/secure.gravatar.com\/avatar\/0a937b7500cd7df77540cfb8bede877d?s=96&d=mm&r=g\",\"contentUrl\":\"https:\/\/secure.gravatar.com\/avatar\/0a937b7500cd7df77540cfb8bede877d?s=96&d=mm&r=g\",\"caption\":\"Adriana Rabelo\"},\"url\":\"https:\/\/franciscanos.org.br\/noticias\/author\/adrianarabelo\"}]}<\/script>\n<!-- \/ Yoast SEO plugin. -->","yoast_head_json":{"title":"Terceiro dia do Tr\u00edduo: \u201cViver a miss\u00e3o de presb\u00edtero \u00e9 optar sempre pela simplicidade\u201d - Not\u00edcias - Franciscanos","robots":{"index":"index","follow":"follow","max-snippet":"max-snippet:-1","max-image-preview":"max-image-preview:large","max-video-preview":"max-video-preview:-1"},"canonical":"https:\/\/franciscanos.org.br\/noticias\/terceiro-dia-do-triduo-viver-a-missao-de-presbitero-e-optar-sempre-pela-simplicidade.html","og_locale":"pt_BR","og_type":"article","og_title":"Terceiro dia do Tr\u00edduo: \u201cViver a miss\u00e3o de presb\u00edtero \u00e9 optar sempre pela simplicidade\u201d - Not\u00edcias - Franciscanos","og_description":"Semana Mission\u00e1ria e Tr\u00edduo","og_url":"https:\/\/franciscanos.org.br\/noticias\/terceiro-dia-do-triduo-viver-a-missao-de-presbitero-e-optar-sempre-pela-simplicidade.html","og_site_name":"Not\u00edcias - Franciscanos","article_published_time":"2025-10-13T11:17:32+00:00","og_image":[{"width":800,"height":550,"url":"https:\/\/franciscanos.org.br\/noticias\/wp-content\/uploads\/2025\/10\/chamada-26.jpg","type":"image\/jpeg"}],"author":"Adriana Rabelo","twitter_card":"summary_large_image","twitter_misc":{"Escrito por":"Adriana Rabelo","Est. tempo de leitura":"9 minutos"},"schema":{"@context":"https:\/\/schema.org","@graph":[{"@type":"WebSite","@id":"https:\/\/franciscanos.org.br\/noticias\/#website","url":"https:\/\/franciscanos.org.br\/noticias\/","name":"Not\u00edcias - Franciscanos","description":"Prov\u00edncia Franciscana da Imaculada Concei\u00e7\u00e3o do Brasil - Ordem dos Frades Menores - OFM","potentialAction":[{"@type":"SearchAction","target":{"@type":"EntryPoint","urlTemplate":"https:\/\/franciscanos.org.br\/noticias\/?s={search_term_string}"},"query-input":"required name=search_term_string"}],"inLanguage":"pt-BR"},{"@type":"ImageObject","inLanguage":"pt-BR","@id":"https:\/\/franciscanos.org.br\/noticias\/terceiro-dia-do-triduo-viver-a-missao-de-presbitero-e-optar-sempre-pela-simplicidade.html#primaryimage","url":"https:\/\/franciscanos.org.br\/noticias\/wp-content\/uploads\/2025\/10\/chamada-26.jpg","contentUrl":"https:\/\/franciscanos.org.br\/noticias\/wp-content\/uploads\/2025\/10\/chamada-26.jpg","width":800,"height":550},{"@type":"WebPage","@id":"https:\/\/franciscanos.org.br\/noticias\/terceiro-dia-do-triduo-viver-a-missao-de-presbitero-e-optar-sempre-pela-simplicidade.html#webpage","url":"https:\/\/franciscanos.org.br\/noticias\/terceiro-dia-do-triduo-viver-a-missao-de-presbitero-e-optar-sempre-pela-simplicidade.html","name":"Terceiro dia do Tr\u00edduo: \u201cViver a miss\u00e3o de presb\u00edtero \u00e9 optar sempre pela simplicidade\u201d - Not\u00edcias - Franciscanos","isPartOf":{"@id":"https:\/\/franciscanos.org.br\/noticias\/#website"},"primaryImageOfPage":{"@id":"https:\/\/franciscanos.org.br\/noticias\/terceiro-dia-do-triduo-viver-a-missao-de-presbitero-e-optar-sempre-pela-simplicidade.html#primaryimage"},"datePublished":"2025-10-13T11:17:32+00:00","dateModified":"2025-10-13T11:17:32+00:00","author":{"@id":"https:\/\/franciscanos.org.br\/noticias\/#\/schema\/person\/d9422e83121c3ad3b0f423d195f5bb25"},"breadcrumb":{"@id":"https:\/\/franciscanos.org.br\/noticias\/terceiro-dia-do-triduo-viver-a-missao-de-presbitero-e-optar-sempre-pela-simplicidade.html#breadcrumb"},"inLanguage":"pt-BR","potentialAction":[{"@type":"ReadAction","target":["https:\/\/franciscanos.org.br\/noticias\/terceiro-dia-do-triduo-viver-a-missao-de-presbitero-e-optar-sempre-pela-simplicidade.html"]}]},{"@type":"BreadcrumbList","@id":"https:\/\/franciscanos.org.br\/noticias\/terceiro-dia-do-triduo-viver-a-missao-de-presbitero-e-optar-sempre-pela-simplicidade.html#breadcrumb","itemListElement":[{"@type":"ListItem","position":1,"name":"Home","item":"https:\/\/franciscanos.org.br\/noticias"},{"@type":"ListItem","position":2,"name":"Terceiro dia do Tr\u00edduo: \u201cViver a miss\u00e3o de presb\u00edtero \u00e9 optar sempre pela simplicidade\u201d"}]},{"@type":"Person","@id":"https:\/\/franciscanos.org.br\/noticias\/#\/schema\/person\/d9422e83121c3ad3b0f423d195f5bb25","name":"Adriana Rabelo","image":{"@type":"ImageObject","inLanguage":"pt-BR","@id":"https:\/\/franciscanos.org.br\/noticias\/#\/schema\/person\/image\/","url":"https:\/\/secure.gravatar.com\/avatar\/0a937b7500cd7df77540cfb8bede877d?s=96&d=mm&r=g","contentUrl":"https:\/\/secure.gravatar.com\/avatar\/0a937b7500cd7df77540cfb8bede877d?s=96&d=mm&r=g","caption":"Adriana Rabelo"},"url":"https:\/\/franciscanos.org.br\/noticias\/author\/adrianarabelo"}]}},"_links":{"self":[{"href":"https:\/\/franciscanos.org.br\/noticias\/wp-json\/wp\/v2\/posts\/261113"}],"collection":[{"href":"https:\/\/franciscanos.org.br\/noticias\/wp-json\/wp\/v2\/posts"}],"about":[{"href":"https:\/\/franciscanos.org.br\/noticias\/wp-json\/wp\/v2\/types\/post"}],"author":[{"embeddable":true,"href":"https:\/\/franciscanos.org.br\/noticias\/wp-json\/wp\/v2\/users\/11"}],"replies":[{"embeddable":true,"href":"https:\/\/franciscanos.org.br\/noticias\/wp-json\/wp\/v2\/comments?post=261113"}],"version-history":[{"count":2,"href":"https:\/\/franciscanos.org.br\/noticias\/wp-json\/wp\/v2\/posts\/261113\/revisions"}],"predecessor-version":[{"id":261147,"href":"https:\/\/franciscanos.org.br\/noticias\/wp-json\/wp\/v2\/posts\/261113\/revisions\/261147"}],"wp:featuredmedia":[{"embeddable":true,"href":"https:\/\/franciscanos.org.br\/noticias\/wp-json\/wp\/v2\/media\/261114"}],"wp:attachment":[{"href":"https:\/\/franciscanos.org.br\/noticias\/wp-json\/wp\/v2\/media?parent=261113"}],"wp:term":[{"taxonomy":"category","embeddable":true,"href":"https:\/\/franciscanos.org.br\/noticias\/wp-json\/wp\/v2\/categories?post=261113"},{"taxonomy":"post_tag","embeddable":true,"href":"https:\/\/franciscanos.org.br\/noticias\/wp-json\/wp\/v2\/tags?post=261113"}],"curies":[{"name":"wp","href":"https:\/\/api.w.org\/{rel}","templated":true}]}}