{"id":261098,"date":"2025-10-10T15:00:31","date_gmt":"2025-10-10T18:00:31","guid":{"rendered":"https:\/\/franciscanos.org.br\/noticias\/?p=261098"},"modified":"2025-10-10T18:42:41","modified_gmt":"2025-10-10T21:42:41","slug":"em-nilopolis-fraternidade-nossa-senhora-aparecida-se-prepara-para-celebrar-a-padroeira-do-brasil","status":"publish","type":"post","link":"https:\/\/franciscanos.org.br\/noticias\/em-nilopolis-fraternidade-nossa-senhora-aparecida-se-prepara-para-celebrar-a-padroeira-do-brasil.html","title":{"rendered":"Em Nil\u00f3polis, Fraternidade Nossa Senhora Aparecida se prepara para celebrar a Padroeira do Brasil"},"content":{"rendered":"<p><img loading=\"lazy\" class=\"aligncenter wp-image-261100 size-full\" src=\"https:\/\/franciscanos.org.br\/noticias\/wp-content\/uploads\/2025\/10\/1-dia-materia-1.jpg\" alt=\"\" width=\"1280\" height=\"720\" srcset=\"https:\/\/franciscanos.org.br\/noticias\/wp-content\/uploads\/2025\/10\/1-dia-materia-1.jpg 1280w, https:\/\/franciscanos.org.br\/noticias\/wp-content\/uploads\/2025\/10\/1-dia-materia-1-450x253.jpg 450w, https:\/\/franciscanos.org.br\/noticias\/wp-content\/uploads\/2025\/10\/1-dia-materia-1-1024x576.jpg 1024w, https:\/\/franciscanos.org.br\/noticias\/wp-content\/uploads\/2025\/10\/1-dia-materia-1-768x432.jpg 768w, https:\/\/franciscanos.org.br\/noticias\/wp-content\/uploads\/2025\/10\/1-dia-materia-1-150x84.jpg 150w\" sizes=\"(max-width: 1280px) 100vw, 1280px\" \/><\/p>\n<p>Desde o dia 3 de outubro, a Par\u00f3quia Nossa Senhora Aparecida, em Nil\u00f3polis (RJ), vive intensamente a Novena em prepara\u00e7\u00e3o para a Solenidade da Padroeira do Brasil, que ser\u00e1 celebrada no pr\u00f3ximo domingo, 12 de outubro. Em comunh\u00e3o com toda a Igreja no pa\u00eds, a comunidade paroquial, conduzida pelos Frades Menores, sempre \u00e0s 19h, tem se reunido com f\u00e9, alegria e profundo senso de pertencimento para expressar o amor \u00e0 M\u00e3e Aparecida, aquela que revela o rosto compassivo de Deus que caminha com seu povo.<\/p>\n<p>A Festa da Padroeira, t\u00e3o enraizada na cultura e na espiritualidade brasileiras, \u00e9 sempre um convite \u00e0 confian\u00e7a e \u00e0 esperan\u00e7a. No cora\u00e7\u00e3o franciscano, ela ressoa como express\u00e3o do amor de Maria pela vida simples, pelos pobres e pela cria\u00e7\u00e3o. Em Nil\u00f3polis, a novena tem sido mais que uma prepara\u00e7\u00e3o para o grande dia, pois \u00e9 um verdadeiro itiner\u00e1rio espiritual, vivido com ternura, fraternidade e partilha.<\/p>\n<h3><strong>Um caminho de f\u00e9 e comunh\u00e3o<\/strong><\/h3>\n<p>Sob o tema central \u201cCom Maria, M\u00e3e da Esperan\u00e7a, conhecer Jesus e cuidar da vida\u201d, a novena tem mobilizado os fi\u00e9is e conta com a presen\u00e7a di\u00e1ria dos frades da Prov\u00edncia Franciscana da Imaculada Concei\u00e7\u00e3o do Brasil. Cada celebra\u00e7\u00e3o traz uma reflex\u00e3o sobre o papel de Maria na vida da Igreja e na miss\u00e3o de cada crist\u00e3o.<\/p>\n<p><img loading=\"lazy\" class=\"aligncenter wp-image-261101 size-full\" src=\"https:\/\/franciscanos.org.br\/noticias\/wp-content\/uploads\/2025\/10\/1-dia-materia-2.jpg\" alt=\"\" width=\"1280\" height=\"720\" srcset=\"https:\/\/franciscanos.org.br\/noticias\/wp-content\/uploads\/2025\/10\/1-dia-materia-2.jpg 1280w, https:\/\/franciscanos.org.br\/noticias\/wp-content\/uploads\/2025\/10\/1-dia-materia-2-450x253.jpg 450w, https:\/\/franciscanos.org.br\/noticias\/wp-content\/uploads\/2025\/10\/1-dia-materia-2-1024x576.jpg 1024w, https:\/\/franciscanos.org.br\/noticias\/wp-content\/uploads\/2025\/10\/1-dia-materia-2-768x432.jpg 768w, https:\/\/franciscanos.org.br\/noticias\/wp-content\/uploads\/2025\/10\/1-dia-materia-2-150x84.jpg 150w\" sizes=\"(max-width: 1280px) 100vw, 1280px\" \/><\/p>\n<p>O <strong>primeiro dia<\/strong> da novena, em 3 de outubro, foi conduzido pelo subtema \u201cCom Maria, conhecer Jesus, verdadeiro Deus e verdadeiro Homem\u201d, recordando que a M\u00e3e Aparecida nos conduz ao Filho, que armou sua tenda entre n\u00f3s, sendo presen\u00e7a viva de Deus em nossa humanidade. A prepara\u00e7\u00e3o para o dia da Padroeira come\u00e7ou no mesmo per\u00edodo das celebra\u00e7\u00f5es da Solenidade de S\u00e3o Francisco de Assis. Na ocasi\u00e3o, o p\u00e1roco, Frei Jo\u00e3o Fernandes Reinert, expressou sua alegria pela participa\u00e7\u00e3o do povo:<\/p>\n<p>\u201cBoa noite a todos, paz e bem! Muita expectativa positiva gra\u00e7as a Deus. Muita espiritualidade ontem com a ben\u00e7\u00e3o do Sant\u00edssimo e do envio dos volunt\u00e1rios, momento muito emocionante. O povo aqui j\u00e1 est\u00e1 chegando e participando, com certeza ser\u00e1 uma semana muito aben\u00e7oada, de muita reza e muita festividade. O povo nilopolitano \u00e9 um povo muito devoto, muito religioso e isso percebemos desde o in\u00edcio, em nossa chegada aqui na par\u00f3quia.\u201d<\/p>\n<p>Os outros frades da par\u00f3quia tamb\u00e9m compartilharam sua esperan\u00e7a para os dias de celebra\u00e7\u00e3o:<\/p>\n<p>\u201cEstou ansioso. Os fi\u00e9is est\u00e3o voltando com intensidade. Muda o clima e a expectativa de celebrar o tr\u00e2nsito de S\u00e3o Francisco como tema da novena, um momento de riqueza, \u201d disse Frei Carlos Alberto Guimar\u00e3es. Ele ainda completou: \u201cMinha mensagem para os paroquianos \u00e9 que vivam na contempla\u00e7\u00e3o do Cristo Ressuscitado, com f\u00e9 e ora\u00e7\u00e3o inspirados em S\u00e3o Francisco. \u201d<\/p>\n<p>J\u00e1 Frei Vinicius de Oliveira Betim demonstrou seu entusiasmo em participar: \u201cEstou animado, com o cora\u00e7\u00e3o participando pela primeira vez da celebra\u00e7\u00e3o da novena aqui na Par\u00f3quia Nossa Senhora Aparecida. Que a esperan\u00e7a que brota desse encontro possa sempre animar a nossa vida. Que Maria sempre possa nos ajudar na caminhada. Que seja uma boa novena para todos n\u00f3s.\u201d<\/p>\n<p>O frade tamb\u00e9m destacou o papel de Maria em nos guiar: \u201cMaria \u00e9 aquela que sempre aponta a humildade e a escuta, ela sempre aponta o que Cristo nos tem a apresentar assim como nas bodas de Can\u00e1. Ele atrav\u00e9s dessa humildade, dessa encarna\u00e7\u00e3o que ele acolhe neste mist\u00e9rio, ele tamb\u00e9m nos apresenta o mist\u00e9rio de amor do Pai.\u201d Ele concluiu com um desejo para os fi\u00e9is: \u201cQue essa novena seja um verdadeiro encontro pessoal com Cristo que se manifesta atrav\u00e9s da partilha, acolhida e da vida em comunidade.\u201d<\/p>\n<p>A celebra\u00e7\u00e3o foi marcada pela prociss\u00e3o de entrada, entroniza\u00e7\u00e3o da imagem de Nossa Senhora Aparecida e pelos c\u00e2nticos que reacenderam no cora\u00e7\u00e3o dos fi\u00e9is o desejo de viver a f\u00e9 com esperan\u00e7a e compromisso crist\u00e3o. O gesto concreto do dia foi a doa\u00e7\u00e3o de \u00f3leo de soja, s\u00edmbolo de solidariedade e partilha com os que mais necessitam.<\/p>\n<p>O presidente da celebra\u00e7\u00e3o, Frei Jo\u00e3o Reinert O.F.M. , destacou a import\u00e2ncia de reconhecer em Jesus a plenitude da vida e da salva\u00e7\u00e3o, lembrando que, ao lado de Maria, somos chamados a renovar nossa confian\u00e7a em Deus e a testemunhar sua presen\u00e7a no mundo.<\/p>\n<p>Ele enfatizou a liga\u00e7\u00e3o do evento com o tempo lit\u00fargico da Igreja. \u201cLembrando que n\u00f3s estamos no Ano do Jubileu da Esperan\u00e7a, Cristo \u00e9 nossa esperan\u00e7a, estamos aqui por causa d\u2019Ele. Quando Cristo est\u00e1 entre n\u00f3s todas as dificuldades s\u00e3o superadas. Ele \u00e9 a nossa esperan\u00e7a. Centrar a vida n\u2019Ele, com certeza, \u00e9 o caminho para superar todos os contratempos da vida.\u201d<\/p>\n<p>Frei Jo\u00e3o tamb\u00e9m ressaltou o papel central da M\u00e3e de Jesus em nossa f\u00e9. \u201cNossa Senhora Aparecida sempre aponta para o Filho. Ela nos conduz ao Filho. Ela \u00e9 a mistagoga que conduz ao mist\u00e9rio de Jesus Cristo. \u00c9 a pr\u00f3pria m\u00edstica Mariana: \u2018Senhor, fa\u00e7a-se em mim segundo a sua palavra\u2019. Ela sempre nos ajuda a caminhar atrav\u00e9s de seu Filho, atrav\u00e9s do servi\u00e7o, da obedi\u00eancia e, acima de tudo, atrav\u00e9s da humildade.\u201d<\/p>\n<p>O primeiro dia da Novena refor\u00e7ou que a f\u00e9 \u00e9 caminho de encontro, unidade e esperan\u00e7a. Juntos, como povo da nova Alian\u00e7a, seguimos guiados por Maria, que nos apresenta Jesus Cristo, fonte de amor e reden\u00e7\u00e3o.<\/p>\n<p>E essa uni\u00e3o foi muito bem representada no momento de \u201cLouvores a Maria\u201d quando os integrantes das pastorais encenaram o tr\u00e2nsito de S\u00e3o Francisco trazendo uma mensagem de paz, amor e fraternidade, e acima de tudo de supera\u00e7\u00e3o, atrav\u00e9s do exemplo de amor de S\u00e3o Francisco que transcende o f\u00edsico e o acompanha para a vida eterna.<\/p>\n<p><img loading=\"lazy\" class=\"aligncenter wp-image-261102 size-full\" src=\"https:\/\/franciscanos.org.br\/noticias\/wp-content\/uploads\/2025\/10\/2-dia-materia-1.jpg\" alt=\"\" width=\"1280\" height=\"720\" srcset=\"https:\/\/franciscanos.org.br\/noticias\/wp-content\/uploads\/2025\/10\/2-dia-materia-1.jpg 1280w, https:\/\/franciscanos.org.br\/noticias\/wp-content\/uploads\/2025\/10\/2-dia-materia-1-450x253.jpg 450w, https:\/\/franciscanos.org.br\/noticias\/wp-content\/uploads\/2025\/10\/2-dia-materia-1-1024x576.jpg 1024w, https:\/\/franciscanos.org.br\/noticias\/wp-content\/uploads\/2025\/10\/2-dia-materia-1-768x432.jpg 768w, https:\/\/franciscanos.org.br\/noticias\/wp-content\/uploads\/2025\/10\/2-dia-materia-1-150x84.jpg 150w\" sizes=\"(max-width: 1280px) 100vw, 1280px\" \/><\/p>\n<h3><strong>Novena a Nossa Senhora inspirada por S\u00e3o Francisco<\/strong><\/h3>\n<p>O <strong>segundo dia<\/strong> da Festa da Padroeira, celebrado em 4 de outubro, data dedicada \u00e0 Solenidade de S\u00e3o Francisco de Assis, foi marcado por momentos de f\u00e9, alegria e profundo cuidado com a cria\u00e7\u00e3o.<\/p>\n<p>Pela manh\u00e3, a tradicional B\u00ean\u00e7\u00e3o dos Animais reuniu fi\u00e9is e seus companheiros de estima\u00e7\u00e3o, em um gesto de amor e respeito por todas as criaturas de Deus.<\/p>\n<p>\u00c0 noite, durante a novena, a alegria da celebra\u00e7\u00e3o e o amor da M\u00e3e Aparecida foram destacados pelo Frei Luiz Colossi que, pela primeira vez, celebrou a Novena da Padroeira como Vig\u00e1rio na Par\u00f3quia Nossa Senhora Aparecida, em Nil\u00f3polis. Ao ser questionado sobre o sentimento de participar desse momento, ele expressou com ternura. \u201cAh, igual cora\u00e7\u00e3o de M\u00e3e! Ainda mais hoje, dia de Festa de S\u00e3o Francisco\u2026 \u00e9 amar aquele que muito nos amou!\u201d<\/p>\n<p><img loading=\"lazy\" class=\"aligncenter wp-image-261103 size-full\" src=\"https:\/\/franciscanos.org.br\/noticias\/wp-content\/uploads\/2025\/10\/2-dia-materia-2.jpg\" alt=\"\" width=\"1280\" height=\"720\" srcset=\"https:\/\/franciscanos.org.br\/noticias\/wp-content\/uploads\/2025\/10\/2-dia-materia-2.jpg 1280w, https:\/\/franciscanos.org.br\/noticias\/wp-content\/uploads\/2025\/10\/2-dia-materia-2-450x253.jpg 450w, https:\/\/franciscanos.org.br\/noticias\/wp-content\/uploads\/2025\/10\/2-dia-materia-2-1024x576.jpg 1024w, https:\/\/franciscanos.org.br\/noticias\/wp-content\/uploads\/2025\/10\/2-dia-materia-2-768x432.jpg 768w, https:\/\/franciscanos.org.br\/noticias\/wp-content\/uploads\/2025\/10\/2-dia-materia-2-150x84.jpg 150w\" sizes=\"(max-width: 1280px) 100vw, 1280px\" \/><\/p>\n<p>Em sua reflex\u00e3o, o Frei Luiz convidou os fi\u00e9is a viverem a alegria e a unidade no amor de Cristo, lembrando que a novena \u00e9 um tempo de restaura\u00e7\u00e3o espiritual:<\/p>\n<p>\u201cDiante do mundo em que vivemos, precisamos estar reunidos e unidos na novena com o objetivo de restaurar a nossa alegria \u00e0 luz do Esp\u00edrito Santo, sob o manto e os ensinamentos de f\u00e9 e humildade que Maria nos deixou.\u201d<\/p>\n<p>Durante a homilia, o Frei Jo\u00e3o Reinert convidou Frei Diogo Henrique (OFM) e Frei Pedro Isa\u00edas Luisa Vitangui (OFM) a partilharem o que mais os inspira na vida de S\u00e3o Francisco.<\/p>\n<p><img loading=\"lazy\" class=\"aligncenter wp-image-261104 size-full\" src=\"https:\/\/franciscanos.org.br\/noticias\/wp-content\/uploads\/2025\/10\/3-dia-materia-2.jpg\" alt=\"\" width=\"1280\" height=\"720\" srcset=\"https:\/\/franciscanos.org.br\/noticias\/wp-content\/uploads\/2025\/10\/3-dia-materia-2.jpg 1280w, https:\/\/franciscanos.org.br\/noticias\/wp-content\/uploads\/2025\/10\/3-dia-materia-2-450x253.jpg 450w, https:\/\/franciscanos.org.br\/noticias\/wp-content\/uploads\/2025\/10\/3-dia-materia-2-1024x576.jpg 1024w, https:\/\/franciscanos.org.br\/noticias\/wp-content\/uploads\/2025\/10\/3-dia-materia-2-768x432.jpg 768w, https:\/\/franciscanos.org.br\/noticias\/wp-content\/uploads\/2025\/10\/3-dia-materia-2-150x84.jpg 150w\" sizes=\"(max-width: 1280px) 100vw, 1280px\" \/><\/p>\n<h3><strong>O &#8220;sim&#8221; de Maria<\/strong><\/h3>\n<p>O Vig\u00e1rio provincial, Frei Gustavo Wayand Medela, se uniu ao povo de Nil\u00f3polis para louvar Nossa Senhora Aparecida e presidir a Celebra\u00e7\u00e3o Eucar\u00edstica, no <strong>terceiro dia<\/strong> da novena. Fundamentado pelo tema \u201cCom Maria, acolher a Palavra de Deus, presen\u00e7a real de Jesus\u201c, o frade destacou a import\u00e2ncia do \u201csim\u201d de Maria, gesto que fez da Palavra eterna de Deus uma realidade entre n\u00f3s.<\/p>\n<p>\u201cQue a bondade, a mansid\u00e3o, a partilha e a generosidade sejam a t\u00f4nica do nosso cora\u00e7\u00e3o, assim como Maria nos inspira. Que Deus nos ajude a vencer as atitudes que nos travam neste prop\u00f3sito: ego\u00edsmo, vaidade, orgulho e falta de toler\u00e2ncia, e que nos ajude a transformar o nosso cora\u00e7\u00e3o\u201d, exaltou.<\/p>\n<p><img loading=\"lazy\" class=\"aligncenter wp-image-261105 size-full\" src=\"https:\/\/franciscanos.org.br\/noticias\/wp-content\/uploads\/2025\/10\/3-dia-materia1.jpg\" alt=\"\" width=\"1280\" height=\"720\" srcset=\"https:\/\/franciscanos.org.br\/noticias\/wp-content\/uploads\/2025\/10\/3-dia-materia1.jpg 1280w, https:\/\/franciscanos.org.br\/noticias\/wp-content\/uploads\/2025\/10\/3-dia-materia1-450x253.jpg 450w, https:\/\/franciscanos.org.br\/noticias\/wp-content\/uploads\/2025\/10\/3-dia-materia1-1024x576.jpg 1024w, https:\/\/franciscanos.org.br\/noticias\/wp-content\/uploads\/2025\/10\/3-dia-materia1-768x432.jpg 768w, https:\/\/franciscanos.org.br\/noticias\/wp-content\/uploads\/2025\/10\/3-dia-materia1-150x84.jpg 150w\" sizes=\"(max-width: 1280px) 100vw, 1280px\" \/><\/p>\n<p>No mesmo dia, a alegria e a motiva\u00e7\u00e3o que a Casa da M\u00e3e proporciona tamb\u00e9m foram enfatizadas pelo Frei Cl\u00e1udio C\u00e9sar Broca da Siqueira, que concelebrou a novena e viu a celebra\u00e7\u00e3o como uma grande d\u00e1diva:<\/p>\n<p>\u201cEstar celebrando a Virgem Maria, principalmente Senhora Aparecida, \u00e9 uma d\u00e1diva muito grande a todos que v\u00eam a esta igreja com intuito de rezar, louvar, agradecer e bendizer, e sempre \u00e9 bom retornar \u00e0 casa da M\u00e3e, aonde a gente sai sempre cheio de alegria e esperan\u00e7a, motivado a lutar por um mundo melhor. Seja hoje e sempre, todos possam viver, revigorar, restaurar as for\u00e7as, viver a esperan\u00e7a, pois Maria se torna o canal da gra\u00e7a, sempre apontando para seu Filho, sempre nos conduzindo a viver o amor, a esperan\u00e7a e a caridade. Boas festas para todos! Paz e bem!\u201d<\/p>\n<p><img loading=\"lazy\" class=\"aligncenter wp-image-261106 size-full\" src=\"https:\/\/franciscanos.org.br\/noticias\/wp-content\/uploads\/2025\/10\/4-dia-materia-1.jpg\" alt=\"\" width=\"1280\" height=\"720\" srcset=\"https:\/\/franciscanos.org.br\/noticias\/wp-content\/uploads\/2025\/10\/4-dia-materia-1.jpg 1280w, https:\/\/franciscanos.org.br\/noticias\/wp-content\/uploads\/2025\/10\/4-dia-materia-1-450x253.jpg 450w, https:\/\/franciscanos.org.br\/noticias\/wp-content\/uploads\/2025\/10\/4-dia-materia-1-1024x576.jpg 1024w, https:\/\/franciscanos.org.br\/noticias\/wp-content\/uploads\/2025\/10\/4-dia-materia-1-768x432.jpg 768w, https:\/\/franciscanos.org.br\/noticias\/wp-content\/uploads\/2025\/10\/4-dia-materia-1-150x84.jpg 150w\" sizes=\"(max-width: 1280px) 100vw, 1280px\" \/><\/p>\n<h3><strong>Amor de m\u00e3e e o perd\u00e3o<\/strong><\/h3>\n<p>O <strong>quarto dia<\/strong> da Novena destacou que Maria \u00e9 a m\u00e3e que conduz seus filhos a Jesus, fonte de miseric\u00f3rdia e reconcilia\u00e7\u00e3o, aquele que nos reconstr\u00f3i com seu amor e nos chama \u00e0 convers\u00e3o di\u00e1ria. Os fi\u00e9is foram lembrados de que perdoar \u00e9 condi\u00e7\u00e3o essencial para viver a verdadeira paz crist\u00e3, e que a reconcilia\u00e7\u00e3o abre caminho para a comunh\u00e3o entre irm\u00e3os.<\/p>\n<p>\u201cAmar\u00e1s o Senhor, teu Deus, de todo o teu cora\u00e7\u00e3o, de toda a tua alma, de todas as tuas for\u00e7as e de todo o teu entendimento\u2019 e \u2018Amar\u00e1s o teu pr\u00f3ximo como a ti mesmo\u201d. Lucas 10,27<\/p>\n<p>O presidente da celebra\u00e7\u00e3o, Frei Jos\u00e9 Francisco de Cassia dos Santos, ressaltou que sem reconcilia\u00e7\u00e3o n\u00e3o h\u00e1 vida nem paz, pois o perd\u00e3o \u00e9 a for\u00e7a que cura as feridas e restaura os la\u00e7os rompidos.<\/p>\n<p>\u201cMuitas vezes n\u00f3s temos a tend\u00eancia de criar divis\u00f5es entre n\u00f3s a partir do pr\u00f3prio Deus, a partir da f\u00e9. Muitas vezes achamos que Deus \u00e9 nosso e que todos aqueles que n\u00e3o s\u00e3o iguais a n\u00f3s, sejam eles estrangeiros, de outra comunidade, de outra cidade, n\u00e3o importa\u2026ou que pensa diferente de n\u00f3s, temos a tend\u00eancia de achar que somos n\u00f3s contra eles e a gente justifica as nossas posi\u00e7\u00f5es nos contrapondo aos outros. E justificando as nossas divis\u00f5es com a pr\u00f3pria f\u00e9 e espiritualidade. A gente lan\u00e7a m\u00e3o do poder de Deus para justificar a nossa mesquinhez e dificuldade de dialogar e de estender a m\u00e3o e transformar o outro em inimigo\u201d.<\/p>\n<p><img loading=\"lazy\" class=\"aligncenter wp-image-261107 size-full\" src=\"https:\/\/franciscanos.org.br\/noticias\/wp-content\/uploads\/2025\/10\/4-dia-materia-2.jpg\" alt=\"\" width=\"1280\" height=\"720\" srcset=\"https:\/\/franciscanos.org.br\/noticias\/wp-content\/uploads\/2025\/10\/4-dia-materia-2.jpg 1280w, https:\/\/franciscanos.org.br\/noticias\/wp-content\/uploads\/2025\/10\/4-dia-materia-2-450x253.jpg 450w, https:\/\/franciscanos.org.br\/noticias\/wp-content\/uploads\/2025\/10\/4-dia-materia-2-1024x576.jpg 1024w, https:\/\/franciscanos.org.br\/noticias\/wp-content\/uploads\/2025\/10\/4-dia-materia-2-768x432.jpg 768w, https:\/\/franciscanos.org.br\/noticias\/wp-content\/uploads\/2025\/10\/4-dia-materia-2-150x84.jpg 150w\" sizes=\"(max-width: 1280px) 100vw, 1280px\" \/><\/p>\n<p>O frade tamb\u00e9m salientou a import\u00e2ncia do cuidado. \u201cNesse ano em que celebramos o Jubileu da Esperan\u00e7a, a grande fonte de esperan\u00e7a para o mundo \u00e9 que todos n\u00f3s possamos viver e ter vida plena. E a vida plena s\u00f3 vai acontecer \u00e0 medida em que n\u00f3s, cada vez mais, nos reconhe\u00e7amos irm\u00e3os uns dos outros. E se formos irm\u00e3os, seremos capazes de cuidar um do outro. E nessa noite em que celebramos o perd\u00e3o, para n\u00f3s crist\u00e3os, crist\u00e3os cat\u00f3licos, devotos a Nossa Senhora, que o perd\u00e3o seja a chave que abre a porta da paz e de toda a vida que buscamos do mais profundo do nosso cora\u00e7\u00e3o\u201d, refor\u00e7ou.<\/p>\n<p><img loading=\"lazy\" class=\"aligncenter wp-image-261108 size-full\" src=\"https:\/\/franciscanos.org.br\/noticias\/wp-content\/uploads\/2025\/10\/5-dia-materia-2.jpg\" alt=\"\" width=\"1280\" height=\"720\" srcset=\"https:\/\/franciscanos.org.br\/noticias\/wp-content\/uploads\/2025\/10\/5-dia-materia-2.jpg 1280w, https:\/\/franciscanos.org.br\/noticias\/wp-content\/uploads\/2025\/10\/5-dia-materia-2-450x253.jpg 450w, https:\/\/franciscanos.org.br\/noticias\/wp-content\/uploads\/2025\/10\/5-dia-materia-2-1024x576.jpg 1024w, https:\/\/franciscanos.org.br\/noticias\/wp-content\/uploads\/2025\/10\/5-dia-materia-2-768x432.jpg 768w, https:\/\/franciscanos.org.br\/noticias\/wp-content\/uploads\/2025\/10\/5-dia-materia-2-150x84.jpg 150w\" sizes=\"(max-width: 1280px) 100vw, 1280px\" \/><\/p>\n<h3><\/h3>\n<h3><strong>Maria e o Sacramento da Eucaristia<\/strong><\/h3>\n<p>No <strong>quinto dia<\/strong> da novena, a comunidade paroquial de Nossa Senhora Aparecida celebrou refletiu a partir do tema \u201cCom Maria, viver a Eucaristia, fonte de comunh\u00e3o, de participa\u00e7\u00e3o e de miss\u00e3o!\u201d. Todos foram convidados a mergulhar na centralidade do Sacramento da Eucaristia, guiados pelo exemplo de f\u00e9 e entrega da Virgem Maria.<\/p>\n<p>O presidente da celebra\u00e7\u00e3o foi Frei Volney Berkenbrock, salientou que Maria, a primeira a carregar o Cristo em seu ventre, \u00e9 o modelo perfeito de quem vive a Eucaristia. Segundo o frade, Maria, o Sacr\u00e1rio vivo, nos ensina que receber Jesus \u00e9, primeiramente, aceitar a Sua Palavra e lev\u00e1-Lo ao mundo. Ainda destacou que a Santa Missa n\u00e3o se encerra no \u201cIde em Paz\u201d, pois \u00e9 ali que a verdadeira miss\u00e3o come\u00e7a.<\/p>\n<p><img loading=\"lazy\" class=\"aligncenter wp-image-261109 size-full\" src=\"https:\/\/franciscanos.org.br\/noticias\/wp-content\/uploads\/2025\/10\/6-dia-materia-1.jpg\" alt=\"\" width=\"1280\" height=\"720\" srcset=\"https:\/\/franciscanos.org.br\/noticias\/wp-content\/uploads\/2025\/10\/6-dia-materia-1.jpg 1280w, https:\/\/franciscanos.org.br\/noticias\/wp-content\/uploads\/2025\/10\/6-dia-materia-1-450x253.jpg 450w, https:\/\/franciscanos.org.br\/noticias\/wp-content\/uploads\/2025\/10\/6-dia-materia-1-1024x576.jpg 1024w, https:\/\/franciscanos.org.br\/noticias\/wp-content\/uploads\/2025\/10\/6-dia-materia-1-768x432.jpg 768w, https:\/\/franciscanos.org.br\/noticias\/wp-content\/uploads\/2025\/10\/6-dia-materia-1-150x84.jpg 150w\" sizes=\"(max-width: 1280px) 100vw, 1280px\" \/><\/p>\n<h3><strong>Amor e caridade<\/strong><\/h3>\n<p>\u201cCom Maria, cuidar da vida humana, dom sagrado de Deus!\u201d. Essa foi a inspira\u00e7\u00e3o para os frades e fi\u00e9is no <strong>sexto dia<\/strong> da novena. Nesse dia, o presidente da celebra\u00e7\u00e3o, Frei Jhones Lucas Martins e o concelebrante da noite, Frei Cid Tadeu Passos.<\/p>\n<p>As reflex\u00f5es estiveram voltadas para a urg\u00eancia da caridade, alertando sobre a exist\u00eancia de \u201cHerodes em nossos dias\u201d que desprezam vidas consideradas \u201cpouco produtivas economicamente\u201d.<\/p>\n<p><img loading=\"lazy\" class=\"aligncenter wp-image-261110 size-full\" src=\"https:\/\/franciscanos.org.br\/noticias\/wp-content\/uploads\/2025\/10\/7-dia-materia-2.jpg\" alt=\"\" width=\"1280\" height=\"720\" srcset=\"https:\/\/franciscanos.org.br\/noticias\/wp-content\/uploads\/2025\/10\/7-dia-materia-2.jpg 1280w, https:\/\/franciscanos.org.br\/noticias\/wp-content\/uploads\/2025\/10\/7-dia-materia-2-450x253.jpg 450w, https:\/\/franciscanos.org.br\/noticias\/wp-content\/uploads\/2025\/10\/7-dia-materia-2-1024x576.jpg 1024w, https:\/\/franciscanos.org.br\/noticias\/wp-content\/uploads\/2025\/10\/7-dia-materia-2-768x432.jpg 768w, https:\/\/franciscanos.org.br\/noticias\/wp-content\/uploads\/2025\/10\/7-dia-materia-2-150x84.jpg 150w\" sizes=\"(max-width: 1280px) 100vw, 1280px\" \/><\/p>\n<h3><strong>Solidariedade e esperan\u00e7a<\/strong><\/h3>\n<p>Nesta quinta-feira, 9 de outubro, <strong>s\u00e9timo dia<\/strong>, o tema \u201cCom Maria, cantar o Magnificat, esperan\u00e7a de uma nova humanidade\u201d foi marcado por momentos de profunda emo\u00e7\u00e3o e uma v\u00edvida express\u00e3o de f\u00e9 comunit\u00e1ria. Sob o tema central do canto de Maria que exalta a a\u00e7\u00e3o de Deus na hist\u00f3ria, a celebra\u00e7\u00e3o, presidida pelo Frei Jorge Paulo Schiavini, reafirmou o compromisso dos fi\u00e9is com os valores da solidariedade e da esperan\u00e7a.<\/p>\n<p>O frade partilhou a sua profunda experi\u00eancia e alegria em entrevista concedida ao site, destacando a vitalidade da comunidade e a profundidade espiritual do evento:<\/p>\n<p>\u201cParticipar da novena foi uma alegria, de partilhar a f\u00e9\u2026um pouco da f\u00e9 que a gente tem cultivada a partir da tradi\u00e7\u00e3o da Igreja, mas tamb\u00e9m beber dessa f\u00e9 e da devo\u00e7\u00e3o a Maria nessa comunidade paroquial \u2013 eu senti aqui uma f\u00e9 viva, uma f\u00e9 partilhada e celebrada, e tamb\u00e9m quase que sendo tocado pelo amor de Maria e tamb\u00e9m por Cristo Salvador. Ent\u00e3o foi um momento de muita alegria e de muita profundidade na celebra\u00e7\u00e3o. Que Deus possa continuar animando e todos aqui possam continuar sendo generosos, fi\u00e9is, buscando viver a unidade e viver aqueles valores que Maria viveu e anunciou. Acima de tudo o louvor a Deus e o servi\u00e7o aos irm\u00e3os e irm\u00e3s. Que Deus aben\u00e7oe a todos.\u201d<\/p>\n<p><strong>O rosto franciscano da devo\u00e7\u00e3o mariana<\/strong><\/p>\n<p>A presen\u00e7a constante dos frades na condu\u00e7\u00e3o das celebra\u00e7\u00f5es \u00e0 Nossa Senhora Aparecida, no territ\u00f3rio da Prov\u00edncia Franciscana da Imaculda Concei\u00e7\u00e3o do Brasil d\u00e1 um tom especial de espiritualidade franciscana \u00e0s celebra\u00e7\u00f5es. A simplicidade, a fraternidade e o amor \u00e0 M\u00e3e Aparecida se manifestam na liturgia, na m\u00fasica e na participa\u00e7\u00e3o de toda a comunidade.<\/p>\n<p>Inspirados no exemplo de S\u00e3o Francisco de Assis, os frades ajudam o povo a reconhecer, em Maria, a serva do Senhor que se fez morada do Alt\u00edssimo. Cada celebra\u00e7\u00e3o \u00e9 um convite a viver o Evangelho com ternura e gratid\u00e3o, seguindo o caminho da M\u00e3e que gera Cristo no cora\u00e7\u00e3o da Igreja.<\/p>\n<p>\u00c0 medida que se aproxima o dia da Padroeira, cresce entre os fi\u00e9is o sentimento de alegria e confian\u00e7a. A devo\u00e7\u00e3o a Nossa Senhora Aparecida \u00e9 um dom que une, renova e fortalece a f\u00e9.<\/p>\n<p>Em Nil\u00f3polis, as celebra\u00e7\u00f5es em louvor a Nossa Senhora Aparecida seguir\u00e3o at\u00e9 o dia 12 de outubro.\u00a0A novena ser\u00e1 encerrasda no pr\u00f3ximo dia 11. No dia 12 de outubro as atividades come\u00e7ar\u00e3o logo cedo, \u00e0s 5h15, com o ter\u00e7o, e Celebra\u00e7\u00f5es Eucar\u00edsticas ao longo do dia, al\u00e9m de outras atividades como o \u201cAlmo\u00e7o dos Romeiros\u201d. As celebra\u00e7\u00f5es ser\u00e3o finalizadas \u00e0s 17h30, com a prociss\u00e3o seguida da Santa Missa.<\/p>\n<p><strong>Um pouco da hist\u00f3ria<\/strong><\/p>\n<p>No dia 12 de outubro, os cat\u00f3licos celebram Nossa Senhora da Concei\u00e7\u00e3o Aparecida, rainha e padroeira do Brasil. A capital mariana da f\u00e9 \u00e9 a cidade de Aparecida (SP), onde todos os anos mais de 12 milh\u00f5es de romeiros passam pelo Santu\u00e1rio Nacional dedicado a santa, considerado o maior santu\u00e1rio mariano do mundo, para agradecer ou colocar aos p\u00e9s de Nossa Senhora um pedido. S\u00e3o pessoas de diferentes localidades, estilos e poder aquisitivo que rezam e se emocionam na Casa da M\u00e3e. O que elas t\u00eam em comum? A f\u00e9, a devo\u00e7\u00e3o e a certeza de que a M\u00e3e do C\u00e9u nunca abandona seus filhos e filhas.<\/p>\n<h3><strong>Por que o nome Nossa Senhora Aparecida?<\/strong><\/h3>\n<p>Tudo come\u00e7ou quando os pescadores Jo\u00e3o Alves, Felipe Pedroso e Domingos Garcia foram encarregados de conseguir peixe para o banquete que a Vila de Santo Ant\u00f4nio de Guaratinguet\u00e1, iria oferecer a Dom Pedro de Almeida e Portugal, o Conde de Assumar, que na \u00e9poca tamb\u00e9m era o Governador da Prov\u00edncia de S\u00e3o Paulo e Minas Gerais, e estava visitando a regi\u00e3o, no per\u00edodo de 17 a 30 de outubro de 1717.<\/p>\n<p>Foi ap\u00f3s v\u00e1rias tentativas que os tr\u00eas pescadores tiraram das \u00e1guas escuras do Rio Para\u00edba uma imagem de Nossa Senhora, que veio nas redes em dois peda\u00e7os: primeiro o corpo e, em seguida, rio abaixo, a cabe\u00e7a.<\/p>\n<p>Jo\u00e3o Alves, Felipe Pedroso e Domingos Garcia, depois de colocar a imagem dentro do barco, puderam vivenciar a a\u00e7\u00e3o da M\u00e3e de Deus. Os pescadores, que antes n\u00e3o tinham conseguido pescar nada, encheram as suas redes com uma quantidade abundante de peixes.<\/p>\n<p>Antes de levarem os peixes para o banquete, entregaram os peda\u00e7os da imagem a Silvana da Rocha Alves, esposa de Domingos, irm\u00e3 de Felipe e m\u00e3e de Jo\u00e3o, que reuniu as duas partes com cera e a colocou num pequeno altar na casa da fam\u00edlia, agradecendo a Nossa Senhora pelo milagre dos peixes.<\/p>\n<p>Desse contexto nasceu o nome de Nossa Senhora aparecida nas \u00e1guas do Rio Para\u00edba: Nossa Senhora Aparecida.<\/p>\n<p>Ao longo da hist\u00f3ria, muitos foram os milagres atribu\u00eddos \u00e0 santa, que assumiu uma caracter\u00edstica que a uniu ainda mais ao povo brasileiro: Nossa Senhora Aparecida \u00e9 negra. Essa representa\u00e7\u00e3o da M\u00e3e de Deus aproxima e faz dela uma figura ainda mais afetiva e pr\u00f3xima de seus filhos e filhas.<\/p>\n<p>Curiosidade sobre a data de celebra\u00e7\u00e3o de Nossa Senhora Aparecida<\/p>\n<p>Consta no site A12 que a escolha da celebra\u00e7\u00e3o em outubro foi determinada por causa da aproxima\u00e7\u00e3o da \u00e9poca do encontro da Imagem. Em 1954, pela primeira vez, a festa foi celebrada nesta importante data. De acordo com a historiadora Tereza Pasin, \u201ca CNBB se reuniu e achou melhor passar para 12 de outubro, por conta da descoberta da Am\u00e9rica, por ser o m\u00eas do Ros\u00e1rio e Dia da Crian\u00e7a, mas tamb\u00e9m por ser o m\u00eas do encontro da Imagem\u201d.<\/p>\n<h3><strong>S\u00e3o Francisco e Nossa Senhora<\/strong><\/h3>\n<p>S\u00e3o Francisco tinha grande venera\u00e7\u00e3o pela Virgem M\u00e3e de Deus. Texto do site franciscanos.org apresenta que o Ser\u00e1fico Pai Francisco, por singular devo\u00e7\u00e3o \u00e0 Sant\u00edssima Virgem, consagrou especial afei\u00e7\u00e3o \u00e0 capela de Nossa Senhora dos Anjos ou da Porci\u00fancula.<\/p>\n<p>A hist\u00f3ria conta que uma noite no ano 1216, Francisco estava imerso em ora\u00e7\u00e3o na pequena igreja dos franciscanos abrigada pela Bas\u00edlica de Santa Maria dos Anjos, em Assis, na It\u00e1lia, quando de repente uma luz brilhante inundou a igrejinha e acima do altar o humilde frade viu Cristo e sua M\u00e3e cercados por uma multid\u00e3o de anjos.<\/p>\n<p>Ali deu in\u00edcio \u00e0 Ordem dos Frades Menores e preparou a funda\u00e7\u00e3o das Clarissas. Naquele local S\u00e3o Francisco completou felizmente o curso de seus dias sobre a terra. Foi tamb\u00e9m na Capela da Porci\u00fancula que o Santo Pai alcan\u00e7ou a c\u00e9lebre Indulg\u00eancia, que os Sumos Pont\u00edfices confirmaram e estenderam a outras muitas igrejas.<\/p>\n<hr \/>\n<p><em>Texto: Adriana Rabelo Rodrigues e Danielle Rocha\/ Par\u00f3quia Nossa Senhora Aparecida de Nil\u00f3polis (Texto e fotos)<\/em><\/p>\n","protected":false},"excerpt":{"rendered":"<p>Festa de Nossa Senhora Aparecida<\/p>\n","protected":false},"author":11,"featured_media":261099,"comment_status":"open","ping_status":"open","sticky":false,"template":"","format":"standard","meta":[],"categories":[1],"tags":[1243,1982],"acf":[],"yoast_head":"<!-- This site is optimized with the Yoast SEO plugin v19.2 - https:\/\/yoast.com\/wordpress\/plugins\/seo\/ -->\n<title>Em Nil\u00f3polis, Fraternidade Nossa Senhora Aparecida se prepara para celebrar a Padroeira do Brasil - Not\u00edcias - Franciscanos<\/title>\n<meta name=\"robots\" content=\"index, follow, max-snippet:-1, max-image-preview:large, max-video-preview:-1\" \/>\n<link rel=\"canonical\" href=\"https:\/\/franciscanos.org.br\/noticias\/em-nilopolis-fraternidade-nossa-senhora-aparecida-se-prepara-para-celebrar-a-padroeira-do-brasil.html\" \/>\n<meta property=\"og:locale\" content=\"pt_BR\" \/>\n<meta property=\"og:type\" content=\"article\" \/>\n<meta property=\"og:title\" content=\"Em Nil\u00f3polis, Fraternidade Nossa Senhora Aparecida se prepara para celebrar a Padroeira do Brasil - Not\u00edcias - Franciscanos\" \/>\n<meta property=\"og:description\" content=\"Festa de Nossa Senhora Aparecida\" \/>\n<meta property=\"og:url\" content=\"https:\/\/franciscanos.org.br\/noticias\/em-nilopolis-fraternidade-nossa-senhora-aparecida-se-prepara-para-celebrar-a-padroeira-do-brasil.html\" \/>\n<meta property=\"og:site_name\" content=\"Not\u00edcias - Franciscanos\" \/>\n<meta property=\"article:published_time\" content=\"2025-10-10T18:00:31+00:00\" \/>\n<meta property=\"article:modified_time\" content=\"2025-10-10T21:42:41+00:00\" \/>\n<meta property=\"og:image\" content=\"https:\/\/franciscanos.org.br\/noticias\/wp-content\/uploads\/2025\/10\/chamada-25.jpg\" \/>\n\t<meta property=\"og:image:width\" content=\"800\" \/>\n\t<meta property=\"og:image:height\" content=\"550\" \/>\n\t<meta property=\"og:image:type\" content=\"image\/jpeg\" \/>\n<meta name=\"author\" content=\"Adriana Rabelo\" \/>\n<meta name=\"twitter:card\" content=\"summary_large_image\" \/>\n<meta name=\"twitter:label1\" content=\"Escrito por\" \/>\n\t<meta name=\"twitter:data1\" content=\"Adriana Rabelo\" \/>\n\t<meta name=\"twitter:label2\" content=\"Est. tempo de leitura\" \/>\n\t<meta name=\"twitter:data2\" content=\"17 minutos\" \/>\n<script type=\"application\/ld+json\" class=\"yoast-schema-graph\">{\"@context\":\"https:\/\/schema.org\",\"@graph\":[{\"@type\":\"WebSite\",\"@id\":\"https:\/\/franciscanos.org.br\/noticias\/#website\",\"url\":\"https:\/\/franciscanos.org.br\/noticias\/\",\"name\":\"Not\u00edcias - Franciscanos\",\"description\":\"Prov\u00edncia Franciscana da Imaculada Concei\u00e7\u00e3o do Brasil - Ordem dos Frades Menores - OFM\",\"potentialAction\":[{\"@type\":\"SearchAction\",\"target\":{\"@type\":\"EntryPoint\",\"urlTemplate\":\"https:\/\/franciscanos.org.br\/noticias\/?s={search_term_string}\"},\"query-input\":\"required name=search_term_string\"}],\"inLanguage\":\"pt-BR\"},{\"@type\":\"ImageObject\",\"inLanguage\":\"pt-BR\",\"@id\":\"https:\/\/franciscanos.org.br\/noticias\/em-nilopolis-fraternidade-nossa-senhora-aparecida-se-prepara-para-celebrar-a-padroeira-do-brasil.html#primaryimage\",\"url\":\"https:\/\/franciscanos.org.br\/noticias\/wp-content\/uploads\/2025\/10\/chamada-25.jpg\",\"contentUrl\":\"https:\/\/franciscanos.org.br\/noticias\/wp-content\/uploads\/2025\/10\/chamada-25.jpg\",\"width\":800,\"height\":550},{\"@type\":\"WebPage\",\"@id\":\"https:\/\/franciscanos.org.br\/noticias\/em-nilopolis-fraternidade-nossa-senhora-aparecida-se-prepara-para-celebrar-a-padroeira-do-brasil.html#webpage\",\"url\":\"https:\/\/franciscanos.org.br\/noticias\/em-nilopolis-fraternidade-nossa-senhora-aparecida-se-prepara-para-celebrar-a-padroeira-do-brasil.html\",\"name\":\"Em Nil\u00f3polis, Fraternidade Nossa Senhora Aparecida se prepara para celebrar a Padroeira do Brasil - Not\u00edcias - Franciscanos\",\"isPartOf\":{\"@id\":\"https:\/\/franciscanos.org.br\/noticias\/#website\"},\"primaryImageOfPage\":{\"@id\":\"https:\/\/franciscanos.org.br\/noticias\/em-nilopolis-fraternidade-nossa-senhora-aparecida-se-prepara-para-celebrar-a-padroeira-do-brasil.html#primaryimage\"},\"datePublished\":\"2025-10-10T18:00:31+00:00\",\"dateModified\":\"2025-10-10T21:42:41+00:00\",\"author\":{\"@id\":\"https:\/\/franciscanos.org.br\/noticias\/#\/schema\/person\/d9422e83121c3ad3b0f423d195f5bb25\"},\"breadcrumb\":{\"@id\":\"https:\/\/franciscanos.org.br\/noticias\/em-nilopolis-fraternidade-nossa-senhora-aparecida-se-prepara-para-celebrar-a-padroeira-do-brasil.html#breadcrumb\"},\"inLanguage\":\"pt-BR\",\"potentialAction\":[{\"@type\":\"ReadAction\",\"target\":[\"https:\/\/franciscanos.org.br\/noticias\/em-nilopolis-fraternidade-nossa-senhora-aparecida-se-prepara-para-celebrar-a-padroeira-do-brasil.html\"]}]},{\"@type\":\"BreadcrumbList\",\"@id\":\"https:\/\/franciscanos.org.br\/noticias\/em-nilopolis-fraternidade-nossa-senhora-aparecida-se-prepara-para-celebrar-a-padroeira-do-brasil.html#breadcrumb\",\"itemListElement\":[{\"@type\":\"ListItem\",\"position\":1,\"name\":\"Home\",\"item\":\"https:\/\/franciscanos.org.br\/noticias\"},{\"@type\":\"ListItem\",\"position\":2,\"name\":\"Em Nil\u00f3polis, Fraternidade Nossa Senhora Aparecida se prepara para celebrar a Padroeira do Brasil\"}]},{\"@type\":\"Person\",\"@id\":\"https:\/\/franciscanos.org.br\/noticias\/#\/schema\/person\/d9422e83121c3ad3b0f423d195f5bb25\",\"name\":\"Adriana Rabelo\",\"image\":{\"@type\":\"ImageObject\",\"inLanguage\":\"pt-BR\",\"@id\":\"https:\/\/franciscanos.org.br\/noticias\/#\/schema\/person\/image\/\",\"url\":\"https:\/\/secure.gravatar.com\/avatar\/0a937b7500cd7df77540cfb8bede877d?s=96&d=mm&r=g\",\"contentUrl\":\"https:\/\/secure.gravatar.com\/avatar\/0a937b7500cd7df77540cfb8bede877d?s=96&d=mm&r=g\",\"caption\":\"Adriana Rabelo\"},\"url\":\"https:\/\/franciscanos.org.br\/noticias\/author\/adrianarabelo\"}]}<\/script>\n<!-- \/ Yoast SEO plugin. -->","yoast_head_json":{"title":"Em Nil\u00f3polis, Fraternidade Nossa Senhora Aparecida se prepara para celebrar a Padroeira do Brasil - Not\u00edcias - Franciscanos","robots":{"index":"index","follow":"follow","max-snippet":"max-snippet:-1","max-image-preview":"max-image-preview:large","max-video-preview":"max-video-preview:-1"},"canonical":"https:\/\/franciscanos.org.br\/noticias\/em-nilopolis-fraternidade-nossa-senhora-aparecida-se-prepara-para-celebrar-a-padroeira-do-brasil.html","og_locale":"pt_BR","og_type":"article","og_title":"Em Nil\u00f3polis, Fraternidade Nossa Senhora Aparecida se prepara para celebrar a Padroeira do Brasil - Not\u00edcias - Franciscanos","og_description":"Festa de Nossa Senhora Aparecida","og_url":"https:\/\/franciscanos.org.br\/noticias\/em-nilopolis-fraternidade-nossa-senhora-aparecida-se-prepara-para-celebrar-a-padroeira-do-brasil.html","og_site_name":"Not\u00edcias - Franciscanos","article_published_time":"2025-10-10T18:00:31+00:00","article_modified_time":"2025-10-10T21:42:41+00:00","og_image":[{"width":800,"height":550,"url":"https:\/\/franciscanos.org.br\/noticias\/wp-content\/uploads\/2025\/10\/chamada-25.jpg","type":"image\/jpeg"}],"author":"Adriana Rabelo","twitter_card":"summary_large_image","twitter_misc":{"Escrito por":"Adriana Rabelo","Est. tempo de leitura":"17 minutos"},"schema":{"@context":"https:\/\/schema.org","@graph":[{"@type":"WebSite","@id":"https:\/\/franciscanos.org.br\/noticias\/#website","url":"https:\/\/franciscanos.org.br\/noticias\/","name":"Not\u00edcias - Franciscanos","description":"Prov\u00edncia Franciscana da Imaculada Concei\u00e7\u00e3o do Brasil - Ordem dos Frades Menores - OFM","potentialAction":[{"@type":"SearchAction","target":{"@type":"EntryPoint","urlTemplate":"https:\/\/franciscanos.org.br\/noticias\/?s={search_term_string}"},"query-input":"required name=search_term_string"}],"inLanguage":"pt-BR"},{"@type":"ImageObject","inLanguage":"pt-BR","@id":"https:\/\/franciscanos.org.br\/noticias\/em-nilopolis-fraternidade-nossa-senhora-aparecida-se-prepara-para-celebrar-a-padroeira-do-brasil.html#primaryimage","url":"https:\/\/franciscanos.org.br\/noticias\/wp-content\/uploads\/2025\/10\/chamada-25.jpg","contentUrl":"https:\/\/franciscanos.org.br\/noticias\/wp-content\/uploads\/2025\/10\/chamada-25.jpg","width":800,"height":550},{"@type":"WebPage","@id":"https:\/\/franciscanos.org.br\/noticias\/em-nilopolis-fraternidade-nossa-senhora-aparecida-se-prepara-para-celebrar-a-padroeira-do-brasil.html#webpage","url":"https:\/\/franciscanos.org.br\/noticias\/em-nilopolis-fraternidade-nossa-senhora-aparecida-se-prepara-para-celebrar-a-padroeira-do-brasil.html","name":"Em Nil\u00f3polis, Fraternidade Nossa Senhora Aparecida se prepara para celebrar a Padroeira do Brasil - Not\u00edcias - Franciscanos","isPartOf":{"@id":"https:\/\/franciscanos.org.br\/noticias\/#website"},"primaryImageOfPage":{"@id":"https:\/\/franciscanos.org.br\/noticias\/em-nilopolis-fraternidade-nossa-senhora-aparecida-se-prepara-para-celebrar-a-padroeira-do-brasil.html#primaryimage"},"datePublished":"2025-10-10T18:00:31+00:00","dateModified":"2025-10-10T21:42:41+00:00","author":{"@id":"https:\/\/franciscanos.org.br\/noticias\/#\/schema\/person\/d9422e83121c3ad3b0f423d195f5bb25"},"breadcrumb":{"@id":"https:\/\/franciscanos.org.br\/noticias\/em-nilopolis-fraternidade-nossa-senhora-aparecida-se-prepara-para-celebrar-a-padroeira-do-brasil.html#breadcrumb"},"inLanguage":"pt-BR","potentialAction":[{"@type":"ReadAction","target":["https:\/\/franciscanos.org.br\/noticias\/em-nilopolis-fraternidade-nossa-senhora-aparecida-se-prepara-para-celebrar-a-padroeira-do-brasil.html"]}]},{"@type":"BreadcrumbList","@id":"https:\/\/franciscanos.org.br\/noticias\/em-nilopolis-fraternidade-nossa-senhora-aparecida-se-prepara-para-celebrar-a-padroeira-do-brasil.html#breadcrumb","itemListElement":[{"@type":"ListItem","position":1,"name":"Home","item":"https:\/\/franciscanos.org.br\/noticias"},{"@type":"ListItem","position":2,"name":"Em Nil\u00f3polis, Fraternidade Nossa Senhora Aparecida se prepara para celebrar a Padroeira do Brasil"}]},{"@type":"Person","@id":"https:\/\/franciscanos.org.br\/noticias\/#\/schema\/person\/d9422e83121c3ad3b0f423d195f5bb25","name":"Adriana Rabelo","image":{"@type":"ImageObject","inLanguage":"pt-BR","@id":"https:\/\/franciscanos.org.br\/noticias\/#\/schema\/person\/image\/","url":"https:\/\/secure.gravatar.com\/avatar\/0a937b7500cd7df77540cfb8bede877d?s=96&d=mm&r=g","contentUrl":"https:\/\/secure.gravatar.com\/avatar\/0a937b7500cd7df77540cfb8bede877d?s=96&d=mm&r=g","caption":"Adriana Rabelo"},"url":"https:\/\/franciscanos.org.br\/noticias\/author\/adrianarabelo"}]}},"_links":{"self":[{"href":"https:\/\/franciscanos.org.br\/noticias\/wp-json\/wp\/v2\/posts\/261098"}],"collection":[{"href":"https:\/\/franciscanos.org.br\/noticias\/wp-json\/wp\/v2\/posts"}],"about":[{"href":"https:\/\/franciscanos.org.br\/noticias\/wp-json\/wp\/v2\/types\/post"}],"author":[{"embeddable":true,"href":"https:\/\/franciscanos.org.br\/noticias\/wp-json\/wp\/v2\/users\/11"}],"replies":[{"embeddable":true,"href":"https:\/\/franciscanos.org.br\/noticias\/wp-json\/wp\/v2\/comments?post=261098"}],"version-history":[{"count":2,"href":"https:\/\/franciscanos.org.br\/noticias\/wp-json\/wp\/v2\/posts\/261098\/revisions"}],"predecessor-version":[{"id":261112,"href":"https:\/\/franciscanos.org.br\/noticias\/wp-json\/wp\/v2\/posts\/261098\/revisions\/261112"}],"wp:featuredmedia":[{"embeddable":true,"href":"https:\/\/franciscanos.org.br\/noticias\/wp-json\/wp\/v2\/media\/261099"}],"wp:attachment":[{"href":"https:\/\/franciscanos.org.br\/noticias\/wp-json\/wp\/v2\/media?parent=261098"}],"wp:term":[{"taxonomy":"category","embeddable":true,"href":"https:\/\/franciscanos.org.br\/noticias\/wp-json\/wp\/v2\/categories?post=261098"},{"taxonomy":"post_tag","embeddable":true,"href":"https:\/\/franciscanos.org.br\/noticias\/wp-json\/wp\/v2\/tags?post=261098"}],"curies":[{"name":"wp","href":"https:\/\/api.w.org\/{rel}","templated":true}]}}