{"id":261090,"date":"2025-10-10T16:09:32","date_gmt":"2025-10-10T19:09:32","guid":{"rendered":"https:\/\/franciscanos.org.br\/noticias\/?p=261090"},"modified":"2025-10-10T16:13:15","modified_gmt":"2025-10-10T19:13:15","slug":"dia-de-sao-francisco-marca-o-inicio-do-projeto-liturgia-das-horas-nas-emissoras-franciscanas","status":"publish","type":"post","link":"https:\/\/franciscanos.org.br\/noticias\/dia-de-sao-francisco-marca-o-inicio-do-projeto-liturgia-das-horas-nas-emissoras-franciscanas.html","title":{"rendered":"Dia de S\u00e3o Francisco marca o in\u00edcio do projeto \u201cLiturgia das Horas\u201d nas emissoras franciscanas"},"content":{"rendered":"<p><img loading=\"lazy\" class=\"aligncenter wp-image-261092 size-full\" src=\"https:\/\/franciscanos.org.br\/noticias\/wp-content\/uploads\/2025\/10\/materia-9.jpg\" alt=\"\" width=\"1280\" height=\"720\" srcset=\"https:\/\/franciscanos.org.br\/noticias\/wp-content\/uploads\/2025\/10\/materia-9.jpg 1280w, https:\/\/franciscanos.org.br\/noticias\/wp-content\/uploads\/2025\/10\/materia-9-450x253.jpg 450w, https:\/\/franciscanos.org.br\/noticias\/wp-content\/uploads\/2025\/10\/materia-9-1024x576.jpg 1024w, https:\/\/franciscanos.org.br\/noticias\/wp-content\/uploads\/2025\/10\/materia-9-768x432.jpg 768w, https:\/\/franciscanos.org.br\/noticias\/wp-content\/uploads\/2025\/10\/materia-9-150x84.jpg 150w\" sizes=\"(max-width: 1280px) 100vw, 1280px\" \/><\/p>\n<p>O m\u00eas de outubro \u00e9 de grande significado para o carisma e a espiritualidade franciscana, pois \u00e9 marcado pela Solenidade de S\u00e3o Francisco de Assis, fundador da Ordem dos Frades Menores. Este foi o principal motivo para que em 4 de outubro deste ano, dia do Santo ser\u00e1fico, que tem sua hist\u00f3ria profundamente marcada pela ora\u00e7\u00e3o e pela simplicidade evang\u00e9lica, entrou no ar o projeto <strong>Liturgia das Horas com a Ora\u00e7\u00e3o das Laudes<\/strong>, uma nova iniciativa das emissoras franciscanas das <strong>Funda\u00e7\u00f5es\u00a0Celinauta\u00a0e\u00a0Frei Rog\u00e9rio<\/strong> da Prov\u00edncia da Imaculada Concei\u00e7\u00e3o do Brasil.<\/p>\n<p><img loading=\"lazy\" class=\"size-medium wp-image-261093 alignright\" src=\"https:\/\/franciscanos.org.br\/noticias\/wp-content\/uploads\/2025\/10\/WhatsApp-Image-2025-10-05-at-16.32.30-338x450.jpeg\" alt=\"\" width=\"338\" height=\"450\" srcset=\"https:\/\/franciscanos.org.br\/noticias\/wp-content\/uploads\/2025\/10\/WhatsApp-Image-2025-10-05-at-16.32.30-338x450.jpeg 338w, https:\/\/franciscanos.org.br\/noticias\/wp-content\/uploads\/2025\/10\/WhatsApp-Image-2025-10-05-at-16.32.30-768x1024.jpeg 768w, https:\/\/franciscanos.org.br\/noticias\/wp-content\/uploads\/2025\/10\/WhatsApp-Image-2025-10-05-at-16.32.30-150x200.jpeg 150w, https:\/\/franciscanos.org.br\/noticias\/wp-content\/uploads\/2025\/10\/WhatsApp-Image-2025-10-05-at-16.32.30.jpeg 810w\" sizes=\"(max-width: 338px) 100vw, 338px\" \/>A proposta nasceu do desejo de oferecer aos ouvintes uma experi\u00eancia orante mais pr\u00f3xima da rotina dos frades e de toda a Igreja. <strong>A ora\u00e7\u00e3o das\u00a0Laudes<\/strong>, que marca o in\u00edcio do dia, passou a integrar o programa\u00a0Madrugada Franciscana, transmitido h\u00e1 cinco anos pelas emissoras franciscanas, unindo reflex\u00e3o, espiritualidade e m\u00fasica no amanhecer.<\/p>\n<p>Dispon\u00edvel tamb\u00e9m no\u00a0<strong>podcast Fraternicast<\/strong>, o projeto permite que os fi\u00e9is rezem com os frades de onde estiverem, em sintonia com a ora\u00e7\u00e3o universal da Igreja.<\/p>\n<p>Segundo o coordenador desta iniciativa,\u00a0Frei Leandro Ferreira Silva, a ideia come\u00e7ou a se concretizar em mar\u00e7o de 2025 e \u00e9 uma resposta do pedido do Cap\u00edtulo Provincial de 2024 para fortalecer a unidade entre as frentes de evangeliza\u00e7\u00e3o.<\/p>\n<p>\u201cO projeto Liturgia das Horas nasceu do desejo de oferecer aos ouvintes algo novo e significativo: a possibilidade de rezar conosco, em comunh\u00e3o com toda a Igreja, logo nas primeiras horas da manh\u00e3. Queremos que a ora\u00e7\u00e3o das Laudes fa\u00e7a parte da rotina das pessoas e fortale\u00e7a esse v\u00ednculo espiritual que o programa Madrugada Franciscana j\u00e1 cultiva h\u00e1 tantos anos\u201d, afirmou Frei Leandro.<\/p>\n<p>Para compor a equipe, Frei Leandro convidou\u00a0Frei Jonas Ribeiro da Silva, que atua pastoralmente na Par\u00f3quia S\u00e3o Luiz Gonzaga de Xaxim (SC), e\u00a0Frei Felipe Zaros, frade em forma\u00e7\u00e3o, que assumiu a miss\u00e3o de integrar a dimens\u00e3o formativa e espiritual do projeto. Na parte t\u00e9cnica, o trabalho contou com a produ\u00e7\u00e3o e edi\u00e7\u00e3o do comunicador\u00a0Fabiano Marangon, da Rede Celinauta.<\/p>\n<h3><strong>Grava\u00e7\u00f5es e espiritualidade<\/strong><\/h3>\n<p>Os frades iniciaram as primeiras grava\u00e7\u00f5es no dia\u00a024 de julho de 2025, dando in\u00edcio ao ciclo completo das quatro semanas do Salt\u00e9rio, incluindo\u00a0mem\u00f3rias obrigat\u00f3rias, solenidades e celebra\u00e7\u00f5es da Fam\u00edlia Franciscana. As grava\u00e7\u00f5es acontecem mensalmente, sempre em clima de fraternidade e ora\u00e7\u00e3o. Frei Leandro recorda o ambiente das produ\u00e7\u00f5es como um verdadeiro exerc\u00edcio de comunh\u00e3o:<\/p>\n<p>\u201cO clima de grava\u00e7\u00e3o foi intenso. Come\u00e7\u00e1vamos pela manh\u00e3 e segu\u00edamos at\u00e9 o fim da tarde. Em muitos momentos, nos divert\u00edamos com os trava-l\u00ednguas e erros de locu\u00e7\u00e3o, mas tudo isso acontecia num ambiente muito harmonioso. Deus nos conduzia em cada momento e nos aben\u00e7oava a cada salmodia. Era sempre uma gra\u00e7a e um louvor ao nosso Deus\u201d, partilhou o frade.<\/p>\n<h3><strong>\u00a0<\/strong><strong>O sentido de rezar as Laudes<\/strong><\/h3>\n<p>A\u00a0Liturgia das Horas \u00e9 uma das ora\u00e7\u00f5es oficiais da Igreja, que santifica os diversos momentos do dia. Entre elas, as\u00a0Laudes\u00a0s\u00e3o rezadas ao amanhecer, em a\u00e7\u00e3o de gra\u00e7as pela vida e pela presen\u00e7a de Deus que renova todas as coisas.<\/p>\n<p>Para\u00a0S\u00e3o Francisco de Assis, a ora\u00e7\u00e3o era o cora\u00e7\u00e3o de sua miss\u00e3o. Ele via na recita\u00e7\u00e3o dos salmos um caminho de uni\u00e3o com Cristo e de louvor pela cria\u00e7\u00e3o. Rezar as Laudes, portanto, \u00e9 dar continuidade ao esp\u00edrito franciscano: simples, alegre e profundamente ligado \u00e0 fraternidade universal e a todas as criaturas.<\/p>\n<h3><strong>Dispon\u00edvel nas r\u00e1dios e plataformas digitais<\/strong><\/h3>\n<p>O projeto\u00a0Liturgia das Horas\u00a0est\u00e1 dispon\u00edvel diariamente dentro do programa\u00a0Madrugada Franciscana, transmitido pelas r\u00e1dios das <strong>Funda\u00e7\u00f5es\u00a0Celinauta\u00a0(Pato Branco\/PR) e\u00a0Frei Rog\u00e9rio\u00a0(Curitibanos\/SC)<\/strong>.<\/p>\n<p>A ora\u00e7\u00e3o tamb\u00e9m pode ser acessada gratuitamente no\u00a0Fraternicast, dispon\u00edvel nos principais aplicativos de \u00e1udio logo nas primeiras horas de um novo dia.<\/p>\n<p>\u201cConvidamos todos a rezar conosco a Ora\u00e7\u00e3o das Laudes e a se unir \u00e0 Igreja por meio da espiritualidade. \u00c9 uma bonita forma de come\u00e7armos nossos afazeres louvando o Senhor\u201d, conclui Frei Leandro.<\/p>\n<p>Al\u00e9m das Laudes, os frades j\u00e1 est\u00e3o em processo de grava\u00e7\u00e3o do\u00a0Of\u00edcio das Leituras\u00a0e estudam a possibilidade de incluir, futuramente, a ora\u00e7\u00e3o das\u00a0V\u00e9speras, ampliando ainda mais esse itiner\u00e1rio de ora\u00e7\u00e3o que nasce no cora\u00e7\u00e3o da vida franciscana e se espalha pelos caminhos da comunica\u00e7\u00e3o.<\/p>\n<hr \/>\n<p><em>Frei Augusto Luiz Gabriel<\/em><\/p>\n","protected":false},"excerpt":{"rendered":"<p>A\u00e7\u00e3o franciscana de comunica\u00e7\u00e3o<\/p>\n","protected":false},"author":11,"featured_media":261091,"comment_status":"open","ping_status":"open","sticky":false,"template":"","format":"standard","meta":[],"categories":[1],"tags":[2003,1168],"acf":[],"yoast_head":"<!-- This site is optimized with the Yoast SEO plugin v19.2 - https:\/\/yoast.com\/wordpress\/plugins\/seo\/ -->\n<title>Dia de S\u00e3o Francisco marca o in\u00edcio do projeto \u201cLiturgia das Horas\u201d nas emissoras franciscanas - Not\u00edcias - Franciscanos<\/title>\n<meta name=\"robots\" content=\"index, follow, max-snippet:-1, max-image-preview:large, max-video-preview:-1\" \/>\n<link rel=\"canonical\" href=\"https:\/\/franciscanos.org.br\/noticias\/dia-de-sao-francisco-marca-o-inicio-do-projeto-liturgia-das-horas-nas-emissoras-franciscanas.html\" \/>\n<meta property=\"og:locale\" content=\"pt_BR\" \/>\n<meta property=\"og:type\" content=\"article\" \/>\n<meta property=\"og:title\" content=\"Dia de S\u00e3o Francisco marca o in\u00edcio do projeto \u201cLiturgia das Horas\u201d nas emissoras franciscanas - Not\u00edcias - Franciscanos\" \/>\n<meta property=\"og:description\" content=\"A\u00e7\u00e3o franciscana de comunica\u00e7\u00e3o\" \/>\n<meta property=\"og:url\" content=\"https:\/\/franciscanos.org.br\/noticias\/dia-de-sao-francisco-marca-o-inicio-do-projeto-liturgia-das-horas-nas-emissoras-franciscanas.html\" \/>\n<meta property=\"og:site_name\" content=\"Not\u00edcias - Franciscanos\" \/>\n<meta property=\"article:published_time\" content=\"2025-10-10T19:09:32+00:00\" \/>\n<meta property=\"article:modified_time\" content=\"2025-10-10T19:13:15+00:00\" \/>\n<meta property=\"og:image\" content=\"https:\/\/franciscanos.org.br\/noticias\/wp-content\/uploads\/2025\/10\/chamada-24.jpg\" \/>\n\t<meta property=\"og:image:width\" content=\"800\" \/>\n\t<meta property=\"og:image:height\" content=\"550\" \/>\n\t<meta property=\"og:image:type\" content=\"image\/jpeg\" \/>\n<meta name=\"author\" content=\"Adriana Rabelo\" \/>\n<meta name=\"twitter:card\" content=\"summary_large_image\" \/>\n<meta name=\"twitter:label1\" content=\"Escrito por\" \/>\n\t<meta name=\"twitter:data1\" content=\"Adriana Rabelo\" \/>\n\t<meta name=\"twitter:label2\" content=\"Est. tempo de leitura\" \/>\n\t<meta name=\"twitter:data2\" content=\"4 minutos\" \/>\n<script type=\"application\/ld+json\" class=\"yoast-schema-graph\">{\"@context\":\"https:\/\/schema.org\",\"@graph\":[{\"@type\":\"WebSite\",\"@id\":\"https:\/\/franciscanos.org.br\/noticias\/#website\",\"url\":\"https:\/\/franciscanos.org.br\/noticias\/\",\"name\":\"Not\u00edcias - Franciscanos\",\"description\":\"Prov\u00edncia Franciscana da Imaculada Concei\u00e7\u00e3o do Brasil - Ordem dos Frades Menores - OFM\",\"potentialAction\":[{\"@type\":\"SearchAction\",\"target\":{\"@type\":\"EntryPoint\",\"urlTemplate\":\"https:\/\/franciscanos.org.br\/noticias\/?s={search_term_string}\"},\"query-input\":\"required name=search_term_string\"}],\"inLanguage\":\"pt-BR\"},{\"@type\":\"ImageObject\",\"inLanguage\":\"pt-BR\",\"@id\":\"https:\/\/franciscanos.org.br\/noticias\/dia-de-sao-francisco-marca-o-inicio-do-projeto-liturgia-das-horas-nas-emissoras-franciscanas.html#primaryimage\",\"url\":\"https:\/\/franciscanos.org.br\/noticias\/wp-content\/uploads\/2025\/10\/chamada-24.jpg\",\"contentUrl\":\"https:\/\/franciscanos.org.br\/noticias\/wp-content\/uploads\/2025\/10\/chamada-24.jpg\",\"width\":800,\"height\":550},{\"@type\":\"WebPage\",\"@id\":\"https:\/\/franciscanos.org.br\/noticias\/dia-de-sao-francisco-marca-o-inicio-do-projeto-liturgia-das-horas-nas-emissoras-franciscanas.html#webpage\",\"url\":\"https:\/\/franciscanos.org.br\/noticias\/dia-de-sao-francisco-marca-o-inicio-do-projeto-liturgia-das-horas-nas-emissoras-franciscanas.html\",\"name\":\"Dia de S\u00e3o Francisco marca o in\u00edcio do projeto \u201cLiturgia das Horas\u201d nas emissoras franciscanas - Not\u00edcias - Franciscanos\",\"isPartOf\":{\"@id\":\"https:\/\/franciscanos.org.br\/noticias\/#website\"},\"primaryImageOfPage\":{\"@id\":\"https:\/\/franciscanos.org.br\/noticias\/dia-de-sao-francisco-marca-o-inicio-do-projeto-liturgia-das-horas-nas-emissoras-franciscanas.html#primaryimage\"},\"datePublished\":\"2025-10-10T19:09:32+00:00\",\"dateModified\":\"2025-10-10T19:13:15+00:00\",\"author\":{\"@id\":\"https:\/\/franciscanos.org.br\/noticias\/#\/schema\/person\/d9422e83121c3ad3b0f423d195f5bb25\"},\"breadcrumb\":{\"@id\":\"https:\/\/franciscanos.org.br\/noticias\/dia-de-sao-francisco-marca-o-inicio-do-projeto-liturgia-das-horas-nas-emissoras-franciscanas.html#breadcrumb\"},\"inLanguage\":\"pt-BR\",\"potentialAction\":[{\"@type\":\"ReadAction\",\"target\":[\"https:\/\/franciscanos.org.br\/noticias\/dia-de-sao-francisco-marca-o-inicio-do-projeto-liturgia-das-horas-nas-emissoras-franciscanas.html\"]}]},{\"@type\":\"BreadcrumbList\",\"@id\":\"https:\/\/franciscanos.org.br\/noticias\/dia-de-sao-francisco-marca-o-inicio-do-projeto-liturgia-das-horas-nas-emissoras-franciscanas.html#breadcrumb\",\"itemListElement\":[{\"@type\":\"ListItem\",\"position\":1,\"name\":\"Home\",\"item\":\"https:\/\/franciscanos.org.br\/noticias\"},{\"@type\":\"ListItem\",\"position\":2,\"name\":\"Dia de S\u00e3o Francisco marca o in\u00edcio do projeto \u201cLiturgia das Horas\u201d nas emissoras franciscanas\"}]},{\"@type\":\"Person\",\"@id\":\"https:\/\/franciscanos.org.br\/noticias\/#\/schema\/person\/d9422e83121c3ad3b0f423d195f5bb25\",\"name\":\"Adriana Rabelo\",\"image\":{\"@type\":\"ImageObject\",\"inLanguage\":\"pt-BR\",\"@id\":\"https:\/\/franciscanos.org.br\/noticias\/#\/schema\/person\/image\/\",\"url\":\"https:\/\/secure.gravatar.com\/avatar\/0a937b7500cd7df77540cfb8bede877d?s=96&d=mm&r=g\",\"contentUrl\":\"https:\/\/secure.gravatar.com\/avatar\/0a937b7500cd7df77540cfb8bede877d?s=96&d=mm&r=g\",\"caption\":\"Adriana Rabelo\"},\"url\":\"https:\/\/franciscanos.org.br\/noticias\/author\/adrianarabelo\"}]}<\/script>\n<!-- \/ Yoast SEO plugin. -->","yoast_head_json":{"title":"Dia de S\u00e3o Francisco marca o in\u00edcio do projeto \u201cLiturgia das Horas\u201d nas emissoras franciscanas - Not\u00edcias - Franciscanos","robots":{"index":"index","follow":"follow","max-snippet":"max-snippet:-1","max-image-preview":"max-image-preview:large","max-video-preview":"max-video-preview:-1"},"canonical":"https:\/\/franciscanos.org.br\/noticias\/dia-de-sao-francisco-marca-o-inicio-do-projeto-liturgia-das-horas-nas-emissoras-franciscanas.html","og_locale":"pt_BR","og_type":"article","og_title":"Dia de S\u00e3o Francisco marca o in\u00edcio do projeto \u201cLiturgia das Horas\u201d nas emissoras franciscanas - Not\u00edcias - Franciscanos","og_description":"A\u00e7\u00e3o franciscana de comunica\u00e7\u00e3o","og_url":"https:\/\/franciscanos.org.br\/noticias\/dia-de-sao-francisco-marca-o-inicio-do-projeto-liturgia-das-horas-nas-emissoras-franciscanas.html","og_site_name":"Not\u00edcias - Franciscanos","article_published_time":"2025-10-10T19:09:32+00:00","article_modified_time":"2025-10-10T19:13:15+00:00","og_image":[{"width":800,"height":550,"url":"https:\/\/franciscanos.org.br\/noticias\/wp-content\/uploads\/2025\/10\/chamada-24.jpg","type":"image\/jpeg"}],"author":"Adriana Rabelo","twitter_card":"summary_large_image","twitter_misc":{"Escrito por":"Adriana Rabelo","Est. tempo de leitura":"4 minutos"},"schema":{"@context":"https:\/\/schema.org","@graph":[{"@type":"WebSite","@id":"https:\/\/franciscanos.org.br\/noticias\/#website","url":"https:\/\/franciscanos.org.br\/noticias\/","name":"Not\u00edcias - Franciscanos","description":"Prov\u00edncia Franciscana da Imaculada Concei\u00e7\u00e3o do Brasil - Ordem dos Frades Menores - OFM","potentialAction":[{"@type":"SearchAction","target":{"@type":"EntryPoint","urlTemplate":"https:\/\/franciscanos.org.br\/noticias\/?s={search_term_string}"},"query-input":"required name=search_term_string"}],"inLanguage":"pt-BR"},{"@type":"ImageObject","inLanguage":"pt-BR","@id":"https:\/\/franciscanos.org.br\/noticias\/dia-de-sao-francisco-marca-o-inicio-do-projeto-liturgia-das-horas-nas-emissoras-franciscanas.html#primaryimage","url":"https:\/\/franciscanos.org.br\/noticias\/wp-content\/uploads\/2025\/10\/chamada-24.jpg","contentUrl":"https:\/\/franciscanos.org.br\/noticias\/wp-content\/uploads\/2025\/10\/chamada-24.jpg","width":800,"height":550},{"@type":"WebPage","@id":"https:\/\/franciscanos.org.br\/noticias\/dia-de-sao-francisco-marca-o-inicio-do-projeto-liturgia-das-horas-nas-emissoras-franciscanas.html#webpage","url":"https:\/\/franciscanos.org.br\/noticias\/dia-de-sao-francisco-marca-o-inicio-do-projeto-liturgia-das-horas-nas-emissoras-franciscanas.html","name":"Dia de S\u00e3o Francisco marca o in\u00edcio do projeto \u201cLiturgia das Horas\u201d nas emissoras franciscanas - Not\u00edcias - Franciscanos","isPartOf":{"@id":"https:\/\/franciscanos.org.br\/noticias\/#website"},"primaryImageOfPage":{"@id":"https:\/\/franciscanos.org.br\/noticias\/dia-de-sao-francisco-marca-o-inicio-do-projeto-liturgia-das-horas-nas-emissoras-franciscanas.html#primaryimage"},"datePublished":"2025-10-10T19:09:32+00:00","dateModified":"2025-10-10T19:13:15+00:00","author":{"@id":"https:\/\/franciscanos.org.br\/noticias\/#\/schema\/person\/d9422e83121c3ad3b0f423d195f5bb25"},"breadcrumb":{"@id":"https:\/\/franciscanos.org.br\/noticias\/dia-de-sao-francisco-marca-o-inicio-do-projeto-liturgia-das-horas-nas-emissoras-franciscanas.html#breadcrumb"},"inLanguage":"pt-BR","potentialAction":[{"@type":"ReadAction","target":["https:\/\/franciscanos.org.br\/noticias\/dia-de-sao-francisco-marca-o-inicio-do-projeto-liturgia-das-horas-nas-emissoras-franciscanas.html"]}]},{"@type":"BreadcrumbList","@id":"https:\/\/franciscanos.org.br\/noticias\/dia-de-sao-francisco-marca-o-inicio-do-projeto-liturgia-das-horas-nas-emissoras-franciscanas.html#breadcrumb","itemListElement":[{"@type":"ListItem","position":1,"name":"Home","item":"https:\/\/franciscanos.org.br\/noticias"},{"@type":"ListItem","position":2,"name":"Dia de S\u00e3o Francisco marca o in\u00edcio do projeto \u201cLiturgia das Horas\u201d nas emissoras franciscanas"}]},{"@type":"Person","@id":"https:\/\/franciscanos.org.br\/noticias\/#\/schema\/person\/d9422e83121c3ad3b0f423d195f5bb25","name":"Adriana Rabelo","image":{"@type":"ImageObject","inLanguage":"pt-BR","@id":"https:\/\/franciscanos.org.br\/noticias\/#\/schema\/person\/image\/","url":"https:\/\/secure.gravatar.com\/avatar\/0a937b7500cd7df77540cfb8bede877d?s=96&d=mm&r=g","contentUrl":"https:\/\/secure.gravatar.com\/avatar\/0a937b7500cd7df77540cfb8bede877d?s=96&d=mm&r=g","caption":"Adriana Rabelo"},"url":"https:\/\/franciscanos.org.br\/noticias\/author\/adrianarabelo"}]}},"_links":{"self":[{"href":"https:\/\/franciscanos.org.br\/noticias\/wp-json\/wp\/v2\/posts\/261090"}],"collection":[{"href":"https:\/\/franciscanos.org.br\/noticias\/wp-json\/wp\/v2\/posts"}],"about":[{"href":"https:\/\/franciscanos.org.br\/noticias\/wp-json\/wp\/v2\/types\/post"}],"author":[{"embeddable":true,"href":"https:\/\/franciscanos.org.br\/noticias\/wp-json\/wp\/v2\/users\/11"}],"replies":[{"embeddable":true,"href":"https:\/\/franciscanos.org.br\/noticias\/wp-json\/wp\/v2\/comments?post=261090"}],"version-history":[{"count":4,"href":"https:\/\/franciscanos.org.br\/noticias\/wp-json\/wp\/v2\/posts\/261090\/revisions"}],"predecessor-version":[{"id":261097,"href":"https:\/\/franciscanos.org.br\/noticias\/wp-json\/wp\/v2\/posts\/261090\/revisions\/261097"}],"wp:featuredmedia":[{"embeddable":true,"href":"https:\/\/franciscanos.org.br\/noticias\/wp-json\/wp\/v2\/media\/261091"}],"wp:attachment":[{"href":"https:\/\/franciscanos.org.br\/noticias\/wp-json\/wp\/v2\/media?parent=261090"}],"wp:term":[{"taxonomy":"category","embeddable":true,"href":"https:\/\/franciscanos.org.br\/noticias\/wp-json\/wp\/v2\/categories?post=261090"},{"taxonomy":"post_tag","embeddable":true,"href":"https:\/\/franciscanos.org.br\/noticias\/wp-json\/wp\/v2\/tags?post=261090"}],"curies":[{"name":"wp","href":"https:\/\/api.w.org\/{rel}","templated":true}]}}