{"id":261063,"date":"2025-10-10T09:27:33","date_gmt":"2025-10-10T12:27:33","guid":{"rendered":"https:\/\/franciscanos.org.br\/noticias\/?p=261063"},"modified":"2025-10-10T09:27:33","modified_gmt":"2025-10-10T12:27:33","slug":"nao-perca-de-vista-o-ponto-de-partida-o-sentido-da-vocacao-religiosa-franciscana-no-2o-dia-do-triduo","status":"publish","type":"post","link":"https:\/\/franciscanos.org.br\/noticias\/nao-perca-de-vista-o-ponto-de-partida-o-sentido-da-vocacao-religiosa-franciscana-no-2o-dia-do-triduo.html","title":{"rendered":"\u2018N\u00e3o perca de vista o ponto de partida\u2019: o sentido da voca\u00e7\u00e3o religiosa franciscana, no 2\u00ba dia do tr\u00edduo"},"content":{"rendered":"<p><img loading=\"lazy\" class=\"aligncenter wp-image-261065 size-full\" src=\"https:\/\/franciscanos.org.br\/noticias\/wp-content\/uploads\/2025\/10\/MATERIA-1-9.jpg\" alt=\"\" width=\"1280\" height=\"720\" srcset=\"https:\/\/franciscanos.org.br\/noticias\/wp-content\/uploads\/2025\/10\/MATERIA-1-9.jpg 1280w, https:\/\/franciscanos.org.br\/noticias\/wp-content\/uploads\/2025\/10\/MATERIA-1-9-450x253.jpg 450w, https:\/\/franciscanos.org.br\/noticias\/wp-content\/uploads\/2025\/10\/MATERIA-1-9-1024x576.jpg 1024w, https:\/\/franciscanos.org.br\/noticias\/wp-content\/uploads\/2025\/10\/MATERIA-1-9-768x432.jpg 768w, https:\/\/franciscanos.org.br\/noticias\/wp-content\/uploads\/2025\/10\/MATERIA-1-9-150x84.jpg 150w\" sizes=\"(max-width: 1280px) 100vw, 1280px\" \/><\/p>\n<p>Na noite de quarta-feira, 9 de outubro, a Comunidade Santa Clara, pertencente \u00e0 Par\u00f3quia Nossa Senhora do Ros\u00e1rio, em Vila Velha (ES), se encheu de vida e espiritualidade franciscana para celebrar o segundo dia do tr\u00edduo em prepara\u00e7\u00e3o \u00e0 Ordena\u00e7\u00e3o Presbiteral de <strong>Frei Felipe Medeiros Carretta<\/strong>. O tema da noite, \u201cVoca\u00e7\u00e3o religiosa consagrada\u201d, convidou os fi\u00e9is a refletirem sobre o seguimento de Jesus Cristo \u00e0 maneira de S\u00e3o Francisco de Assis.<\/p>\n<div id=\"attachment_261066\" style=\"width: 1290px\" class=\"wp-caption alignnone\"><img aria-describedby=\"caption-attachment-261066\" loading=\"lazy\" class=\"wp-image-261066 size-full\" src=\"https:\/\/franciscanos.org.br\/noticias\/wp-content\/uploads\/2025\/10\/MAT\u00b4ERIA-2.jpg\" alt=\"\" width=\"1280\" height=\"720\" srcset=\"https:\/\/franciscanos.org.br\/noticias\/wp-content\/uploads\/2025\/10\/MAT\u00b4ERIA-2.jpg 1280w, https:\/\/franciscanos.org.br\/noticias\/wp-content\/uploads\/2025\/10\/MAT\u00b4ERIA-2-450x253.jpg 450w, https:\/\/franciscanos.org.br\/noticias\/wp-content\/uploads\/2025\/10\/MAT\u00b4ERIA-2-1024x576.jpg 1024w, https:\/\/franciscanos.org.br\/noticias\/wp-content\/uploads\/2025\/10\/MAT\u00b4ERIA-2-768x432.jpg 768w, https:\/\/franciscanos.org.br\/noticias\/wp-content\/uploads\/2025\/10\/MAT\u00b4ERIA-2-150x84.jpg 150w\" sizes=\"(max-width: 1280px) 100vw, 1280px\" \/><p id=\"caption-attachment-261066\" class=\"wp-caption-text\">Da esq. para dir. Frei Felipe, Frei Danilo e Frei David<\/p><\/div>\n<p>A celebra\u00e7\u00e3o foi presidida por <strong>Frei Danilo Santos Oliveira<\/strong>, vig\u00e1rio paroquial da Par\u00f3quia S\u00e3o Luiz Gonzaga de Xaxim (SC), e contou com a presen\u00e7a de diversos frades e fi\u00e9is da comunidade local. Durante o dia, os mission\u00e1rios franciscanos visitaram as comunidades S\u00e3o Sebasti\u00e3o e Cristo Rei, levando b\u00ean\u00e7\u00e3os, conforto e o convite para o dia da ordena\u00e7\u00e3o que se aproxima.<\/p>\n<p>Logo no in\u00edcio da celebra\u00e7\u00e3o, <strong>Frei Gabriel Dellandrea<\/strong>, da equipe provincial do Servi\u00e7o de Anima\u00e7\u00e3o Vocacional (SAV), explicou o sentido do h\u00e1bito franciscano, a veste que traduz, em tecido e cor, o carisma e o modo de vida inspirado por S\u00e3o Francisco.<\/p>\n<p><img loading=\"lazy\" class=\"aligncenter wp-image-261067 size-full\" src=\"https:\/\/franciscanos.org.br\/noticias\/wp-content\/uploads\/2025\/10\/materia9-1.jpg\" alt=\"\" width=\"1280\" height=\"720\" srcset=\"https:\/\/franciscanos.org.br\/noticias\/wp-content\/uploads\/2025\/10\/materia9-1.jpg 1280w, https:\/\/franciscanos.org.br\/noticias\/wp-content\/uploads\/2025\/10\/materia9-1-450x253.jpg 450w, https:\/\/franciscanos.org.br\/noticias\/wp-content\/uploads\/2025\/10\/materia9-1-1024x576.jpg 1024w, https:\/\/franciscanos.org.br\/noticias\/wp-content\/uploads\/2025\/10\/materia9-1-768x432.jpg 768w, https:\/\/franciscanos.org.br\/noticias\/wp-content\/uploads\/2025\/10\/materia9-1-150x84.jpg 150w\" sizes=\"(max-width: 1280px) 100vw, 1280px\" \/><\/p>\n<p>\u201cVamos pegar a t\u00fanica. Pe\u00e7o que voc\u00ea segure numa m\u00e3o e eu seguro na outra, para identificarmos bem o que significa esta veste\u201d, come\u00e7ou Frei Gabriel, dirigindo-se a Frei Felipe diante da assembleia. \u201cEla tem o formato de uma cruz, simbolizando que n\u00f3s, franciscanos, assumimos como primeiro carisma abra\u00e7ar a cruz de Cristo. Jesus nos convida a fazermos o seguimento da cruz. Quem quiser me seguir, renuncie a si mesmo e tome a sua cruz\u201d.<\/p>\n<p><img loading=\"lazy\" class=\"aligncenter wp-image-261068 size-full\" src=\"https:\/\/franciscanos.org.br\/noticias\/wp-content\/uploads\/2025\/10\/MATERIA-3-2.jpg\" alt=\"\" width=\"1280\" height=\"720\" srcset=\"https:\/\/franciscanos.org.br\/noticias\/wp-content\/uploads\/2025\/10\/MATERIA-3-2.jpg 1280w, https:\/\/franciscanos.org.br\/noticias\/wp-content\/uploads\/2025\/10\/MATERIA-3-2-450x253.jpg 450w, https:\/\/franciscanos.org.br\/noticias\/wp-content\/uploads\/2025\/10\/MATERIA-3-2-1024x576.jpg 1024w, https:\/\/franciscanos.org.br\/noticias\/wp-content\/uploads\/2025\/10\/MATERIA-3-2-768x432.jpg 768w, https:\/\/franciscanos.org.br\/noticias\/wp-content\/uploads\/2025\/10\/MATERIA-3-2-150x84.jpg 150w\" sizes=\"(max-width: 1280px) 100vw, 1280px\" \/><\/p>\n<p>Frei Gabriel explicou ainda que a cor marrom do h\u00e1bito n\u00e3o \u00e9 uma escolha est\u00e9tica, mas um sinal de humildade e despojamento. \u201cNa Idade M\u00e9dia, quanto mais colorida fosse uma roupa, mais posses e riquezas a pessoa tinha. S\u00e3o Francisco escolheu justamente o contr\u00e1rio: a cor natural da l\u00e3, sem tintura. \u00c9 a cor da terra, que nos convida \u00e0 humildade\u201d, disse.<\/p>\n<p><img loading=\"lazy\" class=\"aligncenter wp-image-261069 size-full\" src=\"https:\/\/franciscanos.org.br\/noticias\/wp-content\/uploads\/2025\/10\/MATERIA-4-3.jpg\" alt=\"\" width=\"1280\" height=\"720\" srcset=\"https:\/\/franciscanos.org.br\/noticias\/wp-content\/uploads\/2025\/10\/MATERIA-4-3.jpg 1280w, https:\/\/franciscanos.org.br\/noticias\/wp-content\/uploads\/2025\/10\/MATERIA-4-3-450x253.jpg 450w, https:\/\/franciscanos.org.br\/noticias\/wp-content\/uploads\/2025\/10\/MATERIA-4-3-1024x576.jpg 1024w, https:\/\/franciscanos.org.br\/noticias\/wp-content\/uploads\/2025\/10\/MATERIA-4-3-768x432.jpg 768w, https:\/\/franciscanos.org.br\/noticias\/wp-content\/uploads\/2025\/10\/MATERIA-4-3-150x84.jpg 150w\" sizes=\"(max-width: 1280px) 100vw, 1280px\" \/><\/p>\n<p>O frade seguiu mostrando o cord\u00e3o com tr\u00eas n\u00f3s, s\u00edmbolo dos votos de pobreza, castidade e obedi\u00eancia, fazendo a assembleia sorrir com bom humor franciscano: \u201cTodo mundo pensa que o cord\u00e3o serve para segurar a barriga do frade, mas n\u00e3o \u00e9 s\u00f3 para isso! \u201d, brincou. \u201cOs tr\u00eas n\u00f3s lembram os nossos votos. Pela obedi\u00eancia, dizemos sim quando somos enviados; pela pobreza professamos que nada \u00e9 nosso e tudo \u00e9 da Igreja; e pela castidade, aprendemos a ver tudo com os olhos de Deus\u201d.<\/p>\n<p><img loading=\"lazy\" class=\"aligncenter wp-image-261070 size-full\" src=\"https:\/\/franciscanos.org.br\/noticias\/wp-content\/uploads\/2025\/10\/MATERIA-5-2.jpg\" alt=\"\" width=\"1280\" height=\"720\" srcset=\"https:\/\/franciscanos.org.br\/noticias\/wp-content\/uploads\/2025\/10\/MATERIA-5-2.jpg 1280w, https:\/\/franciscanos.org.br\/noticias\/wp-content\/uploads\/2025\/10\/MATERIA-5-2-450x253.jpg 450w, https:\/\/franciscanos.org.br\/noticias\/wp-content\/uploads\/2025\/10\/MATERIA-5-2-1024x576.jpg 1024w, https:\/\/franciscanos.org.br\/noticias\/wp-content\/uploads\/2025\/10\/MATERIA-5-2-768x432.jpg 768w, https:\/\/franciscanos.org.br\/noticias\/wp-content\/uploads\/2025\/10\/MATERIA-5-2-150x84.jpg 150w\" sizes=\"(max-width: 1280px) 100vw, 1280px\" \/><\/p>\n<p>Por fim, ao falar sobre o capuz, Frei Gabriel destacou seu duplo sentido pr\u00e1tico e espiritual: \u201cO capuz protege da chuva e do sol, \u00e9 verdade. Mas tamb\u00e9m simboliza uma capela. Quando S\u00e3o Francisco o colocava, era sinal de ora\u00e7\u00e3o. O frade, com o capuz, faz do seu corpo uma capela viva, onde encontra a face de Deus em todas as criaturas\u201d. E completou: \u201cQuando morremos, somos sepultados com o capuz, porque a morte \u00e9 esse encontro pleno com Deus. Assim, at\u00e9 o nosso h\u00e1bito fala da eternidade e da miss\u00e3o\u201d.<\/p>\n<h3><strong>A voca\u00e7\u00e3o consagrada: \u201cuma resposta generosa de amor\u201d<\/strong><\/h3>\n<p>Em sua homilia, Frei Danilo aprofundou o tema da noite, falando sobre a vida religiosa consagrada como \u201cresposta de amor generoso a Deus\u201d. Dirigindo-se a Frei Felipe e \u00e0 assembleia, o celebrante fez uma reflex\u00e3o sobre o seguimento de Cristo na forma franciscana de viver. \u201cJesus deixa bem claro: quem quiser me seguir, renuncie primeiramente a si mesmo, \u00e0s suas vontades, \u00e0quilo que te prende neste mundo. Tome a sua cruz e me siga\u201d, afirmou. \u201cA cruz \u00e9 essa responsabilidade da abdica\u00e7\u00e3o de tudo, para que possamos seguir livremente a Cristo, sem reserva\u201d.<\/p>\n<p>O frade explicou que a voca\u00e7\u00e3o consagrada nasce da iniciativa divina e da resposta humana: \u201cA escolha \u00e9 de Deus. \u00c9 Ele quem chama primeiro. A n\u00f3s cabe o cora\u00e7\u00e3o aberto para ouvir esse chamado e responder generosamente, seguindo Cristo pobre e crucificado\u201d.<\/p>\n\n\t\t<style type=\"text\/css\">\n\t\t\t#gallery-1 {\n\t\t\t\tmargin: auto;\n\t\t\t}\n\t\t\t#gallery-1 .gallery-item {\n\t\t\t\tfloat: left;\n\t\t\t\tmargin-top: 10px;\n\t\t\t\ttext-align: center;\n\t\t\t\twidth: 33%;\n\t\t\t}\n\t\t\t#gallery-1 img {\n\t\t\t\tborder: 2px solid #cfcfcf;\n\t\t\t}\n\t\t\t#gallery-1 .gallery-caption {\n\t\t\t\tmargin-left: 0;\n\t\t\t}\n\t\t\t\/* see gallery_shortcode() in wp-includes\/media.php *\/\n\t\t<\/style>\n\t\t<div id='gallery-1' class='gallery galleryid-261063 gallery-columns-3 gallery-size-thumbnail'><dl class='gallery-item'>\n\t\t\t<dt class='gallery-icon landscape'>\n\t\t\t\t<a href='https:\/\/franciscanos.org.br\/noticias\/wp-content\/uploads\/2025\/10\/2o-dia-do-Triduo-Frei-Felipe-Carretta-09-10-2025-35-.jpg'><img width=\"300\" height=\"300\" src=\"https:\/\/franciscanos.org.br\/noticias\/wp-content\/uploads\/2025\/10\/2o-dia-do-Triduo-Frei-Felipe-Carretta-09-10-2025-35--300x300.jpg\" class=\"attachment-thumbnail size-thumbnail\" alt=\"\" loading=\"lazy\" srcset=\"https:\/\/franciscanos.org.br\/noticias\/wp-content\/uploads\/2025\/10\/2o-dia-do-Triduo-Frei-Felipe-Carretta-09-10-2025-35--300x300.jpg 300w, https:\/\/franciscanos.org.br\/noticias\/wp-content\/uploads\/2025\/10\/2o-dia-do-Triduo-Frei-Felipe-Carretta-09-10-2025-35--100x100.jpg 100w\" sizes=\"(max-width: 300px) 100vw, 300px\" \/><\/a>\n\t\t\t<\/dt><\/dl><dl class='gallery-item'>\n\t\t\t<dt class='gallery-icon landscape'>\n\t\t\t\t<a href='https:\/\/franciscanos.org.br\/noticias\/wp-content\/uploads\/2025\/10\/2o-dia-do-Triduo-Frei-Felipe-Carretta-09-10-2025-17-.jpg'><img width=\"300\" height=\"300\" src=\"https:\/\/franciscanos.org.br\/noticias\/wp-content\/uploads\/2025\/10\/2o-dia-do-Triduo-Frei-Felipe-Carretta-09-10-2025-17--300x300.jpg\" class=\"attachment-thumbnail size-thumbnail\" alt=\"\" loading=\"lazy\" srcset=\"https:\/\/franciscanos.org.br\/noticias\/wp-content\/uploads\/2025\/10\/2o-dia-do-Triduo-Frei-Felipe-Carretta-09-10-2025-17--300x300.jpg 300w, https:\/\/franciscanos.org.br\/noticias\/wp-content\/uploads\/2025\/10\/2o-dia-do-Triduo-Frei-Felipe-Carretta-09-10-2025-17--100x100.jpg 100w\" sizes=\"(max-width: 300px) 100vw, 300px\" \/><\/a>\n\t\t\t<\/dt><\/dl><dl class='gallery-item'>\n\t\t\t<dt class='gallery-icon landscape'>\n\t\t\t\t<a href='https:\/\/franciscanos.org.br\/noticias\/wp-content\/uploads\/2025\/10\/2o-dia-do-Triduo-Frei-Felipe-Carretta-09-10-2025-33-.jpg'><img width=\"300\" height=\"300\" src=\"https:\/\/franciscanos.org.br\/noticias\/wp-content\/uploads\/2025\/10\/2o-dia-do-Triduo-Frei-Felipe-Carretta-09-10-2025-33--300x300.jpg\" class=\"attachment-thumbnail size-thumbnail\" alt=\"\" loading=\"lazy\" srcset=\"https:\/\/franciscanos.org.br\/noticias\/wp-content\/uploads\/2025\/10\/2o-dia-do-Triduo-Frei-Felipe-Carretta-09-10-2025-33--300x300.jpg 300w, https:\/\/franciscanos.org.br\/noticias\/wp-content\/uploads\/2025\/10\/2o-dia-do-Triduo-Frei-Felipe-Carretta-09-10-2025-33--100x100.jpg 100w\" sizes=\"(max-width: 300px) 100vw, 300px\" \/><\/a>\n\t\t\t<\/dt><\/dl><br style=\"clear: both\" \/>\n\t\t<\/div>\n\n<p>Ele tamb\u00e9m recordou os conselhos evang\u00e9licos professados pelos religiosos: pobreza, castidade e obedi\u00eancia, como express\u00e3o concreta da consagra\u00e7\u00e3o. \u201cO consagrado \u00e9 aquele que se deixa moldar por Cristo. Pela castidade, testemunha que o amor de Deus \u00e9 suficiente; pela pobreza, vive sem nada de pr\u00f3prio; e na obedi\u00eancia, se coloca inteiramente nas m\u00e3os de Deus para servir\u201d.<\/p>\n<p>Ao falar sobre o papel prof\u00e9tico da vida consagrada, Frei Danilo recordou exemplos marcantes de nosso tempo: \u201cO consagrado \u00e9 um farol que indica o caminho do c\u00e9u. \u00c9 o aconchego de Deus na Terra. Lembremos De Irm\u00e3 Dorothy, de Santa Dulce dos Pobres, sinais vivos de uma entrega total, que iluminaram o mundo com gestos de amor e servi\u00e7o\u201d.<\/p>\n<h3><strong>\u201cN\u00e3o perca de vista o ponto de partida\u201d<\/strong><\/h3>\n<p>Encerrando sua homilia, dirigindo-se a Frei Felipe e recordando sua trajet\u00f3ria e as ra\u00edzes da voca\u00e7\u00e3o, disse: \u201cSanta Clara tem uma frase muito bonita: \u2018n\u00e3o perca de vista o ponto de partida\u2019. O ponto de partida \u00e9 o encontro com Jesus. \u00c9 aquele primeiro momento em que o teu cora\u00e7\u00e3o se sentiu tocado por Deus.\u201d<\/p>\n<p>Ele convidou o futuro presb\u00edtero a revisitar sempre os momentos fundantes de sua caminhada: \u201cSempre que precisar, volte l\u00e1 atr\u00e1s, Felipe. Lembra da tua comunidade, do teu batismo, da tua fam\u00edlia, da ora\u00e7\u00e3o do povo que te sustentou. Porque quando vier o des\u00e2nimo, a solid\u00e3o ou o cansa\u00e7o, \u00e9 esse primeiro amor que vai reacender a chama da sua voca\u00e7\u00e3o. \u00c9 ali, nesse ponto de partida, que o Senhor vai te esperar para renovar tuas for\u00e7as e tua paix\u00e3o pela voca\u00e7\u00e3o. Que o teu minist\u00e9rio, abra\u00e7ado a partir deste s\u00e1bado, seja fecundo e cheio da gra\u00e7a de Deus\u201d, concluiu.<\/p>\n<p><img loading=\"lazy\" class=\"aligncenter wp-image-261074 size-full\" src=\"https:\/\/franciscanos.org.br\/noticias\/wp-content\/uploads\/2025\/10\/MATERIA7-1.jpg\" alt=\"\" width=\"1280\" height=\"720\" srcset=\"https:\/\/franciscanos.org.br\/noticias\/wp-content\/uploads\/2025\/10\/MATERIA7-1.jpg 1280w, https:\/\/franciscanos.org.br\/noticias\/wp-content\/uploads\/2025\/10\/MATERIA7-1-450x253.jpg 450w, https:\/\/franciscanos.org.br\/noticias\/wp-content\/uploads\/2025\/10\/MATERIA7-1-1024x576.jpg 1024w, https:\/\/franciscanos.org.br\/noticias\/wp-content\/uploads\/2025\/10\/MATERIA7-1-768x432.jpg 768w, https:\/\/franciscanos.org.br\/noticias\/wp-content\/uploads\/2025\/10\/MATERIA7-1-150x84.jpg 150w\" sizes=\"(max-width: 1280px) 100vw, 1280px\" \/><\/p>\n<p>A Celebra\u00e7\u00e3o Eucar\u00edstica que foi concelebrada pelos di\u00e1conos <strong>Frei Felipe Carretta e Frei David Belineli<\/strong> terminou com os agradecimentos e a apresenta\u00e7\u00e3o de todos os frades presentes. Frei Felipe ser\u00e1 ordenado no pr\u00f3ximo s\u00e1bado, dia 11 de outubro, \u00e0s 18 horas por Dom Andherson Franklin Lustoza de Souza, bispo auxiliar de Vit\u00f3ria (ES), no Santu\u00e1rio Divino Esp\u00edrito Santo de Vila Velha. A Celebra\u00e7\u00e3o tamb\u00e9m ser\u00e1 transmitida pela TvFranciscanos, no YouTube.<\/p>\n<p>A Santa Missa tamb\u00e9m foi um apelo vocacional que mostrou com simplicidade a beleza da vida consagrada, marcada por simplicidade, fraternidade e entrega a Deus. Ficou mais uma vez evidente que ser franciscano \u00e9 vestir-se de Cristo e seguir o Evangelho com o cora\u00e7\u00e3o livre.<\/p>\n<hr \/>\n<p><em>Frei Augusto Luiz Gabriel<\/em><\/p>\n\n\t\t<style type=\"text\/css\">\n\t\t\t#gallery-2 {\n\t\t\t\tmargin: auto;\n\t\t\t}\n\t\t\t#gallery-2 .gallery-item {\n\t\t\t\tfloat: left;\n\t\t\t\tmargin-top: 10px;\n\t\t\t\ttext-align: center;\n\t\t\t\twidth: 25%;\n\t\t\t}\n\t\t\t#gallery-2 img {\n\t\t\t\tborder: 2px solid #cfcfcf;\n\t\t\t}\n\t\t\t#gallery-2 .gallery-caption {\n\t\t\t\tmargin-left: 0;\n\t\t\t}\n\t\t\t\/* see gallery_shortcode() in wp-includes\/media.php *\/\n\t\t<\/style>\n\t\t<div id='gallery-2' class='gallery galleryid-261063 gallery-columns-4 gallery-size-thumbnail'><dl class='gallery-item'>\n\t\t\t<dt class='gallery-icon landscape'>\n\t\t\t\t<a href='https:\/\/franciscanos.org.br\/noticias\/wp-content\/uploads\/2025\/10\/2o-dia-do-Triduo-Frei-Felipe-Carretta-09-10-2025-12-.jpg'><img width=\"300\" height=\"300\" src=\"https:\/\/franciscanos.org.br\/noticias\/wp-content\/uploads\/2025\/10\/2o-dia-do-Triduo-Frei-Felipe-Carretta-09-10-2025-12--300x300.jpg\" class=\"attachment-thumbnail size-thumbnail\" alt=\"\" loading=\"lazy\" srcset=\"https:\/\/franciscanos.org.br\/noticias\/wp-content\/uploads\/2025\/10\/2o-dia-do-Triduo-Frei-Felipe-Carretta-09-10-2025-12--300x300.jpg 300w, https:\/\/franciscanos.org.br\/noticias\/wp-content\/uploads\/2025\/10\/2o-dia-do-Triduo-Frei-Felipe-Carretta-09-10-2025-12--100x100.jpg 100w\" sizes=\"(max-width: 300px) 100vw, 300px\" \/><\/a>\n\t\t\t<\/dt><\/dl><dl class='gallery-item'>\n\t\t\t<dt class='gallery-icon landscape'>\n\t\t\t\t<a href='https:\/\/franciscanos.org.br\/noticias\/wp-content\/uploads\/2025\/10\/2o-dia-do-Triduo-Frei-Felipe-Carretta-09-10-2025-13-.jpg'><img width=\"300\" height=\"300\" src=\"https:\/\/franciscanos.org.br\/noticias\/wp-content\/uploads\/2025\/10\/2o-dia-do-Triduo-Frei-Felipe-Carretta-09-10-2025-13--300x300.jpg\" class=\"attachment-thumbnail size-thumbnail\" alt=\"\" loading=\"lazy\" srcset=\"https:\/\/franciscanos.org.br\/noticias\/wp-content\/uploads\/2025\/10\/2o-dia-do-Triduo-Frei-Felipe-Carretta-09-10-2025-13--300x300.jpg 300w, https:\/\/franciscanos.org.br\/noticias\/wp-content\/uploads\/2025\/10\/2o-dia-do-Triduo-Frei-Felipe-Carretta-09-10-2025-13--100x100.jpg 100w\" sizes=\"(max-width: 300px) 100vw, 300px\" \/><\/a>\n\t\t\t<\/dt><\/dl><dl class='gallery-item'>\n\t\t\t<dt class='gallery-icon landscape'>\n\t\t\t\t<a href='https:\/\/franciscanos.org.br\/noticias\/wp-content\/uploads\/2025\/10\/2o-dia-do-Triduo-Frei-Felipe-Carretta-09-10-2025-15-.jpg'><img width=\"300\" height=\"300\" src=\"https:\/\/franciscanos.org.br\/noticias\/wp-content\/uploads\/2025\/10\/2o-dia-do-Triduo-Frei-Felipe-Carretta-09-10-2025-15--300x300.jpg\" class=\"attachment-thumbnail size-thumbnail\" alt=\"\" loading=\"lazy\" srcset=\"https:\/\/franciscanos.org.br\/noticias\/wp-content\/uploads\/2025\/10\/2o-dia-do-Triduo-Frei-Felipe-Carretta-09-10-2025-15--300x300.jpg 300w, https:\/\/franciscanos.org.br\/noticias\/wp-content\/uploads\/2025\/10\/2o-dia-do-Triduo-Frei-Felipe-Carretta-09-10-2025-15--100x100.jpg 100w\" sizes=\"(max-width: 300px) 100vw, 300px\" \/><\/a>\n\t\t\t<\/dt><\/dl><dl class='gallery-item'>\n\t\t\t<dt class='gallery-icon landscape'>\n\t\t\t\t<a href='https:\/\/franciscanos.org.br\/noticias\/wp-content\/uploads\/2025\/10\/2o-dia-do-Triduo-Frei-Felipe-Carretta-09-10-2025-17-1-1.jpg'><img width=\"300\" height=\"300\" src=\"https:\/\/franciscanos.org.br\/noticias\/wp-content\/uploads\/2025\/10\/2o-dia-do-Triduo-Frei-Felipe-Carretta-09-10-2025-17-1-1-300x300.jpg\" class=\"attachment-thumbnail size-thumbnail\" alt=\"\" loading=\"lazy\" srcset=\"https:\/\/franciscanos.org.br\/noticias\/wp-content\/uploads\/2025\/10\/2o-dia-do-Triduo-Frei-Felipe-Carretta-09-10-2025-17-1-1-300x300.jpg 300w, https:\/\/franciscanos.org.br\/noticias\/wp-content\/uploads\/2025\/10\/2o-dia-do-Triduo-Frei-Felipe-Carretta-09-10-2025-17-1-1-100x100.jpg 100w\" sizes=\"(max-width: 300px) 100vw, 300px\" \/><\/a>\n\t\t\t<\/dt><\/dl><br style=\"clear: both\" \/><dl class='gallery-item'>\n\t\t\t<dt class='gallery-icon landscape'>\n\t\t\t\t<a href='https:\/\/franciscanos.org.br\/noticias\/wp-content\/uploads\/2025\/10\/2o-dia-do-Triduo-Frei-Felipe-Carretta-09-10-2025-18-.jpg'><img width=\"300\" height=\"300\" src=\"https:\/\/franciscanos.org.br\/noticias\/wp-content\/uploads\/2025\/10\/2o-dia-do-Triduo-Frei-Felipe-Carretta-09-10-2025-18--300x300.jpg\" class=\"attachment-thumbnail size-thumbnail\" alt=\"\" loading=\"lazy\" srcset=\"https:\/\/franciscanos.org.br\/noticias\/wp-content\/uploads\/2025\/10\/2o-dia-do-Triduo-Frei-Felipe-Carretta-09-10-2025-18--300x300.jpg 300w, https:\/\/franciscanos.org.br\/noticias\/wp-content\/uploads\/2025\/10\/2o-dia-do-Triduo-Frei-Felipe-Carretta-09-10-2025-18--100x100.jpg 100w\" sizes=\"(max-width: 300px) 100vw, 300px\" \/><\/a>\n\t\t\t<\/dt><\/dl><dl class='gallery-item'>\n\t\t\t<dt class='gallery-icon landscape'>\n\t\t\t\t<a href='https:\/\/franciscanos.org.br\/noticias\/wp-content\/uploads\/2025\/10\/2o-dia-do-Triduo-Frei-Felipe-Carretta-09-10-2025-20-.jpg'><img width=\"300\" height=\"300\" src=\"https:\/\/franciscanos.org.br\/noticias\/wp-content\/uploads\/2025\/10\/2o-dia-do-Triduo-Frei-Felipe-Carretta-09-10-2025-20--300x300.jpg\" class=\"attachment-thumbnail size-thumbnail\" alt=\"\" loading=\"lazy\" srcset=\"https:\/\/franciscanos.org.br\/noticias\/wp-content\/uploads\/2025\/10\/2o-dia-do-Triduo-Frei-Felipe-Carretta-09-10-2025-20--300x300.jpg 300w, https:\/\/franciscanos.org.br\/noticias\/wp-content\/uploads\/2025\/10\/2o-dia-do-Triduo-Frei-Felipe-Carretta-09-10-2025-20--100x100.jpg 100w\" sizes=\"(max-width: 300px) 100vw, 300px\" \/><\/a>\n\t\t\t<\/dt><\/dl><dl class='gallery-item'>\n\t\t\t<dt class='gallery-icon landscape'>\n\t\t\t\t<a href='https:\/\/franciscanos.org.br\/noticias\/wp-content\/uploads\/2025\/10\/2o-dia-do-Triduo-Frei-Felipe-Carretta-09-10-2025-21-.jpg'><img width=\"300\" height=\"300\" src=\"https:\/\/franciscanos.org.br\/noticias\/wp-content\/uploads\/2025\/10\/2o-dia-do-Triduo-Frei-Felipe-Carretta-09-10-2025-21--300x300.jpg\" class=\"attachment-thumbnail size-thumbnail\" alt=\"\" loading=\"lazy\" srcset=\"https:\/\/franciscanos.org.br\/noticias\/wp-content\/uploads\/2025\/10\/2o-dia-do-Triduo-Frei-Felipe-Carretta-09-10-2025-21--300x300.jpg 300w, https:\/\/franciscanos.org.br\/noticias\/wp-content\/uploads\/2025\/10\/2o-dia-do-Triduo-Frei-Felipe-Carretta-09-10-2025-21--100x100.jpg 100w\" sizes=\"(max-width: 300px) 100vw, 300px\" \/><\/a>\n\t\t\t<\/dt><\/dl><dl class='gallery-item'>\n\t\t\t<dt class='gallery-icon landscape'>\n\t\t\t\t<a href='https:\/\/franciscanos.org.br\/noticias\/wp-content\/uploads\/2025\/10\/2o-dia-do-Triduo-Frei-Felipe-Carretta-09-10-2025-26-.jpg'><img width=\"300\" height=\"300\" src=\"https:\/\/franciscanos.org.br\/noticias\/wp-content\/uploads\/2025\/10\/2o-dia-do-Triduo-Frei-Felipe-Carretta-09-10-2025-26--300x300.jpg\" class=\"attachment-thumbnail size-thumbnail\" alt=\"\" loading=\"lazy\" srcset=\"https:\/\/franciscanos.org.br\/noticias\/wp-content\/uploads\/2025\/10\/2o-dia-do-Triduo-Frei-Felipe-Carretta-09-10-2025-26--300x300.jpg 300w, https:\/\/franciscanos.org.br\/noticias\/wp-content\/uploads\/2025\/10\/2o-dia-do-Triduo-Frei-Felipe-Carretta-09-10-2025-26--100x100.jpg 100w\" sizes=\"(max-width: 300px) 100vw, 300px\" \/><\/a>\n\t\t\t<\/dt><\/dl><br style=\"clear: both\" \/><dl class='gallery-item'>\n\t\t\t<dt class='gallery-icon landscape'>\n\t\t\t\t<a href='https:\/\/franciscanos.org.br\/noticias\/wp-content\/uploads\/2025\/10\/2o-dia-do-Triduo-Frei-Felipe-Carretta-09-10-2025-37-1-1.jpg'><img width=\"300\" height=\"300\" src=\"https:\/\/franciscanos.org.br\/noticias\/wp-content\/uploads\/2025\/10\/2o-dia-do-Triduo-Frei-Felipe-Carretta-09-10-2025-37-1-1-300x300.jpg\" class=\"attachment-thumbnail size-thumbnail\" alt=\"\" loading=\"lazy\" srcset=\"https:\/\/franciscanos.org.br\/noticias\/wp-content\/uploads\/2025\/10\/2o-dia-do-Triduo-Frei-Felipe-Carretta-09-10-2025-37-1-1-300x300.jpg 300w, https:\/\/franciscanos.org.br\/noticias\/wp-content\/uploads\/2025\/10\/2o-dia-do-Triduo-Frei-Felipe-Carretta-09-10-2025-37-1-1-100x100.jpg 100w\" sizes=\"(max-width: 300px) 100vw, 300px\" \/><\/a>\n\t\t\t<\/dt><\/dl><dl class='gallery-item'>\n\t\t\t<dt class='gallery-icon landscape'>\n\t\t\t\t<a href='https:\/\/franciscanos.org.br\/noticias\/wp-content\/uploads\/2025\/10\/2o-dia-do-Triduo-Frei-Felipe-Carretta-09-10-2025-38-.jpg'><img width=\"300\" height=\"300\" src=\"https:\/\/franciscanos.org.br\/noticias\/wp-content\/uploads\/2025\/10\/2o-dia-do-Triduo-Frei-Felipe-Carretta-09-10-2025-38--300x300.jpg\" class=\"attachment-thumbnail size-thumbnail\" alt=\"\" loading=\"lazy\" srcset=\"https:\/\/franciscanos.org.br\/noticias\/wp-content\/uploads\/2025\/10\/2o-dia-do-Triduo-Frei-Felipe-Carretta-09-10-2025-38--300x300.jpg 300w, https:\/\/franciscanos.org.br\/noticias\/wp-content\/uploads\/2025\/10\/2o-dia-do-Triduo-Frei-Felipe-Carretta-09-10-2025-38--100x100.jpg 100w\" sizes=\"(max-width: 300px) 100vw, 300px\" \/><\/a>\n\t\t\t<\/dt><\/dl><dl class='gallery-item'>\n\t\t\t<dt class='gallery-icon landscape'>\n\t\t\t\t<a href='https:\/\/franciscanos.org.br\/noticias\/wp-content\/uploads\/2025\/10\/2o-dia-do-Triduo-Frei-Felipe-Carretta-09-10-2025-42-.jpg'><img width=\"300\" height=\"300\" src=\"https:\/\/franciscanos.org.br\/noticias\/wp-content\/uploads\/2025\/10\/2o-dia-do-Triduo-Frei-Felipe-Carretta-09-10-2025-42--300x300.jpg\" class=\"attachment-thumbnail size-thumbnail\" alt=\"\" loading=\"lazy\" srcset=\"https:\/\/franciscanos.org.br\/noticias\/wp-content\/uploads\/2025\/10\/2o-dia-do-Triduo-Frei-Felipe-Carretta-09-10-2025-42--300x300.jpg 300w, https:\/\/franciscanos.org.br\/noticias\/wp-content\/uploads\/2025\/10\/2o-dia-do-Triduo-Frei-Felipe-Carretta-09-10-2025-42--100x100.jpg 100w\" sizes=\"(max-width: 300px) 100vw, 300px\" \/><\/a>\n\t\t\t<\/dt><\/dl><dl class='gallery-item'>\n\t\t\t<dt class='gallery-icon landscape'>\n\t\t\t\t<a href='https:\/\/franciscanos.org.br\/noticias\/wp-content\/uploads\/2025\/10\/2o-dia-do-Triduo-Frei-Felipe-Carretta-09-10-2025-46-.jpg'><img width=\"300\" height=\"300\" src=\"https:\/\/franciscanos.org.br\/noticias\/wp-content\/uploads\/2025\/10\/2o-dia-do-Triduo-Frei-Felipe-Carretta-09-10-2025-46--300x300.jpg\" class=\"attachment-thumbnail size-thumbnail\" alt=\"\" loading=\"lazy\" srcset=\"https:\/\/franciscanos.org.br\/noticias\/wp-content\/uploads\/2025\/10\/2o-dia-do-Triduo-Frei-Felipe-Carretta-09-10-2025-46--300x300.jpg 300w, https:\/\/franciscanos.org.br\/noticias\/wp-content\/uploads\/2025\/10\/2o-dia-do-Triduo-Frei-Felipe-Carretta-09-10-2025-46--100x100.jpg 100w\" sizes=\"(max-width: 300px) 100vw, 300px\" \/><\/a>\n\t\t\t<\/dt><\/dl><br style=\"clear: both\" \/>\n\t\t<\/div>\n\n","protected":false},"excerpt":{"rendered":"<p>Semana Mission\u00e1ria e Tr\u00edduo Preparat\u00f3rio<\/p>\n","protected":false},"author":11,"featured_media":261064,"comment_status":"open","ping_status":"open","sticky":false,"template":"","format":"standard","meta":[],"categories":[1],"tags":[2435,157,230,2434],"acf":[],"yoast_head":"<!-- This site is optimized with the Yoast SEO plugin v19.2 - https:\/\/yoast.com\/wordpress\/plugins\/seo\/ -->\n<title>\u2018N\u00e3o perca de vista o ponto de partida\u2019: o sentido da voca\u00e7\u00e3o religiosa franciscana, no 2\u00ba dia do tr\u00edduo - Not\u00edcias - Franciscanos<\/title>\n<meta name=\"robots\" content=\"index, follow, max-snippet:-1, max-image-preview:large, max-video-preview:-1\" \/>\n<link rel=\"canonical\" href=\"https:\/\/franciscanos.org.br\/noticias\/nao-perca-de-vista-o-ponto-de-partida-o-sentido-da-vocacao-religiosa-franciscana-no-2o-dia-do-triduo.html\" \/>\n<meta property=\"og:locale\" content=\"pt_BR\" \/>\n<meta property=\"og:type\" content=\"article\" \/>\n<meta property=\"og:title\" content=\"\u2018N\u00e3o perca de vista o ponto de partida\u2019: o sentido da voca\u00e7\u00e3o religiosa franciscana, no 2\u00ba dia do tr\u00edduo - Not\u00edcias - Franciscanos\" \/>\n<meta property=\"og:description\" content=\"Semana Mission\u00e1ria e Tr\u00edduo Preparat\u00f3rio\" \/>\n<meta property=\"og:url\" content=\"https:\/\/franciscanos.org.br\/noticias\/nao-perca-de-vista-o-ponto-de-partida-o-sentido-da-vocacao-religiosa-franciscana-no-2o-dia-do-triduo.html\" \/>\n<meta property=\"og:site_name\" content=\"Not\u00edcias - Franciscanos\" \/>\n<meta property=\"article:published_time\" content=\"2025-10-10T12:27:33+00:00\" \/>\n<meta property=\"og:image\" content=\"https:\/\/franciscanos.org.br\/noticias\/wp-content\/uploads\/2025\/10\/chamada-23.jpg\" \/>\n\t<meta property=\"og:image:width\" content=\"800\" \/>\n\t<meta property=\"og:image:height\" content=\"550\" \/>\n\t<meta property=\"og:image:type\" content=\"image\/jpeg\" \/>\n<meta name=\"author\" content=\"Adriana Rabelo\" \/>\n<meta name=\"twitter:card\" content=\"summary_large_image\" \/>\n<meta name=\"twitter:label1\" content=\"Escrito por\" \/>\n\t<meta name=\"twitter:data1\" content=\"Adriana Rabelo\" \/>\n\t<meta name=\"twitter:label2\" content=\"Est. tempo de leitura\" \/>\n\t<meta name=\"twitter:data2\" content=\"6 minutos\" \/>\n<script type=\"application\/ld+json\" class=\"yoast-schema-graph\">{\"@context\":\"https:\/\/schema.org\",\"@graph\":[{\"@type\":\"WebSite\",\"@id\":\"https:\/\/franciscanos.org.br\/noticias\/#website\",\"url\":\"https:\/\/franciscanos.org.br\/noticias\/\",\"name\":\"Not\u00edcias - Franciscanos\",\"description\":\"Prov\u00edncia Franciscana da Imaculada Concei\u00e7\u00e3o do Brasil - Ordem dos Frades Menores - OFM\",\"potentialAction\":[{\"@type\":\"SearchAction\",\"target\":{\"@type\":\"EntryPoint\",\"urlTemplate\":\"https:\/\/franciscanos.org.br\/noticias\/?s={search_term_string}\"},\"query-input\":\"required name=search_term_string\"}],\"inLanguage\":\"pt-BR\"},{\"@type\":\"ImageObject\",\"inLanguage\":\"pt-BR\",\"@id\":\"https:\/\/franciscanos.org.br\/noticias\/nao-perca-de-vista-o-ponto-de-partida-o-sentido-da-vocacao-religiosa-franciscana-no-2o-dia-do-triduo.html#primaryimage\",\"url\":\"https:\/\/franciscanos.org.br\/noticias\/wp-content\/uploads\/2025\/10\/chamada-23.jpg\",\"contentUrl\":\"https:\/\/franciscanos.org.br\/noticias\/wp-content\/uploads\/2025\/10\/chamada-23.jpg\",\"width\":800,\"height\":550},{\"@type\":\"WebPage\",\"@id\":\"https:\/\/franciscanos.org.br\/noticias\/nao-perca-de-vista-o-ponto-de-partida-o-sentido-da-vocacao-religiosa-franciscana-no-2o-dia-do-triduo.html#webpage\",\"url\":\"https:\/\/franciscanos.org.br\/noticias\/nao-perca-de-vista-o-ponto-de-partida-o-sentido-da-vocacao-religiosa-franciscana-no-2o-dia-do-triduo.html\",\"name\":\"\u2018N\u00e3o perca de vista o ponto de partida\u2019: o sentido da voca\u00e7\u00e3o religiosa franciscana, no 2\u00ba dia do tr\u00edduo - Not\u00edcias - Franciscanos\",\"isPartOf\":{\"@id\":\"https:\/\/franciscanos.org.br\/noticias\/#website\"},\"primaryImageOfPage\":{\"@id\":\"https:\/\/franciscanos.org.br\/noticias\/nao-perca-de-vista-o-ponto-de-partida-o-sentido-da-vocacao-religiosa-franciscana-no-2o-dia-do-triduo.html#primaryimage\"},\"datePublished\":\"2025-10-10T12:27:33+00:00\",\"dateModified\":\"2025-10-10T12:27:33+00:00\",\"author\":{\"@id\":\"https:\/\/franciscanos.org.br\/noticias\/#\/schema\/person\/d9422e83121c3ad3b0f423d195f5bb25\"},\"breadcrumb\":{\"@id\":\"https:\/\/franciscanos.org.br\/noticias\/nao-perca-de-vista-o-ponto-de-partida-o-sentido-da-vocacao-religiosa-franciscana-no-2o-dia-do-triduo.html#breadcrumb\"},\"inLanguage\":\"pt-BR\",\"potentialAction\":[{\"@type\":\"ReadAction\",\"target\":[\"https:\/\/franciscanos.org.br\/noticias\/nao-perca-de-vista-o-ponto-de-partida-o-sentido-da-vocacao-religiosa-franciscana-no-2o-dia-do-triduo.html\"]}]},{\"@type\":\"BreadcrumbList\",\"@id\":\"https:\/\/franciscanos.org.br\/noticias\/nao-perca-de-vista-o-ponto-de-partida-o-sentido-da-vocacao-religiosa-franciscana-no-2o-dia-do-triduo.html#breadcrumb\",\"itemListElement\":[{\"@type\":\"ListItem\",\"position\":1,\"name\":\"Home\",\"item\":\"https:\/\/franciscanos.org.br\/noticias\"},{\"@type\":\"ListItem\",\"position\":2,\"name\":\"\u2018N\u00e3o perca de vista o ponto de partida\u2019: o sentido da voca\u00e7\u00e3o religiosa franciscana, no 2\u00ba dia do tr\u00edduo\"}]},{\"@type\":\"Person\",\"@id\":\"https:\/\/franciscanos.org.br\/noticias\/#\/schema\/person\/d9422e83121c3ad3b0f423d195f5bb25\",\"name\":\"Adriana Rabelo\",\"image\":{\"@type\":\"ImageObject\",\"inLanguage\":\"pt-BR\",\"@id\":\"https:\/\/franciscanos.org.br\/noticias\/#\/schema\/person\/image\/\",\"url\":\"https:\/\/secure.gravatar.com\/avatar\/0a937b7500cd7df77540cfb8bede877d?s=96&d=mm&r=g\",\"contentUrl\":\"https:\/\/secure.gravatar.com\/avatar\/0a937b7500cd7df77540cfb8bede877d?s=96&d=mm&r=g\",\"caption\":\"Adriana Rabelo\"},\"url\":\"https:\/\/franciscanos.org.br\/noticias\/author\/adrianarabelo\"}]}<\/script>\n<!-- \/ Yoast SEO plugin. -->","yoast_head_json":{"title":"\u2018N\u00e3o perca de vista o ponto de partida\u2019: o sentido da voca\u00e7\u00e3o religiosa franciscana, no 2\u00ba dia do tr\u00edduo - Not\u00edcias - Franciscanos","robots":{"index":"index","follow":"follow","max-snippet":"max-snippet:-1","max-image-preview":"max-image-preview:large","max-video-preview":"max-video-preview:-1"},"canonical":"https:\/\/franciscanos.org.br\/noticias\/nao-perca-de-vista-o-ponto-de-partida-o-sentido-da-vocacao-religiosa-franciscana-no-2o-dia-do-triduo.html","og_locale":"pt_BR","og_type":"article","og_title":"\u2018N\u00e3o perca de vista o ponto de partida\u2019: o sentido da voca\u00e7\u00e3o religiosa franciscana, no 2\u00ba dia do tr\u00edduo - Not\u00edcias - Franciscanos","og_description":"Semana Mission\u00e1ria e Tr\u00edduo Preparat\u00f3rio","og_url":"https:\/\/franciscanos.org.br\/noticias\/nao-perca-de-vista-o-ponto-de-partida-o-sentido-da-vocacao-religiosa-franciscana-no-2o-dia-do-triduo.html","og_site_name":"Not\u00edcias - Franciscanos","article_published_time":"2025-10-10T12:27:33+00:00","og_image":[{"width":800,"height":550,"url":"https:\/\/franciscanos.org.br\/noticias\/wp-content\/uploads\/2025\/10\/chamada-23.jpg","type":"image\/jpeg"}],"author":"Adriana Rabelo","twitter_card":"summary_large_image","twitter_misc":{"Escrito por":"Adriana Rabelo","Est. tempo de leitura":"6 minutos"},"schema":{"@context":"https:\/\/schema.org","@graph":[{"@type":"WebSite","@id":"https:\/\/franciscanos.org.br\/noticias\/#website","url":"https:\/\/franciscanos.org.br\/noticias\/","name":"Not\u00edcias - Franciscanos","description":"Prov\u00edncia Franciscana da Imaculada Concei\u00e7\u00e3o do Brasil - Ordem dos Frades Menores - OFM","potentialAction":[{"@type":"SearchAction","target":{"@type":"EntryPoint","urlTemplate":"https:\/\/franciscanos.org.br\/noticias\/?s={search_term_string}"},"query-input":"required name=search_term_string"}],"inLanguage":"pt-BR"},{"@type":"ImageObject","inLanguage":"pt-BR","@id":"https:\/\/franciscanos.org.br\/noticias\/nao-perca-de-vista-o-ponto-de-partida-o-sentido-da-vocacao-religiosa-franciscana-no-2o-dia-do-triduo.html#primaryimage","url":"https:\/\/franciscanos.org.br\/noticias\/wp-content\/uploads\/2025\/10\/chamada-23.jpg","contentUrl":"https:\/\/franciscanos.org.br\/noticias\/wp-content\/uploads\/2025\/10\/chamada-23.jpg","width":800,"height":550},{"@type":"WebPage","@id":"https:\/\/franciscanos.org.br\/noticias\/nao-perca-de-vista-o-ponto-de-partida-o-sentido-da-vocacao-religiosa-franciscana-no-2o-dia-do-triduo.html#webpage","url":"https:\/\/franciscanos.org.br\/noticias\/nao-perca-de-vista-o-ponto-de-partida-o-sentido-da-vocacao-religiosa-franciscana-no-2o-dia-do-triduo.html","name":"\u2018N\u00e3o perca de vista o ponto de partida\u2019: o sentido da voca\u00e7\u00e3o religiosa franciscana, no 2\u00ba dia do tr\u00edduo - Not\u00edcias - Franciscanos","isPartOf":{"@id":"https:\/\/franciscanos.org.br\/noticias\/#website"},"primaryImageOfPage":{"@id":"https:\/\/franciscanos.org.br\/noticias\/nao-perca-de-vista-o-ponto-de-partida-o-sentido-da-vocacao-religiosa-franciscana-no-2o-dia-do-triduo.html#primaryimage"},"datePublished":"2025-10-10T12:27:33+00:00","dateModified":"2025-10-10T12:27:33+00:00","author":{"@id":"https:\/\/franciscanos.org.br\/noticias\/#\/schema\/person\/d9422e83121c3ad3b0f423d195f5bb25"},"breadcrumb":{"@id":"https:\/\/franciscanos.org.br\/noticias\/nao-perca-de-vista-o-ponto-de-partida-o-sentido-da-vocacao-religiosa-franciscana-no-2o-dia-do-triduo.html#breadcrumb"},"inLanguage":"pt-BR","potentialAction":[{"@type":"ReadAction","target":["https:\/\/franciscanos.org.br\/noticias\/nao-perca-de-vista-o-ponto-de-partida-o-sentido-da-vocacao-religiosa-franciscana-no-2o-dia-do-triduo.html"]}]},{"@type":"BreadcrumbList","@id":"https:\/\/franciscanos.org.br\/noticias\/nao-perca-de-vista-o-ponto-de-partida-o-sentido-da-vocacao-religiosa-franciscana-no-2o-dia-do-triduo.html#breadcrumb","itemListElement":[{"@type":"ListItem","position":1,"name":"Home","item":"https:\/\/franciscanos.org.br\/noticias"},{"@type":"ListItem","position":2,"name":"\u2018N\u00e3o perca de vista o ponto de partida\u2019: o sentido da voca\u00e7\u00e3o religiosa franciscana, no 2\u00ba dia do tr\u00edduo"}]},{"@type":"Person","@id":"https:\/\/franciscanos.org.br\/noticias\/#\/schema\/person\/d9422e83121c3ad3b0f423d195f5bb25","name":"Adriana Rabelo","image":{"@type":"ImageObject","inLanguage":"pt-BR","@id":"https:\/\/franciscanos.org.br\/noticias\/#\/schema\/person\/image\/","url":"https:\/\/secure.gravatar.com\/avatar\/0a937b7500cd7df77540cfb8bede877d?s=96&d=mm&r=g","contentUrl":"https:\/\/secure.gravatar.com\/avatar\/0a937b7500cd7df77540cfb8bede877d?s=96&d=mm&r=g","caption":"Adriana Rabelo"},"url":"https:\/\/franciscanos.org.br\/noticias\/author\/adrianarabelo"}]}},"_links":{"self":[{"href":"https:\/\/franciscanos.org.br\/noticias\/wp-json\/wp\/v2\/posts\/261063"}],"collection":[{"href":"https:\/\/franciscanos.org.br\/noticias\/wp-json\/wp\/v2\/posts"}],"about":[{"href":"https:\/\/franciscanos.org.br\/noticias\/wp-json\/wp\/v2\/types\/post"}],"author":[{"embeddable":true,"href":"https:\/\/franciscanos.org.br\/noticias\/wp-json\/wp\/v2\/users\/11"}],"replies":[{"embeddable":true,"href":"https:\/\/franciscanos.org.br\/noticias\/wp-json\/wp\/v2\/comments?post=261063"}],"version-history":[{"count":2,"href":"https:\/\/franciscanos.org.br\/noticias\/wp-json\/wp\/v2\/posts\/261063\/revisions"}],"predecessor-version":[{"id":261089,"href":"https:\/\/franciscanos.org.br\/noticias\/wp-json\/wp\/v2\/posts\/261063\/revisions\/261089"}],"wp:featuredmedia":[{"embeddable":true,"href":"https:\/\/franciscanos.org.br\/noticias\/wp-json\/wp\/v2\/media\/261064"}],"wp:attachment":[{"href":"https:\/\/franciscanos.org.br\/noticias\/wp-json\/wp\/v2\/media?parent=261063"}],"wp:term":[{"taxonomy":"category","embeddable":true,"href":"https:\/\/franciscanos.org.br\/noticias\/wp-json\/wp\/v2\/categories?post=261063"},{"taxonomy":"post_tag","embeddable":true,"href":"https:\/\/franciscanos.org.br\/noticias\/wp-json\/wp\/v2\/tags?post=261063"}],"curies":[{"name":"wp","href":"https:\/\/api.w.org\/{rel}","templated":true}]}}