{"id":261048,"date":"2025-10-08T12:17:23","date_gmt":"2025-10-08T15:17:23","guid":{"rendered":"https:\/\/franciscanos.org.br\/noticias\/?p=261048"},"modified":"2025-10-09T12:30:26","modified_gmt":"2025-10-09T15:30:26","slug":"cantico-das-criaturas-inspira-celebracoes-em-honra-a-sao-francisco-de-assis-em-rodeio","status":"publish","type":"post","link":"https:\/\/franciscanos.org.br\/noticias\/cantico-das-criaturas-inspira-celebracoes-em-honra-a-sao-francisco-de-assis-em-rodeio.html","title":{"rendered":"C\u00e2ntico das Criaturas inspira celebra\u00e7\u00f5es em honra a S\u00e3o Francisco de Assis em Rodeio"},"content":{"rendered":"<p><img loading=\"lazy\" class=\"aligncenter wp-image-261051 size-full\" src=\"https:\/\/franciscanos.org.br\/noticias\/wp-content\/uploads\/2025\/10\/MATERIA2-9.jpg\" alt=\"\" width=\"1280\" height=\"720\" srcset=\"https:\/\/franciscanos.org.br\/noticias\/wp-content\/uploads\/2025\/10\/MATERIA2-9.jpg 1280w, https:\/\/franciscanos.org.br\/noticias\/wp-content\/uploads\/2025\/10\/MATERIA2-9-450x253.jpg 450w, https:\/\/franciscanos.org.br\/noticias\/wp-content\/uploads\/2025\/10\/MATERIA2-9-1024x576.jpg 1024w, https:\/\/franciscanos.org.br\/noticias\/wp-content\/uploads\/2025\/10\/MATERIA2-9-768x432.jpg 768w, https:\/\/franciscanos.org.br\/noticias\/wp-content\/uploads\/2025\/10\/MATERIA2-9-150x84.jpg 150w\" sizes=\"(max-width: 1280px) 100vw, 1280px\" \/><\/p>\n<p>Entre os dias 1\u00ba e 4 de outubro, a Par\u00f3quia S\u00e3o Francisco de Assis, em Rodeio (SC), celebrou, em comunh\u00e3o com a Ordem Franciscana Secular e as Irm\u00e3s Catequistas Franciscanas, a solenidade do \u201cPoeta das Criaturas\u201d, aquele que, na Terra, foi um humilde Repetitor Christi, como afirma S\u00e3o Boaventura (cf. Opera Omnia V, 295).<\/p>\n<p>Para bem celebrar a solenidade do Padroeiro italiano, foi realizado, nos dias 1\u00ba, 2 e 3, o Tr\u00edduo com a participa\u00e7\u00e3o da Ordem Franciscana Secular e das Irm\u00e3s Catequistas Franciscanas.<\/p>\n<p>O primeiro dia do Tr\u00edduo teve por tema: \u201cS\u00e3o Francisco: Peregrino de Esperan\u00e7a\u201d, em raz\u00e3o do Ano Jubilar e para propagar a figura do Poverello de Assis enquanto homem da esperan\u00e7a, instrumento de <em>pax et spes<\/em> para o povo assisense e toda a Igreja.<\/p>\n<p>No segundo dia do Tr\u00edduo, celebrou-se \u201cA Cria\u00e7\u00e3o e o Santo de Assis\u201d. Escolhido como patrono da It\u00e1lia e da Ecologia por S\u00e3o Jo\u00e3o Paulo II, em 1979, S\u00e3o Francisco inspira-nos por diversos motivos: os 800 anos do C\u00e2ntico das Criaturas, os 10 anos da Enc\u00edclica Laudato Si\u2019 e a Campanha da Fraternidade de 2025.<\/p>\n<p>\u201cO que para Jesus Cristo foi a Ressurrei\u00e7\u00e3o \u2014 onde, nas palavras de Or\u00edgenes, o Reino se realizou de forma pessoal, na pessoa de Cristo \u2014 foi para Francisco o C\u00e2ntico das Criaturas. A\u00ed aparece a exaustiva unidade e completa reconcilia\u00e7\u00e3o de toda a cria\u00e7\u00e3o diante de Deus. O mundo agora est\u00e1 livre do pecado: \u00e9 irm\u00e3o e irm\u00e3 cantando, at\u00e9 com a morte, o louvor do Criador e Pai.\u201d (Cf. BOFF, Leonardo; et al. Nosso Irm\u00e3o Francisco de Assis. Petr\u00f3polis: Vozes, 1975.)<\/p>\n<p><img loading=\"lazy\" class=\"aligncenter wp-image-261052 size-full\" src=\"https:\/\/franciscanos.org.br\/noticias\/wp-content\/uploads\/2025\/10\/MATERIA3-4.jpg\" alt=\"\" width=\"1280\" height=\"720\" srcset=\"https:\/\/franciscanos.org.br\/noticias\/wp-content\/uploads\/2025\/10\/MATERIA3-4.jpg 1280w, https:\/\/franciscanos.org.br\/noticias\/wp-content\/uploads\/2025\/10\/MATERIA3-4-450x253.jpg 450w, https:\/\/franciscanos.org.br\/noticias\/wp-content\/uploads\/2025\/10\/MATERIA3-4-1024x576.jpg 1024w, https:\/\/franciscanos.org.br\/noticias\/wp-content\/uploads\/2025\/10\/MATERIA3-4-768x432.jpg 768w, https:\/\/franciscanos.org.br\/noticias\/wp-content\/uploads\/2025\/10\/MATERIA3-4-150x84.jpg 150w\" sizes=\"(max-width: 1280px) 100vw, 1280px\" \/><\/p>\n<p>Francisco era um \u201cHomem todo cria\u00e7\u00e3o\u201d e \u00e0 frente de seu tempo. Regozijava-se com a obra de Deus, o Artista da Cria\u00e7\u00e3o. Sua contempla\u00e7\u00e3o diante das maravilhas divinas fazia sua alma transcender pela obra da Sabedoria e do Sumo Criador.<\/p>\n<p>\u201cAmar \u00e9 trabalhar pela Beleza; trabalhar pela Beleza \u00e9 trabalhar para o bem da Humanidade, \u00e9 crer em Deus. O g\u00eanio da Pobreza, do Amor e da Fraternidade deu aos homens um tesouro: o C\u00e2ntico <em>di frate sole<\/em>.\u201d (Cf. AMORIM, Guedes. Francisco de Assis: Renovador da Humanidade. Petr\u00f3polis: Vozes, 1965.)<\/p>\n<p>O Ser\u00e1fico Pai intuiu ser parte integrante da cria\u00e7\u00e3o ao renunciar \u00e0s riquezas, vivendo em pobreza e tratando a ecologia como irmandade universal, percebendo a interliga\u00e7\u00e3o entre todas as criaturas. Essas intui\u00e7\u00f5es de Francisco permanecem no cora\u00e7\u00e3o do nosso carisma franciscano, que deseja seguir Jesus Cristo segundo os ensinamentos do Santo de Assis.<\/p>\n<p>\u201cA humildade franciscana \u00e9 aquela disponibilidade interior que nos faz acolher Deus, acolhendo-nos a n\u00f3s mesmos, tolamente, na nossa condi\u00e7\u00e3o de criaturas, com todas as nossas liga\u00e7\u00f5es com a Terra, com a vida c\u00f3smica, com toda a cria\u00e7\u00e3o.\u201d (Cf. LECLERC, \u00c9loi. O Sol nasce em Assis. Petr\u00f3polis: Vozes, 2000.)<\/p>\n<p>O Papa Bento XVI, em audi\u00eancia geral, descreveu \u2014 com teologia regada de poesia \u2014 essa espiritualidade franciscana da cria\u00e7\u00e3o:<\/p>\n<p>\u201cDo amor a Cristo nasce o amor \u00e0s pessoas e tamb\u00e9m a todas as criaturas de Deus. Eis outra caracter\u00edstica da espiritualidade de Francisco: o sentido da fraternidade universal e o amor pela cria\u00e7\u00e3o, que lhe inspirou o c\u00e9lebre C\u00e2ntico das Criaturas. \u00c9 uma mensagem muito atual. [&#8230;] Francisco recorda-nos que, na cria\u00e7\u00e3o, manifesta-se a sabedoria e a benevol\u00eancia do Criador. A natureza \u00e9 entendida por ele precisamente como uma linguagem na qual Deus fala conosco, na qual a realidade se torna transparente e n\u00f3s podemos falar de e com Deus.\u201d (Cf. PAPA BENTO XVI. Audi\u00eancia Geral, 27 de janeiro de 2010.)<\/p>\n<p>E tudo isso se concretiza em nossas obras. N\u00f3s, filhos e confrades de S\u00e3o Francisco de Assis, temos a miss\u00e3o de tornar nosso carisma uma continuidade da miss\u00e3o e do legado de Cristo. Frei Dorvalino Fassini, na Legenda dos Tr\u00eas Companheiros, escreve:<\/p>\n<p>\u201cNa verdade, a obra que Francisco come\u00e7a a realizar n\u00e3o \u00e9 nada dele. A obra, o servi\u00e7o, \u00e9 de Deus. Francisco \u00e9 um agente-paciente. \u00c9 um oper\u00e1rio que mais padece e sofre a a\u00e7\u00e3o de Deus do que faz e age para Deus.\u201d (Cf. FASSINI, Dorvalino, p. 94.)<\/p>\n<p>No terceiro dia do Tr\u00edduo, celebrou-se o Tr\u00e2nsito de S\u00e3o Francisco, com a participa\u00e7\u00e3o do Coral S\u00e3o Francisco de Assis e do Grupo de Canto da Comunidade do Gl\u00f3ria, sob a reg\u00eancia de B\u00e1rbara Cristofolini e com a participa\u00e7\u00e3o do organista Erick Eduardo dos Santos.<\/p>\n<p>A celebra\u00e7\u00e3o do <em>Transitus<\/em> alegrou os fi\u00e9is com a beleza lit\u00fargica do rito, dos cantos italianos e dos s\u00edmbolos. Os \u201cdevotos rodeienses\u201d transbordavam de alegria, emo\u00e7\u00e3o e piedade. A noite de s\u00e1bado, na Igreja Matriz, assemelhava-se \u00e0quela descrita por S\u00e3o Boaventura na Legenda Maior:<\/p>\n<p>\u201cE os irm\u00e3os e filhos que foram chamados ao tr\u00e2nsito do pai dedicaram \u2014 juntamente com toda a multid\u00e3o \u2014 aquela noite em que morreu o confessor de Cristo aos louvores divinos, de modo que pareciam n\u00e3o ex\u00e9quias dos defuntos, mas vig\u00edlia dos anjos.\u201d (Cf. Legenda Maior, cap. 15.)<\/p>\n<p>A Solenidade do dia 4 foi aguardada com j\u00fabilo por todos. Dentro da clausura, freis e vocacionados rezaram todas as horas propostas pela Liturgia das Horas da Fam\u00edlia Franciscana, para que, desse modo, fosse reverenciada a mem\u00f3ria do saudoso Pai Ser\u00e1fico.<\/p>\n<p>Durante o dia, os novi\u00e7os aben\u00e7oaram os animais trazidos \u00e0 Igreja Matriz e sa\u00edram em peregrina\u00e7\u00e3o com a imagem de S\u00e3o Francisco de Assis, aspergindo a cidade de Rodeio. \u00c0s 19h, foi celebrada a Santa Missa Solene, presidida pelo aniversariante do dia, Dom Frei Lu\u00eds Fl\u00e1vio Cappio, OFM.<\/p>\n<p>Foram muitos os motivos para celebrar a mem\u00f3ria do Santo Italiano: a investidura de novos Ministros Extraordin\u00e1rios da Eucaristia, a acolhida e b\u00ean\u00e7\u00e3o dos ac\u00f3litos e a comemora\u00e7\u00e3o dos 150 anos da imigra\u00e7\u00e3o italiana em Rodeio (SC), com a presen\u00e7a do Circolo Trentino di Rodeio.<\/p>\n<p><img loading=\"lazy\" class=\"aligncenter wp-image-261053 size-full\" src=\"https:\/\/franciscanos.org.br\/noticias\/wp-content\/uploads\/2025\/10\/MATERIA-5-1.jpg\" alt=\"\" width=\"1280\" height=\"720\" srcset=\"https:\/\/franciscanos.org.br\/noticias\/wp-content\/uploads\/2025\/10\/MATERIA-5-1.jpg 1280w, https:\/\/franciscanos.org.br\/noticias\/wp-content\/uploads\/2025\/10\/MATERIA-5-1-450x253.jpg 450w, https:\/\/franciscanos.org.br\/noticias\/wp-content\/uploads\/2025\/10\/MATERIA-5-1-1024x576.jpg 1024w, https:\/\/franciscanos.org.br\/noticias\/wp-content\/uploads\/2025\/10\/MATERIA-5-1-768x432.jpg 768w, https:\/\/franciscanos.org.br\/noticias\/wp-content\/uploads\/2025\/10\/MATERIA-5-1-150x84.jpg 150w\" sizes=\"(max-width: 1280px) 100vw, 1280px\" \/><\/p>\n<p>Hoje, S\u00e3o Francisco de Assis goza das felicidades e recompensas eternas, juntamente com seus confrades (in memoriam Frei Jos\u00e9 Bertoldi) e as Clarissas! O Santo da Esperan\u00e7a e da Ecologia contempla, face a face, o Magno Autor da Cria\u00e7\u00e3o e a causa de nossa esperan\u00e7a \u2014 o pr\u00f3prio Deus. Oxal\u00e1 sejamos tamb\u00e9m agraciados com tamanha gra\u00e7a, para um dia estar com a Sant\u00edssima Trindade e contemplar a obra da cria\u00e7\u00e3o na P\u00e1tria Definitiva, junto dos Santos e Santas da Ordem Ser\u00e1fica.<\/p>\n<p>Salve Francisco de Assis!<\/p>\n<hr \/>\n<p><em>Frei Lu\u00eds Naldo (Novi\u00e7o 2025) e Par\u00f3quia S\u00e3o Francisco de Assis<\/em><\/p>\n","protected":false},"excerpt":{"rendered":"<p>Solenidade de S\u00e3o Francisco 2025<\/p>\n","protected":false},"author":11,"featured_media":261050,"comment_status":"open","ping_status":"open","sticky":false,"template":"","format":"standard","meta":[],"categories":[1],"tags":[2171,2427],"acf":[],"yoast_head":"<!-- This site is optimized with the Yoast SEO plugin v19.2 - https:\/\/yoast.com\/wordpress\/plugins\/seo\/ -->\n<title>C\u00e2ntico das Criaturas inspira celebra\u00e7\u00f5es em honra a S\u00e3o Francisco de Assis em Rodeio - Not\u00edcias - Franciscanos<\/title>\n<meta name=\"robots\" content=\"index, follow, max-snippet:-1, max-image-preview:large, max-video-preview:-1\" \/>\n<link rel=\"canonical\" href=\"https:\/\/franciscanos.org.br\/noticias\/cantico-das-criaturas-inspira-celebracoes-em-honra-a-sao-francisco-de-assis-em-rodeio.html\" \/>\n<meta property=\"og:locale\" content=\"pt_BR\" \/>\n<meta property=\"og:type\" content=\"article\" \/>\n<meta property=\"og:title\" content=\"C\u00e2ntico das Criaturas inspira celebra\u00e7\u00f5es em honra a S\u00e3o Francisco de Assis em Rodeio - Not\u00edcias - Franciscanos\" \/>\n<meta property=\"og:description\" content=\"Solenidade de S\u00e3o Francisco 2025\" \/>\n<meta property=\"og:url\" content=\"https:\/\/franciscanos.org.br\/noticias\/cantico-das-criaturas-inspira-celebracoes-em-honra-a-sao-francisco-de-assis-em-rodeio.html\" \/>\n<meta property=\"og:site_name\" content=\"Not\u00edcias - Franciscanos\" \/>\n<meta property=\"article:published_time\" content=\"2025-10-08T15:17:23+00:00\" \/>\n<meta property=\"article:modified_time\" content=\"2025-10-09T15:30:26+00:00\" \/>\n<meta property=\"og:image\" content=\"https:\/\/franciscanos.org.br\/noticias\/wp-content\/uploads\/2025\/10\/chamada-21.jpg\" \/>\n\t<meta property=\"og:image:width\" content=\"800\" \/>\n\t<meta property=\"og:image:height\" content=\"550\" \/>\n\t<meta property=\"og:image:type\" content=\"image\/jpeg\" \/>\n<meta name=\"author\" content=\"Adriana Rabelo\" \/>\n<meta name=\"twitter:card\" content=\"summary_large_image\" \/>\n<meta name=\"twitter:label1\" content=\"Escrito por\" \/>\n\t<meta name=\"twitter:data1\" content=\"Adriana Rabelo\" \/>\n\t<meta name=\"twitter:label2\" content=\"Est. tempo de leitura\" \/>\n\t<meta name=\"twitter:data2\" content=\"6 minutos\" \/>\n<script type=\"application\/ld+json\" class=\"yoast-schema-graph\">{\"@context\":\"https:\/\/schema.org\",\"@graph\":[{\"@type\":\"WebSite\",\"@id\":\"https:\/\/franciscanos.org.br\/noticias\/#website\",\"url\":\"https:\/\/franciscanos.org.br\/noticias\/\",\"name\":\"Not\u00edcias - Franciscanos\",\"description\":\"Prov\u00edncia Franciscana da Imaculada Concei\u00e7\u00e3o do Brasil - Ordem dos Frades Menores - OFM\",\"potentialAction\":[{\"@type\":\"SearchAction\",\"target\":{\"@type\":\"EntryPoint\",\"urlTemplate\":\"https:\/\/franciscanos.org.br\/noticias\/?s={search_term_string}\"},\"query-input\":\"required name=search_term_string\"}],\"inLanguage\":\"pt-BR\"},{\"@type\":\"ImageObject\",\"inLanguage\":\"pt-BR\",\"@id\":\"https:\/\/franciscanos.org.br\/noticias\/cantico-das-criaturas-inspira-celebracoes-em-honra-a-sao-francisco-de-assis-em-rodeio.html#primaryimage\",\"url\":\"https:\/\/franciscanos.org.br\/noticias\/wp-content\/uploads\/2025\/10\/chamada-21.jpg\",\"contentUrl\":\"https:\/\/franciscanos.org.br\/noticias\/wp-content\/uploads\/2025\/10\/chamada-21.jpg\",\"width\":800,\"height\":550},{\"@type\":\"WebPage\",\"@id\":\"https:\/\/franciscanos.org.br\/noticias\/cantico-das-criaturas-inspira-celebracoes-em-honra-a-sao-francisco-de-assis-em-rodeio.html#webpage\",\"url\":\"https:\/\/franciscanos.org.br\/noticias\/cantico-das-criaturas-inspira-celebracoes-em-honra-a-sao-francisco-de-assis-em-rodeio.html\",\"name\":\"C\u00e2ntico das Criaturas inspira celebra\u00e7\u00f5es em honra a S\u00e3o Francisco de Assis em Rodeio - Not\u00edcias - Franciscanos\",\"isPartOf\":{\"@id\":\"https:\/\/franciscanos.org.br\/noticias\/#website\"},\"primaryImageOfPage\":{\"@id\":\"https:\/\/franciscanos.org.br\/noticias\/cantico-das-criaturas-inspira-celebracoes-em-honra-a-sao-francisco-de-assis-em-rodeio.html#primaryimage\"},\"datePublished\":\"2025-10-08T15:17:23+00:00\",\"dateModified\":\"2025-10-09T15:30:26+00:00\",\"author\":{\"@id\":\"https:\/\/franciscanos.org.br\/noticias\/#\/schema\/person\/d9422e83121c3ad3b0f423d195f5bb25\"},\"breadcrumb\":{\"@id\":\"https:\/\/franciscanos.org.br\/noticias\/cantico-das-criaturas-inspira-celebracoes-em-honra-a-sao-francisco-de-assis-em-rodeio.html#breadcrumb\"},\"inLanguage\":\"pt-BR\",\"potentialAction\":[{\"@type\":\"ReadAction\",\"target\":[\"https:\/\/franciscanos.org.br\/noticias\/cantico-das-criaturas-inspira-celebracoes-em-honra-a-sao-francisco-de-assis-em-rodeio.html\"]}]},{\"@type\":\"BreadcrumbList\",\"@id\":\"https:\/\/franciscanos.org.br\/noticias\/cantico-das-criaturas-inspira-celebracoes-em-honra-a-sao-francisco-de-assis-em-rodeio.html#breadcrumb\",\"itemListElement\":[{\"@type\":\"ListItem\",\"position\":1,\"name\":\"Home\",\"item\":\"https:\/\/franciscanos.org.br\/noticias\"},{\"@type\":\"ListItem\",\"position\":2,\"name\":\"C\u00e2ntico das Criaturas inspira celebra\u00e7\u00f5es em honra a S\u00e3o Francisco de Assis em Rodeio\"}]},{\"@type\":\"Person\",\"@id\":\"https:\/\/franciscanos.org.br\/noticias\/#\/schema\/person\/d9422e83121c3ad3b0f423d195f5bb25\",\"name\":\"Adriana Rabelo\",\"image\":{\"@type\":\"ImageObject\",\"inLanguage\":\"pt-BR\",\"@id\":\"https:\/\/franciscanos.org.br\/noticias\/#\/schema\/person\/image\/\",\"url\":\"https:\/\/secure.gravatar.com\/avatar\/0a937b7500cd7df77540cfb8bede877d?s=96&d=mm&r=g\",\"contentUrl\":\"https:\/\/secure.gravatar.com\/avatar\/0a937b7500cd7df77540cfb8bede877d?s=96&d=mm&r=g\",\"caption\":\"Adriana Rabelo\"},\"url\":\"https:\/\/franciscanos.org.br\/noticias\/author\/adrianarabelo\"}]}<\/script>\n<!-- \/ Yoast SEO plugin. -->","yoast_head_json":{"title":"C\u00e2ntico das Criaturas inspira celebra\u00e7\u00f5es em honra a S\u00e3o Francisco de Assis em Rodeio - Not\u00edcias - Franciscanos","robots":{"index":"index","follow":"follow","max-snippet":"max-snippet:-1","max-image-preview":"max-image-preview:large","max-video-preview":"max-video-preview:-1"},"canonical":"https:\/\/franciscanos.org.br\/noticias\/cantico-das-criaturas-inspira-celebracoes-em-honra-a-sao-francisco-de-assis-em-rodeio.html","og_locale":"pt_BR","og_type":"article","og_title":"C\u00e2ntico das Criaturas inspira celebra\u00e7\u00f5es em honra a S\u00e3o Francisco de Assis em Rodeio - Not\u00edcias - Franciscanos","og_description":"Solenidade de S\u00e3o Francisco 2025","og_url":"https:\/\/franciscanos.org.br\/noticias\/cantico-das-criaturas-inspira-celebracoes-em-honra-a-sao-francisco-de-assis-em-rodeio.html","og_site_name":"Not\u00edcias - Franciscanos","article_published_time":"2025-10-08T15:17:23+00:00","article_modified_time":"2025-10-09T15:30:26+00:00","og_image":[{"width":800,"height":550,"url":"https:\/\/franciscanos.org.br\/noticias\/wp-content\/uploads\/2025\/10\/chamada-21.jpg","type":"image\/jpeg"}],"author":"Adriana Rabelo","twitter_card":"summary_large_image","twitter_misc":{"Escrito por":"Adriana Rabelo","Est. tempo de leitura":"6 minutos"},"schema":{"@context":"https:\/\/schema.org","@graph":[{"@type":"WebSite","@id":"https:\/\/franciscanos.org.br\/noticias\/#website","url":"https:\/\/franciscanos.org.br\/noticias\/","name":"Not\u00edcias - Franciscanos","description":"Prov\u00edncia Franciscana da Imaculada Concei\u00e7\u00e3o do Brasil - Ordem dos Frades Menores - OFM","potentialAction":[{"@type":"SearchAction","target":{"@type":"EntryPoint","urlTemplate":"https:\/\/franciscanos.org.br\/noticias\/?s={search_term_string}"},"query-input":"required name=search_term_string"}],"inLanguage":"pt-BR"},{"@type":"ImageObject","inLanguage":"pt-BR","@id":"https:\/\/franciscanos.org.br\/noticias\/cantico-das-criaturas-inspira-celebracoes-em-honra-a-sao-francisco-de-assis-em-rodeio.html#primaryimage","url":"https:\/\/franciscanos.org.br\/noticias\/wp-content\/uploads\/2025\/10\/chamada-21.jpg","contentUrl":"https:\/\/franciscanos.org.br\/noticias\/wp-content\/uploads\/2025\/10\/chamada-21.jpg","width":800,"height":550},{"@type":"WebPage","@id":"https:\/\/franciscanos.org.br\/noticias\/cantico-das-criaturas-inspira-celebracoes-em-honra-a-sao-francisco-de-assis-em-rodeio.html#webpage","url":"https:\/\/franciscanos.org.br\/noticias\/cantico-das-criaturas-inspira-celebracoes-em-honra-a-sao-francisco-de-assis-em-rodeio.html","name":"C\u00e2ntico das Criaturas inspira celebra\u00e7\u00f5es em honra a S\u00e3o Francisco de Assis em Rodeio - Not\u00edcias - Franciscanos","isPartOf":{"@id":"https:\/\/franciscanos.org.br\/noticias\/#website"},"primaryImageOfPage":{"@id":"https:\/\/franciscanos.org.br\/noticias\/cantico-das-criaturas-inspira-celebracoes-em-honra-a-sao-francisco-de-assis-em-rodeio.html#primaryimage"},"datePublished":"2025-10-08T15:17:23+00:00","dateModified":"2025-10-09T15:30:26+00:00","author":{"@id":"https:\/\/franciscanos.org.br\/noticias\/#\/schema\/person\/d9422e83121c3ad3b0f423d195f5bb25"},"breadcrumb":{"@id":"https:\/\/franciscanos.org.br\/noticias\/cantico-das-criaturas-inspira-celebracoes-em-honra-a-sao-francisco-de-assis-em-rodeio.html#breadcrumb"},"inLanguage":"pt-BR","potentialAction":[{"@type":"ReadAction","target":["https:\/\/franciscanos.org.br\/noticias\/cantico-das-criaturas-inspira-celebracoes-em-honra-a-sao-francisco-de-assis-em-rodeio.html"]}]},{"@type":"BreadcrumbList","@id":"https:\/\/franciscanos.org.br\/noticias\/cantico-das-criaturas-inspira-celebracoes-em-honra-a-sao-francisco-de-assis-em-rodeio.html#breadcrumb","itemListElement":[{"@type":"ListItem","position":1,"name":"Home","item":"https:\/\/franciscanos.org.br\/noticias"},{"@type":"ListItem","position":2,"name":"C\u00e2ntico das Criaturas inspira celebra\u00e7\u00f5es em honra a S\u00e3o Francisco de Assis em Rodeio"}]},{"@type":"Person","@id":"https:\/\/franciscanos.org.br\/noticias\/#\/schema\/person\/d9422e83121c3ad3b0f423d195f5bb25","name":"Adriana Rabelo","image":{"@type":"ImageObject","inLanguage":"pt-BR","@id":"https:\/\/franciscanos.org.br\/noticias\/#\/schema\/person\/image\/","url":"https:\/\/secure.gravatar.com\/avatar\/0a937b7500cd7df77540cfb8bede877d?s=96&d=mm&r=g","contentUrl":"https:\/\/secure.gravatar.com\/avatar\/0a937b7500cd7df77540cfb8bede877d?s=96&d=mm&r=g","caption":"Adriana Rabelo"},"url":"https:\/\/franciscanos.org.br\/noticias\/author\/adrianarabelo"}]}},"_links":{"self":[{"href":"https:\/\/franciscanos.org.br\/noticias\/wp-json\/wp\/v2\/posts\/261048"}],"collection":[{"href":"https:\/\/franciscanos.org.br\/noticias\/wp-json\/wp\/v2\/posts"}],"about":[{"href":"https:\/\/franciscanos.org.br\/noticias\/wp-json\/wp\/v2\/types\/post"}],"author":[{"embeddable":true,"href":"https:\/\/franciscanos.org.br\/noticias\/wp-json\/wp\/v2\/users\/11"}],"replies":[{"embeddable":true,"href":"https:\/\/franciscanos.org.br\/noticias\/wp-json\/wp\/v2\/comments?post=261048"}],"version-history":[{"count":1,"href":"https:\/\/franciscanos.org.br\/noticias\/wp-json\/wp\/v2\/posts\/261048\/revisions"}],"predecessor-version":[{"id":261054,"href":"https:\/\/franciscanos.org.br\/noticias\/wp-json\/wp\/v2\/posts\/261048\/revisions\/261054"}],"wp:featuredmedia":[{"embeddable":true,"href":"https:\/\/franciscanos.org.br\/noticias\/wp-json\/wp\/v2\/media\/261050"}],"wp:attachment":[{"href":"https:\/\/franciscanos.org.br\/noticias\/wp-json\/wp\/v2\/media?parent=261048"}],"wp:term":[{"taxonomy":"category","embeddable":true,"href":"https:\/\/franciscanos.org.br\/noticias\/wp-json\/wp\/v2\/categories?post=261048"},{"taxonomy":"post_tag","embeddable":true,"href":"https:\/\/franciscanos.org.br\/noticias\/wp-json\/wp\/v2\/tags?post=261048"}],"curies":[{"name":"wp","href":"https:\/\/api.w.org\/{rel}","templated":true}]}}