{"id":26103,"date":"2012-10-09T14:55:40","date_gmt":"2012-10-09T17:55:40","guid":{"rendered":"http:\/\/new.franciscanos.org.br\/?p=26103"},"modified":"2019-01-29T18:05:55","modified_gmt":"2019-01-29T20:05:55","slug":"jesus-cristo-libertador-entre-os-lancamentos","status":"publish","type":"post","link":"https:\/\/franciscanos.org.br\/noticias\/jesus-cristo-libertador-entre-os-lancamentos.html","title":{"rendered":"\u201cJesus Cristo Libertador&#8221; entre os lan\u00e7amentos"},"content":{"rendered":"<p><img loading=\"lazy\" class=\"alignright size-full wp-image-26104\" title=\"3810_091012\" src=\"http:\/\/franciscanos.org.br\/wp-content\/uploads\/2012\/10\/3810_091012.jpg\" alt=\"\" width=\"400\" height=\"613\" \/>Entre os \u00faltimos lan\u00e7amentos da Editora Vozes, que neste ano completa 111 anos de funda\u00e7\u00e3o e tem sede em Petr\u00f3polis (RJ), est\u00e1 o livro \u201cJesus Cristo Libertador &#8211; Ensaio de cristologia cr\u00edtica para o nosso tempo\u201d.<\/p>\n<p>Este livro quer ser um ensaio cristol\u00f3gico pensado e escrito dentro do horizonte da experi\u00eancia da f\u00e9 como \u00e9 encarada na Am\u00e9rica Latina. A figura do Cristo aqui apresentada nasceu de estudos acurados de exegese; hist\u00f3ria dos dogmas e de antropologia. Especialmente a humanidade de Cristo \u00e9 posta numa luz nova. Foi essa humanidade; e n\u00e3o apesar dela; que Deus se manifestou. Por isso Deus n\u00e3o pode ser encontrado fora do homem-Jesus. Nele Deus revelou a sua face humana; e o homem sua face divina. \u00c9 em Jesus que descobrimos quem \u00e9 Deus e quem \u00e9 o homem.<\/p>\n<h4>Jesus Cristo Libertador &#8211; Ensaio de cristologia cr\u00edtica para o nosso tempo<\/h4>\n<p><strong>ISBN:<\/strong> 9788532606402<br \/>\n280 p\u00e1ginas<br \/>\n<strong>Pre\u00e7o:<\/strong> R$ 45,60<br \/>\n<strong>autor:<\/strong> Leonardo Boff<br \/>\n<strong>Peso:<\/strong> 376 gramas<br \/>\n21\u00aa edi\u00e7\u00e3o<br \/>\n<strong>Assunto:<\/strong> Teologia sistem\u00e1tica<\/p>\n<h4>Arte de liderar pessoas (A)<\/h4>\n<p><strong>ISBN:<\/strong> 9788532644008<br \/>\n294 p\u00e1ginas<br \/>\n<strong>Pre\u00e7o:<\/strong> R$ 23,00<br \/>\n<strong>autor:<\/strong> Notker Wolf e Enrica Rosanna<br \/>\n<strong>Peso:<\/strong> 294 gramas<br \/>\n1\u00aa edi\u00e7\u00e3o<br \/>\n<strong>Assunto:<\/strong> Nobilis<\/p>\n<p>Onde quer que se trate de pessoas, a gest\u00e3o deve se transformar em lideran\u00e7a. Mas \u00e9 poss\u00edvel aprender a liderar pessoas? O que caracteriza a boa lideran\u00e7a? Quais s\u00e3o as diferen\u00e7as entre um estilo de lideran\u00e7a masculino e um estilo de lideran\u00e7a feminino? O Abade Primaz da Ordem dos Beneditinos Notker Wolf e a Irm\u00e3 Enrica Rosanna, vice-secret\u00e1ria da Congrega\u00e7\u00e3o da Ordem Vaticana, se propuseram, neste livro a responder a estas e outras quest\u00f5es relacionadas com seu dia a dia enquanto l\u00edderes de milhares de pessoas. Com base em suas pr\u00f3prias experi\u00eancias em posi\u00e7\u00f5es significativas de lideran\u00e7a eles esclarecem enganos muito difundidos e mostram o que realmente importa na lideran\u00e7a de pessoas &#8211; n\u00e3o apenas nas empresas, mas tamb\u00e9m na pol\u00edtica, nas escolas e em \u00e2mbito familiar.<\/p>\n<h4>Cruz nossa de cada dia (A) &#8211; Fonte de vida e de ressurrei\u00e7\u00e3o<\/h4>\n<p><strong>ISBN:<\/strong> 9788532624536<br \/>\n88 p\u00e1ginas<br \/>\n<strong>Pre\u00e7o:<\/strong> R$ 15,00<br \/>\n<strong>autor:<\/strong> Leonardo Boff<br \/>\n<strong>Peso:<\/strong> 106 gramas<br \/>\n1\u00aa edi\u00e7\u00e3o<br \/>\n<strong>Assunto:<\/strong> Teologia sistem\u00e1tica<\/p>\n<p>Em A cruz nossa de cada dia, o leitor \u00e9 convidado a refletir sobre esta verdade incontest\u00e1vel. Como encarar essa cruz, como assumi-la, como abra\u00e7\u00e1-la como instrumento de liberta\u00e7\u00e3o, n\u00e3o se deixando sucumbir por ela &#8211; eis o segredo de uma vida em que reina a harmonia interior e exterior.<\/p>\n<h4>S\u00e3o Jos\u00e9 &#8211; O pai, o artes\u00e3o e o educador<\/h4>\n<p><strong>ISBN:<\/strong> 9788532624567<br \/>\n256 p\u00e1ginas<br \/>\n<strong>Pre\u00e7o:<\/strong> R$ 35,00<br \/>\n<strong>Autor:<\/strong> Leonardo Boff<br \/>\n<strong>Peso:<\/strong> 318 gramas<br \/>\n1\u00aa edi\u00e7\u00e3o<br \/>\n<strong>Assunto:<\/strong> Teologia sistem\u00e1tica<\/p>\n<p>Nesta obra, Leonardo Boff procura descortinar as dimens\u00f5es do mist\u00e9rio que envolve a figura de S\u00e3o Jos\u00e9 como sendo a personifica\u00e7\u00e3o do Pai Celeste, mas sem diminuir em nada o se &#8220;ser justo&#8221; e o anonimato de sua vida e atua\u00e7\u00e3o. S\u00e3o valores perenes que animam os crist\u00e3os, especialmente aqueles que vivem a mesma condi\u00e7\u00e3o humilde que ele viveu e que est\u00e3o longe de qualquer especula\u00e7\u00e3o teol\u00f3gica. Para Jos\u00e9, mais importante que saber-se a personifica\u00e7\u00e3o do Pai era viver com radicalidade, sinceridade e humildade as virtudes do pai, do esposo, do educador e do trabalhador.<\/p>\n","protected":false},"excerpt":{"rendered":"<p>Editora Vozes<\/p>\n","protected":false},"author":1,"featured_media":194592,"comment_status":"closed","ping_status":"open","sticky":false,"template":"","format":"standard","meta":[],"categories":[1],"tags":[238,343],"acf":[],"yoast_head":"<!-- This site is optimized with the Yoast SEO plugin v19.2 - https:\/\/yoast.com\/wordpress\/plugins\/seo\/ -->\n<title>\u201cJesus Cristo Libertador&quot; entre os lan\u00e7amentos - Not\u00edcias - Franciscanos<\/title>\n<meta name=\"robots\" content=\"index, follow, max-snippet:-1, max-image-preview:large, max-video-preview:-1\" \/>\n<link rel=\"canonical\" href=\"https:\/\/franciscanos.org.br\/noticias\/jesus-cristo-libertador-entre-os-lancamentos.html\" \/>\n<meta property=\"og:locale\" content=\"pt_BR\" \/>\n<meta property=\"og:type\" content=\"article\" \/>\n<meta property=\"og:title\" content=\"\u201cJesus Cristo Libertador&quot; entre os lan\u00e7amentos - Not\u00edcias - Franciscanos\" \/>\n<meta property=\"og:description\" content=\"Editora Vozes\" \/>\n<meta property=\"og:url\" content=\"https:\/\/franciscanos.org.br\/noticias\/jesus-cristo-libertador-entre-os-lancamentos.html\" \/>\n<meta property=\"og:site_name\" content=\"Not\u00edcias - Franciscanos\" \/>\n<meta property=\"article:published_time\" content=\"2012-10-09T17:55:40+00:00\" \/>\n<meta property=\"article:modified_time\" content=\"2019-01-29T20:05:55+00:00\" \/>\n<meta property=\"og:image\" content=\"https:\/\/franciscanos.org.br\/noticias\/wp-content\/uploads\/2017\/11\/vozes.png\" \/>\n\t<meta property=\"og:image:width\" content=\"273\" \/>\n\t<meta property=\"og:image:height\" content=\"181\" \/>\n\t<meta property=\"og:image:type\" content=\"image\/png\" \/>\n<meta name=\"author\" content=\"admin\" \/>\n<meta name=\"twitter:card\" content=\"summary_large_image\" \/>\n<meta name=\"twitter:label1\" content=\"Escrito por\" \/>\n\t<meta name=\"twitter:data1\" content=\"admin\" \/>\n\t<meta name=\"twitter:label2\" content=\"Est. tempo de leitura\" \/>\n\t<meta name=\"twitter:data2\" content=\"3 minutos\" \/>\n<script type=\"application\/ld+json\" class=\"yoast-schema-graph\">{\"@context\":\"https:\/\/schema.org\",\"@graph\":[{\"@type\":\"WebSite\",\"@id\":\"https:\/\/franciscanos.org.br\/noticias\/#website\",\"url\":\"https:\/\/franciscanos.org.br\/noticias\/\",\"name\":\"Not\u00edcias - Franciscanos\",\"description\":\"Prov\u00edncia Franciscana da Imaculada Concei\u00e7\u00e3o do Brasil - Ordem dos Frades Menores - OFM\",\"potentialAction\":[{\"@type\":\"SearchAction\",\"target\":{\"@type\":\"EntryPoint\",\"urlTemplate\":\"https:\/\/franciscanos.org.br\/noticias\/?s={search_term_string}\"},\"query-input\":\"required name=search_term_string\"}],\"inLanguage\":\"pt-BR\"},{\"@type\":\"ImageObject\",\"inLanguage\":\"pt-BR\",\"@id\":\"https:\/\/franciscanos.org.br\/noticias\/jesus-cristo-libertador-entre-os-lancamentos.html#primaryimage\",\"url\":\"https:\/\/franciscanos.org.br\/noticias\/wp-content\/uploads\/2017\/11\/vozes.png\",\"contentUrl\":\"https:\/\/franciscanos.org.br\/noticias\/wp-content\/uploads\/2017\/11\/vozes.png\",\"width\":273,\"height\":181},{\"@type\":\"WebPage\",\"@id\":\"https:\/\/franciscanos.org.br\/noticias\/jesus-cristo-libertador-entre-os-lancamentos.html#webpage\",\"url\":\"https:\/\/franciscanos.org.br\/noticias\/jesus-cristo-libertador-entre-os-lancamentos.html\",\"name\":\"\u201cJesus Cristo Libertador\\\" entre os lan\u00e7amentos - Not\u00edcias - Franciscanos\",\"isPartOf\":{\"@id\":\"https:\/\/franciscanos.org.br\/noticias\/#website\"},\"primaryImageOfPage\":{\"@id\":\"https:\/\/franciscanos.org.br\/noticias\/jesus-cristo-libertador-entre-os-lancamentos.html#primaryimage\"},\"datePublished\":\"2012-10-09T17:55:40+00:00\",\"dateModified\":\"2019-01-29T20:05:55+00:00\",\"author\":{\"@id\":\"https:\/\/franciscanos.org.br\/noticias\/#\/schema\/person\/b38fbf43118f02820bd932f2e4b14ad3\"},\"breadcrumb\":{\"@id\":\"https:\/\/franciscanos.org.br\/noticias\/jesus-cristo-libertador-entre-os-lancamentos.html#breadcrumb\"},\"inLanguage\":\"pt-BR\",\"potentialAction\":[{\"@type\":\"ReadAction\",\"target\":[\"https:\/\/franciscanos.org.br\/noticias\/jesus-cristo-libertador-entre-os-lancamentos.html\"]}]},{\"@type\":\"BreadcrumbList\",\"@id\":\"https:\/\/franciscanos.org.br\/noticias\/jesus-cristo-libertador-entre-os-lancamentos.html#breadcrumb\",\"itemListElement\":[{\"@type\":\"ListItem\",\"position\":1,\"name\":\"Home\",\"item\":\"https:\/\/franciscanos.org.br\/noticias\"},{\"@type\":\"ListItem\",\"position\":2,\"name\":\"\u201cJesus Cristo Libertador&#8221; entre os lan\u00e7amentos\"}]},{\"@type\":\"Person\",\"@id\":\"https:\/\/franciscanos.org.br\/noticias\/#\/schema\/person\/b38fbf43118f02820bd932f2e4b14ad3\",\"name\":\"admin\",\"image\":{\"@type\":\"ImageObject\",\"inLanguage\":\"pt-BR\",\"@id\":\"https:\/\/franciscanos.org.br\/noticias\/#\/schema\/person\/image\/\",\"url\":\"https:\/\/secure.gravatar.com\/avatar\/e8495742d34d0ba6448ea1c628263b3e?s=96&d=mm&r=g\",\"contentUrl\":\"https:\/\/secure.gravatar.com\/avatar\/e8495742d34d0ba6448ea1c628263b3e?s=96&d=mm&r=g\",\"caption\":\"admin\"},\"url\":\"https:\/\/franciscanos.org.br\/noticias\/author\/admin\"}]}<\/script>\n<!-- \/ Yoast SEO plugin. -->","yoast_head_json":{"title":"\u201cJesus Cristo Libertador\" entre os lan\u00e7amentos - Not\u00edcias - Franciscanos","robots":{"index":"index","follow":"follow","max-snippet":"max-snippet:-1","max-image-preview":"max-image-preview:large","max-video-preview":"max-video-preview:-1"},"canonical":"https:\/\/franciscanos.org.br\/noticias\/jesus-cristo-libertador-entre-os-lancamentos.html","og_locale":"pt_BR","og_type":"article","og_title":"\u201cJesus Cristo Libertador\" entre os lan\u00e7amentos - Not\u00edcias - Franciscanos","og_description":"Editora Vozes","og_url":"https:\/\/franciscanos.org.br\/noticias\/jesus-cristo-libertador-entre-os-lancamentos.html","og_site_name":"Not\u00edcias - Franciscanos","article_published_time":"2012-10-09T17:55:40+00:00","article_modified_time":"2019-01-29T20:05:55+00:00","og_image":[{"width":273,"height":181,"url":"https:\/\/franciscanos.org.br\/noticias\/wp-content\/uploads\/2017\/11\/vozes.png","type":"image\/png"}],"author":"admin","twitter_card":"summary_large_image","twitter_misc":{"Escrito por":"admin","Est. tempo de leitura":"3 minutos"},"schema":{"@context":"https:\/\/schema.org","@graph":[{"@type":"WebSite","@id":"https:\/\/franciscanos.org.br\/noticias\/#website","url":"https:\/\/franciscanos.org.br\/noticias\/","name":"Not\u00edcias - Franciscanos","description":"Prov\u00edncia Franciscana da Imaculada Concei\u00e7\u00e3o do Brasil - Ordem dos Frades Menores - OFM","potentialAction":[{"@type":"SearchAction","target":{"@type":"EntryPoint","urlTemplate":"https:\/\/franciscanos.org.br\/noticias\/?s={search_term_string}"},"query-input":"required name=search_term_string"}],"inLanguage":"pt-BR"},{"@type":"ImageObject","inLanguage":"pt-BR","@id":"https:\/\/franciscanos.org.br\/noticias\/jesus-cristo-libertador-entre-os-lancamentos.html#primaryimage","url":"https:\/\/franciscanos.org.br\/noticias\/wp-content\/uploads\/2017\/11\/vozes.png","contentUrl":"https:\/\/franciscanos.org.br\/noticias\/wp-content\/uploads\/2017\/11\/vozes.png","width":273,"height":181},{"@type":"WebPage","@id":"https:\/\/franciscanos.org.br\/noticias\/jesus-cristo-libertador-entre-os-lancamentos.html#webpage","url":"https:\/\/franciscanos.org.br\/noticias\/jesus-cristo-libertador-entre-os-lancamentos.html","name":"\u201cJesus Cristo Libertador\" entre os lan\u00e7amentos - Not\u00edcias - Franciscanos","isPartOf":{"@id":"https:\/\/franciscanos.org.br\/noticias\/#website"},"primaryImageOfPage":{"@id":"https:\/\/franciscanos.org.br\/noticias\/jesus-cristo-libertador-entre-os-lancamentos.html#primaryimage"},"datePublished":"2012-10-09T17:55:40+00:00","dateModified":"2019-01-29T20:05:55+00:00","author":{"@id":"https:\/\/franciscanos.org.br\/noticias\/#\/schema\/person\/b38fbf43118f02820bd932f2e4b14ad3"},"breadcrumb":{"@id":"https:\/\/franciscanos.org.br\/noticias\/jesus-cristo-libertador-entre-os-lancamentos.html#breadcrumb"},"inLanguage":"pt-BR","potentialAction":[{"@type":"ReadAction","target":["https:\/\/franciscanos.org.br\/noticias\/jesus-cristo-libertador-entre-os-lancamentos.html"]}]},{"@type":"BreadcrumbList","@id":"https:\/\/franciscanos.org.br\/noticias\/jesus-cristo-libertador-entre-os-lancamentos.html#breadcrumb","itemListElement":[{"@type":"ListItem","position":1,"name":"Home","item":"https:\/\/franciscanos.org.br\/noticias"},{"@type":"ListItem","position":2,"name":"\u201cJesus Cristo Libertador&#8221; entre os lan\u00e7amentos"}]},{"@type":"Person","@id":"https:\/\/franciscanos.org.br\/noticias\/#\/schema\/person\/b38fbf43118f02820bd932f2e4b14ad3","name":"admin","image":{"@type":"ImageObject","inLanguage":"pt-BR","@id":"https:\/\/franciscanos.org.br\/noticias\/#\/schema\/person\/image\/","url":"https:\/\/secure.gravatar.com\/avatar\/e8495742d34d0ba6448ea1c628263b3e?s=96&d=mm&r=g","contentUrl":"https:\/\/secure.gravatar.com\/avatar\/e8495742d34d0ba6448ea1c628263b3e?s=96&d=mm&r=g","caption":"admin"},"url":"https:\/\/franciscanos.org.br\/noticias\/author\/admin"}]}},"_links":{"self":[{"href":"https:\/\/franciscanos.org.br\/noticias\/wp-json\/wp\/v2\/posts\/26103"}],"collection":[{"href":"https:\/\/franciscanos.org.br\/noticias\/wp-json\/wp\/v2\/posts"}],"about":[{"href":"https:\/\/franciscanos.org.br\/noticias\/wp-json\/wp\/v2\/types\/post"}],"author":[{"embeddable":true,"href":"https:\/\/franciscanos.org.br\/noticias\/wp-json\/wp\/v2\/users\/1"}],"replies":[{"embeddable":true,"href":"https:\/\/franciscanos.org.br\/noticias\/wp-json\/wp\/v2\/comments?post=26103"}],"version-history":[{"count":0,"href":"https:\/\/franciscanos.org.br\/noticias\/wp-json\/wp\/v2\/posts\/26103\/revisions"}],"wp:featuredmedia":[{"embeddable":true,"href":"https:\/\/franciscanos.org.br\/noticias\/wp-json\/wp\/v2\/media\/194592"}],"wp:attachment":[{"href":"https:\/\/franciscanos.org.br\/noticias\/wp-json\/wp\/v2\/media?parent=26103"}],"wp:term":[{"taxonomy":"category","embeddable":true,"href":"https:\/\/franciscanos.org.br\/noticias\/wp-json\/wp\/v2\/categories?post=26103"},{"taxonomy":"post_tag","embeddable":true,"href":"https:\/\/franciscanos.org.br\/noticias\/wp-json\/wp\/v2\/tags?post=26103"}],"curies":[{"name":"wp","href":"https:\/\/api.w.org\/{rel}","templated":true}]}}