{"id":261008,"date":"2025-10-09T10:24:34","date_gmt":"2025-10-09T13:24:34","guid":{"rendered":"https:\/\/franciscanos.org.br\/noticias\/?p=261008"},"modified":"2025-10-09T10:50:30","modified_gmt":"2025-10-09T13:50:30","slug":"frades-e-comunidade-iniciam-o-triduo-em-preparacao-a-ordenacao-presbiteral-do-frei-felipe-em-vila-velha","status":"publish","type":"post","link":"https:\/\/franciscanos.org.br\/noticias\/frades-e-comunidade-iniciam-o-triduo-em-preparacao-a-ordenacao-presbiteral-do-frei-felipe-em-vila-velha.html","title":{"rendered":"Frades e comunidade iniciam o Tr\u00edduo em prepara\u00e7\u00e3o \u00e0 Ordena\u00e7\u00e3o Presbiteral do Frei Felipe em Vila Velha"},"content":{"rendered":"<p><img loading=\"lazy\" class=\"aligncenter wp-image-261009 size-full\" src=\"https:\/\/franciscanos.org.br\/noticias\/wp-content\/uploads\/2025\/10\/materia1-3.jpg\" alt=\"\" width=\"1280\" height=\"720\" srcset=\"https:\/\/franciscanos.org.br\/noticias\/wp-content\/uploads\/2025\/10\/materia1-3.jpg 1280w, https:\/\/franciscanos.org.br\/noticias\/wp-content\/uploads\/2025\/10\/materia1-3-450x253.jpg 450w, https:\/\/franciscanos.org.br\/noticias\/wp-content\/uploads\/2025\/10\/materia1-3-1024x576.jpg 1024w, https:\/\/franciscanos.org.br\/noticias\/wp-content\/uploads\/2025\/10\/materia1-3-768x432.jpg 768w, https:\/\/franciscanos.org.br\/noticias\/wp-content\/uploads\/2025\/10\/materia1-3-150x84.jpg 150w\" sizes=\"(max-width: 1280px) 100vw, 1280px\" \/><\/p>\n<p>A Comunidade Jesus Ressuscitado, carinhosamente conhecida como \u201cIgreja da Pedra\u201d, localizada no bairro Soteco, em Vila Velha (ES), acolheu mission\u00e1rios, franciscanos e o povo fiel no primeiro dia do Tr\u00edduo em prepara\u00e7\u00e3o para a Ordena\u00e7\u00e3o Presbiteral do Frei Felipe Medeiros Carretta. A celebra\u00e7\u00e3o aconteceu na noite desta quarta-feira, 8 de outubro, tamb\u00e9m reunindo familiares do frade nascido e criado na cidade canela-verde.<\/p>\n<p>Fundada em novembro de 1983, a igreja que, por muitas vezes, acompanhou a dedica\u00e7\u00e3o do jovem vocacionado Felipe, agora se alegra com sua entrega \u00e0 vida religiosa franciscana no servi\u00e7o do minist\u00e9rio ordenado, desta forma, ela se compromete a rezar na inten\u00e7\u00e3o de que o minist\u00e9rio seja prof\u00edcuo. A comunidade paroquial testemunhou a renova\u00e7\u00e3o da f\u00e9 pela voca\u00e7\u00e3o primeira de todo crist\u00e3o: a voca\u00e7\u00e3o batismal.<\/p>\n<p>A Semana Mission\u00e1ria \u00e9 marcada por visitas aos doentes e fam\u00edlias, no per\u00edodo matutino. A experi\u00eancia de ser mission\u00e1rio na pr\u00e1tica, levando a alegria do Evangelho, a modo de S\u00e3o Francisco. J\u00e1 a noite, a Celebra\u00e7\u00e3o Eucar\u00edstica de cada dia do tr\u00edduo reflete os pilares das voca\u00e7\u00f5es batismal, religiosa e presbiteral.<\/p>\n<h3>Celebra\u00e7\u00e3o da Voca\u00e7\u00e3o Batismal<\/h3>\n<p>A celebra\u00e7\u00e3o que marcou o in\u00edcio do tr\u00edduo preparat\u00f3rio meditou a import\u00e2ncia da Voca\u00e7\u00e3o Batismal. Para isso, os dois principais elementos que consolidam o primeiro sacramento de inicia\u00e7\u00e3o crist\u00e3, a \u00e1gua e a luz, simbolizaram mais do que a presen\u00e7a do Esp\u00edrito Santo que tornou o Frei Felipe Carretta um filho de Deus. Indica a identidade de algu\u00e9m que, pelo Batismo, renasceu para se tornar sacerdote, profeta e rei, por excel\u00eancia. Esses elementos tamb\u00e9m expressam a continuidade de uma caminhada, agora alicer\u00e7ada no minist\u00e9rio presbiteral.<br \/>\nO mantra entoado na inaugura\u00e7\u00e3o da Missa recordou justamente o sentido da voca\u00e7\u00e3o batismal que \u00e9 \u201cser uma nova criatura\u201d, e se tornar, pela Ressurrei\u00e7\u00e3o de Cristo, um novo ser, um novo homem. \u201cComo s\u00e3o belos os p\u00e9s do mensageiro, que anuncia a paz. Como s\u00e3o belos os p\u00e9s do mensageiro, que anuncia o Senhor\u201d, prenunciando a mensagem central do Evangelho.<\/p>\n<p>A acolhida foi feita pelo Frei Gabriel Dellandrea, Guardi\u00e3o do Convento da Penha. Ele ressaltou que o confrade vive a \u201curg\u00eancia do chamado mission\u00e1rio\u201d que o pr\u00f3prio Cristo j\u00e1 plantou em seu cora\u00e7\u00e3o, afinal, a completude da \u201cobra come\u00e7ada\u201d \u00e9 o amor, o ardor mission\u00e1rio. J\u00e1 a presid\u00eancia da Missa ficou a cargo do Frei Augusto Luiz Gabriel, com presen\u00e7a e concelebra\u00e7\u00e3o dos freis provenientes de v\u00e1rias fraternidades da Prov\u00edncia da Imaculada Concei\u00e7\u00e3o.<\/p>\n<p><img loading=\"lazy\" class=\"aligncenter wp-image-261012 size-full\" src=\"https:\/\/franciscanos.org.br\/noticias\/wp-content\/uploads\/2025\/10\/materia6-3.jpg\" alt=\"\" width=\"1280\" height=\"720\" srcset=\"https:\/\/franciscanos.org.br\/noticias\/wp-content\/uploads\/2025\/10\/materia6-3.jpg 1280w, https:\/\/franciscanos.org.br\/noticias\/wp-content\/uploads\/2025\/10\/materia6-3-450x253.jpg 450w, https:\/\/franciscanos.org.br\/noticias\/wp-content\/uploads\/2025\/10\/materia6-3-1024x576.jpg 1024w, https:\/\/franciscanos.org.br\/noticias\/wp-content\/uploads\/2025\/10\/materia6-3-768x432.jpg 768w, https:\/\/franciscanos.org.br\/noticias\/wp-content\/uploads\/2025\/10\/materia6-3-150x84.jpg 150w\" sizes=\"(max-width: 1280px) 100vw, 1280px\" \/><br \/>\nNa homilia, Frei Augusto lembrou de uma hist\u00f3ria que o bispo Dom Greg\u00f3rio Paix\u00e3o contou quando ele foi ordenado di\u00e1cono em 2022. A hist\u00f3ria do Frei e do garfo. \u201cAs leituras que ouvimos nos lembram que a f\u00e9 nos \u00e9 dada pela prega\u00e7\u00e3o (Rm 10,9-18), que os c\u00e9us proclamam a gl\u00f3ria do Senhor (Sl 19) e que Jesus envia os disc\u00edpulos a fazerem disc\u00edpulos de todas as na\u00e7\u00f5es (Mt 28,16-20). Essa liturgia comp\u00f5em um \u00fanico chamado: ser testemunhas confiantes e humildes do Ressuscitado. A hist\u00f3ria que nos ajuda a compreender o que celebramos \u00e9: havia um Frei muito idoso, j\u00e1 com 95 anos, que morava num semin\u00e1rio franciscano. Um dia, um jovem frei se aproximou dele e perguntou: \u2018Frei, o senhor certamente j\u00e1 realizou tudo aquilo que queria ao longo da sua vida. O senhor ainda guarda algum sonho no mais profundo do seu cora\u00e7\u00e3o?\u2019 Aquele experiente Frei, com voz calma e olhar sereno, respondeu: \u2018sim, meu filho, eu guardo apenas um sonho. No dia da minha morte, quando eu estiver deitado no caix\u00e3o, eu quero ter na minha m\u00e3o direita um garfo\u201d.<\/p>\n<p><img loading=\"lazy\" class=\"aligncenter wp-image-261014 size-full\" src=\"https:\/\/franciscanos.org.br\/noticias\/wp-content\/uploads\/2025\/10\/frei-augusto-materia-1.jpg\" alt=\"\" width=\"1280\" height=\"720\" srcset=\"https:\/\/franciscanos.org.br\/noticias\/wp-content\/uploads\/2025\/10\/frei-augusto-materia-1.jpg 1280w, https:\/\/franciscanos.org.br\/noticias\/wp-content\/uploads\/2025\/10\/frei-augusto-materia-1-450x253.jpg 450w, https:\/\/franciscanos.org.br\/noticias\/wp-content\/uploads\/2025\/10\/frei-augusto-materia-1-1024x576.jpg 1024w, https:\/\/franciscanos.org.br\/noticias\/wp-content\/uploads\/2025\/10\/frei-augusto-materia-1-768x432.jpg 768w, https:\/\/franciscanos.org.br\/noticias\/wp-content\/uploads\/2025\/10\/frei-augusto-materia-1-150x84.jpg 150w\" sizes=\"(max-width: 1280px) 100vw, 1280px\" \/><br \/>\nO jovem ficou surpreso, \u2013 continua Frei Augusto \u2013 e disse-lhe: \u2018mas Frei, aqui na nossa fraternidade os freis costumam ser enterrados com uma cruz ou com um ter\u00e7o nas m\u00e3os. Por que o senhor quer um garfo? \u2019 O Frei ent\u00e3o sorriu e contou: \u2018ah, meu filho, isso me traz grandes recorda\u00e7\u00f5es. Quando eu era menino, aos domingos, minha m\u00e3e me levava \u00e0 casa da minha av\u00f3. Depois do almo\u00e7o, minha av\u00f3 se inclinava ao meu ouvido e dizia: \u2018Guarde o garfo. Mantenha o garfo, n\u00e3o d\u00ea o garfo para ningu\u00e9m, porque o melhor est\u00e1 por vir. \u2019 Logo depois, ela trazia um grande peda\u00e7o de torta de chocolate com morangos. Com o garfo que eu guardara, eu me deliciava dizendo: \u2018O melhor est\u00e1 por vir\u2019. \u2018O melhor est\u00e1 por vir!&#8217;\u201d, contou Frei Augusto.<\/p>\n<p><img loading=\"lazy\" class=\"aligncenter wp-image-261042 size-full\" src=\"https:\/\/franciscanos.org.br\/noticias\/wp-content\/uploads\/2025\/10\/materia9.jpg\" alt=\"\" width=\"1280\" height=\"720\" srcset=\"https:\/\/franciscanos.org.br\/noticias\/wp-content\/uploads\/2025\/10\/materia9.jpg 1280w, https:\/\/franciscanos.org.br\/noticias\/wp-content\/uploads\/2025\/10\/materia9-450x253.jpg 450w, https:\/\/franciscanos.org.br\/noticias\/wp-content\/uploads\/2025\/10\/materia9-1024x576.jpg 1024w, https:\/\/franciscanos.org.br\/noticias\/wp-content\/uploads\/2025\/10\/materia9-768x432.jpg 768w, https:\/\/franciscanos.org.br\/noticias\/wp-content\/uploads\/2025\/10\/materia9-150x84.jpg 150w\" sizes=\"(max-width: 1280px) 100vw, 1280px\" \/><\/p>\n<p>Contextualizando a hist\u00f3ria com a liturgia da Palavra, o frade explicou que \u201co melhor que est\u00e1 por vir\u201d na voca\u00e7\u00e3o de Frei Felipe \u00e9 abrir-se \u00e0 gra\u00e7a de Deus, \u201c\u00e0 obra nova que o Senhor deseja realizar em cada um de n\u00f3s. Ao ouvir essa hist\u00f3ria, pensamos imediatamente na promessa que Cristo nos faz no Evangelho: Ele est\u00e1 conosco \u2018at\u00e9 o fim do mundo\u2019 e nos envia a anunciar o Reino. O \u2018garfo do Frei\u2019 \u00e9 sinal de esperan\u00e7a: mesmo diante da morte, ele testemunha que a vida crist\u00e3 aponta sempre \u2018para al\u00e9m\u2019, para o banquete definitivo com Deus. Isso \u00e9 precisamente a confian\u00e7a que brota da f\u00e9 que confessamos com a boca e guardamos no cora\u00e7\u00e3o (Rm 10). Essa hist\u00f3ria simples fala de esperan\u00e7a. O garfo \u00e9 um s\u00edmbolo da f\u00e9 que espera o \u2018melhor\u2019, n\u00e3o como um pr\u00eamio futuro, mas como uma confian\u00e7a di\u00e1ria na a\u00e7\u00e3o de Deus. Este Deus que te trouxe at\u00e9 aqui, que te gerou, te nutriu e que indica: \u2018O melhor est\u00e1 por vir&#8217;\u201d, disse Frei Augusto.<\/p>\n\n\t\t<style type=\"text\/css\">\n\t\t\t#gallery-1 {\n\t\t\t\tmargin: auto;\n\t\t\t}\n\t\t\t#gallery-1 .gallery-item {\n\t\t\t\tfloat: left;\n\t\t\t\tmargin-top: 10px;\n\t\t\t\ttext-align: center;\n\t\t\t\twidth: 33%;\n\t\t\t}\n\t\t\t#gallery-1 img {\n\t\t\t\tborder: 2px solid #cfcfcf;\n\t\t\t}\n\t\t\t#gallery-1 .gallery-caption {\n\t\t\t\tmargin-left: 0;\n\t\t\t}\n\t\t\t\/* see gallery_shortcode() in wp-includes\/media.php *\/\n\t\t<\/style>\n\t\t<div id='gallery-1' class='gallery galleryid-261008 gallery-columns-3 gallery-size-thumbnail'><dl class='gallery-item'>\n\t\t\t<dt class='gallery-icon landscape'>\n\t\t\t\t<a href='https:\/\/franciscanos.org.br\/noticias\/wp-content\/uploads\/2025\/10\/1-triduo-6.jpg'><img width=\"300\" height=\"300\" src=\"https:\/\/franciscanos.org.br\/noticias\/wp-content\/uploads\/2025\/10\/1-triduo-6-300x300.jpg\" class=\"attachment-thumbnail size-thumbnail\" alt=\"\" loading=\"lazy\" srcset=\"https:\/\/franciscanos.org.br\/noticias\/wp-content\/uploads\/2025\/10\/1-triduo-6-300x300.jpg 300w, https:\/\/franciscanos.org.br\/noticias\/wp-content\/uploads\/2025\/10\/1-triduo-6-100x100.jpg 100w\" sizes=\"(max-width: 300px) 100vw, 300px\" \/><\/a>\n\t\t\t<\/dt><\/dl><dl class='gallery-item'>\n\t\t\t<dt class='gallery-icon landscape'>\n\t\t\t\t<a href='https:\/\/franciscanos.org.br\/noticias\/wp-content\/uploads\/2025\/10\/1-triduo-4.jpg'><img width=\"300\" height=\"300\" src=\"https:\/\/franciscanos.org.br\/noticias\/wp-content\/uploads\/2025\/10\/1-triduo-4-300x300.jpg\" class=\"attachment-thumbnail size-thumbnail\" alt=\"\" loading=\"lazy\" srcset=\"https:\/\/franciscanos.org.br\/noticias\/wp-content\/uploads\/2025\/10\/1-triduo-4-300x300.jpg 300w, https:\/\/franciscanos.org.br\/noticias\/wp-content\/uploads\/2025\/10\/1-triduo-4-100x100.jpg 100w\" sizes=\"(max-width: 300px) 100vw, 300px\" \/><\/a>\n\t\t\t<\/dt><\/dl><dl class='gallery-item'>\n\t\t\t<dt class='gallery-icon landscape'>\n\t\t\t\t<a href='https:\/\/franciscanos.org.br\/noticias\/wp-content\/uploads\/2025\/10\/1-triduo-14.jpg'><img width=\"300\" height=\"300\" src=\"https:\/\/franciscanos.org.br\/noticias\/wp-content\/uploads\/2025\/10\/1-triduo-14-300x300.jpg\" class=\"attachment-thumbnail size-thumbnail\" alt=\"\" loading=\"lazy\" srcset=\"https:\/\/franciscanos.org.br\/noticias\/wp-content\/uploads\/2025\/10\/1-triduo-14-300x300.jpg 300w, https:\/\/franciscanos.org.br\/noticias\/wp-content\/uploads\/2025\/10\/1-triduo-14-100x100.jpg 100w\" sizes=\"(max-width: 300px) 100vw, 300px\" \/><\/a>\n\t\t\t<\/dt><\/dl><br style=\"clear: both\" \/>\n\t\t<\/div>\n\n<p>Ainda na reflex\u00e3o, se dirigindo ao confrade, Frei Augusto afirmou: \u201cSer presb\u00edtero, meu irm\u00e3o Frei Felipe, \u00e9 carregar esse garfo da esperan\u00e7a nas m\u00e3os, mesmo quando a mesa da vida parece vazia. \u00c9 acreditar que Deus ainda tem um \u2018melhor\u2019 reservado. Uma palavra que vai tocar um cora\u00e7\u00e3o, uma confiss\u00e3o que vai restaurar uma alma, uma Eucaristia que vai reacender a f\u00e9 de uma comunidade cansada\u2026 O garfo, nas m\u00e3os do Frei da hist\u00f3ria, \u00e9 tamb\u00e9m s\u00edmbolo do servi\u00e7o, instrumento simples, cotidiano, que alimenta. Assim tamb\u00e9m \u00e9 o presb\u00edtero: algu\u00e9m chamado a servir o p\u00e3o da Palavra e o P\u00e3o da Vida. N\u00e3o com pompas, mas com simplicidade. N\u00e3o com brilho, mas com f\u00e9. N\u00e3o com poder, mas com os p\u00e9s belos de quem anuncia o bem (Rm 10,15). Irm\u00e3os e irm\u00e3s, esta liturgia nos convida a olhar para o futuro com f\u00e9. A cada Missa, a cada confiss\u00e3o, a cada gesto de caridade, o Frei Felipe e todos n\u00f3s somos chamados a testemunhar que o melhor est\u00e1 por vir, porque Cristo Ressuscitado caminha conosco\u201d.<\/p>\n<p>\u201cQue o nosso irm\u00e3o traga para o altar e para a vida o garfo da esperan\u00e7a franciscana, e que, quando as pessoas olharem para o seu minist\u00e9rio, possam dizer: \u2018ali est\u00e1 um homem de Deus\u2026 Que acredita que \u2018o melhor est\u00e1 por vir\u2019!\u201d Por que sim, sem d\u00favida, o melhor em sua vida e voca\u00e7\u00e3o est\u00e1 por vir\u201d, finalizou Frei Augusto.<\/p>\n<p><img loading=\"lazy\" class=\"aligncenter wp-image-261016 size-full\" src=\"https:\/\/franciscanos.org.br\/noticias\/wp-content\/uploads\/2025\/10\/materia-8-1.jpg\" alt=\"\" width=\"1280\" height=\"720\" srcset=\"https:\/\/franciscanos.org.br\/noticias\/wp-content\/uploads\/2025\/10\/materia-8-1.jpg 1280w, https:\/\/franciscanos.org.br\/noticias\/wp-content\/uploads\/2025\/10\/materia-8-1-450x253.jpg 450w, https:\/\/franciscanos.org.br\/noticias\/wp-content\/uploads\/2025\/10\/materia-8-1-1024x576.jpg 1024w, https:\/\/franciscanos.org.br\/noticias\/wp-content\/uploads\/2025\/10\/materia-8-1-768x432.jpg 768w, https:\/\/franciscanos.org.br\/noticias\/wp-content\/uploads\/2025\/10\/materia-8-1-150x84.jpg 150w\" sizes=\"(max-width: 1280px) 100vw, 1280px\" \/><br \/>\nNa sequ\u00eancia, Frei Gabriel convidou a madrinha de batismo de Frei Felipe para que apresentasse aos fi\u00e9is um quadro com fotos e com a roupa que o di\u00e1cono transit\u00f3rio usou no dia do seu Batismo. Depois, Frei Felipe, diante do Altar do Santo Sacrif\u00edcio, professou a f\u00e9 publicamente, iluminado pela luz de Cristo, que tamb\u00e9m recorda o momento das promessas batismais. Tamb\u00e9m mostrou o documento da Profiss\u00e3o de F\u00e9 em papel timbrado, assinado e que posteriormente ser\u00e1 arquivado no centro de documenta\u00e7\u00e3o provincial.<\/p>\n<p>O testemunho de profiss\u00e3o de f\u00e9 p\u00fablico faz parte do itiner\u00e1rio mission\u00e1rio, assim, ele manifesta publicamente o desejo de anunciar Cristo Ressuscitado em suas a\u00e7\u00f5es, atos e na viv\u00eancia fraterna. Com essa profiss\u00e3o de f\u00e9, ele reafirma que a vida crist\u00e3 se pauta em valores evang\u00e9licos e sobretudo na Trindade Indivis\u00edvel.<\/p>\n<p>Ao final, quando os freis se apresentaram, Frei Tiago Soares comentou que ele e outros que tamb\u00e9m estavam ali na comunidade (e viajaram para Vila Velha para a Ordena\u00e7\u00e3o) foram colegas de turma no per\u00edodo formativo nos semin\u00e1rios da Prov\u00edncia. A Missa foi encerrada com o convite feito pelo Di\u00e1cono Frei Felipe para o dia 11 de outubro, \u00e0s 18h.<\/p>\n<hr \/>\n<p><em>Cristian Oliveira (ASCOM)<\/em><\/p>\n\n\t\t<style type=\"text\/css\">\n\t\t\t#gallery-2 {\n\t\t\t\tmargin: auto;\n\t\t\t}\n\t\t\t#gallery-2 .gallery-item {\n\t\t\t\tfloat: left;\n\t\t\t\tmargin-top: 10px;\n\t\t\t\ttext-align: center;\n\t\t\t\twidth: 25%;\n\t\t\t}\n\t\t\t#gallery-2 img {\n\t\t\t\tborder: 2px solid #cfcfcf;\n\t\t\t}\n\t\t\t#gallery-2 .gallery-caption {\n\t\t\t\tmargin-left: 0;\n\t\t\t}\n\t\t\t\/* see gallery_shortcode() in wp-includes\/media.php *\/\n\t\t<\/style>\n\t\t<div id='gallery-2' class='gallery galleryid-261008 gallery-columns-4 gallery-size-thumbnail'><dl class='gallery-item'>\n\t\t\t<dt class='gallery-icon landscape'>\n\t\t\t\t<a href='https:\/\/franciscanos.org.br\/noticias\/wp-content\/uploads\/2025\/10\/1-triduo-2.jpg'><img width=\"300\" height=\"300\" src=\"https:\/\/franciscanos.org.br\/noticias\/wp-content\/uploads\/2025\/10\/1-triduo-2-300x300.jpg\" class=\"attachment-thumbnail size-thumbnail\" alt=\"\" loading=\"lazy\" srcset=\"https:\/\/franciscanos.org.br\/noticias\/wp-content\/uploads\/2025\/10\/1-triduo-2-300x300.jpg 300w, https:\/\/franciscanos.org.br\/noticias\/wp-content\/uploads\/2025\/10\/1-triduo-2-100x100.jpg 100w\" sizes=\"(max-width: 300px) 100vw, 300px\" \/><\/a>\n\t\t\t<\/dt><\/dl><dl class='gallery-item'>\n\t\t\t<dt class='gallery-icon landscape'>\n\t\t\t\t<a href='https:\/\/franciscanos.org.br\/noticias\/wp-content\/uploads\/2025\/10\/1-triduo-3-1.jpg'><img width=\"300\" height=\"300\" src=\"https:\/\/franciscanos.org.br\/noticias\/wp-content\/uploads\/2025\/10\/1-triduo-3-1-300x300.jpg\" class=\"attachment-thumbnail size-thumbnail\" alt=\"\" loading=\"lazy\" srcset=\"https:\/\/franciscanos.org.br\/noticias\/wp-content\/uploads\/2025\/10\/1-triduo-3-1-300x300.jpg 300w, https:\/\/franciscanos.org.br\/noticias\/wp-content\/uploads\/2025\/10\/1-triduo-3-1-100x100.jpg 100w\" sizes=\"(max-width: 300px) 100vw, 300px\" \/><\/a>\n\t\t\t<\/dt><\/dl><dl class='gallery-item'>\n\t\t\t<dt class='gallery-icon landscape'>\n\t\t\t\t<a href='https:\/\/franciscanos.org.br\/noticias\/wp-content\/uploads\/2025\/10\/1-triduo-7.jpg'><img width=\"300\" height=\"300\" src=\"https:\/\/franciscanos.org.br\/noticias\/wp-content\/uploads\/2025\/10\/1-triduo-7-300x300.jpg\" class=\"attachment-thumbnail size-thumbnail\" alt=\"\" loading=\"lazy\" srcset=\"https:\/\/franciscanos.org.br\/noticias\/wp-content\/uploads\/2025\/10\/1-triduo-7-300x300.jpg 300w, https:\/\/franciscanos.org.br\/noticias\/wp-content\/uploads\/2025\/10\/1-triduo-7-100x100.jpg 100w\" sizes=\"(max-width: 300px) 100vw, 300px\" \/><\/a>\n\t\t\t<\/dt><\/dl><dl class='gallery-item'>\n\t\t\t<dt class='gallery-icon landscape'>\n\t\t\t\t<a href='https:\/\/franciscanos.org.br\/noticias\/wp-content\/uploads\/2025\/10\/1-triduo-8.jpg'><img width=\"300\" height=\"300\" src=\"https:\/\/franciscanos.org.br\/noticias\/wp-content\/uploads\/2025\/10\/1-triduo-8-300x300.jpg\" class=\"attachment-thumbnail size-thumbnail\" alt=\"\" loading=\"lazy\" srcset=\"https:\/\/franciscanos.org.br\/noticias\/wp-content\/uploads\/2025\/10\/1-triduo-8-300x300.jpg 300w, https:\/\/franciscanos.org.br\/noticias\/wp-content\/uploads\/2025\/10\/1-triduo-8-100x100.jpg 100w\" sizes=\"(max-width: 300px) 100vw, 300px\" \/><\/a>\n\t\t\t<\/dt><\/dl><br style=\"clear: both\" \/><dl class='gallery-item'>\n\t\t\t<dt class='gallery-icon landscape'>\n\t\t\t\t<a href='https:\/\/franciscanos.org.br\/noticias\/wp-content\/uploads\/2025\/10\/1-triduo-11.jpg'><img width=\"300\" height=\"300\" src=\"https:\/\/franciscanos.org.br\/noticias\/wp-content\/uploads\/2025\/10\/1-triduo-11-300x300.jpg\" class=\"attachment-thumbnail size-thumbnail\" alt=\"\" loading=\"lazy\" srcset=\"https:\/\/franciscanos.org.br\/noticias\/wp-content\/uploads\/2025\/10\/1-triduo-11-300x300.jpg 300w, https:\/\/franciscanos.org.br\/noticias\/wp-content\/uploads\/2025\/10\/1-triduo-11-100x100.jpg 100w\" sizes=\"(max-width: 300px) 100vw, 300px\" \/><\/a>\n\t\t\t<\/dt><\/dl><dl class='gallery-item'>\n\t\t\t<dt class='gallery-icon landscape'>\n\t\t\t\t<a href='https:\/\/franciscanos.org.br\/noticias\/wp-content\/uploads\/2025\/10\/1-triduo-12.jpg'><img width=\"300\" height=\"300\" src=\"https:\/\/franciscanos.org.br\/noticias\/wp-content\/uploads\/2025\/10\/1-triduo-12-300x300.jpg\" class=\"attachment-thumbnail size-thumbnail\" alt=\"\" loading=\"lazy\" srcset=\"https:\/\/franciscanos.org.br\/noticias\/wp-content\/uploads\/2025\/10\/1-triduo-12-300x300.jpg 300w, https:\/\/franciscanos.org.br\/noticias\/wp-content\/uploads\/2025\/10\/1-triduo-12-100x100.jpg 100w\" sizes=\"(max-width: 300px) 100vw, 300px\" \/><\/a>\n\t\t\t<\/dt><\/dl><dl class='gallery-item'>\n\t\t\t<dt class='gallery-icon landscape'>\n\t\t\t\t<a href='https:\/\/franciscanos.org.br\/noticias\/wp-content\/uploads\/2025\/10\/1-triduo-13.jpg'><img width=\"300\" height=\"300\" src=\"https:\/\/franciscanos.org.br\/noticias\/wp-content\/uploads\/2025\/10\/1-triduo-13-300x300.jpg\" class=\"attachment-thumbnail size-thumbnail\" alt=\"\" loading=\"lazy\" srcset=\"https:\/\/franciscanos.org.br\/noticias\/wp-content\/uploads\/2025\/10\/1-triduo-13-300x300.jpg 300w, https:\/\/franciscanos.org.br\/noticias\/wp-content\/uploads\/2025\/10\/1-triduo-13-100x100.jpg 100w\" sizes=\"(max-width: 300px) 100vw, 300px\" \/><\/a>\n\t\t\t<\/dt><\/dl><dl class='gallery-item'>\n\t\t\t<dt class='gallery-icon landscape'>\n\t\t\t\t<a href='https:\/\/franciscanos.org.br\/noticias\/wp-content\/uploads\/2025\/10\/1-triduo-14-1.jpg'><img width=\"300\" height=\"300\" src=\"https:\/\/franciscanos.org.br\/noticias\/wp-content\/uploads\/2025\/10\/1-triduo-14-1-300x300.jpg\" class=\"attachment-thumbnail size-thumbnail\" alt=\"\" loading=\"lazy\" srcset=\"https:\/\/franciscanos.org.br\/noticias\/wp-content\/uploads\/2025\/10\/1-triduo-14-1-300x300.jpg 300w, https:\/\/franciscanos.org.br\/noticias\/wp-content\/uploads\/2025\/10\/1-triduo-14-1-100x100.jpg 100w\" sizes=\"(max-width: 300px) 100vw, 300px\" \/><\/a>\n\t\t\t<\/dt><\/dl><br style=\"clear: both\" \/><dl class='gallery-item'>\n\t\t\t<dt class='gallery-icon landscape'>\n\t\t\t\t<a href='https:\/\/franciscanos.org.br\/noticias\/wp-content\/uploads\/2025\/10\/1-triduo-15.jpg'><img width=\"300\" height=\"300\" src=\"https:\/\/franciscanos.org.br\/noticias\/wp-content\/uploads\/2025\/10\/1-triduo-15-300x300.jpg\" class=\"attachment-thumbnail size-thumbnail\" alt=\"\" loading=\"lazy\" srcset=\"https:\/\/franciscanos.org.br\/noticias\/wp-content\/uploads\/2025\/10\/1-triduo-15-300x300.jpg 300w, https:\/\/franciscanos.org.br\/noticias\/wp-content\/uploads\/2025\/10\/1-triduo-15-100x100.jpg 100w\" sizes=\"(max-width: 300px) 100vw, 300px\" \/><\/a>\n\t\t\t<\/dt><\/dl><dl class='gallery-item'>\n\t\t\t<dt class='gallery-icon landscape'>\n\t\t\t\t<a href='https:\/\/franciscanos.org.br\/noticias\/wp-content\/uploads\/2025\/10\/1-triduo-16.jpg'><img width=\"300\" height=\"300\" src=\"https:\/\/franciscanos.org.br\/noticias\/wp-content\/uploads\/2025\/10\/1-triduo-16-300x300.jpg\" class=\"attachment-thumbnail size-thumbnail\" alt=\"\" loading=\"lazy\" srcset=\"https:\/\/franciscanos.org.br\/noticias\/wp-content\/uploads\/2025\/10\/1-triduo-16-300x300.jpg 300w, https:\/\/franciscanos.org.br\/noticias\/wp-content\/uploads\/2025\/10\/1-triduo-16-100x100.jpg 100w\" sizes=\"(max-width: 300px) 100vw, 300px\" \/><\/a>\n\t\t\t<\/dt><\/dl><dl class='gallery-item'>\n\t\t\t<dt class='gallery-icon landscape'>\n\t\t\t\t<a href='https:\/\/franciscanos.org.br\/noticias\/wp-content\/uploads\/2025\/10\/1-triduo-18.jpg'><img width=\"300\" height=\"300\" src=\"https:\/\/franciscanos.org.br\/noticias\/wp-content\/uploads\/2025\/10\/1-triduo-18-300x300.jpg\" class=\"attachment-thumbnail size-thumbnail\" alt=\"\" loading=\"lazy\" srcset=\"https:\/\/franciscanos.org.br\/noticias\/wp-content\/uploads\/2025\/10\/1-triduo-18-300x300.jpg 300w, https:\/\/franciscanos.org.br\/noticias\/wp-content\/uploads\/2025\/10\/1-triduo-18-100x100.jpg 100w\" sizes=\"(max-width: 300px) 100vw, 300px\" \/><\/a>\n\t\t\t<\/dt><\/dl><dl class='gallery-item'>\n\t\t\t<dt class='gallery-icon landscape'>\n\t\t\t\t<a href='https:\/\/franciscanos.org.br\/noticias\/wp-content\/uploads\/2025\/10\/1-triduo-19.jpg'><img width=\"300\" height=\"300\" src=\"https:\/\/franciscanos.org.br\/noticias\/wp-content\/uploads\/2025\/10\/1-triduo-19-300x300.jpg\" class=\"attachment-thumbnail size-thumbnail\" alt=\"\" loading=\"lazy\" srcset=\"https:\/\/franciscanos.org.br\/noticias\/wp-content\/uploads\/2025\/10\/1-triduo-19-300x300.jpg 300w, https:\/\/franciscanos.org.br\/noticias\/wp-content\/uploads\/2025\/10\/1-triduo-19-100x100.jpg 100w\" sizes=\"(max-width: 300px) 100vw, 300px\" \/><\/a>\n\t\t\t<\/dt><\/dl><br style=\"clear: both\" \/>\n\t\t<\/div>\n\n","protected":false},"excerpt":{"rendered":"<p>1\u00ba dia do Tr\u00edduo preparat\u00f3rio para a Ordena\u00e7\u00e3o Presbiteral<\/p>\n","protected":false},"author":11,"featured_media":261015,"comment_status":"open","ping_status":"open","sticky":false,"template":"","format":"standard","meta":[],"categories":[1],"tags":[2431,157,231],"acf":[],"yoast_head":"<!-- This site is optimized with the Yoast SEO plugin v19.2 - https:\/\/yoast.com\/wordpress\/plugins\/seo\/ -->\n<title>Frades e comunidade iniciam o Tr\u00edduo em prepara\u00e7\u00e3o \u00e0 Ordena\u00e7\u00e3o Presbiteral do Frei Felipe em Vila Velha - Not\u00edcias - Franciscanos<\/title>\n<meta name=\"robots\" content=\"index, follow, max-snippet:-1, max-image-preview:large, max-video-preview:-1\" \/>\n<link rel=\"canonical\" href=\"https:\/\/franciscanos.org.br\/noticias\/frades-e-comunidade-iniciam-o-triduo-em-preparacao-a-ordenacao-presbiteral-do-frei-felipe-em-vila-velha.html\" \/>\n<meta property=\"og:locale\" content=\"pt_BR\" \/>\n<meta property=\"og:type\" content=\"article\" \/>\n<meta property=\"og:title\" content=\"Frades e comunidade iniciam o Tr\u00edduo em prepara\u00e7\u00e3o \u00e0 Ordena\u00e7\u00e3o Presbiteral do Frei Felipe em Vila Velha - Not\u00edcias - Franciscanos\" \/>\n<meta property=\"og:description\" content=\"1\u00ba dia do Tr\u00edduo preparat\u00f3rio para a Ordena\u00e7\u00e3o Presbiteral\" \/>\n<meta property=\"og:url\" content=\"https:\/\/franciscanos.org.br\/noticias\/frades-e-comunidade-iniciam-o-triduo-em-preparacao-a-ordenacao-presbiteral-do-frei-felipe-em-vila-velha.html\" \/>\n<meta property=\"og:site_name\" content=\"Not\u00edcias - Franciscanos\" \/>\n<meta property=\"article:published_time\" content=\"2025-10-09T13:24:34+00:00\" \/>\n<meta property=\"article:modified_time\" content=\"2025-10-09T13:50:30+00:00\" \/>\n<meta property=\"og:image\" content=\"https:\/\/franciscanos.org.br\/noticias\/wp-content\/uploads\/2025\/10\/chamada-19.jpg\" \/>\n\t<meta property=\"og:image:width\" content=\"800\" \/>\n\t<meta property=\"og:image:height\" content=\"550\" \/>\n\t<meta property=\"og:image:type\" content=\"image\/jpeg\" \/>\n<meta name=\"author\" content=\"Adriana Rabelo\" \/>\n<meta name=\"twitter:card\" content=\"summary_large_image\" \/>\n<meta name=\"twitter:label1\" content=\"Escrito por\" \/>\n\t<meta name=\"twitter:data1\" content=\"Adriana Rabelo\" \/>\n\t<meta name=\"twitter:label2\" content=\"Est. tempo de leitura\" \/>\n\t<meta name=\"twitter:data2\" content=\"7 minutos\" \/>\n<script type=\"application\/ld+json\" class=\"yoast-schema-graph\">{\"@context\":\"https:\/\/schema.org\",\"@graph\":[{\"@type\":\"WebSite\",\"@id\":\"https:\/\/franciscanos.org.br\/noticias\/#website\",\"url\":\"https:\/\/franciscanos.org.br\/noticias\/\",\"name\":\"Not\u00edcias - Franciscanos\",\"description\":\"Prov\u00edncia Franciscana da Imaculada Concei\u00e7\u00e3o do Brasil - Ordem dos Frades Menores - OFM\",\"potentialAction\":[{\"@type\":\"SearchAction\",\"target\":{\"@type\":\"EntryPoint\",\"urlTemplate\":\"https:\/\/franciscanos.org.br\/noticias\/?s={search_term_string}\"},\"query-input\":\"required name=search_term_string\"}],\"inLanguage\":\"pt-BR\"},{\"@type\":\"ImageObject\",\"inLanguage\":\"pt-BR\",\"@id\":\"https:\/\/franciscanos.org.br\/noticias\/frades-e-comunidade-iniciam-o-triduo-em-preparacao-a-ordenacao-presbiteral-do-frei-felipe-em-vila-velha.html#primaryimage\",\"url\":\"https:\/\/franciscanos.org.br\/noticias\/wp-content\/uploads\/2025\/10\/chamada-19.jpg\",\"contentUrl\":\"https:\/\/franciscanos.org.br\/noticias\/wp-content\/uploads\/2025\/10\/chamada-19.jpg\",\"width\":800,\"height\":550},{\"@type\":\"WebPage\",\"@id\":\"https:\/\/franciscanos.org.br\/noticias\/frades-e-comunidade-iniciam-o-triduo-em-preparacao-a-ordenacao-presbiteral-do-frei-felipe-em-vila-velha.html#webpage\",\"url\":\"https:\/\/franciscanos.org.br\/noticias\/frades-e-comunidade-iniciam-o-triduo-em-preparacao-a-ordenacao-presbiteral-do-frei-felipe-em-vila-velha.html\",\"name\":\"Frades e comunidade iniciam o Tr\u00edduo em prepara\u00e7\u00e3o \u00e0 Ordena\u00e7\u00e3o Presbiteral do Frei Felipe em Vila Velha - Not\u00edcias - Franciscanos\",\"isPartOf\":{\"@id\":\"https:\/\/franciscanos.org.br\/noticias\/#website\"},\"primaryImageOfPage\":{\"@id\":\"https:\/\/franciscanos.org.br\/noticias\/frades-e-comunidade-iniciam-o-triduo-em-preparacao-a-ordenacao-presbiteral-do-frei-felipe-em-vila-velha.html#primaryimage\"},\"datePublished\":\"2025-10-09T13:24:34+00:00\",\"dateModified\":\"2025-10-09T13:50:30+00:00\",\"author\":{\"@id\":\"https:\/\/franciscanos.org.br\/noticias\/#\/schema\/person\/d9422e83121c3ad3b0f423d195f5bb25\"},\"breadcrumb\":{\"@id\":\"https:\/\/franciscanos.org.br\/noticias\/frades-e-comunidade-iniciam-o-triduo-em-preparacao-a-ordenacao-presbiteral-do-frei-felipe-em-vila-velha.html#breadcrumb\"},\"inLanguage\":\"pt-BR\",\"potentialAction\":[{\"@type\":\"ReadAction\",\"target\":[\"https:\/\/franciscanos.org.br\/noticias\/frades-e-comunidade-iniciam-o-triduo-em-preparacao-a-ordenacao-presbiteral-do-frei-felipe-em-vila-velha.html\"]}]},{\"@type\":\"BreadcrumbList\",\"@id\":\"https:\/\/franciscanos.org.br\/noticias\/frades-e-comunidade-iniciam-o-triduo-em-preparacao-a-ordenacao-presbiteral-do-frei-felipe-em-vila-velha.html#breadcrumb\",\"itemListElement\":[{\"@type\":\"ListItem\",\"position\":1,\"name\":\"Home\",\"item\":\"https:\/\/franciscanos.org.br\/noticias\"},{\"@type\":\"ListItem\",\"position\":2,\"name\":\"Frades e comunidade iniciam o Tr\u00edduo em prepara\u00e7\u00e3o \u00e0 Ordena\u00e7\u00e3o Presbiteral do Frei Felipe em Vila Velha\"}]},{\"@type\":\"Person\",\"@id\":\"https:\/\/franciscanos.org.br\/noticias\/#\/schema\/person\/d9422e83121c3ad3b0f423d195f5bb25\",\"name\":\"Adriana Rabelo\",\"image\":{\"@type\":\"ImageObject\",\"inLanguage\":\"pt-BR\",\"@id\":\"https:\/\/franciscanos.org.br\/noticias\/#\/schema\/person\/image\/\",\"url\":\"https:\/\/secure.gravatar.com\/avatar\/0a937b7500cd7df77540cfb8bede877d?s=96&d=mm&r=g\",\"contentUrl\":\"https:\/\/secure.gravatar.com\/avatar\/0a937b7500cd7df77540cfb8bede877d?s=96&d=mm&r=g\",\"caption\":\"Adriana Rabelo\"},\"url\":\"https:\/\/franciscanos.org.br\/noticias\/author\/adrianarabelo\"}]}<\/script>\n<!-- \/ Yoast SEO plugin. -->","yoast_head_json":{"title":"Frades e comunidade iniciam o Tr\u00edduo em prepara\u00e7\u00e3o \u00e0 Ordena\u00e7\u00e3o Presbiteral do Frei Felipe em Vila Velha - Not\u00edcias - Franciscanos","robots":{"index":"index","follow":"follow","max-snippet":"max-snippet:-1","max-image-preview":"max-image-preview:large","max-video-preview":"max-video-preview:-1"},"canonical":"https:\/\/franciscanos.org.br\/noticias\/frades-e-comunidade-iniciam-o-triduo-em-preparacao-a-ordenacao-presbiteral-do-frei-felipe-em-vila-velha.html","og_locale":"pt_BR","og_type":"article","og_title":"Frades e comunidade iniciam o Tr\u00edduo em prepara\u00e7\u00e3o \u00e0 Ordena\u00e7\u00e3o Presbiteral do Frei Felipe em Vila Velha - Not\u00edcias - Franciscanos","og_description":"1\u00ba dia do Tr\u00edduo preparat\u00f3rio para a Ordena\u00e7\u00e3o Presbiteral","og_url":"https:\/\/franciscanos.org.br\/noticias\/frades-e-comunidade-iniciam-o-triduo-em-preparacao-a-ordenacao-presbiteral-do-frei-felipe-em-vila-velha.html","og_site_name":"Not\u00edcias - Franciscanos","article_published_time":"2025-10-09T13:24:34+00:00","article_modified_time":"2025-10-09T13:50:30+00:00","og_image":[{"width":800,"height":550,"url":"https:\/\/franciscanos.org.br\/noticias\/wp-content\/uploads\/2025\/10\/chamada-19.jpg","type":"image\/jpeg"}],"author":"Adriana Rabelo","twitter_card":"summary_large_image","twitter_misc":{"Escrito por":"Adriana Rabelo","Est. tempo de leitura":"7 minutos"},"schema":{"@context":"https:\/\/schema.org","@graph":[{"@type":"WebSite","@id":"https:\/\/franciscanos.org.br\/noticias\/#website","url":"https:\/\/franciscanos.org.br\/noticias\/","name":"Not\u00edcias - Franciscanos","description":"Prov\u00edncia Franciscana da Imaculada Concei\u00e7\u00e3o do Brasil - Ordem dos Frades Menores - OFM","potentialAction":[{"@type":"SearchAction","target":{"@type":"EntryPoint","urlTemplate":"https:\/\/franciscanos.org.br\/noticias\/?s={search_term_string}"},"query-input":"required name=search_term_string"}],"inLanguage":"pt-BR"},{"@type":"ImageObject","inLanguage":"pt-BR","@id":"https:\/\/franciscanos.org.br\/noticias\/frades-e-comunidade-iniciam-o-triduo-em-preparacao-a-ordenacao-presbiteral-do-frei-felipe-em-vila-velha.html#primaryimage","url":"https:\/\/franciscanos.org.br\/noticias\/wp-content\/uploads\/2025\/10\/chamada-19.jpg","contentUrl":"https:\/\/franciscanos.org.br\/noticias\/wp-content\/uploads\/2025\/10\/chamada-19.jpg","width":800,"height":550},{"@type":"WebPage","@id":"https:\/\/franciscanos.org.br\/noticias\/frades-e-comunidade-iniciam-o-triduo-em-preparacao-a-ordenacao-presbiteral-do-frei-felipe-em-vila-velha.html#webpage","url":"https:\/\/franciscanos.org.br\/noticias\/frades-e-comunidade-iniciam-o-triduo-em-preparacao-a-ordenacao-presbiteral-do-frei-felipe-em-vila-velha.html","name":"Frades e comunidade iniciam o Tr\u00edduo em prepara\u00e7\u00e3o \u00e0 Ordena\u00e7\u00e3o Presbiteral do Frei Felipe em Vila Velha - Not\u00edcias - Franciscanos","isPartOf":{"@id":"https:\/\/franciscanos.org.br\/noticias\/#website"},"primaryImageOfPage":{"@id":"https:\/\/franciscanos.org.br\/noticias\/frades-e-comunidade-iniciam-o-triduo-em-preparacao-a-ordenacao-presbiteral-do-frei-felipe-em-vila-velha.html#primaryimage"},"datePublished":"2025-10-09T13:24:34+00:00","dateModified":"2025-10-09T13:50:30+00:00","author":{"@id":"https:\/\/franciscanos.org.br\/noticias\/#\/schema\/person\/d9422e83121c3ad3b0f423d195f5bb25"},"breadcrumb":{"@id":"https:\/\/franciscanos.org.br\/noticias\/frades-e-comunidade-iniciam-o-triduo-em-preparacao-a-ordenacao-presbiteral-do-frei-felipe-em-vila-velha.html#breadcrumb"},"inLanguage":"pt-BR","potentialAction":[{"@type":"ReadAction","target":["https:\/\/franciscanos.org.br\/noticias\/frades-e-comunidade-iniciam-o-triduo-em-preparacao-a-ordenacao-presbiteral-do-frei-felipe-em-vila-velha.html"]}]},{"@type":"BreadcrumbList","@id":"https:\/\/franciscanos.org.br\/noticias\/frades-e-comunidade-iniciam-o-triduo-em-preparacao-a-ordenacao-presbiteral-do-frei-felipe-em-vila-velha.html#breadcrumb","itemListElement":[{"@type":"ListItem","position":1,"name":"Home","item":"https:\/\/franciscanos.org.br\/noticias"},{"@type":"ListItem","position":2,"name":"Frades e comunidade iniciam o Tr\u00edduo em prepara\u00e7\u00e3o \u00e0 Ordena\u00e7\u00e3o Presbiteral do Frei Felipe em Vila Velha"}]},{"@type":"Person","@id":"https:\/\/franciscanos.org.br\/noticias\/#\/schema\/person\/d9422e83121c3ad3b0f423d195f5bb25","name":"Adriana Rabelo","image":{"@type":"ImageObject","inLanguage":"pt-BR","@id":"https:\/\/franciscanos.org.br\/noticias\/#\/schema\/person\/image\/","url":"https:\/\/secure.gravatar.com\/avatar\/0a937b7500cd7df77540cfb8bede877d?s=96&d=mm&r=g","contentUrl":"https:\/\/secure.gravatar.com\/avatar\/0a937b7500cd7df77540cfb8bede877d?s=96&d=mm&r=g","caption":"Adriana Rabelo"},"url":"https:\/\/franciscanos.org.br\/noticias\/author\/adrianarabelo"}]}},"_links":{"self":[{"href":"https:\/\/franciscanos.org.br\/noticias\/wp-json\/wp\/v2\/posts\/261008"}],"collection":[{"href":"https:\/\/franciscanos.org.br\/noticias\/wp-json\/wp\/v2\/posts"}],"about":[{"href":"https:\/\/franciscanos.org.br\/noticias\/wp-json\/wp\/v2\/types\/post"}],"author":[{"embeddable":true,"href":"https:\/\/franciscanos.org.br\/noticias\/wp-json\/wp\/v2\/users\/11"}],"replies":[{"embeddable":true,"href":"https:\/\/franciscanos.org.br\/noticias\/wp-json\/wp\/v2\/comments?post=261008"}],"version-history":[{"count":5,"href":"https:\/\/franciscanos.org.br\/noticias\/wp-json\/wp\/v2\/posts\/261008\/revisions"}],"predecessor-version":[{"id":261047,"href":"https:\/\/franciscanos.org.br\/noticias\/wp-json\/wp\/v2\/posts\/261008\/revisions\/261047"}],"wp:featuredmedia":[{"embeddable":true,"href":"https:\/\/franciscanos.org.br\/noticias\/wp-json\/wp\/v2\/media\/261015"}],"wp:attachment":[{"href":"https:\/\/franciscanos.org.br\/noticias\/wp-json\/wp\/v2\/media?parent=261008"}],"wp:term":[{"taxonomy":"category","embeddable":true,"href":"https:\/\/franciscanos.org.br\/noticias\/wp-json\/wp\/v2\/categories?post=261008"},{"taxonomy":"post_tag","embeddable":true,"href":"https:\/\/franciscanos.org.br\/noticias\/wp-json\/wp\/v2\/tags?post=261008"}],"curies":[{"name":"wp","href":"https:\/\/api.w.org\/{rel}","templated":true}]}}