{"id":260980,"date":"2025-10-08T10:59:08","date_gmt":"2025-10-08T13:59:08","guid":{"rendered":"https:\/\/franciscanos.org.br\/noticias\/?p=260980"},"modified":"2025-10-08T11:11:43","modified_gmt":"2025-10-08T14:11:43","slug":"260980","status":"publish","type":"post","link":"https:\/\/franciscanos.org.br\/noticias\/260980.html","title":{"rendered":"Come\u00e7a a Semana Mission\u00e1ria em prepara\u00e7\u00e3o para a Ordena\u00e7\u00e3o Presbiteral do Frei Felipe Carretta"},"content":{"rendered":"<div id=\"attachment_260981\" style=\"width: 1290px\" class=\"wp-caption alignnone\"><img aria-describedby=\"caption-attachment-260981\" loading=\"lazy\" class=\"wp-image-260981 size-full\" src=\"https:\/\/franciscanos.org.br\/noticias\/wp-content\/uploads\/2025\/10\/materia-topo-2.jpg\" alt=\"\" width=\"1280\" height=\"720\" srcset=\"https:\/\/franciscanos.org.br\/noticias\/wp-content\/uploads\/2025\/10\/materia-topo-2.jpg 1280w, https:\/\/franciscanos.org.br\/noticias\/wp-content\/uploads\/2025\/10\/materia-topo-2-450x253.jpg 450w, https:\/\/franciscanos.org.br\/noticias\/wp-content\/uploads\/2025\/10\/materia-topo-2-1024x576.jpg 1024w, https:\/\/franciscanos.org.br\/noticias\/wp-content\/uploads\/2025\/10\/materia-topo-2-768x432.jpg 768w, https:\/\/franciscanos.org.br\/noticias\/wp-content\/uploads\/2025\/10\/materia-topo-2-150x84.jpg 150w\" sizes=\"(max-width: 1280px) 100vw, 1280px\" \/><p id=\"caption-attachment-260981\" class=\"wp-caption-text\">Da esq. para dir. Frei Pedro Engel, Frei Felipe Carretta, Frei Gabriel Dellandrea e Frei Augusto Luiz Gabriel<\/p><\/div>\n<p>Teve in\u00edcio nesta ter\u00e7a-feira, 7 de outubro, dia em que a Igreja celebra a mem\u00f3ria lit\u00fargica de Nossa Senhora do Ros\u00e1rio, a Semana Mission\u00e1ria com o Tr\u00edduo Vocacional em prepara\u00e7\u00e3o para a ordena\u00e7\u00e3o presbiteral do Frei Felipe Medeiros Carretta. O frade \u00e9 capixaba e trilhou sua caminhada de f\u00e9 no Santu\u00e1rio Divino Esp\u00edrito Santo, Par\u00f3quia do Ros\u00e1rio, em Vila Velha (ES). Sua vida franciscana \u00e9 marcada por uma especial devo\u00e7\u00e3o \u00e0 Virgem Maria, sobretudo porque seu discernimento vocacional teve in\u00edcio a partir de experi\u00eancias vividas na Festa da Penha.<\/p>\n<p><img loading=\"lazy\" class=\"size-medium wp-image-260982 alignright\" src=\"https:\/\/franciscanos.org.br\/noticias\/wp-content\/uploads\/2025\/10\/Missa-Aniversario-do-Frei-Gabriel-07-10-2025-19-1536x1024-1-450x300.jpg\" alt=\"\" width=\"450\" height=\"300\" srcset=\"https:\/\/franciscanos.org.br\/noticias\/wp-content\/uploads\/2025\/10\/Missa-Aniversario-do-Frei-Gabriel-07-10-2025-19-1536x1024-1-450x300.jpg 450w, https:\/\/franciscanos.org.br\/noticias\/wp-content\/uploads\/2025\/10\/Missa-Aniversario-do-Frei-Gabriel-07-10-2025-19-1536x1024-1-1024x683.jpg 1024w, https:\/\/franciscanos.org.br\/noticias\/wp-content\/uploads\/2025\/10\/Missa-Aniversario-do-Frei-Gabriel-07-10-2025-19-1536x1024-1-768x512.jpg 768w, https:\/\/franciscanos.org.br\/noticias\/wp-content\/uploads\/2025\/10\/Missa-Aniversario-do-Frei-Gabriel-07-10-2025-19-1536x1024-1-150x100.jpg 150w, https:\/\/franciscanos.org.br\/noticias\/wp-content\/uploads\/2025\/10\/Missa-Aniversario-do-Frei-Gabriel-07-10-2025-19-1536x1024-1.jpg 1536w\" sizes=\"(max-width: 450px) 100vw, 450px\" \/>Frei Felipe cultivou no cora\u00e7\u00e3o um carinho pela M\u00e3e da Penha de uma maneira semelhante \u00e0 de Francisco de Assis, por isso, decidiu encantar-se pelo carisma franciscano, se tornando um anunciador da paz e do bem, um continuador da miss\u00e3o iniciada desde 1558, quando Frei Pedro Pal\u00e1cios chega em solo esp\u00edrito-santense trazendo consigo a estampa de Nossa Senhora das Alegrias.<\/p>\n<p>Dentro do carisma de S\u00e3o Francisco, o essencial para o frade menor \u00e9 justamente a minoridade, ou seja, ser seguidor de Jesus Cristo a modo do Ser\u00e1fico Pai. Ser irm\u00e3o menor, ser irm\u00e3o em fraternidade j\u00e1 \u00e9 \u201ccompletude\u201d para o itiner\u00e1rio franciscano, no entanto, h\u00e1 frades que tamb\u00e9m sentem no cora\u00e7\u00e3o o desejo do sacerd\u00f3cio no minist\u00e9rio presbiteral. Desta forma, al\u00e9m de viverem a simplicidade das pegadas de Francisco, os frades presidem celebra\u00e7\u00f5es sacramentais.<\/p>\n<h3><strong>Celebra\u00e7\u00e3o Eucar\u00edstica com a presen\u00e7a do Frei Felipe<\/strong><\/h3>\n<p>\u00c0 tarde, a Missa das 15h foi especial. Na Liturgia, os fi\u00e9is celebraram a mem\u00f3ria de Nossa Senhora do Ros\u00e1rio, a Padroeira da Cidade de Vila Velha. O dia tamb\u00e9m marcou a\u00e7\u00e3o de gra\u00e7as pelo dom da vida do Frei Gabriel Dellandrea, Guardi\u00e3o da Penha. Participaram da Eucaristia na Capela, \u00a0Frei Augusto Luiz Gabriel, da Fraternidade S\u00e3o Pedro Ap\u00f3stolo, em Pato Branco (PR), e Frei Felipe \u00a0Carretta.<\/p>\n<p>Na homilia, Frei Gabriel destacou que o Ros\u00e1rio n\u00e3o \u00e9 uma ora\u00e7\u00e3o repetitiva como muitas pessoas acham. \u201cQuando rezamos o ros\u00e1rio repetimos o pedido \u00e0 Virgem que olhe por n\u00f3s, que nos ajude. Quantas vezes rezamos o \u2018ros\u00e1rio do perd\u00e3o\u2019? Mesmo que o nosso cora\u00e7\u00e3o esteja amargurado e n\u00e3o queremos perdoar rezamos o \u2018ros\u00e1rio do perd\u00e3o\u2019 repetindo o perd\u00e3o, repetindo o perd\u00e3o, at\u00e9 que perdoar se torne uma coisa natural. Quantas vezes rezamos o \u2018ros\u00e1rio da compreens\u00e3o\u2019? Embora o mundo todo nos convide a olhar s\u00f3 para n\u00f3s mesmos e os nossos interesses, rezamos o \u2018ros\u00e1rio de sair do nosso ego\u00edsmo\u2019 e treinamos todos os dias repetindo, repetindo, repetindo at\u00e9 que aprendamos a sermos compreensivos, a sermos generosos, a sermos capazes de sair daquele ego\u00edsmo e ir ao encontro do outro. Quantas vezes repetimos tamb\u00e9m o \u2018ros\u00e1rio do come\u00e7ar de novo\u2019? Erra, tenta de novo. Erra, tenta de novo! Erra, come\u00e7a de novo! \u201d<\/p>\n<p><img loading=\"lazy\" class=\"aligncenter wp-image-260986 size-full\" src=\"https:\/\/franciscanos.org.br\/noticias\/wp-content\/uploads\/2025\/10\/materia-6-2.jpg\" alt=\"\" width=\"1280\" height=\"720\" srcset=\"https:\/\/franciscanos.org.br\/noticias\/wp-content\/uploads\/2025\/10\/materia-6-2.jpg 1280w, https:\/\/franciscanos.org.br\/noticias\/wp-content\/uploads\/2025\/10\/materia-6-2-450x253.jpg 450w, https:\/\/franciscanos.org.br\/noticias\/wp-content\/uploads\/2025\/10\/materia-6-2-1024x576.jpg 1024w, https:\/\/franciscanos.org.br\/noticias\/wp-content\/uploads\/2025\/10\/materia-6-2-768x432.jpg 768w, https:\/\/franciscanos.org.br\/noticias\/wp-content\/uploads\/2025\/10\/materia-6-2-150x84.jpg 150w\" sizes=\"(max-width: 1280px) 100vw, 1280px\" \/><\/p>\n<p>\u201cEm cada Ave Maria que rezamos no Ros\u00e1rio, desde a Batalha de Lepanto, quando essa devo\u00e7\u00e3o se consolida na Igreja, pedimos \u00e0 Virgem Maria que nos ajude meditando os mist\u00e9rios da salva\u00e7\u00e3o no Ros\u00e1rio. Queremos tamb\u00e9m, de tanto meditar, entender que esses mist\u00e9rios acontecem no nosso dia a dia e repetindo essa conversa com o Senhor, repetimos tanto at\u00e9 o dia que essa conversa ficar\u00e1 face a face. E, de tanto repetirmos, um dia conversaremos com Nossa Senhora l\u00e1 no c\u00e9u, frente a frente, porque a amizade tamb\u00e9m \u00e9 repeti\u00e7\u00e3o, porque n\u00f3s, nas amizades repetimos o perd\u00e3o, repetimos a conversa, repetimos o di\u00e1logo, repetimos a corre\u00e7\u00e3o, repetimos a alegria nos momentos felizes e repetimos tamb\u00e9m as l\u00e1grimas na hora da dificuldade e em cada ros\u00e1rio que rezamos, em cada ter\u00e7o que rezamos. Aprimoramos a nossa amizade com Deus e com a Virgem Maria e nos tornamos pr\u00f3ximos at\u00e9 o dia que eles nos acolher\u00e3o l\u00e1 no c\u00e9u depois de tanta repeti\u00e7\u00e3o de c\u00e9u nessa terra. Depois de rezarmos tanto o \u2018ros\u00e1rio do c\u00e9u\u2019 seremos convidados a estar naquele \u2018ros\u00e1rio eterno\u2019 da contempla\u00e7\u00e3o de Deus face a face\u201d, afirmou Frei Gabriel.<\/p>\n<p><img loading=\"lazy\" class=\"aligncenter wp-image-260987 size-full\" src=\"https:\/\/franciscanos.org.br\/noticias\/wp-content\/uploads\/2025\/10\/materia7.jpg\" alt=\"\" width=\"1280\" height=\"720\" srcset=\"https:\/\/franciscanos.org.br\/noticias\/wp-content\/uploads\/2025\/10\/materia7.jpg 1280w, https:\/\/franciscanos.org.br\/noticias\/wp-content\/uploads\/2025\/10\/materia7-450x253.jpg 450w, https:\/\/franciscanos.org.br\/noticias\/wp-content\/uploads\/2025\/10\/materia7-1024x576.jpg 1024w, https:\/\/franciscanos.org.br\/noticias\/wp-content\/uploads\/2025\/10\/materia7-768x432.jpg 768w, https:\/\/franciscanos.org.br\/noticias\/wp-content\/uploads\/2025\/10\/materia7-150x84.jpg 150w\" sizes=\"(max-width: 1280px) 100vw, 1280px\" \/><\/p>\n<p>Ao final da celebra\u00e7\u00e3o, Frei Felipe fez um convite aos devotos da Virgem da Penha para que participem da Ordena\u00e7\u00e3o Presbiteral no Santu\u00e1rio Divino Esp\u00edrito Santo. Tamb\u00e9m teve parab\u00e9ns para o Frei Gabriel e uma palavra do Frei Augusto, sobre as muitas miss\u00f5es da Prov\u00edncia. \u201cA nossa institui\u00e7\u00e3o, chamada de Prov\u00edncia da Imaculada Concei\u00e7\u00e3o do Brasil, est\u00e1 presente em Santa Catarina, no Paran\u00e1, em S\u00e3o Paulo, no Rio de Janeiro e aqui no Esp\u00edrito Santo. E \u00e9 com alegria que n\u00f3s, aqui estamos, comungamos e partilhamos desta vida, desta voca\u00e7\u00e3o franciscana que nos realiza e cada dia nos desafia a evangelizarmos por meio da nossa vida, por meio do carisma franciscano\u201d, disse Frei Augusto.<\/p>\n\n\t\t<style type=\"text\/css\">\n\t\t\t#gallery-1 {\n\t\t\t\tmargin: auto;\n\t\t\t}\n\t\t\t#gallery-1 .gallery-item {\n\t\t\t\tfloat: left;\n\t\t\t\tmargin-top: 10px;\n\t\t\t\ttext-align: center;\n\t\t\t\twidth: 33%;\n\t\t\t}\n\t\t\t#gallery-1 img {\n\t\t\t\tborder: 2px solid #cfcfcf;\n\t\t\t}\n\t\t\t#gallery-1 .gallery-caption {\n\t\t\t\tmargin-left: 0;\n\t\t\t}\n\t\t\t\/* see gallery_shortcode() in wp-includes\/media.php *\/\n\t\t<\/style>\n\t\t<div id='gallery-1' class='gallery galleryid-260980 gallery-columns-3 gallery-size-thumbnail'><dl class='gallery-item'>\n\t\t\t<dt class='gallery-icon landscape'>\n\t\t\t\t<a href='https:\/\/franciscanos.org.br\/noticias\/wp-content\/uploads\/2025\/10\/Missa-Aniversario-do-Frei-Gabriel-07-10-2025-36-1536x1024-1.jpg'><img width=\"300\" height=\"300\" src=\"https:\/\/franciscanos.org.br\/noticias\/wp-content\/uploads\/2025\/10\/Missa-Aniversario-do-Frei-Gabriel-07-10-2025-36-1536x1024-1-300x300.jpg\" class=\"attachment-thumbnail size-thumbnail\" alt=\"\" loading=\"lazy\" srcset=\"https:\/\/franciscanos.org.br\/noticias\/wp-content\/uploads\/2025\/10\/Missa-Aniversario-do-Frei-Gabriel-07-10-2025-36-1536x1024-1-300x300.jpg 300w, https:\/\/franciscanos.org.br\/noticias\/wp-content\/uploads\/2025\/10\/Missa-Aniversario-do-Frei-Gabriel-07-10-2025-36-1536x1024-1-100x100.jpg 100w\" sizes=\"(max-width: 300px) 100vw, 300px\" \/><\/a>\n\t\t\t<\/dt><\/dl><dl class='gallery-item'>\n\t\t\t<dt class='gallery-icon landscape'>\n\t\t\t\t<a href='https:\/\/franciscanos.org.br\/noticias\/wp-content\/uploads\/2025\/10\/Missa-Aniversario-do-Frei-Gabriel-07-10-2025-29-1536x1024-1.jpg'><img width=\"300\" height=\"300\" src=\"https:\/\/franciscanos.org.br\/noticias\/wp-content\/uploads\/2025\/10\/Missa-Aniversario-do-Frei-Gabriel-07-10-2025-29-1536x1024-1-300x300.jpg\" class=\"attachment-thumbnail size-thumbnail\" alt=\"\" loading=\"lazy\" srcset=\"https:\/\/franciscanos.org.br\/noticias\/wp-content\/uploads\/2025\/10\/Missa-Aniversario-do-Frei-Gabriel-07-10-2025-29-1536x1024-1-300x300.jpg 300w, https:\/\/franciscanos.org.br\/noticias\/wp-content\/uploads\/2025\/10\/Missa-Aniversario-do-Frei-Gabriel-07-10-2025-29-1536x1024-1-100x100.jpg 100w\" sizes=\"(max-width: 300px) 100vw, 300px\" \/><\/a>\n\t\t\t<\/dt><\/dl><dl class='gallery-item'>\n\t\t\t<dt class='gallery-icon landscape'>\n\t\t\t\t<a href='https:\/\/franciscanos.org.br\/noticias\/wp-content\/uploads\/2025\/10\/Missa-Aniversario-do-Frei-Gabriel-07-10-2025-37-1536x1024-1.jpg'><img width=\"300\" height=\"300\" src=\"https:\/\/franciscanos.org.br\/noticias\/wp-content\/uploads\/2025\/10\/Missa-Aniversario-do-Frei-Gabriel-07-10-2025-37-1536x1024-1-300x300.jpg\" class=\"attachment-thumbnail size-thumbnail\" alt=\"\" loading=\"lazy\" srcset=\"https:\/\/franciscanos.org.br\/noticias\/wp-content\/uploads\/2025\/10\/Missa-Aniversario-do-Frei-Gabriel-07-10-2025-37-1536x1024-1-300x300.jpg 300w, https:\/\/franciscanos.org.br\/noticias\/wp-content\/uploads\/2025\/10\/Missa-Aniversario-do-Frei-Gabriel-07-10-2025-37-1536x1024-1-100x100.jpg 100w\" sizes=\"(max-width: 300px) 100vw, 300px\" \/><\/a>\n\t\t\t<\/dt><\/dl><br style=\"clear: both\" \/>\n\t\t<\/div>\n\n<h3><strong>Toda Ter\u00e7a Tem Ter\u00e7o<\/strong><\/h3>\n<p>A noite a tradicional medita\u00e7\u00e3o do ter\u00e7o com os freis pelas redes sociais do Convento contou com a participa\u00e7\u00e3o da Ordem Franciscana Secular (Fraternidade Nossa Senhora da Penha), dos frades provenientes de v\u00e1rias fraternidades da Prov\u00edncia da Imaculada Concei\u00e7\u00e3o e do Frei Felipe Carretta, juntamente com sua fam\u00edlia (sua m\u00e3e K\u00e1tia, sua irm\u00e3, cunhado e sobrinha).<\/p>\n<p><img loading=\"lazy\" class=\"aligncenter wp-image-260988 size-full\" src=\"https:\/\/franciscanos.org.br\/noticias\/wp-content\/uploads\/2025\/10\/materia-8.jpg\" alt=\"\" width=\"1280\" height=\"720\" srcset=\"https:\/\/franciscanos.org.br\/noticias\/wp-content\/uploads\/2025\/10\/materia-8.jpg 1280w, https:\/\/franciscanos.org.br\/noticias\/wp-content\/uploads\/2025\/10\/materia-8-450x253.jpg 450w, https:\/\/franciscanos.org.br\/noticias\/wp-content\/uploads\/2025\/10\/materia-8-1024x576.jpg 1024w, https:\/\/franciscanos.org.br\/noticias\/wp-content\/uploads\/2025\/10\/materia-8-768x432.jpg 768w, https:\/\/franciscanos.org.br\/noticias\/wp-content\/uploads\/2025\/10\/materia-8-150x84.jpg 150w\" sizes=\"(max-width: 1280px) 100vw, 1280px\" \/><\/p>\n<p>O momento de ora\u00e7\u00e3o das noites de ter\u00e7a-feira foi apresentado por Frei Paulo C\u00e9sar Ferreira e Frei Jorge L\u00e1zaro, com cantos do volunt\u00e1rio Jaime Soares e nos intervalos de cada mist\u00e9rio foram citadas as inten\u00e7\u00f5es dos devotos, as preces que os visitantes apresentaram e tamb\u00e9m a inten\u00e7\u00e3o principal: pela Ordena\u00e7\u00e3o do Frei Felipe.<\/p>\n<p>Rezar o Ter\u00e7o \u00e9 uma das mais singelas formas de chegar ao cora\u00e7\u00e3o de Deus. Por meio da repeti\u00e7\u00e3o das Ave Marias, os fi\u00e9is elevam a prece sincera que brota do cora\u00e7\u00e3o. N\u00e3o \u00e9 apenas uma ora\u00e7\u00e3o repetitiva, pelo contr\u00e1rio, ela faz seus devotos meditarem desde o An\u00fancio do Anjo a Maria at\u00e9 ressurrei\u00e7\u00e3o de Jesus. Como lembra o santo que primeiro chamou a fam\u00edlia de \u201cIgreja Dom\u00e9stica\u201d, S\u00e3o Jo\u00e3o Paulo II, \u201co ros\u00e1rio nos acompanha nos momentos de alegria e nas prova\u00e7\u00f5es. A ele confiei (confiemos) tantas preocupa\u00e7\u00f5es; nele encontrei (encontremos) sempre conforto\u201d.<\/p>\n\n\t\t<style type=\"text\/css\">\n\t\t\t#gallery-2 {\n\t\t\t\tmargin: auto;\n\t\t\t}\n\t\t\t#gallery-2 .gallery-item {\n\t\t\t\tfloat: left;\n\t\t\t\tmargin-top: 10px;\n\t\t\t\ttext-align: center;\n\t\t\t\twidth: 33%;\n\t\t\t}\n\t\t\t#gallery-2 img {\n\t\t\t\tborder: 2px solid #cfcfcf;\n\t\t\t}\n\t\t\t#gallery-2 .gallery-caption {\n\t\t\t\tmargin-left: 0;\n\t\t\t}\n\t\t\t\/* see gallery_shortcode() in wp-includes\/media.php *\/\n\t\t<\/style>\n\t\t<div id='gallery-2' class='gallery galleryid-260980 gallery-columns-3 gallery-size-thumbnail'><dl class='gallery-item'>\n\t\t\t<dt class='gallery-icon landscape'>\n\t\t\t\t<a href='https:\/\/franciscanos.org.br\/noticias\/wp-content\/uploads\/2025\/10\/Terco-com-os-Freis-Semana-Vocacional-Frei-Felipe-Carretta-07-10-2-6.jpg'><img width=\"300\" height=\"300\" src=\"https:\/\/franciscanos.org.br\/noticias\/wp-content\/uploads\/2025\/10\/Terco-com-os-Freis-Semana-Vocacional-Frei-Felipe-Carretta-07-10-2-6-300x300.jpg\" class=\"attachment-thumbnail size-thumbnail\" alt=\"\" loading=\"lazy\" srcset=\"https:\/\/franciscanos.org.br\/noticias\/wp-content\/uploads\/2025\/10\/Terco-com-os-Freis-Semana-Vocacional-Frei-Felipe-Carretta-07-10-2-6-300x300.jpg 300w, https:\/\/franciscanos.org.br\/noticias\/wp-content\/uploads\/2025\/10\/Terco-com-os-Freis-Semana-Vocacional-Frei-Felipe-Carretta-07-10-2-6-100x100.jpg 100w\" sizes=\"(max-width: 300px) 100vw, 300px\" \/><\/a>\n\t\t\t<\/dt><\/dl><dl class='gallery-item'>\n\t\t\t<dt class='gallery-icon landscape'>\n\t\t\t\t<a href='https:\/\/franciscanos.org.br\/noticias\/wp-content\/uploads\/2025\/10\/Terco-com-os-Freis-Semana-Vocacional-Frei-Felipe-Carretta-07-10-2-7.jpg'><img width=\"300\" height=\"300\" src=\"https:\/\/franciscanos.org.br\/noticias\/wp-content\/uploads\/2025\/10\/Terco-com-os-Freis-Semana-Vocacional-Frei-Felipe-Carretta-07-10-2-7-300x300.jpg\" class=\"attachment-thumbnail size-thumbnail\" alt=\"\" loading=\"lazy\" srcset=\"https:\/\/franciscanos.org.br\/noticias\/wp-content\/uploads\/2025\/10\/Terco-com-os-Freis-Semana-Vocacional-Frei-Felipe-Carretta-07-10-2-7-300x300.jpg 300w, https:\/\/franciscanos.org.br\/noticias\/wp-content\/uploads\/2025\/10\/Terco-com-os-Freis-Semana-Vocacional-Frei-Felipe-Carretta-07-10-2-7-100x100.jpg 100w\" sizes=\"(max-width: 300px) 100vw, 300px\" \/><\/a>\n\t\t\t<\/dt><\/dl><dl class='gallery-item'>\n\t\t\t<dt class='gallery-icon landscape'>\n\t\t\t\t<a href='https:\/\/franciscanos.org.br\/noticias\/wp-content\/uploads\/2025\/10\/Terco-com-os-Freis-Semana-Vocacional-Frei-Felipe-Carretta-07-10-2025-14-1536x1024-1.jpg'><img width=\"300\" height=\"300\" src=\"https:\/\/franciscanos.org.br\/noticias\/wp-content\/uploads\/2025\/10\/Terco-com-os-Freis-Semana-Vocacional-Frei-Felipe-Carretta-07-10-2025-14-1536x1024-1-300x300.jpg\" class=\"attachment-thumbnail size-thumbnail\" alt=\"\" loading=\"lazy\" srcset=\"https:\/\/franciscanos.org.br\/noticias\/wp-content\/uploads\/2025\/10\/Terco-com-os-Freis-Semana-Vocacional-Frei-Felipe-Carretta-07-10-2025-14-1536x1024-1-300x300.jpg 300w, https:\/\/franciscanos.org.br\/noticias\/wp-content\/uploads\/2025\/10\/Terco-com-os-Freis-Semana-Vocacional-Frei-Felipe-Carretta-07-10-2025-14-1536x1024-1-100x100.jpg 100w\" sizes=\"(max-width: 300px) 100vw, 300px\" \/><\/a>\n\t\t\t<\/dt><\/dl><br style=\"clear: both\" \/>\n\t\t<\/div>\n\n<p>Ao final da ora\u00e7\u00e3o do ter\u00e7o, Frei Gabriel conduziu uma entrevista para conhecer mais sobre a vida de Frei Felipe, sua caminhada vocacional e sua vida familiar. Leia abaixo:<\/p>\n<p><strong>Frei Gabriel \u2013<\/strong> \u00a0\u201cFrei Filipe, voc\u00ea \u00e9 da par\u00f3quia Nossa Senhora do Ros\u00e1rio, mas tem uma grande devo\u00e7\u00e3o \u00e0 Nossa Senhora da Penha, e voc\u00ea mora na par\u00f3quia Nossa Senhora da Boa Viagem, mas vai ser ordenado no dia de Nossa Senhora Aparecida. Quatro t\u00edtulos marianos comprovam a sua devo\u00e7\u00e3o \u00e0 Maria, e n\u00e3o \u00e9 coincid\u00eancia, com certeza \u00e9 intercess\u00e3o de Nossa Senhora. Queremos ouvir de voc\u00ea como que \u00e9 para voc\u00ea essa experi\u00eancia de poder contar com a intercess\u00e3o da Virgem Maria, com essa proximidade com o Convento da Penha?<\/p>\n<p><strong>Frei Felipe \u2013<\/strong> \u00a0\u201cPaz e Bem! \u00c9 uma alegria estar hoje aqui iniciando os preparativos, iniciando a semana mission\u00e1ria para a ordena\u00e7\u00e3o presbiteral. A ordena\u00e7\u00e3o n\u00e3o \u00e9 minha, mas a ordena\u00e7\u00e3o \u00e9 da Igreja, da nossa prov\u00edncia. Eu me coloco na disposi\u00e7\u00e3o de melhor servir a nossa prov\u00edncia, a nossa igreja, e tamb\u00e9m para bem servir, e melhor servir o nosso povo de Deus. Eu acredito que a presen\u00e7a de Maria, de Nossa Senhora, ela \u00e9 fundamental nesta minha hist\u00f3ria de vida, e neste meu servir. Eu espelho este meu servir no sim que Maria deu. O Evangelho de hoje j\u00e1 nos diz sobre este \u2018sim\u2019 que Maria deu, gratuito, alegre, de servir, de servir a Deus. E \u00e9 nesta disposi\u00e7\u00e3o e disponibilidade deste sim de Maria que eu tamb\u00e9m me coloco. Eu sou natural aqui de Vila Velha, da par\u00f3quia Nossa Senhora do Ros\u00e1rio, uma par\u00f3quia que \u00e9 atendida pelos frades da nossa prov\u00edncia.<\/p>\n<p>Ent\u00e3o, a presen\u00e7a dos frades tamb\u00e9m sempre foi muito forte na minha vida e na minha hist\u00f3ria, na minha forma\u00e7\u00e3o eclesial. N\u00f3s podemos destacar alguns nomes. O Frei Aur\u00e9lio Stulzer, que eu n\u00e3o conheci em vida, mas sempre escutei o grande trabalho que ele realizou aqui em Vila Velha e tamb\u00e9m na nossa par\u00f3quia. O Frei Ladir Antoniazzi, uma grande refer\u00eancia do frade, que foi para mim tamb\u00e9m. O Frei Clar\u00eancio Neotti, o Frei Paulo Roberto Pereira, o nosso provincial; o Frei Florival, grandes frades que me animaram e mostraram que \u00e9 poss\u00edvel seguir o Evangelho na fraternidade, ao modo de S\u00e3o Francisco de Assis. Ent\u00e3o, tendo essas bases, essas boas influ\u00eancias, se assim eu posso dizer, eu decidi, primeiro, ser frade menor, ser irm\u00e3o e depois assumir com disponibilidade a causa do reino sendo presb\u00edtero\u201d.<\/p>\n<p><strong>Frei Gabriel <\/strong><strong>\u2013<\/strong><strong>\u00a0<\/strong> \u201cQuando voc\u00ea lembrou o Evangelho de hoje, n\u00f3s vimos que o \u2018sim\u2019 de Maria n\u00e3o foi dado no in\u00edcio j\u00e1 da conversa com o anjo Gabriel, mas ela fez perguntas. Acredito que todo chamado, uma pessoa que tem consci\u00eancia da grandeza do chamado que recebe, ele desperta antes, talvez, de um sim perguntas. Eu gostaria que voc\u00ea falasse desse seu momento de discernimento vocacional. Como \u00e9 que voc\u00ea percebeu, quis dar esse passo, voc\u00ea tinha d\u00favidas e depois voc\u00ea esclareceu, voc\u00ea entrou com todas as certezas, como que foi para voc\u00ea esse momento, desse passo e que, com certeza, foi envolto tamb\u00e9m dessa intercess\u00e3o de Nossa Senhora\u201d.<\/p>\n<p><strong>Frei Felipe <\/strong><strong>\u2013<\/strong> \u201cEnt\u00e3o, o ano era 2012, mas antes, em 2011, o Frei Paulo j\u00e1 havia feito convite para entrar no processo formativo da prov\u00edncia e a resposta foi um n\u00e3o, n\u00e3o \u00e9? Foi um n\u00e3o! Mas a pergunta, o convite, ficou martelando na nossa cabe\u00e7a. Ent\u00e3o, depois, teve uma ordena\u00e7\u00e3o presbiteral do Frei Vanderley Grassi, no ano de 2012, e ali, sim, eu pude perceber o chamado de Deus n\u00e3o \u00e9 isso que eu quero, \u00e9 isso que eu procuro, \u00e9 isso que eu vou fazer de todo o cora\u00e7\u00e3o, parafraseando S\u00e3o Francisco de Assis, n\u00e3o \u00e9? Ent\u00e3o, foi nesse meio, nesse momento da ordena\u00e7\u00e3o, em que eu percebi claramente, n\u00e3o, o Senhor est\u00e1 me chamando, eu preciso dar uma resposta. E ali, sim, eu dei a minha resposta. Mas as d\u00favidas, elas sempre, sempre foram presentes. A gente nunca tem certeza absoluta de nada.<\/p>\n<p>Mas, \u00e0 medida que n\u00f3s vamos caminhando, n\u00f3s vamos entendendo os mist\u00e9rios de Deus na nossa vida, o modo como Ele age em nossa vida, Ele vai nos chamando, a\u00ed n\u00f3s vamos tendo um pouco mais de clareza e vamos percebendo que \u00e9 isso mesmo que o Senhor quer para a minha vida.<\/p>\n<p><strong>Frei Gabriel <\/strong><strong>\u2013<\/strong> Estamos aqui com uma fraternidade ampla de frades que vieram para a sua ordena\u00e7\u00e3o. A Ordem Franciscana Secular tamb\u00e9m se fez presente nesse momento devocional. E eu sei que na nossa proximidade, voc\u00ea sempre se dedicou muito aos estudos dessa devo\u00e7\u00e3o \u00e0 Nossa Senhora da Penha, especialmente da festa. E tem uma figura que eu acho que \u00e9 importante tamb\u00e9m ser lembrado e eu gostaria que voc\u00ea dissesse o que que essa figura traz para voc\u00ea, que \u00e9 do Frei Pedro Pal\u00e1cios, o grande idealizador do nosso Convento da Penha, um homem sonhador que trouxe de baixo do bra\u00e7o o desejo de viver uma festa para Nossa Senhora das Alegrias, construir para ela um convento. E depois que ele resolveu tudo isso partiu para o c\u00e9u. Eu queria que voc\u00ea deixasse assim, o que que essa figura do Frei Pedro Pal\u00e1cios e essa hist\u00f3ria franciscana que acontece aqui no solo do Capixaba falam para voc\u00ea?<\/p>\n<p><strong>Frei Felipe <\/strong><strong>\u2013 \u201c<\/strong>Frei Pedro Pal\u00e1cios \u00e9 esse exemplo de servi\u00e7o. Se n\u00f3s pegarmos a hist\u00f3ria, n\u00e3o tem muito escrito sobre ele, mas o que se tem escrito n\u00f3s podemos observar esse grande desejo de servir o pr\u00f3ximo. Pedro Pal\u00e1cios n\u00e3o foi um frade presb\u00edtero dos minist\u00e9rios ordenados, mas ele foi um grande evangelizador. Ele tinha essa gana de evangelizar e ajudar o outro. Antes de vir para o Esp\u00edrito Santo, Pedro Pal\u00e1cios cuidava de um hospital na arr\u00e1bida de Portugal e sempre os relatos que se tem \u00e9 que eles estavam com os mais doentes, aqueles que n\u00e3o tinham mais quase chances de se curar. Ent\u00e3o ele queria estar neste meio.<\/p>\n<p>E para mim tamb\u00e9m, eu trago como exemplo, como inspira\u00e7\u00e3o ser como o Pedro Pal\u00e1cios, estar pr\u00f3ximo daqueles que mais precisam. E depois que ele vem para o Brasil, aquela gana de evangelizar e de salvar almas que havia no Novo Mundo, o Brasil, ent\u00e3o ele vem e traz consigo este painel de Nossa Senhora, uma grande devo\u00e7\u00e3o pessoal dele e tamb\u00e9m da nossa ordem franciscana, contemplar as alegrias de Nossa Senhora. Ent\u00e3o, aqui estamos no Convento da Penha, dedicado \u00e0 M\u00e3e das Alegrias, que ele trouxe seu painel e radiou toda essa hist\u00f3ria franciscana e que tem grandes legados. \u00c9 imposs\u00edvel um capixaba n\u00e3o se emocionar, n\u00e3o ficar alegre quando diz, vamos \u00e0 Penha, n\u00e3o \u00e9? Vamos rezar \u00e0 Penha, vamos subir \u00e0 Penha Sagrada. E eu tamb\u00e9m trago esse desejo comigo, essa inspira\u00e7\u00e3o. Ah, vamos \u00e0 Penha. Isso traz n\u00e3o s\u00f3 palavra, mas traz sentimento, traz amor, traz afeto. \u2018N\u00f3s vamos \u00e0 Penha, n\u00f3s estamos na Penha\u2019. Ent\u00e3o isso tamb\u00e9m, muito me encanta e isso tamb\u00e9m me inspira e me inspirou a fazer o meu trabalho de conclus\u00e3o de curso sobre esta festa, sobre esta devo\u00e7\u00e3o, sobre este sentimento que brota no cora\u00e7\u00e3o de todo o capixaba quando fala, Festa da Penha, \u2018vamos \u00e0 Penha\u2019, vamos \u00e0 casa da M\u00e3e das Alegrias\u201d.<\/p>\n<p><strong>Frei Gabriel <\/strong><strong>\u2013<\/strong> E \u2018completar a obra come\u00e7ada\u2019, essa \u00e9 a inspira\u00e7\u00e3o que voc\u00ea tem procurado viver nesse momento da sua ordena\u00e7\u00e3o presbiteral. Como \u00e9 que voc\u00ea se preparou para esse momento? Qual \u00e9 o sentimento que traz, que vem \u00e0 mente agora nesse per\u00edodo em que voc\u00ea se prepara para que essa obra continue agora com esse minist\u00e9rio?<\/p>\n<p><strong>Frei Felipe <\/strong><strong>\u2013 \u201c<\/strong>Este vers\u00edculo do Salmo 137 ele me diz muito, ele me acompanha muito tempo na minha caminhada formativa, religiosa. Ent\u00e3o me coloco na dimens\u00e3o, na humildade de que eu n\u00e3o me basto, eu n\u00e3o consigo completar a obra, mas sim \u00e9 o Senhor que completa a obra em mim e completa em cada um de n\u00f3s. No convite de ordena\u00e7\u00e3o n\u00f3s escolhemos um retrato, um quadro da Estigmatiza\u00e7\u00e3o de S\u00e3o Francisco. S\u00e3o Francisco est\u00e1 diante do crucificado sendo estigmatizado. Ali eu encontrei um pouco na arte o que quer dizer completar a obra. Francisco olhando para o Senhor, ele se coloca nesse dinamismo da humildade. \u00c9 o Senhor que agora completa a obra, n\u00e3o \u00e9? Francisco doou-se at\u00e9 aquele momento e agora \u00e9 o Senhor que completa, o Senhor que realiza a obra. Ent\u00e3o nesse sentido tamb\u00e9m eu me preparo para a minha ordena\u00e7\u00e3o\u201d.<\/p>\n<p><strong>Frei Gabriel <\/strong><strong>\u2013<\/strong> \u201cPara lembrar a programa\u00e7\u00e3o dessa semana, n\u00f3s vamos ter ent\u00e3o o in\u00edcio desse momento do Ter\u00e7o Vocacional o in\u00edcio do Tr\u00edduo. Ent\u00e3o nos pr\u00f3ximos tr\u00eas dias algumas comunidades da par\u00f3quia Nossa Senhora do Ros\u00e1rio ser\u00e3o visitadas pelos frades mission\u00e1rios fazendo especialmente a visita nas casas e depois \u00e0 noite a celebra\u00e7\u00e3o do Tr\u00edduo.<\/p>\n<p>Nesta quarta-feira, 8 de setembro, o <strong>primeiro<\/strong> dia, \u00e0s 19 horas, o nosso Tr\u00edduo Vocacional vai refletir sobre a nossa voca\u00e7\u00e3o batismal lembrando tamb\u00e9m desta voca\u00e7\u00e3o do Frei Filipe que abra\u00e7a o batismo como a sua voca\u00e7\u00e3o e que depois se desenvolve nesse Minist\u00e9rio Presbiteral e tamb\u00e9m na sua voca\u00e7\u00e3o religiosa. Ent\u00e3o amanh\u00e3 na comunidade Jesus Ressuscitado, a famosa comunidade da pedra, n\u00f3s iremos l\u00e1 para petrificar a nossa f\u00e9, firmar a nossa f\u00e9 nessa certeza de como batizados queremos ser mission\u00e1rios do Senhor.<\/p>\n<p>O <strong>segundo dia do Tr\u00edduo<\/strong> ser\u00e1 na comunidade Santa Clara, tamb\u00e9m \u00e0s 19 horas, refletindo sobre a voca\u00e7\u00e3o franciscana de Frei Filipe. No <strong>terceiro dia<\/strong>, vamos refletir sobre a voca\u00e7\u00e3o presbiteral na Igreja Matriz Nossa Senhora do Ros\u00e1rio, na Prainha, bem perto do Convento da Penha. Voc\u00ea pode participar dessas celebra\u00e7\u00f5es, rezar conosco viver esse momento de f\u00e9.<\/p>\n<p><strong>Frei Felipe <\/strong><strong>\u2013<\/strong> Convido a todos a participarem comigo da minha ordena\u00e7\u00e3o presbiteral que vai ser no Santu\u00e1rio do Divino Esp\u00edrito Santo, a minha comunidade de origem, onde l\u00e1 comecei toda a minha, e tive toda a minha forma\u00e7\u00e3o eclesial e ali serei ordenado presb\u00edtero pela imposi\u00e7\u00e3o de m\u00e3os do nosso Bispo Auxiliar Dom Anderson Franklin, \u00e0s 18 horas, s\u00e1bado dia 11. E assim a primeira Missa tamb\u00e9m ali no Santu\u00e1rio, no dia 12, \u00e0s 11 horas. A outra Missa n\u00e3o poderia ser em outro lugar, sen\u00e3o aqui no Altar da Penha, no pr\u00f3ximo dia 13, segunda-feira, \u00e0s 15 horas, no Convento.<\/p>\n\n\t\t<style type=\"text\/css\">\n\t\t\t#gallery-3 {\n\t\t\t\tmargin: auto;\n\t\t\t}\n\t\t\t#gallery-3 .gallery-item {\n\t\t\t\tfloat: left;\n\t\t\t\tmargin-top: 10px;\n\t\t\t\ttext-align: center;\n\t\t\t\twidth: 33%;\n\t\t\t}\n\t\t\t#gallery-3 img {\n\t\t\t\tborder: 2px solid #cfcfcf;\n\t\t\t}\n\t\t\t#gallery-3 .gallery-caption {\n\t\t\t\tmargin-left: 0;\n\t\t\t}\n\t\t\t\/* see gallery_shortcode() in wp-includes\/media.php *\/\n\t\t<\/style>\n\t\t<div id='gallery-3' class='gallery galleryid-260980 gallery-columns-3 gallery-size-thumbnail'><dl class='gallery-item'>\n\t\t\t<dt class='gallery-icon landscape'>\n\t\t\t\t<a href='https:\/\/franciscanos.org.br\/noticias\/wp-content\/uploads\/2025\/10\/Terco-com-os-Freis-Semana-Vocacional-Frei-Felipe-Carretta-07-10-2-2.jpg'><img width=\"300\" height=\"300\" src=\"https:\/\/franciscanos.org.br\/noticias\/wp-content\/uploads\/2025\/10\/Terco-com-os-Freis-Semana-Vocacional-Frei-Felipe-Carretta-07-10-2-2-300x300.jpg\" class=\"attachment-thumbnail size-thumbnail\" alt=\"\" loading=\"lazy\" srcset=\"https:\/\/franciscanos.org.br\/noticias\/wp-content\/uploads\/2025\/10\/Terco-com-os-Freis-Semana-Vocacional-Frei-Felipe-Carretta-07-10-2-2-300x300.jpg 300w, https:\/\/franciscanos.org.br\/noticias\/wp-content\/uploads\/2025\/10\/Terco-com-os-Freis-Semana-Vocacional-Frei-Felipe-Carretta-07-10-2-2-100x100.jpg 100w\" sizes=\"(max-width: 300px) 100vw, 300px\" \/><\/a>\n\t\t\t<\/dt><\/dl><dl class='gallery-item'>\n\t\t\t<dt class='gallery-icon landscape'>\n\t\t\t\t<a href='https:\/\/franciscanos.org.br\/noticias\/wp-content\/uploads\/2025\/10\/Terco-com-os-Freis-Semana-Vocacional-Frei-Felipe-Carretta-07-10-2-1.jpg'><img width=\"300\" height=\"300\" src=\"https:\/\/franciscanos.org.br\/noticias\/wp-content\/uploads\/2025\/10\/Terco-com-os-Freis-Semana-Vocacional-Frei-Felipe-Carretta-07-10-2-1-300x300.jpg\" class=\"attachment-thumbnail size-thumbnail\" alt=\"\" loading=\"lazy\" srcset=\"https:\/\/franciscanos.org.br\/noticias\/wp-content\/uploads\/2025\/10\/Terco-com-os-Freis-Semana-Vocacional-Frei-Felipe-Carretta-07-10-2-1-300x300.jpg 300w, https:\/\/franciscanos.org.br\/noticias\/wp-content\/uploads\/2025\/10\/Terco-com-os-Freis-Semana-Vocacional-Frei-Felipe-Carretta-07-10-2-1-100x100.jpg 100w\" sizes=\"(max-width: 300px) 100vw, 300px\" \/><\/a>\n\t\t\t<\/dt><\/dl><dl class='gallery-item'>\n\t\t\t<dt class='gallery-icon landscape'>\n\t\t\t\t<a href='https:\/\/franciscanos.org.br\/noticias\/wp-content\/uploads\/2025\/10\/Terco-com-os-Freis-Semana-Vocacional-Frei-Felipe-Carretta-07-10-2-3.jpg'><img width=\"300\" height=\"300\" src=\"https:\/\/franciscanos.org.br\/noticias\/wp-content\/uploads\/2025\/10\/Terco-com-os-Freis-Semana-Vocacional-Frei-Felipe-Carretta-07-10-2-3-300x300.jpg\" class=\"attachment-thumbnail size-thumbnail\" alt=\"\" loading=\"lazy\" srcset=\"https:\/\/franciscanos.org.br\/noticias\/wp-content\/uploads\/2025\/10\/Terco-com-os-Freis-Semana-Vocacional-Frei-Felipe-Carretta-07-10-2-3-300x300.jpg 300w, https:\/\/franciscanos.org.br\/noticias\/wp-content\/uploads\/2025\/10\/Terco-com-os-Freis-Semana-Vocacional-Frei-Felipe-Carretta-07-10-2-3-100x100.jpg 100w\" sizes=\"(max-width: 300px) 100vw, 300px\" \/><\/a>\n\t\t\t<\/dt><\/dl><br style=\"clear: both\" \/>\n\t\t<\/div>\n\n<hr \/>\n<p><em>Fotos e texto: Cristian Oliveira (ASCOM)<\/em><\/p>\n","protected":false},"excerpt":{"rendered":"<p>Semana Mission\u00e1ria e Tr\u00edduo Preparat\u00f3rio<\/p>\n","protected":false},"author":11,"featured_media":260999,"comment_status":"open","ping_status":"open","sticky":false,"template":"","format":"standard","meta":[],"categories":[1],"tags":[248,2431,2430],"acf":[],"yoast_head":"<!-- This site is optimized with the Yoast SEO plugin v19.2 - https:\/\/yoast.com\/wordpress\/plugins\/seo\/ -->\n<title>Come\u00e7a a Semana Mission\u00e1ria em prepara\u00e7\u00e3o para a Ordena\u00e7\u00e3o Presbiteral do Frei Felipe Carretta - Not\u00edcias - Franciscanos<\/title>\n<meta name=\"robots\" content=\"index, follow, max-snippet:-1, max-image-preview:large, max-video-preview:-1\" \/>\n<link rel=\"canonical\" href=\"https:\/\/franciscanos.org.br\/noticias\/260980.html\" \/>\n<meta property=\"og:locale\" content=\"pt_BR\" \/>\n<meta property=\"og:type\" content=\"article\" \/>\n<meta property=\"og:title\" content=\"Come\u00e7a a Semana Mission\u00e1ria em prepara\u00e7\u00e3o para a Ordena\u00e7\u00e3o Presbiteral do Frei Felipe Carretta - Not\u00edcias - Franciscanos\" \/>\n<meta property=\"og:description\" content=\"Semana Mission\u00e1ria e Tr\u00edduo Preparat\u00f3rio\" \/>\n<meta property=\"og:url\" content=\"https:\/\/franciscanos.org.br\/noticias\/260980.html\" \/>\n<meta property=\"og:site_name\" content=\"Not\u00edcias - Franciscanos\" \/>\n<meta property=\"article:published_time\" content=\"2025-10-08T13:59:08+00:00\" \/>\n<meta property=\"article:modified_time\" content=\"2025-10-08T14:11:43+00:00\" \/>\n<meta property=\"og:image\" content=\"https:\/\/franciscanos.org.br\/noticias\/wp-content\/uploads\/2025\/10\/chamada-18.jpg\" \/>\n\t<meta property=\"og:image:width\" content=\"800\" \/>\n\t<meta property=\"og:image:height\" content=\"550\" \/>\n\t<meta property=\"og:image:type\" content=\"image\/jpeg\" \/>\n<meta name=\"author\" content=\"Adriana Rabelo\" \/>\n<meta name=\"twitter:card\" content=\"summary_large_image\" \/>\n<meta name=\"twitter:label1\" content=\"Escrito por\" \/>\n\t<meta name=\"twitter:data1\" content=\"Adriana Rabelo\" \/>\n\t<meta name=\"twitter:label2\" content=\"Est. tempo de leitura\" \/>\n\t<meta name=\"twitter:data2\" content=\"15 minutos\" \/>\n<script type=\"application\/ld+json\" class=\"yoast-schema-graph\">{\"@context\":\"https:\/\/schema.org\",\"@graph\":[{\"@type\":\"WebSite\",\"@id\":\"https:\/\/franciscanos.org.br\/noticias\/#website\",\"url\":\"https:\/\/franciscanos.org.br\/noticias\/\",\"name\":\"Not\u00edcias - Franciscanos\",\"description\":\"Prov\u00edncia Franciscana da Imaculada Concei\u00e7\u00e3o do Brasil - Ordem dos Frades Menores - OFM\",\"potentialAction\":[{\"@type\":\"SearchAction\",\"target\":{\"@type\":\"EntryPoint\",\"urlTemplate\":\"https:\/\/franciscanos.org.br\/noticias\/?s={search_term_string}\"},\"query-input\":\"required name=search_term_string\"}],\"inLanguage\":\"pt-BR\"},{\"@type\":\"ImageObject\",\"inLanguage\":\"pt-BR\",\"@id\":\"https:\/\/franciscanos.org.br\/noticias\/260980.html#primaryimage\",\"url\":\"https:\/\/franciscanos.org.br\/noticias\/wp-content\/uploads\/2025\/10\/chamada-18.jpg\",\"contentUrl\":\"https:\/\/franciscanos.org.br\/noticias\/wp-content\/uploads\/2025\/10\/chamada-18.jpg\",\"width\":800,\"height\":550},{\"@type\":\"WebPage\",\"@id\":\"https:\/\/franciscanos.org.br\/noticias\/260980.html#webpage\",\"url\":\"https:\/\/franciscanos.org.br\/noticias\/260980.html\",\"name\":\"Come\u00e7a a Semana Mission\u00e1ria em prepara\u00e7\u00e3o para a Ordena\u00e7\u00e3o Presbiteral do Frei Felipe Carretta - Not\u00edcias - Franciscanos\",\"isPartOf\":{\"@id\":\"https:\/\/franciscanos.org.br\/noticias\/#website\"},\"primaryImageOfPage\":{\"@id\":\"https:\/\/franciscanos.org.br\/noticias\/260980.html#primaryimage\"},\"datePublished\":\"2025-10-08T13:59:08+00:00\",\"dateModified\":\"2025-10-08T14:11:43+00:00\",\"author\":{\"@id\":\"https:\/\/franciscanos.org.br\/noticias\/#\/schema\/person\/d9422e83121c3ad3b0f423d195f5bb25\"},\"breadcrumb\":{\"@id\":\"https:\/\/franciscanos.org.br\/noticias\/260980.html#breadcrumb\"},\"inLanguage\":\"pt-BR\",\"potentialAction\":[{\"@type\":\"ReadAction\",\"target\":[\"https:\/\/franciscanos.org.br\/noticias\/260980.html\"]}]},{\"@type\":\"BreadcrumbList\",\"@id\":\"https:\/\/franciscanos.org.br\/noticias\/260980.html#breadcrumb\",\"itemListElement\":[{\"@type\":\"ListItem\",\"position\":1,\"name\":\"Home\",\"item\":\"https:\/\/franciscanos.org.br\/noticias\"},{\"@type\":\"ListItem\",\"position\":2,\"name\":\"Come\u00e7a a Semana Mission\u00e1ria em prepara\u00e7\u00e3o para a Ordena\u00e7\u00e3o Presbiteral do Frei Felipe Carretta\"}]},{\"@type\":\"Person\",\"@id\":\"https:\/\/franciscanos.org.br\/noticias\/#\/schema\/person\/d9422e83121c3ad3b0f423d195f5bb25\",\"name\":\"Adriana Rabelo\",\"image\":{\"@type\":\"ImageObject\",\"inLanguage\":\"pt-BR\",\"@id\":\"https:\/\/franciscanos.org.br\/noticias\/#\/schema\/person\/image\/\",\"url\":\"https:\/\/secure.gravatar.com\/avatar\/0a937b7500cd7df77540cfb8bede877d?s=96&d=mm&r=g\",\"contentUrl\":\"https:\/\/secure.gravatar.com\/avatar\/0a937b7500cd7df77540cfb8bede877d?s=96&d=mm&r=g\",\"caption\":\"Adriana Rabelo\"},\"url\":\"https:\/\/franciscanos.org.br\/noticias\/author\/adrianarabelo\"}]}<\/script>\n<!-- \/ Yoast SEO plugin. -->","yoast_head_json":{"title":"Come\u00e7a a Semana Mission\u00e1ria em prepara\u00e7\u00e3o para a Ordena\u00e7\u00e3o Presbiteral do Frei Felipe Carretta - Not\u00edcias - Franciscanos","robots":{"index":"index","follow":"follow","max-snippet":"max-snippet:-1","max-image-preview":"max-image-preview:large","max-video-preview":"max-video-preview:-1"},"canonical":"https:\/\/franciscanos.org.br\/noticias\/260980.html","og_locale":"pt_BR","og_type":"article","og_title":"Come\u00e7a a Semana Mission\u00e1ria em prepara\u00e7\u00e3o para a Ordena\u00e7\u00e3o Presbiteral do Frei Felipe Carretta - Not\u00edcias - Franciscanos","og_description":"Semana Mission\u00e1ria e Tr\u00edduo Preparat\u00f3rio","og_url":"https:\/\/franciscanos.org.br\/noticias\/260980.html","og_site_name":"Not\u00edcias - Franciscanos","article_published_time":"2025-10-08T13:59:08+00:00","article_modified_time":"2025-10-08T14:11:43+00:00","og_image":[{"width":800,"height":550,"url":"https:\/\/franciscanos.org.br\/noticias\/wp-content\/uploads\/2025\/10\/chamada-18.jpg","type":"image\/jpeg"}],"author":"Adriana Rabelo","twitter_card":"summary_large_image","twitter_misc":{"Escrito por":"Adriana Rabelo","Est. tempo de leitura":"15 minutos"},"schema":{"@context":"https:\/\/schema.org","@graph":[{"@type":"WebSite","@id":"https:\/\/franciscanos.org.br\/noticias\/#website","url":"https:\/\/franciscanos.org.br\/noticias\/","name":"Not\u00edcias - Franciscanos","description":"Prov\u00edncia Franciscana da Imaculada Concei\u00e7\u00e3o do Brasil - Ordem dos Frades Menores - OFM","potentialAction":[{"@type":"SearchAction","target":{"@type":"EntryPoint","urlTemplate":"https:\/\/franciscanos.org.br\/noticias\/?s={search_term_string}"},"query-input":"required name=search_term_string"}],"inLanguage":"pt-BR"},{"@type":"ImageObject","inLanguage":"pt-BR","@id":"https:\/\/franciscanos.org.br\/noticias\/260980.html#primaryimage","url":"https:\/\/franciscanos.org.br\/noticias\/wp-content\/uploads\/2025\/10\/chamada-18.jpg","contentUrl":"https:\/\/franciscanos.org.br\/noticias\/wp-content\/uploads\/2025\/10\/chamada-18.jpg","width":800,"height":550},{"@type":"WebPage","@id":"https:\/\/franciscanos.org.br\/noticias\/260980.html#webpage","url":"https:\/\/franciscanos.org.br\/noticias\/260980.html","name":"Come\u00e7a a Semana Mission\u00e1ria em prepara\u00e7\u00e3o para a Ordena\u00e7\u00e3o Presbiteral do Frei Felipe Carretta - Not\u00edcias - Franciscanos","isPartOf":{"@id":"https:\/\/franciscanos.org.br\/noticias\/#website"},"primaryImageOfPage":{"@id":"https:\/\/franciscanos.org.br\/noticias\/260980.html#primaryimage"},"datePublished":"2025-10-08T13:59:08+00:00","dateModified":"2025-10-08T14:11:43+00:00","author":{"@id":"https:\/\/franciscanos.org.br\/noticias\/#\/schema\/person\/d9422e83121c3ad3b0f423d195f5bb25"},"breadcrumb":{"@id":"https:\/\/franciscanos.org.br\/noticias\/260980.html#breadcrumb"},"inLanguage":"pt-BR","potentialAction":[{"@type":"ReadAction","target":["https:\/\/franciscanos.org.br\/noticias\/260980.html"]}]},{"@type":"BreadcrumbList","@id":"https:\/\/franciscanos.org.br\/noticias\/260980.html#breadcrumb","itemListElement":[{"@type":"ListItem","position":1,"name":"Home","item":"https:\/\/franciscanos.org.br\/noticias"},{"@type":"ListItem","position":2,"name":"Come\u00e7a a Semana Mission\u00e1ria em prepara\u00e7\u00e3o para a Ordena\u00e7\u00e3o Presbiteral do Frei Felipe Carretta"}]},{"@type":"Person","@id":"https:\/\/franciscanos.org.br\/noticias\/#\/schema\/person\/d9422e83121c3ad3b0f423d195f5bb25","name":"Adriana Rabelo","image":{"@type":"ImageObject","inLanguage":"pt-BR","@id":"https:\/\/franciscanos.org.br\/noticias\/#\/schema\/person\/image\/","url":"https:\/\/secure.gravatar.com\/avatar\/0a937b7500cd7df77540cfb8bede877d?s=96&d=mm&r=g","contentUrl":"https:\/\/secure.gravatar.com\/avatar\/0a937b7500cd7df77540cfb8bede877d?s=96&d=mm&r=g","caption":"Adriana Rabelo"},"url":"https:\/\/franciscanos.org.br\/noticias\/author\/adrianarabelo"}]}},"_links":{"self":[{"href":"https:\/\/franciscanos.org.br\/noticias\/wp-json\/wp\/v2\/posts\/260980"}],"collection":[{"href":"https:\/\/franciscanos.org.br\/noticias\/wp-json\/wp\/v2\/posts"}],"about":[{"href":"https:\/\/franciscanos.org.br\/noticias\/wp-json\/wp\/v2\/types\/post"}],"author":[{"embeddable":true,"href":"https:\/\/franciscanos.org.br\/noticias\/wp-json\/wp\/v2\/users\/11"}],"replies":[{"embeddable":true,"href":"https:\/\/franciscanos.org.br\/noticias\/wp-json\/wp\/v2\/comments?post=260980"}],"version-history":[{"count":11,"href":"https:\/\/franciscanos.org.br\/noticias\/wp-json\/wp\/v2\/posts\/260980\/revisions"}],"predecessor-version":[{"id":261006,"href":"https:\/\/franciscanos.org.br\/noticias\/wp-json\/wp\/v2\/posts\/260980\/revisions\/261006"}],"wp:featuredmedia":[{"embeddable":true,"href":"https:\/\/franciscanos.org.br\/noticias\/wp-json\/wp\/v2\/media\/260999"}],"wp:attachment":[{"href":"https:\/\/franciscanos.org.br\/noticias\/wp-json\/wp\/v2\/media?parent=260980"}],"wp:term":[{"taxonomy":"category","embeddable":true,"href":"https:\/\/franciscanos.org.br\/noticias\/wp-json\/wp\/v2\/categories?post=260980"},{"taxonomy":"post_tag","embeddable":true,"href":"https:\/\/franciscanos.org.br\/noticias\/wp-json\/wp\/v2\/tags?post=260980"}],"curies":[{"name":"wp","href":"https:\/\/api.w.org\/{rel}","templated":true}]}}