{"id":260951,"date":"2025-10-07T15:00:26","date_gmt":"2025-10-07T18:00:26","guid":{"rendered":"https:\/\/franciscanos.org.br\/noticias\/?p=260951"},"modified":"2025-10-08T07:25:40","modified_gmt":"2025-10-08T10:25:40","slug":"fe-devocao-e-cuidado-com-a-criacao-marcam-a-festa-de-sao-francisco-de-assis-em-niteroi","status":"publish","type":"post","link":"https:\/\/franciscanos.org.br\/noticias\/fe-devocao-e-cuidado-com-a-criacao-marcam-a-festa-de-sao-francisco-de-assis-em-niteroi.html","title":{"rendered":"F\u00e9, devo\u00e7\u00e3o e cuidado com a cria\u00e7\u00e3o marcam a Festa de S\u00e3o Francisco de Assis em Niter\u00f3i"},"content":{"rendered":"<p><img loading=\"lazy\" class=\"aligncenter wp-image-260952 size-full\" src=\"https:\/\/franciscanos.org.br\/noticias\/wp-content\/uploads\/2025\/10\/materia1-2.jpg\" alt=\"\" width=\"1280\" height=\"720\" srcset=\"https:\/\/franciscanos.org.br\/noticias\/wp-content\/uploads\/2025\/10\/materia1-2.jpg 1280w, https:\/\/franciscanos.org.br\/noticias\/wp-content\/uploads\/2025\/10\/materia1-2-450x253.jpg 450w, https:\/\/franciscanos.org.br\/noticias\/wp-content\/uploads\/2025\/10\/materia1-2-1024x576.jpg 1024w, https:\/\/franciscanos.org.br\/noticias\/wp-content\/uploads\/2025\/10\/materia1-2-768x432.jpg 768w, https:\/\/franciscanos.org.br\/noticias\/wp-content\/uploads\/2025\/10\/materia1-2-150x84.jpg 150w\" sizes=\"(max-width: 1280px) 100vw, 1280px\" \/><\/p>\n<p>A Par\u00f3quia Porci\u00fancula de Sant\u2019Ana, em Niter\u00f3i (RJ), se reuniu no dia 4 de outubro para celebrar S\u00e3o Francisco de Assis, padroeiro dos animais e exemplo de simplicidade e amor \u00e0 natureza. O dia foi marcado por missas, b\u00ean\u00e7\u00e3o dos animais, uma caminhada ecol\u00f3gica no Campo de S\u00e3o Bento e uma exposi\u00e7\u00e3o de imagens do santo, que emocionou os fi\u00e9is.<\/p>\n<p>Desde as primeiras horas do dia, a igreja recebeu devotos para as b\u00ean\u00e7\u00e3os dos animais. Centenas de pessoas levaram seus bichinhos de estima\u00e7\u00e3o para receber a prote\u00e7\u00e3o do santo. C\u00e3es, gatos, tartaruga, e at\u00e9 aves raras foram aben\u00e7oados pelos frades e ministros de b\u00ean\u00e7\u00e3o, refor\u00e7anado um gesto de f\u00e9 e carinho.<\/p>\n<p>Ao final do dia, a comunidade participou de uma caminhada ecol\u00f3gica no Campo de S\u00e3o Bento, um popular parque urbano da cidade, famoso por sua vegeta\u00e7\u00e3o, chafariz e coreto hist\u00f3rico. A caminhada convidou cada pessoa presente a rezar e meditar sobre nossa Casa Comum, entoando c\u00e2nticos franciscanos. A prociss\u00e3o, acompanhada por fam\u00edlias e jovens, refor\u00e7ou o esp\u00edrito de fraternidade que S\u00e3o Francisco inspira. No final, centenas de animais aguardavam no Campo para receberem a b\u00ean\u00e7\u00e3o dos animais.<\/p>\n<p><img loading=\"lazy\" class=\"aligncenter wp-image-260953 size-full\" src=\"https:\/\/franciscanos.org.br\/noticias\/wp-content\/uploads\/2025\/10\/materia2-6.jpg\" alt=\"\" width=\"1280\" height=\"720\" srcset=\"https:\/\/franciscanos.org.br\/noticias\/wp-content\/uploads\/2025\/10\/materia2-6.jpg 1280w, https:\/\/franciscanos.org.br\/noticias\/wp-content\/uploads\/2025\/10\/materia2-6-450x253.jpg 450w, https:\/\/franciscanos.org.br\/noticias\/wp-content\/uploads\/2025\/10\/materia2-6-1024x576.jpg 1024w, https:\/\/franciscanos.org.br\/noticias\/wp-content\/uploads\/2025\/10\/materia2-6-768x432.jpg 768w, https:\/\/franciscanos.org.br\/noticias\/wp-content\/uploads\/2025\/10\/materia2-6-150x84.jpg 150w\" sizes=\"(max-width: 1280px) 100vw, 1280px\" \/><\/p>\n<p>Outro destaque da festa foi a exposi\u00e7\u00e3o de imagens do santo. As pe\u00e7as, vindas de diferentes cole\u00e7\u00f5es, mostraram representa\u00e7\u00f5es art\u00edsticas de Francisco de Assis, revelando tanto sua dimens\u00e3o espiritual quanto cultural. S\u00e3o mais de 120 imagens, al\u00e9m de quadros e livros. O colaborador da Porci\u00fancula, Julio C\u00e9sar Batista, \u00e9 o respons\u00e1vel pela exposi\u00e7\u00e3o.<\/p>\n<p><img loading=\"lazy\" class=\"alignright wp-image-260958 size-thumbnail\" src=\"https:\/\/franciscanos.org.br\/noticias\/wp-content\/uploads\/2025\/10\/PORCIUNCULA-300x300.jpg\" alt=\"\" width=\"300\" height=\"300\" srcset=\"https:\/\/franciscanos.org.br\/noticias\/wp-content\/uploads\/2025\/10\/PORCIUNCULA-300x300.jpg 300w, https:\/\/franciscanos.org.br\/noticias\/wp-content\/uploads\/2025\/10\/PORCIUNCULA-100x100.jpg 100w\" sizes=\"(max-width: 300px) 100vw, 300px\" \/>\u201cPara mim \u00e9 uma alegria muito grande montar essa exposi\u00e7\u00e3o. Eu j\u00e1 fui um frade franciscano, tenho um amor por S\u00e3o Francisco, que foi o santo que me chamou a viver um per\u00edodo dentro da ordem. A ideia da exposi\u00e7\u00e3o surgiu em 2019 em uma conversa com o Frei Sergio Pagan. Por S\u00e3o Francisco ser um santo querido e com diversas representa\u00e7\u00f5es, n\u00f3s quisemos mostrar isso para o povo. Quando come\u00e7amos a ideia da exposi\u00e7\u00e3o, juntamos algumas imagens da casa, conversamos com paroquianos e hoje, depois de alguns anos de exposi\u00e7\u00e3o, j\u00e1 estamos com mais de 120 imagens em nosso acervo e a ideia \u00e9 sempre ir aumentando.\u00a0 Aqui temos imagens de madeira, gesso, resina, palha de milho, croch\u00ea\u2026 neste ano, n\u00f3s fizemos no claustro da par\u00f3quia e conseguimos expor melhor cada imagens. A exposi\u00e7\u00e3o tamb\u00e9m aproxima os fi\u00e9is da figura de S\u00e3o Francisco, retratando sua trajet\u00f3ria e a forma como inspirou artistas ao longo dos s\u00e9culos. \u201d, destacou Julio.<\/p>\n<p>A Festa de S\u00e3o Francisco de Assis, celebrada anualmente, \u00e9 um dos momentos mais significativos para os devotos, reunindo f\u00e9, cultura e tradi\u00e7\u00e3o com Paz e Bem!<\/p>\n<hr \/>\n<p><em>Larissa Rodrigues- Pascom Porci\u00fancula\u00a0 Niter\u00f3i<\/em><\/p>\n","protected":false},"excerpt":{"rendered":"<p>Solenidade de S\u00e3o Francisco 2025<\/p>\n","protected":false},"author":11,"featured_media":260961,"comment_status":"open","ping_status":"open","sticky":false,"template":"","format":"standard","meta":[],"categories":[1],"tags":[2171,1842,2183,2427],"acf":[],"yoast_head":"<!-- This site is optimized with the Yoast SEO plugin v19.2 - https:\/\/yoast.com\/wordpress\/plugins\/seo\/ -->\n<title>F\u00e9, devo\u00e7\u00e3o e cuidado com a cria\u00e7\u00e3o marcam a Festa de S\u00e3o Francisco de Assis em Niter\u00f3i - Not\u00edcias - Franciscanos<\/title>\n<meta name=\"robots\" content=\"index, follow, max-snippet:-1, max-image-preview:large, max-video-preview:-1\" \/>\n<link rel=\"canonical\" href=\"https:\/\/franciscanos.org.br\/noticias\/fe-devocao-e-cuidado-com-a-criacao-marcam-a-festa-de-sao-francisco-de-assis-em-niteroi.html\" \/>\n<meta property=\"og:locale\" content=\"pt_BR\" \/>\n<meta property=\"og:type\" content=\"article\" \/>\n<meta property=\"og:title\" content=\"F\u00e9, devo\u00e7\u00e3o e cuidado com a cria\u00e7\u00e3o marcam a Festa de S\u00e3o Francisco de Assis em Niter\u00f3i - Not\u00edcias - Franciscanos\" \/>\n<meta property=\"og:description\" content=\"Solenidade de S\u00e3o Francisco 2025\" \/>\n<meta property=\"og:url\" content=\"https:\/\/franciscanos.org.br\/noticias\/fe-devocao-e-cuidado-com-a-criacao-marcam-a-festa-de-sao-francisco-de-assis-em-niteroi.html\" \/>\n<meta property=\"og:site_name\" content=\"Not\u00edcias - Franciscanos\" \/>\n<meta property=\"article:published_time\" content=\"2025-10-07T18:00:26+00:00\" \/>\n<meta property=\"article:modified_time\" content=\"2025-10-08T10:25:40+00:00\" \/>\n<meta property=\"og:image\" content=\"https:\/\/franciscanos.org.br\/noticias\/wp-content\/uploads\/2025\/10\/chamada-16.jpg\" \/>\n\t<meta property=\"og:image:width\" content=\"800\" \/>\n\t<meta property=\"og:image:height\" content=\"550\" \/>\n\t<meta property=\"og:image:type\" content=\"image\/jpeg\" \/>\n<meta name=\"author\" content=\"Adriana Rabelo\" \/>\n<meta name=\"twitter:card\" content=\"summary_large_image\" \/>\n<meta name=\"twitter:label1\" content=\"Escrito por\" \/>\n\t<meta name=\"twitter:data1\" content=\"Adriana Rabelo\" \/>\n\t<meta name=\"twitter:label2\" content=\"Est. tempo de leitura\" \/>\n\t<meta name=\"twitter:data2\" content=\"2 minutos\" \/>\n<script type=\"application\/ld+json\" class=\"yoast-schema-graph\">{\"@context\":\"https:\/\/schema.org\",\"@graph\":[{\"@type\":\"WebSite\",\"@id\":\"https:\/\/franciscanos.org.br\/noticias\/#website\",\"url\":\"https:\/\/franciscanos.org.br\/noticias\/\",\"name\":\"Not\u00edcias - Franciscanos\",\"description\":\"Prov\u00edncia Franciscana da Imaculada Concei\u00e7\u00e3o do Brasil - Ordem dos Frades Menores - OFM\",\"potentialAction\":[{\"@type\":\"SearchAction\",\"target\":{\"@type\":\"EntryPoint\",\"urlTemplate\":\"https:\/\/franciscanos.org.br\/noticias\/?s={search_term_string}\"},\"query-input\":\"required name=search_term_string\"}],\"inLanguage\":\"pt-BR\"},{\"@type\":\"ImageObject\",\"inLanguage\":\"pt-BR\",\"@id\":\"https:\/\/franciscanos.org.br\/noticias\/fe-devocao-e-cuidado-com-a-criacao-marcam-a-festa-de-sao-francisco-de-assis-em-niteroi.html#primaryimage\",\"url\":\"https:\/\/franciscanos.org.br\/noticias\/wp-content\/uploads\/2025\/10\/chamada-16.jpg\",\"contentUrl\":\"https:\/\/franciscanos.org.br\/noticias\/wp-content\/uploads\/2025\/10\/chamada-16.jpg\",\"width\":800,\"height\":550},{\"@type\":\"WebPage\",\"@id\":\"https:\/\/franciscanos.org.br\/noticias\/fe-devocao-e-cuidado-com-a-criacao-marcam-a-festa-de-sao-francisco-de-assis-em-niteroi.html#webpage\",\"url\":\"https:\/\/franciscanos.org.br\/noticias\/fe-devocao-e-cuidado-com-a-criacao-marcam-a-festa-de-sao-francisco-de-assis-em-niteroi.html\",\"name\":\"F\u00e9, devo\u00e7\u00e3o e cuidado com a cria\u00e7\u00e3o marcam a Festa de S\u00e3o Francisco de Assis em Niter\u00f3i - Not\u00edcias - Franciscanos\",\"isPartOf\":{\"@id\":\"https:\/\/franciscanos.org.br\/noticias\/#website\"},\"primaryImageOfPage\":{\"@id\":\"https:\/\/franciscanos.org.br\/noticias\/fe-devocao-e-cuidado-com-a-criacao-marcam-a-festa-de-sao-francisco-de-assis-em-niteroi.html#primaryimage\"},\"datePublished\":\"2025-10-07T18:00:26+00:00\",\"dateModified\":\"2025-10-08T10:25:40+00:00\",\"author\":{\"@id\":\"https:\/\/franciscanos.org.br\/noticias\/#\/schema\/person\/d9422e83121c3ad3b0f423d195f5bb25\"},\"breadcrumb\":{\"@id\":\"https:\/\/franciscanos.org.br\/noticias\/fe-devocao-e-cuidado-com-a-criacao-marcam-a-festa-de-sao-francisco-de-assis-em-niteroi.html#breadcrumb\"},\"inLanguage\":\"pt-BR\",\"potentialAction\":[{\"@type\":\"ReadAction\",\"target\":[\"https:\/\/franciscanos.org.br\/noticias\/fe-devocao-e-cuidado-com-a-criacao-marcam-a-festa-de-sao-francisco-de-assis-em-niteroi.html\"]}]},{\"@type\":\"BreadcrumbList\",\"@id\":\"https:\/\/franciscanos.org.br\/noticias\/fe-devocao-e-cuidado-com-a-criacao-marcam-a-festa-de-sao-francisco-de-assis-em-niteroi.html#breadcrumb\",\"itemListElement\":[{\"@type\":\"ListItem\",\"position\":1,\"name\":\"Home\",\"item\":\"https:\/\/franciscanos.org.br\/noticias\"},{\"@type\":\"ListItem\",\"position\":2,\"name\":\"F\u00e9, devo\u00e7\u00e3o e cuidado com a cria\u00e7\u00e3o marcam a Festa de S\u00e3o Francisco de Assis em Niter\u00f3i\"}]},{\"@type\":\"Person\",\"@id\":\"https:\/\/franciscanos.org.br\/noticias\/#\/schema\/person\/d9422e83121c3ad3b0f423d195f5bb25\",\"name\":\"Adriana Rabelo\",\"image\":{\"@type\":\"ImageObject\",\"inLanguage\":\"pt-BR\",\"@id\":\"https:\/\/franciscanos.org.br\/noticias\/#\/schema\/person\/image\/\",\"url\":\"https:\/\/secure.gravatar.com\/avatar\/0a937b7500cd7df77540cfb8bede877d?s=96&d=mm&r=g\",\"contentUrl\":\"https:\/\/secure.gravatar.com\/avatar\/0a937b7500cd7df77540cfb8bede877d?s=96&d=mm&r=g\",\"caption\":\"Adriana Rabelo\"},\"url\":\"https:\/\/franciscanos.org.br\/noticias\/author\/adrianarabelo\"}]}<\/script>\n<!-- \/ Yoast SEO plugin. -->","yoast_head_json":{"title":"F\u00e9, devo\u00e7\u00e3o e cuidado com a cria\u00e7\u00e3o marcam a Festa de S\u00e3o Francisco de Assis em Niter\u00f3i - Not\u00edcias - Franciscanos","robots":{"index":"index","follow":"follow","max-snippet":"max-snippet:-1","max-image-preview":"max-image-preview:large","max-video-preview":"max-video-preview:-1"},"canonical":"https:\/\/franciscanos.org.br\/noticias\/fe-devocao-e-cuidado-com-a-criacao-marcam-a-festa-de-sao-francisco-de-assis-em-niteroi.html","og_locale":"pt_BR","og_type":"article","og_title":"F\u00e9, devo\u00e7\u00e3o e cuidado com a cria\u00e7\u00e3o marcam a Festa de S\u00e3o Francisco de Assis em Niter\u00f3i - Not\u00edcias - Franciscanos","og_description":"Solenidade de S\u00e3o Francisco 2025","og_url":"https:\/\/franciscanos.org.br\/noticias\/fe-devocao-e-cuidado-com-a-criacao-marcam-a-festa-de-sao-francisco-de-assis-em-niteroi.html","og_site_name":"Not\u00edcias - Franciscanos","article_published_time":"2025-10-07T18:00:26+00:00","article_modified_time":"2025-10-08T10:25:40+00:00","og_image":[{"width":800,"height":550,"url":"https:\/\/franciscanos.org.br\/noticias\/wp-content\/uploads\/2025\/10\/chamada-16.jpg","type":"image\/jpeg"}],"author":"Adriana Rabelo","twitter_card":"summary_large_image","twitter_misc":{"Escrito por":"Adriana Rabelo","Est. tempo de leitura":"2 minutos"},"schema":{"@context":"https:\/\/schema.org","@graph":[{"@type":"WebSite","@id":"https:\/\/franciscanos.org.br\/noticias\/#website","url":"https:\/\/franciscanos.org.br\/noticias\/","name":"Not\u00edcias - Franciscanos","description":"Prov\u00edncia Franciscana da Imaculada Concei\u00e7\u00e3o do Brasil - Ordem dos Frades Menores - OFM","potentialAction":[{"@type":"SearchAction","target":{"@type":"EntryPoint","urlTemplate":"https:\/\/franciscanos.org.br\/noticias\/?s={search_term_string}"},"query-input":"required name=search_term_string"}],"inLanguage":"pt-BR"},{"@type":"ImageObject","inLanguage":"pt-BR","@id":"https:\/\/franciscanos.org.br\/noticias\/fe-devocao-e-cuidado-com-a-criacao-marcam-a-festa-de-sao-francisco-de-assis-em-niteroi.html#primaryimage","url":"https:\/\/franciscanos.org.br\/noticias\/wp-content\/uploads\/2025\/10\/chamada-16.jpg","contentUrl":"https:\/\/franciscanos.org.br\/noticias\/wp-content\/uploads\/2025\/10\/chamada-16.jpg","width":800,"height":550},{"@type":"WebPage","@id":"https:\/\/franciscanos.org.br\/noticias\/fe-devocao-e-cuidado-com-a-criacao-marcam-a-festa-de-sao-francisco-de-assis-em-niteroi.html#webpage","url":"https:\/\/franciscanos.org.br\/noticias\/fe-devocao-e-cuidado-com-a-criacao-marcam-a-festa-de-sao-francisco-de-assis-em-niteroi.html","name":"F\u00e9, devo\u00e7\u00e3o e cuidado com a cria\u00e7\u00e3o marcam a Festa de S\u00e3o Francisco de Assis em Niter\u00f3i - Not\u00edcias - Franciscanos","isPartOf":{"@id":"https:\/\/franciscanos.org.br\/noticias\/#website"},"primaryImageOfPage":{"@id":"https:\/\/franciscanos.org.br\/noticias\/fe-devocao-e-cuidado-com-a-criacao-marcam-a-festa-de-sao-francisco-de-assis-em-niteroi.html#primaryimage"},"datePublished":"2025-10-07T18:00:26+00:00","dateModified":"2025-10-08T10:25:40+00:00","author":{"@id":"https:\/\/franciscanos.org.br\/noticias\/#\/schema\/person\/d9422e83121c3ad3b0f423d195f5bb25"},"breadcrumb":{"@id":"https:\/\/franciscanos.org.br\/noticias\/fe-devocao-e-cuidado-com-a-criacao-marcam-a-festa-de-sao-francisco-de-assis-em-niteroi.html#breadcrumb"},"inLanguage":"pt-BR","potentialAction":[{"@type":"ReadAction","target":["https:\/\/franciscanos.org.br\/noticias\/fe-devocao-e-cuidado-com-a-criacao-marcam-a-festa-de-sao-francisco-de-assis-em-niteroi.html"]}]},{"@type":"BreadcrumbList","@id":"https:\/\/franciscanos.org.br\/noticias\/fe-devocao-e-cuidado-com-a-criacao-marcam-a-festa-de-sao-francisco-de-assis-em-niteroi.html#breadcrumb","itemListElement":[{"@type":"ListItem","position":1,"name":"Home","item":"https:\/\/franciscanos.org.br\/noticias"},{"@type":"ListItem","position":2,"name":"F\u00e9, devo\u00e7\u00e3o e cuidado com a cria\u00e7\u00e3o marcam a Festa de S\u00e3o Francisco de Assis em Niter\u00f3i"}]},{"@type":"Person","@id":"https:\/\/franciscanos.org.br\/noticias\/#\/schema\/person\/d9422e83121c3ad3b0f423d195f5bb25","name":"Adriana Rabelo","image":{"@type":"ImageObject","inLanguage":"pt-BR","@id":"https:\/\/franciscanos.org.br\/noticias\/#\/schema\/person\/image\/","url":"https:\/\/secure.gravatar.com\/avatar\/0a937b7500cd7df77540cfb8bede877d?s=96&d=mm&r=g","contentUrl":"https:\/\/secure.gravatar.com\/avatar\/0a937b7500cd7df77540cfb8bede877d?s=96&d=mm&r=g","caption":"Adriana Rabelo"},"url":"https:\/\/franciscanos.org.br\/noticias\/author\/adrianarabelo"}]}},"_links":{"self":[{"href":"https:\/\/franciscanos.org.br\/noticias\/wp-json\/wp\/v2\/posts\/260951"}],"collection":[{"href":"https:\/\/franciscanos.org.br\/noticias\/wp-json\/wp\/v2\/posts"}],"about":[{"href":"https:\/\/franciscanos.org.br\/noticias\/wp-json\/wp\/v2\/types\/post"}],"author":[{"embeddable":true,"href":"https:\/\/franciscanos.org.br\/noticias\/wp-json\/wp\/v2\/users\/11"}],"replies":[{"embeddable":true,"href":"https:\/\/franciscanos.org.br\/noticias\/wp-json\/wp\/v2\/comments?post=260951"}],"version-history":[{"count":3,"href":"https:\/\/franciscanos.org.br\/noticias\/wp-json\/wp\/v2\/posts\/260951\/revisions"}],"predecessor-version":[{"id":260962,"href":"https:\/\/franciscanos.org.br\/noticias\/wp-json\/wp\/v2\/posts\/260951\/revisions\/260962"}],"wp:featuredmedia":[{"embeddable":true,"href":"https:\/\/franciscanos.org.br\/noticias\/wp-json\/wp\/v2\/media\/260961"}],"wp:attachment":[{"href":"https:\/\/franciscanos.org.br\/noticias\/wp-json\/wp\/v2\/media?parent=260951"}],"wp:term":[{"taxonomy":"category","embeddable":true,"href":"https:\/\/franciscanos.org.br\/noticias\/wp-json\/wp\/v2\/categories?post=260951"},{"taxonomy":"post_tag","embeddable":true,"href":"https:\/\/franciscanos.org.br\/noticias\/wp-json\/wp\/v2\/tags?post=260951"}],"curies":[{"name":"wp","href":"https:\/\/api.w.org\/{rel}","templated":true}]}}