{"id":260937,"date":"2025-10-07T13:33:57","date_gmt":"2025-10-07T16:33:57","guid":{"rendered":"https:\/\/franciscanos.org.br\/noticias\/?p=260937"},"modified":"2025-10-07T15:06:41","modified_gmt":"2025-10-07T18:06:41","slug":"frei-felipe-carretta-se-prepara-para-sua-ordenacao-presbiteral-no-espirito-santo","status":"publish","type":"post","link":"https:\/\/franciscanos.org.br\/noticias\/frei-felipe-carretta-se-prepara-para-sua-ordenacao-presbiteral-no-espirito-santo.html","title":{"rendered":"Frei Felipe Carretta se prepara para sua ordena\u00e7\u00e3o presbiteral no Esp\u00edrito Santo"},"content":{"rendered":"<p><img loading=\"lazy\" class=\"aligncenter wp-image-260939 size-full\" src=\"https:\/\/franciscanos.org.br\/noticias\/wp-content\/uploads\/2025\/10\/Design-sem-nome-2.jpg\" alt=\"\" width=\"1280\" height=\"720\" srcset=\"https:\/\/franciscanos.org.br\/noticias\/wp-content\/uploads\/2025\/10\/Design-sem-nome-2.jpg 1280w, https:\/\/franciscanos.org.br\/noticias\/wp-content\/uploads\/2025\/10\/Design-sem-nome-2-450x253.jpg 450w, https:\/\/franciscanos.org.br\/noticias\/wp-content\/uploads\/2025\/10\/Design-sem-nome-2-1024x576.jpg 1024w, https:\/\/franciscanos.org.br\/noticias\/wp-content\/uploads\/2025\/10\/Design-sem-nome-2-768x432.jpg 768w, https:\/\/franciscanos.org.br\/noticias\/wp-content\/uploads\/2025\/10\/Design-sem-nome-2-150x84.jpg 150w\" sizes=\"(max-width: 1280px) 100vw, 1280px\" \/><\/p>\n<p>&nbsp;<\/p>\n<p>\u201cCompletai em mim a obra come\u00e7ada\u201d. Inspirado pelo Salmo 137, vers\u00edculo 8, <strong>Frei Felipe Medeiros Carretta<\/strong> se prepara para dar seu sim definitivo \u00e0 caminhada franciscana, assumindo tamb\u00e9m o compromisso com o minist\u00e9rio presbiteral.<\/p>\n<p>Imbu\u00eddo pela for\u00e7a da f\u00e9 e marcado pelo testemunho de S\u00e3o Francisco de Assis em sua vida, no seguimento de Jesus Cristo, o jovem frade ser\u00e1 ordenado presb\u00edtero no <strong>dia 11 de outubro de 2025<\/strong>, em sua terra natal, <strong>Vila Velha (ES)<\/strong>, pelas m\u00e3os de Dom Andherson Franklin Lustoza de Souza.<\/p>\n<p>A celebra\u00e7\u00e3o, que reunir\u00e1 frades, presb\u00edteros, religiosos, religiosas, familiares, amigos e comunidade, ser\u00e1 realizada no Santu\u00e1rio do Divino Esp\u00edrito Santo, \u00e0s 18h, local profundamente ligado \u00e0 hist\u00f3ria de Frei Felipe, especialmente ao seu encontro com o chamado vocacional na Ordem dos Frades Menores.<\/p>\n<p>A Ordena\u00e7\u00e3o Presbiteral ser\u00e1 transmitida ao vivo pela <strong>TV Franciscanos<\/strong>, no YouTube; e pelo <strong>Facebook<\/strong>.<\/p>\n<p>Acompanhe, na entrevista abaixo, os testemunhos do frade sobre sua caminhada na Ordem, sua miss\u00e3o franciscana e suas expectativas.<\/p>\n<p><strong>Site Franciscanos <\/strong><strong>\u2013<\/strong><strong>\u00a0<\/strong><strong>Como<\/strong><strong>\u00a0<\/strong><strong>o senhor descreve sua caminhada religiosa na Prov\u00edncia Franciscana da Imaculada Concei\u00e7\u00e3o do Brasil? (Aqui seria interessante o senhor falar um pouco do seu chamado vocacional e sua caminhada)<\/strong><\/p>\n<p><strong>Frei Felipe Medeiros Carretta <\/strong><strong>\u2013 <\/strong>Caros irm\u00e3os, com alegria chego at\u00e9 voc\u00eas atrav\u00e9s desta entrevista, partilhando minha hist\u00f3ria de vida e vocacional. Falar da minha caminhada na Prov\u00edncia \u00e9 tamb\u00e9m falar da minha voca\u00e7\u00e3o, falar do meu primeiro amor, falar e relembrar do meu chamado \u00e0 vida religiosa franciscana. Pois bem, sou natural da bela Vila Velha, lugar escolhido pela M\u00e3e das Alegrias para fazer morada, no estado do Esp\u00edrito Santo.<\/p>\n<p data-start=\"559\" data-end=\"1027\">L\u00e1, a Prov\u00edncia da Imaculada tem uma hist\u00f3ria fecunda. Atualmente, temos duas presen\u00e7as naquela cidade. A primeira \u00e9 o Convento de Nossa Senhora da Penha, lugar onde o santo Frei Pedro Pal\u00e1cios ergueu uma ermida para abrigar o quadro da M\u00e3e das Alegrias. Acredito que esta hist\u00f3ria \u00e9 bem conhecida e dispensa maiores explica\u00e7\u00f5es. A outra presen\u00e7a \u00e9 a minha par\u00f3quia de origem, Nossa Senhora do Ros\u00e1rio, que conta com o cuidado pastoral dos frades h\u00e1 mais de 80 anos.<\/p>\n<p data-start=\"1029\" data-end=\"1927\">Desta forma, a presen\u00e7a dos frades sempre foi uma realidade em minha hist\u00f3ria. Toda a minha forma\u00e7\u00e3o eclesial foi com os frades; todo o meu jeito de ser Igreja foi moldado por eles e pela espiritualidade franciscana. Assim, os frades e eu sempre tivemos uma importante aproxima\u00e7\u00e3o. Podemos falar de algumas <em data-start=\"1336\" data-end=\"1346\">personas<\/em> que merecem destaque, tais como: Frei Ladi Antoniazzi, o primeiro frade que conheci e com quem tive contato; o grande e afamado em santidade Frei Aur\u00e9lio Stulzer, que n\u00e3o conheci pessoalmente, mas cuja hist\u00f3ria vivida naquelas terras sempre esteve presente na mem\u00f3ria do povo e na minha; Frei Clar\u00eancio Neotti, por quem nutro grande admira\u00e7\u00e3o; Frei Florival Mariano, um grande amigo; Frei Paulo Pereira, nosso Provincial, enfim, muitos frades que, com seu testemunho e singularidade de vida, foram me apresentando este belo modo de viver: no servi\u00e7o \u00e0 Igreja e em fraternidade.<\/p>\n<p data-start=\"1929\" data-end=\"2404\">Sempre fui muito participativo em minha comunidade de origem, o Santu\u00e1rio do Divino Esp\u00edrito Santo, onde minha fam\u00edlia tem hist\u00f3rias enraizadas. Meus av\u00f3s ajudaram na constru\u00e7\u00e3o daquele templo, liderado por Frei Firmino Matuschek. L\u00e1 fui coroinha, catequista de Crisma, participei das equipes de canto e liturgia, do grupo de jovens e trabalhei na secretaria paroquial. Interessante notar que esses servi\u00e7os realizados ali sempre me davam muito gosto e alegria de executar.<\/p>\n<p data-start=\"2406\" data-end=\"2658\">E assim o tempo se passa e a vida nos impele a dar respostas. Uma delas que tive que dar foi sobre a faculdade que deveria cursar. J\u00e1 estava finalizando o ensino m\u00e9dio e, ent\u00e3o, comecei a cursar Engenharia de Petr\u00f3leo , tudo a ver comigo\u2026 s\u00f3 que n\u00e3o.<\/p>\n<p data-start=\"2660\" data-end=\"2926\">Ah, neste ponto podemos voltar um ano. O Frei Paulo Pereira me fez o convite para entrar no processo formativo de nossa Prov\u00edncia, e minha resposta foi logo um \u201cn\u00e3o\u201d enf\u00e1tico, como ele mesmo diz. Mas posso afirmar que aquele convite ficou ressoando em meu cora\u00e7\u00e3o.<\/p>\n<p data-start=\"2928\" data-end=\"3344\">No ano de 2012, no Santu\u00e1rio, come\u00e7aram os preparativos para a Ordena\u00e7\u00e3o Presbiteral de Frei Vanderlei Grassi. Posso afirmar que, na viv\u00eancia desses preparativos, meu cora\u00e7\u00e3o j\u00e1 pulsava esta <em data-start=\"3119\" data-end=\"3130\">quer\u00eancia<\/em> de viver de outra forma \u2014 n\u00e3o mais pelo que eu tinha vivido e estava empenhando minha vida at\u00e9 aquele momento, mas pelo desejo de doar-me por inteiro \u00e0quilo que surgia como uma nova possibilidade de ser e viver.<\/p>\n<p data-start=\"3346\" data-end=\"3761\">A Semana Mission\u00e1ria foi um dos pontos altos: foram muitos frades ajudar nas miss\u00f5es, e aquilo me enchia os olhos. Toda a prepara\u00e7\u00e3o do rito de ordena\u00e7\u00e3o, em si, tamb\u00e9m me gerava muita alegria. Sa\u00ed daqueles momentos celebrativos com a decis\u00e3o de querer viver como os frades, de fazer do servi\u00e7o espor\u00e1dico que outrora tinha o ordin\u00e1rio da minha vida. Posso dizer que esses dois motes foram o meu ponto de partida.<\/p>\n<p data-start=\"3763\" data-end=\"4210\">Lembro-me at\u00e9 hoje da conversa com Frei Paulo sobre esta minha recente decis\u00e3o de ir para o semin\u00e1rio. Sua fala foi certeira: \u201cEu j\u00e1 sabia, estava estampado no seu rosto. S\u00f3 faltava voc\u00ea mesmo descobrir.\u201d E assim come\u00e7amos nosso processo de caminho vocacional. Gosto sempre de contar esta hist\u00f3ria porque ela nasceu de um chamado. N\u00f3s, frades, temos que chamar os jovens para conhecer, viver e experimentar nossa forma de vida. Assim foi comigo.<\/p>\n<p data-start=\"4212\" data-end=\"4656\">N\u00e3o posso deixar de mencionar minha grande devo\u00e7\u00e3o a Nossa Senhora da Penha, a Virgem das Alegrias. Como todo bom capixaba, sempre me entreguei \u00e0 sua maternal intercess\u00e3o em todo o meu caminho de consagra\u00e7\u00e3o religiosa franciscana. Ela sempre esteve\u00a0 e est\u00e1\u00a0 comigo. A certeza de sua presen\u00e7a e intercess\u00e3o me encoraja a cada dia a manifestar meu \u201csim\u201d di\u00e1rio ao projeto do Reino de Deus, \u00e0 fraternidade e, agora, sendo presb\u00edtero da Igreja.<\/p>\n<p><strong><img loading=\"lazy\" class=\"size-medium wp-image-260949 alignright\" src=\"https:\/\/franciscanos.org.br\/noticias\/wp-content\/uploads\/2025\/10\/b4f0f379-f2c2-4a56-97ca-a29ba56da052.jpeg-337x450.jpg\" alt=\"\" width=\"337\" height=\"450\" srcset=\"https:\/\/franciscanos.org.br\/noticias\/wp-content\/uploads\/2025\/10\/b4f0f379-f2c2-4a56-97ca-a29ba56da052.jpeg-337x450.jpg 337w, https:\/\/franciscanos.org.br\/noticias\/wp-content\/uploads\/2025\/10\/b4f0f379-f2c2-4a56-97ca-a29ba56da052.jpeg-768x1024.jpg 768w, https:\/\/franciscanos.org.br\/noticias\/wp-content\/uploads\/2025\/10\/b4f0f379-f2c2-4a56-97ca-a29ba56da052.jpeg-1152x1536.jpg 1152w, https:\/\/franciscanos.org.br\/noticias\/wp-content\/uploads\/2025\/10\/b4f0f379-f2c2-4a56-97ca-a29ba56da052.jpeg-150x200.jpg 150w, https:\/\/franciscanos.org.br\/noticias\/wp-content\/uploads\/2025\/10\/b4f0f379-f2c2-4a56-97ca-a29ba56da052.jpeg.jpg 810w\" sizes=\"(max-width: 337px) 100vw, 337px\" \/>Site Franciscanos <\/strong><strong>\u2013<\/strong><strong>\u00a0\u00a0<\/strong><strong>O que representa<\/strong><strong>\u00a0<\/strong><strong>a Ordena\u00e7\u00e3o Presbiteral nessa etapa de sua vida,<\/strong><strong>\u00a0<\/strong><strong>no<\/strong><strong>\u00a0<\/strong><strong>mesmo ano em que a Prov\u00edncia celebra 350 anos de hist\u00f3ria?<\/strong><\/p>\n<p><strong>Frei Felipe Carretta <\/strong><strong>\u2013 <\/strong>Celebrar os 350 anos de nossa amada e hist\u00f3rica Prov\u00edncia da Imaculada \u00e9 uma grande gra\u00e7a para todos n\u00f3s frades e irm\u00e3os e irm\u00e3s que dividem conosco a nossa miss\u00e3o evangelizadora. \u00c9 olhar para tr\u00e1s e perceber que a prov\u00edncia foi feita por frades que doaram a sua vida pela causa do Reino; por frades que acreditaram e constru\u00edram com as pr\u00f3prias m\u00e3os na concretude da vida, o Evangelho encarnado. Para mim \u00e9 uma gra\u00e7a muito grande ser ordenado presb\u00edtero em nossa prov\u00edncia e uma responsabilidade enorme pela heran\u00e7a espiritual junto ao povo de Deus que nossa prov\u00edncia possui. Embasado nestes termos afirmo que eu tamb\u00e9m quero ser parte desta constru\u00e7\u00e3o viva do evangelho encarnado. Quero ser mais um contributo para levar a verdade libertadora do Evangelho a todos que esperam e olham para n\u00f3s com sede de esperan\u00e7a. Isso, esperan\u00e7a. Esta \u00e9 a chave de leitura que quero dar e ser ainda mais. Evangelho e esperan\u00e7a andam juntos, quero ser ministro do evangelho levando a todos a esperan\u00e7a, neste terreno f\u00e9rtil que \u00e9 a Igreja e a nossa Prov\u00edncia.<\/p>\n<p><strong>Site Franciscanos <\/strong><strong>\u2013<\/strong><strong>\u00a0<\/strong><strong>Por que a escolha do tema<\/strong><strong>\u00a0<\/strong><strong>inspirado do Salmo 138, vers\u00edculo 8: \u201cCompletai em mim a obra come\u00e7ada\u201d?<\/strong><\/p>\n<p><strong>Frei Felipe Carretta <\/strong><strong>\u2013 <\/strong>Este vers\u00edculo do Salmo 137,8 j\u00e1 me acompanha h\u00e1 bastante tempo. J\u00e1 \u00e9 uma ora\u00e7\u00e3o pessoal. Posso afirmar que este salmo me coloca na pura depend\u00eancia de Deus, eu sozinho n\u00e3o me basto e tamb\u00e9m n\u00e3o consigo ser e nem realizar absolutamente nada. O minist\u00e9rio que assumirei n\u00e3o exercerei por gra\u00e7a pessoal, mas somente pela gra\u00e7a de Nosso Senhor. Quem completa e realiza a obra \u00e9 Ele, assim quero que meu minist\u00e9rio seja, uma obra que Ele complete, que ele realize e que eu seja instrumento em suas m\u00e3os. Outra inspira\u00e7\u00e3o foi a imagem utilizada em meu convite, um afresco da Bas\u00edlica de S\u00e3o Francisco que retrar\u00e1 a estigmatiza\u00e7\u00e3o de nosso Pai Ser\u00e1fico. Francisco \u00e9 para mim este exemplo de que se deixou ser conduzido pelo Alt\u00edssimo, a sua estigmatiza\u00e7\u00e3o \u00e9 este gesto claro de que Deus completou a obra come\u00e7ada. \u00c9 a planifica\u00e7\u00e3o do amor. \u00a0A entrega de uma vida que \u00e9 abra\u00e7ada e completada por Deus. Por isso pe\u00e7o: \u201cCompletai em mim a obra come\u00e7ada\u201d.<\/p>\n<p><strong>Site Franciscanos <\/strong><strong>\u2013<\/strong><strong>\u00a0<\/strong><strong>Quais as expectativas para o dia da Ordena\u00e7\u00e3o Presbiteral e para sua primeira celebra\u00e7\u00e3o como presb\u00edtero?<\/strong><\/p>\n<p><strong>Frei Felipe Carretta <\/strong><strong>\u2013 <\/strong>Muitas s\u00e3o as expectativas. Primeiramente uma emo\u00e7\u00e3o muito grande toma conta de mim. Estar ali no Santu\u00e1rio que \u00e9 a minha comunidade de origem, lugar de meu crescimento e amadurecimento humano e religioso, onde tenho fortes la\u00e7os com amigos, e viver mais este sacramento, confesso que aquece o cora\u00e7\u00e3o e mareja os olhos. Por\u00e9m, com o sentimento de gratid\u00e3o a Deus por me escolher e chamar parta servir na sua vinha. Como frade jovem e ordenado presb\u00edtero quero ser anunciador das abundantes gra\u00e7as e miseric\u00f3rdias de Deus. Quero servir a mesa do altar e a vida do povo. Ser sinal de luz e esperan\u00e7a, em um mundo que ofusca a esperan\u00e7a. Enfim, quero servir!<\/p>\n<p><strong>Site Franciscanos <\/strong><strong>\u2013<\/strong><strong>\u00a0<\/strong><strong>De que forma o senhor se imagina vivendo o minist\u00e9rio presbiteral \u00e0 luz do carisma franciscano?<\/strong><\/p>\n<p><strong>Frei Felipe Carretta <\/strong><strong>\u2013 <\/strong>S\u00e3o Francisco sempre foi um profundo admirador do mist\u00e9rio da Eucaristia, encontrava nela a fonte de sua miss\u00e3o e da nascente forma de vida. Tamb\u00e9m tinha uma grande venera\u00e7\u00e3o pelos sacerdotes, pois atrav\u00e9s deles o Senhor se faz presente na modesta apar\u00eancia do p\u00e3o. Outra reflex\u00e3o de Francisco \u00e9 sobre o modo de que os frades devem pregar sempre tendo o teor da miseric\u00f3rdia e bondade de Deus. Assim quero levar o minist\u00e9rio a mim confiado, levando esperan\u00e7a, amor e miseric\u00f3rdia. A nossa forma de vida muito contribui para o minist\u00e9rio, o nosso modo de viver em fraternidade \u00e9 hoje uma profecia tamb\u00e9m. Onde uma onde personalista e ego\u00edsta toma conta de nossa sociedade, a fraternidade pode ser um dos rem\u00e9dios que temos as m\u00e3os. Francisco nos impele a sermos profetas, sua forma de vida \u00e9 prof\u00e9tica, e eu quero ser este anunciador com o minist\u00e9rio presbiteral.<\/p>\n<p><strong>Site Franciscanos <\/strong><strong>\u2013<\/strong><strong>\u00a0<\/strong><strong>Que mensagem o senhor deixaria \u00e0queles que pensam em trilhar a voca\u00e7\u00e3o franciscana?<\/strong><\/p>\n<p><strong>Frei Felipe Carretta <\/strong><strong>\u2013 <\/strong>Se eu pudesse deixar uma mensagem a quem sente no cora\u00e7\u00e3o o desejo de trilhar a voca\u00e7\u00e3o franciscana, eu diria assim:<\/p>\n<p>A religiosa e vida franciscana n\u00e3o \u00e9 uma estrada f\u00e1cil, mas um caminho de radicalidade evang\u00e9lica, de simplicidade e de entrega. \u00c9 viver como S\u00e3o Francisco, que n\u00e3o quis outra coisa sen\u00e3o configurar-se a Cristo pobre, humilde e crucificado. Ser frade menor \u00e9 assumir a beleza de ser irm\u00e3o de todos, pequeno diante de Deus, servidor junto dos \u00faltimos, e construtor da fraternidade onde quer que esteja.<\/p>\n<p>Se voc\u00ea sente esse chamado, n\u00e3o tenha medo! Deus n\u00e3o tira nada, Ele d\u00e1 tudo. Ele lhe dar\u00e1 irm\u00e3os, uma fam\u00edlia, uma miss\u00e3o, uma alegria profunda que o mundo n\u00e3o pode dar. Claro, haver\u00e1 ren\u00fancias, haver\u00e1 cruzes, mas tamb\u00e9m uma liberdade que s\u00f3 quem se entrega ao Evangelho conhece.<\/p>\n<p>Portanto, escute a voz do Senhor: \u201cVai, reconstr\u00f3i a minha Igreja\u201d. Se entregue, confie, e v\u00e1 descobrindo dia a dia a gra\u00e7a de ser pobre, livre e alegre no Senhor. Venha ser um frade menor! Paz e Bem!<\/p>\n<p><img loading=\"lazy\" class=\"aligncenter wp-image-260943 size-full\" src=\"https:\/\/franciscanos.org.br\/noticias\/wp-content\/uploads\/2025\/10\/materia2-5.jpg\" alt=\"\" width=\"1280\" height=\"720\" srcset=\"https:\/\/franciscanos.org.br\/noticias\/wp-content\/uploads\/2025\/10\/materia2-5.jpg 1280w, https:\/\/franciscanos.org.br\/noticias\/wp-content\/uploads\/2025\/10\/materia2-5-450x253.jpg 450w, https:\/\/franciscanos.org.br\/noticias\/wp-content\/uploads\/2025\/10\/materia2-5-1024x576.jpg 1024w, https:\/\/franciscanos.org.br\/noticias\/wp-content\/uploads\/2025\/10\/materia2-5-768x432.jpg 768w, https:\/\/franciscanos.org.br\/noticias\/wp-content\/uploads\/2025\/10\/materia2-5-150x84.jpg 150w\" sizes=\"(max-width: 1280px) 100vw, 1280px\" \/><\/p>\n<hr \/>\n<p><em>Adriana Rabelo Rodrigues<\/em><\/p>\n","protected":false},"excerpt":{"rendered":"<p>Ordena\u00e7\u00e3o Presbiteral<\/p>\n","protected":false},"author":11,"featured_media":260938,"comment_status":"open","ping_status":"open","sticky":false,"template":"","format":"standard","meta":[],"categories":[758,1],"tags":[2431,2430],"acf":[],"yoast_head":"<!-- This site is optimized with the Yoast SEO plugin v19.2 - https:\/\/yoast.com\/wordpress\/plugins\/seo\/ -->\n<title>Frei Felipe Carretta se prepara para sua ordena\u00e7\u00e3o presbiteral no Esp\u00edrito Santo - Not\u00edcias - Franciscanos<\/title>\n<meta name=\"robots\" content=\"index, follow, max-snippet:-1, max-image-preview:large, max-video-preview:-1\" \/>\n<link rel=\"canonical\" href=\"https:\/\/franciscanos.org.br\/noticias\/frei-felipe-carretta-se-prepara-para-sua-ordenacao-presbiteral-no-espirito-santo.html\" \/>\n<meta property=\"og:locale\" content=\"pt_BR\" \/>\n<meta property=\"og:type\" content=\"article\" \/>\n<meta property=\"og:title\" content=\"Frei Felipe Carretta se prepara para sua ordena\u00e7\u00e3o presbiteral no Esp\u00edrito Santo - Not\u00edcias - Franciscanos\" \/>\n<meta property=\"og:description\" content=\"Ordena\u00e7\u00e3o Presbiteral\" \/>\n<meta property=\"og:url\" content=\"https:\/\/franciscanos.org.br\/noticias\/frei-felipe-carretta-se-prepara-para-sua-ordenacao-presbiteral-no-espirito-santo.html\" \/>\n<meta property=\"og:site_name\" content=\"Not\u00edcias - Franciscanos\" \/>\n<meta property=\"article:published_time\" content=\"2025-10-07T16:33:57+00:00\" \/>\n<meta property=\"article:modified_time\" content=\"2025-10-07T18:06:41+00:00\" \/>\n<meta property=\"og:image\" content=\"https:\/\/franciscanos.org.br\/noticias\/wp-content\/uploads\/2025\/10\/Design-sem-nome-3.jpg\" \/>\n\t<meta property=\"og:image:width\" content=\"800\" \/>\n\t<meta property=\"og:image:height\" content=\"550\" \/>\n\t<meta property=\"og:image:type\" content=\"image\/jpeg\" \/>\n<meta name=\"author\" content=\"Adriana Rabelo\" \/>\n<meta name=\"twitter:card\" content=\"summary_large_image\" \/>\n<meta name=\"twitter:label1\" content=\"Escrito por\" \/>\n\t<meta name=\"twitter:data1\" content=\"Adriana Rabelo\" \/>\n\t<meta name=\"twitter:label2\" content=\"Est. tempo de leitura\" \/>\n\t<meta name=\"twitter:data2\" content=\"10 minutos\" \/>\n<script type=\"application\/ld+json\" class=\"yoast-schema-graph\">{\"@context\":\"https:\/\/schema.org\",\"@graph\":[{\"@type\":\"WebSite\",\"@id\":\"https:\/\/franciscanos.org.br\/noticias\/#website\",\"url\":\"https:\/\/franciscanos.org.br\/noticias\/\",\"name\":\"Not\u00edcias - Franciscanos\",\"description\":\"Prov\u00edncia Franciscana da Imaculada Concei\u00e7\u00e3o do Brasil - Ordem dos Frades Menores - OFM\",\"potentialAction\":[{\"@type\":\"SearchAction\",\"target\":{\"@type\":\"EntryPoint\",\"urlTemplate\":\"https:\/\/franciscanos.org.br\/noticias\/?s={search_term_string}\"},\"query-input\":\"required name=search_term_string\"}],\"inLanguage\":\"pt-BR\"},{\"@type\":\"ImageObject\",\"inLanguage\":\"pt-BR\",\"@id\":\"https:\/\/franciscanos.org.br\/noticias\/frei-felipe-carretta-se-prepara-para-sua-ordenacao-presbiteral-no-espirito-santo.html#primaryimage\",\"url\":\"https:\/\/franciscanos.org.br\/noticias\/wp-content\/uploads\/2025\/10\/Design-sem-nome-3.jpg\",\"contentUrl\":\"https:\/\/franciscanos.org.br\/noticias\/wp-content\/uploads\/2025\/10\/Design-sem-nome-3.jpg\",\"width\":800,\"height\":550},{\"@type\":\"WebPage\",\"@id\":\"https:\/\/franciscanos.org.br\/noticias\/frei-felipe-carretta-se-prepara-para-sua-ordenacao-presbiteral-no-espirito-santo.html#webpage\",\"url\":\"https:\/\/franciscanos.org.br\/noticias\/frei-felipe-carretta-se-prepara-para-sua-ordenacao-presbiteral-no-espirito-santo.html\",\"name\":\"Frei Felipe Carretta se prepara para sua ordena\u00e7\u00e3o presbiteral no Esp\u00edrito Santo - Not\u00edcias - Franciscanos\",\"isPartOf\":{\"@id\":\"https:\/\/franciscanos.org.br\/noticias\/#website\"},\"primaryImageOfPage\":{\"@id\":\"https:\/\/franciscanos.org.br\/noticias\/frei-felipe-carretta-se-prepara-para-sua-ordenacao-presbiteral-no-espirito-santo.html#primaryimage\"},\"datePublished\":\"2025-10-07T16:33:57+00:00\",\"dateModified\":\"2025-10-07T18:06:41+00:00\",\"author\":{\"@id\":\"https:\/\/franciscanos.org.br\/noticias\/#\/schema\/person\/d9422e83121c3ad3b0f423d195f5bb25\"},\"breadcrumb\":{\"@id\":\"https:\/\/franciscanos.org.br\/noticias\/frei-felipe-carretta-se-prepara-para-sua-ordenacao-presbiteral-no-espirito-santo.html#breadcrumb\"},\"inLanguage\":\"pt-BR\",\"potentialAction\":[{\"@type\":\"ReadAction\",\"target\":[\"https:\/\/franciscanos.org.br\/noticias\/frei-felipe-carretta-se-prepara-para-sua-ordenacao-presbiteral-no-espirito-santo.html\"]}]},{\"@type\":\"BreadcrumbList\",\"@id\":\"https:\/\/franciscanos.org.br\/noticias\/frei-felipe-carretta-se-prepara-para-sua-ordenacao-presbiteral-no-espirito-santo.html#breadcrumb\",\"itemListElement\":[{\"@type\":\"ListItem\",\"position\":1,\"name\":\"Home\",\"item\":\"https:\/\/franciscanos.org.br\/noticias\"},{\"@type\":\"ListItem\",\"position\":2,\"name\":\"Frei Felipe Carretta se prepara para sua ordena\u00e7\u00e3o presbiteral no Esp\u00edrito Santo\"}]},{\"@type\":\"Person\",\"@id\":\"https:\/\/franciscanos.org.br\/noticias\/#\/schema\/person\/d9422e83121c3ad3b0f423d195f5bb25\",\"name\":\"Adriana Rabelo\",\"image\":{\"@type\":\"ImageObject\",\"inLanguage\":\"pt-BR\",\"@id\":\"https:\/\/franciscanos.org.br\/noticias\/#\/schema\/person\/image\/\",\"url\":\"https:\/\/secure.gravatar.com\/avatar\/0a937b7500cd7df77540cfb8bede877d?s=96&d=mm&r=g\",\"contentUrl\":\"https:\/\/secure.gravatar.com\/avatar\/0a937b7500cd7df77540cfb8bede877d?s=96&d=mm&r=g\",\"caption\":\"Adriana Rabelo\"},\"url\":\"https:\/\/franciscanos.org.br\/noticias\/author\/adrianarabelo\"}]}<\/script>\n<!-- \/ Yoast SEO plugin. -->","yoast_head_json":{"title":"Frei Felipe Carretta se prepara para sua ordena\u00e7\u00e3o presbiteral no Esp\u00edrito Santo - Not\u00edcias - Franciscanos","robots":{"index":"index","follow":"follow","max-snippet":"max-snippet:-1","max-image-preview":"max-image-preview:large","max-video-preview":"max-video-preview:-1"},"canonical":"https:\/\/franciscanos.org.br\/noticias\/frei-felipe-carretta-se-prepara-para-sua-ordenacao-presbiteral-no-espirito-santo.html","og_locale":"pt_BR","og_type":"article","og_title":"Frei Felipe Carretta se prepara para sua ordena\u00e7\u00e3o presbiteral no Esp\u00edrito Santo - Not\u00edcias - Franciscanos","og_description":"Ordena\u00e7\u00e3o Presbiteral","og_url":"https:\/\/franciscanos.org.br\/noticias\/frei-felipe-carretta-se-prepara-para-sua-ordenacao-presbiteral-no-espirito-santo.html","og_site_name":"Not\u00edcias - Franciscanos","article_published_time":"2025-10-07T16:33:57+00:00","article_modified_time":"2025-10-07T18:06:41+00:00","og_image":[{"width":800,"height":550,"url":"https:\/\/franciscanos.org.br\/noticias\/wp-content\/uploads\/2025\/10\/Design-sem-nome-3.jpg","type":"image\/jpeg"}],"author":"Adriana Rabelo","twitter_card":"summary_large_image","twitter_misc":{"Escrito por":"Adriana Rabelo","Est. tempo de leitura":"10 minutos"},"schema":{"@context":"https:\/\/schema.org","@graph":[{"@type":"WebSite","@id":"https:\/\/franciscanos.org.br\/noticias\/#website","url":"https:\/\/franciscanos.org.br\/noticias\/","name":"Not\u00edcias - Franciscanos","description":"Prov\u00edncia Franciscana da Imaculada Concei\u00e7\u00e3o do Brasil - Ordem dos Frades Menores - OFM","potentialAction":[{"@type":"SearchAction","target":{"@type":"EntryPoint","urlTemplate":"https:\/\/franciscanos.org.br\/noticias\/?s={search_term_string}"},"query-input":"required name=search_term_string"}],"inLanguage":"pt-BR"},{"@type":"ImageObject","inLanguage":"pt-BR","@id":"https:\/\/franciscanos.org.br\/noticias\/frei-felipe-carretta-se-prepara-para-sua-ordenacao-presbiteral-no-espirito-santo.html#primaryimage","url":"https:\/\/franciscanos.org.br\/noticias\/wp-content\/uploads\/2025\/10\/Design-sem-nome-3.jpg","contentUrl":"https:\/\/franciscanos.org.br\/noticias\/wp-content\/uploads\/2025\/10\/Design-sem-nome-3.jpg","width":800,"height":550},{"@type":"WebPage","@id":"https:\/\/franciscanos.org.br\/noticias\/frei-felipe-carretta-se-prepara-para-sua-ordenacao-presbiteral-no-espirito-santo.html#webpage","url":"https:\/\/franciscanos.org.br\/noticias\/frei-felipe-carretta-se-prepara-para-sua-ordenacao-presbiteral-no-espirito-santo.html","name":"Frei Felipe Carretta se prepara para sua ordena\u00e7\u00e3o presbiteral no Esp\u00edrito Santo - Not\u00edcias - Franciscanos","isPartOf":{"@id":"https:\/\/franciscanos.org.br\/noticias\/#website"},"primaryImageOfPage":{"@id":"https:\/\/franciscanos.org.br\/noticias\/frei-felipe-carretta-se-prepara-para-sua-ordenacao-presbiteral-no-espirito-santo.html#primaryimage"},"datePublished":"2025-10-07T16:33:57+00:00","dateModified":"2025-10-07T18:06:41+00:00","author":{"@id":"https:\/\/franciscanos.org.br\/noticias\/#\/schema\/person\/d9422e83121c3ad3b0f423d195f5bb25"},"breadcrumb":{"@id":"https:\/\/franciscanos.org.br\/noticias\/frei-felipe-carretta-se-prepara-para-sua-ordenacao-presbiteral-no-espirito-santo.html#breadcrumb"},"inLanguage":"pt-BR","potentialAction":[{"@type":"ReadAction","target":["https:\/\/franciscanos.org.br\/noticias\/frei-felipe-carretta-se-prepara-para-sua-ordenacao-presbiteral-no-espirito-santo.html"]}]},{"@type":"BreadcrumbList","@id":"https:\/\/franciscanos.org.br\/noticias\/frei-felipe-carretta-se-prepara-para-sua-ordenacao-presbiteral-no-espirito-santo.html#breadcrumb","itemListElement":[{"@type":"ListItem","position":1,"name":"Home","item":"https:\/\/franciscanos.org.br\/noticias"},{"@type":"ListItem","position":2,"name":"Frei Felipe Carretta se prepara para sua ordena\u00e7\u00e3o presbiteral no Esp\u00edrito Santo"}]},{"@type":"Person","@id":"https:\/\/franciscanos.org.br\/noticias\/#\/schema\/person\/d9422e83121c3ad3b0f423d195f5bb25","name":"Adriana Rabelo","image":{"@type":"ImageObject","inLanguage":"pt-BR","@id":"https:\/\/franciscanos.org.br\/noticias\/#\/schema\/person\/image\/","url":"https:\/\/secure.gravatar.com\/avatar\/0a937b7500cd7df77540cfb8bede877d?s=96&d=mm&r=g","contentUrl":"https:\/\/secure.gravatar.com\/avatar\/0a937b7500cd7df77540cfb8bede877d?s=96&d=mm&r=g","caption":"Adriana Rabelo"},"url":"https:\/\/franciscanos.org.br\/noticias\/author\/adrianarabelo"}]}},"_links":{"self":[{"href":"https:\/\/franciscanos.org.br\/noticias\/wp-json\/wp\/v2\/posts\/260937"}],"collection":[{"href":"https:\/\/franciscanos.org.br\/noticias\/wp-json\/wp\/v2\/posts"}],"about":[{"href":"https:\/\/franciscanos.org.br\/noticias\/wp-json\/wp\/v2\/types\/post"}],"author":[{"embeddable":true,"href":"https:\/\/franciscanos.org.br\/noticias\/wp-json\/wp\/v2\/users\/11"}],"replies":[{"embeddable":true,"href":"https:\/\/franciscanos.org.br\/noticias\/wp-json\/wp\/v2\/comments?post=260937"}],"version-history":[{"count":9,"href":"https:\/\/franciscanos.org.br\/noticias\/wp-json\/wp\/v2\/posts\/260937\/revisions"}],"predecessor-version":[{"id":260950,"href":"https:\/\/franciscanos.org.br\/noticias\/wp-json\/wp\/v2\/posts\/260937\/revisions\/260950"}],"wp:featuredmedia":[{"embeddable":true,"href":"https:\/\/franciscanos.org.br\/noticias\/wp-json\/wp\/v2\/media\/260938"}],"wp:attachment":[{"href":"https:\/\/franciscanos.org.br\/noticias\/wp-json\/wp\/v2\/media?parent=260937"}],"wp:term":[{"taxonomy":"category","embeddable":true,"href":"https:\/\/franciscanos.org.br\/noticias\/wp-json\/wp\/v2\/categories?post=260937"},{"taxonomy":"post_tag","embeddable":true,"href":"https:\/\/franciscanos.org.br\/noticias\/wp-json\/wp\/v2\/tags?post=260937"}],"curies":[{"name":"wp","href":"https:\/\/api.w.org\/{rel}","templated":true}]}}