{"id":260907,"date":"2025-10-07T08:50:05","date_gmt":"2025-10-07T11:50:05","guid":{"rendered":"https:\/\/franciscanos.org.br\/noticias\/?p=260907"},"modified":"2025-10-22T02:47:53","modified_gmt":"2025-10-22T05:47:53","slug":"260907","status":"publish","type":"post","link":"https:\/\/franciscanos.org.br\/noticias\/260907.html","title":{"rendered":"S\u00e3o Francisco \u00e9 um santo \u201cplurifacial\u201d: Franciscanos celebram fundador em Vila Velha"},"content":{"rendered":"<p><img loading=\"lazy\" class=\"aligncenter wp-image-260909 size-full\" src=\"https:\/\/franciscanos.org.br\/noticias\/wp-content\/uploads\/2025\/10\/MATERIA-1-7.jpg\" alt=\"\" width=\"1280\" height=\"720\" srcset=\"https:\/\/franciscanos.org.br\/noticias\/wp-content\/uploads\/2025\/10\/MATERIA-1-7.jpg 1280w, https:\/\/franciscanos.org.br\/noticias\/wp-content\/uploads\/2025\/10\/MATERIA-1-7-450x253.jpg 450w, https:\/\/franciscanos.org.br\/noticias\/wp-content\/uploads\/2025\/10\/MATERIA-1-7-1024x576.jpg 1024w, https:\/\/franciscanos.org.br\/noticias\/wp-content\/uploads\/2025\/10\/MATERIA-1-7-768x432.jpg 768w, https:\/\/franciscanos.org.br\/noticias\/wp-content\/uploads\/2025\/10\/MATERIA-1-7-150x84.jpg 150w\" sizes=\"(max-width: 1280px) 100vw, 1280px\" \/><\/p>\n<p>A Festa de S\u00e3o Francisco de Assis foi celebrada com muita alegria pelas fraternidades franciscanas de Vila Velha, no Esp\u00edrito Santo. No dia 4 de outubro, no come\u00e7o da tarde, em fraternidade, os Freis do Convento da Penha e do Santu\u00e1rio Divino Esp\u00edrito Santo celebraram juntos a Missa Solene em honra ao Ser\u00e1fico Pai, Fundador das Tr\u00eas Ordens Franciscanas e Patrono da Ecologia e dos Animais. Frei Vanderlei Neves, p\u00e1roco, presidiu a Eucaristia e os demais frades concelebraram.<\/p>\n<p><img loading=\"lazy\" class=\"size-medium wp-image-260911 alignright\" src=\"https:\/\/franciscanos.org.br\/noticias\/wp-content\/uploads\/2025\/10\/TRATADA-CLARENCIO-399x450.jpg\" alt=\"\" width=\"399\" height=\"450\" srcset=\"https:\/\/franciscanos.org.br\/noticias\/wp-content\/uploads\/2025\/10\/TRATADA-CLARENCIO-399x450.jpg 399w, https:\/\/franciscanos.org.br\/noticias\/wp-content\/uploads\/2025\/10\/TRATADA-CLARENCIO-768x866.jpg 768w, https:\/\/franciscanos.org.br\/noticias\/wp-content\/uploads\/2025\/10\/TRATADA-CLARENCIO-150x169.jpg 150w, https:\/\/franciscanos.org.br\/noticias\/wp-content\/uploads\/2025\/10\/TRATADA-CLARENCIO.jpg 876w\" sizes=\"(max-width: 399px) 100vw, 399px\" \/>A homilia foi feita pelo Frei Clar\u00eancio Neotti. \u201cS\u00e3o Francisco \u00e9 um santo \u2018plurifacial\u2019, e suas m\u00faltiplas faces est\u00e3o marcadamente ligadas a Cristo e ligadas \u00e0 criatura humana. Lembro duas destas faces, ambas de uma atualidade espantosa, porque n\u00f3s estamos vivendo um momento em que a maior parte da riqueza econ\u00f4mica do mundo serve para fabricar armas. E n\u00f3s vemos todos os dias, impotentes, aquelas cenas das crian\u00e7as morrendo de fome, n\u00e3o s\u00f3 na faixa de Gaza, mas no Congo, na nossa Amaz\u00f4nia, nos \u00edndios explorados pelos brancos e em muitas outras partes. Por isso, essas duas faces de Francisco, repito, s\u00e3o muito atuais. Francisco, sem d\u00favida, \u00e9 o santo promotor da paz. Teve a ousadia de, antes de tentar pacificar os outros, pacificar-se a si mesmo, despojando-se do ego\u00edsmo, ego\u00edsmo gerador de gan\u00e2ncia, de orgulho, de prepot\u00eancia\u201d, disse o frade.<\/p>\n<p>\u201cS\u00e3o Francisco viu o Cristo marginalizado nos pobres mais pobres, que eram os leprosos naquele tempo, leprosos privados da sa\u00fade, da dignidade e da esperan\u00e7a. Trabalhou em lepros\u00e1rio, comeu com leprosos no mesmo prato, num tempo que se comia com as m\u00e3os, beijou leprosos e do lepros\u00e1rio de Roma, copiou o sigilo, copiou o tal, com o qual assinava seu nome, identificando-se assim a um leproso, como se havia identificado com o Cristo crucificado. Cabe, cabe sim, cabe em S\u00e3o Francisco o que S\u00e3o Paulo escreveu de Jesus aos filipenses, esvaziou-se a si mesmo, humilhou-se, assumiu a condi\u00e7\u00e3o de servo de todos\u201d, afirmou Frei Clar\u00eancio.<\/p>\n\n\t\t<style type=\"text\/css\">\n\t\t\t#gallery-1 {\n\t\t\t\tmargin: auto;\n\t\t\t}\n\t\t\t#gallery-1 .gallery-item {\n\t\t\t\tfloat: left;\n\t\t\t\tmargin-top: 10px;\n\t\t\t\ttext-align: center;\n\t\t\t\twidth: 33%;\n\t\t\t}\n\t\t\t#gallery-1 img {\n\t\t\t\tborder: 2px solid #cfcfcf;\n\t\t\t}\n\t\t\t#gallery-1 .gallery-caption {\n\t\t\t\tmargin-left: 0;\n\t\t\t}\n\t\t\t\/* see gallery_shortcode() in wp-includes\/media.php *\/\n\t\t<\/style>\n\t\t<div id='gallery-1' class='gallery galleryid-260907 gallery-columns-3 gallery-size-thumbnail'><dl class='gallery-item'>\n\t\t\t<dt class='gallery-icon landscape'>\n\t\t\t\t<a href='https:\/\/franciscanos.org.br\/noticias\/wp-content\/uploads\/2025\/10\/MATERIA-4-2.jpg'><img width=\"300\" height=\"300\" src=\"https:\/\/franciscanos.org.br\/noticias\/wp-content\/uploads\/2025\/10\/MATERIA-4-2-300x300.jpg\" class=\"attachment-thumbnail size-thumbnail\" alt=\"\" loading=\"lazy\" srcset=\"https:\/\/franciscanos.org.br\/noticias\/wp-content\/uploads\/2025\/10\/MATERIA-4-2-300x300.jpg 300w, https:\/\/franciscanos.org.br\/noticias\/wp-content\/uploads\/2025\/10\/MATERIA-4-2-100x100.jpg 100w\" sizes=\"(max-width: 300px) 100vw, 300px\" \/><\/a>\n\t\t\t<\/dt><\/dl><dl class='gallery-item'>\n\t\t\t<dt class='gallery-icon landscape'>\n\t\t\t\t<a href='https:\/\/franciscanos.org.br\/noticias\/wp-content\/uploads\/2025\/10\/Missa-Solene-Dia-de-Sao-Francisco-de-Assis-2-5.jpg'><img width=\"300\" height=\"300\" src=\"https:\/\/franciscanos.org.br\/noticias\/wp-content\/uploads\/2025\/10\/Missa-Solene-Dia-de-Sao-Francisco-de-Assis-2-5-300x300.jpg\" class=\"attachment-thumbnail size-thumbnail\" alt=\"\" loading=\"lazy\" srcset=\"https:\/\/franciscanos.org.br\/noticias\/wp-content\/uploads\/2025\/10\/Missa-Solene-Dia-de-Sao-Francisco-de-Assis-2-5-300x300.jpg 300w, https:\/\/franciscanos.org.br\/noticias\/wp-content\/uploads\/2025\/10\/Missa-Solene-Dia-de-Sao-Francisco-de-Assis-2-5-100x100.jpg 100w\" sizes=\"(max-width: 300px) 100vw, 300px\" \/><\/a>\n\t\t\t<\/dt><\/dl><dl class='gallery-item'>\n\t\t\t<dt class='gallery-icon landscape'>\n\t\t\t\t<a href='https:\/\/franciscanos.org.br\/noticias\/wp-content\/uploads\/2025\/10\/Missa-Solene-Dia-de-Sao-Francisco-de-Assis-2-8.jpg'><img width=\"300\" height=\"300\" src=\"https:\/\/franciscanos.org.br\/noticias\/wp-content\/uploads\/2025\/10\/Missa-Solene-Dia-de-Sao-Francisco-de-Assis-2-8-300x300.jpg\" class=\"attachment-thumbnail size-thumbnail\" alt=\"\" loading=\"lazy\" srcset=\"https:\/\/franciscanos.org.br\/noticias\/wp-content\/uploads\/2025\/10\/Missa-Solene-Dia-de-Sao-Francisco-de-Assis-2-8-300x300.jpg 300w, https:\/\/franciscanos.org.br\/noticias\/wp-content\/uploads\/2025\/10\/Missa-Solene-Dia-de-Sao-Francisco-de-Assis-2-8-100x100.jpg 100w\" sizes=\"(max-width: 300px) 100vw, 300px\" \/><\/a>\n\t\t\t<\/dt><\/dl><br style=\"clear: both\" \/>\n\t\t<\/div>\n\n<p>Ainda sobre o contexto do apelo de paz, o franciscano lembrou da importante sauda\u00e7\u00e3o de \u201cpaz e bem\u201d, inspirada nas Sagradas Escrituras. \u201c\u00c0 medida que o homem se reconcilia consigo mesmo, pode pacificar os outros. E se n\u00e3o consigo pacificar os outros, \u00e9 porque eu n\u00e3o me pacifiquei. Francisco podia come\u00e7ar todas as suas prega\u00e7\u00f5es evang\u00e9licas com a sauda\u00e7\u00e3o, o Senhor vos d\u00ea a paz. Sauda\u00e7\u00e3o bem parecida com a de Jesus ressuscitado na tarde de P\u00e1scoa, no cen\u00e1culo, a paz esteja convosco. A legenda dos tr\u00eas companheiros, companheiros que viveram com S\u00e3o Francisco, a legenda dos tr\u00eas companheiros escreve que Francisco dizia aos frades, A paz que voc\u00eas anunciam com a boca, vivam-na primeiro no cora\u00e7\u00e3o. Francisco cantou a paz no c\u00e2ntico do sol e declarou bem-aventurados, em portugu\u00eas n\u00f3s dir\u00edamos, declarou realizados e coroados por Deus os promotores da paz\u201d.<\/p>\n<p><img loading=\"lazy\" class=\"aligncenter wp-image-260918 size-full\" src=\"https:\/\/franciscanos.org.br\/noticias\/wp-content\/uploads\/2025\/10\/MATERIA-7-1.jpg\" alt=\"\" width=\"1280\" height=\"720\" srcset=\"https:\/\/franciscanos.org.br\/noticias\/wp-content\/uploads\/2025\/10\/MATERIA-7-1.jpg 1280w, https:\/\/franciscanos.org.br\/noticias\/wp-content\/uploads\/2025\/10\/MATERIA-7-1-450x253.jpg 450w, https:\/\/franciscanos.org.br\/noticias\/wp-content\/uploads\/2025\/10\/MATERIA-7-1-1024x576.jpg 1024w, https:\/\/franciscanos.org.br\/noticias\/wp-content\/uploads\/2025\/10\/MATERIA-7-1-768x432.jpg 768w, https:\/\/franciscanos.org.br\/noticias\/wp-content\/uploads\/2025\/10\/MATERIA-7-1-150x84.jpg 150w\" sizes=\"(max-width: 1280px) 100vw, 1280px\" \/><\/p>\n<p>Neste ano, a Igreja tamb\u00e9m recorda os 800 anos do C\u00e2ntico das Criaturas. Para marcar este momento foi realizada uma feira de ado\u00e7\u00e3o de animais, em parceria com a Prefeitura de Vila Velha.<\/p>\n\n\t\t<style type=\"text\/css\">\n\t\t\t#gallery-2 {\n\t\t\t\tmargin: auto;\n\t\t\t}\n\t\t\t#gallery-2 .gallery-item {\n\t\t\t\tfloat: left;\n\t\t\t\tmargin-top: 10px;\n\t\t\t\ttext-align: center;\n\t\t\t\twidth: 20%;\n\t\t\t}\n\t\t\t#gallery-2 img {\n\t\t\t\tborder: 2px solid #cfcfcf;\n\t\t\t}\n\t\t\t#gallery-2 .gallery-caption {\n\t\t\t\tmargin-left: 0;\n\t\t\t}\n\t\t\t\/* see gallery_shortcode() in wp-includes\/media.php *\/\n\t\t<\/style>\n\t\t<div id='gallery-2' class='gallery galleryid-260907 gallery-columns-5 gallery-size-thumbnail'><dl class='gallery-item'>\n\t\t\t<dt class='gallery-icon landscape'>\n\t\t\t\t<a href='https:\/\/franciscanos.org.br\/noticias\/wp-content\/uploads\/2025\/10\/Missa-Solene-Dia-de-Sao-Francisco-de-Assis-20.jpg'><img width=\"300\" height=\"300\" src=\"https:\/\/franciscanos.org.br\/noticias\/wp-content\/uploads\/2025\/10\/Missa-Solene-Dia-de-Sao-Francisco-de-Assis-20-300x300.jpg\" class=\"attachment-thumbnail size-thumbnail\" alt=\"\" loading=\"lazy\" srcset=\"https:\/\/franciscanos.org.br\/noticias\/wp-content\/uploads\/2025\/10\/Missa-Solene-Dia-de-Sao-Francisco-de-Assis-20-300x300.jpg 300w, https:\/\/franciscanos.org.br\/noticias\/wp-content\/uploads\/2025\/10\/Missa-Solene-Dia-de-Sao-Francisco-de-Assis-20-100x100.jpg 100w\" sizes=\"(max-width: 300px) 100vw, 300px\" \/><\/a>\n\t\t\t<\/dt><\/dl><dl class='gallery-item'>\n\t\t\t<dt class='gallery-icon landscape'>\n\t\t\t\t<a href='https:\/\/franciscanos.org.br\/noticias\/wp-content\/uploads\/2025\/10\/Missa-Solene-Dia-de-Sao-Francisco-de-Assis-19.jpg'><img width=\"300\" height=\"300\" src=\"https:\/\/franciscanos.org.br\/noticias\/wp-content\/uploads\/2025\/10\/Missa-Solene-Dia-de-Sao-Francisco-de-Assis-19-300x300.jpg\" class=\"attachment-thumbnail size-thumbnail\" alt=\"\" loading=\"lazy\" srcset=\"https:\/\/franciscanos.org.br\/noticias\/wp-content\/uploads\/2025\/10\/Missa-Solene-Dia-de-Sao-Francisco-de-Assis-19-300x300.jpg 300w, https:\/\/franciscanos.org.br\/noticias\/wp-content\/uploads\/2025\/10\/Missa-Solene-Dia-de-Sao-Francisco-de-Assis-19-100x100.jpg 100w\" sizes=\"(max-width: 300px) 100vw, 300px\" \/><\/a>\n\t\t\t<\/dt><\/dl><dl class='gallery-item'>\n\t\t\t<dt class='gallery-icon landscape'>\n\t\t\t\t<a href='https:\/\/franciscanos.org.br\/noticias\/wp-content\/uploads\/2025\/10\/Missa-Solene-Dia-de-Sao-Francisco-de-Assis-2-4.jpg'><img width=\"300\" height=\"300\" src=\"https:\/\/franciscanos.org.br\/noticias\/wp-content\/uploads\/2025\/10\/Missa-Solene-Dia-de-Sao-Francisco-de-Assis-2-4-300x300.jpg\" class=\"attachment-thumbnail size-thumbnail\" alt=\"\" loading=\"lazy\" srcset=\"https:\/\/franciscanos.org.br\/noticias\/wp-content\/uploads\/2025\/10\/Missa-Solene-Dia-de-Sao-Francisco-de-Assis-2-4-300x300.jpg 300w, https:\/\/franciscanos.org.br\/noticias\/wp-content\/uploads\/2025\/10\/Missa-Solene-Dia-de-Sao-Francisco-de-Assis-2-4-100x100.jpg 100w\" sizes=\"(max-width: 300px) 100vw, 300px\" \/><\/a>\n\t\t\t<\/dt><\/dl><dl class='gallery-item'>\n\t\t\t<dt class='gallery-icon landscape'>\n\t\t\t\t<a href='https:\/\/franciscanos.org.br\/noticias\/wp-content\/uploads\/2025\/10\/Missa-Solene-Dia-de-Sao-Francisco-de-Assis-2-3.jpg'><img width=\"300\" height=\"300\" src=\"https:\/\/franciscanos.org.br\/noticias\/wp-content\/uploads\/2025\/10\/Missa-Solene-Dia-de-Sao-Francisco-de-Assis-2-3-300x300.jpg\" class=\"attachment-thumbnail size-thumbnail\" alt=\"\" loading=\"lazy\" srcset=\"https:\/\/franciscanos.org.br\/noticias\/wp-content\/uploads\/2025\/10\/Missa-Solene-Dia-de-Sao-Francisco-de-Assis-2-3-300x300.jpg 300w, https:\/\/franciscanos.org.br\/noticias\/wp-content\/uploads\/2025\/10\/Missa-Solene-Dia-de-Sao-Francisco-de-Assis-2-3-100x100.jpg 100w\" sizes=\"(max-width: 300px) 100vw, 300px\" \/><\/a>\n\t\t\t<\/dt><\/dl><dl class='gallery-item'>\n\t\t\t<dt class='gallery-icon landscape'>\n\t\t\t\t<a href='https:\/\/franciscanos.org.br\/noticias\/wp-content\/uploads\/2025\/10\/Missa-Solene-Dia-de-Sao-Francisco-de-Assis-21.jpg'><img width=\"300\" height=\"300\" src=\"https:\/\/franciscanos.org.br\/noticias\/wp-content\/uploads\/2025\/10\/Missa-Solene-Dia-de-Sao-Francisco-de-Assis-21-300x300.jpg\" class=\"attachment-thumbnail size-thumbnail\" alt=\"\" loading=\"lazy\" srcset=\"https:\/\/franciscanos.org.br\/noticias\/wp-content\/uploads\/2025\/10\/Missa-Solene-Dia-de-Sao-Francisco-de-Assis-21-300x300.jpg 300w, https:\/\/franciscanos.org.br\/noticias\/wp-content\/uploads\/2025\/10\/Missa-Solene-Dia-de-Sao-Francisco-de-Assis-21-100x100.jpg 100w\" sizes=\"(max-width: 300px) 100vw, 300px\" \/><\/a>\n\t\t\t<\/dt><\/dl><br style=\"clear: both\" \/>\n\t\t<\/div>\n\n<h3><strong>Solenidade de S\u00e3o Francisco no Convento da Penha<\/strong><\/h3>\n<p>A tradicional Missa das 15 horas, celebrada na Capela do Convento da Penha, contou com presen\u00e7a de centenas de fi\u00e9is, especialmente devotos de S\u00e3o Francisco de Assis. A Ordem Franciscana Secular se uniu \u00e0 fraternidade da Penha e cantou as maravilhas de Deus expressas no Pobrezinho de Assis.<\/p>\n<p><img loading=\"lazy\" class=\"aligncenter wp-image-260925 size-full\" src=\"https:\/\/franciscanos.org.br\/noticias\/wp-content\/uploads\/2025\/10\/MATERIA-1-PENHA.jpg\" alt=\"\" width=\"1280\" height=\"720\" srcset=\"https:\/\/franciscanos.org.br\/noticias\/wp-content\/uploads\/2025\/10\/MATERIA-1-PENHA.jpg 1280w, https:\/\/franciscanos.org.br\/noticias\/wp-content\/uploads\/2025\/10\/MATERIA-1-PENHA-450x253.jpg 450w, https:\/\/franciscanos.org.br\/noticias\/wp-content\/uploads\/2025\/10\/MATERIA-1-PENHA-1024x576.jpg 1024w, https:\/\/franciscanos.org.br\/noticias\/wp-content\/uploads\/2025\/10\/MATERIA-1-PENHA-768x432.jpg 768w, https:\/\/franciscanos.org.br\/noticias\/wp-content\/uploads\/2025\/10\/MATERIA-1-PENHA-150x84.jpg 150w\" sizes=\"(max-width: 1280px) 100vw, 1280px\" \/><\/p>\n<p>A Celebra\u00e7\u00e3o foi presidida pelo Frei Paulo C\u00e9sar Ferreira, Vig\u00e1rio do Convento. \u201cO Santo de Assis, que inspirou e continua a inspirar os artistas, escultores, pintores, os m\u00fasicos, escritores, tamb\u00e9m os vocacionados, tantos vocacionados, jovens, homens e mulheres, casados ou solteiros. S\u00e3o Francisco, de fato, inspira a todos n\u00f3s que encontramos em Jesus esse po\u00e7o de \u00e1gua viva e queremos beber dessa fonte como bebeu S\u00e3o Francisco. Ent\u00e3o Francisco nos conduz a Jesus\u201d, iniciou.<\/p>\n<p>\u201cN\u00f3s contemplamos em Francisco de Assis, o crist\u00e3o pleno, o ser humano cristificado, melhor dizendo. Todo absorto no mist\u00e9rio de Cristo, o crist\u00e3o, o homem redimido, reencontrado, resgatado na gra\u00e7a e na for\u00e7a de Cristo. O filho de Deus bendito, o Emmanuel, Deus conosco. Francisco encontra em Jesus, crucificado, louco de amor pela humanidade, por todos n\u00f3s, o melhor jeito, ent\u00e3o, de ser humano. Jesus, feito homem, nos permite, em comunh\u00e3o com ele, tornarmos como Deus, o mais parecido, plenamente, plenamente parecidos com o nosso Deus, nosso Criador, nosso Pai. N\u00f3s nos espelhamos em Jesus, como fez S\u00e3o Francisco, para que o Senhor seja reconhecido em n\u00f3s\u201d, destacou o Vig\u00e1rio do Convento.<\/p>\n<p>\u201cE Francisco comp\u00f5e o belo hino, o C\u00e2ntico do Irm\u00e3o Sol. Estamos a\u00ed a comemorar 800 anos do C\u00e2ntico das Criaturas, ou C\u00e2ntico do Irm\u00e3o Sol. Por isso, S\u00e3o Francisco \u00e9 esculpido, pintado, proclamado, declamado. O patrono dos animais, e o de fato \u00e9, foi proclamado, patrono da ecologia, da natureza. Por qu\u00ea? Ele, S\u00e3o Francisco em Cristo, reencontra o para\u00edso. Lembra l\u00e1 no livro do G\u00eanesis, no in\u00edcio, o ser humano, obediente a Deus, passeava, feliz, em meio a toda a cria\u00e7\u00e3o. Como zelador, louvando o Criador. Mas depois ele se fecha, fica autossuficiente, n\u00e3o d\u00e1 mais ouvidos ao Criador, e a\u00ed desorganiza tudo. Ent\u00e3o, S\u00e3o Francisco reencontrou o caminho, dando ouvidos a Jesus, seguindo a Jesus. Para nos lembrar, o homem reencontrado em Cristo, no seu centro, como a criatura por excel\u00eancia, em meio a toda a cria\u00e7\u00e3o. Ent\u00e3o, amado de Deus e dos homens, S\u00e3o Francisco nos ensina a lei da vida e da disciplina, da obedi\u00eancia\u201d, disse.<\/p>\n<p><img loading=\"lazy\" class=\"aligncenter wp-image-260926 size-full\" src=\"https:\/\/franciscanos.org.br\/noticias\/wp-content\/uploads\/2025\/10\/MATERIA-2-PENHA.jpg\" alt=\"\" width=\"1280\" height=\"720\" srcset=\"https:\/\/franciscanos.org.br\/noticias\/wp-content\/uploads\/2025\/10\/MATERIA-2-PENHA.jpg 1280w, https:\/\/franciscanos.org.br\/noticias\/wp-content\/uploads\/2025\/10\/MATERIA-2-PENHA-450x253.jpg 450w, https:\/\/franciscanos.org.br\/noticias\/wp-content\/uploads\/2025\/10\/MATERIA-2-PENHA-1024x576.jpg 1024w, https:\/\/franciscanos.org.br\/noticias\/wp-content\/uploads\/2025\/10\/MATERIA-2-PENHA-768x432.jpg 768w, https:\/\/franciscanos.org.br\/noticias\/wp-content\/uploads\/2025\/10\/MATERIA-2-PENHA-150x84.jpg 150w\" sizes=\"(max-width: 1280px) 100vw, 1280px\" \/><\/p>\n<p>Ainda na reflex\u00e3o, Frei Paulo citou um documento franciscano. \u201cAqui, eu tomo palavras, me inspiro na carta enc\u00edclica de Frei Elias, sobre a p\u00e1scoa, a passagem, a morte de S\u00e3o Francisco. Do amor incondicional a Jesus e, consequentemente, a todos os seus redimidos, S\u00e3o Francisco. E o legado de S\u00e3o Francisco \u00e9 o mesmo de Jesus. Entregou \u00e0 humanidade uma alian\u00e7a de paz e de todo o bem. S\u00e3o Francisco trouxe luz para os nossos olhos. Desde o Papa, at\u00e9 o Coroinha, at\u00e9 o Gari e a todo mundo. Diz Frei Elias: \u2018verdadeiramente era a luz a presen\u00e7a de nosso irm\u00e3o e Pai Francisco\u2019. Era, pois, uma luz emitida pela verdadeira luz Cristo, iluminando os que estavam nas trevas e que se achavam na sombra da morte para dirigir-lhes os p\u00e9s no caminho da paz.\u00a0 Assim fez S\u00e3o Francisco, de cora\u00e7\u00e3o abrasado no amor de Cristo Jesus, pregando o reino de Deus e convertendo os cora\u00e7\u00f5es dos pais aos filhos, dos imprudentes \u00e0 prud\u00eancia dos justos. S\u00e3o Francisco preparou em todo o mundo um novo povo para o Senhor. Na sua minoridade, na sua pobreza, na sua insignific\u00e2ncia, nele nem era belo de apar\u00eancia\u201d, observou.<\/p>\n\n\t\t<style type=\"text\/css\">\n\t\t\t#gallery-3 {\n\t\t\t\tmargin: auto;\n\t\t\t}\n\t\t\t#gallery-3 .gallery-item {\n\t\t\t\tfloat: left;\n\t\t\t\tmargin-top: 10px;\n\t\t\t\ttext-align: center;\n\t\t\t\twidth: 33%;\n\t\t\t}\n\t\t\t#gallery-3 img {\n\t\t\t\tborder: 2px solid #cfcfcf;\n\t\t\t}\n\t\t\t#gallery-3 .gallery-caption {\n\t\t\t\tmargin-left: 0;\n\t\t\t}\n\t\t\t\/* see gallery_shortcode() in wp-includes\/media.php *\/\n\t\t<\/style>\n\t\t<div id='gallery-3' class='gallery galleryid-260907 gallery-columns-3 gallery-size-thumbnail'><dl class='gallery-item'>\n\t\t\t<dt class='gallery-icon landscape'>\n\t\t\t\t<a href='https:\/\/franciscanos.org.br\/noticias\/wp-content\/uploads\/2025\/10\/Festa-de-Sao-Francisco-de-Assis-06-10-2025-3-153.jpg'><img width=\"300\" height=\"300\" src=\"https:\/\/franciscanos.org.br\/noticias\/wp-content\/uploads\/2025\/10\/Festa-de-Sao-Francisco-de-Assis-06-10-2025-3-153-300x300.jpg\" class=\"attachment-thumbnail size-thumbnail\" alt=\"\" loading=\"lazy\" srcset=\"https:\/\/franciscanos.org.br\/noticias\/wp-content\/uploads\/2025\/10\/Festa-de-Sao-Francisco-de-Assis-06-10-2025-3-153-300x300.jpg 300w, https:\/\/franciscanos.org.br\/noticias\/wp-content\/uploads\/2025\/10\/Festa-de-Sao-Francisco-de-Assis-06-10-2025-3-153-100x100.jpg 100w\" sizes=\"(max-width: 300px) 100vw, 300px\" \/><\/a>\n\t\t\t<\/dt><\/dl><dl class='gallery-item'>\n\t\t\t<dt class='gallery-icon landscape'>\n\t\t\t\t<a href='https:\/\/franciscanos.org.br\/noticias\/wp-content\/uploads\/2025\/10\/Festa-de-Sao-Francisco-de-Assis-06-10-2025-4-153.jpg'><img width=\"300\" height=\"300\" src=\"https:\/\/franciscanos.org.br\/noticias\/wp-content\/uploads\/2025\/10\/Festa-de-Sao-Francisco-de-Assis-06-10-2025-4-153-300x300.jpg\" class=\"attachment-thumbnail size-thumbnail\" alt=\"\" loading=\"lazy\" srcset=\"https:\/\/franciscanos.org.br\/noticias\/wp-content\/uploads\/2025\/10\/Festa-de-Sao-Francisco-de-Assis-06-10-2025-4-153-300x300.jpg 300w, https:\/\/franciscanos.org.br\/noticias\/wp-content\/uploads\/2025\/10\/Festa-de-Sao-Francisco-de-Assis-06-10-2025-4-153-100x100.jpg 100w\" sizes=\"(max-width: 300px) 100vw, 300px\" \/><\/a>\n\t\t\t<\/dt><\/dl><dl class='gallery-item'>\n\t\t\t<dt class='gallery-icon landscape'>\n\t\t\t\t<a href='https:\/\/franciscanos.org.br\/noticias\/wp-content\/uploads\/2025\/10\/Festa-de-Sao-Francisco-de-Assis-06-10-2025-5-153.jpg'><img width=\"300\" height=\"300\" src=\"https:\/\/franciscanos.org.br\/noticias\/wp-content\/uploads\/2025\/10\/Festa-de-Sao-Francisco-de-Assis-06-10-2025-5-153-300x300.jpg\" class=\"attachment-thumbnail size-thumbnail\" alt=\"\" loading=\"lazy\" srcset=\"https:\/\/franciscanos.org.br\/noticias\/wp-content\/uploads\/2025\/10\/Festa-de-Sao-Francisco-de-Assis-06-10-2025-5-153-300x300.jpg 300w, https:\/\/franciscanos.org.br\/noticias\/wp-content\/uploads\/2025\/10\/Festa-de-Sao-Francisco-de-Assis-06-10-2025-5-153-100x100.jpg 100w\" sizes=\"(max-width: 300px) 100vw, 300px\" \/><\/a>\n\t\t\t<\/dt><\/dl><br style=\"clear: both\" \/>\n\t\t<\/div>\n\n<p>\u201cContinua Frei Elias, anuncio-vos uma grande alegria e a novidade de um milagre. Olha s\u00f3, n\u00e3o muito tempo antes da morte, nosso irm\u00e3o e pai apareceu crucificado, trazendo em seu corpo as chagas, os estigmas de Cristo. Seu semblante era desprez\u00edvel e nele nenhum dos membros restou sem grande sofrimento. Mas depois de sua morte, o aspecto era bel\u00edssimo, resplandecente, de admir\u00e1vel candor, alegrando os que o veem. Hoje sempre queremos bendizer e agradecer a Deus, porque realizou conosco a sua miseric\u00f3rdia, que engrandeceu S\u00e3o Francisco entre os homens e o glorificou diante dos anjos. Rezamos para que Deus nos torne com S\u00e3o Francisco part\u00edcipes de sua santa gra\u00e7a\u201d, lembrou.<\/p>\n<p>Por fim, disse: \u201cS\u00e3o Francisco traz luz para os nossos olhos, cegos de interesse, de gan\u00e2ncia, de vaidades. Ent\u00e3o, com S\u00e3o Francisco, por isso, o admiramos, queremos ter essa pureza do olhar. Um olhar onde possamos, ent\u00e3o, vislumbrar um horizonte maior para al\u00e9m de n\u00f3s mesmos\u201d.<\/p>\n<p>Ap\u00f3s a homilia, Frei Paulo entoou a Ladainha de S\u00e3o Francisco.<\/p>\n<p><iframe loading=\"lazy\" title=\"YouTube video player\" src=\"https:\/\/www.youtube.com\/embed\/ntnFHBwk_hk?si=s5A_IYT4FoogjhQe\" width=\"100%\" height=\"480\" frameborder=\"0\" allowfullscreen=\"allowfullscreen\"><span data-mce-type=\"bookmark\" style=\"display: inline-block; width: 0px; overflow: hidden; line-height: 0;\" class=\"mce_SELRES_start\">\ufeff<\/span><\/iframe><\/p>\n<hr \/>\n<p><em>Cristian Oliveira (ASCOM)<\/em><\/p>\n","protected":false},"excerpt":{"rendered":"<p>Solenidade de S\u00e3o Francisco 2025<\/p>\n","protected":false},"author":11,"featured_media":260908,"comment_status":"open","ping_status":"open","sticky":false,"template":"","format":"standard","meta":[],"categories":[1],"tags":[248,2171,2273,2427],"acf":[],"yoast_head":"<!-- This site is optimized with the Yoast SEO plugin v19.2 - https:\/\/yoast.com\/wordpress\/plugins\/seo\/ -->\n<title>S\u00e3o Francisco \u00e9 um santo \u201cplurifacial\u201d: Franciscanos celebram fundador em Vila Velha - Not\u00edcias - Franciscanos<\/title>\n<meta name=\"robots\" content=\"index, follow, max-snippet:-1, max-image-preview:large, max-video-preview:-1\" \/>\n<link rel=\"canonical\" href=\"https:\/\/franciscanos.org.br\/noticias\/260907.html\" \/>\n<meta property=\"og:locale\" content=\"pt_BR\" \/>\n<meta property=\"og:type\" content=\"article\" \/>\n<meta property=\"og:title\" content=\"S\u00e3o Francisco \u00e9 um santo \u201cplurifacial\u201d: Franciscanos celebram fundador em Vila Velha - Not\u00edcias - Franciscanos\" \/>\n<meta property=\"og:description\" content=\"Solenidade de S\u00e3o Francisco 2025\" \/>\n<meta property=\"og:url\" content=\"https:\/\/franciscanos.org.br\/noticias\/260907.html\" \/>\n<meta property=\"og:site_name\" content=\"Not\u00edcias - Franciscanos\" \/>\n<meta property=\"article:published_time\" content=\"2025-10-07T11:50:05+00:00\" \/>\n<meta property=\"article:modified_time\" content=\"2025-10-22T05:47:53+00:00\" \/>\n<meta property=\"og:image\" content=\"https:\/\/franciscanos.org.br\/noticias\/wp-content\/uploads\/2025\/10\/CHAMADA-15.jpg\" \/>\n\t<meta property=\"og:image:width\" content=\"800\" \/>\n\t<meta property=\"og:image:height\" content=\"550\" \/>\n\t<meta property=\"og:image:type\" content=\"image\/jpeg\" \/>\n<meta name=\"author\" content=\"Adriana Rabelo\" \/>\n<meta name=\"twitter:card\" content=\"summary_large_image\" \/>\n<meta name=\"twitter:label1\" content=\"Escrito por\" \/>\n\t<meta name=\"twitter:data1\" content=\"Adriana Rabelo\" \/>\n\t<meta name=\"twitter:label2\" content=\"Est. tempo de leitura\" \/>\n\t<meta name=\"twitter:data2\" content=\"7 minutos\" \/>\n<script type=\"application\/ld+json\" class=\"yoast-schema-graph\">{\"@context\":\"https:\/\/schema.org\",\"@graph\":[{\"@type\":\"WebSite\",\"@id\":\"https:\/\/franciscanos.org.br\/noticias\/#website\",\"url\":\"https:\/\/franciscanos.org.br\/noticias\/\",\"name\":\"Not\u00edcias - Franciscanos\",\"description\":\"Prov\u00edncia Franciscana da Imaculada Concei\u00e7\u00e3o do Brasil - Ordem dos Frades Menores - OFM\",\"potentialAction\":[{\"@type\":\"SearchAction\",\"target\":{\"@type\":\"EntryPoint\",\"urlTemplate\":\"https:\/\/franciscanos.org.br\/noticias\/?s={search_term_string}\"},\"query-input\":\"required name=search_term_string\"}],\"inLanguage\":\"pt-BR\"},{\"@type\":\"ImageObject\",\"inLanguage\":\"pt-BR\",\"@id\":\"https:\/\/franciscanos.org.br\/noticias\/260907.html#primaryimage\",\"url\":\"https:\/\/franciscanos.org.br\/noticias\/wp-content\/uploads\/2025\/10\/CHAMADA-15.jpg\",\"contentUrl\":\"https:\/\/franciscanos.org.br\/noticias\/wp-content\/uploads\/2025\/10\/CHAMADA-15.jpg\",\"width\":800,\"height\":550},{\"@type\":\"WebPage\",\"@id\":\"https:\/\/franciscanos.org.br\/noticias\/260907.html#webpage\",\"url\":\"https:\/\/franciscanos.org.br\/noticias\/260907.html\",\"name\":\"S\u00e3o Francisco \u00e9 um santo \u201cplurifacial\u201d: Franciscanos celebram fundador em Vila Velha - Not\u00edcias - Franciscanos\",\"isPartOf\":{\"@id\":\"https:\/\/franciscanos.org.br\/noticias\/#website\"},\"primaryImageOfPage\":{\"@id\":\"https:\/\/franciscanos.org.br\/noticias\/260907.html#primaryimage\"},\"datePublished\":\"2025-10-07T11:50:05+00:00\",\"dateModified\":\"2025-10-22T05:47:53+00:00\",\"author\":{\"@id\":\"https:\/\/franciscanos.org.br\/noticias\/#\/schema\/person\/d9422e83121c3ad3b0f423d195f5bb25\"},\"breadcrumb\":{\"@id\":\"https:\/\/franciscanos.org.br\/noticias\/260907.html#breadcrumb\"},\"inLanguage\":\"pt-BR\",\"potentialAction\":[{\"@type\":\"ReadAction\",\"target\":[\"https:\/\/franciscanos.org.br\/noticias\/260907.html\"]}]},{\"@type\":\"BreadcrumbList\",\"@id\":\"https:\/\/franciscanos.org.br\/noticias\/260907.html#breadcrumb\",\"itemListElement\":[{\"@type\":\"ListItem\",\"position\":1,\"name\":\"Home\",\"item\":\"https:\/\/franciscanos.org.br\/noticias\"},{\"@type\":\"ListItem\",\"position\":2,\"name\":\"S\u00e3o Francisco \u00e9 um santo \u201cplurifacial\u201d: Franciscanos celebram fundador em Vila Velha\"}]},{\"@type\":\"Person\",\"@id\":\"https:\/\/franciscanos.org.br\/noticias\/#\/schema\/person\/d9422e83121c3ad3b0f423d195f5bb25\",\"name\":\"Adriana Rabelo\",\"image\":{\"@type\":\"ImageObject\",\"inLanguage\":\"pt-BR\",\"@id\":\"https:\/\/franciscanos.org.br\/noticias\/#\/schema\/person\/image\/\",\"url\":\"https:\/\/secure.gravatar.com\/avatar\/0a937b7500cd7df77540cfb8bede877d?s=96&d=mm&r=g\",\"contentUrl\":\"https:\/\/secure.gravatar.com\/avatar\/0a937b7500cd7df77540cfb8bede877d?s=96&d=mm&r=g\",\"caption\":\"Adriana Rabelo\"},\"url\":\"https:\/\/franciscanos.org.br\/noticias\/author\/adrianarabelo\"}]}<\/script>\n<!-- \/ Yoast SEO plugin. -->","yoast_head_json":{"title":"S\u00e3o Francisco \u00e9 um santo \u201cplurifacial\u201d: Franciscanos celebram fundador em Vila Velha - Not\u00edcias - Franciscanos","robots":{"index":"index","follow":"follow","max-snippet":"max-snippet:-1","max-image-preview":"max-image-preview:large","max-video-preview":"max-video-preview:-1"},"canonical":"https:\/\/franciscanos.org.br\/noticias\/260907.html","og_locale":"pt_BR","og_type":"article","og_title":"S\u00e3o Francisco \u00e9 um santo \u201cplurifacial\u201d: Franciscanos celebram fundador em Vila Velha - Not\u00edcias - Franciscanos","og_description":"Solenidade de S\u00e3o Francisco 2025","og_url":"https:\/\/franciscanos.org.br\/noticias\/260907.html","og_site_name":"Not\u00edcias - Franciscanos","article_published_time":"2025-10-07T11:50:05+00:00","article_modified_time":"2025-10-22T05:47:53+00:00","og_image":[{"width":800,"height":550,"url":"https:\/\/franciscanos.org.br\/noticias\/wp-content\/uploads\/2025\/10\/CHAMADA-15.jpg","type":"image\/jpeg"}],"author":"Adriana Rabelo","twitter_card":"summary_large_image","twitter_misc":{"Escrito por":"Adriana Rabelo","Est. tempo de leitura":"7 minutos"},"schema":{"@context":"https:\/\/schema.org","@graph":[{"@type":"WebSite","@id":"https:\/\/franciscanos.org.br\/noticias\/#website","url":"https:\/\/franciscanos.org.br\/noticias\/","name":"Not\u00edcias - Franciscanos","description":"Prov\u00edncia Franciscana da Imaculada Concei\u00e7\u00e3o do Brasil - Ordem dos Frades Menores - OFM","potentialAction":[{"@type":"SearchAction","target":{"@type":"EntryPoint","urlTemplate":"https:\/\/franciscanos.org.br\/noticias\/?s={search_term_string}"},"query-input":"required name=search_term_string"}],"inLanguage":"pt-BR"},{"@type":"ImageObject","inLanguage":"pt-BR","@id":"https:\/\/franciscanos.org.br\/noticias\/260907.html#primaryimage","url":"https:\/\/franciscanos.org.br\/noticias\/wp-content\/uploads\/2025\/10\/CHAMADA-15.jpg","contentUrl":"https:\/\/franciscanos.org.br\/noticias\/wp-content\/uploads\/2025\/10\/CHAMADA-15.jpg","width":800,"height":550},{"@type":"WebPage","@id":"https:\/\/franciscanos.org.br\/noticias\/260907.html#webpage","url":"https:\/\/franciscanos.org.br\/noticias\/260907.html","name":"S\u00e3o Francisco \u00e9 um santo \u201cplurifacial\u201d: Franciscanos celebram fundador em Vila Velha - Not\u00edcias - Franciscanos","isPartOf":{"@id":"https:\/\/franciscanos.org.br\/noticias\/#website"},"primaryImageOfPage":{"@id":"https:\/\/franciscanos.org.br\/noticias\/260907.html#primaryimage"},"datePublished":"2025-10-07T11:50:05+00:00","dateModified":"2025-10-22T05:47:53+00:00","author":{"@id":"https:\/\/franciscanos.org.br\/noticias\/#\/schema\/person\/d9422e83121c3ad3b0f423d195f5bb25"},"breadcrumb":{"@id":"https:\/\/franciscanos.org.br\/noticias\/260907.html#breadcrumb"},"inLanguage":"pt-BR","potentialAction":[{"@type":"ReadAction","target":["https:\/\/franciscanos.org.br\/noticias\/260907.html"]}]},{"@type":"BreadcrumbList","@id":"https:\/\/franciscanos.org.br\/noticias\/260907.html#breadcrumb","itemListElement":[{"@type":"ListItem","position":1,"name":"Home","item":"https:\/\/franciscanos.org.br\/noticias"},{"@type":"ListItem","position":2,"name":"S\u00e3o Francisco \u00e9 um santo \u201cplurifacial\u201d: Franciscanos celebram fundador em Vila Velha"}]},{"@type":"Person","@id":"https:\/\/franciscanos.org.br\/noticias\/#\/schema\/person\/d9422e83121c3ad3b0f423d195f5bb25","name":"Adriana Rabelo","image":{"@type":"ImageObject","inLanguage":"pt-BR","@id":"https:\/\/franciscanos.org.br\/noticias\/#\/schema\/person\/image\/","url":"https:\/\/secure.gravatar.com\/avatar\/0a937b7500cd7df77540cfb8bede877d?s=96&d=mm&r=g","contentUrl":"https:\/\/secure.gravatar.com\/avatar\/0a937b7500cd7df77540cfb8bede877d?s=96&d=mm&r=g","caption":"Adriana Rabelo"},"url":"https:\/\/franciscanos.org.br\/noticias\/author\/adrianarabelo"}]}},"_links":{"self":[{"href":"https:\/\/franciscanos.org.br\/noticias\/wp-json\/wp\/v2\/posts\/260907"}],"collection":[{"href":"https:\/\/franciscanos.org.br\/noticias\/wp-json\/wp\/v2\/posts"}],"about":[{"href":"https:\/\/franciscanos.org.br\/noticias\/wp-json\/wp\/v2\/types\/post"}],"author":[{"embeddable":true,"href":"https:\/\/franciscanos.org.br\/noticias\/wp-json\/wp\/v2\/users\/11"}],"replies":[{"embeddable":true,"href":"https:\/\/franciscanos.org.br\/noticias\/wp-json\/wp\/v2\/comments?post=260907"}],"version-history":[{"count":9,"href":"https:\/\/franciscanos.org.br\/noticias\/wp-json\/wp\/v2\/posts\/260907\/revisions"}],"predecessor-version":[{"id":261714,"href":"https:\/\/franciscanos.org.br\/noticias\/wp-json\/wp\/v2\/posts\/260907\/revisions\/261714"}],"wp:featuredmedia":[{"embeddable":true,"href":"https:\/\/franciscanos.org.br\/noticias\/wp-json\/wp\/v2\/media\/260908"}],"wp:attachment":[{"href":"https:\/\/franciscanos.org.br\/noticias\/wp-json\/wp\/v2\/media?parent=260907"}],"wp:term":[{"taxonomy":"category","embeddable":true,"href":"https:\/\/franciscanos.org.br\/noticias\/wp-json\/wp\/v2\/categories?post=260907"},{"taxonomy":"post_tag","embeddable":true,"href":"https:\/\/franciscanos.org.br\/noticias\/wp-json\/wp\/v2\/tags?post=260907"}],"curies":[{"name":"wp","href":"https:\/\/api.w.org\/{rel}","templated":true}]}}