{"id":260862,"date":"2025-10-06T08:00:00","date_gmt":"2025-10-06T11:00:00","guid":{"rendered":"https:\/\/franciscanos.org.br\/noticias\/?p=260862"},"modified":"2025-10-06T15:50:10","modified_gmt":"2025-10-06T18:50:10","slug":"encenacao-do-transito-de-sao-francisco-emociona-fieis-no-santuario-sao-francisco-de-assis","status":"publish","type":"post","link":"https:\/\/franciscanos.org.br\/noticias\/encenacao-do-transito-de-sao-francisco-emociona-fieis-no-santuario-sao-francisco-de-assis.html","title":{"rendered":"Encena\u00e7\u00e3o do Tr\u00e2nsito de S\u00e3o Francisco emociona fi\u00e9is no Santu\u00e1rio S\u00e3o Francisco de Assis"},"content":{"rendered":"<p data-start=\"64\" data-end=\"504\"><img loading=\"lazy\" class=\"aligncenter wp-image-260863 size-full\" src=\"https:\/\/franciscanos.org.br\/noticias\/wp-content\/uploads\/2025\/10\/materia-1-6.jpg\" alt=\"\" width=\"1280\" height=\"720\" srcset=\"https:\/\/franciscanos.org.br\/noticias\/wp-content\/uploads\/2025\/10\/materia-1-6.jpg 1280w, https:\/\/franciscanos.org.br\/noticias\/wp-content\/uploads\/2025\/10\/materia-1-6-450x253.jpg 450w, https:\/\/franciscanos.org.br\/noticias\/wp-content\/uploads\/2025\/10\/materia-1-6-1024x576.jpg 1024w, https:\/\/franciscanos.org.br\/noticias\/wp-content\/uploads\/2025\/10\/materia-1-6-768x432.jpg 768w, https:\/\/franciscanos.org.br\/noticias\/wp-content\/uploads\/2025\/10\/materia-1-6-150x84.jpg 150w\" sizes=\"(max-width: 1280px) 100vw, 1280px\" \/><\/p>\n<p data-start=\"64\" data-end=\"504\">Na noite de 3 de outubro, o Santu\u00e1rio S\u00e3o Francisco de Assis, localizado no Largo S\u00e3o Francisco, em S\u00e3o Paulo (SP), viveu um dos momentos mais intensos e comoventes das celebra\u00e7\u00f5es em honra ao seu Padroeiro. A Celebra\u00e7\u00e3o do Tr\u00e2nsito de S\u00e3o Francisco de Assis foi presidida por Frei Laerte de Farias dos Santos, OFM, p\u00e1roco do Santu\u00e1rio, e reuniu um grande n\u00famero de fi\u00e9is em clima de ora\u00e7\u00e3o, emo\u00e7\u00e3o e profunda espiritualidade franciscana.<\/p>\n<p data-start=\"506\" data-end=\"981\"><img loading=\"lazy\" class=\"aligncenter wp-image-260865 size-full\" src=\"https:\/\/franciscanos.org.br\/noticias\/wp-content\/uploads\/2025\/10\/materia2-4.jpg\" alt=\"\" width=\"1280\" height=\"720\" srcset=\"https:\/\/franciscanos.org.br\/noticias\/wp-content\/uploads\/2025\/10\/materia2-4.jpg 1280w, https:\/\/franciscanos.org.br\/noticias\/wp-content\/uploads\/2025\/10\/materia2-4-450x253.jpg 450w, https:\/\/franciscanos.org.br\/noticias\/wp-content\/uploads\/2025\/10\/materia2-4-1024x576.jpg 1024w, https:\/\/franciscanos.org.br\/noticias\/wp-content\/uploads\/2025\/10\/materia2-4-768x432.jpg 768w, https:\/\/franciscanos.org.br\/noticias\/wp-content\/uploads\/2025\/10\/materia2-4-150x84.jpg 150w\" sizes=\"(max-width: 1280px) 100vw, 1280px\" \/><\/p>\n<p data-start=\"506\" data-end=\"981\">A encena\u00e7\u00e3o do Tr\u00e2nsito, que retratou os \u00faltimos instantes da vida de S\u00e3o Francisco e sua entrega confiante a Deus, foi realizada por ac\u00f3litos, coroinhas e integrantes da Catequese, sob a prepara\u00e7\u00e3o e condu\u00e7\u00e3o de Frei Alberto Eckel J\u00fanior, OFM. Com simplicidade e sensibilidade, os jovens protagonizaram uma representa\u00e7\u00e3o que tocou profundamente a assembleia, transmitindo com autenticidade o esp\u00edrito de humildade, fraternidade e amor \u00e0 vida que marcaram o Santo de Assis.<\/p>\n<p data-start=\"983\" data-end=\"1332\"><img loading=\"lazy\" class=\"aligncenter wp-image-260866 size-full\" src=\"https:\/\/franciscanos.org.br\/noticias\/wp-content\/uploads\/2025\/10\/materia-4-1.jpg\" alt=\"\" width=\"1280\" height=\"720\" srcset=\"https:\/\/franciscanos.org.br\/noticias\/wp-content\/uploads\/2025\/10\/materia-4-1.jpg 1280w, https:\/\/franciscanos.org.br\/noticias\/wp-content\/uploads\/2025\/10\/materia-4-1-450x253.jpg 450w, https:\/\/franciscanos.org.br\/noticias\/wp-content\/uploads\/2025\/10\/materia-4-1-1024x576.jpg 1024w, https:\/\/franciscanos.org.br\/noticias\/wp-content\/uploads\/2025\/10\/materia-4-1-768x432.jpg 768w, https:\/\/franciscanos.org.br\/noticias\/wp-content\/uploads\/2025\/10\/materia-4-1-150x84.jpg 150w\" sizes=\"(max-width: 1280px) 100vw, 1280px\" \/><\/p>\n<p data-start=\"983\" data-end=\"1332\">A celebra\u00e7\u00e3o encerrou o Tr\u00edduo em honra a S\u00e3o Francisco de Assis, preparando a comunidade para o grande dia festivo, em 4 de outubro. Mais do que uma encena\u00e7\u00e3o, foi uma verdadeira experi\u00eancia de f\u00e9 e comunh\u00e3o, express\u00e3o viva da espiritualidade franciscana que continua a inspirar gera\u00e7\u00f5es a seguirem os passos do Poverello com alegria e esperan\u00e7a.<\/p>\n<hr \/>\n<p data-start=\"983\" data-end=\"1332\"><em>Pascom Santu\u00e1rio S\u00e3o Francisco<\/em><\/p>\n","protected":false},"excerpt":{"rendered":"<p>Solenidade de S\u00e3o Francisco 2025<\/p>\n","protected":false},"author":11,"featured_media":260864,"comment_status":"open","ping_status":"open","sticky":false,"template":"","format":"standard","meta":[],"categories":[1],"tags":[2171,1369,2427],"acf":[],"yoast_head":"<!-- This site is optimized with the Yoast SEO plugin v19.2 - https:\/\/yoast.com\/wordpress\/plugins\/seo\/ -->\n<title>Encena\u00e7\u00e3o do Tr\u00e2nsito de S\u00e3o Francisco emociona fi\u00e9is no Santu\u00e1rio S\u00e3o Francisco de Assis - Not\u00edcias - Franciscanos<\/title>\n<meta name=\"robots\" content=\"index, follow, max-snippet:-1, max-image-preview:large, max-video-preview:-1\" \/>\n<link rel=\"canonical\" href=\"https:\/\/franciscanos.org.br\/noticias\/encenacao-do-transito-de-sao-francisco-emociona-fieis-no-santuario-sao-francisco-de-assis.html\" \/>\n<meta property=\"og:locale\" content=\"pt_BR\" \/>\n<meta property=\"og:type\" content=\"article\" \/>\n<meta property=\"og:title\" content=\"Encena\u00e7\u00e3o do Tr\u00e2nsito de S\u00e3o Francisco emociona fi\u00e9is no Santu\u00e1rio S\u00e3o Francisco de Assis - Not\u00edcias - Franciscanos\" \/>\n<meta property=\"og:description\" content=\"Solenidade de S\u00e3o Francisco 2025\" \/>\n<meta property=\"og:url\" content=\"https:\/\/franciscanos.org.br\/noticias\/encenacao-do-transito-de-sao-francisco-emociona-fieis-no-santuario-sao-francisco-de-assis.html\" \/>\n<meta property=\"og:site_name\" content=\"Not\u00edcias - Franciscanos\" \/>\n<meta property=\"article:published_time\" content=\"2025-10-06T11:00:00+00:00\" \/>\n<meta property=\"article:modified_time\" content=\"2025-10-06T18:50:10+00:00\" \/>\n<meta property=\"og:image\" content=\"https:\/\/franciscanos.org.br\/noticias\/wp-content\/uploads\/2025\/10\/chamada-13.jpg\" \/>\n\t<meta property=\"og:image:width\" content=\"800\" \/>\n\t<meta property=\"og:image:height\" content=\"550\" \/>\n\t<meta property=\"og:image:type\" content=\"image\/jpeg\" \/>\n<meta name=\"author\" content=\"Adriana Rabelo\" \/>\n<meta name=\"twitter:card\" content=\"summary_large_image\" \/>\n<meta name=\"twitter:label1\" content=\"Escrito por\" \/>\n\t<meta name=\"twitter:data1\" content=\"Adriana Rabelo\" \/>\n\t<meta name=\"twitter:label2\" content=\"Est. tempo de leitura\" \/>\n\t<meta name=\"twitter:data2\" content=\"1 minuto\" \/>\n<script type=\"application\/ld+json\" class=\"yoast-schema-graph\">{\"@context\":\"https:\/\/schema.org\",\"@graph\":[{\"@type\":\"WebSite\",\"@id\":\"https:\/\/franciscanos.org.br\/noticias\/#website\",\"url\":\"https:\/\/franciscanos.org.br\/noticias\/\",\"name\":\"Not\u00edcias - Franciscanos\",\"description\":\"Prov\u00edncia Franciscana da Imaculada Concei\u00e7\u00e3o do Brasil - Ordem dos Frades Menores - OFM\",\"potentialAction\":[{\"@type\":\"SearchAction\",\"target\":{\"@type\":\"EntryPoint\",\"urlTemplate\":\"https:\/\/franciscanos.org.br\/noticias\/?s={search_term_string}\"},\"query-input\":\"required name=search_term_string\"}],\"inLanguage\":\"pt-BR\"},{\"@type\":\"ImageObject\",\"inLanguage\":\"pt-BR\",\"@id\":\"https:\/\/franciscanos.org.br\/noticias\/encenacao-do-transito-de-sao-francisco-emociona-fieis-no-santuario-sao-francisco-de-assis.html#primaryimage\",\"url\":\"https:\/\/franciscanos.org.br\/noticias\/wp-content\/uploads\/2025\/10\/chamada-13.jpg\",\"contentUrl\":\"https:\/\/franciscanos.org.br\/noticias\/wp-content\/uploads\/2025\/10\/chamada-13.jpg\",\"width\":800,\"height\":550},{\"@type\":\"WebPage\",\"@id\":\"https:\/\/franciscanos.org.br\/noticias\/encenacao-do-transito-de-sao-francisco-emociona-fieis-no-santuario-sao-francisco-de-assis.html#webpage\",\"url\":\"https:\/\/franciscanos.org.br\/noticias\/encenacao-do-transito-de-sao-francisco-emociona-fieis-no-santuario-sao-francisco-de-assis.html\",\"name\":\"Encena\u00e7\u00e3o do Tr\u00e2nsito de S\u00e3o Francisco emociona fi\u00e9is no Santu\u00e1rio S\u00e3o Francisco de Assis - Not\u00edcias - Franciscanos\",\"isPartOf\":{\"@id\":\"https:\/\/franciscanos.org.br\/noticias\/#website\"},\"primaryImageOfPage\":{\"@id\":\"https:\/\/franciscanos.org.br\/noticias\/encenacao-do-transito-de-sao-francisco-emociona-fieis-no-santuario-sao-francisco-de-assis.html#primaryimage\"},\"datePublished\":\"2025-10-06T11:00:00+00:00\",\"dateModified\":\"2025-10-06T18:50:10+00:00\",\"author\":{\"@id\":\"https:\/\/franciscanos.org.br\/noticias\/#\/schema\/person\/d9422e83121c3ad3b0f423d195f5bb25\"},\"breadcrumb\":{\"@id\":\"https:\/\/franciscanos.org.br\/noticias\/encenacao-do-transito-de-sao-francisco-emociona-fieis-no-santuario-sao-francisco-de-assis.html#breadcrumb\"},\"inLanguage\":\"pt-BR\",\"potentialAction\":[{\"@type\":\"ReadAction\",\"target\":[\"https:\/\/franciscanos.org.br\/noticias\/encenacao-do-transito-de-sao-francisco-emociona-fieis-no-santuario-sao-francisco-de-assis.html\"]}]},{\"@type\":\"BreadcrumbList\",\"@id\":\"https:\/\/franciscanos.org.br\/noticias\/encenacao-do-transito-de-sao-francisco-emociona-fieis-no-santuario-sao-francisco-de-assis.html#breadcrumb\",\"itemListElement\":[{\"@type\":\"ListItem\",\"position\":1,\"name\":\"Home\",\"item\":\"https:\/\/franciscanos.org.br\/noticias\"},{\"@type\":\"ListItem\",\"position\":2,\"name\":\"Encena\u00e7\u00e3o do Tr\u00e2nsito de S\u00e3o Francisco emociona fi\u00e9is no Santu\u00e1rio S\u00e3o Francisco de Assis\"}]},{\"@type\":\"Person\",\"@id\":\"https:\/\/franciscanos.org.br\/noticias\/#\/schema\/person\/d9422e83121c3ad3b0f423d195f5bb25\",\"name\":\"Adriana Rabelo\",\"image\":{\"@type\":\"ImageObject\",\"inLanguage\":\"pt-BR\",\"@id\":\"https:\/\/franciscanos.org.br\/noticias\/#\/schema\/person\/image\/\",\"url\":\"https:\/\/secure.gravatar.com\/avatar\/0a937b7500cd7df77540cfb8bede877d?s=96&d=mm&r=g\",\"contentUrl\":\"https:\/\/secure.gravatar.com\/avatar\/0a937b7500cd7df77540cfb8bede877d?s=96&d=mm&r=g\",\"caption\":\"Adriana Rabelo\"},\"url\":\"https:\/\/franciscanos.org.br\/noticias\/author\/adrianarabelo\"}]}<\/script>\n<!-- \/ Yoast SEO plugin. -->","yoast_head_json":{"title":"Encena\u00e7\u00e3o do Tr\u00e2nsito de S\u00e3o Francisco emociona fi\u00e9is no Santu\u00e1rio S\u00e3o Francisco de Assis - Not\u00edcias - Franciscanos","robots":{"index":"index","follow":"follow","max-snippet":"max-snippet:-1","max-image-preview":"max-image-preview:large","max-video-preview":"max-video-preview:-1"},"canonical":"https:\/\/franciscanos.org.br\/noticias\/encenacao-do-transito-de-sao-francisco-emociona-fieis-no-santuario-sao-francisco-de-assis.html","og_locale":"pt_BR","og_type":"article","og_title":"Encena\u00e7\u00e3o do Tr\u00e2nsito de S\u00e3o Francisco emociona fi\u00e9is no Santu\u00e1rio S\u00e3o Francisco de Assis - Not\u00edcias - Franciscanos","og_description":"Solenidade de S\u00e3o Francisco 2025","og_url":"https:\/\/franciscanos.org.br\/noticias\/encenacao-do-transito-de-sao-francisco-emociona-fieis-no-santuario-sao-francisco-de-assis.html","og_site_name":"Not\u00edcias - Franciscanos","article_published_time":"2025-10-06T11:00:00+00:00","article_modified_time":"2025-10-06T18:50:10+00:00","og_image":[{"width":800,"height":550,"url":"https:\/\/franciscanos.org.br\/noticias\/wp-content\/uploads\/2025\/10\/chamada-13.jpg","type":"image\/jpeg"}],"author":"Adriana Rabelo","twitter_card":"summary_large_image","twitter_misc":{"Escrito por":"Adriana Rabelo","Est. tempo de leitura":"1 minuto"},"schema":{"@context":"https:\/\/schema.org","@graph":[{"@type":"WebSite","@id":"https:\/\/franciscanos.org.br\/noticias\/#website","url":"https:\/\/franciscanos.org.br\/noticias\/","name":"Not\u00edcias - Franciscanos","description":"Prov\u00edncia Franciscana da Imaculada Concei\u00e7\u00e3o do Brasil - Ordem dos Frades Menores - OFM","potentialAction":[{"@type":"SearchAction","target":{"@type":"EntryPoint","urlTemplate":"https:\/\/franciscanos.org.br\/noticias\/?s={search_term_string}"},"query-input":"required name=search_term_string"}],"inLanguage":"pt-BR"},{"@type":"ImageObject","inLanguage":"pt-BR","@id":"https:\/\/franciscanos.org.br\/noticias\/encenacao-do-transito-de-sao-francisco-emociona-fieis-no-santuario-sao-francisco-de-assis.html#primaryimage","url":"https:\/\/franciscanos.org.br\/noticias\/wp-content\/uploads\/2025\/10\/chamada-13.jpg","contentUrl":"https:\/\/franciscanos.org.br\/noticias\/wp-content\/uploads\/2025\/10\/chamada-13.jpg","width":800,"height":550},{"@type":"WebPage","@id":"https:\/\/franciscanos.org.br\/noticias\/encenacao-do-transito-de-sao-francisco-emociona-fieis-no-santuario-sao-francisco-de-assis.html#webpage","url":"https:\/\/franciscanos.org.br\/noticias\/encenacao-do-transito-de-sao-francisco-emociona-fieis-no-santuario-sao-francisco-de-assis.html","name":"Encena\u00e7\u00e3o do Tr\u00e2nsito de S\u00e3o Francisco emociona fi\u00e9is no Santu\u00e1rio S\u00e3o Francisco de Assis - Not\u00edcias - Franciscanos","isPartOf":{"@id":"https:\/\/franciscanos.org.br\/noticias\/#website"},"primaryImageOfPage":{"@id":"https:\/\/franciscanos.org.br\/noticias\/encenacao-do-transito-de-sao-francisco-emociona-fieis-no-santuario-sao-francisco-de-assis.html#primaryimage"},"datePublished":"2025-10-06T11:00:00+00:00","dateModified":"2025-10-06T18:50:10+00:00","author":{"@id":"https:\/\/franciscanos.org.br\/noticias\/#\/schema\/person\/d9422e83121c3ad3b0f423d195f5bb25"},"breadcrumb":{"@id":"https:\/\/franciscanos.org.br\/noticias\/encenacao-do-transito-de-sao-francisco-emociona-fieis-no-santuario-sao-francisco-de-assis.html#breadcrumb"},"inLanguage":"pt-BR","potentialAction":[{"@type":"ReadAction","target":["https:\/\/franciscanos.org.br\/noticias\/encenacao-do-transito-de-sao-francisco-emociona-fieis-no-santuario-sao-francisco-de-assis.html"]}]},{"@type":"BreadcrumbList","@id":"https:\/\/franciscanos.org.br\/noticias\/encenacao-do-transito-de-sao-francisco-emociona-fieis-no-santuario-sao-francisco-de-assis.html#breadcrumb","itemListElement":[{"@type":"ListItem","position":1,"name":"Home","item":"https:\/\/franciscanos.org.br\/noticias"},{"@type":"ListItem","position":2,"name":"Encena\u00e7\u00e3o do Tr\u00e2nsito de S\u00e3o Francisco emociona fi\u00e9is no Santu\u00e1rio S\u00e3o Francisco de Assis"}]},{"@type":"Person","@id":"https:\/\/franciscanos.org.br\/noticias\/#\/schema\/person\/d9422e83121c3ad3b0f423d195f5bb25","name":"Adriana Rabelo","image":{"@type":"ImageObject","inLanguage":"pt-BR","@id":"https:\/\/franciscanos.org.br\/noticias\/#\/schema\/person\/image\/","url":"https:\/\/secure.gravatar.com\/avatar\/0a937b7500cd7df77540cfb8bede877d?s=96&d=mm&r=g","contentUrl":"https:\/\/secure.gravatar.com\/avatar\/0a937b7500cd7df77540cfb8bede877d?s=96&d=mm&r=g","caption":"Adriana Rabelo"},"url":"https:\/\/franciscanos.org.br\/noticias\/author\/adrianarabelo"}]}},"_links":{"self":[{"href":"https:\/\/franciscanos.org.br\/noticias\/wp-json\/wp\/v2\/posts\/260862"}],"collection":[{"href":"https:\/\/franciscanos.org.br\/noticias\/wp-json\/wp\/v2\/posts"}],"about":[{"href":"https:\/\/franciscanos.org.br\/noticias\/wp-json\/wp\/v2\/types\/post"}],"author":[{"embeddable":true,"href":"https:\/\/franciscanos.org.br\/noticias\/wp-json\/wp\/v2\/users\/11"}],"replies":[{"embeddable":true,"href":"https:\/\/franciscanos.org.br\/noticias\/wp-json\/wp\/v2\/comments?post=260862"}],"version-history":[{"count":1,"href":"https:\/\/franciscanos.org.br\/noticias\/wp-json\/wp\/v2\/posts\/260862\/revisions"}],"predecessor-version":[{"id":260867,"href":"https:\/\/franciscanos.org.br\/noticias\/wp-json\/wp\/v2\/posts\/260862\/revisions\/260867"}],"wp:featuredmedia":[{"embeddable":true,"href":"https:\/\/franciscanos.org.br\/noticias\/wp-json\/wp\/v2\/media\/260864"}],"wp:attachment":[{"href":"https:\/\/franciscanos.org.br\/noticias\/wp-json\/wp\/v2\/media?parent=260862"}],"wp:term":[{"taxonomy":"category","embeddable":true,"href":"https:\/\/franciscanos.org.br\/noticias\/wp-json\/wp\/v2\/categories?post=260862"},{"taxonomy":"post_tag","embeddable":true,"href":"https:\/\/franciscanos.org.br\/noticias\/wp-json\/wp\/v2\/tags?post=260862"}],"curies":[{"name":"wp","href":"https:\/\/api.w.org\/{rel}","templated":true}]}}