{"id":260852,"date":"2025-10-06T15:21:00","date_gmt":"2025-10-06T18:21:00","guid":{"rendered":"https:\/\/franciscanos.org.br\/noticias\/?p=260852"},"modified":"2025-10-06T15:21:00","modified_gmt":"2025-10-06T18:21:00","slug":"capela-sao-francisco-de-assis-celebra-seu-padroeiro-com-triduo-quermesse-e-bencao-dos-animais-em-bauru","status":"publish","type":"post","link":"https:\/\/franciscanos.org.br\/noticias\/capela-sao-francisco-de-assis-celebra-seu-padroeiro-com-triduo-quermesse-e-bencao-dos-animais-em-bauru.html","title":{"rendered":"Capela S\u00e3o Francisco de Assis celebra seu padroeiro com Tr\u00edduo, quermesse e B\u00ean\u00e7\u00e3o dos Animais em Bauru"},"content":{"rendered":"<p><img loading=\"lazy\" class=\"aligncenter wp-image-260854 size-full\" src=\"https:\/\/franciscanos.org.br\/noticias\/wp-content\/uploads\/2025\/10\/MATERIA-TOPO.jpg\" alt=\"\" width=\"1280\" height=\"720\" srcset=\"https:\/\/franciscanos.org.br\/noticias\/wp-content\/uploads\/2025\/10\/MATERIA-TOPO.jpg 1280w, https:\/\/franciscanos.org.br\/noticias\/wp-content\/uploads\/2025\/10\/MATERIA-TOPO-450x253.jpg 450w, https:\/\/franciscanos.org.br\/noticias\/wp-content\/uploads\/2025\/10\/MATERIA-TOPO-1024x576.jpg 1024w, https:\/\/franciscanos.org.br\/noticias\/wp-content\/uploads\/2025\/10\/MATERIA-TOPO-768x432.jpg 768w, https:\/\/franciscanos.org.br\/noticias\/wp-content\/uploads\/2025\/10\/MATERIA-TOPO-150x84.jpg 150w\" sizes=\"(max-width: 1280px) 100vw, 1280px\" \/><\/p>\n<p>Como bons peregrinos, os fi\u00e9is e os frades da Par\u00f3quia Santo Ant\u00f4nio, de Bauru (SP), seguiram para a Capela de S\u00e3o Francisco de Assis, onde foi celebrado com grande fervor o santo padroeiro. As festividades, que uniram momentos de profunda espiritualidade e confraterniza\u00e7\u00e3o, realizaram-se entre os dias 1\u00ba e 4 de outubro.<\/p>\n<p><strong>Espiritualidade e o Tr\u00e2nsito de S\u00e3o Francisco<\/strong><\/p>\n<p>A prepara\u00e7\u00e3o para o dia festivo come\u00e7ou com o Tr\u00edduo, realizado nos dias 1\u00ba, 2 e 3 de outubro. O ponto de maior devo\u00e7\u00e3o foi a celebra\u00e7\u00e3o do Tr\u00e2nsito de S\u00e3o Francisco, no dia 3, que recordou a p\u00e1scoa do Santo Ser\u00e1fico.<\/p>\n<p>No dia do padroeiro, 4 de outubro, a Capela acolheu os fi\u00e9is para duas missas solenes, \u00e0s 9h e \u00e0s 19h, momentos centrais das festividades que celebraram a vida e o exemplo de simplicidade e amor \u00e0 cria\u00e7\u00e3o.<\/p>\n<p>A celebra\u00e7\u00e3o das 9h foi presidida por Frei Carlos Alberto Branco Araujo, vig\u00e1rio paroquial, e concelebradas por Frei James Luiz Girardi, p\u00e1roco; Frei Andr\u00e9 Gurzynski, e Frei Ricardo Backes.<\/p>\n<p><strong>Uni\u00e3o e festa comunit\u00e1ria<\/strong><\/p>\n<p>As celebra\u00e7\u00f5es n\u00e3o ficaram restritas apenas ao altar. Nos dias 3 e 4 de outubro, a comunidade se reuniu para a tradicional quermesse ap\u00f3s as missas, fortalecendo os la\u00e7os de fraternidade. As vendas do famoso Bolo de S\u00e3o Francisco e do Biscoito de S\u00e3o Francisco foram um sucesso, contribuindo para a alegria e a manuten\u00e7\u00e3o da comunidade.<\/p>\n\n\t\t<style type=\"text\/css\">\n\t\t\t#gallery-1 {\n\t\t\t\tmargin: auto;\n\t\t\t}\n\t\t\t#gallery-1 .gallery-item {\n\t\t\t\tfloat: left;\n\t\t\t\tmargin-top: 10px;\n\t\t\t\ttext-align: center;\n\t\t\t\twidth: 25%;\n\t\t\t}\n\t\t\t#gallery-1 img {\n\t\t\t\tborder: 2px solid #cfcfcf;\n\t\t\t}\n\t\t\t#gallery-1 .gallery-caption {\n\t\t\t\tmargin-left: 0;\n\t\t\t}\n\t\t\t\/* see gallery_shortcode() in wp-includes\/media.php *\/\n\t\t<\/style>\n\t\t<div id='gallery-1' class='gallery galleryid-260852 gallery-columns-4 gallery-size-thumbnail'><dl class='gallery-item'>\n\t\t\t<dt class='gallery-icon landscape'>\n\t\t\t\t<a href='https:\/\/franciscanos.org.br\/noticias\/wp-content\/uploads\/2025\/10\/IMG-20251006-WA0036.jpg'><img width=\"300\" height=\"300\" src=\"https:\/\/franciscanos.org.br\/noticias\/wp-content\/uploads\/2025\/10\/IMG-20251006-WA0036-300x300.jpg\" class=\"attachment-thumbnail size-thumbnail\" alt=\"\" loading=\"lazy\" srcset=\"https:\/\/franciscanos.org.br\/noticias\/wp-content\/uploads\/2025\/10\/IMG-20251006-WA0036-300x300.jpg 300w, https:\/\/franciscanos.org.br\/noticias\/wp-content\/uploads\/2025\/10\/IMG-20251006-WA0036-100x100.jpg 100w\" sizes=\"(max-width: 300px) 100vw, 300px\" \/><\/a>\n\t\t\t<\/dt><\/dl><dl class='gallery-item'>\n\t\t\t<dt class='gallery-icon portrait'>\n\t\t\t\t<a href='https:\/\/franciscanos.org.br\/noticias\/wp-content\/uploads\/2025\/10\/IMG-20251006-WA0035.jpg'><img width=\"300\" height=\"300\" src=\"https:\/\/franciscanos.org.br\/noticias\/wp-content\/uploads\/2025\/10\/IMG-20251006-WA0035-300x300.jpg\" class=\"attachment-thumbnail size-thumbnail\" alt=\"\" loading=\"lazy\" srcset=\"https:\/\/franciscanos.org.br\/noticias\/wp-content\/uploads\/2025\/10\/IMG-20251006-WA0035-300x300.jpg 300w, https:\/\/franciscanos.org.br\/noticias\/wp-content\/uploads\/2025\/10\/IMG-20251006-WA0035-100x100.jpg 100w\" sizes=\"(max-width: 300px) 100vw, 300px\" \/><\/a>\n\t\t\t<\/dt><\/dl><dl class='gallery-item'>\n\t\t\t<dt class='gallery-icon portrait'>\n\t\t\t\t<a href='https:\/\/franciscanos.org.br\/noticias\/wp-content\/uploads\/2025\/10\/IMG-20251006-WA0033.jpg'><img width=\"300\" height=\"300\" src=\"https:\/\/franciscanos.org.br\/noticias\/wp-content\/uploads\/2025\/10\/IMG-20251006-WA0033-300x300.jpg\" class=\"attachment-thumbnail size-thumbnail\" alt=\"\" loading=\"lazy\" srcset=\"https:\/\/franciscanos.org.br\/noticias\/wp-content\/uploads\/2025\/10\/IMG-20251006-WA0033-300x300.jpg 300w, https:\/\/franciscanos.org.br\/noticias\/wp-content\/uploads\/2025\/10\/IMG-20251006-WA0033-100x100.jpg 100w\" sizes=\"(max-width: 300px) 100vw, 300px\" \/><\/a>\n\t\t\t<\/dt><\/dl><dl class='gallery-item'>\n\t\t\t<dt class='gallery-icon portrait'>\n\t\t\t\t<a href='https:\/\/franciscanos.org.br\/noticias\/wp-content\/uploads\/2025\/10\/IMG-20251006-WA0037.jpg'><img width=\"300\" height=\"300\" src=\"https:\/\/franciscanos.org.br\/noticias\/wp-content\/uploads\/2025\/10\/IMG-20251006-WA0037-300x300.jpg\" class=\"attachment-thumbnail size-thumbnail\" alt=\"\" loading=\"lazy\" srcset=\"https:\/\/franciscanos.org.br\/noticias\/wp-content\/uploads\/2025\/10\/IMG-20251006-WA0037-300x300.jpg 300w, https:\/\/franciscanos.org.br\/noticias\/wp-content\/uploads\/2025\/10\/IMG-20251006-WA0037-100x100.jpg 100w\" sizes=\"(max-width: 300px) 100vw, 300px\" \/><\/a>\n\t\t\t<\/dt><\/dl><br style=\"clear: both\" \/>\n\t\t<\/div>\n\n<p>Al\u00e9m disso, a tradicional B\u00ean\u00e7\u00e3o dos Animais, em homenagem ao patrono da ecologia, foi realizada em dois momentos: pela manh\u00e3, \u00e0s 9h, na Matriz Santo Ant\u00f4nio, e no final da tarde, \u00e0s 17h, na Capela S\u00e3o Francisco.<\/p>\n<p>As festividades na Capela S\u00e3o Francisco de Assis refor\u00e7aram o esp\u00edrito de unidade na f\u00e9 e o compromisso da comunidade com os valores franciscanos de amor, paz e servi\u00e7o, tornando-se um marco na vida da Par\u00f3quia Santo Ant\u00f4nio.<\/p>\n<hr \/>\n<p><em>Texto: Sueli Matos\/ Pascom Par\u00f3quia Santo Ant\u00f4nio de Bauru<\/em><\/p>\n","protected":false},"excerpt":{"rendered":"<p>Solenidade de S\u00e3o Francisco de Assis 2025<\/p>\n","protected":false},"author":11,"featured_media":260853,"comment_status":"open","ping_status":"open","sticky":false,"template":"","format":"standard","meta":[],"categories":[1],"tags":[2171,1973,2427],"acf":[],"yoast_head":"<!-- This site is optimized with the Yoast SEO plugin v19.2 - https:\/\/yoast.com\/wordpress\/plugins\/seo\/ -->\n<title>Capela S\u00e3o Francisco de Assis celebra seu padroeiro com Tr\u00edduo, quermesse e B\u00ean\u00e7\u00e3o dos Animais em Bauru - Not\u00edcias - Franciscanos<\/title>\n<meta name=\"robots\" content=\"index, follow, max-snippet:-1, max-image-preview:large, max-video-preview:-1\" \/>\n<link rel=\"canonical\" href=\"https:\/\/franciscanos.org.br\/noticias\/capela-sao-francisco-de-assis-celebra-seu-padroeiro-com-triduo-quermesse-e-bencao-dos-animais-em-bauru.html\" \/>\n<meta property=\"og:locale\" content=\"pt_BR\" \/>\n<meta property=\"og:type\" content=\"article\" \/>\n<meta property=\"og:title\" content=\"Capela S\u00e3o Francisco de Assis celebra seu padroeiro com Tr\u00edduo, quermesse e B\u00ean\u00e7\u00e3o dos Animais em Bauru - Not\u00edcias - Franciscanos\" \/>\n<meta property=\"og:description\" content=\"Solenidade de S\u00e3o Francisco de Assis 2025\" \/>\n<meta property=\"og:url\" content=\"https:\/\/franciscanos.org.br\/noticias\/capela-sao-francisco-de-assis-celebra-seu-padroeiro-com-triduo-quermesse-e-bencao-dos-animais-em-bauru.html\" \/>\n<meta property=\"og:site_name\" content=\"Not\u00edcias - Franciscanos\" \/>\n<meta property=\"article:published_time\" content=\"2025-10-06T18:21:00+00:00\" \/>\n<meta property=\"og:image\" content=\"https:\/\/franciscanos.org.br\/noticias\/wp-content\/uploads\/2025\/10\/chamada-12.jpg\" \/>\n\t<meta property=\"og:image:width\" content=\"800\" \/>\n\t<meta property=\"og:image:height\" content=\"550\" \/>\n\t<meta property=\"og:image:type\" content=\"image\/jpeg\" \/>\n<meta name=\"author\" content=\"Adriana Rabelo\" \/>\n<meta name=\"twitter:card\" content=\"summary_large_image\" \/>\n<meta name=\"twitter:label1\" content=\"Escrito por\" \/>\n\t<meta name=\"twitter:data1\" content=\"Adriana Rabelo\" \/>\n\t<meta name=\"twitter:label2\" content=\"Est. tempo de leitura\" \/>\n\t<meta name=\"twitter:data2\" content=\"2 minutos\" \/>\n<script type=\"application\/ld+json\" class=\"yoast-schema-graph\">{\"@context\":\"https:\/\/schema.org\",\"@graph\":[{\"@type\":\"WebSite\",\"@id\":\"https:\/\/franciscanos.org.br\/noticias\/#website\",\"url\":\"https:\/\/franciscanos.org.br\/noticias\/\",\"name\":\"Not\u00edcias - Franciscanos\",\"description\":\"Prov\u00edncia Franciscana da Imaculada Concei\u00e7\u00e3o do Brasil - Ordem dos Frades Menores - OFM\",\"potentialAction\":[{\"@type\":\"SearchAction\",\"target\":{\"@type\":\"EntryPoint\",\"urlTemplate\":\"https:\/\/franciscanos.org.br\/noticias\/?s={search_term_string}\"},\"query-input\":\"required name=search_term_string\"}],\"inLanguage\":\"pt-BR\"},{\"@type\":\"ImageObject\",\"inLanguage\":\"pt-BR\",\"@id\":\"https:\/\/franciscanos.org.br\/noticias\/capela-sao-francisco-de-assis-celebra-seu-padroeiro-com-triduo-quermesse-e-bencao-dos-animais-em-bauru.html#primaryimage\",\"url\":\"https:\/\/franciscanos.org.br\/noticias\/wp-content\/uploads\/2025\/10\/chamada-12.jpg\",\"contentUrl\":\"https:\/\/franciscanos.org.br\/noticias\/wp-content\/uploads\/2025\/10\/chamada-12.jpg\",\"width\":800,\"height\":550},{\"@type\":\"WebPage\",\"@id\":\"https:\/\/franciscanos.org.br\/noticias\/capela-sao-francisco-de-assis-celebra-seu-padroeiro-com-triduo-quermesse-e-bencao-dos-animais-em-bauru.html#webpage\",\"url\":\"https:\/\/franciscanos.org.br\/noticias\/capela-sao-francisco-de-assis-celebra-seu-padroeiro-com-triduo-quermesse-e-bencao-dos-animais-em-bauru.html\",\"name\":\"Capela S\u00e3o Francisco de Assis celebra seu padroeiro com Tr\u00edduo, quermesse e B\u00ean\u00e7\u00e3o dos Animais em Bauru - Not\u00edcias - Franciscanos\",\"isPartOf\":{\"@id\":\"https:\/\/franciscanos.org.br\/noticias\/#website\"},\"primaryImageOfPage\":{\"@id\":\"https:\/\/franciscanos.org.br\/noticias\/capela-sao-francisco-de-assis-celebra-seu-padroeiro-com-triduo-quermesse-e-bencao-dos-animais-em-bauru.html#primaryimage\"},\"datePublished\":\"2025-10-06T18:21:00+00:00\",\"dateModified\":\"2025-10-06T18:21:00+00:00\",\"author\":{\"@id\":\"https:\/\/franciscanos.org.br\/noticias\/#\/schema\/person\/d9422e83121c3ad3b0f423d195f5bb25\"},\"breadcrumb\":{\"@id\":\"https:\/\/franciscanos.org.br\/noticias\/capela-sao-francisco-de-assis-celebra-seu-padroeiro-com-triduo-quermesse-e-bencao-dos-animais-em-bauru.html#breadcrumb\"},\"inLanguage\":\"pt-BR\",\"potentialAction\":[{\"@type\":\"ReadAction\",\"target\":[\"https:\/\/franciscanos.org.br\/noticias\/capela-sao-francisco-de-assis-celebra-seu-padroeiro-com-triduo-quermesse-e-bencao-dos-animais-em-bauru.html\"]}]},{\"@type\":\"BreadcrumbList\",\"@id\":\"https:\/\/franciscanos.org.br\/noticias\/capela-sao-francisco-de-assis-celebra-seu-padroeiro-com-triduo-quermesse-e-bencao-dos-animais-em-bauru.html#breadcrumb\",\"itemListElement\":[{\"@type\":\"ListItem\",\"position\":1,\"name\":\"Home\",\"item\":\"https:\/\/franciscanos.org.br\/noticias\"},{\"@type\":\"ListItem\",\"position\":2,\"name\":\"Capela S\u00e3o Francisco de Assis celebra seu padroeiro com Tr\u00edduo, quermesse e B\u00ean\u00e7\u00e3o dos Animais em Bauru\"}]},{\"@type\":\"Person\",\"@id\":\"https:\/\/franciscanos.org.br\/noticias\/#\/schema\/person\/d9422e83121c3ad3b0f423d195f5bb25\",\"name\":\"Adriana Rabelo\",\"image\":{\"@type\":\"ImageObject\",\"inLanguage\":\"pt-BR\",\"@id\":\"https:\/\/franciscanos.org.br\/noticias\/#\/schema\/person\/image\/\",\"url\":\"https:\/\/secure.gravatar.com\/avatar\/0a937b7500cd7df77540cfb8bede877d?s=96&d=mm&r=g\",\"contentUrl\":\"https:\/\/secure.gravatar.com\/avatar\/0a937b7500cd7df77540cfb8bede877d?s=96&d=mm&r=g\",\"caption\":\"Adriana Rabelo\"},\"url\":\"https:\/\/franciscanos.org.br\/noticias\/author\/adrianarabelo\"}]}<\/script>\n<!-- \/ Yoast SEO plugin. -->","yoast_head_json":{"title":"Capela S\u00e3o Francisco de Assis celebra seu padroeiro com Tr\u00edduo, quermesse e B\u00ean\u00e7\u00e3o dos Animais em Bauru - Not\u00edcias - Franciscanos","robots":{"index":"index","follow":"follow","max-snippet":"max-snippet:-1","max-image-preview":"max-image-preview:large","max-video-preview":"max-video-preview:-1"},"canonical":"https:\/\/franciscanos.org.br\/noticias\/capela-sao-francisco-de-assis-celebra-seu-padroeiro-com-triduo-quermesse-e-bencao-dos-animais-em-bauru.html","og_locale":"pt_BR","og_type":"article","og_title":"Capela S\u00e3o Francisco de Assis celebra seu padroeiro com Tr\u00edduo, quermesse e B\u00ean\u00e7\u00e3o dos Animais em Bauru - Not\u00edcias - Franciscanos","og_description":"Solenidade de S\u00e3o Francisco de Assis 2025","og_url":"https:\/\/franciscanos.org.br\/noticias\/capela-sao-francisco-de-assis-celebra-seu-padroeiro-com-triduo-quermesse-e-bencao-dos-animais-em-bauru.html","og_site_name":"Not\u00edcias - Franciscanos","article_published_time":"2025-10-06T18:21:00+00:00","og_image":[{"width":800,"height":550,"url":"https:\/\/franciscanos.org.br\/noticias\/wp-content\/uploads\/2025\/10\/chamada-12.jpg","type":"image\/jpeg"}],"author":"Adriana Rabelo","twitter_card":"summary_large_image","twitter_misc":{"Escrito por":"Adriana Rabelo","Est. tempo de leitura":"2 minutos"},"schema":{"@context":"https:\/\/schema.org","@graph":[{"@type":"WebSite","@id":"https:\/\/franciscanos.org.br\/noticias\/#website","url":"https:\/\/franciscanos.org.br\/noticias\/","name":"Not\u00edcias - Franciscanos","description":"Prov\u00edncia Franciscana da Imaculada Concei\u00e7\u00e3o do Brasil - Ordem dos Frades Menores - OFM","potentialAction":[{"@type":"SearchAction","target":{"@type":"EntryPoint","urlTemplate":"https:\/\/franciscanos.org.br\/noticias\/?s={search_term_string}"},"query-input":"required name=search_term_string"}],"inLanguage":"pt-BR"},{"@type":"ImageObject","inLanguage":"pt-BR","@id":"https:\/\/franciscanos.org.br\/noticias\/capela-sao-francisco-de-assis-celebra-seu-padroeiro-com-triduo-quermesse-e-bencao-dos-animais-em-bauru.html#primaryimage","url":"https:\/\/franciscanos.org.br\/noticias\/wp-content\/uploads\/2025\/10\/chamada-12.jpg","contentUrl":"https:\/\/franciscanos.org.br\/noticias\/wp-content\/uploads\/2025\/10\/chamada-12.jpg","width":800,"height":550},{"@type":"WebPage","@id":"https:\/\/franciscanos.org.br\/noticias\/capela-sao-francisco-de-assis-celebra-seu-padroeiro-com-triduo-quermesse-e-bencao-dos-animais-em-bauru.html#webpage","url":"https:\/\/franciscanos.org.br\/noticias\/capela-sao-francisco-de-assis-celebra-seu-padroeiro-com-triduo-quermesse-e-bencao-dos-animais-em-bauru.html","name":"Capela S\u00e3o Francisco de Assis celebra seu padroeiro com Tr\u00edduo, quermesse e B\u00ean\u00e7\u00e3o dos Animais em Bauru - Not\u00edcias - Franciscanos","isPartOf":{"@id":"https:\/\/franciscanos.org.br\/noticias\/#website"},"primaryImageOfPage":{"@id":"https:\/\/franciscanos.org.br\/noticias\/capela-sao-francisco-de-assis-celebra-seu-padroeiro-com-triduo-quermesse-e-bencao-dos-animais-em-bauru.html#primaryimage"},"datePublished":"2025-10-06T18:21:00+00:00","dateModified":"2025-10-06T18:21:00+00:00","author":{"@id":"https:\/\/franciscanos.org.br\/noticias\/#\/schema\/person\/d9422e83121c3ad3b0f423d195f5bb25"},"breadcrumb":{"@id":"https:\/\/franciscanos.org.br\/noticias\/capela-sao-francisco-de-assis-celebra-seu-padroeiro-com-triduo-quermesse-e-bencao-dos-animais-em-bauru.html#breadcrumb"},"inLanguage":"pt-BR","potentialAction":[{"@type":"ReadAction","target":["https:\/\/franciscanos.org.br\/noticias\/capela-sao-francisco-de-assis-celebra-seu-padroeiro-com-triduo-quermesse-e-bencao-dos-animais-em-bauru.html"]}]},{"@type":"BreadcrumbList","@id":"https:\/\/franciscanos.org.br\/noticias\/capela-sao-francisco-de-assis-celebra-seu-padroeiro-com-triduo-quermesse-e-bencao-dos-animais-em-bauru.html#breadcrumb","itemListElement":[{"@type":"ListItem","position":1,"name":"Home","item":"https:\/\/franciscanos.org.br\/noticias"},{"@type":"ListItem","position":2,"name":"Capela S\u00e3o Francisco de Assis celebra seu padroeiro com Tr\u00edduo, quermesse e B\u00ean\u00e7\u00e3o dos Animais em Bauru"}]},{"@type":"Person","@id":"https:\/\/franciscanos.org.br\/noticias\/#\/schema\/person\/d9422e83121c3ad3b0f423d195f5bb25","name":"Adriana Rabelo","image":{"@type":"ImageObject","inLanguage":"pt-BR","@id":"https:\/\/franciscanos.org.br\/noticias\/#\/schema\/person\/image\/","url":"https:\/\/secure.gravatar.com\/avatar\/0a937b7500cd7df77540cfb8bede877d?s=96&d=mm&r=g","contentUrl":"https:\/\/secure.gravatar.com\/avatar\/0a937b7500cd7df77540cfb8bede877d?s=96&d=mm&r=g","caption":"Adriana Rabelo"},"url":"https:\/\/franciscanos.org.br\/noticias\/author\/adrianarabelo"}]}},"_links":{"self":[{"href":"https:\/\/franciscanos.org.br\/noticias\/wp-json\/wp\/v2\/posts\/260852"}],"collection":[{"href":"https:\/\/franciscanos.org.br\/noticias\/wp-json\/wp\/v2\/posts"}],"about":[{"href":"https:\/\/franciscanos.org.br\/noticias\/wp-json\/wp\/v2\/types\/post"}],"author":[{"embeddable":true,"href":"https:\/\/franciscanos.org.br\/noticias\/wp-json\/wp\/v2\/users\/11"}],"replies":[{"embeddable":true,"href":"https:\/\/franciscanos.org.br\/noticias\/wp-json\/wp\/v2\/comments?post=260852"}],"version-history":[{"count":1,"href":"https:\/\/franciscanos.org.br\/noticias\/wp-json\/wp\/v2\/posts\/260852\/revisions"}],"predecessor-version":[{"id":260860,"href":"https:\/\/franciscanos.org.br\/noticias\/wp-json\/wp\/v2\/posts\/260852\/revisions\/260860"}],"wp:featuredmedia":[{"embeddable":true,"href":"https:\/\/franciscanos.org.br\/noticias\/wp-json\/wp\/v2\/media\/260853"}],"wp:attachment":[{"href":"https:\/\/franciscanos.org.br\/noticias\/wp-json\/wp\/v2\/media?parent=260852"}],"wp:term":[{"taxonomy":"category","embeddable":true,"href":"https:\/\/franciscanos.org.br\/noticias\/wp-json\/wp\/v2\/categories?post=260852"},{"taxonomy":"post_tag","embeddable":true,"href":"https:\/\/franciscanos.org.br\/noticias\/wp-json\/wp\/v2\/tags?post=260852"}],"curies":[{"name":"wp","href":"https:\/\/api.w.org\/{rel}","templated":true}]}}