{"id":260820,"date":"2025-10-06T12:11:50","date_gmt":"2025-10-06T15:11:50","guid":{"rendered":"https:\/\/franciscanos.org.br\/noticias\/?p=260820"},"modified":"2025-10-06T12:14:31","modified_gmt":"2025-10-06T15:14:31","slug":"canarinhos-celebram-a-espiritualidade-e-musica-com-o-concerto-dos-800-anos-do-cantico-das-criaturas","status":"publish","type":"post","link":"https:\/\/franciscanos.org.br\/noticias\/canarinhos-celebram-a-espiritualidade-e-musica-com-o-concerto-dos-800-anos-do-cantico-das-criaturas.html","title":{"rendered":"Canarinhos celebram a espiritualidade e m\u00fasica com o Concerto dos 800 anos do C\u00e2ntico das Criaturas"},"content":{"rendered":"<p><img loading=\"lazy\" class=\"aligncenter wp-image-260822 size-full\" src=\"https:\/\/franciscanos.org.br\/noticias\/wp-content\/uploads\/2025\/10\/MATERIA4.jpg\" alt=\"\" width=\"1280\" height=\"720\" srcset=\"https:\/\/franciscanos.org.br\/noticias\/wp-content\/uploads\/2025\/10\/MATERIA4.jpg 1280w, https:\/\/franciscanos.org.br\/noticias\/wp-content\/uploads\/2025\/10\/MATERIA4-450x253.jpg 450w, https:\/\/franciscanos.org.br\/noticias\/wp-content\/uploads\/2025\/10\/MATERIA4-1024x576.jpg 1024w, https:\/\/franciscanos.org.br\/noticias\/wp-content\/uploads\/2025\/10\/MATERIA4-768x432.jpg 768w, https:\/\/franciscanos.org.br\/noticias\/wp-content\/uploads\/2025\/10\/MATERIA4-150x84.jpg 150w\" sizes=\"(max-width: 1280px) 100vw, 1280px\" \/><\/p>\n<p>O Instituto dos Meninos Cantores de Petr\u00f3polis (IMCP) realizou, no \u00faltimo dia 4 de outubro, um emocionante concerto que procurou lembrar os 800 anos do C\u00e2ntico das Criaturas, de S\u00e3o Francisco de Assis, na Igreja do Sagrado Cora\u00e7\u00e3o de Jesus. A nave da matriz lotou com a presen\u00e7a dos Frades da Fraternidade local, os pais dos coralistas, paroquianos, amigos e simpatizantes dos corais. O evento celebrou n\u00e3o somente o momento hist\u00f3rico de oito s\u00e9culos, mas tamb\u00e9m a riqueza da espiritualidade e da m\u00fasica que fazem parte da heran\u00e7a do carisma franciscano, conduzindo os presentes a uma experi\u00eancia profunda de f\u00e9, arte, ora\u00e7\u00e3o e devo\u00e7\u00e3o.<\/p>\n<p><img loading=\"lazy\" class=\"aligncenter wp-image-260823 size-full\" src=\"https:\/\/franciscanos.org.br\/noticias\/wp-content\/uploads\/2025\/10\/MATERIA-1-5.jpg\" alt=\"\" width=\"1280\" height=\"720\" srcset=\"https:\/\/franciscanos.org.br\/noticias\/wp-content\/uploads\/2025\/10\/MATERIA-1-5.jpg 1280w, https:\/\/franciscanos.org.br\/noticias\/wp-content\/uploads\/2025\/10\/MATERIA-1-5-450x253.jpg 450w, https:\/\/franciscanos.org.br\/noticias\/wp-content\/uploads\/2025\/10\/MATERIA-1-5-1024x576.jpg 1024w, https:\/\/franciscanos.org.br\/noticias\/wp-content\/uploads\/2025\/10\/MATERIA-1-5-768x432.jpg 768w, https:\/\/franciscanos.org.br\/noticias\/wp-content\/uploads\/2025\/10\/MATERIA-1-5-150x84.jpg 150w\" sizes=\"(max-width: 1280px) 100vw, 1280px\" \/><\/p>\n<p>O programa do concerto foi cuidadosamente elaborado para refletir a mensagem de fraternidade universal e louvor \u00e0 cria\u00e7\u00e3o que permeia o C\u00e2ntico das Criaturas. A encena\u00e7\u00e3o alternou trechos narrados da \u201cCompila\u00e7\u00e3o de Assis\u201d e da \u201cLegenda Perusina\u201d \u2013 que narram o contexto em que S\u00e3o Francisco comp\u00f4s o c\u00e2ntico \u2013 com interpreta\u00e7\u00f5es musicais que deram voz \u00e0s criaturas e \u00e0 f\u00e9 do poverello de Assis, interpretadas pelos Corais dos Meninos e Meninas dos Canarinhos de Petr\u00f3polis. O roteiro, dividido em oito momentos, conduziu a plateia por um percurso que uniu hist\u00f3ria e m\u00fasica, retratando dor e esperan\u00e7a, morte e vida.<\/p>\n<p><img loading=\"lazy\" class=\"aligncenter wp-image-260834 size-full\" src=\"https:\/\/franciscanos.org.br\/noticias\/wp-content\/uploads\/2025\/10\/MATERIA-2-2.jpg\" alt=\"\" width=\"1280\" height=\"720\" srcset=\"https:\/\/franciscanos.org.br\/noticias\/wp-content\/uploads\/2025\/10\/MATERIA-2-2.jpg 1280w, https:\/\/franciscanos.org.br\/noticias\/wp-content\/uploads\/2025\/10\/MATERIA-2-2-450x253.jpg 450w, https:\/\/franciscanos.org.br\/noticias\/wp-content\/uploads\/2025\/10\/MATERIA-2-2-1024x576.jpg 1024w, https:\/\/franciscanos.org.br\/noticias\/wp-content\/uploads\/2025\/10\/MATERIA-2-2-768x432.jpg 768w, https:\/\/franciscanos.org.br\/noticias\/wp-content\/uploads\/2025\/10\/MATERIA-2-2-150x84.jpg 150w\" sizes=\"(max-width: 1280px) 100vw, 1280px\" \/><\/p>\n<p>Entre as obras apresentadas, destacaram-se \u201cThe Lord Bless You and Keep You\u201d, de John Rutter; \u201cOs C\u00e9us Entoam\u201d, de L. van Beethoven; \u201cDoce \u00e9 Sentir\u201d, inspirada no esp\u00edrito franciscano; e \u201cVidi Aquam\u201d, de Oreste Ravanello, entre outras. O repert\u00f3rio culminou com o \u201cCantico delle Creature\u201d de Marco Frisina, interpretado por ambos os coros, sintetizando a grandiosidade e a atualidade da mensagem franciscana: o louvor a Deus por todas as criaturas e pela fraternidade que une toda a cria\u00e7\u00e3o, na Casa Comum.<\/p>\n<p><img loading=\"lazy\" class=\"aligncenter wp-image-260833 size-full\" src=\"https:\/\/franciscanos.org.br\/noticias\/wp-content\/uploads\/2025\/10\/MATERIA5-2.jpg\" alt=\"\" width=\"1280\" height=\"720\" srcset=\"https:\/\/franciscanos.org.br\/noticias\/wp-content\/uploads\/2025\/10\/MATERIA5-2.jpg 1280w, https:\/\/franciscanos.org.br\/noticias\/wp-content\/uploads\/2025\/10\/MATERIA5-2-450x253.jpg 450w, https:\/\/franciscanos.org.br\/noticias\/wp-content\/uploads\/2025\/10\/MATERIA5-2-1024x576.jpg 1024w, https:\/\/franciscanos.org.br\/noticias\/wp-content\/uploads\/2025\/10\/MATERIA5-2-768x432.jpg 768w, https:\/\/franciscanos.org.br\/noticias\/wp-content\/uploads\/2025\/10\/MATERIA5-2-150x84.jpg 150w\" sizes=\"(max-width: 1280px) 100vw, 1280px\" \/>Durante a apresenta\u00e7\u00e3o, o p\u00fablico p\u00f4de acompanhar, por meio das narra\u00e7\u00f5es, o itiner\u00e1rio espiritual de S\u00e3o Francisco \u2013 de sua noite de prova\u00e7\u00e3o at\u00e9 a composi\u00e7\u00e3o final do c\u00e2ntico que transformou dor em louvor, fazendo nascer do cora\u00e7\u00e3o da Igreja, um hino de esperan\u00e7a e reconcilia\u00e7\u00e3o com a natureza. Cada m\u00fasica representou um elemento da cria\u00e7\u00e3o, tornando o concerto uma verdadeira ora\u00e7\u00e3o cantada pela vida e pela paz.<\/p>\n\n\t\t<style type=\"text\/css\">\n\t\t\t#gallery-1 {\n\t\t\t\tmargin: auto;\n\t\t\t}\n\t\t\t#gallery-1 .gallery-item {\n\t\t\t\tfloat: left;\n\t\t\t\tmargin-top: 10px;\n\t\t\t\ttext-align: center;\n\t\t\t\twidth: 33%;\n\t\t\t}\n\t\t\t#gallery-1 img {\n\t\t\t\tborder: 2px solid #cfcfcf;\n\t\t\t}\n\t\t\t#gallery-1 .gallery-caption {\n\t\t\t\tmargin-left: 0;\n\t\t\t}\n\t\t\t\/* see gallery_shortcode() in wp-includes\/media.php *\/\n\t\t<\/style>\n\t\t<div id='gallery-1' class='gallery galleryid-260820 gallery-columns-3 gallery-size-thumbnail'><dl class='gallery-item'>\n\t\t\t<dt class='gallery-icon landscape'>\n\t\t\t\t<a href='https:\/\/franciscanos.org.br\/noticias\/wp-content\/uploads\/2025\/10\/CANARINHOS-2.jpg'><img width=\"300\" height=\"300\" src=\"https:\/\/franciscanos.org.br\/noticias\/wp-content\/uploads\/2025\/10\/CANARINHOS-2-300x300.jpg\" class=\"attachment-thumbnail size-thumbnail\" alt=\"\" loading=\"lazy\" srcset=\"https:\/\/franciscanos.org.br\/noticias\/wp-content\/uploads\/2025\/10\/CANARINHOS-2-300x300.jpg 300w, https:\/\/franciscanos.org.br\/noticias\/wp-content\/uploads\/2025\/10\/CANARINHOS-2-100x100.jpg 100w\" sizes=\"(max-width: 300px) 100vw, 300px\" \/><\/a>\n\t\t\t<\/dt><\/dl><dl class='gallery-item'>\n\t\t\t<dt class='gallery-icon landscape'>\n\t\t\t\t<a href='https:\/\/franciscanos.org.br\/noticias\/wp-content\/uploads\/2025\/10\/CANARINHOS-11.jpg'><img width=\"300\" height=\"300\" src=\"https:\/\/franciscanos.org.br\/noticias\/wp-content\/uploads\/2025\/10\/CANARINHOS-11-300x300.jpg\" class=\"attachment-thumbnail size-thumbnail\" alt=\"\" loading=\"lazy\" srcset=\"https:\/\/franciscanos.org.br\/noticias\/wp-content\/uploads\/2025\/10\/CANARINHOS-11-300x300.jpg 300w, https:\/\/franciscanos.org.br\/noticias\/wp-content\/uploads\/2025\/10\/CANARINHOS-11-100x100.jpg 100w\" sizes=\"(max-width: 300px) 100vw, 300px\" \/><\/a>\n\t\t\t<\/dt><\/dl><dl class='gallery-item'>\n\t\t\t<dt class='gallery-icon landscape'>\n\t\t\t\t<a href='https:\/\/franciscanos.org.br\/noticias\/wp-content\/uploads\/2025\/10\/CANARINHOS-3.jpg'><img width=\"300\" height=\"300\" src=\"https:\/\/franciscanos.org.br\/noticias\/wp-content\/uploads\/2025\/10\/CANARINHOS-3-300x300.jpg\" class=\"attachment-thumbnail size-thumbnail\" alt=\"\" loading=\"lazy\" srcset=\"https:\/\/franciscanos.org.br\/noticias\/wp-content\/uploads\/2025\/10\/CANARINHOS-3-300x300.jpg 300w, https:\/\/franciscanos.org.br\/noticias\/wp-content\/uploads\/2025\/10\/CANARINHOS-3-100x100.jpg 100w\" sizes=\"(max-width: 300px) 100vw, 300px\" \/><\/a>\n\t\t\t<\/dt><\/dl><br style=\"clear: both\" \/>\n\t\t<\/div>\n\n<p>Como j\u00e1 destacado, a celebra\u00e7\u00e3o contou com grande participa\u00e7\u00e3o do p\u00fablico, que se emocionou com a for\u00e7a po\u00e9tica franciscana. A entrada foi gratuita, com doa\u00e7\u00f5es espont\u00e2neas destinadas \u00e0 manuten\u00e7\u00e3o e realiza\u00e7\u00e3o dos projetos do IMCP, refor\u00e7ando o esp\u00edrito de solidariedade que sempre acompanhou a miss\u00e3o do Instituto.<\/p>\n<p>A comemora\u00e7\u00e3o dos 800 anos do C\u00e2ntico das Criaturas marcou, assim, um cap\u00edtulo especial na hist\u00f3ria, reafirmando o poder transformador da m\u00fasica como instrumento de evangeliza\u00e7\u00e3o e consci\u00eancia ecol\u00f3gica. Na Igreja do Sagrado e sob inspira\u00e7\u00e3o do irm\u00e3o de Assis \u2013 o cantor do Irm\u00e3o Sol \u2013 ecoou mais uma vez o mais atual de todos os c\u00e2nticos: \u201cLouvado sejas, meu Senhor, por todas as tuas Criaturas.\u201d<\/p>\n<hr \/>\n<p><em>Texto: Frei Gabriel Nogueira \/ Fotos: Hugo Rocha.<\/em><\/p>\n","protected":false},"excerpt":{"rendered":"<p>Solenidade de S\u00e3o Francisco de Assis 2025<\/p>\n","protected":false},"author":11,"featured_media":260821,"comment_status":"open","ping_status":"open","sticky":false,"template":"","format":"standard","meta":[],"categories":[1],"tags":[2428,1531,2321,2171,2427],"acf":[],"yoast_head":"<!-- This site is optimized with the Yoast SEO plugin v19.2 - https:\/\/yoast.com\/wordpress\/plugins\/seo\/ -->\n<title>Canarinhos celebram a espiritualidade e m\u00fasica com o Concerto dos 800 anos do C\u00e2ntico das Criaturas - Not\u00edcias - Franciscanos<\/title>\n<meta name=\"robots\" content=\"index, follow, max-snippet:-1, max-image-preview:large, max-video-preview:-1\" \/>\n<link rel=\"canonical\" href=\"https:\/\/franciscanos.org.br\/noticias\/canarinhos-celebram-a-espiritualidade-e-musica-com-o-concerto-dos-800-anos-do-cantico-das-criaturas.html\" \/>\n<meta property=\"og:locale\" content=\"pt_BR\" \/>\n<meta property=\"og:type\" content=\"article\" \/>\n<meta property=\"og:title\" content=\"Canarinhos celebram a espiritualidade e m\u00fasica com o Concerto dos 800 anos do C\u00e2ntico das Criaturas - Not\u00edcias - Franciscanos\" \/>\n<meta property=\"og:description\" content=\"Solenidade de S\u00e3o Francisco de Assis 2025\" \/>\n<meta property=\"og:url\" content=\"https:\/\/franciscanos.org.br\/noticias\/canarinhos-celebram-a-espiritualidade-e-musica-com-o-concerto-dos-800-anos-do-cantico-das-criaturas.html\" \/>\n<meta property=\"og:site_name\" content=\"Not\u00edcias - Franciscanos\" \/>\n<meta property=\"article:published_time\" content=\"2025-10-06T15:11:50+00:00\" \/>\n<meta property=\"article:modified_time\" content=\"2025-10-06T15:14:31+00:00\" \/>\n<meta property=\"og:image\" content=\"https:\/\/franciscanos.org.br\/noticias\/wp-content\/uploads\/2025\/10\/CHAMADA-10.jpg\" \/>\n\t<meta property=\"og:image:width\" content=\"800\" \/>\n\t<meta property=\"og:image:height\" content=\"550\" \/>\n\t<meta property=\"og:image:type\" content=\"image\/jpeg\" \/>\n<meta name=\"author\" content=\"Adriana Rabelo\" \/>\n<meta name=\"twitter:card\" content=\"summary_large_image\" \/>\n<meta name=\"twitter:label1\" content=\"Escrito por\" \/>\n\t<meta name=\"twitter:data1\" content=\"Adriana Rabelo\" \/>\n\t<meta name=\"twitter:label2\" content=\"Est. tempo de leitura\" \/>\n\t<meta name=\"twitter:data2\" content=\"3 minutos\" \/>\n<script type=\"application\/ld+json\" class=\"yoast-schema-graph\">{\"@context\":\"https:\/\/schema.org\",\"@graph\":[{\"@type\":\"WebSite\",\"@id\":\"https:\/\/franciscanos.org.br\/noticias\/#website\",\"url\":\"https:\/\/franciscanos.org.br\/noticias\/\",\"name\":\"Not\u00edcias - Franciscanos\",\"description\":\"Prov\u00edncia Franciscana da Imaculada Concei\u00e7\u00e3o do Brasil - Ordem dos Frades Menores - OFM\",\"potentialAction\":[{\"@type\":\"SearchAction\",\"target\":{\"@type\":\"EntryPoint\",\"urlTemplate\":\"https:\/\/franciscanos.org.br\/noticias\/?s={search_term_string}\"},\"query-input\":\"required name=search_term_string\"}],\"inLanguage\":\"pt-BR\"},{\"@type\":\"ImageObject\",\"inLanguage\":\"pt-BR\",\"@id\":\"https:\/\/franciscanos.org.br\/noticias\/canarinhos-celebram-a-espiritualidade-e-musica-com-o-concerto-dos-800-anos-do-cantico-das-criaturas.html#primaryimage\",\"url\":\"https:\/\/franciscanos.org.br\/noticias\/wp-content\/uploads\/2025\/10\/CHAMADA-10.jpg\",\"contentUrl\":\"https:\/\/franciscanos.org.br\/noticias\/wp-content\/uploads\/2025\/10\/CHAMADA-10.jpg\",\"width\":800,\"height\":550},{\"@type\":\"WebPage\",\"@id\":\"https:\/\/franciscanos.org.br\/noticias\/canarinhos-celebram-a-espiritualidade-e-musica-com-o-concerto-dos-800-anos-do-cantico-das-criaturas.html#webpage\",\"url\":\"https:\/\/franciscanos.org.br\/noticias\/canarinhos-celebram-a-espiritualidade-e-musica-com-o-concerto-dos-800-anos-do-cantico-das-criaturas.html\",\"name\":\"Canarinhos celebram a espiritualidade e m\u00fasica com o Concerto dos 800 anos do C\u00e2ntico das Criaturas - Not\u00edcias - Franciscanos\",\"isPartOf\":{\"@id\":\"https:\/\/franciscanos.org.br\/noticias\/#website\"},\"primaryImageOfPage\":{\"@id\":\"https:\/\/franciscanos.org.br\/noticias\/canarinhos-celebram-a-espiritualidade-e-musica-com-o-concerto-dos-800-anos-do-cantico-das-criaturas.html#primaryimage\"},\"datePublished\":\"2025-10-06T15:11:50+00:00\",\"dateModified\":\"2025-10-06T15:14:31+00:00\",\"author\":{\"@id\":\"https:\/\/franciscanos.org.br\/noticias\/#\/schema\/person\/d9422e83121c3ad3b0f423d195f5bb25\"},\"breadcrumb\":{\"@id\":\"https:\/\/franciscanos.org.br\/noticias\/canarinhos-celebram-a-espiritualidade-e-musica-com-o-concerto-dos-800-anos-do-cantico-das-criaturas.html#breadcrumb\"},\"inLanguage\":\"pt-BR\",\"potentialAction\":[{\"@type\":\"ReadAction\",\"target\":[\"https:\/\/franciscanos.org.br\/noticias\/canarinhos-celebram-a-espiritualidade-e-musica-com-o-concerto-dos-800-anos-do-cantico-das-criaturas.html\"]}]},{\"@type\":\"BreadcrumbList\",\"@id\":\"https:\/\/franciscanos.org.br\/noticias\/canarinhos-celebram-a-espiritualidade-e-musica-com-o-concerto-dos-800-anos-do-cantico-das-criaturas.html#breadcrumb\",\"itemListElement\":[{\"@type\":\"ListItem\",\"position\":1,\"name\":\"Home\",\"item\":\"https:\/\/franciscanos.org.br\/noticias\"},{\"@type\":\"ListItem\",\"position\":2,\"name\":\"Canarinhos celebram a espiritualidade e m\u00fasica com o Concerto dos 800 anos do C\u00e2ntico das Criaturas\"}]},{\"@type\":\"Person\",\"@id\":\"https:\/\/franciscanos.org.br\/noticias\/#\/schema\/person\/d9422e83121c3ad3b0f423d195f5bb25\",\"name\":\"Adriana Rabelo\",\"image\":{\"@type\":\"ImageObject\",\"inLanguage\":\"pt-BR\",\"@id\":\"https:\/\/franciscanos.org.br\/noticias\/#\/schema\/person\/image\/\",\"url\":\"https:\/\/secure.gravatar.com\/avatar\/0a937b7500cd7df77540cfb8bede877d?s=96&d=mm&r=g\",\"contentUrl\":\"https:\/\/secure.gravatar.com\/avatar\/0a937b7500cd7df77540cfb8bede877d?s=96&d=mm&r=g\",\"caption\":\"Adriana Rabelo\"},\"url\":\"https:\/\/franciscanos.org.br\/noticias\/author\/adrianarabelo\"}]}<\/script>\n<!-- \/ Yoast SEO plugin. -->","yoast_head_json":{"title":"Canarinhos celebram a espiritualidade e m\u00fasica com o Concerto dos 800 anos do C\u00e2ntico das Criaturas - Not\u00edcias - Franciscanos","robots":{"index":"index","follow":"follow","max-snippet":"max-snippet:-1","max-image-preview":"max-image-preview:large","max-video-preview":"max-video-preview:-1"},"canonical":"https:\/\/franciscanos.org.br\/noticias\/canarinhos-celebram-a-espiritualidade-e-musica-com-o-concerto-dos-800-anos-do-cantico-das-criaturas.html","og_locale":"pt_BR","og_type":"article","og_title":"Canarinhos celebram a espiritualidade e m\u00fasica com o Concerto dos 800 anos do C\u00e2ntico das Criaturas - Not\u00edcias - Franciscanos","og_description":"Solenidade de S\u00e3o Francisco de Assis 2025","og_url":"https:\/\/franciscanos.org.br\/noticias\/canarinhos-celebram-a-espiritualidade-e-musica-com-o-concerto-dos-800-anos-do-cantico-das-criaturas.html","og_site_name":"Not\u00edcias - Franciscanos","article_published_time":"2025-10-06T15:11:50+00:00","article_modified_time":"2025-10-06T15:14:31+00:00","og_image":[{"width":800,"height":550,"url":"https:\/\/franciscanos.org.br\/noticias\/wp-content\/uploads\/2025\/10\/CHAMADA-10.jpg","type":"image\/jpeg"}],"author":"Adriana Rabelo","twitter_card":"summary_large_image","twitter_misc":{"Escrito por":"Adriana Rabelo","Est. tempo de leitura":"3 minutos"},"schema":{"@context":"https:\/\/schema.org","@graph":[{"@type":"WebSite","@id":"https:\/\/franciscanos.org.br\/noticias\/#website","url":"https:\/\/franciscanos.org.br\/noticias\/","name":"Not\u00edcias - Franciscanos","description":"Prov\u00edncia Franciscana da Imaculada Concei\u00e7\u00e3o do Brasil - Ordem dos Frades Menores - OFM","potentialAction":[{"@type":"SearchAction","target":{"@type":"EntryPoint","urlTemplate":"https:\/\/franciscanos.org.br\/noticias\/?s={search_term_string}"},"query-input":"required name=search_term_string"}],"inLanguage":"pt-BR"},{"@type":"ImageObject","inLanguage":"pt-BR","@id":"https:\/\/franciscanos.org.br\/noticias\/canarinhos-celebram-a-espiritualidade-e-musica-com-o-concerto-dos-800-anos-do-cantico-das-criaturas.html#primaryimage","url":"https:\/\/franciscanos.org.br\/noticias\/wp-content\/uploads\/2025\/10\/CHAMADA-10.jpg","contentUrl":"https:\/\/franciscanos.org.br\/noticias\/wp-content\/uploads\/2025\/10\/CHAMADA-10.jpg","width":800,"height":550},{"@type":"WebPage","@id":"https:\/\/franciscanos.org.br\/noticias\/canarinhos-celebram-a-espiritualidade-e-musica-com-o-concerto-dos-800-anos-do-cantico-das-criaturas.html#webpage","url":"https:\/\/franciscanos.org.br\/noticias\/canarinhos-celebram-a-espiritualidade-e-musica-com-o-concerto-dos-800-anos-do-cantico-das-criaturas.html","name":"Canarinhos celebram a espiritualidade e m\u00fasica com o Concerto dos 800 anos do C\u00e2ntico das Criaturas - Not\u00edcias - Franciscanos","isPartOf":{"@id":"https:\/\/franciscanos.org.br\/noticias\/#website"},"primaryImageOfPage":{"@id":"https:\/\/franciscanos.org.br\/noticias\/canarinhos-celebram-a-espiritualidade-e-musica-com-o-concerto-dos-800-anos-do-cantico-das-criaturas.html#primaryimage"},"datePublished":"2025-10-06T15:11:50+00:00","dateModified":"2025-10-06T15:14:31+00:00","author":{"@id":"https:\/\/franciscanos.org.br\/noticias\/#\/schema\/person\/d9422e83121c3ad3b0f423d195f5bb25"},"breadcrumb":{"@id":"https:\/\/franciscanos.org.br\/noticias\/canarinhos-celebram-a-espiritualidade-e-musica-com-o-concerto-dos-800-anos-do-cantico-das-criaturas.html#breadcrumb"},"inLanguage":"pt-BR","potentialAction":[{"@type":"ReadAction","target":["https:\/\/franciscanos.org.br\/noticias\/canarinhos-celebram-a-espiritualidade-e-musica-com-o-concerto-dos-800-anos-do-cantico-das-criaturas.html"]}]},{"@type":"BreadcrumbList","@id":"https:\/\/franciscanos.org.br\/noticias\/canarinhos-celebram-a-espiritualidade-e-musica-com-o-concerto-dos-800-anos-do-cantico-das-criaturas.html#breadcrumb","itemListElement":[{"@type":"ListItem","position":1,"name":"Home","item":"https:\/\/franciscanos.org.br\/noticias"},{"@type":"ListItem","position":2,"name":"Canarinhos celebram a espiritualidade e m\u00fasica com o Concerto dos 800 anos do C\u00e2ntico das Criaturas"}]},{"@type":"Person","@id":"https:\/\/franciscanos.org.br\/noticias\/#\/schema\/person\/d9422e83121c3ad3b0f423d195f5bb25","name":"Adriana Rabelo","image":{"@type":"ImageObject","inLanguage":"pt-BR","@id":"https:\/\/franciscanos.org.br\/noticias\/#\/schema\/person\/image\/","url":"https:\/\/secure.gravatar.com\/avatar\/0a937b7500cd7df77540cfb8bede877d?s=96&d=mm&r=g","contentUrl":"https:\/\/secure.gravatar.com\/avatar\/0a937b7500cd7df77540cfb8bede877d?s=96&d=mm&r=g","caption":"Adriana Rabelo"},"url":"https:\/\/franciscanos.org.br\/noticias\/author\/adrianarabelo"}]}},"_links":{"self":[{"href":"https:\/\/franciscanos.org.br\/noticias\/wp-json\/wp\/v2\/posts\/260820"}],"collection":[{"href":"https:\/\/franciscanos.org.br\/noticias\/wp-json\/wp\/v2\/posts"}],"about":[{"href":"https:\/\/franciscanos.org.br\/noticias\/wp-json\/wp\/v2\/types\/post"}],"author":[{"embeddable":true,"href":"https:\/\/franciscanos.org.br\/noticias\/wp-json\/wp\/v2\/users\/11"}],"replies":[{"embeddable":true,"href":"https:\/\/franciscanos.org.br\/noticias\/wp-json\/wp\/v2\/comments?post=260820"}],"version-history":[{"count":2,"href":"https:\/\/franciscanos.org.br\/noticias\/wp-json\/wp\/v2\/posts\/260820\/revisions"}],"predecessor-version":[{"id":260836,"href":"https:\/\/franciscanos.org.br\/noticias\/wp-json\/wp\/v2\/posts\/260820\/revisions\/260836"}],"wp:featuredmedia":[{"embeddable":true,"href":"https:\/\/franciscanos.org.br\/noticias\/wp-json\/wp\/v2\/media\/260821"}],"wp:attachment":[{"href":"https:\/\/franciscanos.org.br\/noticias\/wp-json\/wp\/v2\/media?parent=260820"}],"wp:term":[{"taxonomy":"category","embeddable":true,"href":"https:\/\/franciscanos.org.br\/noticias\/wp-json\/wp\/v2\/categories?post=260820"},{"taxonomy":"post_tag","embeddable":true,"href":"https:\/\/franciscanos.org.br\/noticias\/wp-json\/wp\/v2\/tags?post=260820"}],"curies":[{"name":"wp","href":"https:\/\/api.w.org\/{rel}","templated":true}]}}