{"id":260812,"date":"2025-10-06T11:26:57","date_gmt":"2025-10-06T14:26:57","guid":{"rendered":"https:\/\/franciscanos.org.br\/noticias\/?p=260812"},"modified":"2025-10-06T11:26:57","modified_gmt":"2025-10-06T14:26:57","slug":"usf-celebra-soleniade-de-sao-francisco-de-assis-com-bencao-dos-animais-e-missa-no-campus-braganca-paulista","status":"publish","type":"post","link":"https:\/\/franciscanos.org.br\/noticias\/usf-celebra-soleniade-de-sao-francisco-de-assis-com-bencao-dos-animais-e-missa-no-campus-braganca-paulista.html","title":{"rendered":"USF celebra Soleniade de S\u00e3o Francisco de Assis com b\u00ean\u00e7\u00e3o dos animais e missa no C\u00e2mpus Bragan\u00e7a Paulista"},"content":{"rendered":"<p><img loading=\"lazy\" class=\"aligncenter wp-image-260814 size-full\" src=\"https:\/\/franciscanos.org.br\/noticias\/wp-content\/uploads\/2025\/10\/MATERIA-1-4.jpg\" alt=\"\" width=\"1280\" height=\"720\" srcset=\"https:\/\/franciscanos.org.br\/noticias\/wp-content\/uploads\/2025\/10\/MATERIA-1-4.jpg 1280w, https:\/\/franciscanos.org.br\/noticias\/wp-content\/uploads\/2025\/10\/MATERIA-1-4-450x253.jpg 450w, https:\/\/franciscanos.org.br\/noticias\/wp-content\/uploads\/2025\/10\/MATERIA-1-4-1024x576.jpg 1024w, https:\/\/franciscanos.org.br\/noticias\/wp-content\/uploads\/2025\/10\/MATERIA-1-4-768x432.jpg 768w, https:\/\/franciscanos.org.br\/noticias\/wp-content\/uploads\/2025\/10\/MATERIA-1-4-150x84.jpg 150w\" sizes=\"(max-width: 1280px) 100vw, 1280px\" \/><\/p>\n<p>No dia 3 de outubro, a Universidade S\u00e3o Francisco (USF) promoveu uma celebra\u00e7\u00e3o especial em homenagem ao seu padroeiro, S\u00e3o Francisco de Assis, no C\u00e2mpus Bragan\u00e7a Paulista (SP). O evento reuniu estudantes, professores, colaboradores e p\u00fablico externo.<\/p>\n<p>A programa\u00e7\u00e3o contou, \u00e0s 10h, com a tradicional b\u00ean\u00e7\u00e3o, quando tutores puderam levar seus animais de estima\u00e7\u00e3o. Ao meio-dia, foi celebrada a Missa em homenagem a S\u00e3o Francisco de Assis, com transmiss\u00e3o ao vivo pelo canal oficial da USF no YouTube.<\/p>\n<p>A missa foi celebrada pelo Frei Vitorio Mazzuco Filho, coordenador do N\u00facleo de Pastoral Universit\u00e1ria, e pelo Frei Claudino Gilz, com a presen\u00e7a de autoridades acad\u00eamicas e institucionais, entre elas:<\/p>\n<p><img loading=\"lazy\" class=\"aligncenter wp-image-260815 size-full\" src=\"https:\/\/franciscanos.org.br\/noticias\/wp-content\/uploads\/2025\/10\/MATERIA5-1.jpg\" alt=\"\" width=\"1280\" height=\"720\" srcset=\"https:\/\/franciscanos.org.br\/noticias\/wp-content\/uploads\/2025\/10\/MATERIA5-1.jpg 1280w, https:\/\/franciscanos.org.br\/noticias\/wp-content\/uploads\/2025\/10\/MATERIA5-1-450x253.jpg 450w, https:\/\/franciscanos.org.br\/noticias\/wp-content\/uploads\/2025\/10\/MATERIA5-1-1024x576.jpg 1024w, https:\/\/franciscanos.org.br\/noticias\/wp-content\/uploads\/2025\/10\/MATERIA5-1-768x432.jpg 768w, https:\/\/franciscanos.org.br\/noticias\/wp-content\/uploads\/2025\/10\/MATERIA5-1-150x84.jpg 150w\" sizes=\"(max-width: 1280px) 100vw, 1280px\" \/><\/p>\n<p>Estiveram presentes na celebra\u00e7\u00e3o o Frei Daniel Dellandrea, Diretor-Presidente da CNSP-ASF; o Frei Alvaci Mendes da Luz, Reitor da USF; o professor Dilnei Lorenzi, Pr\u00f3-Reitor de Ensino, Pesquisa e Extens\u00e3o (PROEPE); o professor Adriel Moura Cabral, Pr\u00f3-Reitor de Administra\u00e7\u00e3o e Planejamento (PROAP); o administrador dos C\u00e2mpus Rodrigo Ribeiro Paiva; e a professora Patr\u00edcia Teixeira Costa, Diretora do C\u00e2mpus Bragan\u00e7a Paulista.<\/p>\n<p><img loading=\"lazy\" class=\"aligncenter wp-image-260816 size-full\" src=\"https:\/\/franciscanos.org.br\/noticias\/wp-content\/uploads\/2025\/10\/MATERIA2-2.jpg\" alt=\"\" width=\"1280\" height=\"720\" srcset=\"https:\/\/franciscanos.org.br\/noticias\/wp-content\/uploads\/2025\/10\/MATERIA2-2.jpg 1280w, https:\/\/franciscanos.org.br\/noticias\/wp-content\/uploads\/2025\/10\/MATERIA2-2-450x253.jpg 450w, https:\/\/franciscanos.org.br\/noticias\/wp-content\/uploads\/2025\/10\/MATERIA2-2-1024x576.jpg 1024w, https:\/\/franciscanos.org.br\/noticias\/wp-content\/uploads\/2025\/10\/MATERIA2-2-768x432.jpg 768w, https:\/\/franciscanos.org.br\/noticias\/wp-content\/uploads\/2025\/10\/MATERIA2-2-150x84.jpg 150w\" sizes=\"(max-width: 1280px) 100vw, 1280px\" \/><\/p>\n<p>A celebra\u00e7\u00e3o refor\u00e7ou a espiritualidade franciscana que orienta a miss\u00e3o da Universidade, inspirando a comunidade acad\u00eamica a seguir os valores de S\u00e3o Francisco de Assis, como a simplicidade, o cuidado com a cria\u00e7\u00e3o e o compromisso com a paz e o bem.<\/p>\n<hr \/>\n<p><em>Ana Paula Moreira\/ USF<\/em><\/p>\n","protected":false},"excerpt":{"rendered":"<p>Solenidade de S\u00e3o Francisco 2025<\/p>\n","protected":false},"author":11,"featured_media":260813,"comment_status":"open","ping_status":"open","sticky":false,"template":"","format":"standard","meta":[],"categories":[1],"tags":[2171,2427,354],"acf":[],"yoast_head":"<!-- This site is optimized with the Yoast SEO plugin v19.2 - https:\/\/yoast.com\/wordpress\/plugins\/seo\/ -->\n<title>USF celebra Soleniade de S\u00e3o Francisco de Assis com b\u00ean\u00e7\u00e3o dos animais e missa no C\u00e2mpus Bragan\u00e7a Paulista - Not\u00edcias - Franciscanos<\/title>\n<meta name=\"robots\" content=\"index, follow, max-snippet:-1, max-image-preview:large, max-video-preview:-1\" \/>\n<link rel=\"canonical\" href=\"https:\/\/franciscanos.org.br\/noticias\/usf-celebra-soleniade-de-sao-francisco-de-assis-com-bencao-dos-animais-e-missa-no-campus-braganca-paulista.html\" \/>\n<meta property=\"og:locale\" content=\"pt_BR\" \/>\n<meta property=\"og:type\" content=\"article\" \/>\n<meta property=\"og:title\" content=\"USF celebra Soleniade de S\u00e3o Francisco de Assis com b\u00ean\u00e7\u00e3o dos animais e missa no C\u00e2mpus Bragan\u00e7a Paulista - Not\u00edcias - Franciscanos\" \/>\n<meta property=\"og:description\" content=\"Solenidade de S\u00e3o Francisco 2025\" \/>\n<meta property=\"og:url\" content=\"https:\/\/franciscanos.org.br\/noticias\/usf-celebra-soleniade-de-sao-francisco-de-assis-com-bencao-dos-animais-e-missa-no-campus-braganca-paulista.html\" \/>\n<meta property=\"og:site_name\" content=\"Not\u00edcias - Franciscanos\" \/>\n<meta property=\"article:published_time\" content=\"2025-10-06T14:26:57+00:00\" \/>\n<meta property=\"og:image\" content=\"https:\/\/franciscanos.org.br\/noticias\/wp-content\/uploads\/2025\/10\/chamada-9.jpg\" \/>\n\t<meta property=\"og:image:width\" content=\"800\" \/>\n\t<meta property=\"og:image:height\" content=\"550\" \/>\n\t<meta property=\"og:image:type\" content=\"image\/jpeg\" \/>\n<meta name=\"author\" content=\"Adriana Rabelo\" \/>\n<meta name=\"twitter:card\" content=\"summary_large_image\" \/>\n<meta name=\"twitter:label1\" content=\"Escrito por\" \/>\n\t<meta name=\"twitter:data1\" content=\"Adriana Rabelo\" \/>\n\t<meta name=\"twitter:label2\" content=\"Est. tempo de leitura\" \/>\n\t<meta name=\"twitter:data2\" content=\"1 minuto\" \/>\n<script type=\"application\/ld+json\" class=\"yoast-schema-graph\">{\"@context\":\"https:\/\/schema.org\",\"@graph\":[{\"@type\":\"WebSite\",\"@id\":\"https:\/\/franciscanos.org.br\/noticias\/#website\",\"url\":\"https:\/\/franciscanos.org.br\/noticias\/\",\"name\":\"Not\u00edcias - Franciscanos\",\"description\":\"Prov\u00edncia Franciscana da Imaculada Concei\u00e7\u00e3o do Brasil - Ordem dos Frades Menores - OFM\",\"potentialAction\":[{\"@type\":\"SearchAction\",\"target\":{\"@type\":\"EntryPoint\",\"urlTemplate\":\"https:\/\/franciscanos.org.br\/noticias\/?s={search_term_string}\"},\"query-input\":\"required name=search_term_string\"}],\"inLanguage\":\"pt-BR\"},{\"@type\":\"ImageObject\",\"inLanguage\":\"pt-BR\",\"@id\":\"https:\/\/franciscanos.org.br\/noticias\/usf-celebra-soleniade-de-sao-francisco-de-assis-com-bencao-dos-animais-e-missa-no-campus-braganca-paulista.html#primaryimage\",\"url\":\"https:\/\/franciscanos.org.br\/noticias\/wp-content\/uploads\/2025\/10\/chamada-9.jpg\",\"contentUrl\":\"https:\/\/franciscanos.org.br\/noticias\/wp-content\/uploads\/2025\/10\/chamada-9.jpg\",\"width\":800,\"height\":550},{\"@type\":\"WebPage\",\"@id\":\"https:\/\/franciscanos.org.br\/noticias\/usf-celebra-soleniade-de-sao-francisco-de-assis-com-bencao-dos-animais-e-missa-no-campus-braganca-paulista.html#webpage\",\"url\":\"https:\/\/franciscanos.org.br\/noticias\/usf-celebra-soleniade-de-sao-francisco-de-assis-com-bencao-dos-animais-e-missa-no-campus-braganca-paulista.html\",\"name\":\"USF celebra Soleniade de S\u00e3o Francisco de Assis com b\u00ean\u00e7\u00e3o dos animais e missa no C\u00e2mpus Bragan\u00e7a Paulista - Not\u00edcias - Franciscanos\",\"isPartOf\":{\"@id\":\"https:\/\/franciscanos.org.br\/noticias\/#website\"},\"primaryImageOfPage\":{\"@id\":\"https:\/\/franciscanos.org.br\/noticias\/usf-celebra-soleniade-de-sao-francisco-de-assis-com-bencao-dos-animais-e-missa-no-campus-braganca-paulista.html#primaryimage\"},\"datePublished\":\"2025-10-06T14:26:57+00:00\",\"dateModified\":\"2025-10-06T14:26:57+00:00\",\"author\":{\"@id\":\"https:\/\/franciscanos.org.br\/noticias\/#\/schema\/person\/d9422e83121c3ad3b0f423d195f5bb25\"},\"breadcrumb\":{\"@id\":\"https:\/\/franciscanos.org.br\/noticias\/usf-celebra-soleniade-de-sao-francisco-de-assis-com-bencao-dos-animais-e-missa-no-campus-braganca-paulista.html#breadcrumb\"},\"inLanguage\":\"pt-BR\",\"potentialAction\":[{\"@type\":\"ReadAction\",\"target\":[\"https:\/\/franciscanos.org.br\/noticias\/usf-celebra-soleniade-de-sao-francisco-de-assis-com-bencao-dos-animais-e-missa-no-campus-braganca-paulista.html\"]}]},{\"@type\":\"BreadcrumbList\",\"@id\":\"https:\/\/franciscanos.org.br\/noticias\/usf-celebra-soleniade-de-sao-francisco-de-assis-com-bencao-dos-animais-e-missa-no-campus-braganca-paulista.html#breadcrumb\",\"itemListElement\":[{\"@type\":\"ListItem\",\"position\":1,\"name\":\"Home\",\"item\":\"https:\/\/franciscanos.org.br\/noticias\"},{\"@type\":\"ListItem\",\"position\":2,\"name\":\"USF celebra Soleniade de S\u00e3o Francisco de Assis com b\u00ean\u00e7\u00e3o dos animais e missa no C\u00e2mpus Bragan\u00e7a Paulista\"}]},{\"@type\":\"Person\",\"@id\":\"https:\/\/franciscanos.org.br\/noticias\/#\/schema\/person\/d9422e83121c3ad3b0f423d195f5bb25\",\"name\":\"Adriana Rabelo\",\"image\":{\"@type\":\"ImageObject\",\"inLanguage\":\"pt-BR\",\"@id\":\"https:\/\/franciscanos.org.br\/noticias\/#\/schema\/person\/image\/\",\"url\":\"https:\/\/secure.gravatar.com\/avatar\/0a937b7500cd7df77540cfb8bede877d?s=96&d=mm&r=g\",\"contentUrl\":\"https:\/\/secure.gravatar.com\/avatar\/0a937b7500cd7df77540cfb8bede877d?s=96&d=mm&r=g\",\"caption\":\"Adriana Rabelo\"},\"url\":\"https:\/\/franciscanos.org.br\/noticias\/author\/adrianarabelo\"}]}<\/script>\n<!-- \/ Yoast SEO plugin. -->","yoast_head_json":{"title":"USF celebra Soleniade de S\u00e3o Francisco de Assis com b\u00ean\u00e7\u00e3o dos animais e missa no C\u00e2mpus Bragan\u00e7a Paulista - Not\u00edcias - Franciscanos","robots":{"index":"index","follow":"follow","max-snippet":"max-snippet:-1","max-image-preview":"max-image-preview:large","max-video-preview":"max-video-preview:-1"},"canonical":"https:\/\/franciscanos.org.br\/noticias\/usf-celebra-soleniade-de-sao-francisco-de-assis-com-bencao-dos-animais-e-missa-no-campus-braganca-paulista.html","og_locale":"pt_BR","og_type":"article","og_title":"USF celebra Soleniade de S\u00e3o Francisco de Assis com b\u00ean\u00e7\u00e3o dos animais e missa no C\u00e2mpus Bragan\u00e7a Paulista - Not\u00edcias - Franciscanos","og_description":"Solenidade de S\u00e3o Francisco 2025","og_url":"https:\/\/franciscanos.org.br\/noticias\/usf-celebra-soleniade-de-sao-francisco-de-assis-com-bencao-dos-animais-e-missa-no-campus-braganca-paulista.html","og_site_name":"Not\u00edcias - Franciscanos","article_published_time":"2025-10-06T14:26:57+00:00","og_image":[{"width":800,"height":550,"url":"https:\/\/franciscanos.org.br\/noticias\/wp-content\/uploads\/2025\/10\/chamada-9.jpg","type":"image\/jpeg"}],"author":"Adriana Rabelo","twitter_card":"summary_large_image","twitter_misc":{"Escrito por":"Adriana Rabelo","Est. tempo de leitura":"1 minuto"},"schema":{"@context":"https:\/\/schema.org","@graph":[{"@type":"WebSite","@id":"https:\/\/franciscanos.org.br\/noticias\/#website","url":"https:\/\/franciscanos.org.br\/noticias\/","name":"Not\u00edcias - Franciscanos","description":"Prov\u00edncia Franciscana da Imaculada Concei\u00e7\u00e3o do Brasil - Ordem dos Frades Menores - OFM","potentialAction":[{"@type":"SearchAction","target":{"@type":"EntryPoint","urlTemplate":"https:\/\/franciscanos.org.br\/noticias\/?s={search_term_string}"},"query-input":"required name=search_term_string"}],"inLanguage":"pt-BR"},{"@type":"ImageObject","inLanguage":"pt-BR","@id":"https:\/\/franciscanos.org.br\/noticias\/usf-celebra-soleniade-de-sao-francisco-de-assis-com-bencao-dos-animais-e-missa-no-campus-braganca-paulista.html#primaryimage","url":"https:\/\/franciscanos.org.br\/noticias\/wp-content\/uploads\/2025\/10\/chamada-9.jpg","contentUrl":"https:\/\/franciscanos.org.br\/noticias\/wp-content\/uploads\/2025\/10\/chamada-9.jpg","width":800,"height":550},{"@type":"WebPage","@id":"https:\/\/franciscanos.org.br\/noticias\/usf-celebra-soleniade-de-sao-francisco-de-assis-com-bencao-dos-animais-e-missa-no-campus-braganca-paulista.html#webpage","url":"https:\/\/franciscanos.org.br\/noticias\/usf-celebra-soleniade-de-sao-francisco-de-assis-com-bencao-dos-animais-e-missa-no-campus-braganca-paulista.html","name":"USF celebra Soleniade de S\u00e3o Francisco de Assis com b\u00ean\u00e7\u00e3o dos animais e missa no C\u00e2mpus Bragan\u00e7a Paulista - Not\u00edcias - Franciscanos","isPartOf":{"@id":"https:\/\/franciscanos.org.br\/noticias\/#website"},"primaryImageOfPage":{"@id":"https:\/\/franciscanos.org.br\/noticias\/usf-celebra-soleniade-de-sao-francisco-de-assis-com-bencao-dos-animais-e-missa-no-campus-braganca-paulista.html#primaryimage"},"datePublished":"2025-10-06T14:26:57+00:00","dateModified":"2025-10-06T14:26:57+00:00","author":{"@id":"https:\/\/franciscanos.org.br\/noticias\/#\/schema\/person\/d9422e83121c3ad3b0f423d195f5bb25"},"breadcrumb":{"@id":"https:\/\/franciscanos.org.br\/noticias\/usf-celebra-soleniade-de-sao-francisco-de-assis-com-bencao-dos-animais-e-missa-no-campus-braganca-paulista.html#breadcrumb"},"inLanguage":"pt-BR","potentialAction":[{"@type":"ReadAction","target":["https:\/\/franciscanos.org.br\/noticias\/usf-celebra-soleniade-de-sao-francisco-de-assis-com-bencao-dos-animais-e-missa-no-campus-braganca-paulista.html"]}]},{"@type":"BreadcrumbList","@id":"https:\/\/franciscanos.org.br\/noticias\/usf-celebra-soleniade-de-sao-francisco-de-assis-com-bencao-dos-animais-e-missa-no-campus-braganca-paulista.html#breadcrumb","itemListElement":[{"@type":"ListItem","position":1,"name":"Home","item":"https:\/\/franciscanos.org.br\/noticias"},{"@type":"ListItem","position":2,"name":"USF celebra Soleniade de S\u00e3o Francisco de Assis com b\u00ean\u00e7\u00e3o dos animais e missa no C\u00e2mpus Bragan\u00e7a Paulista"}]},{"@type":"Person","@id":"https:\/\/franciscanos.org.br\/noticias\/#\/schema\/person\/d9422e83121c3ad3b0f423d195f5bb25","name":"Adriana Rabelo","image":{"@type":"ImageObject","inLanguage":"pt-BR","@id":"https:\/\/franciscanos.org.br\/noticias\/#\/schema\/person\/image\/","url":"https:\/\/secure.gravatar.com\/avatar\/0a937b7500cd7df77540cfb8bede877d?s=96&d=mm&r=g","contentUrl":"https:\/\/secure.gravatar.com\/avatar\/0a937b7500cd7df77540cfb8bede877d?s=96&d=mm&r=g","caption":"Adriana Rabelo"},"url":"https:\/\/franciscanos.org.br\/noticias\/author\/adrianarabelo"}]}},"_links":{"self":[{"href":"https:\/\/franciscanos.org.br\/noticias\/wp-json\/wp\/v2\/posts\/260812"}],"collection":[{"href":"https:\/\/franciscanos.org.br\/noticias\/wp-json\/wp\/v2\/posts"}],"about":[{"href":"https:\/\/franciscanos.org.br\/noticias\/wp-json\/wp\/v2\/types\/post"}],"author":[{"embeddable":true,"href":"https:\/\/franciscanos.org.br\/noticias\/wp-json\/wp\/v2\/users\/11"}],"replies":[{"embeddable":true,"href":"https:\/\/franciscanos.org.br\/noticias\/wp-json\/wp\/v2\/comments?post=260812"}],"version-history":[{"count":1,"href":"https:\/\/franciscanos.org.br\/noticias\/wp-json\/wp\/v2\/posts\/260812\/revisions"}],"predecessor-version":[{"id":260817,"href":"https:\/\/franciscanos.org.br\/noticias\/wp-json\/wp\/v2\/posts\/260812\/revisions\/260817"}],"wp:featuredmedia":[{"embeddable":true,"href":"https:\/\/franciscanos.org.br\/noticias\/wp-json\/wp\/v2\/media\/260813"}],"wp:attachment":[{"href":"https:\/\/franciscanos.org.br\/noticias\/wp-json\/wp\/v2\/media?parent=260812"}],"wp:term":[{"taxonomy":"category","embeddable":true,"href":"https:\/\/franciscanos.org.br\/noticias\/wp-json\/wp\/v2\/categories?post=260812"},{"taxonomy":"post_tag","embeddable":true,"href":"https:\/\/franciscanos.org.br\/noticias\/wp-json\/wp\/v2\/tags?post=260812"}],"curies":[{"name":"wp","href":"https:\/\/api.w.org\/{rel}","templated":true}]}}