{"id":260787,"date":"2025-10-06T10:55:39","date_gmt":"2025-10-06T13:55:39","guid":{"rendered":"https:\/\/franciscanos.org.br\/noticias\/?p=260787"},"modified":"2025-10-06T11:29:03","modified_gmt":"2025-10-06T14:29:03","slug":"solenidade-de-sao-francisco-de-assis-reune-a-paroquia-santa-clara-de-assis-em-duque-de-caxias","status":"publish","type":"post","link":"https:\/\/franciscanos.org.br\/noticias\/solenidade-de-sao-francisco-de-assis-reune-a-paroquia-santa-clara-de-assis-em-duque-de-caxias.html","title":{"rendered":"Solenidade de S\u00e3o Francisco de Assis re\u00fane a Par\u00f3quia Santa Clara de Assis em Duque de Caxias"},"content":{"rendered":"<p><img loading=\"lazy\" class=\"aligncenter wp-image-260789 size-full\" src=\"https:\/\/franciscanos.org.br\/noticias\/wp-content\/uploads\/2025\/10\/materia1.jpg\" alt=\"\" width=\"1280\" height=\"720\" srcset=\"https:\/\/franciscanos.org.br\/noticias\/wp-content\/uploads\/2025\/10\/materia1.jpg 1280w, https:\/\/franciscanos.org.br\/noticias\/wp-content\/uploads\/2025\/10\/materia1-450x253.jpg 450w, https:\/\/franciscanos.org.br\/noticias\/wp-content\/uploads\/2025\/10\/materia1-1024x576.jpg 1024w, https:\/\/franciscanos.org.br\/noticias\/wp-content\/uploads\/2025\/10\/materia1-768x432.jpg 768w, https:\/\/franciscanos.org.br\/noticias\/wp-content\/uploads\/2025\/10\/materia1-150x84.jpg 150w\" sizes=\"(max-width: 1280px) 100vw, 1280px\" \/><\/p>\n<p>No \u00faltimo s\u00e1bado, 4 de outubro, a Par\u00f3quia Santa Clara de Assis, em Imbari\u00ea, Duque de Caxias (RJ), viveu com grande alegria e devo\u00e7\u00e3o a celebra\u00e7\u00e3o solene da Festa de S\u00e3o Francisco de Assis, padroeiro da Comunidade S\u00e3o Francisco, situada no Jardim Anhang\u00e1. O momento marcou o ponto alto de dias intensos de ora\u00e7\u00e3o, prepara\u00e7\u00e3o e louvor, que culminaram na solene Eucaristia presidida por nosso p\u00e1roco, Frei Jean Carlos Ajluni Oliveira, concelebrada por Frei Jeferson Palandi Broca, vig\u00e1rio paroquial, e com a presen\u00e7a dos demais frades que comp\u00f5em a Fraternidade N. Sra. M\u00e3e Terra: Frei Franklin Matheus, Frei F\u00e1bio Jos\u00e9 e Frei Silv\u00e9rio Cajonde. Toda a comunidade paroquial, representada por seus diversos grupos e movimentos, reuniu-se em torno do altar do Senhor, formando um verdadeiro mosaico de f\u00e9, unidade e fraternidade.<\/p>\n<p>A celebra\u00e7\u00e3o come\u00e7ou de forma especial, com uma b\u00ean\u00e7\u00e3o concedida a todos os presentes, marcada por gratid\u00e3o e reconhecimento. A comunidade local, ap\u00f3s dois meses de trabalho, celebrou a conclus\u00e3o da coloca\u00e7\u00e3o dos pisos na nave da igreja e a reforma do presbit\u00e9rio, resultado do esfor\u00e7o, dedica\u00e7\u00e3o e colabora\u00e7\u00e3o de tantos cora\u00e7\u00f5es que n\u00e3o mediram esfor\u00e7os para cuidar da Casa de Deus. Esse gesto de perseveran\u00e7a foi celebrado como um verdadeiro sinal de f\u00e9 e compromisso, refletindo o esp\u00edrito franciscano de simplicidade, servi\u00e7o e comunh\u00e3o.<\/p>\n<p><img loading=\"lazy\" class=\"aligncenter wp-image-260790 size-full\" src=\"https:\/\/franciscanos.org.br\/noticias\/wp-content\/uploads\/2025\/10\/materia3-3.jpg\" alt=\"\" width=\"1280\" height=\"720\" srcset=\"https:\/\/franciscanos.org.br\/noticias\/wp-content\/uploads\/2025\/10\/materia3-3.jpg 1280w, https:\/\/franciscanos.org.br\/noticias\/wp-content\/uploads\/2025\/10\/materia3-3-450x253.jpg 450w, https:\/\/franciscanos.org.br\/noticias\/wp-content\/uploads\/2025\/10\/materia3-3-1024x576.jpg 1024w, https:\/\/franciscanos.org.br\/noticias\/wp-content\/uploads\/2025\/10\/materia3-3-768x432.jpg 768w, https:\/\/franciscanos.org.br\/noticias\/wp-content\/uploads\/2025\/10\/materia3-3-150x84.jpg 150w\" sizes=\"(max-width: 1280px) 100vw, 1280px\" \/><\/p>\n<p>Em sua homilia, Frei Jean destacou a import\u00e2ncia de celebrar S\u00e3o Francisco de Assis, conhecido como o \u201cPobrezinho de Assis\u201d, aquele que com amor ardente ao Cristo pobre, humilde e crucificado, tornou-se restaurador da Igreja e sinal vivo do Evangelho. O frade fez um convite profundo \u00e0 comunidade:<\/p>\n<p>\u201cMeus irm\u00e3os e irm\u00e3s, hoje todos n\u00f3s somos convidados, assim como S\u00e3o Francisco, a vivenciarmos com grande profundidade as belezas do Evangelho. E aqui fa\u00e7o um pedido para essa comunidade: ajude a todos n\u00f3s, a toda a nossa par\u00f3quia, a sermos pessoas que vivenciam o Evangelho da Paz. Essa paz que, mesmo com as dificuldades e os conflitos que temos, n\u00e3o pode nos impedir de sermos respeitosos, amorosos e fraternos com os irm\u00e3os e com toda a humanidade. \u00c9 necess\u00e1rio ser testemunhas vivas do Cristo da Paz, que Francisco tanto amou. \u201d<\/p>\n\n\t\t<style type=\"text\/css\">\n\t\t\t#gallery-1 {\n\t\t\t\tmargin: auto;\n\t\t\t}\n\t\t\t#gallery-1 .gallery-item {\n\t\t\t\tfloat: left;\n\t\t\t\tmargin-top: 10px;\n\t\t\t\ttext-align: center;\n\t\t\t\twidth: 25%;\n\t\t\t}\n\t\t\t#gallery-1 img {\n\t\t\t\tborder: 2px solid #cfcfcf;\n\t\t\t}\n\t\t\t#gallery-1 .gallery-caption {\n\t\t\t\tmargin-left: 0;\n\t\t\t}\n\t\t\t\/* see gallery_shortcode() in wp-includes\/media.php *\/\n\t\t<\/style>\n\t\t<div id='gallery-1' class='gallery galleryid-260787 gallery-columns-4 gallery-size-thumbnail'><dl class='gallery-item'>\n\t\t\t<dt class='gallery-icon portrait'>\n\t\t\t\t<a href='https:\/\/franciscanos.org.br\/noticias\/wp-content\/uploads\/2025\/10\/MSF1.jpg'><img width=\"300\" height=\"300\" src=\"https:\/\/franciscanos.org.br\/noticias\/wp-content\/uploads\/2025\/10\/MSF1-300x300.jpg\" class=\"attachment-thumbnail size-thumbnail\" alt=\"\" loading=\"lazy\" srcset=\"https:\/\/franciscanos.org.br\/noticias\/wp-content\/uploads\/2025\/10\/MSF1-300x300.jpg 300w, https:\/\/franciscanos.org.br\/noticias\/wp-content\/uploads\/2025\/10\/MSF1-100x100.jpg 100w\" sizes=\"(max-width: 300px) 100vw, 300px\" \/><\/a>\n\t\t\t<\/dt><\/dl><dl class='gallery-item'>\n\t\t\t<dt class='gallery-icon portrait'>\n\t\t\t\t<a href='https:\/\/franciscanos.org.br\/noticias\/wp-content\/uploads\/2025\/10\/MSF5-scaled.jpg'><img width=\"300\" height=\"300\" src=\"https:\/\/franciscanos.org.br\/noticias\/wp-content\/uploads\/2025\/10\/MSF5-300x300.jpg\" class=\"attachment-thumbnail size-thumbnail\" alt=\"\" loading=\"lazy\" srcset=\"https:\/\/franciscanos.org.br\/noticias\/wp-content\/uploads\/2025\/10\/MSF5-300x300.jpg 300w, https:\/\/franciscanos.org.br\/noticias\/wp-content\/uploads\/2025\/10\/MSF5-100x100.jpg 100w\" sizes=\"(max-width: 300px) 100vw, 300px\" \/><\/a>\n\t\t\t<\/dt><\/dl><dl class='gallery-item'>\n\t\t\t<dt class='gallery-icon portrait'>\n\t\t\t\t<a href='https:\/\/franciscanos.org.br\/noticias\/wp-content\/uploads\/2025\/10\/MF3.jpg'><img width=\"300\" height=\"300\" src=\"https:\/\/franciscanos.org.br\/noticias\/wp-content\/uploads\/2025\/10\/MF3-300x300.jpg\" class=\"attachment-thumbnail size-thumbnail\" alt=\"\" loading=\"lazy\" srcset=\"https:\/\/franciscanos.org.br\/noticias\/wp-content\/uploads\/2025\/10\/MF3-300x300.jpg 300w, https:\/\/franciscanos.org.br\/noticias\/wp-content\/uploads\/2025\/10\/MF3-100x100.jpg 100w\" sizes=\"(max-width: 300px) 100vw, 300px\" \/><\/a>\n\t\t\t<\/dt><\/dl><dl class='gallery-item'>\n\t\t\t<dt class='gallery-icon portrait'>\n\t\t\t\t<a href='https:\/\/franciscanos.org.br\/noticias\/wp-content\/uploads\/2025\/10\/MF4.jpg'><img width=\"300\" height=\"300\" src=\"https:\/\/franciscanos.org.br\/noticias\/wp-content\/uploads\/2025\/10\/MF4-300x300.jpg\" class=\"attachment-thumbnail size-thumbnail\" alt=\"\" loading=\"lazy\" srcset=\"https:\/\/franciscanos.org.br\/noticias\/wp-content\/uploads\/2025\/10\/MF4-300x300.jpg 300w, https:\/\/franciscanos.org.br\/noticias\/wp-content\/uploads\/2025\/10\/MF4-100x100.jpg 100w\" sizes=\"(max-width: 300px) 100vw, 300px\" \/><\/a>\n\t\t\t<\/dt><\/dl><br style=\"clear: both\" \/>\n\t\t<\/div>\n\n<p>As palavras do p\u00e1roco ecoaram fortemente no cora\u00e7\u00e3o dos fi\u00e9is, despertando em todos a consci\u00eancia de que o seguimento de Cristo, \u00e0 luz do carisma franciscano, exige atitudes concretas de paz, solidariedade e fraternidade. A celebra\u00e7\u00e3o solene, portanto, n\u00e3o foi apenas mem\u00f3ria de um santo, mas verdadeiro chamado \u00e0 convers\u00e3o e \u00e0 viv\u00eancia aut\u00eantica do Evangelho.<\/p>\n<p>A presen\u00e7a marcante dos frades que comp\u00f5em a Fraternidade Nossa Senhora M\u00e3e Terra e a tantos anos neste territ\u00f3rio. Cada um, em sua consagra\u00e7\u00e3o e miss\u00e3o, expressa a diversidade e a vitalidade da vida franciscana em nosso territ\u00f3rio, tornando-se testemunho vivo de que a espiritualidade de S\u00e3o Francisco continua a florescer e a gerar frutos na Igreja de hoje.<\/p>\n<p>Ap\u00f3s a Santa Missa, a comunidade p\u00f4de se confraternizar na tradicional quermesse, que reuniu fam\u00edlias, jovens, crian\u00e7as e idosos em clima de fraternidade e alegria. Este momento de partilha refor\u00e7ou o sentido comunit\u00e1rio da festa, t\u00e3o caracter\u00edstico da espiritualidade franciscana, que v\u00ea em cada encontro uma oportunidade de viver a fraternidade universal, t\u00e3o cara ao Ser\u00e1fico Pai.<\/p>\n<p>Celebrar S\u00e3o Francisco de Assis, padroeiro da ecologia, da paz e da fraternidade, \u00e9 sempre um convite a olhar para Cristo com olhos novos e corajosos. Seu testemunho nos inspira a viver de maneira simples, humilde e profundamente evang\u00e9lica, recordando que somos chamados a ser instrumentos da paz de Deus em nosso mundo.<\/p>\n<p>Que esta Solenidade fortale\u00e7a nossa par\u00f3quia e nossas comunidades no caminho do Evangelho, tornando-nos disc\u00edpulos mission\u00e1rios que anunciam a vida, cultivam a paz e cuidam da cria\u00e7\u00e3o. Assim como Francisco restaurou a Igreja de seu tempo, tamb\u00e9m n\u00f3s somos chamados a ser pedras vivas na edifica\u00e7\u00e3o de uma Igreja que irradia amor, respeito e fraternidade.<\/p>\n<p><strong>Ben\u00e7\u00e3o das criaturas (animais)<\/strong><\/p>\n<p>Na manh\u00e3 de s\u00e1bado 04 de outubro, a Comunidade S\u00e3o Francisco recebeu, e viveu um momento de grande alegria e espiritualidade com a tradicional B\u00ean\u00e7\u00e3o das Criaturas, celebrada em honra ao Pobrezinho de Assis, conhecido por seu amor e cuidado com toda a cria\u00e7\u00e3o. A celebra\u00e7\u00e3o foi presidida por nosso p\u00e1roco, Frei Jean Carlos Ajluni Oliveira, OFM, que reuniu fi\u00e9is, fam\u00edlias e seus animais de estima\u00e7\u00e3o para este gesto de f\u00e9 e reconhecimento da bondade de Deus presente em cada criatura.<\/p>\n<p><img loading=\"lazy\" class=\"aligncenter wp-image-260796 size-full\" src=\"https:\/\/franciscanos.org.br\/noticias\/wp-content\/uploads\/2025\/10\/editada-2-1.jpg\" alt=\"\" width=\"1599\" height=\"899\" srcset=\"https:\/\/franciscanos.org.br\/noticias\/wp-content\/uploads\/2025\/10\/editada-2-1.jpg 1599w, https:\/\/franciscanos.org.br\/noticias\/wp-content\/uploads\/2025\/10\/editada-2-1-450x253.jpg 450w, https:\/\/franciscanos.org.br\/noticias\/wp-content\/uploads\/2025\/10\/editada-2-1-1024x576.jpg 1024w, https:\/\/franciscanos.org.br\/noticias\/wp-content\/uploads\/2025\/10\/editada-2-1-768x432.jpg 768w, https:\/\/franciscanos.org.br\/noticias\/wp-content\/uploads\/2025\/10\/editada-2-1-1536x864.jpg 1536w, https:\/\/franciscanos.org.br\/noticias\/wp-content\/uploads\/2025\/10\/editada-2-1-150x84.jpg 150w\" sizes=\"(max-width: 1599px) 100vw, 1599px\" \/><\/p>\n<p>Durante a celebra\u00e7\u00e3o, Frei Jean recordou que: \u201cOs animais criados por Deus est\u00e3o ligados \u00e0 vida do ser humano. Eles fazem parte da obra da salva\u00e7\u00e3o, por isso invocamos a b\u00ean\u00e7\u00e3o de Deus sobre eles e louvemos o pr\u00f3prio Criador de todas as coisas. \u201d Essas palavras ressoaram profundamente no cora\u00e7\u00e3o dos presentes, lembrando-nos que o cuidado com a cria\u00e7\u00e3o \u00e9 tamb\u00e9m uma express\u00e3o de amor ao Criador.<\/p>\n<p>A b\u00ean\u00e7\u00e3o, al\u00e9m de valorizar o v\u00ednculo especial entre o ser humano e os animais, refor\u00e7a a espiritualidade franciscana, que nos convida a reconhecer em cada ser vivo um reflexo da bondade divina. Assim como S\u00e3o Francisco de Assis, que chamava todas as criaturas de irm\u00e3os e irm\u00e3s, a comunidade se reuniu em ora\u00e7\u00e3o, gratid\u00e3o e respeito pela vida em todas as suas formas.<\/p>\n\n\t\t<style type=\"text\/css\">\n\t\t\t#gallery-2 {\n\t\t\t\tmargin: auto;\n\t\t\t}\n\t\t\t#gallery-2 .gallery-item {\n\t\t\t\tfloat: left;\n\t\t\t\tmargin-top: 10px;\n\t\t\t\ttext-align: center;\n\t\t\t\twidth: 33%;\n\t\t\t}\n\t\t\t#gallery-2 img {\n\t\t\t\tborder: 2px solid #cfcfcf;\n\t\t\t}\n\t\t\t#gallery-2 .gallery-caption {\n\t\t\t\tmargin-left: 0;\n\t\t\t}\n\t\t\t\/* see gallery_shortcode() in wp-includes\/media.php *\/\n\t\t<\/style>\n\t\t<div id='gallery-2' class='gallery galleryid-260787 gallery-columns-3 gallery-size-thumbnail'><dl class='gallery-item'>\n\t\t\t<dt class='gallery-icon portrait'>\n\t\t\t\t<a href='https:\/\/franciscanos.org.br\/noticias\/wp-content\/uploads\/2025\/10\/BC1.jpg'><img width=\"300\" height=\"300\" src=\"https:\/\/franciscanos.org.br\/noticias\/wp-content\/uploads\/2025\/10\/BC1-300x300.jpg\" class=\"attachment-thumbnail size-thumbnail\" alt=\"\" loading=\"lazy\" srcset=\"https:\/\/franciscanos.org.br\/noticias\/wp-content\/uploads\/2025\/10\/BC1-300x300.jpg 300w, https:\/\/franciscanos.org.br\/noticias\/wp-content\/uploads\/2025\/10\/BC1-100x100.jpg 100w\" sizes=\"(max-width: 300px) 100vw, 300px\" \/><\/a>\n\t\t\t<\/dt><\/dl><dl class='gallery-item'>\n\t\t\t<dt class='gallery-icon portrait'>\n\t\t\t\t<a href='https:\/\/franciscanos.org.br\/noticias\/wp-content\/uploads\/2025\/10\/BC2.jpg'><img width=\"300\" height=\"300\" src=\"https:\/\/franciscanos.org.br\/noticias\/wp-content\/uploads\/2025\/10\/BC2-300x300.jpg\" class=\"attachment-thumbnail size-thumbnail\" alt=\"\" loading=\"lazy\" srcset=\"https:\/\/franciscanos.org.br\/noticias\/wp-content\/uploads\/2025\/10\/BC2-300x300.jpg 300w, https:\/\/franciscanos.org.br\/noticias\/wp-content\/uploads\/2025\/10\/BC2-100x100.jpg 100w\" sizes=\"(max-width: 300px) 100vw, 300px\" \/><\/a>\n\t\t\t<\/dt><\/dl><dl class='gallery-item'>\n\t\t\t<dt class='gallery-icon portrait'>\n\t\t\t\t<a href='https:\/\/franciscanos.org.br\/noticias\/wp-content\/uploads\/2025\/10\/BC6.jpg'><img width=\"300\" height=\"300\" src=\"https:\/\/franciscanos.org.br\/noticias\/wp-content\/uploads\/2025\/10\/BC6-300x300.jpg\" class=\"attachment-thumbnail size-thumbnail\" alt=\"\" loading=\"lazy\" srcset=\"https:\/\/franciscanos.org.br\/noticias\/wp-content\/uploads\/2025\/10\/BC6-300x300.jpg 300w, https:\/\/franciscanos.org.br\/noticias\/wp-content\/uploads\/2025\/10\/BC6-100x100.jpg 100w\" sizes=\"(max-width: 300px) 100vw, 300px\" \/><\/a>\n\t\t\t<\/dt><\/dl><br style=\"clear: both\" \/>\n\t\t<\/div>\n\n<p>Este gesto simples, mas cheio de significado, renova em n\u00f3s a consci\u00eancia de que somos chamados a viver em harmonia com a natureza, cuidando da obra da Cria\u00e7\u00e3o como verdadeira heran\u00e7a de Deus.<\/p>\n<h3><strong>Tr\u00e2nsito de S\u00e3o Francisco<\/strong><\/h3>\n<p>Na noite de sexta-feira, 3 de outubro, a Par\u00f3quia Santa Clara de Assis celebrou com f\u00e9 e devo\u00e7\u00e3o o Tr\u00e2nsito de S\u00e3o Francisco de Assis, mem\u00f3ria lit\u00fargica que recorda a passagem do Pobrezinho deste mundo para Deus. A celebra\u00e7\u00e3o, que tamb\u00e9m marca as V\u00e9speras da Festa o Santo Padroeiro da Ecologia, foi realizada na Comunidade S\u00e3o Francisco e reuniu frades, fi\u00e9is e toda a fraternidade em clima de ora\u00e7\u00e3o e contempla\u00e7\u00e3o.<\/p>\n<p><img loading=\"lazy\" class=\"aligncenter wp-image-260800 size-full\" src=\"https:\/\/franciscanos.org.br\/noticias\/wp-content\/uploads\/2025\/10\/MATERIA-7.jpg\" alt=\"\" width=\"1280\" height=\"720\" srcset=\"https:\/\/franciscanos.org.br\/noticias\/wp-content\/uploads\/2025\/10\/MATERIA-7.jpg 1280w, https:\/\/franciscanos.org.br\/noticias\/wp-content\/uploads\/2025\/10\/MATERIA-7-450x253.jpg 450w, https:\/\/franciscanos.org.br\/noticias\/wp-content\/uploads\/2025\/10\/MATERIA-7-1024x576.jpg 1024w, https:\/\/franciscanos.org.br\/noticias\/wp-content\/uploads\/2025\/10\/MATERIA-7-768x432.jpg 768w, https:\/\/franciscanos.org.br\/noticias\/wp-content\/uploads\/2025\/10\/MATERIA-7-150x84.jpg 150w\" sizes=\"(max-width: 1280px) 100vw, 1280px\" \/><\/p>\n<p>A liturgia foi conduzida pelo Frei Jeferson Palandi Broca, guardi\u00e3o da Fraternidade M\u00e3e Terra, que, juntamente com os frades presentes, guiou o povo na ora\u00e7\u00e3o dos Salmos, recordando que, assim como Francisco, todo crist\u00e3o \u00e9 chamado a viver sua vida como um c\u00e2ntico de louvor. Em seguida, o Frei Jean Carlos Ajluni Oliveira, p\u00e1roco da comunidade, fez a leitura de um trecho da Primeira Vida de S\u00e3o Francisco, escrita por Frei Tom\u00e1s de Celano. O texto, presente no cap\u00edtulo 8, narra os \u00faltimos momentos do Santo de Assis e suas palavras de entrega serena e confiante, quando exalava seu \u00faltimo suspiro em meio aos irm\u00e3os.<\/p>\n\n\t\t<style type=\"text\/css\">\n\t\t\t#gallery-3 {\n\t\t\t\tmargin: auto;\n\t\t\t}\n\t\t\t#gallery-3 .gallery-item {\n\t\t\t\tfloat: left;\n\t\t\t\tmargin-top: 10px;\n\t\t\t\ttext-align: center;\n\t\t\t\twidth: 33%;\n\t\t\t}\n\t\t\t#gallery-3 img {\n\t\t\t\tborder: 2px solid #cfcfcf;\n\t\t\t}\n\t\t\t#gallery-3 .gallery-caption {\n\t\t\t\tmargin-left: 0;\n\t\t\t}\n\t\t\t\/* see gallery_shortcode() in wp-includes\/media.php *\/\n\t\t<\/style>\n\t\t<div id='gallery-3' class='gallery galleryid-260787 gallery-columns-3 gallery-size-thumbnail'><dl class='gallery-item'>\n\t\t\t<dt class='gallery-icon portrait'>\n\t\t\t\t<a href='https:\/\/franciscanos.org.br\/noticias\/wp-content\/uploads\/2025\/10\/7-1-2.jpg'><img width=\"300\" height=\"300\" src=\"https:\/\/franciscanos.org.br\/noticias\/wp-content\/uploads\/2025\/10\/7-1-2-300x300.jpg\" class=\"attachment-thumbnail size-thumbnail\" alt=\"\" loading=\"lazy\" srcset=\"https:\/\/franciscanos.org.br\/noticias\/wp-content\/uploads\/2025\/10\/7-1-2-300x300.jpg 300w, https:\/\/franciscanos.org.br\/noticias\/wp-content\/uploads\/2025\/10\/7-1-2-100x100.jpg 100w\" sizes=\"(max-width: 300px) 100vw, 300px\" \/><\/a>\n\t\t\t<\/dt><\/dl><dl class='gallery-item'>\n\t\t\t<dt class='gallery-icon portrait'>\n\t\t\t\t<a href='https:\/\/franciscanos.org.br\/noticias\/wp-content\/uploads\/2025\/10\/11-2.jpg'><img width=\"300\" height=\"300\" src=\"https:\/\/franciscanos.org.br\/noticias\/wp-content\/uploads\/2025\/10\/11-2-300x300.jpg\" class=\"attachment-thumbnail size-thumbnail\" alt=\"\" loading=\"lazy\" srcset=\"https:\/\/franciscanos.org.br\/noticias\/wp-content\/uploads\/2025\/10\/11-2-300x300.jpg 300w, https:\/\/franciscanos.org.br\/noticias\/wp-content\/uploads\/2025\/10\/11-2-100x100.jpg 100w\" sizes=\"(max-width: 300px) 100vw, 300px\" \/><\/a>\n\t\t\t<\/dt><\/dl><dl class='gallery-item'>\n\t\t\t<dt class='gallery-icon portrait'>\n\t\t\t\t<a href='https:\/\/franciscanos.org.br\/noticias\/wp-content\/uploads\/2025\/10\/12-2-1.jpg'><img width=\"300\" height=\"300\" src=\"https:\/\/franciscanos.org.br\/noticias\/wp-content\/uploads\/2025\/10\/12-2-1-300x300.jpg\" class=\"attachment-thumbnail size-thumbnail\" alt=\"\" loading=\"lazy\" srcset=\"https:\/\/franciscanos.org.br\/noticias\/wp-content\/uploads\/2025\/10\/12-2-1-300x300.jpg 300w, https:\/\/franciscanos.org.br\/noticias\/wp-content\/uploads\/2025\/10\/12-2-1-100x100.jpg 100w\" sizes=\"(max-width: 300px) 100vw, 300px\" \/><\/a>\n\t\t\t<\/dt><\/dl><br style=\"clear: both\" \/>\n\t\t<\/div>\n\n<p>Durante a reflex\u00e3o, o Frei Silv\u00e9rio Canjonde, destacou a import\u00e2ncia espiritual dessa celebra\u00e7\u00e3o para toda a fam\u00edlia franciscana e para a Igreja. Ele recordou que o Tr\u00e2nsito n\u00e3o \u00e9 apenas mem\u00f3ria da morte de Francisco, mas \u00e9, sobretudo, celebra\u00e7\u00e3o pascal, marcada pela esperan\u00e7a. \u201cA noite nesta penumbra \u00e9 o convite, assim como Francisco, mesmo no momento da morte, a louvar, agradecer e perdoar. Que possamos ser sinal vivo de Jesus pobre, humilde e crucificado, como nosso Ser\u00e1fico Pai tanto amou e tanto se dedicou\u201d, afirmou o frade.<\/p>\n<p>O momento orante, realizado ao cair da tarde, fez mem\u00f3ria da simplicidade com que Francisco viveu at\u00e9 o fim: deitado em terra nua, fr\u00e1gil e ofegante, entoando o Salmo 141 e ouvindo a leitura do Evangelho de Jo\u00e3o, ele fez de sua morte um testemunho de vida, transformando a agonia em celebra\u00e7\u00e3o de esperan\u00e7a. Para os frades e fi\u00e9is presentes, reviver este mist\u00e9rio \u00e9 recordar que a espiritualidade franciscana convida a viver e a morrer com os olhos fixos no Crucificado, com confian\u00e7a absoluta na miseric\u00f3rdia de Deus.<\/p>\n\n\t\t<style type=\"text\/css\">\n\t\t\t#gallery-4 {\n\t\t\t\tmargin: auto;\n\t\t\t}\n\t\t\t#gallery-4 .gallery-item {\n\t\t\t\tfloat: left;\n\t\t\t\tmargin-top: 10px;\n\t\t\t\ttext-align: center;\n\t\t\t\twidth: 33%;\n\t\t\t}\n\t\t\t#gallery-4 img {\n\t\t\t\tborder: 2px solid #cfcfcf;\n\t\t\t}\n\t\t\t#gallery-4 .gallery-caption {\n\t\t\t\tmargin-left: 0;\n\t\t\t}\n\t\t\t\/* see gallery_shortcode() in wp-includes\/media.php *\/\n\t\t<\/style>\n\t\t<div id='gallery-4' class='gallery galleryid-260787 gallery-columns-3 gallery-size-thumbnail'><dl class='gallery-item'>\n\t\t\t<dt class='gallery-icon portrait'>\n\t\t\t\t<a href='https:\/\/franciscanos.org.br\/noticias\/wp-content\/uploads\/2025\/10\/3-1-1.jpg'><img width=\"300\" height=\"300\" src=\"https:\/\/franciscanos.org.br\/noticias\/wp-content\/uploads\/2025\/10\/3-1-1-300x300.jpg\" class=\"attachment-thumbnail size-thumbnail\" alt=\"\" loading=\"lazy\" srcset=\"https:\/\/franciscanos.org.br\/noticias\/wp-content\/uploads\/2025\/10\/3-1-1-300x300.jpg 300w, https:\/\/franciscanos.org.br\/noticias\/wp-content\/uploads\/2025\/10\/3-1-1-100x100.jpg 100w\" sizes=\"(max-width: 300px) 100vw, 300px\" \/><\/a>\n\t\t\t<\/dt><\/dl><dl class='gallery-item'>\n\t\t\t<dt class='gallery-icon portrait'>\n\t\t\t\t<a href='https:\/\/franciscanos.org.br\/noticias\/wp-content\/uploads\/2025\/10\/1-2-1.jpg'><img width=\"300\" height=\"300\" src=\"https:\/\/franciscanos.org.br\/noticias\/wp-content\/uploads\/2025\/10\/1-2-1-300x300.jpg\" class=\"attachment-thumbnail size-thumbnail\" alt=\"\" loading=\"lazy\" srcset=\"https:\/\/franciscanos.org.br\/noticias\/wp-content\/uploads\/2025\/10\/1-2-1-300x300.jpg 300w, https:\/\/franciscanos.org.br\/noticias\/wp-content\/uploads\/2025\/10\/1-2-1-100x100.jpg 100w\" sizes=\"(max-width: 300px) 100vw, 300px\" \/><\/a>\n\t\t\t<\/dt><\/dl><dl class='gallery-item'>\n\t\t\t<dt class='gallery-icon portrait'>\n\t\t\t\t<a href='https:\/\/franciscanos.org.br\/noticias\/wp-content\/uploads\/2025\/10\/9-2.jpg'><img width=\"300\" height=\"300\" src=\"https:\/\/franciscanos.org.br\/noticias\/wp-content\/uploads\/2025\/10\/9-2-300x300.jpg\" class=\"attachment-thumbnail size-thumbnail\" alt=\"\" loading=\"lazy\" srcset=\"https:\/\/franciscanos.org.br\/noticias\/wp-content\/uploads\/2025\/10\/9-2-300x300.jpg 300w, https:\/\/franciscanos.org.br\/noticias\/wp-content\/uploads\/2025\/10\/9-2-100x100.jpg 100w\" sizes=\"(max-width: 300px) 100vw, 300px\" \/><\/a>\n\t\t\t<\/dt><\/dl><br style=\"clear: both\" \/>\n\t\t<\/div>\n\n<p>A celebra\u00e7\u00e3o do Tr\u00e2nsito foi marcada por grande emo\u00e7\u00e3o e recolhimento, deixando em todos a certeza de que o testemunho de S\u00e3o Francisco continua vivo, inspirando homens e mulheres a abra\u00e7arem uma vida de simplicidade, fraternidade e amor \u00e0 cria\u00e7\u00e3o. Sua P\u00e1scoa definitiva, celebrada ao p\u00f4r do sol de 3 de outubro de 1226, permanece como sinal de esperan\u00e7a para a Igreja de todos os tempos.<\/p>\n<p>A Par\u00f3quia Santa Clara de Assis e a Comunidade S\u00e3o Francisco renovaram, assim, sua gratid\u00e3o a Deus pelo dom da voca\u00e7\u00e3o franciscana, pela vida e pelo testemunho do Ser\u00e1fico Pai, cuja espiritualidade continua a ser fonte de inspira\u00e7\u00e3o para aqueles que desejam viver o Evangelho em sua radicalidade.<\/p>\n<hr \/>\n<p><em>Texto: Frei Franklin Matheus, OFM \u2013 Fotos: Yasmin Bevenuto<\/em><\/p>\n","protected":false},"excerpt":{"rendered":"<p>Solenidade de S\u00e3o Francisco 2025<\/p>\n","protected":false},"author":11,"featured_media":260788,"comment_status":"open","ping_status":"open","sticky":false,"template":"","format":"standard","meta":[],"categories":[1],"tags":[1537,2325,2427],"acf":[],"yoast_head":"<!-- This site is optimized with the Yoast SEO plugin v19.2 - https:\/\/yoast.com\/wordpress\/plugins\/seo\/ -->\n<title>Solenidade de S\u00e3o Francisco de Assis re\u00fane a Par\u00f3quia Santa Clara de Assis em Duque de Caxias - Not\u00edcias - Franciscanos<\/title>\n<meta name=\"robots\" content=\"index, follow, max-snippet:-1, max-image-preview:large, max-video-preview:-1\" \/>\n<link rel=\"canonical\" href=\"https:\/\/franciscanos.org.br\/noticias\/solenidade-de-sao-francisco-de-assis-reune-a-paroquia-santa-clara-de-assis-em-duque-de-caxias.html\" \/>\n<meta property=\"og:locale\" content=\"pt_BR\" \/>\n<meta property=\"og:type\" content=\"article\" \/>\n<meta property=\"og:title\" content=\"Solenidade de S\u00e3o Francisco de Assis re\u00fane a Par\u00f3quia Santa Clara de Assis em Duque de Caxias - Not\u00edcias - Franciscanos\" \/>\n<meta property=\"og:description\" content=\"Solenidade de S\u00e3o Francisco 2025\" \/>\n<meta property=\"og:url\" content=\"https:\/\/franciscanos.org.br\/noticias\/solenidade-de-sao-francisco-de-assis-reune-a-paroquia-santa-clara-de-assis-em-duque-de-caxias.html\" \/>\n<meta property=\"og:site_name\" content=\"Not\u00edcias - Franciscanos\" \/>\n<meta property=\"article:published_time\" content=\"2025-10-06T13:55:39+00:00\" \/>\n<meta property=\"article:modified_time\" content=\"2025-10-06T14:29:03+00:00\" \/>\n<meta property=\"og:image\" content=\"https:\/\/franciscanos.org.br\/noticias\/wp-content\/uploads\/2025\/10\/chamada-8.jpg\" \/>\n\t<meta property=\"og:image:width\" content=\"800\" \/>\n\t<meta property=\"og:image:height\" content=\"550\" \/>\n\t<meta property=\"og:image:type\" content=\"image\/jpeg\" \/>\n<meta name=\"author\" content=\"Adriana Rabelo\" \/>\n<meta name=\"twitter:card\" content=\"summary_large_image\" \/>\n<meta name=\"twitter:label1\" content=\"Escrito por\" \/>\n\t<meta name=\"twitter:data1\" content=\"Adriana Rabelo\" \/>\n\t<meta name=\"twitter:label2\" content=\"Est. tempo de leitura\" \/>\n\t<meta name=\"twitter:data2\" content=\"8 minutos\" \/>\n<script type=\"application\/ld+json\" class=\"yoast-schema-graph\">{\"@context\":\"https:\/\/schema.org\",\"@graph\":[{\"@type\":\"WebSite\",\"@id\":\"https:\/\/franciscanos.org.br\/noticias\/#website\",\"url\":\"https:\/\/franciscanos.org.br\/noticias\/\",\"name\":\"Not\u00edcias - Franciscanos\",\"description\":\"Prov\u00edncia Franciscana da Imaculada Concei\u00e7\u00e3o do Brasil - Ordem dos Frades Menores - OFM\",\"potentialAction\":[{\"@type\":\"SearchAction\",\"target\":{\"@type\":\"EntryPoint\",\"urlTemplate\":\"https:\/\/franciscanos.org.br\/noticias\/?s={search_term_string}\"},\"query-input\":\"required name=search_term_string\"}],\"inLanguage\":\"pt-BR\"},{\"@type\":\"ImageObject\",\"inLanguage\":\"pt-BR\",\"@id\":\"https:\/\/franciscanos.org.br\/noticias\/solenidade-de-sao-francisco-de-assis-reune-a-paroquia-santa-clara-de-assis-em-duque-de-caxias.html#primaryimage\",\"url\":\"https:\/\/franciscanos.org.br\/noticias\/wp-content\/uploads\/2025\/10\/chamada-8.jpg\",\"contentUrl\":\"https:\/\/franciscanos.org.br\/noticias\/wp-content\/uploads\/2025\/10\/chamada-8.jpg\",\"width\":800,\"height\":550},{\"@type\":\"WebPage\",\"@id\":\"https:\/\/franciscanos.org.br\/noticias\/solenidade-de-sao-francisco-de-assis-reune-a-paroquia-santa-clara-de-assis-em-duque-de-caxias.html#webpage\",\"url\":\"https:\/\/franciscanos.org.br\/noticias\/solenidade-de-sao-francisco-de-assis-reune-a-paroquia-santa-clara-de-assis-em-duque-de-caxias.html\",\"name\":\"Solenidade de S\u00e3o Francisco de Assis re\u00fane a Par\u00f3quia Santa Clara de Assis em Duque de Caxias - Not\u00edcias - Franciscanos\",\"isPartOf\":{\"@id\":\"https:\/\/franciscanos.org.br\/noticias\/#website\"},\"primaryImageOfPage\":{\"@id\":\"https:\/\/franciscanos.org.br\/noticias\/solenidade-de-sao-francisco-de-assis-reune-a-paroquia-santa-clara-de-assis-em-duque-de-caxias.html#primaryimage\"},\"datePublished\":\"2025-10-06T13:55:39+00:00\",\"dateModified\":\"2025-10-06T14:29:03+00:00\",\"author\":{\"@id\":\"https:\/\/franciscanos.org.br\/noticias\/#\/schema\/person\/d9422e83121c3ad3b0f423d195f5bb25\"},\"breadcrumb\":{\"@id\":\"https:\/\/franciscanos.org.br\/noticias\/solenidade-de-sao-francisco-de-assis-reune-a-paroquia-santa-clara-de-assis-em-duque-de-caxias.html#breadcrumb\"},\"inLanguage\":\"pt-BR\",\"potentialAction\":[{\"@type\":\"ReadAction\",\"target\":[\"https:\/\/franciscanos.org.br\/noticias\/solenidade-de-sao-francisco-de-assis-reune-a-paroquia-santa-clara-de-assis-em-duque-de-caxias.html\"]}]},{\"@type\":\"BreadcrumbList\",\"@id\":\"https:\/\/franciscanos.org.br\/noticias\/solenidade-de-sao-francisco-de-assis-reune-a-paroquia-santa-clara-de-assis-em-duque-de-caxias.html#breadcrumb\",\"itemListElement\":[{\"@type\":\"ListItem\",\"position\":1,\"name\":\"Home\",\"item\":\"https:\/\/franciscanos.org.br\/noticias\"},{\"@type\":\"ListItem\",\"position\":2,\"name\":\"Solenidade de S\u00e3o Francisco de Assis re\u00fane a Par\u00f3quia Santa Clara de Assis em Duque de Caxias\"}]},{\"@type\":\"Person\",\"@id\":\"https:\/\/franciscanos.org.br\/noticias\/#\/schema\/person\/d9422e83121c3ad3b0f423d195f5bb25\",\"name\":\"Adriana Rabelo\",\"image\":{\"@type\":\"ImageObject\",\"inLanguage\":\"pt-BR\",\"@id\":\"https:\/\/franciscanos.org.br\/noticias\/#\/schema\/person\/image\/\",\"url\":\"https:\/\/secure.gravatar.com\/avatar\/0a937b7500cd7df77540cfb8bede877d?s=96&d=mm&r=g\",\"contentUrl\":\"https:\/\/secure.gravatar.com\/avatar\/0a937b7500cd7df77540cfb8bede877d?s=96&d=mm&r=g\",\"caption\":\"Adriana Rabelo\"},\"url\":\"https:\/\/franciscanos.org.br\/noticias\/author\/adrianarabelo\"}]}<\/script>\n<!-- \/ Yoast SEO plugin. -->","yoast_head_json":{"title":"Solenidade de S\u00e3o Francisco de Assis re\u00fane a Par\u00f3quia Santa Clara de Assis em Duque de Caxias - Not\u00edcias - Franciscanos","robots":{"index":"index","follow":"follow","max-snippet":"max-snippet:-1","max-image-preview":"max-image-preview:large","max-video-preview":"max-video-preview:-1"},"canonical":"https:\/\/franciscanos.org.br\/noticias\/solenidade-de-sao-francisco-de-assis-reune-a-paroquia-santa-clara-de-assis-em-duque-de-caxias.html","og_locale":"pt_BR","og_type":"article","og_title":"Solenidade de S\u00e3o Francisco de Assis re\u00fane a Par\u00f3quia Santa Clara de Assis em Duque de Caxias - Not\u00edcias - Franciscanos","og_description":"Solenidade de S\u00e3o Francisco 2025","og_url":"https:\/\/franciscanos.org.br\/noticias\/solenidade-de-sao-francisco-de-assis-reune-a-paroquia-santa-clara-de-assis-em-duque-de-caxias.html","og_site_name":"Not\u00edcias - Franciscanos","article_published_time":"2025-10-06T13:55:39+00:00","article_modified_time":"2025-10-06T14:29:03+00:00","og_image":[{"width":800,"height":550,"url":"https:\/\/franciscanos.org.br\/noticias\/wp-content\/uploads\/2025\/10\/chamada-8.jpg","type":"image\/jpeg"}],"author":"Adriana Rabelo","twitter_card":"summary_large_image","twitter_misc":{"Escrito por":"Adriana Rabelo","Est. tempo de leitura":"8 minutos"},"schema":{"@context":"https:\/\/schema.org","@graph":[{"@type":"WebSite","@id":"https:\/\/franciscanos.org.br\/noticias\/#website","url":"https:\/\/franciscanos.org.br\/noticias\/","name":"Not\u00edcias - Franciscanos","description":"Prov\u00edncia Franciscana da Imaculada Concei\u00e7\u00e3o do Brasil - Ordem dos Frades Menores - OFM","potentialAction":[{"@type":"SearchAction","target":{"@type":"EntryPoint","urlTemplate":"https:\/\/franciscanos.org.br\/noticias\/?s={search_term_string}"},"query-input":"required name=search_term_string"}],"inLanguage":"pt-BR"},{"@type":"ImageObject","inLanguage":"pt-BR","@id":"https:\/\/franciscanos.org.br\/noticias\/solenidade-de-sao-francisco-de-assis-reune-a-paroquia-santa-clara-de-assis-em-duque-de-caxias.html#primaryimage","url":"https:\/\/franciscanos.org.br\/noticias\/wp-content\/uploads\/2025\/10\/chamada-8.jpg","contentUrl":"https:\/\/franciscanos.org.br\/noticias\/wp-content\/uploads\/2025\/10\/chamada-8.jpg","width":800,"height":550},{"@type":"WebPage","@id":"https:\/\/franciscanos.org.br\/noticias\/solenidade-de-sao-francisco-de-assis-reune-a-paroquia-santa-clara-de-assis-em-duque-de-caxias.html#webpage","url":"https:\/\/franciscanos.org.br\/noticias\/solenidade-de-sao-francisco-de-assis-reune-a-paroquia-santa-clara-de-assis-em-duque-de-caxias.html","name":"Solenidade de S\u00e3o Francisco de Assis re\u00fane a Par\u00f3quia Santa Clara de Assis em Duque de Caxias - Not\u00edcias - Franciscanos","isPartOf":{"@id":"https:\/\/franciscanos.org.br\/noticias\/#website"},"primaryImageOfPage":{"@id":"https:\/\/franciscanos.org.br\/noticias\/solenidade-de-sao-francisco-de-assis-reune-a-paroquia-santa-clara-de-assis-em-duque-de-caxias.html#primaryimage"},"datePublished":"2025-10-06T13:55:39+00:00","dateModified":"2025-10-06T14:29:03+00:00","author":{"@id":"https:\/\/franciscanos.org.br\/noticias\/#\/schema\/person\/d9422e83121c3ad3b0f423d195f5bb25"},"breadcrumb":{"@id":"https:\/\/franciscanos.org.br\/noticias\/solenidade-de-sao-francisco-de-assis-reune-a-paroquia-santa-clara-de-assis-em-duque-de-caxias.html#breadcrumb"},"inLanguage":"pt-BR","potentialAction":[{"@type":"ReadAction","target":["https:\/\/franciscanos.org.br\/noticias\/solenidade-de-sao-francisco-de-assis-reune-a-paroquia-santa-clara-de-assis-em-duque-de-caxias.html"]}]},{"@type":"BreadcrumbList","@id":"https:\/\/franciscanos.org.br\/noticias\/solenidade-de-sao-francisco-de-assis-reune-a-paroquia-santa-clara-de-assis-em-duque-de-caxias.html#breadcrumb","itemListElement":[{"@type":"ListItem","position":1,"name":"Home","item":"https:\/\/franciscanos.org.br\/noticias"},{"@type":"ListItem","position":2,"name":"Solenidade de S\u00e3o Francisco de Assis re\u00fane a Par\u00f3quia Santa Clara de Assis em Duque de Caxias"}]},{"@type":"Person","@id":"https:\/\/franciscanos.org.br\/noticias\/#\/schema\/person\/d9422e83121c3ad3b0f423d195f5bb25","name":"Adriana Rabelo","image":{"@type":"ImageObject","inLanguage":"pt-BR","@id":"https:\/\/franciscanos.org.br\/noticias\/#\/schema\/person\/image\/","url":"https:\/\/secure.gravatar.com\/avatar\/0a937b7500cd7df77540cfb8bede877d?s=96&d=mm&r=g","contentUrl":"https:\/\/secure.gravatar.com\/avatar\/0a937b7500cd7df77540cfb8bede877d?s=96&d=mm&r=g","caption":"Adriana Rabelo"},"url":"https:\/\/franciscanos.org.br\/noticias\/author\/adrianarabelo"}]}},"_links":{"self":[{"href":"https:\/\/franciscanos.org.br\/noticias\/wp-json\/wp\/v2\/posts\/260787"}],"collection":[{"href":"https:\/\/franciscanos.org.br\/noticias\/wp-json\/wp\/v2\/posts"}],"about":[{"href":"https:\/\/franciscanos.org.br\/noticias\/wp-json\/wp\/v2\/types\/post"}],"author":[{"embeddable":true,"href":"https:\/\/franciscanos.org.br\/noticias\/wp-json\/wp\/v2\/users\/11"}],"replies":[{"embeddable":true,"href":"https:\/\/franciscanos.org.br\/noticias\/wp-json\/wp\/v2\/comments?post=260787"}],"version-history":[{"count":4,"href":"https:\/\/franciscanos.org.br\/noticias\/wp-json\/wp\/v2\/posts\/260787\/revisions"}],"predecessor-version":[{"id":260819,"href":"https:\/\/franciscanos.org.br\/noticias\/wp-json\/wp\/v2\/posts\/260787\/revisions\/260819"}],"wp:featuredmedia":[{"embeddable":true,"href":"https:\/\/franciscanos.org.br\/noticias\/wp-json\/wp\/v2\/media\/260788"}],"wp:attachment":[{"href":"https:\/\/franciscanos.org.br\/noticias\/wp-json\/wp\/v2\/media?parent=260787"}],"wp:term":[{"taxonomy":"category","embeddable":true,"href":"https:\/\/franciscanos.org.br\/noticias\/wp-json\/wp\/v2\/categories?post=260787"},{"taxonomy":"post_tag","embeddable":true,"href":"https:\/\/franciscanos.org.br\/noticias\/wp-json\/wp\/v2\/tags?post=260787"}],"curies":[{"name":"wp","href":"https:\/\/api.w.org\/{rel}","templated":true}]}}