{"id":260763,"date":"2025-10-06T10:07:01","date_gmt":"2025-10-06T13:07:01","guid":{"rendered":"https:\/\/franciscanos.org.br\/noticias\/?p=260763"},"modified":"2025-10-06T11:08:53","modified_gmt":"2025-10-06T14:08:53","slug":"frades-do-regional-de-curitiba-celebram-a-solenidade-de-sao-francisco-e-os-350-anos-da-provincia-da-imaculada-conceicao-do-brasil","status":"publish","type":"post","link":"https:\/\/franciscanos.org.br\/noticias\/frades-do-regional-de-curitiba-celebram-a-solenidade-de-sao-francisco-e-os-350-anos-da-provincia-da-imaculada-conceicao-do-brasil.html","title":{"rendered":"Frades do Regional de Curitiba celebram a Solenidade de S\u00e3o Francisco e os 350 anos da Prov\u00edncia"},"content":{"rendered":"<p><img loading=\"lazy\" class=\"aligncenter wp-image-260765 size-full\" src=\"https:\/\/franciscanos.org.br\/noticias\/wp-content\/uploads\/2025\/10\/materia-1-3.jpg\" alt=\"\" width=\"1280\" height=\"720\" srcset=\"https:\/\/franciscanos.org.br\/noticias\/wp-content\/uploads\/2025\/10\/materia-1-3.jpg 1280w, https:\/\/franciscanos.org.br\/noticias\/wp-content\/uploads\/2025\/10\/materia-1-3-450x253.jpg 450w, https:\/\/franciscanos.org.br\/noticias\/wp-content\/uploads\/2025\/10\/materia-1-3-1024x576.jpg 1024w, https:\/\/franciscanos.org.br\/noticias\/wp-content\/uploads\/2025\/10\/materia-1-3-768x432.jpg 768w, https:\/\/franciscanos.org.br\/noticias\/wp-content\/uploads\/2025\/10\/materia-1-3-150x84.jpg 150w\" sizes=\"(max-width: 1280px) 100vw, 1280px\" \/><\/p>\n<p>Nos dias 3 e 4 de outubro, a Par\u00f3quia Bom Jesus dos Perd\u00f5es, em Curitiba (PR), reuniu os frades das Fraternidades Bom Jesus dos Perd\u00f5es (Curitiba) e S\u00e3o Boaventura (Campo Largo \u2013 PR), al\u00e9m de irm\u00e3os e irm\u00e3s da Ordem Franciscana Secular e fi\u00e9is, para celebrar dois momentos centrais do calend\u00e1rio franciscano: o Tr\u00e2nsito de S\u00e3o Francisco de Assis e a Solenidade do Ser\u00e1fico Pai, marcados neste ano pelo jubileu dos 350 anos da Prov\u00edncia Franciscana da Imaculada Concei\u00e7\u00e3o do Brasil.<\/p>\n<p><strong>Tr\u00e2nsito de S\u00e3o Francisco<\/strong><\/p>\n<p><img loading=\"lazy\" class=\"aligncenter wp-image-260767 size-full\" src=\"https:\/\/franciscanos.org.br\/noticias\/wp-content\/uploads\/2025\/10\/materia3-2.jpg\" alt=\"\" width=\"1280\" height=\"720\" srcset=\"https:\/\/franciscanos.org.br\/noticias\/wp-content\/uploads\/2025\/10\/materia3-2.jpg 1280w, https:\/\/franciscanos.org.br\/noticias\/wp-content\/uploads\/2025\/10\/materia3-2-450x253.jpg 450w, https:\/\/franciscanos.org.br\/noticias\/wp-content\/uploads\/2025\/10\/materia3-2-1024x576.jpg 1024w, https:\/\/franciscanos.org.br\/noticias\/wp-content\/uploads\/2025\/10\/materia3-2-768x432.jpg 768w, https:\/\/franciscanos.org.br\/noticias\/wp-content\/uploads\/2025\/10\/materia3-2-150x84.jpg 150w\" sizes=\"(max-width: 1280px) 100vw, 1280px\" \/><\/p>\n<p>Na noite do dia 3, foi celebrada a mem\u00f3ria do Tr\u00e2nsito de S\u00e3o Francisco, recordando sua passagem da vida terrena para a vida eterna. Em ambiente de ora\u00e7\u00e3o e alegria serena, foram proclamados trechos da biografia de S\u00e3o Francisco, revivendo seus \u00faltimos instantes em fraternidade, e entoado pelo coral Vozes de Assis, com a participa\u00e7\u00e3o dos frades, o tradicional Canto do Tr\u00e2nsito.<\/p>\n<p>Para os franciscanos, a morte, chamada por Francisco de \u201cirm\u00e3\u201d, \u00e9 tamb\u00e9m motivo de celebra\u00e7\u00e3o, pois anuncia a plenitude da vida em Deus.<\/p>\n<p><strong>Solenidade de S\u00e3o Francisco<\/strong><\/p>\n<p>Na manh\u00e3 seguinte, 4 de outubro, durante todo o dia, foi realizada a tradicional B\u00ean\u00e7\u00e3o dos Animais, tanto na Par\u00f3quia Bom Jesus dos Perd\u00f5es quanto em diversas unidades do Col\u00e9gio Bom Jesus. Fi\u00e9is e estudantes levaram seus animais de estima\u00e7\u00e3o para receber a b\u00ean\u00e7\u00e3o, num gesto simples que expressa a gratid\u00e3o a Deus por toda criatura.<\/p>\n<p><img loading=\"lazy\" class=\"aligncenter wp-image-260766 size-full\" src=\"https:\/\/franciscanos.org.br\/noticias\/wp-content\/uploads\/2025\/10\/materia-6-1.jpg\" alt=\"\" width=\"1280\" height=\"720\" srcset=\"https:\/\/franciscanos.org.br\/noticias\/wp-content\/uploads\/2025\/10\/materia-6-1.jpg 1280w, https:\/\/franciscanos.org.br\/noticias\/wp-content\/uploads\/2025\/10\/materia-6-1-450x253.jpg 450w, https:\/\/franciscanos.org.br\/noticias\/wp-content\/uploads\/2025\/10\/materia-6-1-1024x576.jpg 1024w, https:\/\/franciscanos.org.br\/noticias\/wp-content\/uploads\/2025\/10\/materia-6-1-768x432.jpg 768w, https:\/\/franciscanos.org.br\/noticias\/wp-content\/uploads\/2025\/10\/materia-6-1-150x84.jpg 150w\" sizes=\"(max-width: 1280px) 100vw, 1280px\" \/><\/p>\n<p>No fim da tarde, a Santa Missa foi presidida pelo Ministro Provincial, Frei Paulo Roberto Pereira, e contou com a presen\u00e7a das fraternidades regionais, da Ordem Franciscana Secular e de grande n\u00famero de fi\u00e9is.<\/p>\n<p>Em sua homilia, Frei Paulo destacou que celebrar \u00e9 fazer mem\u00f3ria viva daquilo que \u00e9 marcante. Ele lembrou que as comemora\u00e7\u00f5es uniam tr\u00eas momentos significativos: os 350 anos da Prov\u00edncia Franciscana da Imaculada Concei\u00e7\u00e3o do Brasil, os 800 anos do C\u00e2ntico das Criaturas e a festa de S\u00e3o Francisco, vividos neste ano sob o signo do jubileu da esperan\u00e7a.<\/p>\n<p><img loading=\"lazy\" class=\"aligncenter wp-image-260768 size-full\" src=\"https:\/\/franciscanos.org.br\/noticias\/wp-content\/uploads\/2025\/10\/materia2-1.jpg\" alt=\"\" width=\"1280\" height=\"720\" srcset=\"https:\/\/franciscanos.org.br\/noticias\/wp-content\/uploads\/2025\/10\/materia2-1.jpg 1280w, https:\/\/franciscanos.org.br\/noticias\/wp-content\/uploads\/2025\/10\/materia2-1-450x253.jpg 450w, https:\/\/franciscanos.org.br\/noticias\/wp-content\/uploads\/2025\/10\/materia2-1-1024x576.jpg 1024w, https:\/\/franciscanos.org.br\/noticias\/wp-content\/uploads\/2025\/10\/materia2-1-768x432.jpg 768w, https:\/\/franciscanos.org.br\/noticias\/wp-content\/uploads\/2025\/10\/materia2-1-150x84.jpg 150w\" sizes=\"(max-width: 1280px) 100vw, 1280px\" \/><\/p>\n<p>O Ministro Provincial refletiu sobre a imagem de S\u00e3o Francisco como protetor dos animais, explicando que essa devo\u00e7\u00e3o nasce de uma espiritualidade mais profunda: a de um homem que reconheceu, em toda a cria\u00e7\u00e3o, a presen\u00e7a e o louvor do pr\u00f3prio Deus. Ele recordou ainda o papel do Papa Francisco e a atualidade da enc\u00edclica Laudato Si\u2019, que completou dez anos, como express\u00e3o contempor\u00e2nea da espiritualidade franciscana e da ecologia integral, que une o humano na cria\u00e7\u00e3o com o divino.<\/p>\n<p><img loading=\"lazy\" class=\"aligncenter wp-image-260769 size-full\" src=\"https:\/\/franciscanos.org.br\/noticias\/wp-content\/uploads\/2025\/10\/materia6-1.jpg\" alt=\"\" width=\"1280\" height=\"720\" srcset=\"https:\/\/franciscanos.org.br\/noticias\/wp-content\/uploads\/2025\/10\/materia6-1.jpg 1280w, https:\/\/franciscanos.org.br\/noticias\/wp-content\/uploads\/2025\/10\/materia6-1-450x253.jpg 450w, https:\/\/franciscanos.org.br\/noticias\/wp-content\/uploads\/2025\/10\/materia6-1-1024x576.jpg 1024w, https:\/\/franciscanos.org.br\/noticias\/wp-content\/uploads\/2025\/10\/materia6-1-768x432.jpg 768w, https:\/\/franciscanos.org.br\/noticias\/wp-content\/uploads\/2025\/10\/materia6-1-150x84.jpg 150w\" sizes=\"(max-width: 1280px) 100vw, 1280px\" \/>No cerne de sua reflex\u00e3o, Frei Paulo convidou os presentes a olharem para S\u00e3o Francisco como um exemplo de santidade integral, que n\u00e3o separa o terreno do sagrado, mas busca, em todas as dimens\u00f5es da vida, viver o Evangelho com coer\u00eancia e simplicidade.<\/p>\n\n\t\t<style type=\"text\/css\">\n\t\t\t#gallery-1 {\n\t\t\t\tmargin: auto;\n\t\t\t}\n\t\t\t#gallery-1 .gallery-item {\n\t\t\t\tfloat: left;\n\t\t\t\tmargin-top: 10px;\n\t\t\t\ttext-align: center;\n\t\t\t\twidth: 25%;\n\t\t\t}\n\t\t\t#gallery-1 img {\n\t\t\t\tborder: 2px solid #cfcfcf;\n\t\t\t}\n\t\t\t#gallery-1 .gallery-caption {\n\t\t\t\tmargin-left: 0;\n\t\t\t}\n\t\t\t\/* see gallery_shortcode() in wp-includes\/media.php *\/\n\t\t<\/style>\n\t\t<div id='gallery-1' class='gallery galleryid-260763 gallery-columns-4 gallery-size-thumbnail'><dl class='gallery-item'>\n\t\t\t<dt class='gallery-icon landscape'>\n\t\t\t\t<a href='https:\/\/franciscanos.org.br\/noticias\/wp-content\/uploads\/2025\/10\/Regional-sul_-4.jpg'><img width=\"300\" height=\"300\" src=\"https:\/\/franciscanos.org.br\/noticias\/wp-content\/uploads\/2025\/10\/Regional-sul_-4-300x300.jpg\" class=\"attachment-thumbnail size-thumbnail\" alt=\"\" loading=\"lazy\" srcset=\"https:\/\/franciscanos.org.br\/noticias\/wp-content\/uploads\/2025\/10\/Regional-sul_-4-300x300.jpg 300w, https:\/\/franciscanos.org.br\/noticias\/wp-content\/uploads\/2025\/10\/Regional-sul_-4-100x100.jpg 100w\" sizes=\"(max-width: 300px) 100vw, 300px\" \/><\/a>\n\t\t\t<\/dt><\/dl><dl class='gallery-item'>\n\t\t\t<dt class='gallery-icon landscape'>\n\t\t\t\t<a href='https:\/\/franciscanos.org.br\/noticias\/wp-content\/uploads\/2025\/10\/Regional-sul_-3.jpg'><img width=\"300\" height=\"300\" src=\"https:\/\/franciscanos.org.br\/noticias\/wp-content\/uploads\/2025\/10\/Regional-sul_-3-300x300.jpg\" class=\"attachment-thumbnail size-thumbnail\" alt=\"\" loading=\"lazy\" srcset=\"https:\/\/franciscanos.org.br\/noticias\/wp-content\/uploads\/2025\/10\/Regional-sul_-3-300x300.jpg 300w, https:\/\/franciscanos.org.br\/noticias\/wp-content\/uploads\/2025\/10\/Regional-sul_-3-100x100.jpg 100w\" sizes=\"(max-width: 300px) 100vw, 300px\" \/><\/a>\n\t\t\t<\/dt><\/dl><dl class='gallery-item'>\n\t\t\t<dt class='gallery-icon landscape'>\n\t\t\t\t<a href='https:\/\/franciscanos.org.br\/noticias\/wp-content\/uploads\/2025\/10\/Regional-sul_-7.jpg'><img width=\"300\" height=\"300\" src=\"https:\/\/franciscanos.org.br\/noticias\/wp-content\/uploads\/2025\/10\/Regional-sul_-7-300x300.jpg\" class=\"attachment-thumbnail size-thumbnail\" alt=\"\" loading=\"lazy\" srcset=\"https:\/\/franciscanos.org.br\/noticias\/wp-content\/uploads\/2025\/10\/Regional-sul_-7-300x300.jpg 300w, https:\/\/franciscanos.org.br\/noticias\/wp-content\/uploads\/2025\/10\/Regional-sul_-7-100x100.jpg 100w\" sizes=\"(max-width: 300px) 100vw, 300px\" \/><\/a>\n\t\t\t<\/dt><\/dl><dl class='gallery-item'>\n\t\t\t<dt class='gallery-icon landscape'>\n\t\t\t\t<a href='https:\/\/franciscanos.org.br\/noticias\/wp-content\/uploads\/2025\/10\/Regional-sul_-13.jpg'><img width=\"300\" height=\"300\" src=\"https:\/\/franciscanos.org.br\/noticias\/wp-content\/uploads\/2025\/10\/Regional-sul_-13-300x300.jpg\" class=\"attachment-thumbnail size-thumbnail\" alt=\"\" loading=\"lazy\" srcset=\"https:\/\/franciscanos.org.br\/noticias\/wp-content\/uploads\/2025\/10\/Regional-sul_-13-300x300.jpg 300w, https:\/\/franciscanos.org.br\/noticias\/wp-content\/uploads\/2025\/10\/Regional-sul_-13-100x100.jpg 100w\" sizes=\"(max-width: 300px) 100vw, 300px\" \/><\/a>\n\t\t\t<\/dt><\/dl><br style=\"clear: both\" \/>\n\t\t<\/div>\n\n<p><strong>Mem\u00f3ria e esperan\u00e7a<\/strong><\/p>\n<p>As celebra\u00e7\u00f5es expressaram a alegria e a gratid\u00e3o pela hist\u00f3ria da Prov\u00edncia, restaurada no s\u00e9culo XIX pelos frades alem\u00e3es, que se espalharam pelo Sul do pa\u00eds. Em Curitiba, fixaram-se na antiga Pra\u00e7a da Miseric\u00f3rdia, onde, atentos \u00e0s necessidades do povo, uniram f\u00e9 e educa\u00e7\u00e3o \u2014 miss\u00e3o que permanece viva nas atividades da Par\u00f3quia Bom Jesus dos Perd\u00f5es e no Col\u00e9gio Bom Jesus.<\/p>\n<p>Assim, entre mem\u00f3ria e esperan\u00e7a, o testemunho de S\u00e3o Francisco continua a inspirar os que buscam viver o Evangelho com alegria, fraternidade e paz.<\/p>\n<hr \/>\n<p><em>Frei Patryck Ribeiro da Silva Dutra<\/em><\/p>\n","protected":false},"excerpt":{"rendered":"<p>Solenidade de S\u00e3o Francisco 2025<\/p>\n","protected":false},"author":11,"featured_media":260764,"comment_status":"open","ping_status":"open","sticky":false,"template":"","format":"standard","meta":[],"categories":[1],"tags":[2403,2171,2427],"acf":[],"yoast_head":"<!-- This site is optimized with the Yoast SEO plugin v19.2 - https:\/\/yoast.com\/wordpress\/plugins\/seo\/ -->\n<title>Frades do Regional de Curitiba celebram a Solenidade de S\u00e3o Francisco e os 350 anos da Prov\u00edncia - Not\u00edcias - Franciscanos<\/title>\n<meta name=\"robots\" content=\"index, follow, max-snippet:-1, max-image-preview:large, max-video-preview:-1\" \/>\n<link rel=\"canonical\" href=\"https:\/\/franciscanos.org.br\/noticias\/frades-do-regional-de-curitiba-celebram-a-solenidade-de-sao-francisco-e-os-350-anos-da-provincia-da-imaculada-conceicao-do-brasil.html\" \/>\n<meta property=\"og:locale\" content=\"pt_BR\" \/>\n<meta property=\"og:type\" content=\"article\" \/>\n<meta property=\"og:title\" content=\"Frades do Regional de Curitiba celebram a Solenidade de S\u00e3o Francisco e os 350 anos da Prov\u00edncia - Not\u00edcias - Franciscanos\" \/>\n<meta property=\"og:description\" content=\"Solenidade de S\u00e3o Francisco 2025\" \/>\n<meta property=\"og:url\" content=\"https:\/\/franciscanos.org.br\/noticias\/frades-do-regional-de-curitiba-celebram-a-solenidade-de-sao-francisco-e-os-350-anos-da-provincia-da-imaculada-conceicao-do-brasil.html\" \/>\n<meta property=\"og:site_name\" content=\"Not\u00edcias - Franciscanos\" \/>\n<meta property=\"article:published_time\" content=\"2025-10-06T13:07:01+00:00\" \/>\n<meta property=\"article:modified_time\" content=\"2025-10-06T14:08:53+00:00\" \/>\n<meta property=\"og:image\" content=\"https:\/\/franciscanos.org.br\/noticias\/wp-content\/uploads\/2025\/10\/chamada-7.jpg\" \/>\n\t<meta property=\"og:image:width\" content=\"800\" \/>\n\t<meta property=\"og:image:height\" content=\"550\" \/>\n\t<meta property=\"og:image:type\" content=\"image\/jpeg\" \/>\n<meta name=\"author\" content=\"Adriana Rabelo\" \/>\n<meta name=\"twitter:card\" content=\"summary_large_image\" \/>\n<meta name=\"twitter:label1\" content=\"Escrito por\" \/>\n\t<meta name=\"twitter:data1\" content=\"Adriana Rabelo\" \/>\n\t<meta name=\"twitter:label2\" content=\"Est. tempo de leitura\" \/>\n\t<meta name=\"twitter:data2\" content=\"3 minutos\" \/>\n<script type=\"application\/ld+json\" class=\"yoast-schema-graph\">{\"@context\":\"https:\/\/schema.org\",\"@graph\":[{\"@type\":\"WebSite\",\"@id\":\"https:\/\/franciscanos.org.br\/noticias\/#website\",\"url\":\"https:\/\/franciscanos.org.br\/noticias\/\",\"name\":\"Not\u00edcias - Franciscanos\",\"description\":\"Prov\u00edncia Franciscana da Imaculada Concei\u00e7\u00e3o do Brasil - Ordem dos Frades Menores - OFM\",\"potentialAction\":[{\"@type\":\"SearchAction\",\"target\":{\"@type\":\"EntryPoint\",\"urlTemplate\":\"https:\/\/franciscanos.org.br\/noticias\/?s={search_term_string}\"},\"query-input\":\"required name=search_term_string\"}],\"inLanguage\":\"pt-BR\"},{\"@type\":\"ImageObject\",\"inLanguage\":\"pt-BR\",\"@id\":\"https:\/\/franciscanos.org.br\/noticias\/frades-do-regional-de-curitiba-celebram-a-solenidade-de-sao-francisco-e-os-350-anos-da-provincia-da-imaculada-conceicao-do-brasil.html#primaryimage\",\"url\":\"https:\/\/franciscanos.org.br\/noticias\/wp-content\/uploads\/2025\/10\/chamada-7.jpg\",\"contentUrl\":\"https:\/\/franciscanos.org.br\/noticias\/wp-content\/uploads\/2025\/10\/chamada-7.jpg\",\"width\":800,\"height\":550},{\"@type\":\"WebPage\",\"@id\":\"https:\/\/franciscanos.org.br\/noticias\/frades-do-regional-de-curitiba-celebram-a-solenidade-de-sao-francisco-e-os-350-anos-da-provincia-da-imaculada-conceicao-do-brasil.html#webpage\",\"url\":\"https:\/\/franciscanos.org.br\/noticias\/frades-do-regional-de-curitiba-celebram-a-solenidade-de-sao-francisco-e-os-350-anos-da-provincia-da-imaculada-conceicao-do-brasil.html\",\"name\":\"Frades do Regional de Curitiba celebram a Solenidade de S\u00e3o Francisco e os 350 anos da Prov\u00edncia - Not\u00edcias - Franciscanos\",\"isPartOf\":{\"@id\":\"https:\/\/franciscanos.org.br\/noticias\/#website\"},\"primaryImageOfPage\":{\"@id\":\"https:\/\/franciscanos.org.br\/noticias\/frades-do-regional-de-curitiba-celebram-a-solenidade-de-sao-francisco-e-os-350-anos-da-provincia-da-imaculada-conceicao-do-brasil.html#primaryimage\"},\"datePublished\":\"2025-10-06T13:07:01+00:00\",\"dateModified\":\"2025-10-06T14:08:53+00:00\",\"author\":{\"@id\":\"https:\/\/franciscanos.org.br\/noticias\/#\/schema\/person\/d9422e83121c3ad3b0f423d195f5bb25\"},\"breadcrumb\":{\"@id\":\"https:\/\/franciscanos.org.br\/noticias\/frades-do-regional-de-curitiba-celebram-a-solenidade-de-sao-francisco-e-os-350-anos-da-provincia-da-imaculada-conceicao-do-brasil.html#breadcrumb\"},\"inLanguage\":\"pt-BR\",\"potentialAction\":[{\"@type\":\"ReadAction\",\"target\":[\"https:\/\/franciscanos.org.br\/noticias\/frades-do-regional-de-curitiba-celebram-a-solenidade-de-sao-francisco-e-os-350-anos-da-provincia-da-imaculada-conceicao-do-brasil.html\"]}]},{\"@type\":\"BreadcrumbList\",\"@id\":\"https:\/\/franciscanos.org.br\/noticias\/frades-do-regional-de-curitiba-celebram-a-solenidade-de-sao-francisco-e-os-350-anos-da-provincia-da-imaculada-conceicao-do-brasil.html#breadcrumb\",\"itemListElement\":[{\"@type\":\"ListItem\",\"position\":1,\"name\":\"Home\",\"item\":\"https:\/\/franciscanos.org.br\/noticias\"},{\"@type\":\"ListItem\",\"position\":2,\"name\":\"Frades do Regional de Curitiba celebram a Solenidade de S\u00e3o Francisco e os 350 anos da Prov\u00edncia\"}]},{\"@type\":\"Person\",\"@id\":\"https:\/\/franciscanos.org.br\/noticias\/#\/schema\/person\/d9422e83121c3ad3b0f423d195f5bb25\",\"name\":\"Adriana Rabelo\",\"image\":{\"@type\":\"ImageObject\",\"inLanguage\":\"pt-BR\",\"@id\":\"https:\/\/franciscanos.org.br\/noticias\/#\/schema\/person\/image\/\",\"url\":\"https:\/\/secure.gravatar.com\/avatar\/0a937b7500cd7df77540cfb8bede877d?s=96&d=mm&r=g\",\"contentUrl\":\"https:\/\/secure.gravatar.com\/avatar\/0a937b7500cd7df77540cfb8bede877d?s=96&d=mm&r=g\",\"caption\":\"Adriana Rabelo\"},\"url\":\"https:\/\/franciscanos.org.br\/noticias\/author\/adrianarabelo\"}]}<\/script>\n<!-- \/ Yoast SEO plugin. -->","yoast_head_json":{"title":"Frades do Regional de Curitiba celebram a Solenidade de S\u00e3o Francisco e os 350 anos da Prov\u00edncia - Not\u00edcias - Franciscanos","robots":{"index":"index","follow":"follow","max-snippet":"max-snippet:-1","max-image-preview":"max-image-preview:large","max-video-preview":"max-video-preview:-1"},"canonical":"https:\/\/franciscanos.org.br\/noticias\/frades-do-regional-de-curitiba-celebram-a-solenidade-de-sao-francisco-e-os-350-anos-da-provincia-da-imaculada-conceicao-do-brasil.html","og_locale":"pt_BR","og_type":"article","og_title":"Frades do Regional de Curitiba celebram a Solenidade de S\u00e3o Francisco e os 350 anos da Prov\u00edncia - Not\u00edcias - Franciscanos","og_description":"Solenidade de S\u00e3o Francisco 2025","og_url":"https:\/\/franciscanos.org.br\/noticias\/frades-do-regional-de-curitiba-celebram-a-solenidade-de-sao-francisco-e-os-350-anos-da-provincia-da-imaculada-conceicao-do-brasil.html","og_site_name":"Not\u00edcias - Franciscanos","article_published_time":"2025-10-06T13:07:01+00:00","article_modified_time":"2025-10-06T14:08:53+00:00","og_image":[{"width":800,"height":550,"url":"https:\/\/franciscanos.org.br\/noticias\/wp-content\/uploads\/2025\/10\/chamada-7.jpg","type":"image\/jpeg"}],"author":"Adriana Rabelo","twitter_card":"summary_large_image","twitter_misc":{"Escrito por":"Adriana Rabelo","Est. tempo de leitura":"3 minutos"},"schema":{"@context":"https:\/\/schema.org","@graph":[{"@type":"WebSite","@id":"https:\/\/franciscanos.org.br\/noticias\/#website","url":"https:\/\/franciscanos.org.br\/noticias\/","name":"Not\u00edcias - Franciscanos","description":"Prov\u00edncia Franciscana da Imaculada Concei\u00e7\u00e3o do Brasil - Ordem dos Frades Menores - OFM","potentialAction":[{"@type":"SearchAction","target":{"@type":"EntryPoint","urlTemplate":"https:\/\/franciscanos.org.br\/noticias\/?s={search_term_string}"},"query-input":"required name=search_term_string"}],"inLanguage":"pt-BR"},{"@type":"ImageObject","inLanguage":"pt-BR","@id":"https:\/\/franciscanos.org.br\/noticias\/frades-do-regional-de-curitiba-celebram-a-solenidade-de-sao-francisco-e-os-350-anos-da-provincia-da-imaculada-conceicao-do-brasil.html#primaryimage","url":"https:\/\/franciscanos.org.br\/noticias\/wp-content\/uploads\/2025\/10\/chamada-7.jpg","contentUrl":"https:\/\/franciscanos.org.br\/noticias\/wp-content\/uploads\/2025\/10\/chamada-7.jpg","width":800,"height":550},{"@type":"WebPage","@id":"https:\/\/franciscanos.org.br\/noticias\/frades-do-regional-de-curitiba-celebram-a-solenidade-de-sao-francisco-e-os-350-anos-da-provincia-da-imaculada-conceicao-do-brasil.html#webpage","url":"https:\/\/franciscanos.org.br\/noticias\/frades-do-regional-de-curitiba-celebram-a-solenidade-de-sao-francisco-e-os-350-anos-da-provincia-da-imaculada-conceicao-do-brasil.html","name":"Frades do Regional de Curitiba celebram a Solenidade de S\u00e3o Francisco e os 350 anos da Prov\u00edncia - Not\u00edcias - Franciscanos","isPartOf":{"@id":"https:\/\/franciscanos.org.br\/noticias\/#website"},"primaryImageOfPage":{"@id":"https:\/\/franciscanos.org.br\/noticias\/frades-do-regional-de-curitiba-celebram-a-solenidade-de-sao-francisco-e-os-350-anos-da-provincia-da-imaculada-conceicao-do-brasil.html#primaryimage"},"datePublished":"2025-10-06T13:07:01+00:00","dateModified":"2025-10-06T14:08:53+00:00","author":{"@id":"https:\/\/franciscanos.org.br\/noticias\/#\/schema\/person\/d9422e83121c3ad3b0f423d195f5bb25"},"breadcrumb":{"@id":"https:\/\/franciscanos.org.br\/noticias\/frades-do-regional-de-curitiba-celebram-a-solenidade-de-sao-francisco-e-os-350-anos-da-provincia-da-imaculada-conceicao-do-brasil.html#breadcrumb"},"inLanguage":"pt-BR","potentialAction":[{"@type":"ReadAction","target":["https:\/\/franciscanos.org.br\/noticias\/frades-do-regional-de-curitiba-celebram-a-solenidade-de-sao-francisco-e-os-350-anos-da-provincia-da-imaculada-conceicao-do-brasil.html"]}]},{"@type":"BreadcrumbList","@id":"https:\/\/franciscanos.org.br\/noticias\/frades-do-regional-de-curitiba-celebram-a-solenidade-de-sao-francisco-e-os-350-anos-da-provincia-da-imaculada-conceicao-do-brasil.html#breadcrumb","itemListElement":[{"@type":"ListItem","position":1,"name":"Home","item":"https:\/\/franciscanos.org.br\/noticias"},{"@type":"ListItem","position":2,"name":"Frades do Regional de Curitiba celebram a Solenidade de S\u00e3o Francisco e os 350 anos da Prov\u00edncia"}]},{"@type":"Person","@id":"https:\/\/franciscanos.org.br\/noticias\/#\/schema\/person\/d9422e83121c3ad3b0f423d195f5bb25","name":"Adriana Rabelo","image":{"@type":"ImageObject","inLanguage":"pt-BR","@id":"https:\/\/franciscanos.org.br\/noticias\/#\/schema\/person\/image\/","url":"https:\/\/secure.gravatar.com\/avatar\/0a937b7500cd7df77540cfb8bede877d?s=96&d=mm&r=g","contentUrl":"https:\/\/secure.gravatar.com\/avatar\/0a937b7500cd7df77540cfb8bede877d?s=96&d=mm&r=g","caption":"Adriana Rabelo"},"url":"https:\/\/franciscanos.org.br\/noticias\/author\/adrianarabelo"}]}},"_links":{"self":[{"href":"https:\/\/franciscanos.org.br\/noticias\/wp-json\/wp\/v2\/posts\/260763"}],"collection":[{"href":"https:\/\/franciscanos.org.br\/noticias\/wp-json\/wp\/v2\/posts"}],"about":[{"href":"https:\/\/franciscanos.org.br\/noticias\/wp-json\/wp\/v2\/types\/post"}],"author":[{"embeddable":true,"href":"https:\/\/franciscanos.org.br\/noticias\/wp-json\/wp\/v2\/users\/11"}],"replies":[{"embeddable":true,"href":"https:\/\/franciscanos.org.br\/noticias\/wp-json\/wp\/v2\/comments?post=260763"}],"version-history":[{"count":5,"href":"https:\/\/franciscanos.org.br\/noticias\/wp-json\/wp\/v2\/posts\/260763\/revisions"}],"predecessor-version":[{"id":260786,"href":"https:\/\/franciscanos.org.br\/noticias\/wp-json\/wp\/v2\/posts\/260763\/revisions\/260786"}],"wp:featuredmedia":[{"embeddable":true,"href":"https:\/\/franciscanos.org.br\/noticias\/wp-json\/wp\/v2\/media\/260764"}],"wp:attachment":[{"href":"https:\/\/franciscanos.org.br\/noticias\/wp-json\/wp\/v2\/media?parent=260763"}],"wp:term":[{"taxonomy":"category","embeddable":true,"href":"https:\/\/franciscanos.org.br\/noticias\/wp-json\/wp\/v2\/categories?post=260763"},{"taxonomy":"post_tag","embeddable":true,"href":"https:\/\/franciscanos.org.br\/noticias\/wp-json\/wp\/v2\/tags?post=260763"}],"curies":[{"name":"wp","href":"https:\/\/api.w.org\/{rel}","templated":true}]}}