{"id":260690,"date":"2025-10-03T15:00:28","date_gmt":"2025-10-03T18:00:28","guid":{"rendered":"https:\/\/franciscanos.org.br\/noticias\/?p=260690"},"modified":"2025-10-03T18:47:09","modified_gmt":"2025-10-03T21:47:09","slug":"concerto-celebra-os-800-anos-do-cantico-das-criaturas-em-petropolis","status":"publish","type":"post","link":"https:\/\/franciscanos.org.br\/noticias\/concerto-celebra-os-800-anos-do-cantico-das-criaturas-em-petropolis.html","title":{"rendered":"Concerto celebra os 800 anos do \u201cC\u00e2ntico das Criaturas\u201d em Petr\u00f3polis"},"content":{"rendered":"<p><img loading=\"lazy\" class=\"aligncenter wp-image-260692 size-full\" src=\"https:\/\/franciscanos.org.br\/noticias\/wp-content\/uploads\/2025\/10\/materia-3.jpg\" alt=\"\" width=\"1280\" height=\"720\" srcset=\"https:\/\/franciscanos.org.br\/noticias\/wp-content\/uploads\/2025\/10\/materia-3.jpg 1280w, https:\/\/franciscanos.org.br\/noticias\/wp-content\/uploads\/2025\/10\/materia-3-450x253.jpg 450w, https:\/\/franciscanos.org.br\/noticias\/wp-content\/uploads\/2025\/10\/materia-3-1024x576.jpg 1024w, https:\/\/franciscanos.org.br\/noticias\/wp-content\/uploads\/2025\/10\/materia-3-768x432.jpg 768w, https:\/\/franciscanos.org.br\/noticias\/wp-content\/uploads\/2025\/10\/materia-3-150x84.jpg 150w\" sizes=\"(max-width: 1280px) 100vw, 1280px\" \/><\/p>\n<p>Neste dia 4 de outubro, \u00e0s 19h, a Igreja do Sagrado Cora\u00e7\u00e3o de Jesus, em Petr\u00f3polis (RJ), ser\u00e1 palco de um <strong>concerto especial em homenagem aos 800 anos do \u201cC\u00e2ntico das Criaturas\u201d, de S\u00e3o Francisco de Assis<\/strong>. A apresenta\u00e7\u00e3o reunir\u00e1 o Coral das Meninas dos Canarinhos e o Coral dos Canarinhos de Petr\u00f3polis, que ir\u00e3o se alternar nas apresenta\u00e7\u00f5es e tamb\u00e9m se unir\u00e3o em pe\u00e7as de rara beleza.<\/p>\n<p>O programa contemplar\u00e1 obras de Beethoven, John Rutter, Francis Poulenc e Marco Frisina, com o objetivo de conduzir o p\u00fablico a uma experi\u00eancia de contempla\u00e7\u00e3o, espiritualidade e conex\u00e3o com a cria\u00e7\u00e3o, na inspira\u00e7\u00e3o franciscana do C\u00e2ntico. Reconhecido como santo universal, S\u00e3o Francisco \u00e9 lembrado por sua mensagem de paz, simplicidade e amor \u00e0 natureza, valores refletidos nesta celebra\u00e7\u00e3o musical.<\/p>\n<p><img loading=\"lazy\" class=\"aligncenter wp-image-260693 size-full\" src=\"https:\/\/franciscanos.org.br\/noticias\/wp-content\/uploads\/2025\/10\/materia-2-1.jpg\" alt=\"\" width=\"1280\" height=\"720\" srcset=\"https:\/\/franciscanos.org.br\/noticias\/wp-content\/uploads\/2025\/10\/materia-2-1.jpg 1280w, https:\/\/franciscanos.org.br\/noticias\/wp-content\/uploads\/2025\/10\/materia-2-1-450x253.jpg 450w, https:\/\/franciscanos.org.br\/noticias\/wp-content\/uploads\/2025\/10\/materia-2-1-1024x576.jpg 1024w, https:\/\/franciscanos.org.br\/noticias\/wp-content\/uploads\/2025\/10\/materia-2-1-768x432.jpg 768w, https:\/\/franciscanos.org.br\/noticias\/wp-content\/uploads\/2025\/10\/materia-2-1-150x84.jpg 150w\" sizes=\"(max-width: 1280px) 100vw, 1280px\" \/><\/p>\n<p>Os concertos promovidos pelo Instituto dos Meninos Cantores de Petr\u00f3polis (IMCP), em parceria com a Par\u00f3quia do Sagrado, s\u00e3o momentos de arte e ora\u00e7\u00e3o, favorecidos pela m\u00fasica em sintonia com a medita\u00e7\u00e3o. Neste evento, a inspira\u00e7\u00e3o estar\u00e1 em S\u00e3o Francisco de Assis, conhecido como um santo universal, admirado por diferentes culturas e tradi\u00e7\u00f5es religiosas por sua mensagem de paz, simplicidade e amor \u00e0 natureza. O objetivo \u00e9 motivar no p\u00fablico reflex\u00f5es sobre o esp\u00edrito franciscano, proporcionando um momento de contempla\u00e7\u00e3o e conex\u00e3o com a beleza da cria\u00e7\u00e3o.<\/p>\n<p>A reg\u00eancia do Coral dos Meninos ser\u00e1 do maestro <strong>Marco Aur\u00e9lio Lischt<\/strong>. J\u00e1 o Coral das Meninas ser\u00e1 conduzido pelo maestro <strong>Marcelo Vizani<\/strong>. O presidente do IMCP \u00e9 <strong>Frei Marcos Ant\u00f4nio de Andrade<\/strong>.<\/p>\n<p><img loading=\"lazy\" class=\"aligncenter wp-image-260694 size-full\" src=\"https:\/\/franciscanos.org.br\/noticias\/wp-content\/uploads\/2025\/10\/materia3-1.jpg\" alt=\"\" width=\"1280\" height=\"720\" srcset=\"https:\/\/franciscanos.org.br\/noticias\/wp-content\/uploads\/2025\/10\/materia3-1.jpg 1280w, https:\/\/franciscanos.org.br\/noticias\/wp-content\/uploads\/2025\/10\/materia3-1-450x253.jpg 450w, https:\/\/franciscanos.org.br\/noticias\/wp-content\/uploads\/2025\/10\/materia3-1-1024x576.jpg 1024w, https:\/\/franciscanos.org.br\/noticias\/wp-content\/uploads\/2025\/10\/materia3-1-768x432.jpg 768w, https:\/\/franciscanos.org.br\/noticias\/wp-content\/uploads\/2025\/10\/materia3-1-150x84.jpg 150w\" sizes=\"(max-width: 1280px) 100vw, 1280px\" \/><\/p>\n<p>Segundo Lischt, a m\u00fasica sempre esteve ligada \u00e0 forma\u00e7\u00e3o dos cl\u00e9rigos e integra o compromisso dos frades franciscanos em oferecer \u00e0s crian\u00e7as e jovens uma educa\u00e7\u00e3o integral, que une f\u00e9, cultura e arte. Para ele, a participa\u00e7\u00e3o dos corais na vida da Prov\u00edncia da Imaculada Concei\u00e7\u00e3o do Brasil tamb\u00e9m \u00e9 uma forma de preservar a mem\u00f3ria. \u201cComo integrantes dos corais de nossa institui\u00e7\u00e3o, sentimo-nos parte de uma hist\u00f3ria que j\u00e1 dura 83 anos, desde a funda\u00e7\u00e3o do Coral dos Canarinhos, perpetuando o legado de Frei Leto Bienias no contexto dos 350 anos da Prov\u00edncia Franciscana da Imaculada Concei\u00e7\u00e3o do Brasil.\u201d<\/p>\n<p><img loading=\"lazy\" class=\"aligncenter wp-image-260695 size-full\" src=\"https:\/\/franciscanos.org.br\/noticias\/wp-content\/uploads\/2025\/10\/materia5.jpg\" alt=\"\" width=\"1280\" height=\"720\" srcset=\"https:\/\/franciscanos.org.br\/noticias\/wp-content\/uploads\/2025\/10\/materia5.jpg 1280w, https:\/\/franciscanos.org.br\/noticias\/wp-content\/uploads\/2025\/10\/materia5-450x253.jpg 450w, https:\/\/franciscanos.org.br\/noticias\/wp-content\/uploads\/2025\/10\/materia5-1024x576.jpg 1024w, https:\/\/franciscanos.org.br\/noticias\/wp-content\/uploads\/2025\/10\/materia5-768x432.jpg 768w, https:\/\/franciscanos.org.br\/noticias\/wp-content\/uploads\/2025\/10\/materia5-150x84.jpg 150w\" sizes=\"(max-width: 1280px) 100vw, 1280px\" \/><\/p>\n<p>Neste Jubileu da Prov\u00edncia Franciscana da Imaculada Concei\u00e7\u00e3o do Brasil, o Coral dos Canarinhos est\u00e1 completando 83 anos de exist\u00eancia, seguindo os passos de S\u00e3o Francisco de Assis, sempre guiados pelos louvores a Deus por meio da m\u00fasica, como nos marcou com o \u201cC\u00e2ntico das Criaturas\u201d. Desde 1942, os meninos, movidos pelo entusiasmo de Frei Leto, transcendem as barreiras do tempo e percorrem uma trajet\u00f3ria marcada pela tradi\u00e7\u00e3o e pioneirismo, pois, nesse formato, \u00e9 o coro mais antigo do Brasil. O grupo vocal j\u00e1 realizou milhares de apresenta\u00e7\u00f5es no Brasil e no exterior ao longo de sua hist\u00f3ria.<\/p>\n<p>J\u00e1 o Coral das Meninas dos Canarinhos de Petr\u00f3polis, fundado em 1988 por Frei Jos\u00e9 Luiz Prim, foi uma forma encontrada pelo frade de incluir mais crina\u00e7as e adolescentes em um projeto no qual a m\u00fasica tamb\u00e9m seria um caminho para cantar o Evangelho e acolher vidas. S\u00e3o 37 anos de caminhada de louvores, encantos e despertar de talentos e voca\u00e7\u00f5es.<\/p>\n<p>A entrada para o concerto ser\u00e1 mediante doa\u00e7\u00e3o espont\u00e2nea, destinada \u00e0 manuten\u00e7\u00e3o dos coros.<\/p>\n<hr \/>\n<p><em>Adriana Rabelo Rodrigues e Rose Melo Vogel dos Santos (Coral dos Canarinhos)<\/em><\/p>\n","protected":false},"excerpt":{"rendered":"<p>Solenidade de S\u00e3o Francisco de Assis 2025<\/p>\n","protected":false},"author":11,"featured_media":260691,"comment_status":"open","ping_status":"open","sticky":false,"template":"","format":"standard","meta":[],"categories":[1],"tags":[1378,1531,2321,2422],"acf":[],"yoast_head":"<!-- This site is optimized with the Yoast SEO plugin v19.2 - https:\/\/yoast.com\/wordpress\/plugins\/seo\/ -->\n<title>Concerto celebra os 800 anos do \u201cC\u00e2ntico das Criaturas\u201d em Petr\u00f3polis - Not\u00edcias - Franciscanos<\/title>\n<meta name=\"robots\" content=\"index, follow, max-snippet:-1, max-image-preview:large, max-video-preview:-1\" \/>\n<link rel=\"canonical\" href=\"https:\/\/franciscanos.org.br\/noticias\/concerto-celebra-os-800-anos-do-cantico-das-criaturas-em-petropolis.html\" \/>\n<meta property=\"og:locale\" content=\"pt_BR\" \/>\n<meta property=\"og:type\" content=\"article\" \/>\n<meta property=\"og:title\" content=\"Concerto celebra os 800 anos do \u201cC\u00e2ntico das Criaturas\u201d em Petr\u00f3polis - Not\u00edcias - Franciscanos\" \/>\n<meta property=\"og:description\" content=\"Solenidade de S\u00e3o Francisco de Assis 2025\" \/>\n<meta property=\"og:url\" content=\"https:\/\/franciscanos.org.br\/noticias\/concerto-celebra-os-800-anos-do-cantico-das-criaturas-em-petropolis.html\" \/>\n<meta property=\"og:site_name\" content=\"Not\u00edcias - Franciscanos\" \/>\n<meta property=\"article:published_time\" content=\"2025-10-03T18:00:28+00:00\" \/>\n<meta property=\"article:modified_time\" content=\"2025-10-03T21:47:09+00:00\" \/>\n<meta property=\"og:image\" content=\"https:\/\/franciscanos.org.br\/noticias\/wp-content\/uploads\/2025\/10\/chamada-4.jpg\" \/>\n\t<meta property=\"og:image:width\" content=\"800\" \/>\n\t<meta property=\"og:image:height\" content=\"550\" \/>\n\t<meta property=\"og:image:type\" content=\"image\/jpeg\" \/>\n<meta name=\"author\" content=\"Adriana Rabelo\" \/>\n<meta name=\"twitter:card\" content=\"summary_large_image\" \/>\n<meta name=\"twitter:label1\" content=\"Escrito por\" \/>\n\t<meta name=\"twitter:data1\" content=\"Adriana Rabelo\" \/>\n\t<meta name=\"twitter:label2\" content=\"Est. tempo de leitura\" \/>\n\t<meta name=\"twitter:data2\" content=\"3 minutos\" \/>\n<script type=\"application\/ld+json\" class=\"yoast-schema-graph\">{\"@context\":\"https:\/\/schema.org\",\"@graph\":[{\"@type\":\"WebSite\",\"@id\":\"https:\/\/franciscanos.org.br\/noticias\/#website\",\"url\":\"https:\/\/franciscanos.org.br\/noticias\/\",\"name\":\"Not\u00edcias - Franciscanos\",\"description\":\"Prov\u00edncia Franciscana da Imaculada Concei\u00e7\u00e3o do Brasil - Ordem dos Frades Menores - OFM\",\"potentialAction\":[{\"@type\":\"SearchAction\",\"target\":{\"@type\":\"EntryPoint\",\"urlTemplate\":\"https:\/\/franciscanos.org.br\/noticias\/?s={search_term_string}\"},\"query-input\":\"required name=search_term_string\"}],\"inLanguage\":\"pt-BR\"},{\"@type\":\"ImageObject\",\"inLanguage\":\"pt-BR\",\"@id\":\"https:\/\/franciscanos.org.br\/noticias\/concerto-celebra-os-800-anos-do-cantico-das-criaturas-em-petropolis.html#primaryimage\",\"url\":\"https:\/\/franciscanos.org.br\/noticias\/wp-content\/uploads\/2025\/10\/chamada-4.jpg\",\"contentUrl\":\"https:\/\/franciscanos.org.br\/noticias\/wp-content\/uploads\/2025\/10\/chamada-4.jpg\",\"width\":800,\"height\":550},{\"@type\":\"WebPage\",\"@id\":\"https:\/\/franciscanos.org.br\/noticias\/concerto-celebra-os-800-anos-do-cantico-das-criaturas-em-petropolis.html#webpage\",\"url\":\"https:\/\/franciscanos.org.br\/noticias\/concerto-celebra-os-800-anos-do-cantico-das-criaturas-em-petropolis.html\",\"name\":\"Concerto celebra os 800 anos do \u201cC\u00e2ntico das Criaturas\u201d em Petr\u00f3polis - Not\u00edcias - Franciscanos\",\"isPartOf\":{\"@id\":\"https:\/\/franciscanos.org.br\/noticias\/#website\"},\"primaryImageOfPage\":{\"@id\":\"https:\/\/franciscanos.org.br\/noticias\/concerto-celebra-os-800-anos-do-cantico-das-criaturas-em-petropolis.html#primaryimage\"},\"datePublished\":\"2025-10-03T18:00:28+00:00\",\"dateModified\":\"2025-10-03T21:47:09+00:00\",\"author\":{\"@id\":\"https:\/\/franciscanos.org.br\/noticias\/#\/schema\/person\/d9422e83121c3ad3b0f423d195f5bb25\"},\"breadcrumb\":{\"@id\":\"https:\/\/franciscanos.org.br\/noticias\/concerto-celebra-os-800-anos-do-cantico-das-criaturas-em-petropolis.html#breadcrumb\"},\"inLanguage\":\"pt-BR\",\"potentialAction\":[{\"@type\":\"ReadAction\",\"target\":[\"https:\/\/franciscanos.org.br\/noticias\/concerto-celebra-os-800-anos-do-cantico-das-criaturas-em-petropolis.html\"]}]},{\"@type\":\"BreadcrumbList\",\"@id\":\"https:\/\/franciscanos.org.br\/noticias\/concerto-celebra-os-800-anos-do-cantico-das-criaturas-em-petropolis.html#breadcrumb\",\"itemListElement\":[{\"@type\":\"ListItem\",\"position\":1,\"name\":\"Home\",\"item\":\"https:\/\/franciscanos.org.br\/noticias\"},{\"@type\":\"ListItem\",\"position\":2,\"name\":\"Concerto celebra os 800 anos do \u201cC\u00e2ntico das Criaturas\u201d em Petr\u00f3polis\"}]},{\"@type\":\"Person\",\"@id\":\"https:\/\/franciscanos.org.br\/noticias\/#\/schema\/person\/d9422e83121c3ad3b0f423d195f5bb25\",\"name\":\"Adriana Rabelo\",\"image\":{\"@type\":\"ImageObject\",\"inLanguage\":\"pt-BR\",\"@id\":\"https:\/\/franciscanos.org.br\/noticias\/#\/schema\/person\/image\/\",\"url\":\"https:\/\/secure.gravatar.com\/avatar\/0a937b7500cd7df77540cfb8bede877d?s=96&d=mm&r=g\",\"contentUrl\":\"https:\/\/secure.gravatar.com\/avatar\/0a937b7500cd7df77540cfb8bede877d?s=96&d=mm&r=g\",\"caption\":\"Adriana Rabelo\"},\"url\":\"https:\/\/franciscanos.org.br\/noticias\/author\/adrianarabelo\"}]}<\/script>\n<!-- \/ Yoast SEO plugin. -->","yoast_head_json":{"title":"Concerto celebra os 800 anos do \u201cC\u00e2ntico das Criaturas\u201d em Petr\u00f3polis - Not\u00edcias - Franciscanos","robots":{"index":"index","follow":"follow","max-snippet":"max-snippet:-1","max-image-preview":"max-image-preview:large","max-video-preview":"max-video-preview:-1"},"canonical":"https:\/\/franciscanos.org.br\/noticias\/concerto-celebra-os-800-anos-do-cantico-das-criaturas-em-petropolis.html","og_locale":"pt_BR","og_type":"article","og_title":"Concerto celebra os 800 anos do \u201cC\u00e2ntico das Criaturas\u201d em Petr\u00f3polis - Not\u00edcias - Franciscanos","og_description":"Solenidade de S\u00e3o Francisco de Assis 2025","og_url":"https:\/\/franciscanos.org.br\/noticias\/concerto-celebra-os-800-anos-do-cantico-das-criaturas-em-petropolis.html","og_site_name":"Not\u00edcias - Franciscanos","article_published_time":"2025-10-03T18:00:28+00:00","article_modified_time":"2025-10-03T21:47:09+00:00","og_image":[{"width":800,"height":550,"url":"https:\/\/franciscanos.org.br\/noticias\/wp-content\/uploads\/2025\/10\/chamada-4.jpg","type":"image\/jpeg"}],"author":"Adriana Rabelo","twitter_card":"summary_large_image","twitter_misc":{"Escrito por":"Adriana Rabelo","Est. tempo de leitura":"3 minutos"},"schema":{"@context":"https:\/\/schema.org","@graph":[{"@type":"WebSite","@id":"https:\/\/franciscanos.org.br\/noticias\/#website","url":"https:\/\/franciscanos.org.br\/noticias\/","name":"Not\u00edcias - Franciscanos","description":"Prov\u00edncia Franciscana da Imaculada Concei\u00e7\u00e3o do Brasil - Ordem dos Frades Menores - OFM","potentialAction":[{"@type":"SearchAction","target":{"@type":"EntryPoint","urlTemplate":"https:\/\/franciscanos.org.br\/noticias\/?s={search_term_string}"},"query-input":"required name=search_term_string"}],"inLanguage":"pt-BR"},{"@type":"ImageObject","inLanguage":"pt-BR","@id":"https:\/\/franciscanos.org.br\/noticias\/concerto-celebra-os-800-anos-do-cantico-das-criaturas-em-petropolis.html#primaryimage","url":"https:\/\/franciscanos.org.br\/noticias\/wp-content\/uploads\/2025\/10\/chamada-4.jpg","contentUrl":"https:\/\/franciscanos.org.br\/noticias\/wp-content\/uploads\/2025\/10\/chamada-4.jpg","width":800,"height":550},{"@type":"WebPage","@id":"https:\/\/franciscanos.org.br\/noticias\/concerto-celebra-os-800-anos-do-cantico-das-criaturas-em-petropolis.html#webpage","url":"https:\/\/franciscanos.org.br\/noticias\/concerto-celebra-os-800-anos-do-cantico-das-criaturas-em-petropolis.html","name":"Concerto celebra os 800 anos do \u201cC\u00e2ntico das Criaturas\u201d em Petr\u00f3polis - Not\u00edcias - Franciscanos","isPartOf":{"@id":"https:\/\/franciscanos.org.br\/noticias\/#website"},"primaryImageOfPage":{"@id":"https:\/\/franciscanos.org.br\/noticias\/concerto-celebra-os-800-anos-do-cantico-das-criaturas-em-petropolis.html#primaryimage"},"datePublished":"2025-10-03T18:00:28+00:00","dateModified":"2025-10-03T21:47:09+00:00","author":{"@id":"https:\/\/franciscanos.org.br\/noticias\/#\/schema\/person\/d9422e83121c3ad3b0f423d195f5bb25"},"breadcrumb":{"@id":"https:\/\/franciscanos.org.br\/noticias\/concerto-celebra-os-800-anos-do-cantico-das-criaturas-em-petropolis.html#breadcrumb"},"inLanguage":"pt-BR","potentialAction":[{"@type":"ReadAction","target":["https:\/\/franciscanos.org.br\/noticias\/concerto-celebra-os-800-anos-do-cantico-das-criaturas-em-petropolis.html"]}]},{"@type":"BreadcrumbList","@id":"https:\/\/franciscanos.org.br\/noticias\/concerto-celebra-os-800-anos-do-cantico-das-criaturas-em-petropolis.html#breadcrumb","itemListElement":[{"@type":"ListItem","position":1,"name":"Home","item":"https:\/\/franciscanos.org.br\/noticias"},{"@type":"ListItem","position":2,"name":"Concerto celebra os 800 anos do \u201cC\u00e2ntico das Criaturas\u201d em Petr\u00f3polis"}]},{"@type":"Person","@id":"https:\/\/franciscanos.org.br\/noticias\/#\/schema\/person\/d9422e83121c3ad3b0f423d195f5bb25","name":"Adriana Rabelo","image":{"@type":"ImageObject","inLanguage":"pt-BR","@id":"https:\/\/franciscanos.org.br\/noticias\/#\/schema\/person\/image\/","url":"https:\/\/secure.gravatar.com\/avatar\/0a937b7500cd7df77540cfb8bede877d?s=96&d=mm&r=g","contentUrl":"https:\/\/secure.gravatar.com\/avatar\/0a937b7500cd7df77540cfb8bede877d?s=96&d=mm&r=g","caption":"Adriana Rabelo"},"url":"https:\/\/franciscanos.org.br\/noticias\/author\/adrianarabelo"}]}},"_links":{"self":[{"href":"https:\/\/franciscanos.org.br\/noticias\/wp-json\/wp\/v2\/posts\/260690"}],"collection":[{"href":"https:\/\/franciscanos.org.br\/noticias\/wp-json\/wp\/v2\/posts"}],"about":[{"href":"https:\/\/franciscanos.org.br\/noticias\/wp-json\/wp\/v2\/types\/post"}],"author":[{"embeddable":true,"href":"https:\/\/franciscanos.org.br\/noticias\/wp-json\/wp\/v2\/users\/11"}],"replies":[{"embeddable":true,"href":"https:\/\/franciscanos.org.br\/noticias\/wp-json\/wp\/v2\/comments?post=260690"}],"version-history":[{"count":1,"href":"https:\/\/franciscanos.org.br\/noticias\/wp-json\/wp\/v2\/posts\/260690\/revisions"}],"predecessor-version":[{"id":260696,"href":"https:\/\/franciscanos.org.br\/noticias\/wp-json\/wp\/v2\/posts\/260690\/revisions\/260696"}],"wp:featuredmedia":[{"embeddable":true,"href":"https:\/\/franciscanos.org.br\/noticias\/wp-json\/wp\/v2\/media\/260691"}],"wp:attachment":[{"href":"https:\/\/franciscanos.org.br\/noticias\/wp-json\/wp\/v2\/media?parent=260690"}],"wp:term":[{"taxonomy":"category","embeddable":true,"href":"https:\/\/franciscanos.org.br\/noticias\/wp-json\/wp\/v2\/categories?post=260690"},{"taxonomy":"post_tag","embeddable":true,"href":"https:\/\/franciscanos.org.br\/noticias\/wp-json\/wp\/v2\/tags?post=260690"}],"curies":[{"name":"wp","href":"https:\/\/api.w.org\/{rel}","templated":true}]}}