{"id":260674,"date":"2025-10-02T15:07:06","date_gmt":"2025-10-02T18:07:06","guid":{"rendered":"https:\/\/franciscanos.org.br\/noticias\/?p=260674"},"modified":"2025-10-02T15:07:06","modified_gmt":"2025-10-02T18:07:06","slug":"artesaos-da-paz-e-do-bem-e-o-tema-da-9a-edicao-das-missoes-franciscanas-da-juventude-de-2026","status":"publish","type":"post","link":"https:\/\/franciscanos.org.br\/noticias\/artesaos-da-paz-e-do-bem-e-o-tema-da-9a-edicao-das-missoes-franciscanas-da-juventude-de-2026.html","title":{"rendered":"\u201cArtes\u00e3os da Paz e do Bem\u201d \u00e9 o tema da 9\u00aa edi\u00e7\u00e3o das Miss\u00f5es Franciscanas da Juventude de 2026"},"content":{"rendered":"<p><img loading=\"lazy\" class=\"aligncenter wp-image-260675 size-full\" src=\"https:\/\/franciscanos.org.br\/noticias\/wp-content\/uploads\/2025\/10\/MATERIA2.jpg\" alt=\"\" width=\"1280\" height=\"720\" srcset=\"https:\/\/franciscanos.org.br\/noticias\/wp-content\/uploads\/2025\/10\/MATERIA2.jpg 1280w, https:\/\/franciscanos.org.br\/noticias\/wp-content\/uploads\/2025\/10\/MATERIA2-450x253.jpg 450w, https:\/\/franciscanos.org.br\/noticias\/wp-content\/uploads\/2025\/10\/MATERIA2-1024x576.jpg 1024w, https:\/\/franciscanos.org.br\/noticias\/wp-content\/uploads\/2025\/10\/MATERIA2-768x432.jpg 768w, https:\/\/franciscanos.org.br\/noticias\/wp-content\/uploads\/2025\/10\/MATERIA2-150x84.jpg 150w\" sizes=\"(max-width: 1280px) 100vw, 1280px\" \/><\/p>\n<p>No dia 26 de setembro, em Santo Amaro da Imperatriz (SC), coordenadores, volunt\u00e1rios e frades se reuniram para a 2\u00aa reuni\u00e3o de prepara\u00e7\u00e3o das Miss\u00f5es Franciscanas da Juventude (MFJ). Entre os assunto, a defini\u00e7\u00e3o do tema e lema da 9\u00aa edi\u00e7\u00e3o da MFJ. O evento ter\u00e1 como tema \u201cArtes\u00e3os da Paz e do Bem!\u201d e lema \u201cFrancisco e Carlo Acutis: jovens do Evangelho\u201d, destacando a miss\u00e3o de formar jovens comprometidos com a paz e o bem.<\/p>\n<p>Mais uma vez os jovens franciscanos seguiram com o planejamento, partilhas e defini\u00e7\u00e3o das equipes que dar\u00e3o suporte \u00e0 realiza\u00e7\u00e3o do evento, que ser\u00e1 realizado entre <strong>29 de janeiro e 1\u00ba de fevereiro de 2026<\/strong>. A reuni\u00e3o come\u00e7ou com acolhida e ora\u00e7\u00e3o inicial. Um dos momentos mais significativos foi a\u00a0<strong>partilha da peregrina\u00e7\u00e3o do Tau Mission\u00e1rio que perpassa as comunidades da Par\u00f3quia<\/strong>, s\u00edmbolo do compromisso mission\u00e1rio e da viv\u00eancia franciscana, refor\u00e7ando a identidade espiritual do encontro.<\/p>\n\n\t\t<style type=\"text\/css\">\n\t\t\t#gallery-1 {\n\t\t\t\tmargin: auto;\n\t\t\t}\n\t\t\t#gallery-1 .gallery-item {\n\t\t\t\tfloat: left;\n\t\t\t\tmargin-top: 10px;\n\t\t\t\ttext-align: center;\n\t\t\t\twidth: 33%;\n\t\t\t}\n\t\t\t#gallery-1 img {\n\t\t\t\tborder: 2px solid #cfcfcf;\n\t\t\t}\n\t\t\t#gallery-1 .gallery-caption {\n\t\t\t\tmargin-left: 0;\n\t\t\t}\n\t\t\t\/* see gallery_shortcode() in wp-includes\/media.php *\/\n\t\t<\/style>\n\t\t<div id='gallery-1' class='gallery galleryid-260674 gallery-columns-3 gallery-size-thumbnail'><dl class='gallery-item'>\n\t\t\t<dt class='gallery-icon portrait'>\n\t\t\t\t<a href='https:\/\/franciscanos.org.br\/noticias\/wp-content\/uploads\/2025\/10\/MISSOES-FRANCISCANAS-2026-12.jpg'><img width=\"300\" height=\"300\" src=\"https:\/\/franciscanos.org.br\/noticias\/wp-content\/uploads\/2025\/10\/MISSOES-FRANCISCANAS-2026-12-300x300.jpg\" class=\"attachment-thumbnail size-thumbnail\" alt=\"\" loading=\"lazy\" srcset=\"https:\/\/franciscanos.org.br\/noticias\/wp-content\/uploads\/2025\/10\/MISSOES-FRANCISCANAS-2026-12-300x300.jpg 300w, https:\/\/franciscanos.org.br\/noticias\/wp-content\/uploads\/2025\/10\/MISSOES-FRANCISCANAS-2026-12-100x100.jpg 100w\" sizes=\"(max-width: 300px) 100vw, 300px\" \/><\/a>\n\t\t\t<\/dt><\/dl><dl class='gallery-item'>\n\t\t\t<dt class='gallery-icon portrait'>\n\t\t\t\t<a href='https:\/\/franciscanos.org.br\/noticias\/wp-content\/uploads\/2025\/10\/MISSOES-FRANCISCANAS-2026.jpg'><img width=\"300\" height=\"300\" src=\"https:\/\/franciscanos.org.br\/noticias\/wp-content\/uploads\/2025\/10\/MISSOES-FRANCISCANAS-2026-300x300.jpg\" class=\"attachment-thumbnail size-thumbnail\" alt=\"\" loading=\"lazy\" srcset=\"https:\/\/franciscanos.org.br\/noticias\/wp-content\/uploads\/2025\/10\/MISSOES-FRANCISCANAS-2026-300x300.jpg 300w, https:\/\/franciscanos.org.br\/noticias\/wp-content\/uploads\/2025\/10\/MISSOES-FRANCISCANAS-2026-100x100.jpg 100w\" sizes=\"(max-width: 300px) 100vw, 300px\" \/><\/a>\n\t\t\t<\/dt><\/dl><dl class='gallery-item'>\n\t\t\t<dt class='gallery-icon landscape'>\n\t\t\t\t<a href='https:\/\/franciscanos.org.br\/noticias\/wp-content\/uploads\/2025\/10\/MISSOES-FRANCISCANAS-2026-4.jpg'><img width=\"300\" height=\"300\" src=\"https:\/\/franciscanos.org.br\/noticias\/wp-content\/uploads\/2025\/10\/MISSOES-FRANCISCANAS-2026-4-300x300.jpg\" class=\"attachment-thumbnail size-thumbnail\" alt=\"\" loading=\"lazy\" srcset=\"https:\/\/franciscanos.org.br\/noticias\/wp-content\/uploads\/2025\/10\/MISSOES-FRANCISCANAS-2026-4-300x300.jpg 300w, https:\/\/franciscanos.org.br\/noticias\/wp-content\/uploads\/2025\/10\/MISSOES-FRANCISCANAS-2026-4-100x100.jpg 100w\" sizes=\"(max-width: 300px) 100vw, 300px\" \/><\/a>\n\t\t\t<\/dt><\/dl><br style=\"clear: both\" \/>\n\t\t<\/div>\n\n<p>Em seguida, foram apresentadas as equipes de trabalho e suas respectivas atribui\u00e7\u00f5es. O evento inicia na\u00a0<strong>quinta-feira \u00e0 tarde<\/strong>, com chegada e hospedagem dos jovens, e se encerra no\u00a0<strong>domingo<\/strong>, com a tradicional\u00a0<strong>Caminhada em dire\u00e7\u00e3o \u00e0 Igreja Matriz<\/strong>, seguida da Missa de Encerramento e atos finais. Entre os destaques da programa\u00e7\u00e3o, a\u00a0<strong>sexta-feira<\/strong>\u00a0ser\u00e1 dedicada a forma\u00e7\u00e3o e oficinas, concluindo com a\u00a0<strong>Missa de envio para as Comunidades e Fam\u00edlias Acolhedoras<\/strong>, e o\u00a0<strong>s\u00e1bado<\/strong>\u00a0contar\u00e1 com um dia inteiro de miss\u00e3o.<\/p>\n<p><img loading=\"lazy\" class=\"aligncenter wp-image-260681 size-full\" src=\"https:\/\/franciscanos.org.br\/noticias\/wp-content\/uploads\/2025\/10\/materia3.jpg\" alt=\"\" width=\"1280\" height=\"720\" srcset=\"https:\/\/franciscanos.org.br\/noticias\/wp-content\/uploads\/2025\/10\/materia3.jpg 1280w, https:\/\/franciscanos.org.br\/noticias\/wp-content\/uploads\/2025\/10\/materia3-450x253.jpg 450w, https:\/\/franciscanos.org.br\/noticias\/wp-content\/uploads\/2025\/10\/materia3-1024x576.jpg 1024w, https:\/\/franciscanos.org.br\/noticias\/wp-content\/uploads\/2025\/10\/materia3-768x432.jpg 768w, https:\/\/franciscanos.org.br\/noticias\/wp-content\/uploads\/2025\/10\/materia3-150x84.jpg 150w\" sizes=\"(max-width: 1280px) 100vw, 1280px\" \/><\/p>\n<p>As\u00a0<strong>inscri\u00e7\u00f5es<\/strong>\u00a0estar\u00e3o abertas a partir do\u00a0<strong>15 de novembro at\u00e9 20 de dezembro<\/strong>, com limite de participa\u00e7\u00e3o. Al\u00e9m disso, haver\u00e1\u00a0<strong>venda de camisetas<\/strong>\u00a0franciscanas na cidade de Santo Amaro para arrecadar fundos e fortalecer o esp\u00edrito de colabora\u00e7\u00e3o entre os participantes.<\/p>\n<p><img loading=\"lazy\" class=\"aligncenter wp-image-260677 size-full\" src=\"https:\/\/franciscanos.org.br\/noticias\/wp-content\/uploads\/2025\/10\/MATERIA-1-2.jpg\" alt=\"\" width=\"1280\" height=\"720\" srcset=\"https:\/\/franciscanos.org.br\/noticias\/wp-content\/uploads\/2025\/10\/MATERIA-1-2.jpg 1280w, https:\/\/franciscanos.org.br\/noticias\/wp-content\/uploads\/2025\/10\/MATERIA-1-2-450x253.jpg 450w, https:\/\/franciscanos.org.br\/noticias\/wp-content\/uploads\/2025\/10\/MATERIA-1-2-1024x576.jpg 1024w, https:\/\/franciscanos.org.br\/noticias\/wp-content\/uploads\/2025\/10\/MATERIA-1-2-768x432.jpg 768w, https:\/\/franciscanos.org.br\/noticias\/wp-content\/uploads\/2025\/10\/MATERIA-1-2-150x84.jpg 150w\" sizes=\"(max-width: 1280px) 100vw, 1280px\" \/><\/p>\n<p>As pr\u00f3ximas reuni\u00f5es de prepara\u00e7\u00e3o est\u00e3o agendadas, quando ser\u00e3o definidos detalhes como identidade visual e locais das miss\u00f5es, incluindo comunidades, visitas e outras iniciativas mission\u00e1rias.<\/p>\n\n\t\t<style type=\"text\/css\">\n\t\t\t#gallery-2 {\n\t\t\t\tmargin: auto;\n\t\t\t}\n\t\t\t#gallery-2 .gallery-item {\n\t\t\t\tfloat: left;\n\t\t\t\tmargin-top: 10px;\n\t\t\t\ttext-align: center;\n\t\t\t\twidth: 33%;\n\t\t\t}\n\t\t\t#gallery-2 img {\n\t\t\t\tborder: 2px solid #cfcfcf;\n\t\t\t}\n\t\t\t#gallery-2 .gallery-caption {\n\t\t\t\tmargin-left: 0;\n\t\t\t}\n\t\t\t\/* see gallery_shortcode() in wp-includes\/media.php *\/\n\t\t<\/style>\n\t\t<div id='gallery-2' class='gallery galleryid-260674 gallery-columns-3 gallery-size-thumbnail'><dl class='gallery-item'>\n\t\t\t<dt class='gallery-icon portrait'>\n\t\t\t\t<a href='https:\/\/franciscanos.org.br\/noticias\/wp-content\/uploads\/2025\/10\/MISSOES-FRANCISCANAS-2026-8.jpg'><img width=\"300\" height=\"300\" src=\"https:\/\/franciscanos.org.br\/noticias\/wp-content\/uploads\/2025\/10\/MISSOES-FRANCISCANAS-2026-8-300x300.jpg\" class=\"attachment-thumbnail size-thumbnail\" alt=\"\" loading=\"lazy\" srcset=\"https:\/\/franciscanos.org.br\/noticias\/wp-content\/uploads\/2025\/10\/MISSOES-FRANCISCANAS-2026-8-300x300.jpg 300w, https:\/\/franciscanos.org.br\/noticias\/wp-content\/uploads\/2025\/10\/MISSOES-FRANCISCANAS-2026-8-100x100.jpg 100w\" sizes=\"(max-width: 300px) 100vw, 300px\" \/><\/a>\n\t\t\t<\/dt><\/dl><dl class='gallery-item'>\n\t\t\t<dt class='gallery-icon landscape'>\n\t\t\t\t<a href='https:\/\/franciscanos.org.br\/noticias\/wp-content\/uploads\/2025\/10\/MISSOES-FRANCISCANAS-2026-11.jpg'><img width=\"300\" height=\"300\" src=\"https:\/\/franciscanos.org.br\/noticias\/wp-content\/uploads\/2025\/10\/MISSOES-FRANCISCANAS-2026-11-300x300.jpg\" class=\"attachment-thumbnail size-thumbnail\" alt=\"\" loading=\"lazy\" srcset=\"https:\/\/franciscanos.org.br\/noticias\/wp-content\/uploads\/2025\/10\/MISSOES-FRANCISCANAS-2026-11-300x300.jpg 300w, https:\/\/franciscanos.org.br\/noticias\/wp-content\/uploads\/2025\/10\/MISSOES-FRANCISCANAS-2026-11-100x100.jpg 100w\" sizes=\"(max-width: 300px) 100vw, 300px\" \/><\/a>\n\t\t\t<\/dt><\/dl><dl class='gallery-item'>\n\t\t\t<dt class='gallery-icon portrait'>\n\t\t\t\t<a href='https:\/\/franciscanos.org.br\/noticias\/wp-content\/uploads\/2025\/10\/MISSOES-FRANCISCANAS-2026-13.jpg'><img width=\"300\" height=\"300\" src=\"https:\/\/franciscanos.org.br\/noticias\/wp-content\/uploads\/2025\/10\/MISSOES-FRANCISCANAS-2026-13-300x300.jpg\" class=\"attachment-thumbnail size-thumbnail\" alt=\"\" loading=\"lazy\" srcset=\"https:\/\/franciscanos.org.br\/noticias\/wp-content\/uploads\/2025\/10\/MISSOES-FRANCISCANAS-2026-13-300x300.jpg 300w, https:\/\/franciscanos.org.br\/noticias\/wp-content\/uploads\/2025\/10\/MISSOES-FRANCISCANAS-2026-13-100x100.jpg 100w\" sizes=\"(max-width: 300px) 100vw, 300px\" \/><\/a>\n\t\t\t<\/dt><\/dl><br style=\"clear: both\" \/>\n\t\t<\/div>\n\n<p>Com foco em formar jovens comprometidos com a paz, a justi\u00e7a e o bem comum, a MFJ promete\u00a0<strong>ser um espa\u00e7o de viv\u00eancia do Evangelho, inspirado na simplicidade de S\u00e3o Francisco e no testemunho de Carlo Acutis<\/strong>, estimulando os participantes a se tornarem verdadeiros artes\u00e3os da paz em suas comunidades.<\/p>\n<hr \/>\n<p><em>Frei Augusto Luiz Gabriel<\/em><\/p>\n","protected":false},"excerpt":{"rendered":"<p>Juventudes Franciscanas<\/p>\n","protected":false},"author":11,"featured_media":260676,"comment_status":"open","ping_status":"open","sticky":false,"template":"","format":"standard","meta":[],"categories":[1],"tags":[1206,704],"acf":[],"yoast_head":"<!-- This site is optimized with the Yoast SEO plugin v19.2 - https:\/\/yoast.com\/wordpress\/plugins\/seo\/ -->\n<title>\u201cArtes\u00e3os da Paz e do Bem\u201d \u00e9 o tema da 9\u00aa edi\u00e7\u00e3o das Miss\u00f5es Franciscanas da Juventude de 2026 - Not\u00edcias - Franciscanos<\/title>\n<meta name=\"robots\" content=\"index, follow, max-snippet:-1, max-image-preview:large, max-video-preview:-1\" \/>\n<link rel=\"canonical\" href=\"https:\/\/franciscanos.org.br\/noticias\/artesaos-da-paz-e-do-bem-e-o-tema-da-9a-edicao-das-missoes-franciscanas-da-juventude-de-2026.html\" \/>\n<meta property=\"og:locale\" content=\"pt_BR\" \/>\n<meta property=\"og:type\" content=\"article\" \/>\n<meta property=\"og:title\" content=\"\u201cArtes\u00e3os da Paz e do Bem\u201d \u00e9 o tema da 9\u00aa edi\u00e7\u00e3o das Miss\u00f5es Franciscanas da Juventude de 2026 - Not\u00edcias - Franciscanos\" \/>\n<meta property=\"og:description\" content=\"Juventudes Franciscanas\" \/>\n<meta property=\"og:url\" content=\"https:\/\/franciscanos.org.br\/noticias\/artesaos-da-paz-e-do-bem-e-o-tema-da-9a-edicao-das-missoes-franciscanas-da-juventude-de-2026.html\" \/>\n<meta property=\"og:site_name\" content=\"Not\u00edcias - Franciscanos\" \/>\n<meta property=\"article:published_time\" content=\"2025-10-02T18:07:06+00:00\" \/>\n<meta property=\"og:image\" content=\"https:\/\/franciscanos.org.br\/noticias\/wp-content\/uploads\/2025\/10\/chamada-3.jpg\" \/>\n\t<meta property=\"og:image:width\" content=\"800\" \/>\n\t<meta property=\"og:image:height\" content=\"550\" \/>\n\t<meta property=\"og:image:type\" content=\"image\/jpeg\" \/>\n<meta name=\"author\" content=\"Adriana Rabelo\" \/>\n<meta name=\"twitter:card\" content=\"summary_large_image\" \/>\n<meta name=\"twitter:label1\" content=\"Escrito por\" \/>\n\t<meta name=\"twitter:data1\" content=\"Adriana Rabelo\" \/>\n\t<meta name=\"twitter:label2\" content=\"Est. tempo de leitura\" \/>\n\t<meta name=\"twitter:data2\" content=\"2 minutos\" \/>\n<script type=\"application\/ld+json\" class=\"yoast-schema-graph\">{\"@context\":\"https:\/\/schema.org\",\"@graph\":[{\"@type\":\"WebSite\",\"@id\":\"https:\/\/franciscanos.org.br\/noticias\/#website\",\"url\":\"https:\/\/franciscanos.org.br\/noticias\/\",\"name\":\"Not\u00edcias - Franciscanos\",\"description\":\"Prov\u00edncia Franciscana da Imaculada Concei\u00e7\u00e3o do Brasil - Ordem dos Frades Menores - OFM\",\"potentialAction\":[{\"@type\":\"SearchAction\",\"target\":{\"@type\":\"EntryPoint\",\"urlTemplate\":\"https:\/\/franciscanos.org.br\/noticias\/?s={search_term_string}\"},\"query-input\":\"required name=search_term_string\"}],\"inLanguage\":\"pt-BR\"},{\"@type\":\"ImageObject\",\"inLanguage\":\"pt-BR\",\"@id\":\"https:\/\/franciscanos.org.br\/noticias\/artesaos-da-paz-e-do-bem-e-o-tema-da-9a-edicao-das-missoes-franciscanas-da-juventude-de-2026.html#primaryimage\",\"url\":\"https:\/\/franciscanos.org.br\/noticias\/wp-content\/uploads\/2025\/10\/chamada-3.jpg\",\"contentUrl\":\"https:\/\/franciscanos.org.br\/noticias\/wp-content\/uploads\/2025\/10\/chamada-3.jpg\",\"width\":800,\"height\":550},{\"@type\":\"WebPage\",\"@id\":\"https:\/\/franciscanos.org.br\/noticias\/artesaos-da-paz-e-do-bem-e-o-tema-da-9a-edicao-das-missoes-franciscanas-da-juventude-de-2026.html#webpage\",\"url\":\"https:\/\/franciscanos.org.br\/noticias\/artesaos-da-paz-e-do-bem-e-o-tema-da-9a-edicao-das-missoes-franciscanas-da-juventude-de-2026.html\",\"name\":\"\u201cArtes\u00e3os da Paz e do Bem\u201d \u00e9 o tema da 9\u00aa edi\u00e7\u00e3o das Miss\u00f5es Franciscanas da Juventude de 2026 - Not\u00edcias - Franciscanos\",\"isPartOf\":{\"@id\":\"https:\/\/franciscanos.org.br\/noticias\/#website\"},\"primaryImageOfPage\":{\"@id\":\"https:\/\/franciscanos.org.br\/noticias\/artesaos-da-paz-e-do-bem-e-o-tema-da-9a-edicao-das-missoes-franciscanas-da-juventude-de-2026.html#primaryimage\"},\"datePublished\":\"2025-10-02T18:07:06+00:00\",\"dateModified\":\"2025-10-02T18:07:06+00:00\",\"author\":{\"@id\":\"https:\/\/franciscanos.org.br\/noticias\/#\/schema\/person\/d9422e83121c3ad3b0f423d195f5bb25\"},\"breadcrumb\":{\"@id\":\"https:\/\/franciscanos.org.br\/noticias\/artesaos-da-paz-e-do-bem-e-o-tema-da-9a-edicao-das-missoes-franciscanas-da-juventude-de-2026.html#breadcrumb\"},\"inLanguage\":\"pt-BR\",\"potentialAction\":[{\"@type\":\"ReadAction\",\"target\":[\"https:\/\/franciscanos.org.br\/noticias\/artesaos-da-paz-e-do-bem-e-o-tema-da-9a-edicao-das-missoes-franciscanas-da-juventude-de-2026.html\"]}]},{\"@type\":\"BreadcrumbList\",\"@id\":\"https:\/\/franciscanos.org.br\/noticias\/artesaos-da-paz-e-do-bem-e-o-tema-da-9a-edicao-das-missoes-franciscanas-da-juventude-de-2026.html#breadcrumb\",\"itemListElement\":[{\"@type\":\"ListItem\",\"position\":1,\"name\":\"Home\",\"item\":\"https:\/\/franciscanos.org.br\/noticias\"},{\"@type\":\"ListItem\",\"position\":2,\"name\":\"\u201cArtes\u00e3os da Paz e do Bem\u201d \u00e9 o tema da 9\u00aa edi\u00e7\u00e3o das Miss\u00f5es Franciscanas da Juventude de 2026\"}]},{\"@type\":\"Person\",\"@id\":\"https:\/\/franciscanos.org.br\/noticias\/#\/schema\/person\/d9422e83121c3ad3b0f423d195f5bb25\",\"name\":\"Adriana Rabelo\",\"image\":{\"@type\":\"ImageObject\",\"inLanguage\":\"pt-BR\",\"@id\":\"https:\/\/franciscanos.org.br\/noticias\/#\/schema\/person\/image\/\",\"url\":\"https:\/\/secure.gravatar.com\/avatar\/0a937b7500cd7df77540cfb8bede877d?s=96&d=mm&r=g\",\"contentUrl\":\"https:\/\/secure.gravatar.com\/avatar\/0a937b7500cd7df77540cfb8bede877d?s=96&d=mm&r=g\",\"caption\":\"Adriana Rabelo\"},\"url\":\"https:\/\/franciscanos.org.br\/noticias\/author\/adrianarabelo\"}]}<\/script>\n<!-- \/ Yoast SEO plugin. -->","yoast_head_json":{"title":"\u201cArtes\u00e3os da Paz e do Bem\u201d \u00e9 o tema da 9\u00aa edi\u00e7\u00e3o das Miss\u00f5es Franciscanas da Juventude de 2026 - Not\u00edcias - Franciscanos","robots":{"index":"index","follow":"follow","max-snippet":"max-snippet:-1","max-image-preview":"max-image-preview:large","max-video-preview":"max-video-preview:-1"},"canonical":"https:\/\/franciscanos.org.br\/noticias\/artesaos-da-paz-e-do-bem-e-o-tema-da-9a-edicao-das-missoes-franciscanas-da-juventude-de-2026.html","og_locale":"pt_BR","og_type":"article","og_title":"\u201cArtes\u00e3os da Paz e do Bem\u201d \u00e9 o tema da 9\u00aa edi\u00e7\u00e3o das Miss\u00f5es Franciscanas da Juventude de 2026 - Not\u00edcias - Franciscanos","og_description":"Juventudes Franciscanas","og_url":"https:\/\/franciscanos.org.br\/noticias\/artesaos-da-paz-e-do-bem-e-o-tema-da-9a-edicao-das-missoes-franciscanas-da-juventude-de-2026.html","og_site_name":"Not\u00edcias - Franciscanos","article_published_time":"2025-10-02T18:07:06+00:00","og_image":[{"width":800,"height":550,"url":"https:\/\/franciscanos.org.br\/noticias\/wp-content\/uploads\/2025\/10\/chamada-3.jpg","type":"image\/jpeg"}],"author":"Adriana Rabelo","twitter_card":"summary_large_image","twitter_misc":{"Escrito por":"Adriana Rabelo","Est. tempo de leitura":"2 minutos"},"schema":{"@context":"https:\/\/schema.org","@graph":[{"@type":"WebSite","@id":"https:\/\/franciscanos.org.br\/noticias\/#website","url":"https:\/\/franciscanos.org.br\/noticias\/","name":"Not\u00edcias - Franciscanos","description":"Prov\u00edncia Franciscana da Imaculada Concei\u00e7\u00e3o do Brasil - Ordem dos Frades Menores - OFM","potentialAction":[{"@type":"SearchAction","target":{"@type":"EntryPoint","urlTemplate":"https:\/\/franciscanos.org.br\/noticias\/?s={search_term_string}"},"query-input":"required name=search_term_string"}],"inLanguage":"pt-BR"},{"@type":"ImageObject","inLanguage":"pt-BR","@id":"https:\/\/franciscanos.org.br\/noticias\/artesaos-da-paz-e-do-bem-e-o-tema-da-9a-edicao-das-missoes-franciscanas-da-juventude-de-2026.html#primaryimage","url":"https:\/\/franciscanos.org.br\/noticias\/wp-content\/uploads\/2025\/10\/chamada-3.jpg","contentUrl":"https:\/\/franciscanos.org.br\/noticias\/wp-content\/uploads\/2025\/10\/chamada-3.jpg","width":800,"height":550},{"@type":"WebPage","@id":"https:\/\/franciscanos.org.br\/noticias\/artesaos-da-paz-e-do-bem-e-o-tema-da-9a-edicao-das-missoes-franciscanas-da-juventude-de-2026.html#webpage","url":"https:\/\/franciscanos.org.br\/noticias\/artesaos-da-paz-e-do-bem-e-o-tema-da-9a-edicao-das-missoes-franciscanas-da-juventude-de-2026.html","name":"\u201cArtes\u00e3os da Paz e do Bem\u201d \u00e9 o tema da 9\u00aa edi\u00e7\u00e3o das Miss\u00f5es Franciscanas da Juventude de 2026 - Not\u00edcias - Franciscanos","isPartOf":{"@id":"https:\/\/franciscanos.org.br\/noticias\/#website"},"primaryImageOfPage":{"@id":"https:\/\/franciscanos.org.br\/noticias\/artesaos-da-paz-e-do-bem-e-o-tema-da-9a-edicao-das-missoes-franciscanas-da-juventude-de-2026.html#primaryimage"},"datePublished":"2025-10-02T18:07:06+00:00","dateModified":"2025-10-02T18:07:06+00:00","author":{"@id":"https:\/\/franciscanos.org.br\/noticias\/#\/schema\/person\/d9422e83121c3ad3b0f423d195f5bb25"},"breadcrumb":{"@id":"https:\/\/franciscanos.org.br\/noticias\/artesaos-da-paz-e-do-bem-e-o-tema-da-9a-edicao-das-missoes-franciscanas-da-juventude-de-2026.html#breadcrumb"},"inLanguage":"pt-BR","potentialAction":[{"@type":"ReadAction","target":["https:\/\/franciscanos.org.br\/noticias\/artesaos-da-paz-e-do-bem-e-o-tema-da-9a-edicao-das-missoes-franciscanas-da-juventude-de-2026.html"]}]},{"@type":"BreadcrumbList","@id":"https:\/\/franciscanos.org.br\/noticias\/artesaos-da-paz-e-do-bem-e-o-tema-da-9a-edicao-das-missoes-franciscanas-da-juventude-de-2026.html#breadcrumb","itemListElement":[{"@type":"ListItem","position":1,"name":"Home","item":"https:\/\/franciscanos.org.br\/noticias"},{"@type":"ListItem","position":2,"name":"\u201cArtes\u00e3os da Paz e do Bem\u201d \u00e9 o tema da 9\u00aa edi\u00e7\u00e3o das Miss\u00f5es Franciscanas da Juventude de 2026"}]},{"@type":"Person","@id":"https:\/\/franciscanos.org.br\/noticias\/#\/schema\/person\/d9422e83121c3ad3b0f423d195f5bb25","name":"Adriana Rabelo","image":{"@type":"ImageObject","inLanguage":"pt-BR","@id":"https:\/\/franciscanos.org.br\/noticias\/#\/schema\/person\/image\/","url":"https:\/\/secure.gravatar.com\/avatar\/0a937b7500cd7df77540cfb8bede877d?s=96&d=mm&r=g","contentUrl":"https:\/\/secure.gravatar.com\/avatar\/0a937b7500cd7df77540cfb8bede877d?s=96&d=mm&r=g","caption":"Adriana Rabelo"},"url":"https:\/\/franciscanos.org.br\/noticias\/author\/adrianarabelo"}]}},"_links":{"self":[{"href":"https:\/\/franciscanos.org.br\/noticias\/wp-json\/wp\/v2\/posts\/260674"}],"collection":[{"href":"https:\/\/franciscanos.org.br\/noticias\/wp-json\/wp\/v2\/posts"}],"about":[{"href":"https:\/\/franciscanos.org.br\/noticias\/wp-json\/wp\/v2\/types\/post"}],"author":[{"embeddable":true,"href":"https:\/\/franciscanos.org.br\/noticias\/wp-json\/wp\/v2\/users\/11"}],"replies":[{"embeddable":true,"href":"https:\/\/franciscanos.org.br\/noticias\/wp-json\/wp\/v2\/comments?post=260674"}],"version-history":[{"count":1,"href":"https:\/\/franciscanos.org.br\/noticias\/wp-json\/wp\/v2\/posts\/260674\/revisions"}],"predecessor-version":[{"id":260686,"href":"https:\/\/franciscanos.org.br\/noticias\/wp-json\/wp\/v2\/posts\/260674\/revisions\/260686"}],"wp:featuredmedia":[{"embeddable":true,"href":"https:\/\/franciscanos.org.br\/noticias\/wp-json\/wp\/v2\/media\/260676"}],"wp:attachment":[{"href":"https:\/\/franciscanos.org.br\/noticias\/wp-json\/wp\/v2\/media?parent=260674"}],"wp:term":[{"taxonomy":"category","embeddable":true,"href":"https:\/\/franciscanos.org.br\/noticias\/wp-json\/wp\/v2\/categories?post=260674"},{"taxonomy":"post_tag","embeddable":true,"href":"https:\/\/franciscanos.org.br\/noticias\/wp-json\/wp\/v2\/tags?post=260674"}],"curies":[{"name":"wp","href":"https:\/\/api.w.org\/{rel}","templated":true}]}}