{"id":260663,"date":"2025-10-02T13:28:05","date_gmt":"2025-10-02T16:28:05","guid":{"rendered":"https:\/\/franciscanos.org.br\/noticias\/?p=260663"},"modified":"2025-10-02T13:28:05","modified_gmt":"2025-10-02T16:28:05","slug":"documentario-celebra-a-vida-e-missao-de-frei-policarpo-berri","status":"publish","type":"post","link":"https:\/\/franciscanos.org.br\/noticias\/documentario-celebra-a-vida-e-missao-de-frei-policarpo-berri.html","title":{"rendered":"Document\u00e1rio celebra a vida e miss\u00e3o de Frei Policarpo Berri"},"content":{"rendered":"<p><img loading=\"lazy\" class=\"aligncenter wp-image-260665 size-full\" src=\"https:\/\/franciscanos.org.br\/noticias\/wp-content\/uploads\/2025\/10\/materia-2.jpg\" alt=\"\" width=\"1280\" height=\"720\" srcset=\"https:\/\/franciscanos.org.br\/noticias\/wp-content\/uploads\/2025\/10\/materia-2.jpg 1280w, https:\/\/franciscanos.org.br\/noticias\/wp-content\/uploads\/2025\/10\/materia-2-450x253.jpg 450w, https:\/\/franciscanos.org.br\/noticias\/wp-content\/uploads\/2025\/10\/materia-2-1024x576.jpg 1024w, https:\/\/franciscanos.org.br\/noticias\/wp-content\/uploads\/2025\/10\/materia-2-768x432.jpg 768w, https:\/\/franciscanos.org.br\/noticias\/wp-content\/uploads\/2025\/10\/materia-2-150x84.jpg 150w\" sizes=\"(max-width: 1280px) 100vw, 1280px\" \/><\/p>\n<p>De 1\u00ba a 5 de outubro de 2025, a TV Celinauta exibir\u00e1, ao longo de sua programa\u00e7\u00e3o, um especial em mem\u00f3ria de Frei Policarpo Berri, franciscano que marcou a hist\u00f3ria religiosa e social do Sudoeste do Paran\u00e1. Produzido em parceria com a Pastoral da Comunica\u00e7\u00e3o (PASCOM) da Par\u00f3quia S\u00e3o Pedro Ap\u00f3stolo de Pato Branco, o document\u00e1rio busca resgatar a trajet\u00f3ria de f\u00e9, dedica\u00e7\u00e3o e empreendedorismo desse homem que para carrega a fama de santidade.<\/p>\n<p>O especial, dividido em cinco epis\u00f3dios, apresenta desde as origens humildes de Frei Policarpo, em Rodeio (SC), sua chegada a Pato Branco, onde desenvolveu um trabalho que uniu evangeliza\u00e7\u00e3o, comunica\u00e7\u00e3o e cuidado com a comunidade at\u00e9 os \u00faltimos momentos de sua vida.<\/p>\n<p><strong> <img loading=\"lazy\" class=\"size-medium wp-image-260669 alignright\" src=\"https:\/\/franciscanos.org.br\/noticias\/wp-content\/uploads\/2025\/10\/Policarpo-450x253.png\" alt=\"\" width=\"450\" height=\"253\" srcset=\"https:\/\/franciscanos.org.br\/noticias\/wp-content\/uploads\/2025\/10\/Policarpo-450x253.png 450w, https:\/\/franciscanos.org.br\/noticias\/wp-content\/uploads\/2025\/10\/Policarpo-1024x576.png 1024w, https:\/\/franciscanos.org.br\/noticias\/wp-content\/uploads\/2025\/10\/Policarpo-768x432.png 768w, https:\/\/franciscanos.org.br\/noticias\/wp-content\/uploads\/2025\/10\/Policarpo-150x84.png 150w, https:\/\/franciscanos.org.br\/noticias\/wp-content\/uploads\/2025\/10\/Policarpo.png 1280w\" sizes=\"(max-width: 450px) 100vw, 450px\" \/>Um memorial de vida e f\u00e9<\/strong><\/p>\n<p>O primeiro epis\u00f3dio leva o p\u00fablico ao\u00a0Memorial Som e Imagem Policarpo Berri, na Rede Celinauta, onde est\u00e3o reunidos objetos que ajudam a contar sua hist\u00f3ria: equipamentos de radiodifus\u00e3o usados nos prim\u00f3rdios da emissora, pe\u00e7as lit\u00fargicas, vestes sacerdotais e at\u00e9 a cadeira em que Frei Policarpo costumava sentar-se nos \u00faltimos anos de vida.<\/p>\n<p>A obra retrata o religioso como um homem \u00e0 frente de seu tempo, que soube unir espiritualidade e compromisso social. \u201cReligioso, empreendedor e santo para muitos\u201d, \u00e9 assim que o document\u00e1rio o apresenta, ao mesmo tempo em que convida os espectadores a refletirem sobre as origens de sua voca\u00e7\u00e3o.<\/p>\n<p><strong>As ra\u00edzes da voca\u00e7\u00e3o<\/strong><\/p>\n<p>Nascido em Rodeio, no interior catarinense, In\u00e1cio Berri, nome de batismo de Frei Policarpo, viveu ali at\u00e9 os 11 anos de idade, em uma fam\u00edlia profundamente religiosa. Em um dos depoimentos resgatados no document\u00e1rio, o pr\u00f3prio frei recorda com carinho a inf\u00e2ncia ao lado dos pais e irm\u00e3os:<\/p>\n<p>\u201cOs primeiros 11 anos da minha vida eu morei nessa casa aqui. (&#8230;) Nossa m\u00e3e sempre insistia muito, gostaria que n\u00f3s fic\u00e1ssemos padres. E, aos 11 anos, quando terminei os quatro anos prim\u00e1rios, fui para o semin\u00e1rio de Rio Negro. Eu tinha 11 anos em 1936 e fiquei l\u00e1 durante oito anos\u201d.<\/p>\n<p>Ap\u00f3s o per\u00edodo no semin\u00e1rio, ingressou no noviciado franciscano, onde recebeu o h\u00e1bito e o nome de Frei Policarpo. Em 25 de julho de 1950, foi ordenado sacerdote, depois de concluir os estudos de Filosofia e Teologia em Curitiba e Petr\u00f3polis.<\/p>\n<p><strong>A chegada a Pato Branco<\/strong><\/p>\n<p>O document\u00e1rio tamb\u00e9m mostra os primeiros passos de Frei Policarpo em Pato Branco, cidade que se tornaria seu campo de miss\u00e3o e onde seu legado permanece vivo at\u00e9 hoje. Ele chegou em janeiro de 1956, quando a cidade ainda estava em fase inicial de urbaniza\u00e7\u00e3o.<\/p>\n<p>\u201cA cidade era de madeira. N\u00e3o havia nenhuma casa de material. Havia muita poeira no ver\u00e3o, quando havia seca, e muita lama quando chovia\u201d, relembrou o frei em depoimento.<\/p>\n<p><strong>Uma vida entregue a Deus<\/strong><\/p>\n<p>Frei Policarpo sempre se destacou pela dedica\u00e7\u00e3o ao povo e pela capacidade de transformar ideias em obras concretas. Mais do que fundador de iniciativas e empreendimentos, foi um grande comunicador do Evangelho que marcou a vida de gera\u00e7\u00f5es. O especial da TV Celinauta convida o p\u00fablico a revisitar essa hist\u00f3ria e a renovar a gratid\u00e3o pela vida e miss\u00e3o de Frei Policarpo, cinco anos ap\u00f3s sua p\u00e1scoa definitiva a ser celebrada no dia 5 de outubro.<\/p>\n<p><strong>ACOMPANHE O PRIMEIRO EPIS\u00d3DIO<\/strong><br \/>\n<iframe loading=\"lazy\" title=\"YouTube video player\" src=\"https:\/\/www.youtube.com\/embed\/-4LaPfK4jv0?si=o7qbXyGdlBM_8D4m\" width=\"100%\" height=\"480\" frameborder=\"0\" allowfullscreen=\"allowfullscreen\"><span data-mce-type=\"bookmark\" style=\"display: inline-block; width: 0px; overflow: hidden; line-height: 0;\" class=\"mce_SELRES_start\">\ufeff<\/span><\/iframe><\/p>\n<hr \/>\n<p><em>Frei Augusto Luiz Gabriel<\/em><\/p>\n","protected":false},"excerpt":{"rendered":"<p>Frades Ilustres<\/p>\n","protected":false},"author":11,"featured_media":260667,"comment_status":"open","ping_status":"open","sticky":false,"template":"","format":"standard","meta":[],"categories":[1],"tags":[1751,1434,2395],"acf":[],"yoast_head":"<!-- This site is optimized with the Yoast SEO plugin v19.2 - https:\/\/yoast.com\/wordpress\/plugins\/seo\/ -->\n<title>Document\u00e1rio celebra a vida e miss\u00e3o de Frei Policarpo Berri - Not\u00edcias - Franciscanos<\/title>\n<meta name=\"robots\" content=\"index, follow, max-snippet:-1, max-image-preview:large, max-video-preview:-1\" \/>\n<link rel=\"canonical\" href=\"https:\/\/franciscanos.org.br\/noticias\/documentario-celebra-a-vida-e-missao-de-frei-policarpo-berri.html\" \/>\n<meta property=\"og:locale\" content=\"pt_BR\" \/>\n<meta property=\"og:type\" content=\"article\" \/>\n<meta property=\"og:title\" content=\"Document\u00e1rio celebra a vida e miss\u00e3o de Frei Policarpo Berri - Not\u00edcias - Franciscanos\" \/>\n<meta property=\"og:description\" content=\"Frades Ilustres\" \/>\n<meta property=\"og:url\" content=\"https:\/\/franciscanos.org.br\/noticias\/documentario-celebra-a-vida-e-missao-de-frei-policarpo-berri.html\" \/>\n<meta property=\"og:site_name\" content=\"Not\u00edcias - Franciscanos\" \/>\n<meta property=\"article:published_time\" content=\"2025-10-02T16:28:05+00:00\" \/>\n<meta property=\"og:image\" content=\"https:\/\/franciscanos.org.br\/noticias\/wp-content\/uploads\/2025\/10\/chamada-2.jpg\" \/>\n\t<meta property=\"og:image:width\" content=\"800\" \/>\n\t<meta property=\"og:image:height\" content=\"550\" \/>\n\t<meta property=\"og:image:type\" content=\"image\/jpeg\" \/>\n<meta name=\"author\" content=\"Adriana Rabelo\" \/>\n<meta name=\"twitter:card\" content=\"summary_large_image\" \/>\n<meta name=\"twitter:label1\" content=\"Escrito por\" \/>\n\t<meta name=\"twitter:data1\" content=\"Adriana Rabelo\" \/>\n\t<meta name=\"twitter:label2\" content=\"Est. tempo de leitura\" \/>\n\t<meta name=\"twitter:data2\" content=\"3 minutos\" \/>\n<script type=\"application\/ld+json\" class=\"yoast-schema-graph\">{\"@context\":\"https:\/\/schema.org\",\"@graph\":[{\"@type\":\"WebSite\",\"@id\":\"https:\/\/franciscanos.org.br\/noticias\/#website\",\"url\":\"https:\/\/franciscanos.org.br\/noticias\/\",\"name\":\"Not\u00edcias - Franciscanos\",\"description\":\"Prov\u00edncia Franciscana da Imaculada Concei\u00e7\u00e3o do Brasil - Ordem dos Frades Menores - OFM\",\"potentialAction\":[{\"@type\":\"SearchAction\",\"target\":{\"@type\":\"EntryPoint\",\"urlTemplate\":\"https:\/\/franciscanos.org.br\/noticias\/?s={search_term_string}\"},\"query-input\":\"required name=search_term_string\"}],\"inLanguage\":\"pt-BR\"},{\"@type\":\"ImageObject\",\"inLanguage\":\"pt-BR\",\"@id\":\"https:\/\/franciscanos.org.br\/noticias\/documentario-celebra-a-vida-e-missao-de-frei-policarpo-berri.html#primaryimage\",\"url\":\"https:\/\/franciscanos.org.br\/noticias\/wp-content\/uploads\/2025\/10\/chamada-2.jpg\",\"contentUrl\":\"https:\/\/franciscanos.org.br\/noticias\/wp-content\/uploads\/2025\/10\/chamada-2.jpg\",\"width\":800,\"height\":550},{\"@type\":\"WebPage\",\"@id\":\"https:\/\/franciscanos.org.br\/noticias\/documentario-celebra-a-vida-e-missao-de-frei-policarpo-berri.html#webpage\",\"url\":\"https:\/\/franciscanos.org.br\/noticias\/documentario-celebra-a-vida-e-missao-de-frei-policarpo-berri.html\",\"name\":\"Document\u00e1rio celebra a vida e miss\u00e3o de Frei Policarpo Berri - Not\u00edcias - Franciscanos\",\"isPartOf\":{\"@id\":\"https:\/\/franciscanos.org.br\/noticias\/#website\"},\"primaryImageOfPage\":{\"@id\":\"https:\/\/franciscanos.org.br\/noticias\/documentario-celebra-a-vida-e-missao-de-frei-policarpo-berri.html#primaryimage\"},\"datePublished\":\"2025-10-02T16:28:05+00:00\",\"dateModified\":\"2025-10-02T16:28:05+00:00\",\"author\":{\"@id\":\"https:\/\/franciscanos.org.br\/noticias\/#\/schema\/person\/d9422e83121c3ad3b0f423d195f5bb25\"},\"breadcrumb\":{\"@id\":\"https:\/\/franciscanos.org.br\/noticias\/documentario-celebra-a-vida-e-missao-de-frei-policarpo-berri.html#breadcrumb\"},\"inLanguage\":\"pt-BR\",\"potentialAction\":[{\"@type\":\"ReadAction\",\"target\":[\"https:\/\/franciscanos.org.br\/noticias\/documentario-celebra-a-vida-e-missao-de-frei-policarpo-berri.html\"]}]},{\"@type\":\"BreadcrumbList\",\"@id\":\"https:\/\/franciscanos.org.br\/noticias\/documentario-celebra-a-vida-e-missao-de-frei-policarpo-berri.html#breadcrumb\",\"itemListElement\":[{\"@type\":\"ListItem\",\"position\":1,\"name\":\"Home\",\"item\":\"https:\/\/franciscanos.org.br\/noticias\"},{\"@type\":\"ListItem\",\"position\":2,\"name\":\"Document\u00e1rio celebra a vida e miss\u00e3o de Frei Policarpo Berri\"}]},{\"@type\":\"Person\",\"@id\":\"https:\/\/franciscanos.org.br\/noticias\/#\/schema\/person\/d9422e83121c3ad3b0f423d195f5bb25\",\"name\":\"Adriana Rabelo\",\"image\":{\"@type\":\"ImageObject\",\"inLanguage\":\"pt-BR\",\"@id\":\"https:\/\/franciscanos.org.br\/noticias\/#\/schema\/person\/image\/\",\"url\":\"https:\/\/secure.gravatar.com\/avatar\/0a937b7500cd7df77540cfb8bede877d?s=96&d=mm&r=g\",\"contentUrl\":\"https:\/\/secure.gravatar.com\/avatar\/0a937b7500cd7df77540cfb8bede877d?s=96&d=mm&r=g\",\"caption\":\"Adriana Rabelo\"},\"url\":\"https:\/\/franciscanos.org.br\/noticias\/author\/adrianarabelo\"}]}<\/script>\n<!-- \/ Yoast SEO plugin. -->","yoast_head_json":{"title":"Document\u00e1rio celebra a vida e miss\u00e3o de Frei Policarpo Berri - Not\u00edcias - Franciscanos","robots":{"index":"index","follow":"follow","max-snippet":"max-snippet:-1","max-image-preview":"max-image-preview:large","max-video-preview":"max-video-preview:-1"},"canonical":"https:\/\/franciscanos.org.br\/noticias\/documentario-celebra-a-vida-e-missao-de-frei-policarpo-berri.html","og_locale":"pt_BR","og_type":"article","og_title":"Document\u00e1rio celebra a vida e miss\u00e3o de Frei Policarpo Berri - Not\u00edcias - Franciscanos","og_description":"Frades Ilustres","og_url":"https:\/\/franciscanos.org.br\/noticias\/documentario-celebra-a-vida-e-missao-de-frei-policarpo-berri.html","og_site_name":"Not\u00edcias - Franciscanos","article_published_time":"2025-10-02T16:28:05+00:00","og_image":[{"width":800,"height":550,"url":"https:\/\/franciscanos.org.br\/noticias\/wp-content\/uploads\/2025\/10\/chamada-2.jpg","type":"image\/jpeg"}],"author":"Adriana Rabelo","twitter_card":"summary_large_image","twitter_misc":{"Escrito por":"Adriana Rabelo","Est. tempo de leitura":"3 minutos"},"schema":{"@context":"https:\/\/schema.org","@graph":[{"@type":"WebSite","@id":"https:\/\/franciscanos.org.br\/noticias\/#website","url":"https:\/\/franciscanos.org.br\/noticias\/","name":"Not\u00edcias - Franciscanos","description":"Prov\u00edncia Franciscana da Imaculada Concei\u00e7\u00e3o do Brasil - Ordem dos Frades Menores - OFM","potentialAction":[{"@type":"SearchAction","target":{"@type":"EntryPoint","urlTemplate":"https:\/\/franciscanos.org.br\/noticias\/?s={search_term_string}"},"query-input":"required name=search_term_string"}],"inLanguage":"pt-BR"},{"@type":"ImageObject","inLanguage":"pt-BR","@id":"https:\/\/franciscanos.org.br\/noticias\/documentario-celebra-a-vida-e-missao-de-frei-policarpo-berri.html#primaryimage","url":"https:\/\/franciscanos.org.br\/noticias\/wp-content\/uploads\/2025\/10\/chamada-2.jpg","contentUrl":"https:\/\/franciscanos.org.br\/noticias\/wp-content\/uploads\/2025\/10\/chamada-2.jpg","width":800,"height":550},{"@type":"WebPage","@id":"https:\/\/franciscanos.org.br\/noticias\/documentario-celebra-a-vida-e-missao-de-frei-policarpo-berri.html#webpage","url":"https:\/\/franciscanos.org.br\/noticias\/documentario-celebra-a-vida-e-missao-de-frei-policarpo-berri.html","name":"Document\u00e1rio celebra a vida e miss\u00e3o de Frei Policarpo Berri - Not\u00edcias - Franciscanos","isPartOf":{"@id":"https:\/\/franciscanos.org.br\/noticias\/#website"},"primaryImageOfPage":{"@id":"https:\/\/franciscanos.org.br\/noticias\/documentario-celebra-a-vida-e-missao-de-frei-policarpo-berri.html#primaryimage"},"datePublished":"2025-10-02T16:28:05+00:00","dateModified":"2025-10-02T16:28:05+00:00","author":{"@id":"https:\/\/franciscanos.org.br\/noticias\/#\/schema\/person\/d9422e83121c3ad3b0f423d195f5bb25"},"breadcrumb":{"@id":"https:\/\/franciscanos.org.br\/noticias\/documentario-celebra-a-vida-e-missao-de-frei-policarpo-berri.html#breadcrumb"},"inLanguage":"pt-BR","potentialAction":[{"@type":"ReadAction","target":["https:\/\/franciscanos.org.br\/noticias\/documentario-celebra-a-vida-e-missao-de-frei-policarpo-berri.html"]}]},{"@type":"BreadcrumbList","@id":"https:\/\/franciscanos.org.br\/noticias\/documentario-celebra-a-vida-e-missao-de-frei-policarpo-berri.html#breadcrumb","itemListElement":[{"@type":"ListItem","position":1,"name":"Home","item":"https:\/\/franciscanos.org.br\/noticias"},{"@type":"ListItem","position":2,"name":"Document\u00e1rio celebra a vida e miss\u00e3o de Frei Policarpo Berri"}]},{"@type":"Person","@id":"https:\/\/franciscanos.org.br\/noticias\/#\/schema\/person\/d9422e83121c3ad3b0f423d195f5bb25","name":"Adriana Rabelo","image":{"@type":"ImageObject","inLanguage":"pt-BR","@id":"https:\/\/franciscanos.org.br\/noticias\/#\/schema\/person\/image\/","url":"https:\/\/secure.gravatar.com\/avatar\/0a937b7500cd7df77540cfb8bede877d?s=96&d=mm&r=g","contentUrl":"https:\/\/secure.gravatar.com\/avatar\/0a937b7500cd7df77540cfb8bede877d?s=96&d=mm&r=g","caption":"Adriana Rabelo"},"url":"https:\/\/franciscanos.org.br\/noticias\/author\/adrianarabelo"}]}},"_links":{"self":[{"href":"https:\/\/franciscanos.org.br\/noticias\/wp-json\/wp\/v2\/posts\/260663"}],"collection":[{"href":"https:\/\/franciscanos.org.br\/noticias\/wp-json\/wp\/v2\/posts"}],"about":[{"href":"https:\/\/franciscanos.org.br\/noticias\/wp-json\/wp\/v2\/types\/post"}],"author":[{"embeddable":true,"href":"https:\/\/franciscanos.org.br\/noticias\/wp-json\/wp\/v2\/users\/11"}],"replies":[{"embeddable":true,"href":"https:\/\/franciscanos.org.br\/noticias\/wp-json\/wp\/v2\/comments?post=260663"}],"version-history":[{"count":6,"href":"https:\/\/franciscanos.org.br\/noticias\/wp-json\/wp\/v2\/posts\/260663\/revisions"}],"predecessor-version":[{"id":260673,"href":"https:\/\/franciscanos.org.br\/noticias\/wp-json\/wp\/v2\/posts\/260663\/revisions\/260673"}],"wp:featuredmedia":[{"embeddable":true,"href":"https:\/\/franciscanos.org.br\/noticias\/wp-json\/wp\/v2\/media\/260667"}],"wp:attachment":[{"href":"https:\/\/franciscanos.org.br\/noticias\/wp-json\/wp\/v2\/media?parent=260663"}],"wp:term":[{"taxonomy":"category","embeddable":true,"href":"https:\/\/franciscanos.org.br\/noticias\/wp-json\/wp\/v2\/categories?post=260663"},{"taxonomy":"post_tag","embeddable":true,"href":"https:\/\/franciscanos.org.br\/noticias\/wp-json\/wp\/v2\/tags?post=260663"}],"curies":[{"name":"wp","href":"https:\/\/api.w.org\/{rel}","templated":true}]}}