{"id":260659,"date":"2025-10-02T07:47:02","date_gmt":"2025-10-02T10:47:02","guid":{"rendered":"https:\/\/franciscanos.org.br\/noticias\/?p=260659"},"modified":"2025-10-02T07:47:02","modified_gmt":"2025-10-02T10:47:02","slug":"frente-de-comunicacao-promove-encontro-online-com-colaboradores-da-provincia","status":"publish","type":"post","link":"https:\/\/franciscanos.org.br\/noticias\/frente-de-comunicacao-promove-encontro-online-com-colaboradores-da-provincia.html","title":{"rendered":"Frente de Comunica\u00e7\u00e3o promove encontro online com colaboradores da Prov\u00edncia"},"content":{"rendered":"<p><img loading=\"lazy\" class=\"aligncenter wp-image-260660 size-full\" src=\"https:\/\/franciscanos.org.br\/noticias\/wp-content\/uploads\/2025\/10\/MATERIA-1.jpg\" alt=\"\" width=\"1280\" height=\"720\" srcset=\"https:\/\/franciscanos.org.br\/noticias\/wp-content\/uploads\/2025\/10\/MATERIA-1.jpg 1280w, https:\/\/franciscanos.org.br\/noticias\/wp-content\/uploads\/2025\/10\/MATERIA-1-450x253.jpg 450w, https:\/\/franciscanos.org.br\/noticias\/wp-content\/uploads\/2025\/10\/MATERIA-1-1024x576.jpg 1024w, https:\/\/franciscanos.org.br\/noticias\/wp-content\/uploads\/2025\/10\/MATERIA-1-768x432.jpg 768w, https:\/\/franciscanos.org.br\/noticias\/wp-content\/uploads\/2025\/10\/MATERIA-1-150x84.jpg 150w\" sizes=\"(max-width: 1280px) 100vw, 1280px\" \/><\/p>\n<p>Na tarde do dia 30 de setembro, foi realizado um encontro online com colaboradores das obras da Prov\u00edncia que atuam diretamente na \u00e1rea da comunica\u00e7\u00e3o. Participaram cerca de 25 pessoas, entre elas, tamb\u00e9m alguns frades. Estiveram representadas as seguintes institui\u00e7\u00f5es: Editora Vozes, Universidade S\u00e3o Francisco, Servi\u00e7o Franciscano de Solidariedade (SEFRAS), Funda\u00e7\u00e3o Frei Rog\u00e9rio (Curitibanos), Funda\u00e7\u00e3o Celinauta, R\u00e1dio Frei Galv\u00e3o e colaboradores da Sede Provincial.<\/p>\n<p>O encontro, realizado de forma remota, integra a rotina da Frente de Comunica\u00e7\u00e3o da Prov\u00edncia e \u00e9 parte das iniciativas de evangeliza\u00e7\u00e3o por meio da comunica\u00e7\u00e3o. A proposta do grupo \u00e9 refletir, partilhar experi\u00eancias e propor a\u00e7\u00f5es conjuntas para fortalecer a presen\u00e7a franciscana nos diversos espa\u00e7os de comunica\u00e7\u00e3o, considerando a amplitude do territ\u00f3rio de evangeliza\u00e7\u00e3o.<\/p>\n<p>Durante o encontro, duas mensagens foram partilhadas. A primeira, conduzida por Frei Leandro, abordou o tema \u201cComunica\u00e7\u00e3o Desarmada\u201d. A segunda, apresentada por Frei Volney Berkenbrock, tratou do \u201cC\u00e2ntico das Criaturas de S\u00e3o Francisco de Assis\u201d. Ap\u00f3s as reflex\u00f5es, foi aberto um breve f\u00f3rum de discuss\u00e3o com o objetivo de refletir, em conjunto, sobre a comunica\u00e7\u00e3o que se deseja construir.<\/p>\n<p>Entre os principais pontos levantados, destacaram-se:<\/p>\n<ul>\n<li>A comunica\u00e7\u00e3o franciscana deve ser evang\u00e9lica, humanizadora, atualizada e em rede;<\/li>\n<li>H\u00e1 necessidade de forma\u00e7\u00e3o cont\u00ednua, tanto para frades quanto para leigos, nas pr\u00e1ticas de comunica\u00e7\u00e3o;<\/li>\n<li>Ressaltou-se a import\u00e2ncia da atualiza\u00e7\u00e3o tecnol\u00f3gica e do uso \u00e9tico e respons\u00e1vel dos meios digitais;<\/li>\n<li>Prop\u00f4s-se a cria\u00e7\u00e3o de uma din\u00e2mica de entreajuda entre as diferentes frentes de comunica\u00e7\u00e3o (r\u00e1dios, TVs, editoras, universidades);<\/li>\n<li>Valorizar o trabalho em rede como estrat\u00e9gia eficaz e colaborativa de evangeliza\u00e7\u00e3o;<\/li>\n<li>Sugeriu-se a elabora\u00e7\u00e3o coletiva de uma linha editorial franciscana \u2014 um \u201cmodo franciscano de comunicar\u201d \u2014 que sirva de refer\u00eancia para todos os envolvidos nessa miss\u00e3o.<\/li>\n<\/ul>\n<p>A Frente de Comunica\u00e7\u00e3o da Prov\u00edncia \u00e9 coordenada por um comit\u00ea executivo formado pelos frades Frei Leandro Costa Santos (coordenador), Frei Augusto Luiz Gabriel, Frei Leandro Ferreira Silva e Frei Volney Jos\u00e9 Berkenbrock. Conta ainda com a parceria dos profissionais de comunica\u00e7\u00e3o das diversas obras. Em momentos espec\u00edficos, tamb\u00e9m estabelece di\u00e1logo com a Frente das Par\u00f3quias, fortalecendo a atua\u00e7\u00e3o junto \u00e0 Pastoral da Comunica\u00e7\u00e3o (PASCOM).<\/p>\n<hr \/>\n<p><em>Frei Leandro Costa Santos<\/em><\/p>\n","protected":false},"excerpt":{"rendered":"<p>Comunicar para informar e evangelizar<\/p>\n","protected":false},"author":11,"featured_media":260661,"comment_status":"open","ping_status":"open","sticky":false,"template":"","format":"standard","meta":[],"categories":[1],"tags":[2224],"acf":[],"yoast_head":"<!-- This site is optimized with the Yoast SEO plugin v19.2 - https:\/\/yoast.com\/wordpress\/plugins\/seo\/ -->\n<title>Frente de Comunica\u00e7\u00e3o promove encontro online com colaboradores da Prov\u00edncia - Not\u00edcias - Franciscanos<\/title>\n<meta name=\"robots\" content=\"index, follow, max-snippet:-1, max-image-preview:large, max-video-preview:-1\" \/>\n<link rel=\"canonical\" href=\"https:\/\/franciscanos.org.br\/noticias\/frente-de-comunicacao-promove-encontro-online-com-colaboradores-da-provincia.html\" \/>\n<meta property=\"og:locale\" content=\"pt_BR\" \/>\n<meta property=\"og:type\" content=\"article\" \/>\n<meta property=\"og:title\" content=\"Frente de Comunica\u00e7\u00e3o promove encontro online com colaboradores da Prov\u00edncia - Not\u00edcias - Franciscanos\" \/>\n<meta property=\"og:description\" content=\"Comunicar para informar e evangelizar\" \/>\n<meta property=\"og:url\" content=\"https:\/\/franciscanos.org.br\/noticias\/frente-de-comunicacao-promove-encontro-online-com-colaboradores-da-provincia.html\" \/>\n<meta property=\"og:site_name\" content=\"Not\u00edcias - Franciscanos\" \/>\n<meta property=\"article:published_time\" content=\"2025-10-02T10:47:02+00:00\" \/>\n<meta property=\"og:image\" content=\"https:\/\/franciscanos.org.br\/noticias\/wp-content\/uploads\/2025\/10\/CHAMADA-1.jpg\" \/>\n\t<meta property=\"og:image:width\" content=\"800\" \/>\n\t<meta property=\"og:image:height\" content=\"550\" \/>\n\t<meta property=\"og:image:type\" content=\"image\/jpeg\" \/>\n<meta name=\"author\" content=\"Adriana Rabelo\" \/>\n<meta name=\"twitter:card\" content=\"summary_large_image\" \/>\n<meta name=\"twitter:label1\" content=\"Escrito por\" \/>\n\t<meta name=\"twitter:data1\" content=\"Adriana Rabelo\" \/>\n\t<meta name=\"twitter:label2\" content=\"Est. tempo de leitura\" \/>\n\t<meta name=\"twitter:data2\" content=\"2 minutos\" \/>\n<script type=\"application\/ld+json\" class=\"yoast-schema-graph\">{\"@context\":\"https:\/\/schema.org\",\"@graph\":[{\"@type\":\"WebSite\",\"@id\":\"https:\/\/franciscanos.org.br\/noticias\/#website\",\"url\":\"https:\/\/franciscanos.org.br\/noticias\/\",\"name\":\"Not\u00edcias - Franciscanos\",\"description\":\"Prov\u00edncia Franciscana da Imaculada Concei\u00e7\u00e3o do Brasil - Ordem dos Frades Menores - OFM\",\"potentialAction\":[{\"@type\":\"SearchAction\",\"target\":{\"@type\":\"EntryPoint\",\"urlTemplate\":\"https:\/\/franciscanos.org.br\/noticias\/?s={search_term_string}\"},\"query-input\":\"required name=search_term_string\"}],\"inLanguage\":\"pt-BR\"},{\"@type\":\"ImageObject\",\"inLanguage\":\"pt-BR\",\"@id\":\"https:\/\/franciscanos.org.br\/noticias\/frente-de-comunicacao-promove-encontro-online-com-colaboradores-da-provincia.html#primaryimage\",\"url\":\"https:\/\/franciscanos.org.br\/noticias\/wp-content\/uploads\/2025\/10\/CHAMADA-1.jpg\",\"contentUrl\":\"https:\/\/franciscanos.org.br\/noticias\/wp-content\/uploads\/2025\/10\/CHAMADA-1.jpg\",\"width\":800,\"height\":550},{\"@type\":\"WebPage\",\"@id\":\"https:\/\/franciscanos.org.br\/noticias\/frente-de-comunicacao-promove-encontro-online-com-colaboradores-da-provincia.html#webpage\",\"url\":\"https:\/\/franciscanos.org.br\/noticias\/frente-de-comunicacao-promove-encontro-online-com-colaboradores-da-provincia.html\",\"name\":\"Frente de Comunica\u00e7\u00e3o promove encontro online com colaboradores da Prov\u00edncia - Not\u00edcias - Franciscanos\",\"isPartOf\":{\"@id\":\"https:\/\/franciscanos.org.br\/noticias\/#website\"},\"primaryImageOfPage\":{\"@id\":\"https:\/\/franciscanos.org.br\/noticias\/frente-de-comunicacao-promove-encontro-online-com-colaboradores-da-provincia.html#primaryimage\"},\"datePublished\":\"2025-10-02T10:47:02+00:00\",\"dateModified\":\"2025-10-02T10:47:02+00:00\",\"author\":{\"@id\":\"https:\/\/franciscanos.org.br\/noticias\/#\/schema\/person\/d9422e83121c3ad3b0f423d195f5bb25\"},\"breadcrumb\":{\"@id\":\"https:\/\/franciscanos.org.br\/noticias\/frente-de-comunicacao-promove-encontro-online-com-colaboradores-da-provincia.html#breadcrumb\"},\"inLanguage\":\"pt-BR\",\"potentialAction\":[{\"@type\":\"ReadAction\",\"target\":[\"https:\/\/franciscanos.org.br\/noticias\/frente-de-comunicacao-promove-encontro-online-com-colaboradores-da-provincia.html\"]}]},{\"@type\":\"BreadcrumbList\",\"@id\":\"https:\/\/franciscanos.org.br\/noticias\/frente-de-comunicacao-promove-encontro-online-com-colaboradores-da-provincia.html#breadcrumb\",\"itemListElement\":[{\"@type\":\"ListItem\",\"position\":1,\"name\":\"Home\",\"item\":\"https:\/\/franciscanos.org.br\/noticias\"},{\"@type\":\"ListItem\",\"position\":2,\"name\":\"Frente de Comunica\u00e7\u00e3o promove encontro online com colaboradores da Prov\u00edncia\"}]},{\"@type\":\"Person\",\"@id\":\"https:\/\/franciscanos.org.br\/noticias\/#\/schema\/person\/d9422e83121c3ad3b0f423d195f5bb25\",\"name\":\"Adriana Rabelo\",\"image\":{\"@type\":\"ImageObject\",\"inLanguage\":\"pt-BR\",\"@id\":\"https:\/\/franciscanos.org.br\/noticias\/#\/schema\/person\/image\/\",\"url\":\"https:\/\/secure.gravatar.com\/avatar\/0a937b7500cd7df77540cfb8bede877d?s=96&d=mm&r=g\",\"contentUrl\":\"https:\/\/secure.gravatar.com\/avatar\/0a937b7500cd7df77540cfb8bede877d?s=96&d=mm&r=g\",\"caption\":\"Adriana Rabelo\"},\"url\":\"https:\/\/franciscanos.org.br\/noticias\/author\/adrianarabelo\"}]}<\/script>\n<!-- \/ Yoast SEO plugin. -->","yoast_head_json":{"title":"Frente de Comunica\u00e7\u00e3o promove encontro online com colaboradores da Prov\u00edncia - Not\u00edcias - Franciscanos","robots":{"index":"index","follow":"follow","max-snippet":"max-snippet:-1","max-image-preview":"max-image-preview:large","max-video-preview":"max-video-preview:-1"},"canonical":"https:\/\/franciscanos.org.br\/noticias\/frente-de-comunicacao-promove-encontro-online-com-colaboradores-da-provincia.html","og_locale":"pt_BR","og_type":"article","og_title":"Frente de Comunica\u00e7\u00e3o promove encontro online com colaboradores da Prov\u00edncia - Not\u00edcias - Franciscanos","og_description":"Comunicar para informar e evangelizar","og_url":"https:\/\/franciscanos.org.br\/noticias\/frente-de-comunicacao-promove-encontro-online-com-colaboradores-da-provincia.html","og_site_name":"Not\u00edcias - Franciscanos","article_published_time":"2025-10-02T10:47:02+00:00","og_image":[{"width":800,"height":550,"url":"https:\/\/franciscanos.org.br\/noticias\/wp-content\/uploads\/2025\/10\/CHAMADA-1.jpg","type":"image\/jpeg"}],"author":"Adriana Rabelo","twitter_card":"summary_large_image","twitter_misc":{"Escrito por":"Adriana Rabelo","Est. tempo de leitura":"2 minutos"},"schema":{"@context":"https:\/\/schema.org","@graph":[{"@type":"WebSite","@id":"https:\/\/franciscanos.org.br\/noticias\/#website","url":"https:\/\/franciscanos.org.br\/noticias\/","name":"Not\u00edcias - Franciscanos","description":"Prov\u00edncia Franciscana da Imaculada Concei\u00e7\u00e3o do Brasil - Ordem dos Frades Menores - OFM","potentialAction":[{"@type":"SearchAction","target":{"@type":"EntryPoint","urlTemplate":"https:\/\/franciscanos.org.br\/noticias\/?s={search_term_string}"},"query-input":"required name=search_term_string"}],"inLanguage":"pt-BR"},{"@type":"ImageObject","inLanguage":"pt-BR","@id":"https:\/\/franciscanos.org.br\/noticias\/frente-de-comunicacao-promove-encontro-online-com-colaboradores-da-provincia.html#primaryimage","url":"https:\/\/franciscanos.org.br\/noticias\/wp-content\/uploads\/2025\/10\/CHAMADA-1.jpg","contentUrl":"https:\/\/franciscanos.org.br\/noticias\/wp-content\/uploads\/2025\/10\/CHAMADA-1.jpg","width":800,"height":550},{"@type":"WebPage","@id":"https:\/\/franciscanos.org.br\/noticias\/frente-de-comunicacao-promove-encontro-online-com-colaboradores-da-provincia.html#webpage","url":"https:\/\/franciscanos.org.br\/noticias\/frente-de-comunicacao-promove-encontro-online-com-colaboradores-da-provincia.html","name":"Frente de Comunica\u00e7\u00e3o promove encontro online com colaboradores da Prov\u00edncia - Not\u00edcias - Franciscanos","isPartOf":{"@id":"https:\/\/franciscanos.org.br\/noticias\/#website"},"primaryImageOfPage":{"@id":"https:\/\/franciscanos.org.br\/noticias\/frente-de-comunicacao-promove-encontro-online-com-colaboradores-da-provincia.html#primaryimage"},"datePublished":"2025-10-02T10:47:02+00:00","dateModified":"2025-10-02T10:47:02+00:00","author":{"@id":"https:\/\/franciscanos.org.br\/noticias\/#\/schema\/person\/d9422e83121c3ad3b0f423d195f5bb25"},"breadcrumb":{"@id":"https:\/\/franciscanos.org.br\/noticias\/frente-de-comunicacao-promove-encontro-online-com-colaboradores-da-provincia.html#breadcrumb"},"inLanguage":"pt-BR","potentialAction":[{"@type":"ReadAction","target":["https:\/\/franciscanos.org.br\/noticias\/frente-de-comunicacao-promove-encontro-online-com-colaboradores-da-provincia.html"]}]},{"@type":"BreadcrumbList","@id":"https:\/\/franciscanos.org.br\/noticias\/frente-de-comunicacao-promove-encontro-online-com-colaboradores-da-provincia.html#breadcrumb","itemListElement":[{"@type":"ListItem","position":1,"name":"Home","item":"https:\/\/franciscanos.org.br\/noticias"},{"@type":"ListItem","position":2,"name":"Frente de Comunica\u00e7\u00e3o promove encontro online com colaboradores da Prov\u00edncia"}]},{"@type":"Person","@id":"https:\/\/franciscanos.org.br\/noticias\/#\/schema\/person\/d9422e83121c3ad3b0f423d195f5bb25","name":"Adriana Rabelo","image":{"@type":"ImageObject","inLanguage":"pt-BR","@id":"https:\/\/franciscanos.org.br\/noticias\/#\/schema\/person\/image\/","url":"https:\/\/secure.gravatar.com\/avatar\/0a937b7500cd7df77540cfb8bede877d?s=96&d=mm&r=g","contentUrl":"https:\/\/secure.gravatar.com\/avatar\/0a937b7500cd7df77540cfb8bede877d?s=96&d=mm&r=g","caption":"Adriana Rabelo"},"url":"https:\/\/franciscanos.org.br\/noticias\/author\/adrianarabelo"}]}},"_links":{"self":[{"href":"https:\/\/franciscanos.org.br\/noticias\/wp-json\/wp\/v2\/posts\/260659"}],"collection":[{"href":"https:\/\/franciscanos.org.br\/noticias\/wp-json\/wp\/v2\/posts"}],"about":[{"href":"https:\/\/franciscanos.org.br\/noticias\/wp-json\/wp\/v2\/types\/post"}],"author":[{"embeddable":true,"href":"https:\/\/franciscanos.org.br\/noticias\/wp-json\/wp\/v2\/users\/11"}],"replies":[{"embeddable":true,"href":"https:\/\/franciscanos.org.br\/noticias\/wp-json\/wp\/v2\/comments?post=260659"}],"version-history":[{"count":1,"href":"https:\/\/franciscanos.org.br\/noticias\/wp-json\/wp\/v2\/posts\/260659\/revisions"}],"predecessor-version":[{"id":260662,"href":"https:\/\/franciscanos.org.br\/noticias\/wp-json\/wp\/v2\/posts\/260659\/revisions\/260662"}],"wp:featuredmedia":[{"embeddable":true,"href":"https:\/\/franciscanos.org.br\/noticias\/wp-json\/wp\/v2\/media\/260661"}],"wp:attachment":[{"href":"https:\/\/franciscanos.org.br\/noticias\/wp-json\/wp\/v2\/media?parent=260659"}],"wp:term":[{"taxonomy":"category","embeddable":true,"href":"https:\/\/franciscanos.org.br\/noticias\/wp-json\/wp\/v2\/categories?post=260659"},{"taxonomy":"post_tag","embeddable":true,"href":"https:\/\/franciscanos.org.br\/noticias\/wp-json\/wp\/v2\/tags?post=260659"}],"curies":[{"name":"wp","href":"https:\/\/api.w.org\/{rel}","templated":true}]}}