{"id":260654,"date":"2025-10-01T07:20:20","date_gmt":"2025-10-01T10:20:20","guid":{"rendered":"https:\/\/franciscanos.org.br\/noticias\/?p=260654"},"modified":"2025-10-01T07:21:01","modified_gmt":"2025-10-01T10:21:01","slug":"leao-xiv-sejam-instrumentos-de-reconciliacao-no-mundo","status":"publish","type":"post","link":"https:\/\/franciscanos.org.br\/noticias\/leao-xiv-sejam-instrumentos-de-reconciliacao-no-mundo.html","title":{"rendered":"Le\u00e3o XIV: &#8220;Sejam instrumentos de reconcilia\u00e7\u00e3o no mundo&#8221;"},"content":{"rendered":"<p><em><img loading=\"lazy\" class=\"aligncenter wp-image-260655 size-full\" src=\"https:\/\/franciscanos.org.br\/noticias\/wp-content\/uploads\/2025\/10\/MATERIA.jpg\" alt=\"\" width=\"1280\" height=\"720\" srcset=\"https:\/\/franciscanos.org.br\/noticias\/wp-content\/uploads\/2025\/10\/MATERIA.jpg 1280w, https:\/\/franciscanos.org.br\/noticias\/wp-content\/uploads\/2025\/10\/MATERIA-450x253.jpg 450w, https:\/\/franciscanos.org.br\/noticias\/wp-content\/uploads\/2025\/10\/MATERIA-1024x576.jpg 1024w, https:\/\/franciscanos.org.br\/noticias\/wp-content\/uploads\/2025\/10\/MATERIA-768x432.jpg 768w, https:\/\/franciscanos.org.br\/noticias\/wp-content\/uploads\/2025\/10\/MATERIA-150x84.jpg 150w\" sizes=\"(max-width: 1280px) 100vw, 1280px\" \/><\/em><\/p>\n<p><em>Na catequese da Audi\u00eancia Geral desta quarta-feira, o Santo Padre falou sobre a ressurrei\u00e7\u00e3o de Jesus, definindo-a &#8220;um testemunho maravilhoso de como o amor \u00e9 capaz de ressurgir ap\u00f3s uma grande derrota para continuar a sua viagem impar\u00e1vel&#8221;. As feridas de Jesus &#8220;s\u00e3o a prova de que no momento do nosso fracasso, Deus n\u00e3o recuou. Ele n\u00e3o desistiu de n\u00f3s&#8221;.<\/em><\/p>\n<hr \/>\n<p>&#8220;O centro da nossa f\u00e9 e o cora\u00e7\u00e3o da nossa esperan\u00e7a est\u00e3o profundamente enraizados na ressurrei\u00e7\u00e3o de Cristo.&#8221; Com estas palavras o Papa Le\u00e3o XVI iniciou sua catequese na Audi\u00eancia Geral, desta quarta-feira (1\u00b0\/10), realizada na Pra\u00e7a S\u00e3o Pedro.<\/p>\n<p>Segundo o Papa, &#8220;a ressurrei\u00e7\u00e3o de Jesus n\u00e3o \u00e9 um triunfo retumbante, nem \u00e9 uma vingan\u00e7a ou uma desforra contra os seus inimigos. \u00c9 um testemunho maravilhoso de como o amor \u00e9 capaz de ressurgir ap\u00f3s uma grande derrota para continuar a sua viagem impar\u00e1vel&#8221;.<\/p>\n<p>Quando recuperamos de um trauma causado por outros, a nossa primeira rea\u00e7\u00e3o \u00e9, normalmente, a raiva, o desejo de fazer algu\u00e9m pagar pelo que sofremos. O Ressuscitado n\u00e3o reage assim. Tendo emergido das profundezas da morte, Jesus n\u00e3o se vinga. N\u00e3o retribui com gestos de poder, mas com mansid\u00e3o manifesta a alegria de um amor maior do que qualquer ferida e mais forte do que qualquer trai\u00e7\u00e3o.<\/p>\n<p>Le\u00e3o XIV frisou que &#8220;o Ressuscitado n\u00e3o sente necessidade de reiterar ou afirmar a sua superioridade. Ele aparece aos seus amigos \u2014 os disc\u00edpulos \u2014 e f\u00e1-lo com extrema discri\u00e7\u00e3o, sem for\u00e7ar a sua capacidade de o acolher. O seu \u00fanico desejo \u00e9 regressar \u00e0 comunh\u00e3o com eles, ajudando-os a superar o sentimento de culpa. Vemos isso muito claramente no Cen\u00e1culo, onde o Senhor aparece aos seus amigos aprisionados pelo medo&#8221;.<\/p>\n<p>\u00c9 um momento que expressa uma for\u00e7a extraordin\u00e1ria: Jesus, depois de descer \u00e0s profundezas da morte para libertar os que ali estavam presos, entra no quarto fechado dos paralisados \u200b\u200bpelo medo, trazendo um dom que ningu\u00e9m ousaria esperar: a paz.<\/p>\n<p>&#8220;A sua sauda\u00e7\u00e3o \u00e9 simples, quase comum: \u00abA paz esteja convosco!\u00bb&#8221;, disse ainda o Papa, e &#8220;Jesus mostra aos disc\u00edpulos as m\u00e3os e o lado, marcados pelas marcas da sua paix\u00e3o&#8221;, ou seja, &#8220;as feridas&#8221; que &#8220;n\u00e3o servem para repreender, mas para confirmar um amor mais forte do que qualquer infidelidade. S\u00e3o a prova de que no momento do nosso fracasso, Deus n\u00e3o recuou. Ele n\u00e3o desistiu de n\u00f3s&#8221;. &#8220;O Senhor mostra-se nu e desarmado. N\u00e3o exige, n\u00e3o chantageia. O seu \u00e9 um amor que n\u00e3o humilha; \u00e9 a paz de quem sofreu por amor e agora pode finalmente dizer que valeu a pena&#8221;.<\/p>\n<p>No entanto, muitas vezes mascaramos as nossas feridas por orgulho ou medo de parecermos fracos. Dizemos: \u201cn\u00e3o faz mal\u201d, \u201cj\u00e1 passou\u201d, mas n\u00e3o estamos verdadeiramente em paz com as trai\u00e7\u00f5es que nos feriram. Por vezes, preferimos esconder a nossa luta para perdoar para n\u00e3o parecermos vulner\u00e1veis \u200b\u200be corrermos o risco de sofrer ainda mais. Jesus n\u00e3o faz isso. Ele oferece as suas chagas como garantia de perd\u00e3o. E mostra que a Ressurrei\u00e7\u00e3o n\u00e3o \u00e9 o apagamento do passado, mas a sua transfigura\u00e7\u00e3o em esperan\u00e7a de miseric\u00f3rdia.<\/p>\n<p>\u00abTal como o Pai me enviou, tamb\u00e9m Eu vos envio\u00bb. &#8220;Com estas palavras&#8221;, Jesus &#8220;confia aos ap\u00f3stolos uma tarefa que n\u00e3o \u00e9 tanto um poder, mas uma responsabilidade: serem instrumentos de reconcilia\u00e7\u00e3o no mundo&#8221;.<\/p>\n<p>&#8220;Jesus sopra sobre eles e d\u00e1-lhes o Esp\u00edrito Santo. \u00c9 o mesmo Esp\u00edrito que o sustentou na sua obedi\u00eancia ao Pai e no seu amor at\u00e9 \u00e0 cruz. A partir desse momento, os ap\u00f3stolos n\u00e3o podem mais calar-se sobre o que viram e ouviram: que Deus perdoa, ressuscita e restaura a confian\u00e7a&#8221;, disse ainda Le\u00e3o XIV, acrescentando:<\/p>\n<p>Este \u00e9 o cerne da miss\u00e3o da Igreja: n\u00e3o exercer poder sobre os outros, mas comunicar a alegria daqueles que foram amados precisamente quando n\u00e3o o mereciam. \u00c9 a for\u00e7a que deu origem e crescimento \u00e0 comunidade crist\u00e3: homens e mulheres que descobriram a beleza de regressar \u00e0 vida para a dar aos outros.<\/p>\n<p>O Papa recordou que &#8220;tamb\u00e9m n\u00f3s somos enviados&#8221;, e convidando a n\u00e3o ter medo de mostrar nossas feridas, &#8220;curadas pela miseric\u00f3rdia&#8221;, a n\u00e3o ter medo de nos &#8220;aproximar daqueles que est\u00e3o presos no medo ou na culpa&#8221;. &#8220;Que o sopro do Esp\u00edrito nos torne tamb\u00e9m testemunhas dessa paz e desse amor mais forte do que qualquer derrota&#8221;, concluiu.<\/p>\n<hr \/>\n<p><em>Mariangela Jaguraba &#8211; Vatican News<\/em><\/p>\n","protected":false},"excerpt":{"rendered":"<p>Audi\u00eancia Geral<\/p>\n","protected":false},"author":11,"featured_media":260656,"comment_status":"open","ping_status":"open","sticky":false,"template":"","format":"standard","meta":[],"categories":[1,2410,2345],"tags":[487,2343],"acf":[],"yoast_head":"<!-- This site is optimized with the Yoast SEO plugin v19.2 - https:\/\/yoast.com\/wordpress\/plugins\/seo\/ -->\n<title>Le\u00e3o XIV: &quot;Sejam instrumentos de reconcilia\u00e7\u00e3o no mundo&quot; - Not\u00edcias - Franciscanos<\/title>\n<meta name=\"robots\" content=\"index, follow, max-snippet:-1, max-image-preview:large, max-video-preview:-1\" \/>\n<link rel=\"canonical\" href=\"https:\/\/franciscanos.org.br\/noticias\/leao-xiv-sejam-instrumentos-de-reconciliacao-no-mundo.html\" \/>\n<meta property=\"og:locale\" content=\"pt_BR\" \/>\n<meta property=\"og:type\" content=\"article\" \/>\n<meta property=\"og:title\" content=\"Le\u00e3o XIV: &quot;Sejam instrumentos de reconcilia\u00e7\u00e3o no mundo&quot; - Not\u00edcias - Franciscanos\" \/>\n<meta property=\"og:description\" content=\"Audi\u00eancia Geral\" \/>\n<meta property=\"og:url\" content=\"https:\/\/franciscanos.org.br\/noticias\/leao-xiv-sejam-instrumentos-de-reconciliacao-no-mundo.html\" \/>\n<meta property=\"og:site_name\" content=\"Not\u00edcias - Franciscanos\" \/>\n<meta property=\"article:published_time\" content=\"2025-10-01T10:20:20+00:00\" \/>\n<meta property=\"article:modified_time\" content=\"2025-10-01T10:21:01+00:00\" \/>\n<meta property=\"og:image\" content=\"https:\/\/franciscanos.org.br\/noticias\/wp-content\/uploads\/2025\/10\/CHAMADA.jpg\" \/>\n\t<meta property=\"og:image:width\" content=\"800\" \/>\n\t<meta property=\"og:image:height\" content=\"550\" \/>\n\t<meta property=\"og:image:type\" content=\"image\/jpeg\" \/>\n<meta name=\"author\" content=\"Adriana Rabelo\" \/>\n<meta name=\"twitter:card\" content=\"summary_large_image\" \/>\n<meta name=\"twitter:label1\" content=\"Escrito por\" \/>\n\t<meta name=\"twitter:data1\" content=\"Adriana Rabelo\" \/>\n\t<meta name=\"twitter:label2\" content=\"Est. tempo de leitura\" \/>\n\t<meta name=\"twitter:data2\" content=\"4 minutos\" \/>\n<script type=\"application\/ld+json\" class=\"yoast-schema-graph\">{\"@context\":\"https:\/\/schema.org\",\"@graph\":[{\"@type\":\"WebSite\",\"@id\":\"https:\/\/franciscanos.org.br\/noticias\/#website\",\"url\":\"https:\/\/franciscanos.org.br\/noticias\/\",\"name\":\"Not\u00edcias - Franciscanos\",\"description\":\"Prov\u00edncia Franciscana da Imaculada Concei\u00e7\u00e3o do Brasil - Ordem dos Frades Menores - OFM\",\"potentialAction\":[{\"@type\":\"SearchAction\",\"target\":{\"@type\":\"EntryPoint\",\"urlTemplate\":\"https:\/\/franciscanos.org.br\/noticias\/?s={search_term_string}\"},\"query-input\":\"required name=search_term_string\"}],\"inLanguage\":\"pt-BR\"},{\"@type\":\"ImageObject\",\"inLanguage\":\"pt-BR\",\"@id\":\"https:\/\/franciscanos.org.br\/noticias\/leao-xiv-sejam-instrumentos-de-reconciliacao-no-mundo.html#primaryimage\",\"url\":\"https:\/\/franciscanos.org.br\/noticias\/wp-content\/uploads\/2025\/10\/CHAMADA.jpg\",\"contentUrl\":\"https:\/\/franciscanos.org.br\/noticias\/wp-content\/uploads\/2025\/10\/CHAMADA.jpg\",\"width\":800,\"height\":550},{\"@type\":\"WebPage\",\"@id\":\"https:\/\/franciscanos.org.br\/noticias\/leao-xiv-sejam-instrumentos-de-reconciliacao-no-mundo.html#webpage\",\"url\":\"https:\/\/franciscanos.org.br\/noticias\/leao-xiv-sejam-instrumentos-de-reconciliacao-no-mundo.html\",\"name\":\"Le\u00e3o XIV: \\\"Sejam instrumentos de reconcilia\u00e7\u00e3o no mundo\\\" - Not\u00edcias - Franciscanos\",\"isPartOf\":{\"@id\":\"https:\/\/franciscanos.org.br\/noticias\/#website\"},\"primaryImageOfPage\":{\"@id\":\"https:\/\/franciscanos.org.br\/noticias\/leao-xiv-sejam-instrumentos-de-reconciliacao-no-mundo.html#primaryimage\"},\"datePublished\":\"2025-10-01T10:20:20+00:00\",\"dateModified\":\"2025-10-01T10:21:01+00:00\",\"author\":{\"@id\":\"https:\/\/franciscanos.org.br\/noticias\/#\/schema\/person\/d9422e83121c3ad3b0f423d195f5bb25\"},\"breadcrumb\":{\"@id\":\"https:\/\/franciscanos.org.br\/noticias\/leao-xiv-sejam-instrumentos-de-reconciliacao-no-mundo.html#breadcrumb\"},\"inLanguage\":\"pt-BR\",\"potentialAction\":[{\"@type\":\"ReadAction\",\"target\":[\"https:\/\/franciscanos.org.br\/noticias\/leao-xiv-sejam-instrumentos-de-reconciliacao-no-mundo.html\"]}]},{\"@type\":\"BreadcrumbList\",\"@id\":\"https:\/\/franciscanos.org.br\/noticias\/leao-xiv-sejam-instrumentos-de-reconciliacao-no-mundo.html#breadcrumb\",\"itemListElement\":[{\"@type\":\"ListItem\",\"position\":1,\"name\":\"Home\",\"item\":\"https:\/\/franciscanos.org.br\/noticias\"},{\"@type\":\"ListItem\",\"position\":2,\"name\":\"Le\u00e3o XIV: &#8220;Sejam instrumentos de reconcilia\u00e7\u00e3o no mundo&#8221;\"}]},{\"@type\":\"Person\",\"@id\":\"https:\/\/franciscanos.org.br\/noticias\/#\/schema\/person\/d9422e83121c3ad3b0f423d195f5bb25\",\"name\":\"Adriana Rabelo\",\"image\":{\"@type\":\"ImageObject\",\"inLanguage\":\"pt-BR\",\"@id\":\"https:\/\/franciscanos.org.br\/noticias\/#\/schema\/person\/image\/\",\"url\":\"https:\/\/secure.gravatar.com\/avatar\/0a937b7500cd7df77540cfb8bede877d?s=96&d=mm&r=g\",\"contentUrl\":\"https:\/\/secure.gravatar.com\/avatar\/0a937b7500cd7df77540cfb8bede877d?s=96&d=mm&r=g\",\"caption\":\"Adriana Rabelo\"},\"url\":\"https:\/\/franciscanos.org.br\/noticias\/author\/adrianarabelo\"}]}<\/script>\n<!-- \/ Yoast SEO plugin. -->","yoast_head_json":{"title":"Le\u00e3o XIV: \"Sejam instrumentos de reconcilia\u00e7\u00e3o no mundo\" - Not\u00edcias - Franciscanos","robots":{"index":"index","follow":"follow","max-snippet":"max-snippet:-1","max-image-preview":"max-image-preview:large","max-video-preview":"max-video-preview:-1"},"canonical":"https:\/\/franciscanos.org.br\/noticias\/leao-xiv-sejam-instrumentos-de-reconciliacao-no-mundo.html","og_locale":"pt_BR","og_type":"article","og_title":"Le\u00e3o XIV: \"Sejam instrumentos de reconcilia\u00e7\u00e3o no mundo\" - Not\u00edcias - Franciscanos","og_description":"Audi\u00eancia Geral","og_url":"https:\/\/franciscanos.org.br\/noticias\/leao-xiv-sejam-instrumentos-de-reconciliacao-no-mundo.html","og_site_name":"Not\u00edcias - Franciscanos","article_published_time":"2025-10-01T10:20:20+00:00","article_modified_time":"2025-10-01T10:21:01+00:00","og_image":[{"width":800,"height":550,"url":"https:\/\/franciscanos.org.br\/noticias\/wp-content\/uploads\/2025\/10\/CHAMADA.jpg","type":"image\/jpeg"}],"author":"Adriana Rabelo","twitter_card":"summary_large_image","twitter_misc":{"Escrito por":"Adriana Rabelo","Est. tempo de leitura":"4 minutos"},"schema":{"@context":"https:\/\/schema.org","@graph":[{"@type":"WebSite","@id":"https:\/\/franciscanos.org.br\/noticias\/#website","url":"https:\/\/franciscanos.org.br\/noticias\/","name":"Not\u00edcias - Franciscanos","description":"Prov\u00edncia Franciscana da Imaculada Concei\u00e7\u00e3o do Brasil - Ordem dos Frades Menores - OFM","potentialAction":[{"@type":"SearchAction","target":{"@type":"EntryPoint","urlTemplate":"https:\/\/franciscanos.org.br\/noticias\/?s={search_term_string}"},"query-input":"required name=search_term_string"}],"inLanguage":"pt-BR"},{"@type":"ImageObject","inLanguage":"pt-BR","@id":"https:\/\/franciscanos.org.br\/noticias\/leao-xiv-sejam-instrumentos-de-reconciliacao-no-mundo.html#primaryimage","url":"https:\/\/franciscanos.org.br\/noticias\/wp-content\/uploads\/2025\/10\/CHAMADA.jpg","contentUrl":"https:\/\/franciscanos.org.br\/noticias\/wp-content\/uploads\/2025\/10\/CHAMADA.jpg","width":800,"height":550},{"@type":"WebPage","@id":"https:\/\/franciscanos.org.br\/noticias\/leao-xiv-sejam-instrumentos-de-reconciliacao-no-mundo.html#webpage","url":"https:\/\/franciscanos.org.br\/noticias\/leao-xiv-sejam-instrumentos-de-reconciliacao-no-mundo.html","name":"Le\u00e3o XIV: \"Sejam instrumentos de reconcilia\u00e7\u00e3o no mundo\" - Not\u00edcias - Franciscanos","isPartOf":{"@id":"https:\/\/franciscanos.org.br\/noticias\/#website"},"primaryImageOfPage":{"@id":"https:\/\/franciscanos.org.br\/noticias\/leao-xiv-sejam-instrumentos-de-reconciliacao-no-mundo.html#primaryimage"},"datePublished":"2025-10-01T10:20:20+00:00","dateModified":"2025-10-01T10:21:01+00:00","author":{"@id":"https:\/\/franciscanos.org.br\/noticias\/#\/schema\/person\/d9422e83121c3ad3b0f423d195f5bb25"},"breadcrumb":{"@id":"https:\/\/franciscanos.org.br\/noticias\/leao-xiv-sejam-instrumentos-de-reconciliacao-no-mundo.html#breadcrumb"},"inLanguage":"pt-BR","potentialAction":[{"@type":"ReadAction","target":["https:\/\/franciscanos.org.br\/noticias\/leao-xiv-sejam-instrumentos-de-reconciliacao-no-mundo.html"]}]},{"@type":"BreadcrumbList","@id":"https:\/\/franciscanos.org.br\/noticias\/leao-xiv-sejam-instrumentos-de-reconciliacao-no-mundo.html#breadcrumb","itemListElement":[{"@type":"ListItem","position":1,"name":"Home","item":"https:\/\/franciscanos.org.br\/noticias"},{"@type":"ListItem","position":2,"name":"Le\u00e3o XIV: &#8220;Sejam instrumentos de reconcilia\u00e7\u00e3o no mundo&#8221;"}]},{"@type":"Person","@id":"https:\/\/franciscanos.org.br\/noticias\/#\/schema\/person\/d9422e83121c3ad3b0f423d195f5bb25","name":"Adriana Rabelo","image":{"@type":"ImageObject","inLanguage":"pt-BR","@id":"https:\/\/franciscanos.org.br\/noticias\/#\/schema\/person\/image\/","url":"https:\/\/secure.gravatar.com\/avatar\/0a937b7500cd7df77540cfb8bede877d?s=96&d=mm&r=g","contentUrl":"https:\/\/secure.gravatar.com\/avatar\/0a937b7500cd7df77540cfb8bede877d?s=96&d=mm&r=g","caption":"Adriana Rabelo"},"url":"https:\/\/franciscanos.org.br\/noticias\/author\/adrianarabelo"}]}},"_links":{"self":[{"href":"https:\/\/franciscanos.org.br\/noticias\/wp-json\/wp\/v2\/posts\/260654"}],"collection":[{"href":"https:\/\/franciscanos.org.br\/noticias\/wp-json\/wp\/v2\/posts"}],"about":[{"href":"https:\/\/franciscanos.org.br\/noticias\/wp-json\/wp\/v2\/types\/post"}],"author":[{"embeddable":true,"href":"https:\/\/franciscanos.org.br\/noticias\/wp-json\/wp\/v2\/users\/11"}],"replies":[{"embeddable":true,"href":"https:\/\/franciscanos.org.br\/noticias\/wp-json\/wp\/v2\/comments?post=260654"}],"version-history":[{"count":2,"href":"https:\/\/franciscanos.org.br\/noticias\/wp-json\/wp\/v2\/posts\/260654\/revisions"}],"predecessor-version":[{"id":260658,"href":"https:\/\/franciscanos.org.br\/noticias\/wp-json\/wp\/v2\/posts\/260654\/revisions\/260658"}],"wp:featuredmedia":[{"embeddable":true,"href":"https:\/\/franciscanos.org.br\/noticias\/wp-json\/wp\/v2\/media\/260656"}],"wp:attachment":[{"href":"https:\/\/franciscanos.org.br\/noticias\/wp-json\/wp\/v2\/media?parent=260654"}],"wp:term":[{"taxonomy":"category","embeddable":true,"href":"https:\/\/franciscanos.org.br\/noticias\/wp-json\/wp\/v2\/categories?post=260654"},{"taxonomy":"post_tag","embeddable":true,"href":"https:\/\/franciscanos.org.br\/noticias\/wp-json\/wp\/v2\/tags?post=260654"}],"curies":[{"name":"wp","href":"https:\/\/api.w.org\/{rel}","templated":true}]}}