{"id":260645,"date":"2025-09-30T12:55:05","date_gmt":"2025-09-30T15:55:05","guid":{"rendered":"https:\/\/franciscanos.org.br\/noticias\/?p=260645"},"modified":"2025-09-30T13:09:48","modified_gmt":"2025-09-30T16:09:48","slug":"santuario-celebra-25-anos-de-dedicacao-a-frei-galvao-com-missa-e-inauguracao-de-obras","status":"publish","type":"post","link":"https:\/\/franciscanos.org.br\/noticias\/santuario-celebra-25-anos-de-dedicacao-a-frei-galvao-com-missa-e-inauguracao-de-obras.html","title":{"rendered":"Santu\u00e1rio celebra 25 anos de dedica\u00e7\u00e3o a Frei Galv\u00e3o com missa e inaugura\u00e7\u00e3o de obras"},"content":{"rendered":"<p><img loading=\"lazy\" class=\"aligncenter wp-image-260646 size-full\" src=\"https:\/\/franciscanos.org.br\/noticias\/wp-content\/uploads\/2025\/09\/materia-3-13.jpg\" alt=\"\" width=\"1280\" height=\"720\" srcset=\"https:\/\/franciscanos.org.br\/noticias\/wp-content\/uploads\/2025\/09\/materia-3-13.jpg 1280w, https:\/\/franciscanos.org.br\/noticias\/wp-content\/uploads\/2025\/09\/materia-3-13-450x253.jpg 450w, https:\/\/franciscanos.org.br\/noticias\/wp-content\/uploads\/2025\/09\/materia-3-13-1024x576.jpg 1024w, https:\/\/franciscanos.org.br\/noticias\/wp-content\/uploads\/2025\/09\/materia-3-13-768x432.jpg 768w, https:\/\/franciscanos.org.br\/noticias\/wp-content\/uploads\/2025\/09\/materia-3-13-150x84.jpg 150w\" sizes=\"(max-width: 1280px) 100vw, 1280px\" \/><\/p>\n<p>O Santu\u00e1rio dedicado a Santo Ant\u00f4nio de Sant\u2019Anna Galv\u00e3o, o primeiro santo brasileiro, celebra nesta ter\u00e7a-feira, 30 de setembro, seus 25 anos de dedica\u00e7\u00e3o. O Jubileu de Prata ser\u00e1 marcado por uma programa\u00e7\u00e3o especial, que inclui a missa solene \u00e0s 19h30 e a inaugura\u00e7\u00e3o das obras de reforma e amplia\u00e7\u00e3o do lado direito do templo.<\/p>\n<p>Desde sua funda\u00e7\u00e3o, o Santu\u00e1rio Frei Galv\u00e3o, como \u00e9 conhecido pelos devotos, se tornou um espa\u00e7o de encontro com Deus por meio da intercess\u00e3o de Frei Galv\u00e3o. Milhares de fi\u00e9is de todo o Brasil e at\u00e9 do exterior j\u00e1 passaram pelo local para pedir gra\u00e7as e milagres, receber as tradicionais p\u00edlulas de Frei Galv\u00e3o, cumprir promessas e agradecer b\u00ean\u00e7\u00e3os alcan\u00e7adas. Inspirados pela espiritualidade franciscana, os devotos encontram ali acolhimento fraterno, simplicidade, miseric\u00f3rdia e renova\u00e7\u00e3o da f\u00e9.<\/p>\n<p><strong> <img loading=\"lazy\" class=\"aligncenter wp-image-260648 size-full\" src=\"https:\/\/franciscanos.org.br\/noticias\/wp-content\/uploads\/2025\/09\/materia-6-2.jpg\" alt=\"\" width=\"1280\" height=\"720\" srcset=\"https:\/\/franciscanos.org.br\/noticias\/wp-content\/uploads\/2025\/09\/materia-6-2.jpg 1280w, https:\/\/franciscanos.org.br\/noticias\/wp-content\/uploads\/2025\/09\/materia-6-2-450x253.jpg 450w, https:\/\/franciscanos.org.br\/noticias\/wp-content\/uploads\/2025\/09\/materia-6-2-1024x576.jpg 1024w, https:\/\/franciscanos.org.br\/noticias\/wp-content\/uploads\/2025\/09\/materia-6-2-768x432.jpg 768w, https:\/\/franciscanos.org.br\/noticias\/wp-content\/uploads\/2025\/09\/materia-6-2-150x84.jpg 150w\" sizes=\"(max-width: 1280px) 100vw, 1280px\" \/><\/strong><\/p>\n<p><strong>Uma hist\u00f3ria de f\u00e9 e devo\u00e7\u00e3o<\/strong><\/p>\n<p>A trajet\u00f3ria do Santu\u00e1rio come\u00e7ou em 1987, quando a fam\u00edlia Galv\u00e3o, representada por Edson Jos\u00e9 Galv\u00e3o Nogueira, doou o terreno para a constru\u00e7\u00e3o da igreja. Inicialmente dedicada a S\u00e3o Jos\u00e9, a obra foi paralisada em 1996, durante o processo de beatifica\u00e7\u00e3o de Frei Galv\u00e3o, para que o projeto fosse adaptado. Com a aprova\u00e7\u00e3o da comunidade, a igreja passou a cultivar a devo\u00e7\u00e3o ao frade franciscano e, em 30 de setembro de 2000, foi oficialmente dedicada a S\u00e3o Jos\u00e9 e a Frei Galv\u00e3o por Dom Alo\u00edsio Cardeal Lorscheider, tornando-se a primeira igreja do mundo dedicada ao santo brasileiro.<\/p>\n<p>Desde ent\u00e3o, o local cresceu em fama e import\u00e2ncia, recebendo cada vez mais devotos. O aumento constante de peregrinos tornou necess\u00e1ria a amplia\u00e7\u00e3o do espa\u00e7o, dando origem \u00e0s obras de reforma que agora chegam \u00e0 conclus\u00e3o de sua primeira etapa.<\/p>\n<p><strong><img loading=\"lazy\" class=\"aligncenter wp-image-260649 size-full\" src=\"https:\/\/franciscanos.org.br\/noticias\/wp-content\/uploads\/2025\/09\/materia-2-20.jpg\" alt=\"\" width=\"1280\" height=\"720\" srcset=\"https:\/\/franciscanos.org.br\/noticias\/wp-content\/uploads\/2025\/09\/materia-2-20.jpg 1280w, https:\/\/franciscanos.org.br\/noticias\/wp-content\/uploads\/2025\/09\/materia-2-20-450x253.jpg 450w, https:\/\/franciscanos.org.br\/noticias\/wp-content\/uploads\/2025\/09\/materia-2-20-1024x576.jpg 1024w, https:\/\/franciscanos.org.br\/noticias\/wp-content\/uploads\/2025\/09\/materia-2-20-768x432.jpg 768w, https:\/\/franciscanos.org.br\/noticias\/wp-content\/uploads\/2025\/09\/materia-2-20-150x84.jpg 150w\" sizes=\"(max-width: 1280px) 100vw, 1280px\" \/><\/strong><\/p>\n<p><strong>Uma miss\u00e3o sustentada pela f\u00e9<\/strong><\/p>\n<p>O desenvolvimento do Santu\u00e1rio s\u00f3 foi poss\u00edvel gra\u00e7as ao empenho da Fam\u00edlia Mission\u00e1ria de Frei Galv\u00e3o \u2013 grupo formado por fi\u00e9is que, com simplicidade, generosidade, doa\u00e7\u00f5es e ora\u00e7\u00f5es, t\u00eam garantido a continuidade dessa obra evangelizadora.<\/p>\n<p><strong>Jubileu de Prata<\/strong><\/p>\n<p>A celebra\u00e7\u00e3o deste Jubileu de Prata \u00e9 um marco hist\u00f3rico para a comunidade. S\u00e3o 25 anos de amor, f\u00e9 e miseric\u00f3rdia, dedicados ao santo que se tornou sinal de esperan\u00e7a para o Brasil.<\/p>\n<p>O Santu\u00e1rio convida todos os devotos e a comunidade em geral a participar da missa festiva desta noite e a compartilhar a alegria deste momento t\u00e3o especial.<\/p>\n<p>Paz e bem!<\/p>\n","protected":false},"excerpt":{"rendered":"<p>Jubileu Santu\u00e1rio Frei Galv\u00e3o<\/p>\n","protected":false},"author":11,"featured_media":260647,"comment_status":"open","ping_status":"open","sticky":false,"template":"","format":"standard","meta":[],"categories":[1],"tags":[2419,161,1821],"acf":[],"yoast_head":"<!-- This site is optimized with the Yoast SEO plugin v19.2 - https:\/\/yoast.com\/wordpress\/plugins\/seo\/ -->\n<title>Santu\u00e1rio celebra 25 anos de dedica\u00e7\u00e3o a Frei Galv\u00e3o com missa e inaugura\u00e7\u00e3o de obras - Not\u00edcias - Franciscanos<\/title>\n<meta name=\"robots\" content=\"index, follow, max-snippet:-1, max-image-preview:large, max-video-preview:-1\" \/>\n<link rel=\"canonical\" href=\"https:\/\/franciscanos.org.br\/noticias\/santuario-celebra-25-anos-de-dedicacao-a-frei-galvao-com-missa-e-inauguracao-de-obras.html\" \/>\n<meta property=\"og:locale\" content=\"pt_BR\" \/>\n<meta property=\"og:type\" content=\"article\" \/>\n<meta property=\"og:title\" content=\"Santu\u00e1rio celebra 25 anos de dedica\u00e7\u00e3o a Frei Galv\u00e3o com missa e inaugura\u00e7\u00e3o de obras - Not\u00edcias - Franciscanos\" \/>\n<meta property=\"og:description\" content=\"Jubileu Santu\u00e1rio Frei Galv\u00e3o\" \/>\n<meta property=\"og:url\" content=\"https:\/\/franciscanos.org.br\/noticias\/santuario-celebra-25-anos-de-dedicacao-a-frei-galvao-com-missa-e-inauguracao-de-obras.html\" \/>\n<meta property=\"og:site_name\" content=\"Not\u00edcias - Franciscanos\" \/>\n<meta property=\"article:published_time\" content=\"2025-09-30T15:55:05+00:00\" \/>\n<meta property=\"article:modified_time\" content=\"2025-09-30T16:09:48+00:00\" \/>\n<meta property=\"og:image\" content=\"https:\/\/franciscanos.org.br\/noticias\/wp-content\/uploads\/2025\/09\/chamada-51.jpg\" \/>\n\t<meta property=\"og:image:width\" content=\"800\" \/>\n\t<meta property=\"og:image:height\" content=\"550\" \/>\n\t<meta property=\"og:image:type\" content=\"image\/jpeg\" \/>\n<meta name=\"author\" content=\"Adriana Rabelo\" \/>\n<meta name=\"twitter:card\" content=\"summary_large_image\" \/>\n<meta name=\"twitter:label1\" content=\"Escrito por\" \/>\n\t<meta name=\"twitter:data1\" content=\"Adriana Rabelo\" \/>\n\t<meta name=\"twitter:label2\" content=\"Est. tempo de leitura\" \/>\n\t<meta name=\"twitter:data2\" content=\"2 minutos\" \/>\n<script type=\"application\/ld+json\" class=\"yoast-schema-graph\">{\"@context\":\"https:\/\/schema.org\",\"@graph\":[{\"@type\":\"WebSite\",\"@id\":\"https:\/\/franciscanos.org.br\/noticias\/#website\",\"url\":\"https:\/\/franciscanos.org.br\/noticias\/\",\"name\":\"Not\u00edcias - Franciscanos\",\"description\":\"Prov\u00edncia Franciscana da Imaculada Concei\u00e7\u00e3o do Brasil - Ordem dos Frades Menores - OFM\",\"potentialAction\":[{\"@type\":\"SearchAction\",\"target\":{\"@type\":\"EntryPoint\",\"urlTemplate\":\"https:\/\/franciscanos.org.br\/noticias\/?s={search_term_string}\"},\"query-input\":\"required name=search_term_string\"}],\"inLanguage\":\"pt-BR\"},{\"@type\":\"ImageObject\",\"inLanguage\":\"pt-BR\",\"@id\":\"https:\/\/franciscanos.org.br\/noticias\/santuario-celebra-25-anos-de-dedicacao-a-frei-galvao-com-missa-e-inauguracao-de-obras.html#primaryimage\",\"url\":\"https:\/\/franciscanos.org.br\/noticias\/wp-content\/uploads\/2025\/09\/chamada-51.jpg\",\"contentUrl\":\"https:\/\/franciscanos.org.br\/noticias\/wp-content\/uploads\/2025\/09\/chamada-51.jpg\",\"width\":800,\"height\":550},{\"@type\":\"WebPage\",\"@id\":\"https:\/\/franciscanos.org.br\/noticias\/santuario-celebra-25-anos-de-dedicacao-a-frei-galvao-com-missa-e-inauguracao-de-obras.html#webpage\",\"url\":\"https:\/\/franciscanos.org.br\/noticias\/santuario-celebra-25-anos-de-dedicacao-a-frei-galvao-com-missa-e-inauguracao-de-obras.html\",\"name\":\"Santu\u00e1rio celebra 25 anos de dedica\u00e7\u00e3o a Frei Galv\u00e3o com missa e inaugura\u00e7\u00e3o de obras - Not\u00edcias - Franciscanos\",\"isPartOf\":{\"@id\":\"https:\/\/franciscanos.org.br\/noticias\/#website\"},\"primaryImageOfPage\":{\"@id\":\"https:\/\/franciscanos.org.br\/noticias\/santuario-celebra-25-anos-de-dedicacao-a-frei-galvao-com-missa-e-inauguracao-de-obras.html#primaryimage\"},\"datePublished\":\"2025-09-30T15:55:05+00:00\",\"dateModified\":\"2025-09-30T16:09:48+00:00\",\"author\":{\"@id\":\"https:\/\/franciscanos.org.br\/noticias\/#\/schema\/person\/d9422e83121c3ad3b0f423d195f5bb25\"},\"breadcrumb\":{\"@id\":\"https:\/\/franciscanos.org.br\/noticias\/santuario-celebra-25-anos-de-dedicacao-a-frei-galvao-com-missa-e-inauguracao-de-obras.html#breadcrumb\"},\"inLanguage\":\"pt-BR\",\"potentialAction\":[{\"@type\":\"ReadAction\",\"target\":[\"https:\/\/franciscanos.org.br\/noticias\/santuario-celebra-25-anos-de-dedicacao-a-frei-galvao-com-missa-e-inauguracao-de-obras.html\"]}]},{\"@type\":\"BreadcrumbList\",\"@id\":\"https:\/\/franciscanos.org.br\/noticias\/santuario-celebra-25-anos-de-dedicacao-a-frei-galvao-com-missa-e-inauguracao-de-obras.html#breadcrumb\",\"itemListElement\":[{\"@type\":\"ListItem\",\"position\":1,\"name\":\"Home\",\"item\":\"https:\/\/franciscanos.org.br\/noticias\"},{\"@type\":\"ListItem\",\"position\":2,\"name\":\"Santu\u00e1rio celebra 25 anos de dedica\u00e7\u00e3o a Frei Galv\u00e3o com missa e inaugura\u00e7\u00e3o de obras\"}]},{\"@type\":\"Person\",\"@id\":\"https:\/\/franciscanos.org.br\/noticias\/#\/schema\/person\/d9422e83121c3ad3b0f423d195f5bb25\",\"name\":\"Adriana Rabelo\",\"image\":{\"@type\":\"ImageObject\",\"inLanguage\":\"pt-BR\",\"@id\":\"https:\/\/franciscanos.org.br\/noticias\/#\/schema\/person\/image\/\",\"url\":\"https:\/\/secure.gravatar.com\/avatar\/0a937b7500cd7df77540cfb8bede877d?s=96&d=mm&r=g\",\"contentUrl\":\"https:\/\/secure.gravatar.com\/avatar\/0a937b7500cd7df77540cfb8bede877d?s=96&d=mm&r=g\",\"caption\":\"Adriana Rabelo\"},\"url\":\"https:\/\/franciscanos.org.br\/noticias\/author\/adrianarabelo\"}]}<\/script>\n<!-- \/ Yoast SEO plugin. -->","yoast_head_json":{"title":"Santu\u00e1rio celebra 25 anos de dedica\u00e7\u00e3o a Frei Galv\u00e3o com missa e inaugura\u00e7\u00e3o de obras - Not\u00edcias - Franciscanos","robots":{"index":"index","follow":"follow","max-snippet":"max-snippet:-1","max-image-preview":"max-image-preview:large","max-video-preview":"max-video-preview:-1"},"canonical":"https:\/\/franciscanos.org.br\/noticias\/santuario-celebra-25-anos-de-dedicacao-a-frei-galvao-com-missa-e-inauguracao-de-obras.html","og_locale":"pt_BR","og_type":"article","og_title":"Santu\u00e1rio celebra 25 anos de dedica\u00e7\u00e3o a Frei Galv\u00e3o com missa e inaugura\u00e7\u00e3o de obras - Not\u00edcias - Franciscanos","og_description":"Jubileu Santu\u00e1rio Frei Galv\u00e3o","og_url":"https:\/\/franciscanos.org.br\/noticias\/santuario-celebra-25-anos-de-dedicacao-a-frei-galvao-com-missa-e-inauguracao-de-obras.html","og_site_name":"Not\u00edcias - Franciscanos","article_published_time":"2025-09-30T15:55:05+00:00","article_modified_time":"2025-09-30T16:09:48+00:00","og_image":[{"width":800,"height":550,"url":"https:\/\/franciscanos.org.br\/noticias\/wp-content\/uploads\/2025\/09\/chamada-51.jpg","type":"image\/jpeg"}],"author":"Adriana Rabelo","twitter_card":"summary_large_image","twitter_misc":{"Escrito por":"Adriana Rabelo","Est. tempo de leitura":"2 minutos"},"schema":{"@context":"https:\/\/schema.org","@graph":[{"@type":"WebSite","@id":"https:\/\/franciscanos.org.br\/noticias\/#website","url":"https:\/\/franciscanos.org.br\/noticias\/","name":"Not\u00edcias - Franciscanos","description":"Prov\u00edncia Franciscana da Imaculada Concei\u00e7\u00e3o do Brasil - Ordem dos Frades Menores - OFM","potentialAction":[{"@type":"SearchAction","target":{"@type":"EntryPoint","urlTemplate":"https:\/\/franciscanos.org.br\/noticias\/?s={search_term_string}"},"query-input":"required name=search_term_string"}],"inLanguage":"pt-BR"},{"@type":"ImageObject","inLanguage":"pt-BR","@id":"https:\/\/franciscanos.org.br\/noticias\/santuario-celebra-25-anos-de-dedicacao-a-frei-galvao-com-missa-e-inauguracao-de-obras.html#primaryimage","url":"https:\/\/franciscanos.org.br\/noticias\/wp-content\/uploads\/2025\/09\/chamada-51.jpg","contentUrl":"https:\/\/franciscanos.org.br\/noticias\/wp-content\/uploads\/2025\/09\/chamada-51.jpg","width":800,"height":550},{"@type":"WebPage","@id":"https:\/\/franciscanos.org.br\/noticias\/santuario-celebra-25-anos-de-dedicacao-a-frei-galvao-com-missa-e-inauguracao-de-obras.html#webpage","url":"https:\/\/franciscanos.org.br\/noticias\/santuario-celebra-25-anos-de-dedicacao-a-frei-galvao-com-missa-e-inauguracao-de-obras.html","name":"Santu\u00e1rio celebra 25 anos de dedica\u00e7\u00e3o a Frei Galv\u00e3o com missa e inaugura\u00e7\u00e3o de obras - Not\u00edcias - Franciscanos","isPartOf":{"@id":"https:\/\/franciscanos.org.br\/noticias\/#website"},"primaryImageOfPage":{"@id":"https:\/\/franciscanos.org.br\/noticias\/santuario-celebra-25-anos-de-dedicacao-a-frei-galvao-com-missa-e-inauguracao-de-obras.html#primaryimage"},"datePublished":"2025-09-30T15:55:05+00:00","dateModified":"2025-09-30T16:09:48+00:00","author":{"@id":"https:\/\/franciscanos.org.br\/noticias\/#\/schema\/person\/d9422e83121c3ad3b0f423d195f5bb25"},"breadcrumb":{"@id":"https:\/\/franciscanos.org.br\/noticias\/santuario-celebra-25-anos-de-dedicacao-a-frei-galvao-com-missa-e-inauguracao-de-obras.html#breadcrumb"},"inLanguage":"pt-BR","potentialAction":[{"@type":"ReadAction","target":["https:\/\/franciscanos.org.br\/noticias\/santuario-celebra-25-anos-de-dedicacao-a-frei-galvao-com-missa-e-inauguracao-de-obras.html"]}]},{"@type":"BreadcrumbList","@id":"https:\/\/franciscanos.org.br\/noticias\/santuario-celebra-25-anos-de-dedicacao-a-frei-galvao-com-missa-e-inauguracao-de-obras.html#breadcrumb","itemListElement":[{"@type":"ListItem","position":1,"name":"Home","item":"https:\/\/franciscanos.org.br\/noticias"},{"@type":"ListItem","position":2,"name":"Santu\u00e1rio celebra 25 anos de dedica\u00e7\u00e3o a Frei Galv\u00e3o com missa e inaugura\u00e7\u00e3o de obras"}]},{"@type":"Person","@id":"https:\/\/franciscanos.org.br\/noticias\/#\/schema\/person\/d9422e83121c3ad3b0f423d195f5bb25","name":"Adriana Rabelo","image":{"@type":"ImageObject","inLanguage":"pt-BR","@id":"https:\/\/franciscanos.org.br\/noticias\/#\/schema\/person\/image\/","url":"https:\/\/secure.gravatar.com\/avatar\/0a937b7500cd7df77540cfb8bede877d?s=96&d=mm&r=g","contentUrl":"https:\/\/secure.gravatar.com\/avatar\/0a937b7500cd7df77540cfb8bede877d?s=96&d=mm&r=g","caption":"Adriana Rabelo"},"url":"https:\/\/franciscanos.org.br\/noticias\/author\/adrianarabelo"}]}},"_links":{"self":[{"href":"https:\/\/franciscanos.org.br\/noticias\/wp-json\/wp\/v2\/posts\/260645"}],"collection":[{"href":"https:\/\/franciscanos.org.br\/noticias\/wp-json\/wp\/v2\/posts"}],"about":[{"href":"https:\/\/franciscanos.org.br\/noticias\/wp-json\/wp\/v2\/types\/post"}],"author":[{"embeddable":true,"href":"https:\/\/franciscanos.org.br\/noticias\/wp-json\/wp\/v2\/users\/11"}],"replies":[{"embeddable":true,"href":"https:\/\/franciscanos.org.br\/noticias\/wp-json\/wp\/v2\/comments?post=260645"}],"version-history":[{"count":4,"href":"https:\/\/franciscanos.org.br\/noticias\/wp-json\/wp\/v2\/posts\/260645\/revisions"}],"predecessor-version":[{"id":260653,"href":"https:\/\/franciscanos.org.br\/noticias\/wp-json\/wp\/v2\/posts\/260645\/revisions\/260653"}],"wp:featuredmedia":[{"embeddable":true,"href":"https:\/\/franciscanos.org.br\/noticias\/wp-json\/wp\/v2\/media\/260647"}],"wp:attachment":[{"href":"https:\/\/franciscanos.org.br\/noticias\/wp-json\/wp\/v2\/media?parent=260645"}],"wp:term":[{"taxonomy":"category","embeddable":true,"href":"https:\/\/franciscanos.org.br\/noticias\/wp-json\/wp\/v2\/categories?post=260645"},{"taxonomy":"post_tag","embeddable":true,"href":"https:\/\/franciscanos.org.br\/noticias\/wp-json\/wp\/v2\/tags?post=260645"}],"curies":[{"name":"wp","href":"https:\/\/api.w.org\/{rel}","templated":true}]}}