{"id":260624,"date":"2025-09-30T08:07:33","date_gmt":"2025-09-30T11:07:33","guid":{"rendered":"https:\/\/franciscanos.org.br\/noticias\/?p=260624"},"modified":"2025-09-30T08:43:28","modified_gmt":"2025-09-30T11:43:28","slug":"carne-na-brasa-pao-queijo-e-muito-carinho-convento-santo-antonio-acolhe-1a-edicao-carioca-de-hamburgada-na-rua","status":"publish","type":"post","link":"https:\/\/franciscanos.org.br\/noticias\/carne-na-brasa-pao-queijo-e-muito-carinho-convento-santo-antonio-acolhe-1a-edicao-carioca-de-hamburgada-na-rua.html","title":{"rendered":"Carne na brasa, p\u00e3o, queijo e muito carinho: Convento Santo Ant\u00f4nio acolhe 1\u00aa edi\u00e7\u00e3o carioca de Hamburgada na Rua"},"content":{"rendered":"<p><img loading=\"lazy\" class=\"aligncenter wp-image-260627 size-full\" src=\"https:\/\/franciscanos.org.br\/noticias\/wp-content\/uploads\/2025\/09\/materia-18.jpg\" alt=\"\" width=\"1280\" height=\"720\" srcset=\"https:\/\/franciscanos.org.br\/noticias\/wp-content\/uploads\/2025\/09\/materia-18.jpg 1280w, https:\/\/franciscanos.org.br\/noticias\/wp-content\/uploads\/2025\/09\/materia-18-450x253.jpg 450w, https:\/\/franciscanos.org.br\/noticias\/wp-content\/uploads\/2025\/09\/materia-18-1024x576.jpg 1024w, https:\/\/franciscanos.org.br\/noticias\/wp-content\/uploads\/2025\/09\/materia-18-768x432.jpg 768w, https:\/\/franciscanos.org.br\/noticias\/wp-content\/uploads\/2025\/09\/materia-18-150x84.jpg 150w\" sizes=\"(max-width: 1280px) 100vw, 1280px\" \/><\/p>\n<p>S\u00e1bado com sabor de solidariedade no Convento Santo Ant\u00f4nio. O monumento religioso e hist\u00f3rico do Rio de Janeiro abriu as portas no dia 27 de setembro para receber a edi\u00e7\u00e3o carioca da <em>Hamburgada na Rua<\/em>, evento promovido pela <em>Hamburgada do Bem<\/em>, movimento iniciado em S\u00e3o Paulo, capital, e que come\u00e7a a chegar a outras cidades do pa\u00eds. Foram mais de 200 volunt\u00e1rios, divididos em diversos servi\u00e7os oferecidos aos irm\u00e3os e irm\u00e3s em situa\u00e7\u00e3o de rua. Foram atendidos ao todo 300 conviventes, que passaram no Convento um dia marcado pela acolhida e pela aten\u00e7\u00e3o.<\/p>\n<p><img loading=\"lazy\" class=\"aligncenter wp-image-260628 size-full\" src=\"https:\/\/franciscanos.org.br\/noticias\/wp-content\/uploads\/2025\/09\/materia3-9.jpg\" alt=\"\" width=\"1280\" height=\"720\" srcset=\"https:\/\/franciscanos.org.br\/noticias\/wp-content\/uploads\/2025\/09\/materia3-9.jpg 1280w, https:\/\/franciscanos.org.br\/noticias\/wp-content\/uploads\/2025\/09\/materia3-9-450x253.jpg 450w, https:\/\/franciscanos.org.br\/noticias\/wp-content\/uploads\/2025\/09\/materia3-9-1024x576.jpg 1024w, https:\/\/franciscanos.org.br\/noticias\/wp-content\/uploads\/2025\/09\/materia3-9-768x432.jpg 768w, https:\/\/franciscanos.org.br\/noticias\/wp-content\/uploads\/2025\/09\/materia3-9-150x84.jpg 150w\" sizes=\"(max-width: 1280px) 100vw, 1280px\" \/><\/p>\n<p>Foram 840 hamburgeres preparados e distribu\u00eddos, com linha de produ\u00e7\u00e3o completa, desde a montagem do hamburger artesanal, o preparo na churrasqueira, a adi\u00e7\u00e3o do alface, tomate, queijo e molhos, tudo manualmente contando com o ingrediente do carinho de cada envolvido na a\u00e7\u00e3o. Para completar, houve tamb\u00e9m distribui\u00e7\u00e3o de batata frita, preparada na hora, e sorvete de sobremesa. Complementando a hamburgada, a a\u00e7\u00e3o ofereceu ainda corte de cabelo, pod\u00f3logo, atendimento odontol\u00f3gico, oficina de artesanato, brincadeiras e jogos, karaok\u00ea, dan\u00e7a, bingo e muita divers\u00e3o. \u00c1gua mineral e refrigerante tamb\u00e9m havia \u00e0 vontade. Houve ainda o bazar, de onde cada a participante pode levar pe\u00e7as de roupa em excelente estado de conserva\u00e7\u00e3o. A maioria dos volunt\u00e1rios veio de S\u00e3o Paulo com objetivo de tomar parte nas atividades. Havia tamb\u00e9m consider\u00e1vel n\u00famero de volunt\u00e1rios vindos de Belo Horizonte e do pr\u00f3prio Rio de Janeiro.<\/p>\n\n\t\t<style type=\"text\/css\">\n\t\t\t#gallery-1 {\n\t\t\t\tmargin: auto;\n\t\t\t}\n\t\t\t#gallery-1 .gallery-item {\n\t\t\t\tfloat: left;\n\t\t\t\tmargin-top: 10px;\n\t\t\t\ttext-align: center;\n\t\t\t\twidth: 33%;\n\t\t\t}\n\t\t\t#gallery-1 img {\n\t\t\t\tborder: 2px solid #cfcfcf;\n\t\t\t}\n\t\t\t#gallery-1 .gallery-caption {\n\t\t\t\tmargin-left: 0;\n\t\t\t}\n\t\t\t\/* see gallery_shortcode() in wp-includes\/media.php *\/\n\t\t<\/style>\n\t\t<div id='gallery-1' class='gallery galleryid-260624 gallery-columns-3 gallery-size-thumbnail'><dl class='gallery-item'>\n\t\t\t<dt class='gallery-icon portrait'>\n\t\t\t\t<a href='https:\/\/franciscanos.org.br\/noticias\/wp-content\/uploads\/2025\/09\/Imagem-do-WhatsApp-de-2025-09-29-as-17.58.19_7cb62c6e.jpg'><img width=\"300\" height=\"300\" src=\"https:\/\/franciscanos.org.br\/noticias\/wp-content\/uploads\/2025\/09\/Imagem-do-WhatsApp-de-2025-09-29-as-17.58.19_7cb62c6e-300x300.jpg\" class=\"attachment-thumbnail size-thumbnail\" alt=\"\" loading=\"lazy\" srcset=\"https:\/\/franciscanos.org.br\/noticias\/wp-content\/uploads\/2025\/09\/Imagem-do-WhatsApp-de-2025-09-29-as-17.58.19_7cb62c6e-300x300.jpg 300w, https:\/\/franciscanos.org.br\/noticias\/wp-content\/uploads\/2025\/09\/Imagem-do-WhatsApp-de-2025-09-29-as-17.58.19_7cb62c6e-100x100.jpg 100w\" sizes=\"(max-width: 300px) 100vw, 300px\" \/><\/a>\n\t\t\t<\/dt><\/dl><dl class='gallery-item'>\n\t\t\t<dt class='gallery-icon portrait'>\n\t\t\t\t<a href='https:\/\/franciscanos.org.br\/noticias\/wp-content\/uploads\/2025\/09\/Imagem-do-WhatsApp-de-2025-09-29-as-17.58.21_08034d79.jpg'><img width=\"300\" height=\"300\" src=\"https:\/\/franciscanos.org.br\/noticias\/wp-content\/uploads\/2025\/09\/Imagem-do-WhatsApp-de-2025-09-29-as-17.58.21_08034d79-300x300.jpg\" class=\"attachment-thumbnail size-thumbnail\" alt=\"\" loading=\"lazy\" srcset=\"https:\/\/franciscanos.org.br\/noticias\/wp-content\/uploads\/2025\/09\/Imagem-do-WhatsApp-de-2025-09-29-as-17.58.21_08034d79-300x300.jpg 300w, https:\/\/franciscanos.org.br\/noticias\/wp-content\/uploads\/2025\/09\/Imagem-do-WhatsApp-de-2025-09-29-as-17.58.21_08034d79-100x100.jpg 100w\" sizes=\"(max-width: 300px) 100vw, 300px\" \/><\/a>\n\t\t\t<\/dt><\/dl><dl class='gallery-item'>\n\t\t\t<dt class='gallery-icon portrait'>\n\t\t\t\t<a href='https:\/\/franciscanos.org.br\/noticias\/wp-content\/uploads\/2025\/09\/Imagem-do-WhatsApp-de-2025-09-29-as-17.58.21_0a78d530.jpg'><img width=\"300\" height=\"300\" src=\"https:\/\/franciscanos.org.br\/noticias\/wp-content\/uploads\/2025\/09\/Imagem-do-WhatsApp-de-2025-09-29-as-17.58.21_0a78d530-300x300.jpg\" class=\"attachment-thumbnail size-thumbnail\" alt=\"\" loading=\"lazy\" srcset=\"https:\/\/franciscanos.org.br\/noticias\/wp-content\/uploads\/2025\/09\/Imagem-do-WhatsApp-de-2025-09-29-as-17.58.21_0a78d530-300x300.jpg 300w, https:\/\/franciscanos.org.br\/noticias\/wp-content\/uploads\/2025\/09\/Imagem-do-WhatsApp-de-2025-09-29-as-17.58.21_0a78d530-100x100.jpg 100w\" sizes=\"(max-width: 300px) 100vw, 300px\" \/><\/a>\n\t\t\t<\/dt><\/dl><br style=\"clear: both\" \/>\n\t\t<\/div>\n\n<p>O dia ensolarado ajudou a conferir colorido e alegria \u00e0 Hamburgada do Bem, que contou tamb\u00e9m com o apoio e a participa\u00e7\u00e3o do Servi\u00e7o Franciscano de Solidariedade (SEFRAS), atrav\u00e9s da Casa Franciscana que, funcionando pr\u00f3ximo \u00e0 Regi\u00e3o da Central do Brasil, no Centro do Rio, oferece banho e almo\u00e7o diariamente para a popula\u00e7\u00e3o em situa\u00e7\u00e3o de rua. Para Frei Jos\u00e9 Francisco, da Fraternidade do Convento Santo Ant\u00f4nio e tamb\u00e9m membro da Diretoria do SEFRAS, iniciativas desta natureza t\u00eam a capacidade de transformar a vida de todos os que nelas se envolve, especialmente de quem escolhe dividir um pouco do tempo, dos talentos e da for\u00e7a de trabalho para cuidar daqueles que se encontram mais fragilizados. \u201cNossa experi\u00eancia com os volunt\u00e1rios \u00e9 sempre muito marcante, pois quase todos, depois de engajarem no trabalho solid\u00e1rio, dizem que receberam em afeto e carinho muito mais do que se dispuseram a dar\u201d.<\/p>\n\n\t\t<style type=\"text\/css\">\n\t\t\t#gallery-2 {\n\t\t\t\tmargin: auto;\n\t\t\t}\n\t\t\t#gallery-2 .gallery-item {\n\t\t\t\tfloat: left;\n\t\t\t\tmargin-top: 10px;\n\t\t\t\ttext-align: center;\n\t\t\t\twidth: 33%;\n\t\t\t}\n\t\t\t#gallery-2 img {\n\t\t\t\tborder: 2px solid #cfcfcf;\n\t\t\t}\n\t\t\t#gallery-2 .gallery-caption {\n\t\t\t\tmargin-left: 0;\n\t\t\t}\n\t\t\t\/* see gallery_shortcode() in wp-includes\/media.php *\/\n\t\t<\/style>\n\t\t<div id='gallery-2' class='gallery galleryid-260624 gallery-columns-3 gallery-size-thumbnail'><dl class='gallery-item'>\n\t\t\t<dt class='gallery-icon portrait'>\n\t\t\t\t<a href='https:\/\/franciscanos.org.br\/noticias\/wp-content\/uploads\/2025\/09\/Imagem-do-WhatsApp-de-2025-09-29-as-17.58.18_9985992f.jpg'><img width=\"300\" height=\"300\" src=\"https:\/\/franciscanos.org.br\/noticias\/wp-content\/uploads\/2025\/09\/Imagem-do-WhatsApp-de-2025-09-29-as-17.58.18_9985992f-300x300.jpg\" class=\"attachment-thumbnail size-thumbnail\" alt=\"\" loading=\"lazy\" srcset=\"https:\/\/franciscanos.org.br\/noticias\/wp-content\/uploads\/2025\/09\/Imagem-do-WhatsApp-de-2025-09-29-as-17.58.18_9985992f-300x300.jpg 300w, https:\/\/franciscanos.org.br\/noticias\/wp-content\/uploads\/2025\/09\/Imagem-do-WhatsApp-de-2025-09-29-as-17.58.18_9985992f-100x100.jpg 100w\" sizes=\"(max-width: 300px) 100vw, 300px\" \/><\/a>\n\t\t\t<\/dt><\/dl><dl class='gallery-item'>\n\t\t\t<dt class='gallery-icon portrait'>\n\t\t\t\t<a href='https:\/\/franciscanos.org.br\/noticias\/wp-content\/uploads\/2025\/09\/Imagem-do-WhatsApp-de-2025-09-29-as-17.58.19_7b138f35.jpg'><img width=\"300\" height=\"300\" src=\"https:\/\/franciscanos.org.br\/noticias\/wp-content\/uploads\/2025\/09\/Imagem-do-WhatsApp-de-2025-09-29-as-17.58.19_7b138f35-300x300.jpg\" class=\"attachment-thumbnail size-thumbnail\" alt=\"\" loading=\"lazy\" srcset=\"https:\/\/franciscanos.org.br\/noticias\/wp-content\/uploads\/2025\/09\/Imagem-do-WhatsApp-de-2025-09-29-as-17.58.19_7b138f35-300x300.jpg 300w, https:\/\/franciscanos.org.br\/noticias\/wp-content\/uploads\/2025\/09\/Imagem-do-WhatsApp-de-2025-09-29-as-17.58.19_7b138f35-100x100.jpg 100w\" sizes=\"(max-width: 300px) 100vw, 300px\" \/><\/a>\n\t\t\t<\/dt><\/dl><dl class='gallery-item'>\n\t\t\t<dt class='gallery-icon landscape'>\n\t\t\t\t<a href='https:\/\/franciscanos.org.br\/noticias\/wp-content\/uploads\/2025\/09\/Imagem-do-WhatsApp-de-2025-09-29-as-17.58.19_ea240ceb.jpg'><img width=\"300\" height=\"300\" src=\"https:\/\/franciscanos.org.br\/noticias\/wp-content\/uploads\/2025\/09\/Imagem-do-WhatsApp-de-2025-09-29-as-17.58.19_ea240ceb-300x300.jpg\" class=\"attachment-thumbnail size-thumbnail\" alt=\"\" loading=\"lazy\" srcset=\"https:\/\/franciscanos.org.br\/noticias\/wp-content\/uploads\/2025\/09\/Imagem-do-WhatsApp-de-2025-09-29-as-17.58.19_ea240ceb-300x300.jpg 300w, https:\/\/franciscanos.org.br\/noticias\/wp-content\/uploads\/2025\/09\/Imagem-do-WhatsApp-de-2025-09-29-as-17.58.19_ea240ceb-100x100.jpg 100w\" sizes=\"(max-width: 300px) 100vw, 300px\" \/><\/a>\n\t\t\t<\/dt><\/dl><br style=\"clear: both\" \/>\n\t\t<\/div>\n\n<p>Quem desejar conhecer um pouco mais do trabalho da Casa Franciscana ou pensa em se tornar um volunt\u00e1rio, pode entrar em contato pelo WhatsApp (21)96927-9888 ou pelo e-mail <a href=\"mailto:vera.lopes@sefras.org.br\">vera.lopes@sefras.org.br<\/a>.<\/p>\n<hr \/>\n<p><em>Equipe de Comunica\u00e7\u00e3o Convento Santo Ant\u00f4nio do Largo da Carioca<\/em><\/p>\n","protected":false},"excerpt":{"rendered":"<p>A\u00e7\u00e3o Social Franciscana<\/p>\n","protected":false},"author":11,"featured_media":260625,"comment_status":"open","ping_status":"open","sticky":false,"template":"","format":"standard","meta":[],"categories":[1],"tags":[2346,228],"acf":[],"yoast_head":"<!-- This site is optimized with the Yoast SEO plugin v19.2 - https:\/\/yoast.com\/wordpress\/plugins\/seo\/ -->\n<title>Carne na brasa, p\u00e3o, queijo e muito carinho: Convento Santo Ant\u00f4nio acolhe 1\u00aa edi\u00e7\u00e3o carioca de Hamburgada na Rua - Not\u00edcias - Franciscanos<\/title>\n<meta name=\"robots\" content=\"index, follow, max-snippet:-1, max-image-preview:large, max-video-preview:-1\" \/>\n<link rel=\"canonical\" href=\"https:\/\/franciscanos.org.br\/noticias\/carne-na-brasa-pao-queijo-e-muito-carinho-convento-santo-antonio-acolhe-1a-edicao-carioca-de-hamburgada-na-rua.html\" \/>\n<meta property=\"og:locale\" content=\"pt_BR\" \/>\n<meta property=\"og:type\" content=\"article\" \/>\n<meta property=\"og:title\" content=\"Carne na brasa, p\u00e3o, queijo e muito carinho: Convento Santo Ant\u00f4nio acolhe 1\u00aa edi\u00e7\u00e3o carioca de Hamburgada na Rua - Not\u00edcias - Franciscanos\" \/>\n<meta property=\"og:description\" content=\"A\u00e7\u00e3o Social Franciscana\" \/>\n<meta property=\"og:url\" content=\"https:\/\/franciscanos.org.br\/noticias\/carne-na-brasa-pao-queijo-e-muito-carinho-convento-santo-antonio-acolhe-1a-edicao-carioca-de-hamburgada-na-rua.html\" \/>\n<meta property=\"og:site_name\" content=\"Not\u00edcias - Franciscanos\" \/>\n<meta property=\"article:published_time\" content=\"2025-09-30T11:07:33+00:00\" \/>\n<meta property=\"article:modified_time\" content=\"2025-09-30T11:43:28+00:00\" \/>\n<meta property=\"og:image\" content=\"https:\/\/franciscanos.org.br\/noticias\/wp-content\/uploads\/2025\/09\/chamada-49.jpg\" \/>\n\t<meta property=\"og:image:width\" content=\"800\" \/>\n\t<meta property=\"og:image:height\" content=\"550\" \/>\n\t<meta property=\"og:image:type\" content=\"image\/jpeg\" \/>\n<meta name=\"author\" content=\"Adriana Rabelo\" \/>\n<meta name=\"twitter:card\" content=\"summary_large_image\" \/>\n<meta name=\"twitter:label1\" content=\"Escrito por\" \/>\n\t<meta name=\"twitter:data1\" content=\"Adriana Rabelo\" \/>\n\t<meta name=\"twitter:label2\" content=\"Est. tempo de leitura\" \/>\n\t<meta name=\"twitter:data2\" content=\"2 minutos\" \/>\n<script type=\"application\/ld+json\" class=\"yoast-schema-graph\">{\"@context\":\"https:\/\/schema.org\",\"@graph\":[{\"@type\":\"WebSite\",\"@id\":\"https:\/\/franciscanos.org.br\/noticias\/#website\",\"url\":\"https:\/\/franciscanos.org.br\/noticias\/\",\"name\":\"Not\u00edcias - Franciscanos\",\"description\":\"Prov\u00edncia Franciscana da Imaculada Concei\u00e7\u00e3o do Brasil - Ordem dos Frades Menores - OFM\",\"potentialAction\":[{\"@type\":\"SearchAction\",\"target\":{\"@type\":\"EntryPoint\",\"urlTemplate\":\"https:\/\/franciscanos.org.br\/noticias\/?s={search_term_string}\"},\"query-input\":\"required name=search_term_string\"}],\"inLanguage\":\"pt-BR\"},{\"@type\":\"ImageObject\",\"inLanguage\":\"pt-BR\",\"@id\":\"https:\/\/franciscanos.org.br\/noticias\/carne-na-brasa-pao-queijo-e-muito-carinho-convento-santo-antonio-acolhe-1a-edicao-carioca-de-hamburgada-na-rua.html#primaryimage\",\"url\":\"https:\/\/franciscanos.org.br\/noticias\/wp-content\/uploads\/2025\/09\/chamada-49.jpg\",\"contentUrl\":\"https:\/\/franciscanos.org.br\/noticias\/wp-content\/uploads\/2025\/09\/chamada-49.jpg\",\"width\":800,\"height\":550},{\"@type\":\"WebPage\",\"@id\":\"https:\/\/franciscanos.org.br\/noticias\/carne-na-brasa-pao-queijo-e-muito-carinho-convento-santo-antonio-acolhe-1a-edicao-carioca-de-hamburgada-na-rua.html#webpage\",\"url\":\"https:\/\/franciscanos.org.br\/noticias\/carne-na-brasa-pao-queijo-e-muito-carinho-convento-santo-antonio-acolhe-1a-edicao-carioca-de-hamburgada-na-rua.html\",\"name\":\"Carne na brasa, p\u00e3o, queijo e muito carinho: Convento Santo Ant\u00f4nio acolhe 1\u00aa edi\u00e7\u00e3o carioca de Hamburgada na Rua - Not\u00edcias - Franciscanos\",\"isPartOf\":{\"@id\":\"https:\/\/franciscanos.org.br\/noticias\/#website\"},\"primaryImageOfPage\":{\"@id\":\"https:\/\/franciscanos.org.br\/noticias\/carne-na-brasa-pao-queijo-e-muito-carinho-convento-santo-antonio-acolhe-1a-edicao-carioca-de-hamburgada-na-rua.html#primaryimage\"},\"datePublished\":\"2025-09-30T11:07:33+00:00\",\"dateModified\":\"2025-09-30T11:43:28+00:00\",\"author\":{\"@id\":\"https:\/\/franciscanos.org.br\/noticias\/#\/schema\/person\/d9422e83121c3ad3b0f423d195f5bb25\"},\"breadcrumb\":{\"@id\":\"https:\/\/franciscanos.org.br\/noticias\/carne-na-brasa-pao-queijo-e-muito-carinho-convento-santo-antonio-acolhe-1a-edicao-carioca-de-hamburgada-na-rua.html#breadcrumb\"},\"inLanguage\":\"pt-BR\",\"potentialAction\":[{\"@type\":\"ReadAction\",\"target\":[\"https:\/\/franciscanos.org.br\/noticias\/carne-na-brasa-pao-queijo-e-muito-carinho-convento-santo-antonio-acolhe-1a-edicao-carioca-de-hamburgada-na-rua.html\"]}]},{\"@type\":\"BreadcrumbList\",\"@id\":\"https:\/\/franciscanos.org.br\/noticias\/carne-na-brasa-pao-queijo-e-muito-carinho-convento-santo-antonio-acolhe-1a-edicao-carioca-de-hamburgada-na-rua.html#breadcrumb\",\"itemListElement\":[{\"@type\":\"ListItem\",\"position\":1,\"name\":\"Home\",\"item\":\"https:\/\/franciscanos.org.br\/noticias\"},{\"@type\":\"ListItem\",\"position\":2,\"name\":\"Carne na brasa, p\u00e3o, queijo e muito carinho: Convento Santo Ant\u00f4nio acolhe 1\u00aa edi\u00e7\u00e3o carioca de Hamburgada na Rua\"}]},{\"@type\":\"Person\",\"@id\":\"https:\/\/franciscanos.org.br\/noticias\/#\/schema\/person\/d9422e83121c3ad3b0f423d195f5bb25\",\"name\":\"Adriana Rabelo\",\"image\":{\"@type\":\"ImageObject\",\"inLanguage\":\"pt-BR\",\"@id\":\"https:\/\/franciscanos.org.br\/noticias\/#\/schema\/person\/image\/\",\"url\":\"https:\/\/secure.gravatar.com\/avatar\/0a937b7500cd7df77540cfb8bede877d?s=96&d=mm&r=g\",\"contentUrl\":\"https:\/\/secure.gravatar.com\/avatar\/0a937b7500cd7df77540cfb8bede877d?s=96&d=mm&r=g\",\"caption\":\"Adriana Rabelo\"},\"url\":\"https:\/\/franciscanos.org.br\/noticias\/author\/adrianarabelo\"}]}<\/script>\n<!-- \/ Yoast SEO plugin. -->","yoast_head_json":{"title":"Carne na brasa, p\u00e3o, queijo e muito carinho: Convento Santo Ant\u00f4nio acolhe 1\u00aa edi\u00e7\u00e3o carioca de Hamburgada na Rua - Not\u00edcias - Franciscanos","robots":{"index":"index","follow":"follow","max-snippet":"max-snippet:-1","max-image-preview":"max-image-preview:large","max-video-preview":"max-video-preview:-1"},"canonical":"https:\/\/franciscanos.org.br\/noticias\/carne-na-brasa-pao-queijo-e-muito-carinho-convento-santo-antonio-acolhe-1a-edicao-carioca-de-hamburgada-na-rua.html","og_locale":"pt_BR","og_type":"article","og_title":"Carne na brasa, p\u00e3o, queijo e muito carinho: Convento Santo Ant\u00f4nio acolhe 1\u00aa edi\u00e7\u00e3o carioca de Hamburgada na Rua - Not\u00edcias - Franciscanos","og_description":"A\u00e7\u00e3o Social Franciscana","og_url":"https:\/\/franciscanos.org.br\/noticias\/carne-na-brasa-pao-queijo-e-muito-carinho-convento-santo-antonio-acolhe-1a-edicao-carioca-de-hamburgada-na-rua.html","og_site_name":"Not\u00edcias - Franciscanos","article_published_time":"2025-09-30T11:07:33+00:00","article_modified_time":"2025-09-30T11:43:28+00:00","og_image":[{"width":800,"height":550,"url":"https:\/\/franciscanos.org.br\/noticias\/wp-content\/uploads\/2025\/09\/chamada-49.jpg","type":"image\/jpeg"}],"author":"Adriana Rabelo","twitter_card":"summary_large_image","twitter_misc":{"Escrito por":"Adriana Rabelo","Est. tempo de leitura":"2 minutos"},"schema":{"@context":"https:\/\/schema.org","@graph":[{"@type":"WebSite","@id":"https:\/\/franciscanos.org.br\/noticias\/#website","url":"https:\/\/franciscanos.org.br\/noticias\/","name":"Not\u00edcias - Franciscanos","description":"Prov\u00edncia Franciscana da Imaculada Concei\u00e7\u00e3o do Brasil - Ordem dos Frades Menores - OFM","potentialAction":[{"@type":"SearchAction","target":{"@type":"EntryPoint","urlTemplate":"https:\/\/franciscanos.org.br\/noticias\/?s={search_term_string}"},"query-input":"required name=search_term_string"}],"inLanguage":"pt-BR"},{"@type":"ImageObject","inLanguage":"pt-BR","@id":"https:\/\/franciscanos.org.br\/noticias\/carne-na-brasa-pao-queijo-e-muito-carinho-convento-santo-antonio-acolhe-1a-edicao-carioca-de-hamburgada-na-rua.html#primaryimage","url":"https:\/\/franciscanos.org.br\/noticias\/wp-content\/uploads\/2025\/09\/chamada-49.jpg","contentUrl":"https:\/\/franciscanos.org.br\/noticias\/wp-content\/uploads\/2025\/09\/chamada-49.jpg","width":800,"height":550},{"@type":"WebPage","@id":"https:\/\/franciscanos.org.br\/noticias\/carne-na-brasa-pao-queijo-e-muito-carinho-convento-santo-antonio-acolhe-1a-edicao-carioca-de-hamburgada-na-rua.html#webpage","url":"https:\/\/franciscanos.org.br\/noticias\/carne-na-brasa-pao-queijo-e-muito-carinho-convento-santo-antonio-acolhe-1a-edicao-carioca-de-hamburgada-na-rua.html","name":"Carne na brasa, p\u00e3o, queijo e muito carinho: Convento Santo Ant\u00f4nio acolhe 1\u00aa edi\u00e7\u00e3o carioca de Hamburgada na Rua - Not\u00edcias - Franciscanos","isPartOf":{"@id":"https:\/\/franciscanos.org.br\/noticias\/#website"},"primaryImageOfPage":{"@id":"https:\/\/franciscanos.org.br\/noticias\/carne-na-brasa-pao-queijo-e-muito-carinho-convento-santo-antonio-acolhe-1a-edicao-carioca-de-hamburgada-na-rua.html#primaryimage"},"datePublished":"2025-09-30T11:07:33+00:00","dateModified":"2025-09-30T11:43:28+00:00","author":{"@id":"https:\/\/franciscanos.org.br\/noticias\/#\/schema\/person\/d9422e83121c3ad3b0f423d195f5bb25"},"breadcrumb":{"@id":"https:\/\/franciscanos.org.br\/noticias\/carne-na-brasa-pao-queijo-e-muito-carinho-convento-santo-antonio-acolhe-1a-edicao-carioca-de-hamburgada-na-rua.html#breadcrumb"},"inLanguage":"pt-BR","potentialAction":[{"@type":"ReadAction","target":["https:\/\/franciscanos.org.br\/noticias\/carne-na-brasa-pao-queijo-e-muito-carinho-convento-santo-antonio-acolhe-1a-edicao-carioca-de-hamburgada-na-rua.html"]}]},{"@type":"BreadcrumbList","@id":"https:\/\/franciscanos.org.br\/noticias\/carne-na-brasa-pao-queijo-e-muito-carinho-convento-santo-antonio-acolhe-1a-edicao-carioca-de-hamburgada-na-rua.html#breadcrumb","itemListElement":[{"@type":"ListItem","position":1,"name":"Home","item":"https:\/\/franciscanos.org.br\/noticias"},{"@type":"ListItem","position":2,"name":"Carne na brasa, p\u00e3o, queijo e muito carinho: Convento Santo Ant\u00f4nio acolhe 1\u00aa edi\u00e7\u00e3o carioca de Hamburgada na Rua"}]},{"@type":"Person","@id":"https:\/\/franciscanos.org.br\/noticias\/#\/schema\/person\/d9422e83121c3ad3b0f423d195f5bb25","name":"Adriana Rabelo","image":{"@type":"ImageObject","inLanguage":"pt-BR","@id":"https:\/\/franciscanos.org.br\/noticias\/#\/schema\/person\/image\/","url":"https:\/\/secure.gravatar.com\/avatar\/0a937b7500cd7df77540cfb8bede877d?s=96&d=mm&r=g","contentUrl":"https:\/\/secure.gravatar.com\/avatar\/0a937b7500cd7df77540cfb8bede877d?s=96&d=mm&r=g","caption":"Adriana Rabelo"},"url":"https:\/\/franciscanos.org.br\/noticias\/author\/adrianarabelo"}]}},"_links":{"self":[{"href":"https:\/\/franciscanos.org.br\/noticias\/wp-json\/wp\/v2\/posts\/260624"}],"collection":[{"href":"https:\/\/franciscanos.org.br\/noticias\/wp-json\/wp\/v2\/posts"}],"about":[{"href":"https:\/\/franciscanos.org.br\/noticias\/wp-json\/wp\/v2\/types\/post"}],"author":[{"embeddable":true,"href":"https:\/\/franciscanos.org.br\/noticias\/wp-json\/wp\/v2\/users\/11"}],"replies":[{"embeddable":true,"href":"https:\/\/franciscanos.org.br\/noticias\/wp-json\/wp\/v2\/comments?post=260624"}],"version-history":[{"count":1,"href":"https:\/\/franciscanos.org.br\/noticias\/wp-json\/wp\/v2\/posts\/260624\/revisions"}],"predecessor-version":[{"id":260635,"href":"https:\/\/franciscanos.org.br\/noticias\/wp-json\/wp\/v2\/posts\/260624\/revisions\/260635"}],"wp:featuredmedia":[{"embeddable":true,"href":"https:\/\/franciscanos.org.br\/noticias\/wp-json\/wp\/v2\/media\/260625"}],"wp:attachment":[{"href":"https:\/\/franciscanos.org.br\/noticias\/wp-json\/wp\/v2\/media?parent=260624"}],"wp:term":[{"taxonomy":"category","embeddable":true,"href":"https:\/\/franciscanos.org.br\/noticias\/wp-json\/wp\/v2\/categories?post=260624"},{"taxonomy":"post_tag","embeddable":true,"href":"https:\/\/franciscanos.org.br\/noticias\/wp-json\/wp\/v2\/tags?post=260624"}],"curies":[{"name":"wp","href":"https:\/\/api.w.org\/{rel}","templated":true}]}}